{"id":4467,"date":"2022-03-14T10:35:26","date_gmt":"2022-03-14T10:35:26","guid":{"rendered":"https:\/\/ecodef-ihedn.fr\/?p=4467"},"modified":"2022-03-30T07:44:02","modified_gmt":"2022-03-30T07:44:02","slug":"la-chaire-dans-les-medias","status":"publish","type":"post","link":"https:\/\/ecodef-ihedn.fr\/en\/la-chaire-dans-les-medias\/","title":{"rendered":"Conflict in Ukraine: the Chair in the media"},"content":{"rendered":"<p>The outbreak of the conflict in Ukraine has put defence issues at the centre of many concerns: <strong>European defence<\/strong>, dimensioning of the <strong>defence industry<\/strong> European, <strong>increase in military budgets<\/strong>, etc.<\/p>\n\n\n\n<p>The work carried out by the Chair sheds useful light on the situation, particularly from an economic perspective.<\/p>\n\n\n\n<div style=\"height:10px\" aria-hidden=\"true\" class=\"wp-block-spacer\"><\/div>\n\n\n\n<div class=\"wp-block-image\"><figure class=\"aligncenter size-medium is-resized\"><img loading=\"lazy\" decoding=\"async\" src=\"https:\/\/ecodef-ihedn.fr\/wp-content\/uploads\/2022\/03\/Medias-300x200.jpg\" alt=\"\" class=\"wp-image-4469\" width=\"353\" height=\"235\" srcset=\"https:\/\/ecodef-ihedn.fr\/wp-content\/uploads\/2022\/03\/Medias-300x200.jpg 300w, https:\/\/ecodef-ihedn.fr\/wp-content\/uploads\/2022\/03\/Medias-1024x683.jpg 1024w, https:\/\/ecodef-ihedn.fr\/wp-content\/uploads\/2022\/03\/Medias-768x512.jpg 768w, https:\/\/ecodef-ihedn.fr\/wp-content\/uploads\/2022\/03\/Medias-696x464.jpg 696w, https:\/\/ecodef-ihedn.fr\/wp-content\/uploads\/2022\/03\/Medias-1068x712.jpg 1068w, https:\/\/ecodef-ihedn.fr\/wp-content\/uploads\/2022\/03\/Medias-630x420.jpg 630w, https:\/\/ecodef-ihedn.fr\/wp-content\/uploads\/2022\/03\/Medias.jpg 1243w\" sizes=\"auto, (max-width: 353px) 100vw, 353px\" \/><\/figure><\/div>\n\n\n\n<div style=\"height:10px\" aria-hidden=\"true\" class=\"wp-block-spacer\"><\/div>\n\n\n\n<p>11 March : <strong>Julien Malizard<\/strong>, Deputy Chairholder, was invited to speak on <em><strong>France Culture<\/strong><\/em> to take part in the \u00abEntendez-vous l'\u00e9co\u00bb podcast, devoted to the question of \u00abthe arms industry at a time of war in Ukraine\u00bb.<\/p>\n\n\n\n<div class=\"wp-block-buttons is-layout-flex wp-block-buttons-is-layout-flex\">\n<div class=\"wp-block-button aligncenter has-custom-font-size has-regular-font-size td_btn_small\"><a class=\"wp-block-button__link\" href=\"https:\/\/www.franceculture.fr\/emissions\/entendez-vous-l-eco\/entendez-vous-l-eco-du-vendredi-11-mars-2022\" target=\"_blank\" rel=\"noreferrer noopener\">Listen to the show<\/a><\/div>\n<\/div>\n\n\n\n<div style=\"height:10px\" aria-hidden=\"true\" class=\"wp-block-spacer\"><\/div>\n\n\n\n<hr class=\"wp-block-separator is-style-wide\"\/>\n\n\n\n<p>11 March : <strong>Jean Belin<\/strong>, Chairholder, was the guest on the morning news programme of <em><strong>France Info<\/strong><\/em>. He spoke about the prospects for European defence in the context of the conflict in Ukraine (from 00:07:42). <\/p>\n\n\n\n<div class=\"wp-block-buttons is-layout-flex wp-block-buttons-is-layout-flex\">\n<div class=\"wp-block-button aligncenter has-custom-font-size has-regular-font-size td_btn_small\"><a class=\"wp-block-button__link\" href=\"https:\/\/www.francetvinfo.fr\/replay-jt\/franceinfo\/6h30-9h30\/7-heures\/jt-le-jt-de-la-matinale-de-franceinfo-vendredi-11-mars-2022_5004266.html\" target=\"_blank\" rel=\"noreferrer noopener\">Watch the interview<\/a><\/div>\n<\/div>\n\n\n\n<div style=\"height:10px\" aria-hidden=\"true\" class=\"wp-block-spacer\"><\/div>\n\n\n\n<hr class=\"wp-block-separator is-style-wide\"\/>\n\n\n\n<p>10 March: Analysis of <strong>Jean Belin<\/strong>, Chair, has been taken over by<strong> <em>Le Parisien<\/em><\/strong> in its economic decryption article \u00abDefence: undersized armies, industrial fabric, joint projects... does Europe have the resources to match its ambitions?.<\/p>\n\n\n\n<div class=\"wp-block-buttons is-layout-flex wp-block-buttons-is-layout-flex\">\n<div class=\"wp-block-button aligncenter has-custom-font-size has-regular-font-size td_btn_small\"><a class=\"wp-block-button__link\" href=\"https:\/\/www.leparisien.fr\/economie\/defense-armees-sous-dimensionnees-tissu-industriel-projets-communs-leurope-a-t-elle-les-moyens-de-ses-ambitions-10-03-2022-DTMXMW4JKNDPBBN5B4YOJ672KY.php\" target=\"_blank\" rel=\"noreferrer noopener\">Read the article (paying)<\/a><\/div>\n<\/div>\n\n\n\n<div style=\"height:10px\" aria-hidden=\"true\" class=\"wp-block-spacer\"><\/div>\n\n\n\n<hr class=\"wp-block-separator is-style-wide\"\/>\n\n\n\n<p>9 March: Work on the <strong>Josselin Droff<\/strong> and <strong>Julien Malizard<\/strong>, Researchers at the Chair, were quoted by <em><strong>La Tribune<\/strong><\/em> in the article \u00abExport or disappear: the dilemma facing the French defence industry\u00bb.\u00bb<\/p>\n\n\n\n<div class=\"wp-block-buttons is-layout-flex wp-block-buttons-is-layout-flex\">\n<div class=\"wp-block-button aligncenter has-custom-font-size has-regular-font-size td_btn_small\"><a class=\"wp-block-button__link\" href=\"https:\/\/www.latribune.fr\/opinions\/tribunes\/exporter-ou-disparaitre-le-dilemme-de-l-industrie-de-defense-francaise-905583.html\" target=\"_blank\" rel=\"noreferrer noopener\">Read the article (free)<\/a><\/div>\n\n\n\n<div class=\"wp-block-button aligncenter has-custom-font-size has-regular-font-size td_btn_small\"><a class=\"wp-block-button__link\" href=\"https:\/\/ecodef-ihedn.fr\/en\/les-exportations-darmes-francaises-en-chiffres-par-josselin-droff-et-julien-malizard\/\" target=\"_blank\" rel=\"noreferrer noopener\">Works cited in the article<\/a><\/div>\n<\/div>\n\n\n\n<p><\/p>","protected":false},"excerpt":{"rendered":"<p>Le d\u00e9clenchement du conflit en Ukraine a plac\u00e9 les questions de d\u00e9fense au centre de nombreuses pr\u00e9occupations : Europe de la d\u00e9fense, dimensionnement du tissu industriel de d\u00e9fense europ\u00e9en, hausse des budgets militaires, etc. Les travaux men\u00e9s par la Chaire apportent des \u00e9clairages utiles \u00e0 la bonne compr\u00e9hension de la situation, notamment sous l&rsquo;angle \u00e9conomique. [&hellip;]<\/p>\n","protected":false},"author":2,"featured_media":4469,"comment_status":"open","ping_status":"open","sticky":false,"template":"","format":"standard","meta":{"footnotes":""},"categories":[34,358],"tags":[211,162,375,47,534,156,469,535,38,437,287,202,86,533,532,468,536],"class_list":{"0":"post-4467","1":"post","2":"type-post","3":"status-publish","4":"format-standard","5":"has-post-thumbnail","7":"category-activites","8":"category-medias","9":"tag-bitd","10":"tag-chaire-economie-de-defense","11":"tag-defense-europeenne","12":"tag-economie-de-defense","13":"tag-entendez-vous-leco","14":"tag-europe-de-la-defense","15":"tag-france-culture","16":"tag-france-info","17":"tag-ihedn","18":"tag-investissements-de-defense","19":"tag-jean-belin","20":"tag-josselin-droff","21":"tag-julien-malizard","22":"tag-la-tribune","23":"tag-le-parisien","24":"tag-medias","25":"tag-ukraine"},"yoast_head":"<!-- This site is optimized with the Yoast SEO plugin v27.4 - https:\/\/yoast.com\/product\/yoast-seo-wordpress\/ -->\n<title>Conflit en Ukraine : la Chaire dans les m\u00e9dias - Chaire \u00c9conomie de d\u00e9fense - IHEDN<\/title>\n<meta name=\"robots\" content=\"index, follow, max-snippet:-1, max-image-preview:large, max-video-preview:-1\" \/>\n<link rel=\"canonical\" href=\"https:\/\/ecodef-ihedn.fr\/en\/la-chaire-dans-les-medias\/\" \/>\n<meta property=\"og:locale\" content=\"en_GB\" \/>\n<meta property=\"og:type\" content=\"article\" \/>\n<meta property=\"og:title\" content=\"Conflit en Ukraine : la Chaire dans les m\u00e9dias - Chaire \u00c9conomie de d\u00e9fense - IHEDN\" \/>\n<meta property=\"og:description\" content=\"Le d\u00e9clenchement du conflit en Ukraine a plac\u00e9 les questions de d\u00e9fense au centre de nombreuses pr\u00e9occupations : Europe de la d\u00e9fense, dimensionnement du tissu industriel de d\u00e9fense europ\u00e9en, hausse des budgets militaires, etc. Les travaux men\u00e9s par la Chaire apportent des \u00e9clairages utiles \u00e0 la bonne compr\u00e9hension de la situation, notamment sous l&rsquo;angle \u00e9conomique. [&hellip;]\" \/>\n<meta property=\"og:url\" content=\"https:\/\/ecodef-ihedn.fr\/en\/la-chaire-dans-les-medias\/\" \/>\n<meta property=\"og:site_name\" content=\"Chaire \u00c9conomie de d\u00e9fense - IHEDN\" \/>\n<meta property=\"article:published_time\" content=\"2022-03-14T10:35:26+00:00\" \/>\n<meta property=\"article:modified_time\" content=\"2022-03-30T07:44:02+00:00\" \/>\n<meta property=\"og:image\" content=\"https:\/\/ecodef-ihedn.fr\/wp-content\/uploads\/2022\/03\/Medias.jpg\" \/>\n\t<meta property=\"og:image:width\" content=\"1243\" \/>\n\t<meta property=\"og:image:height\" content=\"829\" \/>\n\t<meta property=\"og:image:type\" content=\"image\/jpeg\" \/>\n<meta name=\"author\" content=\"Bertrand Demandre\" \/>\n<meta name=\"twitter:card\" content=\"summary_large_image\" \/>\n<meta name=\"twitter:creator\" content=\"@Chaire_Ecodef\" \/>\n<meta name=\"twitter:site\" content=\"@Chaire_Ecodef\" \/>\n<meta name=\"twitter:label1\" content=\"Written by\" \/>\n\t<meta name=\"twitter:data1\" content=\"Bertrand Demandre\" \/>\n\t<meta name=\"twitter:label2\" content=\"Estimated reading time\" \/>\n\t<meta name=\"twitter:data2\" content=\"2 minutes\" \/>\n<script type=\"application\/ld+json\" class=\"yoast-schema-graph\">{\"@context\":\"https:\\\/\\\/schema.org\",\"@graph\":[{\"@type\":\"Article\",\"@id\":\"https:\\\/\\\/ecodef-ihedn.fr\\\/la-chaire-dans-les-medias\\\/#article\",\"isPartOf\":{\"@id\":\"https:\\\/\\\/ecodef-ihedn.fr\\\/la-chaire-dans-les-medias\\\/\"},\"author\":{\"name\":\"Bertrand Demandre\",\"@id\":\"https:\\\/\\\/ecodef-ihedn.fr\\\/#\\\/schema\\\/person\\\/1cdf22d028cebe278126a6e07a884d30\"},\"headline\":\"Conflit en Ukraine : la Chaire dans les m\u00e9dias\",\"datePublished\":\"2022-03-14T10:35:26+00:00\",\"dateModified\":\"2022-03-30T07:44:02+00:00\",\"mainEntityOfPage\":{\"@id\":\"https:\\\/\\\/ecodef-ihedn.fr\\\/la-chaire-dans-les-medias\\\/\"},\"wordCount\":246,\"commentCount\":0,\"publisher\":{\"@id\":\"https:\\\/\\\/ecodef-ihedn.fr\\\/#organization\"},\"image\":{\"@id\":\"https:\\\/\\\/ecodef-ihedn.fr\\\/la-chaire-dans-les-medias\\\/#primaryimage\"},\"thumbnailUrl\":\"https:\\\/\\\/ecodef-ihedn.fr\\\/wp-content\\\/uploads\\\/2022\\\/03\\\/Medias.jpg\",\"keywords\":[\"BITD\",\"chaire \u00e9conomie de d\u00e9fense\",\"d\u00e9fense europ\u00e9enne\",\"\u00e9conomie de d\u00e9fense\",\"Entendez-vous l&#039;\u00e9co\",\"Europe de la D\u00e9fense\",\"france culture\",\"France Info\",\"IHEDN\",\"investissements de d\u00e9fense\",\"Jean Belin\",\"Josselin Droff\",\"Julien Malizard\",\"La Tribune\",\"Le Parisien\",\"m\u00e9dias\",\"Ukraine\"],\"articleSection\":[\"Activit\u00e9s\",\"M\u00e9dias\"],\"inLanguage\":\"en-GB\",\"potentialAction\":[{\"@type\":\"CommentAction\",\"name\":\"Comment\",\"target\":[\"https:\\\/\\\/ecodef-ihedn.fr\\\/la-chaire-dans-les-medias\\\/#respond\"]}]},{\"@type\":\"WebPage\",\"@id\":\"https:\\\/\\\/ecodef-ihedn.fr\\\/la-chaire-dans-les-medias\\\/\",\"url\":\"https:\\\/\\\/ecodef-ihedn.fr\\\/la-chaire-dans-les-medias\\\/\",\"name\":\"Conflit en Ukraine : la Chaire dans les m\u00e9dias - Chaire \u00c9conomie de d\u00e9fense - IHEDN\",\"isPartOf\":{\"@id\":\"https:\\\/\\\/ecodef-ihedn.fr\\\/#website\"},\"primaryImageOfPage\":{\"@id\":\"https:\\\/\\\/ecodef-ihedn.fr\\\/la-chaire-dans-les-medias\\\/#primaryimage\"},\"image\":{\"@id\":\"https:\\\/\\\/ecodef-ihedn.fr\\\/la-chaire-dans-les-medias\\\/#primaryimage\"},\"thumbnailUrl\":\"https:\\\/\\\/ecodef-ihedn.fr\\\/wp-content\\\/uploads\\\/2022\\\/03\\\/Medias.jpg\",\"datePublished\":\"2022-03-14T10:35:26+00:00\",\"dateModified\":\"2022-03-30T07:44:02+00:00\",\"breadcrumb\":{\"@id\":\"https:\\\/\\\/ecodef-ihedn.fr\\\/la-chaire-dans-les-medias\\\/#breadcrumb\"},\"inLanguage\":\"en-GB\",\"potentialAction\":[{\"@type\":\"ReadAction\",\"target\":[\"https:\\\/\\\/ecodef-ihedn.fr\\\/la-chaire-dans-les-medias\\\/\"]}]},{\"@type\":\"ImageObject\",\"inLanguage\":\"en-GB\",\"@id\":\"https:\\\/\\\/ecodef-ihedn.fr\\\/la-chaire-dans-les-medias\\\/#primaryimage\",\"url\":\"https:\\\/\\\/ecodef-ihedn.fr\\\/wp-content\\\/uploads\\\/2022\\\/03\\\/Medias.jpg\",\"contentUrl\":\"https:\\\/\\\/ecodef-ihedn.fr\\\/wp-content\\\/uploads\\\/2022\\\/03\\\/Medias.jpg\",\"width\":1243,\"height\":829},{\"@type\":\"BreadcrumbList\",\"@id\":\"https:\\\/\\\/ecodef-ihedn.fr\\\/la-chaire-dans-les-medias\\\/#breadcrumb\",\"itemListElement\":[{\"@type\":\"ListItem\",\"position\":1,\"name\":\"Accueil\",\"item\":\"https:\\\/\\\/ecodef-ihedn.fr\\\/\"},{\"@type\":\"ListItem\",\"position\":2,\"name\":\"Conflit en Ukraine : la Chaire dans les m\u00e9dias\"}]},{\"@type\":\"WebSite\",\"@id\":\"https:\\\/\\\/ecodef-ihedn.fr\\\/#website\",\"url\":\"https:\\\/\\\/ecodef-ihedn.fr\\\/\",\"name\":\"Chaire \u00c9conomie de D\u00e9fense - IHEDN\",\"description\":\"Produire &amp; soutenir, f\u00e9d\u00e9rer &amp; diffuser, \u00eatre une interface\",\"publisher\":{\"@id\":\"https:\\\/\\\/ecodef-ihedn.fr\\\/#organization\"},\"potentialAction\":[{\"@type\":\"SearchAction\",\"target\":{\"@type\":\"EntryPoint\",\"urlTemplate\":\"https:\\\/\\\/ecodef-ihedn.fr\\\/?s={search_term_string}\"},\"query-input\":{\"@type\":\"PropertyValueSpecification\",\"valueRequired\":true,\"valueName\":\"search_term_string\"}}],\"inLanguage\":\"en-GB\"},{\"@type\":\"Organization\",\"@id\":\"https:\\\/\\\/ecodef-ihedn.fr\\\/#organization\",\"name\":\"Chaire \u00c9conomie de d\u00e9fense - IHEDN\",\"url\":\"https:\\\/\\\/ecodef-ihedn.fr\\\/\",\"logo\":{\"@type\":\"ImageObject\",\"inLanguage\":\"en-GB\",\"@id\":\"https:\\\/\\\/ecodef-ihedn.fr\\\/#\\\/schema\\\/logo\\\/image\\\/\",\"url\":\"https:\\\/\\\/ecodef-ihedn.fr\\\/wp-content\\\/uploads\\\/2020\\\/04\\\/logoEcodef9.jpg\",\"contentUrl\":\"https:\\\/\\\/ecodef-ihedn.fr\\\/wp-content\\\/uploads\\\/2020\\\/04\\\/logoEcodef9.jpg\",\"width\":410,\"height\":212,\"caption\":\"Chaire \u00c9conomie de d\u00e9fense - IHEDN\"},\"image\":{\"@id\":\"https:\\\/\\\/ecodef-ihedn.fr\\\/#\\\/schema\\\/logo\\\/image\\\/\"},\"sameAs\":[\"https:\\\/\\\/x.com\\\/Chaire_Ecodef\",\"https:\\\/\\\/www.linkedin.com\\\/company\\\/chaire-ecodef-ihedn\\\/\"]},{\"@type\":\"Person\",\"@id\":\"https:\\\/\\\/ecodef-ihedn.fr\\\/#\\\/schema\\\/person\\\/1cdf22d028cebe278126a6e07a884d30\",\"name\":\"Bertrand Demandre\",\"image\":{\"@type\":\"ImageObject\",\"inLanguage\":\"en-GB\",\"@id\":\"https:\\\/\\\/secure.gravatar.com\\\/avatar\\\/d9c9746d6c900ab5b9c0f9b1fa3932e369da923da247d624b8f7ab4ba8a3c093?s=96&d=mm&r=g\",\"url\":\"https:\\\/\\\/secure.gravatar.com\\\/avatar\\\/d9c9746d6c900ab5b9c0f9b1fa3932e369da923da247d624b8f7ab4ba8a3c093?s=96&d=mm&r=g\",\"contentUrl\":\"https:\\\/\\\/secure.gravatar.com\\\/avatar\\\/d9c9746d6c900ab5b9c0f9b1fa3932e369da923da247d624b8f7ab4ba8a3c093?s=96&d=mm&r=g\",\"caption\":\"Bertrand Demandre\"},\"url\":\"https:\\\/\\\/ecodef-ihedn.fr\\\/en\\\/author\\\/bertrand\\\/\"}]}<\/script>\n<!-- \/ Yoast SEO plugin. -->","yoast_head_json":{"title":"Conflit en Ukraine : la Chaire dans les m\u00e9dias - Chaire \u00c9conomie de d\u00e9fense - IHEDN","robots":{"index":"index","follow":"follow","max-snippet":"max-snippet:-1","max-image-preview":"max-image-preview:large","max-video-preview":"max-video-preview:-1"},"canonical":"https:\/\/ecodef-ihedn.fr\/en\/la-chaire-dans-les-medias\/","og_locale":"en_GB","og_type":"article","og_title":"Conflit en Ukraine : la Chaire dans les m\u00e9dias - Chaire \u00c9conomie de d\u00e9fense - IHEDN","og_description":"Le d\u00e9clenchement du conflit en Ukraine a plac\u00e9 les questions de d\u00e9fense au centre de nombreuses pr\u00e9occupations : Europe de la d\u00e9fense, dimensionnement du tissu industriel de d\u00e9fense europ\u00e9en, hausse des budgets militaires, etc. Les travaux men\u00e9s par la Chaire apportent des \u00e9clairages utiles \u00e0 la bonne compr\u00e9hension de la situation, notamment sous l&rsquo;angle \u00e9conomique. [&hellip;]","og_url":"https:\/\/ecodef-ihedn.fr\/en\/la-chaire-dans-les-medias\/","og_site_name":"Chaire \u00c9conomie de d\u00e9fense - IHEDN","article_published_time":"2022-03-14T10:35:26+00:00","article_modified_time":"2022-03-30T07:44:02+00:00","og_image":[{"width":1243,"height":829,"url":"https:\/\/ecodef-ihedn.fr\/wp-content\/uploads\/2022\/03\/Medias.jpg","type":"image\/jpeg"}],"author":"Bertrand Demandre","twitter_card":"summary_large_image","twitter_creator":"@Chaire_Ecodef","twitter_site":"@Chaire_Ecodef","twitter_misc":{"Written by":"Bertrand Demandre","Estimated reading time":"2 minutes"},"schema":{"@context":"https:\/\/schema.org","@graph":[{"@type":"Article","@id":"https:\/\/ecodef-ihedn.fr\/la-chaire-dans-les-medias\/#article","isPartOf":{"@id":"https:\/\/ecodef-ihedn.fr\/la-chaire-dans-les-medias\/"},"author":{"name":"Bertrand Demandre","@id":"https:\/\/ecodef-ihedn.fr\/#\/schema\/person\/1cdf22d028cebe278126a6e07a884d30"},"headline":"Conflit en Ukraine : la Chaire dans les m\u00e9dias","datePublished":"2022-03-14T10:35:26+00:00","dateModified":"2022-03-30T07:44:02+00:00","mainEntityOfPage":{"@id":"https:\/\/ecodef-ihedn.fr\/la-chaire-dans-les-medias\/"},"wordCount":246,"commentCount":0,"publisher":{"@id":"https:\/\/ecodef-ihedn.fr\/#organization"},"image":{"@id":"https:\/\/ecodef-ihedn.fr\/la-chaire-dans-les-medias\/#primaryimage"},"thumbnailUrl":"https:\/\/ecodef-ihedn.fr\/wp-content\/uploads\/2022\/03\/Medias.jpg","keywords":["BITD","chaire \u00e9conomie de d\u00e9fense","d\u00e9fense europ\u00e9enne","\u00e9conomie de d\u00e9fense","Entendez-vous l&#039;\u00e9co","Europe de la D\u00e9fense","france culture","France Info","IHEDN","investissements de d\u00e9fense","Jean Belin","Josselin Droff","Julien Malizard","La Tribune","Le Parisien","m\u00e9dias","Ukraine"],"articleSection":["Activit\u00e9s","M\u00e9dias"],"inLanguage":"en-GB","potentialAction":[{"@type":"CommentAction","name":"Comment","target":["https:\/\/ecodef-ihedn.fr\/la-chaire-dans-les-medias\/#respond"]}]},{"@type":"WebPage","@id":"https:\/\/ecodef-ihedn.fr\/la-chaire-dans-les-medias\/","url":"https:\/\/ecodef-ihedn.fr\/la-chaire-dans-les-medias\/","name":"Conflit en Ukraine : la Chaire dans les m\u00e9dias - Chaire \u00c9conomie de d\u00e9fense - IHEDN","isPartOf":{"@id":"https:\/\/ecodef-ihedn.fr\/#website"},"primaryImageOfPage":{"@id":"https:\/\/ecodef-ihedn.fr\/la-chaire-dans-les-medias\/#primaryimage"},"image":{"@id":"https:\/\/ecodef-ihedn.fr\/la-chaire-dans-les-medias\/#primaryimage"},"thumbnailUrl":"https:\/\/ecodef-ihedn.fr\/wp-content\/uploads\/2022\/03\/Medias.jpg","datePublished":"2022-03-14T10:35:26+00:00","dateModified":"2022-03-30T07:44:02+00:00","breadcrumb":{"@id":"https:\/\/ecodef-ihedn.fr\/la-chaire-dans-les-medias\/#breadcrumb"},"inLanguage":"en-GB","potentialAction":[{"@type":"ReadAction","target":["https:\/\/ecodef-ihedn.fr\/la-chaire-dans-les-medias\/"]}]},{"@type":"ImageObject","inLanguage":"en-GB","@id":"https:\/\/ecodef-ihedn.fr\/la-chaire-dans-les-medias\/#primaryimage","url":"https:\/\/ecodef-ihedn.fr\/wp-content\/uploads\/2022\/03\/Medias.jpg","contentUrl":"https:\/\/ecodef-ihedn.fr\/wp-content\/uploads\/2022\/03\/Medias.jpg","width":1243,"height":829},{"@type":"BreadcrumbList","@id":"https:\/\/ecodef-ihedn.fr\/la-chaire-dans-les-medias\/#breadcrumb","itemListElement":[{"@type":"ListItem","position":1,"name":"Accueil","item":"https:\/\/ecodef-ihedn.fr\/"},{"@type":"ListItem","position":2,"name":"Conflit en Ukraine : la Chaire dans les m\u00e9dias"}]},{"@type":"WebSite","@id":"https:\/\/ecodef-ihedn.fr\/#website","url":"https:\/\/ecodef-ihedn.fr\/","name":"Chair in Defence Economics - IHEDN","description":"Produce &amp; support, federate &amp; disseminate, act as an interface","publisher":{"@id":"https:\/\/ecodef-ihedn.fr\/#organization"},"potentialAction":[{"@type":"SearchAction","target":{"@type":"EntryPoint","urlTemplate":"https:\/\/ecodef-ihedn.fr\/?s={search_term_string}"},"query-input":{"@type":"PropertyValueSpecification","valueRequired":true,"valueName":"search_term_string"}}],"inLanguage":"en-GB"},{"@type":"Organization","@id":"https:\/\/ecodef-ihedn.fr\/#organization","name":"Chair in Defence Economics - IHEDN","url":"https:\/\/ecodef-ihedn.fr\/","logo":{"@type":"ImageObject","inLanguage":"en-GB","@id":"https:\/\/ecodef-ihedn.fr\/#\/schema\/logo\/image\/","url":"https:\/\/ecodef-ihedn.fr\/wp-content\/uploads\/2020\/04\/logoEcodef9.jpg","contentUrl":"https:\/\/ecodef-ihedn.fr\/wp-content\/uploads\/2020\/04\/logoEcodef9.jpg","width":410,"height":212,"caption":"Chaire \u00c9conomie de d\u00e9fense - IHEDN"},"image":{"@id":"https:\/\/ecodef-ihedn.fr\/#\/schema\/logo\/image\/"},"sameAs":["https:\/\/x.com\/Chaire_Ecodef","https:\/\/www.linkedin.com\/company\/chaire-ecodef-ihedn\/"]},{"@type":"Person","@id":"https:\/\/ecodef-ihedn.fr\/#\/schema\/person\/1cdf22d028cebe278126a6e07a884d30","name":"Bertrand Demandre","image":{"@type":"ImageObject","inLanguage":"en-GB","@id":"https:\/\/secure.gravatar.com\/avatar\/d9c9746d6c900ab5b9c0f9b1fa3932e369da923da247d624b8f7ab4ba8a3c093?s=96&d=mm&r=g","url":"https:\/\/secure.gravatar.com\/avatar\/d9c9746d6c900ab5b9c0f9b1fa3932e369da923da247d624b8f7ab4ba8a3c093?s=96&d=mm&r=g","contentUrl":"https:\/\/secure.gravatar.com\/avatar\/d9c9746d6c900ab5b9c0f9b1fa3932e369da923da247d624b8f7ab4ba8a3c093?s=96&d=mm&r=g","caption":"Bertrand Demandre"},"url":"https:\/\/ecodef-ihedn.fr\/en\/author\/bertrand\/"}]}},"_links":{"self":[{"href":"https:\/\/ecodef-ihedn.fr\/en\/wp-json\/wp\/v2\/posts\/4467","targetHints":{"allow":["GET"]}}],"collection":[{"href":"https:\/\/ecodef-ihedn.fr\/en\/wp-json\/wp\/v2\/posts"}],"about":[{"href":"https:\/\/ecodef-ihedn.fr\/en\/wp-json\/wp\/v2\/types\/post"}],"author":[{"embeddable":true,"href":"https:\/\/ecodef-ihedn.fr\/en\/wp-json\/wp\/v2\/users\/2"}],"replies":[{"embeddable":true,"href":"https:\/\/ecodef-ihedn.fr\/en\/wp-json\/wp\/v2\/comments?post=4467"}],"version-history":[{"count":5,"href":"https:\/\/ecodef-ihedn.fr\/en\/wp-json\/wp\/v2\/posts\/4467\/revisions"}],"predecessor-version":[{"id":4565,"href":"https:\/\/ecodef-ihedn.fr\/en\/wp-json\/wp\/v2\/posts\/4467\/revisions\/4565"}],"wp:featuredmedia":[{"embeddable":true,"href":"https:\/\/ecodef-ihedn.fr\/en\/wp-json\/wp\/v2\/media\/4469"}],"wp:attachment":[{"href":"https:\/\/ecodef-ihedn.fr\/en\/wp-json\/wp\/v2\/media?parent=4467"}],"wp:term":[{"taxonomy":"category","embeddable":true,"href":"https:\/\/ecodef-ihedn.fr\/en\/wp-json\/wp\/v2\/categories?post=4467"},{"taxonomy":"post_tag","embeddable":true,"href":"https:\/\/ecodef-ihedn.fr\/en\/wp-json\/wp\/v2\/tags?post=4467"}],"curies":[{"name":"wp","href":"https:\/\/api.w.org\/{rel}","templated":true}]}}