{"id":4500,"date":"2022-03-15T09:15:20","date_gmt":"2022-03-15T09:15:20","guid":{"rendered":"https:\/\/ecodef-ihedn.fr\/?p=4500"},"modified":"2022-03-15T09:37:23","modified_gmt":"2022-03-15T09:37:23","slug":"souverainete-economique-et-chaines-de-valeur-conference-de-paul-herault-a-lifri","status":"publish","type":"post","link":"https:\/\/ecodef-ihedn.fr\/en\/souverainete-economique-et-chaines-de-valeur-conference-de-paul-herault-a-lifri\/","title":{"rendered":"Economic sovereignty and value chains: conference by Paul H\u00e9rault at IFRI (28 March)"},"content":{"rendered":"<div class=\"wp-block-image\"><figure class=\"aligncenter size-full\"><img loading=\"lazy\" decoding=\"async\" width=\"160\" height=\"141\" src=\"https:\/\/ecodef-ihedn.fr\/wp-content\/uploads\/2022\/03\/logo-IFRI-1.png\" alt=\"\" class=\"wp-image-4505\"\/><\/figure><\/div>\n\n\n\n<div style=\"height:10px\" aria-hidden=\"true\" class=\"wp-block-spacer\"><\/div>\n\n\n\n<p><strong><em>Rehabilitating the production base and reducing vulnerability to the internationalisation of v<\/em><\/strong><em><strong>oor<\/strong><\/em>.<\/p>\n\n\n\n<p>It is on this theme that <strong>Paul H\u00e9rault<\/strong>, Associate researcher at the Chair and author of the study \u00ab\u00a0<a href=\"https:\/\/www.ifri.org\/sites\/default\/files\/atoms\/files\/herault_chaines_de_valeur_2021.pdf\" target=\"_blank\" rel=\"noreferrer noopener\">How can we strengthen our sovereignty in an era of global value chains?<\/a>\u00ab will be speaking on Monday 28 March at IFRI, as part of a conference with <strong>Philippe Logak<\/strong>, General Rapporteur to the Haut-Commissariat au Plan (5pm - 6.30pm).<\/p>\n\n\n\n<p>The health crisis was a stark reminder of certain risks associated with the globalisation of value chains and the de-industrialisation of France and Europe. Recent work by Ifri and the Haut-Commissariat au Plan (the French Planning Commission) aims to provide not only a diagnosis but also recommendations on the methodology to be adopted to identify and respond to the most critical external dependencies.<\/p>\n\n\n\n<p>In January 2022, the Haut-Commissariat au Plan published a <a href=\"http:\/\/www.gouvernement.fr\/medicaments-identifier-nos-vulnerabilites-pour-garantir-notre-independance\" target=\"_blank\" rel=\"noreferrer noopener\">report <\/a>on the identification of vulnerabilities in medicines and health products, and also suggested a&nbsp;<a href=\"http:\/\/www.gouvernement.fr\/reconquete-de-l-appareil-productif-la-bataille-du-commerce-exterieur\" target=\"_blank\" rel=\"noreferrer noopener\">method&nbsp;<\/a>based on a line-by-line analysis of detailed foreign trade figures, which could be used as the basis for a strategy to win back our production base.<\/p>\n\n\n\n<p>For his part, Paul H\u00e9rault suggests ways of better managing the risks associated with global value chains: identifying and mapping strategic value chains; assessing their criticality and defining the levers for securing them; and coordinating the roles of the various players: public and private, national and European.<\/p>\n\n\n\n<p>The discussion will be moderated by&nbsp;<strong>Alice Pannier<\/strong>, Head of the Geopolitics of Technology programme at IFRI.<\/p>\n\n\n\n<div class=\"wp-block-buttons is-layout-flex wp-block-buttons-is-layout-flex\">\n<div class=\"wp-block-button aligncenter\"><a class=\"wp-block-button__link\" href=\"\" target=\"_blank\" rel=\"noreferrer noopener\">Registration on the IFRI website<\/a><\/div>\n<\/div>","protected":false},"excerpt":{"rendered":"<p>Reconqu\u00e9rir l\u2019appareil productif et r\u00e9duire les vuln\u00e9rabilit\u00e9s face \u00e0 l\u2019internationalisation des cha\u00eenes de valeur. C&rsquo;est sur ce th\u00e8me que Paul H\u00e9rault, Chercheur associ\u00e9 \u00e0 la Chaire et auteur de l\u2019\u00e9tude \u00ab\u00a0Comment renforcer la souverainet\u00e9 \u00e0 l\u2019heure des cha\u00eenes de valeur mondiales ?\u00ab\u00a0, s&rsquo;exprimera lundi 28 mars \u00e0 l&rsquo;IFRI, dans le cadre d&rsquo;une conf\u00e9rence avec Philippe [&hellip;]<\/p>\n","protected":false},"author":2,"featured_media":4503,"comment_status":"open","ping_status":"open","sticky":false,"template":"","format":"standard","meta":{"footnotes":""},"categories":[34,360],"tags":[540,538,541,539,537,542,314],"class_list":{"0":"post-4500","1":"post","2":"type-post","3":"status-publish","4":"format-standard","5":"has-post-thumbnail","7":"category-activites","8":"category-actualites-du-reseau","9":"tag-alice-pannier","10":"tag-chaine-de-valeur","11":"tag-haut-commissariat-au-plan","12":"tag-ifri","13":"tag-paul-herault","14":"tag-philippe-logak","15":"tag-souverainete"},"yoast_head":"<!-- This site is optimized with the Yoast SEO plugin v27.4 - https:\/\/yoast.com\/product\/yoast-seo-wordpress\/ -->\n<title>Souverainet\u00e9 \u00e9conomique et cha\u00eenes de valeur : conf\u00e9rence de Paul H\u00e9rault \u00e0 l&#039;IFRI (28 mars) - Chaire \u00c9conomie de d\u00e9fense - IHEDN<\/title>\n<meta name=\"robots\" content=\"index, follow, max-snippet:-1, max-image-preview:large, max-video-preview:-1\" \/>\n<link rel=\"canonical\" href=\"https:\/\/ecodef-ihedn.fr\/en\/souverainete-economique-et-chaines-de-valeur-conference-de-paul-herault-a-lifri\/\" \/>\n<meta property=\"og:locale\" content=\"en_GB\" \/>\n<meta property=\"og:type\" content=\"article\" \/>\n<meta property=\"og:title\" content=\"Souverainet\u00e9 \u00e9conomique et cha\u00eenes de valeur : conf\u00e9rence de Paul H\u00e9rault \u00e0 l&#039;IFRI (28 mars) - Chaire \u00c9conomie de d\u00e9fense - IHEDN\" \/>\n<meta property=\"og:description\" content=\"Reconqu\u00e9rir l\u2019appareil productif et r\u00e9duire les vuln\u00e9rabilit\u00e9s face \u00e0 l\u2019internationalisation des cha\u00eenes de valeur. C&rsquo;est sur ce th\u00e8me que Paul H\u00e9rault, Chercheur associ\u00e9 \u00e0 la Chaire et auteur de l\u2019\u00e9tude \u00ab\u00a0Comment renforcer la souverainet\u00e9 \u00e0 l\u2019heure des cha\u00eenes de valeur mondiales ?\u00ab\u00a0, s&rsquo;exprimera lundi 28 mars \u00e0 l&rsquo;IFRI, dans le cadre d&rsquo;une conf\u00e9rence avec Philippe [&hellip;]\" \/>\n<meta property=\"og:url\" content=\"https:\/\/ecodef-ihedn.fr\/en\/souverainete-economique-et-chaines-de-valeur-conference-de-paul-herault-a-lifri\/\" \/>\n<meta property=\"og:site_name\" content=\"Chaire \u00c9conomie de d\u00e9fense - IHEDN\" \/>\n<meta property=\"article:published_time\" content=\"2022-03-15T09:15:20+00:00\" \/>\n<meta property=\"article:modified_time\" content=\"2022-03-15T09:37:23+00:00\" \/>\n<meta property=\"og:image\" content=\"https:\/\/ecodef-ihedn.fr\/wp-content\/uploads\/2022\/03\/Bourges-40.002-scaled.jpg\" \/>\n\t<meta property=\"og:image:width\" content=\"2560\" \/>\n\t<meta property=\"og:image:height\" content=\"1707\" \/>\n\t<meta property=\"og:image:type\" content=\"image\/jpeg\" \/>\n<meta name=\"author\" content=\"Bertrand Demandre\" \/>\n<meta name=\"twitter:card\" content=\"summary_large_image\" \/>\n<meta name=\"twitter:creator\" content=\"@Chaire_Ecodef\" \/>\n<meta name=\"twitter:site\" content=\"@Chaire_Ecodef\" \/>\n<meta name=\"twitter:label1\" content=\"Written by\" \/>\n\t<meta name=\"twitter:data1\" content=\"Bertrand Demandre\" \/>\n\t<meta name=\"twitter:label2\" content=\"Estimated reading time\" \/>\n\t<meta name=\"twitter:data2\" content=\"2 minutes\" \/>\n<script type=\"application\/ld+json\" class=\"yoast-schema-graph\">{\"@context\":\"https:\\\/\\\/schema.org\",\"@graph\":[{\"@type\":\"Article\",\"@id\":\"https:\\\/\\\/ecodef-ihedn.fr\\\/souverainete-economique-et-chaines-de-valeur-conference-de-paul-herault-a-lifri\\\/#article\",\"isPartOf\":{\"@id\":\"https:\\\/\\\/ecodef-ihedn.fr\\\/souverainete-economique-et-chaines-de-valeur-conference-de-paul-herault-a-lifri\\\/\"},\"author\":{\"name\":\"Bertrand Demandre\",\"@id\":\"https:\\\/\\\/ecodef-ihedn.fr\\\/#\\\/schema\\\/person\\\/1cdf22d028cebe278126a6e07a884d30\"},\"headline\":\"Souverainet\u00e9 \u00e9conomique et cha\u00eenes de valeur : conf\u00e9rence de Paul H\u00e9rault \u00e0 l&rsquo;IFRI (28 mars)\",\"datePublished\":\"2022-03-15T09:15:20+00:00\",\"dateModified\":\"2022-03-15T09:37:23+00:00\",\"mainEntityOfPage\":{\"@id\":\"https:\\\/\\\/ecodef-ihedn.fr\\\/souverainete-economique-et-chaines-de-valeur-conference-de-paul-herault-a-lifri\\\/\"},\"wordCount\":335,\"commentCount\":0,\"publisher\":{\"@id\":\"https:\\\/\\\/ecodef-ihedn.fr\\\/#organization\"},\"image\":{\"@id\":\"https:\\\/\\\/ecodef-ihedn.fr\\\/souverainete-economique-et-chaines-de-valeur-conference-de-paul-herault-a-lifri\\\/#primaryimage\"},\"thumbnailUrl\":\"https:\\\/\\\/ecodef-ihedn.fr\\\/wp-content\\\/uploads\\\/2022\\\/03\\\/Bourges-40.002-scaled.jpg\",\"keywords\":[\"Alice Pannier\",\"cha\u00eene de valeur\",\"Haut-Commissariat\u00a0au Plan\",\"IFRI\",\"Paul H\u00e9rault\",\"Philippe Logak\",\"souverainet\u00e9\"],\"articleSection\":[\"Activit\u00e9s\",\"Actualit\u00e9s du r\u00e9seau\"],\"inLanguage\":\"en-GB\",\"potentialAction\":[{\"@type\":\"CommentAction\",\"name\":\"Comment\",\"target\":[\"https:\\\/\\\/ecodef-ihedn.fr\\\/souverainete-economique-et-chaines-de-valeur-conference-de-paul-herault-a-lifri\\\/#respond\"]}]},{\"@type\":\"WebPage\",\"@id\":\"https:\\\/\\\/ecodef-ihedn.fr\\\/souverainete-economique-et-chaines-de-valeur-conference-de-paul-herault-a-lifri\\\/\",\"url\":\"https:\\\/\\\/ecodef-ihedn.fr\\\/souverainete-economique-et-chaines-de-valeur-conference-de-paul-herault-a-lifri\\\/\",\"name\":\"Souverainet\u00e9 \u00e9conomique et cha\u00eenes de valeur : conf\u00e9rence de Paul H\u00e9rault \u00e0 l'IFRI (28 mars) - Chaire \u00c9conomie de d\u00e9fense - IHEDN\",\"isPartOf\":{\"@id\":\"https:\\\/\\\/ecodef-ihedn.fr\\\/#website\"},\"primaryImageOfPage\":{\"@id\":\"https:\\\/\\\/ecodef-ihedn.fr\\\/souverainete-economique-et-chaines-de-valeur-conference-de-paul-herault-a-lifri\\\/#primaryimage\"},\"image\":{\"@id\":\"https:\\\/\\\/ecodef-ihedn.fr\\\/souverainete-economique-et-chaines-de-valeur-conference-de-paul-herault-a-lifri\\\/#primaryimage\"},\"thumbnailUrl\":\"https:\\\/\\\/ecodef-ihedn.fr\\\/wp-content\\\/uploads\\\/2022\\\/03\\\/Bourges-40.002-scaled.jpg\",\"datePublished\":\"2022-03-15T09:15:20+00:00\",\"dateModified\":\"2022-03-15T09:37:23+00:00\",\"breadcrumb\":{\"@id\":\"https:\\\/\\\/ecodef-ihedn.fr\\\/souverainete-economique-et-chaines-de-valeur-conference-de-paul-herault-a-lifri\\\/#breadcrumb\"},\"inLanguage\":\"en-GB\",\"potentialAction\":[{\"@type\":\"ReadAction\",\"target\":[\"https:\\\/\\\/ecodef-ihedn.fr\\\/souverainete-economique-et-chaines-de-valeur-conference-de-paul-herault-a-lifri\\\/\"]}]},{\"@type\":\"ImageObject\",\"inLanguage\":\"en-GB\",\"@id\":\"https:\\\/\\\/ecodef-ihedn.fr\\\/souverainete-economique-et-chaines-de-valeur-conference-de-paul-herault-a-lifri\\\/#primaryimage\",\"url\":\"https:\\\/\\\/ecodef-ihedn.fr\\\/wp-content\\\/uploads\\\/2022\\\/03\\\/Bourges-40.002-scaled.jpg\",\"contentUrl\":\"https:\\\/\\\/ecodef-ihedn.fr\\\/wp-content\\\/uploads\\\/2022\\\/03\\\/Bourges-40.002-scaled.jpg\",\"width\":2560,\"height\":1707,\"caption\":\"Credits: MBDA\"},{\"@type\":\"BreadcrumbList\",\"@id\":\"https:\\\/\\\/ecodef-ihedn.fr\\\/souverainete-economique-et-chaines-de-valeur-conference-de-paul-herault-a-lifri\\\/#breadcrumb\",\"itemListElement\":[{\"@type\":\"ListItem\",\"position\":1,\"name\":\"Accueil\",\"item\":\"https:\\\/\\\/ecodef-ihedn.fr\\\/\"},{\"@type\":\"ListItem\",\"position\":2,\"name\":\"Souverainet\u00e9 \u00e9conomique et cha\u00eenes de valeur : conf\u00e9rence de Paul H\u00e9rault \u00e0 l&#8217;IFRI (28 mars)\"}]},{\"@type\":\"WebSite\",\"@id\":\"https:\\\/\\\/ecodef-ihedn.fr\\\/#website\",\"url\":\"https:\\\/\\\/ecodef-ihedn.fr\\\/\",\"name\":\"Chaire \u00c9conomie de D\u00e9fense - IHEDN\",\"description\":\"Produire &amp; soutenir, f\u00e9d\u00e9rer &amp; diffuser, \u00eatre une interface\",\"publisher\":{\"@id\":\"https:\\\/\\\/ecodef-ihedn.fr\\\/#organization\"},\"potentialAction\":[{\"@type\":\"SearchAction\",\"target\":{\"@type\":\"EntryPoint\",\"urlTemplate\":\"https:\\\/\\\/ecodef-ihedn.fr\\\/?s={search_term_string}\"},\"query-input\":{\"@type\":\"PropertyValueSpecification\",\"valueRequired\":true,\"valueName\":\"search_term_string\"}}],\"inLanguage\":\"en-GB\"},{\"@type\":\"Organization\",\"@id\":\"https:\\\/\\\/ecodef-ihedn.fr\\\/#organization\",\"name\":\"Chaire \u00c9conomie de d\u00e9fense - IHEDN\",\"url\":\"https:\\\/\\\/ecodef-ihedn.fr\\\/\",\"logo\":{\"@type\":\"ImageObject\",\"inLanguage\":\"en-GB\",\"@id\":\"https:\\\/\\\/ecodef-ihedn.fr\\\/#\\\/schema\\\/logo\\\/image\\\/\",\"url\":\"https:\\\/\\\/ecodef-ihedn.fr\\\/wp-content\\\/uploads\\\/2020\\\/04\\\/logoEcodef9.jpg\",\"contentUrl\":\"https:\\\/\\\/ecodef-ihedn.fr\\\/wp-content\\\/uploads\\\/2020\\\/04\\\/logoEcodef9.jpg\",\"width\":410,\"height\":212,\"caption\":\"Chaire \u00c9conomie de d\u00e9fense - IHEDN\"},\"image\":{\"@id\":\"https:\\\/\\\/ecodef-ihedn.fr\\\/#\\\/schema\\\/logo\\\/image\\\/\"},\"sameAs\":[\"https:\\\/\\\/x.com\\\/Chaire_Ecodef\",\"https:\\\/\\\/www.linkedin.com\\\/company\\\/chaire-ecodef-ihedn\\\/\"]},{\"@type\":\"Person\",\"@id\":\"https:\\\/\\\/ecodef-ihedn.fr\\\/#\\\/schema\\\/person\\\/1cdf22d028cebe278126a6e07a884d30\",\"name\":\"Bertrand Demandre\",\"image\":{\"@type\":\"ImageObject\",\"inLanguage\":\"en-GB\",\"@id\":\"https:\\\/\\\/secure.gravatar.com\\\/avatar\\\/d9c9746d6c900ab5b9c0f9b1fa3932e369da923da247d624b8f7ab4ba8a3c093?s=96&d=mm&r=g\",\"url\":\"https:\\\/\\\/secure.gravatar.com\\\/avatar\\\/d9c9746d6c900ab5b9c0f9b1fa3932e369da923da247d624b8f7ab4ba8a3c093?s=96&d=mm&r=g\",\"contentUrl\":\"https:\\\/\\\/secure.gravatar.com\\\/avatar\\\/d9c9746d6c900ab5b9c0f9b1fa3932e369da923da247d624b8f7ab4ba8a3c093?s=96&d=mm&r=g\",\"caption\":\"Bertrand Demandre\"},\"url\":\"https:\\\/\\\/ecodef-ihedn.fr\\\/en\\\/author\\\/bertrand\\\/\"}]}<\/script>\n<!-- \/ Yoast SEO plugin. -->","yoast_head_json":{"title":"Souverainet\u00e9 \u00e9conomique et cha\u00eenes de valeur : conf\u00e9rence de Paul H\u00e9rault \u00e0 l'IFRI (28 mars) - Chaire \u00c9conomie de d\u00e9fense - IHEDN","robots":{"index":"index","follow":"follow","max-snippet":"max-snippet:-1","max-image-preview":"max-image-preview:large","max-video-preview":"max-video-preview:-1"},"canonical":"https:\/\/ecodef-ihedn.fr\/en\/souverainete-economique-et-chaines-de-valeur-conference-de-paul-herault-a-lifri\/","og_locale":"en_GB","og_type":"article","og_title":"Souverainet\u00e9 \u00e9conomique et cha\u00eenes de valeur : conf\u00e9rence de Paul H\u00e9rault \u00e0 l'IFRI (28 mars) - Chaire \u00c9conomie de d\u00e9fense - IHEDN","og_description":"Reconqu\u00e9rir l\u2019appareil productif et r\u00e9duire les vuln\u00e9rabilit\u00e9s face \u00e0 l\u2019internationalisation des cha\u00eenes de valeur. C&rsquo;est sur ce th\u00e8me que Paul H\u00e9rault, Chercheur associ\u00e9 \u00e0 la Chaire et auteur de l\u2019\u00e9tude \u00ab\u00a0Comment renforcer la souverainet\u00e9 \u00e0 l\u2019heure des cha\u00eenes de valeur mondiales ?\u00ab\u00a0, s&rsquo;exprimera lundi 28 mars \u00e0 l&rsquo;IFRI, dans le cadre d&rsquo;une conf\u00e9rence avec Philippe [&hellip;]","og_url":"https:\/\/ecodef-ihedn.fr\/en\/souverainete-economique-et-chaines-de-valeur-conference-de-paul-herault-a-lifri\/","og_site_name":"Chaire \u00c9conomie de d\u00e9fense - IHEDN","article_published_time":"2022-03-15T09:15:20+00:00","article_modified_time":"2022-03-15T09:37:23+00:00","og_image":[{"width":2560,"height":1707,"url":"https:\/\/ecodef-ihedn.fr\/wp-content\/uploads\/2022\/03\/Bourges-40.002-scaled.jpg","type":"image\/jpeg"}],"author":"Bertrand Demandre","twitter_card":"summary_large_image","twitter_creator":"@Chaire_Ecodef","twitter_site":"@Chaire_Ecodef","twitter_misc":{"Written by":"Bertrand Demandre","Estimated reading time":"2 minutes"},"schema":{"@context":"https:\/\/schema.org","@graph":[{"@type":"Article","@id":"https:\/\/ecodef-ihedn.fr\/souverainete-economique-et-chaines-de-valeur-conference-de-paul-herault-a-lifri\/#article","isPartOf":{"@id":"https:\/\/ecodef-ihedn.fr\/souverainete-economique-et-chaines-de-valeur-conference-de-paul-herault-a-lifri\/"},"author":{"name":"Bertrand Demandre","@id":"https:\/\/ecodef-ihedn.fr\/#\/schema\/person\/1cdf22d028cebe278126a6e07a884d30"},"headline":"Souverainet\u00e9 \u00e9conomique et cha\u00eenes de valeur : conf\u00e9rence de Paul H\u00e9rault \u00e0 l&rsquo;IFRI (28 mars)","datePublished":"2022-03-15T09:15:20+00:00","dateModified":"2022-03-15T09:37:23+00:00","mainEntityOfPage":{"@id":"https:\/\/ecodef-ihedn.fr\/souverainete-economique-et-chaines-de-valeur-conference-de-paul-herault-a-lifri\/"},"wordCount":335,"commentCount":0,"publisher":{"@id":"https:\/\/ecodef-ihedn.fr\/#organization"},"image":{"@id":"https:\/\/ecodef-ihedn.fr\/souverainete-economique-et-chaines-de-valeur-conference-de-paul-herault-a-lifri\/#primaryimage"},"thumbnailUrl":"https:\/\/ecodef-ihedn.fr\/wp-content\/uploads\/2022\/03\/Bourges-40.002-scaled.jpg","keywords":["Alice Pannier","cha\u00eene de valeur","Haut-Commissariat\u00a0au Plan","IFRI","Paul H\u00e9rault","Philippe Logak","souverainet\u00e9"],"articleSection":["Activit\u00e9s","Actualit\u00e9s du r\u00e9seau"],"inLanguage":"en-GB","potentialAction":[{"@type":"CommentAction","name":"Comment","target":["https:\/\/ecodef-ihedn.fr\/souverainete-economique-et-chaines-de-valeur-conference-de-paul-herault-a-lifri\/#respond"]}]},{"@type":"WebPage","@id":"https:\/\/ecodef-ihedn.fr\/souverainete-economique-et-chaines-de-valeur-conference-de-paul-herault-a-lifri\/","url":"https:\/\/ecodef-ihedn.fr\/souverainete-economique-et-chaines-de-valeur-conference-de-paul-herault-a-lifri\/","name":"Souverainet\u00e9 \u00e9conomique et cha\u00eenes de valeur : conf\u00e9rence de Paul H\u00e9rault \u00e0 l'IFRI (28 mars) - Chaire \u00c9conomie de d\u00e9fense - IHEDN","isPartOf":{"@id":"https:\/\/ecodef-ihedn.fr\/#website"},"primaryImageOfPage":{"@id":"https:\/\/ecodef-ihedn.fr\/souverainete-economique-et-chaines-de-valeur-conference-de-paul-herault-a-lifri\/#primaryimage"},"image":{"@id":"https:\/\/ecodef-ihedn.fr\/souverainete-economique-et-chaines-de-valeur-conference-de-paul-herault-a-lifri\/#primaryimage"},"thumbnailUrl":"https:\/\/ecodef-ihedn.fr\/wp-content\/uploads\/2022\/03\/Bourges-40.002-scaled.jpg","datePublished":"2022-03-15T09:15:20+00:00","dateModified":"2022-03-15T09:37:23+00:00","breadcrumb":{"@id":"https:\/\/ecodef-ihedn.fr\/souverainete-economique-et-chaines-de-valeur-conference-de-paul-herault-a-lifri\/#breadcrumb"},"inLanguage":"en-GB","potentialAction":[{"@type":"ReadAction","target":["https:\/\/ecodef-ihedn.fr\/souverainete-economique-et-chaines-de-valeur-conference-de-paul-herault-a-lifri\/"]}]},{"@type":"ImageObject","inLanguage":"en-GB","@id":"https:\/\/ecodef-ihedn.fr\/souverainete-economique-et-chaines-de-valeur-conference-de-paul-herault-a-lifri\/#primaryimage","url":"https:\/\/ecodef-ihedn.fr\/wp-content\/uploads\/2022\/03\/Bourges-40.002-scaled.jpg","contentUrl":"https:\/\/ecodef-ihedn.fr\/wp-content\/uploads\/2022\/03\/Bourges-40.002-scaled.jpg","width":2560,"height":1707,"caption":"Credits: MBDA"},{"@type":"BreadcrumbList","@id":"https:\/\/ecodef-ihedn.fr\/souverainete-economique-et-chaines-de-valeur-conference-de-paul-herault-a-lifri\/#breadcrumb","itemListElement":[{"@type":"ListItem","position":1,"name":"Accueil","item":"https:\/\/ecodef-ihedn.fr\/"},{"@type":"ListItem","position":2,"name":"Souverainet\u00e9 \u00e9conomique et cha\u00eenes de valeur : conf\u00e9rence de Paul H\u00e9rault \u00e0 l&#8217;IFRI (28 mars)"}]},{"@type":"WebSite","@id":"https:\/\/ecodef-ihedn.fr\/#website","url":"https:\/\/ecodef-ihedn.fr\/","name":"Chair in Defence Economics - IHEDN","description":"Produce &amp; support, federate &amp; disseminate, act as an interface","publisher":{"@id":"https:\/\/ecodef-ihedn.fr\/#organization"},"potentialAction":[{"@type":"SearchAction","target":{"@type":"EntryPoint","urlTemplate":"https:\/\/ecodef-ihedn.fr\/?s={search_term_string}"},"query-input":{"@type":"PropertyValueSpecification","valueRequired":true,"valueName":"search_term_string"}}],"inLanguage":"en-GB"},{"@type":"Organization","@id":"https:\/\/ecodef-ihedn.fr\/#organization","name":"Chair in Defence Economics - IHEDN","url":"https:\/\/ecodef-ihedn.fr\/","logo":{"@type":"ImageObject","inLanguage":"en-GB","@id":"https:\/\/ecodef-ihedn.fr\/#\/schema\/logo\/image\/","url":"https:\/\/ecodef-ihedn.fr\/wp-content\/uploads\/2020\/04\/logoEcodef9.jpg","contentUrl":"https:\/\/ecodef-ihedn.fr\/wp-content\/uploads\/2020\/04\/logoEcodef9.jpg","width":410,"height":212,"caption":"Chaire \u00c9conomie de d\u00e9fense - IHEDN"},"image":{"@id":"https:\/\/ecodef-ihedn.fr\/#\/schema\/logo\/image\/"},"sameAs":["https:\/\/x.com\/Chaire_Ecodef","https:\/\/www.linkedin.com\/company\/chaire-ecodef-ihedn\/"]},{"@type":"Person","@id":"https:\/\/ecodef-ihedn.fr\/#\/schema\/person\/1cdf22d028cebe278126a6e07a884d30","name":"Bertrand Demandre","image":{"@type":"ImageObject","inLanguage":"en-GB","@id":"https:\/\/secure.gravatar.com\/avatar\/d9c9746d6c900ab5b9c0f9b1fa3932e369da923da247d624b8f7ab4ba8a3c093?s=96&d=mm&r=g","url":"https:\/\/secure.gravatar.com\/avatar\/d9c9746d6c900ab5b9c0f9b1fa3932e369da923da247d624b8f7ab4ba8a3c093?s=96&d=mm&r=g","contentUrl":"https:\/\/secure.gravatar.com\/avatar\/d9c9746d6c900ab5b9c0f9b1fa3932e369da923da247d624b8f7ab4ba8a3c093?s=96&d=mm&r=g","caption":"Bertrand Demandre"},"url":"https:\/\/ecodef-ihedn.fr\/en\/author\/bertrand\/"}]}},"_links":{"self":[{"href":"https:\/\/ecodef-ihedn.fr\/en\/wp-json\/wp\/v2\/posts\/4500","targetHints":{"allow":["GET"]}}],"collection":[{"href":"https:\/\/ecodef-ihedn.fr\/en\/wp-json\/wp\/v2\/posts"}],"about":[{"href":"https:\/\/ecodef-ihedn.fr\/en\/wp-json\/wp\/v2\/types\/post"}],"author":[{"embeddable":true,"href":"https:\/\/ecodef-ihedn.fr\/en\/wp-json\/wp\/v2\/users\/2"}],"replies":[{"embeddable":true,"href":"https:\/\/ecodef-ihedn.fr\/en\/wp-json\/wp\/v2\/comments?post=4500"}],"version-history":[{"count":3,"href":"https:\/\/ecodef-ihedn.fr\/en\/wp-json\/wp\/v2\/posts\/4500\/revisions"}],"predecessor-version":[{"id":4513,"href":"https:\/\/ecodef-ihedn.fr\/en\/wp-json\/wp\/v2\/posts\/4500\/revisions\/4513"}],"wp:featuredmedia":[{"embeddable":true,"href":"https:\/\/ecodef-ihedn.fr\/en\/wp-json\/wp\/v2\/media\/4503"}],"wp:attachment":[{"href":"https:\/\/ecodef-ihedn.fr\/en\/wp-json\/wp\/v2\/media?parent=4500"}],"wp:term":[{"taxonomy":"category","embeddable":true,"href":"https:\/\/ecodef-ihedn.fr\/en\/wp-json\/wp\/v2\/categories?post=4500"},{"taxonomy":"post_tag","embeddable":true,"href":"https:\/\/ecodef-ihedn.fr\/en\/wp-json\/wp\/v2\/tags?post=4500"}],"curies":[{"name":"wp","href":"https:\/\/api.w.org\/{rel}","templated":true}]}}