{"id":4536,"date":"2022-03-22T15:35:59","date_gmt":"2022-03-22T15:35:59","guid":{"rendered":"https:\/\/ecodef-ihedn.fr\/?p=4536"},"modified":"2022-03-30T08:32:36","modified_gmt":"2022-03-30T08:32:36","slug":"interview-de-julien-malizard-sur-bfm-business","status":"publish","type":"post","link":"https:\/\/ecodef-ihedn.fr\/en\/interview-de-julien-malizard-sur-bfm-business\/","title":{"rendered":"Ukraine: Julien Malizard on BFM Business"},"content":{"rendered":"<figure class=\"wp-block-image size-full\"><img loading=\"lazy\" decoding=\"async\" width=\"948\" height=\"531\" src=\"https:\/\/ecodef-ihedn.fr\/wp-content\/uploads\/2022\/03\/2022-03-21-JM-BFM-.png\" alt=\"\" class=\"wp-image-4537\" srcset=\"https:\/\/ecodef-ihedn.fr\/wp-content\/uploads\/2022\/03\/2022-03-21-JM-BFM-.png 948w, https:\/\/ecodef-ihedn.fr\/wp-content\/uploads\/2022\/03\/2022-03-21-JM-BFM--300x168.png 300w, https:\/\/ecodef-ihedn.fr\/wp-content\/uploads\/2022\/03\/2022-03-21-JM-BFM--768x430.png 768w, https:\/\/ecodef-ihedn.fr\/wp-content\/uploads\/2022\/03\/2022-03-21-JM-BFM--696x390.png 696w, https:\/\/ecodef-ihedn.fr\/wp-content\/uploads\/2022\/03\/2022-03-21-JM-BFM--750x420.png 750w\" sizes=\"auto, (max-width: 948px) 100vw, 948px\" \/><figcaption>Julien Malizard in Le Grand Journal de l'\u00c9co on 21 March (BFM Business)<\/figcaption><\/figure>\n\n\n\n<h1 class=\"wp-block-heading\" id=\"contain_title\"><\/h1>\n\n\n\n<p>Julien Malizard, Deputy Chairholder, was interviewed on Monday 21 March on BFM Business alongside General Vincent Desportes, former Director of the \u00c9cole de guerre (from 00:19:10).<\/p>\n\n\n\n<p>They were guests on <em>Le Grand Journal de l'\u00c9co<\/em>, presented by Hedwige Chevrillon, and spoke about the \u00abarms race\u00bb generated by the ongoing conflict in Ukraine. <\/p>\n\n\n\n<div class=\"wp-block-buttons is-layout-flex wp-block-buttons-is-layout-flex\">\n<div class=\"wp-block-button aligncenter\"><a class=\"wp-block-button__link\" href=\"https:\/\/www.bfmtv.com\/economie\/replay-emissions\/le-grand-journal-de-l-eco\/le-grand-journal-de-l-eco-partie-2-21-03_VN-202203210561.html\" target=\"_blank\" rel=\"noreferrer noopener\">Watch the interview<\/a><\/div>\n<\/div>\n\n\n\n<p><\/p>","protected":false},"excerpt":{"rendered":"<p>Julien Malizard, Titulaire adjoint de la Chaire, a \u00e9t\u00e9 interview\u00e9 ce lundi 21 mars sur BFM Business aux c\u00f4t\u00e9s du g\u00e9n\u00e9ral Vincent Desportes, ancien directeur de l&rsquo;\u00c9cole de guerre (\u00e0 partir de 00:19:10). Ils \u00e9taient les invit\u00e9s de l&rsquo;\u00e9mission Le Grand Journal de l&rsquo;\u00c9co, pr\u00e9sent\u00e9e par Hedwige Chevrillon, et se sont exprim\u00e9s sur la \u00ab\u00a0course [&hellip;]<\/p>\n","protected":false},"author":2,"featured_media":4537,"comment_status":"open","ping_status":"open","sticky":false,"template":"","format":"standard","meta":{"footnotes":""},"categories":[34,358],"tags":[545,162,544,36,438,47,116,38,403,86,543],"class_list":{"0":"post-4536","1":"post","2":"type-post","3":"status-publish","4":"format-standard","5":"has-post-thumbnail","7":"category-activites","8":"category-medias","9":"tag-bfm-business","10":"tag-chaire-economie-de-defense","11":"tag-course-a-larmement","12":"tag-defense","13":"tag-ecodef","14":"tag-economie-de-defense","15":"tag-economie-de-la-defense","16":"tag-ihedn","17":"tag-interview","18":"tag-julien-malizard","19":"tag-vincent-desportes"},"yoast_head":"<!-- This site is optimized with the Yoast SEO plugin v27.4 - https:\/\/yoast.com\/product\/yoast-seo-wordpress\/ -->\n<title>Ukraine : Julien Malizard sur BFM Business - Chaire \u00c9conomie de d\u00e9fense - IHEDN<\/title>\n<meta name=\"robots\" content=\"index, follow, max-snippet:-1, max-image-preview:large, max-video-preview:-1\" \/>\n<link rel=\"canonical\" href=\"https:\/\/ecodef-ihedn.fr\/en\/interview-de-julien-malizard-sur-bfm-business\/\" \/>\n<meta property=\"og:locale\" content=\"en_GB\" \/>\n<meta property=\"og:type\" content=\"article\" \/>\n<meta property=\"og:title\" content=\"Ukraine : Julien Malizard sur BFM Business - Chaire \u00c9conomie de d\u00e9fense - IHEDN\" \/>\n<meta property=\"og:description\" content=\"Julien Malizard, Titulaire adjoint de la Chaire, a \u00e9t\u00e9 interview\u00e9 ce lundi 21 mars sur BFM Business aux c\u00f4t\u00e9s du g\u00e9n\u00e9ral Vincent Desportes, ancien directeur de l&rsquo;\u00c9cole de guerre (\u00e0 partir de 00:19:10). Ils \u00e9taient les invit\u00e9s de l&rsquo;\u00e9mission Le Grand Journal de l&rsquo;\u00c9co, pr\u00e9sent\u00e9e par Hedwige Chevrillon, et se sont exprim\u00e9s sur la \u00ab\u00a0course [&hellip;]\" \/>\n<meta property=\"og:url\" content=\"https:\/\/ecodef-ihedn.fr\/en\/interview-de-julien-malizard-sur-bfm-business\/\" \/>\n<meta property=\"og:site_name\" content=\"Chaire \u00c9conomie de d\u00e9fense - IHEDN\" \/>\n<meta property=\"article:published_time\" content=\"2022-03-22T15:35:59+00:00\" \/>\n<meta property=\"article:modified_time\" content=\"2022-03-30T08:32:36+00:00\" \/>\n<meta property=\"og:image\" content=\"https:\/\/ecodef-ihedn.fr\/wp-content\/uploads\/2022\/03\/2022-03-21-JM-BFM-.png\" \/>\n\t<meta property=\"og:image:width\" content=\"948\" \/>\n\t<meta property=\"og:image:height\" content=\"531\" \/>\n\t<meta property=\"og:image:type\" content=\"image\/png\" \/>\n<meta name=\"author\" content=\"Bertrand Demandre\" \/>\n<meta name=\"twitter:card\" content=\"summary_large_image\" \/>\n<meta name=\"twitter:creator\" content=\"@Chaire_Ecodef\" \/>\n<meta name=\"twitter:site\" content=\"@Chaire_Ecodef\" \/>\n<meta name=\"twitter:label1\" content=\"Written by\" \/>\n\t<meta name=\"twitter:data1\" content=\"Bertrand Demandre\" \/>\n\t<meta name=\"twitter:label2\" content=\"Estimated reading time\" \/>\n\t<meta name=\"twitter:data2\" content=\"1 minute\" \/>\n<script type=\"application\/ld+json\" class=\"yoast-schema-graph\">{\"@context\":\"https:\\\/\\\/schema.org\",\"@graph\":[{\"@type\":\"Article\",\"@id\":\"https:\\\/\\\/ecodef-ihedn.fr\\\/interview-de-julien-malizard-sur-bfm-business\\\/#article\",\"isPartOf\":{\"@id\":\"https:\\\/\\\/ecodef-ihedn.fr\\\/interview-de-julien-malizard-sur-bfm-business\\\/\"},\"author\":{\"name\":\"Bertrand Demandre\",\"@id\":\"https:\\\/\\\/ecodef-ihedn.fr\\\/#\\\/schema\\\/person\\\/1cdf22d028cebe278126a6e07a884d30\"},\"headline\":\"Ukraine : Julien Malizard sur BFM Business\",\"datePublished\":\"2022-03-22T15:35:59+00:00\",\"dateModified\":\"2022-03-30T08:32:36+00:00\",\"mainEntityOfPage\":{\"@id\":\"https:\\\/\\\/ecodef-ihedn.fr\\\/interview-de-julien-malizard-sur-bfm-business\\\/\"},\"wordCount\":98,\"commentCount\":0,\"publisher\":{\"@id\":\"https:\\\/\\\/ecodef-ihedn.fr\\\/#organization\"},\"image\":{\"@id\":\"https:\\\/\\\/ecodef-ihedn.fr\\\/interview-de-julien-malizard-sur-bfm-business\\\/#primaryimage\"},\"thumbnailUrl\":\"https:\\\/\\\/ecodef-ihedn.fr\\\/wp-content\\\/uploads\\\/2022\\\/03\\\/2022-03-21-JM-BFM-.png\",\"keywords\":[\"BFM Business\",\"chaire \u00e9conomie de d\u00e9fense\",\"course \u00e0 l&#039;armement\",\"D\u00e9fense\",\"ecodef\",\"\u00e9conomie de d\u00e9fense\",\"Economie de la D\u00e9fense\",\"IHEDN\",\"interview\",\"Julien Malizard\",\"Vincent Desportes\"],\"articleSection\":[\"Activit\u00e9s\",\"M\u00e9dias\"],\"inLanguage\":\"en-GB\",\"potentialAction\":[{\"@type\":\"CommentAction\",\"name\":\"Comment\",\"target\":[\"https:\\\/\\\/ecodef-ihedn.fr\\\/interview-de-julien-malizard-sur-bfm-business\\\/#respond\"]}]},{\"@type\":\"WebPage\",\"@id\":\"https:\\\/\\\/ecodef-ihedn.fr\\\/interview-de-julien-malizard-sur-bfm-business\\\/\",\"url\":\"https:\\\/\\\/ecodef-ihedn.fr\\\/interview-de-julien-malizard-sur-bfm-business\\\/\",\"name\":\"Ukraine : Julien Malizard sur BFM Business - Chaire \u00c9conomie de d\u00e9fense - IHEDN\",\"isPartOf\":{\"@id\":\"https:\\\/\\\/ecodef-ihedn.fr\\\/#website\"},\"primaryImageOfPage\":{\"@id\":\"https:\\\/\\\/ecodef-ihedn.fr\\\/interview-de-julien-malizard-sur-bfm-business\\\/#primaryimage\"},\"image\":{\"@id\":\"https:\\\/\\\/ecodef-ihedn.fr\\\/interview-de-julien-malizard-sur-bfm-business\\\/#primaryimage\"},\"thumbnailUrl\":\"https:\\\/\\\/ecodef-ihedn.fr\\\/wp-content\\\/uploads\\\/2022\\\/03\\\/2022-03-21-JM-BFM-.png\",\"datePublished\":\"2022-03-22T15:35:59+00:00\",\"dateModified\":\"2022-03-30T08:32:36+00:00\",\"breadcrumb\":{\"@id\":\"https:\\\/\\\/ecodef-ihedn.fr\\\/interview-de-julien-malizard-sur-bfm-business\\\/#breadcrumb\"},\"inLanguage\":\"en-GB\",\"potentialAction\":[{\"@type\":\"ReadAction\",\"target\":[\"https:\\\/\\\/ecodef-ihedn.fr\\\/interview-de-julien-malizard-sur-bfm-business\\\/\"]}]},{\"@type\":\"ImageObject\",\"inLanguage\":\"en-GB\",\"@id\":\"https:\\\/\\\/ecodef-ihedn.fr\\\/interview-de-julien-malizard-sur-bfm-business\\\/#primaryimage\",\"url\":\"https:\\\/\\\/ecodef-ihedn.fr\\\/wp-content\\\/uploads\\\/2022\\\/03\\\/2022-03-21-JM-BFM-.png\",\"contentUrl\":\"https:\\\/\\\/ecodef-ihedn.fr\\\/wp-content\\\/uploads\\\/2022\\\/03\\\/2022-03-21-JM-BFM-.png\",\"width\":948,\"height\":531},{\"@type\":\"BreadcrumbList\",\"@id\":\"https:\\\/\\\/ecodef-ihedn.fr\\\/interview-de-julien-malizard-sur-bfm-business\\\/#breadcrumb\",\"itemListElement\":[{\"@type\":\"ListItem\",\"position\":1,\"name\":\"Accueil\",\"item\":\"https:\\\/\\\/ecodef-ihedn.fr\\\/\"},{\"@type\":\"ListItem\",\"position\":2,\"name\":\"Ukraine : Julien Malizard sur BFM Business\"}]},{\"@type\":\"WebSite\",\"@id\":\"https:\\\/\\\/ecodef-ihedn.fr\\\/#website\",\"url\":\"https:\\\/\\\/ecodef-ihedn.fr\\\/\",\"name\":\"Chaire \u00c9conomie de D\u00e9fense - IHEDN\",\"description\":\"Produire &amp; soutenir, f\u00e9d\u00e9rer &amp; diffuser, \u00eatre une interface\",\"publisher\":{\"@id\":\"https:\\\/\\\/ecodef-ihedn.fr\\\/#organization\"},\"potentialAction\":[{\"@type\":\"SearchAction\",\"target\":{\"@type\":\"EntryPoint\",\"urlTemplate\":\"https:\\\/\\\/ecodef-ihedn.fr\\\/?s={search_term_string}\"},\"query-input\":{\"@type\":\"PropertyValueSpecification\",\"valueRequired\":true,\"valueName\":\"search_term_string\"}}],\"inLanguage\":\"en-GB\"},{\"@type\":\"Organization\",\"@id\":\"https:\\\/\\\/ecodef-ihedn.fr\\\/#organization\",\"name\":\"Chaire \u00c9conomie de d\u00e9fense - IHEDN\",\"url\":\"https:\\\/\\\/ecodef-ihedn.fr\\\/\",\"logo\":{\"@type\":\"ImageObject\",\"inLanguage\":\"en-GB\",\"@id\":\"https:\\\/\\\/ecodef-ihedn.fr\\\/#\\\/schema\\\/logo\\\/image\\\/\",\"url\":\"https:\\\/\\\/ecodef-ihedn.fr\\\/wp-content\\\/uploads\\\/2020\\\/04\\\/logoEcodef9.jpg\",\"contentUrl\":\"https:\\\/\\\/ecodef-ihedn.fr\\\/wp-content\\\/uploads\\\/2020\\\/04\\\/logoEcodef9.jpg\",\"width\":410,\"height\":212,\"caption\":\"Chaire \u00c9conomie de d\u00e9fense - IHEDN\"},\"image\":{\"@id\":\"https:\\\/\\\/ecodef-ihedn.fr\\\/#\\\/schema\\\/logo\\\/image\\\/\"},\"sameAs\":[\"https:\\\/\\\/x.com\\\/Chaire_Ecodef\",\"https:\\\/\\\/www.linkedin.com\\\/company\\\/chaire-ecodef-ihedn\\\/\"]},{\"@type\":\"Person\",\"@id\":\"https:\\\/\\\/ecodef-ihedn.fr\\\/#\\\/schema\\\/person\\\/1cdf22d028cebe278126a6e07a884d30\",\"name\":\"Bertrand Demandre\",\"image\":{\"@type\":\"ImageObject\",\"inLanguage\":\"en-GB\",\"@id\":\"https:\\\/\\\/secure.gravatar.com\\\/avatar\\\/d9c9746d6c900ab5b9c0f9b1fa3932e369da923da247d624b8f7ab4ba8a3c093?s=96&d=mm&r=g\",\"url\":\"https:\\\/\\\/secure.gravatar.com\\\/avatar\\\/d9c9746d6c900ab5b9c0f9b1fa3932e369da923da247d624b8f7ab4ba8a3c093?s=96&d=mm&r=g\",\"contentUrl\":\"https:\\\/\\\/secure.gravatar.com\\\/avatar\\\/d9c9746d6c900ab5b9c0f9b1fa3932e369da923da247d624b8f7ab4ba8a3c093?s=96&d=mm&r=g\",\"caption\":\"Bertrand Demandre\"},\"url\":\"https:\\\/\\\/ecodef-ihedn.fr\\\/en\\\/author\\\/bertrand\\\/\"}]}<\/script>\n<!-- \/ Yoast SEO plugin. -->","yoast_head_json":{"title":"Ukraine : Julien Malizard sur BFM Business - Chaire \u00c9conomie de d\u00e9fense - IHEDN","robots":{"index":"index","follow":"follow","max-snippet":"max-snippet:-1","max-image-preview":"max-image-preview:large","max-video-preview":"max-video-preview:-1"},"canonical":"https:\/\/ecodef-ihedn.fr\/en\/interview-de-julien-malizard-sur-bfm-business\/","og_locale":"en_GB","og_type":"article","og_title":"Ukraine : Julien Malizard sur BFM Business - Chaire \u00c9conomie de d\u00e9fense - IHEDN","og_description":"Julien Malizard, Titulaire adjoint de la Chaire, a \u00e9t\u00e9 interview\u00e9 ce lundi 21 mars sur BFM Business aux c\u00f4t\u00e9s du g\u00e9n\u00e9ral Vincent Desportes, ancien directeur de l&rsquo;\u00c9cole de guerre (\u00e0 partir de 00:19:10). Ils \u00e9taient les invit\u00e9s de l&rsquo;\u00e9mission Le Grand Journal de l&rsquo;\u00c9co, pr\u00e9sent\u00e9e par Hedwige Chevrillon, et se sont exprim\u00e9s sur la \u00ab\u00a0course [&hellip;]","og_url":"https:\/\/ecodef-ihedn.fr\/en\/interview-de-julien-malizard-sur-bfm-business\/","og_site_name":"Chaire \u00c9conomie de d\u00e9fense - IHEDN","article_published_time":"2022-03-22T15:35:59+00:00","article_modified_time":"2022-03-30T08:32:36+00:00","og_image":[{"width":948,"height":531,"url":"https:\/\/ecodef-ihedn.fr\/wp-content\/uploads\/2022\/03\/2022-03-21-JM-BFM-.png","type":"image\/png"}],"author":"Bertrand Demandre","twitter_card":"summary_large_image","twitter_creator":"@Chaire_Ecodef","twitter_site":"@Chaire_Ecodef","twitter_misc":{"Written by":"Bertrand Demandre","Estimated reading time":"1 minute"},"schema":{"@context":"https:\/\/schema.org","@graph":[{"@type":"Article","@id":"https:\/\/ecodef-ihedn.fr\/interview-de-julien-malizard-sur-bfm-business\/#article","isPartOf":{"@id":"https:\/\/ecodef-ihedn.fr\/interview-de-julien-malizard-sur-bfm-business\/"},"author":{"name":"Bertrand Demandre","@id":"https:\/\/ecodef-ihedn.fr\/#\/schema\/person\/1cdf22d028cebe278126a6e07a884d30"},"headline":"Ukraine : Julien Malizard sur BFM Business","datePublished":"2022-03-22T15:35:59+00:00","dateModified":"2022-03-30T08:32:36+00:00","mainEntityOfPage":{"@id":"https:\/\/ecodef-ihedn.fr\/interview-de-julien-malizard-sur-bfm-business\/"},"wordCount":98,"commentCount":0,"publisher":{"@id":"https:\/\/ecodef-ihedn.fr\/#organization"},"image":{"@id":"https:\/\/ecodef-ihedn.fr\/interview-de-julien-malizard-sur-bfm-business\/#primaryimage"},"thumbnailUrl":"https:\/\/ecodef-ihedn.fr\/wp-content\/uploads\/2022\/03\/2022-03-21-JM-BFM-.png","keywords":["BFM Business","chaire \u00e9conomie de d\u00e9fense","course \u00e0 l&#039;armement","D\u00e9fense","ecodef","\u00e9conomie de d\u00e9fense","Economie de la D\u00e9fense","IHEDN","interview","Julien Malizard","Vincent Desportes"],"articleSection":["Activit\u00e9s","M\u00e9dias"],"inLanguage":"en-GB","potentialAction":[{"@type":"CommentAction","name":"Comment","target":["https:\/\/ecodef-ihedn.fr\/interview-de-julien-malizard-sur-bfm-business\/#respond"]}]},{"@type":"WebPage","@id":"https:\/\/ecodef-ihedn.fr\/interview-de-julien-malizard-sur-bfm-business\/","url":"https:\/\/ecodef-ihedn.fr\/interview-de-julien-malizard-sur-bfm-business\/","name":"Ukraine : Julien Malizard sur BFM Business - Chaire \u00c9conomie de d\u00e9fense - IHEDN","isPartOf":{"@id":"https:\/\/ecodef-ihedn.fr\/#website"},"primaryImageOfPage":{"@id":"https:\/\/ecodef-ihedn.fr\/interview-de-julien-malizard-sur-bfm-business\/#primaryimage"},"image":{"@id":"https:\/\/ecodef-ihedn.fr\/interview-de-julien-malizard-sur-bfm-business\/#primaryimage"},"thumbnailUrl":"https:\/\/ecodef-ihedn.fr\/wp-content\/uploads\/2022\/03\/2022-03-21-JM-BFM-.png","datePublished":"2022-03-22T15:35:59+00:00","dateModified":"2022-03-30T08:32:36+00:00","breadcrumb":{"@id":"https:\/\/ecodef-ihedn.fr\/interview-de-julien-malizard-sur-bfm-business\/#breadcrumb"},"inLanguage":"en-GB","potentialAction":[{"@type":"ReadAction","target":["https:\/\/ecodef-ihedn.fr\/interview-de-julien-malizard-sur-bfm-business\/"]}]},{"@type":"ImageObject","inLanguage":"en-GB","@id":"https:\/\/ecodef-ihedn.fr\/interview-de-julien-malizard-sur-bfm-business\/#primaryimage","url":"https:\/\/ecodef-ihedn.fr\/wp-content\/uploads\/2022\/03\/2022-03-21-JM-BFM-.png","contentUrl":"https:\/\/ecodef-ihedn.fr\/wp-content\/uploads\/2022\/03\/2022-03-21-JM-BFM-.png","width":948,"height":531},{"@type":"BreadcrumbList","@id":"https:\/\/ecodef-ihedn.fr\/interview-de-julien-malizard-sur-bfm-business\/#breadcrumb","itemListElement":[{"@type":"ListItem","position":1,"name":"Accueil","item":"https:\/\/ecodef-ihedn.fr\/"},{"@type":"ListItem","position":2,"name":"Ukraine : Julien Malizard sur BFM Business"}]},{"@type":"WebSite","@id":"https:\/\/ecodef-ihedn.fr\/#website","url":"https:\/\/ecodef-ihedn.fr\/","name":"Chair in Defence Economics - IHEDN","description":"Produce &amp; support, federate &amp; disseminate, act as an interface","publisher":{"@id":"https:\/\/ecodef-ihedn.fr\/#organization"},"potentialAction":[{"@type":"SearchAction","target":{"@type":"EntryPoint","urlTemplate":"https:\/\/ecodef-ihedn.fr\/?s={search_term_string}"},"query-input":{"@type":"PropertyValueSpecification","valueRequired":true,"valueName":"search_term_string"}}],"inLanguage":"en-GB"},{"@type":"Organization","@id":"https:\/\/ecodef-ihedn.fr\/#organization","name":"Chair in Defence Economics - IHEDN","url":"https:\/\/ecodef-ihedn.fr\/","logo":{"@type":"ImageObject","inLanguage":"en-GB","@id":"https:\/\/ecodef-ihedn.fr\/#\/schema\/logo\/image\/","url":"https:\/\/ecodef-ihedn.fr\/wp-content\/uploads\/2020\/04\/logoEcodef9.jpg","contentUrl":"https:\/\/ecodef-ihedn.fr\/wp-content\/uploads\/2020\/04\/logoEcodef9.jpg","width":410,"height":212,"caption":"Chaire \u00c9conomie de d\u00e9fense - IHEDN"},"image":{"@id":"https:\/\/ecodef-ihedn.fr\/#\/schema\/logo\/image\/"},"sameAs":["https:\/\/x.com\/Chaire_Ecodef","https:\/\/www.linkedin.com\/company\/chaire-ecodef-ihedn\/"]},{"@type":"Person","@id":"https:\/\/ecodef-ihedn.fr\/#\/schema\/person\/1cdf22d028cebe278126a6e07a884d30","name":"Bertrand Demandre","image":{"@type":"ImageObject","inLanguage":"en-GB","@id":"https:\/\/secure.gravatar.com\/avatar\/d9c9746d6c900ab5b9c0f9b1fa3932e369da923da247d624b8f7ab4ba8a3c093?s=96&d=mm&r=g","url":"https:\/\/secure.gravatar.com\/avatar\/d9c9746d6c900ab5b9c0f9b1fa3932e369da923da247d624b8f7ab4ba8a3c093?s=96&d=mm&r=g","contentUrl":"https:\/\/secure.gravatar.com\/avatar\/d9c9746d6c900ab5b9c0f9b1fa3932e369da923da247d624b8f7ab4ba8a3c093?s=96&d=mm&r=g","caption":"Bertrand Demandre"},"url":"https:\/\/ecodef-ihedn.fr\/en\/author\/bertrand\/"}]}},"_links":{"self":[{"href":"https:\/\/ecodef-ihedn.fr\/en\/wp-json\/wp\/v2\/posts\/4536","targetHints":{"allow":["GET"]}}],"collection":[{"href":"https:\/\/ecodef-ihedn.fr\/en\/wp-json\/wp\/v2\/posts"}],"about":[{"href":"https:\/\/ecodef-ihedn.fr\/en\/wp-json\/wp\/v2\/types\/post"}],"author":[{"embeddable":true,"href":"https:\/\/ecodef-ihedn.fr\/en\/wp-json\/wp\/v2\/users\/2"}],"replies":[{"embeddable":true,"href":"https:\/\/ecodef-ihedn.fr\/en\/wp-json\/wp\/v2\/comments?post=4536"}],"version-history":[{"count":2,"href":"https:\/\/ecodef-ihedn.fr\/en\/wp-json\/wp\/v2\/posts\/4536\/revisions"}],"predecessor-version":[{"id":4571,"href":"https:\/\/ecodef-ihedn.fr\/en\/wp-json\/wp\/v2\/posts\/4536\/revisions\/4571"}],"wp:featuredmedia":[{"embeddable":true,"href":"https:\/\/ecodef-ihedn.fr\/en\/wp-json\/wp\/v2\/media\/4537"}],"wp:attachment":[{"href":"https:\/\/ecodef-ihedn.fr\/en\/wp-json\/wp\/v2\/media?parent=4536"}],"wp:term":[{"taxonomy":"category","embeddable":true,"href":"https:\/\/ecodef-ihedn.fr\/en\/wp-json\/wp\/v2\/categories?post=4536"},{"taxonomy":"post_tag","embeddable":true,"href":"https:\/\/ecodef-ihedn.fr\/en\/wp-json\/wp\/v2\/tags?post=4536"}],"curies":[{"name":"wp","href":"https:\/\/api.w.org\/{rel}","templated":true}]}}