{"id":4566,"date":"2022-03-30T08:30:42","date_gmt":"2022-03-30T08:30:42","guid":{"rendered":"https:\/\/ecodef-ihedn.fr\/?p=4566"},"modified":"2022-03-30T08:30:43","modified_gmt":"2022-03-30T08:30:43","slug":"ukraine-julien-malizard-sur-bfm-tv","status":"publish","type":"post","link":"https:\/\/ecodef-ihedn.fr\/en\/ukraine-julien-malizard-sur-bfm-tv\/","title":{"rendered":"Ukraine: Julien Malizard on BFM TV"},"content":{"rendered":"<div class=\"wp-block-image\"><figure class=\"aligncenter size-full is-resized\"><img loading=\"lazy\" decoding=\"async\" src=\"https:\/\/ecodef-ihedn.fr\/wp-content\/uploads\/2022\/03\/2022-03-29-JM-BFM-TV-.png\" alt=\"\" class=\"wp-image-4567\" width=\"713\" height=\"401\" srcset=\"https:\/\/ecodef-ihedn.fr\/wp-content\/uploads\/2022\/03\/2022-03-29-JM-BFM-TV-.png 950w, https:\/\/ecodef-ihedn.fr\/wp-content\/uploads\/2022\/03\/2022-03-29-JM-BFM-TV--300x169.png 300w, https:\/\/ecodef-ihedn.fr\/wp-content\/uploads\/2022\/03\/2022-03-29-JM-BFM-TV--768x432.png 768w, https:\/\/ecodef-ihedn.fr\/wp-content\/uploads\/2022\/03\/2022-03-29-JM-BFM-TV--696x391.png 696w, https:\/\/ecodef-ihedn.fr\/wp-content\/uploads\/2022\/03\/2022-03-29-JM-BFM-TV--747x420.png 747w\" sizes=\"auto, (max-width: 713px) 100vw, 713px\" \/><figcaption>Julien Malizard answers questions from Nelson Getten (BFM TV)<\/figcaption><\/figure><\/div>\n\n\n\n<p><\/p>\n\n\n\n<p>Julien Malizard, Deputy Chairholder, was one of the experts interviewed by Nelson Getten as part of the investigation carried out for BFM TV on the trend towards rearmament following the outbreak of the conflict in Ukraine.<\/p>\n\n\n\n<p>A new arms race is taking shape, particularly in the West, where announcements of increased defence budgets have been multiplying since 24 February and Russia's invasion of Ukraine.<\/p>\n\n\n\n<p>Julien Malizard stressed two points:<\/p>\n\n\n\n<ul class=\"wp-block-list\"><li>Weapons can lead to security by stabilising conflict situations<\/li><\/ul>\n\n\n\n<ul class=\"wp-block-list\"><li>Defence generates economic spinoffs through jobs and can also increase security, which is beneficial for economic prosperity.<\/li><\/ul>\n\n\n\n<div class=\"wp-block-buttons is-layout-flex wp-block-buttons-is-layout-flex\">\n<div class=\"wp-block-button aligncenter\"><a class=\"wp-block-button__link\" href=\"https:\/\/www.bfmtv.com\/replay-emissions\/22h-max\/enquete-de-nelson-guerre-en-ukraine-et-le-monde-se-rearme-29-03_VN-202203290660.html\">Watch the show<\/a><\/div>\n<\/div>\n\n\n\n<p><\/p>","protected":false},"excerpt":{"rendered":"<p>Julien Malizard, Titulaire adjoint de la Chaire, a fait partie des experts interview\u00e9s par Nelson Getten dans le cadre de l&rsquo;enqu\u00eate men\u00e9e pour BFM TV sur la tendance au r\u00e9armement, cons\u00e9cutif au d\u00e9clenchement du conflit en Ukraine. On constate en effet qu&rsquo;une nouvelle course \u00e0 l&rsquo;armement se met en place, notamment en occident o\u00f9 les [&hellip;]<\/p>\n","protected":false},"author":2,"featured_media":4567,"comment_status":"open","ping_status":"open","sticky":false,"template":"","format":"standard","meta":{"footnotes":""},"categories":[34,358],"tags":[546,524,162,544,36,47,116,38,149,403,86,547,536],"class_list":{"0":"post-4566","1":"post","2":"type-post","3":"status-publish","4":"format-standard","5":"has-post-thumbnail","7":"category-activites","8":"category-medias","9":"tag-bfm-tv","10":"tag-budget-de-defense","11":"tag-chaire-economie-de-defense","12":"tag-course-a-larmement","13":"tag-defense","14":"tag-economie-de-defense","15":"tag-economie-de-la-defense","16":"tag-ihedn","17":"tag-industrie-de-defense","18":"tag-interview","19":"tag-julien-malizard","20":"tag-rearmement","21":"tag-ukraine"},"yoast_head":"<!-- This site is optimized with the Yoast SEO plugin v27.4 - https:\/\/yoast.com\/product\/yoast-seo-wordpress\/ -->\n<title>Ukraine : Julien Malizard sur BFM TV - Chaire \u00c9conomie de d\u00e9fense - IHEDN<\/title>\n<meta name=\"robots\" content=\"index, follow, max-snippet:-1, max-image-preview:large, max-video-preview:-1\" \/>\n<link rel=\"canonical\" href=\"https:\/\/ecodef-ihedn.fr\/en\/ukraine-julien-malizard-sur-bfm-tv\/\" \/>\n<meta property=\"og:locale\" content=\"en_GB\" \/>\n<meta property=\"og:type\" content=\"article\" \/>\n<meta property=\"og:title\" content=\"Ukraine : Julien Malizard sur BFM TV - Chaire \u00c9conomie de d\u00e9fense - IHEDN\" \/>\n<meta property=\"og:description\" content=\"Julien Malizard, Titulaire adjoint de la Chaire, a fait partie des experts interview\u00e9s par Nelson Getten dans le cadre de l&rsquo;enqu\u00eate men\u00e9e pour BFM TV sur la tendance au r\u00e9armement, cons\u00e9cutif au d\u00e9clenchement du conflit en Ukraine. On constate en effet qu&rsquo;une nouvelle course \u00e0 l&rsquo;armement se met en place, notamment en occident o\u00f9 les [&hellip;]\" \/>\n<meta property=\"og:url\" content=\"https:\/\/ecodef-ihedn.fr\/en\/ukraine-julien-malizard-sur-bfm-tv\/\" \/>\n<meta property=\"og:site_name\" content=\"Chaire \u00c9conomie de d\u00e9fense - IHEDN\" \/>\n<meta property=\"article:published_time\" content=\"2022-03-30T08:30:42+00:00\" \/>\n<meta property=\"article:modified_time\" content=\"2022-03-30T08:30:43+00:00\" \/>\n<meta property=\"og:image\" content=\"https:\/\/ecodef-ihedn.fr\/wp-content\/uploads\/2022\/03\/2022-03-29-JM-BFM-TV-.png\" \/>\n\t<meta property=\"og:image:width\" content=\"950\" \/>\n\t<meta property=\"og:image:height\" content=\"534\" \/>\n\t<meta property=\"og:image:type\" content=\"image\/png\" \/>\n<meta name=\"author\" content=\"Bertrand Demandre\" \/>\n<meta name=\"twitter:card\" content=\"summary_large_image\" \/>\n<meta name=\"twitter:creator\" content=\"@Chaire_Ecodef\" \/>\n<meta name=\"twitter:site\" content=\"@Chaire_Ecodef\" \/>\n<meta name=\"twitter:label1\" content=\"Written by\" \/>\n\t<meta name=\"twitter:data1\" content=\"Bertrand Demandre\" \/>\n\t<meta name=\"twitter:label2\" content=\"Estimated reading time\" \/>\n\t<meta name=\"twitter:data2\" content=\"1 minute\" \/>\n<script type=\"application\/ld+json\" class=\"yoast-schema-graph\">{\"@context\":\"https:\\\/\\\/schema.org\",\"@graph\":[{\"@type\":\"Article\",\"@id\":\"https:\\\/\\\/ecodef-ihedn.fr\\\/ukraine-julien-malizard-sur-bfm-tv\\\/#article\",\"isPartOf\":{\"@id\":\"https:\\\/\\\/ecodef-ihedn.fr\\\/ukraine-julien-malizard-sur-bfm-tv\\\/\"},\"author\":{\"name\":\"Bertrand Demandre\",\"@id\":\"https:\\\/\\\/ecodef-ihedn.fr\\\/#\\\/schema\\\/person\\\/1cdf22d028cebe278126a6e07a884d30\"},\"headline\":\"Ukraine : Julien Malizard sur BFM TV\",\"datePublished\":\"2022-03-30T08:30:42+00:00\",\"dateModified\":\"2022-03-30T08:30:43+00:00\",\"mainEntityOfPage\":{\"@id\":\"https:\\\/\\\/ecodef-ihedn.fr\\\/ukraine-julien-malizard-sur-bfm-tv\\\/\"},\"wordCount\":156,\"commentCount\":0,\"publisher\":{\"@id\":\"https:\\\/\\\/ecodef-ihedn.fr\\\/#organization\"},\"image\":{\"@id\":\"https:\\\/\\\/ecodef-ihedn.fr\\\/ukraine-julien-malizard-sur-bfm-tv\\\/#primaryimage\"},\"thumbnailUrl\":\"https:\\\/\\\/ecodef-ihedn.fr\\\/wp-content\\\/uploads\\\/2022\\\/03\\\/2022-03-29-JM-BFM-TV-.png\",\"keywords\":[\"BFM TV\",\"budget de d\u00e9fense\",\"chaire \u00e9conomie de d\u00e9fense\",\"course \u00e0 l&#039;armement\",\"D\u00e9fense\",\"\u00e9conomie de d\u00e9fense\",\"Economie de la D\u00e9fense\",\"IHEDN\",\"industrie de d\u00e9fense\",\"interview\",\"Julien Malizard\",\"r\u00e9armement\",\"Ukraine\"],\"articleSection\":[\"Activit\u00e9s\",\"M\u00e9dias\"],\"inLanguage\":\"en-GB\",\"potentialAction\":[{\"@type\":\"CommentAction\",\"name\":\"Comment\",\"target\":[\"https:\\\/\\\/ecodef-ihedn.fr\\\/ukraine-julien-malizard-sur-bfm-tv\\\/#respond\"]}]},{\"@type\":\"WebPage\",\"@id\":\"https:\\\/\\\/ecodef-ihedn.fr\\\/ukraine-julien-malizard-sur-bfm-tv\\\/\",\"url\":\"https:\\\/\\\/ecodef-ihedn.fr\\\/ukraine-julien-malizard-sur-bfm-tv\\\/\",\"name\":\"Ukraine : Julien Malizard sur BFM TV - Chaire \u00c9conomie de d\u00e9fense - IHEDN\",\"isPartOf\":{\"@id\":\"https:\\\/\\\/ecodef-ihedn.fr\\\/#website\"},\"primaryImageOfPage\":{\"@id\":\"https:\\\/\\\/ecodef-ihedn.fr\\\/ukraine-julien-malizard-sur-bfm-tv\\\/#primaryimage\"},\"image\":{\"@id\":\"https:\\\/\\\/ecodef-ihedn.fr\\\/ukraine-julien-malizard-sur-bfm-tv\\\/#primaryimage\"},\"thumbnailUrl\":\"https:\\\/\\\/ecodef-ihedn.fr\\\/wp-content\\\/uploads\\\/2022\\\/03\\\/2022-03-29-JM-BFM-TV-.png\",\"datePublished\":\"2022-03-30T08:30:42+00:00\",\"dateModified\":\"2022-03-30T08:30:43+00:00\",\"breadcrumb\":{\"@id\":\"https:\\\/\\\/ecodef-ihedn.fr\\\/ukraine-julien-malizard-sur-bfm-tv\\\/#breadcrumb\"},\"inLanguage\":\"en-GB\",\"potentialAction\":[{\"@type\":\"ReadAction\",\"target\":[\"https:\\\/\\\/ecodef-ihedn.fr\\\/ukraine-julien-malizard-sur-bfm-tv\\\/\"]}]},{\"@type\":\"ImageObject\",\"inLanguage\":\"en-GB\",\"@id\":\"https:\\\/\\\/ecodef-ihedn.fr\\\/ukraine-julien-malizard-sur-bfm-tv\\\/#primaryimage\",\"url\":\"https:\\\/\\\/ecodef-ihedn.fr\\\/wp-content\\\/uploads\\\/2022\\\/03\\\/2022-03-29-JM-BFM-TV-.png\",\"contentUrl\":\"https:\\\/\\\/ecodef-ihedn.fr\\\/wp-content\\\/uploads\\\/2022\\\/03\\\/2022-03-29-JM-BFM-TV-.png\",\"width\":950,\"height\":534,\"caption\":\"Julien Malizard r\u00e9pond aux questions de Nelson Getten (BFM TV)\"},{\"@type\":\"BreadcrumbList\",\"@id\":\"https:\\\/\\\/ecodef-ihedn.fr\\\/ukraine-julien-malizard-sur-bfm-tv\\\/#breadcrumb\",\"itemListElement\":[{\"@type\":\"ListItem\",\"position\":1,\"name\":\"Accueil\",\"item\":\"https:\\\/\\\/ecodef-ihedn.fr\\\/\"},{\"@type\":\"ListItem\",\"position\":2,\"name\":\"Ukraine : Julien Malizard sur BFM TV\"}]},{\"@type\":\"WebSite\",\"@id\":\"https:\\\/\\\/ecodef-ihedn.fr\\\/#website\",\"url\":\"https:\\\/\\\/ecodef-ihedn.fr\\\/\",\"name\":\"Chaire \u00c9conomie de D\u00e9fense - IHEDN\",\"description\":\"Produire &amp; soutenir, f\u00e9d\u00e9rer &amp; diffuser, \u00eatre une interface\",\"publisher\":{\"@id\":\"https:\\\/\\\/ecodef-ihedn.fr\\\/#organization\"},\"potentialAction\":[{\"@type\":\"SearchAction\",\"target\":{\"@type\":\"EntryPoint\",\"urlTemplate\":\"https:\\\/\\\/ecodef-ihedn.fr\\\/?s={search_term_string}\"},\"query-input\":{\"@type\":\"PropertyValueSpecification\",\"valueRequired\":true,\"valueName\":\"search_term_string\"}}],\"inLanguage\":\"en-GB\"},{\"@type\":\"Organization\",\"@id\":\"https:\\\/\\\/ecodef-ihedn.fr\\\/#organization\",\"name\":\"Chaire \u00c9conomie de d\u00e9fense - IHEDN\",\"url\":\"https:\\\/\\\/ecodef-ihedn.fr\\\/\",\"logo\":{\"@type\":\"ImageObject\",\"inLanguage\":\"en-GB\",\"@id\":\"https:\\\/\\\/ecodef-ihedn.fr\\\/#\\\/schema\\\/logo\\\/image\\\/\",\"url\":\"https:\\\/\\\/ecodef-ihedn.fr\\\/wp-content\\\/uploads\\\/2020\\\/04\\\/logoEcodef9.jpg\",\"contentUrl\":\"https:\\\/\\\/ecodef-ihedn.fr\\\/wp-content\\\/uploads\\\/2020\\\/04\\\/logoEcodef9.jpg\",\"width\":410,\"height\":212,\"caption\":\"Chaire \u00c9conomie de d\u00e9fense - IHEDN\"},\"image\":{\"@id\":\"https:\\\/\\\/ecodef-ihedn.fr\\\/#\\\/schema\\\/logo\\\/image\\\/\"},\"sameAs\":[\"https:\\\/\\\/x.com\\\/Chaire_Ecodef\",\"https:\\\/\\\/www.linkedin.com\\\/company\\\/chaire-ecodef-ihedn\\\/\"]},{\"@type\":\"Person\",\"@id\":\"https:\\\/\\\/ecodef-ihedn.fr\\\/#\\\/schema\\\/person\\\/1cdf22d028cebe278126a6e07a884d30\",\"name\":\"Bertrand Demandre\",\"image\":{\"@type\":\"ImageObject\",\"inLanguage\":\"en-GB\",\"@id\":\"https:\\\/\\\/secure.gravatar.com\\\/avatar\\\/d9c9746d6c900ab5b9c0f9b1fa3932e369da923da247d624b8f7ab4ba8a3c093?s=96&d=mm&r=g\",\"url\":\"https:\\\/\\\/secure.gravatar.com\\\/avatar\\\/d9c9746d6c900ab5b9c0f9b1fa3932e369da923da247d624b8f7ab4ba8a3c093?s=96&d=mm&r=g\",\"contentUrl\":\"https:\\\/\\\/secure.gravatar.com\\\/avatar\\\/d9c9746d6c900ab5b9c0f9b1fa3932e369da923da247d624b8f7ab4ba8a3c093?s=96&d=mm&r=g\",\"caption\":\"Bertrand Demandre\"},\"url\":\"https:\\\/\\\/ecodef-ihedn.fr\\\/en\\\/author\\\/bertrand\\\/\"}]}<\/script>\n<!-- \/ Yoast SEO plugin. -->","yoast_head_json":{"title":"Ukraine : Julien Malizard sur BFM TV - Chaire \u00c9conomie de d\u00e9fense - IHEDN","robots":{"index":"index","follow":"follow","max-snippet":"max-snippet:-1","max-image-preview":"max-image-preview:large","max-video-preview":"max-video-preview:-1"},"canonical":"https:\/\/ecodef-ihedn.fr\/en\/ukraine-julien-malizard-sur-bfm-tv\/","og_locale":"en_GB","og_type":"article","og_title":"Ukraine : Julien Malizard sur BFM TV - Chaire \u00c9conomie de d\u00e9fense - IHEDN","og_description":"Julien Malizard, Titulaire adjoint de la Chaire, a fait partie des experts interview\u00e9s par Nelson Getten dans le cadre de l&rsquo;enqu\u00eate men\u00e9e pour BFM TV sur la tendance au r\u00e9armement, cons\u00e9cutif au d\u00e9clenchement du conflit en Ukraine. On constate en effet qu&rsquo;une nouvelle course \u00e0 l&rsquo;armement se met en place, notamment en occident o\u00f9 les [&hellip;]","og_url":"https:\/\/ecodef-ihedn.fr\/en\/ukraine-julien-malizard-sur-bfm-tv\/","og_site_name":"Chaire \u00c9conomie de d\u00e9fense - IHEDN","article_published_time":"2022-03-30T08:30:42+00:00","article_modified_time":"2022-03-30T08:30:43+00:00","og_image":[{"width":950,"height":534,"url":"https:\/\/ecodef-ihedn.fr\/wp-content\/uploads\/2022\/03\/2022-03-29-JM-BFM-TV-.png","type":"image\/png"}],"author":"Bertrand Demandre","twitter_card":"summary_large_image","twitter_creator":"@Chaire_Ecodef","twitter_site":"@Chaire_Ecodef","twitter_misc":{"Written by":"Bertrand Demandre","Estimated reading time":"1 minute"},"schema":{"@context":"https:\/\/schema.org","@graph":[{"@type":"Article","@id":"https:\/\/ecodef-ihedn.fr\/ukraine-julien-malizard-sur-bfm-tv\/#article","isPartOf":{"@id":"https:\/\/ecodef-ihedn.fr\/ukraine-julien-malizard-sur-bfm-tv\/"},"author":{"name":"Bertrand Demandre","@id":"https:\/\/ecodef-ihedn.fr\/#\/schema\/person\/1cdf22d028cebe278126a6e07a884d30"},"headline":"Ukraine : Julien Malizard sur BFM TV","datePublished":"2022-03-30T08:30:42+00:00","dateModified":"2022-03-30T08:30:43+00:00","mainEntityOfPage":{"@id":"https:\/\/ecodef-ihedn.fr\/ukraine-julien-malizard-sur-bfm-tv\/"},"wordCount":156,"commentCount":0,"publisher":{"@id":"https:\/\/ecodef-ihedn.fr\/#organization"},"image":{"@id":"https:\/\/ecodef-ihedn.fr\/ukraine-julien-malizard-sur-bfm-tv\/#primaryimage"},"thumbnailUrl":"https:\/\/ecodef-ihedn.fr\/wp-content\/uploads\/2022\/03\/2022-03-29-JM-BFM-TV-.png","keywords":["BFM TV","budget de d\u00e9fense","chaire \u00e9conomie de d\u00e9fense","course \u00e0 l&#039;armement","D\u00e9fense","\u00e9conomie de d\u00e9fense","Economie de la D\u00e9fense","IHEDN","industrie de d\u00e9fense","interview","Julien Malizard","r\u00e9armement","Ukraine"],"articleSection":["Activit\u00e9s","M\u00e9dias"],"inLanguage":"en-GB","potentialAction":[{"@type":"CommentAction","name":"Comment","target":["https:\/\/ecodef-ihedn.fr\/ukraine-julien-malizard-sur-bfm-tv\/#respond"]}]},{"@type":"WebPage","@id":"https:\/\/ecodef-ihedn.fr\/ukraine-julien-malizard-sur-bfm-tv\/","url":"https:\/\/ecodef-ihedn.fr\/ukraine-julien-malizard-sur-bfm-tv\/","name":"Ukraine : Julien Malizard sur BFM TV - Chaire \u00c9conomie de d\u00e9fense - IHEDN","isPartOf":{"@id":"https:\/\/ecodef-ihedn.fr\/#website"},"primaryImageOfPage":{"@id":"https:\/\/ecodef-ihedn.fr\/ukraine-julien-malizard-sur-bfm-tv\/#primaryimage"},"image":{"@id":"https:\/\/ecodef-ihedn.fr\/ukraine-julien-malizard-sur-bfm-tv\/#primaryimage"},"thumbnailUrl":"https:\/\/ecodef-ihedn.fr\/wp-content\/uploads\/2022\/03\/2022-03-29-JM-BFM-TV-.png","datePublished":"2022-03-30T08:30:42+00:00","dateModified":"2022-03-30T08:30:43+00:00","breadcrumb":{"@id":"https:\/\/ecodef-ihedn.fr\/ukraine-julien-malizard-sur-bfm-tv\/#breadcrumb"},"inLanguage":"en-GB","potentialAction":[{"@type":"ReadAction","target":["https:\/\/ecodef-ihedn.fr\/ukraine-julien-malizard-sur-bfm-tv\/"]}]},{"@type":"ImageObject","inLanguage":"en-GB","@id":"https:\/\/ecodef-ihedn.fr\/ukraine-julien-malizard-sur-bfm-tv\/#primaryimage","url":"https:\/\/ecodef-ihedn.fr\/wp-content\/uploads\/2022\/03\/2022-03-29-JM-BFM-TV-.png","contentUrl":"https:\/\/ecodef-ihedn.fr\/wp-content\/uploads\/2022\/03\/2022-03-29-JM-BFM-TV-.png","width":950,"height":534,"caption":"Julien Malizard r\u00e9pond aux questions de Nelson Getten (BFM TV)"},{"@type":"BreadcrumbList","@id":"https:\/\/ecodef-ihedn.fr\/ukraine-julien-malizard-sur-bfm-tv\/#breadcrumb","itemListElement":[{"@type":"ListItem","position":1,"name":"Accueil","item":"https:\/\/ecodef-ihedn.fr\/"},{"@type":"ListItem","position":2,"name":"Ukraine : Julien Malizard sur BFM TV"}]},{"@type":"WebSite","@id":"https:\/\/ecodef-ihedn.fr\/#website","url":"https:\/\/ecodef-ihedn.fr\/","name":"Chair in Defence Economics - IHEDN","description":"Produce &amp; support, federate &amp; disseminate, act as an interface","publisher":{"@id":"https:\/\/ecodef-ihedn.fr\/#organization"},"potentialAction":[{"@type":"SearchAction","target":{"@type":"EntryPoint","urlTemplate":"https:\/\/ecodef-ihedn.fr\/?s={search_term_string}"},"query-input":{"@type":"PropertyValueSpecification","valueRequired":true,"valueName":"search_term_string"}}],"inLanguage":"en-GB"},{"@type":"Organization","@id":"https:\/\/ecodef-ihedn.fr\/#organization","name":"Chair in Defence Economics - IHEDN","url":"https:\/\/ecodef-ihedn.fr\/","logo":{"@type":"ImageObject","inLanguage":"en-GB","@id":"https:\/\/ecodef-ihedn.fr\/#\/schema\/logo\/image\/","url":"https:\/\/ecodef-ihedn.fr\/wp-content\/uploads\/2020\/04\/logoEcodef9.jpg","contentUrl":"https:\/\/ecodef-ihedn.fr\/wp-content\/uploads\/2020\/04\/logoEcodef9.jpg","width":410,"height":212,"caption":"Chaire \u00c9conomie de d\u00e9fense - IHEDN"},"image":{"@id":"https:\/\/ecodef-ihedn.fr\/#\/schema\/logo\/image\/"},"sameAs":["https:\/\/x.com\/Chaire_Ecodef","https:\/\/www.linkedin.com\/company\/chaire-ecodef-ihedn\/"]},{"@type":"Person","@id":"https:\/\/ecodef-ihedn.fr\/#\/schema\/person\/1cdf22d028cebe278126a6e07a884d30","name":"Bertrand Demandre","image":{"@type":"ImageObject","inLanguage":"en-GB","@id":"https:\/\/secure.gravatar.com\/avatar\/d9c9746d6c900ab5b9c0f9b1fa3932e369da923da247d624b8f7ab4ba8a3c093?s=96&d=mm&r=g","url":"https:\/\/secure.gravatar.com\/avatar\/d9c9746d6c900ab5b9c0f9b1fa3932e369da923da247d624b8f7ab4ba8a3c093?s=96&d=mm&r=g","contentUrl":"https:\/\/secure.gravatar.com\/avatar\/d9c9746d6c900ab5b9c0f9b1fa3932e369da923da247d624b8f7ab4ba8a3c093?s=96&d=mm&r=g","caption":"Bertrand Demandre"},"url":"https:\/\/ecodef-ihedn.fr\/en\/author\/bertrand\/"}]}},"_links":{"self":[{"href":"https:\/\/ecodef-ihedn.fr\/en\/wp-json\/wp\/v2\/posts\/4566","targetHints":{"allow":["GET"]}}],"collection":[{"href":"https:\/\/ecodef-ihedn.fr\/en\/wp-json\/wp\/v2\/posts"}],"about":[{"href":"https:\/\/ecodef-ihedn.fr\/en\/wp-json\/wp\/v2\/types\/post"}],"author":[{"embeddable":true,"href":"https:\/\/ecodef-ihedn.fr\/en\/wp-json\/wp\/v2\/users\/2"}],"replies":[{"embeddable":true,"href":"https:\/\/ecodef-ihedn.fr\/en\/wp-json\/wp\/v2\/comments?post=4566"}],"version-history":[{"count":3,"href":"https:\/\/ecodef-ihedn.fr\/en\/wp-json\/wp\/v2\/posts\/4566\/revisions"}],"predecessor-version":[{"id":4570,"href":"https:\/\/ecodef-ihedn.fr\/en\/wp-json\/wp\/v2\/posts\/4566\/revisions\/4570"}],"wp:featuredmedia":[{"embeddable":true,"href":"https:\/\/ecodef-ihedn.fr\/en\/wp-json\/wp\/v2\/media\/4567"}],"wp:attachment":[{"href":"https:\/\/ecodef-ihedn.fr\/en\/wp-json\/wp\/v2\/media?parent=4566"}],"wp:term":[{"taxonomy":"category","embeddable":true,"href":"https:\/\/ecodef-ihedn.fr\/en\/wp-json\/wp\/v2\/categories?post=4566"},{"taxonomy":"post_tag","embeddable":true,"href":"https:\/\/ecodef-ihedn.fr\/en\/wp-json\/wp\/v2\/tags?post=4566"}],"curies":[{"name":"wp","href":"https:\/\/api.w.org\/{rel}","templated":true}]}}