{"id":4853,"date":"2022-05-24T07:22:43","date_gmt":"2022-05-24T07:22:43","guid":{"rendered":"https:\/\/ecodef-ihedn.fr\/synthese-webinaire-exportations-darmement-les-enjeux-de-leur-mesure-les-entretiens-de-lecodef-3-le-9-fevrier-2022-copy\/"},"modified":"2022-05-24T07:52:47","modified_gmt":"2022-05-24T07:52:47","slug":"synthese-conference-annuelle-quelle-politique-dexportation-de-defense-pour-la-france-15-decembre-2021-a-lecole-militaire","status":"publish","type":"post","link":"https:\/\/ecodef-ihedn.fr\/en\/synthese-conference-annuelle-quelle-politique-dexportation-de-defense-pour-la-france-15-decembre-2021-a-lecole-militaire\/","title":{"rendered":"[SYNTH\u00c8SE] Conf\u00e9rence annuelle \u201cQuelle politique d&rsquo;exportation de d\u00e9fense pour la France ?\u201d (15 d\u00e9cembre 2021 \u00e0 l\u2019\u00c9cole militaire)"},"content":{"rendered":"\n<p><strong>La <strong>Chaire \u00c9conomie de d\u00e9fense &#8211; IHEDN<\/strong> a le plaisir de vous pr\u00e9senter la <strong>synth\u00e8se<\/strong> de sa derni\u00e8re Conf\u00e9rence annuelle, consacr\u00e9e \u00e0 la <strong>politique d&rsquo;exportation de d\u00e9fense de la France<\/strong><\/strong><\/p>\n\n\n\n<div class=\"wp-block-image\"><figure class=\"aligncenter size-large is-resized\"><img loading=\"lazy\" decoding=\"async\" src=\"https:\/\/ecodef-ihedn.fr\/wp-content\/uploads\/2022\/05\/01-conference-ihedn-sb20211215001-light-1024x683.jpg\" alt=\"\" class=\"wp-image-4855\" width=\"768\" height=\"512\" srcset=\"https:\/\/ecodef-ihedn.fr\/wp-content\/uploads\/2022\/05\/01-conference-ihedn-sb20211215001-light-1024x683.jpg 1024w, https:\/\/ecodef-ihedn.fr\/wp-content\/uploads\/2022\/05\/01-conference-ihedn-sb20211215001-light-300x200.jpg 300w, https:\/\/ecodef-ihedn.fr\/wp-content\/uploads\/2022\/05\/01-conference-ihedn-sb20211215001-light-768x512.jpg 768w, https:\/\/ecodef-ihedn.fr\/wp-content\/uploads\/2022\/05\/01-conference-ihedn-sb20211215001-light-696x464.jpg 696w, https:\/\/ecodef-ihedn.fr\/wp-content\/uploads\/2022\/05\/01-conference-ihedn-sb20211215001-light-1068x712.jpg 1068w, https:\/\/ecodef-ihedn.fr\/wp-content\/uploads\/2022\/05\/01-conference-ihedn-sb20211215001-light-630x420.jpg 630w, https:\/\/ecodef-ihedn.fr\/wp-content\/uploads\/2022\/05\/01-conference-ihedn-sb20211215001-light.jpg 1162w\" sizes=\"auto, (max-width: 768px) 100vw, 768px\" \/><\/figure><\/div>\n\n\n\n<p class=\"has-text-align-center\"><strong><br>Introduction<\/strong><\/p>\n\n\n\n<p>Les exportations de d\u00e9fense constituent un levier important de la politique de d\u00e9fense et de s\u00e9curit\u00e9 nationale. Elles sont un outil diplomatique de premi\u00e8re importance par leur capacit\u00e9 \u00e0 renforcer des liens entre \u00c9tats. Mais, dans une perspective industrielle, elles permettent aussi de compl\u00e9ter une commande nationale insuffisante pour permettre de maintenir les comp\u00e9tences critiques et donc la souverainet\u00e9 du pays. De ce fait, l&rsquo;objectif d\u2019autonomie strat\u00e9gique est intimement li\u00e9 \u00e0 la politique d\u2019exportations d&rsquo;armement et \u00e0 sa mise en \u0153uvre efficace.<\/p>\n\n\n\n<p>Cependant, nous assistons, depuis plusieurs ann\u00e9es, \u00e0 une \u00e9volution du contexte de nature \u00e0 influer sur les exportations de d\u00e9fense : signature du trait\u00e9 sur le commerce des armes, augmentation de la pression concurrentielle avec l&rsquo;\u00e9mergence de nouveaux acteurs, importance croissante des enjeux \u00e9thiques, difficult\u00e9s de financement des exportations de d\u00e9fense. Cette conf\u00e9rence annuelle de la Chaire \u00c9conomie de d\u00e9fense avait pour objectif de pr\u00e9ciser les enjeux de l\u2019exportation en mati\u00e8re de d\u00e9fense pour l\u2019ensemble des acteurs concern\u00e9s (\u00c9tat, industriels, opinion publique) et de d\u00e9battre sur les \u00e9ventuelles adaptations \u00e0 envisager au titre de la politique d\u2019exportation de d\u00e9fense dans le contexte d\u2019autonomie strat\u00e9gique pr\u00f4n\u00e9 par les autorit\u00e9s fran\u00e7aises et europ\u00e9ennes et de d\u00e9veloppement des programmes d\u2019armement en coop\u00e9ration europ\u00e9enne.<strong><u><br><\/u><\/strong><\/p>\n\n\n\n<p class=\"has-text-align-center\"><strong>Synth\u00e8se<\/strong><br><em>par <\/em><strong><em>Olivier Martin<\/em><\/strong><br><em>Pr\u00e9sident du Comit\u00e9 de pilotage de la Chaire<\/em><\/p>\n\n\n\n<p>Cette conf\u00e9rence a permis de rappeler en pr\u00e9ambule <strong>quelques \u00e9l\u00e9ments fondamentaux sur les exportations d\u2019armements<\/strong> :<\/p>\n\n\n\n<ul class=\"wp-block-list\"><li>Les principales r\u00e9gions importatrices d\u2019armement restent l\u2019Asie-Oc\u00e9anie (42%) et le Moyen-Orient (33 %), la hi\u00e9rarchie des pays exportateurs demeurant globalement stable, avec une domination des exportations de d\u00e9fense par les \u00c9tats-Unis (37%) puis la Russie (20%)&nbsp;;<\/li><li>La France se situe d\u00e9sormais \u00e0 la 3\u00e8me place (8%) gr\u00e2ce \u00e0 une forte croissance de ses exportations depuis 10 ans, port\u00e9e notamment par les r\u00e9cents grands contrats Rafale (\u00c9gypte, Inde, Qatar et plus r\u00e9cemment Croatie, Gr\u00e8ce et bient\u00f4t EAU) et navals (\u00c9gypte, Gr\u00e8ce, Belgique\/Pays-Bas, \u2026)&nbsp;;<\/li><\/ul>\n\n\n\n<div class=\"wp-block-image\"><figure class=\"aligncenter size-full is-resized\"><img loading=\"lazy\" decoding=\"async\" src=\"https:\/\/ecodef-ihedn.fr\/wp-content\/uploads\/2022\/05\/Image1.png\" alt=\"\" class=\"wp-image-4856\" width=\"443\" height=\"252\"\/><figcaption><em>Part des exportations mondiales d\u2019armements de 2016 \u00e0 2020<\/em><\/figcaption><\/figure><\/div>\n\n\n\n<ul class=\"wp-block-list\"><li>L\u2019arriv\u00e9e de nouveaux entrants tels que la Chine, s\u2019appuyant sur une croissance soutenue de son budget de d\u00e9fense depuis plus de 30 ans (\u00e9v\u00e8nement unique dans l\u2019histoire), a \u00e9t\u00e9 soulign\u00e9e de m\u00eame que l\u2019entr\u00e9e plus r\u00e9cente de la Cor\u00e9e du Sud et la Turquie, d\u00e9sormais dans le top 10 des pays exportateurs, ces pays ayant \u00e9galement investi depuis plusieurs d\u00e9cennies dans leur industrie de d\u00e9fense dans une perspective de d\u00e9veloppement de leur autonomie strat\u00e9gique&nbsp;;<\/li><\/ul>\n\n\n\n<ul class=\"wp-block-list\"><li>Sur le plan \u00e9conomique, les exportations d\u2019armement b\u00e9n\u00e9ficient au pays vendeur de multiples fa\u00e7ons&nbsp;: maintien des comp\u00e9tences de la base industrielle et technologique de d\u00e9fense que les seules commandes nationales ne permettent pas d\u2019assurer, baisse des co\u00fbts par allongement des s\u00e9ries, d\u00e9veloppement des capacit\u00e9s d\u2019autofinancement des industriels gr\u00e2ce aux marges export, am\u00e9liorations apport\u00e9es sur les mat\u00e9riels gr\u00e2ce au financement des contrats export, versement de redevances, etc.&nbsp;<\/li><\/ul>\n\n\n\n<p>Il fut ensuite clairement rappel\u00e9 que <strong>l\u2019exportation d\u2019armements \u00e9tait certes un acte commercial entre un client et un fournisseur (industriel, voire \u00c9tat), mais \u00e9tait avant tout l&rsquo;expression d&rsquo;une politique \u00e9trang\u00e8re et de s\u00e9curit\u00e9, tant de la part du pays vendeur que du pays acheteur<\/strong>. De fa\u00e7on g\u00e9n\u00e9rale, elle constitue ainsi une coop\u00e9ration strat\u00e9gique entre les deux pays, avec une fourniture de mat\u00e9riel le plus souvent associ\u00e9e \u00e0 une coop\u00e9ration \u00e0 long terme couvrant de nombreux aspects&nbsp;op\u00e9rationnels (doctrine et conditions d\u2019emploi des mat\u00e9riels, formation des personnels, soutien des \u00e9quipements dans la dur\u00e9e, etc.) mais \u00e9galement un syst\u00e8me de r\u00e9assurance accord\u00e9 par le pays vendeur et souhait\u00e9 par le pays acheteur (Ex.&nbsp;: Exportations de la France vers la Gr\u00e8ce, des \u00c9tats-Unis vers la Pologne, etc.).<\/p>\n\n\n\n<p>Ce r\u00f4le politique des exportations d\u2019armements fut illustr\u00e9 par un<strong> parall\u00e8le entre les politiques fran\u00e7aise et allemande en ce domaine, notamment au travers de la place des exportations d\u2019armement et du r\u00f4le des industries de d\u00e9fense dans chacun de ces pays.<\/strong><\/p>\n\n\n\n<p>Puissance moyenne qui d\u00e9veloppe une strat\u00e9gie mondiale, <strong>la France<\/strong> doit d\u00e9tenir des forces capables d\u2019assurer les missions op\u00e9rationnelles d\u00e9finies par ses autorit\u00e9s gouvernementales, disposer des \u00e9quipements n\u00e9cessaires \u00e0 l\u2019accomplissement de ces missions et participer \u00e0 des coalitions militaires (OTAN, UE, \u2026) d\u00e9cid\u00e9es par ces autorit\u00e9s. Les exportations d\u2019armement repr\u00e9sentent alors une opportunit\u00e9 unique de conforter des alliances avec des pays alli\u00e9s dans des zones o\u00f9 la France peut utilement contribuer \u00e0 la stabilit\u00e9 r\u00e9gionale, tout en optimisant l&rsquo;acquisition d&rsquo;\u00e9quipements au profit de ses forces. Si, bien entendu, la France respecte ses engagements internationaux pris au titre des trait\u00e9s sur les exportations d\u2019armement (Trait\u00e9 sur le Commerce des Armes \u2026) avec un Parlement qui exerce un contr\u00f4le de plus en plus pr\u00e9cis sur les exportations d\u2019armements<a id=\"_ftnref1\" href=\"#_ftn1\">[1]<\/a>, la politique d\u2019exportation fran\u00e7aise, \u00e9l\u00e9ment cl\u00e9 de sa strat\u00e9gie de d\u00e9fense reste un sujet \u00e9minemment r\u00e9galien qu\u2019il n\u2019est pas question de transf\u00e9rer \u00e0 un niveau supranational.<\/p>\n\n\n\n<div class=\"wp-block-image\"><figure class=\"aligncenter size-full is-resized\"><img loading=\"lazy\" decoding=\"async\" src=\"https:\/\/ecodef-ihedn.fr\/wp-content\/uploads\/2022\/05\/Image2.png\" alt=\"\" class=\"wp-image-4857\" width=\"334\" height=\"216\"\/><\/figure><\/div>\n\n\n\n<p>Les exportations d\u2019armement sont donc activement soutenues par les autorit\u00e9s fran\u00e7aises (gouvernement et parlement) pour des raisons strat\u00e9giques, \u00e9conomiques et industrielles. Dans certains cas, elles furent m\u00eame prises en compte dans l\u2019ex\u00e9cution des lois de programmation militaire. Si cette situation peut para\u00eetre dangereuse sur le plan budg\u00e9taire et laisser craindre la cr\u00e9ation d\u2019une d\u00e9pendance \u00e0 l&rsquo;export de l\u2019industrie de d\u00e9fense, il fut rappel\u00e9 que cette \u00ab&nbsp;d\u00e9pendance&nbsp;\u00bb reste largement pr\u00e9f\u00e9rable \u00e0 la d\u00e9pendance politique qui r\u00e9sulterait d&rsquo;un approvisionnement de nos \u00e9quipements critiques par un \u00c9tat \u00e9tranger.<\/p>\n\n\n\n<p><strong>L\u2019industrie de d\u00e9fense fran\u00e7aise<\/strong> est ainsi construite autour de grands groupes avec, le plus souvent, une pr\u00e9sence encore significative de l\u2019\u00c9tat. Elle a pour mission de conforter la sup\u00e9riorit\u00e9 op\u00e9rationnelle des arm\u00e9es mais \u00e9galement de garantir l&rsquo;usage autonome de nos \u00e9quipements militaires et d\u2019\u00e9viter toute d\u00e9pendance vis-\u00e0-vis de l&rsquo;\u00e9tranger qui n&rsquo;aurait pas \u00e9t\u00e9 rationnellement, politiquement et librement choisie. Elle est donc \u00e9galement le r\u00e9sultat de la politique ext\u00e9rieure et de s\u00e9curit\u00e9 de notre pays. Nous sommes donc ici tr\u00e8s loin d\u2019une approche de march\u00e9.&nbsp;<\/p>\n\n\n\n<p>De son c\u00f4t\u00e9, l\u2019<strong>Allemagne<\/strong> consid\u00e8re l\u2019exportation d\u2019armements comme une activit\u00e9 \u00ab&nbsp;normale&nbsp;\u00bb avec ses volets commerciaux, \u00e9conomiques et industriels qu\u2019elle soutient mais sans poursuivre une politique de souverainet\u00e9 nationale. De fa\u00e7on g\u00e9n\u00e9rale, les exportations sont souvent critiqu\u00e9es et tr\u00e8s politis\u00e9es dans le d\u00e9bat public en Allemagne, notamment d&rsquo;un point de vue \u00e9thique. Ainsi, l\u2019Allemagne s\u2019efforce de limiter ses exportations d\u2019armements de mani\u00e8re stricte, tant au niveau juridique que politique. Deux lois importantes r\u00e9gissent cette politique&nbsp;: la loi sur le contr\u00f4le des armes de guerre, qui interdit globalement les exportations, et la loi sur les paiements \u00e0 l&rsquo;\u00e9tranger. Plus pr\u00e9cis\u00e9ment, l\u2019Allemagne a d\u00e9fini des crit\u00e8res stricts pour ses d\u00e9cisions en mati\u00e8re de licences d&rsquo;exportation, conduisant \u00e0 distinguer deux groupes de clients possibles&nbsp;:<\/p>\n\n\n\n<ol class=\"wp-block-list\" type=\"1\"><li>Les \u00ab&nbsp;Partenaires&nbsp;\u00bb, constitu\u00e9s des pays de l&rsquo;OTAN, de l&rsquo;Union europ\u00e9enne et des pays proches comme la Suisse, la Nouvelle-Z\u00e9lande, l&rsquo;Australie et le Japon. Pour ces pays, il n&rsquo;est pas n\u00e9cessaire de justifier une exportation&nbsp;: les exportations sont alors consid\u00e9r\u00e9es comme dans l\u2019int\u00e9r\u00eat de l\u2019Allemagne et de l\u2019Union europ\u00e9enne et ne doivent donc pas \u00eatre limit\u00e9es. Au contraire, les refus d\u2019exportations pour ces pays sont une exception et doivent \u00eatre justifi\u00e9s&nbsp;;<\/li><li>Les autres pays o\u00f9, en revanche, les exportations d\u2019armement sont en principe interdites. Toute exception (autorisation) doit alors \u00eatre justifi\u00e9e et d\u00e9cid\u00e9e au cas par cas en fonction des int\u00e9r\u00eats politiques de l\u2019Allemagne<a href=\"#_ftn2\" id=\"_ftnref2\">[2]<\/a>.<\/li><\/ol>\n\n\n\n<p>Cependant, la plus grande critique envers Berlin des partenaires de l&rsquo;Allemagne concerne surtout l\u2019impr\u00e9visibilit\u00e9 et l\u2019inconsistance de ses d\u00e9cisions en mati\u00e8re d\u2019exportation<a href=\"#_ftn3\" id=\"_ftnref3\">[3]<\/a>.<\/p>\n\n\n\n<div class=\"wp-block-image\"><figure class=\"aligncenter size-large is-resized\"><img loading=\"lazy\" decoding=\"async\" src=\"https:\/\/ecodef-ihedn.fr\/wp-content\/uploads\/2022\/05\/Image3-1024x576.jpg\" alt=\"\" class=\"wp-image-4858\" width=\"768\" height=\"432\" srcset=\"https:\/\/ecodef-ihedn.fr\/wp-content\/uploads\/2022\/05\/Image3-1024x576.jpg 1024w, https:\/\/ecodef-ihedn.fr\/wp-content\/uploads\/2022\/05\/Image3-300x169.jpg 300w, https:\/\/ecodef-ihedn.fr\/wp-content\/uploads\/2022\/05\/Image3-768x432.jpg 768w, https:\/\/ecodef-ihedn.fr\/wp-content\/uploads\/2022\/05\/Image3-696x392.jpg 696w, https:\/\/ecodef-ihedn.fr\/wp-content\/uploads\/2022\/05\/Image3-1392x783.jpg 1392w, https:\/\/ecodef-ihedn.fr\/wp-content\/uploads\/2022\/05\/Image3-1068x601.jpg 1068w, https:\/\/ecodef-ihedn.fr\/wp-content\/uploads\/2022\/05\/Image3-747x420.jpg 747w, https:\/\/ecodef-ihedn.fr\/wp-content\/uploads\/2022\/05\/Image3.jpg 1440w\" sizes=\"auto, (max-width: 768px) 100vw, 768px\" \/><figcaption><em>Signature du trait\u00e9 d\u2019Aix-la-Chapelle, 22 janvier 2019 (photo John MacDougall, AFP)<\/em><\/figcaption><\/figure><\/div>\n\n\n\n<p>Enfin, une approche encore plus restrictive et surtout juridiquement plus contraignante sur ces sujets est actuellement attendue avec la nouvelle coalition au pouvoir depuis octobre 2021. L\u2019objectif serait d\u00e9sormais, au niveau national, de figer davantage les r\u00e8gles d\u2019exportation et de limiter les d\u00e9rogations avec un objectif clair de r\u00e9duction accrue des exportations et au niveau europ\u00e9en, de soutenir l\u2019adoption d\u2019un r\u00e8glement sur les exportations en coop\u00e9ration avec ses partenaires europ\u00e9ens.<\/p>\n\n\n\n<p><strong>L\u2019industrie de d\u00e9fense allemande<\/strong> est majoritairement priv\u00e9e depuis les ann\u00e9es 1970, constitu\u00e9e principalement autour d\u2019ETI\/PME. Elle n&rsquo;est pas cruciale ou structurante pour la puissance \u00e9conomique de l&rsquo;Allemagne et reste consid\u00e9r\u00e9e comme une activit\u00e9 \u00ab&nbsp;normale&nbsp;\u00bb, avec ses volets commerciaux, \u00e9conomiques et industriels mais sans poursuite d\u2019une politique de souverainet\u00e9. L\u2019industrie de d\u00e9fense allemande ne joue donc pas de r\u00f4le significatif sur le plan strat\u00e9gique. Enfin, cette industrie jouit d\u2019une r\u00e9putation ambivalente aupr\u00e8s de nombreux responsables politiques avec laquelle nombre d\u2019entre eux pr\u00e9f\u00e8rent garder leurs distances.<\/p>\n\n\n\n<p>En r\u00e9sum\u00e9, en France, l&rsquo;\u00c9tat joue un r\u00f4le consid\u00e9rable dans la politique d&rsquo;armement, son industrie reste importante sur le plan \u00e9conomique et est consid\u00e9r\u00e9e comme un \u00e9l\u00e9ment cl\u00e9 pour pr\u00e9server la souverainet\u00e9 nationale&nbsp;du pays : elle m\u00e9rite donc protection et soutien. En Allemagne, l\u2019\u00c9tat f\u00e9d\u00e9ral s\u2019occupe peu de la politique d\u2019armement et se m\u00e9fie plut\u00f4t des exportations, son industrie n\u2019est pas partie prenante de la strat\u00e9gie de d\u00e9fense nationale et son poids \u00e9conomique reste limit\u00e9&nbsp;: si elle peut \u00eatre soutenue au niveau des Lander, elle ne l\u2019est pas r\u00e9ellement au niveau f\u00e9d\u00e9ral.<\/p>\n\n\n\n<p>Enfin, cette conf\u00e9rence permit d\u2019aborder deux sujets majeurs li\u00e9s \u00e0 l\u2019\u00e9volution de l\u2019environnement autour des exportations d\u2019armement et plus largement des activit\u00e9s de d\u00e9fense&nbsp;: le <strong>d\u00e9veloppement durable<\/strong> avec la mise en \u0153uvre des crit\u00e8res ESG et, plus pr\u00e9cis\u00e9ment, les <strong>probl\u00e9matiques de soutien financier des activit\u00e9s de d\u00e9fense<\/strong>.<\/p>\n\n\n\n<p>Au m\u00eame titre que l\u2019ensemble des acteurs \u00e9conomiques, les entreprises de d\u00e9fense se sont engag\u00e9es sans difficult\u00e9 dans la d\u00e9marche de d\u00e9veloppement durable. Pour m\u00e9moire, l&rsquo;ONU a d\u00e9fini dix-sept objectifs de d\u00e9veloppement durable, parmi lesquels la paix. En effet, la paix et la s\u00e9curit\u00e9 sont les premi\u00e8res des grandes n\u00e9cessit\u00e9s pour assurer un d\u00e9veloppement durable, plus respectueux de l&rsquo;environnement, plus inclusif et \u00e9quitable. Or, pour une soci\u00e9t\u00e9 d\u00e9mocratique comme la n\u00f4tre, il ne peut y avoir de s\u00e9curit\u00e9 sans une industrie de d\u00e9fense permettant de disposer des moyens qui concourent au maintien de cette paix. Les industries de d\u00e9fense sont donc un acteur cl\u00e9 en mati\u00e8re de d\u00e9veloppement durable. Dans cette perspective, les industriels de d\u00e9fense sont pr\u00eats \u00e0 travailler collectivement avec les autorit\u00e9s publiques en rappelant \u00e0 nos opinions publiques les valeurs fondamentales de la d\u00e9fense, \u00e0 savoir que le premier devoir d&rsquo;un \u00c9tat est de d\u00e9fendre ses concitoyens.<\/p>\n\n\n\n<div class=\"wp-block-image\"><figure class=\"aligncenter size-full\"><img decoding=\"async\" src=\"https:\/\/ecodef-ihedn.fr\/wp-content\/uploads\/2022\/05\/Image4.png\" alt=\"\" class=\"wp-image-4859\"\/><figcaption><em>16<sup>\u00e8me<\/sup> objectif de l\u2019ONU en mati\u00e8re de d\u00e9veloppement durable<\/em><\/figcaption><\/figure><\/div>\n\n\n\n<p>Sur le plan environnemental, il fut rappel\u00e9 que les entreprises de d\u00e9fense ont adopt\u00e9 depuis de nombreuses ann\u00e9es une d\u00e9marche analogue \u00e0 celle de l\u2019ensemble du secteur industriel, m\u00eame s\u2019il est clair que leur empreinte environnementale et \u00e9nerg\u00e9tique restera faible, compte tenu du volume limit\u00e9 de leurs activit\u00e9s industrielles propres.<\/p>\n\n\n\n<p>Enfin, il est m\u00eame de l\u2019int\u00e9r\u00eat de l\u2019industrie de d\u00e9fense d\u2019adopter une d\u00e9marche efficace en mati\u00e8re de d\u00e9veloppement durable afin notamment de pr\u00e9server son attractivit\u00e9 aupr\u00e8s de ses salari\u00e9s et futurs employ\u00e9s.<\/p>\n\n\n\n<p>En mati\u00e8re de soutien financier, cette conf\u00e9rence a soulign\u00e9 qu\u2019une partie des investisseurs mondiaux se d\u00e9tournaient aujourd\u2019hui du secteur de la d\u00e9fense. Tout d\u2019abord, il convient de constater que cette tendance frappe essentiellement les entreprises de d\u00e9fense europ\u00e9ennes, les entreprises de d\u00e9fense d\u2019autres grands pays (UAS, Russie, Chine, Inde \u2026) n\u2019\u00e9tant pas affect\u00e9es pour des raisons vari\u00e9es de la m\u00eame mani\u00e8re par ce ph\u00e9nom\u00e8ne. Afin de rassurer ces investisseurs, les entreprises de d\u00e9fense ont depuis de nombreuses ann\u00e9es consid\u00e9rablement renforc\u00e9 leurs modes de gouvernance et leurs processus internes d\u2019ordre \u00e9thique.<\/p>\n\n\n\n<p>De fa\u00e7on plus pr\u00e9cise, les difficult\u00e9s en mati\u00e8re de financement bancaire impactent aujourd\u2019hui surtout les PME \/ ETI, non seulement au titre de leurs activit\u00e9s export, mais \u00e9galement de leur propre d\u00e9veloppement. Cette situation s\u2019inscrit dans un contexte g\u00e9n\u00e9ral de tr\u00e8s fort renforcement des r\u00e9glementations bancaires et d\u2019aversion croissante aux risques de ces \u00e9tablissements. Cela a pu conduire quelquefois \u00e0 rechercher pour des op\u00e9rations export des cr\u00e9dits bancaires aupr\u00e8s de filiales de banques \u00e9trang\u00e8res plut\u00f4t que de banques fran\u00e7aises, ce qui fut jug\u00e9 regrettable pour des op\u00e9rations sensibles. Afin de rem\u00e9dier \u00e0 cette situation, un dialogue a \u00e9t\u00e9 r\u00e9cemment initi\u00e9 entre les industries de d\u00e9fense, via leurs groupements industriels, et l\u2019Association Fran\u00e7aise des Banques, afin notamment de simplifier les proc\u00e9dures de mise en place de cr\u00e9dits et d\u00e9velopper une p\u00e9dagogie mutuelle visant \u00e0 une meilleure compr\u00e9hension des probl\u00e9matiques de l&rsquo;industrie de d\u00e9fense par les divisions conformit\u00e9 des banques et de celles des banques par les entrepreneurs.<\/p>\n\n\n\n<p>Enfin, au niveau europ\u00e9en, la Commission europ\u00e9enne s\u2019est engag\u00e9e depuis plusieurs ann\u00e9es dans un agenda de responsabilisation des investissements financiers, qui pourrait toucher le secteur industriel de d\u00e9fense, alors qu\u2019elle a par ailleurs r\u00e9cemment cr\u00e9\u00e9 une direction g\u00e9n\u00e9rale (DG DEFIS) en charge de soutenir l\u2019industrie de d\u00e9fense europ\u00e9enne dans une perspective d\u2019autonomie strat\u00e9gique. Il a donc \u00e9t\u00e9 soulign\u00e9 l\u2019importance d\u2019assurer une coh\u00e9rence au niveau de l\u2019UE entre cette politique de soutien de son industrie de d\u00e9fense et, dans le m\u00eame temps, une politique qui peut conduire le secteur bancaire \u00e0 ne plus financer cette m\u00eame industrie de d\u00e9fense.<\/p>\n\n\n\n<p>En conclusion, j\u2019avais indiqu\u00e9 lors de l\u2019ouverture de cette conf\u00e9rence que le th\u00e8me abord\u00e9 \u00e0 cette occasion \u00ab&nbsp;Quelle politique d&rsquo;exportation de d\u00e9fense pour la France&nbsp;? \u00bb \u00e9tait un sujet majeur pour notre pays mais \u00e9galement pour l\u2019Europe et qu\u2019il \u00e9tait au c\u0153ur de l&rsquo;actualit\u00e9 du moment. Je crois pouvoir dire que les r\u00e9cents \u00e9v\u00e8nements depuis quelques mois en Europe ont tr\u00e8s largement fait \u00e9voluer ce dossier comme je ne l\u2019imaginais certainement pas et ont en quelque sorte \u00ab&nbsp;remis les choses \u00e0 l\u2019heure&nbsp;\u00bb. En effet, la situation en Ukraine a conduit tr\u00e8s rapidement plusieurs pays europ\u00e9ens \u00e0 revoir compl\u00e8tement leur politique d\u2019exportation d\u2019armements, y compris de produits l\u00e9taux. Nombre d\u2019entre eux ont annonc\u00e9 des augmentations significatives de leurs investissements de d\u00e9fense. Enfin, l\u2019Union Europ\u00e9enne semble avoir d\u00e9sormais compris toute l\u2019importance de pouvoir disposer d\u2019une industrie de d\u00e9fense capable de contribuer \u00e0 sa s\u00e9curit\u00e9. Il convient d\u2019esp\u00e9rer que cet enseignement sera retenu lorsque la situation en Ukraine sera redevenue moins critique et que les risques importants auxquels faisait face l\u2019industrie de d\u00e9fense europ\u00e9enne ne resurgiront pas.<\/p>\n\n\n\n<hr class=\"wp-block-separator\"\/>\n\n\n\n<p><a href=\"#_ftnref1\" id=\"_ftn1\">[1]<\/a> &nbsp;&nbsp;&nbsp; Ce contr\u00f4le inclut depuis peu l\u2019exportation des biens \u00e0 double usage.<\/p>\n\n\n\n<p><a href=\"#_ftnref2\" id=\"_ftn2\">[2]<\/a> &nbsp;&nbsp;&nbsp; Il s\u2019agit alors de d\u00e9cisions hautement politiques, comme la vente de sous-marins \u00e0 Isra\u00ebl ou de chars de combat \u00e0 l\u2019Arabie Saoudite et aujourd\u2019hui de missiles \u00e0 l\u2019Ukraine.<\/p>\n\n\n\n<p><a id=\"_ftn3\" href=\"#_ftnref3\">[3]<\/a> &nbsp;&nbsp;&nbsp; Afin de rassurer son partenaire fran\u00e7ais, l\u2019Allemagne a sign\u00e9 en 2019, non sans peine, avec la France le trait\u00e9 d\u2019Aix-la-Chapelle pr\u00e9voyant les r\u00e8gles d&rsquo;exportation communes en cas de coop\u00e9ration \u00e9tatique ou industrielle entre les deux pays.<\/p>\n\n\n\n<div class=\"wp-block-buttons is-layout-flex wp-block-buttons-is-layout-flex\">\n<div class=\"wp-block-button aligncenter\"><a class=\"wp-block-button__link\" href=\"https:\/\/ecodef-ihedn.fr\/wp-content\/uploads\/2022\/05\/2022-05-Chaire-ECODEF-IHEDN-CR-Conference-annuelle-15-12-2021.pdf\" target=\"_blank\" rel=\"noreferrer noopener\">t\u00e9l\u00e9charger la synth\u00e8se et le compte rendu d\u00e9taill\u00e9<\/a><\/div>\n<\/div>\n\n\n\n<div style=\"height:10px\" aria-hidden=\"true\" class=\"wp-block-spacer\"><\/div>\n\n\n\n<div class=\"wp-block-buttons is-layout-flex wp-block-buttons-is-layout-flex\">\n<div class=\"wp-block-button aligncenter\"><a class=\"wp-block-button__link\" href=\"https:\/\/www.youtube.com\/playlist?list=PLzMFMsSJpwt_Wo0Ti9fP1AHV2-OhXHNmK\" target=\"_blank\" rel=\"noreferrer noopener\">voir ou revoir la conf\u00e9rence<\/a><\/div>\n<\/div>\n\n\n\n<p><\/p>\n","protected":false},"excerpt":{"rendered":"<p>La Chaire \u00c9conomie de d\u00e9fense &#8211; IHEDN a le plaisir de vous pr\u00e9senter la synth\u00e8se de sa derni\u00e8re Conf\u00e9rence annuelle, consacr\u00e9e \u00e0 la politique d&rsquo;exportation de d\u00e9fense de la France Introduction Les exportations de d\u00e9fense constituent un levier important de la politique de d\u00e9fense et de s\u00e9curit\u00e9 nationale. Elles sont un outil diplomatique de premi\u00e8re [&hellip;]<\/p>\n","protected":false},"author":2,"featured_media":4855,"comment_status":"open","ping_status":"open","sticky":false,"template":"","format":"standard","meta":{"footnotes":""},"categories":[34,355],"tags":[570,559,162,285,563,549,163,193,103,47,551,476,552,566,38,149,287,565,86,558,567,562,417,561,569,550,525,564,568,560],"class_list":{"0":"post-4853","1":"post","2":"type-post","3":"status-publish","4":"format-standard","5":"has-post-thumbnail","7":"category-activites","8":"category-activites-evenements-portes-par-la-chaire","9":"tag-airbus","10":"tag-bertrand-le-meur","11":"tag-chaire-economie-de-defense","12":"tag-christian-de-boissieu","13":"tag-claudia-major","14":"tag-compte-rendu","15":"tag-conference-annuelle","16":"tag-dga","17":"tag-ecole-militaire","18":"tag-economie-de-defense","19":"tag-exportation-de-defense","20":"tag-exportations","21":"tag-foch","22":"tag-gicat","23":"tag-ihedn","24":"tag-industrie-de-defense","25":"tag-jean-belin","26":"tag-jean-marc-duquesne","27":"tag-julien-malizard","28":"tag-lucie-beraud-sudreau","29":"tag-marion-paradas","30":"tag-nexter","31":"tag-olivier-martin","32":"tag-olivier-travert","33":"tag-philippe-coq","34":"tag-politique-dexportation","35":"tag-sipri","36":"tag-swp","37":"tag-thales","38":"tag-thierry-carlier"},"yoast_head":"<!-- This site is optimized with the Yoast SEO plugin v27.4 - https:\/\/yoast.com\/product\/yoast-seo-wordpress\/ -->\n<title>[SYNTH\u00c8SE] Conf\u00e9rence annuelle \u201cQuelle politique d&#039;exportation de d\u00e9fense pour la France ?\u201d (15 d\u00e9cembre 2021 \u00e0 l\u2019\u00c9cole militaire) - Chaire \u00c9conomie de d\u00e9fense - IHEDN<\/title>\n<meta name=\"robots\" content=\"index, follow, max-snippet:-1, max-image-preview:large, max-video-preview:-1\" \/>\n<link rel=\"canonical\" href=\"https:\/\/ecodef-ihedn.fr\/en\/synthese-conference-annuelle-quelle-politique-dexportation-de-defense-pour-la-france-15-decembre-2021-a-lecole-militaire\/\" \/>\n<meta property=\"og:locale\" content=\"en_GB\" \/>\n<meta property=\"og:type\" content=\"article\" \/>\n<meta property=\"og:title\" content=\"[SYNTH\u00c8SE] Conf\u00e9rence annuelle \u201cQuelle politique d&#039;exportation de d\u00e9fense pour la France ?\u201d (15 d\u00e9cembre 2021 \u00e0 l\u2019\u00c9cole militaire) - Chaire \u00c9conomie de d\u00e9fense - IHEDN\" \/>\n<meta property=\"og:description\" content=\"La Chaire \u00c9conomie de d\u00e9fense &#8211; IHEDN a le plaisir de vous pr\u00e9senter la synth\u00e8se de sa derni\u00e8re Conf\u00e9rence annuelle, consacr\u00e9e \u00e0 la politique d&rsquo;exportation de d\u00e9fense de la France Introduction Les exportations de d\u00e9fense constituent un levier important de la politique de d\u00e9fense et de s\u00e9curit\u00e9 nationale. Elles sont un outil diplomatique de premi\u00e8re [&hellip;]\" \/>\n<meta property=\"og:url\" content=\"https:\/\/ecodef-ihedn.fr\/en\/synthese-conference-annuelle-quelle-politique-dexportation-de-defense-pour-la-france-15-decembre-2021-a-lecole-militaire\/\" \/>\n<meta property=\"og:site_name\" content=\"Chaire \u00c9conomie de d\u00e9fense - IHEDN\" \/>\n<meta property=\"article:published_time\" content=\"2022-05-24T07:22:43+00:00\" \/>\n<meta property=\"article:modified_time\" content=\"2022-05-24T07:52:47+00:00\" \/>\n<meta property=\"og:image\" content=\"https:\/\/ecodef-ihedn.fr\/wp-content\/uploads\/2022\/05\/01-conference-ihedn-sb20211215001-light.jpg\" \/>\n\t<meta property=\"og:image:width\" content=\"1162\" \/>\n\t<meta property=\"og:image:height\" content=\"775\" \/>\n\t<meta property=\"og:image:type\" content=\"image\/jpeg\" \/>\n<meta name=\"author\" content=\"Bertrand Demandre\" \/>\n<meta name=\"twitter:card\" content=\"summary_large_image\" \/>\n<meta name=\"twitter:creator\" content=\"@Chaire_Ecodef\" \/>\n<meta name=\"twitter:site\" content=\"@Chaire_Ecodef\" \/>\n<meta name=\"twitter:label1\" content=\"Written by\" \/>\n\t<meta name=\"twitter:data1\" content=\"Bertrand Demandre\" \/>\n\t<meta name=\"twitter:label2\" content=\"Estimated reading time\" \/>\n\t<meta name=\"twitter:data2\" content=\"14 minutes\" \/>\n<script type=\"application\/ld+json\" class=\"yoast-schema-graph\">{\"@context\":\"https:\\\/\\\/schema.org\",\"@graph\":[{\"@type\":\"Article\",\"@id\":\"https:\\\/\\\/ecodef-ihedn.fr\\\/synthese-conference-annuelle-quelle-politique-dexportation-de-defense-pour-la-france-15-decembre-2021-a-lecole-militaire\\\/#article\",\"isPartOf\":{\"@id\":\"https:\\\/\\\/ecodef-ihedn.fr\\\/synthese-conference-annuelle-quelle-politique-dexportation-de-defense-pour-la-france-15-decembre-2021-a-lecole-militaire\\\/\"},\"author\":{\"name\":\"Bertrand Demandre\",\"@id\":\"https:\\\/\\\/ecodef-ihedn.fr\\\/#\\\/schema\\\/person\\\/1cdf22d028cebe278126a6e07a884d30\"},\"headline\":\"[SYNTH\u00c8SE] Conf\u00e9rence annuelle \u201cQuelle politique d&rsquo;exportation de d\u00e9fense pour la France ?\u201d (15 d\u00e9cembre 2021 \u00e0 l\u2019\u00c9cole militaire)\",\"datePublished\":\"2022-05-24T07:22:43+00:00\",\"dateModified\":\"2022-05-24T07:52:47+00:00\",\"mainEntityOfPage\":{\"@id\":\"https:\\\/\\\/ecodef-ihedn.fr\\\/synthese-conference-annuelle-quelle-politique-dexportation-de-defense-pour-la-france-15-decembre-2021-a-lecole-militaire\\\/\"},\"wordCount\":2893,\"commentCount\":0,\"publisher\":{\"@id\":\"https:\\\/\\\/ecodef-ihedn.fr\\\/#organization\"},\"image\":{\"@id\":\"https:\\\/\\\/ecodef-ihedn.fr\\\/synthese-conference-annuelle-quelle-politique-dexportation-de-defense-pour-la-france-15-decembre-2021-a-lecole-militaire\\\/#primaryimage\"},\"thumbnailUrl\":\"https:\\\/\\\/ecodef-ihedn.fr\\\/wp-content\\\/uploads\\\/2022\\\/05\\\/01-conference-ihedn-sb20211215001-light.jpg\",\"keywords\":[\"Airbus\",\"Bertrand Le Meur\",\"chaire \u00e9conomie de d\u00e9fense\",\"Christian de Boissieu\",\"Claudia Major\",\"compte rendu\",\"conf\u00e9rence annuelle\",\"DGA\",\"Ecole Militaire\",\"\u00e9conomie de d\u00e9fense\",\"exportation de d\u00e9fense\",\"exportations\",\"Foch\",\"GICAT\",\"IHEDN\",\"industrie de d\u00e9fense\",\"Jean Belin\",\"Jean-Marc Duquesne\",\"Julien Malizard\",\"Lucie B\u00e9raud-Sudreau\",\"Marion Paradas\",\"Nexter\",\"Olivier Martin\",\"Olivier Travert\",\"Philippe Coq\",\"politique d\u2019exportation\",\"SIPRI\",\"SWP\",\"Thales\",\"Thierry Carlier\"],\"articleSection\":[\"Activit\u00e9s\",\"Activit\u00e9s : \u00e9v\u00e9nements port\u00e9s par la Chaire\"],\"inLanguage\":\"en-GB\",\"potentialAction\":[{\"@type\":\"CommentAction\",\"name\":\"Comment\",\"target\":[\"https:\\\/\\\/ecodef-ihedn.fr\\\/synthese-conference-annuelle-quelle-politique-dexportation-de-defense-pour-la-france-15-decembre-2021-a-lecole-militaire\\\/#respond\"]}]},{\"@type\":\"WebPage\",\"@id\":\"https:\\\/\\\/ecodef-ihedn.fr\\\/synthese-conference-annuelle-quelle-politique-dexportation-de-defense-pour-la-france-15-decembre-2021-a-lecole-militaire\\\/\",\"url\":\"https:\\\/\\\/ecodef-ihedn.fr\\\/synthese-conference-annuelle-quelle-politique-dexportation-de-defense-pour-la-france-15-decembre-2021-a-lecole-militaire\\\/\",\"name\":\"[SYNTH\u00c8SE] Conf\u00e9rence annuelle \u201cQuelle politique d'exportation de d\u00e9fense pour la France ?\u201d (15 d\u00e9cembre 2021 \u00e0 l\u2019\u00c9cole militaire) - Chaire \u00c9conomie de d\u00e9fense - IHEDN\",\"isPartOf\":{\"@id\":\"https:\\\/\\\/ecodef-ihedn.fr\\\/#website\"},\"primaryImageOfPage\":{\"@id\":\"https:\\\/\\\/ecodef-ihedn.fr\\\/synthese-conference-annuelle-quelle-politique-dexportation-de-defense-pour-la-france-15-decembre-2021-a-lecole-militaire\\\/#primaryimage\"},\"image\":{\"@id\":\"https:\\\/\\\/ecodef-ihedn.fr\\\/synthese-conference-annuelle-quelle-politique-dexportation-de-defense-pour-la-france-15-decembre-2021-a-lecole-militaire\\\/#primaryimage\"},\"thumbnailUrl\":\"https:\\\/\\\/ecodef-ihedn.fr\\\/wp-content\\\/uploads\\\/2022\\\/05\\\/01-conference-ihedn-sb20211215001-light.jpg\",\"datePublished\":\"2022-05-24T07:22:43+00:00\",\"dateModified\":\"2022-05-24T07:52:47+00:00\",\"breadcrumb\":{\"@id\":\"https:\\\/\\\/ecodef-ihedn.fr\\\/synthese-conference-annuelle-quelle-politique-dexportation-de-defense-pour-la-france-15-decembre-2021-a-lecole-militaire\\\/#breadcrumb\"},\"inLanguage\":\"en-GB\",\"potentialAction\":[{\"@type\":\"ReadAction\",\"target\":[\"https:\\\/\\\/ecodef-ihedn.fr\\\/synthese-conference-annuelle-quelle-politique-dexportation-de-defense-pour-la-france-15-decembre-2021-a-lecole-militaire\\\/\"]}]},{\"@type\":\"ImageObject\",\"inLanguage\":\"en-GB\",\"@id\":\"https:\\\/\\\/ecodef-ihedn.fr\\\/synthese-conference-annuelle-quelle-politique-dexportation-de-defense-pour-la-france-15-decembre-2021-a-lecole-militaire\\\/#primaryimage\",\"url\":\"https:\\\/\\\/ecodef-ihedn.fr\\\/wp-content\\\/uploads\\\/2022\\\/05\\\/01-conference-ihedn-sb20211215001-light.jpg\",\"contentUrl\":\"https:\\\/\\\/ecodef-ihedn.fr\\\/wp-content\\\/uploads\\\/2022\\\/05\\\/01-conference-ihedn-sb20211215001-light.jpg\",\"width\":1162,\"height\":775},{\"@type\":\"BreadcrumbList\",\"@id\":\"https:\\\/\\\/ecodef-ihedn.fr\\\/synthese-conference-annuelle-quelle-politique-dexportation-de-defense-pour-la-france-15-decembre-2021-a-lecole-militaire\\\/#breadcrumb\",\"itemListElement\":[{\"@type\":\"ListItem\",\"position\":1,\"name\":\"Accueil\",\"item\":\"https:\\\/\\\/ecodef-ihedn.fr\\\/\"},{\"@type\":\"ListItem\",\"position\":2,\"name\":\"[SYNTH\u00c8SE] Conf\u00e9rence annuelle \u201cQuelle politique d&#8217;exportation de d\u00e9fense pour la France ?\u201d (15 d\u00e9cembre 2021 \u00e0 l\u2019\u00c9cole militaire)\"}]},{\"@type\":\"WebSite\",\"@id\":\"https:\\\/\\\/ecodef-ihedn.fr\\\/#website\",\"url\":\"https:\\\/\\\/ecodef-ihedn.fr\\\/\",\"name\":\"Chaire \u00c9conomie de D\u00e9fense - IHEDN\",\"description\":\"Produire &amp; soutenir, f\u00e9d\u00e9rer &amp; diffuser, \u00eatre une interface\",\"publisher\":{\"@id\":\"https:\\\/\\\/ecodef-ihedn.fr\\\/#organization\"},\"potentialAction\":[{\"@type\":\"SearchAction\",\"target\":{\"@type\":\"EntryPoint\",\"urlTemplate\":\"https:\\\/\\\/ecodef-ihedn.fr\\\/?s={search_term_string}\"},\"query-input\":{\"@type\":\"PropertyValueSpecification\",\"valueRequired\":true,\"valueName\":\"search_term_string\"}}],\"inLanguage\":\"en-GB\"},{\"@type\":\"Organization\",\"@id\":\"https:\\\/\\\/ecodef-ihedn.fr\\\/#organization\",\"name\":\"Chaire \u00c9conomie de d\u00e9fense - IHEDN\",\"url\":\"https:\\\/\\\/ecodef-ihedn.fr\\\/\",\"logo\":{\"@type\":\"ImageObject\",\"inLanguage\":\"en-GB\",\"@id\":\"https:\\\/\\\/ecodef-ihedn.fr\\\/#\\\/schema\\\/logo\\\/image\\\/\",\"url\":\"https:\\\/\\\/ecodef-ihedn.fr\\\/wp-content\\\/uploads\\\/2020\\\/04\\\/logoEcodef9.jpg\",\"contentUrl\":\"https:\\\/\\\/ecodef-ihedn.fr\\\/wp-content\\\/uploads\\\/2020\\\/04\\\/logoEcodef9.jpg\",\"width\":410,\"height\":212,\"caption\":\"Chaire \u00c9conomie de d\u00e9fense - IHEDN\"},\"image\":{\"@id\":\"https:\\\/\\\/ecodef-ihedn.fr\\\/#\\\/schema\\\/logo\\\/image\\\/\"},\"sameAs\":[\"https:\\\/\\\/x.com\\\/Chaire_Ecodef\",\"https:\\\/\\\/www.linkedin.com\\\/company\\\/chaire-ecodef-ihedn\\\/\"]},{\"@type\":\"Person\",\"@id\":\"https:\\\/\\\/ecodef-ihedn.fr\\\/#\\\/schema\\\/person\\\/1cdf22d028cebe278126a6e07a884d30\",\"name\":\"Bertrand Demandre\",\"image\":{\"@type\":\"ImageObject\",\"inLanguage\":\"en-GB\",\"@id\":\"https:\\\/\\\/secure.gravatar.com\\\/avatar\\\/d9c9746d6c900ab5b9c0f9b1fa3932e369da923da247d624b8f7ab4ba8a3c093?s=96&d=mm&r=g\",\"url\":\"https:\\\/\\\/secure.gravatar.com\\\/avatar\\\/d9c9746d6c900ab5b9c0f9b1fa3932e369da923da247d624b8f7ab4ba8a3c093?s=96&d=mm&r=g\",\"contentUrl\":\"https:\\\/\\\/secure.gravatar.com\\\/avatar\\\/d9c9746d6c900ab5b9c0f9b1fa3932e369da923da247d624b8f7ab4ba8a3c093?s=96&d=mm&r=g\",\"caption\":\"Bertrand Demandre\"},\"url\":\"https:\\\/\\\/ecodef-ihedn.fr\\\/en\\\/author\\\/bertrand\\\/\"}]}<\/script>\n<!-- \/ Yoast SEO plugin. -->","yoast_head_json":{"title":"[SYNTH\u00c8SE] Conf\u00e9rence annuelle \u201cQuelle politique d'exportation de d\u00e9fense pour la France ?\u201d (15 d\u00e9cembre 2021 \u00e0 l\u2019\u00c9cole militaire) - Chaire \u00c9conomie de d\u00e9fense - IHEDN","robots":{"index":"index","follow":"follow","max-snippet":"max-snippet:-1","max-image-preview":"max-image-preview:large","max-video-preview":"max-video-preview:-1"},"canonical":"https:\/\/ecodef-ihedn.fr\/en\/synthese-conference-annuelle-quelle-politique-dexportation-de-defense-pour-la-france-15-decembre-2021-a-lecole-militaire\/","og_locale":"en_GB","og_type":"article","og_title":"[SYNTH\u00c8SE] Conf\u00e9rence annuelle \u201cQuelle politique d'exportation de d\u00e9fense pour la France ?\u201d (15 d\u00e9cembre 2021 \u00e0 l\u2019\u00c9cole militaire) - Chaire \u00c9conomie de d\u00e9fense - IHEDN","og_description":"La Chaire \u00c9conomie de d\u00e9fense &#8211; IHEDN a le plaisir de vous pr\u00e9senter la synth\u00e8se de sa derni\u00e8re Conf\u00e9rence annuelle, consacr\u00e9e \u00e0 la politique d&rsquo;exportation de d\u00e9fense de la France Introduction Les exportations de d\u00e9fense constituent un levier important de la politique de d\u00e9fense et de s\u00e9curit\u00e9 nationale. Elles sont un outil diplomatique de premi\u00e8re [&hellip;]","og_url":"https:\/\/ecodef-ihedn.fr\/en\/synthese-conference-annuelle-quelle-politique-dexportation-de-defense-pour-la-france-15-decembre-2021-a-lecole-militaire\/","og_site_name":"Chaire \u00c9conomie de d\u00e9fense - IHEDN","article_published_time":"2022-05-24T07:22:43+00:00","article_modified_time":"2022-05-24T07:52:47+00:00","og_image":[{"width":1162,"height":775,"url":"https:\/\/ecodef-ihedn.fr\/wp-content\/uploads\/2022\/05\/01-conference-ihedn-sb20211215001-light.jpg","type":"image\/jpeg"}],"author":"Bertrand Demandre","twitter_card":"summary_large_image","twitter_creator":"@Chaire_Ecodef","twitter_site":"@Chaire_Ecodef","twitter_misc":{"Written by":"Bertrand Demandre","Estimated reading time":"14 minutes"},"schema":{"@context":"https:\/\/schema.org","@graph":[{"@type":"Article","@id":"https:\/\/ecodef-ihedn.fr\/synthese-conference-annuelle-quelle-politique-dexportation-de-defense-pour-la-france-15-decembre-2021-a-lecole-militaire\/#article","isPartOf":{"@id":"https:\/\/ecodef-ihedn.fr\/synthese-conference-annuelle-quelle-politique-dexportation-de-defense-pour-la-france-15-decembre-2021-a-lecole-militaire\/"},"author":{"name":"Bertrand Demandre","@id":"https:\/\/ecodef-ihedn.fr\/#\/schema\/person\/1cdf22d028cebe278126a6e07a884d30"},"headline":"[SYNTH\u00c8SE] Conf\u00e9rence annuelle \u201cQuelle politique d&rsquo;exportation de d\u00e9fense pour la France ?\u201d (15 d\u00e9cembre 2021 \u00e0 l\u2019\u00c9cole militaire)","datePublished":"2022-05-24T07:22:43+00:00","dateModified":"2022-05-24T07:52:47+00:00","mainEntityOfPage":{"@id":"https:\/\/ecodef-ihedn.fr\/synthese-conference-annuelle-quelle-politique-dexportation-de-defense-pour-la-france-15-decembre-2021-a-lecole-militaire\/"},"wordCount":2893,"commentCount":0,"publisher":{"@id":"https:\/\/ecodef-ihedn.fr\/#organization"},"image":{"@id":"https:\/\/ecodef-ihedn.fr\/synthese-conference-annuelle-quelle-politique-dexportation-de-defense-pour-la-france-15-decembre-2021-a-lecole-militaire\/#primaryimage"},"thumbnailUrl":"https:\/\/ecodef-ihedn.fr\/wp-content\/uploads\/2022\/05\/01-conference-ihedn-sb20211215001-light.jpg","keywords":["Airbus","Bertrand Le Meur","chaire \u00e9conomie de d\u00e9fense","Christian de Boissieu","Claudia Major","compte rendu","conf\u00e9rence annuelle","DGA","Ecole Militaire","\u00e9conomie de d\u00e9fense","exportation de d\u00e9fense","exportations","Foch","GICAT","IHEDN","industrie de d\u00e9fense","Jean Belin","Jean-Marc Duquesne","Julien Malizard","Lucie B\u00e9raud-Sudreau","Marion Paradas","Nexter","Olivier Martin","Olivier Travert","Philippe Coq","politique d\u2019exportation","SIPRI","SWP","Thales","Thierry Carlier"],"articleSection":["Activit\u00e9s","Activit\u00e9s : \u00e9v\u00e9nements port\u00e9s par la Chaire"],"inLanguage":"en-GB","potentialAction":[{"@type":"CommentAction","name":"Comment","target":["https:\/\/ecodef-ihedn.fr\/synthese-conference-annuelle-quelle-politique-dexportation-de-defense-pour-la-france-15-decembre-2021-a-lecole-militaire\/#respond"]}]},{"@type":"WebPage","@id":"https:\/\/ecodef-ihedn.fr\/synthese-conference-annuelle-quelle-politique-dexportation-de-defense-pour-la-france-15-decembre-2021-a-lecole-militaire\/","url":"https:\/\/ecodef-ihedn.fr\/synthese-conference-annuelle-quelle-politique-dexportation-de-defense-pour-la-france-15-decembre-2021-a-lecole-militaire\/","name":"[SYNTH\u00c8SE] Conf\u00e9rence annuelle \u201cQuelle politique d'exportation de d\u00e9fense pour la France ?\u201d (15 d\u00e9cembre 2021 \u00e0 l\u2019\u00c9cole militaire) - Chaire \u00c9conomie de d\u00e9fense - IHEDN","isPartOf":{"@id":"https:\/\/ecodef-ihedn.fr\/#website"},"primaryImageOfPage":{"@id":"https:\/\/ecodef-ihedn.fr\/synthese-conference-annuelle-quelle-politique-dexportation-de-defense-pour-la-france-15-decembre-2021-a-lecole-militaire\/#primaryimage"},"image":{"@id":"https:\/\/ecodef-ihedn.fr\/synthese-conference-annuelle-quelle-politique-dexportation-de-defense-pour-la-france-15-decembre-2021-a-lecole-militaire\/#primaryimage"},"thumbnailUrl":"https:\/\/ecodef-ihedn.fr\/wp-content\/uploads\/2022\/05\/01-conference-ihedn-sb20211215001-light.jpg","datePublished":"2022-05-24T07:22:43+00:00","dateModified":"2022-05-24T07:52:47+00:00","breadcrumb":{"@id":"https:\/\/ecodef-ihedn.fr\/synthese-conference-annuelle-quelle-politique-dexportation-de-defense-pour-la-france-15-decembre-2021-a-lecole-militaire\/#breadcrumb"},"inLanguage":"en-GB","potentialAction":[{"@type":"ReadAction","target":["https:\/\/ecodef-ihedn.fr\/synthese-conference-annuelle-quelle-politique-dexportation-de-defense-pour-la-france-15-decembre-2021-a-lecole-militaire\/"]}]},{"@type":"ImageObject","inLanguage":"en-GB","@id":"https:\/\/ecodef-ihedn.fr\/synthese-conference-annuelle-quelle-politique-dexportation-de-defense-pour-la-france-15-decembre-2021-a-lecole-militaire\/#primaryimage","url":"https:\/\/ecodef-ihedn.fr\/wp-content\/uploads\/2022\/05\/01-conference-ihedn-sb20211215001-light.jpg","contentUrl":"https:\/\/ecodef-ihedn.fr\/wp-content\/uploads\/2022\/05\/01-conference-ihedn-sb20211215001-light.jpg","width":1162,"height":775},{"@type":"BreadcrumbList","@id":"https:\/\/ecodef-ihedn.fr\/synthese-conference-annuelle-quelle-politique-dexportation-de-defense-pour-la-france-15-decembre-2021-a-lecole-militaire\/#breadcrumb","itemListElement":[{"@type":"ListItem","position":1,"name":"Accueil","item":"https:\/\/ecodef-ihedn.fr\/"},{"@type":"ListItem","position":2,"name":"[SYNTH\u00c8SE] Conf\u00e9rence annuelle \u201cQuelle politique d&#8217;exportation de d\u00e9fense pour la France ?\u201d (15 d\u00e9cembre 2021 \u00e0 l\u2019\u00c9cole militaire)"}]},{"@type":"WebSite","@id":"https:\/\/ecodef-ihedn.fr\/#website","url":"https:\/\/ecodef-ihedn.fr\/","name":"Chair in Defence Economics - IHEDN","description":"Produce &amp; support, federate &amp; disseminate, act as an interface","publisher":{"@id":"https:\/\/ecodef-ihedn.fr\/#organization"},"potentialAction":[{"@type":"SearchAction","target":{"@type":"EntryPoint","urlTemplate":"https:\/\/ecodef-ihedn.fr\/?s={search_term_string}"},"query-input":{"@type":"PropertyValueSpecification","valueRequired":true,"valueName":"search_term_string"}}],"inLanguage":"en-GB"},{"@type":"Organization","@id":"https:\/\/ecodef-ihedn.fr\/#organization","name":"Chair in Defence Economics - IHEDN","url":"https:\/\/ecodef-ihedn.fr\/","logo":{"@type":"ImageObject","inLanguage":"en-GB","@id":"https:\/\/ecodef-ihedn.fr\/#\/schema\/logo\/image\/","url":"https:\/\/ecodef-ihedn.fr\/wp-content\/uploads\/2020\/04\/logoEcodef9.jpg","contentUrl":"https:\/\/ecodef-ihedn.fr\/wp-content\/uploads\/2020\/04\/logoEcodef9.jpg","width":410,"height":212,"caption":"Chaire \u00c9conomie de d\u00e9fense - IHEDN"},"image":{"@id":"https:\/\/ecodef-ihedn.fr\/#\/schema\/logo\/image\/"},"sameAs":["https:\/\/x.com\/Chaire_Ecodef","https:\/\/www.linkedin.com\/company\/chaire-ecodef-ihedn\/"]},{"@type":"Person","@id":"https:\/\/ecodef-ihedn.fr\/#\/schema\/person\/1cdf22d028cebe278126a6e07a884d30","name":"Bertrand Demandre","image":{"@type":"ImageObject","inLanguage":"en-GB","@id":"https:\/\/secure.gravatar.com\/avatar\/d9c9746d6c900ab5b9c0f9b1fa3932e369da923da247d624b8f7ab4ba8a3c093?s=96&d=mm&r=g","url":"https:\/\/secure.gravatar.com\/avatar\/d9c9746d6c900ab5b9c0f9b1fa3932e369da923da247d624b8f7ab4ba8a3c093?s=96&d=mm&r=g","contentUrl":"https:\/\/secure.gravatar.com\/avatar\/d9c9746d6c900ab5b9c0f9b1fa3932e369da923da247d624b8f7ab4ba8a3c093?s=96&d=mm&r=g","caption":"Bertrand Demandre"},"url":"https:\/\/ecodef-ihedn.fr\/en\/author\/bertrand\/"}]}},"_links":{"self":[{"href":"https:\/\/ecodef-ihedn.fr\/en\/wp-json\/wp\/v2\/posts\/4853","targetHints":{"allow":["GET"]}}],"collection":[{"href":"https:\/\/ecodef-ihedn.fr\/en\/wp-json\/wp\/v2\/posts"}],"about":[{"href":"https:\/\/ecodef-ihedn.fr\/en\/wp-json\/wp\/v2\/types\/post"}],"author":[{"embeddable":true,"href":"https:\/\/ecodef-ihedn.fr\/en\/wp-json\/wp\/v2\/users\/2"}],"replies":[{"embeddable":true,"href":"https:\/\/ecodef-ihedn.fr\/en\/wp-json\/wp\/v2\/comments?post=4853"}],"version-history":[{"count":5,"href":"https:\/\/ecodef-ihedn.fr\/en\/wp-json\/wp\/v2\/posts\/4853\/revisions"}],"predecessor-version":[{"id":4945,"href":"https:\/\/ecodef-ihedn.fr\/en\/wp-json\/wp\/v2\/posts\/4853\/revisions\/4945"}],"wp:featuredmedia":[{"embeddable":true,"href":"https:\/\/ecodef-ihedn.fr\/en\/wp-json\/wp\/v2\/media\/4855"}],"wp:attachment":[{"href":"https:\/\/ecodef-ihedn.fr\/en\/wp-json\/wp\/v2\/media?parent=4853"}],"wp:term":[{"taxonomy":"category","embeddable":true,"href":"https:\/\/ecodef-ihedn.fr\/en\/wp-json\/wp\/v2\/categories?post=4853"},{"taxonomy":"post_tag","embeddable":true,"href":"https:\/\/ecodef-ihedn.fr\/en\/wp-json\/wp\/v2\/tags?post=4853"}],"curies":[{"name":"wp","href":"https:\/\/api.w.org\/{rel}","templated":true}]}}