{"id":4969,"date":"2022-05-24T19:02:00","date_gmt":"2022-05-24T19:02:00","guid":{"rendered":"https:\/\/ecodef-ihedn.fr\/podcast-irsem-julien-malizard-copy\/"},"modified":"2024-05-16T13:25:25","modified_gmt":"2024-05-16T13:25:25","slug":"vendre-des-armes-et-apres-julien-malizard-dans-le-collimateur-podcast-de-lirsem","status":"publish","type":"post","link":"https:\/\/ecodef-ihedn.fr\/en\/vendre-des-armes-et-apres-julien-malizard-dans-le-collimateur-podcast-de-lirsem\/","title":{"rendered":"\u00abSelling arms: what next? Julien Malizard in the Collimator, IRSEM podcast"},"content":{"rendered":"<p><strong>Speech by Julien Malizard, deputy holder of the Chair, in <strong>episode #155 of <em>Collimator<\/em>, <\/strong>IRSEM podcast on arms sales.<\/strong><\/p>\r\n\r\n\r\n<div class=\"wp-block-image\">\r\n<figure class=\"aligncenter size-large is-resized\"><a href=\"https:\/\/soundcloud.com\/le-collimateur\/vendre-des-armes-et-apres\" target=\"_blank\" rel=\"noopener\"><img loading=\"lazy\" decoding=\"async\" class=\"alignnone wp-image-4972\" src=\"https:\/\/ecodef-ihedn.fr\/wp-content\/uploads\/2022\/05\/collimateur-155-1024x670.png\" alt=\"\" width=\"768\" height=\"503\" srcset=\"https:\/\/ecodef-ihedn.fr\/wp-content\/uploads\/2022\/05\/collimateur-155-1024x670.png 1024w, https:\/\/ecodef-ihedn.fr\/wp-content\/uploads\/2022\/05\/collimateur-155-300x196.png 300w, https:\/\/ecodef-ihedn.fr\/wp-content\/uploads\/2022\/05\/collimateur-155-768x502.png 768w, https:\/\/ecodef-ihedn.fr\/wp-content\/uploads\/2022\/05\/collimateur-155-696x455.png 696w, https:\/\/ecodef-ihedn.fr\/wp-content\/uploads\/2022\/05\/collimateur-155-1392x910.png 1392w, https:\/\/ecodef-ihedn.fr\/wp-content\/uploads\/2022\/05\/collimateur-155-1068x698.png 1068w, https:\/\/ecodef-ihedn.fr\/wp-content\/uploads\/2022\/05\/collimateur-155-642x420.png 642w, https:\/\/ecodef-ihedn.fr\/wp-content\/uploads\/2022\/05\/collimateur-155-1284x840.png 1284w, https:\/\/ecodef-ihedn.fr\/wp-content\/uploads\/2022\/05\/collimateur-155-741x486.png 741w, https:\/\/ecodef-ihedn.fr\/wp-content\/uploads\/2022\/05\/collimateur-155.png 1416w\" sizes=\"auto, (max-width: 768px) 100vw, 768px\" \/><\/a><\/figure>\r\n<\/div>\r\n\r\n\r\n<p>Presented by<strong> Alexandre Jubelin<\/strong>, the latest episode of <em>Collimator<\/em>, podcast from\u2019<a href=\"https:\/\/www.irsem.fr\/index.html\" target=\"_blank\" rel=\"noreferrer noopener\"><strong>IRSEM<\/strong><\/a>, receives <strong>Julien Malizard<\/strong>, Deputy Chair, and <strong><a href=\"https:\/\/www.linkedin.com\/in\/ACoAAAI2EDUB1QnYlyMhLbrgOIZlr16ZZFcT-Ds\">Emma Soubrier<\/a><\/strong>, guest researcher at the Arab Gulf States Institute in Washington, author of the report \u00abWeaponized storytelling <em>French style<\/em> Demystifying France's narratives around its arms export policies\u00bb for the <a href=\"https:\/\/www.linkedin.com\/company\/world-peace-foundation\/\">World Peace Foundation<\/a>.<\/p>\r\n\r\n\r\n\r\n<p>This episode looks at the <strong>France's place<\/strong> in armaments contracts, as well as on <strong>measuring and controlling exports<\/strong>.<\/p>\r\n\r\n\r\n\r\n<div class=\"wp-block-buttons is-layout-flex wp-block-buttons-is-layout-flex\">\r\n<div class=\"wp-block-button aligncenter\"><a class=\"wp-block-button__link\" href=\"https:\/\/soundcloud.com\/le-collimateur\/vendre-des-armes-et-apres\" target=\"_blank\" rel=\"noopener\">listen to the podcast<\/a><\/div>\r\n<\/div>\r\n\r\n\r\n\r\n<div class=\"wp-block-spacer\" style=\"height: 10px;\" aria-hidden=\"true\">\u00a0<\/div>\r\n\r\n\r\n\r\n<div class=\"wp-block-buttons is-layout-flex wp-block-buttons-is-layout-flex\">\r\n<div class=\"wp-block-button aligncenter\"><a class=\"wp-block-button__link\" href=\"https:\/\/sites.tufts.edu\/wpf\/defense-industries,-foreign-policy-and-armed-conflict:-french-study\/\" target=\"_blank\" rel=\"noreferrer noopener\">read the report<\/a><\/div>\r\n<\/div>\r\n\r\n\r\n\r\n<p>&nbsp;<\/p>","protected":false},"excerpt":{"rendered":"<p>Intervention de Julien Malizard, titulaire adjoint de la Chaire, dans l&rsquo;\u00e9pisode #155 du Collimateur, podcast de l&rsquo;IRSEM, consacr\u00e9 aux ventes d&rsquo;armement. Pr\u00e9sent\u00e9 par Alexandre Jubelin, le dernier \u00e9pisode du Collimateur, podcast de l&rsquo;IRSEM, re\u00e7oit Julien Malizard, titulaire adjoint de la Chaire, et Emma Soubrier, chercheuse invit\u00e9e \u00e0 l\u2019Arab Gulf States Institute \u00e0 Washington, auteure du [&hellip;]<\/p>\n","protected":false},"author":2,"featured_media":4972,"comment_status":"open","ping_status":"open","sticky":false,"template":"","format":"standard","meta":{"footnotes":""},"categories":[358],"tags":[571,47,574,551,479,366,38,149,196,86,361,575,573],"class_list":{"0":"post-4969","1":"post","2":"type-post","3":"status-publish","4":"format-standard","5":"has-post-thumbnail","7":"category-medias","8":"tag-collimateur","9":"tag-economie-de-defense","10":"tag-emma-soubrier","11":"tag-exportation-de-defense","12":"tag-exportations-darmement","13":"tag-france","14":"tag-ihedn","15":"tag-industrie-de-defense","16":"tag-irsem","17":"tag-julien-malizard","18":"tag-podcast","19":"tag-vente-darmement","20":"tag-world-peace-foundation"},"yoast_head":"<!-- This site is optimized with the Yoast SEO plugin v27.4 - https:\/\/yoast.com\/product\/yoast-seo-wordpress\/ -->\n<title>&quot;Vendre des armes, et apr\u00e8s ?&quot; : Julien Malizard dans le Collimateur, podcast de l&#039;IRSEM - Chaire \u00c9conomie de d\u00e9fense - IHEDN<\/title>\n<meta name=\"description\" content=\"Retrouvez l\u2019intervention de Julien Malizard dans le Collimateur, podcast de l&#039;IRSEM, pour l&#039;\u00e9pisode &quot;Les armes fran\u00e7aises apportent-elles la paix dans le monde ?&quot;.\" \/>\n<meta name=\"robots\" content=\"index, follow, max-snippet:-1, max-image-preview:large, max-video-preview:-1\" \/>\n<link rel=\"canonical\" href=\"https:\/\/ecodef-ihedn.fr\/en\/vendre-des-armes-et-apres-julien-malizard-dans-le-collimateur-podcast-de-lirsem\/\" \/>\n<meta property=\"og:locale\" content=\"en_GB\" \/>\n<meta property=\"og:type\" content=\"article\" \/>\n<meta property=\"og:title\" content=\"&quot;Vendre des armes, et apr\u00e8s ?&quot; : Julien Malizard dans le Collimateur, podcast de l&#039;IRSEM - Chaire \u00c9conomie de d\u00e9fense - IHEDN\" \/>\n<meta property=\"og:description\" content=\"Retrouvez l\u2019intervention de Julien Malizard dans le Collimateur, podcast de l&#039;IRSEM, pour l&#039;\u00e9pisode &quot;Les armes fran\u00e7aises apportent-elles la paix dans le monde ?&quot;.\" \/>\n<meta property=\"og:url\" content=\"https:\/\/ecodef-ihedn.fr\/en\/vendre-des-armes-et-apres-julien-malizard-dans-le-collimateur-podcast-de-lirsem\/\" \/>\n<meta property=\"og:site_name\" content=\"Chaire \u00c9conomie de d\u00e9fense - IHEDN\" \/>\n<meta property=\"article:published_time\" content=\"2022-05-24T19:02:00+00:00\" \/>\n<meta property=\"article:modified_time\" content=\"2024-05-16T13:25:25+00:00\" \/>\n<meta property=\"og:image\" content=\"https:\/\/ecodef-ihedn.fr\/wp-content\/uploads\/2022\/05\/collimateur-155.png\" \/>\n\t<meta property=\"og:image:width\" content=\"1416\" \/>\n\t<meta property=\"og:image:height\" content=\"926\" \/>\n\t<meta property=\"og:image:type\" content=\"image\/png\" \/>\n<meta name=\"author\" content=\"Bertrand Demandre\" \/>\n<meta name=\"twitter:card\" content=\"summary_large_image\" \/>\n<meta name=\"twitter:creator\" content=\"@Chaire_Ecodef\" \/>\n<meta name=\"twitter:site\" content=\"@Chaire_Ecodef\" \/>\n<meta name=\"twitter:label1\" content=\"Written by\" \/>\n\t<meta name=\"twitter:data1\" content=\"Bertrand Demandre\" \/>\n\t<meta name=\"twitter:label2\" content=\"Estimated reading time\" \/>\n\t<meta name=\"twitter:data2\" content=\"1 minute\" \/>\n<script type=\"application\/ld+json\" class=\"yoast-schema-graph\">{\"@context\":\"https:\\\/\\\/schema.org\",\"@graph\":[{\"@type\":\"Article\",\"@id\":\"https:\\\/\\\/ecodef-ihedn.fr\\\/vendre-des-armes-et-apres-julien-malizard-dans-le-collimateur-podcast-de-lirsem\\\/#article\",\"isPartOf\":{\"@id\":\"https:\\\/\\\/ecodef-ihedn.fr\\\/vendre-des-armes-et-apres-julien-malizard-dans-le-collimateur-podcast-de-lirsem\\\/\"},\"author\":{\"name\":\"Bertrand Demandre\",\"@id\":\"https:\\\/\\\/ecodef-ihedn.fr\\\/#\\\/schema\\\/person\\\/1cdf22d028cebe278126a6e07a884d30\"},\"headline\":\"\u00ab\u00a0Vendre des armes, et apr\u00e8s ?\u00a0\u00bb : Julien Malizard dans le Collimateur, podcast de l&rsquo;IRSEM\",\"datePublished\":\"2022-05-24T19:02:00+00:00\",\"dateModified\":\"2024-05-16T13:25:25+00:00\",\"mainEntityOfPage\":{\"@id\":\"https:\\\/\\\/ecodef-ihedn.fr\\\/vendre-des-armes-et-apres-julien-malizard-dans-le-collimateur-podcast-de-lirsem\\\/\"},\"wordCount\":131,\"commentCount\":0,\"publisher\":{\"@id\":\"https:\\\/\\\/ecodef-ihedn.fr\\\/#organization\"},\"image\":{\"@id\":\"https:\\\/\\\/ecodef-ihedn.fr\\\/vendre-des-armes-et-apres-julien-malizard-dans-le-collimateur-podcast-de-lirsem\\\/#primaryimage\"},\"thumbnailUrl\":\"https:\\\/\\\/ecodef-ihedn.fr\\\/wp-content\\\/uploads\\\/2022\\\/05\\\/collimateur-155.png\",\"keywords\":[\"Collimateur\",\"\u00e9conomie de d\u00e9fense\",\"Emma Soubrier\",\"exportation de d\u00e9fense\",\"exportations d&#039;armement\",\"France\",\"IHEDN\",\"industrie de d\u00e9fense\",\"IRSEM\",\"Julien Malizard\",\"podcast\",\"vente d&#039;armement\",\"World Peace Foundation\"],\"articleSection\":[\"M\u00e9dias\"],\"inLanguage\":\"en-GB\",\"potentialAction\":[{\"@type\":\"CommentAction\",\"name\":\"Comment\",\"target\":[\"https:\\\/\\\/ecodef-ihedn.fr\\\/vendre-des-armes-et-apres-julien-malizard-dans-le-collimateur-podcast-de-lirsem\\\/#respond\"]}]},{\"@type\":\"WebPage\",\"@id\":\"https:\\\/\\\/ecodef-ihedn.fr\\\/vendre-des-armes-et-apres-julien-malizard-dans-le-collimateur-podcast-de-lirsem\\\/\",\"url\":\"https:\\\/\\\/ecodef-ihedn.fr\\\/vendre-des-armes-et-apres-julien-malizard-dans-le-collimateur-podcast-de-lirsem\\\/\",\"name\":\"\\\"Vendre des armes, et apr\u00e8s ?\\\" : Julien Malizard dans le Collimateur, podcast de l'IRSEM - Chaire \u00c9conomie de d\u00e9fense - IHEDN\",\"isPartOf\":{\"@id\":\"https:\\\/\\\/ecodef-ihedn.fr\\\/#website\"},\"primaryImageOfPage\":{\"@id\":\"https:\\\/\\\/ecodef-ihedn.fr\\\/vendre-des-armes-et-apres-julien-malizard-dans-le-collimateur-podcast-de-lirsem\\\/#primaryimage\"},\"image\":{\"@id\":\"https:\\\/\\\/ecodef-ihedn.fr\\\/vendre-des-armes-et-apres-julien-malizard-dans-le-collimateur-podcast-de-lirsem\\\/#primaryimage\"},\"thumbnailUrl\":\"https:\\\/\\\/ecodef-ihedn.fr\\\/wp-content\\\/uploads\\\/2022\\\/05\\\/collimateur-155.png\",\"datePublished\":\"2022-05-24T19:02:00+00:00\",\"dateModified\":\"2024-05-16T13:25:25+00:00\",\"description\":\"Retrouvez l\u2019intervention de Julien Malizard dans le Collimateur, podcast de l'IRSEM, pour l'\u00e9pisode \\\"Les armes fran\u00e7aises apportent-elles la paix dans le monde ?\\\".\",\"breadcrumb\":{\"@id\":\"https:\\\/\\\/ecodef-ihedn.fr\\\/vendre-des-armes-et-apres-julien-malizard-dans-le-collimateur-podcast-de-lirsem\\\/#breadcrumb\"},\"inLanguage\":\"en-GB\",\"potentialAction\":[{\"@type\":\"ReadAction\",\"target\":[\"https:\\\/\\\/ecodef-ihedn.fr\\\/vendre-des-armes-et-apres-julien-malizard-dans-le-collimateur-podcast-de-lirsem\\\/\"]}]},{\"@type\":\"ImageObject\",\"inLanguage\":\"en-GB\",\"@id\":\"https:\\\/\\\/ecodef-ihedn.fr\\\/vendre-des-armes-et-apres-julien-malizard-dans-le-collimateur-podcast-de-lirsem\\\/#primaryimage\",\"url\":\"https:\\\/\\\/ecodef-ihedn.fr\\\/wp-content\\\/uploads\\\/2022\\\/05\\\/collimateur-155.png\",\"contentUrl\":\"https:\\\/\\\/ecodef-ihedn.fr\\\/wp-content\\\/uploads\\\/2022\\\/05\\\/collimateur-155.png\",\"width\":1416,\"height\":926},{\"@type\":\"BreadcrumbList\",\"@id\":\"https:\\\/\\\/ecodef-ihedn.fr\\\/vendre-des-armes-et-apres-julien-malizard-dans-le-collimateur-podcast-de-lirsem\\\/#breadcrumb\",\"itemListElement\":[{\"@type\":\"ListItem\",\"position\":1,\"name\":\"Accueil\",\"item\":\"https:\\\/\\\/ecodef-ihedn.fr\\\/\"},{\"@type\":\"ListItem\",\"position\":2,\"name\":\"&#8220;Vendre des armes, et apr\u00e8s ?&#8221; : Julien Malizard dans le Collimateur, podcast de l&#8217;IRSEM\"}]},{\"@type\":\"WebSite\",\"@id\":\"https:\\\/\\\/ecodef-ihedn.fr\\\/#website\",\"url\":\"https:\\\/\\\/ecodef-ihedn.fr\\\/\",\"name\":\"Chaire \u00c9conomie de D\u00e9fense - IHEDN\",\"description\":\"Produire &amp; soutenir, f\u00e9d\u00e9rer &amp; diffuser, \u00eatre une interface\",\"publisher\":{\"@id\":\"https:\\\/\\\/ecodef-ihedn.fr\\\/#organization\"},\"potentialAction\":[{\"@type\":\"SearchAction\",\"target\":{\"@type\":\"EntryPoint\",\"urlTemplate\":\"https:\\\/\\\/ecodef-ihedn.fr\\\/?s={search_term_string}\"},\"query-input\":{\"@type\":\"PropertyValueSpecification\",\"valueRequired\":true,\"valueName\":\"search_term_string\"}}],\"inLanguage\":\"en-GB\"},{\"@type\":\"Organization\",\"@id\":\"https:\\\/\\\/ecodef-ihedn.fr\\\/#organization\",\"name\":\"Chaire \u00c9conomie de d\u00e9fense - IHEDN\",\"url\":\"https:\\\/\\\/ecodef-ihedn.fr\\\/\",\"logo\":{\"@type\":\"ImageObject\",\"inLanguage\":\"en-GB\",\"@id\":\"https:\\\/\\\/ecodef-ihedn.fr\\\/#\\\/schema\\\/logo\\\/image\\\/\",\"url\":\"https:\\\/\\\/ecodef-ihedn.fr\\\/wp-content\\\/uploads\\\/2020\\\/04\\\/logoEcodef9.jpg\",\"contentUrl\":\"https:\\\/\\\/ecodef-ihedn.fr\\\/wp-content\\\/uploads\\\/2020\\\/04\\\/logoEcodef9.jpg\",\"width\":410,\"height\":212,\"caption\":\"Chaire \u00c9conomie de d\u00e9fense - IHEDN\"},\"image\":{\"@id\":\"https:\\\/\\\/ecodef-ihedn.fr\\\/#\\\/schema\\\/logo\\\/image\\\/\"},\"sameAs\":[\"https:\\\/\\\/x.com\\\/Chaire_Ecodef\",\"https:\\\/\\\/www.linkedin.com\\\/company\\\/chaire-ecodef-ihedn\\\/\"]},{\"@type\":\"Person\",\"@id\":\"https:\\\/\\\/ecodef-ihedn.fr\\\/#\\\/schema\\\/person\\\/1cdf22d028cebe278126a6e07a884d30\",\"name\":\"Bertrand Demandre\",\"image\":{\"@type\":\"ImageObject\",\"inLanguage\":\"en-GB\",\"@id\":\"https:\\\/\\\/secure.gravatar.com\\\/avatar\\\/d9c9746d6c900ab5b9c0f9b1fa3932e369da923da247d624b8f7ab4ba8a3c093?s=96&d=mm&r=g\",\"url\":\"https:\\\/\\\/secure.gravatar.com\\\/avatar\\\/d9c9746d6c900ab5b9c0f9b1fa3932e369da923da247d624b8f7ab4ba8a3c093?s=96&d=mm&r=g\",\"contentUrl\":\"https:\\\/\\\/secure.gravatar.com\\\/avatar\\\/d9c9746d6c900ab5b9c0f9b1fa3932e369da923da247d624b8f7ab4ba8a3c093?s=96&d=mm&r=g\",\"caption\":\"Bertrand Demandre\"},\"url\":\"https:\\\/\\\/ecodef-ihedn.fr\\\/en\\\/author\\\/bertrand\\\/\"}]}<\/script>\n<!-- \/ Yoast SEO plugin. -->","yoast_head_json":{"title":"\"Vendre des armes, et apr\u00e8s ?\" : Julien Malizard dans le Collimateur, podcast de l'IRSEM - Chaire \u00c9conomie de d\u00e9fense - IHEDN","description":"Retrouvez l\u2019intervention de Julien Malizard dans le Collimateur, podcast de l'IRSEM, pour l'\u00e9pisode \"Les armes fran\u00e7aises apportent-elles la paix dans le monde ?\".","robots":{"index":"index","follow":"follow","max-snippet":"max-snippet:-1","max-image-preview":"max-image-preview:large","max-video-preview":"max-video-preview:-1"},"canonical":"https:\/\/ecodef-ihedn.fr\/en\/vendre-des-armes-et-apres-julien-malizard-dans-le-collimateur-podcast-de-lirsem\/","og_locale":"en_GB","og_type":"article","og_title":"\"Vendre des armes, et apr\u00e8s ?\" : Julien Malizard dans le Collimateur, podcast de l'IRSEM - Chaire \u00c9conomie de d\u00e9fense - IHEDN","og_description":"Retrouvez l\u2019intervention de Julien Malizard dans le Collimateur, podcast de l'IRSEM, pour l'\u00e9pisode \"Les armes fran\u00e7aises apportent-elles la paix dans le monde ?\".","og_url":"https:\/\/ecodef-ihedn.fr\/en\/vendre-des-armes-et-apres-julien-malizard-dans-le-collimateur-podcast-de-lirsem\/","og_site_name":"Chaire \u00c9conomie de d\u00e9fense - IHEDN","article_published_time":"2022-05-24T19:02:00+00:00","article_modified_time":"2024-05-16T13:25:25+00:00","og_image":[{"width":1416,"height":926,"url":"https:\/\/ecodef-ihedn.fr\/wp-content\/uploads\/2022\/05\/collimateur-155.png","type":"image\/png"}],"author":"Bertrand Demandre","twitter_card":"summary_large_image","twitter_creator":"@Chaire_Ecodef","twitter_site":"@Chaire_Ecodef","twitter_misc":{"Written by":"Bertrand Demandre","Estimated reading time":"1 minute"},"schema":{"@context":"https:\/\/schema.org","@graph":[{"@type":"Article","@id":"https:\/\/ecodef-ihedn.fr\/vendre-des-armes-et-apres-julien-malizard-dans-le-collimateur-podcast-de-lirsem\/#article","isPartOf":{"@id":"https:\/\/ecodef-ihedn.fr\/vendre-des-armes-et-apres-julien-malizard-dans-le-collimateur-podcast-de-lirsem\/"},"author":{"name":"Bertrand Demandre","@id":"https:\/\/ecodef-ihedn.fr\/#\/schema\/person\/1cdf22d028cebe278126a6e07a884d30"},"headline":"\u00ab\u00a0Vendre des armes, et apr\u00e8s ?\u00a0\u00bb : Julien Malizard dans le Collimateur, podcast de l&rsquo;IRSEM","datePublished":"2022-05-24T19:02:00+00:00","dateModified":"2024-05-16T13:25:25+00:00","mainEntityOfPage":{"@id":"https:\/\/ecodef-ihedn.fr\/vendre-des-armes-et-apres-julien-malizard-dans-le-collimateur-podcast-de-lirsem\/"},"wordCount":131,"commentCount":0,"publisher":{"@id":"https:\/\/ecodef-ihedn.fr\/#organization"},"image":{"@id":"https:\/\/ecodef-ihedn.fr\/vendre-des-armes-et-apres-julien-malizard-dans-le-collimateur-podcast-de-lirsem\/#primaryimage"},"thumbnailUrl":"https:\/\/ecodef-ihedn.fr\/wp-content\/uploads\/2022\/05\/collimateur-155.png","keywords":["Collimateur","\u00e9conomie de d\u00e9fense","Emma Soubrier","exportation de d\u00e9fense","exportations d&#039;armement","France","IHEDN","industrie de d\u00e9fense","IRSEM","Julien Malizard","podcast","vente d&#039;armement","World Peace Foundation"],"articleSection":["M\u00e9dias"],"inLanguage":"en-GB","potentialAction":[{"@type":"CommentAction","name":"Comment","target":["https:\/\/ecodef-ihedn.fr\/vendre-des-armes-et-apres-julien-malizard-dans-le-collimateur-podcast-de-lirsem\/#respond"]}]},{"@type":"WebPage","@id":"https:\/\/ecodef-ihedn.fr\/vendre-des-armes-et-apres-julien-malizard-dans-le-collimateur-podcast-de-lirsem\/","url":"https:\/\/ecodef-ihedn.fr\/vendre-des-armes-et-apres-julien-malizard-dans-le-collimateur-podcast-de-lirsem\/","name":"\"Vendre des armes, et apr\u00e8s ?\" : Julien Malizard dans le Collimateur, podcast de l'IRSEM - Chaire \u00c9conomie de d\u00e9fense - IHEDN","isPartOf":{"@id":"https:\/\/ecodef-ihedn.fr\/#website"},"primaryImageOfPage":{"@id":"https:\/\/ecodef-ihedn.fr\/vendre-des-armes-et-apres-julien-malizard-dans-le-collimateur-podcast-de-lirsem\/#primaryimage"},"image":{"@id":"https:\/\/ecodef-ihedn.fr\/vendre-des-armes-et-apres-julien-malizard-dans-le-collimateur-podcast-de-lirsem\/#primaryimage"},"thumbnailUrl":"https:\/\/ecodef-ihedn.fr\/wp-content\/uploads\/2022\/05\/collimateur-155.png","datePublished":"2022-05-24T19:02:00+00:00","dateModified":"2024-05-16T13:25:25+00:00","description":"Retrouvez l\u2019intervention de Julien Malizard dans le Collimateur, podcast de l'IRSEM, pour l'\u00e9pisode \"Les armes fran\u00e7aises apportent-elles la paix dans le monde ?\".","breadcrumb":{"@id":"https:\/\/ecodef-ihedn.fr\/vendre-des-armes-et-apres-julien-malizard-dans-le-collimateur-podcast-de-lirsem\/#breadcrumb"},"inLanguage":"en-GB","potentialAction":[{"@type":"ReadAction","target":["https:\/\/ecodef-ihedn.fr\/vendre-des-armes-et-apres-julien-malizard-dans-le-collimateur-podcast-de-lirsem\/"]}]},{"@type":"ImageObject","inLanguage":"en-GB","@id":"https:\/\/ecodef-ihedn.fr\/vendre-des-armes-et-apres-julien-malizard-dans-le-collimateur-podcast-de-lirsem\/#primaryimage","url":"https:\/\/ecodef-ihedn.fr\/wp-content\/uploads\/2022\/05\/collimateur-155.png","contentUrl":"https:\/\/ecodef-ihedn.fr\/wp-content\/uploads\/2022\/05\/collimateur-155.png","width":1416,"height":926},{"@type":"BreadcrumbList","@id":"https:\/\/ecodef-ihedn.fr\/vendre-des-armes-et-apres-julien-malizard-dans-le-collimateur-podcast-de-lirsem\/#breadcrumb","itemListElement":[{"@type":"ListItem","position":1,"name":"Accueil","item":"https:\/\/ecodef-ihedn.fr\/"},{"@type":"ListItem","position":2,"name":"&#8220;Vendre des armes, et apr\u00e8s ?&#8221; : Julien Malizard dans le Collimateur, podcast de l&#8217;IRSEM"}]},{"@type":"WebSite","@id":"https:\/\/ecodef-ihedn.fr\/#website","url":"https:\/\/ecodef-ihedn.fr\/","name":"Chair in Defence Economics - IHEDN","description":"Produce &amp; support, federate &amp; disseminate, act as an interface","publisher":{"@id":"https:\/\/ecodef-ihedn.fr\/#organization"},"potentialAction":[{"@type":"SearchAction","target":{"@type":"EntryPoint","urlTemplate":"https:\/\/ecodef-ihedn.fr\/?s={search_term_string}"},"query-input":{"@type":"PropertyValueSpecification","valueRequired":true,"valueName":"search_term_string"}}],"inLanguage":"en-GB"},{"@type":"Organization","@id":"https:\/\/ecodef-ihedn.fr\/#organization","name":"Chair in Defence Economics - IHEDN","url":"https:\/\/ecodef-ihedn.fr\/","logo":{"@type":"ImageObject","inLanguage":"en-GB","@id":"https:\/\/ecodef-ihedn.fr\/#\/schema\/logo\/image\/","url":"https:\/\/ecodef-ihedn.fr\/wp-content\/uploads\/2020\/04\/logoEcodef9.jpg","contentUrl":"https:\/\/ecodef-ihedn.fr\/wp-content\/uploads\/2020\/04\/logoEcodef9.jpg","width":410,"height":212,"caption":"Chaire \u00c9conomie de d\u00e9fense - IHEDN"},"image":{"@id":"https:\/\/ecodef-ihedn.fr\/#\/schema\/logo\/image\/"},"sameAs":["https:\/\/x.com\/Chaire_Ecodef","https:\/\/www.linkedin.com\/company\/chaire-ecodef-ihedn\/"]},{"@type":"Person","@id":"https:\/\/ecodef-ihedn.fr\/#\/schema\/person\/1cdf22d028cebe278126a6e07a884d30","name":"Bertrand Demandre","image":{"@type":"ImageObject","inLanguage":"en-GB","@id":"https:\/\/secure.gravatar.com\/avatar\/d9c9746d6c900ab5b9c0f9b1fa3932e369da923da247d624b8f7ab4ba8a3c093?s=96&d=mm&r=g","url":"https:\/\/secure.gravatar.com\/avatar\/d9c9746d6c900ab5b9c0f9b1fa3932e369da923da247d624b8f7ab4ba8a3c093?s=96&d=mm&r=g","contentUrl":"https:\/\/secure.gravatar.com\/avatar\/d9c9746d6c900ab5b9c0f9b1fa3932e369da923da247d624b8f7ab4ba8a3c093?s=96&d=mm&r=g","caption":"Bertrand Demandre"},"url":"https:\/\/ecodef-ihedn.fr\/en\/author\/bertrand\/"}]}},"_links":{"self":[{"href":"https:\/\/ecodef-ihedn.fr\/en\/wp-json\/wp\/v2\/posts\/4969","targetHints":{"allow":["GET"]}}],"collection":[{"href":"https:\/\/ecodef-ihedn.fr\/en\/wp-json\/wp\/v2\/posts"}],"about":[{"href":"https:\/\/ecodef-ihedn.fr\/en\/wp-json\/wp\/v2\/types\/post"}],"author":[{"embeddable":true,"href":"https:\/\/ecodef-ihedn.fr\/en\/wp-json\/wp\/v2\/users\/2"}],"replies":[{"embeddable":true,"href":"https:\/\/ecodef-ihedn.fr\/en\/wp-json\/wp\/v2\/comments?post=4969"}],"version-history":[{"count":6,"href":"https:\/\/ecodef-ihedn.fr\/en\/wp-json\/wp\/v2\/posts\/4969\/revisions"}],"predecessor-version":[{"id":8459,"href":"https:\/\/ecodef-ihedn.fr\/en\/wp-json\/wp\/v2\/posts\/4969\/revisions\/8459"}],"wp:featuredmedia":[{"embeddable":true,"href":"https:\/\/ecodef-ihedn.fr\/en\/wp-json\/wp\/v2\/media\/4972"}],"wp:attachment":[{"href":"https:\/\/ecodef-ihedn.fr\/en\/wp-json\/wp\/v2\/media?parent=4969"}],"wp:term":[{"taxonomy":"category","embeddable":true,"href":"https:\/\/ecodef-ihedn.fr\/en\/wp-json\/wp\/v2\/categories?post=4969"},{"taxonomy":"post_tag","embeddable":true,"href":"https:\/\/ecodef-ihedn.fr\/en\/wp-json\/wp\/v2\/tags?post=4969"}],"curies":[{"name":"wp","href":"https:\/\/api.w.org\/{rel}","templated":true}]}}