{"id":5378,"date":"2022-06-27T09:39:34","date_gmt":"2022-06-27T09:39:34","guid":{"rendered":"https:\/\/ecodef-ihedn.fr\/?p=5378"},"modified":"2022-06-27T09:47:04","modified_gmt":"2022-06-27T09:47:04","slug":"le-combattant-et-les-nouvelles-technologies-evolutions-transformations-et-defis-intervention-de-josselin-droff-au-colloque-de-lirsem","status":"publish","type":"post","link":"https:\/\/ecodef-ihedn.fr\/en\/le-combattant-et-les-nouvelles-technologies-evolutions-transformations-et-defis-intervention-de-josselin-droff-au-colloque-de-lirsem\/","title":{"rendered":"\u00abThe combatant and new technologies: developments, transformations and challenges\u00bb: speech by Josselin Droff at the IRSEM conference"},"content":{"rendered":"<p>Josselin Droff, a researcher at the Chair, spoke at the conference on Friday 24 June. <a href=\"https:\/\/www.irsem.fr\/agenda-enhancer\/agenda\/colloque-le-combattant-et-les-nouvelles-technologies-evolutions-transformations-et-defis.html\" target=\"_blank\" rel=\"noreferrer noopener\">\u00abThe combatant and new technologies: developments, transformations and challenges\u00bb.\u00bb<\/a> organised by IRSEM at the \u00c9cole Militaire.<\/p>\n\n\n\n<p>His presentation focused on the theme of \u00abConnected objects and operational readiness maintenance (ORM): economic challenges and prospects\u00bb.<\/p>\n\n\n<div class=\"wp-block-image\">\n<figure class=\"aligncenter size-full\"><img loading=\"lazy\" decoding=\"async\" width=\"720\" height=\"480\" src=\"https:\/\/ecodef-ihedn.fr\/wp-content\/uploads\/2022\/06\/IMG_0883.jpg\" alt=\"\" class=\"wp-image-5385\" srcset=\"https:\/\/ecodef-ihedn.fr\/wp-content\/uploads\/2022\/06\/IMG_0883.jpg 720w, https:\/\/ecodef-ihedn.fr\/wp-content\/uploads\/2022\/06\/IMG_0883-300x200.jpg 300w, https:\/\/ecodef-ihedn.fr\/wp-content\/uploads\/2022\/06\/IMG_0883-696x464.jpg 696w, https:\/\/ecodef-ihedn.fr\/wp-content\/uploads\/2022\/06\/IMG_0883-630x420.jpg 630w\" sizes=\"auto, (max-width: 720px) 100vw, 720px\" \/><figcaption>Josselin Droff, Researcher at the Defence Economics Chair - IHEDN<\/figcaption><\/figure>\n<\/div>\n\n\n<p>Maintaining defence equipment in operational condition (MCO) is a key priority for the <strong>major challenge<\/strong> for the Ministry of the Armed Forces, in particular because of its <strong>operational impact<\/strong> and <strong>related costs<\/strong>. From <strong>numerous initiatives and experiments<\/strong> are now being deployed in the following countries <strong>armed forces<\/strong>, the <strong>state services<\/strong> and<strong> companies<\/strong>, The aim is to significantly improve - or even transform - the way MCO tasks are carried out.<\/p>\n\n\n\n<p>In particular, they are banking on the potential offered by the technologies underpinning the <strong>digitisation of value chains<\/strong>, These cover a very broad spectrum, from the massive exploitation of data from defence equipment in service (big data) to the use of robots or drones for inspection or maintenance tasks, not forgetting additive manufacturing (3D printing) or augmented or virtual reality (AR or VR).<\/p>\n\n\n\n<p>Josselin Droff's talk focused more specifically on the <strong>connected devices<\/strong>, as part of the round table <strong>\u00abActing from a distance: technologies that keep the combatant at a distance\u00bb.\u00bb<\/strong>. After recontextualising the current transformation of the MCO within the framework of Industry 4.0, he presented technologies linked to the Internet of Things and their potential in the MCO, highlighting the role of force support in \u00abacting remotely\u00bb.<\/p>","protected":false},"excerpt":{"rendered":"<p>Josselin Droff, Chercheur \u00e0 la Chaire, est intervenu ce vendredi 24 juin au colloque \u00ab&nbsp;Le combattant et les nouvelles technologies : &nbsp;\u00e9volutions, transformations et d\u00e9fis&nbsp;\u00bb organis\u00e9 par l\u2019IRSEM \u00e0 l&rsquo;\u00c9cole militaire. Sa pr\u00e9sentation a port\u00e9 sur le th\u00e8me \u00ab Objets connect\u00e9s et Maintien en condition op\u00e9rationnelle (MCO) : Enjeux et perspectives \u00e9conomiques&nbsp;\u00bb. Le maintien en [&hellip;]<\/p>\n","protected":false},"author":2,"featured_media":5379,"comment_status":"open","ping_status":"open","sticky":false,"template":"","format":"standard","meta":{"footnotes":""},"categories":[34,356],"tags":[162,376,438,103,47,149,196,202,188,93,578],"class_list":{"0":"post-5378","1":"post","2":"type-post","3":"status-publish","4":"format-standard","5":"has-post-thumbnail","7":"category-activites","8":"category-activites-participation-de-la-chaire-a-un-evenement","9":"tag-chaire-economie-de-defense","10":"tag-colloque","11":"tag-ecodef","12":"tag-ecole-militaire","13":"tag-economie-de-defense","14":"tag-industrie-de-defense","15":"tag-irsem","16":"tag-josselin-droff","17":"tag-maintien-en-condition-operationnelle","18":"tag-mco","19":"tag-objets-connectes"},"yoast_head":"<!-- This site is optimized with the Yoast SEO plugin v27.4 - https:\/\/yoast.com\/product\/yoast-seo-wordpress\/ -->\n<title>\u00ab\u00a0Le combattant et les nouvelles technologies : \u00e9volutions, transformations et d\u00e9fis\u00a0\u00bb : intervention de Josselin Droff au colloque de l\u2019IRSEM - Chaire \u00c9conomie de d\u00e9fense - IHEDN<\/title>\n<meta name=\"robots\" content=\"index, follow, max-snippet:-1, max-image-preview:large, max-video-preview:-1\" \/>\n<link rel=\"canonical\" href=\"https:\/\/ecodef-ihedn.fr\/en\/le-combattant-et-les-nouvelles-technologies-evolutions-transformations-et-defis-intervention-de-josselin-droff-au-colloque-de-lirsem\/\" \/>\n<meta property=\"og:locale\" content=\"en_GB\" \/>\n<meta property=\"og:type\" content=\"article\" \/>\n<meta property=\"og:title\" content=\"\u00ab\u00a0Le combattant et les nouvelles technologies : \u00e9volutions, transformations et d\u00e9fis\u00a0\u00bb : intervention de Josselin Droff au colloque de l\u2019IRSEM - Chaire \u00c9conomie de d\u00e9fense - IHEDN\" \/>\n<meta property=\"og:description\" content=\"Josselin Droff, Chercheur \u00e0 la Chaire, est intervenu ce vendredi 24 juin au colloque \u00ab&nbsp;Le combattant et les nouvelles technologies : &nbsp;\u00e9volutions, transformations et d\u00e9fis&nbsp;\u00bb organis\u00e9 par l\u2019IRSEM \u00e0 l&rsquo;\u00c9cole militaire. Sa pr\u00e9sentation a port\u00e9 sur le th\u00e8me \u00ab Objets connect\u00e9s et Maintien en condition op\u00e9rationnelle (MCO) : Enjeux et perspectives \u00e9conomiques&nbsp;\u00bb. Le maintien en [&hellip;]\" \/>\n<meta property=\"og:url\" content=\"https:\/\/ecodef-ihedn.fr\/en\/le-combattant-et-les-nouvelles-technologies-evolutions-transformations-et-defis-intervention-de-josselin-droff-au-colloque-de-lirsem\/\" \/>\n<meta property=\"og:site_name\" content=\"Chaire \u00c9conomie de d\u00e9fense - IHEDN\" \/>\n<meta property=\"article:published_time\" content=\"2022-06-27T09:39:34+00:00\" \/>\n<meta property=\"article:modified_time\" content=\"2022-06-27T09:47:04+00:00\" \/>\n<meta property=\"og:image\" content=\"https:\/\/ecodef-ihedn.fr\/wp-content\/uploads\/2022\/06\/cr750482-q90-237a47.png\" \/>\n\t<meta property=\"og:image:width\" content=\"750\" \/>\n\t<meta property=\"og:image:height\" content=\"482\" \/>\n\t<meta property=\"og:image:type\" content=\"image\/png\" \/>\n<meta name=\"author\" content=\"Bertrand Demandre\" \/>\n<meta name=\"twitter:card\" content=\"summary_large_image\" \/>\n<meta name=\"twitter:creator\" content=\"@Chaire_Ecodef\" \/>\n<meta name=\"twitter:site\" content=\"@Chaire_Ecodef\" \/>\n<meta name=\"twitter:label1\" content=\"Written by\" \/>\n\t<meta name=\"twitter:data1\" content=\"Bertrand Demandre\" \/>\n\t<meta name=\"twitter:label2\" content=\"Estimated reading time\" \/>\n\t<meta name=\"twitter:data2\" content=\"2 minutes\" \/>\n<script type=\"application\/ld+json\" class=\"yoast-schema-graph\">{\"@context\":\"https:\\\/\\\/schema.org\",\"@graph\":[{\"@type\":\"Article\",\"@id\":\"https:\\\/\\\/ecodef-ihedn.fr\\\/le-combattant-et-les-nouvelles-technologies-evolutions-transformations-et-defis-intervention-de-josselin-droff-au-colloque-de-lirsem\\\/#article\",\"isPartOf\":{\"@id\":\"https:\\\/\\\/ecodef-ihedn.fr\\\/le-combattant-et-les-nouvelles-technologies-evolutions-transformations-et-defis-intervention-de-josselin-droff-au-colloque-de-lirsem\\\/\"},\"author\":{\"name\":\"Bertrand Demandre\",\"@id\":\"https:\\\/\\\/ecodef-ihedn.fr\\\/#\\\/schema\\\/person\\\/1cdf22d028cebe278126a6e07a884d30\"},\"headline\":\"\u00ab\u00a0Le combattant et les nouvelles technologies : \u00e9volutions, transformations et d\u00e9fis\u00a0\u00bb : intervention de Josselin Droff au colloque de l\u2019IRSEM\",\"datePublished\":\"2022-06-27T09:39:34+00:00\",\"dateModified\":\"2022-06-27T09:47:04+00:00\",\"mainEntityOfPage\":{\"@id\":\"https:\\\/\\\/ecodef-ihedn.fr\\\/le-combattant-et-les-nouvelles-technologies-evolutions-transformations-et-defis-intervention-de-josselin-droff-au-colloque-de-lirsem\\\/\"},\"wordCount\":340,\"commentCount\":0,\"publisher\":{\"@id\":\"https:\\\/\\\/ecodef-ihedn.fr\\\/#organization\"},\"image\":{\"@id\":\"https:\\\/\\\/ecodef-ihedn.fr\\\/le-combattant-et-les-nouvelles-technologies-evolutions-transformations-et-defis-intervention-de-josselin-droff-au-colloque-de-lirsem\\\/#primaryimage\"},\"thumbnailUrl\":\"https:\\\/\\\/ecodef-ihedn.fr\\\/wp-content\\\/uploads\\\/2022\\\/06\\\/cr750482-q90-237a47.png\",\"keywords\":[\"chaire \u00e9conomie de d\u00e9fense\",\"colloque\",\"ecodef\",\"Ecole Militaire\",\"\u00e9conomie de d\u00e9fense\",\"industrie de d\u00e9fense\",\"IRSEM\",\"Josselin Droff\",\"Maintien en Condition Op\u00e9rationnelle\",\"MCO\",\"objets connect\u00e9s\"],\"articleSection\":[\"Activit\u00e9s\",\"Activit\u00e9s : participation de la Chaire \u00e0 un \u00e9v\u00e9nement\"],\"inLanguage\":\"en-GB\",\"potentialAction\":[{\"@type\":\"CommentAction\",\"name\":\"Comment\",\"target\":[\"https:\\\/\\\/ecodef-ihedn.fr\\\/le-combattant-et-les-nouvelles-technologies-evolutions-transformations-et-defis-intervention-de-josselin-droff-au-colloque-de-lirsem\\\/#respond\"]}]},{\"@type\":\"WebPage\",\"@id\":\"https:\\\/\\\/ecodef-ihedn.fr\\\/le-combattant-et-les-nouvelles-technologies-evolutions-transformations-et-defis-intervention-de-josselin-droff-au-colloque-de-lirsem\\\/\",\"url\":\"https:\\\/\\\/ecodef-ihedn.fr\\\/le-combattant-et-les-nouvelles-technologies-evolutions-transformations-et-defis-intervention-de-josselin-droff-au-colloque-de-lirsem\\\/\",\"name\":\"\u00ab\u00a0Le combattant et les nouvelles technologies : \u00e9volutions, transformations et d\u00e9fis\u00a0\u00bb : intervention de Josselin Droff au colloque de l\u2019IRSEM - Chaire \u00c9conomie de d\u00e9fense - IHEDN\",\"isPartOf\":{\"@id\":\"https:\\\/\\\/ecodef-ihedn.fr\\\/#website\"},\"primaryImageOfPage\":{\"@id\":\"https:\\\/\\\/ecodef-ihedn.fr\\\/le-combattant-et-les-nouvelles-technologies-evolutions-transformations-et-defis-intervention-de-josselin-droff-au-colloque-de-lirsem\\\/#primaryimage\"},\"image\":{\"@id\":\"https:\\\/\\\/ecodef-ihedn.fr\\\/le-combattant-et-les-nouvelles-technologies-evolutions-transformations-et-defis-intervention-de-josselin-droff-au-colloque-de-lirsem\\\/#primaryimage\"},\"thumbnailUrl\":\"https:\\\/\\\/ecodef-ihedn.fr\\\/wp-content\\\/uploads\\\/2022\\\/06\\\/cr750482-q90-237a47.png\",\"datePublished\":\"2022-06-27T09:39:34+00:00\",\"dateModified\":\"2022-06-27T09:47:04+00:00\",\"breadcrumb\":{\"@id\":\"https:\\\/\\\/ecodef-ihedn.fr\\\/le-combattant-et-les-nouvelles-technologies-evolutions-transformations-et-defis-intervention-de-josselin-droff-au-colloque-de-lirsem\\\/#breadcrumb\"},\"inLanguage\":\"en-GB\",\"potentialAction\":[{\"@type\":\"ReadAction\",\"target\":[\"https:\\\/\\\/ecodef-ihedn.fr\\\/le-combattant-et-les-nouvelles-technologies-evolutions-transformations-et-defis-intervention-de-josselin-droff-au-colloque-de-lirsem\\\/\"]}]},{\"@type\":\"ImageObject\",\"inLanguage\":\"en-GB\",\"@id\":\"https:\\\/\\\/ecodef-ihedn.fr\\\/le-combattant-et-les-nouvelles-technologies-evolutions-transformations-et-defis-intervention-de-josselin-droff-au-colloque-de-lirsem\\\/#primaryimage\",\"url\":\"https:\\\/\\\/ecodef-ihedn.fr\\\/wp-content\\\/uploads\\\/2022\\\/06\\\/cr750482-q90-237a47.png\",\"contentUrl\":\"https:\\\/\\\/ecodef-ihedn.fr\\\/wp-content\\\/uploads\\\/2022\\\/06\\\/cr750482-q90-237a47.png\",\"width\":750,\"height\":482},{\"@type\":\"BreadcrumbList\",\"@id\":\"https:\\\/\\\/ecodef-ihedn.fr\\\/le-combattant-et-les-nouvelles-technologies-evolutions-transformations-et-defis-intervention-de-josselin-droff-au-colloque-de-lirsem\\\/#breadcrumb\",\"itemListElement\":[{\"@type\":\"ListItem\",\"position\":1,\"name\":\"Accueil\",\"item\":\"https:\\\/\\\/ecodef-ihedn.fr\\\/\"},{\"@type\":\"ListItem\",\"position\":2,\"name\":\"\u00ab\u00a0Le combattant et les nouvelles technologies : \u00e9volutions, transformations et d\u00e9fis\u00a0\u00bb : intervention de Josselin Droff au colloque de l\u2019IRSEM\"}]},{\"@type\":\"WebSite\",\"@id\":\"https:\\\/\\\/ecodef-ihedn.fr\\\/#website\",\"url\":\"https:\\\/\\\/ecodef-ihedn.fr\\\/\",\"name\":\"Chaire \u00c9conomie de D\u00e9fense - IHEDN\",\"description\":\"Produire &amp; soutenir, f\u00e9d\u00e9rer &amp; diffuser, \u00eatre une interface\",\"publisher\":{\"@id\":\"https:\\\/\\\/ecodef-ihedn.fr\\\/#organization\"},\"potentialAction\":[{\"@type\":\"SearchAction\",\"target\":{\"@type\":\"EntryPoint\",\"urlTemplate\":\"https:\\\/\\\/ecodef-ihedn.fr\\\/?s={search_term_string}\"},\"query-input\":{\"@type\":\"PropertyValueSpecification\",\"valueRequired\":true,\"valueName\":\"search_term_string\"}}],\"inLanguage\":\"en-GB\"},{\"@type\":\"Organization\",\"@id\":\"https:\\\/\\\/ecodef-ihedn.fr\\\/#organization\",\"name\":\"Chaire \u00c9conomie de d\u00e9fense - IHEDN\",\"url\":\"https:\\\/\\\/ecodef-ihedn.fr\\\/\",\"logo\":{\"@type\":\"ImageObject\",\"inLanguage\":\"en-GB\",\"@id\":\"https:\\\/\\\/ecodef-ihedn.fr\\\/#\\\/schema\\\/logo\\\/image\\\/\",\"url\":\"https:\\\/\\\/ecodef-ihedn.fr\\\/wp-content\\\/uploads\\\/2020\\\/04\\\/logoEcodef9.jpg\",\"contentUrl\":\"https:\\\/\\\/ecodef-ihedn.fr\\\/wp-content\\\/uploads\\\/2020\\\/04\\\/logoEcodef9.jpg\",\"width\":410,\"height\":212,\"caption\":\"Chaire \u00c9conomie de d\u00e9fense - IHEDN\"},\"image\":{\"@id\":\"https:\\\/\\\/ecodef-ihedn.fr\\\/#\\\/schema\\\/logo\\\/image\\\/\"},\"sameAs\":[\"https:\\\/\\\/x.com\\\/Chaire_Ecodef\",\"https:\\\/\\\/www.linkedin.com\\\/company\\\/chaire-ecodef-ihedn\\\/\"]},{\"@type\":\"Person\",\"@id\":\"https:\\\/\\\/ecodef-ihedn.fr\\\/#\\\/schema\\\/person\\\/1cdf22d028cebe278126a6e07a884d30\",\"name\":\"Bertrand Demandre\",\"image\":{\"@type\":\"ImageObject\",\"inLanguage\":\"en-GB\",\"@id\":\"https:\\\/\\\/secure.gravatar.com\\\/avatar\\\/d9c9746d6c900ab5b9c0f9b1fa3932e369da923da247d624b8f7ab4ba8a3c093?s=96&d=mm&r=g\",\"url\":\"https:\\\/\\\/secure.gravatar.com\\\/avatar\\\/d9c9746d6c900ab5b9c0f9b1fa3932e369da923da247d624b8f7ab4ba8a3c093?s=96&d=mm&r=g\",\"contentUrl\":\"https:\\\/\\\/secure.gravatar.com\\\/avatar\\\/d9c9746d6c900ab5b9c0f9b1fa3932e369da923da247d624b8f7ab4ba8a3c093?s=96&d=mm&r=g\",\"caption\":\"Bertrand Demandre\"},\"url\":\"https:\\\/\\\/ecodef-ihedn.fr\\\/en\\\/author\\\/bertrand\\\/\"}]}<\/script>\n<!-- \/ Yoast SEO plugin. -->","yoast_head_json":{"title":"\u00ab\u00a0Le combattant et les nouvelles technologies : \u00e9volutions, transformations et d\u00e9fis\u00a0\u00bb : intervention de Josselin Droff au colloque de l\u2019IRSEM - Chaire \u00c9conomie de d\u00e9fense - IHEDN","robots":{"index":"index","follow":"follow","max-snippet":"max-snippet:-1","max-image-preview":"max-image-preview:large","max-video-preview":"max-video-preview:-1"},"canonical":"https:\/\/ecodef-ihedn.fr\/en\/le-combattant-et-les-nouvelles-technologies-evolutions-transformations-et-defis-intervention-de-josselin-droff-au-colloque-de-lirsem\/","og_locale":"en_GB","og_type":"article","og_title":"\u00ab\u00a0Le combattant et les nouvelles technologies : \u00e9volutions, transformations et d\u00e9fis\u00a0\u00bb : intervention de Josselin Droff au colloque de l\u2019IRSEM - Chaire \u00c9conomie de d\u00e9fense - IHEDN","og_description":"Josselin Droff, Chercheur \u00e0 la Chaire, est intervenu ce vendredi 24 juin au colloque \u00ab&nbsp;Le combattant et les nouvelles technologies : &nbsp;\u00e9volutions, transformations et d\u00e9fis&nbsp;\u00bb organis\u00e9 par l\u2019IRSEM \u00e0 l&rsquo;\u00c9cole militaire. Sa pr\u00e9sentation a port\u00e9 sur le th\u00e8me \u00ab Objets connect\u00e9s et Maintien en condition op\u00e9rationnelle (MCO) : Enjeux et perspectives \u00e9conomiques&nbsp;\u00bb. Le maintien en [&hellip;]","og_url":"https:\/\/ecodef-ihedn.fr\/en\/le-combattant-et-les-nouvelles-technologies-evolutions-transformations-et-defis-intervention-de-josselin-droff-au-colloque-de-lirsem\/","og_site_name":"Chaire \u00c9conomie de d\u00e9fense - IHEDN","article_published_time":"2022-06-27T09:39:34+00:00","article_modified_time":"2022-06-27T09:47:04+00:00","og_image":[{"width":750,"height":482,"url":"https:\/\/ecodef-ihedn.fr\/wp-content\/uploads\/2022\/06\/cr750482-q90-237a47.png","type":"image\/png"}],"author":"Bertrand Demandre","twitter_card":"summary_large_image","twitter_creator":"@Chaire_Ecodef","twitter_site":"@Chaire_Ecodef","twitter_misc":{"Written by":"Bertrand Demandre","Estimated reading time":"2 minutes"},"schema":{"@context":"https:\/\/schema.org","@graph":[{"@type":"Article","@id":"https:\/\/ecodef-ihedn.fr\/le-combattant-et-les-nouvelles-technologies-evolutions-transformations-et-defis-intervention-de-josselin-droff-au-colloque-de-lirsem\/#article","isPartOf":{"@id":"https:\/\/ecodef-ihedn.fr\/le-combattant-et-les-nouvelles-technologies-evolutions-transformations-et-defis-intervention-de-josselin-droff-au-colloque-de-lirsem\/"},"author":{"name":"Bertrand Demandre","@id":"https:\/\/ecodef-ihedn.fr\/#\/schema\/person\/1cdf22d028cebe278126a6e07a884d30"},"headline":"\u00ab\u00a0Le combattant et les nouvelles technologies : \u00e9volutions, transformations et d\u00e9fis\u00a0\u00bb : intervention de Josselin Droff au colloque de l\u2019IRSEM","datePublished":"2022-06-27T09:39:34+00:00","dateModified":"2022-06-27T09:47:04+00:00","mainEntityOfPage":{"@id":"https:\/\/ecodef-ihedn.fr\/le-combattant-et-les-nouvelles-technologies-evolutions-transformations-et-defis-intervention-de-josselin-droff-au-colloque-de-lirsem\/"},"wordCount":340,"commentCount":0,"publisher":{"@id":"https:\/\/ecodef-ihedn.fr\/#organization"},"image":{"@id":"https:\/\/ecodef-ihedn.fr\/le-combattant-et-les-nouvelles-technologies-evolutions-transformations-et-defis-intervention-de-josselin-droff-au-colloque-de-lirsem\/#primaryimage"},"thumbnailUrl":"https:\/\/ecodef-ihedn.fr\/wp-content\/uploads\/2022\/06\/cr750482-q90-237a47.png","keywords":["chaire \u00e9conomie de d\u00e9fense","colloque","ecodef","Ecole Militaire","\u00e9conomie de d\u00e9fense","industrie de d\u00e9fense","IRSEM","Josselin Droff","Maintien en Condition Op\u00e9rationnelle","MCO","objets connect\u00e9s"],"articleSection":["Activit\u00e9s","Activit\u00e9s : participation de la Chaire \u00e0 un \u00e9v\u00e9nement"],"inLanguage":"en-GB","potentialAction":[{"@type":"CommentAction","name":"Comment","target":["https:\/\/ecodef-ihedn.fr\/le-combattant-et-les-nouvelles-technologies-evolutions-transformations-et-defis-intervention-de-josselin-droff-au-colloque-de-lirsem\/#respond"]}]},{"@type":"WebPage","@id":"https:\/\/ecodef-ihedn.fr\/le-combattant-et-les-nouvelles-technologies-evolutions-transformations-et-defis-intervention-de-josselin-droff-au-colloque-de-lirsem\/","url":"https:\/\/ecodef-ihedn.fr\/le-combattant-et-les-nouvelles-technologies-evolutions-transformations-et-defis-intervention-de-josselin-droff-au-colloque-de-lirsem\/","name":"\u00ab\u00a0Le combattant et les nouvelles technologies : \u00e9volutions, transformations et d\u00e9fis\u00a0\u00bb : intervention de Josselin Droff au colloque de l\u2019IRSEM - Chaire \u00c9conomie de d\u00e9fense - IHEDN","isPartOf":{"@id":"https:\/\/ecodef-ihedn.fr\/#website"},"primaryImageOfPage":{"@id":"https:\/\/ecodef-ihedn.fr\/le-combattant-et-les-nouvelles-technologies-evolutions-transformations-et-defis-intervention-de-josselin-droff-au-colloque-de-lirsem\/#primaryimage"},"image":{"@id":"https:\/\/ecodef-ihedn.fr\/le-combattant-et-les-nouvelles-technologies-evolutions-transformations-et-defis-intervention-de-josselin-droff-au-colloque-de-lirsem\/#primaryimage"},"thumbnailUrl":"https:\/\/ecodef-ihedn.fr\/wp-content\/uploads\/2022\/06\/cr750482-q90-237a47.png","datePublished":"2022-06-27T09:39:34+00:00","dateModified":"2022-06-27T09:47:04+00:00","breadcrumb":{"@id":"https:\/\/ecodef-ihedn.fr\/le-combattant-et-les-nouvelles-technologies-evolutions-transformations-et-defis-intervention-de-josselin-droff-au-colloque-de-lirsem\/#breadcrumb"},"inLanguage":"en-GB","potentialAction":[{"@type":"ReadAction","target":["https:\/\/ecodef-ihedn.fr\/le-combattant-et-les-nouvelles-technologies-evolutions-transformations-et-defis-intervention-de-josselin-droff-au-colloque-de-lirsem\/"]}]},{"@type":"ImageObject","inLanguage":"en-GB","@id":"https:\/\/ecodef-ihedn.fr\/le-combattant-et-les-nouvelles-technologies-evolutions-transformations-et-defis-intervention-de-josselin-droff-au-colloque-de-lirsem\/#primaryimage","url":"https:\/\/ecodef-ihedn.fr\/wp-content\/uploads\/2022\/06\/cr750482-q90-237a47.png","contentUrl":"https:\/\/ecodef-ihedn.fr\/wp-content\/uploads\/2022\/06\/cr750482-q90-237a47.png","width":750,"height":482},{"@type":"BreadcrumbList","@id":"https:\/\/ecodef-ihedn.fr\/le-combattant-et-les-nouvelles-technologies-evolutions-transformations-et-defis-intervention-de-josselin-droff-au-colloque-de-lirsem\/#breadcrumb","itemListElement":[{"@type":"ListItem","position":1,"name":"Accueil","item":"https:\/\/ecodef-ihedn.fr\/"},{"@type":"ListItem","position":2,"name":"\u00ab\u00a0Le combattant et les nouvelles technologies : \u00e9volutions, transformations et d\u00e9fis\u00a0\u00bb : intervention de Josselin Droff au colloque de l\u2019IRSEM"}]},{"@type":"WebSite","@id":"https:\/\/ecodef-ihedn.fr\/#website","url":"https:\/\/ecodef-ihedn.fr\/","name":"Chair in Defence Economics - IHEDN","description":"Produce &amp; support, federate &amp; disseminate, act as an interface","publisher":{"@id":"https:\/\/ecodef-ihedn.fr\/#organization"},"potentialAction":[{"@type":"SearchAction","target":{"@type":"EntryPoint","urlTemplate":"https:\/\/ecodef-ihedn.fr\/?s={search_term_string}"},"query-input":{"@type":"PropertyValueSpecification","valueRequired":true,"valueName":"search_term_string"}}],"inLanguage":"en-GB"},{"@type":"Organization","@id":"https:\/\/ecodef-ihedn.fr\/#organization","name":"Chair in Defence Economics - IHEDN","url":"https:\/\/ecodef-ihedn.fr\/","logo":{"@type":"ImageObject","inLanguage":"en-GB","@id":"https:\/\/ecodef-ihedn.fr\/#\/schema\/logo\/image\/","url":"https:\/\/ecodef-ihedn.fr\/wp-content\/uploads\/2020\/04\/logoEcodef9.jpg","contentUrl":"https:\/\/ecodef-ihedn.fr\/wp-content\/uploads\/2020\/04\/logoEcodef9.jpg","width":410,"height":212,"caption":"Chaire \u00c9conomie de d\u00e9fense - IHEDN"},"image":{"@id":"https:\/\/ecodef-ihedn.fr\/#\/schema\/logo\/image\/"},"sameAs":["https:\/\/x.com\/Chaire_Ecodef","https:\/\/www.linkedin.com\/company\/chaire-ecodef-ihedn\/"]},{"@type":"Person","@id":"https:\/\/ecodef-ihedn.fr\/#\/schema\/person\/1cdf22d028cebe278126a6e07a884d30","name":"Bertrand Demandre","image":{"@type":"ImageObject","inLanguage":"en-GB","@id":"https:\/\/secure.gravatar.com\/avatar\/d9c9746d6c900ab5b9c0f9b1fa3932e369da923da247d624b8f7ab4ba8a3c093?s=96&d=mm&r=g","url":"https:\/\/secure.gravatar.com\/avatar\/d9c9746d6c900ab5b9c0f9b1fa3932e369da923da247d624b8f7ab4ba8a3c093?s=96&d=mm&r=g","contentUrl":"https:\/\/secure.gravatar.com\/avatar\/d9c9746d6c900ab5b9c0f9b1fa3932e369da923da247d624b8f7ab4ba8a3c093?s=96&d=mm&r=g","caption":"Bertrand Demandre"},"url":"https:\/\/ecodef-ihedn.fr\/en\/author\/bertrand\/"}]}},"_links":{"self":[{"href":"https:\/\/ecodef-ihedn.fr\/en\/wp-json\/wp\/v2\/posts\/5378","targetHints":{"allow":["GET"]}}],"collection":[{"href":"https:\/\/ecodef-ihedn.fr\/en\/wp-json\/wp\/v2\/posts"}],"about":[{"href":"https:\/\/ecodef-ihedn.fr\/en\/wp-json\/wp\/v2\/types\/post"}],"author":[{"embeddable":true,"href":"https:\/\/ecodef-ihedn.fr\/en\/wp-json\/wp\/v2\/users\/2"}],"replies":[{"embeddable":true,"href":"https:\/\/ecodef-ihedn.fr\/en\/wp-json\/wp\/v2\/comments?post=5378"}],"version-history":[{"count":4,"href":"https:\/\/ecodef-ihedn.fr\/en\/wp-json\/wp\/v2\/posts\/5378\/revisions"}],"predecessor-version":[{"id":5387,"href":"https:\/\/ecodef-ihedn.fr\/en\/wp-json\/wp\/v2\/posts\/5378\/revisions\/5387"}],"wp:featuredmedia":[{"embeddable":true,"href":"https:\/\/ecodef-ihedn.fr\/en\/wp-json\/wp\/v2\/media\/5379"}],"wp:attachment":[{"href":"https:\/\/ecodef-ihedn.fr\/en\/wp-json\/wp\/v2\/media?parent=5378"}],"wp:term":[{"taxonomy":"category","embeddable":true,"href":"https:\/\/ecodef-ihedn.fr\/en\/wp-json\/wp\/v2\/categories?post=5378"},{"taxonomy":"post_tag","embeddable":true,"href":"https:\/\/ecodef-ihedn.fr\/en\/wp-json\/wp\/v2\/tags?post=5378"}],"curies":[{"name":"wp","href":"https:\/\/api.w.org\/{rel}","templated":true}]}}