{"id":5593,"date":"2022-07-11T08:19:53","date_gmt":"2022-07-11T08:19:53","guid":{"rendered":"https:\/\/ecodef-ihedn.fr\/?p=5593"},"modified":"2024-12-12T12:56:52","modified_gmt":"2024-12-12T12:56:52","slug":"consequences-de-la-guerre-en-ukraine-sur-le-continent-africain-note-de-camille-laville-pour-ligpsa","status":"publish","type":"post","link":"https:\/\/ecodef-ihedn.fr\/en\/consequences-de-la-guerre-en-ukraine-sur-le-continent-africain-note-de-camille-laville-pour-ligpsa\/","title":{"rendered":"Consequences of the war in Ukraine on the African continent: note by Camille Laville for the IGPSA"},"content":{"rendered":"<p><a href=\"https:\/\/www.researchgate.net\/profile\/Camille-Laville-2\" target=\"_blank\" rel=\"noopener\"><img loading=\"lazy\" decoding=\"async\" class=\"size-full wp-image-5597 aligncenter\" src=\"https:\/\/ecodef-ihedn.fr\/wp-content\/uploads\/2022\/07\/Camille_Laville.jpeg\" alt=\"\" width=\"240\" height=\"278\" \/><\/a><a href=\"https:\/\/www.researchgate.net\/profile\/Camille-Laville-2\" target=\"_blank\" rel=\"noopener\"><strong>Camille Laville<\/strong><\/a>, a researcher at the Chair, has written for the\u2019<strong>Global Initiative for Peace and Security in Africa (GIPSA)<\/strong> a note on <strong>possible effects of commodity price shocks and climate shocks on the risk of local tensions<\/strong> using the war in Ukraine and the African continent as reference events and regions.<\/p>\n<p>The note highlights the complexity of understanding (and anticipating) local tensions in areas exposed to multiple sources of vulnerability. Indeed, complex interactions, the lack of reliable local data and potential spurious correlations make it difficult to understand the local causes of violence, particularly when it comes to <strong>understand how poverty and conflict are sustained<\/strong>.<\/p>\n<p>The note concludes with the relevance of the meta-analysis initiated with its co-author <a href=\"https:\/\/sites.google.com\/view\/pierremandon\" target=\"_blank\" rel=\"noopener\">Pierre Mandon<\/a> to identify the non-linear impacts of local income shocks on local conflicts and violence.<\/p>","protected":false},"excerpt":{"rendered":"<p>Camille Laville, Chercheuse \u00e0 la Chaire, a r\u00e9dig\u00e9 pour l&rsquo;Initiative Globale pour la Paix et la S\u00e9curit\u00e9 en Afrique (IGPSA) une note sur les effets possibles des chocs de prix des mati\u00e8res premi\u00e8res et des chocs climatiques sur le risque de tensions locales en utilisant la guerre en Ukraine et le continent africain comme \u00e9v\u00e8nement [&hellip;]<\/p>\n","protected":false},"author":2,"featured_media":5596,"comment_status":"open","ping_status":"open","sticky":false,"template":"","format":"standard","meta":{"footnotes":""},"categories":[350,584],"tags":[580,579,102,581,583,536,582],"class_list":{"0":"post-5593","1":"post","2":"type-post","3":"status-publish","4":"format-standard","5":"has-post-thumbnail","7":"category-publications","8":"category-thematique-6-enjeux-strategiques","9":"tag-afrique","10":"tag-camille-laville","11":"tag-conflit","12":"tag-continent-africain","13":"tag-igpsa","14":"tag-ukraine","15":"tag-vulnerabilite"},"yoast_head":"<!-- This site is optimized with the Yoast SEO plugin v27.4 - https:\/\/yoast.com\/product\/yoast-seo-wordpress\/ -->\n<title>Cons\u00e9quences de la guerre en Ukraine sur le continent africain : note de Camille Laville pour l&#039;IGPSA - Chaire \u00c9conomie de d\u00e9fense - IHEDN<\/title>\n<meta name=\"robots\" content=\"index, follow, max-snippet:-1, max-image-preview:large, max-video-preview:-1\" \/>\n<link rel=\"canonical\" href=\"https:\/\/ecodef-ihedn.fr\/en\/consequences-de-la-guerre-en-ukraine-sur-le-continent-africain-note-de-camille-laville-pour-ligpsa\/\" \/>\n<meta property=\"og:locale\" content=\"en_GB\" \/>\n<meta property=\"og:type\" content=\"article\" \/>\n<meta property=\"og:title\" content=\"Cons\u00e9quences de la guerre en Ukraine sur le continent africain : note de Camille Laville pour l&#039;IGPSA - Chaire \u00c9conomie de d\u00e9fense - IHEDN\" \/>\n<meta property=\"og:description\" content=\"Camille Laville, Chercheuse \u00e0 la Chaire, a r\u00e9dig\u00e9 pour l&rsquo;Initiative Globale pour la Paix et la S\u00e9curit\u00e9 en Afrique (IGPSA) une note sur les effets possibles des chocs de prix des mati\u00e8res premi\u00e8res et des chocs climatiques sur le risque de tensions locales en utilisant la guerre en Ukraine et le continent africain comme \u00e9v\u00e8nement [&hellip;]\" \/>\n<meta property=\"og:url\" content=\"https:\/\/ecodef-ihedn.fr\/en\/consequences-de-la-guerre-en-ukraine-sur-le-continent-africain-note-de-camille-laville-pour-ligpsa\/\" \/>\n<meta property=\"og:site_name\" content=\"Chaire \u00c9conomie de d\u00e9fense - IHEDN\" \/>\n<meta property=\"article:published_time\" content=\"2022-07-11T08:19:53+00:00\" \/>\n<meta property=\"article:modified_time\" content=\"2024-12-12T12:56:52+00:00\" \/>\n<meta property=\"og:image\" content=\"https:\/\/ecodef-ihedn.fr\/wp-content\/uploads\/2022\/07\/hgv-h-.png\" \/>\n\t<meta property=\"og:image:width\" content=\"987\" \/>\n\t<meta property=\"og:image:height\" content=\"740\" \/>\n\t<meta property=\"og:image:type\" content=\"image\/png\" \/>\n<meta name=\"author\" content=\"Bertrand Demandre\" \/>\n<meta name=\"twitter:card\" content=\"summary_large_image\" \/>\n<meta name=\"twitter:creator\" content=\"@Chaire_Ecodef\" \/>\n<meta name=\"twitter:site\" content=\"@Chaire_Ecodef\" \/>\n<meta name=\"twitter:label1\" content=\"Written by\" \/>\n\t<meta name=\"twitter:data1\" content=\"Bertrand Demandre\" \/>\n\t<meta name=\"twitter:label2\" content=\"Estimated reading time\" \/>\n\t<meta name=\"twitter:data2\" content=\"2 minutes\" \/>\n<script type=\"application\/ld+json\" class=\"yoast-schema-graph\">{\"@context\":\"https:\\\/\\\/schema.org\",\"@graph\":[{\"@type\":\"Article\",\"@id\":\"https:\\\/\\\/ecodef-ihedn.fr\\\/consequences-de-la-guerre-en-ukraine-sur-le-continent-africain-note-de-camille-laville-pour-ligpsa\\\/#article\",\"isPartOf\":{\"@id\":\"https:\\\/\\\/ecodef-ihedn.fr\\\/consequences-de-la-guerre-en-ukraine-sur-le-continent-africain-note-de-camille-laville-pour-ligpsa\\\/\"},\"author\":{\"name\":\"Bertrand Demandre\",\"@id\":\"https:\\\/\\\/ecodef-ihedn.fr\\\/#\\\/schema\\\/person\\\/1cdf22d028cebe278126a6e07a884d30\"},\"headline\":\"Cons\u00e9quences de la guerre en Ukraine sur le continent africain : note de Camille Laville pour l&rsquo;IGPSA\",\"datePublished\":\"2022-07-11T08:19:53+00:00\",\"dateModified\":\"2024-12-12T12:56:52+00:00\",\"mainEntityOfPage\":{\"@id\":\"https:\\\/\\\/ecodef-ihedn.fr\\\/consequences-de-la-guerre-en-ukraine-sur-le-continent-africain-note-de-camille-laville-pour-ligpsa\\\/\"},\"wordCount\":191,\"commentCount\":0,\"publisher\":{\"@id\":\"https:\\\/\\\/ecodef-ihedn.fr\\\/#organization\"},\"image\":{\"@id\":\"https:\\\/\\\/ecodef-ihedn.fr\\\/consequences-de-la-guerre-en-ukraine-sur-le-continent-africain-note-de-camille-laville-pour-ligpsa\\\/#primaryimage\"},\"thumbnailUrl\":\"https:\\\/\\\/ecodef-ihedn.fr\\\/wp-content\\\/uploads\\\/2022\\\/07\\\/hgv-h-.png\",\"keywords\":[\"Afrique\",\"Camille Laville\",\"conflit\",\"continent africain\",\"IGPSA\",\"Ukraine\",\"vuln\u00e9rabilit\u00e9\"],\"articleSection\":[\"Publications\",\"Th\u00e9matique 6 : enjeux strat\u00e9giques\"],\"inLanguage\":\"en-GB\",\"potentialAction\":[{\"@type\":\"CommentAction\",\"name\":\"Comment\",\"target\":[\"https:\\\/\\\/ecodef-ihedn.fr\\\/consequences-de-la-guerre-en-ukraine-sur-le-continent-africain-note-de-camille-laville-pour-ligpsa\\\/#respond\"]}]},{\"@type\":\"WebPage\",\"@id\":\"https:\\\/\\\/ecodef-ihedn.fr\\\/consequences-de-la-guerre-en-ukraine-sur-le-continent-africain-note-de-camille-laville-pour-ligpsa\\\/\",\"url\":\"https:\\\/\\\/ecodef-ihedn.fr\\\/consequences-de-la-guerre-en-ukraine-sur-le-continent-africain-note-de-camille-laville-pour-ligpsa\\\/\",\"name\":\"Cons\u00e9quences de la guerre en Ukraine sur le continent africain : note de Camille Laville pour l'IGPSA - Chaire \u00c9conomie de d\u00e9fense - IHEDN\",\"isPartOf\":{\"@id\":\"https:\\\/\\\/ecodef-ihedn.fr\\\/#website\"},\"primaryImageOfPage\":{\"@id\":\"https:\\\/\\\/ecodef-ihedn.fr\\\/consequences-de-la-guerre-en-ukraine-sur-le-continent-africain-note-de-camille-laville-pour-ligpsa\\\/#primaryimage\"},\"image\":{\"@id\":\"https:\\\/\\\/ecodef-ihedn.fr\\\/consequences-de-la-guerre-en-ukraine-sur-le-continent-africain-note-de-camille-laville-pour-ligpsa\\\/#primaryimage\"},\"thumbnailUrl\":\"https:\\\/\\\/ecodef-ihedn.fr\\\/wp-content\\\/uploads\\\/2022\\\/07\\\/hgv-h-.png\",\"datePublished\":\"2022-07-11T08:19:53+00:00\",\"dateModified\":\"2024-12-12T12:56:52+00:00\",\"breadcrumb\":{\"@id\":\"https:\\\/\\\/ecodef-ihedn.fr\\\/consequences-de-la-guerre-en-ukraine-sur-le-continent-africain-note-de-camille-laville-pour-ligpsa\\\/#breadcrumb\"},\"inLanguage\":\"en-GB\",\"potentialAction\":[{\"@type\":\"ReadAction\",\"target\":[\"https:\\\/\\\/ecodef-ihedn.fr\\\/consequences-de-la-guerre-en-ukraine-sur-le-continent-africain-note-de-camille-laville-pour-ligpsa\\\/\"]}]},{\"@type\":\"ImageObject\",\"inLanguage\":\"en-GB\",\"@id\":\"https:\\\/\\\/ecodef-ihedn.fr\\\/consequences-de-la-guerre-en-ukraine-sur-le-continent-africain-note-de-camille-laville-pour-ligpsa\\\/#primaryimage\",\"url\":\"https:\\\/\\\/ecodef-ihedn.fr\\\/wp-content\\\/uploads\\\/2022\\\/07\\\/hgv-h-.png\",\"contentUrl\":\"https:\\\/\\\/ecodef-ihedn.fr\\\/wp-content\\\/uploads\\\/2022\\\/07\\\/hgv-h-.png\",\"width\":987,\"height\":740},{\"@type\":\"BreadcrumbList\",\"@id\":\"https:\\\/\\\/ecodef-ihedn.fr\\\/consequences-de-la-guerre-en-ukraine-sur-le-continent-africain-note-de-camille-laville-pour-ligpsa\\\/#breadcrumb\",\"itemListElement\":[{\"@type\":\"ListItem\",\"position\":1,\"name\":\"Accueil\",\"item\":\"https:\\\/\\\/ecodef-ihedn.fr\\\/\"},{\"@type\":\"ListItem\",\"position\":2,\"name\":\"Cons\u00e9quences de la guerre en Ukraine sur le continent africain : note de Camille Laville pour l&#8217;IGPSA\"}]},{\"@type\":\"WebSite\",\"@id\":\"https:\\\/\\\/ecodef-ihedn.fr\\\/#website\",\"url\":\"https:\\\/\\\/ecodef-ihedn.fr\\\/\",\"name\":\"Chaire \u00c9conomie de D\u00e9fense - IHEDN\",\"description\":\"Produire &amp; soutenir, f\u00e9d\u00e9rer &amp; diffuser, \u00eatre une interface\",\"publisher\":{\"@id\":\"https:\\\/\\\/ecodef-ihedn.fr\\\/#organization\"},\"potentialAction\":[{\"@type\":\"SearchAction\",\"target\":{\"@type\":\"EntryPoint\",\"urlTemplate\":\"https:\\\/\\\/ecodef-ihedn.fr\\\/?s={search_term_string}\"},\"query-input\":{\"@type\":\"PropertyValueSpecification\",\"valueRequired\":true,\"valueName\":\"search_term_string\"}}],\"inLanguage\":\"en-GB\"},{\"@type\":\"Organization\",\"@id\":\"https:\\\/\\\/ecodef-ihedn.fr\\\/#organization\",\"name\":\"Chaire \u00c9conomie de d\u00e9fense - IHEDN\",\"url\":\"https:\\\/\\\/ecodef-ihedn.fr\\\/\",\"logo\":{\"@type\":\"ImageObject\",\"inLanguage\":\"en-GB\",\"@id\":\"https:\\\/\\\/ecodef-ihedn.fr\\\/#\\\/schema\\\/logo\\\/image\\\/\",\"url\":\"https:\\\/\\\/ecodef-ihedn.fr\\\/wp-content\\\/uploads\\\/2020\\\/04\\\/logoEcodef9.jpg\",\"contentUrl\":\"https:\\\/\\\/ecodef-ihedn.fr\\\/wp-content\\\/uploads\\\/2020\\\/04\\\/logoEcodef9.jpg\",\"width\":410,\"height\":212,\"caption\":\"Chaire \u00c9conomie de d\u00e9fense - IHEDN\"},\"image\":{\"@id\":\"https:\\\/\\\/ecodef-ihedn.fr\\\/#\\\/schema\\\/logo\\\/image\\\/\"},\"sameAs\":[\"https:\\\/\\\/x.com\\\/Chaire_Ecodef\",\"https:\\\/\\\/www.linkedin.com\\\/company\\\/chaire-ecodef-ihedn\\\/\"]},{\"@type\":\"Person\",\"@id\":\"https:\\\/\\\/ecodef-ihedn.fr\\\/#\\\/schema\\\/person\\\/1cdf22d028cebe278126a6e07a884d30\",\"name\":\"Bertrand Demandre\",\"image\":{\"@type\":\"ImageObject\",\"inLanguage\":\"en-GB\",\"@id\":\"https:\\\/\\\/secure.gravatar.com\\\/avatar\\\/d9c9746d6c900ab5b9c0f9b1fa3932e369da923da247d624b8f7ab4ba8a3c093?s=96&d=mm&r=g\",\"url\":\"https:\\\/\\\/secure.gravatar.com\\\/avatar\\\/d9c9746d6c900ab5b9c0f9b1fa3932e369da923da247d624b8f7ab4ba8a3c093?s=96&d=mm&r=g\",\"contentUrl\":\"https:\\\/\\\/secure.gravatar.com\\\/avatar\\\/d9c9746d6c900ab5b9c0f9b1fa3932e369da923da247d624b8f7ab4ba8a3c093?s=96&d=mm&r=g\",\"caption\":\"Bertrand Demandre\"},\"url\":\"https:\\\/\\\/ecodef-ihedn.fr\\\/en\\\/author\\\/bertrand\\\/\"}]}<\/script>\n<!-- \/ Yoast SEO plugin. -->","yoast_head_json":{"title":"Cons\u00e9quences de la guerre en Ukraine sur le continent africain : note de Camille Laville pour l'IGPSA - Chaire \u00c9conomie de d\u00e9fense - IHEDN","robots":{"index":"index","follow":"follow","max-snippet":"max-snippet:-1","max-image-preview":"max-image-preview:large","max-video-preview":"max-video-preview:-1"},"canonical":"https:\/\/ecodef-ihedn.fr\/en\/consequences-de-la-guerre-en-ukraine-sur-le-continent-africain-note-de-camille-laville-pour-ligpsa\/","og_locale":"en_GB","og_type":"article","og_title":"Cons\u00e9quences de la guerre en Ukraine sur le continent africain : note de Camille Laville pour l'IGPSA - Chaire \u00c9conomie de d\u00e9fense - IHEDN","og_description":"Camille Laville, Chercheuse \u00e0 la Chaire, a r\u00e9dig\u00e9 pour l&rsquo;Initiative Globale pour la Paix et la S\u00e9curit\u00e9 en Afrique (IGPSA) une note sur les effets possibles des chocs de prix des mati\u00e8res premi\u00e8res et des chocs climatiques sur le risque de tensions locales en utilisant la guerre en Ukraine et le continent africain comme \u00e9v\u00e8nement [&hellip;]","og_url":"https:\/\/ecodef-ihedn.fr\/en\/consequences-de-la-guerre-en-ukraine-sur-le-continent-africain-note-de-camille-laville-pour-ligpsa\/","og_site_name":"Chaire \u00c9conomie de d\u00e9fense - IHEDN","article_published_time":"2022-07-11T08:19:53+00:00","article_modified_time":"2024-12-12T12:56:52+00:00","og_image":[{"width":987,"height":740,"url":"https:\/\/ecodef-ihedn.fr\/wp-content\/uploads\/2022\/07\/hgv-h-.png","type":"image\/png"}],"author":"Bertrand Demandre","twitter_card":"summary_large_image","twitter_creator":"@Chaire_Ecodef","twitter_site":"@Chaire_Ecodef","twitter_misc":{"Written by":"Bertrand Demandre","Estimated reading time":"2 minutes"},"schema":{"@context":"https:\/\/schema.org","@graph":[{"@type":"Article","@id":"https:\/\/ecodef-ihedn.fr\/consequences-de-la-guerre-en-ukraine-sur-le-continent-africain-note-de-camille-laville-pour-ligpsa\/#article","isPartOf":{"@id":"https:\/\/ecodef-ihedn.fr\/consequences-de-la-guerre-en-ukraine-sur-le-continent-africain-note-de-camille-laville-pour-ligpsa\/"},"author":{"name":"Bertrand Demandre","@id":"https:\/\/ecodef-ihedn.fr\/#\/schema\/person\/1cdf22d028cebe278126a6e07a884d30"},"headline":"Cons\u00e9quences de la guerre en Ukraine sur le continent africain : note de Camille Laville pour l&rsquo;IGPSA","datePublished":"2022-07-11T08:19:53+00:00","dateModified":"2024-12-12T12:56:52+00:00","mainEntityOfPage":{"@id":"https:\/\/ecodef-ihedn.fr\/consequences-de-la-guerre-en-ukraine-sur-le-continent-africain-note-de-camille-laville-pour-ligpsa\/"},"wordCount":191,"commentCount":0,"publisher":{"@id":"https:\/\/ecodef-ihedn.fr\/#organization"},"image":{"@id":"https:\/\/ecodef-ihedn.fr\/consequences-de-la-guerre-en-ukraine-sur-le-continent-africain-note-de-camille-laville-pour-ligpsa\/#primaryimage"},"thumbnailUrl":"https:\/\/ecodef-ihedn.fr\/wp-content\/uploads\/2022\/07\/hgv-h-.png","keywords":["Afrique","Camille Laville","conflit","continent africain","IGPSA","Ukraine","vuln\u00e9rabilit\u00e9"],"articleSection":["Publications","Th\u00e9matique 6 : enjeux strat\u00e9giques"],"inLanguage":"en-GB","potentialAction":[{"@type":"CommentAction","name":"Comment","target":["https:\/\/ecodef-ihedn.fr\/consequences-de-la-guerre-en-ukraine-sur-le-continent-africain-note-de-camille-laville-pour-ligpsa\/#respond"]}]},{"@type":"WebPage","@id":"https:\/\/ecodef-ihedn.fr\/consequences-de-la-guerre-en-ukraine-sur-le-continent-africain-note-de-camille-laville-pour-ligpsa\/","url":"https:\/\/ecodef-ihedn.fr\/consequences-de-la-guerre-en-ukraine-sur-le-continent-africain-note-de-camille-laville-pour-ligpsa\/","name":"Cons\u00e9quences de la guerre en Ukraine sur le continent africain : note de Camille Laville pour l'IGPSA - Chaire \u00c9conomie de d\u00e9fense - IHEDN","isPartOf":{"@id":"https:\/\/ecodef-ihedn.fr\/#website"},"primaryImageOfPage":{"@id":"https:\/\/ecodef-ihedn.fr\/consequences-de-la-guerre-en-ukraine-sur-le-continent-africain-note-de-camille-laville-pour-ligpsa\/#primaryimage"},"image":{"@id":"https:\/\/ecodef-ihedn.fr\/consequences-de-la-guerre-en-ukraine-sur-le-continent-africain-note-de-camille-laville-pour-ligpsa\/#primaryimage"},"thumbnailUrl":"https:\/\/ecodef-ihedn.fr\/wp-content\/uploads\/2022\/07\/hgv-h-.png","datePublished":"2022-07-11T08:19:53+00:00","dateModified":"2024-12-12T12:56:52+00:00","breadcrumb":{"@id":"https:\/\/ecodef-ihedn.fr\/consequences-de-la-guerre-en-ukraine-sur-le-continent-africain-note-de-camille-laville-pour-ligpsa\/#breadcrumb"},"inLanguage":"en-GB","potentialAction":[{"@type":"ReadAction","target":["https:\/\/ecodef-ihedn.fr\/consequences-de-la-guerre-en-ukraine-sur-le-continent-africain-note-de-camille-laville-pour-ligpsa\/"]}]},{"@type":"ImageObject","inLanguage":"en-GB","@id":"https:\/\/ecodef-ihedn.fr\/consequences-de-la-guerre-en-ukraine-sur-le-continent-africain-note-de-camille-laville-pour-ligpsa\/#primaryimage","url":"https:\/\/ecodef-ihedn.fr\/wp-content\/uploads\/2022\/07\/hgv-h-.png","contentUrl":"https:\/\/ecodef-ihedn.fr\/wp-content\/uploads\/2022\/07\/hgv-h-.png","width":987,"height":740},{"@type":"BreadcrumbList","@id":"https:\/\/ecodef-ihedn.fr\/consequences-de-la-guerre-en-ukraine-sur-le-continent-africain-note-de-camille-laville-pour-ligpsa\/#breadcrumb","itemListElement":[{"@type":"ListItem","position":1,"name":"Accueil","item":"https:\/\/ecodef-ihedn.fr\/"},{"@type":"ListItem","position":2,"name":"Cons\u00e9quences de la guerre en Ukraine sur le continent africain : note de Camille Laville pour l&#8217;IGPSA"}]},{"@type":"WebSite","@id":"https:\/\/ecodef-ihedn.fr\/#website","url":"https:\/\/ecodef-ihedn.fr\/","name":"Chair in Defence Economics - IHEDN","description":"Produce &amp; support, federate &amp; disseminate, act as an interface","publisher":{"@id":"https:\/\/ecodef-ihedn.fr\/#organization"},"potentialAction":[{"@type":"SearchAction","target":{"@type":"EntryPoint","urlTemplate":"https:\/\/ecodef-ihedn.fr\/?s={search_term_string}"},"query-input":{"@type":"PropertyValueSpecification","valueRequired":true,"valueName":"search_term_string"}}],"inLanguage":"en-GB"},{"@type":"Organization","@id":"https:\/\/ecodef-ihedn.fr\/#organization","name":"Chair in Defence Economics - IHEDN","url":"https:\/\/ecodef-ihedn.fr\/","logo":{"@type":"ImageObject","inLanguage":"en-GB","@id":"https:\/\/ecodef-ihedn.fr\/#\/schema\/logo\/image\/","url":"https:\/\/ecodef-ihedn.fr\/wp-content\/uploads\/2020\/04\/logoEcodef9.jpg","contentUrl":"https:\/\/ecodef-ihedn.fr\/wp-content\/uploads\/2020\/04\/logoEcodef9.jpg","width":410,"height":212,"caption":"Chaire \u00c9conomie de d\u00e9fense - IHEDN"},"image":{"@id":"https:\/\/ecodef-ihedn.fr\/#\/schema\/logo\/image\/"},"sameAs":["https:\/\/x.com\/Chaire_Ecodef","https:\/\/www.linkedin.com\/company\/chaire-ecodef-ihedn\/"]},{"@type":"Person","@id":"https:\/\/ecodef-ihedn.fr\/#\/schema\/person\/1cdf22d028cebe278126a6e07a884d30","name":"Bertrand Demandre","image":{"@type":"ImageObject","inLanguage":"en-GB","@id":"https:\/\/secure.gravatar.com\/avatar\/d9c9746d6c900ab5b9c0f9b1fa3932e369da923da247d624b8f7ab4ba8a3c093?s=96&d=mm&r=g","url":"https:\/\/secure.gravatar.com\/avatar\/d9c9746d6c900ab5b9c0f9b1fa3932e369da923da247d624b8f7ab4ba8a3c093?s=96&d=mm&r=g","contentUrl":"https:\/\/secure.gravatar.com\/avatar\/d9c9746d6c900ab5b9c0f9b1fa3932e369da923da247d624b8f7ab4ba8a3c093?s=96&d=mm&r=g","caption":"Bertrand Demandre"},"url":"https:\/\/ecodef-ihedn.fr\/en\/author\/bertrand\/"}]}},"_links":{"self":[{"href":"https:\/\/ecodef-ihedn.fr\/en\/wp-json\/wp\/v2\/posts\/5593","targetHints":{"allow":["GET"]}}],"collection":[{"href":"https:\/\/ecodef-ihedn.fr\/en\/wp-json\/wp\/v2\/posts"}],"about":[{"href":"https:\/\/ecodef-ihedn.fr\/en\/wp-json\/wp\/v2\/types\/post"}],"author":[{"embeddable":true,"href":"https:\/\/ecodef-ihedn.fr\/en\/wp-json\/wp\/v2\/users\/2"}],"replies":[{"embeddable":true,"href":"https:\/\/ecodef-ihedn.fr\/en\/wp-json\/wp\/v2\/comments?post=5593"}],"version-history":[{"count":6,"href":"https:\/\/ecodef-ihedn.fr\/en\/wp-json\/wp\/v2\/posts\/5593\/revisions"}],"predecessor-version":[{"id":8648,"href":"https:\/\/ecodef-ihedn.fr\/en\/wp-json\/wp\/v2\/posts\/5593\/revisions\/8648"}],"wp:featuredmedia":[{"embeddable":true,"href":"https:\/\/ecodef-ihedn.fr\/en\/wp-json\/wp\/v2\/media\/5596"}],"wp:attachment":[{"href":"https:\/\/ecodef-ihedn.fr\/en\/wp-json\/wp\/v2\/media?parent=5593"}],"wp:term":[{"taxonomy":"category","embeddable":true,"href":"https:\/\/ecodef-ihedn.fr\/en\/wp-json\/wp\/v2\/categories?post=5593"},{"taxonomy":"post_tag","embeddable":true,"href":"https:\/\/ecodef-ihedn.fr\/en\/wp-json\/wp\/v2\/tags?post=5593"}],"curies":[{"name":"wp","href":"https:\/\/api.w.org\/{rel}","templated":true}]}}