{"id":5606,"date":"2022-06-23T08:35:35","date_gmt":"2022-06-23T08:35:35","guid":{"rendered":"https:\/\/ecodef-ihedn.fr\/economie-spatiale-intervention-de-jean-belin-a-lecole-dete-defense-espace-2021-copy\/"},"modified":"2022-07-12T15:58:45","modified_gmt":"2022-07-12T15:58:45","slug":"economie-spatiale-intervention-de-jean-belin-a-lecole-dete-defense-espace-2022","status":"publish","type":"post","link":"https:\/\/ecodef-ihedn.fr\/en\/economie-spatiale-intervention-de-jean-belin-a-lecole-dete-defense-espace-2022\/","title":{"rendered":"Space economy: Jean Belin speaks at the Defence &amp; Space 2022 summer school"},"content":{"rendered":"<p><a href=\"https:\/\/www.researchgate.net\/profile\/Jean-Belin\" target=\"_blank\" rel=\"noopener\"><strong>Jean Belin<\/strong><\/a>, Chair, gave a talk on the space economy at the Defence &amp; Space 2022 summer school.<\/p>\r\n\r\n\r\n\r\n<div class=\"wp-block-image\" style=\"text-align: left;\">\r\n<figure><img loading=\"lazy\" decoding=\"async\" class=\"size-full wp-image-5608 aligncenter\" src=\"https:\/\/ecodef-ihedn.fr\/wp-content\/uploads\/2022\/07\/2022-06-ecole-ete-defense-espace-353x500-1.jpg\" alt=\"\" width=\"353\" height=\"500\" srcset=\"https:\/\/ecodef-ihedn.fr\/wp-content\/uploads\/2022\/07\/2022-06-ecole-ete-defense-espace-353x500-1.jpg 353w, https:\/\/ecodef-ihedn.fr\/wp-content\/uploads\/2022\/07\/2022-06-ecole-ete-defense-espace-353x500-1-212x300.jpg 212w, https:\/\/ecodef-ihedn.fr\/wp-content\/uploads\/2022\/07\/2022-06-ecole-ete-defense-espace-353x500-1-297x420.jpg 297w\" sizes=\"auto, (max-width: 353px) 100vw, 353px\" \/><\/figure>\r\n<p>Organised from 20 to 24 June by the <a href=\"https:\/\/www.sciencespobordeaux.fr\/fr\/formation\/ecoles-d-ete\/bordeaux-defence-space.html\" target=\"_blank\" rel=\"noreferrer noopener\">Defence &amp; Aerospace Chair\u00ab<\/a> for Science Po Bordeaux, the <a href=\"https:\/\/ecoleespace2022.sciencesconf.org\/\" target=\"_blank\" rel=\"noopener\">6th Defence &amp; Space Summer School<\/a> invited <strong>Jean Belin<\/strong> to present <strong>the defence space economy and industry<\/strong>.<\/p>\r\n<figure><\/figure>\r\n<\/div>\r\n\r\n\r\n\r\n\r\n\r\n<p>The aim of this presentation was to analyse the economic models of the space industry, its specific features, particularly in terms of financing, and the role of the European Space Agency. <strong>its links with defence<\/strong>.<\/p>\r\n\r\n\r\n\r\n<p>Jean Belin's presentation was based on the observation that space is a<strong> an essential environment for armies<\/strong>, Access to it is increasingly contested. It has also become a key factor in the functioning of our economies and societies. In recent years, we have seen a major shift in the space business model. The size of the commercial market is <strong>strong growth<\/strong>, competition, both between countries and between companies, is greater and more intense. <strong>new methods and sources of financing<\/strong> complement public funding. Alongside the traditional players, new players in the commercial space are developing with a new approach, which is changing risk-taking and the incentive to innovate. Because of its influence on costs and capacity for innovation, the organisation of the sector has become a major concern for the space powers. The links between public and private players in the field, the type of contracts, competition on the market, the complementarities to be found between the technologies developed or the management of externalities such as space debris remain key issues. <strong>economic themes that are still under-researched<\/strong>.<\/p>\r\n\r\n\r\n\r\n<p>&nbsp;<\/p>","protected":false},"excerpt":{"rendered":"<p>Jean Belin, titulaire de la Chaire, est intervenu dans le cadre d&rsquo;une conf\u00e9rence sur l&rsquo;\u00e9conomie spatiale de l&rsquo;\u00e9cole d&rsquo;\u00e9t\u00e9 D\u00e9fense &amp; Espace 2022. Cette intervention a eu pour objectif d&rsquo;analyser les mod\u00e8les \u00e9conomiques du spatial, ses sp\u00e9cificit\u00e9s, notamment en termes de financement, et ses liens avec la d\u00e9fense. Le propos de Jean Belin s&rsquo;est appuy\u00e9 [&hellip;]<\/p>\n","protected":false},"author":2,"featured_media":3385,"comment_status":"open","ping_status":"open","sticky":false,"template":"","format":"standard","meta":{"footnotes":""},"categories":[34,356],"tags":[262,162,41,438,47,439,236,38,440],"class_list":{"0":"post-5606","1":"post","2":"type-post","3":"status-publish","4":"format-standard","5":"has-post-thumbnail","7":"category-activites","8":"category-activites-participation-de-la-chaire-a-un-evenement","9":"tag-chaire-defense-et-aerospatial","10":"tag-chaire-economie-de-defense","11":"tag-conference","12":"tag-ecodef","13":"tag-economie-de-defense","14":"tag-economie-spatiale","15":"tag-espace","16":"tag-ihedn","17":"tag-marche-du-spatial"},"yoast_head":"<!-- This site is optimized with the Yoast SEO plugin v27.4 - https:\/\/yoast.com\/product\/yoast-seo-wordpress\/ -->\n<title>\u00c9conomie spatiale : intervention de Jean Belin \u00e0 l&#039;\u00e9cole d&#039;\u00e9t\u00e9 D\u00e9fense &amp; Espace 2022 - Chaire \u00c9conomie de d\u00e9fense - IHEDN<\/title>\n<meta name=\"description\" content=\"Organis\u00e9e en ligne par la Chaire D\u00e9fense &amp; A\u00e9rospatial, l&#039;\u00e9cole d&#039;\u00e9t\u00e9 D\u00e9fense &amp; Espace a invit\u00e9 Jean Belin, titulaire de la Chaire, jeudi 10 juin afin de discuter de l&#039;\u00e9conomie spatiale et de d\u00e9fense.\" \/>\n<meta name=\"robots\" content=\"index, follow, max-snippet:-1, max-image-preview:large, max-video-preview:-1\" \/>\n<link rel=\"canonical\" href=\"https:\/\/ecodef-ihedn.fr\/en\/economie-spatiale-intervention-de-jean-belin-a-lecole-dete-defense-espace-2022\/\" \/>\n<meta property=\"og:locale\" content=\"en_GB\" \/>\n<meta property=\"og:type\" content=\"article\" \/>\n<meta property=\"og:title\" content=\"\u00c9conomie spatiale : intervention de Jean Belin \u00e0 l&#039;\u00e9cole d&#039;\u00e9t\u00e9 D\u00e9fense &amp; Espace 2022 - Chaire \u00c9conomie de d\u00e9fense - IHEDN\" \/>\n<meta property=\"og:description\" content=\"Organis\u00e9e en ligne par la Chaire D\u00e9fense &amp; A\u00e9rospatial, l&#039;\u00e9cole d&#039;\u00e9t\u00e9 D\u00e9fense &amp; Espace a invit\u00e9 Jean Belin, titulaire de la Chaire, jeudi 10 juin afin de discuter de l&#039;\u00e9conomie spatiale et de d\u00e9fense.\" \/>\n<meta property=\"og:url\" content=\"https:\/\/ecodef-ihedn.fr\/en\/economie-spatiale-intervention-de-jean-belin-a-lecole-dete-defense-espace-2022\/\" \/>\n<meta property=\"og:site_name\" content=\"Chaire \u00c9conomie de d\u00e9fense - IHEDN\" \/>\n<meta property=\"article:published_time\" content=\"2022-06-23T08:35:35+00:00\" \/>\n<meta property=\"article:modified_time\" content=\"2022-07-12T15:58:45+00:00\" \/>\n<meta property=\"og:image\" content=\"https:\/\/ecodef-ihedn.fr\/wp-content\/uploads\/2021\/03\/Jean-BELIN.jpg\" \/>\n\t<meta property=\"og:image:width\" content=\"675\" \/>\n\t<meta property=\"og:image:height\" content=\"450\" \/>\n\t<meta property=\"og:image:type\" content=\"image\/jpeg\" \/>\n<meta name=\"author\" content=\"Bertrand Demandre\" \/>\n<meta name=\"twitter:card\" content=\"summary_large_image\" \/>\n<meta name=\"twitter:creator\" content=\"@Chaire_Ecodef\" \/>\n<meta name=\"twitter:site\" content=\"@Chaire_Ecodef\" \/>\n<meta name=\"twitter:label1\" content=\"Written by\" \/>\n\t<meta name=\"twitter:data1\" content=\"Bertrand Demandre\" \/>\n\t<meta name=\"twitter:label2\" content=\"Estimated reading time\" \/>\n\t<meta name=\"twitter:data2\" content=\"2 minutes\" \/>\n<script type=\"application\/ld+json\" class=\"yoast-schema-graph\">{\"@context\":\"https:\\\/\\\/schema.org\",\"@graph\":[{\"@type\":\"Article\",\"@id\":\"https:\\\/\\\/ecodef-ihedn.fr\\\/economie-spatiale-intervention-de-jean-belin-a-lecole-dete-defense-espace-2022\\\/#article\",\"isPartOf\":{\"@id\":\"https:\\\/\\\/ecodef-ihedn.fr\\\/economie-spatiale-intervention-de-jean-belin-a-lecole-dete-defense-espace-2022\\\/\"},\"author\":{\"name\":\"Bertrand Demandre\",\"@id\":\"https:\\\/\\\/ecodef-ihedn.fr\\\/#\\\/schema\\\/person\\\/1cdf22d028cebe278126a6e07a884d30\"},\"headline\":\"\u00c9conomie spatiale : intervention de Jean Belin \u00e0 l&rsquo;\u00e9cole d&rsquo;\u00e9t\u00e9 D\u00e9fense &amp; Espace 2022\",\"datePublished\":\"2022-06-23T08:35:35+00:00\",\"dateModified\":\"2022-07-12T15:58:45+00:00\",\"mainEntityOfPage\":{\"@id\":\"https:\\\/\\\/ecodef-ihedn.fr\\\/economie-spatiale-intervention-de-jean-belin-a-lecole-dete-defense-espace-2022\\\/\"},\"wordCount\":331,\"commentCount\":0,\"publisher\":{\"@id\":\"https:\\\/\\\/ecodef-ihedn.fr\\\/#organization\"},\"image\":{\"@id\":\"https:\\\/\\\/ecodef-ihedn.fr\\\/economie-spatiale-intervention-de-jean-belin-a-lecole-dete-defense-espace-2022\\\/#primaryimage\"},\"thumbnailUrl\":\"https:\\\/\\\/ecodef-ihedn.fr\\\/wp-content\\\/uploads\\\/2021\\\/03\\\/Jean-BELIN.jpg\",\"keywords\":[\"chaire d\u00e9fense et a\u00e9rospatial\",\"chaire \u00e9conomie de d\u00e9fense\",\"conf\u00e9rence\",\"ecodef\",\"\u00e9conomie de d\u00e9fense\",\"\u00e9conomie spatiale\",\"espace\",\"IHEDN\",\"march\u00e9 du spatial\"],\"articleSection\":[\"Activit\u00e9s\",\"Activit\u00e9s : participation de la Chaire \u00e0 un \u00e9v\u00e9nement\"],\"inLanguage\":\"en-GB\",\"potentialAction\":[{\"@type\":\"CommentAction\",\"name\":\"Comment\",\"target\":[\"https:\\\/\\\/ecodef-ihedn.fr\\\/economie-spatiale-intervention-de-jean-belin-a-lecole-dete-defense-espace-2022\\\/#respond\"]}]},{\"@type\":\"WebPage\",\"@id\":\"https:\\\/\\\/ecodef-ihedn.fr\\\/economie-spatiale-intervention-de-jean-belin-a-lecole-dete-defense-espace-2022\\\/\",\"url\":\"https:\\\/\\\/ecodef-ihedn.fr\\\/economie-spatiale-intervention-de-jean-belin-a-lecole-dete-defense-espace-2022\\\/\",\"name\":\"\u00c9conomie spatiale : intervention de Jean Belin \u00e0 l'\u00e9cole d'\u00e9t\u00e9 D\u00e9fense &amp; Espace 2022 - Chaire \u00c9conomie de d\u00e9fense - IHEDN\",\"isPartOf\":{\"@id\":\"https:\\\/\\\/ecodef-ihedn.fr\\\/#website\"},\"primaryImageOfPage\":{\"@id\":\"https:\\\/\\\/ecodef-ihedn.fr\\\/economie-spatiale-intervention-de-jean-belin-a-lecole-dete-defense-espace-2022\\\/#primaryimage\"},\"image\":{\"@id\":\"https:\\\/\\\/ecodef-ihedn.fr\\\/economie-spatiale-intervention-de-jean-belin-a-lecole-dete-defense-espace-2022\\\/#primaryimage\"},\"thumbnailUrl\":\"https:\\\/\\\/ecodef-ihedn.fr\\\/wp-content\\\/uploads\\\/2021\\\/03\\\/Jean-BELIN.jpg\",\"datePublished\":\"2022-06-23T08:35:35+00:00\",\"dateModified\":\"2022-07-12T15:58:45+00:00\",\"description\":\"Organis\u00e9e en ligne par la Chaire D\u00e9fense & A\u00e9rospatial, l'\u00e9cole d'\u00e9t\u00e9 D\u00e9fense & Espace a invit\u00e9 Jean Belin, titulaire de la Chaire, jeudi 10 juin afin de discuter de l'\u00e9conomie spatiale et de d\u00e9fense.\",\"breadcrumb\":{\"@id\":\"https:\\\/\\\/ecodef-ihedn.fr\\\/economie-spatiale-intervention-de-jean-belin-a-lecole-dete-defense-espace-2022\\\/#breadcrumb\"},\"inLanguage\":\"en-GB\",\"potentialAction\":[{\"@type\":\"ReadAction\",\"target\":[\"https:\\\/\\\/ecodef-ihedn.fr\\\/economie-spatiale-intervention-de-jean-belin-a-lecole-dete-defense-espace-2022\\\/\"]}]},{\"@type\":\"ImageObject\",\"inLanguage\":\"en-GB\",\"@id\":\"https:\\\/\\\/ecodef-ihedn.fr\\\/economie-spatiale-intervention-de-jean-belin-a-lecole-dete-defense-espace-2022\\\/#primaryimage\",\"url\":\"https:\\\/\\\/ecodef-ihedn.fr\\\/wp-content\\\/uploads\\\/2021\\\/03\\\/Jean-BELIN.jpg\",\"contentUrl\":\"https:\\\/\\\/ecodef-ihedn.fr\\\/wp-content\\\/uploads\\\/2021\\\/03\\\/Jean-BELIN.jpg\",\"width\":675,\"height\":450},{\"@type\":\"BreadcrumbList\",\"@id\":\"https:\\\/\\\/ecodef-ihedn.fr\\\/economie-spatiale-intervention-de-jean-belin-a-lecole-dete-defense-espace-2022\\\/#breadcrumb\",\"itemListElement\":[{\"@type\":\"ListItem\",\"position\":1,\"name\":\"Accueil\",\"item\":\"https:\\\/\\\/ecodef-ihedn.fr\\\/\"},{\"@type\":\"ListItem\",\"position\":2,\"name\":\"\u00c9conomie spatiale : intervention de Jean Belin \u00e0 l&#8217;\u00e9cole d&#8217;\u00e9t\u00e9 D\u00e9fense &amp; Espace 2022\"}]},{\"@type\":\"WebSite\",\"@id\":\"https:\\\/\\\/ecodef-ihedn.fr\\\/#website\",\"url\":\"https:\\\/\\\/ecodef-ihedn.fr\\\/\",\"name\":\"Chaire \u00c9conomie de D\u00e9fense - IHEDN\",\"description\":\"Produire &amp; soutenir, f\u00e9d\u00e9rer &amp; diffuser, \u00eatre une interface\",\"publisher\":{\"@id\":\"https:\\\/\\\/ecodef-ihedn.fr\\\/#organization\"},\"potentialAction\":[{\"@type\":\"SearchAction\",\"target\":{\"@type\":\"EntryPoint\",\"urlTemplate\":\"https:\\\/\\\/ecodef-ihedn.fr\\\/?s={search_term_string}\"},\"query-input\":{\"@type\":\"PropertyValueSpecification\",\"valueRequired\":true,\"valueName\":\"search_term_string\"}}],\"inLanguage\":\"en-GB\"},{\"@type\":\"Organization\",\"@id\":\"https:\\\/\\\/ecodef-ihedn.fr\\\/#organization\",\"name\":\"Chaire \u00c9conomie de d\u00e9fense - IHEDN\",\"url\":\"https:\\\/\\\/ecodef-ihedn.fr\\\/\",\"logo\":{\"@type\":\"ImageObject\",\"inLanguage\":\"en-GB\",\"@id\":\"https:\\\/\\\/ecodef-ihedn.fr\\\/#\\\/schema\\\/logo\\\/image\\\/\",\"url\":\"https:\\\/\\\/ecodef-ihedn.fr\\\/wp-content\\\/uploads\\\/2020\\\/04\\\/logoEcodef9.jpg\",\"contentUrl\":\"https:\\\/\\\/ecodef-ihedn.fr\\\/wp-content\\\/uploads\\\/2020\\\/04\\\/logoEcodef9.jpg\",\"width\":410,\"height\":212,\"caption\":\"Chaire \u00c9conomie de d\u00e9fense - IHEDN\"},\"image\":{\"@id\":\"https:\\\/\\\/ecodef-ihedn.fr\\\/#\\\/schema\\\/logo\\\/image\\\/\"},\"sameAs\":[\"https:\\\/\\\/x.com\\\/Chaire_Ecodef\",\"https:\\\/\\\/www.linkedin.com\\\/company\\\/chaire-ecodef-ihedn\\\/\"]},{\"@type\":\"Person\",\"@id\":\"https:\\\/\\\/ecodef-ihedn.fr\\\/#\\\/schema\\\/person\\\/1cdf22d028cebe278126a6e07a884d30\",\"name\":\"Bertrand Demandre\",\"image\":{\"@type\":\"ImageObject\",\"inLanguage\":\"en-GB\",\"@id\":\"https:\\\/\\\/secure.gravatar.com\\\/avatar\\\/d9c9746d6c900ab5b9c0f9b1fa3932e369da923da247d624b8f7ab4ba8a3c093?s=96&d=mm&r=g\",\"url\":\"https:\\\/\\\/secure.gravatar.com\\\/avatar\\\/d9c9746d6c900ab5b9c0f9b1fa3932e369da923da247d624b8f7ab4ba8a3c093?s=96&d=mm&r=g\",\"contentUrl\":\"https:\\\/\\\/secure.gravatar.com\\\/avatar\\\/d9c9746d6c900ab5b9c0f9b1fa3932e369da923da247d624b8f7ab4ba8a3c093?s=96&d=mm&r=g\",\"caption\":\"Bertrand Demandre\"},\"url\":\"https:\\\/\\\/ecodef-ihedn.fr\\\/en\\\/author\\\/bertrand\\\/\"}]}<\/script>\n<!-- \/ Yoast SEO plugin. -->","yoast_head_json":{"title":"\u00c9conomie spatiale : intervention de Jean Belin \u00e0 l'\u00e9cole d'\u00e9t\u00e9 D\u00e9fense &amp; Espace 2022 - Chaire \u00c9conomie de d\u00e9fense - IHEDN","description":"Organis\u00e9e en ligne par la Chaire D\u00e9fense & A\u00e9rospatial, l'\u00e9cole d'\u00e9t\u00e9 D\u00e9fense & Espace a invit\u00e9 Jean Belin, titulaire de la Chaire, jeudi 10 juin afin de discuter de l'\u00e9conomie spatiale et de d\u00e9fense.","robots":{"index":"index","follow":"follow","max-snippet":"max-snippet:-1","max-image-preview":"max-image-preview:large","max-video-preview":"max-video-preview:-1"},"canonical":"https:\/\/ecodef-ihedn.fr\/en\/economie-spatiale-intervention-de-jean-belin-a-lecole-dete-defense-espace-2022\/","og_locale":"en_GB","og_type":"article","og_title":"\u00c9conomie spatiale : intervention de Jean Belin \u00e0 l'\u00e9cole d'\u00e9t\u00e9 D\u00e9fense &amp; Espace 2022 - Chaire \u00c9conomie de d\u00e9fense - IHEDN","og_description":"Organis\u00e9e en ligne par la Chaire D\u00e9fense & A\u00e9rospatial, l'\u00e9cole d'\u00e9t\u00e9 D\u00e9fense & Espace a invit\u00e9 Jean Belin, titulaire de la Chaire, jeudi 10 juin afin de discuter de l'\u00e9conomie spatiale et de d\u00e9fense.","og_url":"https:\/\/ecodef-ihedn.fr\/en\/economie-spatiale-intervention-de-jean-belin-a-lecole-dete-defense-espace-2022\/","og_site_name":"Chaire \u00c9conomie de d\u00e9fense - IHEDN","article_published_time":"2022-06-23T08:35:35+00:00","article_modified_time":"2022-07-12T15:58:45+00:00","og_image":[{"width":675,"height":450,"url":"https:\/\/ecodef-ihedn.fr\/wp-content\/uploads\/2021\/03\/Jean-BELIN.jpg","type":"image\/jpeg"}],"author":"Bertrand Demandre","twitter_card":"summary_large_image","twitter_creator":"@Chaire_Ecodef","twitter_site":"@Chaire_Ecodef","twitter_misc":{"Written by":"Bertrand Demandre","Estimated reading time":"2 minutes"},"schema":{"@context":"https:\/\/schema.org","@graph":[{"@type":"Article","@id":"https:\/\/ecodef-ihedn.fr\/economie-spatiale-intervention-de-jean-belin-a-lecole-dete-defense-espace-2022\/#article","isPartOf":{"@id":"https:\/\/ecodef-ihedn.fr\/economie-spatiale-intervention-de-jean-belin-a-lecole-dete-defense-espace-2022\/"},"author":{"name":"Bertrand Demandre","@id":"https:\/\/ecodef-ihedn.fr\/#\/schema\/person\/1cdf22d028cebe278126a6e07a884d30"},"headline":"\u00c9conomie spatiale : intervention de Jean Belin \u00e0 l&rsquo;\u00e9cole d&rsquo;\u00e9t\u00e9 D\u00e9fense &amp; Espace 2022","datePublished":"2022-06-23T08:35:35+00:00","dateModified":"2022-07-12T15:58:45+00:00","mainEntityOfPage":{"@id":"https:\/\/ecodef-ihedn.fr\/economie-spatiale-intervention-de-jean-belin-a-lecole-dete-defense-espace-2022\/"},"wordCount":331,"commentCount":0,"publisher":{"@id":"https:\/\/ecodef-ihedn.fr\/#organization"},"image":{"@id":"https:\/\/ecodef-ihedn.fr\/economie-spatiale-intervention-de-jean-belin-a-lecole-dete-defense-espace-2022\/#primaryimage"},"thumbnailUrl":"https:\/\/ecodef-ihedn.fr\/wp-content\/uploads\/2021\/03\/Jean-BELIN.jpg","keywords":["chaire d\u00e9fense et a\u00e9rospatial","chaire \u00e9conomie de d\u00e9fense","conf\u00e9rence","ecodef","\u00e9conomie de d\u00e9fense","\u00e9conomie spatiale","espace","IHEDN","march\u00e9 du spatial"],"articleSection":["Activit\u00e9s","Activit\u00e9s : participation de la Chaire \u00e0 un \u00e9v\u00e9nement"],"inLanguage":"en-GB","potentialAction":[{"@type":"CommentAction","name":"Comment","target":["https:\/\/ecodef-ihedn.fr\/economie-spatiale-intervention-de-jean-belin-a-lecole-dete-defense-espace-2022\/#respond"]}]},{"@type":"WebPage","@id":"https:\/\/ecodef-ihedn.fr\/economie-spatiale-intervention-de-jean-belin-a-lecole-dete-defense-espace-2022\/","url":"https:\/\/ecodef-ihedn.fr\/economie-spatiale-intervention-de-jean-belin-a-lecole-dete-defense-espace-2022\/","name":"\u00c9conomie spatiale : intervention de Jean Belin \u00e0 l'\u00e9cole d'\u00e9t\u00e9 D\u00e9fense &amp; Espace 2022 - Chaire \u00c9conomie de d\u00e9fense - IHEDN","isPartOf":{"@id":"https:\/\/ecodef-ihedn.fr\/#website"},"primaryImageOfPage":{"@id":"https:\/\/ecodef-ihedn.fr\/economie-spatiale-intervention-de-jean-belin-a-lecole-dete-defense-espace-2022\/#primaryimage"},"image":{"@id":"https:\/\/ecodef-ihedn.fr\/economie-spatiale-intervention-de-jean-belin-a-lecole-dete-defense-espace-2022\/#primaryimage"},"thumbnailUrl":"https:\/\/ecodef-ihedn.fr\/wp-content\/uploads\/2021\/03\/Jean-BELIN.jpg","datePublished":"2022-06-23T08:35:35+00:00","dateModified":"2022-07-12T15:58:45+00:00","description":"Organis\u00e9e en ligne par la Chaire D\u00e9fense & A\u00e9rospatial, l'\u00e9cole d'\u00e9t\u00e9 D\u00e9fense & Espace a invit\u00e9 Jean Belin, titulaire de la Chaire, jeudi 10 juin afin de discuter de l'\u00e9conomie spatiale et de d\u00e9fense.","breadcrumb":{"@id":"https:\/\/ecodef-ihedn.fr\/economie-spatiale-intervention-de-jean-belin-a-lecole-dete-defense-espace-2022\/#breadcrumb"},"inLanguage":"en-GB","potentialAction":[{"@type":"ReadAction","target":["https:\/\/ecodef-ihedn.fr\/economie-spatiale-intervention-de-jean-belin-a-lecole-dete-defense-espace-2022\/"]}]},{"@type":"ImageObject","inLanguage":"en-GB","@id":"https:\/\/ecodef-ihedn.fr\/economie-spatiale-intervention-de-jean-belin-a-lecole-dete-defense-espace-2022\/#primaryimage","url":"https:\/\/ecodef-ihedn.fr\/wp-content\/uploads\/2021\/03\/Jean-BELIN.jpg","contentUrl":"https:\/\/ecodef-ihedn.fr\/wp-content\/uploads\/2021\/03\/Jean-BELIN.jpg","width":675,"height":450},{"@type":"BreadcrumbList","@id":"https:\/\/ecodef-ihedn.fr\/economie-spatiale-intervention-de-jean-belin-a-lecole-dete-defense-espace-2022\/#breadcrumb","itemListElement":[{"@type":"ListItem","position":1,"name":"Accueil","item":"https:\/\/ecodef-ihedn.fr\/"},{"@type":"ListItem","position":2,"name":"\u00c9conomie spatiale : intervention de Jean Belin \u00e0 l&#8217;\u00e9cole d&#8217;\u00e9t\u00e9 D\u00e9fense &amp; Espace 2022"}]},{"@type":"WebSite","@id":"https:\/\/ecodef-ihedn.fr\/#website","url":"https:\/\/ecodef-ihedn.fr\/","name":"Chair in Defence Economics - IHEDN","description":"Produce &amp; support, federate &amp; disseminate, act as an interface","publisher":{"@id":"https:\/\/ecodef-ihedn.fr\/#organization"},"potentialAction":[{"@type":"SearchAction","target":{"@type":"EntryPoint","urlTemplate":"https:\/\/ecodef-ihedn.fr\/?s={search_term_string}"},"query-input":{"@type":"PropertyValueSpecification","valueRequired":true,"valueName":"search_term_string"}}],"inLanguage":"en-GB"},{"@type":"Organization","@id":"https:\/\/ecodef-ihedn.fr\/#organization","name":"Chair in Defence Economics - IHEDN","url":"https:\/\/ecodef-ihedn.fr\/","logo":{"@type":"ImageObject","inLanguage":"en-GB","@id":"https:\/\/ecodef-ihedn.fr\/#\/schema\/logo\/image\/","url":"https:\/\/ecodef-ihedn.fr\/wp-content\/uploads\/2020\/04\/logoEcodef9.jpg","contentUrl":"https:\/\/ecodef-ihedn.fr\/wp-content\/uploads\/2020\/04\/logoEcodef9.jpg","width":410,"height":212,"caption":"Chaire \u00c9conomie de d\u00e9fense - IHEDN"},"image":{"@id":"https:\/\/ecodef-ihedn.fr\/#\/schema\/logo\/image\/"},"sameAs":["https:\/\/x.com\/Chaire_Ecodef","https:\/\/www.linkedin.com\/company\/chaire-ecodef-ihedn\/"]},{"@type":"Person","@id":"https:\/\/ecodef-ihedn.fr\/#\/schema\/person\/1cdf22d028cebe278126a6e07a884d30","name":"Bertrand Demandre","image":{"@type":"ImageObject","inLanguage":"en-GB","@id":"https:\/\/secure.gravatar.com\/avatar\/d9c9746d6c900ab5b9c0f9b1fa3932e369da923da247d624b8f7ab4ba8a3c093?s=96&d=mm&r=g","url":"https:\/\/secure.gravatar.com\/avatar\/d9c9746d6c900ab5b9c0f9b1fa3932e369da923da247d624b8f7ab4ba8a3c093?s=96&d=mm&r=g","contentUrl":"https:\/\/secure.gravatar.com\/avatar\/d9c9746d6c900ab5b9c0f9b1fa3932e369da923da247d624b8f7ab4ba8a3c093?s=96&d=mm&r=g","caption":"Bertrand Demandre"},"url":"https:\/\/ecodef-ihedn.fr\/en\/author\/bertrand\/"}]}},"_links":{"self":[{"href":"https:\/\/ecodef-ihedn.fr\/en\/wp-json\/wp\/v2\/posts\/5606","targetHints":{"allow":["GET"]}}],"collection":[{"href":"https:\/\/ecodef-ihedn.fr\/en\/wp-json\/wp\/v2\/posts"}],"about":[{"href":"https:\/\/ecodef-ihedn.fr\/en\/wp-json\/wp\/v2\/types\/post"}],"author":[{"embeddable":true,"href":"https:\/\/ecodef-ihedn.fr\/en\/wp-json\/wp\/v2\/users\/2"}],"replies":[{"embeddable":true,"href":"https:\/\/ecodef-ihedn.fr\/en\/wp-json\/wp\/v2\/comments?post=5606"}],"version-history":[{"count":5,"href":"https:\/\/ecodef-ihedn.fr\/en\/wp-json\/wp\/v2\/posts\/5606\/revisions"}],"predecessor-version":[{"id":5640,"href":"https:\/\/ecodef-ihedn.fr\/en\/wp-json\/wp\/v2\/posts\/5606\/revisions\/5640"}],"wp:featuredmedia":[{"embeddable":true,"href":"https:\/\/ecodef-ihedn.fr\/en\/wp-json\/wp\/v2\/media\/3385"}],"wp:attachment":[{"href":"https:\/\/ecodef-ihedn.fr\/en\/wp-json\/wp\/v2\/media?parent=5606"}],"wp:term":[{"taxonomy":"category","embeddable":true,"href":"https:\/\/ecodef-ihedn.fr\/en\/wp-json\/wp\/v2\/categories?post=5606"},{"taxonomy":"post_tag","embeddable":true,"href":"https:\/\/ecodef-ihedn.fr\/en\/wp-json\/wp\/v2\/tags?post=5606"}],"curies":[{"name":"wp","href":"https:\/\/api.w.org\/{rel}","templated":true}]}}