{"id":5612,"date":"2022-07-12T08:48:10","date_gmt":"2022-07-12T08:48:10","guid":{"rendered":"https:\/\/ecodef-ihedn.fr\/video-webinaire-exportations-darmement-les-enjeux-de-leur-mesure-les-entretiens-de-lecodef-3-le-9-fevrier-2022-copy\/"},"modified":"2023-04-03T10:42:20","modified_gmt":"2023-04-03T10:42:20","slug":"video-webinaire-financement-effort-defense-entretiens-de-lecodef-4-le-6-juillet-2022","status":"publish","type":"post","link":"https:\/\/ecodef-ihedn.fr\/en\/video-webinaire-financement-effort-defense-entretiens-de-lecodef-4-le-6-juillet-2022\/","title":{"rendered":"[VID\u00c9O] webinaire \u201cNouveau contexte \u00e9conomique et financier : comment financer l&rsquo;effort de d\u00e9fense ?\u201d (Les entretiens de l\u2019ECODEF #4 \/ 6 juillet 2022)"},"content":{"rendered":"<p>La <strong>video<\/strong> of the 4th issue of \u00ab\u00a0<strong>ECODEF talks \u00bb<\/strong> is available on the <strong><a href=\"https:\/\/www.youtube.com\/channel\/UC_dKcdKpWM-Cfk7gujhqXtA\" target=\"_blank\" rel=\"noopener\">Chair's YouTube page<\/a><\/strong> !<\/p>\r\n\r\n\r\n\r\n\r\n\r\n<p>This series of webinars highlights the results of the Chair's work, presented in the form of interviews.<\/p>\r\n\r\n\r\n\r\n<p><img loading=\"lazy\" decoding=\"async\" class=\"size-large wp-image-5615 aligncenter\" src=\"https:\/\/ecodef-ihedn.fr\/wp-content\/uploads\/2022\/07\/IMG_20220706_092441-1024x768.jpg\" alt=\"\" width=\"696\" height=\"522\" srcset=\"https:\/\/ecodef-ihedn.fr\/wp-content\/uploads\/2022\/07\/IMG_20220706_092441-1024x768.jpg 1024w, https:\/\/ecodef-ihedn.fr\/wp-content\/uploads\/2022\/07\/IMG_20220706_092441-300x225.jpg 300w, https:\/\/ecodef-ihedn.fr\/wp-content\/uploads\/2022\/07\/IMG_20220706_092441-768x576.jpg 768w, https:\/\/ecodef-ihedn.fr\/wp-content\/uploads\/2022\/07\/IMG_20220706_092441-1536x1152.jpg 1536w, https:\/\/ecodef-ihedn.fr\/wp-content\/uploads\/2022\/07\/IMG_20220706_092441-2048x1536.jpg 2048w, https:\/\/ecodef-ihedn.fr\/wp-content\/uploads\/2022\/07\/IMG_20220706_092441-696x522.jpg 696w, https:\/\/ecodef-ihedn.fr\/wp-content\/uploads\/2022\/07\/IMG_20220706_092441-1392x1044.jpg 1392w, https:\/\/ecodef-ihedn.fr\/wp-content\/uploads\/2022\/07\/IMG_20220706_092441-1068x801.jpg 1068w, https:\/\/ecodef-ihedn.fr\/wp-content\/uploads\/2022\/07\/IMG_20220706_092441-1920x1440.jpg 1920w, https:\/\/ecodef-ihedn.fr\/wp-content\/uploads\/2022\/07\/IMG_20220706_092441-560x420.jpg 560w, https:\/\/ecodef-ihedn.fr\/wp-content\/uploads\/2022\/07\/IMG_20220706_092441-1120x840.jpg 1120w, https:\/\/ecodef-ihedn.fr\/wp-content\/uploads\/2022\/07\/IMG_20220706_092441-80x60.jpg 80w, https:\/\/ecodef-ihedn.fr\/wp-content\/uploads\/2022\/07\/IMG_20220706_092441-160x120.jpg 160w, https:\/\/ecodef-ihedn.fr\/wp-content\/uploads\/2022\/07\/IMG_20220706_092441-265x198.jpg 265w\" sizes=\"auto, (max-width: 696px) 100vw, 696px\" \/><\/p>\r\n<p>Le <a href=\"https:\/\/ecodef-ihedn.fr\/en\/inscription-06-07-webinaire-nouveau-contexte-economique-et-financier-comment-financer-leffort-de-defense\/\" target=\"_blank\" rel=\"noopener\">fourth issue<\/a> took place on\u00a0<strong>Wednesday 6 July at 8.30am<\/strong>, at <a href=\"https:\/\/www.dems.defense.gouv.fr\/cdem\/\" target=\"_blank\" rel=\"noreferrer noopener\">Military School Documentation Centre (CDEM)<\/a>, on the theme :<\/p>\r\n\r\n\r\n\r\n<h4 id=\"exportations-d-armement-les-enjeux-de-leur-mesure\" class=\"has-text-align-center wp-block-heading\" style=\"text-align: center;\"><strong><em>New economic and financial context :<br \/>how to finance the defence effort?<\/em><\/strong><\/h4>\r\n<p class=\"has-text-align-center\" style=\"text-align: left;\">The video is now available on the <a href=\"https:\/\/www.youtube.com\/channel\/UC_dKcdKpWM-Cfk7gujhqXtA\" target=\"_blank\" rel=\"noopener\">Chair's YouTube page<\/a>.<\/p>\r\n<p class=\"has-text-align-center\" style=\"text-align: center;\"><strong><em><br \/><\/em><\/strong><a href=\"https:\/\/www.youtube.com\/watch?v=4-ONlnQSUJQ\" target=\"_blank\" rel=\"noopener\"><span class=\"td_btn td_btn_md td_default_btn\">watch or replay the webinar<\/span><\/a><strong><em><br \/><\/em><\/strong><\/p>\r\n\r\n\r\n\r\n\r\n\r\n<p><u>Discussant:<\/u><\/p>\r\n<p><strong>Christian de Boissieu<\/strong><br \/>Chairman of the Scientific Council of the Defence Economics Chair - IHEDN<br \/>Emeritus Professor of Economics at the University of Paris 1 Panth\u00e9on-Sorbonne<br \/>Professor at the College of Europe in Bruges<br \/>Vice-Chairman of the Cercle des \u00e9conomistes<br \/>Member of the Acad\u00e9mie des Technologies and the Acad\u00e9mie Royale de Belgique<\/p>\r\n<p><u>Moderator:<\/u><\/p>\r\n<p><strong>Olivier Martin<\/strong><br \/>Chairman of the Steering Committee of the Defence Economics Chair - IHEDN<\/p>","protected":false},"excerpt":{"rendered":"<p>La vid\u00e9o du 4e num\u00e9ro des \u00ab\u00a0Entretiens de l&rsquo;ECODEF\u00a0\u00bb est disponible sur la page YouTube de la Chaire ! Cette s\u00e9rie de webinaires met en lumi\u00e8re les r\u00e9sultats des travaux de la Chaire, pr\u00e9sent\u00e9s sous forme d\u2019entretiens. Le quatri\u00e8me num\u00e9ro s\u2019est d\u00e9roul\u00e9 le\u00a0mercredi 6 juillet \u00e0 8h30, au Centre de documentation de l\u2019\u00c9cole militaire (CDEM), [&hellip;]<\/p>\n","protected":false},"author":2,"featured_media":5615,"comment_status":"open","ping_status":"open","sticky":false,"template":"","format":"standard","meta":{"footnotes":""},"categories":[34,355],"tags":[337,285,587,47,577,141,38,149,586,456,417,547,536,455],"class_list":{"0":"post-5612","1":"post","2":"type-post","3":"status-publish","4":"format-standard","5":"has-post-thumbnail","7":"category-activites","8":"category-activites-evenements-portes-par-la-chaire","9":"tag-cdem","10":"tag-christian-de-boissieu","11":"tag-conflit-de-haute-intensite","12":"tag-economie-de-defense","13":"tag-effort-de-defense","14":"tag-financement-de-la-defense","15":"tag-ihedn","16":"tag-industrie-de-defense","17":"tag-inflation","18":"tag-les-entretiens-de-lecodef","19":"tag-olivier-martin","20":"tag-rearmement","21":"tag-ukraine","22":"tag-webinaire"},"yoast_head":"<!-- This site is optimized with the Yoast SEO plugin v27.4 - https:\/\/yoast.com\/product\/yoast-seo-wordpress\/ -->\n<title>[VID\u00c9O] webinaire \u201cNouveau contexte \u00e9conomique et financier : comment financer l&#039;effort de d\u00e9fense ?\u201d (Les entretiens de l\u2019ECODEF #4 \/ 6 juillet 2022) - Chaire \u00c9conomie de d\u00e9fense - IHEDN<\/title>\n<meta name=\"robots\" content=\"index, follow, max-snippet:-1, max-image-preview:large, max-video-preview:-1\" \/>\n<link rel=\"canonical\" href=\"https:\/\/ecodef-ihedn.fr\/en\/video-webinaire-financement-effort-defense-entretiens-de-lecodef-4-le-6-juillet-2022\/\" \/>\n<meta property=\"og:locale\" content=\"en_GB\" \/>\n<meta property=\"og:type\" content=\"article\" \/>\n<meta property=\"og:title\" content=\"[VID\u00c9O] webinaire \u201cNouveau contexte \u00e9conomique et financier : comment financer l&#039;effort de d\u00e9fense ?\u201d (Les entretiens de l\u2019ECODEF #4 \/ 6 juillet 2022) - Chaire \u00c9conomie de d\u00e9fense - IHEDN\" \/>\n<meta property=\"og:description\" content=\"La vid\u00e9o du 4e num\u00e9ro des \u00ab\u00a0Entretiens de l&rsquo;ECODEF\u00a0\u00bb est disponible sur la page YouTube de la Chaire ! Cette s\u00e9rie de webinaires met en lumi\u00e8re les r\u00e9sultats des travaux de la Chaire, pr\u00e9sent\u00e9s sous forme d\u2019entretiens. Le quatri\u00e8me num\u00e9ro s\u2019est d\u00e9roul\u00e9 le\u00a0mercredi 6 juillet \u00e0 8h30, au Centre de documentation de l\u2019\u00c9cole militaire (CDEM), [&hellip;]\" \/>\n<meta property=\"og:url\" content=\"https:\/\/ecodef-ihedn.fr\/en\/video-webinaire-financement-effort-defense-entretiens-de-lecodef-4-le-6-juillet-2022\/\" \/>\n<meta property=\"og:site_name\" content=\"Chaire \u00c9conomie de d\u00e9fense - IHEDN\" \/>\n<meta property=\"article:published_time\" content=\"2022-07-12T08:48:10+00:00\" \/>\n<meta property=\"article:modified_time\" content=\"2023-04-03T10:42:20+00:00\" \/>\n<meta property=\"og:image\" content=\"https:\/\/ecodef-ihedn.fr\/wp-content\/uploads\/2022\/07\/IMG_20220706_092441-scaled.jpg\" \/>\n\t<meta property=\"og:image:width\" content=\"2560\" \/>\n\t<meta property=\"og:image:height\" content=\"1920\" \/>\n\t<meta property=\"og:image:type\" content=\"image\/jpeg\" \/>\n<meta name=\"author\" content=\"Bertrand Demandre\" \/>\n<meta name=\"twitter:card\" content=\"summary_large_image\" \/>\n<meta name=\"twitter:creator\" content=\"@Chaire_Ecodef\" \/>\n<meta name=\"twitter:site\" content=\"@Chaire_Ecodef\" \/>\n<meta name=\"twitter:label1\" content=\"Written by\" \/>\n\t<meta name=\"twitter:data1\" content=\"Bertrand Demandre\" \/>\n\t<meta name=\"twitter:label2\" content=\"Estimated reading time\" \/>\n\t<meta name=\"twitter:data2\" content=\"2 minutes\" \/>\n<script type=\"application\/ld+json\" class=\"yoast-schema-graph\">{\"@context\":\"https:\\\/\\\/schema.org\",\"@graph\":[{\"@type\":\"Article\",\"@id\":\"https:\\\/\\\/ecodef-ihedn.fr\\\/video-webinaire-financement-effort-defense-entretiens-de-lecodef-4-le-6-juillet-2022\\\/#article\",\"isPartOf\":{\"@id\":\"https:\\\/\\\/ecodef-ihedn.fr\\\/video-webinaire-financement-effort-defense-entretiens-de-lecodef-4-le-6-juillet-2022\\\/\"},\"author\":{\"name\":\"Bertrand Demandre\",\"@id\":\"https:\\\/\\\/ecodef-ihedn.fr\\\/#\\\/schema\\\/person\\\/1cdf22d028cebe278126a6e07a884d30\"},\"headline\":\"[VID\u00c9O] webinaire \u201cNouveau contexte \u00e9conomique et financier : comment financer l&rsquo;effort de d\u00e9fense ?\u201d (Les entretiens de l\u2019ECODEF #4 \\\/ 6 juillet 2022)\",\"datePublished\":\"2022-07-12T08:48:10+00:00\",\"dateModified\":\"2023-04-03T10:42:20+00:00\",\"mainEntityOfPage\":{\"@id\":\"https:\\\/\\\/ecodef-ihedn.fr\\\/video-webinaire-financement-effort-defense-entretiens-de-lecodef-4-le-6-juillet-2022\\\/\"},\"wordCount\":225,\"commentCount\":0,\"publisher\":{\"@id\":\"https:\\\/\\\/ecodef-ihedn.fr\\\/#organization\"},\"image\":{\"@id\":\"https:\\\/\\\/ecodef-ihedn.fr\\\/video-webinaire-financement-effort-defense-entretiens-de-lecodef-4-le-6-juillet-2022\\\/#primaryimage\"},\"thumbnailUrl\":\"https:\\\/\\\/ecodef-ihedn.fr\\\/wp-content\\\/uploads\\\/2022\\\/07\\\/IMG_20220706_092441-scaled.jpg\",\"keywords\":[\"CDEM\",\"Christian de Boissieu\",\"conflit de haute intensit\u00e9\",\"\u00e9conomie de d\u00e9fense\",\"effort de d\u00e9fense\",\"financement de la d\u00e9fense\",\"IHEDN\",\"industrie de d\u00e9fense\",\"inflation\",\"les entretiens de l'ecodef\",\"Olivier Martin\",\"r\u00e9armement\",\"Ukraine\",\"webinaire\"],\"articleSection\":[\"Activit\u00e9s\",\"Activit\u00e9s : \u00e9v\u00e9nements port\u00e9s par la Chaire\"],\"inLanguage\":\"en-GB\",\"potentialAction\":[{\"@type\":\"CommentAction\",\"name\":\"Comment\",\"target\":[\"https:\\\/\\\/ecodef-ihedn.fr\\\/video-webinaire-financement-effort-defense-entretiens-de-lecodef-4-le-6-juillet-2022\\\/#respond\"]}]},{\"@type\":\"WebPage\",\"@id\":\"https:\\\/\\\/ecodef-ihedn.fr\\\/video-webinaire-financement-effort-defense-entretiens-de-lecodef-4-le-6-juillet-2022\\\/\",\"url\":\"https:\\\/\\\/ecodef-ihedn.fr\\\/video-webinaire-financement-effort-defense-entretiens-de-lecodef-4-le-6-juillet-2022\\\/\",\"name\":\"[VID\u00c9O] webinaire \u201cNouveau contexte \u00e9conomique et financier : comment financer l'effort de d\u00e9fense ?\u201d (Les entretiens de l\u2019ECODEF #4 \\\/ 6 juillet 2022) - Chaire \u00c9conomie de d\u00e9fense - IHEDN\",\"isPartOf\":{\"@id\":\"https:\\\/\\\/ecodef-ihedn.fr\\\/#website\"},\"primaryImageOfPage\":{\"@id\":\"https:\\\/\\\/ecodef-ihedn.fr\\\/video-webinaire-financement-effort-defense-entretiens-de-lecodef-4-le-6-juillet-2022\\\/#primaryimage\"},\"image\":{\"@id\":\"https:\\\/\\\/ecodef-ihedn.fr\\\/video-webinaire-financement-effort-defense-entretiens-de-lecodef-4-le-6-juillet-2022\\\/#primaryimage\"},\"thumbnailUrl\":\"https:\\\/\\\/ecodef-ihedn.fr\\\/wp-content\\\/uploads\\\/2022\\\/07\\\/IMG_20220706_092441-scaled.jpg\",\"datePublished\":\"2022-07-12T08:48:10+00:00\",\"dateModified\":\"2023-04-03T10:42:20+00:00\",\"breadcrumb\":{\"@id\":\"https:\\\/\\\/ecodef-ihedn.fr\\\/video-webinaire-financement-effort-defense-entretiens-de-lecodef-4-le-6-juillet-2022\\\/#breadcrumb\"},\"inLanguage\":\"en-GB\",\"potentialAction\":[{\"@type\":\"ReadAction\",\"target\":[\"https:\\\/\\\/ecodef-ihedn.fr\\\/video-webinaire-financement-effort-defense-entretiens-de-lecodef-4-le-6-juillet-2022\\\/\"]}]},{\"@type\":\"ImageObject\",\"inLanguage\":\"en-GB\",\"@id\":\"https:\\\/\\\/ecodef-ihedn.fr\\\/video-webinaire-financement-effort-defense-entretiens-de-lecodef-4-le-6-juillet-2022\\\/#primaryimage\",\"url\":\"https:\\\/\\\/ecodef-ihedn.fr\\\/wp-content\\\/uploads\\\/2022\\\/07\\\/IMG_20220706_092441-scaled.jpg\",\"contentUrl\":\"https:\\\/\\\/ecodef-ihedn.fr\\\/wp-content\\\/uploads\\\/2022\\\/07\\\/IMG_20220706_092441-scaled.jpg\",\"width\":2560,\"height\":1920},{\"@type\":\"BreadcrumbList\",\"@id\":\"https:\\\/\\\/ecodef-ihedn.fr\\\/video-webinaire-financement-effort-defense-entretiens-de-lecodef-4-le-6-juillet-2022\\\/#breadcrumb\",\"itemListElement\":[{\"@type\":\"ListItem\",\"position\":1,\"name\":\"Accueil\",\"item\":\"https:\\\/\\\/ecodef-ihedn.fr\\\/\"},{\"@type\":\"ListItem\",\"position\":2,\"name\":\"[VID\u00c9O] webinaire \u201cNouveau contexte \u00e9conomique et financier : comment financer l&#8217;effort de d\u00e9fense ?\u201d (Les entretiens de l\u2019ECODEF #4 \\\/ 6 juillet 2022)\"}]},{\"@type\":\"WebSite\",\"@id\":\"https:\\\/\\\/ecodef-ihedn.fr\\\/#website\",\"url\":\"https:\\\/\\\/ecodef-ihedn.fr\\\/\",\"name\":\"Chaire \u00c9conomie de D\u00e9fense - IHEDN\",\"description\":\"Produire &amp; soutenir, f\u00e9d\u00e9rer &amp; diffuser, \u00eatre une interface\",\"publisher\":{\"@id\":\"https:\\\/\\\/ecodef-ihedn.fr\\\/#organization\"},\"potentialAction\":[{\"@type\":\"SearchAction\",\"target\":{\"@type\":\"EntryPoint\",\"urlTemplate\":\"https:\\\/\\\/ecodef-ihedn.fr\\\/?s={search_term_string}\"},\"query-input\":{\"@type\":\"PropertyValueSpecification\",\"valueRequired\":true,\"valueName\":\"search_term_string\"}}],\"inLanguage\":\"en-GB\"},{\"@type\":\"Organization\",\"@id\":\"https:\\\/\\\/ecodef-ihedn.fr\\\/#organization\",\"name\":\"Chaire \u00c9conomie de d\u00e9fense - IHEDN\",\"url\":\"https:\\\/\\\/ecodef-ihedn.fr\\\/\",\"logo\":{\"@type\":\"ImageObject\",\"inLanguage\":\"en-GB\",\"@id\":\"https:\\\/\\\/ecodef-ihedn.fr\\\/#\\\/schema\\\/logo\\\/image\\\/\",\"url\":\"https:\\\/\\\/ecodef-ihedn.fr\\\/wp-content\\\/uploads\\\/2020\\\/04\\\/logoEcodef9.jpg\",\"contentUrl\":\"https:\\\/\\\/ecodef-ihedn.fr\\\/wp-content\\\/uploads\\\/2020\\\/04\\\/logoEcodef9.jpg\",\"width\":410,\"height\":212,\"caption\":\"Chaire \u00c9conomie de d\u00e9fense - IHEDN\"},\"image\":{\"@id\":\"https:\\\/\\\/ecodef-ihedn.fr\\\/#\\\/schema\\\/logo\\\/image\\\/\"},\"sameAs\":[\"https:\\\/\\\/x.com\\\/Chaire_Ecodef\",\"https:\\\/\\\/www.linkedin.com\\\/company\\\/chaire-ecodef-ihedn\\\/\"]},{\"@type\":\"Person\",\"@id\":\"https:\\\/\\\/ecodef-ihedn.fr\\\/#\\\/schema\\\/person\\\/1cdf22d028cebe278126a6e07a884d30\",\"name\":\"Bertrand Demandre\",\"image\":{\"@type\":\"ImageObject\",\"inLanguage\":\"en-GB\",\"@id\":\"https:\\\/\\\/secure.gravatar.com\\\/avatar\\\/d9c9746d6c900ab5b9c0f9b1fa3932e369da923da247d624b8f7ab4ba8a3c093?s=96&d=mm&r=g\",\"url\":\"https:\\\/\\\/secure.gravatar.com\\\/avatar\\\/d9c9746d6c900ab5b9c0f9b1fa3932e369da923da247d624b8f7ab4ba8a3c093?s=96&d=mm&r=g\",\"contentUrl\":\"https:\\\/\\\/secure.gravatar.com\\\/avatar\\\/d9c9746d6c900ab5b9c0f9b1fa3932e369da923da247d624b8f7ab4ba8a3c093?s=96&d=mm&r=g\",\"caption\":\"Bertrand Demandre\"},\"url\":\"https:\\\/\\\/ecodef-ihedn.fr\\\/en\\\/author\\\/bertrand\\\/\"}]}<\/script>\n<!-- \/ Yoast SEO plugin. -->","yoast_head_json":{"title":"[VID\u00c9O] webinaire \u201cNouveau contexte \u00e9conomique et financier : comment financer l'effort de d\u00e9fense ?\u201d (Les entretiens de l\u2019ECODEF #4 \/ 6 juillet 2022) - Chaire \u00c9conomie de d\u00e9fense - IHEDN","robots":{"index":"index","follow":"follow","max-snippet":"max-snippet:-1","max-image-preview":"max-image-preview:large","max-video-preview":"max-video-preview:-1"},"canonical":"https:\/\/ecodef-ihedn.fr\/en\/video-webinaire-financement-effort-defense-entretiens-de-lecodef-4-le-6-juillet-2022\/","og_locale":"en_GB","og_type":"article","og_title":"[VID\u00c9O] webinaire \u201cNouveau contexte \u00e9conomique et financier : comment financer l'effort de d\u00e9fense ?\u201d (Les entretiens de l\u2019ECODEF #4 \/ 6 juillet 2022) - Chaire \u00c9conomie de d\u00e9fense - IHEDN","og_description":"La vid\u00e9o du 4e num\u00e9ro des \u00ab\u00a0Entretiens de l&rsquo;ECODEF\u00a0\u00bb est disponible sur la page YouTube de la Chaire ! Cette s\u00e9rie de webinaires met en lumi\u00e8re les r\u00e9sultats des travaux de la Chaire, pr\u00e9sent\u00e9s sous forme d\u2019entretiens. Le quatri\u00e8me num\u00e9ro s\u2019est d\u00e9roul\u00e9 le\u00a0mercredi 6 juillet \u00e0 8h30, au Centre de documentation de l\u2019\u00c9cole militaire (CDEM), [&hellip;]","og_url":"https:\/\/ecodef-ihedn.fr\/en\/video-webinaire-financement-effort-defense-entretiens-de-lecodef-4-le-6-juillet-2022\/","og_site_name":"Chaire \u00c9conomie de d\u00e9fense - IHEDN","article_published_time":"2022-07-12T08:48:10+00:00","article_modified_time":"2023-04-03T10:42:20+00:00","og_image":[{"width":2560,"height":1920,"url":"https:\/\/ecodef-ihedn.fr\/wp-content\/uploads\/2022\/07\/IMG_20220706_092441-scaled.jpg","type":"image\/jpeg"}],"author":"Bertrand Demandre","twitter_card":"summary_large_image","twitter_creator":"@Chaire_Ecodef","twitter_site":"@Chaire_Ecodef","twitter_misc":{"Written by":"Bertrand Demandre","Estimated reading time":"2 minutes"},"schema":{"@context":"https:\/\/schema.org","@graph":[{"@type":"Article","@id":"https:\/\/ecodef-ihedn.fr\/video-webinaire-financement-effort-defense-entretiens-de-lecodef-4-le-6-juillet-2022\/#article","isPartOf":{"@id":"https:\/\/ecodef-ihedn.fr\/video-webinaire-financement-effort-defense-entretiens-de-lecodef-4-le-6-juillet-2022\/"},"author":{"name":"Bertrand Demandre","@id":"https:\/\/ecodef-ihedn.fr\/#\/schema\/person\/1cdf22d028cebe278126a6e07a884d30"},"headline":"[VID\u00c9O] webinaire \u201cNouveau contexte \u00e9conomique et financier : comment financer l&rsquo;effort de d\u00e9fense ?\u201d (Les entretiens de l\u2019ECODEF #4 \/ 6 juillet 2022)","datePublished":"2022-07-12T08:48:10+00:00","dateModified":"2023-04-03T10:42:20+00:00","mainEntityOfPage":{"@id":"https:\/\/ecodef-ihedn.fr\/video-webinaire-financement-effort-defense-entretiens-de-lecodef-4-le-6-juillet-2022\/"},"wordCount":225,"commentCount":0,"publisher":{"@id":"https:\/\/ecodef-ihedn.fr\/#organization"},"image":{"@id":"https:\/\/ecodef-ihedn.fr\/video-webinaire-financement-effort-defense-entretiens-de-lecodef-4-le-6-juillet-2022\/#primaryimage"},"thumbnailUrl":"https:\/\/ecodef-ihedn.fr\/wp-content\/uploads\/2022\/07\/IMG_20220706_092441-scaled.jpg","keywords":["CDEM","Christian de Boissieu","conflit de haute intensit\u00e9","\u00e9conomie de d\u00e9fense","effort de d\u00e9fense","financement de la d\u00e9fense","IHEDN","industrie de d\u00e9fense","inflation","les entretiens de l'ecodef","Olivier Martin","r\u00e9armement","Ukraine","webinaire"],"articleSection":["Activit\u00e9s","Activit\u00e9s : \u00e9v\u00e9nements port\u00e9s par la Chaire"],"inLanguage":"en-GB","potentialAction":[{"@type":"CommentAction","name":"Comment","target":["https:\/\/ecodef-ihedn.fr\/video-webinaire-financement-effort-defense-entretiens-de-lecodef-4-le-6-juillet-2022\/#respond"]}]},{"@type":"WebPage","@id":"https:\/\/ecodef-ihedn.fr\/video-webinaire-financement-effort-defense-entretiens-de-lecodef-4-le-6-juillet-2022\/","url":"https:\/\/ecodef-ihedn.fr\/video-webinaire-financement-effort-defense-entretiens-de-lecodef-4-le-6-juillet-2022\/","name":"[VID\u00c9O] webinaire \u201cNouveau contexte \u00e9conomique et financier : comment financer l'effort de d\u00e9fense ?\u201d (Les entretiens de l\u2019ECODEF #4 \/ 6 juillet 2022) - Chaire \u00c9conomie de d\u00e9fense - IHEDN","isPartOf":{"@id":"https:\/\/ecodef-ihedn.fr\/#website"},"primaryImageOfPage":{"@id":"https:\/\/ecodef-ihedn.fr\/video-webinaire-financement-effort-defense-entretiens-de-lecodef-4-le-6-juillet-2022\/#primaryimage"},"image":{"@id":"https:\/\/ecodef-ihedn.fr\/video-webinaire-financement-effort-defense-entretiens-de-lecodef-4-le-6-juillet-2022\/#primaryimage"},"thumbnailUrl":"https:\/\/ecodef-ihedn.fr\/wp-content\/uploads\/2022\/07\/IMG_20220706_092441-scaled.jpg","datePublished":"2022-07-12T08:48:10+00:00","dateModified":"2023-04-03T10:42:20+00:00","breadcrumb":{"@id":"https:\/\/ecodef-ihedn.fr\/video-webinaire-financement-effort-defense-entretiens-de-lecodef-4-le-6-juillet-2022\/#breadcrumb"},"inLanguage":"en-GB","potentialAction":[{"@type":"ReadAction","target":["https:\/\/ecodef-ihedn.fr\/video-webinaire-financement-effort-defense-entretiens-de-lecodef-4-le-6-juillet-2022\/"]}]},{"@type":"ImageObject","inLanguage":"en-GB","@id":"https:\/\/ecodef-ihedn.fr\/video-webinaire-financement-effort-defense-entretiens-de-lecodef-4-le-6-juillet-2022\/#primaryimage","url":"https:\/\/ecodef-ihedn.fr\/wp-content\/uploads\/2022\/07\/IMG_20220706_092441-scaled.jpg","contentUrl":"https:\/\/ecodef-ihedn.fr\/wp-content\/uploads\/2022\/07\/IMG_20220706_092441-scaled.jpg","width":2560,"height":1920},{"@type":"BreadcrumbList","@id":"https:\/\/ecodef-ihedn.fr\/video-webinaire-financement-effort-defense-entretiens-de-lecodef-4-le-6-juillet-2022\/#breadcrumb","itemListElement":[{"@type":"ListItem","position":1,"name":"Accueil","item":"https:\/\/ecodef-ihedn.fr\/"},{"@type":"ListItem","position":2,"name":"[VID\u00c9O] webinaire \u201cNouveau contexte \u00e9conomique et financier : comment financer l&#8217;effort de d\u00e9fense ?\u201d (Les entretiens de l\u2019ECODEF #4 \/ 6 juillet 2022)"}]},{"@type":"WebSite","@id":"https:\/\/ecodef-ihedn.fr\/#website","url":"https:\/\/ecodef-ihedn.fr\/","name":"Chair in Defence Economics - IHEDN","description":"Produce &amp; support, federate &amp; disseminate, act as an interface","publisher":{"@id":"https:\/\/ecodef-ihedn.fr\/#organization"},"potentialAction":[{"@type":"SearchAction","target":{"@type":"EntryPoint","urlTemplate":"https:\/\/ecodef-ihedn.fr\/?s={search_term_string}"},"query-input":{"@type":"PropertyValueSpecification","valueRequired":true,"valueName":"search_term_string"}}],"inLanguage":"en-GB"},{"@type":"Organization","@id":"https:\/\/ecodef-ihedn.fr\/#organization","name":"Chair in Defence Economics - IHEDN","url":"https:\/\/ecodef-ihedn.fr\/","logo":{"@type":"ImageObject","inLanguage":"en-GB","@id":"https:\/\/ecodef-ihedn.fr\/#\/schema\/logo\/image\/","url":"https:\/\/ecodef-ihedn.fr\/wp-content\/uploads\/2020\/04\/logoEcodef9.jpg","contentUrl":"https:\/\/ecodef-ihedn.fr\/wp-content\/uploads\/2020\/04\/logoEcodef9.jpg","width":410,"height":212,"caption":"Chaire \u00c9conomie de d\u00e9fense - IHEDN"},"image":{"@id":"https:\/\/ecodef-ihedn.fr\/#\/schema\/logo\/image\/"},"sameAs":["https:\/\/x.com\/Chaire_Ecodef","https:\/\/www.linkedin.com\/company\/chaire-ecodef-ihedn\/"]},{"@type":"Person","@id":"https:\/\/ecodef-ihedn.fr\/#\/schema\/person\/1cdf22d028cebe278126a6e07a884d30","name":"Bertrand Demandre","image":{"@type":"ImageObject","inLanguage":"en-GB","@id":"https:\/\/secure.gravatar.com\/avatar\/d9c9746d6c900ab5b9c0f9b1fa3932e369da923da247d624b8f7ab4ba8a3c093?s=96&d=mm&r=g","url":"https:\/\/secure.gravatar.com\/avatar\/d9c9746d6c900ab5b9c0f9b1fa3932e369da923da247d624b8f7ab4ba8a3c093?s=96&d=mm&r=g","contentUrl":"https:\/\/secure.gravatar.com\/avatar\/d9c9746d6c900ab5b9c0f9b1fa3932e369da923da247d624b8f7ab4ba8a3c093?s=96&d=mm&r=g","caption":"Bertrand Demandre"},"url":"https:\/\/ecodef-ihedn.fr\/en\/author\/bertrand\/"}]}},"_links":{"self":[{"href":"https:\/\/ecodef-ihedn.fr\/en\/wp-json\/wp\/v2\/posts\/5612","targetHints":{"allow":["GET"]}}],"collection":[{"href":"https:\/\/ecodef-ihedn.fr\/en\/wp-json\/wp\/v2\/posts"}],"about":[{"href":"https:\/\/ecodef-ihedn.fr\/en\/wp-json\/wp\/v2\/types\/post"}],"author":[{"embeddable":true,"href":"https:\/\/ecodef-ihedn.fr\/en\/wp-json\/wp\/v2\/users\/2"}],"replies":[{"embeddable":true,"href":"https:\/\/ecodef-ihedn.fr\/en\/wp-json\/wp\/v2\/comments?post=5612"}],"version-history":[{"count":5,"href":"https:\/\/ecodef-ihedn.fr\/en\/wp-json\/wp\/v2\/posts\/5612\/revisions"}],"predecessor-version":[{"id":7801,"href":"https:\/\/ecodef-ihedn.fr\/en\/wp-json\/wp\/v2\/posts\/5612\/revisions\/7801"}],"wp:featuredmedia":[{"embeddable":true,"href":"https:\/\/ecodef-ihedn.fr\/en\/wp-json\/wp\/v2\/media\/5615"}],"wp:attachment":[{"href":"https:\/\/ecodef-ihedn.fr\/en\/wp-json\/wp\/v2\/media?parent=5612"}],"wp:term":[{"taxonomy":"category","embeddable":true,"href":"https:\/\/ecodef-ihedn.fr\/en\/wp-json\/wp\/v2\/categories?post=5612"},{"taxonomy":"post_tag","embeddable":true,"href":"https:\/\/ecodef-ihedn.fr\/en\/wp-json\/wp\/v2\/tags?post=5612"}],"curies":[{"name":"wp","href":"https:\/\/api.w.org\/{rel}","templated":true}]}}