{"id":5660,"date":"2022-07-06T13:27:00","date_gmt":"2022-07-06T13:27:00","guid":{"rendered":"https:\/\/ecodef-ihedn.fr\/?p=5660"},"modified":"2022-09-28T09:42:16","modified_gmt":"2022-09-28T09:42:16","slug":"ices-2022","status":"publish","type":"post","link":"https:\/\/ecodef-ihedn.fr\/en\/ices-2022\/","title":{"rendered":"ICES 2022 (Perugia, Italy): participation of 3 researchers from the Chair"},"content":{"rendered":"<div class=\"wp-block-image\">\n<figure class=\"aligncenter size-full is-resized\"><img loading=\"lazy\" decoding=\"async\" src=\"https:\/\/ecodef-ihedn.fr\/wp-content\/uploads\/2022\/07\/ICES-2022-1.jpg\" alt=\"\" class=\"wp-image-5669\" width=\"386\" height=\"257\" srcset=\"https:\/\/ecodef-ihedn.fr\/wp-content\/uploads\/2022\/07\/ICES-2022-1.jpg 510w, https:\/\/ecodef-ihedn.fr\/wp-content\/uploads\/2022\/07\/ICES-2022-1-300x200.jpg 300w\" sizes=\"auto, (max-width: 386px) 100vw, 386px\" \/><\/figure>\n<\/div>\n\n\n<p><strong>Josselin Droff<\/strong>, <strong>Jade Guiberteau<\/strong> and <strong>Julien Malizard<\/strong> took part in the 25th edition of the\u2019<a href=\"https:\/\/www.ices2022.org\/\"><strong><em>International conference on economics and security (ICES)<\/em><\/strong><\/a>.<\/p>\n\n\n\n<p>Organised<strong> from 29 June to 2 July at the University of Perugia (Italy)<\/strong>, This year's event brought together <strong>fifty specialists<\/strong> from all over the world (United States, Canada, United Kingdom, France, Spain, Italy, Greece, Sweden, Netherlands, South Africa, Brazil, etc.).<\/p>\n\n\n\n<p>For more than 20 years, this annual international conference has provided an opportunity to <strong>economists, political science researchers and researchers from other disciplines<\/strong> to present their work on the economics of defence, security and peace.<\/p>\n\n\n\n<p>Researchers from the Chair have been taking part in this event for several years, which aims to <strong>cover different research themes in defence and security economics<\/strong>. The themes most represented at this year's event were data, defence innovation, cybersecurity, European defence issues and industrial challenges.<\/p>\n\n\n\n<p>Two research papers were presented by researchers from the Chair.<\/p>\n\n\n\n<p><strong>1st article: <em>Data on Frenc<\/em>h Arms Exports: do they tell the same story?<\/strong><\/p>\n\n\n\n<p>Jade Guiberteau presented a study conducted with Josselin Droff and Julien Malizard on French arms exports.<\/p>\n\n\n\n<ul class=\"wp-block-list\"><li>The aim was to highlight the methodological issues raised by the existence of two sources, SIPRI <em>Arms Transfers Database<\/em> and Report to Parliament on French arms exports, to define French arms exports.<\/li><li>For this study, a consistency index based on annual variations in arms exports between 1991 and 2019 was created. Analysis of this index showed that for 40% to 50% of the observations, the information did not match between the two sources. In order to reduce these inconsistencies, three treatments were tested.<ul><li>The sample taken into account has been reduced to only those countries where France has already exported war materiel from at least one of the two sources. This treatment reduces the consistency between sources from 58% to 48%.<\/li><\/ul><ul><li>The same analysis was carried out on France's top 20 customer countries. While the two rankings differ between sources, the index is still largely reduced. The differences are very significant for these countries.<\/li><\/ul><ul><li>Finally, the index has been calculated on the basis of third-order moving averages rather than annual variations. Consistency has been marginally improved.<\/li><\/ul><\/li><\/ul>\n\n\n\n<ul class=\"wp-block-list\"><li>Finally, to measure these differences. The data were tested in an econometric model to see the impact of these differences in an empirical analysis. The two models did not produce the same results. This highlights the importance of methodological work when using data for research.<\/li><\/ul>\n\n\n<div class=\"wp-block-image\">\n<figure class=\"aligncenter size-large\"><img loading=\"lazy\" decoding=\"async\" width=\"1024\" height=\"461\" src=\"https:\/\/ecodef-ihedn.fr\/wp-content\/uploads\/2022\/07\/ICES-2022-image-2-1024x461.jpg\" alt=\"\" class=\"wp-image-5663\" srcset=\"https:\/\/ecodef-ihedn.fr\/wp-content\/uploads\/2022\/07\/ICES-2022-image-2-1024x461.jpg 1024w, https:\/\/ecodef-ihedn.fr\/wp-content\/uploads\/2022\/07\/ICES-2022-image-2-300x135.jpg 300w, https:\/\/ecodef-ihedn.fr\/wp-content\/uploads\/2022\/07\/ICES-2022-image-2-768x346.jpg 768w, https:\/\/ecodef-ihedn.fr\/wp-content\/uploads\/2022\/07\/ICES-2022-image-2-696x313.jpg 696w, https:\/\/ecodef-ihedn.fr\/wp-content\/uploads\/2022\/07\/ICES-2022-image-2-1068x481.jpg 1068w, https:\/\/ecodef-ihedn.fr\/wp-content\/uploads\/2022\/07\/ICES-2022-image-2-933x420.jpg 933w, https:\/\/ecodef-ihedn.fr\/wp-content\/uploads\/2022\/07\/ICES-2022-image-2.jpg 1386w\" sizes=\"auto, (max-width: 1024px) 100vw, 1024px\" \/><figcaption>Jade GUIBERTEAU<\/figcaption><\/figure>\n<\/div>\n\n\n<p><strong>2nd article: <em>The rebirth of a Cold war dinosaur? A study of the main battle tank (MBT) market <\/em>in Europe<\/strong><\/p>\n\n\n\n<p>Josselin Droff presented the work carried out with Julien Malizard and Laure No\u00ebl on the <em>Main Battle Tanks<\/em> (MBT) in Europe.<\/p>\n\n\n\n<ul class=\"wp-block-list\"><li>Today, the notion of a high-intensity conflict implies, on the contrary, a return of the volume of forces and a form of technological symmetry between adversaries. Most recent European strategic documents mention the importance of preparing for the possibility of a conflict of this type. In military history, MBT is particularly emblematic of high-intensity armed conflicts. From an industrial point of view, MBT programmes are particularly important from a technological and financial point of view for the land armaments sector. So what are the market dynamics for battle tanks in Europe?<\/li><li>Based on the construction of statistical indicators such as the evolution of the fleets, their age, their origin and their diversity, this article proposes a quantitative analysis of the fleets of the European States. Based on this analysis of demand, the organisation of industrial supply to meet the needs of the different countries is studied. The size of the battle tank market, which is strategic in nature, is determined solely by the demand from governments. This, in turn, determines the size of the industry, which can range from complete control of production, through licensed production, to production of a system.<\/li><li>A Multiple Correspondence Analysis (MCA) is used to construct a typology combining the strategic ambitions of countries (demand) and their industrial capacities and strategies (supply).<\/li><li>This study provides a better understanding of how different European countries are likely to position themselves in the MBT segment - either as prime contractor or as partner - given the state of their installed base, their strategic ambitions and their industrial skills. Highlighting this typology will enable us to discuss the market dynamics at work in Europe and the technological and strategic race for the \u00abMBT of the future\u00bb (industrial prospects and analysis of the competition and \u00abnew entrants\u00bb, cooperation, risks of capability and technological gaps).<\/li><\/ul>\n\n\n<div class=\"wp-block-image\">\n<figure class=\"aligncenter size-large is-resized\"><img loading=\"lazy\" decoding=\"async\" src=\"https:\/\/ecodef-ihedn.fr\/wp-content\/uploads\/2022\/07\/ICES-2022-image-1-1024x461.jpg\" alt=\"\" class=\"wp-image-5664\" width=\"1024\" height=\"461\" srcset=\"https:\/\/ecodef-ihedn.fr\/wp-content\/uploads\/2022\/07\/ICES-2022-image-1-1024x461.jpg 1024w, https:\/\/ecodef-ihedn.fr\/wp-content\/uploads\/2022\/07\/ICES-2022-image-1-300x135.jpg 300w, https:\/\/ecodef-ihedn.fr\/wp-content\/uploads\/2022\/07\/ICES-2022-image-1-768x346.jpg 768w, https:\/\/ecodef-ihedn.fr\/wp-content\/uploads\/2022\/07\/ICES-2022-image-1-696x313.jpg 696w, https:\/\/ecodef-ihedn.fr\/wp-content\/uploads\/2022\/07\/ICES-2022-image-1-1068x481.jpg 1068w, https:\/\/ecodef-ihedn.fr\/wp-content\/uploads\/2022\/07\/ICES-2022-image-1-933x420.jpg 933w, https:\/\/ecodef-ihedn.fr\/wp-content\/uploads\/2022\/07\/ICES-2022-image-1.jpg 1386w\" sizes=\"auto, (max-width: 1024px) 100vw, 1024px\" \/><figcaption>Josselin DROFF<\/figcaption><\/figure>\n<\/div>","protected":false},"excerpt":{"rendered":"<p>Josselin Droff, Jade Guiberteau et Julien Malizard ont particip\u00e9 \u00e0 la 25e \u00e9dition de l&rsquo;International conference on economics and security (ICES). Organis\u00e9e du 29 juin au 2 juillet \u00e0 \u00e0 l&rsquo;Universit\u00e9 P\u00e9rouse (Italie), cette \u00e9dition a r\u00e9uni une cinquantaine de sp\u00e9cialistes venus du monde entier (\u00c9tats-Unis, Canada, Royaume-Uni, France, Espagne, Italie, Gr\u00e8ce, Su\u00e8de, Pays-Bas, Afrique [&hellip;]<\/p>\n","protected":false},"author":2,"featured_media":5669,"comment_status":"open","ping_status":"open","sticky":false,"template":"","format":"standard","meta":{"footnotes":""},"categories":[34,356],"tags":[162,41,217,47,157,588,38,149,396,486,202,86,436,589,110],"class_list":{"0":"post-5660","1":"post","2":"type-post","3":"status-publish","4":"format-standard","5":"has-post-thumbnail","7":"category-activites","8":"category-activites-participation-de-la-chaire-a-un-evenement","9":"tag-chaire-economie-de-defense","10":"tag-conference","11":"tag-conference-internationale-economie-et-securite","12":"tag-economie-de-defense","13":"tag-ices","14":"tag-ices-2022","15":"tag-ihedn","16":"tag-industrie-de-defense","17":"tag-italie","18":"tag-jade-guiberteau","19":"tag-josselin-droff","20":"tag-julien-malizard","21":"tag-laure-noel","22":"tag-perouse","23":"tag-publications"},"yoast_head":"<!-- This site is optimized with the Yoast SEO plugin v27.4 - https:\/\/yoast.com\/product\/yoast-seo-wordpress\/ -->\n<title>ICES 2022 (Perouse, Italie) : participation de 3 chercheurs de la Chaire - Chaire \u00c9conomie de d\u00e9fense - IHEDN<\/title>\n<meta name=\"robots\" content=\"index, follow, max-snippet:-1, max-image-preview:large, max-video-preview:-1\" \/>\n<link rel=\"canonical\" href=\"https:\/\/ecodef-ihedn.fr\/en\/ices-2022\/\" \/>\n<meta property=\"og:locale\" content=\"en_GB\" \/>\n<meta property=\"og:type\" content=\"article\" \/>\n<meta property=\"og:title\" content=\"ICES 2022 (Perouse, Italie) : participation de 3 chercheurs de la Chaire - Chaire \u00c9conomie de d\u00e9fense - IHEDN\" \/>\n<meta property=\"og:description\" content=\"Josselin Droff, Jade Guiberteau et Julien Malizard ont particip\u00e9 \u00e0 la 25e \u00e9dition de l&rsquo;International conference on economics and security (ICES). Organis\u00e9e du 29 juin au 2 juillet \u00e0 \u00e0 l&rsquo;Universit\u00e9 P\u00e9rouse (Italie), cette \u00e9dition a r\u00e9uni une cinquantaine de sp\u00e9cialistes venus du monde entier (\u00c9tats-Unis, Canada, Royaume-Uni, France, Espagne, Italie, Gr\u00e8ce, Su\u00e8de, Pays-Bas, Afrique [&hellip;]\" \/>\n<meta property=\"og:url\" content=\"https:\/\/ecodef-ihedn.fr\/en\/ices-2022\/\" \/>\n<meta property=\"og:site_name\" content=\"Chaire \u00c9conomie de d\u00e9fense - IHEDN\" \/>\n<meta property=\"article:published_time\" content=\"2022-07-06T13:27:00+00:00\" \/>\n<meta property=\"article:modified_time\" content=\"2022-09-28T09:42:16+00:00\" \/>\n<meta property=\"og:image\" content=\"https:\/\/ecodef-ihedn.fr\/wp-content\/uploads\/2022\/07\/ICES-2022-1.jpg\" \/>\n\t<meta property=\"og:image:width\" content=\"510\" \/>\n\t<meta property=\"og:image:height\" content=\"340\" \/>\n\t<meta property=\"og:image:type\" content=\"image\/jpeg\" \/>\n<meta name=\"author\" content=\"Bertrand Demandre\" \/>\n<meta name=\"twitter:card\" content=\"summary_large_image\" \/>\n<meta name=\"twitter:creator\" content=\"@Chaire_Ecodef\" \/>\n<meta name=\"twitter:site\" content=\"@Chaire_Ecodef\" \/>\n<meta name=\"twitter:label1\" content=\"Written by\" \/>\n\t<meta name=\"twitter:data1\" content=\"Bertrand Demandre\" \/>\n\t<meta name=\"twitter:label2\" content=\"Estimated reading time\" \/>\n\t<meta name=\"twitter:data2\" content=\"5 minutes\" \/>\n<script type=\"application\/ld+json\" class=\"yoast-schema-graph\">{\"@context\":\"https:\\\/\\\/schema.org\",\"@graph\":[{\"@type\":\"Article\",\"@id\":\"https:\\\/\\\/ecodef-ihedn.fr\\\/ices-2022\\\/#article\",\"isPartOf\":{\"@id\":\"https:\\\/\\\/ecodef-ihedn.fr\\\/ices-2022\\\/\"},\"author\":{\"name\":\"Bertrand Demandre\",\"@id\":\"https:\\\/\\\/ecodef-ihedn.fr\\\/#\\\/schema\\\/person\\\/1cdf22d028cebe278126a6e07a884d30\"},\"headline\":\"ICES 2022 (Perouse, Italie) : participation de 3 chercheurs de la Chaire\",\"datePublished\":\"2022-07-06T13:27:00+00:00\",\"dateModified\":\"2022-09-28T09:42:16+00:00\",\"mainEntityOfPage\":{\"@id\":\"https:\\\/\\\/ecodef-ihedn.fr\\\/ices-2022\\\/\"},\"wordCount\":941,\"commentCount\":0,\"publisher\":{\"@id\":\"https:\\\/\\\/ecodef-ihedn.fr\\\/#organization\"},\"image\":{\"@id\":\"https:\\\/\\\/ecodef-ihedn.fr\\\/ices-2022\\\/#primaryimage\"},\"thumbnailUrl\":\"https:\\\/\\\/ecodef-ihedn.fr\\\/wp-content\\\/uploads\\\/2022\\\/07\\\/ICES-2022-1.jpg\",\"keywords\":[\"chaire \u00e9conomie de d\u00e9fense\",\"conf\u00e9rence\",\"Conf\u00e9rence Internationale Economie et s\u00e9curit\u00e9\",\"\u00e9conomie de d\u00e9fense\",\"ICES\",\"ICES 2022\",\"IHEDN\",\"industrie de d\u00e9fense\",\"Italie\",\"jade guiberteau\",\"Josselin Droff\",\"Julien Malizard\",\"Laure No\u00ebl\",\"P\u00e9rouse\",\"Publications\"],\"articleSection\":[\"Activit\u00e9s\",\"Activit\u00e9s : participation de la Chaire \u00e0 un \u00e9v\u00e9nement\"],\"inLanguage\":\"en-GB\",\"potentialAction\":[{\"@type\":\"CommentAction\",\"name\":\"Comment\",\"target\":[\"https:\\\/\\\/ecodef-ihedn.fr\\\/ices-2022\\\/#respond\"]}]},{\"@type\":\"WebPage\",\"@id\":\"https:\\\/\\\/ecodef-ihedn.fr\\\/ices-2022\\\/\",\"url\":\"https:\\\/\\\/ecodef-ihedn.fr\\\/ices-2022\\\/\",\"name\":\"ICES 2022 (Perouse, Italie) : participation de 3 chercheurs de la Chaire - Chaire \u00c9conomie de d\u00e9fense - IHEDN\",\"isPartOf\":{\"@id\":\"https:\\\/\\\/ecodef-ihedn.fr\\\/#website\"},\"primaryImageOfPage\":{\"@id\":\"https:\\\/\\\/ecodef-ihedn.fr\\\/ices-2022\\\/#primaryimage\"},\"image\":{\"@id\":\"https:\\\/\\\/ecodef-ihedn.fr\\\/ices-2022\\\/#primaryimage\"},\"thumbnailUrl\":\"https:\\\/\\\/ecodef-ihedn.fr\\\/wp-content\\\/uploads\\\/2022\\\/07\\\/ICES-2022-1.jpg\",\"datePublished\":\"2022-07-06T13:27:00+00:00\",\"dateModified\":\"2022-09-28T09:42:16+00:00\",\"breadcrumb\":{\"@id\":\"https:\\\/\\\/ecodef-ihedn.fr\\\/ices-2022\\\/#breadcrumb\"},\"inLanguage\":\"en-GB\",\"potentialAction\":[{\"@type\":\"ReadAction\",\"target\":[\"https:\\\/\\\/ecodef-ihedn.fr\\\/ices-2022\\\/\"]}]},{\"@type\":\"ImageObject\",\"inLanguage\":\"en-GB\",\"@id\":\"https:\\\/\\\/ecodef-ihedn.fr\\\/ices-2022\\\/#primaryimage\",\"url\":\"https:\\\/\\\/ecodef-ihedn.fr\\\/wp-content\\\/uploads\\\/2022\\\/07\\\/ICES-2022-1.jpg\",\"contentUrl\":\"https:\\\/\\\/ecodef-ihedn.fr\\\/wp-content\\\/uploads\\\/2022\\\/07\\\/ICES-2022-1.jpg\",\"width\":510,\"height\":340},{\"@type\":\"BreadcrumbList\",\"@id\":\"https:\\\/\\\/ecodef-ihedn.fr\\\/ices-2022\\\/#breadcrumb\",\"itemListElement\":[{\"@type\":\"ListItem\",\"position\":1,\"name\":\"Accueil\",\"item\":\"https:\\\/\\\/ecodef-ihedn.fr\\\/\"},{\"@type\":\"ListItem\",\"position\":2,\"name\":\"ICES 2022 (Perouse, Italie) : participation de 3 chercheurs de la Chaire\"}]},{\"@type\":\"WebSite\",\"@id\":\"https:\\\/\\\/ecodef-ihedn.fr\\\/#website\",\"url\":\"https:\\\/\\\/ecodef-ihedn.fr\\\/\",\"name\":\"Chaire \u00c9conomie de D\u00e9fense - IHEDN\",\"description\":\"Produire &amp; soutenir, f\u00e9d\u00e9rer &amp; diffuser, \u00eatre une interface\",\"publisher\":{\"@id\":\"https:\\\/\\\/ecodef-ihedn.fr\\\/#organization\"},\"potentialAction\":[{\"@type\":\"SearchAction\",\"target\":{\"@type\":\"EntryPoint\",\"urlTemplate\":\"https:\\\/\\\/ecodef-ihedn.fr\\\/?s={search_term_string}\"},\"query-input\":{\"@type\":\"PropertyValueSpecification\",\"valueRequired\":true,\"valueName\":\"search_term_string\"}}],\"inLanguage\":\"en-GB\"},{\"@type\":\"Organization\",\"@id\":\"https:\\\/\\\/ecodef-ihedn.fr\\\/#organization\",\"name\":\"Chaire \u00c9conomie de d\u00e9fense - IHEDN\",\"url\":\"https:\\\/\\\/ecodef-ihedn.fr\\\/\",\"logo\":{\"@type\":\"ImageObject\",\"inLanguage\":\"en-GB\",\"@id\":\"https:\\\/\\\/ecodef-ihedn.fr\\\/#\\\/schema\\\/logo\\\/image\\\/\",\"url\":\"https:\\\/\\\/ecodef-ihedn.fr\\\/wp-content\\\/uploads\\\/2020\\\/04\\\/logoEcodef9.jpg\",\"contentUrl\":\"https:\\\/\\\/ecodef-ihedn.fr\\\/wp-content\\\/uploads\\\/2020\\\/04\\\/logoEcodef9.jpg\",\"width\":410,\"height\":212,\"caption\":\"Chaire \u00c9conomie de d\u00e9fense - IHEDN\"},\"image\":{\"@id\":\"https:\\\/\\\/ecodef-ihedn.fr\\\/#\\\/schema\\\/logo\\\/image\\\/\"},\"sameAs\":[\"https:\\\/\\\/x.com\\\/Chaire_Ecodef\",\"https:\\\/\\\/www.linkedin.com\\\/company\\\/chaire-ecodef-ihedn\\\/\"]},{\"@type\":\"Person\",\"@id\":\"https:\\\/\\\/ecodef-ihedn.fr\\\/#\\\/schema\\\/person\\\/1cdf22d028cebe278126a6e07a884d30\",\"name\":\"Bertrand Demandre\",\"image\":{\"@type\":\"ImageObject\",\"inLanguage\":\"en-GB\",\"@id\":\"https:\\\/\\\/secure.gravatar.com\\\/avatar\\\/d9c9746d6c900ab5b9c0f9b1fa3932e369da923da247d624b8f7ab4ba8a3c093?s=96&d=mm&r=g\",\"url\":\"https:\\\/\\\/secure.gravatar.com\\\/avatar\\\/d9c9746d6c900ab5b9c0f9b1fa3932e369da923da247d624b8f7ab4ba8a3c093?s=96&d=mm&r=g\",\"contentUrl\":\"https:\\\/\\\/secure.gravatar.com\\\/avatar\\\/d9c9746d6c900ab5b9c0f9b1fa3932e369da923da247d624b8f7ab4ba8a3c093?s=96&d=mm&r=g\",\"caption\":\"Bertrand Demandre\"},\"url\":\"https:\\\/\\\/ecodef-ihedn.fr\\\/en\\\/author\\\/bertrand\\\/\"}]}<\/script>\n<!-- \/ Yoast SEO plugin. -->","yoast_head_json":{"title":"ICES 2022 (Perouse, Italie) : participation de 3 chercheurs de la Chaire - Chaire \u00c9conomie de d\u00e9fense - IHEDN","robots":{"index":"index","follow":"follow","max-snippet":"max-snippet:-1","max-image-preview":"max-image-preview:large","max-video-preview":"max-video-preview:-1"},"canonical":"https:\/\/ecodef-ihedn.fr\/en\/ices-2022\/","og_locale":"en_GB","og_type":"article","og_title":"ICES 2022 (Perouse, Italie) : participation de 3 chercheurs de la Chaire - Chaire \u00c9conomie de d\u00e9fense - IHEDN","og_description":"Josselin Droff, Jade Guiberteau et Julien Malizard ont particip\u00e9 \u00e0 la 25e \u00e9dition de l&rsquo;International conference on economics and security (ICES). Organis\u00e9e du 29 juin au 2 juillet \u00e0 \u00e0 l&rsquo;Universit\u00e9 P\u00e9rouse (Italie), cette \u00e9dition a r\u00e9uni une cinquantaine de sp\u00e9cialistes venus du monde entier (\u00c9tats-Unis, Canada, Royaume-Uni, France, Espagne, Italie, Gr\u00e8ce, Su\u00e8de, Pays-Bas, Afrique [&hellip;]","og_url":"https:\/\/ecodef-ihedn.fr\/en\/ices-2022\/","og_site_name":"Chaire \u00c9conomie de d\u00e9fense - IHEDN","article_published_time":"2022-07-06T13:27:00+00:00","article_modified_time":"2022-09-28T09:42:16+00:00","og_image":[{"width":510,"height":340,"url":"https:\/\/ecodef-ihedn.fr\/wp-content\/uploads\/2022\/07\/ICES-2022-1.jpg","type":"image\/jpeg"}],"author":"Bertrand Demandre","twitter_card":"summary_large_image","twitter_creator":"@Chaire_Ecodef","twitter_site":"@Chaire_Ecodef","twitter_misc":{"Written by":"Bertrand Demandre","Estimated reading time":"5 minutes"},"schema":{"@context":"https:\/\/schema.org","@graph":[{"@type":"Article","@id":"https:\/\/ecodef-ihedn.fr\/ices-2022\/#article","isPartOf":{"@id":"https:\/\/ecodef-ihedn.fr\/ices-2022\/"},"author":{"name":"Bertrand Demandre","@id":"https:\/\/ecodef-ihedn.fr\/#\/schema\/person\/1cdf22d028cebe278126a6e07a884d30"},"headline":"ICES 2022 (Perouse, Italie) : participation de 3 chercheurs de la Chaire","datePublished":"2022-07-06T13:27:00+00:00","dateModified":"2022-09-28T09:42:16+00:00","mainEntityOfPage":{"@id":"https:\/\/ecodef-ihedn.fr\/ices-2022\/"},"wordCount":941,"commentCount":0,"publisher":{"@id":"https:\/\/ecodef-ihedn.fr\/#organization"},"image":{"@id":"https:\/\/ecodef-ihedn.fr\/ices-2022\/#primaryimage"},"thumbnailUrl":"https:\/\/ecodef-ihedn.fr\/wp-content\/uploads\/2022\/07\/ICES-2022-1.jpg","keywords":["chaire \u00e9conomie de d\u00e9fense","conf\u00e9rence","Conf\u00e9rence Internationale Economie et s\u00e9curit\u00e9","\u00e9conomie de d\u00e9fense","ICES","ICES 2022","IHEDN","industrie de d\u00e9fense","Italie","jade guiberteau","Josselin Droff","Julien Malizard","Laure No\u00ebl","P\u00e9rouse","Publications"],"articleSection":["Activit\u00e9s","Activit\u00e9s : participation de la Chaire \u00e0 un \u00e9v\u00e9nement"],"inLanguage":"en-GB","potentialAction":[{"@type":"CommentAction","name":"Comment","target":["https:\/\/ecodef-ihedn.fr\/ices-2022\/#respond"]}]},{"@type":"WebPage","@id":"https:\/\/ecodef-ihedn.fr\/ices-2022\/","url":"https:\/\/ecodef-ihedn.fr\/ices-2022\/","name":"ICES 2022 (Perouse, Italie) : participation de 3 chercheurs de la Chaire - Chaire \u00c9conomie de d\u00e9fense - IHEDN","isPartOf":{"@id":"https:\/\/ecodef-ihedn.fr\/#website"},"primaryImageOfPage":{"@id":"https:\/\/ecodef-ihedn.fr\/ices-2022\/#primaryimage"},"image":{"@id":"https:\/\/ecodef-ihedn.fr\/ices-2022\/#primaryimage"},"thumbnailUrl":"https:\/\/ecodef-ihedn.fr\/wp-content\/uploads\/2022\/07\/ICES-2022-1.jpg","datePublished":"2022-07-06T13:27:00+00:00","dateModified":"2022-09-28T09:42:16+00:00","breadcrumb":{"@id":"https:\/\/ecodef-ihedn.fr\/ices-2022\/#breadcrumb"},"inLanguage":"en-GB","potentialAction":[{"@type":"ReadAction","target":["https:\/\/ecodef-ihedn.fr\/ices-2022\/"]}]},{"@type":"ImageObject","inLanguage":"en-GB","@id":"https:\/\/ecodef-ihedn.fr\/ices-2022\/#primaryimage","url":"https:\/\/ecodef-ihedn.fr\/wp-content\/uploads\/2022\/07\/ICES-2022-1.jpg","contentUrl":"https:\/\/ecodef-ihedn.fr\/wp-content\/uploads\/2022\/07\/ICES-2022-1.jpg","width":510,"height":340},{"@type":"BreadcrumbList","@id":"https:\/\/ecodef-ihedn.fr\/ices-2022\/#breadcrumb","itemListElement":[{"@type":"ListItem","position":1,"name":"Accueil","item":"https:\/\/ecodef-ihedn.fr\/"},{"@type":"ListItem","position":2,"name":"ICES 2022 (Perouse, Italie) : participation de 3 chercheurs de la Chaire"}]},{"@type":"WebSite","@id":"https:\/\/ecodef-ihedn.fr\/#website","url":"https:\/\/ecodef-ihedn.fr\/","name":"Chair in Defence Economics - IHEDN","description":"Produce &amp; support, federate &amp; disseminate, act as an interface","publisher":{"@id":"https:\/\/ecodef-ihedn.fr\/#organization"},"potentialAction":[{"@type":"SearchAction","target":{"@type":"EntryPoint","urlTemplate":"https:\/\/ecodef-ihedn.fr\/?s={search_term_string}"},"query-input":{"@type":"PropertyValueSpecification","valueRequired":true,"valueName":"search_term_string"}}],"inLanguage":"en-GB"},{"@type":"Organization","@id":"https:\/\/ecodef-ihedn.fr\/#organization","name":"Chair in Defence Economics - IHEDN","url":"https:\/\/ecodef-ihedn.fr\/","logo":{"@type":"ImageObject","inLanguage":"en-GB","@id":"https:\/\/ecodef-ihedn.fr\/#\/schema\/logo\/image\/","url":"https:\/\/ecodef-ihedn.fr\/wp-content\/uploads\/2020\/04\/logoEcodef9.jpg","contentUrl":"https:\/\/ecodef-ihedn.fr\/wp-content\/uploads\/2020\/04\/logoEcodef9.jpg","width":410,"height":212,"caption":"Chaire \u00c9conomie de d\u00e9fense - IHEDN"},"image":{"@id":"https:\/\/ecodef-ihedn.fr\/#\/schema\/logo\/image\/"},"sameAs":["https:\/\/x.com\/Chaire_Ecodef","https:\/\/www.linkedin.com\/company\/chaire-ecodef-ihedn\/"]},{"@type":"Person","@id":"https:\/\/ecodef-ihedn.fr\/#\/schema\/person\/1cdf22d028cebe278126a6e07a884d30","name":"Bertrand Demandre","image":{"@type":"ImageObject","inLanguage":"en-GB","@id":"https:\/\/secure.gravatar.com\/avatar\/d9c9746d6c900ab5b9c0f9b1fa3932e369da923da247d624b8f7ab4ba8a3c093?s=96&d=mm&r=g","url":"https:\/\/secure.gravatar.com\/avatar\/d9c9746d6c900ab5b9c0f9b1fa3932e369da923da247d624b8f7ab4ba8a3c093?s=96&d=mm&r=g","contentUrl":"https:\/\/secure.gravatar.com\/avatar\/d9c9746d6c900ab5b9c0f9b1fa3932e369da923da247d624b8f7ab4ba8a3c093?s=96&d=mm&r=g","caption":"Bertrand Demandre"},"url":"https:\/\/ecodef-ihedn.fr\/en\/author\/bertrand\/"}]}},"_links":{"self":[{"href":"https:\/\/ecodef-ihedn.fr\/en\/wp-json\/wp\/v2\/posts\/5660","targetHints":{"allow":["GET"]}}],"collection":[{"href":"https:\/\/ecodef-ihedn.fr\/en\/wp-json\/wp\/v2\/posts"}],"about":[{"href":"https:\/\/ecodef-ihedn.fr\/en\/wp-json\/wp\/v2\/types\/post"}],"author":[{"embeddable":true,"href":"https:\/\/ecodef-ihedn.fr\/en\/wp-json\/wp\/v2\/users\/2"}],"replies":[{"embeddable":true,"href":"https:\/\/ecodef-ihedn.fr\/en\/wp-json\/wp\/v2\/comments?post=5660"}],"version-history":[{"count":5,"href":"https:\/\/ecodef-ihedn.fr\/en\/wp-json\/wp\/v2\/posts\/5660\/revisions"}],"predecessor-version":[{"id":6625,"href":"https:\/\/ecodef-ihedn.fr\/en\/wp-json\/wp\/v2\/posts\/5660\/revisions\/6625"}],"wp:featuredmedia":[{"embeddable":true,"href":"https:\/\/ecodef-ihedn.fr\/en\/wp-json\/wp\/v2\/media\/5669"}],"wp:attachment":[{"href":"https:\/\/ecodef-ihedn.fr\/en\/wp-json\/wp\/v2\/media?parent=5660"}],"wp:term":[{"taxonomy":"category","embeddable":true,"href":"https:\/\/ecodef-ihedn.fr\/en\/wp-json\/wp\/v2\/categories?post=5660"},{"taxonomy":"post_tag","embeddable":true,"href":"https:\/\/ecodef-ihedn.fr\/en\/wp-json\/wp\/v2\/tags?post=5660"}],"curies":[{"name":"wp","href":"https:\/\/api.w.org\/{rel}","templated":true}]}}