{"id":6274,"date":"2022-08-31T08:54:37","date_gmt":"2022-08-31T08:54:37","guid":{"rendered":"https:\/\/ecodef-ihedn.fr\/?p=6274"},"modified":"2022-10-17T10:11:07","modified_gmt":"2022-10-17T10:11:07","slug":"numero-special-des-cahiers-francais-publication-darticles-de-julien-malizard-et-josselin-droff","status":"publish","type":"post","link":"https:\/\/ecodef-ihedn.fr\/en\/numero-special-des-cahiers-francais-publication-darticles-de-julien-malizard-et-josselin-droff\/","title":{"rendered":"\u00abThe army in society\u00bb: articles by Julien Malizard and Josselin Droff in the special issue of Cahiers fran\u00e7ais"},"content":{"rendered":"<div class=\"wp-block-image\">\n<figure class=\"aligncenter size-medium\"><img loading=\"lazy\" decoding=\"async\" width=\"255\" height=\"300\" src=\"https:\/\/ecodef-ihedn.fr\/wp-content\/uploads\/2022\/08\/Cahiers-francais-428-255x300.jpg\" alt=\"\" class=\"wp-image-6276\" srcset=\"https:\/\/ecodef-ihedn.fr\/wp-content\/uploads\/2022\/08\/Cahiers-francais-428-255x300.jpg 255w, https:\/\/ecodef-ihedn.fr\/wp-content\/uploads\/2022\/08\/Cahiers-francais-428-696x818.jpg 696w, https:\/\/ecodef-ihedn.fr\/wp-content\/uploads\/2022\/08\/Cahiers-francais-428-357x420.jpg 357w, https:\/\/ecodef-ihedn.fr\/wp-content\/uploads\/2022\/08\/Cahiers-francais-428-715x840.jpg 715w, https:\/\/ecodef-ihedn.fr\/wp-content\/uploads\/2022\/08\/Cahiers-francais-428.jpg 760w\" sizes=\"auto, (max-width: 255px) 100vw, 255px\" \/><\/figure>\n<\/div>\n\n\n<p>The magazine <strong><a href=\"https:\/\/www.vie-publique.fr\/cahiers-francais\" target=\"_blank\" rel=\"noreferrer noopener\">Cahiers fran\u00e7ais<\/a><\/strong> tackles the major issues that fuel public debate. Illustrated with computer graphics and a wealth of photographs, its short articles and practical factsheets provide a better understanding of social, economic and political issues.<\/p>\n\n\n\n<p>Le <a href=\"https:\/\/www.vie-publique.fr\/catalogue\/285619-larmee-dans-la-societe\" target=\"_blank\" rel=\"noreferrer noopener\"><strong>latest issue of Cahiers fran\u00e7ais<\/strong><\/a>, produced in partnership with\u2019<strong><a href=\"https:\/\/www.irsem.fr\/institut\/actualites\/l-edition-cahiers-francais.html\" target=\"_blank\" rel=\"noreferrer noopener\">IRSEM<\/a><\/strong>, was published on 20 July.<\/p>\n\n\n\n<p>It brings together the best defence specialists in order to understand the changes in the army's missions, its means of action and its manpower since the end of the Cold War and the disappearance of military service in 1997.<\/p>\n\n\n\n<p>La <strong>Chair<\/strong> contributed to this special issue.<\/p>\n\n\n\n<p><strong>Julien Malizard <\/strong>published an article entitled <strong>\u00abDefence budgets: how are they changing?\u00bb<\/strong>, which studies <strong>the composition and development of the defence budget in France<\/strong> from the 1980s to the present day. A summary of <strong>main<\/strong> <strong>factors <\/strong>The aim is to provide a clearer picture of the challenges facing French defence policy and its funding, in order to inform the forthcoming debates on the forthcoming <strong>military programming law.<\/strong><\/p>\n\n\n\n<p><strong>Josselin Droff<\/strong> proposes an article entitled <strong>\u00abMilitary presence in the territories\u00bb<\/strong>, which provides a better understanding of the issues at stake in the <strong>military presence in France<\/strong>. More specifically, the author looks at the factors that have structured<strong> the establishment of armies<\/strong> in the region. In particular, it looks at <strong>reciprocal influences<\/strong> that the military and the land have exerted on each other throughout history. The relationship between military activities and territories has been affected by the <strong>successive reforms<\/strong> of the military map in France, particularly since the end of the Cold War. The article analyses in more detail the consequences of this reform and the\u2019<strong>regional support <\/strong>implemented by the State and local authorities.<\/p>\n\n\n\n<div class=\"wp-block-buttons is-layout-flex wp-block-buttons-is-layout-flex\">\n<div class=\"wp-block-button aligncenter\"><a class=\"wp-block-button__link\" href=\"https:\/\/www.vie-publique.fr\/catalogue\/285619-larmee-dans-la-societe\" target=\"_blank\" rel=\"noreferrer noopener\">read the review<\/a><\/div>\n<\/div>\n\n\n\n<p><\/p>\n\n\n\n<p><\/p>","protected":false},"excerpt":{"rendered":"<p>La revue Cahiers fran\u00e7ais aborde les grands sujets qui nourrissent le d\u00e9bat public. Illustr\u00e9s par des infographies et de nombreuses photographies, ses articles courts et ses fiches pratiques permettent de mieux comprendre les questions de soci\u00e9t\u00e9, d\u2019\u00e9conomie et de politique. Le dernier num\u00e9ro des Cahiers fran\u00e7ais, r\u00e9alis\u00e9 en partenariat avec l&rsquo;IRSEM, a \u00e9t\u00e9 publi\u00e9 le [&hellip;]<\/p>\n","protected":false},"author":2,"featured_media":6275,"comment_status":"open","ping_status":"open","sticky":false,"template":"","format":"standard","meta":{"footnotes":""},"categories":[350,352],"tags":[185,72,230,211,594,593,47,38,196,202,86,110,176],"class_list":{"0":"post-6274","1":"post","2":"type-post","3":"status-publish","4":"format-standard","5":"has-post-thumbnail","7":"category-publications","8":"category-thematique-2-determinants-et-impacts-de-la-depense-de-defense","9":"tag-armee","10":"tag-armees","11":"tag-armees-francaises","12":"tag-bitd","13":"tag-budgets-de-defense","14":"tag-cahiers-francais","15":"tag-economie-de-defense","16":"tag-ihedn","17":"tag-irsem","18":"tag-josselin-droff","19":"tag-julien-malizard","20":"tag-publications","21":"tag-territoires"},"yoast_head":"<!-- This site is optimized with the Yoast SEO plugin v27.4 - https:\/\/yoast.com\/product\/yoast-seo-wordpress\/ -->\n<title>&quot;L&#039;arm\u00e9e dans la soci\u00e9t\u00e9&quot; : articles de Julien Malizard et Josselin Droff dans le num\u00e9ro sp\u00e9cial des Cahiers fran\u00e7ais - Chaire \u00c9conomie de d\u00e9fense - IHEDN<\/title>\n<meta name=\"robots\" content=\"index, follow, max-snippet:-1, max-image-preview:large, max-video-preview:-1\" \/>\n<link rel=\"canonical\" href=\"https:\/\/ecodef-ihedn.fr\/en\/numero-special-des-cahiers-francais-publication-darticles-de-julien-malizard-et-josselin-droff\/\" \/>\n<meta property=\"og:locale\" content=\"en_GB\" \/>\n<meta property=\"og:type\" content=\"article\" \/>\n<meta property=\"og:title\" content=\"&quot;L&#039;arm\u00e9e dans la soci\u00e9t\u00e9&quot; : articles de Julien Malizard et Josselin Droff dans le num\u00e9ro sp\u00e9cial des Cahiers fran\u00e7ais - Chaire \u00c9conomie de d\u00e9fense - IHEDN\" \/>\n<meta property=\"og:description\" content=\"La revue Cahiers fran\u00e7ais aborde les grands sujets qui nourrissent le d\u00e9bat public. Illustr\u00e9s par des infographies et de nombreuses photographies, ses articles courts et ses fiches pratiques permettent de mieux comprendre les questions de soci\u00e9t\u00e9, d\u2019\u00e9conomie et de politique. Le dernier num\u00e9ro des Cahiers fran\u00e7ais, r\u00e9alis\u00e9 en partenariat avec l&rsquo;IRSEM, a \u00e9t\u00e9 publi\u00e9 le [&hellip;]\" \/>\n<meta property=\"og:url\" content=\"https:\/\/ecodef-ihedn.fr\/en\/numero-special-des-cahiers-francais-publication-darticles-de-julien-malizard-et-josselin-droff\/\" \/>\n<meta property=\"og:site_name\" content=\"Chaire \u00c9conomie de d\u00e9fense - IHEDN\" \/>\n<meta property=\"article:published_time\" content=\"2022-08-31T08:54:37+00:00\" \/>\n<meta property=\"article:modified_time\" content=\"2022-10-17T10:11:07+00:00\" \/>\n<meta property=\"og:image\" content=\"https:\/\/ecodef-ihedn.fr\/wp-content\/uploads\/2022\/08\/Cahiers-francais-428-4-3.jpg\" \/>\n\t<meta property=\"og:image:width\" content=\"1416\" \/>\n\t<meta property=\"og:image:height\" content=\"893\" \/>\n\t<meta property=\"og:image:type\" content=\"image\/jpeg\" \/>\n<meta name=\"author\" content=\"Bertrand Demandre\" \/>\n<meta name=\"twitter:card\" content=\"summary_large_image\" \/>\n<meta name=\"twitter:creator\" content=\"@Chaire_Ecodef\" \/>\n<meta name=\"twitter:site\" content=\"@Chaire_Ecodef\" \/>\n<meta name=\"twitter:label1\" content=\"Written by\" \/>\n\t<meta name=\"twitter:data1\" content=\"Bertrand Demandre\" \/>\n\t<meta name=\"twitter:label2\" content=\"Estimated reading time\" \/>\n\t<meta name=\"twitter:data2\" content=\"2 minutes\" \/>\n<script type=\"application\/ld+json\" class=\"yoast-schema-graph\">{\"@context\":\"https:\\\/\\\/schema.org\",\"@graph\":[{\"@type\":\"Article\",\"@id\":\"https:\\\/\\\/ecodef-ihedn.fr\\\/numero-special-des-cahiers-francais-publication-darticles-de-julien-malizard-et-josselin-droff\\\/#article\",\"isPartOf\":{\"@id\":\"https:\\\/\\\/ecodef-ihedn.fr\\\/numero-special-des-cahiers-francais-publication-darticles-de-julien-malizard-et-josselin-droff\\\/\"},\"author\":{\"name\":\"Bertrand Demandre\",\"@id\":\"https:\\\/\\\/ecodef-ihedn.fr\\\/#\\\/schema\\\/person\\\/1cdf22d028cebe278126a6e07a884d30\"},\"headline\":\"\u00ab\u00a0L&rsquo;arm\u00e9e dans la soci\u00e9t\u00e9\u00a0\u00bb : articles de Julien Malizard et Josselin Droff dans le num\u00e9ro sp\u00e9cial des Cahiers fran\u00e7ais\",\"datePublished\":\"2022-08-31T08:54:37+00:00\",\"dateModified\":\"2022-10-17T10:11:07+00:00\",\"mainEntityOfPage\":{\"@id\":\"https:\\\/\\\/ecodef-ihedn.fr\\\/numero-special-des-cahiers-francais-publication-darticles-de-julien-malizard-et-josselin-droff\\\/\"},\"wordCount\":369,\"commentCount\":0,\"publisher\":{\"@id\":\"https:\\\/\\\/ecodef-ihedn.fr\\\/#organization\"},\"image\":{\"@id\":\"https:\\\/\\\/ecodef-ihedn.fr\\\/numero-special-des-cahiers-francais-publication-darticles-de-julien-malizard-et-josselin-droff\\\/#primaryimage\"},\"thumbnailUrl\":\"https:\\\/\\\/ecodef-ihedn.fr\\\/wp-content\\\/uploads\\\/2022\\\/08\\\/Cahiers-francais-428-4-3.jpg\",\"keywords\":[\"arm\u00e9e\",\"arm\u00e9es\",\"Arm\u00e9es fran\u00e7aises\",\"BITD\",\"budgets de d\u00e9fense\",\"Cahiers fran\u00e7ais\",\"\u00e9conomie de d\u00e9fense\",\"IHEDN\",\"IRSEM\",\"Josselin Droff\",\"Julien Malizard\",\"Publications\",\"territoires\"],\"articleSection\":[\"Publications\",\"Th\u00e9matique 2 : d\u00e9terminants et impacts de la d\u00e9pense de d\u00e9fense\"],\"inLanguage\":\"en-GB\",\"potentialAction\":[{\"@type\":\"CommentAction\",\"name\":\"Comment\",\"target\":[\"https:\\\/\\\/ecodef-ihedn.fr\\\/numero-special-des-cahiers-francais-publication-darticles-de-julien-malizard-et-josselin-droff\\\/#respond\"]}]},{\"@type\":\"WebPage\",\"@id\":\"https:\\\/\\\/ecodef-ihedn.fr\\\/numero-special-des-cahiers-francais-publication-darticles-de-julien-malizard-et-josselin-droff\\\/\",\"url\":\"https:\\\/\\\/ecodef-ihedn.fr\\\/numero-special-des-cahiers-francais-publication-darticles-de-julien-malizard-et-josselin-droff\\\/\",\"name\":\"\\\"L'arm\u00e9e dans la soci\u00e9t\u00e9\\\" : articles de Julien Malizard et Josselin Droff dans le num\u00e9ro sp\u00e9cial des Cahiers fran\u00e7ais - Chaire \u00c9conomie de d\u00e9fense - IHEDN\",\"isPartOf\":{\"@id\":\"https:\\\/\\\/ecodef-ihedn.fr\\\/#website\"},\"primaryImageOfPage\":{\"@id\":\"https:\\\/\\\/ecodef-ihedn.fr\\\/numero-special-des-cahiers-francais-publication-darticles-de-julien-malizard-et-josselin-droff\\\/#primaryimage\"},\"image\":{\"@id\":\"https:\\\/\\\/ecodef-ihedn.fr\\\/numero-special-des-cahiers-francais-publication-darticles-de-julien-malizard-et-josselin-droff\\\/#primaryimage\"},\"thumbnailUrl\":\"https:\\\/\\\/ecodef-ihedn.fr\\\/wp-content\\\/uploads\\\/2022\\\/08\\\/Cahiers-francais-428-4-3.jpg\",\"datePublished\":\"2022-08-31T08:54:37+00:00\",\"dateModified\":\"2022-10-17T10:11:07+00:00\",\"breadcrumb\":{\"@id\":\"https:\\\/\\\/ecodef-ihedn.fr\\\/numero-special-des-cahiers-francais-publication-darticles-de-julien-malizard-et-josselin-droff\\\/#breadcrumb\"},\"inLanguage\":\"en-GB\",\"potentialAction\":[{\"@type\":\"ReadAction\",\"target\":[\"https:\\\/\\\/ecodef-ihedn.fr\\\/numero-special-des-cahiers-francais-publication-darticles-de-julien-malizard-et-josselin-droff\\\/\"]}]},{\"@type\":\"ImageObject\",\"inLanguage\":\"en-GB\",\"@id\":\"https:\\\/\\\/ecodef-ihedn.fr\\\/numero-special-des-cahiers-francais-publication-darticles-de-julien-malizard-et-josselin-droff\\\/#primaryimage\",\"url\":\"https:\\\/\\\/ecodef-ihedn.fr\\\/wp-content\\\/uploads\\\/2022\\\/08\\\/Cahiers-francais-428-4-3.jpg\",\"contentUrl\":\"https:\\\/\\\/ecodef-ihedn.fr\\\/wp-content\\\/uploads\\\/2022\\\/08\\\/Cahiers-francais-428-4-3.jpg\",\"width\":1416,\"height\":893},{\"@type\":\"BreadcrumbList\",\"@id\":\"https:\\\/\\\/ecodef-ihedn.fr\\\/numero-special-des-cahiers-francais-publication-darticles-de-julien-malizard-et-josselin-droff\\\/#breadcrumb\",\"itemListElement\":[{\"@type\":\"ListItem\",\"position\":1,\"name\":\"Accueil\",\"item\":\"https:\\\/\\\/ecodef-ihedn.fr\\\/\"},{\"@type\":\"ListItem\",\"position\":2,\"name\":\"&#8220;L&#8217;arm\u00e9e dans la soci\u00e9t\u00e9&#8221; : articles de Julien Malizard et Josselin Droff dans le num\u00e9ro sp\u00e9cial des Cahiers fran\u00e7ais\"}]},{\"@type\":\"WebSite\",\"@id\":\"https:\\\/\\\/ecodef-ihedn.fr\\\/#website\",\"url\":\"https:\\\/\\\/ecodef-ihedn.fr\\\/\",\"name\":\"Chaire \u00c9conomie de D\u00e9fense - IHEDN\",\"description\":\"Produire &amp; soutenir, f\u00e9d\u00e9rer &amp; diffuser, \u00eatre une interface\",\"publisher\":{\"@id\":\"https:\\\/\\\/ecodef-ihedn.fr\\\/#organization\"},\"potentialAction\":[{\"@type\":\"SearchAction\",\"target\":{\"@type\":\"EntryPoint\",\"urlTemplate\":\"https:\\\/\\\/ecodef-ihedn.fr\\\/?s={search_term_string}\"},\"query-input\":{\"@type\":\"PropertyValueSpecification\",\"valueRequired\":true,\"valueName\":\"search_term_string\"}}],\"inLanguage\":\"en-GB\"},{\"@type\":\"Organization\",\"@id\":\"https:\\\/\\\/ecodef-ihedn.fr\\\/#organization\",\"name\":\"Chaire \u00c9conomie de d\u00e9fense - IHEDN\",\"url\":\"https:\\\/\\\/ecodef-ihedn.fr\\\/\",\"logo\":{\"@type\":\"ImageObject\",\"inLanguage\":\"en-GB\",\"@id\":\"https:\\\/\\\/ecodef-ihedn.fr\\\/#\\\/schema\\\/logo\\\/image\\\/\",\"url\":\"https:\\\/\\\/ecodef-ihedn.fr\\\/wp-content\\\/uploads\\\/2020\\\/04\\\/logoEcodef9.jpg\",\"contentUrl\":\"https:\\\/\\\/ecodef-ihedn.fr\\\/wp-content\\\/uploads\\\/2020\\\/04\\\/logoEcodef9.jpg\",\"width\":410,\"height\":212,\"caption\":\"Chaire \u00c9conomie de d\u00e9fense - IHEDN\"},\"image\":{\"@id\":\"https:\\\/\\\/ecodef-ihedn.fr\\\/#\\\/schema\\\/logo\\\/image\\\/\"},\"sameAs\":[\"https:\\\/\\\/x.com\\\/Chaire_Ecodef\",\"https:\\\/\\\/www.linkedin.com\\\/company\\\/chaire-ecodef-ihedn\\\/\"]},{\"@type\":\"Person\",\"@id\":\"https:\\\/\\\/ecodef-ihedn.fr\\\/#\\\/schema\\\/person\\\/1cdf22d028cebe278126a6e07a884d30\",\"name\":\"Bertrand Demandre\",\"image\":{\"@type\":\"ImageObject\",\"inLanguage\":\"en-GB\",\"@id\":\"https:\\\/\\\/secure.gravatar.com\\\/avatar\\\/d9c9746d6c900ab5b9c0f9b1fa3932e369da923da247d624b8f7ab4ba8a3c093?s=96&d=mm&r=g\",\"url\":\"https:\\\/\\\/secure.gravatar.com\\\/avatar\\\/d9c9746d6c900ab5b9c0f9b1fa3932e369da923da247d624b8f7ab4ba8a3c093?s=96&d=mm&r=g\",\"contentUrl\":\"https:\\\/\\\/secure.gravatar.com\\\/avatar\\\/d9c9746d6c900ab5b9c0f9b1fa3932e369da923da247d624b8f7ab4ba8a3c093?s=96&d=mm&r=g\",\"caption\":\"Bertrand Demandre\"},\"url\":\"https:\\\/\\\/ecodef-ihedn.fr\\\/en\\\/author\\\/bertrand\\\/\"}]}<\/script>\n<!-- \/ Yoast SEO plugin. -->","yoast_head_json":{"title":"\"L'arm\u00e9e dans la soci\u00e9t\u00e9\" : articles de Julien Malizard et Josselin Droff dans le num\u00e9ro sp\u00e9cial des Cahiers fran\u00e7ais - Chaire \u00c9conomie de d\u00e9fense - IHEDN","robots":{"index":"index","follow":"follow","max-snippet":"max-snippet:-1","max-image-preview":"max-image-preview:large","max-video-preview":"max-video-preview:-1"},"canonical":"https:\/\/ecodef-ihedn.fr\/en\/numero-special-des-cahiers-francais-publication-darticles-de-julien-malizard-et-josselin-droff\/","og_locale":"en_GB","og_type":"article","og_title":"\"L'arm\u00e9e dans la soci\u00e9t\u00e9\" : articles de Julien Malizard et Josselin Droff dans le num\u00e9ro sp\u00e9cial des Cahiers fran\u00e7ais - Chaire \u00c9conomie de d\u00e9fense - IHEDN","og_description":"La revue Cahiers fran\u00e7ais aborde les grands sujets qui nourrissent le d\u00e9bat public. Illustr\u00e9s par des infographies et de nombreuses photographies, ses articles courts et ses fiches pratiques permettent de mieux comprendre les questions de soci\u00e9t\u00e9, d\u2019\u00e9conomie et de politique. Le dernier num\u00e9ro des Cahiers fran\u00e7ais, r\u00e9alis\u00e9 en partenariat avec l&rsquo;IRSEM, a \u00e9t\u00e9 publi\u00e9 le [&hellip;]","og_url":"https:\/\/ecodef-ihedn.fr\/en\/numero-special-des-cahiers-francais-publication-darticles-de-julien-malizard-et-josselin-droff\/","og_site_name":"Chaire \u00c9conomie de d\u00e9fense - IHEDN","article_published_time":"2022-08-31T08:54:37+00:00","article_modified_time":"2022-10-17T10:11:07+00:00","og_image":[{"width":1416,"height":893,"url":"https:\/\/ecodef-ihedn.fr\/wp-content\/uploads\/2022\/08\/Cahiers-francais-428-4-3.jpg","type":"image\/jpeg"}],"author":"Bertrand Demandre","twitter_card":"summary_large_image","twitter_creator":"@Chaire_Ecodef","twitter_site":"@Chaire_Ecodef","twitter_misc":{"Written by":"Bertrand Demandre","Estimated reading time":"2 minutes"},"schema":{"@context":"https:\/\/schema.org","@graph":[{"@type":"Article","@id":"https:\/\/ecodef-ihedn.fr\/numero-special-des-cahiers-francais-publication-darticles-de-julien-malizard-et-josselin-droff\/#article","isPartOf":{"@id":"https:\/\/ecodef-ihedn.fr\/numero-special-des-cahiers-francais-publication-darticles-de-julien-malizard-et-josselin-droff\/"},"author":{"name":"Bertrand Demandre","@id":"https:\/\/ecodef-ihedn.fr\/#\/schema\/person\/1cdf22d028cebe278126a6e07a884d30"},"headline":"\u00ab\u00a0L&rsquo;arm\u00e9e dans la soci\u00e9t\u00e9\u00a0\u00bb : articles de Julien Malizard et Josselin Droff dans le num\u00e9ro sp\u00e9cial des Cahiers fran\u00e7ais","datePublished":"2022-08-31T08:54:37+00:00","dateModified":"2022-10-17T10:11:07+00:00","mainEntityOfPage":{"@id":"https:\/\/ecodef-ihedn.fr\/numero-special-des-cahiers-francais-publication-darticles-de-julien-malizard-et-josselin-droff\/"},"wordCount":369,"commentCount":0,"publisher":{"@id":"https:\/\/ecodef-ihedn.fr\/#organization"},"image":{"@id":"https:\/\/ecodef-ihedn.fr\/numero-special-des-cahiers-francais-publication-darticles-de-julien-malizard-et-josselin-droff\/#primaryimage"},"thumbnailUrl":"https:\/\/ecodef-ihedn.fr\/wp-content\/uploads\/2022\/08\/Cahiers-francais-428-4-3.jpg","keywords":["arm\u00e9e","arm\u00e9es","Arm\u00e9es fran\u00e7aises","BITD","budgets de d\u00e9fense","Cahiers fran\u00e7ais","\u00e9conomie de d\u00e9fense","IHEDN","IRSEM","Josselin Droff","Julien Malizard","Publications","territoires"],"articleSection":["Publications","Th\u00e9matique 2 : d\u00e9terminants et impacts de la d\u00e9pense de d\u00e9fense"],"inLanguage":"en-GB","potentialAction":[{"@type":"CommentAction","name":"Comment","target":["https:\/\/ecodef-ihedn.fr\/numero-special-des-cahiers-francais-publication-darticles-de-julien-malizard-et-josselin-droff\/#respond"]}]},{"@type":"WebPage","@id":"https:\/\/ecodef-ihedn.fr\/numero-special-des-cahiers-francais-publication-darticles-de-julien-malizard-et-josselin-droff\/","url":"https:\/\/ecodef-ihedn.fr\/numero-special-des-cahiers-francais-publication-darticles-de-julien-malizard-et-josselin-droff\/","name":"\"L'arm\u00e9e dans la soci\u00e9t\u00e9\" : articles de Julien Malizard et Josselin Droff dans le num\u00e9ro sp\u00e9cial des Cahiers fran\u00e7ais - Chaire \u00c9conomie de d\u00e9fense - IHEDN","isPartOf":{"@id":"https:\/\/ecodef-ihedn.fr\/#website"},"primaryImageOfPage":{"@id":"https:\/\/ecodef-ihedn.fr\/numero-special-des-cahiers-francais-publication-darticles-de-julien-malizard-et-josselin-droff\/#primaryimage"},"image":{"@id":"https:\/\/ecodef-ihedn.fr\/numero-special-des-cahiers-francais-publication-darticles-de-julien-malizard-et-josselin-droff\/#primaryimage"},"thumbnailUrl":"https:\/\/ecodef-ihedn.fr\/wp-content\/uploads\/2022\/08\/Cahiers-francais-428-4-3.jpg","datePublished":"2022-08-31T08:54:37+00:00","dateModified":"2022-10-17T10:11:07+00:00","breadcrumb":{"@id":"https:\/\/ecodef-ihedn.fr\/numero-special-des-cahiers-francais-publication-darticles-de-julien-malizard-et-josselin-droff\/#breadcrumb"},"inLanguage":"en-GB","potentialAction":[{"@type":"ReadAction","target":["https:\/\/ecodef-ihedn.fr\/numero-special-des-cahiers-francais-publication-darticles-de-julien-malizard-et-josselin-droff\/"]}]},{"@type":"ImageObject","inLanguage":"en-GB","@id":"https:\/\/ecodef-ihedn.fr\/numero-special-des-cahiers-francais-publication-darticles-de-julien-malizard-et-josselin-droff\/#primaryimage","url":"https:\/\/ecodef-ihedn.fr\/wp-content\/uploads\/2022\/08\/Cahiers-francais-428-4-3.jpg","contentUrl":"https:\/\/ecodef-ihedn.fr\/wp-content\/uploads\/2022\/08\/Cahiers-francais-428-4-3.jpg","width":1416,"height":893},{"@type":"BreadcrumbList","@id":"https:\/\/ecodef-ihedn.fr\/numero-special-des-cahiers-francais-publication-darticles-de-julien-malizard-et-josselin-droff\/#breadcrumb","itemListElement":[{"@type":"ListItem","position":1,"name":"Accueil","item":"https:\/\/ecodef-ihedn.fr\/"},{"@type":"ListItem","position":2,"name":"&#8220;L&#8217;arm\u00e9e dans la soci\u00e9t\u00e9&#8221; : articles de Julien Malizard et Josselin Droff dans le num\u00e9ro sp\u00e9cial des Cahiers fran\u00e7ais"}]},{"@type":"WebSite","@id":"https:\/\/ecodef-ihedn.fr\/#website","url":"https:\/\/ecodef-ihedn.fr\/","name":"Chair in Defence Economics - IHEDN","description":"Produce &amp; support, federate &amp; disseminate, act as an interface","publisher":{"@id":"https:\/\/ecodef-ihedn.fr\/#organization"},"potentialAction":[{"@type":"SearchAction","target":{"@type":"EntryPoint","urlTemplate":"https:\/\/ecodef-ihedn.fr\/?s={search_term_string}"},"query-input":{"@type":"PropertyValueSpecification","valueRequired":true,"valueName":"search_term_string"}}],"inLanguage":"en-GB"},{"@type":"Organization","@id":"https:\/\/ecodef-ihedn.fr\/#organization","name":"Chair in Defence Economics - IHEDN","url":"https:\/\/ecodef-ihedn.fr\/","logo":{"@type":"ImageObject","inLanguage":"en-GB","@id":"https:\/\/ecodef-ihedn.fr\/#\/schema\/logo\/image\/","url":"https:\/\/ecodef-ihedn.fr\/wp-content\/uploads\/2020\/04\/logoEcodef9.jpg","contentUrl":"https:\/\/ecodef-ihedn.fr\/wp-content\/uploads\/2020\/04\/logoEcodef9.jpg","width":410,"height":212,"caption":"Chaire \u00c9conomie de d\u00e9fense - IHEDN"},"image":{"@id":"https:\/\/ecodef-ihedn.fr\/#\/schema\/logo\/image\/"},"sameAs":["https:\/\/x.com\/Chaire_Ecodef","https:\/\/www.linkedin.com\/company\/chaire-ecodef-ihedn\/"]},{"@type":"Person","@id":"https:\/\/ecodef-ihedn.fr\/#\/schema\/person\/1cdf22d028cebe278126a6e07a884d30","name":"Bertrand Demandre","image":{"@type":"ImageObject","inLanguage":"en-GB","@id":"https:\/\/secure.gravatar.com\/avatar\/d9c9746d6c900ab5b9c0f9b1fa3932e369da923da247d624b8f7ab4ba8a3c093?s=96&d=mm&r=g","url":"https:\/\/secure.gravatar.com\/avatar\/d9c9746d6c900ab5b9c0f9b1fa3932e369da923da247d624b8f7ab4ba8a3c093?s=96&d=mm&r=g","contentUrl":"https:\/\/secure.gravatar.com\/avatar\/d9c9746d6c900ab5b9c0f9b1fa3932e369da923da247d624b8f7ab4ba8a3c093?s=96&d=mm&r=g","caption":"Bertrand Demandre"},"url":"https:\/\/ecodef-ihedn.fr\/en\/author\/bertrand\/"}]}},"_links":{"self":[{"href":"https:\/\/ecodef-ihedn.fr\/en\/wp-json\/wp\/v2\/posts\/6274","targetHints":{"allow":["GET"]}}],"collection":[{"href":"https:\/\/ecodef-ihedn.fr\/en\/wp-json\/wp\/v2\/posts"}],"about":[{"href":"https:\/\/ecodef-ihedn.fr\/en\/wp-json\/wp\/v2\/types\/post"}],"author":[{"embeddable":true,"href":"https:\/\/ecodef-ihedn.fr\/en\/wp-json\/wp\/v2\/users\/2"}],"replies":[{"embeddable":true,"href":"https:\/\/ecodef-ihedn.fr\/en\/wp-json\/wp\/v2\/comments?post=6274"}],"version-history":[{"count":5,"href":"https:\/\/ecodef-ihedn.fr\/en\/wp-json\/wp\/v2\/posts\/6274\/revisions"}],"predecessor-version":[{"id":6756,"href":"https:\/\/ecodef-ihedn.fr\/en\/wp-json\/wp\/v2\/posts\/6274\/revisions\/6756"}],"wp:featuredmedia":[{"embeddable":true,"href":"https:\/\/ecodef-ihedn.fr\/en\/wp-json\/wp\/v2\/media\/6275"}],"wp:attachment":[{"href":"https:\/\/ecodef-ihedn.fr\/en\/wp-json\/wp\/v2\/media?parent=6274"}],"wp:term":[{"taxonomy":"category","embeddable":true,"href":"https:\/\/ecodef-ihedn.fr\/en\/wp-json\/wp\/v2\/categories?post=6274"},{"taxonomy":"post_tag","embeddable":true,"href":"https:\/\/ecodef-ihedn.fr\/en\/wp-json\/wp\/v2\/tags?post=6274"}],"curies":[{"name":"wp","href":"https:\/\/api.w.org\/{rel}","templated":true}]}}