{"id":6678,"date":"2022-10-06T18:31:00","date_gmt":"2022-10-06T18:31:00","guid":{"rendered":"https:\/\/ecodef-ihedn.fr\/?p=6678"},"modified":"2022-10-07T12:00:36","modified_gmt":"2022-10-07T12:00:36","slug":"intervention-dolivier-martin-a-la-conference-de-rentree-du-gicat","status":"publish","type":"post","link":"https:\/\/ecodef-ihedn.fr\/en\/intervention-dolivier-martin-a-la-conference-de-rentree-du-gicat\/","title":{"rendered":"Speech by Olivier Martin at the GICAT back-to-school conference (CNAM, 5 October 2022)"},"content":{"rendered":"<div class=\"wp-block-image\">\n<figure class=\"aligncenter size-full\"><img loading=\"lazy\" decoding=\"async\" width=\"720\" height=\"360\" src=\"https:\/\/ecodef-ihedn.fr\/wp-content\/uploads\/2022\/10\/1665049676061.jpg\" alt=\"\" class=\"wp-image-6679\" srcset=\"https:\/\/ecodef-ihedn.fr\/wp-content\/uploads\/2022\/10\/1665049676061.jpg 720w, https:\/\/ecodef-ihedn.fr\/wp-content\/uploads\/2022\/10\/1665049676061-300x150.jpg 300w, https:\/\/ecodef-ihedn.fr\/wp-content\/uploads\/2022\/10\/1665049676061-696x348.jpg 696w\" sizes=\"auto, (max-width: 720px) 100vw, 720px\" \/><\/figure>\n<\/div>\n\n\n<p>Olivier Martin, Chairman of the Chair's Steering Committee, was invited to speak at the GICAT's back-to-school conference on Wednesday 5 October at the CNAM.<\/p>\n\n\n\n<p>As part of the round-table discussion entitled \u00abIn this period of crisis and change, how can we adapt our industrial model? he addressed the many changes currently affecting the defence industry, and in particular two key issues:<\/p>\n\n\n\n<ul class=\"wp-block-list\"><li>Whether budgets should be adapted to the risk of high-intensity conflict.<br><br>In this respect, he believes it is essential to maintain efforts to prepare for the future so that we have the high-performance equipment that will make the difference on the battlefield (the Ukrainian conflict clearly shows the decisive contribution made by the latest-generation equipment over earlier-generation equipment).<br><br>As a result, the future LPM currently under discussion will have to increase budgets to support the financial needs associated with the build-up: increasing stocks to a necessary and sufficient level to withstand the first shock until the target stabilised capability necessary to conduct the high-intensity conflict over the long term is in place, preparing the industrial and human resources necessary to enable the target stabilised capability necessary to conduct the high-intensity conflict to be put in place within the allotted timeframe (the timeframe for anticipating the high-intensity conflict), and so on.<\/li><\/ul>\n\n\n\n<ul class=\"wp-block-list\"><li>Ongoing European cooperation.<br><br>European cooperation takes the form of inter-state cooperation (\u00abtraditional\u00bb cooperation) and industrial cooperation set up under the recent EU initiative (EDF).<br><br>European inter-state cooperation remains by far the most important in financial terms and can be very fruitful (cost reduction, increased interoperability of European forces, etc.). However, they require a convergence of operational needs between countries and a shared desire for a certain level of strategic autonomy and sovereignty. Unfortunately, the country that most shares this objective with France has just left the European Union.<br><br>The stated objectives of the EDF are to support the European DTIB in terms of technology, to support Member States in financing the development of major strategic capabilities in Europe, and to help build European champions capable of competing on the world stage. Unfortunately, some of the EDF's recent decisions do not seem to be heading in this direction, but rather in the direction of developing internal European competition, which the size of the European market generally does not allow, or even in a policy of spreading the budget too thinly, which risks proving fruitless.<\/li><\/ul>\n\n\n\n<p><\/p>\n\n\n\n<p><\/p>\n\n\n\n<p><\/p>","protected":false},"excerpt":{"rendered":"<p>Olivier Martin, Pr\u00e9sident du Comit\u00e9 de Pilotage de la Chaire, a \u00e9t\u00e9 invit\u00e9 \u00e0 s&rsquo;exprimer dans le cadre de la conf\u00e9rence de rentr\u00e9e du GICAT, organis\u00e9e ce mercredi 5 octobre au CNAM. Dans le cadre de la table-ronde intitul\u00e9e \u00ab\u00a0En cette p\u00e9riode de crise et de transformations, comment adapter notre mod\u00e8le industriel ?\u00a0\u00bb, il a [&hellip;]<\/p>\n","protected":false},"author":2,"featured_media":6679,"comment_status":"open","ping_status":"open","sticky":false,"template":"","format":"standard","meta":{"footnotes":""},"categories":[34,356],"tags":[162,47,566,149,595,417],"class_list":{"0":"post-6678","1":"post","2":"type-post","3":"status-publish","4":"format-standard","5":"has-post-thumbnail","7":"category-activites","8":"category-activites-participation-de-la-chaire-a-un-evenement","9":"tag-chaire-economie-de-defense","10":"tag-economie-de-defense","11":"tag-gicat","12":"tag-industrie-de-defense","13":"tag-modele-industriel","14":"tag-olivier-martin"},"yoast_head":"<!-- This site is optimized with the Yoast SEO plugin v27.4 - https:\/\/yoast.com\/product\/yoast-seo-wordpress\/ -->\n<title>Intervention d&#039;Olivier Martin \u00e0 la conf\u00e9rence de rentr\u00e9e du GICAT (CNAM, le 5 octobre 2022) - Chaire \u00c9conomie de d\u00e9fense - IHEDN<\/title>\n<meta name=\"robots\" content=\"index, follow, max-snippet:-1, max-image-preview:large, max-video-preview:-1\" \/>\n<link rel=\"canonical\" href=\"https:\/\/ecodef-ihedn.fr\/en\/intervention-dolivier-martin-a-la-conference-de-rentree-du-gicat\/\" \/>\n<meta property=\"og:locale\" content=\"en_GB\" \/>\n<meta property=\"og:type\" content=\"article\" \/>\n<meta property=\"og:title\" content=\"Intervention d&#039;Olivier Martin \u00e0 la conf\u00e9rence de rentr\u00e9e du GICAT (CNAM, le 5 octobre 2022) - Chaire \u00c9conomie de d\u00e9fense - IHEDN\" \/>\n<meta property=\"og:description\" content=\"Olivier Martin, Pr\u00e9sident du Comit\u00e9 de Pilotage de la Chaire, a \u00e9t\u00e9 invit\u00e9 \u00e0 s&rsquo;exprimer dans le cadre de la conf\u00e9rence de rentr\u00e9e du GICAT, organis\u00e9e ce mercredi 5 octobre au CNAM. Dans le cadre de la table-ronde intitul\u00e9e \u00ab\u00a0En cette p\u00e9riode de crise et de transformations, comment adapter notre mod\u00e8le industriel ?\u00a0\u00bb, il a [&hellip;]\" \/>\n<meta property=\"og:url\" content=\"https:\/\/ecodef-ihedn.fr\/en\/intervention-dolivier-martin-a-la-conference-de-rentree-du-gicat\/\" \/>\n<meta property=\"og:site_name\" content=\"Chaire \u00c9conomie de d\u00e9fense - IHEDN\" \/>\n<meta property=\"article:published_time\" content=\"2022-10-06T18:31:00+00:00\" \/>\n<meta property=\"article:modified_time\" content=\"2022-10-07T12:00:36+00:00\" \/>\n<meta property=\"og:image\" content=\"https:\/\/ecodef-ihedn.fr\/wp-content\/uploads\/2022\/10\/1665049676061.jpg\" \/>\n\t<meta property=\"og:image:width\" content=\"720\" \/>\n\t<meta property=\"og:image:height\" content=\"360\" \/>\n\t<meta property=\"og:image:type\" content=\"image\/jpeg\" \/>\n<meta name=\"author\" content=\"Bertrand Demandre\" \/>\n<meta name=\"twitter:card\" content=\"summary_large_image\" \/>\n<meta name=\"twitter:creator\" content=\"@Chaire_Ecodef\" \/>\n<meta name=\"twitter:site\" content=\"@Chaire_Ecodef\" \/>\n<meta name=\"twitter:label1\" content=\"Written by\" \/>\n\t<meta name=\"twitter:data1\" content=\"Bertrand Demandre\" \/>\n\t<meta name=\"twitter:label2\" content=\"Estimated reading time\" \/>\n\t<meta name=\"twitter:data2\" content=\"3 minutes\" \/>\n<script type=\"application\/ld+json\" class=\"yoast-schema-graph\">{\"@context\":\"https:\\\/\\\/schema.org\",\"@graph\":[{\"@type\":\"Article\",\"@id\":\"https:\\\/\\\/ecodef-ihedn.fr\\\/intervention-dolivier-martin-a-la-conference-de-rentree-du-gicat\\\/#article\",\"isPartOf\":{\"@id\":\"https:\\\/\\\/ecodef-ihedn.fr\\\/intervention-dolivier-martin-a-la-conference-de-rentree-du-gicat\\\/\"},\"author\":{\"name\":\"Bertrand Demandre\",\"@id\":\"https:\\\/\\\/ecodef-ihedn.fr\\\/#\\\/schema\\\/person\\\/1cdf22d028cebe278126a6e07a884d30\"},\"headline\":\"Intervention d&rsquo;Olivier Martin \u00e0 la conf\u00e9rence de rentr\u00e9e du GICAT (CNAM, le 5 octobre 2022)\",\"datePublished\":\"2022-10-06T18:31:00+00:00\",\"dateModified\":\"2022-10-07T12:00:36+00:00\",\"mainEntityOfPage\":{\"@id\":\"https:\\\/\\\/ecodef-ihedn.fr\\\/intervention-dolivier-martin-a-la-conference-de-rentree-du-gicat\\\/\"},\"wordCount\":505,\"commentCount\":0,\"publisher\":{\"@id\":\"https:\\\/\\\/ecodef-ihedn.fr\\\/#organization\"},\"image\":{\"@id\":\"https:\\\/\\\/ecodef-ihedn.fr\\\/intervention-dolivier-martin-a-la-conference-de-rentree-du-gicat\\\/#primaryimage\"},\"thumbnailUrl\":\"https:\\\/\\\/ecodef-ihedn.fr\\\/wp-content\\\/uploads\\\/2022\\\/10\\\/1665049676061.jpg\",\"keywords\":[\"chaire \u00e9conomie de d\u00e9fense\",\"\u00e9conomie de d\u00e9fense\",\"GICAT\",\"industrie de d\u00e9fense\",\"mod\u00e8le industriel\",\"Olivier Martin\"],\"articleSection\":[\"Activit\u00e9s\",\"Activit\u00e9s : participation de la Chaire \u00e0 un \u00e9v\u00e9nement\"],\"inLanguage\":\"en-GB\",\"potentialAction\":[{\"@type\":\"CommentAction\",\"name\":\"Comment\",\"target\":[\"https:\\\/\\\/ecodef-ihedn.fr\\\/intervention-dolivier-martin-a-la-conference-de-rentree-du-gicat\\\/#respond\"]}]},{\"@type\":\"WebPage\",\"@id\":\"https:\\\/\\\/ecodef-ihedn.fr\\\/intervention-dolivier-martin-a-la-conference-de-rentree-du-gicat\\\/\",\"url\":\"https:\\\/\\\/ecodef-ihedn.fr\\\/intervention-dolivier-martin-a-la-conference-de-rentree-du-gicat\\\/\",\"name\":\"Intervention d'Olivier Martin \u00e0 la conf\u00e9rence de rentr\u00e9e du GICAT (CNAM, le 5 octobre 2022) - Chaire \u00c9conomie de d\u00e9fense - IHEDN\",\"isPartOf\":{\"@id\":\"https:\\\/\\\/ecodef-ihedn.fr\\\/#website\"},\"primaryImageOfPage\":{\"@id\":\"https:\\\/\\\/ecodef-ihedn.fr\\\/intervention-dolivier-martin-a-la-conference-de-rentree-du-gicat\\\/#primaryimage\"},\"image\":{\"@id\":\"https:\\\/\\\/ecodef-ihedn.fr\\\/intervention-dolivier-martin-a-la-conference-de-rentree-du-gicat\\\/#primaryimage\"},\"thumbnailUrl\":\"https:\\\/\\\/ecodef-ihedn.fr\\\/wp-content\\\/uploads\\\/2022\\\/10\\\/1665049676061.jpg\",\"datePublished\":\"2022-10-06T18:31:00+00:00\",\"dateModified\":\"2022-10-07T12:00:36+00:00\",\"breadcrumb\":{\"@id\":\"https:\\\/\\\/ecodef-ihedn.fr\\\/intervention-dolivier-martin-a-la-conference-de-rentree-du-gicat\\\/#breadcrumb\"},\"inLanguage\":\"en-GB\",\"potentialAction\":[{\"@type\":\"ReadAction\",\"target\":[\"https:\\\/\\\/ecodef-ihedn.fr\\\/intervention-dolivier-martin-a-la-conference-de-rentree-du-gicat\\\/\"]}]},{\"@type\":\"ImageObject\",\"inLanguage\":\"en-GB\",\"@id\":\"https:\\\/\\\/ecodef-ihedn.fr\\\/intervention-dolivier-martin-a-la-conference-de-rentree-du-gicat\\\/#primaryimage\",\"url\":\"https:\\\/\\\/ecodef-ihedn.fr\\\/wp-content\\\/uploads\\\/2022\\\/10\\\/1665049676061.jpg\",\"contentUrl\":\"https:\\\/\\\/ecodef-ihedn.fr\\\/wp-content\\\/uploads\\\/2022\\\/10\\\/1665049676061.jpg\",\"width\":720,\"height\":360},{\"@type\":\"BreadcrumbList\",\"@id\":\"https:\\\/\\\/ecodef-ihedn.fr\\\/intervention-dolivier-martin-a-la-conference-de-rentree-du-gicat\\\/#breadcrumb\",\"itemListElement\":[{\"@type\":\"ListItem\",\"position\":1,\"name\":\"Accueil\",\"item\":\"https:\\\/\\\/ecodef-ihedn.fr\\\/\"},{\"@type\":\"ListItem\",\"position\":2,\"name\":\"Intervention d&#8217;Olivier Martin \u00e0 la conf\u00e9rence de rentr\u00e9e du GICAT (CNAM, le 5 octobre 2022)\"}]},{\"@type\":\"WebSite\",\"@id\":\"https:\\\/\\\/ecodef-ihedn.fr\\\/#website\",\"url\":\"https:\\\/\\\/ecodef-ihedn.fr\\\/\",\"name\":\"Chaire \u00c9conomie de D\u00e9fense - IHEDN\",\"description\":\"Produire &amp; soutenir, f\u00e9d\u00e9rer &amp; diffuser, \u00eatre une interface\",\"publisher\":{\"@id\":\"https:\\\/\\\/ecodef-ihedn.fr\\\/#organization\"},\"potentialAction\":[{\"@type\":\"SearchAction\",\"target\":{\"@type\":\"EntryPoint\",\"urlTemplate\":\"https:\\\/\\\/ecodef-ihedn.fr\\\/?s={search_term_string}\"},\"query-input\":{\"@type\":\"PropertyValueSpecification\",\"valueRequired\":true,\"valueName\":\"search_term_string\"}}],\"inLanguage\":\"en-GB\"},{\"@type\":\"Organization\",\"@id\":\"https:\\\/\\\/ecodef-ihedn.fr\\\/#organization\",\"name\":\"Chaire \u00c9conomie de d\u00e9fense - IHEDN\",\"url\":\"https:\\\/\\\/ecodef-ihedn.fr\\\/\",\"logo\":{\"@type\":\"ImageObject\",\"inLanguage\":\"en-GB\",\"@id\":\"https:\\\/\\\/ecodef-ihedn.fr\\\/#\\\/schema\\\/logo\\\/image\\\/\",\"url\":\"https:\\\/\\\/ecodef-ihedn.fr\\\/wp-content\\\/uploads\\\/2020\\\/04\\\/logoEcodef9.jpg\",\"contentUrl\":\"https:\\\/\\\/ecodef-ihedn.fr\\\/wp-content\\\/uploads\\\/2020\\\/04\\\/logoEcodef9.jpg\",\"width\":410,\"height\":212,\"caption\":\"Chaire \u00c9conomie de d\u00e9fense - IHEDN\"},\"image\":{\"@id\":\"https:\\\/\\\/ecodef-ihedn.fr\\\/#\\\/schema\\\/logo\\\/image\\\/\"},\"sameAs\":[\"https:\\\/\\\/x.com\\\/Chaire_Ecodef\",\"https:\\\/\\\/www.linkedin.com\\\/company\\\/chaire-ecodef-ihedn\\\/\"]},{\"@type\":\"Person\",\"@id\":\"https:\\\/\\\/ecodef-ihedn.fr\\\/#\\\/schema\\\/person\\\/1cdf22d028cebe278126a6e07a884d30\",\"name\":\"Bertrand Demandre\",\"image\":{\"@type\":\"ImageObject\",\"inLanguage\":\"en-GB\",\"@id\":\"https:\\\/\\\/secure.gravatar.com\\\/avatar\\\/d9c9746d6c900ab5b9c0f9b1fa3932e369da923da247d624b8f7ab4ba8a3c093?s=96&d=mm&r=g\",\"url\":\"https:\\\/\\\/secure.gravatar.com\\\/avatar\\\/d9c9746d6c900ab5b9c0f9b1fa3932e369da923da247d624b8f7ab4ba8a3c093?s=96&d=mm&r=g\",\"contentUrl\":\"https:\\\/\\\/secure.gravatar.com\\\/avatar\\\/d9c9746d6c900ab5b9c0f9b1fa3932e369da923da247d624b8f7ab4ba8a3c093?s=96&d=mm&r=g\",\"caption\":\"Bertrand Demandre\"},\"url\":\"https:\\\/\\\/ecodef-ihedn.fr\\\/en\\\/author\\\/bertrand\\\/\"}]}<\/script>\n<!-- \/ Yoast SEO plugin. -->","yoast_head_json":{"title":"Intervention d'Olivier Martin \u00e0 la conf\u00e9rence de rentr\u00e9e du GICAT (CNAM, le 5 octobre 2022) - Chaire \u00c9conomie de d\u00e9fense - IHEDN","robots":{"index":"index","follow":"follow","max-snippet":"max-snippet:-1","max-image-preview":"max-image-preview:large","max-video-preview":"max-video-preview:-1"},"canonical":"https:\/\/ecodef-ihedn.fr\/en\/intervention-dolivier-martin-a-la-conference-de-rentree-du-gicat\/","og_locale":"en_GB","og_type":"article","og_title":"Intervention d'Olivier Martin \u00e0 la conf\u00e9rence de rentr\u00e9e du GICAT (CNAM, le 5 octobre 2022) - Chaire \u00c9conomie de d\u00e9fense - IHEDN","og_description":"Olivier Martin, Pr\u00e9sident du Comit\u00e9 de Pilotage de la Chaire, a \u00e9t\u00e9 invit\u00e9 \u00e0 s&rsquo;exprimer dans le cadre de la conf\u00e9rence de rentr\u00e9e du GICAT, organis\u00e9e ce mercredi 5 octobre au CNAM. Dans le cadre de la table-ronde intitul\u00e9e \u00ab\u00a0En cette p\u00e9riode de crise et de transformations, comment adapter notre mod\u00e8le industriel ?\u00a0\u00bb, il a [&hellip;]","og_url":"https:\/\/ecodef-ihedn.fr\/en\/intervention-dolivier-martin-a-la-conference-de-rentree-du-gicat\/","og_site_name":"Chaire \u00c9conomie de d\u00e9fense - IHEDN","article_published_time":"2022-10-06T18:31:00+00:00","article_modified_time":"2022-10-07T12:00:36+00:00","og_image":[{"width":720,"height":360,"url":"https:\/\/ecodef-ihedn.fr\/wp-content\/uploads\/2022\/10\/1665049676061.jpg","type":"image\/jpeg"}],"author":"Bertrand Demandre","twitter_card":"summary_large_image","twitter_creator":"@Chaire_Ecodef","twitter_site":"@Chaire_Ecodef","twitter_misc":{"Written by":"Bertrand Demandre","Estimated reading time":"3 minutes"},"schema":{"@context":"https:\/\/schema.org","@graph":[{"@type":"Article","@id":"https:\/\/ecodef-ihedn.fr\/intervention-dolivier-martin-a-la-conference-de-rentree-du-gicat\/#article","isPartOf":{"@id":"https:\/\/ecodef-ihedn.fr\/intervention-dolivier-martin-a-la-conference-de-rentree-du-gicat\/"},"author":{"name":"Bertrand Demandre","@id":"https:\/\/ecodef-ihedn.fr\/#\/schema\/person\/1cdf22d028cebe278126a6e07a884d30"},"headline":"Intervention d&rsquo;Olivier Martin \u00e0 la conf\u00e9rence de rentr\u00e9e du GICAT (CNAM, le 5 octobre 2022)","datePublished":"2022-10-06T18:31:00+00:00","dateModified":"2022-10-07T12:00:36+00:00","mainEntityOfPage":{"@id":"https:\/\/ecodef-ihedn.fr\/intervention-dolivier-martin-a-la-conference-de-rentree-du-gicat\/"},"wordCount":505,"commentCount":0,"publisher":{"@id":"https:\/\/ecodef-ihedn.fr\/#organization"},"image":{"@id":"https:\/\/ecodef-ihedn.fr\/intervention-dolivier-martin-a-la-conference-de-rentree-du-gicat\/#primaryimage"},"thumbnailUrl":"https:\/\/ecodef-ihedn.fr\/wp-content\/uploads\/2022\/10\/1665049676061.jpg","keywords":["chaire \u00e9conomie de d\u00e9fense","\u00e9conomie de d\u00e9fense","GICAT","industrie de d\u00e9fense","mod\u00e8le industriel","Olivier Martin"],"articleSection":["Activit\u00e9s","Activit\u00e9s : participation de la Chaire \u00e0 un \u00e9v\u00e9nement"],"inLanguage":"en-GB","potentialAction":[{"@type":"CommentAction","name":"Comment","target":["https:\/\/ecodef-ihedn.fr\/intervention-dolivier-martin-a-la-conference-de-rentree-du-gicat\/#respond"]}]},{"@type":"WebPage","@id":"https:\/\/ecodef-ihedn.fr\/intervention-dolivier-martin-a-la-conference-de-rentree-du-gicat\/","url":"https:\/\/ecodef-ihedn.fr\/intervention-dolivier-martin-a-la-conference-de-rentree-du-gicat\/","name":"Intervention d'Olivier Martin \u00e0 la conf\u00e9rence de rentr\u00e9e du GICAT (CNAM, le 5 octobre 2022) - Chaire \u00c9conomie de d\u00e9fense - IHEDN","isPartOf":{"@id":"https:\/\/ecodef-ihedn.fr\/#website"},"primaryImageOfPage":{"@id":"https:\/\/ecodef-ihedn.fr\/intervention-dolivier-martin-a-la-conference-de-rentree-du-gicat\/#primaryimage"},"image":{"@id":"https:\/\/ecodef-ihedn.fr\/intervention-dolivier-martin-a-la-conference-de-rentree-du-gicat\/#primaryimage"},"thumbnailUrl":"https:\/\/ecodef-ihedn.fr\/wp-content\/uploads\/2022\/10\/1665049676061.jpg","datePublished":"2022-10-06T18:31:00+00:00","dateModified":"2022-10-07T12:00:36+00:00","breadcrumb":{"@id":"https:\/\/ecodef-ihedn.fr\/intervention-dolivier-martin-a-la-conference-de-rentree-du-gicat\/#breadcrumb"},"inLanguage":"en-GB","potentialAction":[{"@type":"ReadAction","target":["https:\/\/ecodef-ihedn.fr\/intervention-dolivier-martin-a-la-conference-de-rentree-du-gicat\/"]}]},{"@type":"ImageObject","inLanguage":"en-GB","@id":"https:\/\/ecodef-ihedn.fr\/intervention-dolivier-martin-a-la-conference-de-rentree-du-gicat\/#primaryimage","url":"https:\/\/ecodef-ihedn.fr\/wp-content\/uploads\/2022\/10\/1665049676061.jpg","contentUrl":"https:\/\/ecodef-ihedn.fr\/wp-content\/uploads\/2022\/10\/1665049676061.jpg","width":720,"height":360},{"@type":"BreadcrumbList","@id":"https:\/\/ecodef-ihedn.fr\/intervention-dolivier-martin-a-la-conference-de-rentree-du-gicat\/#breadcrumb","itemListElement":[{"@type":"ListItem","position":1,"name":"Accueil","item":"https:\/\/ecodef-ihedn.fr\/"},{"@type":"ListItem","position":2,"name":"Intervention d&#8217;Olivier Martin \u00e0 la conf\u00e9rence de rentr\u00e9e du GICAT (CNAM, le 5 octobre 2022)"}]},{"@type":"WebSite","@id":"https:\/\/ecodef-ihedn.fr\/#website","url":"https:\/\/ecodef-ihedn.fr\/","name":"Chair in Defence Economics - IHEDN","description":"Produce &amp; support, federate &amp; disseminate, act as an interface","publisher":{"@id":"https:\/\/ecodef-ihedn.fr\/#organization"},"potentialAction":[{"@type":"SearchAction","target":{"@type":"EntryPoint","urlTemplate":"https:\/\/ecodef-ihedn.fr\/?s={search_term_string}"},"query-input":{"@type":"PropertyValueSpecification","valueRequired":true,"valueName":"search_term_string"}}],"inLanguage":"en-GB"},{"@type":"Organization","@id":"https:\/\/ecodef-ihedn.fr\/#organization","name":"Chair in Defence Economics - IHEDN","url":"https:\/\/ecodef-ihedn.fr\/","logo":{"@type":"ImageObject","inLanguage":"en-GB","@id":"https:\/\/ecodef-ihedn.fr\/#\/schema\/logo\/image\/","url":"https:\/\/ecodef-ihedn.fr\/wp-content\/uploads\/2020\/04\/logoEcodef9.jpg","contentUrl":"https:\/\/ecodef-ihedn.fr\/wp-content\/uploads\/2020\/04\/logoEcodef9.jpg","width":410,"height":212,"caption":"Chaire \u00c9conomie de d\u00e9fense - IHEDN"},"image":{"@id":"https:\/\/ecodef-ihedn.fr\/#\/schema\/logo\/image\/"},"sameAs":["https:\/\/x.com\/Chaire_Ecodef","https:\/\/www.linkedin.com\/company\/chaire-ecodef-ihedn\/"]},{"@type":"Person","@id":"https:\/\/ecodef-ihedn.fr\/#\/schema\/person\/1cdf22d028cebe278126a6e07a884d30","name":"Bertrand Demandre","image":{"@type":"ImageObject","inLanguage":"en-GB","@id":"https:\/\/secure.gravatar.com\/avatar\/d9c9746d6c900ab5b9c0f9b1fa3932e369da923da247d624b8f7ab4ba8a3c093?s=96&d=mm&r=g","url":"https:\/\/secure.gravatar.com\/avatar\/d9c9746d6c900ab5b9c0f9b1fa3932e369da923da247d624b8f7ab4ba8a3c093?s=96&d=mm&r=g","contentUrl":"https:\/\/secure.gravatar.com\/avatar\/d9c9746d6c900ab5b9c0f9b1fa3932e369da923da247d624b8f7ab4ba8a3c093?s=96&d=mm&r=g","caption":"Bertrand Demandre"},"url":"https:\/\/ecodef-ihedn.fr\/en\/author\/bertrand\/"}]}},"_links":{"self":[{"href":"https:\/\/ecodef-ihedn.fr\/en\/wp-json\/wp\/v2\/posts\/6678","targetHints":{"allow":["GET"]}}],"collection":[{"href":"https:\/\/ecodef-ihedn.fr\/en\/wp-json\/wp\/v2\/posts"}],"about":[{"href":"https:\/\/ecodef-ihedn.fr\/en\/wp-json\/wp\/v2\/types\/post"}],"author":[{"embeddable":true,"href":"https:\/\/ecodef-ihedn.fr\/en\/wp-json\/wp\/v2\/users\/2"}],"replies":[{"embeddable":true,"href":"https:\/\/ecodef-ihedn.fr\/en\/wp-json\/wp\/v2\/comments?post=6678"}],"version-history":[{"count":8,"href":"https:\/\/ecodef-ihedn.fr\/en\/wp-json\/wp\/v2\/posts\/6678\/revisions"}],"predecessor-version":[{"id":6689,"href":"https:\/\/ecodef-ihedn.fr\/en\/wp-json\/wp\/v2\/posts\/6678\/revisions\/6689"}],"wp:featuredmedia":[{"embeddable":true,"href":"https:\/\/ecodef-ihedn.fr\/en\/wp-json\/wp\/v2\/media\/6679"}],"wp:attachment":[{"href":"https:\/\/ecodef-ihedn.fr\/en\/wp-json\/wp\/v2\/media?parent=6678"}],"wp:term":[{"taxonomy":"category","embeddable":true,"href":"https:\/\/ecodef-ihedn.fr\/en\/wp-json\/wp\/v2\/categories?post=6678"},{"taxonomy":"post_tag","embeddable":true,"href":"https:\/\/ecodef-ihedn.fr\/en\/wp-json\/wp\/v2\/tags?post=6678"}],"curies":[{"name":"wp","href":"https:\/\/api.w.org\/{rel}","templated":true}]}}