{"id":6782,"date":"2022-10-10T07:57:00","date_gmt":"2022-10-10T07:57:00","guid":{"rendered":"https:\/\/ecodef-ihedn.fr\/?p=6782"},"modified":"2022-10-20T08:44:28","modified_gmt":"2022-10-20T08:44:28","slug":"participation-de-camille-laville-au-colloque-meta-analysis-of-economics-research-maer-2022-kyoto-japon","status":"publish","type":"post","link":"https:\/\/ecodef-ihedn.fr\/en\/participation-de-camille-laville-au-colloque-meta-analysis-of-economics-research-maer-2022-kyoto-japon\/","title":{"rendered":"Camille Laville at the Meta-Analysis of Economics Research (MAER) 2022 conference (Kyoto, Japan)"},"content":{"rendered":"<p>Camille Laville, a researcher at the Chair, took part in the <a href=\"https:\/\/www.maer-net.org\/2022-kyoto\" target=\"_blank\" rel=\"noreferrer noopener\">conference organised by the <em>Meta-Analysis of Economics Research Network (MAER-Net)<\/em> 7 and 8 October 2022 in Kyoto (Japan)<\/a>.<\/p>\n\n\n<div class=\"wp-block-image\">\n<figure class=\"aligncenter size-large is-resized\"><img loading=\"lazy\" decoding=\"async\" src=\"https:\/\/ecodef-ihedn.fr\/wp-content\/uploads\/2022\/10\/Camille-Kyoto-1024x682.jpg\" alt=\"\" class=\"wp-image-6783\" width=\"768\" height=\"512\" srcset=\"https:\/\/ecodef-ihedn.fr\/wp-content\/uploads\/2022\/10\/Camille-Kyoto-1024x682.jpg 1024w, https:\/\/ecodef-ihedn.fr\/wp-content\/uploads\/2022\/10\/Camille-Kyoto-300x200.jpg 300w, https:\/\/ecodef-ihedn.fr\/wp-content\/uploads\/2022\/10\/Camille-Kyoto-768x512.jpg 768w, https:\/\/ecodef-ihedn.fr\/wp-content\/uploads\/2022\/10\/Camille-Kyoto-696x464.jpg 696w, https:\/\/ecodef-ihedn.fr\/wp-content\/uploads\/2022\/10\/Camille-Kyoto-1068x712.jpg 1068w, https:\/\/ecodef-ihedn.fr\/wp-content\/uploads\/2022\/10\/Camille-Kyoto-630x420.jpg 630w, https:\/\/ecodef-ihedn.fr\/wp-content\/uploads\/2022\/10\/Camille-Kyoto.jpg 1166w\" sizes=\"auto, (max-width: 768px) 100vw, 768px\" \/><figcaption>Camille Laville at MAER 2022 (Kyoto, Japan)<\/figcaption><\/figure>\n<\/div>\n\n\n<p>The event brought together <strong>thirty researchers<\/strong> from all over the world: Australia, Belgium, Czech Republic, France, Germany, Japan, New Zealand, Spain, United Kingdom and United States.<\/p>\n\n\n\n<p>MAER-Net is an international network of researchers involved in the\u2019<strong>improving economics through meta-analysis<\/strong>. Its aim is to serve as a <strong>clearing house for meta-analysis and economics research<\/strong> and to improve communication between researchers in this rapidly expanding field.<\/p>\n\n\n\n<p>Camille presented the article \u00abInternal Conflicts and Shocks. A Narrative Meta-Analysis\u00bb, co-authored with Pierre Mandon. This study questions the <strong>presence of publication bias in research on the link between internal conflicts and income shocks<\/strong> linked to climate change, natural resource endowments and international prices.<\/p>","protected":false},"excerpt":{"rendered":"<p>Camille Laville, Chercheuse \u00e0 la Chaire, a particip\u00e9 au colloque organis\u00e9 par le Meta-Analysis of Economics Research Network (MAER-Net) les 7 et 8 octobre 2022 \u00e0 Kyoto (Japon). Cet \u00e9v\u00e9nement a r\u00e9uni une trentaine de chercheurs venus de divers horizons : Allemagne, Australie, Belgique, Espagne, Etats-Unis, France, Japon, Nouvelle-Z\u00e9lande, R\u00e9publique Tch\u00e8que, Royaume-Uni. MAER-Net est un [&hellip;]<\/p>\n","protected":false},"author":2,"featured_media":6799,"comment_status":"open","ping_status":"open","sticky":false,"template":"","format":"standard","meta":{"footnotes":""},"categories":[34,356],"tags":[579,37,597,598,318],"class_list":{"0":"post-6782","1":"post","2":"type-post","3":"status-publish","4":"format-standard","5":"has-post-thumbnail","7":"category-activites","8":"category-activites-participation-de-la-chaire-a-un-evenement","9":"tag-camille-laville","10":"tag-economie","11":"tag-maer","12":"tag-meta-analyse","13":"tag-theorie-des-conflits"},"yoast_head":"<!-- This site is optimized with the Yoast SEO plugin v27.4 - https:\/\/yoast.com\/product\/yoast-seo-wordpress\/ -->\n<title>Participation de Camille Laville au colloque Meta-Analysis of Economics Research (MAER) 2022 (Kyoto, Japon) - Chaire \u00c9conomie de d\u00e9fense - IHEDN<\/title>\n<meta name=\"robots\" content=\"index, follow, max-snippet:-1, max-image-preview:large, max-video-preview:-1\" \/>\n<link rel=\"canonical\" href=\"https:\/\/ecodef-ihedn.fr\/en\/participation-de-camille-laville-au-colloque-meta-analysis-of-economics-research-maer-2022-kyoto-japon\/\" \/>\n<meta property=\"og:locale\" content=\"en_GB\" \/>\n<meta property=\"og:type\" content=\"article\" \/>\n<meta property=\"og:title\" content=\"Participation de Camille Laville au colloque Meta-Analysis of Economics Research (MAER) 2022 (Kyoto, Japon) - Chaire \u00c9conomie de d\u00e9fense - IHEDN\" \/>\n<meta property=\"og:description\" content=\"Camille Laville, Chercheuse \u00e0 la Chaire, a particip\u00e9 au colloque organis\u00e9 par le Meta-Analysis of Economics Research Network (MAER-Net) les 7 et 8 octobre 2022 \u00e0 Kyoto (Japon). Cet \u00e9v\u00e9nement a r\u00e9uni une trentaine de chercheurs venus de divers horizons : Allemagne, Australie, Belgique, Espagne, Etats-Unis, France, Japon, Nouvelle-Z\u00e9lande, R\u00e9publique Tch\u00e8que, Royaume-Uni. MAER-Net est un [&hellip;]\" \/>\n<meta property=\"og:url\" content=\"https:\/\/ecodef-ihedn.fr\/en\/participation-de-camille-laville-au-colloque-meta-analysis-of-economics-research-maer-2022-kyoto-japon\/\" \/>\n<meta property=\"og:site_name\" content=\"Chaire \u00c9conomie de d\u00e9fense - IHEDN\" \/>\n<meta property=\"article:published_time\" content=\"2022-10-10T07:57:00+00:00\" \/>\n<meta property=\"article:modified_time\" content=\"2022-10-20T08:44:28+00:00\" \/>\n<meta property=\"og:image\" content=\"https:\/\/ecodef-ihedn.fr\/wp-content\/uploads\/2022\/10\/MAER-2022-KYOTO-7-5.png\" \/>\n\t<meta property=\"og:image:width\" content=\"1400\" \/>\n\t<meta property=\"og:image:height\" content=\"1000\" \/>\n\t<meta property=\"og:image:type\" content=\"image\/png\" \/>\n<meta name=\"author\" content=\"Bertrand Demandre\" \/>\n<meta name=\"twitter:card\" content=\"summary_large_image\" \/>\n<meta name=\"twitter:creator\" content=\"@Chaire_Ecodef\" \/>\n<meta name=\"twitter:site\" content=\"@Chaire_Ecodef\" \/>\n<meta name=\"twitter:label1\" content=\"Written by\" \/>\n\t<meta name=\"twitter:data1\" content=\"Bertrand Demandre\" \/>\n\t<meta name=\"twitter:label2\" content=\"Estimated reading time\" \/>\n\t<meta name=\"twitter:data2\" content=\"2 minutes\" \/>\n<script type=\"application\/ld+json\" class=\"yoast-schema-graph\">{\"@context\":\"https:\\\/\\\/schema.org\",\"@graph\":[{\"@type\":\"Article\",\"@id\":\"https:\\\/\\\/ecodef-ihedn.fr\\\/participation-de-camille-laville-au-colloque-meta-analysis-of-economics-research-maer-2022-kyoto-japon\\\/#article\",\"isPartOf\":{\"@id\":\"https:\\\/\\\/ecodef-ihedn.fr\\\/participation-de-camille-laville-au-colloque-meta-analysis-of-economics-research-maer-2022-kyoto-japon\\\/\"},\"author\":{\"name\":\"Bertrand Demandre\",\"@id\":\"https:\\\/\\\/ecodef-ihedn.fr\\\/#\\\/schema\\\/person\\\/1cdf22d028cebe278126a6e07a884d30\"},\"headline\":\"Participation de Camille Laville au colloque Meta-Analysis of Economics Research (MAER) 2022 (Kyoto, Japon)\",\"datePublished\":\"2022-10-10T07:57:00+00:00\",\"dateModified\":\"2022-10-20T08:44:28+00:00\",\"mainEntityOfPage\":{\"@id\":\"https:\\\/\\\/ecodef-ihedn.fr\\\/participation-de-camille-laville-au-colloque-meta-analysis-of-economics-research-maer-2022-kyoto-japon\\\/\"},\"wordCount\":185,\"commentCount\":0,\"publisher\":{\"@id\":\"https:\\\/\\\/ecodef-ihedn.fr\\\/#organization\"},\"image\":{\"@id\":\"https:\\\/\\\/ecodef-ihedn.fr\\\/participation-de-camille-laville-au-colloque-meta-analysis-of-economics-research-maer-2022-kyoto-japon\\\/#primaryimage\"},\"thumbnailUrl\":\"https:\\\/\\\/ecodef-ihedn.fr\\\/wp-content\\\/uploads\\\/2022\\\/10\\\/MAER-2022-KYOTO-7-5.png\",\"keywords\":[\"Camille Laville\",\"\u00e9conomie\",\"MAER\",\"m\u00e9ta-analyse\",\"th\u00e9orie des conflits\"],\"articleSection\":[\"Activit\u00e9s\",\"Activit\u00e9s : participation de la Chaire \u00e0 un \u00e9v\u00e9nement\"],\"inLanguage\":\"en-GB\",\"potentialAction\":[{\"@type\":\"CommentAction\",\"name\":\"Comment\",\"target\":[\"https:\\\/\\\/ecodef-ihedn.fr\\\/participation-de-camille-laville-au-colloque-meta-analysis-of-economics-research-maer-2022-kyoto-japon\\\/#respond\"]}]},{\"@type\":\"WebPage\",\"@id\":\"https:\\\/\\\/ecodef-ihedn.fr\\\/participation-de-camille-laville-au-colloque-meta-analysis-of-economics-research-maer-2022-kyoto-japon\\\/\",\"url\":\"https:\\\/\\\/ecodef-ihedn.fr\\\/participation-de-camille-laville-au-colloque-meta-analysis-of-economics-research-maer-2022-kyoto-japon\\\/\",\"name\":\"Participation de Camille Laville au colloque Meta-Analysis of Economics Research (MAER) 2022 (Kyoto, Japon) - Chaire \u00c9conomie de d\u00e9fense - IHEDN\",\"isPartOf\":{\"@id\":\"https:\\\/\\\/ecodef-ihedn.fr\\\/#website\"},\"primaryImageOfPage\":{\"@id\":\"https:\\\/\\\/ecodef-ihedn.fr\\\/participation-de-camille-laville-au-colloque-meta-analysis-of-economics-research-maer-2022-kyoto-japon\\\/#primaryimage\"},\"image\":{\"@id\":\"https:\\\/\\\/ecodef-ihedn.fr\\\/participation-de-camille-laville-au-colloque-meta-analysis-of-economics-research-maer-2022-kyoto-japon\\\/#primaryimage\"},\"thumbnailUrl\":\"https:\\\/\\\/ecodef-ihedn.fr\\\/wp-content\\\/uploads\\\/2022\\\/10\\\/MAER-2022-KYOTO-7-5.png\",\"datePublished\":\"2022-10-10T07:57:00+00:00\",\"dateModified\":\"2022-10-20T08:44:28+00:00\",\"breadcrumb\":{\"@id\":\"https:\\\/\\\/ecodef-ihedn.fr\\\/participation-de-camille-laville-au-colloque-meta-analysis-of-economics-research-maer-2022-kyoto-japon\\\/#breadcrumb\"},\"inLanguage\":\"en-GB\",\"potentialAction\":[{\"@type\":\"ReadAction\",\"target\":[\"https:\\\/\\\/ecodef-ihedn.fr\\\/participation-de-camille-laville-au-colloque-meta-analysis-of-economics-research-maer-2022-kyoto-japon\\\/\"]}]},{\"@type\":\"ImageObject\",\"inLanguage\":\"en-GB\",\"@id\":\"https:\\\/\\\/ecodef-ihedn.fr\\\/participation-de-camille-laville-au-colloque-meta-analysis-of-economics-research-maer-2022-kyoto-japon\\\/#primaryimage\",\"url\":\"https:\\\/\\\/ecodef-ihedn.fr\\\/wp-content\\\/uploads\\\/2022\\\/10\\\/MAER-2022-KYOTO-7-5.png\",\"contentUrl\":\"https:\\\/\\\/ecodef-ihedn.fr\\\/wp-content\\\/uploads\\\/2022\\\/10\\\/MAER-2022-KYOTO-7-5.png\",\"width\":1400,\"height\":1000},{\"@type\":\"BreadcrumbList\",\"@id\":\"https:\\\/\\\/ecodef-ihedn.fr\\\/participation-de-camille-laville-au-colloque-meta-analysis-of-economics-research-maer-2022-kyoto-japon\\\/#breadcrumb\",\"itemListElement\":[{\"@type\":\"ListItem\",\"position\":1,\"name\":\"Accueil\",\"item\":\"https:\\\/\\\/ecodef-ihedn.fr\\\/\"},{\"@type\":\"ListItem\",\"position\":2,\"name\":\"Participation de Camille Laville au colloque Meta-Analysis of Economics Research (MAER) 2022 (Kyoto, Japon)\"}]},{\"@type\":\"WebSite\",\"@id\":\"https:\\\/\\\/ecodef-ihedn.fr\\\/#website\",\"url\":\"https:\\\/\\\/ecodef-ihedn.fr\\\/\",\"name\":\"Chaire \u00c9conomie de D\u00e9fense - IHEDN\",\"description\":\"Produire &amp; soutenir, f\u00e9d\u00e9rer &amp; diffuser, \u00eatre une interface\",\"publisher\":{\"@id\":\"https:\\\/\\\/ecodef-ihedn.fr\\\/#organization\"},\"potentialAction\":[{\"@type\":\"SearchAction\",\"target\":{\"@type\":\"EntryPoint\",\"urlTemplate\":\"https:\\\/\\\/ecodef-ihedn.fr\\\/?s={search_term_string}\"},\"query-input\":{\"@type\":\"PropertyValueSpecification\",\"valueRequired\":true,\"valueName\":\"search_term_string\"}}],\"inLanguage\":\"en-GB\"},{\"@type\":\"Organization\",\"@id\":\"https:\\\/\\\/ecodef-ihedn.fr\\\/#organization\",\"name\":\"Chaire \u00c9conomie de d\u00e9fense - IHEDN\",\"url\":\"https:\\\/\\\/ecodef-ihedn.fr\\\/\",\"logo\":{\"@type\":\"ImageObject\",\"inLanguage\":\"en-GB\",\"@id\":\"https:\\\/\\\/ecodef-ihedn.fr\\\/#\\\/schema\\\/logo\\\/image\\\/\",\"url\":\"https:\\\/\\\/ecodef-ihedn.fr\\\/wp-content\\\/uploads\\\/2020\\\/04\\\/logoEcodef9.jpg\",\"contentUrl\":\"https:\\\/\\\/ecodef-ihedn.fr\\\/wp-content\\\/uploads\\\/2020\\\/04\\\/logoEcodef9.jpg\",\"width\":410,\"height\":212,\"caption\":\"Chaire \u00c9conomie de d\u00e9fense - IHEDN\"},\"image\":{\"@id\":\"https:\\\/\\\/ecodef-ihedn.fr\\\/#\\\/schema\\\/logo\\\/image\\\/\"},\"sameAs\":[\"https:\\\/\\\/x.com\\\/Chaire_Ecodef\",\"https:\\\/\\\/www.linkedin.com\\\/company\\\/chaire-ecodef-ihedn\\\/\"]},{\"@type\":\"Person\",\"@id\":\"https:\\\/\\\/ecodef-ihedn.fr\\\/#\\\/schema\\\/person\\\/1cdf22d028cebe278126a6e07a884d30\",\"name\":\"Bertrand Demandre\",\"image\":{\"@type\":\"ImageObject\",\"inLanguage\":\"en-GB\",\"@id\":\"https:\\\/\\\/secure.gravatar.com\\\/avatar\\\/d9c9746d6c900ab5b9c0f9b1fa3932e369da923da247d624b8f7ab4ba8a3c093?s=96&d=mm&r=g\",\"url\":\"https:\\\/\\\/secure.gravatar.com\\\/avatar\\\/d9c9746d6c900ab5b9c0f9b1fa3932e369da923da247d624b8f7ab4ba8a3c093?s=96&d=mm&r=g\",\"contentUrl\":\"https:\\\/\\\/secure.gravatar.com\\\/avatar\\\/d9c9746d6c900ab5b9c0f9b1fa3932e369da923da247d624b8f7ab4ba8a3c093?s=96&d=mm&r=g\",\"caption\":\"Bertrand Demandre\"},\"url\":\"https:\\\/\\\/ecodef-ihedn.fr\\\/en\\\/author\\\/bertrand\\\/\"}]}<\/script>\n<!-- \/ Yoast SEO plugin. -->","yoast_head_json":{"title":"Participation de Camille Laville au colloque Meta-Analysis of Economics Research (MAER) 2022 (Kyoto, Japon) - Chaire \u00c9conomie de d\u00e9fense - IHEDN","robots":{"index":"index","follow":"follow","max-snippet":"max-snippet:-1","max-image-preview":"max-image-preview:large","max-video-preview":"max-video-preview:-1"},"canonical":"https:\/\/ecodef-ihedn.fr\/en\/participation-de-camille-laville-au-colloque-meta-analysis-of-economics-research-maer-2022-kyoto-japon\/","og_locale":"en_GB","og_type":"article","og_title":"Participation de Camille Laville au colloque Meta-Analysis of Economics Research (MAER) 2022 (Kyoto, Japon) - Chaire \u00c9conomie de d\u00e9fense - IHEDN","og_description":"Camille Laville, Chercheuse \u00e0 la Chaire, a particip\u00e9 au colloque organis\u00e9 par le Meta-Analysis of Economics Research Network (MAER-Net) les 7 et 8 octobre 2022 \u00e0 Kyoto (Japon). Cet \u00e9v\u00e9nement a r\u00e9uni une trentaine de chercheurs venus de divers horizons : Allemagne, Australie, Belgique, Espagne, Etats-Unis, France, Japon, Nouvelle-Z\u00e9lande, R\u00e9publique Tch\u00e8que, Royaume-Uni. MAER-Net est un [&hellip;]","og_url":"https:\/\/ecodef-ihedn.fr\/en\/participation-de-camille-laville-au-colloque-meta-analysis-of-economics-research-maer-2022-kyoto-japon\/","og_site_name":"Chaire \u00c9conomie de d\u00e9fense - IHEDN","article_published_time":"2022-10-10T07:57:00+00:00","article_modified_time":"2022-10-20T08:44:28+00:00","og_image":[{"width":1400,"height":1000,"url":"https:\/\/ecodef-ihedn.fr\/wp-content\/uploads\/2022\/10\/MAER-2022-KYOTO-7-5.png","type":"image\/png"}],"author":"Bertrand Demandre","twitter_card":"summary_large_image","twitter_creator":"@Chaire_Ecodef","twitter_site":"@Chaire_Ecodef","twitter_misc":{"Written by":"Bertrand Demandre","Estimated reading time":"2 minutes"},"schema":{"@context":"https:\/\/schema.org","@graph":[{"@type":"Article","@id":"https:\/\/ecodef-ihedn.fr\/participation-de-camille-laville-au-colloque-meta-analysis-of-economics-research-maer-2022-kyoto-japon\/#article","isPartOf":{"@id":"https:\/\/ecodef-ihedn.fr\/participation-de-camille-laville-au-colloque-meta-analysis-of-economics-research-maer-2022-kyoto-japon\/"},"author":{"name":"Bertrand Demandre","@id":"https:\/\/ecodef-ihedn.fr\/#\/schema\/person\/1cdf22d028cebe278126a6e07a884d30"},"headline":"Participation de Camille Laville au colloque Meta-Analysis of Economics Research (MAER) 2022 (Kyoto, Japon)","datePublished":"2022-10-10T07:57:00+00:00","dateModified":"2022-10-20T08:44:28+00:00","mainEntityOfPage":{"@id":"https:\/\/ecodef-ihedn.fr\/participation-de-camille-laville-au-colloque-meta-analysis-of-economics-research-maer-2022-kyoto-japon\/"},"wordCount":185,"commentCount":0,"publisher":{"@id":"https:\/\/ecodef-ihedn.fr\/#organization"},"image":{"@id":"https:\/\/ecodef-ihedn.fr\/participation-de-camille-laville-au-colloque-meta-analysis-of-economics-research-maer-2022-kyoto-japon\/#primaryimage"},"thumbnailUrl":"https:\/\/ecodef-ihedn.fr\/wp-content\/uploads\/2022\/10\/MAER-2022-KYOTO-7-5.png","keywords":["Camille Laville","\u00e9conomie","MAER","m\u00e9ta-analyse","th\u00e9orie des conflits"],"articleSection":["Activit\u00e9s","Activit\u00e9s : participation de la Chaire \u00e0 un \u00e9v\u00e9nement"],"inLanguage":"en-GB","potentialAction":[{"@type":"CommentAction","name":"Comment","target":["https:\/\/ecodef-ihedn.fr\/participation-de-camille-laville-au-colloque-meta-analysis-of-economics-research-maer-2022-kyoto-japon\/#respond"]}]},{"@type":"WebPage","@id":"https:\/\/ecodef-ihedn.fr\/participation-de-camille-laville-au-colloque-meta-analysis-of-economics-research-maer-2022-kyoto-japon\/","url":"https:\/\/ecodef-ihedn.fr\/participation-de-camille-laville-au-colloque-meta-analysis-of-economics-research-maer-2022-kyoto-japon\/","name":"Participation de Camille Laville au colloque Meta-Analysis of Economics Research (MAER) 2022 (Kyoto, Japon) - Chaire \u00c9conomie de d\u00e9fense - IHEDN","isPartOf":{"@id":"https:\/\/ecodef-ihedn.fr\/#website"},"primaryImageOfPage":{"@id":"https:\/\/ecodef-ihedn.fr\/participation-de-camille-laville-au-colloque-meta-analysis-of-economics-research-maer-2022-kyoto-japon\/#primaryimage"},"image":{"@id":"https:\/\/ecodef-ihedn.fr\/participation-de-camille-laville-au-colloque-meta-analysis-of-economics-research-maer-2022-kyoto-japon\/#primaryimage"},"thumbnailUrl":"https:\/\/ecodef-ihedn.fr\/wp-content\/uploads\/2022\/10\/MAER-2022-KYOTO-7-5.png","datePublished":"2022-10-10T07:57:00+00:00","dateModified":"2022-10-20T08:44:28+00:00","breadcrumb":{"@id":"https:\/\/ecodef-ihedn.fr\/participation-de-camille-laville-au-colloque-meta-analysis-of-economics-research-maer-2022-kyoto-japon\/#breadcrumb"},"inLanguage":"en-GB","potentialAction":[{"@type":"ReadAction","target":["https:\/\/ecodef-ihedn.fr\/participation-de-camille-laville-au-colloque-meta-analysis-of-economics-research-maer-2022-kyoto-japon\/"]}]},{"@type":"ImageObject","inLanguage":"en-GB","@id":"https:\/\/ecodef-ihedn.fr\/participation-de-camille-laville-au-colloque-meta-analysis-of-economics-research-maer-2022-kyoto-japon\/#primaryimage","url":"https:\/\/ecodef-ihedn.fr\/wp-content\/uploads\/2022\/10\/MAER-2022-KYOTO-7-5.png","contentUrl":"https:\/\/ecodef-ihedn.fr\/wp-content\/uploads\/2022\/10\/MAER-2022-KYOTO-7-5.png","width":1400,"height":1000},{"@type":"BreadcrumbList","@id":"https:\/\/ecodef-ihedn.fr\/participation-de-camille-laville-au-colloque-meta-analysis-of-economics-research-maer-2022-kyoto-japon\/#breadcrumb","itemListElement":[{"@type":"ListItem","position":1,"name":"Accueil","item":"https:\/\/ecodef-ihedn.fr\/"},{"@type":"ListItem","position":2,"name":"Participation de Camille Laville au colloque Meta-Analysis of Economics Research (MAER) 2022 (Kyoto, Japon)"}]},{"@type":"WebSite","@id":"https:\/\/ecodef-ihedn.fr\/#website","url":"https:\/\/ecodef-ihedn.fr\/","name":"Chair in Defence Economics - IHEDN","description":"Produce &amp; support, federate &amp; disseminate, act as an interface","publisher":{"@id":"https:\/\/ecodef-ihedn.fr\/#organization"},"potentialAction":[{"@type":"SearchAction","target":{"@type":"EntryPoint","urlTemplate":"https:\/\/ecodef-ihedn.fr\/?s={search_term_string}"},"query-input":{"@type":"PropertyValueSpecification","valueRequired":true,"valueName":"search_term_string"}}],"inLanguage":"en-GB"},{"@type":"Organization","@id":"https:\/\/ecodef-ihedn.fr\/#organization","name":"Chair in Defence Economics - IHEDN","url":"https:\/\/ecodef-ihedn.fr\/","logo":{"@type":"ImageObject","inLanguage":"en-GB","@id":"https:\/\/ecodef-ihedn.fr\/#\/schema\/logo\/image\/","url":"https:\/\/ecodef-ihedn.fr\/wp-content\/uploads\/2020\/04\/logoEcodef9.jpg","contentUrl":"https:\/\/ecodef-ihedn.fr\/wp-content\/uploads\/2020\/04\/logoEcodef9.jpg","width":410,"height":212,"caption":"Chaire \u00c9conomie de d\u00e9fense - IHEDN"},"image":{"@id":"https:\/\/ecodef-ihedn.fr\/#\/schema\/logo\/image\/"},"sameAs":["https:\/\/x.com\/Chaire_Ecodef","https:\/\/www.linkedin.com\/company\/chaire-ecodef-ihedn\/"]},{"@type":"Person","@id":"https:\/\/ecodef-ihedn.fr\/#\/schema\/person\/1cdf22d028cebe278126a6e07a884d30","name":"Bertrand Demandre","image":{"@type":"ImageObject","inLanguage":"en-GB","@id":"https:\/\/secure.gravatar.com\/avatar\/d9c9746d6c900ab5b9c0f9b1fa3932e369da923da247d624b8f7ab4ba8a3c093?s=96&d=mm&r=g","url":"https:\/\/secure.gravatar.com\/avatar\/d9c9746d6c900ab5b9c0f9b1fa3932e369da923da247d624b8f7ab4ba8a3c093?s=96&d=mm&r=g","contentUrl":"https:\/\/secure.gravatar.com\/avatar\/d9c9746d6c900ab5b9c0f9b1fa3932e369da923da247d624b8f7ab4ba8a3c093?s=96&d=mm&r=g","caption":"Bertrand Demandre"},"url":"https:\/\/ecodef-ihedn.fr\/en\/author\/bertrand\/"}]}},"_links":{"self":[{"href":"https:\/\/ecodef-ihedn.fr\/en\/wp-json\/wp\/v2\/posts\/6782","targetHints":{"allow":["GET"]}}],"collection":[{"href":"https:\/\/ecodef-ihedn.fr\/en\/wp-json\/wp\/v2\/posts"}],"about":[{"href":"https:\/\/ecodef-ihedn.fr\/en\/wp-json\/wp\/v2\/types\/post"}],"author":[{"embeddable":true,"href":"https:\/\/ecodef-ihedn.fr\/en\/wp-json\/wp\/v2\/users\/2"}],"replies":[{"embeddable":true,"href":"https:\/\/ecodef-ihedn.fr\/en\/wp-json\/wp\/v2\/comments?post=6782"}],"version-history":[{"count":3,"href":"https:\/\/ecodef-ihedn.fr\/en\/wp-json\/wp\/v2\/posts\/6782\/revisions"}],"predecessor-version":[{"id":6788,"href":"https:\/\/ecodef-ihedn.fr\/en\/wp-json\/wp\/v2\/posts\/6782\/revisions\/6788"}],"wp:featuredmedia":[{"embeddable":true,"href":"https:\/\/ecodef-ihedn.fr\/en\/wp-json\/wp\/v2\/media\/6799"}],"wp:attachment":[{"href":"https:\/\/ecodef-ihedn.fr\/en\/wp-json\/wp\/v2\/media?parent=6782"}],"wp:term":[{"taxonomy":"category","embeddable":true,"href":"https:\/\/ecodef-ihedn.fr\/en\/wp-json\/wp\/v2\/categories?post=6782"},{"taxonomy":"post_tag","embeddable":true,"href":"https:\/\/ecodef-ihedn.fr\/en\/wp-json\/wp\/v2\/tags?post=6782"}],"curies":[{"name":"wp","href":"https:\/\/api.w.org\/{rel}","templated":true}]}}