{"id":6791,"date":"2022-10-18T08:17:00","date_gmt":"2022-10-18T08:17:00","guid":{"rendered":"https:\/\/ecodef-ihedn.fr\/?p=6791"},"modified":"2024-12-12T13:03:08","modified_gmt":"2024-12-12T13:03:08","slug":"le-sahel-synthese-des-defis-et-urgences-de-lafrique-particpation-de-camille-laville-au-webinaire-de-ligpsa","status":"publish","type":"post","link":"https:\/\/ecodef-ihedn.fr\/en\/le-sahel-synthese-des-defis-et-urgences-de-lafrique-particpation-de-camille-laville-au-webinaire-de-ligpsa\/","title":{"rendered":"\u00abThe Sahel, a synthesis of Africa's challenges and emergencies\u00bb: Camille Laville takes part in the IGPSA webinar"},"content":{"rendered":"<p>Camille Laville, Chair researcher, took part in the webinar <strong>\u201cThe Sahel, a synthesis of Africa's challenges and emergencies\u201d.\u201d<\/strong>, organised on 17 October by the\u2019<strong>Global Initiative for Peace and Security in Africa (GIPSA)<\/strong>.<\/p>\r\n\r\n\r\n<div class=\"wp-block-image\">\r\n<figure class=\"aligncenter size-full\"><img loading=\"lazy\" decoding=\"async\" width=\"240\" height=\"278\" class=\"wp-image-5597\" src=\"https:\/\/ecodef-ihedn.fr\/wp-content\/uploads\/2022\/07\/Camille_Laville.jpeg\" alt=\"\" \/>\r\n<figcaption>Camille Laville<\/figcaption>\r\n<\/figure>\r\n<\/div>\r\n\r\n\r\n<p>The discussions focused on\u2019<strong>impact of global crises on the Sahel<\/strong>. The juxtaposition of crises is having a considerable impact on the Sahel region, which is already weakened by the persistence of chronic insecurity and major inequalities in development. The region is therefore a veritable <strong>A laboratory of the challenges and urgent issues facing African states<\/strong> and their Western partners.<\/p>\r\n\r\n\r\n\r\n<p>Camille Laville gave her <strong>vision of the situation in the Sahel, summarising the challenges and urgent issues facing Africa<\/strong>, It is subject to local, regional and international pressures (endogenous and exogenous). \u00a0<\/p>","protected":false},"excerpt":{"rendered":"<p>Camille Laville, Chercheurse \u00e0 la Chaire, \u00e0 particip\u00e9 au webinaire \u201cLe Sahel, synth\u00e8se des d\u00e9fis et urgences de l\u2019Afrique\u201d, organis\u00e9 ce 17 octobre par l&rsquo;Initiative globale pour la paix et la s\u00e9curit\u00e9 en Afrique (IGPSA). Les \u00e9changes ont port\u00e9 sur l\u2019impact des crises globales sur le Sahel. La juxtaposition des crises impacte consid\u00e9rablement la zone [&hellip;]<\/p>\n","protected":false},"author":2,"featured_media":6796,"comment_status":"open","ping_status":"open","sticky":false,"template":"","format":"standard","meta":{"footnotes":""},"categories":[34,356],"tags":[580,579,583,599,455],"class_list":{"0":"post-6791","1":"post","2":"type-post","3":"status-publish","4":"format-standard","5":"has-post-thumbnail","7":"category-activites","8":"category-activites-participation-de-la-chaire-a-un-evenement","9":"tag-afrique","10":"tag-camille-laville","11":"tag-igpsa","12":"tag-sahel","13":"tag-webinaire"},"yoast_head":"<!-- This site is optimized with the Yoast SEO plugin v27.4 - https:\/\/yoast.com\/product\/yoast-seo-wordpress\/ -->\n<title>&quot;Le Sahel, synth\u00e8se des d\u00e9fis et urgences de l\u2019Afrique&quot; : particpation de Camille Laville au webinaire de l&#039;IGPSA - Chaire \u00c9conomie de d\u00e9fense - IHEDN<\/title>\n<meta name=\"robots\" content=\"index, follow, max-snippet:-1, max-image-preview:large, max-video-preview:-1\" \/>\n<link rel=\"canonical\" href=\"https:\/\/ecodef-ihedn.fr\/en\/le-sahel-synthese-des-defis-et-urgences-de-lafrique-particpation-de-camille-laville-au-webinaire-de-ligpsa\/\" \/>\n<meta property=\"og:locale\" content=\"en_GB\" \/>\n<meta property=\"og:type\" content=\"article\" \/>\n<meta property=\"og:title\" content=\"&quot;Le Sahel, synth\u00e8se des d\u00e9fis et urgences de l\u2019Afrique&quot; : particpation de Camille Laville au webinaire de l&#039;IGPSA - Chaire \u00c9conomie de d\u00e9fense - IHEDN\" \/>\n<meta property=\"og:description\" content=\"Camille Laville, Chercheurse \u00e0 la Chaire, \u00e0 particip\u00e9 au webinaire \u201cLe Sahel, synth\u00e8se des d\u00e9fis et urgences de l\u2019Afrique\u201d, organis\u00e9 ce 17 octobre par l&rsquo;Initiative globale pour la paix et la s\u00e9curit\u00e9 en Afrique (IGPSA). Les \u00e9changes ont port\u00e9 sur l\u2019impact des crises globales sur le Sahel. La juxtaposition des crises impacte consid\u00e9rablement la zone [&hellip;]\" \/>\n<meta property=\"og:url\" content=\"https:\/\/ecodef-ihedn.fr\/en\/le-sahel-synthese-des-defis-et-urgences-de-lafrique-particpation-de-camille-laville-au-webinaire-de-ligpsa\/\" \/>\n<meta property=\"og:site_name\" content=\"Chaire \u00c9conomie de d\u00e9fense - IHEDN\" \/>\n<meta property=\"article:published_time\" content=\"2022-10-18T08:17:00+00:00\" \/>\n<meta property=\"article:modified_time\" content=\"2024-12-12T13:03:08+00:00\" \/>\n<meta property=\"og:image\" content=\"https:\/\/ecodef-ihedn.fr\/wp-content\/uploads\/2022\/10\/webinaire-IGPSA-7-5.png\" \/>\n\t<meta property=\"og:image:width\" content=\"700\" \/>\n\t<meta property=\"og:image:height\" content=\"500\" \/>\n\t<meta property=\"og:image:type\" content=\"image\/png\" \/>\n<meta name=\"author\" content=\"Bertrand Demandre\" \/>\n<meta name=\"twitter:card\" content=\"summary_large_image\" \/>\n<meta name=\"twitter:creator\" content=\"@Chaire_Ecodef\" \/>\n<meta name=\"twitter:site\" content=\"@Chaire_Ecodef\" \/>\n<meta name=\"twitter:label1\" content=\"Written by\" \/>\n\t<meta name=\"twitter:data1\" content=\"Bertrand Demandre\" \/>\n\t<meta name=\"twitter:label2\" content=\"Estimated reading time\" \/>\n\t<meta name=\"twitter:data2\" content=\"2 minutes\" \/>\n<script type=\"application\/ld+json\" class=\"yoast-schema-graph\">{\"@context\":\"https:\\\/\\\/schema.org\",\"@graph\":[{\"@type\":\"Article\",\"@id\":\"https:\\\/\\\/ecodef-ihedn.fr\\\/le-sahel-synthese-des-defis-et-urgences-de-lafrique-particpation-de-camille-laville-au-webinaire-de-ligpsa\\\/#article\",\"isPartOf\":{\"@id\":\"https:\\\/\\\/ecodef-ihedn.fr\\\/le-sahel-synthese-des-defis-et-urgences-de-lafrique-particpation-de-camille-laville-au-webinaire-de-ligpsa\\\/\"},\"author\":{\"name\":\"Bertrand Demandre\",\"@id\":\"https:\\\/\\\/ecodef-ihedn.fr\\\/#\\\/schema\\\/person\\\/1cdf22d028cebe278126a6e07a884d30\"},\"headline\":\"\u00ab\u00a0Le Sahel, synth\u00e8se des d\u00e9fis et urgences de l\u2019Afrique\u00a0\u00bb : particpation de Camille Laville au webinaire de l&rsquo;IGPSA\",\"datePublished\":\"2022-10-18T08:17:00+00:00\",\"dateModified\":\"2024-12-12T13:03:08+00:00\",\"mainEntityOfPage\":{\"@id\":\"https:\\\/\\\/ecodef-ihedn.fr\\\/le-sahel-synthese-des-defis-et-urgences-de-lafrique-particpation-de-camille-laville-au-webinaire-de-ligpsa\\\/\"},\"wordCount\":165,\"commentCount\":0,\"publisher\":{\"@id\":\"https:\\\/\\\/ecodef-ihedn.fr\\\/#organization\"},\"image\":{\"@id\":\"https:\\\/\\\/ecodef-ihedn.fr\\\/le-sahel-synthese-des-defis-et-urgences-de-lafrique-particpation-de-camille-laville-au-webinaire-de-ligpsa\\\/#primaryimage\"},\"thumbnailUrl\":\"https:\\\/\\\/ecodef-ihedn.fr\\\/wp-content\\\/uploads\\\/2022\\\/10\\\/webinaire-IGPSA-7-5.png\",\"keywords\":[\"Afrique\",\"Camille Laville\",\"IGPSA\",\"Sahel\",\"webinaire\"],\"articleSection\":[\"Activit\u00e9s\",\"Activit\u00e9s : participation de la Chaire \u00e0 un \u00e9v\u00e9nement\"],\"inLanguage\":\"en-GB\",\"potentialAction\":[{\"@type\":\"CommentAction\",\"name\":\"Comment\",\"target\":[\"https:\\\/\\\/ecodef-ihedn.fr\\\/le-sahel-synthese-des-defis-et-urgences-de-lafrique-particpation-de-camille-laville-au-webinaire-de-ligpsa\\\/#respond\"]}]},{\"@type\":\"WebPage\",\"@id\":\"https:\\\/\\\/ecodef-ihedn.fr\\\/le-sahel-synthese-des-defis-et-urgences-de-lafrique-particpation-de-camille-laville-au-webinaire-de-ligpsa\\\/\",\"url\":\"https:\\\/\\\/ecodef-ihedn.fr\\\/le-sahel-synthese-des-defis-et-urgences-de-lafrique-particpation-de-camille-laville-au-webinaire-de-ligpsa\\\/\",\"name\":\"\\\"Le Sahel, synth\u00e8se des d\u00e9fis et urgences de l\u2019Afrique\\\" : particpation de Camille Laville au webinaire de l'IGPSA - Chaire \u00c9conomie de d\u00e9fense - IHEDN\",\"isPartOf\":{\"@id\":\"https:\\\/\\\/ecodef-ihedn.fr\\\/#website\"},\"primaryImageOfPage\":{\"@id\":\"https:\\\/\\\/ecodef-ihedn.fr\\\/le-sahel-synthese-des-defis-et-urgences-de-lafrique-particpation-de-camille-laville-au-webinaire-de-ligpsa\\\/#primaryimage\"},\"image\":{\"@id\":\"https:\\\/\\\/ecodef-ihedn.fr\\\/le-sahel-synthese-des-defis-et-urgences-de-lafrique-particpation-de-camille-laville-au-webinaire-de-ligpsa\\\/#primaryimage\"},\"thumbnailUrl\":\"https:\\\/\\\/ecodef-ihedn.fr\\\/wp-content\\\/uploads\\\/2022\\\/10\\\/webinaire-IGPSA-7-5.png\",\"datePublished\":\"2022-10-18T08:17:00+00:00\",\"dateModified\":\"2024-12-12T13:03:08+00:00\",\"breadcrumb\":{\"@id\":\"https:\\\/\\\/ecodef-ihedn.fr\\\/le-sahel-synthese-des-defis-et-urgences-de-lafrique-particpation-de-camille-laville-au-webinaire-de-ligpsa\\\/#breadcrumb\"},\"inLanguage\":\"en-GB\",\"potentialAction\":[{\"@type\":\"ReadAction\",\"target\":[\"https:\\\/\\\/ecodef-ihedn.fr\\\/le-sahel-synthese-des-defis-et-urgences-de-lafrique-particpation-de-camille-laville-au-webinaire-de-ligpsa\\\/\"]}]},{\"@type\":\"ImageObject\",\"inLanguage\":\"en-GB\",\"@id\":\"https:\\\/\\\/ecodef-ihedn.fr\\\/le-sahel-synthese-des-defis-et-urgences-de-lafrique-particpation-de-camille-laville-au-webinaire-de-ligpsa\\\/#primaryimage\",\"url\":\"https:\\\/\\\/ecodef-ihedn.fr\\\/wp-content\\\/uploads\\\/2022\\\/10\\\/webinaire-IGPSA-7-5.png\",\"contentUrl\":\"https:\\\/\\\/ecodef-ihedn.fr\\\/wp-content\\\/uploads\\\/2022\\\/10\\\/webinaire-IGPSA-7-5.png\",\"width\":700,\"height\":500},{\"@type\":\"BreadcrumbList\",\"@id\":\"https:\\\/\\\/ecodef-ihedn.fr\\\/le-sahel-synthese-des-defis-et-urgences-de-lafrique-particpation-de-camille-laville-au-webinaire-de-ligpsa\\\/#breadcrumb\",\"itemListElement\":[{\"@type\":\"ListItem\",\"position\":1,\"name\":\"Accueil\",\"item\":\"https:\\\/\\\/ecodef-ihedn.fr\\\/\"},{\"@type\":\"ListItem\",\"position\":2,\"name\":\"&#8220;Le Sahel, synth\u00e8se des d\u00e9fis et urgences de l\u2019Afrique&#8221; : particpation de Camille Laville au webinaire de l&#8217;IGPSA\"}]},{\"@type\":\"WebSite\",\"@id\":\"https:\\\/\\\/ecodef-ihedn.fr\\\/#website\",\"url\":\"https:\\\/\\\/ecodef-ihedn.fr\\\/\",\"name\":\"Chaire \u00c9conomie de D\u00e9fense - IHEDN\",\"description\":\"Produire &amp; soutenir, f\u00e9d\u00e9rer &amp; diffuser, \u00eatre une interface\",\"publisher\":{\"@id\":\"https:\\\/\\\/ecodef-ihedn.fr\\\/#organization\"},\"potentialAction\":[{\"@type\":\"SearchAction\",\"target\":{\"@type\":\"EntryPoint\",\"urlTemplate\":\"https:\\\/\\\/ecodef-ihedn.fr\\\/?s={search_term_string}\"},\"query-input\":{\"@type\":\"PropertyValueSpecification\",\"valueRequired\":true,\"valueName\":\"search_term_string\"}}],\"inLanguage\":\"en-GB\"},{\"@type\":\"Organization\",\"@id\":\"https:\\\/\\\/ecodef-ihedn.fr\\\/#organization\",\"name\":\"Chaire \u00c9conomie de d\u00e9fense - IHEDN\",\"url\":\"https:\\\/\\\/ecodef-ihedn.fr\\\/\",\"logo\":{\"@type\":\"ImageObject\",\"inLanguage\":\"en-GB\",\"@id\":\"https:\\\/\\\/ecodef-ihedn.fr\\\/#\\\/schema\\\/logo\\\/image\\\/\",\"url\":\"https:\\\/\\\/ecodef-ihedn.fr\\\/wp-content\\\/uploads\\\/2020\\\/04\\\/logoEcodef9.jpg\",\"contentUrl\":\"https:\\\/\\\/ecodef-ihedn.fr\\\/wp-content\\\/uploads\\\/2020\\\/04\\\/logoEcodef9.jpg\",\"width\":410,\"height\":212,\"caption\":\"Chaire \u00c9conomie de d\u00e9fense - IHEDN\"},\"image\":{\"@id\":\"https:\\\/\\\/ecodef-ihedn.fr\\\/#\\\/schema\\\/logo\\\/image\\\/\"},\"sameAs\":[\"https:\\\/\\\/x.com\\\/Chaire_Ecodef\",\"https:\\\/\\\/www.linkedin.com\\\/company\\\/chaire-ecodef-ihedn\\\/\"]},{\"@type\":\"Person\",\"@id\":\"https:\\\/\\\/ecodef-ihedn.fr\\\/#\\\/schema\\\/person\\\/1cdf22d028cebe278126a6e07a884d30\",\"name\":\"Bertrand Demandre\",\"image\":{\"@type\":\"ImageObject\",\"inLanguage\":\"en-GB\",\"@id\":\"https:\\\/\\\/secure.gravatar.com\\\/avatar\\\/d9c9746d6c900ab5b9c0f9b1fa3932e369da923da247d624b8f7ab4ba8a3c093?s=96&d=mm&r=g\",\"url\":\"https:\\\/\\\/secure.gravatar.com\\\/avatar\\\/d9c9746d6c900ab5b9c0f9b1fa3932e369da923da247d624b8f7ab4ba8a3c093?s=96&d=mm&r=g\",\"contentUrl\":\"https:\\\/\\\/secure.gravatar.com\\\/avatar\\\/d9c9746d6c900ab5b9c0f9b1fa3932e369da923da247d624b8f7ab4ba8a3c093?s=96&d=mm&r=g\",\"caption\":\"Bertrand Demandre\"},\"url\":\"https:\\\/\\\/ecodef-ihedn.fr\\\/en\\\/author\\\/bertrand\\\/\"}]}<\/script>\n<!-- \/ Yoast SEO plugin. -->","yoast_head_json":{"title":"\"Le Sahel, synth\u00e8se des d\u00e9fis et urgences de l\u2019Afrique\" : particpation de Camille Laville au webinaire de l'IGPSA - Chaire \u00c9conomie de d\u00e9fense - IHEDN","robots":{"index":"index","follow":"follow","max-snippet":"max-snippet:-1","max-image-preview":"max-image-preview:large","max-video-preview":"max-video-preview:-1"},"canonical":"https:\/\/ecodef-ihedn.fr\/en\/le-sahel-synthese-des-defis-et-urgences-de-lafrique-particpation-de-camille-laville-au-webinaire-de-ligpsa\/","og_locale":"en_GB","og_type":"article","og_title":"\"Le Sahel, synth\u00e8se des d\u00e9fis et urgences de l\u2019Afrique\" : particpation de Camille Laville au webinaire de l'IGPSA - Chaire \u00c9conomie de d\u00e9fense - IHEDN","og_description":"Camille Laville, Chercheurse \u00e0 la Chaire, \u00e0 particip\u00e9 au webinaire \u201cLe Sahel, synth\u00e8se des d\u00e9fis et urgences de l\u2019Afrique\u201d, organis\u00e9 ce 17 octobre par l&rsquo;Initiative globale pour la paix et la s\u00e9curit\u00e9 en Afrique (IGPSA). Les \u00e9changes ont port\u00e9 sur l\u2019impact des crises globales sur le Sahel. La juxtaposition des crises impacte consid\u00e9rablement la zone [&hellip;]","og_url":"https:\/\/ecodef-ihedn.fr\/en\/le-sahel-synthese-des-defis-et-urgences-de-lafrique-particpation-de-camille-laville-au-webinaire-de-ligpsa\/","og_site_name":"Chaire \u00c9conomie de d\u00e9fense - IHEDN","article_published_time":"2022-10-18T08:17:00+00:00","article_modified_time":"2024-12-12T13:03:08+00:00","og_image":[{"width":700,"height":500,"url":"https:\/\/ecodef-ihedn.fr\/wp-content\/uploads\/2022\/10\/webinaire-IGPSA-7-5.png","type":"image\/png"}],"author":"Bertrand Demandre","twitter_card":"summary_large_image","twitter_creator":"@Chaire_Ecodef","twitter_site":"@Chaire_Ecodef","twitter_misc":{"Written by":"Bertrand Demandre","Estimated reading time":"2 minutes"},"schema":{"@context":"https:\/\/schema.org","@graph":[{"@type":"Article","@id":"https:\/\/ecodef-ihedn.fr\/le-sahel-synthese-des-defis-et-urgences-de-lafrique-particpation-de-camille-laville-au-webinaire-de-ligpsa\/#article","isPartOf":{"@id":"https:\/\/ecodef-ihedn.fr\/le-sahel-synthese-des-defis-et-urgences-de-lafrique-particpation-de-camille-laville-au-webinaire-de-ligpsa\/"},"author":{"name":"Bertrand Demandre","@id":"https:\/\/ecodef-ihedn.fr\/#\/schema\/person\/1cdf22d028cebe278126a6e07a884d30"},"headline":"\u00ab\u00a0Le Sahel, synth\u00e8se des d\u00e9fis et urgences de l\u2019Afrique\u00a0\u00bb : particpation de Camille Laville au webinaire de l&rsquo;IGPSA","datePublished":"2022-10-18T08:17:00+00:00","dateModified":"2024-12-12T13:03:08+00:00","mainEntityOfPage":{"@id":"https:\/\/ecodef-ihedn.fr\/le-sahel-synthese-des-defis-et-urgences-de-lafrique-particpation-de-camille-laville-au-webinaire-de-ligpsa\/"},"wordCount":165,"commentCount":0,"publisher":{"@id":"https:\/\/ecodef-ihedn.fr\/#organization"},"image":{"@id":"https:\/\/ecodef-ihedn.fr\/le-sahel-synthese-des-defis-et-urgences-de-lafrique-particpation-de-camille-laville-au-webinaire-de-ligpsa\/#primaryimage"},"thumbnailUrl":"https:\/\/ecodef-ihedn.fr\/wp-content\/uploads\/2022\/10\/webinaire-IGPSA-7-5.png","keywords":["Afrique","Camille Laville","IGPSA","Sahel","webinaire"],"articleSection":["Activit\u00e9s","Activit\u00e9s : participation de la Chaire \u00e0 un \u00e9v\u00e9nement"],"inLanguage":"en-GB","potentialAction":[{"@type":"CommentAction","name":"Comment","target":["https:\/\/ecodef-ihedn.fr\/le-sahel-synthese-des-defis-et-urgences-de-lafrique-particpation-de-camille-laville-au-webinaire-de-ligpsa\/#respond"]}]},{"@type":"WebPage","@id":"https:\/\/ecodef-ihedn.fr\/le-sahel-synthese-des-defis-et-urgences-de-lafrique-particpation-de-camille-laville-au-webinaire-de-ligpsa\/","url":"https:\/\/ecodef-ihedn.fr\/le-sahel-synthese-des-defis-et-urgences-de-lafrique-particpation-de-camille-laville-au-webinaire-de-ligpsa\/","name":"\"Le Sahel, synth\u00e8se des d\u00e9fis et urgences de l\u2019Afrique\" : particpation de Camille Laville au webinaire de l'IGPSA - Chaire \u00c9conomie de d\u00e9fense - IHEDN","isPartOf":{"@id":"https:\/\/ecodef-ihedn.fr\/#website"},"primaryImageOfPage":{"@id":"https:\/\/ecodef-ihedn.fr\/le-sahel-synthese-des-defis-et-urgences-de-lafrique-particpation-de-camille-laville-au-webinaire-de-ligpsa\/#primaryimage"},"image":{"@id":"https:\/\/ecodef-ihedn.fr\/le-sahel-synthese-des-defis-et-urgences-de-lafrique-particpation-de-camille-laville-au-webinaire-de-ligpsa\/#primaryimage"},"thumbnailUrl":"https:\/\/ecodef-ihedn.fr\/wp-content\/uploads\/2022\/10\/webinaire-IGPSA-7-5.png","datePublished":"2022-10-18T08:17:00+00:00","dateModified":"2024-12-12T13:03:08+00:00","breadcrumb":{"@id":"https:\/\/ecodef-ihedn.fr\/le-sahel-synthese-des-defis-et-urgences-de-lafrique-particpation-de-camille-laville-au-webinaire-de-ligpsa\/#breadcrumb"},"inLanguage":"en-GB","potentialAction":[{"@type":"ReadAction","target":["https:\/\/ecodef-ihedn.fr\/le-sahel-synthese-des-defis-et-urgences-de-lafrique-particpation-de-camille-laville-au-webinaire-de-ligpsa\/"]}]},{"@type":"ImageObject","inLanguage":"en-GB","@id":"https:\/\/ecodef-ihedn.fr\/le-sahel-synthese-des-defis-et-urgences-de-lafrique-particpation-de-camille-laville-au-webinaire-de-ligpsa\/#primaryimage","url":"https:\/\/ecodef-ihedn.fr\/wp-content\/uploads\/2022\/10\/webinaire-IGPSA-7-5.png","contentUrl":"https:\/\/ecodef-ihedn.fr\/wp-content\/uploads\/2022\/10\/webinaire-IGPSA-7-5.png","width":700,"height":500},{"@type":"BreadcrumbList","@id":"https:\/\/ecodef-ihedn.fr\/le-sahel-synthese-des-defis-et-urgences-de-lafrique-particpation-de-camille-laville-au-webinaire-de-ligpsa\/#breadcrumb","itemListElement":[{"@type":"ListItem","position":1,"name":"Accueil","item":"https:\/\/ecodef-ihedn.fr\/"},{"@type":"ListItem","position":2,"name":"&#8220;Le Sahel, synth\u00e8se des d\u00e9fis et urgences de l\u2019Afrique&#8221; : particpation de Camille Laville au webinaire de l&#8217;IGPSA"}]},{"@type":"WebSite","@id":"https:\/\/ecodef-ihedn.fr\/#website","url":"https:\/\/ecodef-ihedn.fr\/","name":"Chair in Defence Economics - IHEDN","description":"Produce &amp; support, federate &amp; disseminate, act as an interface","publisher":{"@id":"https:\/\/ecodef-ihedn.fr\/#organization"},"potentialAction":[{"@type":"SearchAction","target":{"@type":"EntryPoint","urlTemplate":"https:\/\/ecodef-ihedn.fr\/?s={search_term_string}"},"query-input":{"@type":"PropertyValueSpecification","valueRequired":true,"valueName":"search_term_string"}}],"inLanguage":"en-GB"},{"@type":"Organization","@id":"https:\/\/ecodef-ihedn.fr\/#organization","name":"Chair in Defence Economics - IHEDN","url":"https:\/\/ecodef-ihedn.fr\/","logo":{"@type":"ImageObject","inLanguage":"en-GB","@id":"https:\/\/ecodef-ihedn.fr\/#\/schema\/logo\/image\/","url":"https:\/\/ecodef-ihedn.fr\/wp-content\/uploads\/2020\/04\/logoEcodef9.jpg","contentUrl":"https:\/\/ecodef-ihedn.fr\/wp-content\/uploads\/2020\/04\/logoEcodef9.jpg","width":410,"height":212,"caption":"Chaire \u00c9conomie de d\u00e9fense - IHEDN"},"image":{"@id":"https:\/\/ecodef-ihedn.fr\/#\/schema\/logo\/image\/"},"sameAs":["https:\/\/x.com\/Chaire_Ecodef","https:\/\/www.linkedin.com\/company\/chaire-ecodef-ihedn\/"]},{"@type":"Person","@id":"https:\/\/ecodef-ihedn.fr\/#\/schema\/person\/1cdf22d028cebe278126a6e07a884d30","name":"Bertrand Demandre","image":{"@type":"ImageObject","inLanguage":"en-GB","@id":"https:\/\/secure.gravatar.com\/avatar\/d9c9746d6c900ab5b9c0f9b1fa3932e369da923da247d624b8f7ab4ba8a3c093?s=96&d=mm&r=g","url":"https:\/\/secure.gravatar.com\/avatar\/d9c9746d6c900ab5b9c0f9b1fa3932e369da923da247d624b8f7ab4ba8a3c093?s=96&d=mm&r=g","contentUrl":"https:\/\/secure.gravatar.com\/avatar\/d9c9746d6c900ab5b9c0f9b1fa3932e369da923da247d624b8f7ab4ba8a3c093?s=96&d=mm&r=g","caption":"Bertrand Demandre"},"url":"https:\/\/ecodef-ihedn.fr\/en\/author\/bertrand\/"}]}},"_links":{"self":[{"href":"https:\/\/ecodef-ihedn.fr\/en\/wp-json\/wp\/v2\/posts\/6791","targetHints":{"allow":["GET"]}}],"collection":[{"href":"https:\/\/ecodef-ihedn.fr\/en\/wp-json\/wp\/v2\/posts"}],"about":[{"href":"https:\/\/ecodef-ihedn.fr\/en\/wp-json\/wp\/v2\/types\/post"}],"author":[{"embeddable":true,"href":"https:\/\/ecodef-ihedn.fr\/en\/wp-json\/wp\/v2\/users\/2"}],"replies":[{"embeddable":true,"href":"https:\/\/ecodef-ihedn.fr\/en\/wp-json\/wp\/v2\/comments?post=6791"}],"version-history":[{"count":5,"href":"https:\/\/ecodef-ihedn.fr\/en\/wp-json\/wp\/v2\/posts\/6791\/revisions"}],"predecessor-version":[{"id":8649,"href":"https:\/\/ecodef-ihedn.fr\/en\/wp-json\/wp\/v2\/posts\/6791\/revisions\/8649"}],"wp:featuredmedia":[{"embeddable":true,"href":"https:\/\/ecodef-ihedn.fr\/en\/wp-json\/wp\/v2\/media\/6796"}],"wp:attachment":[{"href":"https:\/\/ecodef-ihedn.fr\/en\/wp-json\/wp\/v2\/media?parent=6791"}],"wp:term":[{"taxonomy":"category","embeddable":true,"href":"https:\/\/ecodef-ihedn.fr\/en\/wp-json\/wp\/v2\/categories?post=6791"},{"taxonomy":"post_tag","embeddable":true,"href":"https:\/\/ecodef-ihedn.fr\/en\/wp-json\/wp\/v2\/tags?post=6791"}],"curies":[{"name":"wp","href":"https:\/\/api.w.org\/{rel}","templated":true}]}}