{"id":7479,"date":"2023-02-06T09:16:53","date_gmt":"2023-02-06T09:16:53","guid":{"rendered":"https:\/\/ecodef-ihedn.fr\/?p=7479"},"modified":"2023-02-08T12:00:10","modified_gmt":"2023-02-08T12:00:10","slug":"ukraine-julien-malizard-sur-franceinfo","status":"publish","type":"post","link":"https:\/\/ecodef-ihedn.fr\/en\/ukraine-julien-malizard-sur-franceinfo\/","title":{"rendered":"\u00abIs Europe Ukraine's granary? Julien Malizard on Franceinfo"},"content":{"rendered":"<figure class=\"wp-block-image size-large is-resized\"><img loading=\"lazy\" decoding=\"async\" src=\"https:\/\/ecodef-ihedn.fr\/wp-content\/uploads\/2023\/02\/2023-02-02-JM-Franceinfo-1024x575.png\" alt=\"\" class=\"wp-image-7480\" width=\"768\" height=\"431\" srcset=\"https:\/\/ecodef-ihedn.fr\/wp-content\/uploads\/2023\/02\/2023-02-02-JM-Franceinfo-1024x575.png 1024w, https:\/\/ecodef-ihedn.fr\/wp-content\/uploads\/2023\/02\/2023-02-02-JM-Franceinfo-300x168.png 300w, https:\/\/ecodef-ihedn.fr\/wp-content\/uploads\/2023\/02\/2023-02-02-JM-Franceinfo-768x431.png 768w, https:\/\/ecodef-ihedn.fr\/wp-content\/uploads\/2023\/02\/2023-02-02-JM-Franceinfo-1536x862.png 1536w, https:\/\/ecodef-ihedn.fr\/wp-content\/uploads\/2023\/02\/2023-02-02-JM-Franceinfo-696x391.png 696w, https:\/\/ecodef-ihedn.fr\/wp-content\/uploads\/2023\/02\/2023-02-02-JM-Franceinfo-1392x782.png 1392w, https:\/\/ecodef-ihedn.fr\/wp-content\/uploads\/2023\/02\/2023-02-02-JM-Franceinfo-1068x600.png 1068w, https:\/\/ecodef-ihedn.fr\/wp-content\/uploads\/2023\/02\/2023-02-02-JM-Franceinfo-748x420.png 748w, https:\/\/ecodef-ihedn.fr\/wp-content\/uploads\/2023\/02\/2023-02-02-JM-Franceinfo-1496x840.png 1496w, https:\/\/ecodef-ihedn.fr\/wp-content\/uploads\/2023\/02\/2023-02-02-JM-Franceinfo.png 1920w\" sizes=\"auto, (max-width: 768px) 100vw, 768px\" \/><figcaption class=\"wp-element-caption\"><em>Julien Malizard answers questions from Patricia Loison (Franceinfo)<\/em><\/figcaption><\/figure>\n\n\n\n<h2 class=\"wp-block-heading\">Is Europe Ukraine's granary?<\/h2>\n\n\n\n<p><a href=\"https:\/\/www.linkedin.com\/company\/28502662\/admin\/#?lipi=urn%3Ali%3Apage%3Ad_flagship3_company_admin%3BoWqYLbn2Ra6daAyxOgzT%2BQ%3D%3D\" target=\"_blank\" rel=\"noreferrer noopener\">Julien Malizard<\/a>, The Deputy Chair was one of the guest experts on the programme \u00abLe monde de Loison\u00bb, broadcast live on Franceinfo on 2 February.<\/p>\n\n\n\n<p>Hosted by <a href=\"https:\/\/www.linkedin.com\/in\/ACoAAAUkSQwBeg1vdZeJPxpnk9fLB7rFnJEHpxU\" target=\"_blank\" rel=\"noreferrer noopener\">Patricia Loison<\/a>, The discussions focused on the possibilities for increasing the capabilities of our defence industry in the face of growing expectations arising from the conflict in Ukraine.<\/p>\n\n\n\n<div class=\"wp-block-buttons is-layout-flex wp-block-buttons-is-layout-flex\">\n<div class=\"wp-block-button aligncenter is-style-round\"><a class=\"wp-block-button__link wp-element-button\" href=\"https:\/\/www.france.tv\/franceinfo\/le-monde-de-loison\/4603882-emission-du-jeudi-2-fevrier-2023.html\" target=\"_blank\" rel=\"noreferrer noopener\">Watch the show<\/a><\/div>\n<\/div>\n\n\n\n<p><\/p>","protected":false},"excerpt":{"rendered":"<p>L&rsquo;Europe grenier \u00e0 armes de l&rsquo;Ukraine ? Julien Malizard, Titulaire adjoint de la Chaire, a fait partie des experts invit\u00e9s de l&rsquo;\u00e9mission \u00ab\u00a0Le monde de Loison\u00a0\u00bb diffus\u00e9e en direct le 2 f\u00e9vrier sur&nbsp;Franceinfo. Anim\u00e9s par Patricia Loison, les \u00e9changes ont port\u00e9 sur les possibilit\u00e9s de mont\u00e9e capacitaire de notre industrie de d\u00e9fense face aux attentes [&hellip;]<\/p>\n","protected":false},"author":2,"featured_media":7480,"comment_status":"open","ping_status":"open","sticky":false,"template":"","format":"standard","meta":{"footnotes":""},"categories":[34,358],"tags":[211,587,47,405,178,156,535,602,38,149,403,86,536],"class_list":{"0":"post-7479","1":"post","2":"type-post","3":"status-publish","4":"format-standard","5":"has-post-thumbnail","7":"category-activites","8":"category-medias","9":"tag-bitd","10":"tag-conflit-de-haute-intensite","11":"tag-economie-de-defense","12":"tag-economie-de-guerre","13":"tag-europe","14":"tag-europe-de-la-defense","15":"tag-france-info","16":"tag-haute-intensite","17":"tag-ihedn","18":"tag-industrie-de-defense","19":"tag-interview","20":"tag-julien-malizard","21":"tag-ukraine"},"yoast_head":"<!-- This site is optimized with the Yoast SEO plugin v27.4 - https:\/\/yoast.com\/product\/yoast-seo-wordpress\/ -->\n<title>&quot;L&#039;Europe grenier \u00e0 armes de l&#039;Ukraine ?&quot; : Julien Malizard sur Franceinfo - Chaire \u00c9conomie de d\u00e9fense - IHEDN<\/title>\n<meta name=\"robots\" content=\"index, follow, max-snippet:-1, max-image-preview:large, max-video-preview:-1\" \/>\n<link rel=\"canonical\" href=\"https:\/\/ecodef-ihedn.fr\/en\/ukraine-julien-malizard-sur-franceinfo\/\" \/>\n<meta property=\"og:locale\" content=\"en_GB\" \/>\n<meta property=\"og:type\" content=\"article\" \/>\n<meta property=\"og:title\" content=\"&quot;L&#039;Europe grenier \u00e0 armes de l&#039;Ukraine ?&quot; : Julien Malizard sur Franceinfo - Chaire \u00c9conomie de d\u00e9fense - IHEDN\" \/>\n<meta property=\"og:description\" content=\"L&rsquo;Europe grenier \u00e0 armes de l&rsquo;Ukraine ? Julien Malizard, Titulaire adjoint de la Chaire, a fait partie des experts invit\u00e9s de l&rsquo;\u00e9mission \u00ab\u00a0Le monde de Loison\u00a0\u00bb diffus\u00e9e en direct le 2 f\u00e9vrier sur&nbsp;Franceinfo. Anim\u00e9s par Patricia Loison, les \u00e9changes ont port\u00e9 sur les possibilit\u00e9s de mont\u00e9e capacitaire de notre industrie de d\u00e9fense face aux attentes [&hellip;]\" \/>\n<meta property=\"og:url\" content=\"https:\/\/ecodef-ihedn.fr\/en\/ukraine-julien-malizard-sur-franceinfo\/\" \/>\n<meta property=\"og:site_name\" content=\"Chaire \u00c9conomie de d\u00e9fense - IHEDN\" \/>\n<meta property=\"article:published_time\" content=\"2023-02-06T09:16:53+00:00\" \/>\n<meta property=\"article:modified_time\" content=\"2023-02-08T12:00:10+00:00\" \/>\n<meta property=\"og:image\" content=\"https:\/\/ecodef-ihedn.fr\/wp-content\/uploads\/2023\/02\/2023-02-02-JM-Franceinfo-1024x575.png\" \/>\n\t<meta property=\"og:image:width\" content=\"1024\" \/>\n\t<meta property=\"og:image:height\" content=\"575\" \/>\n\t<meta property=\"og:image:type\" content=\"image\/png\" \/>\n<meta name=\"author\" content=\"Bertrand Demandre\" \/>\n<meta name=\"twitter:card\" content=\"summary_large_image\" \/>\n<meta name=\"twitter:creator\" content=\"@Chaire_Ecodef\" \/>\n<meta name=\"twitter:site\" content=\"@Chaire_Ecodef\" \/>\n<meta name=\"twitter:label1\" content=\"Written by\" \/>\n\t<meta name=\"twitter:data1\" content=\"Bertrand Demandre\" \/>\n\t<meta name=\"twitter:label2\" content=\"Estimated reading time\" \/>\n\t<meta name=\"twitter:data2\" content=\"1 minute\" \/>\n<script type=\"application\/ld+json\" class=\"yoast-schema-graph\">{\"@context\":\"https:\\\/\\\/schema.org\",\"@graph\":[{\"@type\":\"Article\",\"@id\":\"https:\\\/\\\/ecodef-ihedn.fr\\\/ukraine-julien-malizard-sur-franceinfo\\\/#article\",\"isPartOf\":{\"@id\":\"https:\\\/\\\/ecodef-ihedn.fr\\\/ukraine-julien-malizard-sur-franceinfo\\\/\"},\"author\":{\"name\":\"Bertrand Demandre\",\"@id\":\"https:\\\/\\\/ecodef-ihedn.fr\\\/#\\\/schema\\\/person\\\/1cdf22d028cebe278126a6e07a884d30\"},\"headline\":\"\u00ab\u00a0L&rsquo;Europe grenier \u00e0 armes de l&rsquo;Ukraine ?\u00a0\u00bb : Julien Malizard sur Franceinfo\",\"datePublished\":\"2023-02-06T09:16:53+00:00\",\"dateModified\":\"2023-02-08T12:00:10+00:00\",\"mainEntityOfPage\":{\"@id\":\"https:\\\/\\\/ecodef-ihedn.fr\\\/ukraine-julien-malizard-sur-franceinfo\\\/\"},\"wordCount\":95,\"commentCount\":0,\"publisher\":{\"@id\":\"https:\\\/\\\/ecodef-ihedn.fr\\\/#organization\"},\"image\":{\"@id\":\"https:\\\/\\\/ecodef-ihedn.fr\\\/ukraine-julien-malizard-sur-franceinfo\\\/#primaryimage\"},\"thumbnailUrl\":\"https:\\\/\\\/ecodef-ihedn.fr\\\/wp-content\\\/uploads\\\/2023\\\/02\\\/2023-02-02-JM-Franceinfo.png\",\"keywords\":[\"BITD\",\"conflit de haute intensit\u00e9\",\"\u00e9conomie de d\u00e9fense\",\"\u00e9conomie de guerre\",\"Europe\",\"Europe de la D\u00e9fense\",\"France Info\",\"haute intensit\u00e9\",\"IHEDN\",\"industrie de d\u00e9fense\",\"interview\",\"Julien Malizard\",\"Ukraine\"],\"articleSection\":[\"Activit\u00e9s\",\"M\u00e9dias\"],\"inLanguage\":\"en-GB\",\"potentialAction\":[{\"@type\":\"CommentAction\",\"name\":\"Comment\",\"target\":[\"https:\\\/\\\/ecodef-ihedn.fr\\\/ukraine-julien-malizard-sur-franceinfo\\\/#respond\"]}]},{\"@type\":\"WebPage\",\"@id\":\"https:\\\/\\\/ecodef-ihedn.fr\\\/ukraine-julien-malizard-sur-franceinfo\\\/\",\"url\":\"https:\\\/\\\/ecodef-ihedn.fr\\\/ukraine-julien-malizard-sur-franceinfo\\\/\",\"name\":\"\\\"L'Europe grenier \u00e0 armes de l'Ukraine ?\\\" : Julien Malizard sur Franceinfo - Chaire \u00c9conomie de d\u00e9fense - IHEDN\",\"isPartOf\":{\"@id\":\"https:\\\/\\\/ecodef-ihedn.fr\\\/#website\"},\"primaryImageOfPage\":{\"@id\":\"https:\\\/\\\/ecodef-ihedn.fr\\\/ukraine-julien-malizard-sur-franceinfo\\\/#primaryimage\"},\"image\":{\"@id\":\"https:\\\/\\\/ecodef-ihedn.fr\\\/ukraine-julien-malizard-sur-franceinfo\\\/#primaryimage\"},\"thumbnailUrl\":\"https:\\\/\\\/ecodef-ihedn.fr\\\/wp-content\\\/uploads\\\/2023\\\/02\\\/2023-02-02-JM-Franceinfo.png\",\"datePublished\":\"2023-02-06T09:16:53+00:00\",\"dateModified\":\"2023-02-08T12:00:10+00:00\",\"breadcrumb\":{\"@id\":\"https:\\\/\\\/ecodef-ihedn.fr\\\/ukraine-julien-malizard-sur-franceinfo\\\/#breadcrumb\"},\"inLanguage\":\"en-GB\",\"potentialAction\":[{\"@type\":\"ReadAction\",\"target\":[\"https:\\\/\\\/ecodef-ihedn.fr\\\/ukraine-julien-malizard-sur-franceinfo\\\/\"]}]},{\"@type\":\"ImageObject\",\"inLanguage\":\"en-GB\",\"@id\":\"https:\\\/\\\/ecodef-ihedn.fr\\\/ukraine-julien-malizard-sur-franceinfo\\\/#primaryimage\",\"url\":\"https:\\\/\\\/ecodef-ihedn.fr\\\/wp-content\\\/uploads\\\/2023\\\/02\\\/2023-02-02-JM-Franceinfo.png\",\"contentUrl\":\"https:\\\/\\\/ecodef-ihedn.fr\\\/wp-content\\\/uploads\\\/2023\\\/02\\\/2023-02-02-JM-Franceinfo.png\",\"width\":1920,\"height\":1078},{\"@type\":\"BreadcrumbList\",\"@id\":\"https:\\\/\\\/ecodef-ihedn.fr\\\/ukraine-julien-malizard-sur-franceinfo\\\/#breadcrumb\",\"itemListElement\":[{\"@type\":\"ListItem\",\"position\":1,\"name\":\"Accueil\",\"item\":\"https:\\\/\\\/ecodef-ihedn.fr\\\/\"},{\"@type\":\"ListItem\",\"position\":2,\"name\":\"&#8220;L&#8217;Europe grenier \u00e0 armes de l&#8217;Ukraine ?&#8221; : Julien Malizard sur Franceinfo\"}]},{\"@type\":\"WebSite\",\"@id\":\"https:\\\/\\\/ecodef-ihedn.fr\\\/#website\",\"url\":\"https:\\\/\\\/ecodef-ihedn.fr\\\/\",\"name\":\"Chaire \u00c9conomie de D\u00e9fense - IHEDN\",\"description\":\"Produire &amp; soutenir, f\u00e9d\u00e9rer &amp; diffuser, \u00eatre une interface\",\"publisher\":{\"@id\":\"https:\\\/\\\/ecodef-ihedn.fr\\\/#organization\"},\"potentialAction\":[{\"@type\":\"SearchAction\",\"target\":{\"@type\":\"EntryPoint\",\"urlTemplate\":\"https:\\\/\\\/ecodef-ihedn.fr\\\/?s={search_term_string}\"},\"query-input\":{\"@type\":\"PropertyValueSpecification\",\"valueRequired\":true,\"valueName\":\"search_term_string\"}}],\"inLanguage\":\"en-GB\"},{\"@type\":\"Organization\",\"@id\":\"https:\\\/\\\/ecodef-ihedn.fr\\\/#organization\",\"name\":\"Chaire \u00c9conomie de d\u00e9fense - IHEDN\",\"url\":\"https:\\\/\\\/ecodef-ihedn.fr\\\/\",\"logo\":{\"@type\":\"ImageObject\",\"inLanguage\":\"en-GB\",\"@id\":\"https:\\\/\\\/ecodef-ihedn.fr\\\/#\\\/schema\\\/logo\\\/image\\\/\",\"url\":\"https:\\\/\\\/ecodef-ihedn.fr\\\/wp-content\\\/uploads\\\/2020\\\/04\\\/logoEcodef9.jpg\",\"contentUrl\":\"https:\\\/\\\/ecodef-ihedn.fr\\\/wp-content\\\/uploads\\\/2020\\\/04\\\/logoEcodef9.jpg\",\"width\":410,\"height\":212,\"caption\":\"Chaire \u00c9conomie de d\u00e9fense - IHEDN\"},\"image\":{\"@id\":\"https:\\\/\\\/ecodef-ihedn.fr\\\/#\\\/schema\\\/logo\\\/image\\\/\"},\"sameAs\":[\"https:\\\/\\\/x.com\\\/Chaire_Ecodef\",\"https:\\\/\\\/www.linkedin.com\\\/company\\\/chaire-ecodef-ihedn\\\/\"]},{\"@type\":\"Person\",\"@id\":\"https:\\\/\\\/ecodef-ihedn.fr\\\/#\\\/schema\\\/person\\\/1cdf22d028cebe278126a6e07a884d30\",\"name\":\"Bertrand Demandre\",\"image\":{\"@type\":\"ImageObject\",\"inLanguage\":\"en-GB\",\"@id\":\"https:\\\/\\\/secure.gravatar.com\\\/avatar\\\/d9c9746d6c900ab5b9c0f9b1fa3932e369da923da247d624b8f7ab4ba8a3c093?s=96&d=mm&r=g\",\"url\":\"https:\\\/\\\/secure.gravatar.com\\\/avatar\\\/d9c9746d6c900ab5b9c0f9b1fa3932e369da923da247d624b8f7ab4ba8a3c093?s=96&d=mm&r=g\",\"contentUrl\":\"https:\\\/\\\/secure.gravatar.com\\\/avatar\\\/d9c9746d6c900ab5b9c0f9b1fa3932e369da923da247d624b8f7ab4ba8a3c093?s=96&d=mm&r=g\",\"caption\":\"Bertrand Demandre\"},\"url\":\"https:\\\/\\\/ecodef-ihedn.fr\\\/en\\\/author\\\/bertrand\\\/\"}]}<\/script>\n<!-- \/ Yoast SEO plugin. -->","yoast_head_json":{"title":"\"L'Europe grenier \u00e0 armes de l'Ukraine ?\" : Julien Malizard sur Franceinfo - Chaire \u00c9conomie de d\u00e9fense - IHEDN","robots":{"index":"index","follow":"follow","max-snippet":"max-snippet:-1","max-image-preview":"max-image-preview:large","max-video-preview":"max-video-preview:-1"},"canonical":"https:\/\/ecodef-ihedn.fr\/en\/ukraine-julien-malizard-sur-franceinfo\/","og_locale":"en_GB","og_type":"article","og_title":"\"L'Europe grenier \u00e0 armes de l'Ukraine ?\" : Julien Malizard sur Franceinfo - Chaire \u00c9conomie de d\u00e9fense - IHEDN","og_description":"L&rsquo;Europe grenier \u00e0 armes de l&rsquo;Ukraine ? Julien Malizard, Titulaire adjoint de la Chaire, a fait partie des experts invit\u00e9s de l&rsquo;\u00e9mission \u00ab\u00a0Le monde de Loison\u00a0\u00bb diffus\u00e9e en direct le 2 f\u00e9vrier sur&nbsp;Franceinfo. Anim\u00e9s par Patricia Loison, les \u00e9changes ont port\u00e9 sur les possibilit\u00e9s de mont\u00e9e capacitaire de notre industrie de d\u00e9fense face aux attentes [&hellip;]","og_url":"https:\/\/ecodef-ihedn.fr\/en\/ukraine-julien-malizard-sur-franceinfo\/","og_site_name":"Chaire \u00c9conomie de d\u00e9fense - IHEDN","article_published_time":"2023-02-06T09:16:53+00:00","article_modified_time":"2023-02-08T12:00:10+00:00","og_image":[{"width":1024,"height":575,"url":"https:\/\/ecodef-ihedn.fr\/wp-content\/uploads\/2023\/02\/2023-02-02-JM-Franceinfo-1024x575.png","type":"image\/png"}],"author":"Bertrand Demandre","twitter_card":"summary_large_image","twitter_creator":"@Chaire_Ecodef","twitter_site":"@Chaire_Ecodef","twitter_misc":{"Written by":"Bertrand Demandre","Estimated reading time":"1 minute"},"schema":{"@context":"https:\/\/schema.org","@graph":[{"@type":"Article","@id":"https:\/\/ecodef-ihedn.fr\/ukraine-julien-malizard-sur-franceinfo\/#article","isPartOf":{"@id":"https:\/\/ecodef-ihedn.fr\/ukraine-julien-malizard-sur-franceinfo\/"},"author":{"name":"Bertrand Demandre","@id":"https:\/\/ecodef-ihedn.fr\/#\/schema\/person\/1cdf22d028cebe278126a6e07a884d30"},"headline":"\u00ab\u00a0L&rsquo;Europe grenier \u00e0 armes de l&rsquo;Ukraine ?\u00a0\u00bb : Julien Malizard sur Franceinfo","datePublished":"2023-02-06T09:16:53+00:00","dateModified":"2023-02-08T12:00:10+00:00","mainEntityOfPage":{"@id":"https:\/\/ecodef-ihedn.fr\/ukraine-julien-malizard-sur-franceinfo\/"},"wordCount":95,"commentCount":0,"publisher":{"@id":"https:\/\/ecodef-ihedn.fr\/#organization"},"image":{"@id":"https:\/\/ecodef-ihedn.fr\/ukraine-julien-malizard-sur-franceinfo\/#primaryimage"},"thumbnailUrl":"https:\/\/ecodef-ihedn.fr\/wp-content\/uploads\/2023\/02\/2023-02-02-JM-Franceinfo.png","keywords":["BITD","conflit de haute intensit\u00e9","\u00e9conomie de d\u00e9fense","\u00e9conomie de guerre","Europe","Europe de la D\u00e9fense","France Info","haute intensit\u00e9","IHEDN","industrie de d\u00e9fense","interview","Julien Malizard","Ukraine"],"articleSection":["Activit\u00e9s","M\u00e9dias"],"inLanguage":"en-GB","potentialAction":[{"@type":"CommentAction","name":"Comment","target":["https:\/\/ecodef-ihedn.fr\/ukraine-julien-malizard-sur-franceinfo\/#respond"]}]},{"@type":"WebPage","@id":"https:\/\/ecodef-ihedn.fr\/ukraine-julien-malizard-sur-franceinfo\/","url":"https:\/\/ecodef-ihedn.fr\/ukraine-julien-malizard-sur-franceinfo\/","name":"\"L'Europe grenier \u00e0 armes de l'Ukraine ?\" : Julien Malizard sur Franceinfo - Chaire \u00c9conomie de d\u00e9fense - IHEDN","isPartOf":{"@id":"https:\/\/ecodef-ihedn.fr\/#website"},"primaryImageOfPage":{"@id":"https:\/\/ecodef-ihedn.fr\/ukraine-julien-malizard-sur-franceinfo\/#primaryimage"},"image":{"@id":"https:\/\/ecodef-ihedn.fr\/ukraine-julien-malizard-sur-franceinfo\/#primaryimage"},"thumbnailUrl":"https:\/\/ecodef-ihedn.fr\/wp-content\/uploads\/2023\/02\/2023-02-02-JM-Franceinfo.png","datePublished":"2023-02-06T09:16:53+00:00","dateModified":"2023-02-08T12:00:10+00:00","breadcrumb":{"@id":"https:\/\/ecodef-ihedn.fr\/ukraine-julien-malizard-sur-franceinfo\/#breadcrumb"},"inLanguage":"en-GB","potentialAction":[{"@type":"ReadAction","target":["https:\/\/ecodef-ihedn.fr\/ukraine-julien-malizard-sur-franceinfo\/"]}]},{"@type":"ImageObject","inLanguage":"en-GB","@id":"https:\/\/ecodef-ihedn.fr\/ukraine-julien-malizard-sur-franceinfo\/#primaryimage","url":"https:\/\/ecodef-ihedn.fr\/wp-content\/uploads\/2023\/02\/2023-02-02-JM-Franceinfo.png","contentUrl":"https:\/\/ecodef-ihedn.fr\/wp-content\/uploads\/2023\/02\/2023-02-02-JM-Franceinfo.png","width":1920,"height":1078},{"@type":"BreadcrumbList","@id":"https:\/\/ecodef-ihedn.fr\/ukraine-julien-malizard-sur-franceinfo\/#breadcrumb","itemListElement":[{"@type":"ListItem","position":1,"name":"Accueil","item":"https:\/\/ecodef-ihedn.fr\/"},{"@type":"ListItem","position":2,"name":"&#8220;L&#8217;Europe grenier \u00e0 armes de l&#8217;Ukraine ?&#8221; : Julien Malizard sur Franceinfo"}]},{"@type":"WebSite","@id":"https:\/\/ecodef-ihedn.fr\/#website","url":"https:\/\/ecodef-ihedn.fr\/","name":"Chair in Defence Economics - IHEDN","description":"Produce &amp; support, federate &amp; disseminate, act as an interface","publisher":{"@id":"https:\/\/ecodef-ihedn.fr\/#organization"},"potentialAction":[{"@type":"SearchAction","target":{"@type":"EntryPoint","urlTemplate":"https:\/\/ecodef-ihedn.fr\/?s={search_term_string}"},"query-input":{"@type":"PropertyValueSpecification","valueRequired":true,"valueName":"search_term_string"}}],"inLanguage":"en-GB"},{"@type":"Organization","@id":"https:\/\/ecodef-ihedn.fr\/#organization","name":"Chair in Defence Economics - IHEDN","url":"https:\/\/ecodef-ihedn.fr\/","logo":{"@type":"ImageObject","inLanguage":"en-GB","@id":"https:\/\/ecodef-ihedn.fr\/#\/schema\/logo\/image\/","url":"https:\/\/ecodef-ihedn.fr\/wp-content\/uploads\/2020\/04\/logoEcodef9.jpg","contentUrl":"https:\/\/ecodef-ihedn.fr\/wp-content\/uploads\/2020\/04\/logoEcodef9.jpg","width":410,"height":212,"caption":"Chaire \u00c9conomie de d\u00e9fense - IHEDN"},"image":{"@id":"https:\/\/ecodef-ihedn.fr\/#\/schema\/logo\/image\/"},"sameAs":["https:\/\/x.com\/Chaire_Ecodef","https:\/\/www.linkedin.com\/company\/chaire-ecodef-ihedn\/"]},{"@type":"Person","@id":"https:\/\/ecodef-ihedn.fr\/#\/schema\/person\/1cdf22d028cebe278126a6e07a884d30","name":"Bertrand Demandre","image":{"@type":"ImageObject","inLanguage":"en-GB","@id":"https:\/\/secure.gravatar.com\/avatar\/d9c9746d6c900ab5b9c0f9b1fa3932e369da923da247d624b8f7ab4ba8a3c093?s=96&d=mm&r=g","url":"https:\/\/secure.gravatar.com\/avatar\/d9c9746d6c900ab5b9c0f9b1fa3932e369da923da247d624b8f7ab4ba8a3c093?s=96&d=mm&r=g","contentUrl":"https:\/\/secure.gravatar.com\/avatar\/d9c9746d6c900ab5b9c0f9b1fa3932e369da923da247d624b8f7ab4ba8a3c093?s=96&d=mm&r=g","caption":"Bertrand Demandre"},"url":"https:\/\/ecodef-ihedn.fr\/en\/author\/bertrand\/"}]}},"_links":{"self":[{"href":"https:\/\/ecodef-ihedn.fr\/en\/wp-json\/wp\/v2\/posts\/7479","targetHints":{"allow":["GET"]}}],"collection":[{"href":"https:\/\/ecodef-ihedn.fr\/en\/wp-json\/wp\/v2\/posts"}],"about":[{"href":"https:\/\/ecodef-ihedn.fr\/en\/wp-json\/wp\/v2\/types\/post"}],"author":[{"embeddable":true,"href":"https:\/\/ecodef-ihedn.fr\/en\/wp-json\/wp\/v2\/users\/2"}],"replies":[{"embeddable":true,"href":"https:\/\/ecodef-ihedn.fr\/en\/wp-json\/wp\/v2\/comments?post=7479"}],"version-history":[{"count":11,"href":"https:\/\/ecodef-ihedn.fr\/en\/wp-json\/wp\/v2\/posts\/7479\/revisions"}],"predecessor-version":[{"id":7727,"href":"https:\/\/ecodef-ihedn.fr\/en\/wp-json\/wp\/v2\/posts\/7479\/revisions\/7727"}],"wp:featuredmedia":[{"embeddable":true,"href":"https:\/\/ecodef-ihedn.fr\/en\/wp-json\/wp\/v2\/media\/7480"}],"wp:attachment":[{"href":"https:\/\/ecodef-ihedn.fr\/en\/wp-json\/wp\/v2\/media?parent=7479"}],"wp:term":[{"taxonomy":"category","embeddable":true,"href":"https:\/\/ecodef-ihedn.fr\/en\/wp-json\/wp\/v2\/categories?post=7479"},{"taxonomy":"post_tag","embeddable":true,"href":"https:\/\/ecodef-ihedn.fr\/en\/wp-json\/wp\/v2\/tags?post=7479"}],"curies":[{"name":"wp","href":"https:\/\/api.w.org\/{rel}","templated":true}]}}