{"id":7497,"date":"2023-01-18T08:33:06","date_gmt":"2023-01-18T08:33:06","guid":{"rendered":"https:\/\/ecodef-ihedn.fr\/video-webinaire-financement-effort-defense-entretiens-de-lecodef-4-le-6-juillet-2022-copy\/"},"modified":"2023-04-03T10:41:52","modified_gmt":"2023-04-03T10:41:52","slug":"video-webinaire-evolutions-appareil-de-defense-conflit-de-haute-intensite-entretiens-de-lecodef-5-le-17-janvier-2023","status":"publish","type":"post","link":"https:\/\/ecodef-ihedn.fr\/en\/video-webinaire-evolutions-appareil-de-defense-conflit-de-haute-intensite-entretiens-de-lecodef-5-le-17-janvier-2023\/","title":{"rendered":"[VID\u00c9O] webinaire \u201cQuelles \u00e9volutions de notre appareil de d\u00e9fense face \u00e0 la menace des conflits de haute intensit\u00e9 ?\u201d (Les entretiens de l\u2019ECODEF #5 \/ 17 janvier 2023)"},"content":{"rendered":"<p>La <strong>video<\/strong> in the fifth issue of\u00ab\u00a0<strong>ECODEF talks \u00bb<\/strong> is available on the <strong><a href=\"https:\/\/www.youtube.com\/channel\/UC_dKcdKpWM-Cfk7gujhqXtA\" target=\"_blank\" rel=\"noopener\">Chair's YouTube page<\/a><\/strong>.<\/p>\n\n\n\n<p>This series of webinars highlights the results of the Chair's work, presented in the form of interviews.<\/p>\n\n\n\n<p><span style=\"color: initial;\">Le <\/span><a href=\"https:\/\/ecodef-ihedn.fr\/en\/inscription-17-01-2023-webinaire-quelles-evolutions-de-notre-appareil-de-defense-face-a-la-menace-des-conflits-de-haute-intensite\/\" target=\"_blank\" rel=\"noreferrer noopener\">fifth issue<\/a><span style=\"color: initial;\"> took place on&nbsp;<\/span><strong style=\"color: initial;\">Tuesday 17 January at 8.30am<\/strong><span style=\"color: initial;\">, at <\/span><a href=\"https:\/\/www.dems.defense.gouv.fr\/cdem\/\" target=\"_blank\" rel=\"noreferrer noopener\">Military School Documentation Centre (CDEM)<\/a><span style=\"color: initial;\">, on the theme :<\/span><\/p>\n\n\n\n<h4 class=\"has-text-align-center wp-block-heading\" id=\"exportations-d-armement-les-enjeux-de-leur-mesure\"><strong><em>How should our defence system evolve in the face of the threat of high-intensity conflicts?<\/em><\/strong><\/h4>\n\n\n\n<div class=\"wp-block-buttons is-content-justification-center is-layout-flex wp-container-core-buttons-is-layout-16018d1d wp-block-buttons-is-layout-flex\">\n<div class=\"wp-block-button is-style-round\"><a class=\"wp-block-button__link has-background wp-element-button\" href=\"https:\/\/youtu.be\/WJKToqeuNVw\" style=\"background-color:#004494\" target=\"_blank\" rel=\"noreferrer noopener\">watch or replay the webinar<\/a><\/div>\n<\/div>\n\n\n\n<p><strong>Guest :<\/strong><\/p>\n\n\n\n<p><strong>Nicolas Baverez<\/strong><br>Economist and historian<br>Doctorate in history and agr\u00e9g\u00e9 in social sciences<br>Member of the Executive Committee of Commentaire magazine<\/p>\n\n\n\n<p><strong>With :<\/strong><\/p>\n\n\n\n<p><strong>Julien Malizard<\/strong><br>Doctorate in economics<br>Deputy Chair of Defence Economics - IHEDN<\/p>\n\n\n\n<p><strong>Olivier Martin<\/strong><br>Engineer General of Armaments (2S)<br>Chairman of the Steering Committee of the Defence Economics Chair - IHEDN<\/p>\n\n\n\n<figure class=\"wp-block-gallery has-nested-images columns-default is-cropped wp-block-gallery-1 is-layout-flex wp-block-gallery-is-layout-flex\">\n<figure class=\"wp-block-image size-large\"><img loading=\"lazy\" decoding=\"async\" width=\"378\" height=\"378\" data-id=\"7212\" src=\"https:\/\/ecodef-ihedn.fr\/wp-content\/uploads\/2022\/12\/Nicola-Baverez.png\" alt=\"\" class=\"wp-image-7212\" srcset=\"https:\/\/ecodef-ihedn.fr\/wp-content\/uploads\/2022\/12\/Nicola-Baverez.png 378w, https:\/\/ecodef-ihedn.fr\/wp-content\/uploads\/2022\/12\/Nicola-Baverez-300x300.png 300w, https:\/\/ecodef-ihedn.fr\/wp-content\/uploads\/2022\/12\/Nicola-Baverez-150x150.png 150w\" sizes=\"auto, (max-width: 378px) 100vw, 378px\" \/><figcaption class=\"wp-element-caption\">Nicolas Baverez<\/figcaption><\/figure>\n\n\n\n<figure class=\"wp-block-image size-large\"><img loading=\"lazy\" decoding=\"async\" width=\"320\" height=\"320\" data-id=\"7213\" src=\"https:\/\/ecodef-ihedn.fr\/wp-content\/uploads\/2022\/12\/Julien-Malizard.png\" alt=\"\" class=\"wp-image-7213\" srcset=\"https:\/\/ecodef-ihedn.fr\/wp-content\/uploads\/2022\/12\/Julien-Malizard.png 320w, https:\/\/ecodef-ihedn.fr\/wp-content\/uploads\/2022\/12\/Julien-Malizard-300x300.png 300w, https:\/\/ecodef-ihedn.fr\/wp-content\/uploads\/2022\/12\/Julien-Malizard-150x150.png 150w\" sizes=\"auto, (max-width: 320px) 100vw, 320px\" \/><figcaption class=\"wp-element-caption\">Julien Malizard<\/figcaption><\/figure>\n\n\n\n<figure class=\"wp-block-image size-large\"><img loading=\"lazy\" decoding=\"async\" width=\"1024\" height=\"1024\" data-id=\"7214\" src=\"https:\/\/ecodef-ihedn.fr\/wp-content\/uploads\/2022\/12\/Olivier-Martin-1024x1024.png\" alt=\"\" class=\"wp-image-7214\" srcset=\"https:\/\/ecodef-ihedn.fr\/wp-content\/uploads\/2022\/12\/Olivier-Martin-1024x1024.png 1024w, https:\/\/ecodef-ihedn.fr\/wp-content\/uploads\/2022\/12\/Olivier-Martin-300x300.png 300w, https:\/\/ecodef-ihedn.fr\/wp-content\/uploads\/2022\/12\/Olivier-Martin-150x150.png 150w, https:\/\/ecodef-ihedn.fr\/wp-content\/uploads\/2022\/12\/Olivier-Martin-768x768.png 768w, https:\/\/ecodef-ihedn.fr\/wp-content\/uploads\/2022\/12\/Olivier-Martin-1536x1536.png 1536w, https:\/\/ecodef-ihedn.fr\/wp-content\/uploads\/2022\/12\/Olivier-Martin-696x696.png 696w, https:\/\/ecodef-ihedn.fr\/wp-content\/uploads\/2022\/12\/Olivier-Martin-1392x1392.png 1392w, https:\/\/ecodef-ihedn.fr\/wp-content\/uploads\/2022\/12\/Olivier-Martin-1068x1068.png 1068w, https:\/\/ecodef-ihedn.fr\/wp-content\/uploads\/2022\/12\/Olivier-Martin-420x420.png 420w, https:\/\/ecodef-ihedn.fr\/wp-content\/uploads\/2022\/12\/Olivier-Martin-840x840.png 840w, https:\/\/ecodef-ihedn.fr\/wp-content\/uploads\/2022\/12\/Olivier-Martin.png 1898w\" sizes=\"auto, (max-width: 1024px) 100vw, 1024px\" \/><figcaption class=\"wp-element-caption\">Olivier Martin<\/figcaption><\/figure>\n<\/figure>","protected":false},"excerpt":{"rendered":"<p>La vid\u00e9o du cinqui\u00e8me num\u00e9ro des \u00ab\u00a0Entretiens de l&rsquo;ECODEF\u00a0\u00bb est disponible sur la page YouTube de la Chaire. Cette s\u00e9rie de webinaires met en lumi\u00e8re les r\u00e9sultats des travaux de la Chaire, pr\u00e9sent\u00e9s sous forme d\u2019entretiens. Le cinqui\u00e8me num\u00e9ro s\u2019est d\u00e9roul\u00e9 le&nbsp;mardi 17 janvier \u00e0 8h30, au Centre de documentation de l\u2019\u00c9cole militaire (CDEM), sur [&hellip;]<\/p>\n","protected":false},"author":2,"featured_media":7507,"comment_status":"open","ping_status":"open","sticky":false,"template":"","format":"standard","meta":{"footnotes":""},"categories":[34,355],"tags":[605,337,102,587,438,37,47,405,577,473,504,602,38,149,586,86,456,601,417,547,536,455],"class_list":{"0":"post-7497","1":"post","2":"type-post","3":"status-publish","4":"format-standard","5":"has-post-thumbnail","7":"category-activites","8":"category-activites-evenements-portes-par-la-chaire","9":"tag-appareil-de-defense","10":"tag-cdem","11":"tag-conflit","12":"tag-conflit-de-haute-intensite","13":"tag-ecodef","14":"tag-economie","15":"tag-economie-de-defense","16":"tag-economie-de-guerre","17":"tag-effort-de-defense","18":"tag-entretiens-de-lecodef","19":"tag-entretiens-ecodef","20":"tag-haute-intensite","21":"tag-ihedn","22":"tag-industrie-de-defense","23":"tag-inflation","24":"tag-julien-malizard","25":"tag-les-entretiens-de-lecodef","26":"tag-nicolas-baverez","27":"tag-olivier-martin","28":"tag-rearmement","29":"tag-ukraine","30":"tag-webinaire"},"yoast_head":"<!-- This site is optimized with the Yoast SEO plugin v27.4 - https:\/\/yoast.com\/product\/yoast-seo-wordpress\/ -->\n<title>[VID\u00c9O] webinaire \u201cQuelles \u00e9volutions de notre appareil de d\u00e9fense face \u00e0 la menace des conflits de haute intensit\u00e9 ?\u201d (Les entretiens de l\u2019ECODEF #5 \/ 17 janvier 2023) - Chaire \u00c9conomie de d\u00e9fense - IHEDN<\/title>\n<meta name=\"robots\" content=\"index, follow, max-snippet:-1, max-image-preview:large, max-video-preview:-1\" \/>\n<link rel=\"canonical\" href=\"https:\/\/ecodef-ihedn.fr\/en\/video-webinaire-evolutions-appareil-de-defense-conflit-de-haute-intensite-entretiens-de-lecodef-5-le-17-janvier-2023\/\" \/>\n<meta property=\"og:locale\" content=\"en_GB\" \/>\n<meta property=\"og:type\" content=\"article\" \/>\n<meta property=\"og:title\" content=\"[VID\u00c9O] webinaire \u201cQuelles \u00e9volutions de notre appareil de d\u00e9fense face \u00e0 la menace des conflits de haute intensit\u00e9 ?\u201d (Les entretiens de l\u2019ECODEF #5 \/ 17 janvier 2023) - Chaire \u00c9conomie de d\u00e9fense - IHEDN\" \/>\n<meta property=\"og:description\" content=\"La vid\u00e9o du cinqui\u00e8me num\u00e9ro des \u00ab\u00a0Entretiens de l&rsquo;ECODEF\u00a0\u00bb est disponible sur la page YouTube de la Chaire. Cette s\u00e9rie de webinaires met en lumi\u00e8re les r\u00e9sultats des travaux de la Chaire, pr\u00e9sent\u00e9s sous forme d\u2019entretiens. Le cinqui\u00e8me num\u00e9ro s\u2019est d\u00e9roul\u00e9 le&nbsp;mardi 17 janvier \u00e0 8h30, au Centre de documentation de l\u2019\u00c9cole militaire (CDEM), sur [&hellip;]\" \/>\n<meta property=\"og:url\" content=\"https:\/\/ecodef-ihedn.fr\/en\/video-webinaire-evolutions-appareil-de-defense-conflit-de-haute-intensite-entretiens-de-lecodef-5-le-17-janvier-2023\/\" \/>\n<meta property=\"og:site_name\" content=\"Chaire \u00c9conomie de d\u00e9fense - IHEDN\" \/>\n<meta property=\"article:published_time\" content=\"2023-01-18T08:33:06+00:00\" \/>\n<meta property=\"article:modified_time\" content=\"2023-04-03T10:41:52+00:00\" \/>\n<meta property=\"og:image\" content=\"https:\/\/ecodef-ihedn.fr\/wp-content\/uploads\/2023\/01\/20230117_091713-scaled.jpg\" \/>\n\t<meta property=\"og:image:width\" content=\"2560\" \/>\n\t<meta property=\"og:image:height\" content=\"1920\" \/>\n\t<meta property=\"og:image:type\" content=\"image\/jpeg\" \/>\n<meta name=\"author\" content=\"Bertrand Demandre\" \/>\n<meta name=\"twitter:card\" content=\"summary_large_image\" \/>\n<meta name=\"twitter:creator\" content=\"@Chaire_Ecodef\" \/>\n<meta name=\"twitter:site\" content=\"@Chaire_Ecodef\" \/>\n<meta name=\"twitter:label1\" content=\"Written by\" \/>\n\t<meta name=\"twitter:data1\" content=\"Bertrand Demandre\" \/>\n\t<meta name=\"twitter:label2\" content=\"Estimated reading time\" \/>\n\t<meta name=\"twitter:data2\" content=\"2 minutes\" \/>\n<script type=\"application\/ld+json\" class=\"yoast-schema-graph\">{\"@context\":\"https:\\\/\\\/schema.org\",\"@graph\":[{\"@type\":\"Article\",\"@id\":\"https:\\\/\\\/ecodef-ihedn.fr\\\/video-webinaire-evolutions-appareil-de-defense-conflit-de-haute-intensite-entretiens-de-lecodef-5-le-17-janvier-2023\\\/#article\",\"isPartOf\":{\"@id\":\"https:\\\/\\\/ecodef-ihedn.fr\\\/video-webinaire-evolutions-appareil-de-defense-conflit-de-haute-intensite-entretiens-de-lecodef-5-le-17-janvier-2023\\\/\"},\"author\":{\"name\":\"Bertrand Demandre\",\"@id\":\"https:\\\/\\\/ecodef-ihedn.fr\\\/#\\\/schema\\\/person\\\/1cdf22d028cebe278126a6e07a884d30\"},\"headline\":\"[VID\u00c9O] webinaire \u201cQuelles \u00e9volutions de notre appareil de d\u00e9fense face \u00e0 la menace des conflits de haute intensit\u00e9 ?\u201d (Les entretiens de l\u2019ECODEF #5 \\\/ 17 janvier 2023)\",\"datePublished\":\"2023-01-18T08:33:06+00:00\",\"dateModified\":\"2023-04-03T10:41:52+00:00\",\"mainEntityOfPage\":{\"@id\":\"https:\\\/\\\/ecodef-ihedn.fr\\\/video-webinaire-evolutions-appareil-de-defense-conflit-de-haute-intensite-entretiens-de-lecodef-5-le-17-janvier-2023\\\/\"},\"wordCount\":188,\"commentCount\":0,\"publisher\":{\"@id\":\"https:\\\/\\\/ecodef-ihedn.fr\\\/#organization\"},\"image\":{\"@id\":\"https:\\\/\\\/ecodef-ihedn.fr\\\/video-webinaire-evolutions-appareil-de-defense-conflit-de-haute-intensite-entretiens-de-lecodef-5-le-17-janvier-2023\\\/#primaryimage\"},\"thumbnailUrl\":\"https:\\\/\\\/ecodef-ihedn.fr\\\/wp-content\\\/uploads\\\/2023\\\/01\\\/20230117_091713-scaled.jpg\",\"keywords\":[\"appareil de d\u00e9fense\",\"CDEM\",\"conflit\",\"conflit de haute intensit\u00e9\",\"ecodef\",\"\u00e9conomie\",\"\u00e9conomie de d\u00e9fense\",\"\u00e9conomie de guerre\",\"effort de d\u00e9fense\",\"entretiens de l&#039;ecodef\",\"entretiens ecodef\",\"haute intensit\u00e9\",\"IHEDN\",\"industrie de d\u00e9fense\",\"inflation\",\"Julien Malizard\",\"les entretiens de l'ecodef\",\"Nicolas Baverez\",\"Olivier Martin\",\"r\u00e9armement\",\"Ukraine\",\"webinaire\"],\"articleSection\":[\"Activit\u00e9s\",\"Activit\u00e9s : \u00e9v\u00e9nements port\u00e9s par la Chaire\"],\"inLanguage\":\"en-GB\",\"potentialAction\":[{\"@type\":\"CommentAction\",\"name\":\"Comment\",\"target\":[\"https:\\\/\\\/ecodef-ihedn.fr\\\/video-webinaire-evolutions-appareil-de-defense-conflit-de-haute-intensite-entretiens-de-lecodef-5-le-17-janvier-2023\\\/#respond\"]}]},{\"@type\":\"WebPage\",\"@id\":\"https:\\\/\\\/ecodef-ihedn.fr\\\/video-webinaire-evolutions-appareil-de-defense-conflit-de-haute-intensite-entretiens-de-lecodef-5-le-17-janvier-2023\\\/\",\"url\":\"https:\\\/\\\/ecodef-ihedn.fr\\\/video-webinaire-evolutions-appareil-de-defense-conflit-de-haute-intensite-entretiens-de-lecodef-5-le-17-janvier-2023\\\/\",\"name\":\"[VID\u00c9O] webinaire \u201cQuelles \u00e9volutions de notre appareil de d\u00e9fense face \u00e0 la menace des conflits de haute intensit\u00e9 ?\u201d (Les entretiens de l\u2019ECODEF #5 \\\/ 17 janvier 2023) - Chaire \u00c9conomie de d\u00e9fense - IHEDN\",\"isPartOf\":{\"@id\":\"https:\\\/\\\/ecodef-ihedn.fr\\\/#website\"},\"primaryImageOfPage\":{\"@id\":\"https:\\\/\\\/ecodef-ihedn.fr\\\/video-webinaire-evolutions-appareil-de-defense-conflit-de-haute-intensite-entretiens-de-lecodef-5-le-17-janvier-2023\\\/#primaryimage\"},\"image\":{\"@id\":\"https:\\\/\\\/ecodef-ihedn.fr\\\/video-webinaire-evolutions-appareil-de-defense-conflit-de-haute-intensite-entretiens-de-lecodef-5-le-17-janvier-2023\\\/#primaryimage\"},\"thumbnailUrl\":\"https:\\\/\\\/ecodef-ihedn.fr\\\/wp-content\\\/uploads\\\/2023\\\/01\\\/20230117_091713-scaled.jpg\",\"datePublished\":\"2023-01-18T08:33:06+00:00\",\"dateModified\":\"2023-04-03T10:41:52+00:00\",\"breadcrumb\":{\"@id\":\"https:\\\/\\\/ecodef-ihedn.fr\\\/video-webinaire-evolutions-appareil-de-defense-conflit-de-haute-intensite-entretiens-de-lecodef-5-le-17-janvier-2023\\\/#breadcrumb\"},\"inLanguage\":\"en-GB\",\"potentialAction\":[{\"@type\":\"ReadAction\",\"target\":[\"https:\\\/\\\/ecodef-ihedn.fr\\\/video-webinaire-evolutions-appareil-de-defense-conflit-de-haute-intensite-entretiens-de-lecodef-5-le-17-janvier-2023\\\/\"]}]},{\"@type\":\"ImageObject\",\"inLanguage\":\"en-GB\",\"@id\":\"https:\\\/\\\/ecodef-ihedn.fr\\\/video-webinaire-evolutions-appareil-de-defense-conflit-de-haute-intensite-entretiens-de-lecodef-5-le-17-janvier-2023\\\/#primaryimage\",\"url\":\"https:\\\/\\\/ecodef-ihedn.fr\\\/wp-content\\\/uploads\\\/2023\\\/01\\\/20230117_091713-scaled.jpg\",\"contentUrl\":\"https:\\\/\\\/ecodef-ihedn.fr\\\/wp-content\\\/uploads\\\/2023\\\/01\\\/20230117_091713-scaled.jpg\",\"width\":2560,\"height\":1920},{\"@type\":\"BreadcrumbList\",\"@id\":\"https:\\\/\\\/ecodef-ihedn.fr\\\/video-webinaire-evolutions-appareil-de-defense-conflit-de-haute-intensite-entretiens-de-lecodef-5-le-17-janvier-2023\\\/#breadcrumb\",\"itemListElement\":[{\"@type\":\"ListItem\",\"position\":1,\"name\":\"Accueil\",\"item\":\"https:\\\/\\\/ecodef-ihedn.fr\\\/\"},{\"@type\":\"ListItem\",\"position\":2,\"name\":\"[VID\u00c9O] webinaire \u201cQuelles \u00e9volutions de notre appareil de d\u00e9fense face \u00e0 la menace des conflits de haute intensit\u00e9 ?\u201d (Les entretiens de l\u2019ECODEF #5 \\\/ 17 janvier 2023)\"}]},{\"@type\":\"WebSite\",\"@id\":\"https:\\\/\\\/ecodef-ihedn.fr\\\/#website\",\"url\":\"https:\\\/\\\/ecodef-ihedn.fr\\\/\",\"name\":\"Chaire \u00c9conomie de D\u00e9fense - IHEDN\",\"description\":\"Produire &amp; soutenir, f\u00e9d\u00e9rer &amp; diffuser, \u00eatre une interface\",\"publisher\":{\"@id\":\"https:\\\/\\\/ecodef-ihedn.fr\\\/#organization\"},\"potentialAction\":[{\"@type\":\"SearchAction\",\"target\":{\"@type\":\"EntryPoint\",\"urlTemplate\":\"https:\\\/\\\/ecodef-ihedn.fr\\\/?s={search_term_string}\"},\"query-input\":{\"@type\":\"PropertyValueSpecification\",\"valueRequired\":true,\"valueName\":\"search_term_string\"}}],\"inLanguage\":\"en-GB\"},{\"@type\":\"Organization\",\"@id\":\"https:\\\/\\\/ecodef-ihedn.fr\\\/#organization\",\"name\":\"Chaire \u00c9conomie de d\u00e9fense - IHEDN\",\"url\":\"https:\\\/\\\/ecodef-ihedn.fr\\\/\",\"logo\":{\"@type\":\"ImageObject\",\"inLanguage\":\"en-GB\",\"@id\":\"https:\\\/\\\/ecodef-ihedn.fr\\\/#\\\/schema\\\/logo\\\/image\\\/\",\"url\":\"https:\\\/\\\/ecodef-ihedn.fr\\\/wp-content\\\/uploads\\\/2020\\\/04\\\/logoEcodef9.jpg\",\"contentUrl\":\"https:\\\/\\\/ecodef-ihedn.fr\\\/wp-content\\\/uploads\\\/2020\\\/04\\\/logoEcodef9.jpg\",\"width\":410,\"height\":212,\"caption\":\"Chaire \u00c9conomie de d\u00e9fense - IHEDN\"},\"image\":{\"@id\":\"https:\\\/\\\/ecodef-ihedn.fr\\\/#\\\/schema\\\/logo\\\/image\\\/\"},\"sameAs\":[\"https:\\\/\\\/x.com\\\/Chaire_Ecodef\",\"https:\\\/\\\/www.linkedin.com\\\/company\\\/chaire-ecodef-ihedn\\\/\"]},{\"@type\":\"Person\",\"@id\":\"https:\\\/\\\/ecodef-ihedn.fr\\\/#\\\/schema\\\/person\\\/1cdf22d028cebe278126a6e07a884d30\",\"name\":\"Bertrand Demandre\",\"image\":{\"@type\":\"ImageObject\",\"inLanguage\":\"en-GB\",\"@id\":\"https:\\\/\\\/secure.gravatar.com\\\/avatar\\\/d9c9746d6c900ab5b9c0f9b1fa3932e369da923da247d624b8f7ab4ba8a3c093?s=96&d=mm&r=g\",\"url\":\"https:\\\/\\\/secure.gravatar.com\\\/avatar\\\/d9c9746d6c900ab5b9c0f9b1fa3932e369da923da247d624b8f7ab4ba8a3c093?s=96&d=mm&r=g\",\"contentUrl\":\"https:\\\/\\\/secure.gravatar.com\\\/avatar\\\/d9c9746d6c900ab5b9c0f9b1fa3932e369da923da247d624b8f7ab4ba8a3c093?s=96&d=mm&r=g\",\"caption\":\"Bertrand Demandre\"},\"url\":\"https:\\\/\\\/ecodef-ihedn.fr\\\/en\\\/author\\\/bertrand\\\/\"}]}<\/script>\n<!-- \/ Yoast SEO plugin. -->","yoast_head_json":{"title":"[VID\u00c9O] webinaire \u201cQuelles \u00e9volutions de notre appareil de d\u00e9fense face \u00e0 la menace des conflits de haute intensit\u00e9 ?\u201d (Les entretiens de l\u2019ECODEF #5 \/ 17 janvier 2023) - Chaire \u00c9conomie de d\u00e9fense - IHEDN","robots":{"index":"index","follow":"follow","max-snippet":"max-snippet:-1","max-image-preview":"max-image-preview:large","max-video-preview":"max-video-preview:-1"},"canonical":"https:\/\/ecodef-ihedn.fr\/en\/video-webinaire-evolutions-appareil-de-defense-conflit-de-haute-intensite-entretiens-de-lecodef-5-le-17-janvier-2023\/","og_locale":"en_GB","og_type":"article","og_title":"[VID\u00c9O] webinaire \u201cQuelles \u00e9volutions de notre appareil de d\u00e9fense face \u00e0 la menace des conflits de haute intensit\u00e9 ?\u201d (Les entretiens de l\u2019ECODEF #5 \/ 17 janvier 2023) - Chaire \u00c9conomie de d\u00e9fense - IHEDN","og_description":"La vid\u00e9o du cinqui\u00e8me num\u00e9ro des \u00ab\u00a0Entretiens de l&rsquo;ECODEF\u00a0\u00bb est disponible sur la page YouTube de la Chaire. Cette s\u00e9rie de webinaires met en lumi\u00e8re les r\u00e9sultats des travaux de la Chaire, pr\u00e9sent\u00e9s sous forme d\u2019entretiens. Le cinqui\u00e8me num\u00e9ro s\u2019est d\u00e9roul\u00e9 le&nbsp;mardi 17 janvier \u00e0 8h30, au Centre de documentation de l\u2019\u00c9cole militaire (CDEM), sur [&hellip;]","og_url":"https:\/\/ecodef-ihedn.fr\/en\/video-webinaire-evolutions-appareil-de-defense-conflit-de-haute-intensite-entretiens-de-lecodef-5-le-17-janvier-2023\/","og_site_name":"Chaire \u00c9conomie de d\u00e9fense - IHEDN","article_published_time":"2023-01-18T08:33:06+00:00","article_modified_time":"2023-04-03T10:41:52+00:00","og_image":[{"width":2560,"height":1920,"url":"https:\/\/ecodef-ihedn.fr\/wp-content\/uploads\/2023\/01\/20230117_091713-scaled.jpg","type":"image\/jpeg"}],"author":"Bertrand Demandre","twitter_card":"summary_large_image","twitter_creator":"@Chaire_Ecodef","twitter_site":"@Chaire_Ecodef","twitter_misc":{"Written by":"Bertrand Demandre","Estimated reading time":"2 minutes"},"schema":{"@context":"https:\/\/schema.org","@graph":[{"@type":"Article","@id":"https:\/\/ecodef-ihedn.fr\/video-webinaire-evolutions-appareil-de-defense-conflit-de-haute-intensite-entretiens-de-lecodef-5-le-17-janvier-2023\/#article","isPartOf":{"@id":"https:\/\/ecodef-ihedn.fr\/video-webinaire-evolutions-appareil-de-defense-conflit-de-haute-intensite-entretiens-de-lecodef-5-le-17-janvier-2023\/"},"author":{"name":"Bertrand Demandre","@id":"https:\/\/ecodef-ihedn.fr\/#\/schema\/person\/1cdf22d028cebe278126a6e07a884d30"},"headline":"[VID\u00c9O] webinaire \u201cQuelles \u00e9volutions de notre appareil de d\u00e9fense face \u00e0 la menace des conflits de haute intensit\u00e9 ?\u201d (Les entretiens de l\u2019ECODEF #5 \/ 17 janvier 2023)","datePublished":"2023-01-18T08:33:06+00:00","dateModified":"2023-04-03T10:41:52+00:00","mainEntityOfPage":{"@id":"https:\/\/ecodef-ihedn.fr\/video-webinaire-evolutions-appareil-de-defense-conflit-de-haute-intensite-entretiens-de-lecodef-5-le-17-janvier-2023\/"},"wordCount":188,"commentCount":0,"publisher":{"@id":"https:\/\/ecodef-ihedn.fr\/#organization"},"image":{"@id":"https:\/\/ecodef-ihedn.fr\/video-webinaire-evolutions-appareil-de-defense-conflit-de-haute-intensite-entretiens-de-lecodef-5-le-17-janvier-2023\/#primaryimage"},"thumbnailUrl":"https:\/\/ecodef-ihedn.fr\/wp-content\/uploads\/2023\/01\/20230117_091713-scaled.jpg","keywords":["appareil de d\u00e9fense","CDEM","conflit","conflit de haute intensit\u00e9","ecodef","\u00e9conomie","\u00e9conomie de d\u00e9fense","\u00e9conomie de guerre","effort de d\u00e9fense","entretiens de l&#039;ecodef","entretiens ecodef","haute intensit\u00e9","IHEDN","industrie de d\u00e9fense","inflation","Julien Malizard","les entretiens de l'ecodef","Nicolas Baverez","Olivier Martin","r\u00e9armement","Ukraine","webinaire"],"articleSection":["Activit\u00e9s","Activit\u00e9s : \u00e9v\u00e9nements port\u00e9s par la Chaire"],"inLanguage":"en-GB","potentialAction":[{"@type":"CommentAction","name":"Comment","target":["https:\/\/ecodef-ihedn.fr\/video-webinaire-evolutions-appareil-de-defense-conflit-de-haute-intensite-entretiens-de-lecodef-5-le-17-janvier-2023\/#respond"]}]},{"@type":"WebPage","@id":"https:\/\/ecodef-ihedn.fr\/video-webinaire-evolutions-appareil-de-defense-conflit-de-haute-intensite-entretiens-de-lecodef-5-le-17-janvier-2023\/","url":"https:\/\/ecodef-ihedn.fr\/video-webinaire-evolutions-appareil-de-defense-conflit-de-haute-intensite-entretiens-de-lecodef-5-le-17-janvier-2023\/","name":"[VID\u00c9O] webinaire \u201cQuelles \u00e9volutions de notre appareil de d\u00e9fense face \u00e0 la menace des conflits de haute intensit\u00e9 ?\u201d (Les entretiens de l\u2019ECODEF #5 \/ 17 janvier 2023) - Chaire \u00c9conomie de d\u00e9fense - IHEDN","isPartOf":{"@id":"https:\/\/ecodef-ihedn.fr\/#website"},"primaryImageOfPage":{"@id":"https:\/\/ecodef-ihedn.fr\/video-webinaire-evolutions-appareil-de-defense-conflit-de-haute-intensite-entretiens-de-lecodef-5-le-17-janvier-2023\/#primaryimage"},"image":{"@id":"https:\/\/ecodef-ihedn.fr\/video-webinaire-evolutions-appareil-de-defense-conflit-de-haute-intensite-entretiens-de-lecodef-5-le-17-janvier-2023\/#primaryimage"},"thumbnailUrl":"https:\/\/ecodef-ihedn.fr\/wp-content\/uploads\/2023\/01\/20230117_091713-scaled.jpg","datePublished":"2023-01-18T08:33:06+00:00","dateModified":"2023-04-03T10:41:52+00:00","breadcrumb":{"@id":"https:\/\/ecodef-ihedn.fr\/video-webinaire-evolutions-appareil-de-defense-conflit-de-haute-intensite-entretiens-de-lecodef-5-le-17-janvier-2023\/#breadcrumb"},"inLanguage":"en-GB","potentialAction":[{"@type":"ReadAction","target":["https:\/\/ecodef-ihedn.fr\/video-webinaire-evolutions-appareil-de-defense-conflit-de-haute-intensite-entretiens-de-lecodef-5-le-17-janvier-2023\/"]}]},{"@type":"ImageObject","inLanguage":"en-GB","@id":"https:\/\/ecodef-ihedn.fr\/video-webinaire-evolutions-appareil-de-defense-conflit-de-haute-intensite-entretiens-de-lecodef-5-le-17-janvier-2023\/#primaryimage","url":"https:\/\/ecodef-ihedn.fr\/wp-content\/uploads\/2023\/01\/20230117_091713-scaled.jpg","contentUrl":"https:\/\/ecodef-ihedn.fr\/wp-content\/uploads\/2023\/01\/20230117_091713-scaled.jpg","width":2560,"height":1920},{"@type":"BreadcrumbList","@id":"https:\/\/ecodef-ihedn.fr\/video-webinaire-evolutions-appareil-de-defense-conflit-de-haute-intensite-entretiens-de-lecodef-5-le-17-janvier-2023\/#breadcrumb","itemListElement":[{"@type":"ListItem","position":1,"name":"Accueil","item":"https:\/\/ecodef-ihedn.fr\/"},{"@type":"ListItem","position":2,"name":"[VID\u00c9O] webinaire \u201cQuelles \u00e9volutions de notre appareil de d\u00e9fense face \u00e0 la menace des conflits de haute intensit\u00e9 ?\u201d (Les entretiens de l\u2019ECODEF #5 \/ 17 janvier 2023)"}]},{"@type":"WebSite","@id":"https:\/\/ecodef-ihedn.fr\/#website","url":"https:\/\/ecodef-ihedn.fr\/","name":"Chair in Defence Economics - IHEDN","description":"Produce &amp; support, federate &amp; disseminate, act as an interface","publisher":{"@id":"https:\/\/ecodef-ihedn.fr\/#organization"},"potentialAction":[{"@type":"SearchAction","target":{"@type":"EntryPoint","urlTemplate":"https:\/\/ecodef-ihedn.fr\/?s={search_term_string}"},"query-input":{"@type":"PropertyValueSpecification","valueRequired":true,"valueName":"search_term_string"}}],"inLanguage":"en-GB"},{"@type":"Organization","@id":"https:\/\/ecodef-ihedn.fr\/#organization","name":"Chair in Defence Economics - IHEDN","url":"https:\/\/ecodef-ihedn.fr\/","logo":{"@type":"ImageObject","inLanguage":"en-GB","@id":"https:\/\/ecodef-ihedn.fr\/#\/schema\/logo\/image\/","url":"https:\/\/ecodef-ihedn.fr\/wp-content\/uploads\/2020\/04\/logoEcodef9.jpg","contentUrl":"https:\/\/ecodef-ihedn.fr\/wp-content\/uploads\/2020\/04\/logoEcodef9.jpg","width":410,"height":212,"caption":"Chaire \u00c9conomie de d\u00e9fense - IHEDN"},"image":{"@id":"https:\/\/ecodef-ihedn.fr\/#\/schema\/logo\/image\/"},"sameAs":["https:\/\/x.com\/Chaire_Ecodef","https:\/\/www.linkedin.com\/company\/chaire-ecodef-ihedn\/"]},{"@type":"Person","@id":"https:\/\/ecodef-ihedn.fr\/#\/schema\/person\/1cdf22d028cebe278126a6e07a884d30","name":"Bertrand Demandre","image":{"@type":"ImageObject","inLanguage":"en-GB","@id":"https:\/\/secure.gravatar.com\/avatar\/d9c9746d6c900ab5b9c0f9b1fa3932e369da923da247d624b8f7ab4ba8a3c093?s=96&d=mm&r=g","url":"https:\/\/secure.gravatar.com\/avatar\/d9c9746d6c900ab5b9c0f9b1fa3932e369da923da247d624b8f7ab4ba8a3c093?s=96&d=mm&r=g","contentUrl":"https:\/\/secure.gravatar.com\/avatar\/d9c9746d6c900ab5b9c0f9b1fa3932e369da923da247d624b8f7ab4ba8a3c093?s=96&d=mm&r=g","caption":"Bertrand Demandre"},"url":"https:\/\/ecodef-ihedn.fr\/en\/author\/bertrand\/"}]}},"_links":{"self":[{"href":"https:\/\/ecodef-ihedn.fr\/en\/wp-json\/wp\/v2\/posts\/7497","targetHints":{"allow":["GET"]}}],"collection":[{"href":"https:\/\/ecodef-ihedn.fr\/en\/wp-json\/wp\/v2\/posts"}],"about":[{"href":"https:\/\/ecodef-ihedn.fr\/en\/wp-json\/wp\/v2\/types\/post"}],"author":[{"embeddable":true,"href":"https:\/\/ecodef-ihedn.fr\/en\/wp-json\/wp\/v2\/users\/2"}],"replies":[{"embeddable":true,"href":"https:\/\/ecodef-ihedn.fr\/en\/wp-json\/wp\/v2\/comments?post=7497"}],"version-history":[{"count":7,"href":"https:\/\/ecodef-ihedn.fr\/en\/wp-json\/wp\/v2\/posts\/7497\/revisions"}],"predecessor-version":[{"id":7799,"href":"https:\/\/ecodef-ihedn.fr\/en\/wp-json\/wp\/v2\/posts\/7497\/revisions\/7799"}],"wp:featuredmedia":[{"embeddable":true,"href":"https:\/\/ecodef-ihedn.fr\/en\/wp-json\/wp\/v2\/media\/7507"}],"wp:attachment":[{"href":"https:\/\/ecodef-ihedn.fr\/en\/wp-json\/wp\/v2\/media?parent=7497"}],"wp:term":[{"taxonomy":"category","embeddable":true,"href":"https:\/\/ecodef-ihedn.fr\/en\/wp-json\/wp\/v2\/categories?post=7497"},{"taxonomy":"post_tag","embeddable":true,"href":"https:\/\/ecodef-ihedn.fr\/en\/wp-json\/wp\/v2\/tags?post=7497"}],"curies":[{"name":"wp","href":"https:\/\/api.w.org\/{rel}","templated":true}]}}