{"id":7624,"date":"2023-03-09T13:46:00","date_gmt":"2023-03-09T13:46:00","guid":{"rendered":"https:\/\/ecodef-ihedn.fr\/video-webinaire-evolutions-appareil-de-defense-conflit-de-haute-intensite-entretiens-de-lecodef-5-le-17-janvier-2023-copy\/"},"modified":"2023-09-27T08:22:38","modified_gmt":"2023-09-27T08:22:38","slug":"video-webinaire-cooperation-europeennee-programmes-armement-entretiens-de-lecodef-6-le-9-mars-2023","status":"publish","type":"post","link":"https:\/\/ecodef-ihedn.fr\/en\/video-webinaire-cooperation-europeennee-programmes-armement-entretiens-de-lecodef-6-le-9-mars-2023\/","title":{"rendered":"[VID\u00c9O] webinaire \u201cL\u2019inefficacit\u00e9 des programmes d\u2019armement en coop\u00e9ration europ\u00e9enne : un mythe ?\u201d (Les entretiens de l\u2019ECODEF #6 \/ 9 mars 2023)"},"content":{"rendered":"<h2 id=\"exportations-d-armement-les-enjeux-de-leur-mesure\" class=\"has-text-align-center\" style=\"text-align: center;\"><strong><em>Is the inefficiency of European armaments cooperation programmes a myth?<\/em><\/strong><\/h2>\r\n<p>The video of the <strong><a href=\"https:\/\/ecodef-ihedn.fr\/en\/inscription-09-03-2023-webinaire-linefficacite-des-programmes-darmement-en-cooperation-europeenne-un-mythe\/\" target=\"_blank\" rel=\"noreferrer noopener\">sixth issue<\/a><\/strong> the \u00ab\u00a0<strong>ECODEF talks \u00bb<\/strong>, which <span style=\"color: initial;\">took place on <\/span>Thursday 9 March at 8.30am<span style=\"color: initial;\">\u00a0at <\/span><a href=\"https:\/\/www.dems.defense.gouv.fr\/cdem\/\" target=\"_blank\" rel=\"noreferrer noopener\">Military School Documentation Centre (CDEM)<\/a>, is available on the <strong><a href=\"https:\/\/www.youtube.com\/channel\/UC_dKcdKpWM-Cfk7gujhqXtA\" target=\"_blank\" rel=\"noopener\">Chair's YouTube page<\/a><\/strong>.<\/p>\r\n<p>This series of webinars highlights the results of the Chair's work, presented in the form of interviews.<\/p>\r\n\r\n\r\n\r\n\r\n\r\n\r\n\r\n<div class=\"wp-block-buttons\">\r\n<div style=\"text-align: center;\"><a href=\"https:\/\/youtu.be\/5ev9JAS5lZI\" target=\"_blank\" rel=\"noopener\"><span class=\"td_btn td_btn_md td_default_btn\">watch or replay the webinar<\/span><\/a><\/div>\r\n<\/div>\r\n<!-- \/wp:post-content -->\r\n\r\n<!-- wp:paragraph -->\r\n<p>&nbsp;<\/p>\r\n<!-- \/wp:paragraph -->\r\n\r\n<!-- wp:paragraph -->\r\n<p><img loading=\"lazy\" decoding=\"async\" class=\"wp-image-7515 size-thumbnail alignleft\" src=\"https:\/\/ecodef-ihedn.fr\/wp-content\/uploads\/2023\/02\/Richard-Ford-150x150.png\" alt=\"\" width=\"150\" height=\"150\" srcset=\"https:\/\/ecodef-ihedn.fr\/wp-content\/uploads\/2023\/02\/Richard-Ford-150x150.png 150w, https:\/\/ecodef-ihedn.fr\/wp-content\/uploads\/2023\/02\/Richard-Ford-300x300.png 300w, https:\/\/ecodef-ihedn.fr\/wp-content\/uploads\/2023\/02\/Richard-Ford.png 309w\" sizes=\"auto, (max-width: 150px) 100vw, 150px\" \/><\/p>\r\n<p>Guest : <strong>Richard Ford<\/strong><br \/>Head of International Missile Systems Cooperation at the UK Ministry of Defence<br \/>Expert researcher in cooperation at <em>Defence Equipment and Support (DE&amp;S)<\/em><\/p>\r\n<!-- \/wp:paragraph -->\r\n\r\n<!-- wp:paragraph \/-->\r\n\r\n<!-- wp:paragraph -->\r\n<p>&nbsp;<\/p>\r\n<p><img loading=\"lazy\" decoding=\"async\" class=\"wp-image-7513 size-thumbnail alignleft\" src=\"https:\/\/ecodef-ihedn.fr\/wp-content\/uploads\/2023\/02\/Josselin-Droff-150x150.jpg\" alt=\"\" width=\"150\" height=\"150\" srcset=\"https:\/\/ecodef-ihedn.fr\/wp-content\/uploads\/2023\/02\/Josselin-Droff-150x150.jpg 150w, https:\/\/ecodef-ihedn.fr\/wp-content\/uploads\/2023\/02\/Josselin-Droff-300x300.jpg 300w, https:\/\/ecodef-ihedn.fr\/wp-content\/uploads\/2023\/02\/Josselin-Droff.jpg 309w\" sizes=\"auto, (max-width: 150px) 100vw, 150px\" \/>With : <strong>Josselin Droff<\/strong><br \/>Doctorate in economics<br \/>Researcher at the Defence Economics Chair - IHEDN<\/p>\r\n<!-- \/wp:paragraph -->\r\n\r\n<!-- wp:paragraph \/-->\r\n\r\n<!-- wp:paragraph -->\r\n<p>&nbsp;<\/p>\r\n<p><br \/><img loading=\"lazy\" decoding=\"async\" class=\"wp-image-7514 size-thumbnail alignleft\" src=\"https:\/\/ecodef-ihedn.fr\/wp-content\/uploads\/2023\/02\/Olivier-Martin-150x150.png\" alt=\"\" width=\"150\" height=\"150\" srcset=\"https:\/\/ecodef-ihedn.fr\/wp-content\/uploads\/2023\/02\/Olivier-Martin-150x150.png 150w, https:\/\/ecodef-ihedn.fr\/wp-content\/uploads\/2023\/02\/Olivier-Martin-300x300.png 300w, https:\/\/ecodef-ihedn.fr\/wp-content\/uploads\/2023\/02\/Olivier-Martin.png 309w\" sizes=\"auto, (max-width: 150px) 100vw, 150px\" \/>Hosted by : <strong>Olivier Martin<\/strong><br \/>Engineer General of Armaments (2S)<br \/>Chairman of the Steering Committee of the Defence Economics Chair - IHEDN<\/p>\r\n<!-- \/wp:paragraph -->\r\n\r\n<!-- wp:gallery {\"linkTo\":\"none\"} -->\r\n<figure class=\"wp-block-gallery has-nested-images columns-default is-cropped\"><!-- wp:image {\"id\":7515,\"sizeSlug\":\"full\",\"linkDestination\":\"none\"} -->\r\n<figure class=\"wp-block-image size-full\"><\/figure>\r\n<!-- \/wp:image -->\r\n\r\n<!-- wp:image {\"id\":7513,\"sizeSlug\":\"full\",\"linkDestination\":\"none\"} \/-->\r\n\r\n<!-- wp:image {\"id\":7214,\"sizeSlug\":\"large\",\"linkDestination\":\"none\"} \/--><\/figure>\r\n<!-- \/wp:gallery -->","protected":false},"excerpt":{"rendered":"<p>L\u2019inefficacit\u00e9 des programmes d\u2019armement en coop\u00e9ration europ\u00e9enne : un mythe ? La vid\u00e9o du sixi\u00e8me num\u00e9ro des \u00ab\u00a0Entretiens de l&rsquo;ECODEF\u00a0\u00bb, qui a eu lieu le jeudi 9 mars \u00e0 8h30\u00a0au Centre de documentation de l\u2019\u00c9cole militaire (CDEM), est disponible sur la page YouTube de la Chaire. Cette s\u00e9rie de webinaires met en lumi\u00e8re les r\u00e9sultats [&hellip;]<\/p>\n","protected":false},"author":2,"featured_media":7762,"comment_status":"open","ping_status":"open","sticky":false,"template":"","format":"standard","meta":{"footnotes":""},"categories":[34,355],"tags":[337,411,410,438,37,47,473,504,38,149,202,456,608,417,607,606,397,455],"class_list":{"0":"post-7624","1":"post","2":"type-post","3":"status-publish","4":"format-standard","5":"has-post-thumbnail","7":"category-activites","8":"category-activites-evenements-portes-par-la-chaire","9":"tag-cdem","10":"tag-cooperation-de-defense","11":"tag-cooperation-europeenne","12":"tag-ecodef","13":"tag-economie","14":"tag-economie-de-defense","15":"tag-entretiens-de-lecodef","16":"tag-entretiens-ecodef","17":"tag-ihedn","18":"tag-industrie-de-defense","19":"tag-josselin-droff","20":"tag-les-entretiens-de-lecodef","21":"tag-mod","22":"tag-olivier-martin","23":"tag-programmes-darmement","24":"tag-richard-ford","25":"tag-royaume-uni","26":"tag-webinaire"},"yoast_head":"<!-- This site is optimized with the Yoast SEO plugin v27.4 - https:\/\/yoast.com\/product\/yoast-seo-wordpress\/ -->\n<title>[VID\u00c9O] webinaire \u201cL\u2019inefficacit\u00e9 des programmes d\u2019armement en coop\u00e9ration europ\u00e9enne : un mythe ?\u201d (Les entretiens de l\u2019ECODEF #6 \/ 9 mars 2023) - Chaire \u00c9conomie de d\u00e9fense - IHEDN<\/title>\n<meta name=\"robots\" content=\"index, follow, max-snippet:-1, max-image-preview:large, max-video-preview:-1\" \/>\n<link rel=\"canonical\" href=\"https:\/\/ecodef-ihedn.fr\/en\/video-webinaire-cooperation-europeennee-programmes-armement-entretiens-de-lecodef-6-le-9-mars-2023\/\" \/>\n<meta property=\"og:locale\" content=\"en_GB\" \/>\n<meta property=\"og:type\" content=\"article\" \/>\n<meta property=\"og:title\" content=\"[VID\u00c9O] webinaire \u201cL\u2019inefficacit\u00e9 des programmes d\u2019armement en coop\u00e9ration europ\u00e9enne : un mythe ?\u201d (Les entretiens de l\u2019ECODEF #6 \/ 9 mars 2023) - Chaire \u00c9conomie de d\u00e9fense - IHEDN\" \/>\n<meta property=\"og:description\" content=\"L\u2019inefficacit\u00e9 des programmes d\u2019armement en coop\u00e9ration europ\u00e9enne : un mythe ? La vid\u00e9o du sixi\u00e8me num\u00e9ro des \u00ab\u00a0Entretiens de l&rsquo;ECODEF\u00a0\u00bb, qui a eu lieu le jeudi 9 mars \u00e0 8h30\u00a0au Centre de documentation de l\u2019\u00c9cole militaire (CDEM), est disponible sur la page YouTube de la Chaire. Cette s\u00e9rie de webinaires met en lumi\u00e8re les r\u00e9sultats [&hellip;]\" \/>\n<meta property=\"og:url\" content=\"https:\/\/ecodef-ihedn.fr\/en\/video-webinaire-cooperation-europeennee-programmes-armement-entretiens-de-lecodef-6-le-9-mars-2023\/\" \/>\n<meta property=\"og:site_name\" content=\"Chaire \u00c9conomie de d\u00e9fense - IHEDN\" \/>\n<meta property=\"article:published_time\" content=\"2023-03-09T13:46:00+00:00\" \/>\n<meta property=\"article:modified_time\" content=\"2023-09-27T08:22:38+00:00\" \/>\n<meta property=\"og:image\" content=\"https:\/\/ecodef-ihedn.fr\/wp-content\/uploads\/2023\/03\/Capture-decran-2023-03-31-143040-1.png\" \/>\n\t<meta property=\"og:image:width\" content=\"1279\" \/>\n\t<meta property=\"og:image:height\" content=\"720\" \/>\n\t<meta property=\"og:image:type\" content=\"image\/png\" \/>\n<meta name=\"author\" content=\"Bertrand Demandre\" \/>\n<meta name=\"twitter:card\" content=\"summary_large_image\" \/>\n<meta name=\"twitter:creator\" content=\"@Chaire_Ecodef\" \/>\n<meta name=\"twitter:site\" content=\"@Chaire_Ecodef\" \/>\n<meta name=\"twitter:label1\" content=\"Written by\" \/>\n\t<meta name=\"twitter:data1\" content=\"Bertrand Demandre\" \/>\n\t<meta name=\"twitter:label2\" content=\"Estimated reading time\" \/>\n\t<meta name=\"twitter:data2\" content=\"2 minutes\" \/>\n<script type=\"application\/ld+json\" class=\"yoast-schema-graph\">{\"@context\":\"https:\\\/\\\/schema.org\",\"@graph\":[{\"@type\":\"Article\",\"@id\":\"https:\\\/\\\/ecodef-ihedn.fr\\\/video-webinaire-cooperation-europeennee-programmes-armement-entretiens-de-lecodef-6-le-9-mars-2023\\\/#article\",\"isPartOf\":{\"@id\":\"https:\\\/\\\/ecodef-ihedn.fr\\\/video-webinaire-cooperation-europeennee-programmes-armement-entretiens-de-lecodef-6-le-9-mars-2023\\\/\"},\"author\":{\"name\":\"Bertrand Demandre\",\"@id\":\"https:\\\/\\\/ecodef-ihedn.fr\\\/#\\\/schema\\\/person\\\/1cdf22d028cebe278126a6e07a884d30\"},\"headline\":\"[VID\u00c9O] webinaire \u201cL\u2019inefficacit\u00e9 des programmes d\u2019armement en coop\u00e9ration europ\u00e9enne : un mythe ?\u201d (Les entretiens de l\u2019ECODEF #6 \\\/ 9 mars 2023)\",\"datePublished\":\"2023-03-09T13:46:00+00:00\",\"dateModified\":\"2023-09-27T08:22:38+00:00\",\"mainEntityOfPage\":{\"@id\":\"https:\\\/\\\/ecodef-ihedn.fr\\\/video-webinaire-cooperation-europeennee-programmes-armement-entretiens-de-lecodef-6-le-9-mars-2023\\\/\"},\"wordCount\":182,\"commentCount\":0,\"publisher\":{\"@id\":\"https:\\\/\\\/ecodef-ihedn.fr\\\/#organization\"},\"image\":{\"@id\":\"https:\\\/\\\/ecodef-ihedn.fr\\\/video-webinaire-cooperation-europeennee-programmes-armement-entretiens-de-lecodef-6-le-9-mars-2023\\\/#primaryimage\"},\"thumbnailUrl\":\"https:\\\/\\\/ecodef-ihedn.fr\\\/wp-content\\\/uploads\\\/2023\\\/03\\\/Capture-decran-2023-03-31-143040-1.png\",\"keywords\":[\"CDEM\",\"coop\u00e9ration de d\u00e9fense\",\"coop\u00e9ration europ\u00e9enne\",\"ecodef\",\"\u00e9conomie\",\"\u00e9conomie de d\u00e9fense\",\"entretiens de l&#039;ecodef\",\"entretiens ecodef\",\"IHEDN\",\"industrie de d\u00e9fense\",\"Josselin Droff\",\"les entretiens de l'ecodef\",\"MoD\",\"Olivier Martin\",\"programmes d'armement\",\"Richard Ford\",\"Royaume-Uni\",\"webinaire\"],\"articleSection\":[\"Activit\u00e9s\",\"Activit\u00e9s : \u00e9v\u00e9nements port\u00e9s par la Chaire\"],\"inLanguage\":\"en-GB\",\"potentialAction\":[{\"@type\":\"CommentAction\",\"name\":\"Comment\",\"target\":[\"https:\\\/\\\/ecodef-ihedn.fr\\\/video-webinaire-cooperation-europeennee-programmes-armement-entretiens-de-lecodef-6-le-9-mars-2023\\\/#respond\"]}]},{\"@type\":\"WebPage\",\"@id\":\"https:\\\/\\\/ecodef-ihedn.fr\\\/video-webinaire-cooperation-europeennee-programmes-armement-entretiens-de-lecodef-6-le-9-mars-2023\\\/\",\"url\":\"https:\\\/\\\/ecodef-ihedn.fr\\\/video-webinaire-cooperation-europeennee-programmes-armement-entretiens-de-lecodef-6-le-9-mars-2023\\\/\",\"name\":\"[VID\u00c9O] webinaire \u201cL\u2019inefficacit\u00e9 des programmes d\u2019armement en coop\u00e9ration europ\u00e9enne : un mythe ?\u201d (Les entretiens de l\u2019ECODEF #6 \\\/ 9 mars 2023) - Chaire \u00c9conomie de d\u00e9fense - IHEDN\",\"isPartOf\":{\"@id\":\"https:\\\/\\\/ecodef-ihedn.fr\\\/#website\"},\"primaryImageOfPage\":{\"@id\":\"https:\\\/\\\/ecodef-ihedn.fr\\\/video-webinaire-cooperation-europeennee-programmes-armement-entretiens-de-lecodef-6-le-9-mars-2023\\\/#primaryimage\"},\"image\":{\"@id\":\"https:\\\/\\\/ecodef-ihedn.fr\\\/video-webinaire-cooperation-europeennee-programmes-armement-entretiens-de-lecodef-6-le-9-mars-2023\\\/#primaryimage\"},\"thumbnailUrl\":\"https:\\\/\\\/ecodef-ihedn.fr\\\/wp-content\\\/uploads\\\/2023\\\/03\\\/Capture-decran-2023-03-31-143040-1.png\",\"datePublished\":\"2023-03-09T13:46:00+00:00\",\"dateModified\":\"2023-09-27T08:22:38+00:00\",\"breadcrumb\":{\"@id\":\"https:\\\/\\\/ecodef-ihedn.fr\\\/video-webinaire-cooperation-europeennee-programmes-armement-entretiens-de-lecodef-6-le-9-mars-2023\\\/#breadcrumb\"},\"inLanguage\":\"en-GB\",\"potentialAction\":[{\"@type\":\"ReadAction\",\"target\":[\"https:\\\/\\\/ecodef-ihedn.fr\\\/video-webinaire-cooperation-europeennee-programmes-armement-entretiens-de-lecodef-6-le-9-mars-2023\\\/\"]}]},{\"@type\":\"ImageObject\",\"inLanguage\":\"en-GB\",\"@id\":\"https:\\\/\\\/ecodef-ihedn.fr\\\/video-webinaire-cooperation-europeennee-programmes-armement-entretiens-de-lecodef-6-le-9-mars-2023\\\/#primaryimage\",\"url\":\"https:\\\/\\\/ecodef-ihedn.fr\\\/wp-content\\\/uploads\\\/2023\\\/03\\\/Capture-decran-2023-03-31-143040-1.png\",\"contentUrl\":\"https:\\\/\\\/ecodef-ihedn.fr\\\/wp-content\\\/uploads\\\/2023\\\/03\\\/Capture-decran-2023-03-31-143040-1.png\",\"width\":1279,\"height\":720},{\"@type\":\"BreadcrumbList\",\"@id\":\"https:\\\/\\\/ecodef-ihedn.fr\\\/video-webinaire-cooperation-europeennee-programmes-armement-entretiens-de-lecodef-6-le-9-mars-2023\\\/#breadcrumb\",\"itemListElement\":[{\"@type\":\"ListItem\",\"position\":1,\"name\":\"Accueil\",\"item\":\"https:\\\/\\\/ecodef-ihedn.fr\\\/\"},{\"@type\":\"ListItem\",\"position\":2,\"name\":\"[VID\u00c9O] webinaire \u201cL\u2019inefficacit\u00e9 des programmes d\u2019armement en coop\u00e9ration europ\u00e9enne : un mythe ?\u201d (Les entretiens de l\u2019ECODEF #6 \\\/ 9 mars 2023)\"}]},{\"@type\":\"WebSite\",\"@id\":\"https:\\\/\\\/ecodef-ihedn.fr\\\/#website\",\"url\":\"https:\\\/\\\/ecodef-ihedn.fr\\\/\",\"name\":\"Chaire \u00c9conomie de D\u00e9fense - IHEDN\",\"description\":\"Produire &amp; soutenir, f\u00e9d\u00e9rer &amp; diffuser, \u00eatre une interface\",\"publisher\":{\"@id\":\"https:\\\/\\\/ecodef-ihedn.fr\\\/#organization\"},\"potentialAction\":[{\"@type\":\"SearchAction\",\"target\":{\"@type\":\"EntryPoint\",\"urlTemplate\":\"https:\\\/\\\/ecodef-ihedn.fr\\\/?s={search_term_string}\"},\"query-input\":{\"@type\":\"PropertyValueSpecification\",\"valueRequired\":true,\"valueName\":\"search_term_string\"}}],\"inLanguage\":\"en-GB\"},{\"@type\":\"Organization\",\"@id\":\"https:\\\/\\\/ecodef-ihedn.fr\\\/#organization\",\"name\":\"Chaire \u00c9conomie de d\u00e9fense - IHEDN\",\"url\":\"https:\\\/\\\/ecodef-ihedn.fr\\\/\",\"logo\":{\"@type\":\"ImageObject\",\"inLanguage\":\"en-GB\",\"@id\":\"https:\\\/\\\/ecodef-ihedn.fr\\\/#\\\/schema\\\/logo\\\/image\\\/\",\"url\":\"https:\\\/\\\/ecodef-ihedn.fr\\\/wp-content\\\/uploads\\\/2020\\\/04\\\/logoEcodef9.jpg\",\"contentUrl\":\"https:\\\/\\\/ecodef-ihedn.fr\\\/wp-content\\\/uploads\\\/2020\\\/04\\\/logoEcodef9.jpg\",\"width\":410,\"height\":212,\"caption\":\"Chaire \u00c9conomie de d\u00e9fense - IHEDN\"},\"image\":{\"@id\":\"https:\\\/\\\/ecodef-ihedn.fr\\\/#\\\/schema\\\/logo\\\/image\\\/\"},\"sameAs\":[\"https:\\\/\\\/x.com\\\/Chaire_Ecodef\",\"https:\\\/\\\/www.linkedin.com\\\/company\\\/chaire-ecodef-ihedn\\\/\"]},{\"@type\":\"Person\",\"@id\":\"https:\\\/\\\/ecodef-ihedn.fr\\\/#\\\/schema\\\/person\\\/1cdf22d028cebe278126a6e07a884d30\",\"name\":\"Bertrand Demandre\",\"image\":{\"@type\":\"ImageObject\",\"inLanguage\":\"en-GB\",\"@id\":\"https:\\\/\\\/secure.gravatar.com\\\/avatar\\\/d9c9746d6c900ab5b9c0f9b1fa3932e369da923da247d624b8f7ab4ba8a3c093?s=96&d=mm&r=g\",\"url\":\"https:\\\/\\\/secure.gravatar.com\\\/avatar\\\/d9c9746d6c900ab5b9c0f9b1fa3932e369da923da247d624b8f7ab4ba8a3c093?s=96&d=mm&r=g\",\"contentUrl\":\"https:\\\/\\\/secure.gravatar.com\\\/avatar\\\/d9c9746d6c900ab5b9c0f9b1fa3932e369da923da247d624b8f7ab4ba8a3c093?s=96&d=mm&r=g\",\"caption\":\"Bertrand Demandre\"},\"url\":\"https:\\\/\\\/ecodef-ihedn.fr\\\/en\\\/author\\\/bertrand\\\/\"}]}<\/script>\n<!-- \/ Yoast SEO plugin. -->","yoast_head_json":{"title":"[VID\u00c9O] webinaire \u201cL\u2019inefficacit\u00e9 des programmes d\u2019armement en coop\u00e9ration europ\u00e9enne : un mythe ?\u201d (Les entretiens de l\u2019ECODEF #6 \/ 9 mars 2023) - Chaire \u00c9conomie de d\u00e9fense - IHEDN","robots":{"index":"index","follow":"follow","max-snippet":"max-snippet:-1","max-image-preview":"max-image-preview:large","max-video-preview":"max-video-preview:-1"},"canonical":"https:\/\/ecodef-ihedn.fr\/en\/video-webinaire-cooperation-europeennee-programmes-armement-entretiens-de-lecodef-6-le-9-mars-2023\/","og_locale":"en_GB","og_type":"article","og_title":"[VID\u00c9O] webinaire \u201cL\u2019inefficacit\u00e9 des programmes d\u2019armement en coop\u00e9ration europ\u00e9enne : un mythe ?\u201d (Les entretiens de l\u2019ECODEF #6 \/ 9 mars 2023) - Chaire \u00c9conomie de d\u00e9fense - IHEDN","og_description":"L\u2019inefficacit\u00e9 des programmes d\u2019armement en coop\u00e9ration europ\u00e9enne : un mythe ? La vid\u00e9o du sixi\u00e8me num\u00e9ro des \u00ab\u00a0Entretiens de l&rsquo;ECODEF\u00a0\u00bb, qui a eu lieu le jeudi 9 mars \u00e0 8h30\u00a0au Centre de documentation de l\u2019\u00c9cole militaire (CDEM), est disponible sur la page YouTube de la Chaire. Cette s\u00e9rie de webinaires met en lumi\u00e8re les r\u00e9sultats [&hellip;]","og_url":"https:\/\/ecodef-ihedn.fr\/en\/video-webinaire-cooperation-europeennee-programmes-armement-entretiens-de-lecodef-6-le-9-mars-2023\/","og_site_name":"Chaire \u00c9conomie de d\u00e9fense - IHEDN","article_published_time":"2023-03-09T13:46:00+00:00","article_modified_time":"2023-09-27T08:22:38+00:00","og_image":[{"width":1279,"height":720,"url":"https:\/\/ecodef-ihedn.fr\/wp-content\/uploads\/2023\/03\/Capture-decran-2023-03-31-143040-1.png","type":"image\/png"}],"author":"Bertrand Demandre","twitter_card":"summary_large_image","twitter_creator":"@Chaire_Ecodef","twitter_site":"@Chaire_Ecodef","twitter_misc":{"Written by":"Bertrand Demandre","Estimated reading time":"2 minutes"},"schema":{"@context":"https:\/\/schema.org","@graph":[{"@type":"Article","@id":"https:\/\/ecodef-ihedn.fr\/video-webinaire-cooperation-europeennee-programmes-armement-entretiens-de-lecodef-6-le-9-mars-2023\/#article","isPartOf":{"@id":"https:\/\/ecodef-ihedn.fr\/video-webinaire-cooperation-europeennee-programmes-armement-entretiens-de-lecodef-6-le-9-mars-2023\/"},"author":{"name":"Bertrand Demandre","@id":"https:\/\/ecodef-ihedn.fr\/#\/schema\/person\/1cdf22d028cebe278126a6e07a884d30"},"headline":"[VID\u00c9O] webinaire \u201cL\u2019inefficacit\u00e9 des programmes d\u2019armement en coop\u00e9ration europ\u00e9enne : un mythe ?\u201d (Les entretiens de l\u2019ECODEF #6 \/ 9 mars 2023)","datePublished":"2023-03-09T13:46:00+00:00","dateModified":"2023-09-27T08:22:38+00:00","mainEntityOfPage":{"@id":"https:\/\/ecodef-ihedn.fr\/video-webinaire-cooperation-europeennee-programmes-armement-entretiens-de-lecodef-6-le-9-mars-2023\/"},"wordCount":182,"commentCount":0,"publisher":{"@id":"https:\/\/ecodef-ihedn.fr\/#organization"},"image":{"@id":"https:\/\/ecodef-ihedn.fr\/video-webinaire-cooperation-europeennee-programmes-armement-entretiens-de-lecodef-6-le-9-mars-2023\/#primaryimage"},"thumbnailUrl":"https:\/\/ecodef-ihedn.fr\/wp-content\/uploads\/2023\/03\/Capture-decran-2023-03-31-143040-1.png","keywords":["CDEM","coop\u00e9ration de d\u00e9fense","coop\u00e9ration europ\u00e9enne","ecodef","\u00e9conomie","\u00e9conomie de d\u00e9fense","entretiens de l&#039;ecodef","entretiens ecodef","IHEDN","industrie de d\u00e9fense","Josselin Droff","les entretiens de l'ecodef","MoD","Olivier Martin","programmes d'armement","Richard Ford","Royaume-Uni","webinaire"],"articleSection":["Activit\u00e9s","Activit\u00e9s : \u00e9v\u00e9nements port\u00e9s par la Chaire"],"inLanguage":"en-GB","potentialAction":[{"@type":"CommentAction","name":"Comment","target":["https:\/\/ecodef-ihedn.fr\/video-webinaire-cooperation-europeennee-programmes-armement-entretiens-de-lecodef-6-le-9-mars-2023\/#respond"]}]},{"@type":"WebPage","@id":"https:\/\/ecodef-ihedn.fr\/video-webinaire-cooperation-europeennee-programmes-armement-entretiens-de-lecodef-6-le-9-mars-2023\/","url":"https:\/\/ecodef-ihedn.fr\/video-webinaire-cooperation-europeennee-programmes-armement-entretiens-de-lecodef-6-le-9-mars-2023\/","name":"[VID\u00c9O] webinaire \u201cL\u2019inefficacit\u00e9 des programmes d\u2019armement en coop\u00e9ration europ\u00e9enne : un mythe ?\u201d (Les entretiens de l\u2019ECODEF #6 \/ 9 mars 2023) - Chaire \u00c9conomie de d\u00e9fense - IHEDN","isPartOf":{"@id":"https:\/\/ecodef-ihedn.fr\/#website"},"primaryImageOfPage":{"@id":"https:\/\/ecodef-ihedn.fr\/video-webinaire-cooperation-europeennee-programmes-armement-entretiens-de-lecodef-6-le-9-mars-2023\/#primaryimage"},"image":{"@id":"https:\/\/ecodef-ihedn.fr\/video-webinaire-cooperation-europeennee-programmes-armement-entretiens-de-lecodef-6-le-9-mars-2023\/#primaryimage"},"thumbnailUrl":"https:\/\/ecodef-ihedn.fr\/wp-content\/uploads\/2023\/03\/Capture-decran-2023-03-31-143040-1.png","datePublished":"2023-03-09T13:46:00+00:00","dateModified":"2023-09-27T08:22:38+00:00","breadcrumb":{"@id":"https:\/\/ecodef-ihedn.fr\/video-webinaire-cooperation-europeennee-programmes-armement-entretiens-de-lecodef-6-le-9-mars-2023\/#breadcrumb"},"inLanguage":"en-GB","potentialAction":[{"@type":"ReadAction","target":["https:\/\/ecodef-ihedn.fr\/video-webinaire-cooperation-europeennee-programmes-armement-entretiens-de-lecodef-6-le-9-mars-2023\/"]}]},{"@type":"ImageObject","inLanguage":"en-GB","@id":"https:\/\/ecodef-ihedn.fr\/video-webinaire-cooperation-europeennee-programmes-armement-entretiens-de-lecodef-6-le-9-mars-2023\/#primaryimage","url":"https:\/\/ecodef-ihedn.fr\/wp-content\/uploads\/2023\/03\/Capture-decran-2023-03-31-143040-1.png","contentUrl":"https:\/\/ecodef-ihedn.fr\/wp-content\/uploads\/2023\/03\/Capture-decran-2023-03-31-143040-1.png","width":1279,"height":720},{"@type":"BreadcrumbList","@id":"https:\/\/ecodef-ihedn.fr\/video-webinaire-cooperation-europeennee-programmes-armement-entretiens-de-lecodef-6-le-9-mars-2023\/#breadcrumb","itemListElement":[{"@type":"ListItem","position":1,"name":"Accueil","item":"https:\/\/ecodef-ihedn.fr\/"},{"@type":"ListItem","position":2,"name":"[VID\u00c9O] webinaire \u201cL\u2019inefficacit\u00e9 des programmes d\u2019armement en coop\u00e9ration europ\u00e9enne : un mythe ?\u201d (Les entretiens de l\u2019ECODEF #6 \/ 9 mars 2023)"}]},{"@type":"WebSite","@id":"https:\/\/ecodef-ihedn.fr\/#website","url":"https:\/\/ecodef-ihedn.fr\/","name":"Chair in Defence Economics - IHEDN","description":"Produce &amp; support, federate &amp; disseminate, act as an interface","publisher":{"@id":"https:\/\/ecodef-ihedn.fr\/#organization"},"potentialAction":[{"@type":"SearchAction","target":{"@type":"EntryPoint","urlTemplate":"https:\/\/ecodef-ihedn.fr\/?s={search_term_string}"},"query-input":{"@type":"PropertyValueSpecification","valueRequired":true,"valueName":"search_term_string"}}],"inLanguage":"en-GB"},{"@type":"Organization","@id":"https:\/\/ecodef-ihedn.fr\/#organization","name":"Chair in Defence Economics - IHEDN","url":"https:\/\/ecodef-ihedn.fr\/","logo":{"@type":"ImageObject","inLanguage":"en-GB","@id":"https:\/\/ecodef-ihedn.fr\/#\/schema\/logo\/image\/","url":"https:\/\/ecodef-ihedn.fr\/wp-content\/uploads\/2020\/04\/logoEcodef9.jpg","contentUrl":"https:\/\/ecodef-ihedn.fr\/wp-content\/uploads\/2020\/04\/logoEcodef9.jpg","width":410,"height":212,"caption":"Chaire \u00c9conomie de d\u00e9fense - IHEDN"},"image":{"@id":"https:\/\/ecodef-ihedn.fr\/#\/schema\/logo\/image\/"},"sameAs":["https:\/\/x.com\/Chaire_Ecodef","https:\/\/www.linkedin.com\/company\/chaire-ecodef-ihedn\/"]},{"@type":"Person","@id":"https:\/\/ecodef-ihedn.fr\/#\/schema\/person\/1cdf22d028cebe278126a6e07a884d30","name":"Bertrand Demandre","image":{"@type":"ImageObject","inLanguage":"en-GB","@id":"https:\/\/secure.gravatar.com\/avatar\/d9c9746d6c900ab5b9c0f9b1fa3932e369da923da247d624b8f7ab4ba8a3c093?s=96&d=mm&r=g","url":"https:\/\/secure.gravatar.com\/avatar\/d9c9746d6c900ab5b9c0f9b1fa3932e369da923da247d624b8f7ab4ba8a3c093?s=96&d=mm&r=g","contentUrl":"https:\/\/secure.gravatar.com\/avatar\/d9c9746d6c900ab5b9c0f9b1fa3932e369da923da247d624b8f7ab4ba8a3c093?s=96&d=mm&r=g","caption":"Bertrand Demandre"},"url":"https:\/\/ecodef-ihedn.fr\/en\/author\/bertrand\/"}]}},"_links":{"self":[{"href":"https:\/\/ecodef-ihedn.fr\/en\/wp-json\/wp\/v2\/posts\/7624","targetHints":{"allow":["GET"]}}],"collection":[{"href":"https:\/\/ecodef-ihedn.fr\/en\/wp-json\/wp\/v2\/posts"}],"about":[{"href":"https:\/\/ecodef-ihedn.fr\/en\/wp-json\/wp\/v2\/types\/post"}],"author":[{"embeddable":true,"href":"https:\/\/ecodef-ihedn.fr\/en\/wp-json\/wp\/v2\/users\/2"}],"replies":[{"embeddable":true,"href":"https:\/\/ecodef-ihedn.fr\/en\/wp-json\/wp\/v2\/comments?post=7624"}],"version-history":[{"count":21,"href":"https:\/\/ecodef-ihedn.fr\/en\/wp-json\/wp\/v2\/posts\/7624\/revisions"}],"predecessor-version":[{"id":8110,"href":"https:\/\/ecodef-ihedn.fr\/en\/wp-json\/wp\/v2\/posts\/7624\/revisions\/8110"}],"wp:featuredmedia":[{"embeddable":true,"href":"https:\/\/ecodef-ihedn.fr\/en\/wp-json\/wp\/v2\/media\/7762"}],"wp:attachment":[{"href":"https:\/\/ecodef-ihedn.fr\/en\/wp-json\/wp\/v2\/media?parent=7624"}],"wp:term":[{"taxonomy":"category","embeddable":true,"href":"https:\/\/ecodef-ihedn.fr\/en\/wp-json\/wp\/v2\/categories?post=7624"},{"taxonomy":"post_tag","embeddable":true,"href":"https:\/\/ecodef-ihedn.fr\/en\/wp-json\/wp\/v2\/tags?post=7624"}],"curies":[{"name":"wp","href":"https:\/\/api.w.org\/{rel}","templated":true}]}}