{"id":7635,"date":"2023-03-16T08:07:13","date_gmt":"2023-03-16T08:07:13","guid":{"rendered":"https:\/\/ecodef-ihedn.fr\/intervention-de-josselin-droff-et-de-julien-malizard-au-cems-air-9-mars-copy\/"},"modified":"2024-03-20T13:07:01","modified_gmt":"2024-03-20T13:07:01","slug":"intervention-de-josselin-droff-et-julien-malizard-au-cems-air-15-mars-2023","status":"publish","type":"post","link":"https:\/\/ecodef-ihedn.fr\/en\/intervention-de-josselin-droff-et-julien-malizard-au-cems-air-15-mars-2023\/","title":{"rendered":"Speech by Josselin Droff and Julien Malizard at the CEMS Air (\u00c9cole militaire, 15 March 2023)"},"content":{"rendered":"<p><strong>Josselin Droff<\/strong> and <strong>Julien Malizard<\/strong>, Researchers at the Chair, spoke at the Centre d'\u00e9tudes strat\u00e9giques a\u00e9rospatiales (CESA) at a <strong>round table of the Centre d'enseignement militaire sup\u00e9rieur Air (CEMS Air)<\/strong> dedicated to the Defence Economy and <strong>challenges facing the Defence Technological and Industrial Base (DTIB)<\/strong> French.<\/p>\r\n\r\n\r\n<div class=\"wp-block-image\">\r\n<figure class=\"aligncenter size-large is-resized\"><img loading=\"lazy\" decoding=\"async\" class=\"wp-image-7639\" src=\"https:\/\/ecodef-ihedn.fr\/wp-content\/uploads\/2023\/03\/image0000001-1024x461.jpg\" alt=\"\" width=\"800\" height=\"361\" srcset=\"https:\/\/ecodef-ihedn.fr\/wp-content\/uploads\/2023\/03\/image0000001-1024x461.jpg 1024w, https:\/\/ecodef-ihedn.fr\/wp-content\/uploads\/2023\/03\/image0000001-300x135.jpg 300w, https:\/\/ecodef-ihedn.fr\/wp-content\/uploads\/2023\/03\/image0000001-768x346.jpg 768w, https:\/\/ecodef-ihedn.fr\/wp-content\/uploads\/2023\/03\/image0000001-1536x692.jpg 1536w, https:\/\/ecodef-ihedn.fr\/wp-content\/uploads\/2023\/03\/image0000001-696x313.jpg 696w, https:\/\/ecodef-ihedn.fr\/wp-content\/uploads\/2023\/03\/image0000001-1392x627.jpg 1392w, https:\/\/ecodef-ihedn.fr\/wp-content\/uploads\/2023\/03\/image0000001-1068x481.jpg 1068w, https:\/\/ecodef-ihedn.fr\/wp-content\/uploads\/2023\/03\/image0000001-1920x864.jpg 1920w, https:\/\/ecodef-ihedn.fr\/wp-content\/uploads\/2023\/03\/image0000001-933x420.jpg 933w, https:\/\/ecodef-ihedn.fr\/wp-content\/uploads\/2023\/03\/image0000001-1866x840.jpg 1866w, https:\/\/ecodef-ihedn.fr\/wp-content\/uploads\/2023\/03\/image0000001.jpg 2048w\" sizes=\"auto, (max-width: 800px) 100vw, 800px\" \/>\r\n<figcaption class=\"wp-element-caption\">Josselin DROFF \/ CEMS Air \/ 15 March 2023<\/figcaption>\r\n<\/figure>\r\n<\/div>\r\n\r\n\r\n<p>The researchers addressed <strong>economic impact and spin-offs<\/strong> linked to the existence of a DTIB. The issues at\u2019<strong>national and regional <\/strong>were discussed (calculation and value of income and employment multipliers, long-term impact on innovation and the industrial fabric, the ability of a country to preserve sovereign skills in defence), as well as <strong>international issues<\/strong> through the theme of arms exports and international industrial cooperation.<\/p>\r\n\r\n\r\n<div class=\"wp-block-image\">\r\n<figure class=\"aligncenter size-large is-resized\"><img loading=\"lazy\" decoding=\"async\" class=\"wp-image-7641\" src=\"https:\/\/ecodef-ihedn.fr\/wp-content\/uploads\/2023\/03\/IMG-0930-768x1024.jpg\" alt=\"\" width=\"500\" height=\"667\" srcset=\"https:\/\/ecodef-ihedn.fr\/wp-content\/uploads\/2023\/03\/IMG-0930-768x1024.jpg 768w, https:\/\/ecodef-ihedn.fr\/wp-content\/uploads\/2023\/03\/IMG-0930-225x300.jpg 225w, https:\/\/ecodef-ihedn.fr\/wp-content\/uploads\/2023\/03\/IMG-0930-1152x1536.jpg 1152w, https:\/\/ecodef-ihedn.fr\/wp-content\/uploads\/2023\/03\/IMG-0930-1536x2048.jpg 1536w, https:\/\/ecodef-ihedn.fr\/wp-content\/uploads\/2023\/03\/IMG-0930-696x928.jpg 696w, https:\/\/ecodef-ihedn.fr\/wp-content\/uploads\/2023\/03\/IMG-0930-1392x1856.jpg 1392w, https:\/\/ecodef-ihedn.fr\/wp-content\/uploads\/2023\/03\/IMG-0930-1068x1424.jpg 1068w, https:\/\/ecodef-ihedn.fr\/wp-content\/uploads\/2023\/03\/IMG-0930-scaled.jpg 1920w, https:\/\/ecodef-ihedn.fr\/wp-content\/uploads\/2023\/03\/IMG-0930-315x420.jpg 315w, https:\/\/ecodef-ihedn.fr\/wp-content\/uploads\/2023\/03\/IMG-0930-630x840.jpg 630w\" sizes=\"auto, (max-width: 500px) 100vw, 500px\" \/>\r\n<figcaption class=\"wp-element-caption\">Julien MALIZARD \/ CEMS Air \/ 15 March 2023<\/figcaption>\r\n<\/figure>\r\n<\/div>\r\n\r\n\r\n<p>Various <strong>methodological elements<\/strong> concerning the construction of defence budgets, the measurement of jobs, available sources and the possibilities of international comparisons were discussed with the auditors. The <strong>consequences of the conflict in Ukraine<\/strong> on France's DTIB and defence policy (industrial issues, changes in competition, definition of sovereignty, etc.) were also at the heart of the discussions.<\/p>\r\n\r\n\r\n\r\n<p>To enhance discussions with the audience, the Chair's researchers were accompanied by the\u2019<strong>admiral Xavier Pa\u00eftard<\/strong>, Defence Strategy Advisor at Airbus, and <strong>Thierry Poignant<\/strong>, Director of International Strategic Foresight at Thales.<\/p>","protected":false},"excerpt":{"rendered":"<p>Josselin Droff et Julien Malizard, Chercheurs \u00e0 la Chaire, sont intervenus au Centre d&rsquo;\u00e9tudes strat\u00e9giques a\u00e9rospatiales (CESA) lors d&rsquo;une table ronde du Centre d&rsquo;enseignement militaire sup\u00e9rieur Air (CEMS Air) consacr\u00e9e \u00e0 l\u2019\u00c9conomie de d\u00e9fense et aux enjeux de la Base industrielle et technologique de d\u00e9fense (BITD) fran\u00e7aise. Les chercheurs ont abord\u00e9 l\u2019impact et les retomb\u00e9es [&hellip;]<\/p>\n","protected":false},"author":2,"featured_media":7639,"comment_status":"open","ping_status":"open","sticky":false,"template":"","format":"standard","meta":{"footnotes":""},"categories":[34,356],"tags":[210,211,421,454,162,41,47,609,38,202,86,531,530],"class_list":{"0":"post-7635","1":"post","2":"type-post","3":"status-publish","4":"format-standard","5":"has-post-thumbnail","7":"category-activites","8":"category-activites-participation-de-la-chaire-a-un-evenement","9":"tag-base-industrielle-et-technologique-de-defense","10":"tag-bitd","11":"tag-cems-air","12":"tag-cesa","13":"tag-chaire-economie-de-defense","14":"tag-conference","15":"tag-economie-de-defense","16":"tag-emmanuel-serot","17":"tag-ihedn","18":"tag-josselin-droff","19":"tag-julien-malizard","20":"tag-thierry-poignant","21":"tag-xavier-paitard"},"yoast_head":"<!-- This site is optimized with the Yoast SEO plugin v27.4 - https:\/\/yoast.com\/product\/yoast-seo-wordpress\/ -->\n<title>Intervention de Josselin Droff et Julien Malizard au CEMS Air (\u00c9cole militaire, 15 mars 2023) - Chaire \u00c9conomie de d\u00e9fense - IHEDN<\/title>\n<meta name=\"robots\" content=\"index, follow, max-snippet:-1, max-image-preview:large, max-video-preview:-1\" \/>\n<link rel=\"canonical\" href=\"https:\/\/ecodef-ihedn.fr\/en\/intervention-de-josselin-droff-et-julien-malizard-au-cems-air-15-mars-2023\/\" \/>\n<meta property=\"og:locale\" content=\"en_GB\" \/>\n<meta property=\"og:type\" content=\"article\" \/>\n<meta property=\"og:title\" content=\"Intervention de Josselin Droff et Julien Malizard au CEMS Air (\u00c9cole militaire, 15 mars 2023) - Chaire \u00c9conomie de d\u00e9fense - IHEDN\" \/>\n<meta property=\"og:description\" content=\"Josselin Droff et Julien Malizard, Chercheurs \u00e0 la Chaire, sont intervenus au Centre d&rsquo;\u00e9tudes strat\u00e9giques a\u00e9rospatiales (CESA) lors d&rsquo;une table ronde du Centre d&rsquo;enseignement militaire sup\u00e9rieur Air (CEMS Air) consacr\u00e9e \u00e0 l\u2019\u00c9conomie de d\u00e9fense et aux enjeux de la Base industrielle et technologique de d\u00e9fense (BITD) fran\u00e7aise. Les chercheurs ont abord\u00e9 l\u2019impact et les retomb\u00e9es [&hellip;]\" \/>\n<meta property=\"og:url\" content=\"https:\/\/ecodef-ihedn.fr\/en\/intervention-de-josselin-droff-et-julien-malizard-au-cems-air-15-mars-2023\/\" \/>\n<meta property=\"og:site_name\" content=\"Chaire \u00c9conomie de d\u00e9fense - IHEDN\" \/>\n<meta property=\"article:published_time\" content=\"2023-03-16T08:07:13+00:00\" \/>\n<meta property=\"article:modified_time\" content=\"2024-03-20T13:07:01+00:00\" \/>\n<meta property=\"og:image\" content=\"https:\/\/ecodef-ihedn.fr\/wp-content\/uploads\/2023\/03\/image0000001.jpg\" \/>\n\t<meta property=\"og:image:width\" content=\"2048\" \/>\n\t<meta property=\"og:image:height\" content=\"922\" \/>\n\t<meta property=\"og:image:type\" content=\"image\/jpeg\" \/>\n<meta name=\"author\" content=\"Bertrand Demandre\" \/>\n<meta name=\"twitter:card\" content=\"summary_large_image\" \/>\n<meta name=\"twitter:creator\" content=\"@Chaire_Ecodef\" \/>\n<meta name=\"twitter:site\" content=\"@Chaire_Ecodef\" \/>\n<meta name=\"twitter:label1\" content=\"Written by\" \/>\n\t<meta name=\"twitter:data1\" content=\"Bertrand Demandre\" \/>\n\t<meta name=\"twitter:label2\" content=\"Estimated reading time\" \/>\n\t<meta name=\"twitter:data2\" content=\"2 minutes\" \/>\n<script type=\"application\/ld+json\" class=\"yoast-schema-graph\">{\"@context\":\"https:\\\/\\\/schema.org\",\"@graph\":[{\"@type\":\"Article\",\"@id\":\"https:\\\/\\\/ecodef-ihedn.fr\\\/intervention-de-josselin-droff-et-julien-malizard-au-cems-air-15-mars-2023\\\/#article\",\"isPartOf\":{\"@id\":\"https:\\\/\\\/ecodef-ihedn.fr\\\/intervention-de-josselin-droff-et-julien-malizard-au-cems-air-15-mars-2023\\\/\"},\"author\":{\"name\":\"Bertrand Demandre\",\"@id\":\"https:\\\/\\\/ecodef-ihedn.fr\\\/#\\\/schema\\\/person\\\/1cdf22d028cebe278126a6e07a884d30\"},\"headline\":\"Intervention de Josselin Droff et Julien Malizard au CEMS Air (\u00c9cole militaire, 15 mars 2023)\",\"datePublished\":\"2023-03-16T08:07:13+00:00\",\"dateModified\":\"2024-03-20T13:07:01+00:00\",\"mainEntityOfPage\":{\"@id\":\"https:\\\/\\\/ecodef-ihedn.fr\\\/intervention-de-josselin-droff-et-julien-malizard-au-cems-air-15-mars-2023\\\/\"},\"wordCount\":282,\"commentCount\":0,\"publisher\":{\"@id\":\"https:\\\/\\\/ecodef-ihedn.fr\\\/#organization\"},\"image\":{\"@id\":\"https:\\\/\\\/ecodef-ihedn.fr\\\/intervention-de-josselin-droff-et-julien-malizard-au-cems-air-15-mars-2023\\\/#primaryimage\"},\"thumbnailUrl\":\"https:\\\/\\\/ecodef-ihedn.fr\\\/wp-content\\\/uploads\\\/2023\\\/03\\\/image0000001.jpg\",\"keywords\":[\"Base Industrielle et Technologique de D\u00e9fense\",\"BITD\",\"CEMS Air\",\"CESA\",\"chaire \u00e9conomie de d\u00e9fense\",\"conf\u00e9rence\",\"\u00e9conomie de d\u00e9fense\",\"Emmanuel Serot\",\"IHEDN\",\"Josselin Droff\",\"Julien Malizard\",\"Thierry Poignant\",\"Xavier Pa\u00eftard\"],\"articleSection\":[\"Activit\u00e9s\",\"Activit\u00e9s : participation de la Chaire \u00e0 un \u00e9v\u00e9nement\"],\"inLanguage\":\"en-GB\",\"potentialAction\":[{\"@type\":\"CommentAction\",\"name\":\"Comment\",\"target\":[\"https:\\\/\\\/ecodef-ihedn.fr\\\/intervention-de-josselin-droff-et-julien-malizard-au-cems-air-15-mars-2023\\\/#respond\"]}]},{\"@type\":\"WebPage\",\"@id\":\"https:\\\/\\\/ecodef-ihedn.fr\\\/intervention-de-josselin-droff-et-julien-malizard-au-cems-air-15-mars-2023\\\/\",\"url\":\"https:\\\/\\\/ecodef-ihedn.fr\\\/intervention-de-josselin-droff-et-julien-malizard-au-cems-air-15-mars-2023\\\/\",\"name\":\"Intervention de Josselin Droff et Julien Malizard au CEMS Air (\u00c9cole militaire, 15 mars 2023) - Chaire \u00c9conomie de d\u00e9fense - IHEDN\",\"isPartOf\":{\"@id\":\"https:\\\/\\\/ecodef-ihedn.fr\\\/#website\"},\"primaryImageOfPage\":{\"@id\":\"https:\\\/\\\/ecodef-ihedn.fr\\\/intervention-de-josselin-droff-et-julien-malizard-au-cems-air-15-mars-2023\\\/#primaryimage\"},\"image\":{\"@id\":\"https:\\\/\\\/ecodef-ihedn.fr\\\/intervention-de-josselin-droff-et-julien-malizard-au-cems-air-15-mars-2023\\\/#primaryimage\"},\"thumbnailUrl\":\"https:\\\/\\\/ecodef-ihedn.fr\\\/wp-content\\\/uploads\\\/2023\\\/03\\\/image0000001.jpg\",\"datePublished\":\"2023-03-16T08:07:13+00:00\",\"dateModified\":\"2024-03-20T13:07:01+00:00\",\"breadcrumb\":{\"@id\":\"https:\\\/\\\/ecodef-ihedn.fr\\\/intervention-de-josselin-droff-et-julien-malizard-au-cems-air-15-mars-2023\\\/#breadcrumb\"},\"inLanguage\":\"en-GB\",\"potentialAction\":[{\"@type\":\"ReadAction\",\"target\":[\"https:\\\/\\\/ecodef-ihedn.fr\\\/intervention-de-josselin-droff-et-julien-malizard-au-cems-air-15-mars-2023\\\/\"]}]},{\"@type\":\"ImageObject\",\"inLanguage\":\"en-GB\",\"@id\":\"https:\\\/\\\/ecodef-ihedn.fr\\\/intervention-de-josselin-droff-et-julien-malizard-au-cems-air-15-mars-2023\\\/#primaryimage\",\"url\":\"https:\\\/\\\/ecodef-ihedn.fr\\\/wp-content\\\/uploads\\\/2023\\\/03\\\/image0000001.jpg\",\"contentUrl\":\"https:\\\/\\\/ecodef-ihedn.fr\\\/wp-content\\\/uploads\\\/2023\\\/03\\\/image0000001.jpg\",\"width\":2048,\"height\":922},{\"@type\":\"BreadcrumbList\",\"@id\":\"https:\\\/\\\/ecodef-ihedn.fr\\\/intervention-de-josselin-droff-et-julien-malizard-au-cems-air-15-mars-2023\\\/#breadcrumb\",\"itemListElement\":[{\"@type\":\"ListItem\",\"position\":1,\"name\":\"Accueil\",\"item\":\"https:\\\/\\\/ecodef-ihedn.fr\\\/\"},{\"@type\":\"ListItem\",\"position\":2,\"name\":\"Intervention de Josselin Droff et Julien Malizard au CEMS Air (\u00c9cole militaire, 15 mars 2023)\"}]},{\"@type\":\"WebSite\",\"@id\":\"https:\\\/\\\/ecodef-ihedn.fr\\\/#website\",\"url\":\"https:\\\/\\\/ecodef-ihedn.fr\\\/\",\"name\":\"Chaire \u00c9conomie de D\u00e9fense - IHEDN\",\"description\":\"Produire &amp; soutenir, f\u00e9d\u00e9rer &amp; diffuser, \u00eatre une interface\",\"publisher\":{\"@id\":\"https:\\\/\\\/ecodef-ihedn.fr\\\/#organization\"},\"potentialAction\":[{\"@type\":\"SearchAction\",\"target\":{\"@type\":\"EntryPoint\",\"urlTemplate\":\"https:\\\/\\\/ecodef-ihedn.fr\\\/?s={search_term_string}\"},\"query-input\":{\"@type\":\"PropertyValueSpecification\",\"valueRequired\":true,\"valueName\":\"search_term_string\"}}],\"inLanguage\":\"en-GB\"},{\"@type\":\"Organization\",\"@id\":\"https:\\\/\\\/ecodef-ihedn.fr\\\/#organization\",\"name\":\"Chaire \u00c9conomie de d\u00e9fense - IHEDN\",\"url\":\"https:\\\/\\\/ecodef-ihedn.fr\\\/\",\"logo\":{\"@type\":\"ImageObject\",\"inLanguage\":\"en-GB\",\"@id\":\"https:\\\/\\\/ecodef-ihedn.fr\\\/#\\\/schema\\\/logo\\\/image\\\/\",\"url\":\"https:\\\/\\\/ecodef-ihedn.fr\\\/wp-content\\\/uploads\\\/2020\\\/04\\\/logoEcodef9.jpg\",\"contentUrl\":\"https:\\\/\\\/ecodef-ihedn.fr\\\/wp-content\\\/uploads\\\/2020\\\/04\\\/logoEcodef9.jpg\",\"width\":410,\"height\":212,\"caption\":\"Chaire \u00c9conomie de d\u00e9fense - IHEDN\"},\"image\":{\"@id\":\"https:\\\/\\\/ecodef-ihedn.fr\\\/#\\\/schema\\\/logo\\\/image\\\/\"},\"sameAs\":[\"https:\\\/\\\/x.com\\\/Chaire_Ecodef\",\"https:\\\/\\\/www.linkedin.com\\\/company\\\/chaire-ecodef-ihedn\\\/\"]},{\"@type\":\"Person\",\"@id\":\"https:\\\/\\\/ecodef-ihedn.fr\\\/#\\\/schema\\\/person\\\/1cdf22d028cebe278126a6e07a884d30\",\"name\":\"Bertrand Demandre\",\"image\":{\"@type\":\"ImageObject\",\"inLanguage\":\"en-GB\",\"@id\":\"https:\\\/\\\/secure.gravatar.com\\\/avatar\\\/d9c9746d6c900ab5b9c0f9b1fa3932e369da923da247d624b8f7ab4ba8a3c093?s=96&d=mm&r=g\",\"url\":\"https:\\\/\\\/secure.gravatar.com\\\/avatar\\\/d9c9746d6c900ab5b9c0f9b1fa3932e369da923da247d624b8f7ab4ba8a3c093?s=96&d=mm&r=g\",\"contentUrl\":\"https:\\\/\\\/secure.gravatar.com\\\/avatar\\\/d9c9746d6c900ab5b9c0f9b1fa3932e369da923da247d624b8f7ab4ba8a3c093?s=96&d=mm&r=g\",\"caption\":\"Bertrand Demandre\"},\"url\":\"https:\\\/\\\/ecodef-ihedn.fr\\\/en\\\/author\\\/bertrand\\\/\"}]}<\/script>\n<!-- \/ Yoast SEO plugin. -->","yoast_head_json":{"title":"Intervention de Josselin Droff et Julien Malizard au CEMS Air (\u00c9cole militaire, 15 mars 2023) - Chaire \u00c9conomie de d\u00e9fense - IHEDN","robots":{"index":"index","follow":"follow","max-snippet":"max-snippet:-1","max-image-preview":"max-image-preview:large","max-video-preview":"max-video-preview:-1"},"canonical":"https:\/\/ecodef-ihedn.fr\/en\/intervention-de-josselin-droff-et-julien-malizard-au-cems-air-15-mars-2023\/","og_locale":"en_GB","og_type":"article","og_title":"Intervention de Josselin Droff et Julien Malizard au CEMS Air (\u00c9cole militaire, 15 mars 2023) - Chaire \u00c9conomie de d\u00e9fense - IHEDN","og_description":"Josselin Droff et Julien Malizard, Chercheurs \u00e0 la Chaire, sont intervenus au Centre d&rsquo;\u00e9tudes strat\u00e9giques a\u00e9rospatiales (CESA) lors d&rsquo;une table ronde du Centre d&rsquo;enseignement militaire sup\u00e9rieur Air (CEMS Air) consacr\u00e9e \u00e0 l\u2019\u00c9conomie de d\u00e9fense et aux enjeux de la Base industrielle et technologique de d\u00e9fense (BITD) fran\u00e7aise. Les chercheurs ont abord\u00e9 l\u2019impact et les retomb\u00e9es [&hellip;]","og_url":"https:\/\/ecodef-ihedn.fr\/en\/intervention-de-josselin-droff-et-julien-malizard-au-cems-air-15-mars-2023\/","og_site_name":"Chaire \u00c9conomie de d\u00e9fense - IHEDN","article_published_time":"2023-03-16T08:07:13+00:00","article_modified_time":"2024-03-20T13:07:01+00:00","og_image":[{"width":2048,"height":922,"url":"https:\/\/ecodef-ihedn.fr\/wp-content\/uploads\/2023\/03\/image0000001.jpg","type":"image\/jpeg"}],"author":"Bertrand Demandre","twitter_card":"summary_large_image","twitter_creator":"@Chaire_Ecodef","twitter_site":"@Chaire_Ecodef","twitter_misc":{"Written by":"Bertrand Demandre","Estimated reading time":"2 minutes"},"schema":{"@context":"https:\/\/schema.org","@graph":[{"@type":"Article","@id":"https:\/\/ecodef-ihedn.fr\/intervention-de-josselin-droff-et-julien-malizard-au-cems-air-15-mars-2023\/#article","isPartOf":{"@id":"https:\/\/ecodef-ihedn.fr\/intervention-de-josselin-droff-et-julien-malizard-au-cems-air-15-mars-2023\/"},"author":{"name":"Bertrand Demandre","@id":"https:\/\/ecodef-ihedn.fr\/#\/schema\/person\/1cdf22d028cebe278126a6e07a884d30"},"headline":"Intervention de Josselin Droff et Julien Malizard au CEMS Air (\u00c9cole militaire, 15 mars 2023)","datePublished":"2023-03-16T08:07:13+00:00","dateModified":"2024-03-20T13:07:01+00:00","mainEntityOfPage":{"@id":"https:\/\/ecodef-ihedn.fr\/intervention-de-josselin-droff-et-julien-malizard-au-cems-air-15-mars-2023\/"},"wordCount":282,"commentCount":0,"publisher":{"@id":"https:\/\/ecodef-ihedn.fr\/#organization"},"image":{"@id":"https:\/\/ecodef-ihedn.fr\/intervention-de-josselin-droff-et-julien-malizard-au-cems-air-15-mars-2023\/#primaryimage"},"thumbnailUrl":"https:\/\/ecodef-ihedn.fr\/wp-content\/uploads\/2023\/03\/image0000001.jpg","keywords":["Base Industrielle et Technologique de D\u00e9fense","BITD","CEMS Air","CESA","chaire \u00e9conomie de d\u00e9fense","conf\u00e9rence","\u00e9conomie de d\u00e9fense","Emmanuel Serot","IHEDN","Josselin Droff","Julien Malizard","Thierry Poignant","Xavier Pa\u00eftard"],"articleSection":["Activit\u00e9s","Activit\u00e9s : participation de la Chaire \u00e0 un \u00e9v\u00e9nement"],"inLanguage":"en-GB","potentialAction":[{"@type":"CommentAction","name":"Comment","target":["https:\/\/ecodef-ihedn.fr\/intervention-de-josselin-droff-et-julien-malizard-au-cems-air-15-mars-2023\/#respond"]}]},{"@type":"WebPage","@id":"https:\/\/ecodef-ihedn.fr\/intervention-de-josselin-droff-et-julien-malizard-au-cems-air-15-mars-2023\/","url":"https:\/\/ecodef-ihedn.fr\/intervention-de-josselin-droff-et-julien-malizard-au-cems-air-15-mars-2023\/","name":"Intervention de Josselin Droff et Julien Malizard au CEMS Air (\u00c9cole militaire, 15 mars 2023) - Chaire \u00c9conomie de d\u00e9fense - IHEDN","isPartOf":{"@id":"https:\/\/ecodef-ihedn.fr\/#website"},"primaryImageOfPage":{"@id":"https:\/\/ecodef-ihedn.fr\/intervention-de-josselin-droff-et-julien-malizard-au-cems-air-15-mars-2023\/#primaryimage"},"image":{"@id":"https:\/\/ecodef-ihedn.fr\/intervention-de-josselin-droff-et-julien-malizard-au-cems-air-15-mars-2023\/#primaryimage"},"thumbnailUrl":"https:\/\/ecodef-ihedn.fr\/wp-content\/uploads\/2023\/03\/image0000001.jpg","datePublished":"2023-03-16T08:07:13+00:00","dateModified":"2024-03-20T13:07:01+00:00","breadcrumb":{"@id":"https:\/\/ecodef-ihedn.fr\/intervention-de-josselin-droff-et-julien-malizard-au-cems-air-15-mars-2023\/#breadcrumb"},"inLanguage":"en-GB","potentialAction":[{"@type":"ReadAction","target":["https:\/\/ecodef-ihedn.fr\/intervention-de-josselin-droff-et-julien-malizard-au-cems-air-15-mars-2023\/"]}]},{"@type":"ImageObject","inLanguage":"en-GB","@id":"https:\/\/ecodef-ihedn.fr\/intervention-de-josselin-droff-et-julien-malizard-au-cems-air-15-mars-2023\/#primaryimage","url":"https:\/\/ecodef-ihedn.fr\/wp-content\/uploads\/2023\/03\/image0000001.jpg","contentUrl":"https:\/\/ecodef-ihedn.fr\/wp-content\/uploads\/2023\/03\/image0000001.jpg","width":2048,"height":922},{"@type":"BreadcrumbList","@id":"https:\/\/ecodef-ihedn.fr\/intervention-de-josselin-droff-et-julien-malizard-au-cems-air-15-mars-2023\/#breadcrumb","itemListElement":[{"@type":"ListItem","position":1,"name":"Accueil","item":"https:\/\/ecodef-ihedn.fr\/"},{"@type":"ListItem","position":2,"name":"Intervention de Josselin Droff et Julien Malizard au CEMS Air (\u00c9cole militaire, 15 mars 2023)"}]},{"@type":"WebSite","@id":"https:\/\/ecodef-ihedn.fr\/#website","url":"https:\/\/ecodef-ihedn.fr\/","name":"Chair in Defence Economics - IHEDN","description":"Produce &amp; support, federate &amp; disseminate, act as an interface","publisher":{"@id":"https:\/\/ecodef-ihedn.fr\/#organization"},"potentialAction":[{"@type":"SearchAction","target":{"@type":"EntryPoint","urlTemplate":"https:\/\/ecodef-ihedn.fr\/?s={search_term_string}"},"query-input":{"@type":"PropertyValueSpecification","valueRequired":true,"valueName":"search_term_string"}}],"inLanguage":"en-GB"},{"@type":"Organization","@id":"https:\/\/ecodef-ihedn.fr\/#organization","name":"Chair in Defence Economics - IHEDN","url":"https:\/\/ecodef-ihedn.fr\/","logo":{"@type":"ImageObject","inLanguage":"en-GB","@id":"https:\/\/ecodef-ihedn.fr\/#\/schema\/logo\/image\/","url":"https:\/\/ecodef-ihedn.fr\/wp-content\/uploads\/2020\/04\/logoEcodef9.jpg","contentUrl":"https:\/\/ecodef-ihedn.fr\/wp-content\/uploads\/2020\/04\/logoEcodef9.jpg","width":410,"height":212,"caption":"Chaire \u00c9conomie de d\u00e9fense - IHEDN"},"image":{"@id":"https:\/\/ecodef-ihedn.fr\/#\/schema\/logo\/image\/"},"sameAs":["https:\/\/x.com\/Chaire_Ecodef","https:\/\/www.linkedin.com\/company\/chaire-ecodef-ihedn\/"]},{"@type":"Person","@id":"https:\/\/ecodef-ihedn.fr\/#\/schema\/person\/1cdf22d028cebe278126a6e07a884d30","name":"Bertrand Demandre","image":{"@type":"ImageObject","inLanguage":"en-GB","@id":"https:\/\/secure.gravatar.com\/avatar\/d9c9746d6c900ab5b9c0f9b1fa3932e369da923da247d624b8f7ab4ba8a3c093?s=96&d=mm&r=g","url":"https:\/\/secure.gravatar.com\/avatar\/d9c9746d6c900ab5b9c0f9b1fa3932e369da923da247d624b8f7ab4ba8a3c093?s=96&d=mm&r=g","contentUrl":"https:\/\/secure.gravatar.com\/avatar\/d9c9746d6c900ab5b9c0f9b1fa3932e369da923da247d624b8f7ab4ba8a3c093?s=96&d=mm&r=g","caption":"Bertrand Demandre"},"url":"https:\/\/ecodef-ihedn.fr\/en\/author\/bertrand\/"}]}},"_links":{"self":[{"href":"https:\/\/ecodef-ihedn.fr\/en\/wp-json\/wp\/v2\/posts\/7635","targetHints":{"allow":["GET"]}}],"collection":[{"href":"https:\/\/ecodef-ihedn.fr\/en\/wp-json\/wp\/v2\/posts"}],"about":[{"href":"https:\/\/ecodef-ihedn.fr\/en\/wp-json\/wp\/v2\/types\/post"}],"author":[{"embeddable":true,"href":"https:\/\/ecodef-ihedn.fr\/en\/wp-json\/wp\/v2\/users\/2"}],"replies":[{"embeddable":true,"href":"https:\/\/ecodef-ihedn.fr\/en\/wp-json\/wp\/v2\/comments?post=7635"}],"version-history":[{"count":7,"href":"https:\/\/ecodef-ihedn.fr\/en\/wp-json\/wp\/v2\/posts\/7635\/revisions"}],"predecessor-version":[{"id":8313,"href":"https:\/\/ecodef-ihedn.fr\/en\/wp-json\/wp\/v2\/posts\/7635\/revisions\/8313"}],"wp:featuredmedia":[{"embeddable":true,"href":"https:\/\/ecodef-ihedn.fr\/en\/wp-json\/wp\/v2\/media\/7639"}],"wp:attachment":[{"href":"https:\/\/ecodef-ihedn.fr\/en\/wp-json\/wp\/v2\/media?parent=7635"}],"wp:term":[{"taxonomy":"category","embeddable":true,"href":"https:\/\/ecodef-ihedn.fr\/en\/wp-json\/wp\/v2\/categories?post=7635"},{"taxonomy":"post_tag","embeddable":true,"href":"https:\/\/ecodef-ihedn.fr\/en\/wp-json\/wp\/v2\/tags?post=7635"}],"curies":[{"name":"wp","href":"https:\/\/api.w.org\/{rel}","templated":true}]}}