{"id":7646,"date":"2022-11-22T09:57:17","date_gmt":"2022-11-22T09:57:17","guid":{"rendered":"https:\/\/ecodef-ihedn.fr\/participation-de-jean-belin-josselin-droff-et-julien-malizard-au-copda-le-17-novembre-2021-copy\/"},"modified":"2023-03-21T09:36:33","modified_gmt":"2023-03-21T09:36:33","slug":"participation-de-julien-malizard-et-josselin-droff-au-copda-massy-21-novembre-2022","status":"publish","type":"post","link":"https:\/\/ecodef-ihedn.fr\/en\/participation-de-julien-malizard-et-josselin-droff-au-copda-massy-21-novembre-2022\/","title":{"rendered":"Julien Malizard and Josselin Droff at the CoPDA (Massy, 21 November 2022)"},"content":{"rendered":"<p><strong>Julien Malizard<\/strong> and <strong>Josselin Droff<\/strong> spoke on Tuesday, November 21, 2022 at the Defense and Aerospace Advanced Training Course (CopDa), organized by Safran University in Massy, France. <a href=\"https:\/\/www.sciencespobordeaux.fr\/fr\/l-institut\/notre-ecole\/les-chaires-d-enseignement-et-de-recherche-1\/chaire-defense-aerospatial.html\" target=\"_blank\" rel=\"noreferrer noopener\">Defence &amp; Aerospace Chair<\/a>, led by General (2S) Jean-Marc Laurent.<\/p>\r\n<p>They presented the work of the Chair to an audience of defence industry representatives.<\/p>\r\n<p><img loading=\"lazy\" decoding=\"async\" class=\"alignnone size-large wp-image-7651\" src=\"https:\/\/ecodef-ihedn.fr\/wp-content\/uploads\/2023\/03\/2022-11-21-COPDA-2022-1024x732.jpg\" alt=\"\" width=\"696\" height=\"498\" srcset=\"https:\/\/ecodef-ihedn.fr\/wp-content\/uploads\/2023\/03\/2022-11-21-COPDA-2022-1024x732.jpg 1024w, https:\/\/ecodef-ihedn.fr\/wp-content\/uploads\/2023\/03\/2022-11-21-COPDA-2022-300x214.jpg 300w, https:\/\/ecodef-ihedn.fr\/wp-content\/uploads\/2023\/03\/2022-11-21-COPDA-2022-768x549.jpg 768w, https:\/\/ecodef-ihedn.fr\/wp-content\/uploads\/2023\/03\/2022-11-21-COPDA-2022-1536x1098.jpg 1536w, https:\/\/ecodef-ihedn.fr\/wp-content\/uploads\/2023\/03\/2022-11-21-COPDA-2022-2048x1464.jpg 2048w, https:\/\/ecodef-ihedn.fr\/wp-content\/uploads\/2023\/03\/2022-11-21-COPDA-2022-696x497.jpg 696w, https:\/\/ecodef-ihedn.fr\/wp-content\/uploads\/2023\/03\/2022-11-21-COPDA-2022-1392x995.jpg 1392w, https:\/\/ecodef-ihedn.fr\/wp-content\/uploads\/2023\/03\/2022-11-21-COPDA-2022-1068x763.jpg 1068w, https:\/\/ecodef-ihedn.fr\/wp-content\/uploads\/2023\/03\/2022-11-21-COPDA-2022-1920x1372.jpg 1920w, https:\/\/ecodef-ihedn.fr\/wp-content\/uploads\/2023\/03\/2022-11-21-COPDA-2022-588x420.jpg 588w, https:\/\/ecodef-ihedn.fr\/wp-content\/uploads\/2023\/03\/2022-11-21-COPDA-2022-1175x840.jpg 1175w\" sizes=\"auto, (max-width: 696px) 100vw, 696px\" \/><\/p>\r\n\r\n\r\n\r\n\r\n\r\n\r\n\r\n\r\n\r\n<p><strong>Julien Malizard<\/strong> presented the challenges associated with <strong>measuring defence budgets<\/strong> with a global perspective. First of all, when it comes to measuring budgets, it is essential to question the sources. The methodological issues surrounding budget perimeters, \u00abmilitary inflation\u00bb and comparisons over time were detailed. Lastly, the, <strong>an overview and comparison of the budgets of the world's major powers<\/strong> was presented to the audience. The paradox of the current period is that <strong>defence spending at an all-time high<\/strong> in history, including during the Cold War, while the weight of defence as a percentage of GDP has never been so low.<\/p>\r\n<p><img loading=\"lazy\" decoding=\"async\" class=\"alignnone size-large wp-image-7650\" src=\"https:\/\/ecodef-ihedn.fr\/wp-content\/uploads\/2023\/03\/2022-11-21-COPDA-2022-JD-1024x732.jpg\" alt=\"\" width=\"696\" height=\"498\" srcset=\"https:\/\/ecodef-ihedn.fr\/wp-content\/uploads\/2023\/03\/2022-11-21-COPDA-2022-JD-1024x732.jpg 1024w, https:\/\/ecodef-ihedn.fr\/wp-content\/uploads\/2023\/03\/2022-11-21-COPDA-2022-JD-300x214.jpg 300w, https:\/\/ecodef-ihedn.fr\/wp-content\/uploads\/2023\/03\/2022-11-21-COPDA-2022-JD-768x549.jpg 768w, https:\/\/ecodef-ihedn.fr\/wp-content\/uploads\/2023\/03\/2022-11-21-COPDA-2022-JD-1536x1097.jpg 1536w, https:\/\/ecodef-ihedn.fr\/wp-content\/uploads\/2023\/03\/2022-11-21-COPDA-2022-JD-2048x1463.jpg 2048w, https:\/\/ecodef-ihedn.fr\/wp-content\/uploads\/2023\/03\/2022-11-21-COPDA-2022-JD-696x497.jpg 696w, https:\/\/ecodef-ihedn.fr\/wp-content\/uploads\/2023\/03\/2022-11-21-COPDA-2022-JD-1392x995.jpg 1392w, https:\/\/ecodef-ihedn.fr\/wp-content\/uploads\/2023\/03\/2022-11-21-COPDA-2022-JD-1068x763.jpg 1068w, https:\/\/ecodef-ihedn.fr\/wp-content\/uploads\/2023\/03\/2022-11-21-COPDA-2022-JD-1920x1372.jpg 1920w, https:\/\/ecodef-ihedn.fr\/wp-content\/uploads\/2023\/03\/2022-11-21-COPDA-2022-JD-588x420.jpg 588w, https:\/\/ecodef-ihedn.fr\/wp-content\/uploads\/2023\/03\/2022-11-21-COPDA-2022-JD-1176x840.jpg 1176w\" sizes=\"auto, (max-width: 696px) 100vw, 696px\" \/><\/p>\r\n<p><strong>Josselin Droff<\/strong> presented a paper from the Chair on <strong>State acquisition policies<\/strong>, A look at fighter aircraft in Europe since the end of the Cold War. A symbol of prestige and military power, combat aircraft are also a market subject to both financial constraints and political and diplomatic uncertainties. The issues surrounding the renewal of combat aircraft provided an opportunity to discuss the <strong>issues of strategic autonomy<\/strong>, the preservation of industrial skills within the DTIB, as well as the <strong>cooperation programmes in Europe<\/strong>.<\/p>\r\n<p>At a time when important decisions are being taken on the Future Air Combat System (SCAF), the Main Ground Combat System (MGCS) and the future Military Planning Law in France, the exchanges between the Chair's researchers and the audience were particularly rich.<\/p>","protected":false},"excerpt":{"rendered":"<p>Julien Malizard et Josselin Droff sont intervenus le mardi 21 novembre 2022 lors du Cours de Perfectionnement D\u00e9fense et A\u00e9rospatial (CopDa), organis\u00e9 \u00e0 Massy (Safran University) par la Chaire D\u00e9fense &amp; A\u00e9rospatial, pilot\u00e9e par le g\u00e9n\u00e9ral (2S) Jean-Marc Laurent. Ils ont pr\u00e9sent\u00e9 les travaux de la Chaire \u00e0 un auditoire compos\u00e9 de repr\u00e9sentants d&rsquo;industriels de [&hellip;]<\/p>\n","protected":false},"author":2,"featured_media":7651,"comment_status":"open","ping_status":"open","sticky":false,"template":"","format":"standard","meta":{"footnotes":""},"categories":[34,356],"tags":[488,262,162,411,410,334,36,438,47,74,492,38,335,610,202,86,611],"class_list":{"0":"post-7646","1":"post","2":"type-post","3":"status-publish","4":"format-standard","5":"has-post-thumbnail","7":"category-activites","8":"category-activites-participation-de-la-chaire-a-un-evenement","9":"tag-acquisitions","10":"tag-chaire-defense-et-aerospatial","11":"tag-chaire-economie-de-defense","12":"tag-cooperation-de-defense","13":"tag-cooperation-europeenne","14":"tag-copda","15":"tag-defense","16":"tag-ecodef","17":"tag-economie-de-defense","18":"tag-financement","19":"tag-financement-des-entreprises-de-defense","20":"tag-ihedn","21":"tag-impact-economique","22":"tag-jean-marc-laurent","23":"tag-josselin-droff","24":"tag-julien-malizard","25":"tag-scaf"},"yoast_head":"<!-- This site is optimized with the Yoast SEO plugin v27.4 - https:\/\/yoast.com\/product\/yoast-seo-wordpress\/ -->\n<title>Participation de Julien Malizard et Josselin Droff au CoPDA (Massy, 21 novembre 2022) - Chaire \u00c9conomie de d\u00e9fense - IHEDN<\/title>\n<meta name=\"robots\" content=\"index, follow, max-snippet:-1, max-image-preview:large, max-video-preview:-1\" \/>\n<link rel=\"canonical\" href=\"https:\/\/ecodef-ihedn.fr\/en\/participation-de-julien-malizard-et-josselin-droff-au-copda-massy-21-novembre-2022\/\" \/>\n<meta property=\"og:locale\" content=\"en_GB\" \/>\n<meta property=\"og:type\" content=\"article\" \/>\n<meta property=\"og:title\" content=\"Participation de Julien Malizard et Josselin Droff au CoPDA (Massy, 21 novembre 2022) - Chaire \u00c9conomie de d\u00e9fense - IHEDN\" \/>\n<meta property=\"og:description\" content=\"Julien Malizard et Josselin Droff sont intervenus le mardi 21 novembre 2022 lors du Cours de Perfectionnement D\u00e9fense et A\u00e9rospatial (CopDa), organis\u00e9 \u00e0 Massy (Safran University) par la Chaire D\u00e9fense &amp; A\u00e9rospatial, pilot\u00e9e par le g\u00e9n\u00e9ral (2S) Jean-Marc Laurent. Ils ont pr\u00e9sent\u00e9 les travaux de la Chaire \u00e0 un auditoire compos\u00e9 de repr\u00e9sentants d&rsquo;industriels de [&hellip;]\" \/>\n<meta property=\"og:url\" content=\"https:\/\/ecodef-ihedn.fr\/en\/participation-de-julien-malizard-et-josselin-droff-au-copda-massy-21-novembre-2022\/\" \/>\n<meta property=\"og:site_name\" content=\"Chaire \u00c9conomie de d\u00e9fense - IHEDN\" \/>\n<meta property=\"article:published_time\" content=\"2022-11-22T09:57:17+00:00\" \/>\n<meta property=\"article:modified_time\" content=\"2023-03-21T09:36:33+00:00\" \/>\n<meta property=\"og:image\" content=\"https:\/\/ecodef-ihedn.fr\/wp-content\/uploads\/2023\/03\/2022-11-21-COPDA-2022.jpg\" \/>\n\t<meta property=\"og:image:width\" content=\"2415\" \/>\n\t<meta property=\"og:image:height\" content=\"1726\" \/>\n\t<meta property=\"og:image:type\" content=\"image\/jpeg\" \/>\n<meta name=\"author\" content=\"Bertrand Demandre\" \/>\n<meta name=\"twitter:card\" content=\"summary_large_image\" \/>\n<meta name=\"twitter:creator\" content=\"@Chaire_Ecodef\" \/>\n<meta name=\"twitter:site\" content=\"@Chaire_Ecodef\" \/>\n<meta name=\"twitter:label1\" content=\"Written by\" \/>\n\t<meta name=\"twitter:data1\" content=\"Bertrand Demandre\" \/>\n\t<meta name=\"twitter:label2\" content=\"Estimated reading time\" \/>\n\t<meta name=\"twitter:data2\" content=\"3 minutes\" \/>\n<script type=\"application\/ld+json\" class=\"yoast-schema-graph\">{\"@context\":\"https:\\\/\\\/schema.org\",\"@graph\":[{\"@type\":\"Article\",\"@id\":\"https:\\\/\\\/ecodef-ihedn.fr\\\/participation-de-julien-malizard-et-josselin-droff-au-copda-massy-21-novembre-2022\\\/#article\",\"isPartOf\":{\"@id\":\"https:\\\/\\\/ecodef-ihedn.fr\\\/participation-de-julien-malizard-et-josselin-droff-au-copda-massy-21-novembre-2022\\\/\"},\"author\":{\"name\":\"Bertrand Demandre\",\"@id\":\"https:\\\/\\\/ecodef-ihedn.fr\\\/#\\\/schema\\\/person\\\/1cdf22d028cebe278126a6e07a884d30\"},\"headline\":\"Participation de Julien Malizard et Josselin Droff au CoPDA (Massy, 21 novembre 2022)\",\"datePublished\":\"2022-11-22T09:57:17+00:00\",\"dateModified\":\"2023-03-21T09:36:33+00:00\",\"mainEntityOfPage\":{\"@id\":\"https:\\\/\\\/ecodef-ihedn.fr\\\/participation-de-julien-malizard-et-josselin-droff-au-copda-massy-21-novembre-2022\\\/\"},\"wordCount\":370,\"commentCount\":0,\"publisher\":{\"@id\":\"https:\\\/\\\/ecodef-ihedn.fr\\\/#organization\"},\"image\":{\"@id\":\"https:\\\/\\\/ecodef-ihedn.fr\\\/participation-de-julien-malizard-et-josselin-droff-au-copda-massy-21-novembre-2022\\\/#primaryimage\"},\"thumbnailUrl\":\"https:\\\/\\\/ecodef-ihedn.fr\\\/wp-content\\\/uploads\\\/2023\\\/03\\\/2022-11-21-COPDA-2022.jpg\",\"keywords\":[\"acquisitions\",\"chaire d\u00e9fense et a\u00e9rospatial\",\"chaire \u00e9conomie de d\u00e9fense\",\"coop\u00e9ration de d\u00e9fense\",\"coop\u00e9ration europ\u00e9enne\",\"CoPDA\",\"D\u00e9fense\",\"ecodef\",\"\u00e9conomie de d\u00e9fense\",\"financement\",\"financement des entreprises de d\u00e9fense\",\"IHEDN\",\"Impact \u00e9conomique\",\"Jean-Marc Laurent\",\"Josselin Droff\",\"Julien Malizard\",\"SCAF\"],\"articleSection\":[\"Activit\u00e9s\",\"Activit\u00e9s : participation de la Chaire \u00e0 un \u00e9v\u00e9nement\"],\"inLanguage\":\"en-GB\",\"potentialAction\":[{\"@type\":\"CommentAction\",\"name\":\"Comment\",\"target\":[\"https:\\\/\\\/ecodef-ihedn.fr\\\/participation-de-julien-malizard-et-josselin-droff-au-copda-massy-21-novembre-2022\\\/#respond\"]}]},{\"@type\":\"WebPage\",\"@id\":\"https:\\\/\\\/ecodef-ihedn.fr\\\/participation-de-julien-malizard-et-josselin-droff-au-copda-massy-21-novembre-2022\\\/\",\"url\":\"https:\\\/\\\/ecodef-ihedn.fr\\\/participation-de-julien-malizard-et-josselin-droff-au-copda-massy-21-novembre-2022\\\/\",\"name\":\"Participation de Julien Malizard et Josselin Droff au CoPDA (Massy, 21 novembre 2022) - Chaire \u00c9conomie de d\u00e9fense - IHEDN\",\"isPartOf\":{\"@id\":\"https:\\\/\\\/ecodef-ihedn.fr\\\/#website\"},\"primaryImageOfPage\":{\"@id\":\"https:\\\/\\\/ecodef-ihedn.fr\\\/participation-de-julien-malizard-et-josselin-droff-au-copda-massy-21-novembre-2022\\\/#primaryimage\"},\"image\":{\"@id\":\"https:\\\/\\\/ecodef-ihedn.fr\\\/participation-de-julien-malizard-et-josselin-droff-au-copda-massy-21-novembre-2022\\\/#primaryimage\"},\"thumbnailUrl\":\"https:\\\/\\\/ecodef-ihedn.fr\\\/wp-content\\\/uploads\\\/2023\\\/03\\\/2022-11-21-COPDA-2022.jpg\",\"datePublished\":\"2022-11-22T09:57:17+00:00\",\"dateModified\":\"2023-03-21T09:36:33+00:00\",\"breadcrumb\":{\"@id\":\"https:\\\/\\\/ecodef-ihedn.fr\\\/participation-de-julien-malizard-et-josselin-droff-au-copda-massy-21-novembre-2022\\\/#breadcrumb\"},\"inLanguage\":\"en-GB\",\"potentialAction\":[{\"@type\":\"ReadAction\",\"target\":[\"https:\\\/\\\/ecodef-ihedn.fr\\\/participation-de-julien-malizard-et-josselin-droff-au-copda-massy-21-novembre-2022\\\/\"]}]},{\"@type\":\"ImageObject\",\"inLanguage\":\"en-GB\",\"@id\":\"https:\\\/\\\/ecodef-ihedn.fr\\\/participation-de-julien-malizard-et-josselin-droff-au-copda-massy-21-novembre-2022\\\/#primaryimage\",\"url\":\"https:\\\/\\\/ecodef-ihedn.fr\\\/wp-content\\\/uploads\\\/2023\\\/03\\\/2022-11-21-COPDA-2022.jpg\",\"contentUrl\":\"https:\\\/\\\/ecodef-ihedn.fr\\\/wp-content\\\/uploads\\\/2023\\\/03\\\/2022-11-21-COPDA-2022.jpg\",\"width\":2415,\"height\":1726},{\"@type\":\"BreadcrumbList\",\"@id\":\"https:\\\/\\\/ecodef-ihedn.fr\\\/participation-de-julien-malizard-et-josselin-droff-au-copda-massy-21-novembre-2022\\\/#breadcrumb\",\"itemListElement\":[{\"@type\":\"ListItem\",\"position\":1,\"name\":\"Accueil\",\"item\":\"https:\\\/\\\/ecodef-ihedn.fr\\\/\"},{\"@type\":\"ListItem\",\"position\":2,\"name\":\"Participation de Julien Malizard et Josselin Droff au CoPDA (Massy, 21 novembre 2022)\"}]},{\"@type\":\"WebSite\",\"@id\":\"https:\\\/\\\/ecodef-ihedn.fr\\\/#website\",\"url\":\"https:\\\/\\\/ecodef-ihedn.fr\\\/\",\"name\":\"Chaire \u00c9conomie de D\u00e9fense - IHEDN\",\"description\":\"Produire &amp; soutenir, f\u00e9d\u00e9rer &amp; diffuser, \u00eatre une interface\",\"publisher\":{\"@id\":\"https:\\\/\\\/ecodef-ihedn.fr\\\/#organization\"},\"potentialAction\":[{\"@type\":\"SearchAction\",\"target\":{\"@type\":\"EntryPoint\",\"urlTemplate\":\"https:\\\/\\\/ecodef-ihedn.fr\\\/?s={search_term_string}\"},\"query-input\":{\"@type\":\"PropertyValueSpecification\",\"valueRequired\":true,\"valueName\":\"search_term_string\"}}],\"inLanguage\":\"en-GB\"},{\"@type\":\"Organization\",\"@id\":\"https:\\\/\\\/ecodef-ihedn.fr\\\/#organization\",\"name\":\"Chaire \u00c9conomie de d\u00e9fense - IHEDN\",\"url\":\"https:\\\/\\\/ecodef-ihedn.fr\\\/\",\"logo\":{\"@type\":\"ImageObject\",\"inLanguage\":\"en-GB\",\"@id\":\"https:\\\/\\\/ecodef-ihedn.fr\\\/#\\\/schema\\\/logo\\\/image\\\/\",\"url\":\"https:\\\/\\\/ecodef-ihedn.fr\\\/wp-content\\\/uploads\\\/2020\\\/04\\\/logoEcodef9.jpg\",\"contentUrl\":\"https:\\\/\\\/ecodef-ihedn.fr\\\/wp-content\\\/uploads\\\/2020\\\/04\\\/logoEcodef9.jpg\",\"width\":410,\"height\":212,\"caption\":\"Chaire \u00c9conomie de d\u00e9fense - IHEDN\"},\"image\":{\"@id\":\"https:\\\/\\\/ecodef-ihedn.fr\\\/#\\\/schema\\\/logo\\\/image\\\/\"},\"sameAs\":[\"https:\\\/\\\/x.com\\\/Chaire_Ecodef\",\"https:\\\/\\\/www.linkedin.com\\\/company\\\/chaire-ecodef-ihedn\\\/\"]},{\"@type\":\"Person\",\"@id\":\"https:\\\/\\\/ecodef-ihedn.fr\\\/#\\\/schema\\\/person\\\/1cdf22d028cebe278126a6e07a884d30\",\"name\":\"Bertrand Demandre\",\"image\":{\"@type\":\"ImageObject\",\"inLanguage\":\"en-GB\",\"@id\":\"https:\\\/\\\/secure.gravatar.com\\\/avatar\\\/d9c9746d6c900ab5b9c0f9b1fa3932e369da923da247d624b8f7ab4ba8a3c093?s=96&d=mm&r=g\",\"url\":\"https:\\\/\\\/secure.gravatar.com\\\/avatar\\\/d9c9746d6c900ab5b9c0f9b1fa3932e369da923da247d624b8f7ab4ba8a3c093?s=96&d=mm&r=g\",\"contentUrl\":\"https:\\\/\\\/secure.gravatar.com\\\/avatar\\\/d9c9746d6c900ab5b9c0f9b1fa3932e369da923da247d624b8f7ab4ba8a3c093?s=96&d=mm&r=g\",\"caption\":\"Bertrand Demandre\"},\"url\":\"https:\\\/\\\/ecodef-ihedn.fr\\\/en\\\/author\\\/bertrand\\\/\"}]}<\/script>\n<!-- \/ Yoast SEO plugin. -->","yoast_head_json":{"title":"Participation de Julien Malizard et Josselin Droff au CoPDA (Massy, 21 novembre 2022) - Chaire \u00c9conomie de d\u00e9fense - IHEDN","robots":{"index":"index","follow":"follow","max-snippet":"max-snippet:-1","max-image-preview":"max-image-preview:large","max-video-preview":"max-video-preview:-1"},"canonical":"https:\/\/ecodef-ihedn.fr\/en\/participation-de-julien-malizard-et-josselin-droff-au-copda-massy-21-novembre-2022\/","og_locale":"en_GB","og_type":"article","og_title":"Participation de Julien Malizard et Josselin Droff au CoPDA (Massy, 21 novembre 2022) - Chaire \u00c9conomie de d\u00e9fense - IHEDN","og_description":"Julien Malizard et Josselin Droff sont intervenus le mardi 21 novembre 2022 lors du Cours de Perfectionnement D\u00e9fense et A\u00e9rospatial (CopDa), organis\u00e9 \u00e0 Massy (Safran University) par la Chaire D\u00e9fense &amp; A\u00e9rospatial, pilot\u00e9e par le g\u00e9n\u00e9ral (2S) Jean-Marc Laurent. Ils ont pr\u00e9sent\u00e9 les travaux de la Chaire \u00e0 un auditoire compos\u00e9 de repr\u00e9sentants d&rsquo;industriels de [&hellip;]","og_url":"https:\/\/ecodef-ihedn.fr\/en\/participation-de-julien-malizard-et-josselin-droff-au-copda-massy-21-novembre-2022\/","og_site_name":"Chaire \u00c9conomie de d\u00e9fense - IHEDN","article_published_time":"2022-11-22T09:57:17+00:00","article_modified_time":"2023-03-21T09:36:33+00:00","og_image":[{"width":2415,"height":1726,"url":"https:\/\/ecodef-ihedn.fr\/wp-content\/uploads\/2023\/03\/2022-11-21-COPDA-2022.jpg","type":"image\/jpeg"}],"author":"Bertrand Demandre","twitter_card":"summary_large_image","twitter_creator":"@Chaire_Ecodef","twitter_site":"@Chaire_Ecodef","twitter_misc":{"Written by":"Bertrand Demandre","Estimated reading time":"3 minutes"},"schema":{"@context":"https:\/\/schema.org","@graph":[{"@type":"Article","@id":"https:\/\/ecodef-ihedn.fr\/participation-de-julien-malizard-et-josselin-droff-au-copda-massy-21-novembre-2022\/#article","isPartOf":{"@id":"https:\/\/ecodef-ihedn.fr\/participation-de-julien-malizard-et-josselin-droff-au-copda-massy-21-novembre-2022\/"},"author":{"name":"Bertrand Demandre","@id":"https:\/\/ecodef-ihedn.fr\/#\/schema\/person\/1cdf22d028cebe278126a6e07a884d30"},"headline":"Participation de Julien Malizard et Josselin Droff au CoPDA (Massy, 21 novembre 2022)","datePublished":"2022-11-22T09:57:17+00:00","dateModified":"2023-03-21T09:36:33+00:00","mainEntityOfPage":{"@id":"https:\/\/ecodef-ihedn.fr\/participation-de-julien-malizard-et-josselin-droff-au-copda-massy-21-novembre-2022\/"},"wordCount":370,"commentCount":0,"publisher":{"@id":"https:\/\/ecodef-ihedn.fr\/#organization"},"image":{"@id":"https:\/\/ecodef-ihedn.fr\/participation-de-julien-malizard-et-josselin-droff-au-copda-massy-21-novembre-2022\/#primaryimage"},"thumbnailUrl":"https:\/\/ecodef-ihedn.fr\/wp-content\/uploads\/2023\/03\/2022-11-21-COPDA-2022.jpg","keywords":["acquisitions","chaire d\u00e9fense et a\u00e9rospatial","chaire \u00e9conomie de d\u00e9fense","coop\u00e9ration de d\u00e9fense","coop\u00e9ration europ\u00e9enne","CoPDA","D\u00e9fense","ecodef","\u00e9conomie de d\u00e9fense","financement","financement des entreprises de d\u00e9fense","IHEDN","Impact \u00e9conomique","Jean-Marc Laurent","Josselin Droff","Julien Malizard","SCAF"],"articleSection":["Activit\u00e9s","Activit\u00e9s : participation de la Chaire \u00e0 un \u00e9v\u00e9nement"],"inLanguage":"en-GB","potentialAction":[{"@type":"CommentAction","name":"Comment","target":["https:\/\/ecodef-ihedn.fr\/participation-de-julien-malizard-et-josselin-droff-au-copda-massy-21-novembre-2022\/#respond"]}]},{"@type":"WebPage","@id":"https:\/\/ecodef-ihedn.fr\/participation-de-julien-malizard-et-josselin-droff-au-copda-massy-21-novembre-2022\/","url":"https:\/\/ecodef-ihedn.fr\/participation-de-julien-malizard-et-josselin-droff-au-copda-massy-21-novembre-2022\/","name":"Participation de Julien Malizard et Josselin Droff au CoPDA (Massy, 21 novembre 2022) - Chaire \u00c9conomie de d\u00e9fense - IHEDN","isPartOf":{"@id":"https:\/\/ecodef-ihedn.fr\/#website"},"primaryImageOfPage":{"@id":"https:\/\/ecodef-ihedn.fr\/participation-de-julien-malizard-et-josselin-droff-au-copda-massy-21-novembre-2022\/#primaryimage"},"image":{"@id":"https:\/\/ecodef-ihedn.fr\/participation-de-julien-malizard-et-josselin-droff-au-copda-massy-21-novembre-2022\/#primaryimage"},"thumbnailUrl":"https:\/\/ecodef-ihedn.fr\/wp-content\/uploads\/2023\/03\/2022-11-21-COPDA-2022.jpg","datePublished":"2022-11-22T09:57:17+00:00","dateModified":"2023-03-21T09:36:33+00:00","breadcrumb":{"@id":"https:\/\/ecodef-ihedn.fr\/participation-de-julien-malizard-et-josselin-droff-au-copda-massy-21-novembre-2022\/#breadcrumb"},"inLanguage":"en-GB","potentialAction":[{"@type":"ReadAction","target":["https:\/\/ecodef-ihedn.fr\/participation-de-julien-malizard-et-josselin-droff-au-copda-massy-21-novembre-2022\/"]}]},{"@type":"ImageObject","inLanguage":"en-GB","@id":"https:\/\/ecodef-ihedn.fr\/participation-de-julien-malizard-et-josselin-droff-au-copda-massy-21-novembre-2022\/#primaryimage","url":"https:\/\/ecodef-ihedn.fr\/wp-content\/uploads\/2023\/03\/2022-11-21-COPDA-2022.jpg","contentUrl":"https:\/\/ecodef-ihedn.fr\/wp-content\/uploads\/2023\/03\/2022-11-21-COPDA-2022.jpg","width":2415,"height":1726},{"@type":"BreadcrumbList","@id":"https:\/\/ecodef-ihedn.fr\/participation-de-julien-malizard-et-josselin-droff-au-copda-massy-21-novembre-2022\/#breadcrumb","itemListElement":[{"@type":"ListItem","position":1,"name":"Accueil","item":"https:\/\/ecodef-ihedn.fr\/"},{"@type":"ListItem","position":2,"name":"Participation de Julien Malizard et Josselin Droff au CoPDA (Massy, 21 novembre 2022)"}]},{"@type":"WebSite","@id":"https:\/\/ecodef-ihedn.fr\/#website","url":"https:\/\/ecodef-ihedn.fr\/","name":"Chair in Defence Economics - IHEDN","description":"Produce &amp; support, federate &amp; disseminate, act as an interface","publisher":{"@id":"https:\/\/ecodef-ihedn.fr\/#organization"},"potentialAction":[{"@type":"SearchAction","target":{"@type":"EntryPoint","urlTemplate":"https:\/\/ecodef-ihedn.fr\/?s={search_term_string}"},"query-input":{"@type":"PropertyValueSpecification","valueRequired":true,"valueName":"search_term_string"}}],"inLanguage":"en-GB"},{"@type":"Organization","@id":"https:\/\/ecodef-ihedn.fr\/#organization","name":"Chair in Defence Economics - IHEDN","url":"https:\/\/ecodef-ihedn.fr\/","logo":{"@type":"ImageObject","inLanguage":"en-GB","@id":"https:\/\/ecodef-ihedn.fr\/#\/schema\/logo\/image\/","url":"https:\/\/ecodef-ihedn.fr\/wp-content\/uploads\/2020\/04\/logoEcodef9.jpg","contentUrl":"https:\/\/ecodef-ihedn.fr\/wp-content\/uploads\/2020\/04\/logoEcodef9.jpg","width":410,"height":212,"caption":"Chaire \u00c9conomie de d\u00e9fense - IHEDN"},"image":{"@id":"https:\/\/ecodef-ihedn.fr\/#\/schema\/logo\/image\/"},"sameAs":["https:\/\/x.com\/Chaire_Ecodef","https:\/\/www.linkedin.com\/company\/chaire-ecodef-ihedn\/"]},{"@type":"Person","@id":"https:\/\/ecodef-ihedn.fr\/#\/schema\/person\/1cdf22d028cebe278126a6e07a884d30","name":"Bertrand Demandre","image":{"@type":"ImageObject","inLanguage":"en-GB","@id":"https:\/\/secure.gravatar.com\/avatar\/d9c9746d6c900ab5b9c0f9b1fa3932e369da923da247d624b8f7ab4ba8a3c093?s=96&d=mm&r=g","url":"https:\/\/secure.gravatar.com\/avatar\/d9c9746d6c900ab5b9c0f9b1fa3932e369da923da247d624b8f7ab4ba8a3c093?s=96&d=mm&r=g","contentUrl":"https:\/\/secure.gravatar.com\/avatar\/d9c9746d6c900ab5b9c0f9b1fa3932e369da923da247d624b8f7ab4ba8a3c093?s=96&d=mm&r=g","caption":"Bertrand Demandre"},"url":"https:\/\/ecodef-ihedn.fr\/en\/author\/bertrand\/"}]}},"_links":{"self":[{"href":"https:\/\/ecodef-ihedn.fr\/en\/wp-json\/wp\/v2\/posts\/7646","targetHints":{"allow":["GET"]}}],"collection":[{"href":"https:\/\/ecodef-ihedn.fr\/en\/wp-json\/wp\/v2\/posts"}],"about":[{"href":"https:\/\/ecodef-ihedn.fr\/en\/wp-json\/wp\/v2\/types\/post"}],"author":[{"embeddable":true,"href":"https:\/\/ecodef-ihedn.fr\/en\/wp-json\/wp\/v2\/users\/2"}],"replies":[{"embeddable":true,"href":"https:\/\/ecodef-ihedn.fr\/en\/wp-json\/wp\/v2\/comments?post=7646"}],"version-history":[{"count":5,"href":"https:\/\/ecodef-ihedn.fr\/en\/wp-json\/wp\/v2\/posts\/7646\/revisions"}],"predecessor-version":[{"id":7730,"href":"https:\/\/ecodef-ihedn.fr\/en\/wp-json\/wp\/v2\/posts\/7646\/revisions\/7730"}],"wp:featuredmedia":[{"embeddable":true,"href":"https:\/\/ecodef-ihedn.fr\/en\/wp-json\/wp\/v2\/media\/7651"}],"wp:attachment":[{"href":"https:\/\/ecodef-ihedn.fr\/en\/wp-json\/wp\/v2\/media?parent=7646"}],"wp:term":[{"taxonomy":"category","embeddable":true,"href":"https:\/\/ecodef-ihedn.fr\/en\/wp-json\/wp\/v2\/categories?post=7646"},{"taxonomy":"post_tag","embeddable":true,"href":"https:\/\/ecodef-ihedn.fr\/en\/wp-json\/wp\/v2\/tags?post=7646"}],"curies":[{"name":"wp","href":"https:\/\/api.w.org\/{rel}","templated":true}]}}