{"id":7671,"date":"2023-03-17T11:53:36","date_gmt":"2023-03-17T11:53:36","guid":{"rendered":"https:\/\/ecodef-ihedn.fr\/synthese-webinaire-finacement-effort-de-defense-les-entretiens-de-lecodef-4-le-6-juillet-2022-copy\/"},"modified":"2023-04-03T10:41:35","modified_gmt":"2023-04-03T10:41:35","slug":"synthese-webinaire-quelles-evolutions-de-notre-appareil-de-defense-face-a-la-menace-des-conflits-de-haute-intensite-les-entretiens-de-lecodef-5-le-17-janvier-2023","status":"publish","type":"post","link":"https:\/\/ecodef-ihedn.fr\/en\/synthese-webinaire-quelles-evolutions-de-notre-appareil-de-defense-face-a-la-menace-des-conflits-de-haute-intensite-les-entretiens-de-lecodef-5-le-17-janvier-2023\/","title":{"rendered":"[SYNTH\u00c8SE] webinaire \u201cQuelles \u00e9volutions de notre appareil de d\u00e9fense face \u00e0 la menace des conflits de haute intensit\u00e9 ?\u201d (Les entretiens de l\u2019ECODEF #5 \/ le 17 janvier 2023)"},"content":{"rendered":"\r\n<h2 style=\"text-align: center;\"><strong>Synth\u00e8se du 5e num\u00e9ro de la s\u00e9rie de webinaires \u00ab\u00a0Les entretiens de l\u2019ECODEF\u00a0\u00bb, sur le th\u00e8me des \u00e9volutions de notre appareil de d\u00e9fense face \u00e0 la menace des conflits de haute intensit\u00e9<\/strong><\/h2>\r\n\r\n\r\n<div class=\"wp-block-image\">\r\n<figure class=\"aligncenter size-large is-resized\">\r\n<figure id=\"attachment_7507\" aria-describedby=\"caption-attachment-7507\" style=\"width: 696px\" class=\"wp-caption alignnone\"><img loading=\"lazy\" decoding=\"async\" class=\"wp-image-7507 size-large\" src=\"https:\/\/ecodef-ihedn.fr\/wp-content\/uploads\/2023\/01\/20230117_091713-1024x768.jpg\" alt=\"\" width=\"696\" height=\"522\" srcset=\"https:\/\/ecodef-ihedn.fr\/wp-content\/uploads\/2023\/01\/20230117_091713-1024x768.jpg 1024w, https:\/\/ecodef-ihedn.fr\/wp-content\/uploads\/2023\/01\/20230117_091713-300x225.jpg 300w, https:\/\/ecodef-ihedn.fr\/wp-content\/uploads\/2023\/01\/20230117_091713-768x576.jpg 768w, https:\/\/ecodef-ihedn.fr\/wp-content\/uploads\/2023\/01\/20230117_091713-1536x1152.jpg 1536w, https:\/\/ecodef-ihedn.fr\/wp-content\/uploads\/2023\/01\/20230117_091713-2048x1536.jpg 2048w, https:\/\/ecodef-ihedn.fr\/wp-content\/uploads\/2023\/01\/20230117_091713-696x522.jpg 696w, https:\/\/ecodef-ihedn.fr\/wp-content\/uploads\/2023\/01\/20230117_091713-1392x1044.jpg 1392w, https:\/\/ecodef-ihedn.fr\/wp-content\/uploads\/2023\/01\/20230117_091713-1068x801.jpg 1068w, https:\/\/ecodef-ihedn.fr\/wp-content\/uploads\/2023\/01\/20230117_091713-1920x1440.jpg 1920w, https:\/\/ecodef-ihedn.fr\/wp-content\/uploads\/2023\/01\/20230117_091713-560x420.jpg 560w, https:\/\/ecodef-ihedn.fr\/wp-content\/uploads\/2023\/01\/20230117_091713-1120x840.jpg 1120w, https:\/\/ecodef-ihedn.fr\/wp-content\/uploads\/2023\/01\/20230117_091713-80x60.jpg 80w, https:\/\/ecodef-ihedn.fr\/wp-content\/uploads\/2023\/01\/20230117_091713-160x120.jpg 160w, https:\/\/ecodef-ihedn.fr\/wp-content\/uploads\/2023\/01\/20230117_091713-265x198.jpg 265w\" sizes=\"auto, (max-width: 696px) 100vw, 696px\" \/><figcaption id=\"caption-attachment-7507\" class=\"wp-caption-text\">Julien Malizard, Nicolas Baverez et Olivier Martin<\/figcaption><\/figure>\r\n\r\n<\/figure>\r\n<\/div>\r\n\r\n\r\n<p>Le 5e num\u00e9ro de ce webinaire, intitul\u00e9 <strong>\u00ab\u00a0Quelles \u00e9volutions de notre appareil de d\u00e9fense face \u00e0 la menace des conflits de haute intensit\u00e9 ?\u00a0\u00bb<\/strong>, a \u00e9t\u00e9 diffus\u00e9 en direct le mardi 17 janvier 2023.<\/p>\r\n\r\n\r\n\r\n<p>Anim\u00e9 par l&rsquo;Ing\u00e9n\u00e9ieur g\u00e9n\u00e9ral de l&rsquo;armement (2S) <strong>Olivier Martin<\/strong>, Pr\u00e9sident du Comit\u00e9 de pilotage de la Chaire, ce num\u00e9ro a propos\u00e9 un \u00e9change avec <strong>Nicolas Baverez<\/strong>, \u00c9conomiste et historien, Docteur en histoire et agr\u00e9g\u00e9 de sciences sociales, Membre du Comit\u00e9 de direction de la revue Commentaire, et <strong>Julien Malizard<\/strong>, Docteur en sciences \u00e9conomiques, Titulaire adjoint de la Chaire.<\/p>\r\n\r\n\r\n\r\n<p><strong>Pourquoi ce th\u00e8me ?<\/strong><\/p>\r\n\r\n\r\n\r\n<p>La guerre en Ukraine lanc\u00e9e par la Russie vient confirmer le caract\u00e8re cr\u00e9dible d\u2019une guerre de haute intensit\u00e9 en Europe. Toutefois, pour s\u2019y pr\u00e9parer, l\u2019outil militaire devra s\u2019adapter, ce qui n\u00e9cessitera des moyens budg\u00e9taires afin de regagner en \u00e9paisseur et plus g\u00e9n\u00e9ralement passer d\u2019une logique de flux \u00e0 une logique de stocks.<\/p>\r\n<p>Ce webinaire a eu pour but de pr\u00e9senter les <strong>r\u00e9flexions de nature \u00e9conomique et budg\u00e9taire<\/strong> des deux invit\u00e9s : <strong>Nicolas Baverez<\/strong> est auteur avec Bernard Cazeneuve de deux rapports de l\u2019Institut Montaigne sur les transformations de la politique de d\u00e9fense depuis la fin de la guerre froide <sup><a href=\"https:\/\/www.institutmontaigne.org\/ressources\/pdfs\/publications\/repenser-la-defense-face-aux-crises-du-21e-siecle-rapport.pdf\" target=\"_blank\" rel=\"noopener\" name=\"_ftnref1\">[1]<\/a> <a href=\"https:\/\/www.institutmontaigne.org\/publications\/defense-francaise-ajuster-nos-efforts\" target=\"_blank\" rel=\"noopener\" name=\"_ftnref2\">[2]<\/a><\/sup> et <strong>Julien Malizard<\/strong> de plusieurs contributions r\u00e9centes sur les budgets de d\u00e9fense en France <sup><a href=\"https:\/\/www.tandfonline.com\/doi\/full\/10.1080\/10242694.2021.1907985\" target=\"_blank\" rel=\"noopener\" name=\"_ftnref3\">[3]<\/a> <a href=\"https:\/\/www.vie-publique.fr\/catalogue\/285619-larmee-dans-la-societe\" target=\"_blank\" rel=\"noopener\" name=\"_ftnref4\">[4]<\/a><\/sup>.<\/p>\r\n<p><strong><a href=\"https:\/\/youtu.be\/WJKToqeuNVw\" target=\"_blank\" rel=\"noopener\">L\u2019int\u00e9gralit\u00e9 de ce webinaire est disponible sur la page YouTube de la Chaire<\/a><\/strong><\/p>\r\n<p><a href=\"#_ftnref1\" name=\"_ftn1\"><\/a><\/p>\r\n\r\n\r\n\r\n\r\n<hr class=\"wp-block-separator has-alpha-channel-opacity\" \/>\r\n\r\n\r\n<p><strong>Olivier Martin\u00a0: Pouvez-vous nous rappeler les transformations principales depuis la fin de la guerre froide\u00a0? <\/strong><\/p>\r\n<p><strong>Nicolas Baverez\u00a0:<\/strong> Apr\u00e8s l\u2019effondrement de l\u2019URSS, on a v\u00e9cu dans un moment o\u00f9 l\u2019on a consid\u00e9r\u00e9 que la paix \u00e9tait acquise et la guerre impossible. Pourtant, de nombreux chocs ont eu lieu\u00a0: les attentats du 11 septembre 2001, puis des guerres \u00ab\u00a0enlis\u00e9es\u00a0\u00bb en Afghanistan et en Irak. Malgr\u00e9 cela, les budgets de d\u00e9fense des puissances occidentales ont \u00e9t\u00e9 orient\u00e9s \u00e0 la baisse (environ -20 % en France en euros constants) entre 1990 et 2015. Les appareils militaires ont donc \u00e9t\u00e9 adapt\u00e9s \u00e0 cette nouvelle donne, par exemple en France, en maintenant la dissuasion nucl\u00e9aire et augmentant les capacit\u00e9s de projection de forces, mais en r\u00e9duisant consid\u00e9rablement la \u00ab\u00a0profondeur\u00a0\u00bb de notre outil militaire.<\/p>\r\n<p>Depuis plusieurs ann\u00e9es, on observe une transformation de l\u2019environnement strat\u00e9gique avec la mont\u00e9e de puissances agressives et d\u2019empires autoritaires, en t\u00e9moigne l\u2019invasion de l\u2019Ukraine par la Russie en 2022. N\u00e9anmoins, les autres menaces, notamment le terrorisme djihadiste, existent toujours. Par ailleurs, de nouveaux espaces de conflictualit\u00e9 \u00e9mergent comme \u00a0\u00a0le cyber conduisant \u00e0 des guerres hybrides. Enfin, l\u2019hypoth\u00e8se d\u2019une guerre de haute intensit\u00e9 est devenue plus vraisemblable, ce qui pose la question de l\u2019adaptation de l\u2019outil militaire mais aussi de sa doctrine d\u2019emploi.<\/p>\r\n<p><strong>Olivier Martin\u00a0: Comment les arm\u00e9es fran\u00e7aises se sont-elles adapt\u00e9es, notamment sous l\u2019angle capacitaire\u00a0? <\/strong><\/p>\r\n<p><strong>Nicolas Baverez\u00a0: <\/strong>Jusqu\u2019en 2015, les suppressions de poste dans les forces arm\u00e9es devaient permettre de g\u00e9n\u00e9rer des marges de man\u0153uvre budg\u00e9taire pour financer la modernisation et l\u2019adaptation des forces arm\u00e9es, dans le cadre d\u2019un \u00ab\u00a0mod\u00e8le complet d\u2019arm\u00e9e\u00a0\u00bb. Toutefois, ces marges de man\u0153uvre n\u2019ont pas \u00e9t\u00e9 d\u00e9gag\u00e9es et l\u2019\u00e9volution capacitaire \u00e9tait donc orient\u00e9e \u00e0 la baisse jusqu\u2019en 2015.<\/p>\r\n<p>\u00c0 partir de 2015, les budgets sont orient\u00e9s \u00e0 la hausse mais ils ne permettent pas de r\u00e9pondre aux d\u00e9fis de la guerre de haute intensit\u00e9, parce que cela n\u00e9cessite de la masse critique de stocks (munitions ou pi\u00e8ces de rechange) et du volume pour durer dans le temps. Par exemple, les obus tir\u00e9s par jour par les bellig\u00e9rants en Ukraine correspondent au stock de l\u2019arm\u00e9e fran\u00e7aise <sup><a href=\"https:\/\/www.lefigaro.fr\/international\/l-etat-dramatiquement-bas-des-stocks-de-munitions-en-europe-et-aux-etats-unis-20221213\" target=\"_blank\" rel=\"noopener\" name=\"_ftnref3\">[5]<\/a><\/sup>. Cela doit se conjuguer \u00e0 la mont\u00e9e en puissance d\u2019un appareil de production, qui n\u2019a pas \u00e9t\u00e9 pr\u00e9vu pour la haute intensit\u00e9. Par exemple, la derni\u00e8re commande fran\u00e7aise pour les canons CAESAR a \u00e9t\u00e9 faite en 2011, de sorte que les exportations ont \u00e9t\u00e9 indispensables pour pr\u00e9server les comp\u00e9tences industrielles. Le caract\u00e8re \u00e9chantillonnaire des forces arm\u00e9es se traduit par des capacit\u00e9s de production limit\u00e9es. Or, comme ces derni\u00e8res s\u2019inscrivent dans un syst\u00e8me de production marqu\u00e9 par une dur\u00e9e de cycle largement sup\u00e9rieure \u00e0 celle des biens civils, l\u2019adaptation de l\u2019outil industriel n\u00e9cessite une anticipation forte.<\/p>\r\n<p><strong>Olivier Martin\u00a0: Compte tenu de la menace de la guerre de haute intensit\u00e9, quels doivent \u00eatre les moyens budg\u00e9taires allou\u00e9s aux forces arm\u00e9es\u00a0?<\/strong><\/p>\r\n<p><strong>Nicolas Baverez\u00a0:<\/strong> Avant de d\u00e9terminer les moyens, il convient de d\u00e9terminer ce que l\u2019on veut faire en termes d\u2019ambitions strat\u00e9giques\u00a0: contrer la menace existentielle d\u2019une guerre majeure, prot\u00e9ger le territoire et la population, contribuer \u00e0 la d\u00e9fense du continent europ\u00e9en dans le cadre de l\u2019OTAN. De ce point de vue, l\u2019OTAN est redevenue un pilier de la politique de d\u00e9fense de l\u2019Europe m\u00eame si le soutien \u00e0 un pilier europ\u00e9en de d\u00e9fense collective doit \u00eatre poursuivi. Un partenariat plus approfondi avec l\u2019Allemagne apparait donc comme indispensable en d\u00e9pit de relations singuli\u00e8rement d\u00e9grad\u00e9es aux plans politique, militaire et industriel.\u00a0En somme, la France ne fera pas face seule \u00e0 la menace de haute intensit\u00e9.<\/p>\r\n<p>L\u2019ambition de pouvoir tenir dans une guerre de haute intensit\u00e9 n\u00e9cessite de combler certaines lacunes majeures (drones et munitions notamment). Une r\u00e9flexion sur le volume est \u00e9galement indispensable pour basculer vers une \u00ab\u00a0\u00e9conomie de guerre\u00a0\u00bb. Des changements majeurs en termes d\u2019effort de d\u00e9fense sont \u00e0 pr\u00e9voir. \u00c0 titre d\u2019exemple, l\u2019Allemagne pr\u00e9voit d\u2019atteindre 2% du PIB dans la d\u00e9fense avec un fonds de modernisation dot\u00e9 de 100 milliards d\u2019euros, le Royaume-Uni vise les 3% du PIB \u00e0 horizon 2030. Afin que la France puisse conserver son leadership au niveau europ\u00e9en, une cible de 3% du PIB semble cr\u00e9dible. Toutefois, pour l\u2019atteindre, il faudra interroger le financement des autres d\u00e9penses publiques, dans un contexte de cannibalisation de l\u2019\u00c9tat providence au d\u00e9triment de l\u2019\u00c9tat r\u00e9galien, d\u2019augmentation des taux d\u2019int\u00e9r\u00eat et de niveau de dette publique proche de 120% du PIB.<\/p>\r\n<p><strong>Olivier Martin\u00a0: Quel poids jouent les contraintes budg\u00e9taires dans l\u2019\u00e9volution des d\u00e9penses de d\u00e9fense fran\u00e7aises\u00a0?<\/strong><\/p>\r\n<p><strong>Julien Malizard\u00a0:<\/strong> Les enjeux budg\u00e9taires sont \u00e0 l\u2019intersection des questions \u00e9conomiques et strat\u00e9giques. Dans un article publi\u00e9 en 2022 avec Josselin Droff, nous avons quantifi\u00e9 le r\u00f4le de chacun de ces facteurs sur la p\u00e9riode de la 5<sup>\u00e8me<\/sup> R\u00e9publique. Il ressort de l\u2019analyse que le PIB est le d\u00e9terminant fondamental alors que le niveau de menaces, mesur\u00e9s par le nombre de conflits dans le monde, exerce une influence significative bien que moins forte.<\/p>\r\n<p>En compl\u00e9ment, on peut \u00e9tudier les \u00e9volutions depuis 1980 jusqu\u2019en 2023 gr\u00e2ce aux donn\u00e9es du minist\u00e8re des arm\u00e9es. Le graphique suivant repr\u00e9sente le budget total (courbe bleue), les d\u00e9penses d\u2019\u00e9quipement (courbe grise) et les d\u00e9penses de fonctionnement (courbe orange).<\/p>\r\n<figure id=\"attachment_7676\" aria-describedby=\"caption-attachment-7676\" style=\"width: 696px\" class=\"wp-caption alignnone\"><a href=\"https:\/\/ecodef-ihedn.fr\/wp-content\/uploads\/2023\/03\/GRAPHIQUE-1-1.png\" target=\"_blank\" rel=\"noopener\"><img loading=\"lazy\" decoding=\"async\" class=\"size-large wp-image-7676\" src=\"https:\/\/ecodef-ihedn.fr\/wp-content\/uploads\/2023\/03\/GRAPHIQUE-1-1-1024x533.png\" alt=\"\" width=\"696\" height=\"362\" srcset=\"https:\/\/ecodef-ihedn.fr\/wp-content\/uploads\/2023\/03\/GRAPHIQUE-1-1-1024x533.png 1024w, https:\/\/ecodef-ihedn.fr\/wp-content\/uploads\/2023\/03\/GRAPHIQUE-1-1-300x156.png 300w, https:\/\/ecodef-ihedn.fr\/wp-content\/uploads\/2023\/03\/GRAPHIQUE-1-1-768x400.png 768w, https:\/\/ecodef-ihedn.fr\/wp-content\/uploads\/2023\/03\/GRAPHIQUE-1-1-1536x799.png 1536w, https:\/\/ecodef-ihedn.fr\/wp-content\/uploads\/2023\/03\/GRAPHIQUE-1-1-696x362.png 696w, https:\/\/ecodef-ihedn.fr\/wp-content\/uploads\/2023\/03\/GRAPHIQUE-1-1-1392x724.png 1392w, https:\/\/ecodef-ihedn.fr\/wp-content\/uploads\/2023\/03\/GRAPHIQUE-1-1-1068x556.png 1068w, https:\/\/ecodef-ihedn.fr\/wp-content\/uploads\/2023\/03\/GRAPHIQUE-1-1-807x420.png 807w, https:\/\/ecodef-ihedn.fr\/wp-content\/uploads\/2023\/03\/GRAPHIQUE-1-1-1614x840.png 1614w, https:\/\/ecodef-ihedn.fr\/wp-content\/uploads\/2023\/03\/GRAPHIQUE-1-1.png 1687w\" sizes=\"auto, (max-width: 696px) 100vw, 696px\" \/><\/a><figcaption id=\"caption-attachment-7676\" class=\"wp-caption-text\">Graphique 1 : \u00e9volution des d\u00e9penses de d\u00e9fense et sa composition en milliards d\u2019euros constants de 2015.<br \/>Les chiffres de 2022 et 2023 sont bas\u00e9s sur des hypoth\u00e8ses d\u2019inflation.<br \/>(Sources : Calcul de l\u2019auteur, INSEE et donn\u00e9es Minist\u00e8re des Arm\u00e9es)<\/figcaption><\/figure>\r\n<p>Dans le cas fran\u00e7ais, on peut distinguer plusieurs p\u00e9riodes dans l\u2019\u00e9volution du budget de d\u00e9fense\u00a0:<\/p>\r\n<ul>\r\n<li>Durant la guerre froide, le budget est structurellement orient\u00e9 \u00e0 la hausse (presque 40% en valeur r\u00e9elle entre 1980 et 1991). En moyenne, les crit\u00e8res strat\u00e9giques dominent les enjeux \u00e9conomiques et budg\u00e9taires.<\/li>\r\n<li>Durant la d\u00e9cennie des \u00ab dividendes de la paix \u00bb (1991-2002), les budgets baissent apr\u00e8s un moment d\u2019attentisme en 1991 (guerre du golfe). Les conditions \u00e9conomiques sont sensiblement d\u00e9grad\u00e9es (crise de 1992) et la situation internationale ne justifie plus un effort aussi important dans la d\u00e9fense. Le budget baisse de 25% en valeur r\u00e9elle.<\/li>\r\n<li>Avec les attentats du 11 septembre 2001, les budgets sont orient\u00e9s \u00e0 la hausse jusqu\u2019en 2008 et la crise \u00e9conomique qui a fait suite \u00e0 l\u2019\u00e9clatement du march\u00e9 des subprimes. C\u2019est \u00e9galement une p\u00e9riode o\u00f9 l\u2019activit\u00e9 \u00e9conomique est plut\u00f4t \u00e9lev\u00e9e et o\u00f9 les besoins de d\u00e9fense se r\u00e9v\u00e8lent \u00eatre importants (Afghanistan, acquisition de plateformes modernes).<\/li>\r\n<li>Durant la p\u00e9riode 2009-2014, on assiste \u00e0 une relative baisse, cons\u00e9cutive aux politiques de \u00ab consolidation budg\u00e9taire \u00bb mises en \u0153uvre pour l\u2019assainissement des comptes publics. Les contraintes budg\u00e9taires prennent ainsi le pas sur les contraintes strat\u00e9giques.<\/li>\r\n<li>A partir de 2015, \u00e0 la suite des attentats sur le territoire national, le contexte strat\u00e9gique \u00e9volue d\u00e9favorablement (\u00e9volution du terrorisme transnational en Afrique subsaharienne et au Levant, invasion de la Crim\u00e9e et du Donbass). Concomitamment \u00e0 l\u2019action de la banque centrale europ\u00e9enne (BCE), cela permet de d\u00e9gager des marges de man\u0153uvre sur la dette publique : les budgets de d\u00e9fense repartent alors \u00e0 la hausse. Malgr\u00e9 cette hausse, le niveau du budget de d\u00e9fense reste en 2023 encore inf\u00e9rieur, en valeur r\u00e9elle, \u00e0 celui de 1991 (environ -4%).<\/li>\r\n<\/ul>\r\n<p>En termes de composition, le budget de d\u00e9fense se r\u00e9partit, en moyenne (54 %), plut\u00f4t en faveur des d\u00e9penses d\u2019\u00e9quipement, l\u2019autre partie \u00e9tant les d\u00e9penses de fonctionnement, essentiellement compos\u00e9es de la masse salariale.<\/p>\r\n<p>Les \u00e9volutions des deux postes budg\u00e9taires ne sont pas identiques. En effet, comme indiqu\u00e9 \u00e0 l\u2019instant par Nicolas Baverez, les d\u00e9penses de fonctionnement sont rest\u00e9es extr\u00eamement stables sur la p\u00e9riode globale, en d\u00e9pit d\u2019une forte r\u00e9duction des effectifs alors que les d\u00e9penses d\u2019\u00e9quipement suivent une trajectoire quasi-similaire \u00e0 celle des d\u00e9penses totales.<\/p>\r\n<p>Une raison tient \u00e0 la part importante occup\u00e9e par les \u00e9quipements de d\u00e9fense dans l\u2019investissement public, qui constitue une forme de \u00ab cagnotte \u00bb globale permettant \u00e0 l\u2019\u00c9tat d\u2019amortir les al\u00e9as de conjoncture \u00e9conomique. Ces \u00e9l\u00e9ments confirment, au moins pour la p\u00e9riode allant du milieu des ann\u00e9es 1980 \u00e0 2015, l\u2019inex\u00e9cution des lois de programmation militaire (LPM). Cette inex\u00e9cution s\u2019explique aussi bien par des difficult\u00e9s d\u2019anticipation sur la masse salariale que des hypoth\u00e8ses budg\u00e9taires peu r\u00e9alistes qui, en cascade, contraignent les d\u00e9penses d\u2019\u00e9quipement. En cons\u00e9quence, sur cette p\u00e9riode, les commandes de mat\u00e9riels ont \u00e9t\u00e9 r\u00e9guli\u00e8rement r\u00e9vis\u00e9es \u00e0 la baisse ou alors d\u00e9cal\u00e9es dans le temps.<\/p>\r\n<p><strong>Olivier Martin\u00a0: Au niveau international, quelle place occupe la France, en particulier par rapport \u00e0 nos partenaires europ\u00e9ens\u00a0? <\/strong><\/p>\r\n<p><strong>Julien Malizard<\/strong>\u00a0: Dans une perspective de long terme, le graphique 2 pr\u00e9sente les \u00e9volutions de la France par rapport \u00e0 ses grands voisins europ\u00e9ens\u00a0: Allemagne, Italie et Royaume-Uni. Les donn\u00e9es utilis\u00e9es sont celles du SIPRI et exprim\u00e9es en millions de dollars constants.<\/p>\r\n<figure id=\"attachment_7677\" aria-describedby=\"caption-attachment-7677\" style=\"width: 696px\" class=\"wp-caption alignnone\"><a href=\"https:\/\/ecodef-ihedn.fr\/wp-content\/uploads\/2023\/03\/GRAPHIQUE-2.png\" target=\"_blank\" rel=\"noopener\"><img loading=\"lazy\" decoding=\"async\" class=\"size-large wp-image-7677\" src=\"https:\/\/ecodef-ihedn.fr\/wp-content\/uploads\/2023\/03\/GRAPHIQUE-2-1024x475.png\" alt=\"\" width=\"696\" height=\"323\" srcset=\"https:\/\/ecodef-ihedn.fr\/wp-content\/uploads\/2023\/03\/GRAPHIQUE-2-1024x475.png 1024w, https:\/\/ecodef-ihedn.fr\/wp-content\/uploads\/2023\/03\/GRAPHIQUE-2-300x139.png 300w, https:\/\/ecodef-ihedn.fr\/wp-content\/uploads\/2023\/03\/GRAPHIQUE-2-768x356.png 768w, https:\/\/ecodef-ihedn.fr\/wp-content\/uploads\/2023\/03\/GRAPHIQUE-2-1536x712.png 1536w, https:\/\/ecodef-ihedn.fr\/wp-content\/uploads\/2023\/03\/GRAPHIQUE-2-696x323.png 696w, https:\/\/ecodef-ihedn.fr\/wp-content\/uploads\/2023\/03\/GRAPHIQUE-2-1392x645.png 1392w, https:\/\/ecodef-ihedn.fr\/wp-content\/uploads\/2023\/03\/GRAPHIQUE-2-1068x495.png 1068w, https:\/\/ecodef-ihedn.fr\/wp-content\/uploads\/2023\/03\/GRAPHIQUE-2-906x420.png 906w, https:\/\/ecodef-ihedn.fr\/wp-content\/uploads\/2023\/03\/GRAPHIQUE-2.png 1683w\" sizes=\"auto, (max-width: 696px) 100vw, 696px\" \/><\/a><figcaption id=\"caption-attachment-7677\" class=\"wp-caption-text\">Graphique 2 : \u00c9volution post guerre froide des d\u00e9penses fran\u00e7aises, allemandes, britanniques et italiennes (en millions de dollars constants, donn\u00e9es SIPRI).<\/figcaption><\/figure>\r\n<p>Les cycles \u00e9voqu\u00e9s dans la partie pr\u00e9c\u00e9dentes se retrouvent parmi les pays europ\u00e9ens : d\u2019apr\u00e8s les donn\u00e9es du SIPRI, les budgets de d\u00e9fense de 1991 sont proches de ceux de 2021. Sur la m\u00eame p\u00e9riode, les d\u00e9penses am\u00e9ricaines ont augment\u00e9 de 30% [Par ailleurs, dans un contexte strat\u00e9gique bien diff\u00e9rent, les d\u00e9penses de d\u00e9fense de la Chine ont \u00e9t\u00e9 multipli\u00e9es par pr\u00e8s de 12.].<\/p>\r\n<p>On constate que la variation, aussi bien \u00e0 la hausse qu\u2019\u00e0 la baisse, des d\u00e9penses fran\u00e7aises est plus faible que celle des voisins europ\u00e9ens. A titre d\u2019illustration, le coefficient de variation (rapport entre l\u2019\u00e9cart-type et la moyenne), qui mesure la dispersion des d\u00e9penses sur une p\u00e9riode donn\u00e9e, est de 4% pour la France, 12% pour l\u2019Allemagne, 9% pour le Royaume-Uni et 10% pour l\u2019Italie.<\/p>\r\n<p>L\u2019intensit\u00e9 des cycles est donc plus forte pour nos voisins : par exemple entre 1991 et 2001, les d\u00e9penses fran\u00e7aises ont \u00e9t\u00e9 r\u00e9duites de 14%, contre 30% en Allemagne et 25% au Royaume-Uni (avec un point bas en 1999) ; entre 2001 et 2009, la hausse du budget fran\u00e7ais est deux fois inf\u00e9rieure (13%) \u00e0 celles des Britanniques (+27%). Enfin, avec la crise de 2008, la \u00ab cure d\u2019aust\u00e9rit\u00e9 \u00bb a \u00e9t\u00e9 beaucoup plus s\u00e9v\u00e8re en Italie (-22%) et au Royaume-Uni (-13%) qu\u2019en France (-8%).<\/p>\r\n<p>L\u2019invasion de la Crim\u00e9e fut un \u00e9lectrochoc pour de nombreux pays europ\u00e9ens qui ont pris conscience d\u2019un environnement strat\u00e9gique boulevers\u00e9 aux marges de l\u2019Europe. Concomitamment, les marges de man\u0153uvre budg\u00e9taires recouvr\u00e9es par les politiques mon\u00e9taires accommodantes ont \u00e9galement permis aux \u00e9tats europ\u00e9ens de financer ce besoin de d\u00e9fense. Le graphique suivant pr\u00e9sente une analyse budg\u00e9taire centr\u00e9e sur la p\u00e9riode 2014-2021, exprim\u00e9e en base 100 gr\u00e2ce aux donn\u00e9es du SIPRI.<\/p>\r\n<figure id=\"attachment_7678\" aria-describedby=\"caption-attachment-7678\" style=\"width: 696px\" class=\"wp-caption alignnone\"><a href=\"https:\/\/ecodef-ihedn.fr\/wp-content\/uploads\/2023\/03\/GRAPHIQUE-3.png\" target=\"_blank\" rel=\"noopener\"><img loading=\"lazy\" decoding=\"async\" class=\"size-large wp-image-7678\" src=\"https:\/\/ecodef-ihedn.fr\/wp-content\/uploads\/2023\/03\/GRAPHIQUE-3-1024x433.png\" alt=\"\" width=\"696\" height=\"294\" srcset=\"https:\/\/ecodef-ihedn.fr\/wp-content\/uploads\/2023\/03\/GRAPHIQUE-3-1024x433.png 1024w, https:\/\/ecodef-ihedn.fr\/wp-content\/uploads\/2023\/03\/GRAPHIQUE-3-300x127.png 300w, https:\/\/ecodef-ihedn.fr\/wp-content\/uploads\/2023\/03\/GRAPHIQUE-3-768x325.png 768w, https:\/\/ecodef-ihedn.fr\/wp-content\/uploads\/2023\/03\/GRAPHIQUE-3-1536x649.png 1536w, https:\/\/ecodef-ihedn.fr\/wp-content\/uploads\/2023\/03\/GRAPHIQUE-3-696x294.png 696w, https:\/\/ecodef-ihedn.fr\/wp-content\/uploads\/2023\/03\/GRAPHIQUE-3-1392x588.png 1392w, https:\/\/ecodef-ihedn.fr\/wp-content\/uploads\/2023\/03\/GRAPHIQUE-3-1068x451.png 1068w, https:\/\/ecodef-ihedn.fr\/wp-content\/uploads\/2023\/03\/GRAPHIQUE-3-994x420.png 994w, https:\/\/ecodef-ihedn.fr\/wp-content\/uploads\/2023\/03\/GRAPHIQUE-3.png 1654w\" sizes=\"auto, (max-width: 696px) 100vw, 696px\" \/><\/a><figcaption id=\"caption-attachment-7678\" class=\"wp-caption-text\">Graphique 3 : \u00c9volution en base 100 des d\u00e9penses fran\u00e7aises, allemandes, britanniques et italiennes entre 2014-2021 (Calcul de l\u2019auteur via les donn\u00e9es du SIPRI)<\/figcaption><\/figure>\r\n<p>Sur cette p\u00e9riode, la croissance des d\u00e9penses fran\u00e7aises est de 12% contre pr\u00e8s de 30% pour l\u2019Allemagne ou presque 25% pour l\u2019Italie (le Royaume-Uni \u00e9tant \u00e0 10%). La Lettonie et la Lituanie ont presque tripl\u00e9 leur budget, l\u2019Estonie l\u2019augmentant de 50% (hors graphique).<\/p>\r\n<p><strong><u>Principales questions des participants au webinaire\u00a0:<\/u><\/strong><\/p>\r\n<p><strong>Q1\u00a0: Pensez-vous que les opinions fran\u00e7aises et europ\u00e9ennes soient pr\u00eates \u00e0 accepter un investissement important\u00a0?<\/strong><\/p>\r\n<p><strong>Nicolas Baverez\u00a0:<\/strong> Nous avons assist\u00e9 \u00e0 des changements spectaculaires autour de ces questions. Un pays comme l\u2019Allemagne \u00e9tait acquis au pacifisme\u00a0; avec la guerre en Ukraine, la position des dirigeants et de la population a beaucoup chang\u00e9. En France, les enqu\u00eates d\u2019opinion sont \u00e9galement positives. Au niveau europ\u00e9en, les choses \u00e9voluent \u00e9galement. L\u2019Union Europ\u00e9enne \u00e9tait construite autour du droit et du march\u00e9. Aujourd\u2019hui, il y a une prise de conscience de l\u2019importance de la d\u00e9fense avec plusieurs initiatives (cr\u00e9ation du fonds europ\u00e9en de d\u00e9fense notamment pour citer une initiative r\u00e9cente).<\/p>\r\n<p><strong>Julien Malizard\u00a0:<\/strong> Dans le cas de l\u2019Allemagne, la population semble favorable \u00e0 un soutien plus important que ne l\u2019ont d\u00e9cid\u00e9 les politiques allemands. La population a \u00e9volu\u00e9 plus rapidement. En France, l\u2019opinion des Fran\u00e7ais est tr\u00e8s bonne sur la d\u00e9fense mais on ne pose pas la question de l\u2019arbitrage entre les diff\u00e9rentes d\u00e9penses (analyse en termes de co\u00fbt d\u2019opportunit\u00e9). Jusqu\u2019\u00e0 pr\u00e9sent, la demande de protection sociale \u00e9tait telle que le citoyen fran\u00e7ais n\u2019\u00e9tait pas pr\u00eat \u00e0 faire des sacrifices en mati\u00e8re de transferts sociaux pour augmenter l\u2019effort de d\u00e9fense comme cela a \u00e9t\u00e9 \u00e9voqu\u00e9 par Nicolas Baverez. Pour m\u00e9moire, sur 1\u00a0000 euros de d\u00e9penses publiques, 260\u20ac \u00e9taient d\u00e9di\u00e9s aux retraites et seulement 30\u20ac \u00e0 la d\u00e9fense (soit la m\u00eame d\u00e9pense que la s\u00e9curit\u00e9 et la justice).<\/p>\r\n<p><strong>Q2\u00a0:\u00a0 Les populations europ\u00e9ennes\u00a0sont-elles pr\u00eates \u00e0 accepter la guerre\u00a0? <\/strong><\/p>\r\n<p><strong>Nicolas Baverez :<\/strong> De quelle guerre parle-t-on\u00a0? La France ou le Royaume-Uni interviennent sur des th\u00e9\u00e2tres ext\u00e9rieurs et leurs opinions ont d\u00e9j\u00e0 accept\u00e9 des pertes sur ces op\u00e9rations, mais en nombre limit\u00e9. Toutefois, ces pertes ne sont pas \u00e0 la m\u00eame \u00e9chelle que dans une guerre de haute intensit\u00e9. Comme nous l\u2019avons soulign\u00e9 pr\u00e9c\u00e9demment, le changement le plus important est pour l\u2019Allemagne, avec un vrai changement n\u00e9cessaire de l\u2019opinion allemande. N\u00e9anmoins, nous n\u2019avons pas encore \u00e9t\u00e9 confront\u00e9s directement \u00e0 une guerre de haute intensit\u00e9.<\/p>\r\n<p><strong>Q3\u00a0:\u00a0 Comment voyez-vous l\u2019\u00e9volution du risque du recours aux conflits de haute intensit\u00e9 en fonction de l\u2019issue du conflit en Ukraine ?<\/strong><\/p>\r\n<p><strong>Nicolas Baverez :<\/strong> Le paysage strat\u00e9gique sera en effet tr\u00e8s diff\u00e9rent si la Russie ou l\u2019Ukraine gagne. Si la Russie gagne, on peut anticiper d\u2019autres interventions militaires de leur part. Dans le cas contraire, la menace russe sera moins intense. Toutefois, je pense qu\u2019il n\u2019y aura pas de victoire et de paix claires, mais une situation proche de celle de la Cor\u00e9e avec un cessez le feu et une conflictualit\u00e9 latente. La menace russe devrait donc durer.<\/p>\r\n<p><strong>Q4\u00a0:\u00a0 Les LPM sont souvent non ex\u00e9cut\u00e9es, comment l\u2019expliquer selon vous\u00a0?<\/strong><\/p>\r\n<p><strong>Julien Malizard\u00a0:<\/strong> Il y a plusieurs raisons. Tout d\u2019abord, on note la sous-budg\u00e9tisation r\u00e9guli\u00e8re en termes de cr\u00e9dits, notamment pour obtenir l\u2019approbation des autorit\u00e9s pour le lancement de nouveaux programmes. Par ailleurs, les hypoth\u00e8ses de ressources budg\u00e9taires attendues n\u2019ont pas toujours \u00e9t\u00e9 r\u00e9alis\u00e9es (vente de fr\u00e9quences, exportations non r\u00e9alis\u00e9es, cessions immobili\u00e8res\u2026). Ensuite, le principe retenu par les autorit\u00e9s politiques que les chocs \u00e9conomiques conjoncturels pouvaient \u00eatre amortis gr\u00e2ce \u00e0 la variation des investissements de d\u00e9fense. De 1990 \u00e0 2000, le budget de la d\u00e9fense a ainsi perdu presque 7 \u00e0 8 milliards de cr\u00e9dits en raison d\u2019une conjoncture d\u00e9grad\u00e9e et des crit\u00e8res europ\u00e9ens en mati\u00e8re de r\u00e8gles budg\u00e9taires (trait\u00e9 de Maastricht). Enfin, nous \u00e9tions aussi dans une p\u00e9riode des dividendes de la paix.<\/p>\r\n<p><strong>Q5\u00a0:\u00a0 L\u2019autonomie europ\u00e9enne peut-elle \u00eatre financ\u00e9e \u00e0 hauteur des besoins futurs\u00a0? Comment faire en sorte de couvrir nos besoins sans faire appel aux USA\u00a0?<\/strong><\/p>\r\n<p><strong>Nicolas Baverez :<\/strong> Il n\u2019y a pas d\u2019autonomie de l\u2019Europe aujourd\u2019hui. Si nous voulons acheter des \u00e9quipements \u00e0 tr\u00e8s court terme, l\u2019industrie de d\u00e9fense europ\u00e9enne ne peut pas r\u00e9pondre \u00e0 la demande. Il faut donc se tourner vers les USA. Il faut partir de la r\u00e9alit\u00e9, il n\u2019y a pas d\u2019autonomie strat\u00e9gique europ\u00e9enne et nous disposons d\u2019une industrie taill\u00e9e au minimum car nous avons voulu b\u00e9n\u00e9ficier des dividendes de la paix.<\/p>\r\n<p>Que pouvons-nous faire\u00a0? \u00c9videment notre s\u00e9curit\u00e9 va continuer \u00e0 d\u00e9pendre des USA mais avec deux grandes limites\u00a0: d\u2019une part la situation int\u00e9rieure am\u00e9ricaine avec notamment l\u2019extr\u00eame polarisation de la population et d\u2019autre part la relation avec la Chine qui devient la priorit\u00e9 strat\u00e9gique des \u00c9tats-Unis. Ainsi, en raison de ces limites et de la pr\u00e9sence d\u2019autres menaces sur notre contient (terrorisme ou protection de nos fronti\u00e8res ext\u00e9rieures), les Europ\u00e9ens peuvent et doivent \u00eatre pr\u00e9sents sur de nombreux domaines de d\u00e9fense et s\u00e9curit\u00e9.<\/p>\r\n<p><strong>Julien Malizard\u00a0:<\/strong> Les chercheurs en science politique \u00e9voquent le manque de coordination et de vision commune au niveau europ\u00e9en en mati\u00e8re de politique de d\u00e9fense et s\u00e9curit\u00e9. La question au niveau \u00e9conomique est celle de la p\u00e9rennit\u00e9 de l\u2019engagement des \u00c9tats. En clair, les commandes d\u2019\u00e9quipements seront-elles durables et p\u00e9rennes ou est-ce que les \u00c9tats r\u00e9aliseront cette remise \u00e0 niveau en une fois et revenir ensuite aux niveaux d\u2019investissement retenus durant les ann\u00e9es pr\u00e9c\u00e9dant le conflit ukrainien ? En fonction de la r\u00e9ponse \u00e0 cette question, les commandes se feront en direction de l\u2019industrie europ\u00e9enne ou am\u00e9ricaine.<\/p>\r\n<p><strong>Q6\u00a0:\u00a0 Quelle r\u00e9partition de l\u2019effort budg\u00e9taire faudrait-il faire entre les trois domaines terre, mer et air\u00a0? Quid de l\u2019effort budg\u00e9taire n\u00e9cessaire outre-mer et en particulier dans le Pacifique avec les menaces de la Chine\u00a0?<\/strong><\/p>\r\n<p><strong>Nicolas Baverez :<\/strong> Avec cet arbitrage Terre\/Air\/Mer, le risque est de retomber dans des querelles st\u00e9riles d\u2019\u00e9tats-majors. De plus, \u00e0 ces domaines traditionnels, doivent \u00eatre ajout\u00e9s l\u2019espace et le cyber. Nous avons clairement des efforts \u00e0 faire dans tous ces domaines. Le plus important est de d\u00e9finir \u00e0 la mani\u00e8re de reconstituer une capacit\u00e9 op\u00e9rationnelle performante pour les conflits de haute intensit\u00e9. Il faudrait alors arr\u00eater l\u2019\u00e9parpillement et arriver \u00e0 cr\u00e9er une force capable de r\u00e9pondre \u00e0 la haute intensit\u00e9.<\/p>\r\n<p>En outre-mer, et notamment dans la zone indopacifique, nous avons une population et une cr\u00e9ation de richesse importante. Nous ne pourrons pas tout garantir avec notre capacit\u00e9 militaire mais nous pourrions envoyer des messages forts avec une pr\u00e9sence significative, ce qui suppose un effort important dans le domaine maritime.<\/p>\r\n<p><strong>Julien Malizard\u00a0:<\/strong> Dans une perspective historique, on peut regarder ce qui s\u2019est pass\u00e9 durant la guerre froide, l\u2019effort de d\u00e9fense \u00e9tait autour de 2,8% \u00e0 3% du PIB. Le budget actuel serait donc presque doubl\u00e9 si on \u00e9tait au m\u00eame niveau, ce qui permettrait certainement d\u2019augmenter les capacit\u00e9s op\u00e9rationnelles et les stocks.<\/p>\r\n<p><strong>Q7\u00a0:\u00a0 L\u2019\u00e9conomie de guerre peut-elle exercer des influences positives ou n\u00e9gatives sur les exportations\u00a0?<\/strong><\/p>\r\n<p><strong>Nicolas Baverez :<\/strong> La France est engag\u00e9e dans un mouvement de d\u00e9sindustrialisation majeur (11% du PIB contre 23% en Allemagne). L\u2019armement reste un de nos secteurs cl\u00e9. Les commandes fran\u00e7aises \u00e9taient tellement faibles que la survie de l\u2019industrie de d\u00e9fense a d\u00e9pendu de nos exportations. Il ne faut donc pas renoncer \u00e0 ces exportations mais il faut que l\u2019industrie monte en gamme pour r\u00e9pondre \u00e0 une commande nationale plus stable et importante tout en continuant \u00e0 pouvoir r\u00e9pondre \u00e0 des besoins \u00e0 l\u2019exportation.<\/p>\r\n<p><strong>Q8\u00a0:\u00a0 Pensez-vous que compte tenu des contraintes budg\u00e9taires et de la n\u00e9cessit\u00e9 de se pr\u00e9parer \u00e0 la haute intensit\u00e9, nous puissions garder le mod\u00e8le d\u2019arm\u00e9e complet\u00a0?<\/strong><\/p>\r\n<p><strong>Nicolas Baverez\u00a0:<\/strong> Le mod\u00e8le d\u2019arm\u00e9e complet coute de 2,5% \u00e0 3% du PIB donc la LPM doit \u00eatre \u00e0 ce niveau pour rendre cr\u00e9dible cet objectif. Tenir le discours de la puissance sans les moyens de la puissance montre nos limites, surtout dans le contexte international actuel.<\/p>\r\n<p><strong>Julien Malizard\u00a0:<\/strong> D\u2019une g\u00e9n\u00e9ration \u00e0 l\u2019autre, le mat\u00e9riel co\u00fbte de plus en plus cher. Le nouvel mod\u00e8le coutera donc plus cher et il faudra le prendre en compte dans la politique budg\u00e9taire. Avec 2,8% \u00e0 3% du PIB, est-ce que tous les objectifs rentreront sachant que la d\u00e9pense de dissuasion est sanctuaris\u00e9e\u00a0?<\/p>\r\n<p style=\"text-align: center;\"><a href=\"https:\/\/ecodef-ihedn.fr\/wp-content\/uploads\/2023\/03\/Chaire-ECODEF-IHEDN-Entretiens-de-lECODEF-5-synthese.pdf\" target=\"_blank\" rel=\"noopener\"><span class=\"td_btn td_btn_md td_default_btn\">T\u00e9l\u00e9charger la synth\u00e8se (PDF)<\/span><\/a><\/p>\r\n<p style=\"text-align: center;\"><a href=\"https:\/\/youtu.be\/WJKToqeuNVw\" target=\"_blank\" rel=\"noopener\"><span class=\"td_btn td_btn_md td_default_btn\">Voir ou revoir le webinaire<\/span><\/a><\/p>\r\n\r\n\r\n\r\n<div class=\"wp-block-buttons is-layout-flex wp-block-buttons-is-layout-flex\"><\/div>\r\n<div aria-hidden=\"true\">[1] <a href=\"https:\/\/www.institutmontaigne.org\/ressources\/pdfs\/publications\/repenser-la-defense-face-aux-crises-du-21e-siecle-rapport.pdf\">https:\/\/www.institutmontaigne.org\/ressources\/pdfs\/publications\/repenser-la-defense-face-aux-crises-du-21e-siecle-rapport.pdf<\/a><\/div>\r\n<div aria-hidden=\"true\">\r\n<div aria-hidden=\"true\">\r\n<p>[2]<a href=\"https:\/\/www.institutmontaigne.org\/publications\/defense-francaise-ajuster-nos-efforts\"> https:\/\/www.institutmontaigne.org\/publications\/defense-francaise-ajuster-nos-efforts<\/a><\/p>\r\n<p>[3] <a href=\"https:\/\/www.tandfonline.com\/doi\/full\/10.1080\/10242694.2021.1907985\">https:\/\/www.tandfonline.com\/doi\/full\/10.1080\/10242694.2021.1907985<\/a><\/p>\r\n<p>[4] <a href=\"https:\/\/www.vie-publique.fr\/catalogue\/285619-larmee-dans-la-societe\">https:\/\/www.vie-publique.fr\/catalogue\/285619-larmee-dans-la-societe<\/a><\/p>\r\n<p>[5] <a href=\"https:\/\/www.lefigaro.fr\/international\/l-etat-dramatiquement-bas-des-stocks-de-munitions-en-europe-et-aux-etats-unis-20221213\">https:\/\/www.lefigaro.fr\/international\/l-etat-dramatiquement-bas-des-stocks-de-munitions-en-europe-et-aux-\u00c9tats-unis-20221213<\/a><\/p>\r\n<\/div>\r\n<\/div>\r\n","protected":false},"excerpt":{"rendered":"<p>Synth\u00e8se du 5e num\u00e9ro de la s\u00e9rie de webinaires \u00ab\u00a0Les entretiens de l\u2019ECODEF\u00a0\u00bb, sur le th\u00e8me des \u00e9volutions de notre appareil de d\u00e9fense face \u00e0 la menace des conflits de haute intensit\u00e9 Le 5e num\u00e9ro de ce webinaire, intitul\u00e9 \u00ab\u00a0Quelles \u00e9volutions de notre appareil de d\u00e9fense face \u00e0 la menace des conflits de haute intensit\u00e9 [&hellip;]<\/p>\n","protected":false},"author":2,"featured_media":7220,"comment_status":"open","ping_status":"open","sticky":false,"template":"","format":"standard","meta":{"footnotes":""},"categories":[34,355],"tags":[605,337,162,587,47,614,476,38,149,86,456,601,417,527,455],"class_list":{"0":"post-7671","1":"post","2":"type-post","3":"status-publish","4":"format-standard","5":"has-post-thumbnail","7":"category-activites","8":"category-activites-evenements-portes-par-la-chaire","9":"tag-appareil-de-defense","10":"tag-cdem","11":"tag-chaire-economie-de-defense","12":"tag-conflit-de-haute-intensite","13":"tag-economie-de-defense","14":"tag-evolution","15":"tag-exportations","16":"tag-ihedn","17":"tag-industrie-de-defense","18":"tag-julien-malizard","19":"tag-les-entretiens-de-lecodef","20":"tag-nicolas-baverez","21":"tag-olivier-martin","22":"tag-synthese","23":"tag-webinaire"},"yoast_head":"<!-- This site is optimized with the Yoast SEO plugin v27.4 - https:\/\/yoast.com\/product\/yoast-seo-wordpress\/ -->\n<title>[SYNTH\u00c8SE] webinaire \u201cQuelles \u00e9volutions de notre appareil de d\u00e9fense face \u00e0 la menace des conflits de haute intensit\u00e9 ?\u201d (Les entretiens de l\u2019ECODEF #5 \/ le 17 janvier 2023) - Chaire \u00c9conomie de d\u00e9fense - IHEDN<\/title>\n<meta name=\"robots\" content=\"index, follow, max-snippet:-1, max-image-preview:large, max-video-preview:-1\" \/>\n<link rel=\"canonical\" href=\"https:\/\/ecodef-ihedn.fr\/en\/synthese-webinaire-quelles-evolutions-de-notre-appareil-de-defense-face-a-la-menace-des-conflits-de-haute-intensite-les-entretiens-de-lecodef-5-le-17-janvier-2023\/\" \/>\n<meta property=\"og:locale\" content=\"en_GB\" \/>\n<meta property=\"og:type\" content=\"article\" \/>\n<meta property=\"og:title\" content=\"[SYNTH\u00c8SE] webinaire \u201cQuelles \u00e9volutions de notre appareil de d\u00e9fense face \u00e0 la menace des conflits de haute intensit\u00e9 ?\u201d (Les entretiens de l\u2019ECODEF #5 \/ le 17 janvier 2023) - Chaire \u00c9conomie de d\u00e9fense - IHEDN\" \/>\n<meta property=\"og:description\" content=\"Synth\u00e8se du 5e num\u00e9ro de la s\u00e9rie de webinaires \u00ab\u00a0Les entretiens de l\u2019ECODEF\u00a0\u00bb, sur le th\u00e8me des \u00e9volutions de notre appareil de d\u00e9fense face \u00e0 la menace des conflits de haute intensit\u00e9 Le 5e num\u00e9ro de ce webinaire, intitul\u00e9 \u00ab\u00a0Quelles \u00e9volutions de notre appareil de d\u00e9fense face \u00e0 la menace des conflits de haute intensit\u00e9 [&hellip;]\" \/>\n<meta property=\"og:url\" content=\"https:\/\/ecodef-ihedn.fr\/en\/synthese-webinaire-quelles-evolutions-de-notre-appareil-de-defense-face-a-la-menace-des-conflits-de-haute-intensite-les-entretiens-de-lecodef-5-le-17-janvier-2023\/\" \/>\n<meta property=\"og:site_name\" content=\"Chaire \u00c9conomie de d\u00e9fense - IHEDN\" \/>\n<meta property=\"article:published_time\" content=\"2023-03-17T11:53:36+00:00\" \/>\n<meta property=\"article:modified_time\" content=\"2023-04-03T10:41:35+00:00\" \/>\n<meta property=\"og:image\" content=\"https:\/\/ecodef-ihedn.fr\/wp-content\/uploads\/2022\/12\/Webinair_5_visuel_4-3.png\" \/>\n\t<meta property=\"og:image:width\" content=\"800\" \/>\n\t<meta property=\"og:image:height\" content=\"600\" \/>\n\t<meta property=\"og:image:type\" content=\"image\/png\" \/>\n<meta name=\"author\" content=\"Bertrand Demandre\" \/>\n<meta name=\"twitter:card\" content=\"summary_large_image\" \/>\n<meta name=\"twitter:creator\" content=\"@Chaire_Ecodef\" \/>\n<meta name=\"twitter:site\" content=\"@Chaire_Ecodef\" \/>\n<meta name=\"twitter:label1\" content=\"Written by\" \/>\n\t<meta name=\"twitter:data1\" content=\"Bertrand Demandre\" \/>\n\t<meta name=\"twitter:label2\" content=\"Estimated reading time\" \/>\n\t<meta name=\"twitter:data2\" content=\"18 minutes\" \/>\n<script type=\"application\/ld+json\" class=\"yoast-schema-graph\">{\"@context\":\"https:\\\/\\\/schema.org\",\"@graph\":[{\"@type\":\"Article\",\"@id\":\"https:\\\/\\\/ecodef-ihedn.fr\\\/synthese-webinaire-quelles-evolutions-de-notre-appareil-de-defense-face-a-la-menace-des-conflits-de-haute-intensite-les-entretiens-de-lecodef-5-le-17-janvier-2023\\\/#article\",\"isPartOf\":{\"@id\":\"https:\\\/\\\/ecodef-ihedn.fr\\\/synthese-webinaire-quelles-evolutions-de-notre-appareil-de-defense-face-a-la-menace-des-conflits-de-haute-intensite-les-entretiens-de-lecodef-5-le-17-janvier-2023\\\/\"},\"author\":{\"name\":\"Bertrand Demandre\",\"@id\":\"https:\\\/\\\/ecodef-ihedn.fr\\\/#\\\/schema\\\/person\\\/1cdf22d028cebe278126a6e07a884d30\"},\"headline\":\"[SYNTH\u00c8SE] webinaire \u201cQuelles \u00e9volutions de notre appareil de d\u00e9fense face \u00e0 la menace des conflits de haute intensit\u00e9 ?\u201d (Les entretiens de l\u2019ECODEF #5 \\\/ le 17 janvier 2023)\",\"datePublished\":\"2023-03-17T11:53:36+00:00\",\"dateModified\":\"2023-04-03T10:41:35+00:00\",\"mainEntityOfPage\":{\"@id\":\"https:\\\/\\\/ecodef-ihedn.fr\\\/synthese-webinaire-quelles-evolutions-de-notre-appareil-de-defense-face-a-la-menace-des-conflits-de-haute-intensite-les-entretiens-de-lecodef-5-le-17-janvier-2023\\\/\"},\"wordCount\":3833,\"commentCount\":0,\"publisher\":{\"@id\":\"https:\\\/\\\/ecodef-ihedn.fr\\\/#organization\"},\"image\":{\"@id\":\"https:\\\/\\\/ecodef-ihedn.fr\\\/synthese-webinaire-quelles-evolutions-de-notre-appareil-de-defense-face-a-la-menace-des-conflits-de-haute-intensite-les-entretiens-de-lecodef-5-le-17-janvier-2023\\\/#primaryimage\"},\"thumbnailUrl\":\"https:\\\/\\\/ecodef-ihedn.fr\\\/wp-content\\\/uploads\\\/2022\\\/12\\\/Webinair_5_visuel_4-3.png\",\"keywords\":[\"appareil de d\u00e9fense\",\"CDEM\",\"chaire \u00e9conomie de d\u00e9fense\",\"conflit de haute intensit\u00e9\",\"\u00e9conomie de d\u00e9fense\",\"\u00e9volution\",\"exportations\",\"IHEDN\",\"industrie de d\u00e9fense\",\"Julien Malizard\",\"les entretiens de l'ecodef\",\"Nicolas Baverez\",\"Olivier Martin\",\"synth\u00e8se\",\"webinaire\"],\"articleSection\":[\"Activit\u00e9s\",\"Activit\u00e9s : \u00e9v\u00e9nements port\u00e9s par la Chaire\"],\"inLanguage\":\"en-GB\",\"potentialAction\":[{\"@type\":\"CommentAction\",\"name\":\"Comment\",\"target\":[\"https:\\\/\\\/ecodef-ihedn.fr\\\/synthese-webinaire-quelles-evolutions-de-notre-appareil-de-defense-face-a-la-menace-des-conflits-de-haute-intensite-les-entretiens-de-lecodef-5-le-17-janvier-2023\\\/#respond\"]}]},{\"@type\":\"WebPage\",\"@id\":\"https:\\\/\\\/ecodef-ihedn.fr\\\/synthese-webinaire-quelles-evolutions-de-notre-appareil-de-defense-face-a-la-menace-des-conflits-de-haute-intensite-les-entretiens-de-lecodef-5-le-17-janvier-2023\\\/\",\"url\":\"https:\\\/\\\/ecodef-ihedn.fr\\\/synthese-webinaire-quelles-evolutions-de-notre-appareil-de-defense-face-a-la-menace-des-conflits-de-haute-intensite-les-entretiens-de-lecodef-5-le-17-janvier-2023\\\/\",\"name\":\"[SYNTH\u00c8SE] webinaire \u201cQuelles \u00e9volutions de notre appareil de d\u00e9fense face \u00e0 la menace des conflits de haute intensit\u00e9 ?\u201d (Les entretiens de l\u2019ECODEF #5 \\\/ le 17 janvier 2023) - Chaire \u00c9conomie de d\u00e9fense - IHEDN\",\"isPartOf\":{\"@id\":\"https:\\\/\\\/ecodef-ihedn.fr\\\/#website\"},\"primaryImageOfPage\":{\"@id\":\"https:\\\/\\\/ecodef-ihedn.fr\\\/synthese-webinaire-quelles-evolutions-de-notre-appareil-de-defense-face-a-la-menace-des-conflits-de-haute-intensite-les-entretiens-de-lecodef-5-le-17-janvier-2023\\\/#primaryimage\"},\"image\":{\"@id\":\"https:\\\/\\\/ecodef-ihedn.fr\\\/synthese-webinaire-quelles-evolutions-de-notre-appareil-de-defense-face-a-la-menace-des-conflits-de-haute-intensite-les-entretiens-de-lecodef-5-le-17-janvier-2023\\\/#primaryimage\"},\"thumbnailUrl\":\"https:\\\/\\\/ecodef-ihedn.fr\\\/wp-content\\\/uploads\\\/2022\\\/12\\\/Webinair_5_visuel_4-3.png\",\"datePublished\":\"2023-03-17T11:53:36+00:00\",\"dateModified\":\"2023-04-03T10:41:35+00:00\",\"breadcrumb\":{\"@id\":\"https:\\\/\\\/ecodef-ihedn.fr\\\/synthese-webinaire-quelles-evolutions-de-notre-appareil-de-defense-face-a-la-menace-des-conflits-de-haute-intensite-les-entretiens-de-lecodef-5-le-17-janvier-2023\\\/#breadcrumb\"},\"inLanguage\":\"en-GB\",\"potentialAction\":[{\"@type\":\"ReadAction\",\"target\":[\"https:\\\/\\\/ecodef-ihedn.fr\\\/synthese-webinaire-quelles-evolutions-de-notre-appareil-de-defense-face-a-la-menace-des-conflits-de-haute-intensite-les-entretiens-de-lecodef-5-le-17-janvier-2023\\\/\"]}]},{\"@type\":\"ImageObject\",\"inLanguage\":\"en-GB\",\"@id\":\"https:\\\/\\\/ecodef-ihedn.fr\\\/synthese-webinaire-quelles-evolutions-de-notre-appareil-de-defense-face-a-la-menace-des-conflits-de-haute-intensite-les-entretiens-de-lecodef-5-le-17-janvier-2023\\\/#primaryimage\",\"url\":\"https:\\\/\\\/ecodef-ihedn.fr\\\/wp-content\\\/uploads\\\/2022\\\/12\\\/Webinair_5_visuel_4-3.png\",\"contentUrl\":\"https:\\\/\\\/ecodef-ihedn.fr\\\/wp-content\\\/uploads\\\/2022\\\/12\\\/Webinair_5_visuel_4-3.png\",\"width\":800,\"height\":600},{\"@type\":\"BreadcrumbList\",\"@id\":\"https:\\\/\\\/ecodef-ihedn.fr\\\/synthese-webinaire-quelles-evolutions-de-notre-appareil-de-defense-face-a-la-menace-des-conflits-de-haute-intensite-les-entretiens-de-lecodef-5-le-17-janvier-2023\\\/#breadcrumb\",\"itemListElement\":[{\"@type\":\"ListItem\",\"position\":1,\"name\":\"Accueil\",\"item\":\"https:\\\/\\\/ecodef-ihedn.fr\\\/\"},{\"@type\":\"ListItem\",\"position\":2,\"name\":\"[SYNTH\u00c8SE] webinaire \u201cQuelles \u00e9volutions de notre appareil de d\u00e9fense face \u00e0 la menace des conflits de haute intensit\u00e9 ?\u201d (Les entretiens de l\u2019ECODEF #5 \\\/ le 17 janvier 2023)\"}]},{\"@type\":\"WebSite\",\"@id\":\"https:\\\/\\\/ecodef-ihedn.fr\\\/#website\",\"url\":\"https:\\\/\\\/ecodef-ihedn.fr\\\/\",\"name\":\"Chaire \u00c9conomie de D\u00e9fense - IHEDN\",\"description\":\"Produire &amp; soutenir, f\u00e9d\u00e9rer &amp; diffuser, \u00eatre une interface\",\"publisher\":{\"@id\":\"https:\\\/\\\/ecodef-ihedn.fr\\\/#organization\"},\"potentialAction\":[{\"@type\":\"SearchAction\",\"target\":{\"@type\":\"EntryPoint\",\"urlTemplate\":\"https:\\\/\\\/ecodef-ihedn.fr\\\/?s={search_term_string}\"},\"query-input\":{\"@type\":\"PropertyValueSpecification\",\"valueRequired\":true,\"valueName\":\"search_term_string\"}}],\"inLanguage\":\"en-GB\"},{\"@type\":\"Organization\",\"@id\":\"https:\\\/\\\/ecodef-ihedn.fr\\\/#organization\",\"name\":\"Chaire \u00c9conomie de d\u00e9fense - IHEDN\",\"url\":\"https:\\\/\\\/ecodef-ihedn.fr\\\/\",\"logo\":{\"@type\":\"ImageObject\",\"inLanguage\":\"en-GB\",\"@id\":\"https:\\\/\\\/ecodef-ihedn.fr\\\/#\\\/schema\\\/logo\\\/image\\\/\",\"url\":\"https:\\\/\\\/ecodef-ihedn.fr\\\/wp-content\\\/uploads\\\/2020\\\/04\\\/logoEcodef9.jpg\",\"contentUrl\":\"https:\\\/\\\/ecodef-ihedn.fr\\\/wp-content\\\/uploads\\\/2020\\\/04\\\/logoEcodef9.jpg\",\"width\":410,\"height\":212,\"caption\":\"Chaire \u00c9conomie de d\u00e9fense - IHEDN\"},\"image\":{\"@id\":\"https:\\\/\\\/ecodef-ihedn.fr\\\/#\\\/schema\\\/logo\\\/image\\\/\"},\"sameAs\":[\"https:\\\/\\\/x.com\\\/Chaire_Ecodef\",\"https:\\\/\\\/www.linkedin.com\\\/company\\\/chaire-ecodef-ihedn\\\/\"]},{\"@type\":\"Person\",\"@id\":\"https:\\\/\\\/ecodef-ihedn.fr\\\/#\\\/schema\\\/person\\\/1cdf22d028cebe278126a6e07a884d30\",\"name\":\"Bertrand Demandre\",\"image\":{\"@type\":\"ImageObject\",\"inLanguage\":\"en-GB\",\"@id\":\"https:\\\/\\\/secure.gravatar.com\\\/avatar\\\/d9c9746d6c900ab5b9c0f9b1fa3932e369da923da247d624b8f7ab4ba8a3c093?s=96&d=mm&r=g\",\"url\":\"https:\\\/\\\/secure.gravatar.com\\\/avatar\\\/d9c9746d6c900ab5b9c0f9b1fa3932e369da923da247d624b8f7ab4ba8a3c093?s=96&d=mm&r=g\",\"contentUrl\":\"https:\\\/\\\/secure.gravatar.com\\\/avatar\\\/d9c9746d6c900ab5b9c0f9b1fa3932e369da923da247d624b8f7ab4ba8a3c093?s=96&d=mm&r=g\",\"caption\":\"Bertrand Demandre\"},\"url\":\"https:\\\/\\\/ecodef-ihedn.fr\\\/en\\\/author\\\/bertrand\\\/\"}]}<\/script>\n<!-- \/ Yoast SEO plugin. -->","yoast_head_json":{"title":"[SYNTH\u00c8SE] webinaire \u201cQuelles \u00e9volutions de notre appareil de d\u00e9fense face \u00e0 la menace des conflits de haute intensit\u00e9 ?\u201d (Les entretiens de l\u2019ECODEF #5 \/ le 17 janvier 2023) - Chaire \u00c9conomie de d\u00e9fense - IHEDN","robots":{"index":"index","follow":"follow","max-snippet":"max-snippet:-1","max-image-preview":"max-image-preview:large","max-video-preview":"max-video-preview:-1"},"canonical":"https:\/\/ecodef-ihedn.fr\/en\/synthese-webinaire-quelles-evolutions-de-notre-appareil-de-defense-face-a-la-menace-des-conflits-de-haute-intensite-les-entretiens-de-lecodef-5-le-17-janvier-2023\/","og_locale":"en_GB","og_type":"article","og_title":"[SYNTH\u00c8SE] webinaire \u201cQuelles \u00e9volutions de notre appareil de d\u00e9fense face \u00e0 la menace des conflits de haute intensit\u00e9 ?\u201d (Les entretiens de l\u2019ECODEF #5 \/ le 17 janvier 2023) - Chaire \u00c9conomie de d\u00e9fense - IHEDN","og_description":"Synth\u00e8se du 5e num\u00e9ro de la s\u00e9rie de webinaires \u00ab\u00a0Les entretiens de l\u2019ECODEF\u00a0\u00bb, sur le th\u00e8me des \u00e9volutions de notre appareil de d\u00e9fense face \u00e0 la menace des conflits de haute intensit\u00e9 Le 5e num\u00e9ro de ce webinaire, intitul\u00e9 \u00ab\u00a0Quelles \u00e9volutions de notre appareil de d\u00e9fense face \u00e0 la menace des conflits de haute intensit\u00e9 [&hellip;]","og_url":"https:\/\/ecodef-ihedn.fr\/en\/synthese-webinaire-quelles-evolutions-de-notre-appareil-de-defense-face-a-la-menace-des-conflits-de-haute-intensite-les-entretiens-de-lecodef-5-le-17-janvier-2023\/","og_site_name":"Chaire \u00c9conomie de d\u00e9fense - IHEDN","article_published_time":"2023-03-17T11:53:36+00:00","article_modified_time":"2023-04-03T10:41:35+00:00","og_image":[{"width":800,"height":600,"url":"https:\/\/ecodef-ihedn.fr\/wp-content\/uploads\/2022\/12\/Webinair_5_visuel_4-3.png","type":"image\/png"}],"author":"Bertrand Demandre","twitter_card":"summary_large_image","twitter_creator":"@Chaire_Ecodef","twitter_site":"@Chaire_Ecodef","twitter_misc":{"Written by":"Bertrand Demandre","Estimated reading time":"18 minutes"},"schema":{"@context":"https:\/\/schema.org","@graph":[{"@type":"Article","@id":"https:\/\/ecodef-ihedn.fr\/synthese-webinaire-quelles-evolutions-de-notre-appareil-de-defense-face-a-la-menace-des-conflits-de-haute-intensite-les-entretiens-de-lecodef-5-le-17-janvier-2023\/#article","isPartOf":{"@id":"https:\/\/ecodef-ihedn.fr\/synthese-webinaire-quelles-evolutions-de-notre-appareil-de-defense-face-a-la-menace-des-conflits-de-haute-intensite-les-entretiens-de-lecodef-5-le-17-janvier-2023\/"},"author":{"name":"Bertrand Demandre","@id":"https:\/\/ecodef-ihedn.fr\/#\/schema\/person\/1cdf22d028cebe278126a6e07a884d30"},"headline":"[SYNTH\u00c8SE] webinaire \u201cQuelles \u00e9volutions de notre appareil de d\u00e9fense face \u00e0 la menace des conflits de haute intensit\u00e9 ?\u201d (Les entretiens de l\u2019ECODEF #5 \/ le 17 janvier 2023)","datePublished":"2023-03-17T11:53:36+00:00","dateModified":"2023-04-03T10:41:35+00:00","mainEntityOfPage":{"@id":"https:\/\/ecodef-ihedn.fr\/synthese-webinaire-quelles-evolutions-de-notre-appareil-de-defense-face-a-la-menace-des-conflits-de-haute-intensite-les-entretiens-de-lecodef-5-le-17-janvier-2023\/"},"wordCount":3833,"commentCount":0,"publisher":{"@id":"https:\/\/ecodef-ihedn.fr\/#organization"},"image":{"@id":"https:\/\/ecodef-ihedn.fr\/synthese-webinaire-quelles-evolutions-de-notre-appareil-de-defense-face-a-la-menace-des-conflits-de-haute-intensite-les-entretiens-de-lecodef-5-le-17-janvier-2023\/#primaryimage"},"thumbnailUrl":"https:\/\/ecodef-ihedn.fr\/wp-content\/uploads\/2022\/12\/Webinair_5_visuel_4-3.png","keywords":["appareil de d\u00e9fense","CDEM","chaire \u00e9conomie de d\u00e9fense","conflit de haute intensit\u00e9","\u00e9conomie de d\u00e9fense","\u00e9volution","exportations","IHEDN","industrie de d\u00e9fense","Julien Malizard","les entretiens de l'ecodef","Nicolas Baverez","Olivier Martin","synth\u00e8se","webinaire"],"articleSection":["Activit\u00e9s","Activit\u00e9s : \u00e9v\u00e9nements port\u00e9s par la Chaire"],"inLanguage":"en-GB","potentialAction":[{"@type":"CommentAction","name":"Comment","target":["https:\/\/ecodef-ihedn.fr\/synthese-webinaire-quelles-evolutions-de-notre-appareil-de-defense-face-a-la-menace-des-conflits-de-haute-intensite-les-entretiens-de-lecodef-5-le-17-janvier-2023\/#respond"]}]},{"@type":"WebPage","@id":"https:\/\/ecodef-ihedn.fr\/synthese-webinaire-quelles-evolutions-de-notre-appareil-de-defense-face-a-la-menace-des-conflits-de-haute-intensite-les-entretiens-de-lecodef-5-le-17-janvier-2023\/","url":"https:\/\/ecodef-ihedn.fr\/synthese-webinaire-quelles-evolutions-de-notre-appareil-de-defense-face-a-la-menace-des-conflits-de-haute-intensite-les-entretiens-de-lecodef-5-le-17-janvier-2023\/","name":"[SYNTH\u00c8SE] webinaire \u201cQuelles \u00e9volutions de notre appareil de d\u00e9fense face \u00e0 la menace des conflits de haute intensit\u00e9 ?\u201d (Les entretiens de l\u2019ECODEF #5 \/ le 17 janvier 2023) - Chaire \u00c9conomie de d\u00e9fense - IHEDN","isPartOf":{"@id":"https:\/\/ecodef-ihedn.fr\/#website"},"primaryImageOfPage":{"@id":"https:\/\/ecodef-ihedn.fr\/synthese-webinaire-quelles-evolutions-de-notre-appareil-de-defense-face-a-la-menace-des-conflits-de-haute-intensite-les-entretiens-de-lecodef-5-le-17-janvier-2023\/#primaryimage"},"image":{"@id":"https:\/\/ecodef-ihedn.fr\/synthese-webinaire-quelles-evolutions-de-notre-appareil-de-defense-face-a-la-menace-des-conflits-de-haute-intensite-les-entretiens-de-lecodef-5-le-17-janvier-2023\/#primaryimage"},"thumbnailUrl":"https:\/\/ecodef-ihedn.fr\/wp-content\/uploads\/2022\/12\/Webinair_5_visuel_4-3.png","datePublished":"2023-03-17T11:53:36+00:00","dateModified":"2023-04-03T10:41:35+00:00","breadcrumb":{"@id":"https:\/\/ecodef-ihedn.fr\/synthese-webinaire-quelles-evolutions-de-notre-appareil-de-defense-face-a-la-menace-des-conflits-de-haute-intensite-les-entretiens-de-lecodef-5-le-17-janvier-2023\/#breadcrumb"},"inLanguage":"en-GB","potentialAction":[{"@type":"ReadAction","target":["https:\/\/ecodef-ihedn.fr\/synthese-webinaire-quelles-evolutions-de-notre-appareil-de-defense-face-a-la-menace-des-conflits-de-haute-intensite-les-entretiens-de-lecodef-5-le-17-janvier-2023\/"]}]},{"@type":"ImageObject","inLanguage":"en-GB","@id":"https:\/\/ecodef-ihedn.fr\/synthese-webinaire-quelles-evolutions-de-notre-appareil-de-defense-face-a-la-menace-des-conflits-de-haute-intensite-les-entretiens-de-lecodef-5-le-17-janvier-2023\/#primaryimage","url":"https:\/\/ecodef-ihedn.fr\/wp-content\/uploads\/2022\/12\/Webinair_5_visuel_4-3.png","contentUrl":"https:\/\/ecodef-ihedn.fr\/wp-content\/uploads\/2022\/12\/Webinair_5_visuel_4-3.png","width":800,"height":600},{"@type":"BreadcrumbList","@id":"https:\/\/ecodef-ihedn.fr\/synthese-webinaire-quelles-evolutions-de-notre-appareil-de-defense-face-a-la-menace-des-conflits-de-haute-intensite-les-entretiens-de-lecodef-5-le-17-janvier-2023\/#breadcrumb","itemListElement":[{"@type":"ListItem","position":1,"name":"Accueil","item":"https:\/\/ecodef-ihedn.fr\/"},{"@type":"ListItem","position":2,"name":"[SYNTH\u00c8SE] webinaire \u201cQuelles \u00e9volutions de notre appareil de d\u00e9fense face \u00e0 la menace des conflits de haute intensit\u00e9 ?\u201d (Les entretiens de l\u2019ECODEF #5 \/ le 17 janvier 2023)"}]},{"@type":"WebSite","@id":"https:\/\/ecodef-ihedn.fr\/#website","url":"https:\/\/ecodef-ihedn.fr\/","name":"Chair in Defence Economics - IHEDN","description":"Produce &amp; support, federate &amp; disseminate, act as an interface","publisher":{"@id":"https:\/\/ecodef-ihedn.fr\/#organization"},"potentialAction":[{"@type":"SearchAction","target":{"@type":"EntryPoint","urlTemplate":"https:\/\/ecodef-ihedn.fr\/?s={search_term_string}"},"query-input":{"@type":"PropertyValueSpecification","valueRequired":true,"valueName":"search_term_string"}}],"inLanguage":"en-GB"},{"@type":"Organization","@id":"https:\/\/ecodef-ihedn.fr\/#organization","name":"Chair in Defence Economics - IHEDN","url":"https:\/\/ecodef-ihedn.fr\/","logo":{"@type":"ImageObject","inLanguage":"en-GB","@id":"https:\/\/ecodef-ihedn.fr\/#\/schema\/logo\/image\/","url":"https:\/\/ecodef-ihedn.fr\/wp-content\/uploads\/2020\/04\/logoEcodef9.jpg","contentUrl":"https:\/\/ecodef-ihedn.fr\/wp-content\/uploads\/2020\/04\/logoEcodef9.jpg","width":410,"height":212,"caption":"Chaire \u00c9conomie de d\u00e9fense - IHEDN"},"image":{"@id":"https:\/\/ecodef-ihedn.fr\/#\/schema\/logo\/image\/"},"sameAs":["https:\/\/x.com\/Chaire_Ecodef","https:\/\/www.linkedin.com\/company\/chaire-ecodef-ihedn\/"]},{"@type":"Person","@id":"https:\/\/ecodef-ihedn.fr\/#\/schema\/person\/1cdf22d028cebe278126a6e07a884d30","name":"Bertrand Demandre","image":{"@type":"ImageObject","inLanguage":"en-GB","@id":"https:\/\/secure.gravatar.com\/avatar\/d9c9746d6c900ab5b9c0f9b1fa3932e369da923da247d624b8f7ab4ba8a3c093?s=96&d=mm&r=g","url":"https:\/\/secure.gravatar.com\/avatar\/d9c9746d6c900ab5b9c0f9b1fa3932e369da923da247d624b8f7ab4ba8a3c093?s=96&d=mm&r=g","contentUrl":"https:\/\/secure.gravatar.com\/avatar\/d9c9746d6c900ab5b9c0f9b1fa3932e369da923da247d624b8f7ab4ba8a3c093?s=96&d=mm&r=g","caption":"Bertrand Demandre"},"url":"https:\/\/ecodef-ihedn.fr\/en\/author\/bertrand\/"}]}},"_links":{"self":[{"href":"https:\/\/ecodef-ihedn.fr\/en\/wp-json\/wp\/v2\/posts\/7671","targetHints":{"allow":["GET"]}}],"collection":[{"href":"https:\/\/ecodef-ihedn.fr\/en\/wp-json\/wp\/v2\/posts"}],"about":[{"href":"https:\/\/ecodef-ihedn.fr\/en\/wp-json\/wp\/v2\/types\/post"}],"author":[{"embeddable":true,"href":"https:\/\/ecodef-ihedn.fr\/en\/wp-json\/wp\/v2\/users\/2"}],"replies":[{"embeddable":true,"href":"https:\/\/ecodef-ihedn.fr\/en\/wp-json\/wp\/v2\/comments?post=7671"}],"version-history":[{"count":12,"href":"https:\/\/ecodef-ihedn.fr\/en\/wp-json\/wp\/v2\/posts\/7671\/revisions"}],"predecessor-version":[{"id":7798,"href":"https:\/\/ecodef-ihedn.fr\/en\/wp-json\/wp\/v2\/posts\/7671\/revisions\/7798"}],"wp:featuredmedia":[{"embeddable":true,"href":"https:\/\/ecodef-ihedn.fr\/en\/wp-json\/wp\/v2\/media\/7220"}],"wp:attachment":[{"href":"https:\/\/ecodef-ihedn.fr\/en\/wp-json\/wp\/v2\/media?parent=7671"}],"wp:term":[{"taxonomy":"category","embeddable":true,"href":"https:\/\/ecodef-ihedn.fr\/en\/wp-json\/wp\/v2\/categories?post=7671"},{"taxonomy":"post_tag","embeddable":true,"href":"https:\/\/ecodef-ihedn.fr\/en\/wp-json\/wp\/v2\/tags?post=7671"}],"curies":[{"name":"wp","href":"https:\/\/api.w.org\/{rel}","templated":true}]}}