{"id":7692,"date":"2023-02-20T15:44:43","date_gmt":"2023-02-20T15:44:43","guid":{"rendered":"https:\/\/ecodef-ihedn.fr\/?p=7692"},"modified":"2023-03-21T15:30:48","modified_gmt":"2023-03-21T15:30:48","slug":"guerre-en-ukraine-un-an-apres-quelles-lecons-participation-de-la-chaire-au-colloque-commun-de-lecole-militaire-16-fevrier-paris","status":"publish","type":"post","link":"https:\/\/ecodef-ihedn.fr\/en\/guerre-en-ukraine-un-an-apres-quelles-lecons-participation-de-la-chaire-au-colloque-commun-de-lecole-militaire-16-fevrier-paris\/","title":{"rendered":"\u00abWar in Ukraine: one year on, what lessons can be learned? The Chair will take part in the joint colloquium at the \u00c9cole Militaire (Paris, 16 February 2023)."},"content":{"rendered":"<p>The <strong>the \u00c9cole Militaire's teaching, research and doctrine bodies<\/strong> held their annual meeting on 16 February in the Foch amphitheatre. <strong>first joint annual conference<\/strong>.<\/p>\n<p>Dedicated to the theme of <strong>war in Ukraine<\/strong>, It was organised around presentations by defence specialists (researchers and experts) from these different organisations.<\/p>\n<p><img loading=\"lazy\" decoding=\"async\" class=\"aligncenter wp-image-7694 size-large\" src=\"https:\/\/ecodef-ihedn.fr\/wp-content\/uploads\/2023\/03\/Colloque-Guerre-en-Ukraine-16-02-2023-\u00a9DEMS-48-1024x683.jpg\" alt=\"\" width=\"696\" height=\"464\" srcset=\"https:\/\/ecodef-ihedn.fr\/wp-content\/uploads\/2023\/03\/Colloque-Guerre-en-Ukraine-16-02-2023-\u00a9DEMS-48-1024x683.jpg 1024w, https:\/\/ecodef-ihedn.fr\/wp-content\/uploads\/2023\/03\/Colloque-Guerre-en-Ukraine-16-02-2023-\u00a9DEMS-48-300x200.jpg 300w, https:\/\/ecodef-ihedn.fr\/wp-content\/uploads\/2023\/03\/Colloque-Guerre-en-Ukraine-16-02-2023-\u00a9DEMS-48-768x512.jpg 768w, https:\/\/ecodef-ihedn.fr\/wp-content\/uploads\/2023\/03\/Colloque-Guerre-en-Ukraine-16-02-2023-\u00a9DEMS-48-1536x1024.jpg 1536w, https:\/\/ecodef-ihedn.fr\/wp-content\/uploads\/2023\/03\/Colloque-Guerre-en-Ukraine-16-02-2023-\u00a9DEMS-48-2048x1365.jpg 2048w, https:\/\/ecodef-ihedn.fr\/wp-content\/uploads\/2023\/03\/Colloque-Guerre-en-Ukraine-16-02-2023-\u00a9DEMS-48-696x464.jpg 696w, https:\/\/ecodef-ihedn.fr\/wp-content\/uploads\/2023\/03\/Colloque-Guerre-en-Ukraine-16-02-2023-\u00a9DEMS-48-1392x928.jpg 1392w, https:\/\/ecodef-ihedn.fr\/wp-content\/uploads\/2023\/03\/Colloque-Guerre-en-Ukraine-16-02-2023-\u00a9DEMS-48-1068x712.jpg 1068w, https:\/\/ecodef-ihedn.fr\/wp-content\/uploads\/2023\/03\/Colloque-Guerre-en-Ukraine-16-02-2023-\u00a9DEMS-48-1920x1280.jpg 1920w, https:\/\/ecodef-ihedn.fr\/wp-content\/uploads\/2023\/03\/Colloque-Guerre-en-Ukraine-16-02-2023-\u00a9DEMS-48-630x420.jpg 630w, https:\/\/ecodef-ihedn.fr\/wp-content\/uploads\/2023\/03\/Colloque-Guerre-en-Ukraine-16-02-2023-\u00a9DEMS-48-1260x840.jpg 1260w\" sizes=\"auto, (max-width: 696px) 100vw, 696px\" \/> The event was introduced by <strong>Lieutenant General Beno\u00eet Durieux<\/strong>, Director of the IHEDN, and closed by the <strong>Army General Thierry Burkhard<\/strong>, Chief of the Defence Staff.<\/p>\n<p><img loading=\"lazy\" decoding=\"async\" class=\"alignnone size-large wp-image-7697\" src=\"https:\/\/ecodef-ihedn.fr\/wp-content\/uploads\/2023\/03\/Colloque-Guerre-en-Ukraine-16-02-2023-\u00a9DEMS-25-1024x683.jpg\" alt=\"\" width=\"696\" height=\"464\" srcset=\"https:\/\/ecodef-ihedn.fr\/wp-content\/uploads\/2023\/03\/Colloque-Guerre-en-Ukraine-16-02-2023-\u00a9DEMS-25-1024x683.jpg 1024w, https:\/\/ecodef-ihedn.fr\/wp-content\/uploads\/2023\/03\/Colloque-Guerre-en-Ukraine-16-02-2023-\u00a9DEMS-25-300x200.jpg 300w, https:\/\/ecodef-ihedn.fr\/wp-content\/uploads\/2023\/03\/Colloque-Guerre-en-Ukraine-16-02-2023-\u00a9DEMS-25-768x512.jpg 768w, https:\/\/ecodef-ihedn.fr\/wp-content\/uploads\/2023\/03\/Colloque-Guerre-en-Ukraine-16-02-2023-\u00a9DEMS-25-1536x1024.jpg 1536w, https:\/\/ecodef-ihedn.fr\/wp-content\/uploads\/2023\/03\/Colloque-Guerre-en-Ukraine-16-02-2023-\u00a9DEMS-25-2048x1365.jpg 2048w, https:\/\/ecodef-ihedn.fr\/wp-content\/uploads\/2023\/03\/Colloque-Guerre-en-Ukraine-16-02-2023-\u00a9DEMS-25-696x464.jpg 696w, https:\/\/ecodef-ihedn.fr\/wp-content\/uploads\/2023\/03\/Colloque-Guerre-en-Ukraine-16-02-2023-\u00a9DEMS-25-1392x928.jpg 1392w, https:\/\/ecodef-ihedn.fr\/wp-content\/uploads\/2023\/03\/Colloque-Guerre-en-Ukraine-16-02-2023-\u00a9DEMS-25-1068x712.jpg 1068w, https:\/\/ecodef-ihedn.fr\/wp-content\/uploads\/2023\/03\/Colloque-Guerre-en-Ukraine-16-02-2023-\u00a9DEMS-25-1920x1280.jpg 1920w, https:\/\/ecodef-ihedn.fr\/wp-content\/uploads\/2023\/03\/Colloque-Guerre-en-Ukraine-16-02-2023-\u00a9DEMS-25-630x420.jpg 630w, https:\/\/ecodef-ihedn.fr\/wp-content\/uploads\/2023\/03\/Colloque-Guerre-en-Ukraine-16-02-2023-\u00a9DEMS-25-1260x840.jpg 1260w\" sizes=\"auto, (max-width: 696px) 100vw, 696px\" \/><\/p>\n<p>Jean Belin moderated the second round table, entitled <strong>\u00abWhat new addictions?\u00bb<\/strong>. Julien Malizard, one of the speakers, addressed the question of <strong><a href=\"https:\/\/www.youtube.com\/watch?v=xcbBIOvh_bM&amp;list=PLtOyR1zqP2v5Ovi2OxgBT3w6qOpaBaQTC&amp;index=11\" target=\"_blank\" rel=\"noopener\">\u00abHow to finance high intensity?\u00bb<\/a><\/strong>.<\/p>\n<p><img loading=\"lazy\" decoding=\"async\" class=\"alignnone size-large wp-image-7695\" src=\"https:\/\/ecodef-ihedn.fr\/wp-content\/uploads\/2023\/03\/Colloque-Guerre-en-Ukraine-16-02-2023-\u00a9DEMS-56-1024x683.jpg\" alt=\"\" width=\"696\" height=\"464\" srcset=\"https:\/\/ecodef-ihedn.fr\/wp-content\/uploads\/2023\/03\/Colloque-Guerre-en-Ukraine-16-02-2023-\u00a9DEMS-56-1024x683.jpg 1024w, https:\/\/ecodef-ihedn.fr\/wp-content\/uploads\/2023\/03\/Colloque-Guerre-en-Ukraine-16-02-2023-\u00a9DEMS-56-300x200.jpg 300w, https:\/\/ecodef-ihedn.fr\/wp-content\/uploads\/2023\/03\/Colloque-Guerre-en-Ukraine-16-02-2023-\u00a9DEMS-56-768x512.jpg 768w, https:\/\/ecodef-ihedn.fr\/wp-content\/uploads\/2023\/03\/Colloque-Guerre-en-Ukraine-16-02-2023-\u00a9DEMS-56-1536x1024.jpg 1536w, https:\/\/ecodef-ihedn.fr\/wp-content\/uploads\/2023\/03\/Colloque-Guerre-en-Ukraine-16-02-2023-\u00a9DEMS-56-2048x1365.jpg 2048w, https:\/\/ecodef-ihedn.fr\/wp-content\/uploads\/2023\/03\/Colloque-Guerre-en-Ukraine-16-02-2023-\u00a9DEMS-56-696x464.jpg 696w, https:\/\/ecodef-ihedn.fr\/wp-content\/uploads\/2023\/03\/Colloque-Guerre-en-Ukraine-16-02-2023-\u00a9DEMS-56-1392x928.jpg 1392w, https:\/\/ecodef-ihedn.fr\/wp-content\/uploads\/2023\/03\/Colloque-Guerre-en-Ukraine-16-02-2023-\u00a9DEMS-56-1068x712.jpg 1068w, https:\/\/ecodef-ihedn.fr\/wp-content\/uploads\/2023\/03\/Colloque-Guerre-en-Ukraine-16-02-2023-\u00a9DEMS-56-1920x1280.jpg 1920w, https:\/\/ecodef-ihedn.fr\/wp-content\/uploads\/2023\/03\/Colloque-Guerre-en-Ukraine-16-02-2023-\u00a9DEMS-56-630x420.jpg 630w, https:\/\/ecodef-ihedn.fr\/wp-content\/uploads\/2023\/03\/Colloque-Guerre-en-Ukraine-16-02-2023-\u00a9DEMS-56-1260x840.jpg 1260w\" sizes=\"auto, (max-width: 696px) 100vw, 696px\" \/><\/p>\n<p>La <strong>conference video<\/strong> is available on the Ministry of Defence YouTube page.<\/p>\n<p style=\"text-align: center;\"><a href=\"https:\/\/www.youtube.com\/playlist?list=PLtOyR1zqP2v5Ovi2OxgBT3w6qOpaBaQTC\" target=\"_blank\" rel=\"noopener\"><span class=\"td_btn td_btn_md td_round_btn\">Watch or rewatch the conference<\/span><\/a><\/p>\n<p style=\"text-align: center;\"><a href=\"https:\/\/www.youtube.com\/watch?v=xcbBIOvh_bM&amp;list=PLtOyR1zqP2v5Ovi2OxgBT3w6qOpaBaQTC&amp;index=11\" target=\"_blank\" rel=\"noopener\"><span class=\"td_btn td_btn_md td_default_btn\">Watch or replay Julien Malizard's speech<\/span><\/a><\/p>","protected":false},"excerpt":{"rendered":"<p>Les organismes d&rsquo;enseignement, de recherche et de doctrine de l&rsquo;\u00c9cole militaire ont organis\u00e9 le 16 f\u00e9vrier (amphith\u00e9\u00e2tre Foch) leur premier colloque annuel commun. Consacr\u00e9 au th\u00e8me de la guerre en Ukraine, il s&rsquo;est articul\u00e9 autour d&rsquo;interventions de sp\u00e9cialistes des questions de d\u00e9fense (chercheurs et experts) issus de ces diff\u00e9rents organismes. L&rsquo;\u00e9v\u00e9nement a \u00e9t\u00e9 introduit par [&hellip;]<\/p>\n","protected":false},"author":2,"featured_media":7693,"comment_status":"open","ping_status":"open","sticky":false,"template":"","format":"standard","meta":{"footnotes":""},"categories":[356],"tags":[615,616,454,376,587,103,141,38,196,95,617,536],"class_list":{"0":"post-7692","1":"post","2":"type-post","3":"status-publish","4":"format-standard","5":"has-post-thumbnail","7":"category-activites-participation-de-la-chaire-a-un-evenement","8":"tag-academ","9":"tag-benoit-durieux","10":"tag-cesa","11":"tag-colloque","12":"tag-conflit-de-haute-intensite","13":"tag-ecole-militaire","14":"tag-financement-de-la-defense","15":"tag-ihedn","16":"tag-irsem","17":"tag-ministere-des-armees","18":"tag-thierry-burkhard","19":"tag-ukraine"},"yoast_head":"<!-- This site is optimized with the Yoast SEO plugin v27.4 - https:\/\/yoast.com\/product\/yoast-seo-wordpress\/ -->\n<title>&quot;Guerre en Ukraine : un an apr\u00e8s, quelles le\u00e7ons ?&quot; : participation de la Chaire au colloque commun de l&#039;\u00c9cole militaire (Paris, 16 f\u00e9vrier 2023) - Chaire \u00c9conomie de d\u00e9fense - IHEDN<\/title>\n<meta name=\"robots\" content=\"index, follow, max-snippet:-1, max-image-preview:large, max-video-preview:-1\" \/>\n<link rel=\"canonical\" href=\"https:\/\/ecodef-ihedn.fr\/en\/guerre-en-ukraine-un-an-apres-quelles-lecons-participation-de-la-chaire-au-colloque-commun-de-lecole-militaire-16-fevrier-paris\/\" \/>\n<meta property=\"og:locale\" content=\"en_GB\" \/>\n<meta property=\"og:type\" content=\"article\" \/>\n<meta property=\"og:title\" content=\"&quot;Guerre en Ukraine : un an apr\u00e8s, quelles le\u00e7ons ?&quot; : participation de la Chaire au colloque commun de l&#039;\u00c9cole militaire (Paris, 16 f\u00e9vrier 2023) - Chaire \u00c9conomie de d\u00e9fense - IHEDN\" \/>\n<meta property=\"og:description\" content=\"Les organismes d&rsquo;enseignement, de recherche et de doctrine de l&rsquo;\u00c9cole militaire ont organis\u00e9 le 16 f\u00e9vrier (amphith\u00e9\u00e2tre Foch) leur premier colloque annuel commun. Consacr\u00e9 au th\u00e8me de la guerre en Ukraine, il s&rsquo;est articul\u00e9 autour d&rsquo;interventions de sp\u00e9cialistes des questions de d\u00e9fense (chercheurs et experts) issus de ces diff\u00e9rents organismes. L&rsquo;\u00e9v\u00e9nement a \u00e9t\u00e9 introduit par [&hellip;]\" \/>\n<meta property=\"og:url\" content=\"https:\/\/ecodef-ihedn.fr\/en\/guerre-en-ukraine-un-an-apres-quelles-lecons-participation-de-la-chaire-au-colloque-commun-de-lecole-militaire-16-fevrier-paris\/\" \/>\n<meta property=\"og:site_name\" content=\"Chaire \u00c9conomie de d\u00e9fense - IHEDN\" \/>\n<meta property=\"article:published_time\" content=\"2023-02-20T15:44:43+00:00\" \/>\n<meta property=\"article:modified_time\" content=\"2023-03-21T15:30:48+00:00\" \/>\n<meta property=\"og:image\" content=\"https:\/\/ecodef-ihedn.fr\/wp-content\/uploads\/2023\/03\/cr750482-q90-35b10b.jpg\" \/>\n\t<meta property=\"og:image:width\" content=\"750\" \/>\n\t<meta property=\"og:image:height\" content=\"482\" \/>\n\t<meta property=\"og:image:type\" content=\"image\/jpeg\" \/>\n<meta name=\"author\" content=\"Bertrand Demandre\" \/>\n<meta name=\"twitter:card\" content=\"summary_large_image\" \/>\n<meta name=\"twitter:creator\" content=\"@Chaire_Ecodef\" \/>\n<meta name=\"twitter:site\" content=\"@Chaire_Ecodef\" \/>\n<meta name=\"twitter:label1\" content=\"Written by\" \/>\n\t<meta name=\"twitter:data1\" content=\"Bertrand Demandre\" \/>\n\t<meta name=\"twitter:label2\" content=\"Estimated reading time\" \/>\n\t<meta name=\"twitter:data2\" content=\"2 minutes\" \/>\n<script type=\"application\/ld+json\" class=\"yoast-schema-graph\">{\"@context\":\"https:\\\/\\\/schema.org\",\"@graph\":[{\"@type\":\"Article\",\"@id\":\"https:\\\/\\\/ecodef-ihedn.fr\\\/guerre-en-ukraine-un-an-apres-quelles-lecons-participation-de-la-chaire-au-colloque-commun-de-lecole-militaire-16-fevrier-paris\\\/#article\",\"isPartOf\":{\"@id\":\"https:\\\/\\\/ecodef-ihedn.fr\\\/guerre-en-ukraine-un-an-apres-quelles-lecons-participation-de-la-chaire-au-colloque-commun-de-lecole-militaire-16-fevrier-paris\\\/\"},\"author\":{\"name\":\"Bertrand Demandre\",\"@id\":\"https:\\\/\\\/ecodef-ihedn.fr\\\/#\\\/schema\\\/person\\\/1cdf22d028cebe278126a6e07a884d30\"},\"headline\":\"\u00ab\u00a0Guerre en Ukraine : un an apr\u00e8s, quelles le\u00e7ons ?\u00a0\u00bb : participation de la Chaire au colloque commun de l&rsquo;\u00c9cole militaire (Paris, 16 f\u00e9vrier 2023)\",\"datePublished\":\"2023-02-20T15:44:43+00:00\",\"dateModified\":\"2023-03-21T15:30:48+00:00\",\"mainEntityOfPage\":{\"@id\":\"https:\\\/\\\/ecodef-ihedn.fr\\\/guerre-en-ukraine-un-an-apres-quelles-lecons-participation-de-la-chaire-au-colloque-commun-de-lecole-militaire-16-fevrier-paris\\\/\"},\"wordCount\":184,\"commentCount\":0,\"publisher\":{\"@id\":\"https:\\\/\\\/ecodef-ihedn.fr\\\/#organization\"},\"image\":{\"@id\":\"https:\\\/\\\/ecodef-ihedn.fr\\\/guerre-en-ukraine-un-an-apres-quelles-lecons-participation-de-la-chaire-au-colloque-commun-de-lecole-militaire-16-fevrier-paris\\\/#primaryimage\"},\"thumbnailUrl\":\"https:\\\/\\\/ecodef-ihedn.fr\\\/wp-content\\\/uploads\\\/2023\\\/03\\\/cr750482-q90-35b10b.jpg\",\"keywords\":[\"ACADEM\",\"Beno\u00eet Durieux\",\"CESA\",\"colloque\",\"conflit de haute intensit\u00e9\",\"Ecole Militaire\",\"financement de la d\u00e9fense\",\"IHEDN\",\"IRSEM\",\"Minist\u00e8re des Arm\u00e9es\",\"Thierry Burkhard\",\"Ukraine\"],\"articleSection\":[\"Activit\u00e9s : participation de la Chaire \u00e0 un \u00e9v\u00e9nement\"],\"inLanguage\":\"en-GB\",\"potentialAction\":[{\"@type\":\"CommentAction\",\"name\":\"Comment\",\"target\":[\"https:\\\/\\\/ecodef-ihedn.fr\\\/guerre-en-ukraine-un-an-apres-quelles-lecons-participation-de-la-chaire-au-colloque-commun-de-lecole-militaire-16-fevrier-paris\\\/#respond\"]}]},{\"@type\":\"WebPage\",\"@id\":\"https:\\\/\\\/ecodef-ihedn.fr\\\/guerre-en-ukraine-un-an-apres-quelles-lecons-participation-de-la-chaire-au-colloque-commun-de-lecole-militaire-16-fevrier-paris\\\/\",\"url\":\"https:\\\/\\\/ecodef-ihedn.fr\\\/guerre-en-ukraine-un-an-apres-quelles-lecons-participation-de-la-chaire-au-colloque-commun-de-lecole-militaire-16-fevrier-paris\\\/\",\"name\":\"\\\"Guerre en Ukraine : un an apr\u00e8s, quelles le\u00e7ons ?\\\" : participation de la Chaire au colloque commun de l'\u00c9cole militaire (Paris, 16 f\u00e9vrier 2023) - Chaire \u00c9conomie de d\u00e9fense - IHEDN\",\"isPartOf\":{\"@id\":\"https:\\\/\\\/ecodef-ihedn.fr\\\/#website\"},\"primaryImageOfPage\":{\"@id\":\"https:\\\/\\\/ecodef-ihedn.fr\\\/guerre-en-ukraine-un-an-apres-quelles-lecons-participation-de-la-chaire-au-colloque-commun-de-lecole-militaire-16-fevrier-paris\\\/#primaryimage\"},\"image\":{\"@id\":\"https:\\\/\\\/ecodef-ihedn.fr\\\/guerre-en-ukraine-un-an-apres-quelles-lecons-participation-de-la-chaire-au-colloque-commun-de-lecole-militaire-16-fevrier-paris\\\/#primaryimage\"},\"thumbnailUrl\":\"https:\\\/\\\/ecodef-ihedn.fr\\\/wp-content\\\/uploads\\\/2023\\\/03\\\/cr750482-q90-35b10b.jpg\",\"datePublished\":\"2023-02-20T15:44:43+00:00\",\"dateModified\":\"2023-03-21T15:30:48+00:00\",\"breadcrumb\":{\"@id\":\"https:\\\/\\\/ecodef-ihedn.fr\\\/guerre-en-ukraine-un-an-apres-quelles-lecons-participation-de-la-chaire-au-colloque-commun-de-lecole-militaire-16-fevrier-paris\\\/#breadcrumb\"},\"inLanguage\":\"en-GB\",\"potentialAction\":[{\"@type\":\"ReadAction\",\"target\":[\"https:\\\/\\\/ecodef-ihedn.fr\\\/guerre-en-ukraine-un-an-apres-quelles-lecons-participation-de-la-chaire-au-colloque-commun-de-lecole-militaire-16-fevrier-paris\\\/\"]}]},{\"@type\":\"ImageObject\",\"inLanguage\":\"en-GB\",\"@id\":\"https:\\\/\\\/ecodef-ihedn.fr\\\/guerre-en-ukraine-un-an-apres-quelles-lecons-participation-de-la-chaire-au-colloque-commun-de-lecole-militaire-16-fevrier-paris\\\/#primaryimage\",\"url\":\"https:\\\/\\\/ecodef-ihedn.fr\\\/wp-content\\\/uploads\\\/2023\\\/03\\\/cr750482-q90-35b10b.jpg\",\"contentUrl\":\"https:\\\/\\\/ecodef-ihedn.fr\\\/wp-content\\\/uploads\\\/2023\\\/03\\\/cr750482-q90-35b10b.jpg\",\"width\":750,\"height\":482},{\"@type\":\"BreadcrumbList\",\"@id\":\"https:\\\/\\\/ecodef-ihedn.fr\\\/guerre-en-ukraine-un-an-apres-quelles-lecons-participation-de-la-chaire-au-colloque-commun-de-lecole-militaire-16-fevrier-paris\\\/#breadcrumb\",\"itemListElement\":[{\"@type\":\"ListItem\",\"position\":1,\"name\":\"Accueil\",\"item\":\"https:\\\/\\\/ecodef-ihedn.fr\\\/\"},{\"@type\":\"ListItem\",\"position\":2,\"name\":\"&#8220;Guerre en Ukraine : un an apr\u00e8s, quelles le\u00e7ons ?&#8221; : participation de la Chaire au colloque commun de l&#8217;\u00c9cole militaire (Paris, 16 f\u00e9vrier 2023)\"}]},{\"@type\":\"WebSite\",\"@id\":\"https:\\\/\\\/ecodef-ihedn.fr\\\/#website\",\"url\":\"https:\\\/\\\/ecodef-ihedn.fr\\\/\",\"name\":\"Chaire \u00c9conomie de D\u00e9fense - IHEDN\",\"description\":\"Produire &amp; soutenir, f\u00e9d\u00e9rer &amp; diffuser, \u00eatre une interface\",\"publisher\":{\"@id\":\"https:\\\/\\\/ecodef-ihedn.fr\\\/#organization\"},\"potentialAction\":[{\"@type\":\"SearchAction\",\"target\":{\"@type\":\"EntryPoint\",\"urlTemplate\":\"https:\\\/\\\/ecodef-ihedn.fr\\\/?s={search_term_string}\"},\"query-input\":{\"@type\":\"PropertyValueSpecification\",\"valueRequired\":true,\"valueName\":\"search_term_string\"}}],\"inLanguage\":\"en-GB\"},{\"@type\":\"Organization\",\"@id\":\"https:\\\/\\\/ecodef-ihedn.fr\\\/#organization\",\"name\":\"Chaire \u00c9conomie de d\u00e9fense - IHEDN\",\"url\":\"https:\\\/\\\/ecodef-ihedn.fr\\\/\",\"logo\":{\"@type\":\"ImageObject\",\"inLanguage\":\"en-GB\",\"@id\":\"https:\\\/\\\/ecodef-ihedn.fr\\\/#\\\/schema\\\/logo\\\/image\\\/\",\"url\":\"https:\\\/\\\/ecodef-ihedn.fr\\\/wp-content\\\/uploads\\\/2020\\\/04\\\/logoEcodef9.jpg\",\"contentUrl\":\"https:\\\/\\\/ecodef-ihedn.fr\\\/wp-content\\\/uploads\\\/2020\\\/04\\\/logoEcodef9.jpg\",\"width\":410,\"height\":212,\"caption\":\"Chaire \u00c9conomie de d\u00e9fense - IHEDN\"},\"image\":{\"@id\":\"https:\\\/\\\/ecodef-ihedn.fr\\\/#\\\/schema\\\/logo\\\/image\\\/\"},\"sameAs\":[\"https:\\\/\\\/x.com\\\/Chaire_Ecodef\",\"https:\\\/\\\/www.linkedin.com\\\/company\\\/chaire-ecodef-ihedn\\\/\"]},{\"@type\":\"Person\",\"@id\":\"https:\\\/\\\/ecodef-ihedn.fr\\\/#\\\/schema\\\/person\\\/1cdf22d028cebe278126a6e07a884d30\",\"name\":\"Bertrand Demandre\",\"image\":{\"@type\":\"ImageObject\",\"inLanguage\":\"en-GB\",\"@id\":\"https:\\\/\\\/secure.gravatar.com\\\/avatar\\\/d9c9746d6c900ab5b9c0f9b1fa3932e369da923da247d624b8f7ab4ba8a3c093?s=96&d=mm&r=g\",\"url\":\"https:\\\/\\\/secure.gravatar.com\\\/avatar\\\/d9c9746d6c900ab5b9c0f9b1fa3932e369da923da247d624b8f7ab4ba8a3c093?s=96&d=mm&r=g\",\"contentUrl\":\"https:\\\/\\\/secure.gravatar.com\\\/avatar\\\/d9c9746d6c900ab5b9c0f9b1fa3932e369da923da247d624b8f7ab4ba8a3c093?s=96&d=mm&r=g\",\"caption\":\"Bertrand Demandre\"},\"url\":\"https:\\\/\\\/ecodef-ihedn.fr\\\/en\\\/author\\\/bertrand\\\/\"}]}<\/script>\n<!-- \/ Yoast SEO plugin. -->","yoast_head_json":{"title":"\"Guerre en Ukraine : un an apr\u00e8s, quelles le\u00e7ons ?\" : participation de la Chaire au colloque commun de l'\u00c9cole militaire (Paris, 16 f\u00e9vrier 2023) - Chaire \u00c9conomie de d\u00e9fense - IHEDN","robots":{"index":"index","follow":"follow","max-snippet":"max-snippet:-1","max-image-preview":"max-image-preview:large","max-video-preview":"max-video-preview:-1"},"canonical":"https:\/\/ecodef-ihedn.fr\/en\/guerre-en-ukraine-un-an-apres-quelles-lecons-participation-de-la-chaire-au-colloque-commun-de-lecole-militaire-16-fevrier-paris\/","og_locale":"en_GB","og_type":"article","og_title":"\"Guerre en Ukraine : un an apr\u00e8s, quelles le\u00e7ons ?\" : participation de la Chaire au colloque commun de l'\u00c9cole militaire (Paris, 16 f\u00e9vrier 2023) - Chaire \u00c9conomie de d\u00e9fense - IHEDN","og_description":"Les organismes d&rsquo;enseignement, de recherche et de doctrine de l&rsquo;\u00c9cole militaire ont organis\u00e9 le 16 f\u00e9vrier (amphith\u00e9\u00e2tre Foch) leur premier colloque annuel commun. Consacr\u00e9 au th\u00e8me de la guerre en Ukraine, il s&rsquo;est articul\u00e9 autour d&rsquo;interventions de sp\u00e9cialistes des questions de d\u00e9fense (chercheurs et experts) issus de ces diff\u00e9rents organismes. L&rsquo;\u00e9v\u00e9nement a \u00e9t\u00e9 introduit par [&hellip;]","og_url":"https:\/\/ecodef-ihedn.fr\/en\/guerre-en-ukraine-un-an-apres-quelles-lecons-participation-de-la-chaire-au-colloque-commun-de-lecole-militaire-16-fevrier-paris\/","og_site_name":"Chaire \u00c9conomie de d\u00e9fense - IHEDN","article_published_time":"2023-02-20T15:44:43+00:00","article_modified_time":"2023-03-21T15:30:48+00:00","og_image":[{"width":750,"height":482,"url":"https:\/\/ecodef-ihedn.fr\/wp-content\/uploads\/2023\/03\/cr750482-q90-35b10b.jpg","type":"image\/jpeg"}],"author":"Bertrand Demandre","twitter_card":"summary_large_image","twitter_creator":"@Chaire_Ecodef","twitter_site":"@Chaire_Ecodef","twitter_misc":{"Written by":"Bertrand Demandre","Estimated reading time":"2 minutes"},"schema":{"@context":"https:\/\/schema.org","@graph":[{"@type":"Article","@id":"https:\/\/ecodef-ihedn.fr\/guerre-en-ukraine-un-an-apres-quelles-lecons-participation-de-la-chaire-au-colloque-commun-de-lecole-militaire-16-fevrier-paris\/#article","isPartOf":{"@id":"https:\/\/ecodef-ihedn.fr\/guerre-en-ukraine-un-an-apres-quelles-lecons-participation-de-la-chaire-au-colloque-commun-de-lecole-militaire-16-fevrier-paris\/"},"author":{"name":"Bertrand Demandre","@id":"https:\/\/ecodef-ihedn.fr\/#\/schema\/person\/1cdf22d028cebe278126a6e07a884d30"},"headline":"\u00ab\u00a0Guerre en Ukraine : un an apr\u00e8s, quelles le\u00e7ons ?\u00a0\u00bb : participation de la Chaire au colloque commun de l&rsquo;\u00c9cole militaire (Paris, 16 f\u00e9vrier 2023)","datePublished":"2023-02-20T15:44:43+00:00","dateModified":"2023-03-21T15:30:48+00:00","mainEntityOfPage":{"@id":"https:\/\/ecodef-ihedn.fr\/guerre-en-ukraine-un-an-apres-quelles-lecons-participation-de-la-chaire-au-colloque-commun-de-lecole-militaire-16-fevrier-paris\/"},"wordCount":184,"commentCount":0,"publisher":{"@id":"https:\/\/ecodef-ihedn.fr\/#organization"},"image":{"@id":"https:\/\/ecodef-ihedn.fr\/guerre-en-ukraine-un-an-apres-quelles-lecons-participation-de-la-chaire-au-colloque-commun-de-lecole-militaire-16-fevrier-paris\/#primaryimage"},"thumbnailUrl":"https:\/\/ecodef-ihedn.fr\/wp-content\/uploads\/2023\/03\/cr750482-q90-35b10b.jpg","keywords":["ACADEM","Beno\u00eet Durieux","CESA","colloque","conflit de haute intensit\u00e9","Ecole Militaire","financement de la d\u00e9fense","IHEDN","IRSEM","Minist\u00e8re des Arm\u00e9es","Thierry Burkhard","Ukraine"],"articleSection":["Activit\u00e9s : participation de la Chaire \u00e0 un \u00e9v\u00e9nement"],"inLanguage":"en-GB","potentialAction":[{"@type":"CommentAction","name":"Comment","target":["https:\/\/ecodef-ihedn.fr\/guerre-en-ukraine-un-an-apres-quelles-lecons-participation-de-la-chaire-au-colloque-commun-de-lecole-militaire-16-fevrier-paris\/#respond"]}]},{"@type":"WebPage","@id":"https:\/\/ecodef-ihedn.fr\/guerre-en-ukraine-un-an-apres-quelles-lecons-participation-de-la-chaire-au-colloque-commun-de-lecole-militaire-16-fevrier-paris\/","url":"https:\/\/ecodef-ihedn.fr\/guerre-en-ukraine-un-an-apres-quelles-lecons-participation-de-la-chaire-au-colloque-commun-de-lecole-militaire-16-fevrier-paris\/","name":"\"Guerre en Ukraine : un an apr\u00e8s, quelles le\u00e7ons ?\" : participation de la Chaire au colloque commun de l'\u00c9cole militaire (Paris, 16 f\u00e9vrier 2023) - Chaire \u00c9conomie de d\u00e9fense - IHEDN","isPartOf":{"@id":"https:\/\/ecodef-ihedn.fr\/#website"},"primaryImageOfPage":{"@id":"https:\/\/ecodef-ihedn.fr\/guerre-en-ukraine-un-an-apres-quelles-lecons-participation-de-la-chaire-au-colloque-commun-de-lecole-militaire-16-fevrier-paris\/#primaryimage"},"image":{"@id":"https:\/\/ecodef-ihedn.fr\/guerre-en-ukraine-un-an-apres-quelles-lecons-participation-de-la-chaire-au-colloque-commun-de-lecole-militaire-16-fevrier-paris\/#primaryimage"},"thumbnailUrl":"https:\/\/ecodef-ihedn.fr\/wp-content\/uploads\/2023\/03\/cr750482-q90-35b10b.jpg","datePublished":"2023-02-20T15:44:43+00:00","dateModified":"2023-03-21T15:30:48+00:00","breadcrumb":{"@id":"https:\/\/ecodef-ihedn.fr\/guerre-en-ukraine-un-an-apres-quelles-lecons-participation-de-la-chaire-au-colloque-commun-de-lecole-militaire-16-fevrier-paris\/#breadcrumb"},"inLanguage":"en-GB","potentialAction":[{"@type":"ReadAction","target":["https:\/\/ecodef-ihedn.fr\/guerre-en-ukraine-un-an-apres-quelles-lecons-participation-de-la-chaire-au-colloque-commun-de-lecole-militaire-16-fevrier-paris\/"]}]},{"@type":"ImageObject","inLanguage":"en-GB","@id":"https:\/\/ecodef-ihedn.fr\/guerre-en-ukraine-un-an-apres-quelles-lecons-participation-de-la-chaire-au-colloque-commun-de-lecole-militaire-16-fevrier-paris\/#primaryimage","url":"https:\/\/ecodef-ihedn.fr\/wp-content\/uploads\/2023\/03\/cr750482-q90-35b10b.jpg","contentUrl":"https:\/\/ecodef-ihedn.fr\/wp-content\/uploads\/2023\/03\/cr750482-q90-35b10b.jpg","width":750,"height":482},{"@type":"BreadcrumbList","@id":"https:\/\/ecodef-ihedn.fr\/guerre-en-ukraine-un-an-apres-quelles-lecons-participation-de-la-chaire-au-colloque-commun-de-lecole-militaire-16-fevrier-paris\/#breadcrumb","itemListElement":[{"@type":"ListItem","position":1,"name":"Accueil","item":"https:\/\/ecodef-ihedn.fr\/"},{"@type":"ListItem","position":2,"name":"&#8220;Guerre en Ukraine : un an apr\u00e8s, quelles le\u00e7ons ?&#8221; : participation de la Chaire au colloque commun de l&#8217;\u00c9cole militaire (Paris, 16 f\u00e9vrier 2023)"}]},{"@type":"WebSite","@id":"https:\/\/ecodef-ihedn.fr\/#website","url":"https:\/\/ecodef-ihedn.fr\/","name":"Chair in Defence Economics - IHEDN","description":"Produce &amp; support, federate &amp; disseminate, act as an interface","publisher":{"@id":"https:\/\/ecodef-ihedn.fr\/#organization"},"potentialAction":[{"@type":"SearchAction","target":{"@type":"EntryPoint","urlTemplate":"https:\/\/ecodef-ihedn.fr\/?s={search_term_string}"},"query-input":{"@type":"PropertyValueSpecification","valueRequired":true,"valueName":"search_term_string"}}],"inLanguage":"en-GB"},{"@type":"Organization","@id":"https:\/\/ecodef-ihedn.fr\/#organization","name":"Chair in Defence Economics - IHEDN","url":"https:\/\/ecodef-ihedn.fr\/","logo":{"@type":"ImageObject","inLanguage":"en-GB","@id":"https:\/\/ecodef-ihedn.fr\/#\/schema\/logo\/image\/","url":"https:\/\/ecodef-ihedn.fr\/wp-content\/uploads\/2020\/04\/logoEcodef9.jpg","contentUrl":"https:\/\/ecodef-ihedn.fr\/wp-content\/uploads\/2020\/04\/logoEcodef9.jpg","width":410,"height":212,"caption":"Chaire \u00c9conomie de d\u00e9fense - IHEDN"},"image":{"@id":"https:\/\/ecodef-ihedn.fr\/#\/schema\/logo\/image\/"},"sameAs":["https:\/\/x.com\/Chaire_Ecodef","https:\/\/www.linkedin.com\/company\/chaire-ecodef-ihedn\/"]},{"@type":"Person","@id":"https:\/\/ecodef-ihedn.fr\/#\/schema\/person\/1cdf22d028cebe278126a6e07a884d30","name":"Bertrand Demandre","image":{"@type":"ImageObject","inLanguage":"en-GB","@id":"https:\/\/secure.gravatar.com\/avatar\/d9c9746d6c900ab5b9c0f9b1fa3932e369da923da247d624b8f7ab4ba8a3c093?s=96&d=mm&r=g","url":"https:\/\/secure.gravatar.com\/avatar\/d9c9746d6c900ab5b9c0f9b1fa3932e369da923da247d624b8f7ab4ba8a3c093?s=96&d=mm&r=g","contentUrl":"https:\/\/secure.gravatar.com\/avatar\/d9c9746d6c900ab5b9c0f9b1fa3932e369da923da247d624b8f7ab4ba8a3c093?s=96&d=mm&r=g","caption":"Bertrand Demandre"},"url":"https:\/\/ecodef-ihedn.fr\/en\/author\/bertrand\/"}]}},"_links":{"self":[{"href":"https:\/\/ecodef-ihedn.fr\/en\/wp-json\/wp\/v2\/posts\/7692","targetHints":{"allow":["GET"]}}],"collection":[{"href":"https:\/\/ecodef-ihedn.fr\/en\/wp-json\/wp\/v2\/posts"}],"about":[{"href":"https:\/\/ecodef-ihedn.fr\/en\/wp-json\/wp\/v2\/types\/post"}],"author":[{"embeddable":true,"href":"https:\/\/ecodef-ihedn.fr\/en\/wp-json\/wp\/v2\/users\/2"}],"replies":[{"embeddable":true,"href":"https:\/\/ecodef-ihedn.fr\/en\/wp-json\/wp\/v2\/comments?post=7692"}],"version-history":[{"count":9,"href":"https:\/\/ecodef-ihedn.fr\/en\/wp-json\/wp\/v2\/posts\/7692\/revisions"}],"predecessor-version":[{"id":7738,"href":"https:\/\/ecodef-ihedn.fr\/en\/wp-json\/wp\/v2\/posts\/7692\/revisions\/7738"}],"wp:featuredmedia":[{"embeddable":true,"href":"https:\/\/ecodef-ihedn.fr\/en\/wp-json\/wp\/v2\/media\/7693"}],"wp:attachment":[{"href":"https:\/\/ecodef-ihedn.fr\/en\/wp-json\/wp\/v2\/media?parent=7692"}],"wp:term":[{"taxonomy":"category","embeddable":true,"href":"https:\/\/ecodef-ihedn.fr\/en\/wp-json\/wp\/v2\/categories?post=7692"},{"taxonomy":"post_tag","embeddable":true,"href":"https:\/\/ecodef-ihedn.fr\/en\/wp-json\/wp\/v2\/tags?post=7692"}],"curies":[{"name":"wp","href":"https:\/\/api.w.org\/{rel}","templated":true}]}}