{"id":7703,"date":"2023-02-23T16:16:37","date_gmt":"2023-02-23T16:16:37","guid":{"rendered":"https:\/\/ecodef-ihedn.fr\/?p=7703"},"modified":"2023-03-20T17:11:48","modified_gmt":"2023-03-20T17:11:48","slug":"publication-dun-document-de-travail-de-camille-laville-pour-la-banque-mondiale","status":"publish","type":"post","link":"https:\/\/ecodef-ihedn.fr\/en\/publication-dun-document-de-travail-de-camille-laville-pour-la-banque-mondiale\/","title":{"rendered":"Publication of a working paper by Camille Laville for the World Bank"},"content":{"rendered":"<p><strong>Camille Laville<\/strong> has just published a working paper entitled \u00abInternal Conflicts and Shocks. A Narrative Meta-Analysis\u00bb, written with <strong>Pierre Mandon<\/strong>, economist at <strong>World Bank<\/strong>.<\/p>\n<h2>Do income shocks affect the risk of internal conflict locally?<\/h2>\n<p>To answer this question, this paper uses a meta-regression analysis of 2,464 sub-national estimates from 64 recent empirical studies on conflict and income shocks in developing countries. After controlling for publication bias, the analysis reveals that, on average, wealth-increasing shocks in the agricultural sector are negatively associated with local conflict risk. Nevertheless, the analysis reveals no average effect on local conflict risk of wealth-decreasing shocks in the agricultural sector or wealth-increasing shocks in the extractive sector. The article also shows that studies that fail to demonstrate empirical effects in line with researchers' expectations regarding the underlying theoretical mechanisms are less likely to be published. Differences in the geographical area studied, the choice of control variables and the way in which shocks are measured largely explain the heterogeneity of estimates in the literature.<\/p>\n<p style=\"text-align: center;\"><a href=\"https:\/\/documents.worldbank.org\/en\/publication\/documents-reports\/documentdetail\/099024402232348023\/idu0580a732f0160c04a690950100390349bc4d5\" target=\"_blank\" rel=\"noopener\"><span class=\"td_btn td_btn_md td_default_btn\">Consult the document<\/span><\/a><\/p>\n<p>&nbsp;<\/p>\n<p>&nbsp;<\/p>\n<p>&nbsp;<\/p>","protected":false},"excerpt":{"rendered":"<p>Camille Laville vient de publier le document de travail \u00ab\u00a0Internal Conflicts and Shocks. A Narrative Meta-Analysis\u00a0\u00bb, r\u00e9dig\u00e9 avec Pierre Mandon, \u00e9conomiste \u00e0 la Banque mondiale. Les chocs de revenus affectent-ils localement le risque de conflit interne ? Pour r\u00e9pondre \u00e0 cette question, cet article utilise une analyse de m\u00e9ta-r\u00e9gression \u00e0 partir de 2 464 estimations [&hellip;]<\/p>\n","protected":false},"author":2,"featured_media":7704,"comment_status":"open","ping_status":"open","sticky":false,"template":"","format":"standard","meta":{"footnotes":""},"categories":[350,584],"tags":[618,579,620,621,619],"class_list":{"0":"post-7703","1":"post","2":"type-post","3":"status-publish","4":"format-standard","5":"has-post-thumbnail","7":"category-publications","8":"category-thematique-6-enjeux-strategiques","9":"tag-banque-mondiale","10":"tag-camille-laville","11":"tag-document-de-travail","12":"tag-pierre-mandon","13":"tag-publication"},"yoast_head":"<!-- This site is optimized with the Yoast SEO plugin v27.4 - https:\/\/yoast.com\/product\/yoast-seo-wordpress\/ -->\n<title>Publication d&#039;un document de travail de Camille Laville pour la Banque mondiale - Chaire \u00c9conomie de d\u00e9fense - IHEDN<\/title>\n<meta name=\"robots\" content=\"index, follow, max-snippet:-1, max-image-preview:large, max-video-preview:-1\" \/>\n<link rel=\"canonical\" href=\"https:\/\/ecodef-ihedn.fr\/en\/publication-dun-document-de-travail-de-camille-laville-pour-la-banque-mondiale\/\" \/>\n<meta property=\"og:locale\" content=\"en_GB\" \/>\n<meta property=\"og:type\" content=\"article\" \/>\n<meta property=\"og:title\" content=\"Publication d&#039;un document de travail de Camille Laville pour la Banque mondiale - Chaire \u00c9conomie de d\u00e9fense - IHEDN\" \/>\n<meta property=\"og:description\" content=\"Camille Laville vient de publier le document de travail \u00ab\u00a0Internal Conflicts and Shocks. A Narrative Meta-Analysis\u00a0\u00bb, r\u00e9dig\u00e9 avec Pierre Mandon, \u00e9conomiste \u00e0 la Banque mondiale. Les chocs de revenus affectent-ils localement le risque de conflit interne ? Pour r\u00e9pondre \u00e0 cette question, cet article utilise une analyse de m\u00e9ta-r\u00e9gression \u00e0 partir de 2 464 estimations [&hellip;]\" \/>\n<meta property=\"og:url\" content=\"https:\/\/ecodef-ihedn.fr\/en\/publication-dun-document-de-travail-de-camille-laville-pour-la-banque-mondiale\/\" \/>\n<meta property=\"og:site_name\" content=\"Chaire \u00c9conomie de d\u00e9fense - IHEDN\" \/>\n<meta property=\"article:published_time\" content=\"2023-02-23T16:16:37+00:00\" \/>\n<meta property=\"article:modified_time\" content=\"2023-03-20T17:11:48+00:00\" \/>\n<meta property=\"og:image\" content=\"https:\/\/ecodef-ihedn.fr\/wp-content\/uploads\/2023\/03\/Capture-decran-2023-03-20-172331.png\" \/>\n\t<meta property=\"og:image:width\" content=\"1040\" \/>\n\t<meta property=\"og:image:height\" content=\"743\" \/>\n\t<meta property=\"og:image:type\" content=\"image\/png\" \/>\n<meta name=\"author\" content=\"Bertrand Demandre\" \/>\n<meta name=\"twitter:card\" content=\"summary_large_image\" \/>\n<meta name=\"twitter:creator\" content=\"@Chaire_Ecodef\" \/>\n<meta name=\"twitter:site\" content=\"@Chaire_Ecodef\" \/>\n<meta name=\"twitter:label1\" content=\"Written by\" \/>\n\t<meta name=\"twitter:data1\" content=\"Bertrand Demandre\" \/>\n\t<meta name=\"twitter:label2\" content=\"Estimated reading time\" \/>\n\t<meta name=\"twitter:data2\" content=\"2 minutes\" \/>\n<script type=\"application\/ld+json\" class=\"yoast-schema-graph\">{\"@context\":\"https:\\\/\\\/schema.org\",\"@graph\":[{\"@type\":\"Article\",\"@id\":\"https:\\\/\\\/ecodef-ihedn.fr\\\/publication-dun-document-de-travail-de-camille-laville-pour-la-banque-mondiale\\\/#article\",\"isPartOf\":{\"@id\":\"https:\\\/\\\/ecodef-ihedn.fr\\\/publication-dun-document-de-travail-de-camille-laville-pour-la-banque-mondiale\\\/\"},\"author\":{\"name\":\"Bertrand Demandre\",\"@id\":\"https:\\\/\\\/ecodef-ihedn.fr\\\/#\\\/schema\\\/person\\\/1cdf22d028cebe278126a6e07a884d30\"},\"headline\":\"Publication d&rsquo;un document de travail de Camille Laville pour la Banque mondiale\",\"datePublished\":\"2023-02-23T16:16:37+00:00\",\"dateModified\":\"2023-03-20T17:11:48+00:00\",\"mainEntityOfPage\":{\"@id\":\"https:\\\/\\\/ecodef-ihedn.fr\\\/publication-dun-document-de-travail-de-camille-laville-pour-la-banque-mondiale\\\/\"},\"wordCount\":247,\"commentCount\":0,\"publisher\":{\"@id\":\"https:\\\/\\\/ecodef-ihedn.fr\\\/#organization\"},\"image\":{\"@id\":\"https:\\\/\\\/ecodef-ihedn.fr\\\/publication-dun-document-de-travail-de-camille-laville-pour-la-banque-mondiale\\\/#primaryimage\"},\"thumbnailUrl\":\"https:\\\/\\\/ecodef-ihedn.fr\\\/wp-content\\\/uploads\\\/2023\\\/03\\\/Capture-decran-2023-03-20-172331.png\",\"keywords\":[\"Banque mondiale\",\"Camille Laville\",\"document de travail\",\"Pierre Mandon\",\"publication\"],\"articleSection\":[\"Publications\",\"Th\u00e9matique 6 : enjeux strat\u00e9giques\"],\"inLanguage\":\"en-GB\",\"potentialAction\":[{\"@type\":\"CommentAction\",\"name\":\"Comment\",\"target\":[\"https:\\\/\\\/ecodef-ihedn.fr\\\/publication-dun-document-de-travail-de-camille-laville-pour-la-banque-mondiale\\\/#respond\"]}]},{\"@type\":\"WebPage\",\"@id\":\"https:\\\/\\\/ecodef-ihedn.fr\\\/publication-dun-document-de-travail-de-camille-laville-pour-la-banque-mondiale\\\/\",\"url\":\"https:\\\/\\\/ecodef-ihedn.fr\\\/publication-dun-document-de-travail-de-camille-laville-pour-la-banque-mondiale\\\/\",\"name\":\"Publication d'un document de travail de Camille Laville pour la Banque mondiale - Chaire \u00c9conomie de d\u00e9fense - IHEDN\",\"isPartOf\":{\"@id\":\"https:\\\/\\\/ecodef-ihedn.fr\\\/#website\"},\"primaryImageOfPage\":{\"@id\":\"https:\\\/\\\/ecodef-ihedn.fr\\\/publication-dun-document-de-travail-de-camille-laville-pour-la-banque-mondiale\\\/#primaryimage\"},\"image\":{\"@id\":\"https:\\\/\\\/ecodef-ihedn.fr\\\/publication-dun-document-de-travail-de-camille-laville-pour-la-banque-mondiale\\\/#primaryimage\"},\"thumbnailUrl\":\"https:\\\/\\\/ecodef-ihedn.fr\\\/wp-content\\\/uploads\\\/2023\\\/03\\\/Capture-decran-2023-03-20-172331.png\",\"datePublished\":\"2023-02-23T16:16:37+00:00\",\"dateModified\":\"2023-03-20T17:11:48+00:00\",\"breadcrumb\":{\"@id\":\"https:\\\/\\\/ecodef-ihedn.fr\\\/publication-dun-document-de-travail-de-camille-laville-pour-la-banque-mondiale\\\/#breadcrumb\"},\"inLanguage\":\"en-GB\",\"potentialAction\":[{\"@type\":\"ReadAction\",\"target\":[\"https:\\\/\\\/ecodef-ihedn.fr\\\/publication-dun-document-de-travail-de-camille-laville-pour-la-banque-mondiale\\\/\"]}]},{\"@type\":\"ImageObject\",\"inLanguage\":\"en-GB\",\"@id\":\"https:\\\/\\\/ecodef-ihedn.fr\\\/publication-dun-document-de-travail-de-camille-laville-pour-la-banque-mondiale\\\/#primaryimage\",\"url\":\"https:\\\/\\\/ecodef-ihedn.fr\\\/wp-content\\\/uploads\\\/2023\\\/03\\\/Capture-decran-2023-03-20-172331.png\",\"contentUrl\":\"https:\\\/\\\/ecodef-ihedn.fr\\\/wp-content\\\/uploads\\\/2023\\\/03\\\/Capture-decran-2023-03-20-172331.png\",\"width\":1040,\"height\":743},{\"@type\":\"BreadcrumbList\",\"@id\":\"https:\\\/\\\/ecodef-ihedn.fr\\\/publication-dun-document-de-travail-de-camille-laville-pour-la-banque-mondiale\\\/#breadcrumb\",\"itemListElement\":[{\"@type\":\"ListItem\",\"position\":1,\"name\":\"Accueil\",\"item\":\"https:\\\/\\\/ecodef-ihedn.fr\\\/\"},{\"@type\":\"ListItem\",\"position\":2,\"name\":\"Publication d&#8217;un document de travail de Camille Laville pour la Banque mondiale\"}]},{\"@type\":\"WebSite\",\"@id\":\"https:\\\/\\\/ecodef-ihedn.fr\\\/#website\",\"url\":\"https:\\\/\\\/ecodef-ihedn.fr\\\/\",\"name\":\"Chaire \u00c9conomie de D\u00e9fense - IHEDN\",\"description\":\"Produire &amp; soutenir, f\u00e9d\u00e9rer &amp; diffuser, \u00eatre une interface\",\"publisher\":{\"@id\":\"https:\\\/\\\/ecodef-ihedn.fr\\\/#organization\"},\"potentialAction\":[{\"@type\":\"SearchAction\",\"target\":{\"@type\":\"EntryPoint\",\"urlTemplate\":\"https:\\\/\\\/ecodef-ihedn.fr\\\/?s={search_term_string}\"},\"query-input\":{\"@type\":\"PropertyValueSpecification\",\"valueRequired\":true,\"valueName\":\"search_term_string\"}}],\"inLanguage\":\"en-GB\"},{\"@type\":\"Organization\",\"@id\":\"https:\\\/\\\/ecodef-ihedn.fr\\\/#organization\",\"name\":\"Chaire \u00c9conomie de d\u00e9fense - IHEDN\",\"url\":\"https:\\\/\\\/ecodef-ihedn.fr\\\/\",\"logo\":{\"@type\":\"ImageObject\",\"inLanguage\":\"en-GB\",\"@id\":\"https:\\\/\\\/ecodef-ihedn.fr\\\/#\\\/schema\\\/logo\\\/image\\\/\",\"url\":\"https:\\\/\\\/ecodef-ihedn.fr\\\/wp-content\\\/uploads\\\/2020\\\/04\\\/logoEcodef9.jpg\",\"contentUrl\":\"https:\\\/\\\/ecodef-ihedn.fr\\\/wp-content\\\/uploads\\\/2020\\\/04\\\/logoEcodef9.jpg\",\"width\":410,\"height\":212,\"caption\":\"Chaire \u00c9conomie de d\u00e9fense - IHEDN\"},\"image\":{\"@id\":\"https:\\\/\\\/ecodef-ihedn.fr\\\/#\\\/schema\\\/logo\\\/image\\\/\"},\"sameAs\":[\"https:\\\/\\\/x.com\\\/Chaire_Ecodef\",\"https:\\\/\\\/www.linkedin.com\\\/company\\\/chaire-ecodef-ihedn\\\/\"]},{\"@type\":\"Person\",\"@id\":\"https:\\\/\\\/ecodef-ihedn.fr\\\/#\\\/schema\\\/person\\\/1cdf22d028cebe278126a6e07a884d30\",\"name\":\"Bertrand Demandre\",\"image\":{\"@type\":\"ImageObject\",\"inLanguage\":\"en-GB\",\"@id\":\"https:\\\/\\\/secure.gravatar.com\\\/avatar\\\/d9c9746d6c900ab5b9c0f9b1fa3932e369da923da247d624b8f7ab4ba8a3c093?s=96&d=mm&r=g\",\"url\":\"https:\\\/\\\/secure.gravatar.com\\\/avatar\\\/d9c9746d6c900ab5b9c0f9b1fa3932e369da923da247d624b8f7ab4ba8a3c093?s=96&d=mm&r=g\",\"contentUrl\":\"https:\\\/\\\/secure.gravatar.com\\\/avatar\\\/d9c9746d6c900ab5b9c0f9b1fa3932e369da923da247d624b8f7ab4ba8a3c093?s=96&d=mm&r=g\",\"caption\":\"Bertrand Demandre\"},\"url\":\"https:\\\/\\\/ecodef-ihedn.fr\\\/en\\\/author\\\/bertrand\\\/\"}]}<\/script>\n<!-- \/ Yoast SEO plugin. -->","yoast_head_json":{"title":"Publication d'un document de travail de Camille Laville pour la Banque mondiale - Chaire \u00c9conomie de d\u00e9fense - IHEDN","robots":{"index":"index","follow":"follow","max-snippet":"max-snippet:-1","max-image-preview":"max-image-preview:large","max-video-preview":"max-video-preview:-1"},"canonical":"https:\/\/ecodef-ihedn.fr\/en\/publication-dun-document-de-travail-de-camille-laville-pour-la-banque-mondiale\/","og_locale":"en_GB","og_type":"article","og_title":"Publication d'un document de travail de Camille Laville pour la Banque mondiale - Chaire \u00c9conomie de d\u00e9fense - IHEDN","og_description":"Camille Laville vient de publier le document de travail \u00ab\u00a0Internal Conflicts and Shocks. A Narrative Meta-Analysis\u00a0\u00bb, r\u00e9dig\u00e9 avec Pierre Mandon, \u00e9conomiste \u00e0 la Banque mondiale. Les chocs de revenus affectent-ils localement le risque de conflit interne ? Pour r\u00e9pondre \u00e0 cette question, cet article utilise une analyse de m\u00e9ta-r\u00e9gression \u00e0 partir de 2 464 estimations [&hellip;]","og_url":"https:\/\/ecodef-ihedn.fr\/en\/publication-dun-document-de-travail-de-camille-laville-pour-la-banque-mondiale\/","og_site_name":"Chaire \u00c9conomie de d\u00e9fense - IHEDN","article_published_time":"2023-02-23T16:16:37+00:00","article_modified_time":"2023-03-20T17:11:48+00:00","og_image":[{"width":1040,"height":743,"url":"https:\/\/ecodef-ihedn.fr\/wp-content\/uploads\/2023\/03\/Capture-decran-2023-03-20-172331.png","type":"image\/png"}],"author":"Bertrand Demandre","twitter_card":"summary_large_image","twitter_creator":"@Chaire_Ecodef","twitter_site":"@Chaire_Ecodef","twitter_misc":{"Written by":"Bertrand Demandre","Estimated reading time":"2 minutes"},"schema":{"@context":"https:\/\/schema.org","@graph":[{"@type":"Article","@id":"https:\/\/ecodef-ihedn.fr\/publication-dun-document-de-travail-de-camille-laville-pour-la-banque-mondiale\/#article","isPartOf":{"@id":"https:\/\/ecodef-ihedn.fr\/publication-dun-document-de-travail-de-camille-laville-pour-la-banque-mondiale\/"},"author":{"name":"Bertrand Demandre","@id":"https:\/\/ecodef-ihedn.fr\/#\/schema\/person\/1cdf22d028cebe278126a6e07a884d30"},"headline":"Publication d&rsquo;un document de travail de Camille Laville pour la Banque mondiale","datePublished":"2023-02-23T16:16:37+00:00","dateModified":"2023-03-20T17:11:48+00:00","mainEntityOfPage":{"@id":"https:\/\/ecodef-ihedn.fr\/publication-dun-document-de-travail-de-camille-laville-pour-la-banque-mondiale\/"},"wordCount":247,"commentCount":0,"publisher":{"@id":"https:\/\/ecodef-ihedn.fr\/#organization"},"image":{"@id":"https:\/\/ecodef-ihedn.fr\/publication-dun-document-de-travail-de-camille-laville-pour-la-banque-mondiale\/#primaryimage"},"thumbnailUrl":"https:\/\/ecodef-ihedn.fr\/wp-content\/uploads\/2023\/03\/Capture-decran-2023-03-20-172331.png","keywords":["Banque mondiale","Camille Laville","document de travail","Pierre Mandon","publication"],"articleSection":["Publications","Th\u00e9matique 6 : enjeux strat\u00e9giques"],"inLanguage":"en-GB","potentialAction":[{"@type":"CommentAction","name":"Comment","target":["https:\/\/ecodef-ihedn.fr\/publication-dun-document-de-travail-de-camille-laville-pour-la-banque-mondiale\/#respond"]}]},{"@type":"WebPage","@id":"https:\/\/ecodef-ihedn.fr\/publication-dun-document-de-travail-de-camille-laville-pour-la-banque-mondiale\/","url":"https:\/\/ecodef-ihedn.fr\/publication-dun-document-de-travail-de-camille-laville-pour-la-banque-mondiale\/","name":"Publication d'un document de travail de Camille Laville pour la Banque mondiale - Chaire \u00c9conomie de d\u00e9fense - IHEDN","isPartOf":{"@id":"https:\/\/ecodef-ihedn.fr\/#website"},"primaryImageOfPage":{"@id":"https:\/\/ecodef-ihedn.fr\/publication-dun-document-de-travail-de-camille-laville-pour-la-banque-mondiale\/#primaryimage"},"image":{"@id":"https:\/\/ecodef-ihedn.fr\/publication-dun-document-de-travail-de-camille-laville-pour-la-banque-mondiale\/#primaryimage"},"thumbnailUrl":"https:\/\/ecodef-ihedn.fr\/wp-content\/uploads\/2023\/03\/Capture-decran-2023-03-20-172331.png","datePublished":"2023-02-23T16:16:37+00:00","dateModified":"2023-03-20T17:11:48+00:00","breadcrumb":{"@id":"https:\/\/ecodef-ihedn.fr\/publication-dun-document-de-travail-de-camille-laville-pour-la-banque-mondiale\/#breadcrumb"},"inLanguage":"en-GB","potentialAction":[{"@type":"ReadAction","target":["https:\/\/ecodef-ihedn.fr\/publication-dun-document-de-travail-de-camille-laville-pour-la-banque-mondiale\/"]}]},{"@type":"ImageObject","inLanguage":"en-GB","@id":"https:\/\/ecodef-ihedn.fr\/publication-dun-document-de-travail-de-camille-laville-pour-la-banque-mondiale\/#primaryimage","url":"https:\/\/ecodef-ihedn.fr\/wp-content\/uploads\/2023\/03\/Capture-decran-2023-03-20-172331.png","contentUrl":"https:\/\/ecodef-ihedn.fr\/wp-content\/uploads\/2023\/03\/Capture-decran-2023-03-20-172331.png","width":1040,"height":743},{"@type":"BreadcrumbList","@id":"https:\/\/ecodef-ihedn.fr\/publication-dun-document-de-travail-de-camille-laville-pour-la-banque-mondiale\/#breadcrumb","itemListElement":[{"@type":"ListItem","position":1,"name":"Accueil","item":"https:\/\/ecodef-ihedn.fr\/"},{"@type":"ListItem","position":2,"name":"Publication d&#8217;un document de travail de Camille Laville pour la Banque mondiale"}]},{"@type":"WebSite","@id":"https:\/\/ecodef-ihedn.fr\/#website","url":"https:\/\/ecodef-ihedn.fr\/","name":"Chair in Defence Economics - IHEDN","description":"Produce &amp; support, federate &amp; disseminate, act as an interface","publisher":{"@id":"https:\/\/ecodef-ihedn.fr\/#organization"},"potentialAction":[{"@type":"SearchAction","target":{"@type":"EntryPoint","urlTemplate":"https:\/\/ecodef-ihedn.fr\/?s={search_term_string}"},"query-input":{"@type":"PropertyValueSpecification","valueRequired":true,"valueName":"search_term_string"}}],"inLanguage":"en-GB"},{"@type":"Organization","@id":"https:\/\/ecodef-ihedn.fr\/#organization","name":"Chair in Defence Economics - IHEDN","url":"https:\/\/ecodef-ihedn.fr\/","logo":{"@type":"ImageObject","inLanguage":"en-GB","@id":"https:\/\/ecodef-ihedn.fr\/#\/schema\/logo\/image\/","url":"https:\/\/ecodef-ihedn.fr\/wp-content\/uploads\/2020\/04\/logoEcodef9.jpg","contentUrl":"https:\/\/ecodef-ihedn.fr\/wp-content\/uploads\/2020\/04\/logoEcodef9.jpg","width":410,"height":212,"caption":"Chaire \u00c9conomie de d\u00e9fense - IHEDN"},"image":{"@id":"https:\/\/ecodef-ihedn.fr\/#\/schema\/logo\/image\/"},"sameAs":["https:\/\/x.com\/Chaire_Ecodef","https:\/\/www.linkedin.com\/company\/chaire-ecodef-ihedn\/"]},{"@type":"Person","@id":"https:\/\/ecodef-ihedn.fr\/#\/schema\/person\/1cdf22d028cebe278126a6e07a884d30","name":"Bertrand Demandre","image":{"@type":"ImageObject","inLanguage":"en-GB","@id":"https:\/\/secure.gravatar.com\/avatar\/d9c9746d6c900ab5b9c0f9b1fa3932e369da923da247d624b8f7ab4ba8a3c093?s=96&d=mm&r=g","url":"https:\/\/secure.gravatar.com\/avatar\/d9c9746d6c900ab5b9c0f9b1fa3932e369da923da247d624b8f7ab4ba8a3c093?s=96&d=mm&r=g","contentUrl":"https:\/\/secure.gravatar.com\/avatar\/d9c9746d6c900ab5b9c0f9b1fa3932e369da923da247d624b8f7ab4ba8a3c093?s=96&d=mm&r=g","caption":"Bertrand Demandre"},"url":"https:\/\/ecodef-ihedn.fr\/en\/author\/bertrand\/"}]}},"_links":{"self":[{"href":"https:\/\/ecodef-ihedn.fr\/en\/wp-json\/wp\/v2\/posts\/7703","targetHints":{"allow":["GET"]}}],"collection":[{"href":"https:\/\/ecodef-ihedn.fr\/en\/wp-json\/wp\/v2\/posts"}],"about":[{"href":"https:\/\/ecodef-ihedn.fr\/en\/wp-json\/wp\/v2\/types\/post"}],"author":[{"embeddable":true,"href":"https:\/\/ecodef-ihedn.fr\/en\/wp-json\/wp\/v2\/users\/2"}],"replies":[{"embeddable":true,"href":"https:\/\/ecodef-ihedn.fr\/en\/wp-json\/wp\/v2\/comments?post=7703"}],"version-history":[{"count":4,"href":"https:\/\/ecodef-ihedn.fr\/en\/wp-json\/wp\/v2\/posts\/7703\/revisions"}],"predecessor-version":[{"id":7708,"href":"https:\/\/ecodef-ihedn.fr\/en\/wp-json\/wp\/v2\/posts\/7703\/revisions\/7708"}],"wp:featuredmedia":[{"embeddable":true,"href":"https:\/\/ecodef-ihedn.fr\/en\/wp-json\/wp\/v2\/media\/7704"}],"wp:attachment":[{"href":"https:\/\/ecodef-ihedn.fr\/en\/wp-json\/wp\/v2\/media?parent=7703"}],"wp:term":[{"taxonomy":"category","embeddable":true,"href":"https:\/\/ecodef-ihedn.fr\/en\/wp-json\/wp\/v2\/categories?post=7703"},{"taxonomy":"post_tag","embeddable":true,"href":"https:\/\/ecodef-ihedn.fr\/en\/wp-json\/wp\/v2\/tags?post=7703"}],"curies":[{"name":"wp","href":"https:\/\/api.w.org\/{rel}","templated":true}]}}