{"id":7740,"date":"2023-03-17T09:43:49","date_gmt":"2023-03-17T09:43:49","guid":{"rendered":"https:\/\/ecodef-ihedn.fr\/?p=7740"},"modified":"2023-03-21T16:07:10","modified_gmt":"2023-03-21T16:07:10","slug":"participation-de-jean-belin-a-la-conference-quelle-place-pour-les-femmes-dans-lexpertise-strategique-organisee-par-irsem-liris-la-frs-et-wiis-france-ecole-militaire-paris-16-mars","status":"publish","type":"post","link":"https:\/\/ecodef-ihedn.fr\/en\/participation-de-jean-belin-a-la-conference-quelle-place-pour-les-femmes-dans-lexpertise-strategique-organisee-par-irsem-liris-la-frs-et-wiis-france-ecole-militaire-paris-16-mars\/","title":{"rendered":"Jean Belin's participation in the conference \u00abWhat place for women in strategic expertise? organised by IRSEM, IRIS, FRS and WIIS France (\u00c9cole militaire, Paris, 16 March 2023)"},"content":{"rendered":"<p>Organised at the \u00c9cole Militaire by IRSEM, IRIS, FRS and WIIS France, this conference provided an opportunity for speakers at the two round tables to discuss the place of women in strategic thinking and expertise on international issues.<\/p>\n<p>Discussions focused on issues relating to the pool of female experts and researchers, gender and geopolitics, and the representation and visibility of female experts at events and in the media.<\/p>\n<p>Jean Belin addressed the question of the place of women in the world of research at the round table \u00abTaking stock: how and why to feminise research\".<br \/>\nthe field of strategic expertise\u00bb.<\/p>\n<p><em>\u00abConsidering it essential for think tanks on strategic and international issues (think tanks and research organisations) to embody the principles of gender diversity and equality, and to give pride of place to women and men on all subjects, by ensuring the equal participation and visibility of women, but also by presenting analyses that are not biased by the under-representation of one gender or the other, IRSEM has taken the initiative of committing itself and encouraging other strategic think tanks to commit themselves alongside it in this direction.<\/em><\/p>\n<p><em>Gender equality objectives can only be achieved if there is a mix of men and women in the areas of reflection and expertise. In particular, it is essential that analyses of all international and strategic issues are carried out and supported by both women and men, and that certain areas of expertise no longer suffer from under-representation of one gender or the other, either within their teams or in their participation in public events.<\/em><\/p>\n<p><em>And this is to embody their concern for ambitious and voluntary action to increase the visibility of women in their activities and, more generally, to contribute to a fair balance between women and men in all their areas of competence\u00bb.\u00bb<\/em><\/p>","protected":false},"excerpt":{"rendered":"<p>Organis\u00e9e \u00e0 l\u2019\u00c9cole militaire par l&rsquo;IRSEM, l&rsquo;IRIS, la FRS et WIIS France, cette conf\u00e9rence a propos\u00e9 aux intervenants des deux tables rondes d&rsquo;\u00e9changer sur la place des femmes dans les r\u00e9flexions strat\u00e9giques et l&rsquo;expertise sur les questions internationales. Les d\u00e9bats ont port\u00e9 sur les questions relatives aux viviers d&rsquo;expertes et de chercheuses, aux questions li\u00e9es [&hellip;]<\/p>\n","protected":false},"author":2,"featured_media":7741,"comment_status":"open","ping_status":"open","sticky":false,"template":"","format":"standard","meta":{"footnotes":""},"categories":[356],"tags":[41,103,627,113,625,196,287,629,628,626],"class_list":{"0":"post-7740","1":"post","2":"type-post","3":"status-publish","4":"format-standard","5":"has-post-thumbnail","7":"category-activites-participation-de-la-chaire-a-un-evenement","8":"tag-conference","9":"tag-ecole-militaire","10":"tag-feminisation","11":"tag-frs","12":"tag-iris","13":"tag-irsem","14":"tag-jean-belin","15":"tag-mixite","16":"tag-parite","17":"tag-wiis-france"},"yoast_head":"<!-- This site is optimized with the Yoast SEO plugin v27.4 - https:\/\/yoast.com\/product\/yoast-seo-wordpress\/ -->\n<title>Participation de Jean Belin \u00e0 la conf\u00e9rence &quot;Quelle place pour les femmes dans l\u2019expertise strat\u00e9gique ?&quot; organis\u00e9e par IRSEM, l&#039;IRIS, la FRS et WIIS France (\u00c9cole militaire, Paris, 16 mars 2023) - Chaire \u00c9conomie de d\u00e9fense - IHEDN<\/title>\n<meta name=\"robots\" content=\"index, follow, max-snippet:-1, max-image-preview:large, max-video-preview:-1\" \/>\n<link rel=\"canonical\" href=\"https:\/\/ecodef-ihedn.fr\/en\/participation-de-jean-belin-a-la-conference-quelle-place-pour-les-femmes-dans-lexpertise-strategique-organisee-par-irsem-liris-la-frs-et-wiis-france-ecole-militaire-paris-16-mars\/\" \/>\n<meta property=\"og:locale\" content=\"en_GB\" \/>\n<meta property=\"og:type\" content=\"article\" \/>\n<meta property=\"og:title\" content=\"Participation de Jean Belin \u00e0 la conf\u00e9rence &quot;Quelle place pour les femmes dans l\u2019expertise strat\u00e9gique ?&quot; organis\u00e9e par IRSEM, l&#039;IRIS, la FRS et WIIS France (\u00c9cole militaire, Paris, 16 mars 2023) - Chaire \u00c9conomie de d\u00e9fense - IHEDN\" \/>\n<meta property=\"og:description\" content=\"Organis\u00e9e \u00e0 l\u2019\u00c9cole militaire par l&rsquo;IRSEM, l&rsquo;IRIS, la FRS et WIIS France, cette conf\u00e9rence a propos\u00e9 aux intervenants des deux tables rondes d&rsquo;\u00e9changer sur la place des femmes dans les r\u00e9flexions strat\u00e9giques et l&rsquo;expertise sur les questions internationales. Les d\u00e9bats ont port\u00e9 sur les questions relatives aux viviers d&rsquo;expertes et de chercheuses, aux questions li\u00e9es [&hellip;]\" \/>\n<meta property=\"og:url\" content=\"https:\/\/ecodef-ihedn.fr\/en\/participation-de-jean-belin-a-la-conference-quelle-place-pour-les-femmes-dans-lexpertise-strategique-organisee-par-irsem-liris-la-frs-et-wiis-france-ecole-militaire-paris-16-mars\/\" \/>\n<meta property=\"og:site_name\" content=\"Chaire \u00c9conomie de d\u00e9fense - IHEDN\" \/>\n<meta property=\"article:published_time\" content=\"2023-03-17T09:43:49+00:00\" \/>\n<meta property=\"article:modified_time\" content=\"2023-03-21T16:07:10+00:00\" \/>\n<meta property=\"og:image\" content=\"https:\/\/ecodef-ihedn.fr\/wp-content\/uploads\/2023\/03\/colloque-IRSEM-femmes-7-5.png\" \/>\n\t<meta property=\"og:image:width\" content=\"915\" \/>\n\t<meta property=\"og:image:height\" content=\"654\" \/>\n\t<meta property=\"og:image:type\" content=\"image\/png\" \/>\n<meta name=\"author\" content=\"Bertrand Demandre\" \/>\n<meta name=\"twitter:card\" content=\"summary_large_image\" \/>\n<meta name=\"twitter:creator\" content=\"@Chaire_Ecodef\" \/>\n<meta name=\"twitter:site\" content=\"@Chaire_Ecodef\" \/>\n<meta name=\"twitter:label1\" content=\"Written by\" \/>\n\t<meta name=\"twitter:data1\" content=\"Bertrand Demandre\" \/>\n\t<meta name=\"twitter:label2\" content=\"Estimated reading time\" \/>\n\t<meta name=\"twitter:data2\" content=\"2 minutes\" \/>\n<script type=\"application\/ld+json\" class=\"yoast-schema-graph\">{\"@context\":\"https:\\\/\\\/schema.org\",\"@graph\":[{\"@type\":\"Article\",\"@id\":\"https:\\\/\\\/ecodef-ihedn.fr\\\/participation-de-jean-belin-a-la-conference-quelle-place-pour-les-femmes-dans-lexpertise-strategique-organisee-par-irsem-liris-la-frs-et-wiis-france-ecole-militaire-paris-16-mars\\\/#article\",\"isPartOf\":{\"@id\":\"https:\\\/\\\/ecodef-ihedn.fr\\\/participation-de-jean-belin-a-la-conference-quelle-place-pour-les-femmes-dans-lexpertise-strategique-organisee-par-irsem-liris-la-frs-et-wiis-france-ecole-militaire-paris-16-mars\\\/\"},\"author\":{\"name\":\"Bertrand Demandre\",\"@id\":\"https:\\\/\\\/ecodef-ihedn.fr\\\/#\\\/schema\\\/person\\\/1cdf22d028cebe278126a6e07a884d30\"},\"headline\":\"Participation de Jean Belin \u00e0 la conf\u00e9rence \u00ab\u00a0Quelle place pour les femmes dans l\u2019expertise strat\u00e9gique ?\u00a0\u00bb organis\u00e9e par IRSEM, l&rsquo;IRIS, la FRS et WIIS France (\u00c9cole militaire, Paris, 16 mars 2023)\",\"datePublished\":\"2023-03-17T09:43:49+00:00\",\"dateModified\":\"2023-03-21T16:07:10+00:00\",\"mainEntityOfPage\":{\"@id\":\"https:\\\/\\\/ecodef-ihedn.fr\\\/participation-de-jean-belin-a-la-conference-quelle-place-pour-les-femmes-dans-lexpertise-strategique-organisee-par-irsem-liris-la-frs-et-wiis-france-ecole-militaire-paris-16-mars\\\/\"},\"wordCount\":413,\"commentCount\":0,\"publisher\":{\"@id\":\"https:\\\/\\\/ecodef-ihedn.fr\\\/#organization\"},\"image\":{\"@id\":\"https:\\\/\\\/ecodef-ihedn.fr\\\/participation-de-jean-belin-a-la-conference-quelle-place-pour-les-femmes-dans-lexpertise-strategique-organisee-par-irsem-liris-la-frs-et-wiis-france-ecole-militaire-paris-16-mars\\\/#primaryimage\"},\"thumbnailUrl\":\"https:\\\/\\\/ecodef-ihedn.fr\\\/wp-content\\\/uploads\\\/2023\\\/03\\\/colloque-IRSEM-femmes-7-5.png\",\"keywords\":[\"conf\u00e9rence\",\"Ecole Militaire\",\"f\u00e9minisation\",\"FRS\",\"IRIS\",\"IRSEM\",\"Jean Belin\",\"mixit\u00e9\",\"parit\u00e9\",\"WIIS France\"],\"articleSection\":[\"Activit\u00e9s : participation de la Chaire \u00e0 un \u00e9v\u00e9nement\"],\"inLanguage\":\"en-GB\",\"potentialAction\":[{\"@type\":\"CommentAction\",\"name\":\"Comment\",\"target\":[\"https:\\\/\\\/ecodef-ihedn.fr\\\/participation-de-jean-belin-a-la-conference-quelle-place-pour-les-femmes-dans-lexpertise-strategique-organisee-par-irsem-liris-la-frs-et-wiis-france-ecole-militaire-paris-16-mars\\\/#respond\"]}]},{\"@type\":\"WebPage\",\"@id\":\"https:\\\/\\\/ecodef-ihedn.fr\\\/participation-de-jean-belin-a-la-conference-quelle-place-pour-les-femmes-dans-lexpertise-strategique-organisee-par-irsem-liris-la-frs-et-wiis-france-ecole-militaire-paris-16-mars\\\/\",\"url\":\"https:\\\/\\\/ecodef-ihedn.fr\\\/participation-de-jean-belin-a-la-conference-quelle-place-pour-les-femmes-dans-lexpertise-strategique-organisee-par-irsem-liris-la-frs-et-wiis-france-ecole-militaire-paris-16-mars\\\/\",\"name\":\"Participation de Jean Belin \u00e0 la conf\u00e9rence \\\"Quelle place pour les femmes dans l\u2019expertise strat\u00e9gique ?\\\" organis\u00e9e par IRSEM, l'IRIS, la FRS et WIIS France (\u00c9cole militaire, Paris, 16 mars 2023) - Chaire \u00c9conomie de d\u00e9fense - IHEDN\",\"isPartOf\":{\"@id\":\"https:\\\/\\\/ecodef-ihedn.fr\\\/#website\"},\"primaryImageOfPage\":{\"@id\":\"https:\\\/\\\/ecodef-ihedn.fr\\\/participation-de-jean-belin-a-la-conference-quelle-place-pour-les-femmes-dans-lexpertise-strategique-organisee-par-irsem-liris-la-frs-et-wiis-france-ecole-militaire-paris-16-mars\\\/#primaryimage\"},\"image\":{\"@id\":\"https:\\\/\\\/ecodef-ihedn.fr\\\/participation-de-jean-belin-a-la-conference-quelle-place-pour-les-femmes-dans-lexpertise-strategique-organisee-par-irsem-liris-la-frs-et-wiis-france-ecole-militaire-paris-16-mars\\\/#primaryimage\"},\"thumbnailUrl\":\"https:\\\/\\\/ecodef-ihedn.fr\\\/wp-content\\\/uploads\\\/2023\\\/03\\\/colloque-IRSEM-femmes-7-5.png\",\"datePublished\":\"2023-03-17T09:43:49+00:00\",\"dateModified\":\"2023-03-21T16:07:10+00:00\",\"breadcrumb\":{\"@id\":\"https:\\\/\\\/ecodef-ihedn.fr\\\/participation-de-jean-belin-a-la-conference-quelle-place-pour-les-femmes-dans-lexpertise-strategique-organisee-par-irsem-liris-la-frs-et-wiis-france-ecole-militaire-paris-16-mars\\\/#breadcrumb\"},\"inLanguage\":\"en-GB\",\"potentialAction\":[{\"@type\":\"ReadAction\",\"target\":[\"https:\\\/\\\/ecodef-ihedn.fr\\\/participation-de-jean-belin-a-la-conference-quelle-place-pour-les-femmes-dans-lexpertise-strategique-organisee-par-irsem-liris-la-frs-et-wiis-france-ecole-militaire-paris-16-mars\\\/\"]}]},{\"@type\":\"ImageObject\",\"inLanguage\":\"en-GB\",\"@id\":\"https:\\\/\\\/ecodef-ihedn.fr\\\/participation-de-jean-belin-a-la-conference-quelle-place-pour-les-femmes-dans-lexpertise-strategique-organisee-par-irsem-liris-la-frs-et-wiis-france-ecole-militaire-paris-16-mars\\\/#primaryimage\",\"url\":\"https:\\\/\\\/ecodef-ihedn.fr\\\/wp-content\\\/uploads\\\/2023\\\/03\\\/colloque-IRSEM-femmes-7-5.png\",\"contentUrl\":\"https:\\\/\\\/ecodef-ihedn.fr\\\/wp-content\\\/uploads\\\/2023\\\/03\\\/colloque-IRSEM-femmes-7-5.png\",\"width\":915,\"height\":654},{\"@type\":\"BreadcrumbList\",\"@id\":\"https:\\\/\\\/ecodef-ihedn.fr\\\/participation-de-jean-belin-a-la-conference-quelle-place-pour-les-femmes-dans-lexpertise-strategique-organisee-par-irsem-liris-la-frs-et-wiis-france-ecole-militaire-paris-16-mars\\\/#breadcrumb\",\"itemListElement\":[{\"@type\":\"ListItem\",\"position\":1,\"name\":\"Accueil\",\"item\":\"https:\\\/\\\/ecodef-ihedn.fr\\\/\"},{\"@type\":\"ListItem\",\"position\":2,\"name\":\"Participation de Jean Belin \u00e0 la conf\u00e9rence &#8220;Quelle place pour les femmes dans l\u2019expertise strat\u00e9gique ?&#8221; organis\u00e9e par IRSEM, l&#8217;IRIS, la FRS et WIIS France (\u00c9cole militaire, Paris, 16 mars 2023)\"}]},{\"@type\":\"WebSite\",\"@id\":\"https:\\\/\\\/ecodef-ihedn.fr\\\/#website\",\"url\":\"https:\\\/\\\/ecodef-ihedn.fr\\\/\",\"name\":\"Chaire \u00c9conomie de D\u00e9fense - IHEDN\",\"description\":\"Produire &amp; soutenir, f\u00e9d\u00e9rer &amp; diffuser, \u00eatre une interface\",\"publisher\":{\"@id\":\"https:\\\/\\\/ecodef-ihedn.fr\\\/#organization\"},\"potentialAction\":[{\"@type\":\"SearchAction\",\"target\":{\"@type\":\"EntryPoint\",\"urlTemplate\":\"https:\\\/\\\/ecodef-ihedn.fr\\\/?s={search_term_string}\"},\"query-input\":{\"@type\":\"PropertyValueSpecification\",\"valueRequired\":true,\"valueName\":\"search_term_string\"}}],\"inLanguage\":\"en-GB\"},{\"@type\":\"Organization\",\"@id\":\"https:\\\/\\\/ecodef-ihedn.fr\\\/#organization\",\"name\":\"Chaire \u00c9conomie de d\u00e9fense - IHEDN\",\"url\":\"https:\\\/\\\/ecodef-ihedn.fr\\\/\",\"logo\":{\"@type\":\"ImageObject\",\"inLanguage\":\"en-GB\",\"@id\":\"https:\\\/\\\/ecodef-ihedn.fr\\\/#\\\/schema\\\/logo\\\/image\\\/\",\"url\":\"https:\\\/\\\/ecodef-ihedn.fr\\\/wp-content\\\/uploads\\\/2020\\\/04\\\/logoEcodef9.jpg\",\"contentUrl\":\"https:\\\/\\\/ecodef-ihedn.fr\\\/wp-content\\\/uploads\\\/2020\\\/04\\\/logoEcodef9.jpg\",\"width\":410,\"height\":212,\"caption\":\"Chaire \u00c9conomie de d\u00e9fense - IHEDN\"},\"image\":{\"@id\":\"https:\\\/\\\/ecodef-ihedn.fr\\\/#\\\/schema\\\/logo\\\/image\\\/\"},\"sameAs\":[\"https:\\\/\\\/x.com\\\/Chaire_Ecodef\",\"https:\\\/\\\/www.linkedin.com\\\/company\\\/chaire-ecodef-ihedn\\\/\"]},{\"@type\":\"Person\",\"@id\":\"https:\\\/\\\/ecodef-ihedn.fr\\\/#\\\/schema\\\/person\\\/1cdf22d028cebe278126a6e07a884d30\",\"name\":\"Bertrand Demandre\",\"image\":{\"@type\":\"ImageObject\",\"inLanguage\":\"en-GB\",\"@id\":\"https:\\\/\\\/secure.gravatar.com\\\/avatar\\\/d9c9746d6c900ab5b9c0f9b1fa3932e369da923da247d624b8f7ab4ba8a3c093?s=96&d=mm&r=g\",\"url\":\"https:\\\/\\\/secure.gravatar.com\\\/avatar\\\/d9c9746d6c900ab5b9c0f9b1fa3932e369da923da247d624b8f7ab4ba8a3c093?s=96&d=mm&r=g\",\"contentUrl\":\"https:\\\/\\\/secure.gravatar.com\\\/avatar\\\/d9c9746d6c900ab5b9c0f9b1fa3932e369da923da247d624b8f7ab4ba8a3c093?s=96&d=mm&r=g\",\"caption\":\"Bertrand Demandre\"},\"url\":\"https:\\\/\\\/ecodef-ihedn.fr\\\/en\\\/author\\\/bertrand\\\/\"}]}<\/script>\n<!-- \/ Yoast SEO plugin. -->","yoast_head_json":{"title":"Participation de Jean Belin \u00e0 la conf\u00e9rence \"Quelle place pour les femmes dans l\u2019expertise strat\u00e9gique ?\" organis\u00e9e par IRSEM, l'IRIS, la FRS et WIIS France (\u00c9cole militaire, Paris, 16 mars 2023) - Chaire \u00c9conomie de d\u00e9fense - IHEDN","robots":{"index":"index","follow":"follow","max-snippet":"max-snippet:-1","max-image-preview":"max-image-preview:large","max-video-preview":"max-video-preview:-1"},"canonical":"https:\/\/ecodef-ihedn.fr\/en\/participation-de-jean-belin-a-la-conference-quelle-place-pour-les-femmes-dans-lexpertise-strategique-organisee-par-irsem-liris-la-frs-et-wiis-france-ecole-militaire-paris-16-mars\/","og_locale":"en_GB","og_type":"article","og_title":"Participation de Jean Belin \u00e0 la conf\u00e9rence \"Quelle place pour les femmes dans l\u2019expertise strat\u00e9gique ?\" organis\u00e9e par IRSEM, l'IRIS, la FRS et WIIS France (\u00c9cole militaire, Paris, 16 mars 2023) - Chaire \u00c9conomie de d\u00e9fense - IHEDN","og_description":"Organis\u00e9e \u00e0 l\u2019\u00c9cole militaire par l&rsquo;IRSEM, l&rsquo;IRIS, la FRS et WIIS France, cette conf\u00e9rence a propos\u00e9 aux intervenants des deux tables rondes d&rsquo;\u00e9changer sur la place des femmes dans les r\u00e9flexions strat\u00e9giques et l&rsquo;expertise sur les questions internationales. Les d\u00e9bats ont port\u00e9 sur les questions relatives aux viviers d&rsquo;expertes et de chercheuses, aux questions li\u00e9es [&hellip;]","og_url":"https:\/\/ecodef-ihedn.fr\/en\/participation-de-jean-belin-a-la-conference-quelle-place-pour-les-femmes-dans-lexpertise-strategique-organisee-par-irsem-liris-la-frs-et-wiis-france-ecole-militaire-paris-16-mars\/","og_site_name":"Chaire \u00c9conomie de d\u00e9fense - IHEDN","article_published_time":"2023-03-17T09:43:49+00:00","article_modified_time":"2023-03-21T16:07:10+00:00","og_image":[{"width":915,"height":654,"url":"https:\/\/ecodef-ihedn.fr\/wp-content\/uploads\/2023\/03\/colloque-IRSEM-femmes-7-5.png","type":"image\/png"}],"author":"Bertrand Demandre","twitter_card":"summary_large_image","twitter_creator":"@Chaire_Ecodef","twitter_site":"@Chaire_Ecodef","twitter_misc":{"Written by":"Bertrand Demandre","Estimated reading time":"2 minutes"},"schema":{"@context":"https:\/\/schema.org","@graph":[{"@type":"Article","@id":"https:\/\/ecodef-ihedn.fr\/participation-de-jean-belin-a-la-conference-quelle-place-pour-les-femmes-dans-lexpertise-strategique-organisee-par-irsem-liris-la-frs-et-wiis-france-ecole-militaire-paris-16-mars\/#article","isPartOf":{"@id":"https:\/\/ecodef-ihedn.fr\/participation-de-jean-belin-a-la-conference-quelle-place-pour-les-femmes-dans-lexpertise-strategique-organisee-par-irsem-liris-la-frs-et-wiis-france-ecole-militaire-paris-16-mars\/"},"author":{"name":"Bertrand Demandre","@id":"https:\/\/ecodef-ihedn.fr\/#\/schema\/person\/1cdf22d028cebe278126a6e07a884d30"},"headline":"Participation de Jean Belin \u00e0 la conf\u00e9rence \u00ab\u00a0Quelle place pour les femmes dans l\u2019expertise strat\u00e9gique ?\u00a0\u00bb organis\u00e9e par IRSEM, l&rsquo;IRIS, la FRS et WIIS France (\u00c9cole militaire, Paris, 16 mars 2023)","datePublished":"2023-03-17T09:43:49+00:00","dateModified":"2023-03-21T16:07:10+00:00","mainEntityOfPage":{"@id":"https:\/\/ecodef-ihedn.fr\/participation-de-jean-belin-a-la-conference-quelle-place-pour-les-femmes-dans-lexpertise-strategique-organisee-par-irsem-liris-la-frs-et-wiis-france-ecole-militaire-paris-16-mars\/"},"wordCount":413,"commentCount":0,"publisher":{"@id":"https:\/\/ecodef-ihedn.fr\/#organization"},"image":{"@id":"https:\/\/ecodef-ihedn.fr\/participation-de-jean-belin-a-la-conference-quelle-place-pour-les-femmes-dans-lexpertise-strategique-organisee-par-irsem-liris-la-frs-et-wiis-france-ecole-militaire-paris-16-mars\/#primaryimage"},"thumbnailUrl":"https:\/\/ecodef-ihedn.fr\/wp-content\/uploads\/2023\/03\/colloque-IRSEM-femmes-7-5.png","keywords":["conf\u00e9rence","Ecole Militaire","f\u00e9minisation","FRS","IRIS","IRSEM","Jean Belin","mixit\u00e9","parit\u00e9","WIIS France"],"articleSection":["Activit\u00e9s : participation de la Chaire \u00e0 un \u00e9v\u00e9nement"],"inLanguage":"en-GB","potentialAction":[{"@type":"CommentAction","name":"Comment","target":["https:\/\/ecodef-ihedn.fr\/participation-de-jean-belin-a-la-conference-quelle-place-pour-les-femmes-dans-lexpertise-strategique-organisee-par-irsem-liris-la-frs-et-wiis-france-ecole-militaire-paris-16-mars\/#respond"]}]},{"@type":"WebPage","@id":"https:\/\/ecodef-ihedn.fr\/participation-de-jean-belin-a-la-conference-quelle-place-pour-les-femmes-dans-lexpertise-strategique-organisee-par-irsem-liris-la-frs-et-wiis-france-ecole-militaire-paris-16-mars\/","url":"https:\/\/ecodef-ihedn.fr\/participation-de-jean-belin-a-la-conference-quelle-place-pour-les-femmes-dans-lexpertise-strategique-organisee-par-irsem-liris-la-frs-et-wiis-france-ecole-militaire-paris-16-mars\/","name":"Participation de Jean Belin \u00e0 la conf\u00e9rence \"Quelle place pour les femmes dans l\u2019expertise strat\u00e9gique ?\" organis\u00e9e par IRSEM, l'IRIS, la FRS et WIIS France (\u00c9cole militaire, Paris, 16 mars 2023) - Chaire \u00c9conomie de d\u00e9fense - IHEDN","isPartOf":{"@id":"https:\/\/ecodef-ihedn.fr\/#website"},"primaryImageOfPage":{"@id":"https:\/\/ecodef-ihedn.fr\/participation-de-jean-belin-a-la-conference-quelle-place-pour-les-femmes-dans-lexpertise-strategique-organisee-par-irsem-liris-la-frs-et-wiis-france-ecole-militaire-paris-16-mars\/#primaryimage"},"image":{"@id":"https:\/\/ecodef-ihedn.fr\/participation-de-jean-belin-a-la-conference-quelle-place-pour-les-femmes-dans-lexpertise-strategique-organisee-par-irsem-liris-la-frs-et-wiis-france-ecole-militaire-paris-16-mars\/#primaryimage"},"thumbnailUrl":"https:\/\/ecodef-ihedn.fr\/wp-content\/uploads\/2023\/03\/colloque-IRSEM-femmes-7-5.png","datePublished":"2023-03-17T09:43:49+00:00","dateModified":"2023-03-21T16:07:10+00:00","breadcrumb":{"@id":"https:\/\/ecodef-ihedn.fr\/participation-de-jean-belin-a-la-conference-quelle-place-pour-les-femmes-dans-lexpertise-strategique-organisee-par-irsem-liris-la-frs-et-wiis-france-ecole-militaire-paris-16-mars\/#breadcrumb"},"inLanguage":"en-GB","potentialAction":[{"@type":"ReadAction","target":["https:\/\/ecodef-ihedn.fr\/participation-de-jean-belin-a-la-conference-quelle-place-pour-les-femmes-dans-lexpertise-strategique-organisee-par-irsem-liris-la-frs-et-wiis-france-ecole-militaire-paris-16-mars\/"]}]},{"@type":"ImageObject","inLanguage":"en-GB","@id":"https:\/\/ecodef-ihedn.fr\/participation-de-jean-belin-a-la-conference-quelle-place-pour-les-femmes-dans-lexpertise-strategique-organisee-par-irsem-liris-la-frs-et-wiis-france-ecole-militaire-paris-16-mars\/#primaryimage","url":"https:\/\/ecodef-ihedn.fr\/wp-content\/uploads\/2023\/03\/colloque-IRSEM-femmes-7-5.png","contentUrl":"https:\/\/ecodef-ihedn.fr\/wp-content\/uploads\/2023\/03\/colloque-IRSEM-femmes-7-5.png","width":915,"height":654},{"@type":"BreadcrumbList","@id":"https:\/\/ecodef-ihedn.fr\/participation-de-jean-belin-a-la-conference-quelle-place-pour-les-femmes-dans-lexpertise-strategique-organisee-par-irsem-liris-la-frs-et-wiis-france-ecole-militaire-paris-16-mars\/#breadcrumb","itemListElement":[{"@type":"ListItem","position":1,"name":"Accueil","item":"https:\/\/ecodef-ihedn.fr\/"},{"@type":"ListItem","position":2,"name":"Participation de Jean Belin \u00e0 la conf\u00e9rence &#8220;Quelle place pour les femmes dans l\u2019expertise strat\u00e9gique ?&#8221; organis\u00e9e par IRSEM, l&#8217;IRIS, la FRS et WIIS France (\u00c9cole militaire, Paris, 16 mars 2023)"}]},{"@type":"WebSite","@id":"https:\/\/ecodef-ihedn.fr\/#website","url":"https:\/\/ecodef-ihedn.fr\/","name":"Chair in Defence Economics - IHEDN","description":"Produce &amp; support, federate &amp; disseminate, act as an interface","publisher":{"@id":"https:\/\/ecodef-ihedn.fr\/#organization"},"potentialAction":[{"@type":"SearchAction","target":{"@type":"EntryPoint","urlTemplate":"https:\/\/ecodef-ihedn.fr\/?s={search_term_string}"},"query-input":{"@type":"PropertyValueSpecification","valueRequired":true,"valueName":"search_term_string"}}],"inLanguage":"en-GB"},{"@type":"Organization","@id":"https:\/\/ecodef-ihedn.fr\/#organization","name":"Chair in Defence Economics - IHEDN","url":"https:\/\/ecodef-ihedn.fr\/","logo":{"@type":"ImageObject","inLanguage":"en-GB","@id":"https:\/\/ecodef-ihedn.fr\/#\/schema\/logo\/image\/","url":"https:\/\/ecodef-ihedn.fr\/wp-content\/uploads\/2020\/04\/logoEcodef9.jpg","contentUrl":"https:\/\/ecodef-ihedn.fr\/wp-content\/uploads\/2020\/04\/logoEcodef9.jpg","width":410,"height":212,"caption":"Chaire \u00c9conomie de d\u00e9fense - IHEDN"},"image":{"@id":"https:\/\/ecodef-ihedn.fr\/#\/schema\/logo\/image\/"},"sameAs":["https:\/\/x.com\/Chaire_Ecodef","https:\/\/www.linkedin.com\/company\/chaire-ecodef-ihedn\/"]},{"@type":"Person","@id":"https:\/\/ecodef-ihedn.fr\/#\/schema\/person\/1cdf22d028cebe278126a6e07a884d30","name":"Bertrand Demandre","image":{"@type":"ImageObject","inLanguage":"en-GB","@id":"https:\/\/secure.gravatar.com\/avatar\/d9c9746d6c900ab5b9c0f9b1fa3932e369da923da247d624b8f7ab4ba8a3c093?s=96&d=mm&r=g","url":"https:\/\/secure.gravatar.com\/avatar\/d9c9746d6c900ab5b9c0f9b1fa3932e369da923da247d624b8f7ab4ba8a3c093?s=96&d=mm&r=g","contentUrl":"https:\/\/secure.gravatar.com\/avatar\/d9c9746d6c900ab5b9c0f9b1fa3932e369da923da247d624b8f7ab4ba8a3c093?s=96&d=mm&r=g","caption":"Bertrand Demandre"},"url":"https:\/\/ecodef-ihedn.fr\/en\/author\/bertrand\/"}]}},"_links":{"self":[{"href":"https:\/\/ecodef-ihedn.fr\/en\/wp-json\/wp\/v2\/posts\/7740","targetHints":{"allow":["GET"]}}],"collection":[{"href":"https:\/\/ecodef-ihedn.fr\/en\/wp-json\/wp\/v2\/posts"}],"about":[{"href":"https:\/\/ecodef-ihedn.fr\/en\/wp-json\/wp\/v2\/types\/post"}],"author":[{"embeddable":true,"href":"https:\/\/ecodef-ihedn.fr\/en\/wp-json\/wp\/v2\/users\/2"}],"replies":[{"embeddable":true,"href":"https:\/\/ecodef-ihedn.fr\/en\/wp-json\/wp\/v2\/comments?post=7740"}],"version-history":[{"count":3,"href":"https:\/\/ecodef-ihedn.fr\/en\/wp-json\/wp\/v2\/posts\/7740\/revisions"}],"predecessor-version":[{"id":7744,"href":"https:\/\/ecodef-ihedn.fr\/en\/wp-json\/wp\/v2\/posts\/7740\/revisions\/7744"}],"wp:featuredmedia":[{"embeddable":true,"href":"https:\/\/ecodef-ihedn.fr\/en\/wp-json\/wp\/v2\/media\/7741"}],"wp:attachment":[{"href":"https:\/\/ecodef-ihedn.fr\/en\/wp-json\/wp\/v2\/media?parent=7740"}],"wp:term":[{"taxonomy":"category","embeddable":true,"href":"https:\/\/ecodef-ihedn.fr\/en\/wp-json\/wp\/v2\/categories?post=7740"},{"taxonomy":"post_tag","embeddable":true,"href":"https:\/\/ecodef-ihedn.fr\/en\/wp-json\/wp\/v2\/tags?post=7740"}],"curies":[{"name":"wp","href":"https:\/\/api.w.org\/{rel}","templated":true}]}}