{"id":7880,"date":"2023-04-18T18:46:01","date_gmt":"2023-04-18T18:46:01","guid":{"rendered":"https:\/\/ecodef-ihedn.fr\/?p=7880"},"modified":"2023-07-04T06:01:02","modified_gmt":"2023-07-04T06:01:02","slug":"economie-de-defense-quoi-de-neuf-conference-de-julien-malizard-pour-diploweb","status":"publish","type":"post","link":"https:\/\/ecodef-ihedn.fr\/en\/economie-de-defense-quoi-de-neuf-conference-de-julien-malizard-pour-diploweb\/","title":{"rendered":"\u00abDefence economics, what's new? conference by Julien Malizard for Diploweb"},"content":{"rendered":"<h3 style=\"text-align: center;\">Julien Malizard spoke to Diploweb about the challenges facing the defence industry as a high-intensity conflict unfolds on the doorstep of the European Union.<\/h3>\n<p><strong>Diploweb<\/strong>\u00a0organised the conference\u00a0<strong>\u00abWhat's new in the defence economy?\u00bb<\/strong>, on 30 March 2023 in Paris (Pr\u00e9pa du lyc\u00e9e ENC Blomet), in partnership with the Association des \u00e9tudiants et alumni du Magist\u00e8re et masters relations internationales et action \u00e0 l'\u00e9tranger (ADEA MRIAE) of Universit\u00e9 Paris 1 and the Centre g\u00e9opolitique.<\/p>\n<p>At a time when <strong>conflict in Ukraine<\/strong>, what are the <strong>challenges for the EU defence industry<\/strong> ?<\/p>\n<p>Julien Malizard offered both a macro-economic and micro-economic analysis to help us better understand the importance of the subject.<\/p>\n<p>In particular, he stressed the urgent need to <strong>structuring a European defence industry<\/strong>, which is still highly fragmented.<\/p>\n<p><iframe loading=\"lazy\" title=\"Defence economics, what&#039;s new? Dr J. MALIZARD\" width=\"696\" height=\"392\" src=\"https:\/\/www.youtube.com\/embed\/DE-Kv_ch-Kg?feature=oembed\" frameborder=\"0\" allow=\"accelerometer; autoplay; clipboard-write; encrypted-media; gyroscope; picture-in-picture; web-share\" allowfullscreen><\/iframe><\/p>\n<p style=\"text-align: center;\"><a href=\"https:\/\/www.diploweb.com\/Video-J-Malizard-Economie-de-defense-quoi-de-neuf.html?utm_source=sendinblue&amp;utm_campaign=Gopolitique%20des%20lieux&amp;utm_medium=email\" target=\"_blank\" rel=\"noopener\"><span class=\"td_btn td_btn_md td_default_btn\">more information<\/span><\/a><\/p>\n<p>&nbsp;<\/p>","protected":false},"excerpt":{"rendered":"<p>Julien Malizard a pr\u00e9sent\u00e9 pour Diploweb les d\u00e9fis qui se pr\u00e9sentent \u00e0 l&rsquo;industrie de d\u00e9fense, alors qu&rsquo;un conflit de haute intensit\u00e9 se d\u00e9roule aux portes de l&rsquo;Union europ\u00e9enne Diploweb\u00a0a organis\u00e9 la conf\u00e9rence\u00a0\u00ab\u00a0\u00c9conomie de d\u00e9fense, quoi de neuf ?\u00a0\u00bb, le 30 mars 2023 \u00e0 Paris (Pr\u00e9pa du lyc\u00e9e ENC Blomet), en partenariat avec l\u2019Association des \u00e9tudiants [&hellip;]<\/p>\n","protected":false},"author":2,"featured_media":7884,"comment_status":"open","ping_status":"open","sticky":false,"template":"","format":"standard","meta":{"footnotes":""},"categories":[34,356],"tags":[41,587,647,47,149,86,536],"class_list":{"0":"post-7880","1":"post","2":"type-post","3":"status-publish","4":"format-standard","5":"has-post-thumbnail","7":"category-activites","8":"category-activites-participation-de-la-chaire-a-un-evenement","9":"tag-conference","10":"tag-conflit-de-haute-intensite","11":"tag-diploweb","12":"tag-economie-de-defense","13":"tag-industrie-de-defense","14":"tag-julien-malizard","15":"tag-ukraine"},"yoast_head":"<!-- This site is optimized with the Yoast SEO plugin v27.4 - https:\/\/yoast.com\/product\/yoast-seo-wordpress\/ -->\n<title>&quot;\u00c9conomie de d\u00e9fense, quoi de neuf ?&quot; : conf\u00e9rence de Julien Malizard pour Diploweb - Chaire \u00c9conomie de d\u00e9fense - IHEDN<\/title>\n<meta name=\"robots\" content=\"index, follow, max-snippet:-1, max-image-preview:large, max-video-preview:-1\" \/>\n<link rel=\"canonical\" href=\"https:\/\/ecodef-ihedn.fr\/en\/economie-de-defense-quoi-de-neuf-conference-de-julien-malizard-pour-diploweb\/\" \/>\n<meta property=\"og:locale\" content=\"en_GB\" \/>\n<meta property=\"og:type\" content=\"article\" \/>\n<meta property=\"og:title\" content=\"&quot;\u00c9conomie de d\u00e9fense, quoi de neuf ?&quot; : conf\u00e9rence de Julien Malizard pour Diploweb - Chaire \u00c9conomie de d\u00e9fense - IHEDN\" \/>\n<meta property=\"og:description\" content=\"Julien Malizard a pr\u00e9sent\u00e9 pour Diploweb les d\u00e9fis qui se pr\u00e9sentent \u00e0 l&rsquo;industrie de d\u00e9fense, alors qu&rsquo;un conflit de haute intensit\u00e9 se d\u00e9roule aux portes de l&rsquo;Union europ\u00e9enne Diploweb\u00a0a organis\u00e9 la conf\u00e9rence\u00a0\u00ab\u00a0\u00c9conomie de d\u00e9fense, quoi de neuf ?\u00a0\u00bb, le 30 mars 2023 \u00e0 Paris (Pr\u00e9pa du lyc\u00e9e ENC Blomet), en partenariat avec l\u2019Association des \u00e9tudiants [&hellip;]\" \/>\n<meta property=\"og:url\" content=\"https:\/\/ecodef-ihedn.fr\/en\/economie-de-defense-quoi-de-neuf-conference-de-julien-malizard-pour-diploweb\/\" \/>\n<meta property=\"og:site_name\" content=\"Chaire \u00c9conomie de d\u00e9fense - IHEDN\" \/>\n<meta property=\"article:published_time\" content=\"2023-04-18T18:46:01+00:00\" \/>\n<meta property=\"article:modified_time\" content=\"2023-07-04T06:01:02+00:00\" \/>\n<meta property=\"og:image\" content=\"https:\/\/ecodef-ihedn.fr\/wp-content\/uploads\/2023\/04\/2023-03-30-JM-DIPLOWEB.png\" \/>\n\t<meta property=\"og:image:width\" content=\"900\" \/>\n\t<meta property=\"og:image:height\" content=\"643\" \/>\n\t<meta property=\"og:image:type\" content=\"image\/png\" \/>\n<meta name=\"author\" content=\"Bertrand Demandre\" \/>\n<meta name=\"twitter:card\" content=\"summary_large_image\" \/>\n<meta name=\"twitter:creator\" content=\"@Chaire_Ecodef\" \/>\n<meta name=\"twitter:site\" content=\"@Chaire_Ecodef\" \/>\n<meta name=\"twitter:label1\" content=\"Written by\" \/>\n\t<meta name=\"twitter:data1\" content=\"Bertrand Demandre\" \/>\n\t<meta name=\"twitter:label2\" content=\"Estimated reading time\" \/>\n\t<meta name=\"twitter:data2\" content=\"1 minute\" \/>\n<script type=\"application\/ld+json\" class=\"yoast-schema-graph\">{\"@context\":\"https:\\\/\\\/schema.org\",\"@graph\":[{\"@type\":\"Article\",\"@id\":\"https:\\\/\\\/ecodef-ihedn.fr\\\/economie-de-defense-quoi-de-neuf-conference-de-julien-malizard-pour-diploweb\\\/#article\",\"isPartOf\":{\"@id\":\"https:\\\/\\\/ecodef-ihedn.fr\\\/economie-de-defense-quoi-de-neuf-conference-de-julien-malizard-pour-diploweb\\\/\"},\"author\":{\"name\":\"Bertrand Demandre\",\"@id\":\"https:\\\/\\\/ecodef-ihedn.fr\\\/#\\\/schema\\\/person\\\/1cdf22d028cebe278126a6e07a884d30\"},\"headline\":\"\u00ab\u00a0\u00c9conomie de d\u00e9fense, quoi de neuf ?\u00a0\u00bb : conf\u00e9rence de Julien Malizard pour Diploweb\",\"datePublished\":\"2023-04-18T18:46:01+00:00\",\"dateModified\":\"2023-07-04T06:01:02+00:00\",\"mainEntityOfPage\":{\"@id\":\"https:\\\/\\\/ecodef-ihedn.fr\\\/economie-de-defense-quoi-de-neuf-conference-de-julien-malizard-pour-diploweb\\\/\"},\"wordCount\":185,\"commentCount\":0,\"publisher\":{\"@id\":\"https:\\\/\\\/ecodef-ihedn.fr\\\/#organization\"},\"image\":{\"@id\":\"https:\\\/\\\/ecodef-ihedn.fr\\\/economie-de-defense-quoi-de-neuf-conference-de-julien-malizard-pour-diploweb\\\/#primaryimage\"},\"thumbnailUrl\":\"https:\\\/\\\/ecodef-ihedn.fr\\\/wp-content\\\/uploads\\\/2023\\\/04\\\/2023-03-30-JM-DIPLOWEB.png\",\"keywords\":[\"conf\u00e9rence\",\"conflit de haute intensit\u00e9\",\"diploweb\",\"\u00e9conomie de d\u00e9fense\",\"industrie de d\u00e9fense\",\"Julien Malizard\",\"Ukraine\"],\"articleSection\":[\"Activit\u00e9s\",\"Activit\u00e9s : participation de la Chaire \u00e0 un \u00e9v\u00e9nement\"],\"inLanguage\":\"en-GB\",\"potentialAction\":[{\"@type\":\"CommentAction\",\"name\":\"Comment\",\"target\":[\"https:\\\/\\\/ecodef-ihedn.fr\\\/economie-de-defense-quoi-de-neuf-conference-de-julien-malizard-pour-diploweb\\\/#respond\"]}]},{\"@type\":\"WebPage\",\"@id\":\"https:\\\/\\\/ecodef-ihedn.fr\\\/economie-de-defense-quoi-de-neuf-conference-de-julien-malizard-pour-diploweb\\\/\",\"url\":\"https:\\\/\\\/ecodef-ihedn.fr\\\/economie-de-defense-quoi-de-neuf-conference-de-julien-malizard-pour-diploweb\\\/\",\"name\":\"\\\"\u00c9conomie de d\u00e9fense, quoi de neuf ?\\\" : conf\u00e9rence de Julien Malizard pour Diploweb - Chaire \u00c9conomie de d\u00e9fense - IHEDN\",\"isPartOf\":{\"@id\":\"https:\\\/\\\/ecodef-ihedn.fr\\\/#website\"},\"primaryImageOfPage\":{\"@id\":\"https:\\\/\\\/ecodef-ihedn.fr\\\/economie-de-defense-quoi-de-neuf-conference-de-julien-malizard-pour-diploweb\\\/#primaryimage\"},\"image\":{\"@id\":\"https:\\\/\\\/ecodef-ihedn.fr\\\/economie-de-defense-quoi-de-neuf-conference-de-julien-malizard-pour-diploweb\\\/#primaryimage\"},\"thumbnailUrl\":\"https:\\\/\\\/ecodef-ihedn.fr\\\/wp-content\\\/uploads\\\/2023\\\/04\\\/2023-03-30-JM-DIPLOWEB.png\",\"datePublished\":\"2023-04-18T18:46:01+00:00\",\"dateModified\":\"2023-07-04T06:01:02+00:00\",\"breadcrumb\":{\"@id\":\"https:\\\/\\\/ecodef-ihedn.fr\\\/economie-de-defense-quoi-de-neuf-conference-de-julien-malizard-pour-diploweb\\\/#breadcrumb\"},\"inLanguage\":\"en-GB\",\"potentialAction\":[{\"@type\":\"ReadAction\",\"target\":[\"https:\\\/\\\/ecodef-ihedn.fr\\\/economie-de-defense-quoi-de-neuf-conference-de-julien-malizard-pour-diploweb\\\/\"]}]},{\"@type\":\"ImageObject\",\"inLanguage\":\"en-GB\",\"@id\":\"https:\\\/\\\/ecodef-ihedn.fr\\\/economie-de-defense-quoi-de-neuf-conference-de-julien-malizard-pour-diploweb\\\/#primaryimage\",\"url\":\"https:\\\/\\\/ecodef-ihedn.fr\\\/wp-content\\\/uploads\\\/2023\\\/04\\\/2023-03-30-JM-DIPLOWEB.png\",\"contentUrl\":\"https:\\\/\\\/ecodef-ihedn.fr\\\/wp-content\\\/uploads\\\/2023\\\/04\\\/2023-03-30-JM-DIPLOWEB.png\",\"width\":900,\"height\":643},{\"@type\":\"BreadcrumbList\",\"@id\":\"https:\\\/\\\/ecodef-ihedn.fr\\\/economie-de-defense-quoi-de-neuf-conference-de-julien-malizard-pour-diploweb\\\/#breadcrumb\",\"itemListElement\":[{\"@type\":\"ListItem\",\"position\":1,\"name\":\"Accueil\",\"item\":\"https:\\\/\\\/ecodef-ihedn.fr\\\/\"},{\"@type\":\"ListItem\",\"position\":2,\"name\":\"&#8220;\u00c9conomie de d\u00e9fense, quoi de neuf ?&#8221; : conf\u00e9rence de Julien Malizard pour Diploweb\"}]},{\"@type\":\"WebSite\",\"@id\":\"https:\\\/\\\/ecodef-ihedn.fr\\\/#website\",\"url\":\"https:\\\/\\\/ecodef-ihedn.fr\\\/\",\"name\":\"Chaire \u00c9conomie de D\u00e9fense - IHEDN\",\"description\":\"Produire &amp; soutenir, f\u00e9d\u00e9rer &amp; diffuser, \u00eatre une interface\",\"publisher\":{\"@id\":\"https:\\\/\\\/ecodef-ihedn.fr\\\/#organization\"},\"potentialAction\":[{\"@type\":\"SearchAction\",\"target\":{\"@type\":\"EntryPoint\",\"urlTemplate\":\"https:\\\/\\\/ecodef-ihedn.fr\\\/?s={search_term_string}\"},\"query-input\":{\"@type\":\"PropertyValueSpecification\",\"valueRequired\":true,\"valueName\":\"search_term_string\"}}],\"inLanguage\":\"en-GB\"},{\"@type\":\"Organization\",\"@id\":\"https:\\\/\\\/ecodef-ihedn.fr\\\/#organization\",\"name\":\"Chaire \u00c9conomie de d\u00e9fense - IHEDN\",\"url\":\"https:\\\/\\\/ecodef-ihedn.fr\\\/\",\"logo\":{\"@type\":\"ImageObject\",\"inLanguage\":\"en-GB\",\"@id\":\"https:\\\/\\\/ecodef-ihedn.fr\\\/#\\\/schema\\\/logo\\\/image\\\/\",\"url\":\"https:\\\/\\\/ecodef-ihedn.fr\\\/wp-content\\\/uploads\\\/2020\\\/04\\\/logoEcodef9.jpg\",\"contentUrl\":\"https:\\\/\\\/ecodef-ihedn.fr\\\/wp-content\\\/uploads\\\/2020\\\/04\\\/logoEcodef9.jpg\",\"width\":410,\"height\":212,\"caption\":\"Chaire \u00c9conomie de d\u00e9fense - IHEDN\"},\"image\":{\"@id\":\"https:\\\/\\\/ecodef-ihedn.fr\\\/#\\\/schema\\\/logo\\\/image\\\/\"},\"sameAs\":[\"https:\\\/\\\/x.com\\\/Chaire_Ecodef\",\"https:\\\/\\\/www.linkedin.com\\\/company\\\/chaire-ecodef-ihedn\\\/\"]},{\"@type\":\"Person\",\"@id\":\"https:\\\/\\\/ecodef-ihedn.fr\\\/#\\\/schema\\\/person\\\/1cdf22d028cebe278126a6e07a884d30\",\"name\":\"Bertrand Demandre\",\"image\":{\"@type\":\"ImageObject\",\"inLanguage\":\"en-GB\",\"@id\":\"https:\\\/\\\/secure.gravatar.com\\\/avatar\\\/d9c9746d6c900ab5b9c0f9b1fa3932e369da923da247d624b8f7ab4ba8a3c093?s=96&d=mm&r=g\",\"url\":\"https:\\\/\\\/secure.gravatar.com\\\/avatar\\\/d9c9746d6c900ab5b9c0f9b1fa3932e369da923da247d624b8f7ab4ba8a3c093?s=96&d=mm&r=g\",\"contentUrl\":\"https:\\\/\\\/secure.gravatar.com\\\/avatar\\\/d9c9746d6c900ab5b9c0f9b1fa3932e369da923da247d624b8f7ab4ba8a3c093?s=96&d=mm&r=g\",\"caption\":\"Bertrand Demandre\"},\"url\":\"https:\\\/\\\/ecodef-ihedn.fr\\\/en\\\/author\\\/bertrand\\\/\"}]}<\/script>\n<!-- \/ Yoast SEO plugin. -->","yoast_head_json":{"title":"\"\u00c9conomie de d\u00e9fense, quoi de neuf ?\" : conf\u00e9rence de Julien Malizard pour Diploweb - Chaire \u00c9conomie de d\u00e9fense - IHEDN","robots":{"index":"index","follow":"follow","max-snippet":"max-snippet:-1","max-image-preview":"max-image-preview:large","max-video-preview":"max-video-preview:-1"},"canonical":"https:\/\/ecodef-ihedn.fr\/en\/economie-de-defense-quoi-de-neuf-conference-de-julien-malizard-pour-diploweb\/","og_locale":"en_GB","og_type":"article","og_title":"\"\u00c9conomie de d\u00e9fense, quoi de neuf ?\" : conf\u00e9rence de Julien Malizard pour Diploweb - Chaire \u00c9conomie de d\u00e9fense - IHEDN","og_description":"Julien Malizard a pr\u00e9sent\u00e9 pour Diploweb les d\u00e9fis qui se pr\u00e9sentent \u00e0 l&rsquo;industrie de d\u00e9fense, alors qu&rsquo;un conflit de haute intensit\u00e9 se d\u00e9roule aux portes de l&rsquo;Union europ\u00e9enne Diploweb\u00a0a organis\u00e9 la conf\u00e9rence\u00a0\u00ab\u00a0\u00c9conomie de d\u00e9fense, quoi de neuf ?\u00a0\u00bb, le 30 mars 2023 \u00e0 Paris (Pr\u00e9pa du lyc\u00e9e ENC Blomet), en partenariat avec l\u2019Association des \u00e9tudiants [&hellip;]","og_url":"https:\/\/ecodef-ihedn.fr\/en\/economie-de-defense-quoi-de-neuf-conference-de-julien-malizard-pour-diploweb\/","og_site_name":"Chaire \u00c9conomie de d\u00e9fense - IHEDN","article_published_time":"2023-04-18T18:46:01+00:00","article_modified_time":"2023-07-04T06:01:02+00:00","og_image":[{"width":900,"height":643,"url":"https:\/\/ecodef-ihedn.fr\/wp-content\/uploads\/2023\/04\/2023-03-30-JM-DIPLOWEB.png","type":"image\/png"}],"author":"Bertrand Demandre","twitter_card":"summary_large_image","twitter_creator":"@Chaire_Ecodef","twitter_site":"@Chaire_Ecodef","twitter_misc":{"Written by":"Bertrand Demandre","Estimated reading time":"1 minute"},"schema":{"@context":"https:\/\/schema.org","@graph":[{"@type":"Article","@id":"https:\/\/ecodef-ihedn.fr\/economie-de-defense-quoi-de-neuf-conference-de-julien-malizard-pour-diploweb\/#article","isPartOf":{"@id":"https:\/\/ecodef-ihedn.fr\/economie-de-defense-quoi-de-neuf-conference-de-julien-malizard-pour-diploweb\/"},"author":{"name":"Bertrand Demandre","@id":"https:\/\/ecodef-ihedn.fr\/#\/schema\/person\/1cdf22d028cebe278126a6e07a884d30"},"headline":"\u00ab\u00a0\u00c9conomie de d\u00e9fense, quoi de neuf ?\u00a0\u00bb : conf\u00e9rence de Julien Malizard pour Diploweb","datePublished":"2023-04-18T18:46:01+00:00","dateModified":"2023-07-04T06:01:02+00:00","mainEntityOfPage":{"@id":"https:\/\/ecodef-ihedn.fr\/economie-de-defense-quoi-de-neuf-conference-de-julien-malizard-pour-diploweb\/"},"wordCount":185,"commentCount":0,"publisher":{"@id":"https:\/\/ecodef-ihedn.fr\/#organization"},"image":{"@id":"https:\/\/ecodef-ihedn.fr\/economie-de-defense-quoi-de-neuf-conference-de-julien-malizard-pour-diploweb\/#primaryimage"},"thumbnailUrl":"https:\/\/ecodef-ihedn.fr\/wp-content\/uploads\/2023\/04\/2023-03-30-JM-DIPLOWEB.png","keywords":["conf\u00e9rence","conflit de haute intensit\u00e9","diploweb","\u00e9conomie de d\u00e9fense","industrie de d\u00e9fense","Julien Malizard","Ukraine"],"articleSection":["Activit\u00e9s","Activit\u00e9s : participation de la Chaire \u00e0 un \u00e9v\u00e9nement"],"inLanguage":"en-GB","potentialAction":[{"@type":"CommentAction","name":"Comment","target":["https:\/\/ecodef-ihedn.fr\/economie-de-defense-quoi-de-neuf-conference-de-julien-malizard-pour-diploweb\/#respond"]}]},{"@type":"WebPage","@id":"https:\/\/ecodef-ihedn.fr\/economie-de-defense-quoi-de-neuf-conference-de-julien-malizard-pour-diploweb\/","url":"https:\/\/ecodef-ihedn.fr\/economie-de-defense-quoi-de-neuf-conference-de-julien-malizard-pour-diploweb\/","name":"\"\u00c9conomie de d\u00e9fense, quoi de neuf ?\" : conf\u00e9rence de Julien Malizard pour Diploweb - Chaire \u00c9conomie de d\u00e9fense - IHEDN","isPartOf":{"@id":"https:\/\/ecodef-ihedn.fr\/#website"},"primaryImageOfPage":{"@id":"https:\/\/ecodef-ihedn.fr\/economie-de-defense-quoi-de-neuf-conference-de-julien-malizard-pour-diploweb\/#primaryimage"},"image":{"@id":"https:\/\/ecodef-ihedn.fr\/economie-de-defense-quoi-de-neuf-conference-de-julien-malizard-pour-diploweb\/#primaryimage"},"thumbnailUrl":"https:\/\/ecodef-ihedn.fr\/wp-content\/uploads\/2023\/04\/2023-03-30-JM-DIPLOWEB.png","datePublished":"2023-04-18T18:46:01+00:00","dateModified":"2023-07-04T06:01:02+00:00","breadcrumb":{"@id":"https:\/\/ecodef-ihedn.fr\/economie-de-defense-quoi-de-neuf-conference-de-julien-malizard-pour-diploweb\/#breadcrumb"},"inLanguage":"en-GB","potentialAction":[{"@type":"ReadAction","target":["https:\/\/ecodef-ihedn.fr\/economie-de-defense-quoi-de-neuf-conference-de-julien-malizard-pour-diploweb\/"]}]},{"@type":"ImageObject","inLanguage":"en-GB","@id":"https:\/\/ecodef-ihedn.fr\/economie-de-defense-quoi-de-neuf-conference-de-julien-malizard-pour-diploweb\/#primaryimage","url":"https:\/\/ecodef-ihedn.fr\/wp-content\/uploads\/2023\/04\/2023-03-30-JM-DIPLOWEB.png","contentUrl":"https:\/\/ecodef-ihedn.fr\/wp-content\/uploads\/2023\/04\/2023-03-30-JM-DIPLOWEB.png","width":900,"height":643},{"@type":"BreadcrumbList","@id":"https:\/\/ecodef-ihedn.fr\/economie-de-defense-quoi-de-neuf-conference-de-julien-malizard-pour-diploweb\/#breadcrumb","itemListElement":[{"@type":"ListItem","position":1,"name":"Accueil","item":"https:\/\/ecodef-ihedn.fr\/"},{"@type":"ListItem","position":2,"name":"&#8220;\u00c9conomie de d\u00e9fense, quoi de neuf ?&#8221; : conf\u00e9rence de Julien Malizard pour Diploweb"}]},{"@type":"WebSite","@id":"https:\/\/ecodef-ihedn.fr\/#website","url":"https:\/\/ecodef-ihedn.fr\/","name":"Chair in Defence Economics - IHEDN","description":"Produce &amp; support, federate &amp; disseminate, act as an interface","publisher":{"@id":"https:\/\/ecodef-ihedn.fr\/#organization"},"potentialAction":[{"@type":"SearchAction","target":{"@type":"EntryPoint","urlTemplate":"https:\/\/ecodef-ihedn.fr\/?s={search_term_string}"},"query-input":{"@type":"PropertyValueSpecification","valueRequired":true,"valueName":"search_term_string"}}],"inLanguage":"en-GB"},{"@type":"Organization","@id":"https:\/\/ecodef-ihedn.fr\/#organization","name":"Chair in Defence Economics - IHEDN","url":"https:\/\/ecodef-ihedn.fr\/","logo":{"@type":"ImageObject","inLanguage":"en-GB","@id":"https:\/\/ecodef-ihedn.fr\/#\/schema\/logo\/image\/","url":"https:\/\/ecodef-ihedn.fr\/wp-content\/uploads\/2020\/04\/logoEcodef9.jpg","contentUrl":"https:\/\/ecodef-ihedn.fr\/wp-content\/uploads\/2020\/04\/logoEcodef9.jpg","width":410,"height":212,"caption":"Chaire \u00c9conomie de d\u00e9fense - IHEDN"},"image":{"@id":"https:\/\/ecodef-ihedn.fr\/#\/schema\/logo\/image\/"},"sameAs":["https:\/\/x.com\/Chaire_Ecodef","https:\/\/www.linkedin.com\/company\/chaire-ecodef-ihedn\/"]},{"@type":"Person","@id":"https:\/\/ecodef-ihedn.fr\/#\/schema\/person\/1cdf22d028cebe278126a6e07a884d30","name":"Bertrand Demandre","image":{"@type":"ImageObject","inLanguage":"en-GB","@id":"https:\/\/secure.gravatar.com\/avatar\/d9c9746d6c900ab5b9c0f9b1fa3932e369da923da247d624b8f7ab4ba8a3c093?s=96&d=mm&r=g","url":"https:\/\/secure.gravatar.com\/avatar\/d9c9746d6c900ab5b9c0f9b1fa3932e369da923da247d624b8f7ab4ba8a3c093?s=96&d=mm&r=g","contentUrl":"https:\/\/secure.gravatar.com\/avatar\/d9c9746d6c900ab5b9c0f9b1fa3932e369da923da247d624b8f7ab4ba8a3c093?s=96&d=mm&r=g","caption":"Bertrand Demandre"},"url":"https:\/\/ecodef-ihedn.fr\/en\/author\/bertrand\/"}]}},"_links":{"self":[{"href":"https:\/\/ecodef-ihedn.fr\/en\/wp-json\/wp\/v2\/posts\/7880","targetHints":{"allow":["GET"]}}],"collection":[{"href":"https:\/\/ecodef-ihedn.fr\/en\/wp-json\/wp\/v2\/posts"}],"about":[{"href":"https:\/\/ecodef-ihedn.fr\/en\/wp-json\/wp\/v2\/types\/post"}],"author":[{"embeddable":true,"href":"https:\/\/ecodef-ihedn.fr\/en\/wp-json\/wp\/v2\/users\/2"}],"replies":[{"embeddable":true,"href":"https:\/\/ecodef-ihedn.fr\/en\/wp-json\/wp\/v2\/comments?post=7880"}],"version-history":[{"count":5,"href":"https:\/\/ecodef-ihedn.fr\/en\/wp-json\/wp\/v2\/posts\/7880\/revisions"}],"predecessor-version":[{"id":7981,"href":"https:\/\/ecodef-ihedn.fr\/en\/wp-json\/wp\/v2\/posts\/7880\/revisions\/7981"}],"wp:featuredmedia":[{"embeddable":true,"href":"https:\/\/ecodef-ihedn.fr\/en\/wp-json\/wp\/v2\/media\/7884"}],"wp:attachment":[{"href":"https:\/\/ecodef-ihedn.fr\/en\/wp-json\/wp\/v2\/media?parent=7880"}],"wp:term":[{"taxonomy":"category","embeddable":true,"href":"https:\/\/ecodef-ihedn.fr\/en\/wp-json\/wp\/v2\/categories?post=7880"},{"taxonomy":"post_tag","embeddable":true,"href":"https:\/\/ecodef-ihedn.fr\/en\/wp-json\/wp\/v2\/tags?post=7880"}],"curies":[{"name":"wp","href":"https:\/\/api.w.org\/{rel}","templated":true}]}}