{"id":7892,"date":"2023-05-23T16:05:09","date_gmt":"2023-05-23T16:05:09","guid":{"rendered":"https:\/\/ecodef-ihedn.fr\/?p=7892"},"modified":"2023-07-03T10:24:22","modified_gmt":"2023-07-03T10:24:22","slug":"budget-de-larmee-trop-ou-pas-assez-julien-malizard-sur-franceinfo","status":"publish","type":"post","link":"https:\/\/ecodef-ihedn.fr\/en\/budget-de-larmee-trop-ou-pas-assez-julien-malizard-sur-franceinfo\/","title":{"rendered":"\u201cThe army budget: too much or too little? Julien Malizard on Franceinfo"},"content":{"rendered":"<figure id=\"attachment_7897\" aria-describedby=\"caption-attachment-7897\" style=\"width: 933px\" class=\"wp-caption alignnone\"><img loading=\"lazy\" decoding=\"async\" class=\"size-full wp-image-7897\" src=\"https:\/\/ecodef-ihedn.fr\/wp-content\/uploads\/2023\/05\/Capture-decran-2023-05-23-173359-B.png\" alt=\"\" width=\"933\" height=\"524\" srcset=\"https:\/\/ecodef-ihedn.fr\/wp-content\/uploads\/2023\/05\/Capture-decran-2023-05-23-173359-B.png 933w, https:\/\/ecodef-ihedn.fr\/wp-content\/uploads\/2023\/05\/Capture-decran-2023-05-23-173359-B-300x168.png 300w, https:\/\/ecodef-ihedn.fr\/wp-content\/uploads\/2023\/05\/Capture-decran-2023-05-23-173359-B-768x431.png 768w, https:\/\/ecodef-ihedn.fr\/wp-content\/uploads\/2023\/05\/Capture-decran-2023-05-23-173359-B-696x391.png 696w, https:\/\/ecodef-ihedn.fr\/wp-content\/uploads\/2023\/05\/Capture-decran-2023-05-23-173359-B-748x420.png 748w\" sizes=\"auto, (max-width: 933px) 100vw, 933px\" \/><figcaption id=\"caption-attachment-7897\" class=\"wp-caption-text\">Julien Malizard answers questions from Julien Benedetto (Franceinfo)<\/figcaption><\/figure>\r\n<h2>The army budget: too much or too little?<\/h2>\r\n<!-- \/wp:post-content -->\r\n\r\n<!-- wp:paragraph -->\r\n<p><a href=\"https:\/\/www.linkedin.com\/company\/28502662\/admin\/#?lipi=urn%3Ali%3Apage%3Ad_flagship3_company_admin%3BoWqYLbn2Ra6daAyxOgzT%2BQ%3D%3D\" target=\"_blank\" rel=\"noreferrer noopener\">Julien Malizard<\/a>, The Deputy Holder of the Chair was the guest on Franceinfo's newswire on 22 May 2023, alongside General Michel Yakovleff.<\/p>\r\n<!-- \/wp:paragraph -->\r\n\r\n<!-- wp:paragraph -->\r\n<p>Presented live by Julien Benedetto, the programme focused on the issues surrounding the military programming law currently being debated in Parliament against the backdrop of the conflict in Ukraine.<\/p>\r\n<p style=\"text-align: center;\"><a href=\"https:\/\/www.francetvinfo.fr\/replay-jt\/franceinfo\/14h-17h\/le-14h-17h\/jt-le-fil-info-14h-lundi-22-mai-2023_5841053.html\"><span class=\"td_btn td_btn_md td_default_btn\">see the interview<\/span><\/a><\/p>","protected":false},"excerpt":{"rendered":"<p>Budget de l&rsquo;arm\u00e9e, trop ou pas assez ? Julien Malizard, Titulaire adjoint de la Chaire, a \u00e9t\u00e9 l&rsquo;invit\u00e9 du fil info de Franceinfo, le 22 mai 2023, aux c\u00f4t\u00e9s du g\u00e9n\u00e9ral Michel Yakovleff. Pr\u00e9sent\u00e9e en direct par Julien Benedetto, l&rsquo;\u00e9mission a port\u00e9 sur les enjeux relatifs \u00e0 la loi de programmation militaire, en cours de [&hellip;]<\/p>\n","protected":false},"author":2,"featured_media":7897,"comment_status":"open","ping_status":"open","sticky":false,"template":"","format":"standard","meta":{"footnotes":""},"categories":[34,358],"tags":[646,649,602,149,403,650,86,637,636,648,536],"class_list":{"0":"post-7892","1":"post","2":"type-post","3":"status-publish","4":"format-standard","5":"has-post-thumbnail","7":"category-activites","8":"category-medias","9":"tag-equipements-de-defense","10":"tag-franceinfo","11":"tag-haute-intensite","12":"tag-industrie-de-defense","13":"tag-interview","14":"tag-julien-benedetto","15":"tag-julien-malizard","16":"tag-loi-de-programmation-militaire","17":"tag-lpm","18":"tag-michel-yakovleff","19":"tag-ukraine"},"yoast_head":"<!-- This site is optimized with the Yoast SEO plugin v27.4 - https:\/\/yoast.com\/product\/yoast-seo-wordpress\/ -->\n<title>\u201cBudget de l&#039;arm\u00e9e, trop ou pas assez ?\u201d : Julien Malizard sur Franceinfo - Chaire \u00c9conomie de d\u00e9fense - IHEDN<\/title>\n<meta name=\"robots\" content=\"index, follow, max-snippet:-1, max-image-preview:large, max-video-preview:-1\" \/>\n<link rel=\"canonical\" href=\"https:\/\/ecodef-ihedn.fr\/en\/budget-de-larmee-trop-ou-pas-assez-julien-malizard-sur-franceinfo\/\" \/>\n<meta property=\"og:locale\" content=\"en_GB\" \/>\n<meta property=\"og:type\" content=\"article\" \/>\n<meta property=\"og:title\" content=\"\u201cBudget de l&#039;arm\u00e9e, trop ou pas assez ?\u201d : Julien Malizard sur Franceinfo - Chaire \u00c9conomie de d\u00e9fense - IHEDN\" \/>\n<meta property=\"og:description\" content=\"Budget de l&rsquo;arm\u00e9e, trop ou pas assez ? Julien Malizard, Titulaire adjoint de la Chaire, a \u00e9t\u00e9 l&rsquo;invit\u00e9 du fil info de Franceinfo, le 22 mai 2023, aux c\u00f4t\u00e9s du g\u00e9n\u00e9ral Michel Yakovleff. Pr\u00e9sent\u00e9e en direct par Julien Benedetto, l&rsquo;\u00e9mission a port\u00e9 sur les enjeux relatifs \u00e0 la loi de programmation militaire, en cours de [&hellip;]\" \/>\n<meta property=\"og:url\" content=\"https:\/\/ecodef-ihedn.fr\/en\/budget-de-larmee-trop-ou-pas-assez-julien-malizard-sur-franceinfo\/\" \/>\n<meta property=\"og:site_name\" content=\"Chaire \u00c9conomie de d\u00e9fense - IHEDN\" \/>\n<meta property=\"article:published_time\" content=\"2023-05-23T16:05:09+00:00\" \/>\n<meta property=\"article:modified_time\" content=\"2023-07-03T10:24:22+00:00\" \/>\n<meta property=\"og:image\" content=\"https:\/\/ecodef-ihedn.fr\/wp-content\/uploads\/2023\/05\/Capture-decran-2023-05-23-173359-B.png\" \/>\n\t<meta property=\"og:image:width\" content=\"933\" \/>\n\t<meta property=\"og:image:height\" content=\"524\" \/>\n\t<meta property=\"og:image:type\" content=\"image\/png\" \/>\n<meta name=\"author\" content=\"Bertrand Demandre\" \/>\n<meta name=\"twitter:card\" content=\"summary_large_image\" \/>\n<meta name=\"twitter:creator\" content=\"@Chaire_Ecodef\" \/>\n<meta name=\"twitter:site\" content=\"@Chaire_Ecodef\" \/>\n<meta name=\"twitter:label1\" content=\"Written by\" \/>\n\t<meta name=\"twitter:data1\" content=\"Bertrand Demandre\" \/>\n\t<meta name=\"twitter:label2\" content=\"Estimated reading time\" \/>\n\t<meta name=\"twitter:data2\" content=\"1 minute\" \/>\n<script type=\"application\/ld+json\" class=\"yoast-schema-graph\">{\"@context\":\"https:\\\/\\\/schema.org\",\"@graph\":[{\"@type\":\"Article\",\"@id\":\"https:\\\/\\\/ecodef-ihedn.fr\\\/budget-de-larmee-trop-ou-pas-assez-julien-malizard-sur-franceinfo\\\/#article\",\"isPartOf\":{\"@id\":\"https:\\\/\\\/ecodef-ihedn.fr\\\/budget-de-larmee-trop-ou-pas-assez-julien-malizard-sur-franceinfo\\\/\"},\"author\":{\"name\":\"Bertrand Demandre\",\"@id\":\"https:\\\/\\\/ecodef-ihedn.fr\\\/#\\\/schema\\\/person\\\/1cdf22d028cebe278126a6e07a884d30\"},\"headline\":\"\u201cBudget de l&rsquo;arm\u00e9e, trop ou pas assez ?\u201d : Julien Malizard sur Franceinfo\",\"datePublished\":\"2023-05-23T16:05:09+00:00\",\"dateModified\":\"2023-07-03T10:24:22+00:00\",\"mainEntityOfPage\":{\"@id\":\"https:\\\/\\\/ecodef-ihedn.fr\\\/budget-de-larmee-trop-ou-pas-assez-julien-malizard-sur-franceinfo\\\/\"},\"wordCount\":103,\"commentCount\":0,\"publisher\":{\"@id\":\"https:\\\/\\\/ecodef-ihedn.fr\\\/#organization\"},\"image\":{\"@id\":\"https:\\\/\\\/ecodef-ihedn.fr\\\/budget-de-larmee-trop-ou-pas-assez-julien-malizard-sur-franceinfo\\\/#primaryimage\"},\"thumbnailUrl\":\"https:\\\/\\\/ecodef-ihedn.fr\\\/wp-content\\\/uploads\\\/2023\\\/05\\\/Capture-decran-2023-05-23-173359-B.png\",\"keywords\":[\"\u00e9quipements de d\u00e9fense\",\"franceinfo\",\"haute intensit\u00e9\",\"industrie de d\u00e9fense\",\"interview\",\"Julien Benedetto\",\"Julien Malizard\",\"loi de programmation militaire\",\"LPM\",\"Michel Yakovleff\",\"Ukraine\"],\"articleSection\":[\"Activit\u00e9s\",\"M\u00e9dias\"],\"inLanguage\":\"en-GB\",\"potentialAction\":[{\"@type\":\"CommentAction\",\"name\":\"Comment\",\"target\":[\"https:\\\/\\\/ecodef-ihedn.fr\\\/budget-de-larmee-trop-ou-pas-assez-julien-malizard-sur-franceinfo\\\/#respond\"]}]},{\"@type\":\"WebPage\",\"@id\":\"https:\\\/\\\/ecodef-ihedn.fr\\\/budget-de-larmee-trop-ou-pas-assez-julien-malizard-sur-franceinfo\\\/\",\"url\":\"https:\\\/\\\/ecodef-ihedn.fr\\\/budget-de-larmee-trop-ou-pas-assez-julien-malizard-sur-franceinfo\\\/\",\"name\":\"\u201cBudget de l'arm\u00e9e, trop ou pas assez ?\u201d : Julien Malizard sur Franceinfo - Chaire \u00c9conomie de d\u00e9fense - IHEDN\",\"isPartOf\":{\"@id\":\"https:\\\/\\\/ecodef-ihedn.fr\\\/#website\"},\"primaryImageOfPage\":{\"@id\":\"https:\\\/\\\/ecodef-ihedn.fr\\\/budget-de-larmee-trop-ou-pas-assez-julien-malizard-sur-franceinfo\\\/#primaryimage\"},\"image\":{\"@id\":\"https:\\\/\\\/ecodef-ihedn.fr\\\/budget-de-larmee-trop-ou-pas-assez-julien-malizard-sur-franceinfo\\\/#primaryimage\"},\"thumbnailUrl\":\"https:\\\/\\\/ecodef-ihedn.fr\\\/wp-content\\\/uploads\\\/2023\\\/05\\\/Capture-decran-2023-05-23-173359-B.png\",\"datePublished\":\"2023-05-23T16:05:09+00:00\",\"dateModified\":\"2023-07-03T10:24:22+00:00\",\"breadcrumb\":{\"@id\":\"https:\\\/\\\/ecodef-ihedn.fr\\\/budget-de-larmee-trop-ou-pas-assez-julien-malizard-sur-franceinfo\\\/#breadcrumb\"},\"inLanguage\":\"en-GB\",\"potentialAction\":[{\"@type\":\"ReadAction\",\"target\":[\"https:\\\/\\\/ecodef-ihedn.fr\\\/budget-de-larmee-trop-ou-pas-assez-julien-malizard-sur-franceinfo\\\/\"]}]},{\"@type\":\"ImageObject\",\"inLanguage\":\"en-GB\",\"@id\":\"https:\\\/\\\/ecodef-ihedn.fr\\\/budget-de-larmee-trop-ou-pas-assez-julien-malizard-sur-franceinfo\\\/#primaryimage\",\"url\":\"https:\\\/\\\/ecodef-ihedn.fr\\\/wp-content\\\/uploads\\\/2023\\\/05\\\/Capture-decran-2023-05-23-173359-B.png\",\"contentUrl\":\"https:\\\/\\\/ecodef-ihedn.fr\\\/wp-content\\\/uploads\\\/2023\\\/05\\\/Capture-decran-2023-05-23-173359-B.png\",\"width\":933,\"height\":524,\"caption\":\"Julien Malizard r\u00e9pond aux questions de Julien Benedetto (Franceinfo)\"},{\"@type\":\"BreadcrumbList\",\"@id\":\"https:\\\/\\\/ecodef-ihedn.fr\\\/budget-de-larmee-trop-ou-pas-assez-julien-malizard-sur-franceinfo\\\/#breadcrumb\",\"itemListElement\":[{\"@type\":\"ListItem\",\"position\":1,\"name\":\"Accueil\",\"item\":\"https:\\\/\\\/ecodef-ihedn.fr\\\/\"},{\"@type\":\"ListItem\",\"position\":2,\"name\":\"\u201cBudget de l&#8217;arm\u00e9e, trop ou pas assez ?\u201d : Julien Malizard sur Franceinfo\"}]},{\"@type\":\"WebSite\",\"@id\":\"https:\\\/\\\/ecodef-ihedn.fr\\\/#website\",\"url\":\"https:\\\/\\\/ecodef-ihedn.fr\\\/\",\"name\":\"Chaire \u00c9conomie de D\u00e9fense - IHEDN\",\"description\":\"Produire &amp; soutenir, f\u00e9d\u00e9rer &amp; diffuser, \u00eatre une interface\",\"publisher\":{\"@id\":\"https:\\\/\\\/ecodef-ihedn.fr\\\/#organization\"},\"potentialAction\":[{\"@type\":\"SearchAction\",\"target\":{\"@type\":\"EntryPoint\",\"urlTemplate\":\"https:\\\/\\\/ecodef-ihedn.fr\\\/?s={search_term_string}\"},\"query-input\":{\"@type\":\"PropertyValueSpecification\",\"valueRequired\":true,\"valueName\":\"search_term_string\"}}],\"inLanguage\":\"en-GB\"},{\"@type\":\"Organization\",\"@id\":\"https:\\\/\\\/ecodef-ihedn.fr\\\/#organization\",\"name\":\"Chaire \u00c9conomie de d\u00e9fense - IHEDN\",\"url\":\"https:\\\/\\\/ecodef-ihedn.fr\\\/\",\"logo\":{\"@type\":\"ImageObject\",\"inLanguage\":\"en-GB\",\"@id\":\"https:\\\/\\\/ecodef-ihedn.fr\\\/#\\\/schema\\\/logo\\\/image\\\/\",\"url\":\"https:\\\/\\\/ecodef-ihedn.fr\\\/wp-content\\\/uploads\\\/2020\\\/04\\\/logoEcodef9.jpg\",\"contentUrl\":\"https:\\\/\\\/ecodef-ihedn.fr\\\/wp-content\\\/uploads\\\/2020\\\/04\\\/logoEcodef9.jpg\",\"width\":410,\"height\":212,\"caption\":\"Chaire \u00c9conomie de d\u00e9fense - IHEDN\"},\"image\":{\"@id\":\"https:\\\/\\\/ecodef-ihedn.fr\\\/#\\\/schema\\\/logo\\\/image\\\/\"},\"sameAs\":[\"https:\\\/\\\/x.com\\\/Chaire_Ecodef\",\"https:\\\/\\\/www.linkedin.com\\\/company\\\/chaire-ecodef-ihedn\\\/\"]},{\"@type\":\"Person\",\"@id\":\"https:\\\/\\\/ecodef-ihedn.fr\\\/#\\\/schema\\\/person\\\/1cdf22d028cebe278126a6e07a884d30\",\"name\":\"Bertrand Demandre\",\"image\":{\"@type\":\"ImageObject\",\"inLanguage\":\"en-GB\",\"@id\":\"https:\\\/\\\/secure.gravatar.com\\\/avatar\\\/d9c9746d6c900ab5b9c0f9b1fa3932e369da923da247d624b8f7ab4ba8a3c093?s=96&d=mm&r=g\",\"url\":\"https:\\\/\\\/secure.gravatar.com\\\/avatar\\\/d9c9746d6c900ab5b9c0f9b1fa3932e369da923da247d624b8f7ab4ba8a3c093?s=96&d=mm&r=g\",\"contentUrl\":\"https:\\\/\\\/secure.gravatar.com\\\/avatar\\\/d9c9746d6c900ab5b9c0f9b1fa3932e369da923da247d624b8f7ab4ba8a3c093?s=96&d=mm&r=g\",\"caption\":\"Bertrand Demandre\"},\"url\":\"https:\\\/\\\/ecodef-ihedn.fr\\\/en\\\/author\\\/bertrand\\\/\"}]}<\/script>\n<!-- \/ Yoast SEO plugin. -->","yoast_head_json":{"title":"\u201cBudget de l'arm\u00e9e, trop ou pas assez ?\u201d : Julien Malizard sur Franceinfo - Chaire \u00c9conomie de d\u00e9fense - IHEDN","robots":{"index":"index","follow":"follow","max-snippet":"max-snippet:-1","max-image-preview":"max-image-preview:large","max-video-preview":"max-video-preview:-1"},"canonical":"https:\/\/ecodef-ihedn.fr\/en\/budget-de-larmee-trop-ou-pas-assez-julien-malizard-sur-franceinfo\/","og_locale":"en_GB","og_type":"article","og_title":"\u201cBudget de l'arm\u00e9e, trop ou pas assez ?\u201d : Julien Malizard sur Franceinfo - Chaire \u00c9conomie de d\u00e9fense - IHEDN","og_description":"Budget de l&rsquo;arm\u00e9e, trop ou pas assez ? Julien Malizard, Titulaire adjoint de la Chaire, a \u00e9t\u00e9 l&rsquo;invit\u00e9 du fil info de Franceinfo, le 22 mai 2023, aux c\u00f4t\u00e9s du g\u00e9n\u00e9ral Michel Yakovleff. Pr\u00e9sent\u00e9e en direct par Julien Benedetto, l&rsquo;\u00e9mission a port\u00e9 sur les enjeux relatifs \u00e0 la loi de programmation militaire, en cours de [&hellip;]","og_url":"https:\/\/ecodef-ihedn.fr\/en\/budget-de-larmee-trop-ou-pas-assez-julien-malizard-sur-franceinfo\/","og_site_name":"Chaire \u00c9conomie de d\u00e9fense - IHEDN","article_published_time":"2023-05-23T16:05:09+00:00","article_modified_time":"2023-07-03T10:24:22+00:00","og_image":[{"width":933,"height":524,"url":"https:\/\/ecodef-ihedn.fr\/wp-content\/uploads\/2023\/05\/Capture-decran-2023-05-23-173359-B.png","type":"image\/png"}],"author":"Bertrand Demandre","twitter_card":"summary_large_image","twitter_creator":"@Chaire_Ecodef","twitter_site":"@Chaire_Ecodef","twitter_misc":{"Written by":"Bertrand Demandre","Estimated reading time":"1 minute"},"schema":{"@context":"https:\/\/schema.org","@graph":[{"@type":"Article","@id":"https:\/\/ecodef-ihedn.fr\/budget-de-larmee-trop-ou-pas-assez-julien-malizard-sur-franceinfo\/#article","isPartOf":{"@id":"https:\/\/ecodef-ihedn.fr\/budget-de-larmee-trop-ou-pas-assez-julien-malizard-sur-franceinfo\/"},"author":{"name":"Bertrand Demandre","@id":"https:\/\/ecodef-ihedn.fr\/#\/schema\/person\/1cdf22d028cebe278126a6e07a884d30"},"headline":"\u201cBudget de l&rsquo;arm\u00e9e, trop ou pas assez ?\u201d : Julien Malizard sur Franceinfo","datePublished":"2023-05-23T16:05:09+00:00","dateModified":"2023-07-03T10:24:22+00:00","mainEntityOfPage":{"@id":"https:\/\/ecodef-ihedn.fr\/budget-de-larmee-trop-ou-pas-assez-julien-malizard-sur-franceinfo\/"},"wordCount":103,"commentCount":0,"publisher":{"@id":"https:\/\/ecodef-ihedn.fr\/#organization"},"image":{"@id":"https:\/\/ecodef-ihedn.fr\/budget-de-larmee-trop-ou-pas-assez-julien-malizard-sur-franceinfo\/#primaryimage"},"thumbnailUrl":"https:\/\/ecodef-ihedn.fr\/wp-content\/uploads\/2023\/05\/Capture-decran-2023-05-23-173359-B.png","keywords":["\u00e9quipements de d\u00e9fense","franceinfo","haute intensit\u00e9","industrie de d\u00e9fense","interview","Julien Benedetto","Julien Malizard","loi de programmation militaire","LPM","Michel Yakovleff","Ukraine"],"articleSection":["Activit\u00e9s","M\u00e9dias"],"inLanguage":"en-GB","potentialAction":[{"@type":"CommentAction","name":"Comment","target":["https:\/\/ecodef-ihedn.fr\/budget-de-larmee-trop-ou-pas-assez-julien-malizard-sur-franceinfo\/#respond"]}]},{"@type":"WebPage","@id":"https:\/\/ecodef-ihedn.fr\/budget-de-larmee-trop-ou-pas-assez-julien-malizard-sur-franceinfo\/","url":"https:\/\/ecodef-ihedn.fr\/budget-de-larmee-trop-ou-pas-assez-julien-malizard-sur-franceinfo\/","name":"\u201cBudget de l'arm\u00e9e, trop ou pas assez ?\u201d : Julien Malizard sur Franceinfo - Chaire \u00c9conomie de d\u00e9fense - IHEDN","isPartOf":{"@id":"https:\/\/ecodef-ihedn.fr\/#website"},"primaryImageOfPage":{"@id":"https:\/\/ecodef-ihedn.fr\/budget-de-larmee-trop-ou-pas-assez-julien-malizard-sur-franceinfo\/#primaryimage"},"image":{"@id":"https:\/\/ecodef-ihedn.fr\/budget-de-larmee-trop-ou-pas-assez-julien-malizard-sur-franceinfo\/#primaryimage"},"thumbnailUrl":"https:\/\/ecodef-ihedn.fr\/wp-content\/uploads\/2023\/05\/Capture-decran-2023-05-23-173359-B.png","datePublished":"2023-05-23T16:05:09+00:00","dateModified":"2023-07-03T10:24:22+00:00","breadcrumb":{"@id":"https:\/\/ecodef-ihedn.fr\/budget-de-larmee-trop-ou-pas-assez-julien-malizard-sur-franceinfo\/#breadcrumb"},"inLanguage":"en-GB","potentialAction":[{"@type":"ReadAction","target":["https:\/\/ecodef-ihedn.fr\/budget-de-larmee-trop-ou-pas-assez-julien-malizard-sur-franceinfo\/"]}]},{"@type":"ImageObject","inLanguage":"en-GB","@id":"https:\/\/ecodef-ihedn.fr\/budget-de-larmee-trop-ou-pas-assez-julien-malizard-sur-franceinfo\/#primaryimage","url":"https:\/\/ecodef-ihedn.fr\/wp-content\/uploads\/2023\/05\/Capture-decran-2023-05-23-173359-B.png","contentUrl":"https:\/\/ecodef-ihedn.fr\/wp-content\/uploads\/2023\/05\/Capture-decran-2023-05-23-173359-B.png","width":933,"height":524,"caption":"Julien Malizard r\u00e9pond aux questions de Julien Benedetto (Franceinfo)"},{"@type":"BreadcrumbList","@id":"https:\/\/ecodef-ihedn.fr\/budget-de-larmee-trop-ou-pas-assez-julien-malizard-sur-franceinfo\/#breadcrumb","itemListElement":[{"@type":"ListItem","position":1,"name":"Accueil","item":"https:\/\/ecodef-ihedn.fr\/"},{"@type":"ListItem","position":2,"name":"\u201cBudget de l&#8217;arm\u00e9e, trop ou pas assez ?\u201d : Julien Malizard sur Franceinfo"}]},{"@type":"WebSite","@id":"https:\/\/ecodef-ihedn.fr\/#website","url":"https:\/\/ecodef-ihedn.fr\/","name":"Chair in Defence Economics - IHEDN","description":"Produce &amp; support, federate &amp; disseminate, act as an interface","publisher":{"@id":"https:\/\/ecodef-ihedn.fr\/#organization"},"potentialAction":[{"@type":"SearchAction","target":{"@type":"EntryPoint","urlTemplate":"https:\/\/ecodef-ihedn.fr\/?s={search_term_string}"},"query-input":{"@type":"PropertyValueSpecification","valueRequired":true,"valueName":"search_term_string"}}],"inLanguage":"en-GB"},{"@type":"Organization","@id":"https:\/\/ecodef-ihedn.fr\/#organization","name":"Chair in Defence Economics - IHEDN","url":"https:\/\/ecodef-ihedn.fr\/","logo":{"@type":"ImageObject","inLanguage":"en-GB","@id":"https:\/\/ecodef-ihedn.fr\/#\/schema\/logo\/image\/","url":"https:\/\/ecodef-ihedn.fr\/wp-content\/uploads\/2020\/04\/logoEcodef9.jpg","contentUrl":"https:\/\/ecodef-ihedn.fr\/wp-content\/uploads\/2020\/04\/logoEcodef9.jpg","width":410,"height":212,"caption":"Chaire \u00c9conomie de d\u00e9fense - IHEDN"},"image":{"@id":"https:\/\/ecodef-ihedn.fr\/#\/schema\/logo\/image\/"},"sameAs":["https:\/\/x.com\/Chaire_Ecodef","https:\/\/www.linkedin.com\/company\/chaire-ecodef-ihedn\/"]},{"@type":"Person","@id":"https:\/\/ecodef-ihedn.fr\/#\/schema\/person\/1cdf22d028cebe278126a6e07a884d30","name":"Bertrand Demandre","image":{"@type":"ImageObject","inLanguage":"en-GB","@id":"https:\/\/secure.gravatar.com\/avatar\/d9c9746d6c900ab5b9c0f9b1fa3932e369da923da247d624b8f7ab4ba8a3c093?s=96&d=mm&r=g","url":"https:\/\/secure.gravatar.com\/avatar\/d9c9746d6c900ab5b9c0f9b1fa3932e369da923da247d624b8f7ab4ba8a3c093?s=96&d=mm&r=g","contentUrl":"https:\/\/secure.gravatar.com\/avatar\/d9c9746d6c900ab5b9c0f9b1fa3932e369da923da247d624b8f7ab4ba8a3c093?s=96&d=mm&r=g","caption":"Bertrand Demandre"},"url":"https:\/\/ecodef-ihedn.fr\/en\/author\/bertrand\/"}]}},"_links":{"self":[{"href":"https:\/\/ecodef-ihedn.fr\/en\/wp-json\/wp\/v2\/posts\/7892","targetHints":{"allow":["GET"]}}],"collection":[{"href":"https:\/\/ecodef-ihedn.fr\/en\/wp-json\/wp\/v2\/posts"}],"about":[{"href":"https:\/\/ecodef-ihedn.fr\/en\/wp-json\/wp\/v2\/types\/post"}],"author":[{"embeddable":true,"href":"https:\/\/ecodef-ihedn.fr\/en\/wp-json\/wp\/v2\/users\/2"}],"replies":[{"embeddable":true,"href":"https:\/\/ecodef-ihedn.fr\/en\/wp-json\/wp\/v2\/comments?post=7892"}],"version-history":[{"count":5,"href":"https:\/\/ecodef-ihedn.fr\/en\/wp-json\/wp\/v2\/posts\/7892\/revisions"}],"predecessor-version":[{"id":7979,"href":"https:\/\/ecodef-ihedn.fr\/en\/wp-json\/wp\/v2\/posts\/7892\/revisions\/7979"}],"wp:featuredmedia":[{"embeddable":true,"href":"https:\/\/ecodef-ihedn.fr\/en\/wp-json\/wp\/v2\/media\/7897"}],"wp:attachment":[{"href":"https:\/\/ecodef-ihedn.fr\/en\/wp-json\/wp\/v2\/media?parent=7892"}],"wp:term":[{"taxonomy":"category","embeddable":true,"href":"https:\/\/ecodef-ihedn.fr\/en\/wp-json\/wp\/v2\/categories?post=7892"},{"taxonomy":"post_tag","embeddable":true,"href":"https:\/\/ecodef-ihedn.fr\/en\/wp-json\/wp\/v2\/tags?post=7892"}],"curies":[{"name":"wp","href":"https:\/\/api.w.org\/{rel}","templated":true}]}}