{"id":7900,"date":"2023-05-24T09:54:21","date_gmt":"2023-05-24T09:54:21","guid":{"rendered":"https:\/\/ecodef-ihedn.fr\/?p=7900"},"modified":"2023-07-27T14:20:52","modified_gmt":"2023-07-27T14:20:52","slug":"augmentation-des-depenses-de-defense-en-europe-intervention-de-julien-malizard-pour-la-frs","status":"publish","type":"post","link":"https:\/\/ecodef-ihedn.fr\/en\/augmentation-des-depenses-de-defense-en-europe-intervention-de-julien-malizard-pour-la-frs\/","title":{"rendered":"Increased defence spending in Europe: speech by Julien Malizard for the FRS"},"content":{"rendered":"<h3 style=\"text-align: center;\">Julien Malizard spoke to the FRS about the increase in defence spending in Europe, particularly since 2014 with the start of the conflict in Crimea.<\/h3>\n<p>Organised on 22 May 2023 by <strong><a href=\"https:\/\/twitter.com\/hmasson_FRS\" target=\"_blank\" rel=\"noopener\">H\u00e9l\u00e8ne Masson<\/a><\/strong>, a senior researcher in charge of the Defence&amp;Industries division of the <strong><a href=\"https:\/\/www.frstrategie.org\/\" target=\"_blank\" rel=\"noopener\">FRS<\/a><\/strong>, videoconferencing <strong>\u00abEurope's rearmament: budgetary and capability issues\u00bb<\/strong> brought together a number of speakers, including <strong>Julien Malizard<\/strong>.<\/p>\n<p>He addressed the issue of\u2019<strong>increase in defence spending in Europe over the last decade<\/strong>, He went on to define the war economy. He then put the situation in other areas into perspective. Finally, he addressed the challenges ahead in terms of defence investment in a context of inflation and rising public debt.<\/p>\n<p>The entire videoconference is <strong>available on the <a href=\"https:\/\/www.youtube.com\/@FRStrategie\" target=\"_blank\" rel=\"noopener\">FRS YouTube page<\/a><\/strong>.<\/p>\n<div class=\"youtube-embed\" data-video_id=\"ivP90WDa6UY\"><iframe loading=\"lazy\" title=\"Web conference: Rearming Europe: budgetary and capability issues\" width=\"696\" height=\"392\" src=\"https:\/\/www.youtube.com\/embed\/ivP90WDa6UY?feature=oembed&#038;enablejsapi=1\" frameborder=\"0\" allow=\"accelerometer; autoplay; clipboard-write; encrypted-media; gyroscope; picture-in-picture; web-share\" allowfullscreen><\/iframe><\/div>","protected":false},"excerpt":{"rendered":"<p>Julien Malizard a pr\u00e9sent\u00e9 pour la FRS un \u00e9tat des lieux de l&rsquo;augmentation des d\u00e9penses de d\u00e9fense en Europe, notamment depuis 2014 avec le d\u00e9but du conflit en Crim\u00e9e Organis\u00e9e le 22 mai 2023 par H\u00e9l\u00e8ne Masson, ma\u00eetre de recherche en charge du p\u00f4le D\u00e9fense&amp;Industries de la FRS, la visioconf\u00e9rence \u00ab\u00a0Le r\u00e9armement de l&rsquo;Europe : [&hellip;]<\/p>\n","protected":false},"author":2,"featured_media":7901,"comment_status":"open","ping_status":"open","sticky":false,"template":"","format":"standard","meta":{"footnotes":""},"categories":[34,356],"tags":[211,329,178,113,651,437,86,547],"class_list":{"0":"post-7900","1":"post","2":"type-post","3":"status-publish","4":"format-standard","5":"has-post-thumbnail","7":"category-activites","8":"category-activites-participation-de-la-chaire-a-un-evenement","9":"tag-bitd","10":"tag-enjeux-economiques","11":"tag-europe","12":"tag-frs","13":"tag-helene-masson","14":"tag-investissements-de-defense","15":"tag-julien-malizard","16":"tag-rearmement"},"yoast_head":"<!-- This site is optimized with the Yoast SEO plugin v27.4 - https:\/\/yoast.com\/product\/yoast-seo-wordpress\/ -->\n<title>Augmentation des d\u00e9penses de d\u00e9fense en Europe : intervention de Julien Malizard pour la FRS - Chaire \u00c9conomie de d\u00e9fense - IHEDN<\/title>\n<meta name=\"robots\" content=\"index, follow, max-snippet:-1, max-image-preview:large, max-video-preview:-1\" \/>\n<link rel=\"canonical\" href=\"https:\/\/ecodef-ihedn.fr\/en\/augmentation-des-depenses-de-defense-en-europe-intervention-de-julien-malizard-pour-la-frs\/\" \/>\n<meta property=\"og:locale\" content=\"en_GB\" \/>\n<meta property=\"og:type\" content=\"article\" \/>\n<meta property=\"og:title\" content=\"Augmentation des d\u00e9penses de d\u00e9fense en Europe : intervention de Julien Malizard pour la FRS - Chaire \u00c9conomie de d\u00e9fense - IHEDN\" \/>\n<meta property=\"og:description\" content=\"Julien Malizard a pr\u00e9sent\u00e9 pour la FRS un \u00e9tat des lieux de l&rsquo;augmentation des d\u00e9penses de d\u00e9fense en Europe, notamment depuis 2014 avec le d\u00e9but du conflit en Crim\u00e9e Organis\u00e9e le 22 mai 2023 par H\u00e9l\u00e8ne Masson, ma\u00eetre de recherche en charge du p\u00f4le D\u00e9fense&amp;Industries de la FRS, la visioconf\u00e9rence \u00ab\u00a0Le r\u00e9armement de l&rsquo;Europe : [&hellip;]\" \/>\n<meta property=\"og:url\" content=\"https:\/\/ecodef-ihedn.fr\/en\/augmentation-des-depenses-de-defense-en-europe-intervention-de-julien-malizard-pour-la-frs\/\" \/>\n<meta property=\"og:site_name\" content=\"Chaire \u00c9conomie de d\u00e9fense - IHEDN\" \/>\n<meta property=\"article:published_time\" content=\"2023-05-24T09:54:21+00:00\" \/>\n<meta property=\"article:modified_time\" content=\"2023-07-27T14:20:52+00:00\" \/>\n<meta property=\"og:image\" content=\"https:\/\/ecodef-ihedn.fr\/wp-content\/uploads\/2023\/05\/Capture-decran-2023-05-24-112416-7-5.png\" \/>\n\t<meta property=\"og:image:width\" content=\"700\" \/>\n\t<meta property=\"og:image:height\" content=\"500\" \/>\n\t<meta property=\"og:image:type\" content=\"image\/png\" \/>\n<meta name=\"author\" content=\"Bertrand Demandre\" \/>\n<meta name=\"twitter:card\" content=\"summary_large_image\" \/>\n<meta name=\"twitter:creator\" content=\"@Chaire_Ecodef\" \/>\n<meta name=\"twitter:site\" content=\"@Chaire_Ecodef\" \/>\n<meta name=\"twitter:label1\" content=\"Written by\" \/>\n\t<meta name=\"twitter:data1\" content=\"Bertrand Demandre\" \/>\n\t<meta name=\"twitter:label2\" content=\"Estimated reading time\" \/>\n\t<meta name=\"twitter:data2\" content=\"1 minute\" \/>\n<script type=\"application\/ld+json\" class=\"yoast-schema-graph\">{\"@context\":\"https:\\\/\\\/schema.org\",\"@graph\":[{\"@type\":\"Article\",\"@id\":\"https:\\\/\\\/ecodef-ihedn.fr\\\/augmentation-des-depenses-de-defense-en-europe-intervention-de-julien-malizard-pour-la-frs\\\/#article\",\"isPartOf\":{\"@id\":\"https:\\\/\\\/ecodef-ihedn.fr\\\/augmentation-des-depenses-de-defense-en-europe-intervention-de-julien-malizard-pour-la-frs\\\/\"},\"author\":{\"name\":\"Bertrand Demandre\",\"@id\":\"https:\\\/\\\/ecodef-ihedn.fr\\\/#\\\/schema\\\/person\\\/1cdf22d028cebe278126a6e07a884d30\"},\"headline\":\"Augmentation des d\u00e9penses de d\u00e9fense en Europe : intervention de Julien Malizard pour la FRS\",\"datePublished\":\"2023-05-24T09:54:21+00:00\",\"dateModified\":\"2023-07-27T14:20:52+00:00\",\"mainEntityOfPage\":{\"@id\":\"https:\\\/\\\/ecodef-ihedn.fr\\\/augmentation-des-depenses-de-defense-en-europe-intervention-de-julien-malizard-pour-la-frs\\\/\"},\"wordCount\":203,\"commentCount\":1,\"publisher\":{\"@id\":\"https:\\\/\\\/ecodef-ihedn.fr\\\/#organization\"},\"image\":{\"@id\":\"https:\\\/\\\/ecodef-ihedn.fr\\\/augmentation-des-depenses-de-defense-en-europe-intervention-de-julien-malizard-pour-la-frs\\\/#primaryimage\"},\"thumbnailUrl\":\"https:\\\/\\\/ecodef-ihedn.fr\\\/wp-content\\\/uploads\\\/2023\\\/05\\\/Capture-decran-2023-05-24-112416-7-5.png\",\"keywords\":[\"BITD\",\"enjeux \u00e9conomiques\",\"Europe\",\"FRS\",\"H\u00e9l\u00e8ne Masson\",\"investissements de d\u00e9fense\",\"Julien Malizard\",\"r\u00e9armement\"],\"articleSection\":[\"Activit\u00e9s\",\"Activit\u00e9s : participation de la Chaire \u00e0 un \u00e9v\u00e9nement\"],\"inLanguage\":\"en-GB\",\"potentialAction\":[{\"@type\":\"CommentAction\",\"name\":\"Comment\",\"target\":[\"https:\\\/\\\/ecodef-ihedn.fr\\\/augmentation-des-depenses-de-defense-en-europe-intervention-de-julien-malizard-pour-la-frs\\\/#respond\"]}]},{\"@type\":\"WebPage\",\"@id\":\"https:\\\/\\\/ecodef-ihedn.fr\\\/augmentation-des-depenses-de-defense-en-europe-intervention-de-julien-malizard-pour-la-frs\\\/\",\"url\":\"https:\\\/\\\/ecodef-ihedn.fr\\\/augmentation-des-depenses-de-defense-en-europe-intervention-de-julien-malizard-pour-la-frs\\\/\",\"name\":\"Augmentation des d\u00e9penses de d\u00e9fense en Europe : intervention de Julien Malizard pour la FRS - Chaire \u00c9conomie de d\u00e9fense - IHEDN\",\"isPartOf\":{\"@id\":\"https:\\\/\\\/ecodef-ihedn.fr\\\/#website\"},\"primaryImageOfPage\":{\"@id\":\"https:\\\/\\\/ecodef-ihedn.fr\\\/augmentation-des-depenses-de-defense-en-europe-intervention-de-julien-malizard-pour-la-frs\\\/#primaryimage\"},\"image\":{\"@id\":\"https:\\\/\\\/ecodef-ihedn.fr\\\/augmentation-des-depenses-de-defense-en-europe-intervention-de-julien-malizard-pour-la-frs\\\/#primaryimage\"},\"thumbnailUrl\":\"https:\\\/\\\/ecodef-ihedn.fr\\\/wp-content\\\/uploads\\\/2023\\\/05\\\/Capture-decran-2023-05-24-112416-7-5.png\",\"datePublished\":\"2023-05-24T09:54:21+00:00\",\"dateModified\":\"2023-07-27T14:20:52+00:00\",\"breadcrumb\":{\"@id\":\"https:\\\/\\\/ecodef-ihedn.fr\\\/augmentation-des-depenses-de-defense-en-europe-intervention-de-julien-malizard-pour-la-frs\\\/#breadcrumb\"},\"inLanguage\":\"en-GB\",\"potentialAction\":[{\"@type\":\"ReadAction\",\"target\":[\"https:\\\/\\\/ecodef-ihedn.fr\\\/augmentation-des-depenses-de-defense-en-europe-intervention-de-julien-malizard-pour-la-frs\\\/\"]}]},{\"@type\":\"ImageObject\",\"inLanguage\":\"en-GB\",\"@id\":\"https:\\\/\\\/ecodef-ihedn.fr\\\/augmentation-des-depenses-de-defense-en-europe-intervention-de-julien-malizard-pour-la-frs\\\/#primaryimage\",\"url\":\"https:\\\/\\\/ecodef-ihedn.fr\\\/wp-content\\\/uploads\\\/2023\\\/05\\\/Capture-decran-2023-05-24-112416-7-5.png\",\"contentUrl\":\"https:\\\/\\\/ecodef-ihedn.fr\\\/wp-content\\\/uploads\\\/2023\\\/05\\\/Capture-decran-2023-05-24-112416-7-5.png\",\"width\":700,\"height\":500,\"caption\":\"Julien Malizard s'exprime pour la FRS\"},{\"@type\":\"BreadcrumbList\",\"@id\":\"https:\\\/\\\/ecodef-ihedn.fr\\\/augmentation-des-depenses-de-defense-en-europe-intervention-de-julien-malizard-pour-la-frs\\\/#breadcrumb\",\"itemListElement\":[{\"@type\":\"ListItem\",\"position\":1,\"name\":\"Accueil\",\"item\":\"https:\\\/\\\/ecodef-ihedn.fr\\\/\"},{\"@type\":\"ListItem\",\"position\":2,\"name\":\"Augmentation des d\u00e9penses de d\u00e9fense en Europe : intervention de Julien Malizard pour la FRS\"}]},{\"@type\":\"WebSite\",\"@id\":\"https:\\\/\\\/ecodef-ihedn.fr\\\/#website\",\"url\":\"https:\\\/\\\/ecodef-ihedn.fr\\\/\",\"name\":\"Chaire \u00c9conomie de D\u00e9fense - IHEDN\",\"description\":\"Produire &amp; soutenir, f\u00e9d\u00e9rer &amp; diffuser, \u00eatre une interface\",\"publisher\":{\"@id\":\"https:\\\/\\\/ecodef-ihedn.fr\\\/#organization\"},\"potentialAction\":[{\"@type\":\"SearchAction\",\"target\":{\"@type\":\"EntryPoint\",\"urlTemplate\":\"https:\\\/\\\/ecodef-ihedn.fr\\\/?s={search_term_string}\"},\"query-input\":{\"@type\":\"PropertyValueSpecification\",\"valueRequired\":true,\"valueName\":\"search_term_string\"}}],\"inLanguage\":\"en-GB\"},{\"@type\":\"Organization\",\"@id\":\"https:\\\/\\\/ecodef-ihedn.fr\\\/#organization\",\"name\":\"Chaire \u00c9conomie de d\u00e9fense - IHEDN\",\"url\":\"https:\\\/\\\/ecodef-ihedn.fr\\\/\",\"logo\":{\"@type\":\"ImageObject\",\"inLanguage\":\"en-GB\",\"@id\":\"https:\\\/\\\/ecodef-ihedn.fr\\\/#\\\/schema\\\/logo\\\/image\\\/\",\"url\":\"https:\\\/\\\/ecodef-ihedn.fr\\\/wp-content\\\/uploads\\\/2020\\\/04\\\/logoEcodef9.jpg\",\"contentUrl\":\"https:\\\/\\\/ecodef-ihedn.fr\\\/wp-content\\\/uploads\\\/2020\\\/04\\\/logoEcodef9.jpg\",\"width\":410,\"height\":212,\"caption\":\"Chaire \u00c9conomie de d\u00e9fense - IHEDN\"},\"image\":{\"@id\":\"https:\\\/\\\/ecodef-ihedn.fr\\\/#\\\/schema\\\/logo\\\/image\\\/\"},\"sameAs\":[\"https:\\\/\\\/x.com\\\/Chaire_Ecodef\",\"https:\\\/\\\/www.linkedin.com\\\/company\\\/chaire-ecodef-ihedn\\\/\"]},{\"@type\":\"Person\",\"@id\":\"https:\\\/\\\/ecodef-ihedn.fr\\\/#\\\/schema\\\/person\\\/1cdf22d028cebe278126a6e07a884d30\",\"name\":\"Bertrand Demandre\",\"image\":{\"@type\":\"ImageObject\",\"inLanguage\":\"en-GB\",\"@id\":\"https:\\\/\\\/secure.gravatar.com\\\/avatar\\\/d9c9746d6c900ab5b9c0f9b1fa3932e369da923da247d624b8f7ab4ba8a3c093?s=96&d=mm&r=g\",\"url\":\"https:\\\/\\\/secure.gravatar.com\\\/avatar\\\/d9c9746d6c900ab5b9c0f9b1fa3932e369da923da247d624b8f7ab4ba8a3c093?s=96&d=mm&r=g\",\"contentUrl\":\"https:\\\/\\\/secure.gravatar.com\\\/avatar\\\/d9c9746d6c900ab5b9c0f9b1fa3932e369da923da247d624b8f7ab4ba8a3c093?s=96&d=mm&r=g\",\"caption\":\"Bertrand Demandre\"},\"url\":\"https:\\\/\\\/ecodef-ihedn.fr\\\/en\\\/author\\\/bertrand\\\/\"}]}<\/script>\n<!-- \/ Yoast SEO plugin. -->","yoast_head_json":{"title":"Augmentation des d\u00e9penses de d\u00e9fense en Europe : intervention de Julien Malizard pour la FRS - Chaire \u00c9conomie de d\u00e9fense - IHEDN","robots":{"index":"index","follow":"follow","max-snippet":"max-snippet:-1","max-image-preview":"max-image-preview:large","max-video-preview":"max-video-preview:-1"},"canonical":"https:\/\/ecodef-ihedn.fr\/en\/augmentation-des-depenses-de-defense-en-europe-intervention-de-julien-malizard-pour-la-frs\/","og_locale":"en_GB","og_type":"article","og_title":"Augmentation des d\u00e9penses de d\u00e9fense en Europe : intervention de Julien Malizard pour la FRS - Chaire \u00c9conomie de d\u00e9fense - IHEDN","og_description":"Julien Malizard a pr\u00e9sent\u00e9 pour la FRS un \u00e9tat des lieux de l&rsquo;augmentation des d\u00e9penses de d\u00e9fense en Europe, notamment depuis 2014 avec le d\u00e9but du conflit en Crim\u00e9e Organis\u00e9e le 22 mai 2023 par H\u00e9l\u00e8ne Masson, ma\u00eetre de recherche en charge du p\u00f4le D\u00e9fense&amp;Industries de la FRS, la visioconf\u00e9rence \u00ab\u00a0Le r\u00e9armement de l&rsquo;Europe : [&hellip;]","og_url":"https:\/\/ecodef-ihedn.fr\/en\/augmentation-des-depenses-de-defense-en-europe-intervention-de-julien-malizard-pour-la-frs\/","og_site_name":"Chaire \u00c9conomie de d\u00e9fense - IHEDN","article_published_time":"2023-05-24T09:54:21+00:00","article_modified_time":"2023-07-27T14:20:52+00:00","og_image":[{"width":700,"height":500,"url":"https:\/\/ecodef-ihedn.fr\/wp-content\/uploads\/2023\/05\/Capture-decran-2023-05-24-112416-7-5.png","type":"image\/png"}],"author":"Bertrand Demandre","twitter_card":"summary_large_image","twitter_creator":"@Chaire_Ecodef","twitter_site":"@Chaire_Ecodef","twitter_misc":{"Written by":"Bertrand Demandre","Estimated reading time":"1 minute"},"schema":{"@context":"https:\/\/schema.org","@graph":[{"@type":"Article","@id":"https:\/\/ecodef-ihedn.fr\/augmentation-des-depenses-de-defense-en-europe-intervention-de-julien-malizard-pour-la-frs\/#article","isPartOf":{"@id":"https:\/\/ecodef-ihedn.fr\/augmentation-des-depenses-de-defense-en-europe-intervention-de-julien-malizard-pour-la-frs\/"},"author":{"name":"Bertrand Demandre","@id":"https:\/\/ecodef-ihedn.fr\/#\/schema\/person\/1cdf22d028cebe278126a6e07a884d30"},"headline":"Augmentation des d\u00e9penses de d\u00e9fense en Europe : intervention de Julien Malizard pour la FRS","datePublished":"2023-05-24T09:54:21+00:00","dateModified":"2023-07-27T14:20:52+00:00","mainEntityOfPage":{"@id":"https:\/\/ecodef-ihedn.fr\/augmentation-des-depenses-de-defense-en-europe-intervention-de-julien-malizard-pour-la-frs\/"},"wordCount":203,"commentCount":1,"publisher":{"@id":"https:\/\/ecodef-ihedn.fr\/#organization"},"image":{"@id":"https:\/\/ecodef-ihedn.fr\/augmentation-des-depenses-de-defense-en-europe-intervention-de-julien-malizard-pour-la-frs\/#primaryimage"},"thumbnailUrl":"https:\/\/ecodef-ihedn.fr\/wp-content\/uploads\/2023\/05\/Capture-decran-2023-05-24-112416-7-5.png","keywords":["BITD","enjeux \u00e9conomiques","Europe","FRS","H\u00e9l\u00e8ne Masson","investissements de d\u00e9fense","Julien Malizard","r\u00e9armement"],"articleSection":["Activit\u00e9s","Activit\u00e9s : participation de la Chaire \u00e0 un \u00e9v\u00e9nement"],"inLanguage":"en-GB","potentialAction":[{"@type":"CommentAction","name":"Comment","target":["https:\/\/ecodef-ihedn.fr\/augmentation-des-depenses-de-defense-en-europe-intervention-de-julien-malizard-pour-la-frs\/#respond"]}]},{"@type":"WebPage","@id":"https:\/\/ecodef-ihedn.fr\/augmentation-des-depenses-de-defense-en-europe-intervention-de-julien-malizard-pour-la-frs\/","url":"https:\/\/ecodef-ihedn.fr\/augmentation-des-depenses-de-defense-en-europe-intervention-de-julien-malizard-pour-la-frs\/","name":"Augmentation des d\u00e9penses de d\u00e9fense en Europe : intervention de Julien Malizard pour la FRS - Chaire \u00c9conomie de d\u00e9fense - IHEDN","isPartOf":{"@id":"https:\/\/ecodef-ihedn.fr\/#website"},"primaryImageOfPage":{"@id":"https:\/\/ecodef-ihedn.fr\/augmentation-des-depenses-de-defense-en-europe-intervention-de-julien-malizard-pour-la-frs\/#primaryimage"},"image":{"@id":"https:\/\/ecodef-ihedn.fr\/augmentation-des-depenses-de-defense-en-europe-intervention-de-julien-malizard-pour-la-frs\/#primaryimage"},"thumbnailUrl":"https:\/\/ecodef-ihedn.fr\/wp-content\/uploads\/2023\/05\/Capture-decran-2023-05-24-112416-7-5.png","datePublished":"2023-05-24T09:54:21+00:00","dateModified":"2023-07-27T14:20:52+00:00","breadcrumb":{"@id":"https:\/\/ecodef-ihedn.fr\/augmentation-des-depenses-de-defense-en-europe-intervention-de-julien-malizard-pour-la-frs\/#breadcrumb"},"inLanguage":"en-GB","potentialAction":[{"@type":"ReadAction","target":["https:\/\/ecodef-ihedn.fr\/augmentation-des-depenses-de-defense-en-europe-intervention-de-julien-malizard-pour-la-frs\/"]}]},{"@type":"ImageObject","inLanguage":"en-GB","@id":"https:\/\/ecodef-ihedn.fr\/augmentation-des-depenses-de-defense-en-europe-intervention-de-julien-malizard-pour-la-frs\/#primaryimage","url":"https:\/\/ecodef-ihedn.fr\/wp-content\/uploads\/2023\/05\/Capture-decran-2023-05-24-112416-7-5.png","contentUrl":"https:\/\/ecodef-ihedn.fr\/wp-content\/uploads\/2023\/05\/Capture-decran-2023-05-24-112416-7-5.png","width":700,"height":500,"caption":"Julien Malizard s'exprime pour la FRS"},{"@type":"BreadcrumbList","@id":"https:\/\/ecodef-ihedn.fr\/augmentation-des-depenses-de-defense-en-europe-intervention-de-julien-malizard-pour-la-frs\/#breadcrumb","itemListElement":[{"@type":"ListItem","position":1,"name":"Accueil","item":"https:\/\/ecodef-ihedn.fr\/"},{"@type":"ListItem","position":2,"name":"Augmentation des d\u00e9penses de d\u00e9fense en Europe : intervention de Julien Malizard pour la FRS"}]},{"@type":"WebSite","@id":"https:\/\/ecodef-ihedn.fr\/#website","url":"https:\/\/ecodef-ihedn.fr\/","name":"Chair in Defence Economics - IHEDN","description":"Produce &amp; support, federate &amp; disseminate, act as an interface","publisher":{"@id":"https:\/\/ecodef-ihedn.fr\/#organization"},"potentialAction":[{"@type":"SearchAction","target":{"@type":"EntryPoint","urlTemplate":"https:\/\/ecodef-ihedn.fr\/?s={search_term_string}"},"query-input":{"@type":"PropertyValueSpecification","valueRequired":true,"valueName":"search_term_string"}}],"inLanguage":"en-GB"},{"@type":"Organization","@id":"https:\/\/ecodef-ihedn.fr\/#organization","name":"Chair in Defence Economics - IHEDN","url":"https:\/\/ecodef-ihedn.fr\/","logo":{"@type":"ImageObject","inLanguage":"en-GB","@id":"https:\/\/ecodef-ihedn.fr\/#\/schema\/logo\/image\/","url":"https:\/\/ecodef-ihedn.fr\/wp-content\/uploads\/2020\/04\/logoEcodef9.jpg","contentUrl":"https:\/\/ecodef-ihedn.fr\/wp-content\/uploads\/2020\/04\/logoEcodef9.jpg","width":410,"height":212,"caption":"Chaire \u00c9conomie de d\u00e9fense - IHEDN"},"image":{"@id":"https:\/\/ecodef-ihedn.fr\/#\/schema\/logo\/image\/"},"sameAs":["https:\/\/x.com\/Chaire_Ecodef","https:\/\/www.linkedin.com\/company\/chaire-ecodef-ihedn\/"]},{"@type":"Person","@id":"https:\/\/ecodef-ihedn.fr\/#\/schema\/person\/1cdf22d028cebe278126a6e07a884d30","name":"Bertrand Demandre","image":{"@type":"ImageObject","inLanguage":"en-GB","@id":"https:\/\/secure.gravatar.com\/avatar\/d9c9746d6c900ab5b9c0f9b1fa3932e369da923da247d624b8f7ab4ba8a3c093?s=96&d=mm&r=g","url":"https:\/\/secure.gravatar.com\/avatar\/d9c9746d6c900ab5b9c0f9b1fa3932e369da923da247d624b8f7ab4ba8a3c093?s=96&d=mm&r=g","contentUrl":"https:\/\/secure.gravatar.com\/avatar\/d9c9746d6c900ab5b9c0f9b1fa3932e369da923da247d624b8f7ab4ba8a3c093?s=96&d=mm&r=g","caption":"Bertrand Demandre"},"url":"https:\/\/ecodef-ihedn.fr\/en\/author\/bertrand\/"}]}},"_links":{"self":[{"href":"https:\/\/ecodef-ihedn.fr\/en\/wp-json\/wp\/v2\/posts\/7900","targetHints":{"allow":["GET"]}}],"collection":[{"href":"https:\/\/ecodef-ihedn.fr\/en\/wp-json\/wp\/v2\/posts"}],"about":[{"href":"https:\/\/ecodef-ihedn.fr\/en\/wp-json\/wp\/v2\/types\/post"}],"author":[{"embeddable":true,"href":"https:\/\/ecodef-ihedn.fr\/en\/wp-json\/wp\/v2\/users\/2"}],"replies":[{"embeddable":true,"href":"https:\/\/ecodef-ihedn.fr\/en\/wp-json\/wp\/v2\/comments?post=7900"}],"version-history":[{"count":4,"href":"https:\/\/ecodef-ihedn.fr\/en\/wp-json\/wp\/v2\/posts\/7900\/revisions"}],"predecessor-version":[{"id":8020,"href":"https:\/\/ecodef-ihedn.fr\/en\/wp-json\/wp\/v2\/posts\/7900\/revisions\/8020"}],"wp:featuredmedia":[{"embeddable":true,"href":"https:\/\/ecodef-ihedn.fr\/en\/wp-json\/wp\/v2\/media\/7901"}],"wp:attachment":[{"href":"https:\/\/ecodef-ihedn.fr\/en\/wp-json\/wp\/v2\/media?parent=7900"}],"wp:term":[{"taxonomy":"category","embeddable":true,"href":"https:\/\/ecodef-ihedn.fr\/en\/wp-json\/wp\/v2\/categories?post=7900"},{"taxonomy":"post_tag","embeddable":true,"href":"https:\/\/ecodef-ihedn.fr\/en\/wp-json\/wp\/v2\/tags?post=7900"}],"curies":[{"name":"wp","href":"https:\/\/api.w.org\/{rel}","templated":true}]}}