{"id":7945,"date":"2023-06-16T10:38:44","date_gmt":"2023-06-16T10:38:44","guid":{"rendered":"https:\/\/ecodef-ihedn.fr\/?p=7945"},"modified":"2023-07-27T13:58:15","modified_gmt":"2023-07-27T13:58:15","slug":"prix-de-la-souverainete-aeronautique-publication-dun-article-de-josselin-droff-et-julien-malizard-dans-la-rdn","status":"publish","type":"post","link":"https:\/\/ecodef-ihedn.fr\/en\/prix-de-la-souverainete-aeronautique-publication-dun-article-de-josselin-droff-et-julien-malizard-dans-la-rdn\/","title":{"rendered":"Prix de la souverainet\u00e9 a\u00e9ronautique: publication of an article by Josselin Droff and Julien Malizard in RDN"},"content":{"rendered":"<p>&nbsp;<\/p>\n<p><a href=\"https:\/\/ecodef-ihedn.fr\/wp-content\/uploads\/2023\/06\/RDNA_HS11-GD-scaled.jpg\" target=\"_blank\" rel=\"noopener\"><img loading=\"lazy\" decoding=\"async\" class=\"aligncenter wp-image-7949 size-large\" src=\"https:\/\/ecodef-ihedn.fr\/wp-content\/uploads\/2023\/06\/RDNA_HS11-GD-711x1024.jpg\" alt=\"\" width=\"696\" height=\"1002\" srcset=\"https:\/\/ecodef-ihedn.fr\/wp-content\/uploads\/2023\/06\/RDNA_HS11-GD-711x1024.jpg 711w, https:\/\/ecodef-ihedn.fr\/wp-content\/uploads\/2023\/06\/RDNA_HS11-GD-208x300.jpg 208w, https:\/\/ecodef-ihedn.fr\/wp-content\/uploads\/2023\/06\/RDNA_HS11-GD-768x1107.jpg 768w, https:\/\/ecodef-ihedn.fr\/wp-content\/uploads\/2023\/06\/RDNA_HS11-GD-1066x1536.jpg 1066w, https:\/\/ecodef-ihedn.fr\/wp-content\/uploads\/2023\/06\/RDNA_HS11-GD-1421x2048.jpg 1421w, https:\/\/ecodef-ihedn.fr\/wp-content\/uploads\/2023\/06\/RDNA_HS11-GD-696x1003.jpg 696w, https:\/\/ecodef-ihedn.fr\/wp-content\/uploads\/2023\/06\/RDNA_HS11-GD-1392x2006.jpg 1392w, https:\/\/ecodef-ihedn.fr\/wp-content\/uploads\/2023\/06\/RDNA_HS11-GD-1068x1539.jpg 1068w, https:\/\/ecodef-ihedn.fr\/wp-content\/uploads\/2023\/06\/RDNA_HS11-GD-1920x2767.jpg 1920w, https:\/\/ecodef-ihedn.fr\/wp-content\/uploads\/2023\/06\/RDNA_HS11-GD-291x420.jpg 291w, https:\/\/ecodef-ihedn.fr\/wp-content\/uploads\/2023\/06\/RDNA_HS11-GD-583x840.jpg 583w, https:\/\/ecodef-ihedn.fr\/wp-content\/uploads\/2023\/06\/RDNA_HS11-GD-scaled.jpg 1777w\" sizes=\"auto, (max-width: 696px) 100vw, 696px\" \/><\/a><\/p>\n<p><strong>Josselin Droff<\/strong> and <strong>Julien Malizard<\/strong> publish the article <strong><a href=\"https:\/\/www.cairn.info\/revue-defense-nationale-2023-HS11-page-121.htm?wt.mc_id=crn-mel-a103487&amp;u=&amp;wt.tsrc=email&amp;contenu=article\" target=\"_blank\" rel=\"noopener\">\u00abThe price of aeronautical sovereignty in Europe: an economic approach\u00bb<\/a><\/strong> in the <a href=\"https:\/\/www.cairn.info\/revue-defense-nationale-2023-HS11.htm\" target=\"_blank\" rel=\"noopener\">special issue n\u00b011 of the Revue D\u00e9fense Nationale (RDN)<\/a> published to coincide with the 2023 Paris Air Show.<\/p>\n<p>Josselin Droff and Julien Malizard's analysis shows that :<\/p>\n<ul>\n<li>Choices for the acquisition of aeronautical equipment are <strong>at the crossroads of technological, economic and industrial issues<\/strong>. European countries now find themselves caught in a vice of <strong>budget constraints<\/strong> strong, a <strong>industrial fragmentation<\/strong> and a strong <strong>growth in aircraft costs<\/strong>.<\/li>\n<li>The countries of Europe find themselves at the centre of a <strong>\u00abtrilemma\u00bb <\/strong>making it impossible to simultaneously achieve significant economic benefits, the greatest strategic autonomy and a relatively low acquisition cost.<\/li>\n<\/ul>\n<p>The authors examine the <strong>different acquisition strategies<\/strong> in the light of this trilemma. For future-generation aircraft, the preferred strategy is therefore cooperation within the framework of <strong>major aeronautical programmes<\/strong> such as the Future Air Combat System (SCAF) or its competitor, the Global Combat Air Programme (GCAP).<\/p>\n<p>This strategy offers hope, particularly if the <strong>economies of scale<\/strong> <strong>and learning<\/strong> are effective, but there are also concerns about the sharing of industrial tasks and the intellectual property of the technologies used.<\/p>\n<p>However, in relation to the trilemma, comparison with other acquisition strategies indicates that cooperation can work as long as <strong>the relative loss of sovereignty and economic spin-offs is offset<\/strong> sufficiently high unit purchasing costs.<\/p>\n<p>For future programmes, <strong>two success factors<\/strong> are identified: the application of <strong>best athlete\u00ab criteria\u00bb<\/strong>, to guarantee industrial efficiency, and the\u2019<strong>identification of a credible business model<\/strong> between domestic orders and export contracts, ensuring the long-term viability of the aerospace companies concerned thanks to a sufficiently high volume of production.<\/p>\n<p style=\"text-align: center;\"><a href=\"https:\/\/www.cairn.info\/revue-defense-nationale-2023-HS11-page-121.htm?wt.mc_id=crn-mel-a103487&amp;u=&amp;wt.tsrc=email&amp;contenu=article\" target=\"_blank\" rel=\"noopener\"><span class=\"td_btn td_btn_md td_default_btn\">read the article<\/span><\/a><\/p>\n<p>&nbsp;<\/p>","protected":false},"excerpt":{"rendered":"<p>&nbsp; Josselin Droff et Julien Malizard publient l&rsquo;article \u00ab\u00a0Le prix de la souverainet\u00e9 a\u00e9ronautique en Europe : une approche \u00e9conomique\u00a0\u00bb dans le hors-s\u00e9rie n\u00b011 de la Revue D\u00e9fense Nationale (RDN) paru \u00e0 l&rsquo;occasion de l&rsquo;\u00e9dition 2023 du Salon\u00a0International de l&rsquo;A\u00e9ronautique et de l&rsquo;Espace (SIAE) de Paris-Le\u00a0Bourget. L&rsquo;analyse de Josselin Droff et Julien Malizard d\u00e9montre notamment [&hellip;]<\/p>\n","protected":false},"author":2,"featured_media":7946,"comment_status":"open","ping_status":"open","sticky":false,"template":"","format":"standard","meta":{"footnotes":""},"categories":[350,415,584],"tags":[40,237,202,86,372,373,314],"class_list":{"0":"post-7945","1":"post","2":"type-post","3":"status-publish","4":"format-standard","5":"has-post-thumbnail","7":"category-publications","8":"category-thematique-5-integration-et-cooperation-de-defense-en-europe","9":"category-thematique-6-enjeux-strategiques","10":"tag-aeronautique","11":"tag-industrie-aeronautique","12":"tag-josselin-droff","13":"tag-julien-malizard","14":"tag-rdn","15":"tag-revue-defense-nationale","16":"tag-souverainete"},"yoast_head":"<!-- This site is optimized with the Yoast SEO plugin v27.4 - https:\/\/yoast.com\/product\/yoast-seo-wordpress\/ -->\n<title>Prix de la souverainet\u00e9 a\u00e9ronautique : publication d\u2019un article de Josselin Droff et Julien Malizard dans la RDN - Chaire \u00c9conomie de d\u00e9fense - IHEDN<\/title>\n<meta name=\"robots\" content=\"index, follow, max-snippet:-1, max-image-preview:large, max-video-preview:-1\" \/>\n<link rel=\"canonical\" href=\"https:\/\/ecodef-ihedn.fr\/en\/prix-de-la-souverainete-aeronautique-publication-dun-article-de-josselin-droff-et-julien-malizard-dans-la-rdn\/\" \/>\n<meta property=\"og:locale\" content=\"en_GB\" \/>\n<meta property=\"og:type\" content=\"article\" \/>\n<meta property=\"og:title\" content=\"Prix de la souverainet\u00e9 a\u00e9ronautique : publication d\u2019un article de Josselin Droff et Julien Malizard dans la RDN - Chaire \u00c9conomie de d\u00e9fense - IHEDN\" \/>\n<meta property=\"og:description\" content=\"&nbsp; Josselin Droff et Julien Malizard publient l&rsquo;article \u00ab\u00a0Le prix de la souverainet\u00e9 a\u00e9ronautique en Europe : une approche \u00e9conomique\u00a0\u00bb dans le hors-s\u00e9rie n\u00b011 de la Revue D\u00e9fense Nationale (RDN) paru \u00e0 l&rsquo;occasion de l&rsquo;\u00e9dition 2023 du Salon\u00a0International de l&rsquo;A\u00e9ronautique et de l&rsquo;Espace (SIAE) de Paris-Le\u00a0Bourget. L&rsquo;analyse de Josselin Droff et Julien Malizard d\u00e9montre notamment [&hellip;]\" \/>\n<meta property=\"og:url\" content=\"https:\/\/ecodef-ihedn.fr\/en\/prix-de-la-souverainete-aeronautique-publication-dun-article-de-josselin-droff-et-julien-malizard-dans-la-rdn\/\" \/>\n<meta property=\"og:site_name\" content=\"Chaire \u00c9conomie de d\u00e9fense - IHEDN\" \/>\n<meta property=\"article:published_time\" content=\"2023-06-16T10:38:44+00:00\" \/>\n<meta property=\"article:modified_time\" content=\"2023-07-27T13:58:15+00:00\" \/>\n<meta property=\"og:image\" content=\"https:\/\/ecodef-ihedn.fr\/wp-content\/uploads\/2023\/06\/RDNA_HS11-7-5.jpg\" \/>\n\t<meta property=\"og:image:width\" content=\"407\" \/>\n\t<meta property=\"og:image:height\" content=\"291\" \/>\n\t<meta property=\"og:image:type\" content=\"image\/jpeg\" \/>\n<meta name=\"author\" content=\"Bertrand Demandre\" \/>\n<meta name=\"twitter:card\" content=\"summary_large_image\" \/>\n<meta name=\"twitter:creator\" content=\"@Chaire_Ecodef\" \/>\n<meta name=\"twitter:site\" content=\"@Chaire_Ecodef\" \/>\n<meta name=\"twitter:label1\" content=\"Written by\" \/>\n\t<meta name=\"twitter:data1\" content=\"Bertrand Demandre\" \/>\n\t<meta name=\"twitter:label2\" content=\"Estimated reading time\" \/>\n\t<meta name=\"twitter:data2\" content=\"2 minutes\" \/>\n<script type=\"application\/ld+json\" class=\"yoast-schema-graph\">{\"@context\":\"https:\\\/\\\/schema.org\",\"@graph\":[{\"@type\":\"Article\",\"@id\":\"https:\\\/\\\/ecodef-ihedn.fr\\\/prix-de-la-souverainete-aeronautique-publication-dun-article-de-josselin-droff-et-julien-malizard-dans-la-rdn\\\/#article\",\"isPartOf\":{\"@id\":\"https:\\\/\\\/ecodef-ihedn.fr\\\/prix-de-la-souverainete-aeronautique-publication-dun-article-de-josselin-droff-et-julien-malizard-dans-la-rdn\\\/\"},\"author\":{\"name\":\"Bertrand Demandre\",\"@id\":\"https:\\\/\\\/ecodef-ihedn.fr\\\/#\\\/schema\\\/person\\\/1cdf22d028cebe278126a6e07a884d30\"},\"headline\":\"Prix de la souverainet\u00e9 a\u00e9ronautique : publication d\u2019un article de Josselin Droff et Julien Malizard dans la RDN\",\"datePublished\":\"2023-06-16T10:38:44+00:00\",\"dateModified\":\"2023-07-27T13:58:15+00:00\",\"mainEntityOfPage\":{\"@id\":\"https:\\\/\\\/ecodef-ihedn.fr\\\/prix-de-la-souverainete-aeronautique-publication-dun-article-de-josselin-droff-et-julien-malizard-dans-la-rdn\\\/\"},\"wordCount\":389,\"commentCount\":0,\"publisher\":{\"@id\":\"https:\\\/\\\/ecodef-ihedn.fr\\\/#organization\"},\"image\":{\"@id\":\"https:\\\/\\\/ecodef-ihedn.fr\\\/prix-de-la-souverainete-aeronautique-publication-dun-article-de-josselin-droff-et-julien-malizard-dans-la-rdn\\\/#primaryimage\"},\"thumbnailUrl\":\"https:\\\/\\\/ecodef-ihedn.fr\\\/wp-content\\\/uploads\\\/2023\\\/06\\\/RDNA_HS11-7-5.jpg\",\"keywords\":[\"a\u00e9ronautique\",\"Industrie a\u00e9ronautique\",\"Josselin Droff\",\"Julien Malizard\",\"RDN\",\"Revue D\u00e9fense Nationale\",\"souverainet\u00e9\"],\"articleSection\":[\"Publications\",\"Th\u00e9matique 5 : int\u00e9gration et coop\u00e9ration de d\u00e9fense en Europe\",\"Th\u00e9matique 6 : enjeux strat\u00e9giques\"],\"inLanguage\":\"en-GB\",\"potentialAction\":[{\"@type\":\"CommentAction\",\"name\":\"Comment\",\"target\":[\"https:\\\/\\\/ecodef-ihedn.fr\\\/prix-de-la-souverainete-aeronautique-publication-dun-article-de-josselin-droff-et-julien-malizard-dans-la-rdn\\\/#respond\"]}]},{\"@type\":\"WebPage\",\"@id\":\"https:\\\/\\\/ecodef-ihedn.fr\\\/prix-de-la-souverainete-aeronautique-publication-dun-article-de-josselin-droff-et-julien-malizard-dans-la-rdn\\\/\",\"url\":\"https:\\\/\\\/ecodef-ihedn.fr\\\/prix-de-la-souverainete-aeronautique-publication-dun-article-de-josselin-droff-et-julien-malizard-dans-la-rdn\\\/\",\"name\":\"Prix de la souverainet\u00e9 a\u00e9ronautique : publication d\u2019un article de Josselin Droff et Julien Malizard dans la RDN - Chaire \u00c9conomie de d\u00e9fense - IHEDN\",\"isPartOf\":{\"@id\":\"https:\\\/\\\/ecodef-ihedn.fr\\\/#website\"},\"primaryImageOfPage\":{\"@id\":\"https:\\\/\\\/ecodef-ihedn.fr\\\/prix-de-la-souverainete-aeronautique-publication-dun-article-de-josselin-droff-et-julien-malizard-dans-la-rdn\\\/#primaryimage\"},\"image\":{\"@id\":\"https:\\\/\\\/ecodef-ihedn.fr\\\/prix-de-la-souverainete-aeronautique-publication-dun-article-de-josselin-droff-et-julien-malizard-dans-la-rdn\\\/#primaryimage\"},\"thumbnailUrl\":\"https:\\\/\\\/ecodef-ihedn.fr\\\/wp-content\\\/uploads\\\/2023\\\/06\\\/RDNA_HS11-7-5.jpg\",\"datePublished\":\"2023-06-16T10:38:44+00:00\",\"dateModified\":\"2023-07-27T13:58:15+00:00\",\"breadcrumb\":{\"@id\":\"https:\\\/\\\/ecodef-ihedn.fr\\\/prix-de-la-souverainete-aeronautique-publication-dun-article-de-josselin-droff-et-julien-malizard-dans-la-rdn\\\/#breadcrumb\"},\"inLanguage\":\"en-GB\",\"potentialAction\":[{\"@type\":\"ReadAction\",\"target\":[\"https:\\\/\\\/ecodef-ihedn.fr\\\/prix-de-la-souverainete-aeronautique-publication-dun-article-de-josselin-droff-et-julien-malizard-dans-la-rdn\\\/\"]}]},{\"@type\":\"ImageObject\",\"inLanguage\":\"en-GB\",\"@id\":\"https:\\\/\\\/ecodef-ihedn.fr\\\/prix-de-la-souverainete-aeronautique-publication-dun-article-de-josselin-droff-et-julien-malizard-dans-la-rdn\\\/#primaryimage\",\"url\":\"https:\\\/\\\/ecodef-ihedn.fr\\\/wp-content\\\/uploads\\\/2023\\\/06\\\/RDNA_HS11-7-5.jpg\",\"contentUrl\":\"https:\\\/\\\/ecodef-ihedn.fr\\\/wp-content\\\/uploads\\\/2023\\\/06\\\/RDNA_HS11-7-5.jpg\",\"width\":407,\"height\":291},{\"@type\":\"BreadcrumbList\",\"@id\":\"https:\\\/\\\/ecodef-ihedn.fr\\\/prix-de-la-souverainete-aeronautique-publication-dun-article-de-josselin-droff-et-julien-malizard-dans-la-rdn\\\/#breadcrumb\",\"itemListElement\":[{\"@type\":\"ListItem\",\"position\":1,\"name\":\"Accueil\",\"item\":\"https:\\\/\\\/ecodef-ihedn.fr\\\/\"},{\"@type\":\"ListItem\",\"position\":2,\"name\":\"Prix de la souverainet\u00e9 a\u00e9ronautique : publication d\u2019un article de Josselin Droff et Julien Malizard dans la RDN\"}]},{\"@type\":\"WebSite\",\"@id\":\"https:\\\/\\\/ecodef-ihedn.fr\\\/#website\",\"url\":\"https:\\\/\\\/ecodef-ihedn.fr\\\/\",\"name\":\"Chaire \u00c9conomie de D\u00e9fense - IHEDN\",\"description\":\"Produire &amp; soutenir, f\u00e9d\u00e9rer &amp; diffuser, \u00eatre une interface\",\"publisher\":{\"@id\":\"https:\\\/\\\/ecodef-ihedn.fr\\\/#organization\"},\"potentialAction\":[{\"@type\":\"SearchAction\",\"target\":{\"@type\":\"EntryPoint\",\"urlTemplate\":\"https:\\\/\\\/ecodef-ihedn.fr\\\/?s={search_term_string}\"},\"query-input\":{\"@type\":\"PropertyValueSpecification\",\"valueRequired\":true,\"valueName\":\"search_term_string\"}}],\"inLanguage\":\"en-GB\"},{\"@type\":\"Organization\",\"@id\":\"https:\\\/\\\/ecodef-ihedn.fr\\\/#organization\",\"name\":\"Chaire \u00c9conomie de d\u00e9fense - IHEDN\",\"url\":\"https:\\\/\\\/ecodef-ihedn.fr\\\/\",\"logo\":{\"@type\":\"ImageObject\",\"inLanguage\":\"en-GB\",\"@id\":\"https:\\\/\\\/ecodef-ihedn.fr\\\/#\\\/schema\\\/logo\\\/image\\\/\",\"url\":\"https:\\\/\\\/ecodef-ihedn.fr\\\/wp-content\\\/uploads\\\/2020\\\/04\\\/logoEcodef9.jpg\",\"contentUrl\":\"https:\\\/\\\/ecodef-ihedn.fr\\\/wp-content\\\/uploads\\\/2020\\\/04\\\/logoEcodef9.jpg\",\"width\":410,\"height\":212,\"caption\":\"Chaire \u00c9conomie de d\u00e9fense - IHEDN\"},\"image\":{\"@id\":\"https:\\\/\\\/ecodef-ihedn.fr\\\/#\\\/schema\\\/logo\\\/image\\\/\"},\"sameAs\":[\"https:\\\/\\\/x.com\\\/Chaire_Ecodef\",\"https:\\\/\\\/www.linkedin.com\\\/company\\\/chaire-ecodef-ihedn\\\/\"]},{\"@type\":\"Person\",\"@id\":\"https:\\\/\\\/ecodef-ihedn.fr\\\/#\\\/schema\\\/person\\\/1cdf22d028cebe278126a6e07a884d30\",\"name\":\"Bertrand Demandre\",\"image\":{\"@type\":\"ImageObject\",\"inLanguage\":\"en-GB\",\"@id\":\"https:\\\/\\\/secure.gravatar.com\\\/avatar\\\/d9c9746d6c900ab5b9c0f9b1fa3932e369da923da247d624b8f7ab4ba8a3c093?s=96&d=mm&r=g\",\"url\":\"https:\\\/\\\/secure.gravatar.com\\\/avatar\\\/d9c9746d6c900ab5b9c0f9b1fa3932e369da923da247d624b8f7ab4ba8a3c093?s=96&d=mm&r=g\",\"contentUrl\":\"https:\\\/\\\/secure.gravatar.com\\\/avatar\\\/d9c9746d6c900ab5b9c0f9b1fa3932e369da923da247d624b8f7ab4ba8a3c093?s=96&d=mm&r=g\",\"caption\":\"Bertrand Demandre\"},\"url\":\"https:\\\/\\\/ecodef-ihedn.fr\\\/en\\\/author\\\/bertrand\\\/\"}]}<\/script>\n<!-- \/ Yoast SEO plugin. -->","yoast_head_json":{"title":"Prix de la souverainet\u00e9 a\u00e9ronautique : publication d\u2019un article de Josselin Droff et Julien Malizard dans la RDN - Chaire \u00c9conomie de d\u00e9fense - IHEDN","robots":{"index":"index","follow":"follow","max-snippet":"max-snippet:-1","max-image-preview":"max-image-preview:large","max-video-preview":"max-video-preview:-1"},"canonical":"https:\/\/ecodef-ihedn.fr\/en\/prix-de-la-souverainete-aeronautique-publication-dun-article-de-josselin-droff-et-julien-malizard-dans-la-rdn\/","og_locale":"en_GB","og_type":"article","og_title":"Prix de la souverainet\u00e9 a\u00e9ronautique : publication d\u2019un article de Josselin Droff et Julien Malizard dans la RDN - Chaire \u00c9conomie de d\u00e9fense - IHEDN","og_description":"&nbsp; Josselin Droff et Julien Malizard publient l&rsquo;article \u00ab\u00a0Le prix de la souverainet\u00e9 a\u00e9ronautique en Europe : une approche \u00e9conomique\u00a0\u00bb dans le hors-s\u00e9rie n\u00b011 de la Revue D\u00e9fense Nationale (RDN) paru \u00e0 l&rsquo;occasion de l&rsquo;\u00e9dition 2023 du Salon\u00a0International de l&rsquo;A\u00e9ronautique et de l&rsquo;Espace (SIAE) de Paris-Le\u00a0Bourget. L&rsquo;analyse de Josselin Droff et Julien Malizard d\u00e9montre notamment [&hellip;]","og_url":"https:\/\/ecodef-ihedn.fr\/en\/prix-de-la-souverainete-aeronautique-publication-dun-article-de-josselin-droff-et-julien-malizard-dans-la-rdn\/","og_site_name":"Chaire \u00c9conomie de d\u00e9fense - IHEDN","article_published_time":"2023-06-16T10:38:44+00:00","article_modified_time":"2023-07-27T13:58:15+00:00","og_image":[{"width":407,"height":291,"url":"https:\/\/ecodef-ihedn.fr\/wp-content\/uploads\/2023\/06\/RDNA_HS11-7-5.jpg","type":"image\/jpeg"}],"author":"Bertrand Demandre","twitter_card":"summary_large_image","twitter_creator":"@Chaire_Ecodef","twitter_site":"@Chaire_Ecodef","twitter_misc":{"Written by":"Bertrand Demandre","Estimated reading time":"2 minutes"},"schema":{"@context":"https:\/\/schema.org","@graph":[{"@type":"Article","@id":"https:\/\/ecodef-ihedn.fr\/prix-de-la-souverainete-aeronautique-publication-dun-article-de-josselin-droff-et-julien-malizard-dans-la-rdn\/#article","isPartOf":{"@id":"https:\/\/ecodef-ihedn.fr\/prix-de-la-souverainete-aeronautique-publication-dun-article-de-josselin-droff-et-julien-malizard-dans-la-rdn\/"},"author":{"name":"Bertrand Demandre","@id":"https:\/\/ecodef-ihedn.fr\/#\/schema\/person\/1cdf22d028cebe278126a6e07a884d30"},"headline":"Prix de la souverainet\u00e9 a\u00e9ronautique : publication d\u2019un article de Josselin Droff et Julien Malizard dans la RDN","datePublished":"2023-06-16T10:38:44+00:00","dateModified":"2023-07-27T13:58:15+00:00","mainEntityOfPage":{"@id":"https:\/\/ecodef-ihedn.fr\/prix-de-la-souverainete-aeronautique-publication-dun-article-de-josselin-droff-et-julien-malizard-dans-la-rdn\/"},"wordCount":389,"commentCount":0,"publisher":{"@id":"https:\/\/ecodef-ihedn.fr\/#organization"},"image":{"@id":"https:\/\/ecodef-ihedn.fr\/prix-de-la-souverainete-aeronautique-publication-dun-article-de-josselin-droff-et-julien-malizard-dans-la-rdn\/#primaryimage"},"thumbnailUrl":"https:\/\/ecodef-ihedn.fr\/wp-content\/uploads\/2023\/06\/RDNA_HS11-7-5.jpg","keywords":["a\u00e9ronautique","Industrie a\u00e9ronautique","Josselin Droff","Julien Malizard","RDN","Revue D\u00e9fense Nationale","souverainet\u00e9"],"articleSection":["Publications","Th\u00e9matique 5 : int\u00e9gration et coop\u00e9ration de d\u00e9fense en Europe","Th\u00e9matique 6 : enjeux strat\u00e9giques"],"inLanguage":"en-GB","potentialAction":[{"@type":"CommentAction","name":"Comment","target":["https:\/\/ecodef-ihedn.fr\/prix-de-la-souverainete-aeronautique-publication-dun-article-de-josselin-droff-et-julien-malizard-dans-la-rdn\/#respond"]}]},{"@type":"WebPage","@id":"https:\/\/ecodef-ihedn.fr\/prix-de-la-souverainete-aeronautique-publication-dun-article-de-josselin-droff-et-julien-malizard-dans-la-rdn\/","url":"https:\/\/ecodef-ihedn.fr\/prix-de-la-souverainete-aeronautique-publication-dun-article-de-josselin-droff-et-julien-malizard-dans-la-rdn\/","name":"Prix de la souverainet\u00e9 a\u00e9ronautique : publication d\u2019un article de Josselin Droff et Julien Malizard dans la RDN - Chaire \u00c9conomie de d\u00e9fense - IHEDN","isPartOf":{"@id":"https:\/\/ecodef-ihedn.fr\/#website"},"primaryImageOfPage":{"@id":"https:\/\/ecodef-ihedn.fr\/prix-de-la-souverainete-aeronautique-publication-dun-article-de-josselin-droff-et-julien-malizard-dans-la-rdn\/#primaryimage"},"image":{"@id":"https:\/\/ecodef-ihedn.fr\/prix-de-la-souverainete-aeronautique-publication-dun-article-de-josselin-droff-et-julien-malizard-dans-la-rdn\/#primaryimage"},"thumbnailUrl":"https:\/\/ecodef-ihedn.fr\/wp-content\/uploads\/2023\/06\/RDNA_HS11-7-5.jpg","datePublished":"2023-06-16T10:38:44+00:00","dateModified":"2023-07-27T13:58:15+00:00","breadcrumb":{"@id":"https:\/\/ecodef-ihedn.fr\/prix-de-la-souverainete-aeronautique-publication-dun-article-de-josselin-droff-et-julien-malizard-dans-la-rdn\/#breadcrumb"},"inLanguage":"en-GB","potentialAction":[{"@type":"ReadAction","target":["https:\/\/ecodef-ihedn.fr\/prix-de-la-souverainete-aeronautique-publication-dun-article-de-josselin-droff-et-julien-malizard-dans-la-rdn\/"]}]},{"@type":"ImageObject","inLanguage":"en-GB","@id":"https:\/\/ecodef-ihedn.fr\/prix-de-la-souverainete-aeronautique-publication-dun-article-de-josselin-droff-et-julien-malizard-dans-la-rdn\/#primaryimage","url":"https:\/\/ecodef-ihedn.fr\/wp-content\/uploads\/2023\/06\/RDNA_HS11-7-5.jpg","contentUrl":"https:\/\/ecodef-ihedn.fr\/wp-content\/uploads\/2023\/06\/RDNA_HS11-7-5.jpg","width":407,"height":291},{"@type":"BreadcrumbList","@id":"https:\/\/ecodef-ihedn.fr\/prix-de-la-souverainete-aeronautique-publication-dun-article-de-josselin-droff-et-julien-malizard-dans-la-rdn\/#breadcrumb","itemListElement":[{"@type":"ListItem","position":1,"name":"Accueil","item":"https:\/\/ecodef-ihedn.fr\/"},{"@type":"ListItem","position":2,"name":"Prix de la souverainet\u00e9 a\u00e9ronautique : publication d\u2019un article de Josselin Droff et Julien Malizard dans la RDN"}]},{"@type":"WebSite","@id":"https:\/\/ecodef-ihedn.fr\/#website","url":"https:\/\/ecodef-ihedn.fr\/","name":"Chair in Defence Economics - IHEDN","description":"Produce &amp; support, federate &amp; disseminate, act as an interface","publisher":{"@id":"https:\/\/ecodef-ihedn.fr\/#organization"},"potentialAction":[{"@type":"SearchAction","target":{"@type":"EntryPoint","urlTemplate":"https:\/\/ecodef-ihedn.fr\/?s={search_term_string}"},"query-input":{"@type":"PropertyValueSpecification","valueRequired":true,"valueName":"search_term_string"}}],"inLanguage":"en-GB"},{"@type":"Organization","@id":"https:\/\/ecodef-ihedn.fr\/#organization","name":"Chair in Defence Economics - IHEDN","url":"https:\/\/ecodef-ihedn.fr\/","logo":{"@type":"ImageObject","inLanguage":"en-GB","@id":"https:\/\/ecodef-ihedn.fr\/#\/schema\/logo\/image\/","url":"https:\/\/ecodef-ihedn.fr\/wp-content\/uploads\/2020\/04\/logoEcodef9.jpg","contentUrl":"https:\/\/ecodef-ihedn.fr\/wp-content\/uploads\/2020\/04\/logoEcodef9.jpg","width":410,"height":212,"caption":"Chaire \u00c9conomie de d\u00e9fense - IHEDN"},"image":{"@id":"https:\/\/ecodef-ihedn.fr\/#\/schema\/logo\/image\/"},"sameAs":["https:\/\/x.com\/Chaire_Ecodef","https:\/\/www.linkedin.com\/company\/chaire-ecodef-ihedn\/"]},{"@type":"Person","@id":"https:\/\/ecodef-ihedn.fr\/#\/schema\/person\/1cdf22d028cebe278126a6e07a884d30","name":"Bertrand Demandre","image":{"@type":"ImageObject","inLanguage":"en-GB","@id":"https:\/\/secure.gravatar.com\/avatar\/d9c9746d6c900ab5b9c0f9b1fa3932e369da923da247d624b8f7ab4ba8a3c093?s=96&d=mm&r=g","url":"https:\/\/secure.gravatar.com\/avatar\/d9c9746d6c900ab5b9c0f9b1fa3932e369da923da247d624b8f7ab4ba8a3c093?s=96&d=mm&r=g","contentUrl":"https:\/\/secure.gravatar.com\/avatar\/d9c9746d6c900ab5b9c0f9b1fa3932e369da923da247d624b8f7ab4ba8a3c093?s=96&d=mm&r=g","caption":"Bertrand Demandre"},"url":"https:\/\/ecodef-ihedn.fr\/en\/author\/bertrand\/"}]}},"_links":{"self":[{"href":"https:\/\/ecodef-ihedn.fr\/en\/wp-json\/wp\/v2\/posts\/7945","targetHints":{"allow":["GET"]}}],"collection":[{"href":"https:\/\/ecodef-ihedn.fr\/en\/wp-json\/wp\/v2\/posts"}],"about":[{"href":"https:\/\/ecodef-ihedn.fr\/en\/wp-json\/wp\/v2\/types\/post"}],"author":[{"embeddable":true,"href":"https:\/\/ecodef-ihedn.fr\/en\/wp-json\/wp\/v2\/users\/2"}],"replies":[{"embeddable":true,"href":"https:\/\/ecodef-ihedn.fr\/en\/wp-json\/wp\/v2\/comments?post=7945"}],"version-history":[{"count":6,"href":"https:\/\/ecodef-ihedn.fr\/en\/wp-json\/wp\/v2\/posts\/7945\/revisions"}],"predecessor-version":[{"id":8019,"href":"https:\/\/ecodef-ihedn.fr\/en\/wp-json\/wp\/v2\/posts\/7945\/revisions\/8019"}],"wp:featuredmedia":[{"embeddable":true,"href":"https:\/\/ecodef-ihedn.fr\/en\/wp-json\/wp\/v2\/media\/7946"}],"wp:attachment":[{"href":"https:\/\/ecodef-ihedn.fr\/en\/wp-json\/wp\/v2\/media?parent=7945"}],"wp:term":[{"taxonomy":"category","embeddable":true,"href":"https:\/\/ecodef-ihedn.fr\/en\/wp-json\/wp\/v2\/categories?post=7945"},{"taxonomy":"post_tag","embeddable":true,"href":"https:\/\/ecodef-ihedn.fr\/en\/wp-json\/wp\/v2\/tags?post=7945"}],"curies":[{"name":"wp","href":"https:\/\/api.w.org\/{rel}","templated":true}]}}