{"id":7954,"date":"2023-05-31T09:55:23","date_gmt":"2023-05-31T09:55:23","guid":{"rendered":"https:\/\/ecodef-ihedn.fr\/?p=7954"},"modified":"2023-07-27T13:50:09","modified_gmt":"2023-07-27T13:50:09","slug":"les-exportations-darmement-quen-dit-la-litterature-academique-article-de-julien-malizard-dans-la-revue-defense-de-lunion-ihedn","status":"publish","type":"post","link":"https:\/\/ecodef-ihedn.fr\/en\/les-exportations-darmement-quen-dit-la-litterature-academique-article-de-julien-malizard-dans-la-revue-defense-de-lunion-ihedn\/","title":{"rendered":"\u00abLes exportations d'armement : qu'en dit la litt\u00e9rature acad\u00e9mique ?\u00bb article by Julien Malizard in the UNION-IHEDN journal D\u00e9fense."},"content":{"rendered":"<p><a href=\"https:\/\/ecodef-ihedn.fr\/wp-content\/uploads\/2023\/06\/Defense-215-couv.jpg\" target=\"_blank\" rel=\"noopener\"><img loading=\"lazy\" decoding=\"async\" class=\"aligncenter wp-image-7956 size-medium\" src=\"https:\/\/ecodef-ihedn.fr\/wp-content\/uploads\/2023\/06\/Defense-215-couv-214x300.jpg\" alt=\"\" width=\"214\" height=\"300\" srcset=\"https:\/\/ecodef-ihedn.fr\/wp-content\/uploads\/2023\/06\/Defense-215-couv-214x300.jpg 214w, https:\/\/ecodef-ihedn.fr\/wp-content\/uploads\/2023\/06\/Defense-215-couv-731x1024.jpg 731w, https:\/\/ecodef-ihedn.fr\/wp-content\/uploads\/2023\/06\/Defense-215-couv-768x1075.jpg 768w, https:\/\/ecodef-ihedn.fr\/wp-content\/uploads\/2023\/06\/Defense-215-couv-696x974.jpg 696w, https:\/\/ecodef-ihedn.fr\/wp-content\/uploads\/2023\/06\/Defense-215-couv-300x420.jpg 300w, https:\/\/ecodef-ihedn.fr\/wp-content\/uploads\/2023\/06\/Defense-215-couv-600x840.jpg 600w, https:\/\/ecodef-ihedn.fr\/wp-content\/uploads\/2023\/06\/Defense-215-couv.jpg 960w\" sizes=\"auto, (max-width: 214px) 100vw, 214px\" \/><\/a><\/p>\n<p><strong>Julien Malizard<\/strong> contributed to the latest issue of <strong><a href=\"https:\/\/www.union-ihedn.org\/page\/la-revue-defense\" target=\"_blank\" rel=\"noopener\">Defence Review<\/a><\/strong> of the\u2019<a href=\"https:\/\/www.union-ihedn.org\/\" target=\"_blank\" rel=\"noopener\">UNION-IHEDN<\/a>, dedicated to arms exports.<\/p>\n<p>Entitled \u00abLes <strong>arms exports<\/strong> What does the <strong>academic literature<\/strong> The aim of Julien Malizard's article is to <strong>briefly present some results drawn from scientific publications<\/strong> relating to arms exports.<\/p>\n<p>Indeed, while defence policy issues remain confined to a small community of experts and practitioners, the subject of arms exports is the only one that makes the news from time to time, usually from the point of view of the \"European Security and Defence Policy\". <strong>controversy<\/strong>, When it comes to analysing the reasons behind export decisions, or in the event of misuse by customer countries.<\/p>\n<p>From this point of view, <strong>academic research can contribute to collective reflection in an objective and calm manner<\/strong>.<\/p>\n<p style=\"text-align: center;\"><a href=\"https:\/\/ecodef-ihedn.fr\/wp-content\/uploads\/2023\/06\/Defense215-J_Malizard.pdf\" target=\"_blank\" rel=\"noopener\"><span class=\"td_btn td_btn_md td_default_btn\">download article<\/span><\/a><\/p>","protected":false},"excerpt":{"rendered":"<p>Julien Malizard a contribu\u00e9 au dernier num\u00e9ro de la revue D\u00e9fense de l&rsquo;UNION-IHEDN, consacr\u00e9 aux exportations d&rsquo;armement. Intitul\u00e9 \u00ab\u00a0Les exportations d\u2019armement : qu\u2019en dit la litt\u00e9rature acad\u00e9mique ?\u00a0\u00bb, l&rsquo;article de Julien Malizard vise \u00e0 pr\u00e9senter bri\u00e8vement quelques r\u00e9sultats tir\u00e9s de publications scientifiques relatives aux exportations d&rsquo;armement. En effet, si les questions relatives aux politiques de [&hellip;]<\/p>\n","protected":false},"author":2,"featured_media":7958,"comment_status":"open","ping_status":"open","sticky":false,"template":"","format":"standard","meta":{"footnotes":""},"categories":[34,358],"tags":[374,479,86,662,663],"class_list":{"0":"post-7954","1":"post","2":"type-post","3":"status-publish","4":"format-standard","5":"has-post-thumbnail","7":"category-activites","8":"category-medias","9":"tag-article","10":"tag-exportations-darmement","11":"tag-julien-malizard","12":"tag-revue-defense","13":"tag-union-ihedn"},"yoast_head":"<!-- This site is optimized with the Yoast SEO plugin v27.4 - https:\/\/yoast.com\/product\/yoast-seo-wordpress\/ -->\n<title>&quot;Les exportations d\u2019armement : qu\u2019en dit la litt\u00e9rature acad\u00e9mique ?&quot; article de Julien Malizard dans la revue D\u00e9fense de l&#039;UNION-IHEDN - Chaire \u00c9conomie de d\u00e9fense - IHEDN<\/title>\n<meta name=\"robots\" content=\"index, follow, max-snippet:-1, max-image-preview:large, max-video-preview:-1\" \/>\n<link rel=\"canonical\" href=\"https:\/\/ecodef-ihedn.fr\/en\/les-exportations-darmement-quen-dit-la-litterature-academique-article-de-julien-malizard-dans-la-revue-defense-de-lunion-ihedn\/\" \/>\n<meta property=\"og:locale\" content=\"en_GB\" \/>\n<meta property=\"og:type\" content=\"article\" \/>\n<meta property=\"og:title\" content=\"&quot;Les exportations d\u2019armement : qu\u2019en dit la litt\u00e9rature acad\u00e9mique ?&quot; article de Julien Malizard dans la revue D\u00e9fense de l&#039;UNION-IHEDN - Chaire \u00c9conomie de d\u00e9fense - IHEDN\" \/>\n<meta property=\"og:description\" content=\"Julien Malizard a contribu\u00e9 au dernier num\u00e9ro de la revue D\u00e9fense de l&rsquo;UNION-IHEDN, consacr\u00e9 aux exportations d&rsquo;armement. Intitul\u00e9 \u00ab\u00a0Les exportations d\u2019armement : qu\u2019en dit la litt\u00e9rature acad\u00e9mique ?\u00a0\u00bb, l&rsquo;article de Julien Malizard vise \u00e0 pr\u00e9senter bri\u00e8vement quelques r\u00e9sultats tir\u00e9s de publications scientifiques relatives aux exportations d&rsquo;armement. En effet, si les questions relatives aux politiques de [&hellip;]\" \/>\n<meta property=\"og:url\" content=\"https:\/\/ecodef-ihedn.fr\/en\/les-exportations-darmement-quen-dit-la-litterature-academique-article-de-julien-malizard-dans-la-revue-defense-de-lunion-ihedn\/\" \/>\n<meta property=\"og:site_name\" content=\"Chaire \u00c9conomie de d\u00e9fense - IHEDN\" \/>\n<meta property=\"article:published_time\" content=\"2023-05-31T09:55:23+00:00\" \/>\n<meta property=\"article:modified_time\" content=\"2023-07-27T13:50:09+00:00\" \/>\n<meta property=\"og:image\" content=\"https:\/\/ecodef-ihedn.fr\/wp-content\/uploads\/2023\/05\/Defense-215-couv-7-5.jpg\" \/>\n\t<meta property=\"og:image:width\" content=\"700\" \/>\n\t<meta property=\"og:image:height\" content=\"500\" \/>\n\t<meta property=\"og:image:type\" content=\"image\/jpeg\" \/>\n<meta name=\"author\" content=\"Bertrand Demandre\" \/>\n<meta name=\"twitter:card\" content=\"summary_large_image\" \/>\n<meta name=\"twitter:creator\" content=\"@Chaire_Ecodef\" \/>\n<meta name=\"twitter:site\" content=\"@Chaire_Ecodef\" \/>\n<meta name=\"twitter:label1\" content=\"Written by\" \/>\n\t<meta name=\"twitter:data1\" content=\"Bertrand Demandre\" \/>\n\t<meta name=\"twitter:label2\" content=\"Estimated reading time\" \/>\n\t<meta name=\"twitter:data2\" content=\"1 minute\" \/>\n<script type=\"application\/ld+json\" class=\"yoast-schema-graph\">{\"@context\":\"https:\\\/\\\/schema.org\",\"@graph\":[{\"@type\":\"Article\",\"@id\":\"https:\\\/\\\/ecodef-ihedn.fr\\\/les-exportations-darmement-quen-dit-la-litterature-academique-article-de-julien-malizard-dans-la-revue-defense-de-lunion-ihedn\\\/#article\",\"isPartOf\":{\"@id\":\"https:\\\/\\\/ecodef-ihedn.fr\\\/les-exportations-darmement-quen-dit-la-litterature-academique-article-de-julien-malizard-dans-la-revue-defense-de-lunion-ihedn\\\/\"},\"author\":{\"name\":\"Bertrand Demandre\",\"@id\":\"https:\\\/\\\/ecodef-ihedn.fr\\\/#\\\/schema\\\/person\\\/1cdf22d028cebe278126a6e07a884d30\"},\"headline\":\"\u00ab\u00a0Les exportations d\u2019armement : qu\u2019en dit la litt\u00e9rature acad\u00e9mique ?\u00a0\u00bb article de Julien Malizard dans la revue D\u00e9fense de l&rsquo;UNION-IHEDN\",\"datePublished\":\"2023-05-31T09:55:23+00:00\",\"dateModified\":\"2023-07-27T13:50:09+00:00\",\"mainEntityOfPage\":{\"@id\":\"https:\\\/\\\/ecodef-ihedn.fr\\\/les-exportations-darmement-quen-dit-la-litterature-academique-article-de-julien-malizard-dans-la-revue-defense-de-lunion-ihedn\\\/\"},\"wordCount\":183,\"commentCount\":0,\"publisher\":{\"@id\":\"https:\\\/\\\/ecodef-ihedn.fr\\\/#organization\"},\"image\":{\"@id\":\"https:\\\/\\\/ecodef-ihedn.fr\\\/les-exportations-darmement-quen-dit-la-litterature-academique-article-de-julien-malizard-dans-la-revue-defense-de-lunion-ihedn\\\/#primaryimage\"},\"thumbnailUrl\":\"https:\\\/\\\/ecodef-ihedn.fr\\\/wp-content\\\/uploads\\\/2023\\\/05\\\/Defense-215-couv-7-5.jpg\",\"keywords\":[\"article\",\"exportations d&#039;armement\",\"Julien Malizard\",\"revue D\u00e9fense\",\"UNION-IHEDN\"],\"articleSection\":[\"Activit\u00e9s\",\"M\u00e9dias\"],\"inLanguage\":\"en-GB\",\"potentialAction\":[{\"@type\":\"CommentAction\",\"name\":\"Comment\",\"target\":[\"https:\\\/\\\/ecodef-ihedn.fr\\\/les-exportations-darmement-quen-dit-la-litterature-academique-article-de-julien-malizard-dans-la-revue-defense-de-lunion-ihedn\\\/#respond\"]}]},{\"@type\":\"WebPage\",\"@id\":\"https:\\\/\\\/ecodef-ihedn.fr\\\/les-exportations-darmement-quen-dit-la-litterature-academique-article-de-julien-malizard-dans-la-revue-defense-de-lunion-ihedn\\\/\",\"url\":\"https:\\\/\\\/ecodef-ihedn.fr\\\/les-exportations-darmement-quen-dit-la-litterature-academique-article-de-julien-malizard-dans-la-revue-defense-de-lunion-ihedn\\\/\",\"name\":\"\\\"Les exportations d\u2019armement : qu\u2019en dit la litt\u00e9rature acad\u00e9mique ?\\\" article de Julien Malizard dans la revue D\u00e9fense de l'UNION-IHEDN - Chaire \u00c9conomie de d\u00e9fense - IHEDN\",\"isPartOf\":{\"@id\":\"https:\\\/\\\/ecodef-ihedn.fr\\\/#website\"},\"primaryImageOfPage\":{\"@id\":\"https:\\\/\\\/ecodef-ihedn.fr\\\/les-exportations-darmement-quen-dit-la-litterature-academique-article-de-julien-malizard-dans-la-revue-defense-de-lunion-ihedn\\\/#primaryimage\"},\"image\":{\"@id\":\"https:\\\/\\\/ecodef-ihedn.fr\\\/les-exportations-darmement-quen-dit-la-litterature-academique-article-de-julien-malizard-dans-la-revue-defense-de-lunion-ihedn\\\/#primaryimage\"},\"thumbnailUrl\":\"https:\\\/\\\/ecodef-ihedn.fr\\\/wp-content\\\/uploads\\\/2023\\\/05\\\/Defense-215-couv-7-5.jpg\",\"datePublished\":\"2023-05-31T09:55:23+00:00\",\"dateModified\":\"2023-07-27T13:50:09+00:00\",\"breadcrumb\":{\"@id\":\"https:\\\/\\\/ecodef-ihedn.fr\\\/les-exportations-darmement-quen-dit-la-litterature-academique-article-de-julien-malizard-dans-la-revue-defense-de-lunion-ihedn\\\/#breadcrumb\"},\"inLanguage\":\"en-GB\",\"potentialAction\":[{\"@type\":\"ReadAction\",\"target\":[\"https:\\\/\\\/ecodef-ihedn.fr\\\/les-exportations-darmement-quen-dit-la-litterature-academique-article-de-julien-malizard-dans-la-revue-defense-de-lunion-ihedn\\\/\"]}]},{\"@type\":\"ImageObject\",\"inLanguage\":\"en-GB\",\"@id\":\"https:\\\/\\\/ecodef-ihedn.fr\\\/les-exportations-darmement-quen-dit-la-litterature-academique-article-de-julien-malizard-dans-la-revue-defense-de-lunion-ihedn\\\/#primaryimage\",\"url\":\"https:\\\/\\\/ecodef-ihedn.fr\\\/wp-content\\\/uploads\\\/2023\\\/05\\\/Defense-215-couv-7-5.jpg\",\"contentUrl\":\"https:\\\/\\\/ecodef-ihedn.fr\\\/wp-content\\\/uploads\\\/2023\\\/05\\\/Defense-215-couv-7-5.jpg\",\"width\":700,\"height\":500},{\"@type\":\"BreadcrumbList\",\"@id\":\"https:\\\/\\\/ecodef-ihedn.fr\\\/les-exportations-darmement-quen-dit-la-litterature-academique-article-de-julien-malizard-dans-la-revue-defense-de-lunion-ihedn\\\/#breadcrumb\",\"itemListElement\":[{\"@type\":\"ListItem\",\"position\":1,\"name\":\"Accueil\",\"item\":\"https:\\\/\\\/ecodef-ihedn.fr\\\/\"},{\"@type\":\"ListItem\",\"position\":2,\"name\":\"&#8220;Les exportations d\u2019armement : qu\u2019en dit la litt\u00e9rature acad\u00e9mique ?&#8221; article de Julien Malizard dans la revue D\u00e9fense de l&#8217;UNION-IHEDN\"}]},{\"@type\":\"WebSite\",\"@id\":\"https:\\\/\\\/ecodef-ihedn.fr\\\/#website\",\"url\":\"https:\\\/\\\/ecodef-ihedn.fr\\\/\",\"name\":\"Chaire \u00c9conomie de D\u00e9fense - IHEDN\",\"description\":\"Produire &amp; soutenir, f\u00e9d\u00e9rer &amp; diffuser, \u00eatre une interface\",\"publisher\":{\"@id\":\"https:\\\/\\\/ecodef-ihedn.fr\\\/#organization\"},\"potentialAction\":[{\"@type\":\"SearchAction\",\"target\":{\"@type\":\"EntryPoint\",\"urlTemplate\":\"https:\\\/\\\/ecodef-ihedn.fr\\\/?s={search_term_string}\"},\"query-input\":{\"@type\":\"PropertyValueSpecification\",\"valueRequired\":true,\"valueName\":\"search_term_string\"}}],\"inLanguage\":\"en-GB\"},{\"@type\":\"Organization\",\"@id\":\"https:\\\/\\\/ecodef-ihedn.fr\\\/#organization\",\"name\":\"Chaire \u00c9conomie de d\u00e9fense - IHEDN\",\"url\":\"https:\\\/\\\/ecodef-ihedn.fr\\\/\",\"logo\":{\"@type\":\"ImageObject\",\"inLanguage\":\"en-GB\",\"@id\":\"https:\\\/\\\/ecodef-ihedn.fr\\\/#\\\/schema\\\/logo\\\/image\\\/\",\"url\":\"https:\\\/\\\/ecodef-ihedn.fr\\\/wp-content\\\/uploads\\\/2020\\\/04\\\/logoEcodef9.jpg\",\"contentUrl\":\"https:\\\/\\\/ecodef-ihedn.fr\\\/wp-content\\\/uploads\\\/2020\\\/04\\\/logoEcodef9.jpg\",\"width\":410,\"height\":212,\"caption\":\"Chaire \u00c9conomie de d\u00e9fense - IHEDN\"},\"image\":{\"@id\":\"https:\\\/\\\/ecodef-ihedn.fr\\\/#\\\/schema\\\/logo\\\/image\\\/\"},\"sameAs\":[\"https:\\\/\\\/x.com\\\/Chaire_Ecodef\",\"https:\\\/\\\/www.linkedin.com\\\/company\\\/chaire-ecodef-ihedn\\\/\"]},{\"@type\":\"Person\",\"@id\":\"https:\\\/\\\/ecodef-ihedn.fr\\\/#\\\/schema\\\/person\\\/1cdf22d028cebe278126a6e07a884d30\",\"name\":\"Bertrand Demandre\",\"image\":{\"@type\":\"ImageObject\",\"inLanguage\":\"en-GB\",\"@id\":\"https:\\\/\\\/secure.gravatar.com\\\/avatar\\\/d9c9746d6c900ab5b9c0f9b1fa3932e369da923da247d624b8f7ab4ba8a3c093?s=96&d=mm&r=g\",\"url\":\"https:\\\/\\\/secure.gravatar.com\\\/avatar\\\/d9c9746d6c900ab5b9c0f9b1fa3932e369da923da247d624b8f7ab4ba8a3c093?s=96&d=mm&r=g\",\"contentUrl\":\"https:\\\/\\\/secure.gravatar.com\\\/avatar\\\/d9c9746d6c900ab5b9c0f9b1fa3932e369da923da247d624b8f7ab4ba8a3c093?s=96&d=mm&r=g\",\"caption\":\"Bertrand Demandre\"},\"url\":\"https:\\\/\\\/ecodef-ihedn.fr\\\/en\\\/author\\\/bertrand\\\/\"}]}<\/script>\n<!-- \/ Yoast SEO plugin. -->","yoast_head_json":{"title":"\"Les exportations d\u2019armement : qu\u2019en dit la litt\u00e9rature acad\u00e9mique ?\" article de Julien Malizard dans la revue D\u00e9fense de l'UNION-IHEDN - Chaire \u00c9conomie de d\u00e9fense - IHEDN","robots":{"index":"index","follow":"follow","max-snippet":"max-snippet:-1","max-image-preview":"max-image-preview:large","max-video-preview":"max-video-preview:-1"},"canonical":"https:\/\/ecodef-ihedn.fr\/en\/les-exportations-darmement-quen-dit-la-litterature-academique-article-de-julien-malizard-dans-la-revue-defense-de-lunion-ihedn\/","og_locale":"en_GB","og_type":"article","og_title":"\"Les exportations d\u2019armement : qu\u2019en dit la litt\u00e9rature acad\u00e9mique ?\" article de Julien Malizard dans la revue D\u00e9fense de l'UNION-IHEDN - Chaire \u00c9conomie de d\u00e9fense - IHEDN","og_description":"Julien Malizard a contribu\u00e9 au dernier num\u00e9ro de la revue D\u00e9fense de l&rsquo;UNION-IHEDN, consacr\u00e9 aux exportations d&rsquo;armement. Intitul\u00e9 \u00ab\u00a0Les exportations d\u2019armement : qu\u2019en dit la litt\u00e9rature acad\u00e9mique ?\u00a0\u00bb, l&rsquo;article de Julien Malizard vise \u00e0 pr\u00e9senter bri\u00e8vement quelques r\u00e9sultats tir\u00e9s de publications scientifiques relatives aux exportations d&rsquo;armement. En effet, si les questions relatives aux politiques de [&hellip;]","og_url":"https:\/\/ecodef-ihedn.fr\/en\/les-exportations-darmement-quen-dit-la-litterature-academique-article-de-julien-malizard-dans-la-revue-defense-de-lunion-ihedn\/","og_site_name":"Chaire \u00c9conomie de d\u00e9fense - IHEDN","article_published_time":"2023-05-31T09:55:23+00:00","article_modified_time":"2023-07-27T13:50:09+00:00","og_image":[{"width":700,"height":500,"url":"https:\/\/ecodef-ihedn.fr\/wp-content\/uploads\/2023\/05\/Defense-215-couv-7-5.jpg","type":"image\/jpeg"}],"author":"Bertrand Demandre","twitter_card":"summary_large_image","twitter_creator":"@Chaire_Ecodef","twitter_site":"@Chaire_Ecodef","twitter_misc":{"Written by":"Bertrand Demandre","Estimated reading time":"1 minute"},"schema":{"@context":"https:\/\/schema.org","@graph":[{"@type":"Article","@id":"https:\/\/ecodef-ihedn.fr\/les-exportations-darmement-quen-dit-la-litterature-academique-article-de-julien-malizard-dans-la-revue-defense-de-lunion-ihedn\/#article","isPartOf":{"@id":"https:\/\/ecodef-ihedn.fr\/les-exportations-darmement-quen-dit-la-litterature-academique-article-de-julien-malizard-dans-la-revue-defense-de-lunion-ihedn\/"},"author":{"name":"Bertrand Demandre","@id":"https:\/\/ecodef-ihedn.fr\/#\/schema\/person\/1cdf22d028cebe278126a6e07a884d30"},"headline":"\u00ab\u00a0Les exportations d\u2019armement : qu\u2019en dit la litt\u00e9rature acad\u00e9mique ?\u00a0\u00bb article de Julien Malizard dans la revue D\u00e9fense de l&rsquo;UNION-IHEDN","datePublished":"2023-05-31T09:55:23+00:00","dateModified":"2023-07-27T13:50:09+00:00","mainEntityOfPage":{"@id":"https:\/\/ecodef-ihedn.fr\/les-exportations-darmement-quen-dit-la-litterature-academique-article-de-julien-malizard-dans-la-revue-defense-de-lunion-ihedn\/"},"wordCount":183,"commentCount":0,"publisher":{"@id":"https:\/\/ecodef-ihedn.fr\/#organization"},"image":{"@id":"https:\/\/ecodef-ihedn.fr\/les-exportations-darmement-quen-dit-la-litterature-academique-article-de-julien-malizard-dans-la-revue-defense-de-lunion-ihedn\/#primaryimage"},"thumbnailUrl":"https:\/\/ecodef-ihedn.fr\/wp-content\/uploads\/2023\/05\/Defense-215-couv-7-5.jpg","keywords":["article","exportations d&#039;armement","Julien Malizard","revue D\u00e9fense","UNION-IHEDN"],"articleSection":["Activit\u00e9s","M\u00e9dias"],"inLanguage":"en-GB","potentialAction":[{"@type":"CommentAction","name":"Comment","target":["https:\/\/ecodef-ihedn.fr\/les-exportations-darmement-quen-dit-la-litterature-academique-article-de-julien-malizard-dans-la-revue-defense-de-lunion-ihedn\/#respond"]}]},{"@type":"WebPage","@id":"https:\/\/ecodef-ihedn.fr\/les-exportations-darmement-quen-dit-la-litterature-academique-article-de-julien-malizard-dans-la-revue-defense-de-lunion-ihedn\/","url":"https:\/\/ecodef-ihedn.fr\/les-exportations-darmement-quen-dit-la-litterature-academique-article-de-julien-malizard-dans-la-revue-defense-de-lunion-ihedn\/","name":"\"Les exportations d\u2019armement : qu\u2019en dit la litt\u00e9rature acad\u00e9mique ?\" article de Julien Malizard dans la revue D\u00e9fense de l'UNION-IHEDN - Chaire \u00c9conomie de d\u00e9fense - IHEDN","isPartOf":{"@id":"https:\/\/ecodef-ihedn.fr\/#website"},"primaryImageOfPage":{"@id":"https:\/\/ecodef-ihedn.fr\/les-exportations-darmement-quen-dit-la-litterature-academique-article-de-julien-malizard-dans-la-revue-defense-de-lunion-ihedn\/#primaryimage"},"image":{"@id":"https:\/\/ecodef-ihedn.fr\/les-exportations-darmement-quen-dit-la-litterature-academique-article-de-julien-malizard-dans-la-revue-defense-de-lunion-ihedn\/#primaryimage"},"thumbnailUrl":"https:\/\/ecodef-ihedn.fr\/wp-content\/uploads\/2023\/05\/Defense-215-couv-7-5.jpg","datePublished":"2023-05-31T09:55:23+00:00","dateModified":"2023-07-27T13:50:09+00:00","breadcrumb":{"@id":"https:\/\/ecodef-ihedn.fr\/les-exportations-darmement-quen-dit-la-litterature-academique-article-de-julien-malizard-dans-la-revue-defense-de-lunion-ihedn\/#breadcrumb"},"inLanguage":"en-GB","potentialAction":[{"@type":"ReadAction","target":["https:\/\/ecodef-ihedn.fr\/les-exportations-darmement-quen-dit-la-litterature-academique-article-de-julien-malizard-dans-la-revue-defense-de-lunion-ihedn\/"]}]},{"@type":"ImageObject","inLanguage":"en-GB","@id":"https:\/\/ecodef-ihedn.fr\/les-exportations-darmement-quen-dit-la-litterature-academique-article-de-julien-malizard-dans-la-revue-defense-de-lunion-ihedn\/#primaryimage","url":"https:\/\/ecodef-ihedn.fr\/wp-content\/uploads\/2023\/05\/Defense-215-couv-7-5.jpg","contentUrl":"https:\/\/ecodef-ihedn.fr\/wp-content\/uploads\/2023\/05\/Defense-215-couv-7-5.jpg","width":700,"height":500},{"@type":"BreadcrumbList","@id":"https:\/\/ecodef-ihedn.fr\/les-exportations-darmement-quen-dit-la-litterature-academique-article-de-julien-malizard-dans-la-revue-defense-de-lunion-ihedn\/#breadcrumb","itemListElement":[{"@type":"ListItem","position":1,"name":"Accueil","item":"https:\/\/ecodef-ihedn.fr\/"},{"@type":"ListItem","position":2,"name":"&#8220;Les exportations d\u2019armement : qu\u2019en dit la litt\u00e9rature acad\u00e9mique ?&#8221; article de Julien Malizard dans la revue D\u00e9fense de l&#8217;UNION-IHEDN"}]},{"@type":"WebSite","@id":"https:\/\/ecodef-ihedn.fr\/#website","url":"https:\/\/ecodef-ihedn.fr\/","name":"Chair in Defence Economics - IHEDN","description":"Produce &amp; support, federate &amp; disseminate, act as an interface","publisher":{"@id":"https:\/\/ecodef-ihedn.fr\/#organization"},"potentialAction":[{"@type":"SearchAction","target":{"@type":"EntryPoint","urlTemplate":"https:\/\/ecodef-ihedn.fr\/?s={search_term_string}"},"query-input":{"@type":"PropertyValueSpecification","valueRequired":true,"valueName":"search_term_string"}}],"inLanguage":"en-GB"},{"@type":"Organization","@id":"https:\/\/ecodef-ihedn.fr\/#organization","name":"Chair in Defence Economics - IHEDN","url":"https:\/\/ecodef-ihedn.fr\/","logo":{"@type":"ImageObject","inLanguage":"en-GB","@id":"https:\/\/ecodef-ihedn.fr\/#\/schema\/logo\/image\/","url":"https:\/\/ecodef-ihedn.fr\/wp-content\/uploads\/2020\/04\/logoEcodef9.jpg","contentUrl":"https:\/\/ecodef-ihedn.fr\/wp-content\/uploads\/2020\/04\/logoEcodef9.jpg","width":410,"height":212,"caption":"Chaire \u00c9conomie de d\u00e9fense - IHEDN"},"image":{"@id":"https:\/\/ecodef-ihedn.fr\/#\/schema\/logo\/image\/"},"sameAs":["https:\/\/x.com\/Chaire_Ecodef","https:\/\/www.linkedin.com\/company\/chaire-ecodef-ihedn\/"]},{"@type":"Person","@id":"https:\/\/ecodef-ihedn.fr\/#\/schema\/person\/1cdf22d028cebe278126a6e07a884d30","name":"Bertrand Demandre","image":{"@type":"ImageObject","inLanguage":"en-GB","@id":"https:\/\/secure.gravatar.com\/avatar\/d9c9746d6c900ab5b9c0f9b1fa3932e369da923da247d624b8f7ab4ba8a3c093?s=96&d=mm&r=g","url":"https:\/\/secure.gravatar.com\/avatar\/d9c9746d6c900ab5b9c0f9b1fa3932e369da923da247d624b8f7ab4ba8a3c093?s=96&d=mm&r=g","contentUrl":"https:\/\/secure.gravatar.com\/avatar\/d9c9746d6c900ab5b9c0f9b1fa3932e369da923da247d624b8f7ab4ba8a3c093?s=96&d=mm&r=g","caption":"Bertrand Demandre"},"url":"https:\/\/ecodef-ihedn.fr\/en\/author\/bertrand\/"}]}},"_links":{"self":[{"href":"https:\/\/ecodef-ihedn.fr\/en\/wp-json\/wp\/v2\/posts\/7954","targetHints":{"allow":["GET"]}}],"collection":[{"href":"https:\/\/ecodef-ihedn.fr\/en\/wp-json\/wp\/v2\/posts"}],"about":[{"href":"https:\/\/ecodef-ihedn.fr\/en\/wp-json\/wp\/v2\/types\/post"}],"author":[{"embeddable":true,"href":"https:\/\/ecodef-ihedn.fr\/en\/wp-json\/wp\/v2\/users\/2"}],"replies":[{"embeddable":true,"href":"https:\/\/ecodef-ihedn.fr\/en\/wp-json\/wp\/v2\/comments?post=7954"}],"version-history":[{"count":4,"href":"https:\/\/ecodef-ihedn.fr\/en\/wp-json\/wp\/v2\/posts\/7954\/revisions"}],"predecessor-version":[{"id":8017,"href":"https:\/\/ecodef-ihedn.fr\/en\/wp-json\/wp\/v2\/posts\/7954\/revisions\/8017"}],"wp:featuredmedia":[{"embeddable":true,"href":"https:\/\/ecodef-ihedn.fr\/en\/wp-json\/wp\/v2\/media\/7958"}],"wp:attachment":[{"href":"https:\/\/ecodef-ihedn.fr\/en\/wp-json\/wp\/v2\/media?parent=7954"}],"wp:term":[{"taxonomy":"category","embeddable":true,"href":"https:\/\/ecodef-ihedn.fr\/en\/wp-json\/wp\/v2\/categories?post=7954"},{"taxonomy":"post_tag","embeddable":true,"href":"https:\/\/ecodef-ihedn.fr\/en\/wp-json\/wp\/v2\/tags?post=7954"}],"curies":[{"name":"wp","href":"https:\/\/api.w.org\/{rel}","templated":true}]}}