{"id":7962,"date":"2023-06-08T08:06:19","date_gmt":"2023-06-08T08:06:19","guid":{"rendered":"https:\/\/ecodef-ihedn.fr\/?p=7962"},"modified":"2023-06-27T13:12:43","modified_gmt":"2023-06-27T13:12:43","slug":"participation-de-la-chaire-a-la-journee-innovation-2023-rri","status":"publish","type":"post","link":"https:\/\/ecodef-ihedn.fr\/en\/participation-de-la-chaire-a-la-journee-innovation-2023-rri\/","title":{"rendered":"Participation of the Chair in the 2023 RRI Innovation Day"},"content":{"rendered":"<p>La <a href=\"https:\/\/rri.univ-littoral.fr\/journee-innovation-2023\/\" target=\"_blank\" rel=\"noopener\">Innovation Day 2023 RRI<\/a> was held on Thursday 7 June 2023 at ENSTA Paristech (Palaiseau). It brought together around fifty participants: representatives from the academic world, public decision-makers and managers of start-ups based in the Paris region. <a href=\"https:\/\/www.ip-paris.fr\/thematiques\/campus\" target=\"_blank\" rel=\"noopener\">Institut Polytechnique de Paris (IPP) campus<\/a>.<\/p>\n<p><a href=\"https:\/\/ecodef-ihedn.fr\/wp-content\/uploads\/2023\/06\/journee-innovation-2023.jpg\" target=\"_blank\" rel=\"noopener\"><img loading=\"lazy\" decoding=\"async\" class=\"aligncenter\" src=\"https:\/\/ecodef-ihedn.fr\/wp-content\/uploads\/2023\/06\/journee-innovation-2023.jpg\" alt=\"\" width=\"1916\" height=\"1077\" \/><\/a><\/p>\n<p>Organised jointly by the\u2019<a href=\"https:\/\/www.ensta-paris.fr\/\" target=\"_blank\" rel=\"noopener\">ENSTA Paristech<\/a>, the <a href=\"https:\/\/www.ip-paris.fr\/recherche\/centres-interdisciplinaires\/cieds-centre-interdisciplinaire-detudes-pour-la-defense-et-la-securite\" target=\"_blank\" rel=\"noopener\">Interdisciplinary Centre for Defence and Security Studies (CIEDS)<\/a>, the <a href=\"https:\/\/rri.univ-littoral.fr\/\" target=\"_blank\" rel=\"noopener\">Innovation Research Network (RRI)<\/a>, l\u2019<a href=\"https:\/\/www.ecole-air-espace.fr\/\" target=\"_blank\" rel=\"noopener\">Air and Space School<\/a>, l\u2019<a href=\"https:\/\/www.irsem.fr\/\" target=\"_blank\" rel=\"noopener\">Strategic Research Institute of the \u00c9cole Militaire (IRSEM)<\/a> and the <a href=\"https:\/\/ecodef-ihedn.fr\/en\/\" target=\"_blank\" rel=\"noopener\">Chair in Defence Economics - IHEDN<\/a>, This day of debates was devoted to the theme of <strong>innovation in the defence industries against a backdrop of geopolitical tensions<\/strong>.<\/p>\n<p>The aim was to discuss <strong>specific features of the defence sector<\/strong> (product complexity, length of production cycles, specialisation of the value chain, etc.) in the light of international risks, and also to gain a better grasp of the risks involved. <strong>links with the civil sphere<\/strong>, This is particularly true when it comes to issues of technological sovereignty.<\/p>\n<figure id=\"attachment_7968\" aria-describedby=\"caption-attachment-7968\" style=\"width: 696px\" class=\"wp-caption aligncenter\"><a href=\"https:\/\/ecodef-ihedn.fr\/wp-content\/uploads\/2023\/06\/JI2023-DSC_0036-scaled.jpg\" target=\"_blank\" rel=\"noopener\"><img loading=\"lazy\" decoding=\"async\" class=\"wp-image-7968 size-large\" src=\"https:\/\/ecodef-ihedn.fr\/wp-content\/uploads\/2023\/06\/JI2023-DSC_0036-1024x624.jpg\" alt=\"\" width=\"696\" height=\"424\" srcset=\"https:\/\/ecodef-ihedn.fr\/wp-content\/uploads\/2023\/06\/JI2023-DSC_0036-1024x624.jpg 1024w, https:\/\/ecodef-ihedn.fr\/wp-content\/uploads\/2023\/06\/JI2023-DSC_0036-300x183.jpg 300w, https:\/\/ecodef-ihedn.fr\/wp-content\/uploads\/2023\/06\/JI2023-DSC_0036-768x468.jpg 768w, https:\/\/ecodef-ihedn.fr\/wp-content\/uploads\/2023\/06\/JI2023-DSC_0036-1536x935.jpg 1536w, https:\/\/ecodef-ihedn.fr\/wp-content\/uploads\/2023\/06\/JI2023-DSC_0036-2048x1247.jpg 2048w, https:\/\/ecodef-ihedn.fr\/wp-content\/uploads\/2023\/06\/JI2023-DSC_0036-696x424.jpg 696w, https:\/\/ecodef-ihedn.fr\/wp-content\/uploads\/2023\/06\/JI2023-DSC_0036-1392x848.jpg 1392w, https:\/\/ecodef-ihedn.fr\/wp-content\/uploads\/2023\/06\/JI2023-DSC_0036-1068x650.jpg 1068w, https:\/\/ecodef-ihedn.fr\/wp-content\/uploads\/2023\/06\/JI2023-DSC_0036-1920x1169.jpg 1920w, https:\/\/ecodef-ihedn.fr\/wp-content\/uploads\/2023\/06\/JI2023-DSC_0036-690x420.jpg 690w, https:\/\/ecodef-ihedn.fr\/wp-content\/uploads\/2023\/06\/JI2023-DSC_0036-1379x840.jpg 1379w\" sizes=\"auto, (max-width: 696px) 100vw, 696px\" \/><\/a><figcaption id=\"caption-attachment-7968\" class=\"wp-caption-text\">Julien Malizard, 2023 RRI Innovation Day<\/figcaption><\/figure>\n<p>The Chair's team has been involved on three occasions:<\/p>\n<ol>\n<li><strong>Julien Malizard<\/strong>, Deputy Chair, gave the keynote address. <strong>inaugural conference<\/strong> alongside IGA Nicolas Cordier-Lallouet, deputy director of the\u2019<a href=\"https:\/\/www.defense.gouv.fr\/aid\" target=\"_blank\" rel=\"noopener\">Defence Innovation Agency (DIA)<\/a>. His presentation consisted of putting the academic literature in economics on innovation issues into perspective. His presentation was structured around three points:<\/li>\n<\/ol>\n<ul>\n<li>La <strong>justification for innovation<\/strong> in the field of defence (with the quantity-quality dilemma); ;<\/li>\n<li>The <strong>resources devoted to defence innovation<\/strong> (state support in a context of a massive increase in innovation from the private sector); ;<\/li>\n<li>The <strong>economic impact of defence innovation<\/strong> (macroeconomic spin-offs and technology dissemination).<\/li>\n<\/ul>\n<ol start=\"2\">\n<li><strong>Jean Belin<\/strong>, Chair, moderated the round-table discussion on <strong>innovation ecosystems<\/strong>, during which Beno\u00eet Rademacher, Deputy Director of IRSEM, presented the study co-authored with <strong>Josselin Droff<\/strong>, Researcher at the Chair dedicated to the\u2019<a href=\"https:\/\/ecodef-ihedn.fr\/en\/mco-4-0-nouvelles-technologies-et-maintien-en-condition-operationnelle\/\" target=\"_blank\" rel=\"noopener\">application of industry 4.0 technologies in the field of operational maintenance<\/a>.<\/li>\n<li><strong>Jean Belin<\/strong> then presented the work of the Chair during the workshop devoted to SHS research programmes in defence.<\/li>\n<\/ol>\n<p style=\"text-align: center;\"><a href=\"https:\/\/ecodef-ihedn.fr\/wp-content\/uploads\/2023\/06\/JI-Programme.pdf\" target=\"_blank\" rel=\"noopener\"><span class=\"td_btn td_btn_md td_default_btn\">detailed programme for the day<\/span><\/a><\/p>","protected":false},"excerpt":{"rendered":"<p>La Journ\u00e9e innovation 2023 RRI a eu lieu le jeudi 7 juin 2023 \u00e0 l&rsquo;ENSTA Paristech (Palaiseau). Elle a rassembl\u00e9 une cinquantaine de participants : repr\u00e9sentants du monde acad\u00e9mique, d\u00e9cideurs publics et responsables de start-ups situ\u00e9es sur le campus de l&rsquo;Institut Polytechnique de Paris (IPP). Organis\u00e9e conjointement par l&rsquo;ENSTA Paristech, le Centre interdisciplinaire d\u2019\u00e9tudes pour [&hellip;]<\/p>\n","protected":false},"author":2,"featured_media":7968,"comment_status":"open","ping_status":"open","sticky":false,"template":"","format":"standard","meta":{"footnotes":""},"categories":[34,356],"tags":[221,280,211,667,668,669,666,60,323,670,196,287,202,671,86,665,664],"class_list":{"0":"post-7962","1":"post","2":"type-post","3":"status-publish","4":"format-standard","5":"has-post-thumbnail","7":"category-activites","8":"category-activites-participation-de-la-chaire-a-un-evenement","9":"tag-agence-de-linnovation-de-defense","10":"tag-aid","11":"tag-bitd","12":"tag-centre-interdisciplinaire-detudes-pour-la-defense-et-la-securite","13":"tag-cieds","14":"tag-ecole-de-lair-et-de-lespace","15":"tag-ensta-paristech","16":"tag-innovation","17":"tag-innovation-de-defense","18":"tag-institut-de-recherche-strategique-de-lecole-militaire","19":"tag-irsem","20":"tag-jean-belin","21":"tag-josselin-droff","22":"tag-journee-innovation-2023-rri","23":"tag-julien-malizard","24":"tag-reseau-de-recherche-sur-linnovation","25":"tag-rri"},"yoast_head":"<!-- This site is optimized with the Yoast SEO plugin v27.4 - https:\/\/yoast.com\/product\/yoast-seo-wordpress\/ -->\n<title>Participation de la Chaire \u00e0 la Journ\u00e9e innovation 2023 RRI - Chaire \u00c9conomie de d\u00e9fense - IHEDN<\/title>\n<meta name=\"robots\" content=\"index, follow, max-snippet:-1, max-image-preview:large, max-video-preview:-1\" \/>\n<link rel=\"canonical\" href=\"https:\/\/ecodef-ihedn.fr\/en\/participation-de-la-chaire-a-la-journee-innovation-2023-rri\/\" \/>\n<meta property=\"og:locale\" content=\"en_GB\" \/>\n<meta property=\"og:type\" content=\"article\" \/>\n<meta property=\"og:title\" content=\"Participation de la Chaire \u00e0 la Journ\u00e9e innovation 2023 RRI - Chaire \u00c9conomie de d\u00e9fense - IHEDN\" \/>\n<meta property=\"og:description\" content=\"La Journ\u00e9e innovation 2023 RRI a eu lieu le jeudi 7 juin 2023 \u00e0 l&rsquo;ENSTA Paristech (Palaiseau). Elle a rassembl\u00e9 une cinquantaine de participants : repr\u00e9sentants du monde acad\u00e9mique, d\u00e9cideurs publics et responsables de start-ups situ\u00e9es sur le campus de l&rsquo;Institut Polytechnique de Paris (IPP). Organis\u00e9e conjointement par l&rsquo;ENSTA Paristech, le Centre interdisciplinaire d\u2019\u00e9tudes pour [&hellip;]\" \/>\n<meta property=\"og:url\" content=\"https:\/\/ecodef-ihedn.fr\/en\/participation-de-la-chaire-a-la-journee-innovation-2023-rri\/\" \/>\n<meta property=\"og:site_name\" content=\"Chaire \u00c9conomie de d\u00e9fense - IHEDN\" \/>\n<meta property=\"article:published_time\" content=\"2023-06-08T08:06:19+00:00\" \/>\n<meta property=\"article:modified_time\" content=\"2023-06-27T13:12:43+00:00\" \/>\n<meta property=\"og:image\" content=\"https:\/\/ecodef-ihedn.fr\/wp-content\/uploads\/2023\/06\/JI2023-DSC_0036-scaled.jpg\" \/>\n\t<meta property=\"og:image:width\" content=\"2560\" \/>\n\t<meta property=\"og:image:height\" content=\"1559\" \/>\n\t<meta property=\"og:image:type\" content=\"image\/jpeg\" \/>\n<meta name=\"author\" content=\"Bertrand Demandre\" \/>\n<meta name=\"twitter:card\" content=\"summary_large_image\" \/>\n<meta name=\"twitter:creator\" content=\"@Chaire_Ecodef\" \/>\n<meta name=\"twitter:site\" content=\"@Chaire_Ecodef\" \/>\n<meta name=\"twitter:label1\" content=\"Written by\" \/>\n\t<meta name=\"twitter:data1\" content=\"Bertrand Demandre\" \/>\n\t<meta name=\"twitter:label2\" content=\"Estimated reading time\" \/>\n\t<meta name=\"twitter:data2\" content=\"3 minutes\" \/>\n<script type=\"application\/ld+json\" class=\"yoast-schema-graph\">{\"@context\":\"https:\\\/\\\/schema.org\",\"@graph\":[{\"@type\":\"Article\",\"@id\":\"https:\\\/\\\/ecodef-ihedn.fr\\\/participation-de-la-chaire-a-la-journee-innovation-2023-rri\\\/#article\",\"isPartOf\":{\"@id\":\"https:\\\/\\\/ecodef-ihedn.fr\\\/participation-de-la-chaire-a-la-journee-innovation-2023-rri\\\/\"},\"author\":{\"name\":\"Bertrand Demandre\",\"@id\":\"https:\\\/\\\/ecodef-ihedn.fr\\\/#\\\/schema\\\/person\\\/1cdf22d028cebe278126a6e07a884d30\"},\"headline\":\"Participation de la Chaire \u00e0 la Journ\u00e9e innovation 2023 RRI\",\"datePublished\":\"2023-06-08T08:06:19+00:00\",\"dateModified\":\"2023-06-27T13:12:43+00:00\",\"mainEntityOfPage\":{\"@id\":\"https:\\\/\\\/ecodef-ihedn.fr\\\/participation-de-la-chaire-a-la-journee-innovation-2023-rri\\\/\"},\"wordCount\":435,\"commentCount\":0,\"publisher\":{\"@id\":\"https:\\\/\\\/ecodef-ihedn.fr\\\/#organization\"},\"image\":{\"@id\":\"https:\\\/\\\/ecodef-ihedn.fr\\\/participation-de-la-chaire-a-la-journee-innovation-2023-rri\\\/#primaryimage\"},\"thumbnailUrl\":\"https:\\\/\\\/ecodef-ihedn.fr\\\/wp-content\\\/uploads\\\/2023\\\/06\\\/JI2023-DSC_0036-scaled.jpg\",\"keywords\":[\"Agence de l'Innovation de d\u00e9fense\",\"AID\",\"BITD\",\"Centre interdisciplinaire d\u2019\u00e9tudes pour la d\u00e9fense et la s\u00e9curit\u00e9\",\"CIEDS\",\"\u00c9cole de l'air et de l'espace\",\"ENSTA Paristech\",\"innovation\",\"Innovation de d\u00e9fense\",\"Institut de recherche strat\u00e9gique de l'\u00c9cole militaire\",\"IRSEM\",\"Jean Belin\",\"Josselin Droff\",\"Journ\u00e9e innovation 2023 RRI\",\"Julien Malizard\",\"R\u00e9seau de recherche sur l'innovation\",\"RRI\"],\"articleSection\":[\"Activit\u00e9s\",\"Activit\u00e9s : participation de la Chaire \u00e0 un \u00e9v\u00e9nement\"],\"inLanguage\":\"en-GB\",\"potentialAction\":[{\"@type\":\"CommentAction\",\"name\":\"Comment\",\"target\":[\"https:\\\/\\\/ecodef-ihedn.fr\\\/participation-de-la-chaire-a-la-journee-innovation-2023-rri\\\/#respond\"]}]},{\"@type\":\"WebPage\",\"@id\":\"https:\\\/\\\/ecodef-ihedn.fr\\\/participation-de-la-chaire-a-la-journee-innovation-2023-rri\\\/\",\"url\":\"https:\\\/\\\/ecodef-ihedn.fr\\\/participation-de-la-chaire-a-la-journee-innovation-2023-rri\\\/\",\"name\":\"Participation de la Chaire \u00e0 la Journ\u00e9e innovation 2023 RRI - Chaire \u00c9conomie de d\u00e9fense - IHEDN\",\"isPartOf\":{\"@id\":\"https:\\\/\\\/ecodef-ihedn.fr\\\/#website\"},\"primaryImageOfPage\":{\"@id\":\"https:\\\/\\\/ecodef-ihedn.fr\\\/participation-de-la-chaire-a-la-journee-innovation-2023-rri\\\/#primaryimage\"},\"image\":{\"@id\":\"https:\\\/\\\/ecodef-ihedn.fr\\\/participation-de-la-chaire-a-la-journee-innovation-2023-rri\\\/#primaryimage\"},\"thumbnailUrl\":\"https:\\\/\\\/ecodef-ihedn.fr\\\/wp-content\\\/uploads\\\/2023\\\/06\\\/JI2023-DSC_0036-scaled.jpg\",\"datePublished\":\"2023-06-08T08:06:19+00:00\",\"dateModified\":\"2023-06-27T13:12:43+00:00\",\"breadcrumb\":{\"@id\":\"https:\\\/\\\/ecodef-ihedn.fr\\\/participation-de-la-chaire-a-la-journee-innovation-2023-rri\\\/#breadcrumb\"},\"inLanguage\":\"en-GB\",\"potentialAction\":[{\"@type\":\"ReadAction\",\"target\":[\"https:\\\/\\\/ecodef-ihedn.fr\\\/participation-de-la-chaire-a-la-journee-innovation-2023-rri\\\/\"]}]},{\"@type\":\"ImageObject\",\"inLanguage\":\"en-GB\",\"@id\":\"https:\\\/\\\/ecodef-ihedn.fr\\\/participation-de-la-chaire-a-la-journee-innovation-2023-rri\\\/#primaryimage\",\"url\":\"https:\\\/\\\/ecodef-ihedn.fr\\\/wp-content\\\/uploads\\\/2023\\\/06\\\/JI2023-DSC_0036-scaled.jpg\",\"contentUrl\":\"https:\\\/\\\/ecodef-ihedn.fr\\\/wp-content\\\/uploads\\\/2023\\\/06\\\/JI2023-DSC_0036-scaled.jpg\",\"width\":2560,\"height\":1559,\"caption\":\"Julien Malizard, Journ\u00e9e innovation 2023\"},{\"@type\":\"BreadcrumbList\",\"@id\":\"https:\\\/\\\/ecodef-ihedn.fr\\\/participation-de-la-chaire-a-la-journee-innovation-2023-rri\\\/#breadcrumb\",\"itemListElement\":[{\"@type\":\"ListItem\",\"position\":1,\"name\":\"Accueil\",\"item\":\"https:\\\/\\\/ecodef-ihedn.fr\\\/\"},{\"@type\":\"ListItem\",\"position\":2,\"name\":\"Participation de la Chaire \u00e0 la Journ\u00e9e innovation 2023 RRI\"}]},{\"@type\":\"WebSite\",\"@id\":\"https:\\\/\\\/ecodef-ihedn.fr\\\/#website\",\"url\":\"https:\\\/\\\/ecodef-ihedn.fr\\\/\",\"name\":\"Chaire \u00c9conomie de D\u00e9fense - IHEDN\",\"description\":\"Produire &amp; soutenir, f\u00e9d\u00e9rer &amp; diffuser, \u00eatre une interface\",\"publisher\":{\"@id\":\"https:\\\/\\\/ecodef-ihedn.fr\\\/#organization\"},\"potentialAction\":[{\"@type\":\"SearchAction\",\"target\":{\"@type\":\"EntryPoint\",\"urlTemplate\":\"https:\\\/\\\/ecodef-ihedn.fr\\\/?s={search_term_string}\"},\"query-input\":{\"@type\":\"PropertyValueSpecification\",\"valueRequired\":true,\"valueName\":\"search_term_string\"}}],\"inLanguage\":\"en-GB\"},{\"@type\":\"Organization\",\"@id\":\"https:\\\/\\\/ecodef-ihedn.fr\\\/#organization\",\"name\":\"Chaire \u00c9conomie de d\u00e9fense - IHEDN\",\"url\":\"https:\\\/\\\/ecodef-ihedn.fr\\\/\",\"logo\":{\"@type\":\"ImageObject\",\"inLanguage\":\"en-GB\",\"@id\":\"https:\\\/\\\/ecodef-ihedn.fr\\\/#\\\/schema\\\/logo\\\/image\\\/\",\"url\":\"https:\\\/\\\/ecodef-ihedn.fr\\\/wp-content\\\/uploads\\\/2020\\\/04\\\/logoEcodef9.jpg\",\"contentUrl\":\"https:\\\/\\\/ecodef-ihedn.fr\\\/wp-content\\\/uploads\\\/2020\\\/04\\\/logoEcodef9.jpg\",\"width\":410,\"height\":212,\"caption\":\"Chaire \u00c9conomie de d\u00e9fense - IHEDN\"},\"image\":{\"@id\":\"https:\\\/\\\/ecodef-ihedn.fr\\\/#\\\/schema\\\/logo\\\/image\\\/\"},\"sameAs\":[\"https:\\\/\\\/x.com\\\/Chaire_Ecodef\",\"https:\\\/\\\/www.linkedin.com\\\/company\\\/chaire-ecodef-ihedn\\\/\"]},{\"@type\":\"Person\",\"@id\":\"https:\\\/\\\/ecodef-ihedn.fr\\\/#\\\/schema\\\/person\\\/1cdf22d028cebe278126a6e07a884d30\",\"name\":\"Bertrand Demandre\",\"image\":{\"@type\":\"ImageObject\",\"inLanguage\":\"en-GB\",\"@id\":\"https:\\\/\\\/secure.gravatar.com\\\/avatar\\\/d9c9746d6c900ab5b9c0f9b1fa3932e369da923da247d624b8f7ab4ba8a3c093?s=96&d=mm&r=g\",\"url\":\"https:\\\/\\\/secure.gravatar.com\\\/avatar\\\/d9c9746d6c900ab5b9c0f9b1fa3932e369da923da247d624b8f7ab4ba8a3c093?s=96&d=mm&r=g\",\"contentUrl\":\"https:\\\/\\\/secure.gravatar.com\\\/avatar\\\/d9c9746d6c900ab5b9c0f9b1fa3932e369da923da247d624b8f7ab4ba8a3c093?s=96&d=mm&r=g\",\"caption\":\"Bertrand Demandre\"},\"url\":\"https:\\\/\\\/ecodef-ihedn.fr\\\/en\\\/author\\\/bertrand\\\/\"}]}<\/script>\n<!-- \/ Yoast SEO plugin. -->","yoast_head_json":{"title":"Participation de la Chaire \u00e0 la Journ\u00e9e innovation 2023 RRI - Chaire \u00c9conomie de d\u00e9fense - IHEDN","robots":{"index":"index","follow":"follow","max-snippet":"max-snippet:-1","max-image-preview":"max-image-preview:large","max-video-preview":"max-video-preview:-1"},"canonical":"https:\/\/ecodef-ihedn.fr\/en\/participation-de-la-chaire-a-la-journee-innovation-2023-rri\/","og_locale":"en_GB","og_type":"article","og_title":"Participation de la Chaire \u00e0 la Journ\u00e9e innovation 2023 RRI - Chaire \u00c9conomie de d\u00e9fense - IHEDN","og_description":"La Journ\u00e9e innovation 2023 RRI a eu lieu le jeudi 7 juin 2023 \u00e0 l&rsquo;ENSTA Paristech (Palaiseau). Elle a rassembl\u00e9 une cinquantaine de participants : repr\u00e9sentants du monde acad\u00e9mique, d\u00e9cideurs publics et responsables de start-ups situ\u00e9es sur le campus de l&rsquo;Institut Polytechnique de Paris (IPP). Organis\u00e9e conjointement par l&rsquo;ENSTA Paristech, le Centre interdisciplinaire d\u2019\u00e9tudes pour [&hellip;]","og_url":"https:\/\/ecodef-ihedn.fr\/en\/participation-de-la-chaire-a-la-journee-innovation-2023-rri\/","og_site_name":"Chaire \u00c9conomie de d\u00e9fense - IHEDN","article_published_time":"2023-06-08T08:06:19+00:00","article_modified_time":"2023-06-27T13:12:43+00:00","og_image":[{"width":2560,"height":1559,"url":"https:\/\/ecodef-ihedn.fr\/wp-content\/uploads\/2023\/06\/JI2023-DSC_0036-scaled.jpg","type":"image\/jpeg"}],"author":"Bertrand Demandre","twitter_card":"summary_large_image","twitter_creator":"@Chaire_Ecodef","twitter_site":"@Chaire_Ecodef","twitter_misc":{"Written by":"Bertrand Demandre","Estimated reading time":"3 minutes"},"schema":{"@context":"https:\/\/schema.org","@graph":[{"@type":"Article","@id":"https:\/\/ecodef-ihedn.fr\/participation-de-la-chaire-a-la-journee-innovation-2023-rri\/#article","isPartOf":{"@id":"https:\/\/ecodef-ihedn.fr\/participation-de-la-chaire-a-la-journee-innovation-2023-rri\/"},"author":{"name":"Bertrand Demandre","@id":"https:\/\/ecodef-ihedn.fr\/#\/schema\/person\/1cdf22d028cebe278126a6e07a884d30"},"headline":"Participation de la Chaire \u00e0 la Journ\u00e9e innovation 2023 RRI","datePublished":"2023-06-08T08:06:19+00:00","dateModified":"2023-06-27T13:12:43+00:00","mainEntityOfPage":{"@id":"https:\/\/ecodef-ihedn.fr\/participation-de-la-chaire-a-la-journee-innovation-2023-rri\/"},"wordCount":435,"commentCount":0,"publisher":{"@id":"https:\/\/ecodef-ihedn.fr\/#organization"},"image":{"@id":"https:\/\/ecodef-ihedn.fr\/participation-de-la-chaire-a-la-journee-innovation-2023-rri\/#primaryimage"},"thumbnailUrl":"https:\/\/ecodef-ihedn.fr\/wp-content\/uploads\/2023\/06\/JI2023-DSC_0036-scaled.jpg","keywords":["Agence de l'Innovation de d\u00e9fense","AID","BITD","Centre interdisciplinaire d\u2019\u00e9tudes pour la d\u00e9fense et la s\u00e9curit\u00e9","CIEDS","\u00c9cole de l'air et de l'espace","ENSTA Paristech","innovation","Innovation de d\u00e9fense","Institut de recherche strat\u00e9gique de l'\u00c9cole militaire","IRSEM","Jean Belin","Josselin Droff","Journ\u00e9e innovation 2023 RRI","Julien Malizard","R\u00e9seau de recherche sur l'innovation","RRI"],"articleSection":["Activit\u00e9s","Activit\u00e9s : participation de la Chaire \u00e0 un \u00e9v\u00e9nement"],"inLanguage":"en-GB","potentialAction":[{"@type":"CommentAction","name":"Comment","target":["https:\/\/ecodef-ihedn.fr\/participation-de-la-chaire-a-la-journee-innovation-2023-rri\/#respond"]}]},{"@type":"WebPage","@id":"https:\/\/ecodef-ihedn.fr\/participation-de-la-chaire-a-la-journee-innovation-2023-rri\/","url":"https:\/\/ecodef-ihedn.fr\/participation-de-la-chaire-a-la-journee-innovation-2023-rri\/","name":"Participation de la Chaire \u00e0 la Journ\u00e9e innovation 2023 RRI - Chaire \u00c9conomie de d\u00e9fense - IHEDN","isPartOf":{"@id":"https:\/\/ecodef-ihedn.fr\/#website"},"primaryImageOfPage":{"@id":"https:\/\/ecodef-ihedn.fr\/participation-de-la-chaire-a-la-journee-innovation-2023-rri\/#primaryimage"},"image":{"@id":"https:\/\/ecodef-ihedn.fr\/participation-de-la-chaire-a-la-journee-innovation-2023-rri\/#primaryimage"},"thumbnailUrl":"https:\/\/ecodef-ihedn.fr\/wp-content\/uploads\/2023\/06\/JI2023-DSC_0036-scaled.jpg","datePublished":"2023-06-08T08:06:19+00:00","dateModified":"2023-06-27T13:12:43+00:00","breadcrumb":{"@id":"https:\/\/ecodef-ihedn.fr\/participation-de-la-chaire-a-la-journee-innovation-2023-rri\/#breadcrumb"},"inLanguage":"en-GB","potentialAction":[{"@type":"ReadAction","target":["https:\/\/ecodef-ihedn.fr\/participation-de-la-chaire-a-la-journee-innovation-2023-rri\/"]}]},{"@type":"ImageObject","inLanguage":"en-GB","@id":"https:\/\/ecodef-ihedn.fr\/participation-de-la-chaire-a-la-journee-innovation-2023-rri\/#primaryimage","url":"https:\/\/ecodef-ihedn.fr\/wp-content\/uploads\/2023\/06\/JI2023-DSC_0036-scaled.jpg","contentUrl":"https:\/\/ecodef-ihedn.fr\/wp-content\/uploads\/2023\/06\/JI2023-DSC_0036-scaled.jpg","width":2560,"height":1559,"caption":"Julien Malizard, Journ\u00e9e innovation 2023"},{"@type":"BreadcrumbList","@id":"https:\/\/ecodef-ihedn.fr\/participation-de-la-chaire-a-la-journee-innovation-2023-rri\/#breadcrumb","itemListElement":[{"@type":"ListItem","position":1,"name":"Accueil","item":"https:\/\/ecodef-ihedn.fr\/"},{"@type":"ListItem","position":2,"name":"Participation de la Chaire \u00e0 la Journ\u00e9e innovation 2023 RRI"}]},{"@type":"WebSite","@id":"https:\/\/ecodef-ihedn.fr\/#website","url":"https:\/\/ecodef-ihedn.fr\/","name":"Chair in Defence Economics - IHEDN","description":"Produce &amp; support, federate &amp; disseminate, act as an interface","publisher":{"@id":"https:\/\/ecodef-ihedn.fr\/#organization"},"potentialAction":[{"@type":"SearchAction","target":{"@type":"EntryPoint","urlTemplate":"https:\/\/ecodef-ihedn.fr\/?s={search_term_string}"},"query-input":{"@type":"PropertyValueSpecification","valueRequired":true,"valueName":"search_term_string"}}],"inLanguage":"en-GB"},{"@type":"Organization","@id":"https:\/\/ecodef-ihedn.fr\/#organization","name":"Chair in Defence Economics - IHEDN","url":"https:\/\/ecodef-ihedn.fr\/","logo":{"@type":"ImageObject","inLanguage":"en-GB","@id":"https:\/\/ecodef-ihedn.fr\/#\/schema\/logo\/image\/","url":"https:\/\/ecodef-ihedn.fr\/wp-content\/uploads\/2020\/04\/logoEcodef9.jpg","contentUrl":"https:\/\/ecodef-ihedn.fr\/wp-content\/uploads\/2020\/04\/logoEcodef9.jpg","width":410,"height":212,"caption":"Chaire \u00c9conomie de d\u00e9fense - IHEDN"},"image":{"@id":"https:\/\/ecodef-ihedn.fr\/#\/schema\/logo\/image\/"},"sameAs":["https:\/\/x.com\/Chaire_Ecodef","https:\/\/www.linkedin.com\/company\/chaire-ecodef-ihedn\/"]},{"@type":"Person","@id":"https:\/\/ecodef-ihedn.fr\/#\/schema\/person\/1cdf22d028cebe278126a6e07a884d30","name":"Bertrand Demandre","image":{"@type":"ImageObject","inLanguage":"en-GB","@id":"https:\/\/secure.gravatar.com\/avatar\/d9c9746d6c900ab5b9c0f9b1fa3932e369da923da247d624b8f7ab4ba8a3c093?s=96&d=mm&r=g","url":"https:\/\/secure.gravatar.com\/avatar\/d9c9746d6c900ab5b9c0f9b1fa3932e369da923da247d624b8f7ab4ba8a3c093?s=96&d=mm&r=g","contentUrl":"https:\/\/secure.gravatar.com\/avatar\/d9c9746d6c900ab5b9c0f9b1fa3932e369da923da247d624b8f7ab4ba8a3c093?s=96&d=mm&r=g","caption":"Bertrand Demandre"},"url":"https:\/\/ecodef-ihedn.fr\/en\/author\/bertrand\/"}]}},"_links":{"self":[{"href":"https:\/\/ecodef-ihedn.fr\/en\/wp-json\/wp\/v2\/posts\/7962","targetHints":{"allow":["GET"]}}],"collection":[{"href":"https:\/\/ecodef-ihedn.fr\/en\/wp-json\/wp\/v2\/posts"}],"about":[{"href":"https:\/\/ecodef-ihedn.fr\/en\/wp-json\/wp\/v2\/types\/post"}],"author":[{"embeddable":true,"href":"https:\/\/ecodef-ihedn.fr\/en\/wp-json\/wp\/v2\/users\/2"}],"replies":[{"embeddable":true,"href":"https:\/\/ecodef-ihedn.fr\/en\/wp-json\/wp\/v2\/comments?post=7962"}],"version-history":[{"count":5,"href":"https:\/\/ecodef-ihedn.fr\/en\/wp-json\/wp\/v2\/posts\/7962\/revisions"}],"predecessor-version":[{"id":7973,"href":"https:\/\/ecodef-ihedn.fr\/en\/wp-json\/wp\/v2\/posts\/7962\/revisions\/7973"}],"wp:featuredmedia":[{"embeddable":true,"href":"https:\/\/ecodef-ihedn.fr\/en\/wp-json\/wp\/v2\/media\/7968"}],"wp:attachment":[{"href":"https:\/\/ecodef-ihedn.fr\/en\/wp-json\/wp\/v2\/media?parent=7962"}],"wp:term":[{"taxonomy":"category","embeddable":true,"href":"https:\/\/ecodef-ihedn.fr\/en\/wp-json\/wp\/v2\/categories?post=7962"},{"taxonomy":"post_tag","embeddable":true,"href":"https:\/\/ecodef-ihedn.fr\/en\/wp-json\/wp\/v2\/tags?post=7962"}],"curies":[{"name":"wp","href":"https:\/\/api.w.org\/{rel}","templated":true}]}}