{"id":7975,"date":"2023-06-23T12:49:49","date_gmt":"2023-06-23T12:49:49","guid":{"rendered":"https:\/\/ecodef-ihedn.fr\/?p=7975"},"modified":"2025-07-17T14:23:57","modified_gmt":"2025-07-17T14:23:57","slug":"augmentation-des-depenses-de-defense-en-europe-article-de-julien-malizard-pour-la-frs","status":"publish","type":"post","link":"https:\/\/ecodef-ihedn.fr\/en\/augmentation-des-depenses-de-defense-en-europe-article-de-julien-malizard-pour-la-frs\/","title":{"rendered":"Increasing defence spending in Europe: article by Julien Malizard for FRS"},"content":{"rendered":"<p><a href=\"https:\/\/ecodef-ihedn.fr\/wp-content\/uploads\/2023\/06\/Capture-decran-2023-06-29-144248.png\"><img loading=\"lazy\" decoding=\"async\" class=\"aligncenter size-full wp-image-7976\" src=\"https:\/\/ecodef-ihedn.fr\/wp-content\/uploads\/2023\/06\/Capture-decran-2023-06-29-144248.png\" alt=\"\" width=\"700\" height=\"500\" srcset=\"https:\/\/ecodef-ihedn.fr\/wp-content\/uploads\/2023\/06\/Capture-decran-2023-06-29-144248.png 700w, https:\/\/ecodef-ihedn.fr\/wp-content\/uploads\/2023\/06\/Capture-decran-2023-06-29-144248-300x214.png 300w, https:\/\/ecodef-ihedn.fr\/wp-content\/uploads\/2023\/06\/Capture-decran-2023-06-29-144248-696x497.png 696w, https:\/\/ecodef-ihedn.fr\/wp-content\/uploads\/2023\/06\/Capture-decran-2023-06-29-144248-588x420.png 588w, https:\/\/ecodef-ihedn.fr\/wp-content\/uploads\/2023\/06\/Capture-decran-2023-06-29-144248-100x70.png 100w\" sizes=\"auto, (max-width: 700px) 100vw, 700px\" \/><\/a><\/p>\n<p><strong>Julien Malizard<\/strong> publishes an article in the latest issue of <a href=\"https:\/\/www.frstrategie.org\/publications\/defense-et-industries\/\" target=\"_blank\" rel=\"noopener\"><strong>magazine <em>Defence &amp; Industry<\/em><\/strong><\/a>, published by <strong><a href=\"https:\/\/www.frstrategie.org\" target=\"_blank\" rel=\"noopener\">Foundation for Strategic Research (FRS)<\/a><\/strong>.<\/p>\n<p>Title <strong>\u00abIncreased defence spending in Europe: from rhetoric to budgetary reality\u00bb.\u00bb<\/strong>, This article follows on from Julien Malizard's article in the <a href=\"https:\/\/ecodef-ihedn.fr\/en\/augmentation-des-depenses-de-defense-en-europe-intervention-de-julien-malizard-pour-la-frs\/\" target=\"_blank\" rel=\"noopener\">Webinar organised by the FRS on 22 May on \u00abRearming Europe: budgetary and capability issues\u00bb.\u00bb<\/a>.<\/p>\n<p>Two main points are addressed:<\/p>\n<ul>\n<li>The <strong>specific features of european defence spending<\/strong>. The reasons for the cyclical nature of European spending are different from those in other regions of the world. In particular, in Europe, the weight of budgetary constraints (budgetary rules on public debt or public deficit) plays a major role.<\/li>\n<li>Le <strong>Sharp rebound since 2014<\/strong>, This is not the case for all European countries. Russia's invasion of Crimea in 2014 created new defence needs, and proximity to the Russian border is a major determinant of developments within Europe: the countries closest to it have increased their defence budgets the most.<\/li>\n<\/ul>\n<p>In conclusion, <strong>a number of challenges lie ahead<\/strong> While Europeans' ambitions remain very high in view of the situation in Ukraine, <strong>budgetary room for manoeuvre is shrinking<\/strong> with direct interest rate rises introduced to combat inflation.<\/p>\n<p style=\"text-align: center;\"><a href=\"https:\/\/www.frstrategie.org\/publications\/defense-et-industries\/augmentation-depenses-defense-europe-discours-realite-budgetaire-2023\" target=\"_blank\" rel=\"noopener\"><span class=\"td_btn td_btn_md td_default_btn\">read the article<\/span><\/a><\/p>\n<p style=\"text-align: center;\"><a href=\"https:\/\/ecodef-ihedn.fr\/en\/augmentation-des-depenses-de-defense-en-europe-intervention-de-julien-malizard-pour-la-frs\/\" target=\"_blank\" rel=\"noopener\"><span class=\"td_btn td_btn_md td_default_btn\">see the webinar<\/span><\/a><\/p>","protected":false},"excerpt":{"rendered":"<p>Julien Malizard publie un article dans le dernier num\u00e9ro de la revue D\u00e9fense &amp; Industries, publi\u00e9e par la Fondation pour la recherche strat\u00e9gique (FRS). Intitul\u00e9 \u00ab\u00a0Augmentation des d\u00e9penses de d\u00e9fense en Europe : du discours \u00e0 la r\u00e9alit\u00e9 budg\u00e9taire\u00a0\u00bb, cet article fait suite \u00e0 l&rsquo;intervention de Julien Malizard dans le webinaire organis\u00e9 le 22 mai [&hellip;]<\/p>\n","protected":false},"author":2,"featured_media":7976,"comment_status":"open","ping_status":"open","sticky":false,"template":"","format":"standard","meta":{"footnotes":""},"categories":[350,415],"tags":[374,813,672,69,113,86],"class_list":{"0":"post-7975","1":"post","2":"type-post","3":"status-publish","4":"format-standard","5":"has-post-thumbnail","7":"category-publications","8":"category-thematique-5-integration-et-cooperation-de-defense-en-europe","9":"tag-article","10":"tag-defense-industries","11":"tag-depenses-de-defense-en-europe","12":"tag-fondation-pour-la-recherche-strategique","13":"tag-frs","14":"tag-julien-malizard"},"yoast_head":"<!-- This site is optimized with the Yoast SEO plugin v27.4 - https:\/\/yoast.com\/product\/yoast-seo-wordpress\/ -->\n<title>Augmentation des d\u00e9penses de d\u00e9fense en Europe : article de Julien Malizard pour la FRS - Chaire \u00c9conomie de d\u00e9fense - IHEDN<\/title>\n<meta name=\"robots\" content=\"index, follow, max-snippet:-1, max-image-preview:large, max-video-preview:-1\" \/>\n<link rel=\"canonical\" href=\"https:\/\/ecodef-ihedn.fr\/en\/augmentation-des-depenses-de-defense-en-europe-article-de-julien-malizard-pour-la-frs\/\" \/>\n<meta property=\"og:locale\" content=\"en_GB\" \/>\n<meta property=\"og:type\" content=\"article\" \/>\n<meta property=\"og:title\" content=\"Augmentation des d\u00e9penses de d\u00e9fense en Europe : article de Julien Malizard pour la FRS - Chaire \u00c9conomie de d\u00e9fense - IHEDN\" \/>\n<meta property=\"og:description\" content=\"Julien Malizard publie un article dans le dernier num\u00e9ro de la revue D\u00e9fense &amp; Industries, publi\u00e9e par la Fondation pour la recherche strat\u00e9gique (FRS). Intitul\u00e9 \u00ab\u00a0Augmentation des d\u00e9penses de d\u00e9fense en Europe : du discours \u00e0 la r\u00e9alit\u00e9 budg\u00e9taire\u00a0\u00bb, cet article fait suite \u00e0 l&rsquo;intervention de Julien Malizard dans le webinaire organis\u00e9 le 22 mai [&hellip;]\" \/>\n<meta property=\"og:url\" content=\"https:\/\/ecodef-ihedn.fr\/en\/augmentation-des-depenses-de-defense-en-europe-article-de-julien-malizard-pour-la-frs\/\" \/>\n<meta property=\"og:site_name\" content=\"Chaire \u00c9conomie de d\u00e9fense - IHEDN\" \/>\n<meta property=\"article:published_time\" content=\"2023-06-23T12:49:49+00:00\" \/>\n<meta property=\"article:modified_time\" content=\"2025-07-17T14:23:57+00:00\" \/>\n<meta property=\"og:image\" content=\"https:\/\/ecodef-ihedn.fr\/wp-content\/uploads\/2023\/06\/Capture-decran-2023-06-29-144248.png\" \/>\n\t<meta property=\"og:image:width\" content=\"700\" \/>\n\t<meta property=\"og:image:height\" content=\"500\" \/>\n\t<meta property=\"og:image:type\" content=\"image\/png\" \/>\n<meta name=\"author\" content=\"Bertrand Demandre\" \/>\n<meta name=\"twitter:card\" content=\"summary_large_image\" \/>\n<meta name=\"twitter:creator\" content=\"@Chaire_Ecodef\" \/>\n<meta name=\"twitter:site\" content=\"@Chaire_Ecodef\" \/>\n<meta name=\"twitter:label1\" content=\"Written by\" \/>\n\t<meta name=\"twitter:data1\" content=\"Bertrand Demandre\" \/>\n\t<meta name=\"twitter:label2\" content=\"Estimated reading time\" \/>\n\t<meta name=\"twitter:data2\" content=\"2 minutes\" \/>\n<script type=\"application\/ld+json\" class=\"yoast-schema-graph\">{\"@context\":\"https:\\\/\\\/schema.org\",\"@graph\":[{\"@type\":\"Article\",\"@id\":\"https:\\\/\\\/ecodef-ihedn.fr\\\/augmentation-des-depenses-de-defense-en-europe-article-de-julien-malizard-pour-la-frs\\\/#article\",\"isPartOf\":{\"@id\":\"https:\\\/\\\/ecodef-ihedn.fr\\\/augmentation-des-depenses-de-defense-en-europe-article-de-julien-malizard-pour-la-frs\\\/\"},\"author\":{\"name\":\"Bertrand Demandre\",\"@id\":\"https:\\\/\\\/ecodef-ihedn.fr\\\/#\\\/schema\\\/person\\\/1cdf22d028cebe278126a6e07a884d30\"},\"headline\":\"Augmentation des d\u00e9penses de d\u00e9fense en Europe : article de Julien Malizard pour la FRS\",\"datePublished\":\"2023-06-23T12:49:49+00:00\",\"dateModified\":\"2025-07-17T14:23:57+00:00\",\"mainEntityOfPage\":{\"@id\":\"https:\\\/\\\/ecodef-ihedn.fr\\\/augmentation-des-depenses-de-defense-en-europe-article-de-julien-malizard-pour-la-frs\\\/\"},\"wordCount\":288,\"commentCount\":0,\"publisher\":{\"@id\":\"https:\\\/\\\/ecodef-ihedn.fr\\\/#organization\"},\"image\":{\"@id\":\"https:\\\/\\\/ecodef-ihedn.fr\\\/augmentation-des-depenses-de-defense-en-europe-article-de-julien-malizard-pour-la-frs\\\/#primaryimage\"},\"thumbnailUrl\":\"https:\\\/\\\/ecodef-ihedn.fr\\\/wp-content\\\/uploads\\\/2023\\\/06\\\/Capture-decran-2023-06-29-144248.png\",\"keywords\":[\"article\",\"D\u00e9fense &amp; Industries\",\"d\u00e9penses de d\u00e9fense en Europe\",\"fondation pour la recherche strat\u00e9gique\",\"FRS\",\"Julien Malizard\"],\"articleSection\":[\"Publications\",\"Th\u00e9matique 5 : int\u00e9gration et coop\u00e9ration de d\u00e9fense en Europe\"],\"inLanguage\":\"en-GB\",\"potentialAction\":[{\"@type\":\"CommentAction\",\"name\":\"Comment\",\"target\":[\"https:\\\/\\\/ecodef-ihedn.fr\\\/augmentation-des-depenses-de-defense-en-europe-article-de-julien-malizard-pour-la-frs\\\/#respond\"]}]},{\"@type\":\"WebPage\",\"@id\":\"https:\\\/\\\/ecodef-ihedn.fr\\\/augmentation-des-depenses-de-defense-en-europe-article-de-julien-malizard-pour-la-frs\\\/\",\"url\":\"https:\\\/\\\/ecodef-ihedn.fr\\\/augmentation-des-depenses-de-defense-en-europe-article-de-julien-malizard-pour-la-frs\\\/\",\"name\":\"Augmentation des d\u00e9penses de d\u00e9fense en Europe : article de Julien Malizard pour la FRS - Chaire \u00c9conomie de d\u00e9fense - IHEDN\",\"isPartOf\":{\"@id\":\"https:\\\/\\\/ecodef-ihedn.fr\\\/#website\"},\"primaryImageOfPage\":{\"@id\":\"https:\\\/\\\/ecodef-ihedn.fr\\\/augmentation-des-depenses-de-defense-en-europe-article-de-julien-malizard-pour-la-frs\\\/#primaryimage\"},\"image\":{\"@id\":\"https:\\\/\\\/ecodef-ihedn.fr\\\/augmentation-des-depenses-de-defense-en-europe-article-de-julien-malizard-pour-la-frs\\\/#primaryimage\"},\"thumbnailUrl\":\"https:\\\/\\\/ecodef-ihedn.fr\\\/wp-content\\\/uploads\\\/2023\\\/06\\\/Capture-decran-2023-06-29-144248.png\",\"datePublished\":\"2023-06-23T12:49:49+00:00\",\"dateModified\":\"2025-07-17T14:23:57+00:00\",\"breadcrumb\":{\"@id\":\"https:\\\/\\\/ecodef-ihedn.fr\\\/augmentation-des-depenses-de-defense-en-europe-article-de-julien-malizard-pour-la-frs\\\/#breadcrumb\"},\"inLanguage\":\"en-GB\",\"potentialAction\":[{\"@type\":\"ReadAction\",\"target\":[\"https:\\\/\\\/ecodef-ihedn.fr\\\/augmentation-des-depenses-de-defense-en-europe-article-de-julien-malizard-pour-la-frs\\\/\"]}]},{\"@type\":\"ImageObject\",\"inLanguage\":\"en-GB\",\"@id\":\"https:\\\/\\\/ecodef-ihedn.fr\\\/augmentation-des-depenses-de-defense-en-europe-article-de-julien-malizard-pour-la-frs\\\/#primaryimage\",\"url\":\"https:\\\/\\\/ecodef-ihedn.fr\\\/wp-content\\\/uploads\\\/2023\\\/06\\\/Capture-decran-2023-06-29-144248.png\",\"contentUrl\":\"https:\\\/\\\/ecodef-ihedn.fr\\\/wp-content\\\/uploads\\\/2023\\\/06\\\/Capture-decran-2023-06-29-144248.png\",\"width\":700,\"height\":500},{\"@type\":\"BreadcrumbList\",\"@id\":\"https:\\\/\\\/ecodef-ihedn.fr\\\/augmentation-des-depenses-de-defense-en-europe-article-de-julien-malizard-pour-la-frs\\\/#breadcrumb\",\"itemListElement\":[{\"@type\":\"ListItem\",\"position\":1,\"name\":\"Accueil\",\"item\":\"https:\\\/\\\/ecodef-ihedn.fr\\\/\"},{\"@type\":\"ListItem\",\"position\":2,\"name\":\"Augmentation des d\u00e9penses de d\u00e9fense en Europe : article de Julien Malizard pour la FRS\"}]},{\"@type\":\"WebSite\",\"@id\":\"https:\\\/\\\/ecodef-ihedn.fr\\\/#website\",\"url\":\"https:\\\/\\\/ecodef-ihedn.fr\\\/\",\"name\":\"Chaire \u00c9conomie de D\u00e9fense - IHEDN\",\"description\":\"Produire &amp; soutenir, f\u00e9d\u00e9rer &amp; diffuser, \u00eatre une interface\",\"publisher\":{\"@id\":\"https:\\\/\\\/ecodef-ihedn.fr\\\/#organization\"},\"potentialAction\":[{\"@type\":\"SearchAction\",\"target\":{\"@type\":\"EntryPoint\",\"urlTemplate\":\"https:\\\/\\\/ecodef-ihedn.fr\\\/?s={search_term_string}\"},\"query-input\":{\"@type\":\"PropertyValueSpecification\",\"valueRequired\":true,\"valueName\":\"search_term_string\"}}],\"inLanguage\":\"en-GB\"},{\"@type\":\"Organization\",\"@id\":\"https:\\\/\\\/ecodef-ihedn.fr\\\/#organization\",\"name\":\"Chaire \u00c9conomie de d\u00e9fense - IHEDN\",\"url\":\"https:\\\/\\\/ecodef-ihedn.fr\\\/\",\"logo\":{\"@type\":\"ImageObject\",\"inLanguage\":\"en-GB\",\"@id\":\"https:\\\/\\\/ecodef-ihedn.fr\\\/#\\\/schema\\\/logo\\\/image\\\/\",\"url\":\"https:\\\/\\\/ecodef-ihedn.fr\\\/wp-content\\\/uploads\\\/2020\\\/04\\\/logoEcodef9.jpg\",\"contentUrl\":\"https:\\\/\\\/ecodef-ihedn.fr\\\/wp-content\\\/uploads\\\/2020\\\/04\\\/logoEcodef9.jpg\",\"width\":410,\"height\":212,\"caption\":\"Chaire \u00c9conomie de d\u00e9fense - IHEDN\"},\"image\":{\"@id\":\"https:\\\/\\\/ecodef-ihedn.fr\\\/#\\\/schema\\\/logo\\\/image\\\/\"},\"sameAs\":[\"https:\\\/\\\/x.com\\\/Chaire_Ecodef\",\"https:\\\/\\\/www.linkedin.com\\\/company\\\/chaire-ecodef-ihedn\\\/\"]},{\"@type\":\"Person\",\"@id\":\"https:\\\/\\\/ecodef-ihedn.fr\\\/#\\\/schema\\\/person\\\/1cdf22d028cebe278126a6e07a884d30\",\"name\":\"Bertrand Demandre\",\"image\":{\"@type\":\"ImageObject\",\"inLanguage\":\"en-GB\",\"@id\":\"https:\\\/\\\/secure.gravatar.com\\\/avatar\\\/d9c9746d6c900ab5b9c0f9b1fa3932e369da923da247d624b8f7ab4ba8a3c093?s=96&d=mm&r=g\",\"url\":\"https:\\\/\\\/secure.gravatar.com\\\/avatar\\\/d9c9746d6c900ab5b9c0f9b1fa3932e369da923da247d624b8f7ab4ba8a3c093?s=96&d=mm&r=g\",\"contentUrl\":\"https:\\\/\\\/secure.gravatar.com\\\/avatar\\\/d9c9746d6c900ab5b9c0f9b1fa3932e369da923da247d624b8f7ab4ba8a3c093?s=96&d=mm&r=g\",\"caption\":\"Bertrand Demandre\"},\"url\":\"https:\\\/\\\/ecodef-ihedn.fr\\\/en\\\/author\\\/bertrand\\\/\"}]}<\/script>\n<!-- \/ Yoast SEO plugin. -->","yoast_head_json":{"title":"Augmentation des d\u00e9penses de d\u00e9fense en Europe : article de Julien Malizard pour la FRS - Chaire \u00c9conomie de d\u00e9fense - IHEDN","robots":{"index":"index","follow":"follow","max-snippet":"max-snippet:-1","max-image-preview":"max-image-preview:large","max-video-preview":"max-video-preview:-1"},"canonical":"https:\/\/ecodef-ihedn.fr\/en\/augmentation-des-depenses-de-defense-en-europe-article-de-julien-malizard-pour-la-frs\/","og_locale":"en_GB","og_type":"article","og_title":"Augmentation des d\u00e9penses de d\u00e9fense en Europe : article de Julien Malizard pour la FRS - Chaire \u00c9conomie de d\u00e9fense - IHEDN","og_description":"Julien Malizard publie un article dans le dernier num\u00e9ro de la revue D\u00e9fense &amp; Industries, publi\u00e9e par la Fondation pour la recherche strat\u00e9gique (FRS). Intitul\u00e9 \u00ab\u00a0Augmentation des d\u00e9penses de d\u00e9fense en Europe : du discours \u00e0 la r\u00e9alit\u00e9 budg\u00e9taire\u00a0\u00bb, cet article fait suite \u00e0 l&rsquo;intervention de Julien Malizard dans le webinaire organis\u00e9 le 22 mai [&hellip;]","og_url":"https:\/\/ecodef-ihedn.fr\/en\/augmentation-des-depenses-de-defense-en-europe-article-de-julien-malizard-pour-la-frs\/","og_site_name":"Chaire \u00c9conomie de d\u00e9fense - IHEDN","article_published_time":"2023-06-23T12:49:49+00:00","article_modified_time":"2025-07-17T14:23:57+00:00","og_image":[{"width":700,"height":500,"url":"https:\/\/ecodef-ihedn.fr\/wp-content\/uploads\/2023\/06\/Capture-decran-2023-06-29-144248.png","type":"image\/png"}],"author":"Bertrand Demandre","twitter_card":"summary_large_image","twitter_creator":"@Chaire_Ecodef","twitter_site":"@Chaire_Ecodef","twitter_misc":{"Written by":"Bertrand Demandre","Estimated reading time":"2 minutes"},"schema":{"@context":"https:\/\/schema.org","@graph":[{"@type":"Article","@id":"https:\/\/ecodef-ihedn.fr\/augmentation-des-depenses-de-defense-en-europe-article-de-julien-malizard-pour-la-frs\/#article","isPartOf":{"@id":"https:\/\/ecodef-ihedn.fr\/augmentation-des-depenses-de-defense-en-europe-article-de-julien-malizard-pour-la-frs\/"},"author":{"name":"Bertrand Demandre","@id":"https:\/\/ecodef-ihedn.fr\/#\/schema\/person\/1cdf22d028cebe278126a6e07a884d30"},"headline":"Augmentation des d\u00e9penses de d\u00e9fense en Europe : article de Julien Malizard pour la FRS","datePublished":"2023-06-23T12:49:49+00:00","dateModified":"2025-07-17T14:23:57+00:00","mainEntityOfPage":{"@id":"https:\/\/ecodef-ihedn.fr\/augmentation-des-depenses-de-defense-en-europe-article-de-julien-malizard-pour-la-frs\/"},"wordCount":288,"commentCount":0,"publisher":{"@id":"https:\/\/ecodef-ihedn.fr\/#organization"},"image":{"@id":"https:\/\/ecodef-ihedn.fr\/augmentation-des-depenses-de-defense-en-europe-article-de-julien-malizard-pour-la-frs\/#primaryimage"},"thumbnailUrl":"https:\/\/ecodef-ihedn.fr\/wp-content\/uploads\/2023\/06\/Capture-decran-2023-06-29-144248.png","keywords":["article","D\u00e9fense &amp; Industries","d\u00e9penses de d\u00e9fense en Europe","fondation pour la recherche strat\u00e9gique","FRS","Julien Malizard"],"articleSection":["Publications","Th\u00e9matique 5 : int\u00e9gration et coop\u00e9ration de d\u00e9fense en Europe"],"inLanguage":"en-GB","potentialAction":[{"@type":"CommentAction","name":"Comment","target":["https:\/\/ecodef-ihedn.fr\/augmentation-des-depenses-de-defense-en-europe-article-de-julien-malizard-pour-la-frs\/#respond"]}]},{"@type":"WebPage","@id":"https:\/\/ecodef-ihedn.fr\/augmentation-des-depenses-de-defense-en-europe-article-de-julien-malizard-pour-la-frs\/","url":"https:\/\/ecodef-ihedn.fr\/augmentation-des-depenses-de-defense-en-europe-article-de-julien-malizard-pour-la-frs\/","name":"Augmentation des d\u00e9penses de d\u00e9fense en Europe : article de Julien Malizard pour la FRS - Chaire \u00c9conomie de d\u00e9fense - IHEDN","isPartOf":{"@id":"https:\/\/ecodef-ihedn.fr\/#website"},"primaryImageOfPage":{"@id":"https:\/\/ecodef-ihedn.fr\/augmentation-des-depenses-de-defense-en-europe-article-de-julien-malizard-pour-la-frs\/#primaryimage"},"image":{"@id":"https:\/\/ecodef-ihedn.fr\/augmentation-des-depenses-de-defense-en-europe-article-de-julien-malizard-pour-la-frs\/#primaryimage"},"thumbnailUrl":"https:\/\/ecodef-ihedn.fr\/wp-content\/uploads\/2023\/06\/Capture-decran-2023-06-29-144248.png","datePublished":"2023-06-23T12:49:49+00:00","dateModified":"2025-07-17T14:23:57+00:00","breadcrumb":{"@id":"https:\/\/ecodef-ihedn.fr\/augmentation-des-depenses-de-defense-en-europe-article-de-julien-malizard-pour-la-frs\/#breadcrumb"},"inLanguage":"en-GB","potentialAction":[{"@type":"ReadAction","target":["https:\/\/ecodef-ihedn.fr\/augmentation-des-depenses-de-defense-en-europe-article-de-julien-malizard-pour-la-frs\/"]}]},{"@type":"ImageObject","inLanguage":"en-GB","@id":"https:\/\/ecodef-ihedn.fr\/augmentation-des-depenses-de-defense-en-europe-article-de-julien-malizard-pour-la-frs\/#primaryimage","url":"https:\/\/ecodef-ihedn.fr\/wp-content\/uploads\/2023\/06\/Capture-decran-2023-06-29-144248.png","contentUrl":"https:\/\/ecodef-ihedn.fr\/wp-content\/uploads\/2023\/06\/Capture-decran-2023-06-29-144248.png","width":700,"height":500},{"@type":"BreadcrumbList","@id":"https:\/\/ecodef-ihedn.fr\/augmentation-des-depenses-de-defense-en-europe-article-de-julien-malizard-pour-la-frs\/#breadcrumb","itemListElement":[{"@type":"ListItem","position":1,"name":"Accueil","item":"https:\/\/ecodef-ihedn.fr\/"},{"@type":"ListItem","position":2,"name":"Augmentation des d\u00e9penses de d\u00e9fense en Europe : article de Julien Malizard pour la FRS"}]},{"@type":"WebSite","@id":"https:\/\/ecodef-ihedn.fr\/#website","url":"https:\/\/ecodef-ihedn.fr\/","name":"Chair in Defence Economics - IHEDN","description":"Produce &amp; support, federate &amp; disseminate, act as an interface","publisher":{"@id":"https:\/\/ecodef-ihedn.fr\/#organization"},"potentialAction":[{"@type":"SearchAction","target":{"@type":"EntryPoint","urlTemplate":"https:\/\/ecodef-ihedn.fr\/?s={search_term_string}"},"query-input":{"@type":"PropertyValueSpecification","valueRequired":true,"valueName":"search_term_string"}}],"inLanguage":"en-GB"},{"@type":"Organization","@id":"https:\/\/ecodef-ihedn.fr\/#organization","name":"Chair in Defence Economics - IHEDN","url":"https:\/\/ecodef-ihedn.fr\/","logo":{"@type":"ImageObject","inLanguage":"en-GB","@id":"https:\/\/ecodef-ihedn.fr\/#\/schema\/logo\/image\/","url":"https:\/\/ecodef-ihedn.fr\/wp-content\/uploads\/2020\/04\/logoEcodef9.jpg","contentUrl":"https:\/\/ecodef-ihedn.fr\/wp-content\/uploads\/2020\/04\/logoEcodef9.jpg","width":410,"height":212,"caption":"Chaire \u00c9conomie de d\u00e9fense - IHEDN"},"image":{"@id":"https:\/\/ecodef-ihedn.fr\/#\/schema\/logo\/image\/"},"sameAs":["https:\/\/x.com\/Chaire_Ecodef","https:\/\/www.linkedin.com\/company\/chaire-ecodef-ihedn\/"]},{"@type":"Person","@id":"https:\/\/ecodef-ihedn.fr\/#\/schema\/person\/1cdf22d028cebe278126a6e07a884d30","name":"Bertrand Demandre","image":{"@type":"ImageObject","inLanguage":"en-GB","@id":"https:\/\/secure.gravatar.com\/avatar\/d9c9746d6c900ab5b9c0f9b1fa3932e369da923da247d624b8f7ab4ba8a3c093?s=96&d=mm&r=g","url":"https:\/\/secure.gravatar.com\/avatar\/d9c9746d6c900ab5b9c0f9b1fa3932e369da923da247d624b8f7ab4ba8a3c093?s=96&d=mm&r=g","contentUrl":"https:\/\/secure.gravatar.com\/avatar\/d9c9746d6c900ab5b9c0f9b1fa3932e369da923da247d624b8f7ab4ba8a3c093?s=96&d=mm&r=g","caption":"Bertrand Demandre"},"url":"https:\/\/ecodef-ihedn.fr\/en\/author\/bertrand\/"}]}},"_links":{"self":[{"href":"https:\/\/ecodef-ihedn.fr\/en\/wp-json\/wp\/v2\/posts\/7975","targetHints":{"allow":["GET"]}}],"collection":[{"href":"https:\/\/ecodef-ihedn.fr\/en\/wp-json\/wp\/v2\/posts"}],"about":[{"href":"https:\/\/ecodef-ihedn.fr\/en\/wp-json\/wp\/v2\/types\/post"}],"author":[{"embeddable":true,"href":"https:\/\/ecodef-ihedn.fr\/en\/wp-json\/wp\/v2\/users\/2"}],"replies":[{"embeddable":true,"href":"https:\/\/ecodef-ihedn.fr\/en\/wp-json\/wp\/v2\/comments?post=7975"}],"version-history":[{"count":3,"href":"https:\/\/ecodef-ihedn.fr\/en\/wp-json\/wp\/v2\/posts\/7975\/revisions"}],"predecessor-version":[{"id":8905,"href":"https:\/\/ecodef-ihedn.fr\/en\/wp-json\/wp\/v2\/posts\/7975\/revisions\/8905"}],"wp:featuredmedia":[{"embeddable":true,"href":"https:\/\/ecodef-ihedn.fr\/en\/wp-json\/wp\/v2\/media\/7976"}],"wp:attachment":[{"href":"https:\/\/ecodef-ihedn.fr\/en\/wp-json\/wp\/v2\/media?parent=7975"}],"wp:term":[{"taxonomy":"category","embeddable":true,"href":"https:\/\/ecodef-ihedn.fr\/en\/wp-json\/wp\/v2\/categories?post=7975"},{"taxonomy":"post_tag","embeddable":true,"href":"https:\/\/ecodef-ihedn.fr\/en\/wp-json\/wp\/v2\/tags?post=7975"}],"curies":[{"name":"wp","href":"https:\/\/api.w.org\/{rel}","templated":true}]}}