{"id":7983,"date":"2023-06-27T14:31:18","date_gmt":"2023-06-27T14:31:18","guid":{"rendered":"https:\/\/ecodef-ihedn.fr\/?p=7983"},"modified":"2023-07-27T13:41:32","modified_gmt":"2023-07-27T13:41:32","slug":"prix-deconomie-de-la-defense-2022-mention-speciale-du-jury-pour-jade-guiberteau","status":"publish","type":"post","link":"https:\/\/ecodef-ihedn.fr\/en\/prix-deconomie-de-la-defense-2022-mention-speciale-du-jury-pour-jade-guiberteau\/","title":{"rendered":"Prix d'\u00e9conomie de la D\u00e9fense 2022: special mention from the jury for Jade Guiberteau"},"content":{"rendered":"<p><strong><a class=\"ql-mention\" spellcheck=\"false\" href=\"https:\/\/www.linkedin.com\/company\/28502662\/admin\/feed\/posts\/#\" data-entity-urn=\"urn:li:fsd_profile:ACoAAC5CEm8B3i_02jgSTeo1-Lj07JBx4mdch50\" data-guid=\"0\" data-object-urn=\"urn:li:member:776082031\" data-original-text=\"Jade Guiberteau Ricard\" data-test-ql-mention=\"true\">Jade Guiberteau<\/a><\/strong>, a research assistant at the Chair, received a <strong>special mention by the jury<\/strong> from <strong>Defence Economics Prize 2022 <\/strong>for the quality of its research work.<\/p>\n<p>His memoir, entitled <strong>\u00abThe production of large surface buildings reveals a strategic paradox in Europe\u00bb.\u00bb<\/strong> offers a <strong>Economic analysis of the shipbuilding sector in Europe<\/strong>.<\/p>\n<p><strong>Jade Guiberteau <\/strong>has recently presented its work at a number of scientific events:<\/p>\n<ul>\n<li><a href=\"https:\/\/ecodef-ihedn.fr\/en\/la-production-de-grand-batiment-de-surface-comme-revelateur-dun-paradoxe-strategique-en-europe-presentation-des-travaux-de-jade-guiberteau-ricard-a-paris-et-bordeaux\/\" target=\"_blank\" rel=\"noopener\">What are strategic studies? conference (Paris, 11-12 May 2023) organised by the Centre Thucydide (Universit\u00e9 Paris II - Panth\u00e9on-Assas)<\/a><\/li>\n<li><a href=\"https:\/\/ecodef-ihedn.fr\/en\/la-production-de-grand-batiment-de-surface-comme-revelateur-dun-paradoxe-strategique-en-europe-presentation-des-travaux-de-jade-guiberteau-ricard-a-paris-et-bordeaux\/\" target=\"_blank\" rel=\"noopener\">6<sup>e<\/sup>\u00a0Congress of the Association for War and Strategy Studies (AEGES) (Bordeaux, 7-9 June 2023)<\/a><\/li>\n<li><a href=\"https:\/\/ecodef-ihedn.fr\/en\/ices-2023-stockholm-suede-participation-de-trois-chercheurs-de-la-chaire\/\" target=\"_blank\" rel=\"noopener\">26<sup>e<\/sup> International annual conference on economics and security (ICES 2023) (Stockholm, Sweden, 29 June-2 July 2023)<\/a><\/li>\n<\/ul>\n<p><a href=\"https:\/\/www.defense.gouv.fr\/ssm\/actualites\/prix-deconomie-defense-2022-decouvrez-portrait-deux-laureats\" target=\"_blank\" rel=\"noopener\"><img loading=\"lazy\" decoding=\"async\" class=\"aligncenter wp-image-7985 size-full\" src=\"https:\/\/ecodef-ihedn.fr\/wp-content\/uploads\/2023\/07\/Capture-decran-2023-07-05-164501.png\" alt=\"\" width=\"811\" height=\"579\" srcset=\"https:\/\/ecodef-ihedn.fr\/wp-content\/uploads\/2023\/07\/Capture-decran-2023-07-05-164501.png 811w, https:\/\/ecodef-ihedn.fr\/wp-content\/uploads\/2023\/07\/Capture-decran-2023-07-05-164501-300x214.png 300w, https:\/\/ecodef-ihedn.fr\/wp-content\/uploads\/2023\/07\/Capture-decran-2023-07-05-164501-768x548.png 768w, https:\/\/ecodef-ihedn.fr\/wp-content\/uploads\/2023\/07\/Capture-decran-2023-07-05-164501-696x497.png 696w, https:\/\/ecodef-ihedn.fr\/wp-content\/uploads\/2023\/07\/Capture-decran-2023-07-05-164501-588x420.png 588w, https:\/\/ecodef-ihedn.fr\/wp-content\/uploads\/2023\/07\/Capture-decran-2023-07-05-164501-100x70.png 100w\" sizes=\"auto, (max-width: 811px) 100vw, 811px\" \/><\/a><\/p>\n<p>Find the\u2019<strong>interview with Jade Guiberteau<\/strong> on the\u2019<strong>Observatoire \u00e9conomique de la D\u00e9fense (OED).<\/strong><\/p>\n<p style=\"text-align: center;\"><a href=\"https:\/\/www.defense.gouv.fr\/ssm\/actualites\/prix-deconomie-defense-2022-decouvrez-portrait-deux-laureats\" target=\"_blank\" rel=\"noopener\"><span class=\"td_btn td_btn_md td_default_btn\">interview with Jade Guiberteau Ricard<\/span><\/a><\/p>","protected":false},"excerpt":{"rendered":"<p>Jade Guiberteau, assistante de recherche \u00e0 la Chaire, a re\u00e7u une mention sp\u00e9ciale du jury du Prix d\u2019\u00e9conomie de la D\u00e9fense 2022 pour la qualit\u00e9 de ses travaux de recherche. Son m\u00e9moire, intitul\u00e9 \u00ab\u00a0La production de grand b\u00e2timent de surface comme r\u00e9v\u00e9lateur d\u2019un paradoxe strat\u00e9gique en Europe\u00a0\u00bb propose une analyse \u00e9conomique du secteur de la [&hellip;]<\/p>\n","protected":false},"author":2,"featured_media":7986,"comment_status":"open","ping_status":"open","sticky":false,"template":"","format":"standard","meta":{"footnotes":""},"categories":[34,360],"tags":[673,659,486,213,674,142,96,56],"class_list":{"0":"post-7983","1":"post","2":"type-post","3":"status-publish","4":"format-standard","5":"has-post-thumbnail","7":"category-activites","8":"category-actualites-du-reseau","9":"tag-distinction","10":"tag-industrie-navale-europeenne","11":"tag-jade-guiberteau","12":"tag-memoire","13":"tag-mention-speciale","14":"tag-observatoire-economique-de-la-defense","15":"tag-oed","16":"tag-prix-deconomie-de-la-defense"},"yoast_head":"<!-- This site is optimized with the Yoast SEO plugin v27.4 - https:\/\/yoast.com\/product\/yoast-seo-wordpress\/ -->\n<title>Prix d\u2019\u00e9conomie de la D\u00e9fense 2022 : mention sp\u00e9ciale du jury pour Jade Guiberteau - Chaire \u00c9conomie de d\u00e9fense - IHEDN<\/title>\n<meta name=\"robots\" content=\"index, follow, max-snippet:-1, max-image-preview:large, max-video-preview:-1\" \/>\n<link rel=\"canonical\" href=\"https:\/\/ecodef-ihedn.fr\/en\/prix-deconomie-de-la-defense-2022-mention-speciale-du-jury-pour-jade-guiberteau\/\" \/>\n<meta property=\"og:locale\" content=\"en_GB\" \/>\n<meta property=\"og:type\" content=\"article\" \/>\n<meta property=\"og:title\" content=\"Prix d\u2019\u00e9conomie de la D\u00e9fense 2022 : mention sp\u00e9ciale du jury pour Jade Guiberteau - Chaire \u00c9conomie de d\u00e9fense - IHEDN\" \/>\n<meta property=\"og:description\" content=\"Jade Guiberteau, assistante de recherche \u00e0 la Chaire, a re\u00e7u une mention sp\u00e9ciale du jury du Prix d\u2019\u00e9conomie de la D\u00e9fense 2022 pour la qualit\u00e9 de ses travaux de recherche. Son m\u00e9moire, intitul\u00e9 \u00ab\u00a0La production de grand b\u00e2timent de surface comme r\u00e9v\u00e9lateur d\u2019un paradoxe strat\u00e9gique en Europe\u00a0\u00bb propose une analyse \u00e9conomique du secteur de la [&hellip;]\" \/>\n<meta property=\"og:url\" content=\"https:\/\/ecodef-ihedn.fr\/en\/prix-deconomie-de-la-defense-2022-mention-speciale-du-jury-pour-jade-guiberteau\/\" \/>\n<meta property=\"og:site_name\" content=\"Chaire \u00c9conomie de d\u00e9fense - IHEDN\" \/>\n<meta property=\"article:published_time\" content=\"2023-06-27T14:31:18+00:00\" \/>\n<meta property=\"article:modified_time\" content=\"2023-07-27T13:41:32+00:00\" \/>\n<meta property=\"og:image\" content=\"https:\/\/ecodef-ihedn.fr\/wp-content\/uploads\/2023\/07\/Capture-decran-2023-07-05-163642.png\" \/>\n\t<meta property=\"og:image:width\" content=\"809\" \/>\n\t<meta property=\"og:image:height\" content=\"577\" \/>\n\t<meta property=\"og:image:type\" content=\"image\/png\" \/>\n<meta name=\"author\" content=\"Bertrand Demandre\" \/>\n<meta name=\"twitter:card\" content=\"summary_large_image\" \/>\n<meta name=\"twitter:creator\" content=\"@Chaire_Ecodef\" \/>\n<meta name=\"twitter:site\" content=\"@Chaire_Ecodef\" \/>\n<meta name=\"twitter:label1\" content=\"Written by\" \/>\n\t<meta name=\"twitter:data1\" content=\"Bertrand Demandre\" \/>\n\t<meta name=\"twitter:label2\" content=\"Estimated reading time\" \/>\n\t<meta name=\"twitter:data2\" content=\"1 minute\" \/>\n<script type=\"application\/ld+json\" class=\"yoast-schema-graph\">{\"@context\":\"https:\\\/\\\/schema.org\",\"@graph\":[{\"@type\":\"Article\",\"@id\":\"https:\\\/\\\/ecodef-ihedn.fr\\\/prix-deconomie-de-la-defense-2022-mention-speciale-du-jury-pour-jade-guiberteau\\\/#article\",\"isPartOf\":{\"@id\":\"https:\\\/\\\/ecodef-ihedn.fr\\\/prix-deconomie-de-la-defense-2022-mention-speciale-du-jury-pour-jade-guiberteau\\\/\"},\"author\":{\"name\":\"Bertrand Demandre\",\"@id\":\"https:\\\/\\\/ecodef-ihedn.fr\\\/#\\\/schema\\\/person\\\/1cdf22d028cebe278126a6e07a884d30\"},\"headline\":\"Prix d\u2019\u00e9conomie de la D\u00e9fense 2022 : mention sp\u00e9ciale du jury pour Jade Guiberteau\",\"datePublished\":\"2023-06-27T14:31:18+00:00\",\"dateModified\":\"2023-07-27T13:41:32+00:00\",\"mainEntityOfPage\":{\"@id\":\"https:\\\/\\\/ecodef-ihedn.fr\\\/prix-deconomie-de-la-defense-2022-mention-speciale-du-jury-pour-jade-guiberteau\\\/\"},\"wordCount\":177,\"commentCount\":0,\"publisher\":{\"@id\":\"https:\\\/\\\/ecodef-ihedn.fr\\\/#organization\"},\"image\":{\"@id\":\"https:\\\/\\\/ecodef-ihedn.fr\\\/prix-deconomie-de-la-defense-2022-mention-speciale-du-jury-pour-jade-guiberteau\\\/#primaryimage\"},\"thumbnailUrl\":\"https:\\\/\\\/ecodef-ihedn.fr\\\/wp-content\\\/uploads\\\/2023\\\/07\\\/Capture-decran-2023-07-05-163642.png\",\"keywords\":[\"distinction\",\"industrie navale europ\u00e9enne\",\"jade guiberteau\",\"M\u00e9moire\",\"mention sp\u00e9ciale\",\"observatoire \u00e9conomique de la d\u00e9fense\",\"OED\",\"prix d'\u00e9conomie de la D\u00e9fense\"],\"articleSection\":[\"Activit\u00e9s\",\"Actualit\u00e9s du r\u00e9seau\"],\"inLanguage\":\"en-GB\",\"potentialAction\":[{\"@type\":\"CommentAction\",\"name\":\"Comment\",\"target\":[\"https:\\\/\\\/ecodef-ihedn.fr\\\/prix-deconomie-de-la-defense-2022-mention-speciale-du-jury-pour-jade-guiberteau\\\/#respond\"]}]},{\"@type\":\"WebPage\",\"@id\":\"https:\\\/\\\/ecodef-ihedn.fr\\\/prix-deconomie-de-la-defense-2022-mention-speciale-du-jury-pour-jade-guiberteau\\\/\",\"url\":\"https:\\\/\\\/ecodef-ihedn.fr\\\/prix-deconomie-de-la-defense-2022-mention-speciale-du-jury-pour-jade-guiberteau\\\/\",\"name\":\"Prix d\u2019\u00e9conomie de la D\u00e9fense 2022 : mention sp\u00e9ciale du jury pour Jade Guiberteau - Chaire \u00c9conomie de d\u00e9fense - IHEDN\",\"isPartOf\":{\"@id\":\"https:\\\/\\\/ecodef-ihedn.fr\\\/#website\"},\"primaryImageOfPage\":{\"@id\":\"https:\\\/\\\/ecodef-ihedn.fr\\\/prix-deconomie-de-la-defense-2022-mention-speciale-du-jury-pour-jade-guiberteau\\\/#primaryimage\"},\"image\":{\"@id\":\"https:\\\/\\\/ecodef-ihedn.fr\\\/prix-deconomie-de-la-defense-2022-mention-speciale-du-jury-pour-jade-guiberteau\\\/#primaryimage\"},\"thumbnailUrl\":\"https:\\\/\\\/ecodef-ihedn.fr\\\/wp-content\\\/uploads\\\/2023\\\/07\\\/Capture-decran-2023-07-05-163642.png\",\"datePublished\":\"2023-06-27T14:31:18+00:00\",\"dateModified\":\"2023-07-27T13:41:32+00:00\",\"breadcrumb\":{\"@id\":\"https:\\\/\\\/ecodef-ihedn.fr\\\/prix-deconomie-de-la-defense-2022-mention-speciale-du-jury-pour-jade-guiberteau\\\/#breadcrumb\"},\"inLanguage\":\"en-GB\",\"potentialAction\":[{\"@type\":\"ReadAction\",\"target\":[\"https:\\\/\\\/ecodef-ihedn.fr\\\/prix-deconomie-de-la-defense-2022-mention-speciale-du-jury-pour-jade-guiberteau\\\/\"]}]},{\"@type\":\"ImageObject\",\"inLanguage\":\"en-GB\",\"@id\":\"https:\\\/\\\/ecodef-ihedn.fr\\\/prix-deconomie-de-la-defense-2022-mention-speciale-du-jury-pour-jade-guiberteau\\\/#primaryimage\",\"url\":\"https:\\\/\\\/ecodef-ihedn.fr\\\/wp-content\\\/uploads\\\/2023\\\/07\\\/Capture-decran-2023-07-05-163642.png\",\"contentUrl\":\"https:\\\/\\\/ecodef-ihedn.fr\\\/wp-content\\\/uploads\\\/2023\\\/07\\\/Capture-decran-2023-07-05-163642.png\",\"width\":809,\"height\":577},{\"@type\":\"BreadcrumbList\",\"@id\":\"https:\\\/\\\/ecodef-ihedn.fr\\\/prix-deconomie-de-la-defense-2022-mention-speciale-du-jury-pour-jade-guiberteau\\\/#breadcrumb\",\"itemListElement\":[{\"@type\":\"ListItem\",\"position\":1,\"name\":\"Accueil\",\"item\":\"https:\\\/\\\/ecodef-ihedn.fr\\\/\"},{\"@type\":\"ListItem\",\"position\":2,\"name\":\"Prix d\u2019\u00e9conomie de la D\u00e9fense 2022 : mention sp\u00e9ciale du jury pour Jade Guiberteau\"}]},{\"@type\":\"WebSite\",\"@id\":\"https:\\\/\\\/ecodef-ihedn.fr\\\/#website\",\"url\":\"https:\\\/\\\/ecodef-ihedn.fr\\\/\",\"name\":\"Chaire \u00c9conomie de D\u00e9fense - IHEDN\",\"description\":\"Produire &amp; soutenir, f\u00e9d\u00e9rer &amp; diffuser, \u00eatre une interface\",\"publisher\":{\"@id\":\"https:\\\/\\\/ecodef-ihedn.fr\\\/#organization\"},\"potentialAction\":[{\"@type\":\"SearchAction\",\"target\":{\"@type\":\"EntryPoint\",\"urlTemplate\":\"https:\\\/\\\/ecodef-ihedn.fr\\\/?s={search_term_string}\"},\"query-input\":{\"@type\":\"PropertyValueSpecification\",\"valueRequired\":true,\"valueName\":\"search_term_string\"}}],\"inLanguage\":\"en-GB\"},{\"@type\":\"Organization\",\"@id\":\"https:\\\/\\\/ecodef-ihedn.fr\\\/#organization\",\"name\":\"Chaire \u00c9conomie de d\u00e9fense - IHEDN\",\"url\":\"https:\\\/\\\/ecodef-ihedn.fr\\\/\",\"logo\":{\"@type\":\"ImageObject\",\"inLanguage\":\"en-GB\",\"@id\":\"https:\\\/\\\/ecodef-ihedn.fr\\\/#\\\/schema\\\/logo\\\/image\\\/\",\"url\":\"https:\\\/\\\/ecodef-ihedn.fr\\\/wp-content\\\/uploads\\\/2020\\\/04\\\/logoEcodef9.jpg\",\"contentUrl\":\"https:\\\/\\\/ecodef-ihedn.fr\\\/wp-content\\\/uploads\\\/2020\\\/04\\\/logoEcodef9.jpg\",\"width\":410,\"height\":212,\"caption\":\"Chaire \u00c9conomie de d\u00e9fense - IHEDN\"},\"image\":{\"@id\":\"https:\\\/\\\/ecodef-ihedn.fr\\\/#\\\/schema\\\/logo\\\/image\\\/\"},\"sameAs\":[\"https:\\\/\\\/x.com\\\/Chaire_Ecodef\",\"https:\\\/\\\/www.linkedin.com\\\/company\\\/chaire-ecodef-ihedn\\\/\"]},{\"@type\":\"Person\",\"@id\":\"https:\\\/\\\/ecodef-ihedn.fr\\\/#\\\/schema\\\/person\\\/1cdf22d028cebe278126a6e07a884d30\",\"name\":\"Bertrand Demandre\",\"image\":{\"@type\":\"ImageObject\",\"inLanguage\":\"en-GB\",\"@id\":\"https:\\\/\\\/secure.gravatar.com\\\/avatar\\\/d9c9746d6c900ab5b9c0f9b1fa3932e369da923da247d624b8f7ab4ba8a3c093?s=96&d=mm&r=g\",\"url\":\"https:\\\/\\\/secure.gravatar.com\\\/avatar\\\/d9c9746d6c900ab5b9c0f9b1fa3932e369da923da247d624b8f7ab4ba8a3c093?s=96&d=mm&r=g\",\"contentUrl\":\"https:\\\/\\\/secure.gravatar.com\\\/avatar\\\/d9c9746d6c900ab5b9c0f9b1fa3932e369da923da247d624b8f7ab4ba8a3c093?s=96&d=mm&r=g\",\"caption\":\"Bertrand Demandre\"},\"url\":\"https:\\\/\\\/ecodef-ihedn.fr\\\/en\\\/author\\\/bertrand\\\/\"}]}<\/script>\n<!-- \/ Yoast SEO plugin. -->","yoast_head_json":{"title":"Prix d\u2019\u00e9conomie de la D\u00e9fense 2022 : mention sp\u00e9ciale du jury pour Jade Guiberteau - Chaire \u00c9conomie de d\u00e9fense - IHEDN","robots":{"index":"index","follow":"follow","max-snippet":"max-snippet:-1","max-image-preview":"max-image-preview:large","max-video-preview":"max-video-preview:-1"},"canonical":"https:\/\/ecodef-ihedn.fr\/en\/prix-deconomie-de-la-defense-2022-mention-speciale-du-jury-pour-jade-guiberteau\/","og_locale":"en_GB","og_type":"article","og_title":"Prix d\u2019\u00e9conomie de la D\u00e9fense 2022 : mention sp\u00e9ciale du jury pour Jade Guiberteau - Chaire \u00c9conomie de d\u00e9fense - IHEDN","og_description":"Jade Guiberteau, assistante de recherche \u00e0 la Chaire, a re\u00e7u une mention sp\u00e9ciale du jury du Prix d\u2019\u00e9conomie de la D\u00e9fense 2022 pour la qualit\u00e9 de ses travaux de recherche. Son m\u00e9moire, intitul\u00e9 \u00ab\u00a0La production de grand b\u00e2timent de surface comme r\u00e9v\u00e9lateur d\u2019un paradoxe strat\u00e9gique en Europe\u00a0\u00bb propose une analyse \u00e9conomique du secteur de la [&hellip;]","og_url":"https:\/\/ecodef-ihedn.fr\/en\/prix-deconomie-de-la-defense-2022-mention-speciale-du-jury-pour-jade-guiberteau\/","og_site_name":"Chaire \u00c9conomie de d\u00e9fense - IHEDN","article_published_time":"2023-06-27T14:31:18+00:00","article_modified_time":"2023-07-27T13:41:32+00:00","og_image":[{"width":809,"height":577,"url":"https:\/\/ecodef-ihedn.fr\/wp-content\/uploads\/2023\/07\/Capture-decran-2023-07-05-163642.png","type":"image\/png"}],"author":"Bertrand Demandre","twitter_card":"summary_large_image","twitter_creator":"@Chaire_Ecodef","twitter_site":"@Chaire_Ecodef","twitter_misc":{"Written by":"Bertrand Demandre","Estimated reading time":"1 minute"},"schema":{"@context":"https:\/\/schema.org","@graph":[{"@type":"Article","@id":"https:\/\/ecodef-ihedn.fr\/prix-deconomie-de-la-defense-2022-mention-speciale-du-jury-pour-jade-guiberteau\/#article","isPartOf":{"@id":"https:\/\/ecodef-ihedn.fr\/prix-deconomie-de-la-defense-2022-mention-speciale-du-jury-pour-jade-guiberteau\/"},"author":{"name":"Bertrand Demandre","@id":"https:\/\/ecodef-ihedn.fr\/#\/schema\/person\/1cdf22d028cebe278126a6e07a884d30"},"headline":"Prix d\u2019\u00e9conomie de la D\u00e9fense 2022 : mention sp\u00e9ciale du jury pour Jade Guiberteau","datePublished":"2023-06-27T14:31:18+00:00","dateModified":"2023-07-27T13:41:32+00:00","mainEntityOfPage":{"@id":"https:\/\/ecodef-ihedn.fr\/prix-deconomie-de-la-defense-2022-mention-speciale-du-jury-pour-jade-guiberteau\/"},"wordCount":177,"commentCount":0,"publisher":{"@id":"https:\/\/ecodef-ihedn.fr\/#organization"},"image":{"@id":"https:\/\/ecodef-ihedn.fr\/prix-deconomie-de-la-defense-2022-mention-speciale-du-jury-pour-jade-guiberteau\/#primaryimage"},"thumbnailUrl":"https:\/\/ecodef-ihedn.fr\/wp-content\/uploads\/2023\/07\/Capture-decran-2023-07-05-163642.png","keywords":["distinction","industrie navale europ\u00e9enne","jade guiberteau","M\u00e9moire","mention sp\u00e9ciale","observatoire \u00e9conomique de la d\u00e9fense","OED","prix d'\u00e9conomie de la D\u00e9fense"],"articleSection":["Activit\u00e9s","Actualit\u00e9s du r\u00e9seau"],"inLanguage":"en-GB","potentialAction":[{"@type":"CommentAction","name":"Comment","target":["https:\/\/ecodef-ihedn.fr\/prix-deconomie-de-la-defense-2022-mention-speciale-du-jury-pour-jade-guiberteau\/#respond"]}]},{"@type":"WebPage","@id":"https:\/\/ecodef-ihedn.fr\/prix-deconomie-de-la-defense-2022-mention-speciale-du-jury-pour-jade-guiberteau\/","url":"https:\/\/ecodef-ihedn.fr\/prix-deconomie-de-la-defense-2022-mention-speciale-du-jury-pour-jade-guiberteau\/","name":"Prix d\u2019\u00e9conomie de la D\u00e9fense 2022 : mention sp\u00e9ciale du jury pour Jade Guiberteau - Chaire \u00c9conomie de d\u00e9fense - IHEDN","isPartOf":{"@id":"https:\/\/ecodef-ihedn.fr\/#website"},"primaryImageOfPage":{"@id":"https:\/\/ecodef-ihedn.fr\/prix-deconomie-de-la-defense-2022-mention-speciale-du-jury-pour-jade-guiberteau\/#primaryimage"},"image":{"@id":"https:\/\/ecodef-ihedn.fr\/prix-deconomie-de-la-defense-2022-mention-speciale-du-jury-pour-jade-guiberteau\/#primaryimage"},"thumbnailUrl":"https:\/\/ecodef-ihedn.fr\/wp-content\/uploads\/2023\/07\/Capture-decran-2023-07-05-163642.png","datePublished":"2023-06-27T14:31:18+00:00","dateModified":"2023-07-27T13:41:32+00:00","breadcrumb":{"@id":"https:\/\/ecodef-ihedn.fr\/prix-deconomie-de-la-defense-2022-mention-speciale-du-jury-pour-jade-guiberteau\/#breadcrumb"},"inLanguage":"en-GB","potentialAction":[{"@type":"ReadAction","target":["https:\/\/ecodef-ihedn.fr\/prix-deconomie-de-la-defense-2022-mention-speciale-du-jury-pour-jade-guiberteau\/"]}]},{"@type":"ImageObject","inLanguage":"en-GB","@id":"https:\/\/ecodef-ihedn.fr\/prix-deconomie-de-la-defense-2022-mention-speciale-du-jury-pour-jade-guiberteau\/#primaryimage","url":"https:\/\/ecodef-ihedn.fr\/wp-content\/uploads\/2023\/07\/Capture-decran-2023-07-05-163642.png","contentUrl":"https:\/\/ecodef-ihedn.fr\/wp-content\/uploads\/2023\/07\/Capture-decran-2023-07-05-163642.png","width":809,"height":577},{"@type":"BreadcrumbList","@id":"https:\/\/ecodef-ihedn.fr\/prix-deconomie-de-la-defense-2022-mention-speciale-du-jury-pour-jade-guiberteau\/#breadcrumb","itemListElement":[{"@type":"ListItem","position":1,"name":"Accueil","item":"https:\/\/ecodef-ihedn.fr\/"},{"@type":"ListItem","position":2,"name":"Prix d\u2019\u00e9conomie de la D\u00e9fense 2022 : mention sp\u00e9ciale du jury pour Jade Guiberteau"}]},{"@type":"WebSite","@id":"https:\/\/ecodef-ihedn.fr\/#website","url":"https:\/\/ecodef-ihedn.fr\/","name":"Chair in Defence Economics - IHEDN","description":"Produce &amp; support, federate &amp; disseminate, act as an interface","publisher":{"@id":"https:\/\/ecodef-ihedn.fr\/#organization"},"potentialAction":[{"@type":"SearchAction","target":{"@type":"EntryPoint","urlTemplate":"https:\/\/ecodef-ihedn.fr\/?s={search_term_string}"},"query-input":{"@type":"PropertyValueSpecification","valueRequired":true,"valueName":"search_term_string"}}],"inLanguage":"en-GB"},{"@type":"Organization","@id":"https:\/\/ecodef-ihedn.fr\/#organization","name":"Chair in Defence Economics - IHEDN","url":"https:\/\/ecodef-ihedn.fr\/","logo":{"@type":"ImageObject","inLanguage":"en-GB","@id":"https:\/\/ecodef-ihedn.fr\/#\/schema\/logo\/image\/","url":"https:\/\/ecodef-ihedn.fr\/wp-content\/uploads\/2020\/04\/logoEcodef9.jpg","contentUrl":"https:\/\/ecodef-ihedn.fr\/wp-content\/uploads\/2020\/04\/logoEcodef9.jpg","width":410,"height":212,"caption":"Chaire \u00c9conomie de d\u00e9fense - IHEDN"},"image":{"@id":"https:\/\/ecodef-ihedn.fr\/#\/schema\/logo\/image\/"},"sameAs":["https:\/\/x.com\/Chaire_Ecodef","https:\/\/www.linkedin.com\/company\/chaire-ecodef-ihedn\/"]},{"@type":"Person","@id":"https:\/\/ecodef-ihedn.fr\/#\/schema\/person\/1cdf22d028cebe278126a6e07a884d30","name":"Bertrand Demandre","image":{"@type":"ImageObject","inLanguage":"en-GB","@id":"https:\/\/secure.gravatar.com\/avatar\/d9c9746d6c900ab5b9c0f9b1fa3932e369da923da247d624b8f7ab4ba8a3c093?s=96&d=mm&r=g","url":"https:\/\/secure.gravatar.com\/avatar\/d9c9746d6c900ab5b9c0f9b1fa3932e369da923da247d624b8f7ab4ba8a3c093?s=96&d=mm&r=g","contentUrl":"https:\/\/secure.gravatar.com\/avatar\/d9c9746d6c900ab5b9c0f9b1fa3932e369da923da247d624b8f7ab4ba8a3c093?s=96&d=mm&r=g","caption":"Bertrand Demandre"},"url":"https:\/\/ecodef-ihedn.fr\/en\/author\/bertrand\/"}]}},"_links":{"self":[{"href":"https:\/\/ecodef-ihedn.fr\/en\/wp-json\/wp\/v2\/posts\/7983","targetHints":{"allow":["GET"]}}],"collection":[{"href":"https:\/\/ecodef-ihedn.fr\/en\/wp-json\/wp\/v2\/posts"}],"about":[{"href":"https:\/\/ecodef-ihedn.fr\/en\/wp-json\/wp\/v2\/types\/post"}],"author":[{"embeddable":true,"href":"https:\/\/ecodef-ihedn.fr\/en\/wp-json\/wp\/v2\/users\/2"}],"replies":[{"embeddable":true,"href":"https:\/\/ecodef-ihedn.fr\/en\/wp-json\/wp\/v2\/comments?post=7983"}],"version-history":[{"count":9,"href":"https:\/\/ecodef-ihedn.fr\/en\/wp-json\/wp\/v2\/posts\/7983\/revisions"}],"predecessor-version":[{"id":8015,"href":"https:\/\/ecodef-ihedn.fr\/en\/wp-json\/wp\/v2\/posts\/7983\/revisions\/8015"}],"wp:featuredmedia":[{"embeddable":true,"href":"https:\/\/ecodef-ihedn.fr\/en\/wp-json\/wp\/v2\/media\/7986"}],"wp:attachment":[{"href":"https:\/\/ecodef-ihedn.fr\/en\/wp-json\/wp\/v2\/media?parent=7983"}],"wp:term":[{"taxonomy":"category","embeddable":true,"href":"https:\/\/ecodef-ihedn.fr\/en\/wp-json\/wp\/v2\/categories?post=7983"},{"taxonomy":"post_tag","embeddable":true,"href":"https:\/\/ecodef-ihedn.fr\/en\/wp-json\/wp\/v2\/tags?post=7983"}],"curies":[{"name":"wp","href":"https:\/\/api.w.org\/{rel}","templated":true}]}}