{"id":7991,"date":"2023-07-05T15:14:47","date_gmt":"2023-07-05T15:14:47","guid":{"rendered":"https:\/\/ecodef-ihedn.fr\/?p=7991"},"modified":"2023-12-21T12:56:03","modified_gmt":"2023-12-21T12:56:03","slug":"ices-2023-stockholm-suede-participation-de-trois-chercheurs-de-la-chaire","status":"publish","type":"post","link":"https:\/\/ecodef-ihedn.fr\/en\/ices-2023-stockholm-suede-participation-de-trois-chercheurs-de-la-chaire\/","title":{"rendered":"ICES 2023 (Stockholm, Sweden): participation of three researchers from the Chair"},"content":{"rendered":"<p><strong>Josselin Droff, Jade Guiberteau Ricard and Julien Malizard took part in the 26<sup>th<\/sup> International conference on economics and security (ICES 2023) <\/strong><\/p>\n<p><a href=\"https:\/\/ecodef-ihedn.fr\/wp-content\/uploads\/2023\/07\/Capture-decran-2023-07-06-124109.png\"><img loading=\"lazy\" decoding=\"async\" class=\"aligncenter wp-image-7992 size-full\" src=\"https:\/\/ecodef-ihedn.fr\/wp-content\/uploads\/2023\/07\/Capture-decran-2023-07-06-124109.png\" alt=\"\" width=\"640\" height=\"457\" srcset=\"https:\/\/ecodef-ihedn.fr\/wp-content\/uploads\/2023\/07\/Capture-decran-2023-07-06-124109.png 640w, https:\/\/ecodef-ihedn.fr\/wp-content\/uploads\/2023\/07\/Capture-decran-2023-07-06-124109-300x214.png 300w, https:\/\/ecodef-ihedn.fr\/wp-content\/uploads\/2023\/07\/Capture-decran-2023-07-06-124109-588x420.png 588w, https:\/\/ecodef-ihedn.fr\/wp-content\/uploads\/2023\/07\/Capture-decran-2023-07-06-124109-100x70.png 100w\" sizes=\"auto, (max-width: 640px) 100vw, 640px\" \/><\/a><\/p>\n<p>Held from 29 June to 2 July 2023 at the <a href=\"https:\/\/www.sipri.org\/\" target=\"_blank\" rel=\"noopener\">Stockholm international peace research institute (SIPRI)<\/a>, in partnership with <a href=\"https:\/\/www.foi.se\/en\/foi.html\" target=\"_blank\" rel=\"noopener\">Swedish defence research agency (FOI)<\/a>, the <a href=\"https:\/\/www.foi.se\/en\/foi\/research\/cooperation-projects\/ices.html\" target=\"_blank\" rel=\"noopener\">26<sup>th<\/sup>International conference on economics and security (ICES 2023)<\/a> brought together some fifty specialists from the United States, Canada, Brazil and Europe (France, Germany, Greece, Italy, Netherlands, Spain, Sweden, United Kingdom, etc.).<\/p>\n<p>For over 20 years, this <strong>annual international conference<\/strong> provides an opportunity for economists, political scientists and researchers from other disciplines from all over the world to present their work in the field of the <strong>defence, security and peace economics<\/strong>.<\/p>\n<p>Researchers from the Chair have been taking part in this event for several years, which provides an opportunity to cover various research themes in defence and security economics, including issues relating to <strong>data<\/strong>, the <strong>the fight against terrorist organisations<\/strong>, l\u2019<strong>defence innovation<\/strong>, the problems of\u2019<strong>European defence<\/strong> or the <strong>industrial issues<\/strong>.<\/p>\n<p><strong>Jade Guiberteau<\/strong> presented work done with <strong>Josselin Droff<\/strong> and <strong>Julien Malizard<\/strong> entitled \u00abBuilding military ships in Europe: measuring the influence of strategic procurement on the performance of the naval defence industry\u00bb.<\/p>\n<p><a href=\"https:\/\/ecodef-ihedn.fr\/wp-content\/uploads\/2023\/07\/20230630_120507.jpg\"><img loading=\"lazy\" decoding=\"async\" class=\"aligncenter wp-image-7993 size-large\" src=\"https:\/\/ecodef-ihedn.fr\/wp-content\/uploads\/2023\/07\/20230630_120507-1024x576.jpg\" alt=\"\" width=\"696\" height=\"392\" srcset=\"https:\/\/ecodef-ihedn.fr\/wp-content\/uploads\/2023\/07\/20230630_120507-1024x576.jpg 1024w, https:\/\/ecodef-ihedn.fr\/wp-content\/uploads\/2023\/07\/20230630_120507-300x169.jpg 300w, https:\/\/ecodef-ihedn.fr\/wp-content\/uploads\/2023\/07\/20230630_120507-768x432.jpg 768w, https:\/\/ecodef-ihedn.fr\/wp-content\/uploads\/2023\/07\/20230630_120507-1536x864.jpg 1536w, https:\/\/ecodef-ihedn.fr\/wp-content\/uploads\/2023\/07\/20230630_120507-2048x1152.jpg 2048w, https:\/\/ecodef-ihedn.fr\/wp-content\/uploads\/2023\/07\/20230630_120507-696x392.jpg 696w, https:\/\/ecodef-ihedn.fr\/wp-content\/uploads\/2023\/07\/20230630_120507-1392x783.jpg 1392w, https:\/\/ecodef-ihedn.fr\/wp-content\/uploads\/2023\/07\/20230630_120507-1068x601.jpg 1068w, https:\/\/ecodef-ihedn.fr\/wp-content\/uploads\/2023\/07\/20230630_120507-1920x1080.jpg 1920w, https:\/\/ecodef-ihedn.fr\/wp-content\/uploads\/2023\/07\/20230630_120507-746x420.jpg 746w, https:\/\/ecodef-ihedn.fr\/wp-content\/uploads\/2023\/07\/20230630_120507-1493x840.jpg 1493w\" sizes=\"auto, (max-width: 696px) 100vw, 696px\" \/><\/a><\/p>\n<p>Based on a <strong>original database<\/strong>, This work focuses on <strong>production time for large surface buildings<\/strong> in service in 2022 in eight European countries (France, United Kingdom, Germany, Italy, Spain, Netherlands, Denmark and Norway).<\/p>\n<p>Indeed, the <strong>building production time<\/strong> is a <strong>major capacity indicator<\/strong> in a context of <strong>political will to speed up production<\/strong> (competition between major naval powers, protection of critical infrastructures at sea and under the sea, the fight against maritime piracy, etc.).<\/p>\n<p>Econometric analysis highlights the existence of\u2019<strong>learning effects<\/strong>. Furthermore, considering the\u2019<strong>origin of on-board sub-systems <\/strong>(national production, European or American imports and European cooperation), we can see that equipment from European imports reduces production time, an important factor in European industrial strategy.<\/p>","protected":false},"excerpt":{"rendered":"<p>Josselin Droff, Jade Guiberteau Ricard et Julien Malizard ont particip\u00e9 \u00e0 la 26\u00e8me International conference on economics and security (ICES 2023) Organis\u00e9e du 29 juin au 2 juillet 2023 au Stockholm international peace research institute (SIPRI), en partenariat avec la Swedish defence research agency (FOI), la 26\u00e8meInternational conference on economics and security (ICES 2023) a [&hellip;]<\/p>\n","protected":false},"author":2,"featured_media":7992,"comment_status":"open","ping_status":"open","sticky":false,"template":"","format":"standard","meta":{"footnotes":""},"categories":[34,356],"tags":[41,47,329,676,156,675,659,323,677,486,202,86,181,525],"class_list":{"0":"post-7991","1":"post","2":"type-post","3":"status-publish","4":"format-standard","5":"has-post-thumbnail","7":"category-activites","8":"category-activites-participation-de-la-chaire-a-un-evenement","9":"tag-conference","10":"tag-economie-de-defense","11":"tag-enjeux-economiques","12":"tag-enjeux-industriels","13":"tag-europe-de-la-defense","14":"tag-ices-2023","15":"tag-industrie-navale-europeenne","16":"tag-innovation-de-defense","17":"tag-international-conference-on-economics-and-security","18":"tag-jade-guiberteau","19":"tag-josselin-droff","20":"tag-julien-malizard","21":"tag-naval-militaire","22":"tag-sipri"},"yoast_head":"<!-- This site is optimized with the Yoast SEO plugin v27.4 - https:\/\/yoast.com\/product\/yoast-seo-wordpress\/ -->\n<title>ICES 2023 (Stockholm, Su\u00e8de) : participation de trois chercheurs de la Chaire - Chaire \u00c9conomie de d\u00e9fense - IHEDN<\/title>\n<meta name=\"robots\" content=\"index, follow, max-snippet:-1, max-image-preview:large, max-video-preview:-1\" \/>\n<link rel=\"canonical\" href=\"https:\/\/ecodef-ihedn.fr\/en\/ices-2023-stockholm-suede-participation-de-trois-chercheurs-de-la-chaire\/\" \/>\n<meta property=\"og:locale\" content=\"en_GB\" \/>\n<meta property=\"og:type\" content=\"article\" \/>\n<meta property=\"og:title\" content=\"ICES 2023 (Stockholm, Su\u00e8de) : participation de trois chercheurs de la Chaire - Chaire \u00c9conomie de d\u00e9fense - IHEDN\" \/>\n<meta property=\"og:description\" content=\"Josselin Droff, Jade Guiberteau Ricard et Julien Malizard ont particip\u00e9 \u00e0 la 26\u00e8me International conference on economics and security (ICES 2023) Organis\u00e9e du 29 juin au 2 juillet 2023 au Stockholm international peace research institute (SIPRI), en partenariat avec la Swedish defence research agency (FOI), la 26\u00e8meInternational conference on economics and security (ICES 2023) a [&hellip;]\" \/>\n<meta property=\"og:url\" content=\"https:\/\/ecodef-ihedn.fr\/en\/ices-2023-stockholm-suede-participation-de-trois-chercheurs-de-la-chaire\/\" \/>\n<meta property=\"og:site_name\" content=\"Chaire \u00c9conomie de d\u00e9fense - IHEDN\" \/>\n<meta property=\"article:published_time\" content=\"2023-07-05T15:14:47+00:00\" \/>\n<meta property=\"article:modified_time\" content=\"2023-12-21T12:56:03+00:00\" \/>\n<meta property=\"og:image\" content=\"https:\/\/ecodef-ihedn.fr\/wp-content\/uploads\/2023\/07\/Capture-decran-2023-07-06-124109.png\" \/>\n\t<meta property=\"og:image:width\" content=\"640\" \/>\n\t<meta property=\"og:image:height\" content=\"457\" \/>\n\t<meta property=\"og:image:type\" content=\"image\/png\" \/>\n<meta name=\"author\" content=\"Bertrand Demandre\" \/>\n<meta name=\"twitter:card\" content=\"summary_large_image\" \/>\n<meta name=\"twitter:creator\" content=\"@Chaire_Ecodef\" \/>\n<meta name=\"twitter:site\" content=\"@Chaire_Ecodef\" \/>\n<meta name=\"twitter:label1\" content=\"Written by\" \/>\n\t<meta name=\"twitter:data1\" content=\"Bertrand Demandre\" \/>\n\t<meta name=\"twitter:label2\" content=\"Estimated reading time\" \/>\n\t<meta name=\"twitter:data2\" content=\"3 minutes\" \/>\n<script type=\"application\/ld+json\" class=\"yoast-schema-graph\">{\"@context\":\"https:\\\/\\\/schema.org\",\"@graph\":[{\"@type\":\"Article\",\"@id\":\"https:\\\/\\\/ecodef-ihedn.fr\\\/ices-2023-stockholm-suede-participation-de-trois-chercheurs-de-la-chaire\\\/#article\",\"isPartOf\":{\"@id\":\"https:\\\/\\\/ecodef-ihedn.fr\\\/ices-2023-stockholm-suede-participation-de-trois-chercheurs-de-la-chaire\\\/\"},\"author\":{\"name\":\"Bertrand Demandre\",\"@id\":\"https:\\\/\\\/ecodef-ihedn.fr\\\/#\\\/schema\\\/person\\\/1cdf22d028cebe278126a6e07a884d30\"},\"headline\":\"ICES 2023 (Stockholm, Su\u00e8de) : participation de trois chercheurs de la Chaire\",\"datePublished\":\"2023-07-05T15:14:47+00:00\",\"dateModified\":\"2023-12-21T12:56:03+00:00\",\"mainEntityOfPage\":{\"@id\":\"https:\\\/\\\/ecodef-ihedn.fr\\\/ices-2023-stockholm-suede-participation-de-trois-chercheurs-de-la-chaire\\\/\"},\"wordCount\":396,\"commentCount\":1,\"publisher\":{\"@id\":\"https:\\\/\\\/ecodef-ihedn.fr\\\/#organization\"},\"image\":{\"@id\":\"https:\\\/\\\/ecodef-ihedn.fr\\\/ices-2023-stockholm-suede-participation-de-trois-chercheurs-de-la-chaire\\\/#primaryimage\"},\"thumbnailUrl\":\"https:\\\/\\\/ecodef-ihedn.fr\\\/wp-content\\\/uploads\\\/2023\\\/07\\\/Capture-decran-2023-07-06-124109.png\",\"keywords\":[\"conf\u00e9rence\",\"\u00e9conomie de d\u00e9fense\",\"enjeux \u00e9conomiques\",\"enjeux industriels\",\"Europe de la D\u00e9fense\",\"ICES 2023\",\"industrie navale europ\u00e9enne\",\"Innovation de d\u00e9fense\",\"International conference on economics and security\",\"jade guiberteau\",\"Josselin Droff\",\"Julien Malizard\",\"Naval militaire\",\"SIPRI\"],\"articleSection\":[\"Activit\u00e9s\",\"Activit\u00e9s : participation de la Chaire \u00e0 un \u00e9v\u00e9nement\"],\"inLanguage\":\"en-GB\",\"potentialAction\":[{\"@type\":\"CommentAction\",\"name\":\"Comment\",\"target\":[\"https:\\\/\\\/ecodef-ihedn.fr\\\/ices-2023-stockholm-suede-participation-de-trois-chercheurs-de-la-chaire\\\/#respond\"]}]},{\"@type\":\"WebPage\",\"@id\":\"https:\\\/\\\/ecodef-ihedn.fr\\\/ices-2023-stockholm-suede-participation-de-trois-chercheurs-de-la-chaire\\\/\",\"url\":\"https:\\\/\\\/ecodef-ihedn.fr\\\/ices-2023-stockholm-suede-participation-de-trois-chercheurs-de-la-chaire\\\/\",\"name\":\"ICES 2023 (Stockholm, Su\u00e8de) : participation de trois chercheurs de la Chaire - Chaire \u00c9conomie de d\u00e9fense - IHEDN\",\"isPartOf\":{\"@id\":\"https:\\\/\\\/ecodef-ihedn.fr\\\/#website\"},\"primaryImageOfPage\":{\"@id\":\"https:\\\/\\\/ecodef-ihedn.fr\\\/ices-2023-stockholm-suede-participation-de-trois-chercheurs-de-la-chaire\\\/#primaryimage\"},\"image\":{\"@id\":\"https:\\\/\\\/ecodef-ihedn.fr\\\/ices-2023-stockholm-suede-participation-de-trois-chercheurs-de-la-chaire\\\/#primaryimage\"},\"thumbnailUrl\":\"https:\\\/\\\/ecodef-ihedn.fr\\\/wp-content\\\/uploads\\\/2023\\\/07\\\/Capture-decran-2023-07-06-124109.png\",\"datePublished\":\"2023-07-05T15:14:47+00:00\",\"dateModified\":\"2023-12-21T12:56:03+00:00\",\"breadcrumb\":{\"@id\":\"https:\\\/\\\/ecodef-ihedn.fr\\\/ices-2023-stockholm-suede-participation-de-trois-chercheurs-de-la-chaire\\\/#breadcrumb\"},\"inLanguage\":\"en-GB\",\"potentialAction\":[{\"@type\":\"ReadAction\",\"target\":[\"https:\\\/\\\/ecodef-ihedn.fr\\\/ices-2023-stockholm-suede-participation-de-trois-chercheurs-de-la-chaire\\\/\"]}]},{\"@type\":\"ImageObject\",\"inLanguage\":\"en-GB\",\"@id\":\"https:\\\/\\\/ecodef-ihedn.fr\\\/ices-2023-stockholm-suede-participation-de-trois-chercheurs-de-la-chaire\\\/#primaryimage\",\"url\":\"https:\\\/\\\/ecodef-ihedn.fr\\\/wp-content\\\/uploads\\\/2023\\\/07\\\/Capture-decran-2023-07-06-124109.png\",\"contentUrl\":\"https:\\\/\\\/ecodef-ihedn.fr\\\/wp-content\\\/uploads\\\/2023\\\/07\\\/Capture-decran-2023-07-06-124109.png\",\"width\":640,\"height\":457},{\"@type\":\"BreadcrumbList\",\"@id\":\"https:\\\/\\\/ecodef-ihedn.fr\\\/ices-2023-stockholm-suede-participation-de-trois-chercheurs-de-la-chaire\\\/#breadcrumb\",\"itemListElement\":[{\"@type\":\"ListItem\",\"position\":1,\"name\":\"Accueil\",\"item\":\"https:\\\/\\\/ecodef-ihedn.fr\\\/\"},{\"@type\":\"ListItem\",\"position\":2,\"name\":\"ICES 2023 (Stockholm, Su\u00e8de) : participation de trois chercheurs de la Chaire\"}]},{\"@type\":\"WebSite\",\"@id\":\"https:\\\/\\\/ecodef-ihedn.fr\\\/#website\",\"url\":\"https:\\\/\\\/ecodef-ihedn.fr\\\/\",\"name\":\"Chaire \u00c9conomie de D\u00e9fense - IHEDN\",\"description\":\"Produire &amp; soutenir, f\u00e9d\u00e9rer &amp; diffuser, \u00eatre une interface\",\"publisher\":{\"@id\":\"https:\\\/\\\/ecodef-ihedn.fr\\\/#organization\"},\"potentialAction\":[{\"@type\":\"SearchAction\",\"target\":{\"@type\":\"EntryPoint\",\"urlTemplate\":\"https:\\\/\\\/ecodef-ihedn.fr\\\/?s={search_term_string}\"},\"query-input\":{\"@type\":\"PropertyValueSpecification\",\"valueRequired\":true,\"valueName\":\"search_term_string\"}}],\"inLanguage\":\"en-GB\"},{\"@type\":\"Organization\",\"@id\":\"https:\\\/\\\/ecodef-ihedn.fr\\\/#organization\",\"name\":\"Chaire \u00c9conomie de d\u00e9fense - IHEDN\",\"url\":\"https:\\\/\\\/ecodef-ihedn.fr\\\/\",\"logo\":{\"@type\":\"ImageObject\",\"inLanguage\":\"en-GB\",\"@id\":\"https:\\\/\\\/ecodef-ihedn.fr\\\/#\\\/schema\\\/logo\\\/image\\\/\",\"url\":\"https:\\\/\\\/ecodef-ihedn.fr\\\/wp-content\\\/uploads\\\/2020\\\/04\\\/logoEcodef9.jpg\",\"contentUrl\":\"https:\\\/\\\/ecodef-ihedn.fr\\\/wp-content\\\/uploads\\\/2020\\\/04\\\/logoEcodef9.jpg\",\"width\":410,\"height\":212,\"caption\":\"Chaire \u00c9conomie de d\u00e9fense - IHEDN\"},\"image\":{\"@id\":\"https:\\\/\\\/ecodef-ihedn.fr\\\/#\\\/schema\\\/logo\\\/image\\\/\"},\"sameAs\":[\"https:\\\/\\\/x.com\\\/Chaire_Ecodef\",\"https:\\\/\\\/www.linkedin.com\\\/company\\\/chaire-ecodef-ihedn\\\/\"]},{\"@type\":\"Person\",\"@id\":\"https:\\\/\\\/ecodef-ihedn.fr\\\/#\\\/schema\\\/person\\\/1cdf22d028cebe278126a6e07a884d30\",\"name\":\"Bertrand Demandre\",\"image\":{\"@type\":\"ImageObject\",\"inLanguage\":\"en-GB\",\"@id\":\"https:\\\/\\\/secure.gravatar.com\\\/avatar\\\/d9c9746d6c900ab5b9c0f9b1fa3932e369da923da247d624b8f7ab4ba8a3c093?s=96&d=mm&r=g\",\"url\":\"https:\\\/\\\/secure.gravatar.com\\\/avatar\\\/d9c9746d6c900ab5b9c0f9b1fa3932e369da923da247d624b8f7ab4ba8a3c093?s=96&d=mm&r=g\",\"contentUrl\":\"https:\\\/\\\/secure.gravatar.com\\\/avatar\\\/d9c9746d6c900ab5b9c0f9b1fa3932e369da923da247d624b8f7ab4ba8a3c093?s=96&d=mm&r=g\",\"caption\":\"Bertrand Demandre\"},\"url\":\"https:\\\/\\\/ecodef-ihedn.fr\\\/en\\\/author\\\/bertrand\\\/\"}]}<\/script>\n<!-- \/ Yoast SEO plugin. -->","yoast_head_json":{"title":"ICES 2023 (Stockholm, Su\u00e8de) : participation de trois chercheurs de la Chaire - Chaire \u00c9conomie de d\u00e9fense - IHEDN","robots":{"index":"index","follow":"follow","max-snippet":"max-snippet:-1","max-image-preview":"max-image-preview:large","max-video-preview":"max-video-preview:-1"},"canonical":"https:\/\/ecodef-ihedn.fr\/en\/ices-2023-stockholm-suede-participation-de-trois-chercheurs-de-la-chaire\/","og_locale":"en_GB","og_type":"article","og_title":"ICES 2023 (Stockholm, Su\u00e8de) : participation de trois chercheurs de la Chaire - Chaire \u00c9conomie de d\u00e9fense - IHEDN","og_description":"Josselin Droff, Jade Guiberteau Ricard et Julien Malizard ont particip\u00e9 \u00e0 la 26\u00e8me International conference on economics and security (ICES 2023) Organis\u00e9e du 29 juin au 2 juillet 2023 au Stockholm international peace research institute (SIPRI), en partenariat avec la Swedish defence research agency (FOI), la 26\u00e8meInternational conference on economics and security (ICES 2023) a [&hellip;]","og_url":"https:\/\/ecodef-ihedn.fr\/en\/ices-2023-stockholm-suede-participation-de-trois-chercheurs-de-la-chaire\/","og_site_name":"Chaire \u00c9conomie de d\u00e9fense - IHEDN","article_published_time":"2023-07-05T15:14:47+00:00","article_modified_time":"2023-12-21T12:56:03+00:00","og_image":[{"width":640,"height":457,"url":"https:\/\/ecodef-ihedn.fr\/wp-content\/uploads\/2023\/07\/Capture-decran-2023-07-06-124109.png","type":"image\/png"}],"author":"Bertrand Demandre","twitter_card":"summary_large_image","twitter_creator":"@Chaire_Ecodef","twitter_site":"@Chaire_Ecodef","twitter_misc":{"Written by":"Bertrand Demandre","Estimated reading time":"3 minutes"},"schema":{"@context":"https:\/\/schema.org","@graph":[{"@type":"Article","@id":"https:\/\/ecodef-ihedn.fr\/ices-2023-stockholm-suede-participation-de-trois-chercheurs-de-la-chaire\/#article","isPartOf":{"@id":"https:\/\/ecodef-ihedn.fr\/ices-2023-stockholm-suede-participation-de-trois-chercheurs-de-la-chaire\/"},"author":{"name":"Bertrand Demandre","@id":"https:\/\/ecodef-ihedn.fr\/#\/schema\/person\/1cdf22d028cebe278126a6e07a884d30"},"headline":"ICES 2023 (Stockholm, Su\u00e8de) : participation de trois chercheurs de la Chaire","datePublished":"2023-07-05T15:14:47+00:00","dateModified":"2023-12-21T12:56:03+00:00","mainEntityOfPage":{"@id":"https:\/\/ecodef-ihedn.fr\/ices-2023-stockholm-suede-participation-de-trois-chercheurs-de-la-chaire\/"},"wordCount":396,"commentCount":1,"publisher":{"@id":"https:\/\/ecodef-ihedn.fr\/#organization"},"image":{"@id":"https:\/\/ecodef-ihedn.fr\/ices-2023-stockholm-suede-participation-de-trois-chercheurs-de-la-chaire\/#primaryimage"},"thumbnailUrl":"https:\/\/ecodef-ihedn.fr\/wp-content\/uploads\/2023\/07\/Capture-decran-2023-07-06-124109.png","keywords":["conf\u00e9rence","\u00e9conomie de d\u00e9fense","enjeux \u00e9conomiques","enjeux industriels","Europe de la D\u00e9fense","ICES 2023","industrie navale europ\u00e9enne","Innovation de d\u00e9fense","International conference on economics and security","jade guiberteau","Josselin Droff","Julien Malizard","Naval militaire","SIPRI"],"articleSection":["Activit\u00e9s","Activit\u00e9s : participation de la Chaire \u00e0 un \u00e9v\u00e9nement"],"inLanguage":"en-GB","potentialAction":[{"@type":"CommentAction","name":"Comment","target":["https:\/\/ecodef-ihedn.fr\/ices-2023-stockholm-suede-participation-de-trois-chercheurs-de-la-chaire\/#respond"]}]},{"@type":"WebPage","@id":"https:\/\/ecodef-ihedn.fr\/ices-2023-stockholm-suede-participation-de-trois-chercheurs-de-la-chaire\/","url":"https:\/\/ecodef-ihedn.fr\/ices-2023-stockholm-suede-participation-de-trois-chercheurs-de-la-chaire\/","name":"ICES 2023 (Stockholm, Su\u00e8de) : participation de trois chercheurs de la Chaire - Chaire \u00c9conomie de d\u00e9fense - IHEDN","isPartOf":{"@id":"https:\/\/ecodef-ihedn.fr\/#website"},"primaryImageOfPage":{"@id":"https:\/\/ecodef-ihedn.fr\/ices-2023-stockholm-suede-participation-de-trois-chercheurs-de-la-chaire\/#primaryimage"},"image":{"@id":"https:\/\/ecodef-ihedn.fr\/ices-2023-stockholm-suede-participation-de-trois-chercheurs-de-la-chaire\/#primaryimage"},"thumbnailUrl":"https:\/\/ecodef-ihedn.fr\/wp-content\/uploads\/2023\/07\/Capture-decran-2023-07-06-124109.png","datePublished":"2023-07-05T15:14:47+00:00","dateModified":"2023-12-21T12:56:03+00:00","breadcrumb":{"@id":"https:\/\/ecodef-ihedn.fr\/ices-2023-stockholm-suede-participation-de-trois-chercheurs-de-la-chaire\/#breadcrumb"},"inLanguage":"en-GB","potentialAction":[{"@type":"ReadAction","target":["https:\/\/ecodef-ihedn.fr\/ices-2023-stockholm-suede-participation-de-trois-chercheurs-de-la-chaire\/"]}]},{"@type":"ImageObject","inLanguage":"en-GB","@id":"https:\/\/ecodef-ihedn.fr\/ices-2023-stockholm-suede-participation-de-trois-chercheurs-de-la-chaire\/#primaryimage","url":"https:\/\/ecodef-ihedn.fr\/wp-content\/uploads\/2023\/07\/Capture-decran-2023-07-06-124109.png","contentUrl":"https:\/\/ecodef-ihedn.fr\/wp-content\/uploads\/2023\/07\/Capture-decran-2023-07-06-124109.png","width":640,"height":457},{"@type":"BreadcrumbList","@id":"https:\/\/ecodef-ihedn.fr\/ices-2023-stockholm-suede-participation-de-trois-chercheurs-de-la-chaire\/#breadcrumb","itemListElement":[{"@type":"ListItem","position":1,"name":"Accueil","item":"https:\/\/ecodef-ihedn.fr\/"},{"@type":"ListItem","position":2,"name":"ICES 2023 (Stockholm, Su\u00e8de) : participation de trois chercheurs de la Chaire"}]},{"@type":"WebSite","@id":"https:\/\/ecodef-ihedn.fr\/#website","url":"https:\/\/ecodef-ihedn.fr\/","name":"Chair in Defence Economics - IHEDN","description":"Produce &amp; support, federate &amp; disseminate, act as an interface","publisher":{"@id":"https:\/\/ecodef-ihedn.fr\/#organization"},"potentialAction":[{"@type":"SearchAction","target":{"@type":"EntryPoint","urlTemplate":"https:\/\/ecodef-ihedn.fr\/?s={search_term_string}"},"query-input":{"@type":"PropertyValueSpecification","valueRequired":true,"valueName":"search_term_string"}}],"inLanguage":"en-GB"},{"@type":"Organization","@id":"https:\/\/ecodef-ihedn.fr\/#organization","name":"Chair in Defence Economics - IHEDN","url":"https:\/\/ecodef-ihedn.fr\/","logo":{"@type":"ImageObject","inLanguage":"en-GB","@id":"https:\/\/ecodef-ihedn.fr\/#\/schema\/logo\/image\/","url":"https:\/\/ecodef-ihedn.fr\/wp-content\/uploads\/2020\/04\/logoEcodef9.jpg","contentUrl":"https:\/\/ecodef-ihedn.fr\/wp-content\/uploads\/2020\/04\/logoEcodef9.jpg","width":410,"height":212,"caption":"Chaire \u00c9conomie de d\u00e9fense - IHEDN"},"image":{"@id":"https:\/\/ecodef-ihedn.fr\/#\/schema\/logo\/image\/"},"sameAs":["https:\/\/x.com\/Chaire_Ecodef","https:\/\/www.linkedin.com\/company\/chaire-ecodef-ihedn\/"]},{"@type":"Person","@id":"https:\/\/ecodef-ihedn.fr\/#\/schema\/person\/1cdf22d028cebe278126a6e07a884d30","name":"Bertrand Demandre","image":{"@type":"ImageObject","inLanguage":"en-GB","@id":"https:\/\/secure.gravatar.com\/avatar\/d9c9746d6c900ab5b9c0f9b1fa3932e369da923da247d624b8f7ab4ba8a3c093?s=96&d=mm&r=g","url":"https:\/\/secure.gravatar.com\/avatar\/d9c9746d6c900ab5b9c0f9b1fa3932e369da923da247d624b8f7ab4ba8a3c093?s=96&d=mm&r=g","contentUrl":"https:\/\/secure.gravatar.com\/avatar\/d9c9746d6c900ab5b9c0f9b1fa3932e369da923da247d624b8f7ab4ba8a3c093?s=96&d=mm&r=g","caption":"Bertrand Demandre"},"url":"https:\/\/ecodef-ihedn.fr\/en\/author\/bertrand\/"}]}},"_links":{"self":[{"href":"https:\/\/ecodef-ihedn.fr\/en\/wp-json\/wp\/v2\/posts\/7991","targetHints":{"allow":["GET"]}}],"collection":[{"href":"https:\/\/ecodef-ihedn.fr\/en\/wp-json\/wp\/v2\/posts"}],"about":[{"href":"https:\/\/ecodef-ihedn.fr\/en\/wp-json\/wp\/v2\/types\/post"}],"author":[{"embeddable":true,"href":"https:\/\/ecodef-ihedn.fr\/en\/wp-json\/wp\/v2\/users\/2"}],"replies":[{"embeddable":true,"href":"https:\/\/ecodef-ihedn.fr\/en\/wp-json\/wp\/v2\/comments?post=7991"}],"version-history":[{"count":4,"href":"https:\/\/ecodef-ihedn.fr\/en\/wp-json\/wp\/v2\/posts\/7991\/revisions"}],"predecessor-version":[{"id":8238,"href":"https:\/\/ecodef-ihedn.fr\/en\/wp-json\/wp\/v2\/posts\/7991\/revisions\/8238"}],"wp:featuredmedia":[{"embeddable":true,"href":"https:\/\/ecodef-ihedn.fr\/en\/wp-json\/wp\/v2\/media\/7992"}],"wp:attachment":[{"href":"https:\/\/ecodef-ihedn.fr\/en\/wp-json\/wp\/v2\/media?parent=7991"}],"wp:term":[{"taxonomy":"category","embeddable":true,"href":"https:\/\/ecodef-ihedn.fr\/en\/wp-json\/wp\/v2\/categories?post=7991"},{"taxonomy":"post_tag","embeddable":true,"href":"https:\/\/ecodef-ihedn.fr\/en\/wp-json\/wp\/v2\/tags?post=7991"}],"curies":[{"name":"wp","href":"https:\/\/api.w.org\/{rel}","templated":true}]}}