{"id":8004,"date":"2023-07-11T14:38:25","date_gmt":"2023-07-11T14:38:25","guid":{"rendered":"https:\/\/ecodef-ihedn.fr\/?p=8004"},"modified":"2023-07-27T13:45:48","modified_gmt":"2023-07-27T13:45:48","slug":"europe-de-larmement-premiere-etape-vers-une-defense-commune-julien-malizard-sur-france-culture","status":"publish","type":"post","link":"https:\/\/ecodef-ihedn.fr\/en\/europe-de-larmement-premiere-etape-vers-une-defense-commune-julien-malizard-sur-france-culture\/","title":{"rendered":"\u00abArmaments Europe: the first step towards a common defence? Julien Malizard on France Culture"},"content":{"rendered":"<h3>Julien Malizard, Deputy Chairholder, was one of Tiphaine de Rocquigny's guests on France Culture's Weekend Magazine on Sunday 9 July.<\/h3>\n<p><a href=\"https:\/\/www.radiofrance.fr\/franceculture\/podcasts\/le-magazine-du-week-end\/defense-europeenne-9026536\" target=\"_blank\" rel=\"noopener\"><img loading=\"lazy\" decoding=\"async\" class=\"aligncenter wp-image-8006 size-medium\" src=\"https:\/\/ecodef-ihedn.fr\/wp-content\/uploads\/2023\/07\/France-culture-magazine-du-week-end-300x300.png\" alt=\"\" width=\"300\" height=\"300\" srcset=\"https:\/\/ecodef-ihedn.fr\/wp-content\/uploads\/2023\/07\/France-culture-magazine-du-week-end-300x300.png 300w, https:\/\/ecodef-ihedn.fr\/wp-content\/uploads\/2023\/07\/France-culture-magazine-du-week-end-150x150.png 150w, https:\/\/ecodef-ihedn.fr\/wp-content\/uploads\/2023\/07\/France-culture-magazine-du-week-end.png 400w\" sizes=\"auto, (max-width: 300px) 100vw, 300px\" \/><\/a><\/p>\n<p>In the face of the Russian threat, should the European Union develop its own defence and free itself from the protection offered by NATO?<\/p>\n<p>It was on this theme that Julien Malizard spoke ahead of the NATO summit in Vilnius (Lithuania) on 11 and 12 July 2023.<\/p>\n<p>His speech focused on the challenges facing European defence, in particular the importance of limiting dependence on foreign suppliers of armaments in order to ensure genuine strategic autonomy, for example in the case of munitions.<\/p>\n<p>The show also featured :<\/p>\n<ul class=\"svelte-ovxtmj\">\n<li class=\"qg-tx2 qg-xtra-lh svelte-ovxtmj\"><a class=\"qg-st4\" href=\"https:\/\/www.radiofrance.fr\/personnes\/hans-stark\" data-testid=\"link\"><span class=\"underline\">Hans Stark<\/span><\/a>, Professor of Contemporary German Civilisation at Sorbonne University, adviser on Franco-German relations at IFRI<\/li>\n<li class=\"qg-tx2 qg-xtra-lh svelte-ovxtmj\"><a class=\"qg-st4\" href=\"https:\/\/www.radiofrance.fr\/personnes\/nicole-gnesotto\" data-testid=\"link\"><span class=\"underline\">Nicole Gnesotto<\/span><\/a>, Vice-President of the Institut Jacques Delors, Emeritus Professor at the Conservatoire National des Arts et M\u00e9tiers<\/li>\n<\/ul>\n<p style=\"text-align: center;\"><a href=\"https:\/\/www.radiofrance.fr\/franceculture\/podcasts\/le-magazine-du-week-end\/defense-europeenne-9026536\" target=\"_blank\" rel=\"noopener\"><span class=\"td_btn td_btn_md td_default_btn\">listen to the show<\/span><\/a><\/p>","protected":false},"excerpt":{"rendered":"<p>Julien Malizard, Titulaire adjoint de la Chaire, a fait partie des invit\u00e9s de Tiphaine de Rocquigny sur France Culture, dans le Magazine du week-end, dimanche 9 juillet. Face \u00e0 la menace russe, l\u2019Union europ\u00e9enne doit-elle d\u00e9velopper sa propre d\u00e9fense et s\u2019affranchir de la protection offerte par l&rsquo;OTAN\u00a0? C&rsquo;est sur ce th\u00e8me que Julien Malizard s&rsquo;est [&hellip;]<\/p>\n","protected":false},"author":2,"featured_media":8005,"comment_status":"open","ping_status":"open","sticky":false,"template":"","format":"standard","meta":{"footnotes":""},"categories":[358],"tags":[409,375,156,469,681,403,86,678,630,680,682,679],"class_list":{"0":"post-8004","1":"post","2":"type-post","3":"status-publish","4":"format-standard","5":"has-post-thumbnail","7":"category-medias","8":"tag-autonomie-strategique","9":"tag-defense-europeenne","10":"tag-europe-de-la-defense","11":"tag-france-culture","12":"tag-hans-stark","13":"tag-interview","14":"tag-julien-malizard","15":"tag-magazine-du-week-end","16":"tag-munitions","17":"tag-nicole-gnesotto","18":"tag-otan","19":"tag-stocks"},"yoast_head":"<!-- This site is optimized with the Yoast SEO plugin v27.4 - https:\/\/yoast.com\/product\/yoast-seo-wordpress\/ -->\n<title>&quot;Europe de l&#039;armement : premi\u00e8re \u00e9tape vers une d\u00e9fense commune ?&quot; Julien Malizard sur France Culture - Chaire \u00c9conomie de d\u00e9fense - IHEDN<\/title>\n<meta name=\"robots\" content=\"index, follow, max-snippet:-1, max-image-preview:large, max-video-preview:-1\" \/>\n<link rel=\"canonical\" href=\"https:\/\/ecodef-ihedn.fr\/en\/europe-de-larmement-premiere-etape-vers-une-defense-commune-julien-malizard-sur-france-culture\/\" \/>\n<meta property=\"og:locale\" content=\"en_GB\" \/>\n<meta property=\"og:type\" content=\"article\" \/>\n<meta property=\"og:title\" content=\"&quot;Europe de l&#039;armement : premi\u00e8re \u00e9tape vers une d\u00e9fense commune ?&quot; Julien Malizard sur France Culture - Chaire \u00c9conomie de d\u00e9fense - IHEDN\" \/>\n<meta property=\"og:description\" content=\"Julien Malizard, Titulaire adjoint de la Chaire, a fait partie des invit\u00e9s de Tiphaine de Rocquigny sur France Culture, dans le Magazine du week-end, dimanche 9 juillet. Face \u00e0 la menace russe, l\u2019Union europ\u00e9enne doit-elle d\u00e9velopper sa propre d\u00e9fense et s\u2019affranchir de la protection offerte par l&rsquo;OTAN\u00a0? C&rsquo;est sur ce th\u00e8me que Julien Malizard s&rsquo;est [&hellip;]\" \/>\n<meta property=\"og:url\" content=\"https:\/\/ecodef-ihedn.fr\/en\/europe-de-larmement-premiere-etape-vers-une-defense-commune-julien-malizard-sur-france-culture\/\" \/>\n<meta property=\"og:site_name\" content=\"Chaire \u00c9conomie de d\u00e9fense - IHEDN\" \/>\n<meta property=\"article:published_time\" content=\"2023-07-11T14:38:25+00:00\" \/>\n<meta property=\"article:modified_time\" content=\"2023-07-27T13:45:48+00:00\" \/>\n<meta property=\"og:image\" content=\"https:\/\/ecodef-ihedn.fr\/wp-content\/uploads\/2023\/07\/France-culture-magazine-du-week-end-7-5.png\" \/>\n\t<meta property=\"og:image:width\" content=\"700\" \/>\n\t<meta property=\"og:image:height\" content=\"500\" \/>\n\t<meta property=\"og:image:type\" content=\"image\/png\" \/>\n<meta name=\"author\" content=\"Bertrand Demandre\" \/>\n<meta name=\"twitter:card\" content=\"summary_large_image\" \/>\n<meta name=\"twitter:creator\" content=\"@Chaire_Ecodef\" \/>\n<meta name=\"twitter:site\" content=\"@Chaire_Ecodef\" \/>\n<meta name=\"twitter:label1\" content=\"Written by\" \/>\n\t<meta name=\"twitter:data1\" content=\"Bertrand Demandre\" \/>\n\t<meta name=\"twitter:label2\" content=\"Estimated reading time\" \/>\n\t<meta name=\"twitter:data2\" content=\"1 minute\" \/>\n<script type=\"application\/ld+json\" class=\"yoast-schema-graph\">{\"@context\":\"https:\\\/\\\/schema.org\",\"@graph\":[{\"@type\":\"Article\",\"@id\":\"https:\\\/\\\/ecodef-ihedn.fr\\\/europe-de-larmement-premiere-etape-vers-une-defense-commune-julien-malizard-sur-france-culture\\\/#article\",\"isPartOf\":{\"@id\":\"https:\\\/\\\/ecodef-ihedn.fr\\\/europe-de-larmement-premiere-etape-vers-une-defense-commune-julien-malizard-sur-france-culture\\\/\"},\"author\":{\"name\":\"Bertrand Demandre\",\"@id\":\"https:\\\/\\\/ecodef-ihedn.fr\\\/#\\\/schema\\\/person\\\/1cdf22d028cebe278126a6e07a884d30\"},\"headline\":\"\u00ab\u00a0Europe de l&rsquo;armement : premi\u00e8re \u00e9tape vers une d\u00e9fense commune ?\u00a0\u00bb Julien Malizard sur France Culture\",\"datePublished\":\"2023-07-11T14:38:25+00:00\",\"dateModified\":\"2023-07-27T13:45:48+00:00\",\"mainEntityOfPage\":{\"@id\":\"https:\\\/\\\/ecodef-ihedn.fr\\\/europe-de-larmement-premiere-etape-vers-une-defense-commune-julien-malizard-sur-france-culture\\\/\"},\"wordCount\":186,\"commentCount\":0,\"publisher\":{\"@id\":\"https:\\\/\\\/ecodef-ihedn.fr\\\/#organization\"},\"image\":{\"@id\":\"https:\\\/\\\/ecodef-ihedn.fr\\\/europe-de-larmement-premiere-etape-vers-une-defense-commune-julien-malizard-sur-france-culture\\\/#primaryimage\"},\"thumbnailUrl\":\"https:\\\/\\\/ecodef-ihedn.fr\\\/wp-content\\\/uploads\\\/2023\\\/07\\\/France-culture-magazine-du-week-end-7-5.png\",\"keywords\":[\"autonomie strat\u00e9gique\",\"d\u00e9fense europ\u00e9enne\",\"Europe de la D\u00e9fense\",\"france culture\",\"Hans Stark\",\"interview\",\"Julien Malizard\",\"magazine du week-end\",\"munitions\",\"Nicole Gnesotto\",\"OTAN\",\"stocks\"],\"articleSection\":[\"M\u00e9dias\"],\"inLanguage\":\"en-GB\",\"potentialAction\":[{\"@type\":\"CommentAction\",\"name\":\"Comment\",\"target\":[\"https:\\\/\\\/ecodef-ihedn.fr\\\/europe-de-larmement-premiere-etape-vers-une-defense-commune-julien-malizard-sur-france-culture\\\/#respond\"]}]},{\"@type\":\"WebPage\",\"@id\":\"https:\\\/\\\/ecodef-ihedn.fr\\\/europe-de-larmement-premiere-etape-vers-une-defense-commune-julien-malizard-sur-france-culture\\\/\",\"url\":\"https:\\\/\\\/ecodef-ihedn.fr\\\/europe-de-larmement-premiere-etape-vers-une-defense-commune-julien-malizard-sur-france-culture\\\/\",\"name\":\"\\\"Europe de l'armement : premi\u00e8re \u00e9tape vers une d\u00e9fense commune ?\\\" Julien Malizard sur France Culture - Chaire \u00c9conomie de d\u00e9fense - IHEDN\",\"isPartOf\":{\"@id\":\"https:\\\/\\\/ecodef-ihedn.fr\\\/#website\"},\"primaryImageOfPage\":{\"@id\":\"https:\\\/\\\/ecodef-ihedn.fr\\\/europe-de-larmement-premiere-etape-vers-une-defense-commune-julien-malizard-sur-france-culture\\\/#primaryimage\"},\"image\":{\"@id\":\"https:\\\/\\\/ecodef-ihedn.fr\\\/europe-de-larmement-premiere-etape-vers-une-defense-commune-julien-malizard-sur-france-culture\\\/#primaryimage\"},\"thumbnailUrl\":\"https:\\\/\\\/ecodef-ihedn.fr\\\/wp-content\\\/uploads\\\/2023\\\/07\\\/France-culture-magazine-du-week-end-7-5.png\",\"datePublished\":\"2023-07-11T14:38:25+00:00\",\"dateModified\":\"2023-07-27T13:45:48+00:00\",\"breadcrumb\":{\"@id\":\"https:\\\/\\\/ecodef-ihedn.fr\\\/europe-de-larmement-premiere-etape-vers-une-defense-commune-julien-malizard-sur-france-culture\\\/#breadcrumb\"},\"inLanguage\":\"en-GB\",\"potentialAction\":[{\"@type\":\"ReadAction\",\"target\":[\"https:\\\/\\\/ecodef-ihedn.fr\\\/europe-de-larmement-premiere-etape-vers-une-defense-commune-julien-malizard-sur-france-culture\\\/\"]}]},{\"@type\":\"ImageObject\",\"inLanguage\":\"en-GB\",\"@id\":\"https:\\\/\\\/ecodef-ihedn.fr\\\/europe-de-larmement-premiere-etape-vers-une-defense-commune-julien-malizard-sur-france-culture\\\/#primaryimage\",\"url\":\"https:\\\/\\\/ecodef-ihedn.fr\\\/wp-content\\\/uploads\\\/2023\\\/07\\\/France-culture-magazine-du-week-end-7-5.png\",\"contentUrl\":\"https:\\\/\\\/ecodef-ihedn.fr\\\/wp-content\\\/uploads\\\/2023\\\/07\\\/France-culture-magazine-du-week-end-7-5.png\",\"width\":700,\"height\":500},{\"@type\":\"BreadcrumbList\",\"@id\":\"https:\\\/\\\/ecodef-ihedn.fr\\\/europe-de-larmement-premiere-etape-vers-une-defense-commune-julien-malizard-sur-france-culture\\\/#breadcrumb\",\"itemListElement\":[{\"@type\":\"ListItem\",\"position\":1,\"name\":\"Accueil\",\"item\":\"https:\\\/\\\/ecodef-ihedn.fr\\\/\"},{\"@type\":\"ListItem\",\"position\":2,\"name\":\"&#8220;Europe de l&#8217;armement : premi\u00e8re \u00e9tape vers une d\u00e9fense commune ?&#8221; Julien Malizard sur France Culture\"}]},{\"@type\":\"WebSite\",\"@id\":\"https:\\\/\\\/ecodef-ihedn.fr\\\/#website\",\"url\":\"https:\\\/\\\/ecodef-ihedn.fr\\\/\",\"name\":\"Chaire \u00c9conomie de D\u00e9fense - IHEDN\",\"description\":\"Produire &amp; soutenir, f\u00e9d\u00e9rer &amp; diffuser, \u00eatre une interface\",\"publisher\":{\"@id\":\"https:\\\/\\\/ecodef-ihedn.fr\\\/#organization\"},\"potentialAction\":[{\"@type\":\"SearchAction\",\"target\":{\"@type\":\"EntryPoint\",\"urlTemplate\":\"https:\\\/\\\/ecodef-ihedn.fr\\\/?s={search_term_string}\"},\"query-input\":{\"@type\":\"PropertyValueSpecification\",\"valueRequired\":true,\"valueName\":\"search_term_string\"}}],\"inLanguage\":\"en-GB\"},{\"@type\":\"Organization\",\"@id\":\"https:\\\/\\\/ecodef-ihedn.fr\\\/#organization\",\"name\":\"Chaire \u00c9conomie de d\u00e9fense - IHEDN\",\"url\":\"https:\\\/\\\/ecodef-ihedn.fr\\\/\",\"logo\":{\"@type\":\"ImageObject\",\"inLanguage\":\"en-GB\",\"@id\":\"https:\\\/\\\/ecodef-ihedn.fr\\\/#\\\/schema\\\/logo\\\/image\\\/\",\"url\":\"https:\\\/\\\/ecodef-ihedn.fr\\\/wp-content\\\/uploads\\\/2020\\\/04\\\/logoEcodef9.jpg\",\"contentUrl\":\"https:\\\/\\\/ecodef-ihedn.fr\\\/wp-content\\\/uploads\\\/2020\\\/04\\\/logoEcodef9.jpg\",\"width\":410,\"height\":212,\"caption\":\"Chaire \u00c9conomie de d\u00e9fense - IHEDN\"},\"image\":{\"@id\":\"https:\\\/\\\/ecodef-ihedn.fr\\\/#\\\/schema\\\/logo\\\/image\\\/\"},\"sameAs\":[\"https:\\\/\\\/x.com\\\/Chaire_Ecodef\",\"https:\\\/\\\/www.linkedin.com\\\/company\\\/chaire-ecodef-ihedn\\\/\"]},{\"@type\":\"Person\",\"@id\":\"https:\\\/\\\/ecodef-ihedn.fr\\\/#\\\/schema\\\/person\\\/1cdf22d028cebe278126a6e07a884d30\",\"name\":\"Bertrand Demandre\",\"image\":{\"@type\":\"ImageObject\",\"inLanguage\":\"en-GB\",\"@id\":\"https:\\\/\\\/secure.gravatar.com\\\/avatar\\\/d9c9746d6c900ab5b9c0f9b1fa3932e369da923da247d624b8f7ab4ba8a3c093?s=96&d=mm&r=g\",\"url\":\"https:\\\/\\\/secure.gravatar.com\\\/avatar\\\/d9c9746d6c900ab5b9c0f9b1fa3932e369da923da247d624b8f7ab4ba8a3c093?s=96&d=mm&r=g\",\"contentUrl\":\"https:\\\/\\\/secure.gravatar.com\\\/avatar\\\/d9c9746d6c900ab5b9c0f9b1fa3932e369da923da247d624b8f7ab4ba8a3c093?s=96&d=mm&r=g\",\"caption\":\"Bertrand Demandre\"},\"url\":\"https:\\\/\\\/ecodef-ihedn.fr\\\/en\\\/author\\\/bertrand\\\/\"}]}<\/script>\n<!-- \/ Yoast SEO plugin. -->","yoast_head_json":{"title":"\"Europe de l'armement : premi\u00e8re \u00e9tape vers une d\u00e9fense commune ?\" Julien Malizard sur France Culture - Chaire \u00c9conomie de d\u00e9fense - IHEDN","robots":{"index":"index","follow":"follow","max-snippet":"max-snippet:-1","max-image-preview":"max-image-preview:large","max-video-preview":"max-video-preview:-1"},"canonical":"https:\/\/ecodef-ihedn.fr\/en\/europe-de-larmement-premiere-etape-vers-une-defense-commune-julien-malizard-sur-france-culture\/","og_locale":"en_GB","og_type":"article","og_title":"\"Europe de l'armement : premi\u00e8re \u00e9tape vers une d\u00e9fense commune ?\" Julien Malizard sur France Culture - Chaire \u00c9conomie de d\u00e9fense - IHEDN","og_description":"Julien Malizard, Titulaire adjoint de la Chaire, a fait partie des invit\u00e9s de Tiphaine de Rocquigny sur France Culture, dans le Magazine du week-end, dimanche 9 juillet. Face \u00e0 la menace russe, l\u2019Union europ\u00e9enne doit-elle d\u00e9velopper sa propre d\u00e9fense et s\u2019affranchir de la protection offerte par l&rsquo;OTAN\u00a0? C&rsquo;est sur ce th\u00e8me que Julien Malizard s&rsquo;est [&hellip;]","og_url":"https:\/\/ecodef-ihedn.fr\/en\/europe-de-larmement-premiere-etape-vers-une-defense-commune-julien-malizard-sur-france-culture\/","og_site_name":"Chaire \u00c9conomie de d\u00e9fense - IHEDN","article_published_time":"2023-07-11T14:38:25+00:00","article_modified_time":"2023-07-27T13:45:48+00:00","og_image":[{"width":700,"height":500,"url":"https:\/\/ecodef-ihedn.fr\/wp-content\/uploads\/2023\/07\/France-culture-magazine-du-week-end-7-5.png","type":"image\/png"}],"author":"Bertrand Demandre","twitter_card":"summary_large_image","twitter_creator":"@Chaire_Ecodef","twitter_site":"@Chaire_Ecodef","twitter_misc":{"Written by":"Bertrand Demandre","Estimated reading time":"1 minute"},"schema":{"@context":"https:\/\/schema.org","@graph":[{"@type":"Article","@id":"https:\/\/ecodef-ihedn.fr\/europe-de-larmement-premiere-etape-vers-une-defense-commune-julien-malizard-sur-france-culture\/#article","isPartOf":{"@id":"https:\/\/ecodef-ihedn.fr\/europe-de-larmement-premiere-etape-vers-une-defense-commune-julien-malizard-sur-france-culture\/"},"author":{"name":"Bertrand Demandre","@id":"https:\/\/ecodef-ihedn.fr\/#\/schema\/person\/1cdf22d028cebe278126a6e07a884d30"},"headline":"\u00ab\u00a0Europe de l&rsquo;armement : premi\u00e8re \u00e9tape vers une d\u00e9fense commune ?\u00a0\u00bb Julien Malizard sur France Culture","datePublished":"2023-07-11T14:38:25+00:00","dateModified":"2023-07-27T13:45:48+00:00","mainEntityOfPage":{"@id":"https:\/\/ecodef-ihedn.fr\/europe-de-larmement-premiere-etape-vers-une-defense-commune-julien-malizard-sur-france-culture\/"},"wordCount":186,"commentCount":0,"publisher":{"@id":"https:\/\/ecodef-ihedn.fr\/#organization"},"image":{"@id":"https:\/\/ecodef-ihedn.fr\/europe-de-larmement-premiere-etape-vers-une-defense-commune-julien-malizard-sur-france-culture\/#primaryimage"},"thumbnailUrl":"https:\/\/ecodef-ihedn.fr\/wp-content\/uploads\/2023\/07\/France-culture-magazine-du-week-end-7-5.png","keywords":["autonomie strat\u00e9gique","d\u00e9fense europ\u00e9enne","Europe de la D\u00e9fense","france culture","Hans Stark","interview","Julien Malizard","magazine du week-end","munitions","Nicole Gnesotto","OTAN","stocks"],"articleSection":["M\u00e9dias"],"inLanguage":"en-GB","potentialAction":[{"@type":"CommentAction","name":"Comment","target":["https:\/\/ecodef-ihedn.fr\/europe-de-larmement-premiere-etape-vers-une-defense-commune-julien-malizard-sur-france-culture\/#respond"]}]},{"@type":"WebPage","@id":"https:\/\/ecodef-ihedn.fr\/europe-de-larmement-premiere-etape-vers-une-defense-commune-julien-malizard-sur-france-culture\/","url":"https:\/\/ecodef-ihedn.fr\/europe-de-larmement-premiere-etape-vers-une-defense-commune-julien-malizard-sur-france-culture\/","name":"\"Europe de l'armement : premi\u00e8re \u00e9tape vers une d\u00e9fense commune ?\" Julien Malizard sur France Culture - Chaire \u00c9conomie de d\u00e9fense - IHEDN","isPartOf":{"@id":"https:\/\/ecodef-ihedn.fr\/#website"},"primaryImageOfPage":{"@id":"https:\/\/ecodef-ihedn.fr\/europe-de-larmement-premiere-etape-vers-une-defense-commune-julien-malizard-sur-france-culture\/#primaryimage"},"image":{"@id":"https:\/\/ecodef-ihedn.fr\/europe-de-larmement-premiere-etape-vers-une-defense-commune-julien-malizard-sur-france-culture\/#primaryimage"},"thumbnailUrl":"https:\/\/ecodef-ihedn.fr\/wp-content\/uploads\/2023\/07\/France-culture-magazine-du-week-end-7-5.png","datePublished":"2023-07-11T14:38:25+00:00","dateModified":"2023-07-27T13:45:48+00:00","breadcrumb":{"@id":"https:\/\/ecodef-ihedn.fr\/europe-de-larmement-premiere-etape-vers-une-defense-commune-julien-malizard-sur-france-culture\/#breadcrumb"},"inLanguage":"en-GB","potentialAction":[{"@type":"ReadAction","target":["https:\/\/ecodef-ihedn.fr\/europe-de-larmement-premiere-etape-vers-une-defense-commune-julien-malizard-sur-france-culture\/"]}]},{"@type":"ImageObject","inLanguage":"en-GB","@id":"https:\/\/ecodef-ihedn.fr\/europe-de-larmement-premiere-etape-vers-une-defense-commune-julien-malizard-sur-france-culture\/#primaryimage","url":"https:\/\/ecodef-ihedn.fr\/wp-content\/uploads\/2023\/07\/France-culture-magazine-du-week-end-7-5.png","contentUrl":"https:\/\/ecodef-ihedn.fr\/wp-content\/uploads\/2023\/07\/France-culture-magazine-du-week-end-7-5.png","width":700,"height":500},{"@type":"BreadcrumbList","@id":"https:\/\/ecodef-ihedn.fr\/europe-de-larmement-premiere-etape-vers-une-defense-commune-julien-malizard-sur-france-culture\/#breadcrumb","itemListElement":[{"@type":"ListItem","position":1,"name":"Accueil","item":"https:\/\/ecodef-ihedn.fr\/"},{"@type":"ListItem","position":2,"name":"&#8220;Europe de l&#8217;armement : premi\u00e8re \u00e9tape vers une d\u00e9fense commune ?&#8221; Julien Malizard sur France Culture"}]},{"@type":"WebSite","@id":"https:\/\/ecodef-ihedn.fr\/#website","url":"https:\/\/ecodef-ihedn.fr\/","name":"Chair in Defence Economics - IHEDN","description":"Produce &amp; support, federate &amp; disseminate, act as an interface","publisher":{"@id":"https:\/\/ecodef-ihedn.fr\/#organization"},"potentialAction":[{"@type":"SearchAction","target":{"@type":"EntryPoint","urlTemplate":"https:\/\/ecodef-ihedn.fr\/?s={search_term_string}"},"query-input":{"@type":"PropertyValueSpecification","valueRequired":true,"valueName":"search_term_string"}}],"inLanguage":"en-GB"},{"@type":"Organization","@id":"https:\/\/ecodef-ihedn.fr\/#organization","name":"Chair in Defence Economics - IHEDN","url":"https:\/\/ecodef-ihedn.fr\/","logo":{"@type":"ImageObject","inLanguage":"en-GB","@id":"https:\/\/ecodef-ihedn.fr\/#\/schema\/logo\/image\/","url":"https:\/\/ecodef-ihedn.fr\/wp-content\/uploads\/2020\/04\/logoEcodef9.jpg","contentUrl":"https:\/\/ecodef-ihedn.fr\/wp-content\/uploads\/2020\/04\/logoEcodef9.jpg","width":410,"height":212,"caption":"Chaire \u00c9conomie de d\u00e9fense - IHEDN"},"image":{"@id":"https:\/\/ecodef-ihedn.fr\/#\/schema\/logo\/image\/"},"sameAs":["https:\/\/x.com\/Chaire_Ecodef","https:\/\/www.linkedin.com\/company\/chaire-ecodef-ihedn\/"]},{"@type":"Person","@id":"https:\/\/ecodef-ihedn.fr\/#\/schema\/person\/1cdf22d028cebe278126a6e07a884d30","name":"Bertrand Demandre","image":{"@type":"ImageObject","inLanguage":"en-GB","@id":"https:\/\/secure.gravatar.com\/avatar\/d9c9746d6c900ab5b9c0f9b1fa3932e369da923da247d624b8f7ab4ba8a3c093?s=96&d=mm&r=g","url":"https:\/\/secure.gravatar.com\/avatar\/d9c9746d6c900ab5b9c0f9b1fa3932e369da923da247d624b8f7ab4ba8a3c093?s=96&d=mm&r=g","contentUrl":"https:\/\/secure.gravatar.com\/avatar\/d9c9746d6c900ab5b9c0f9b1fa3932e369da923da247d624b8f7ab4ba8a3c093?s=96&d=mm&r=g","caption":"Bertrand Demandre"},"url":"https:\/\/ecodef-ihedn.fr\/en\/author\/bertrand\/"}]}},"_links":{"self":[{"href":"https:\/\/ecodef-ihedn.fr\/en\/wp-json\/wp\/v2\/posts\/8004","targetHints":{"allow":["GET"]}}],"collection":[{"href":"https:\/\/ecodef-ihedn.fr\/en\/wp-json\/wp\/v2\/posts"}],"about":[{"href":"https:\/\/ecodef-ihedn.fr\/en\/wp-json\/wp\/v2\/types\/post"}],"author":[{"embeddable":true,"href":"https:\/\/ecodef-ihedn.fr\/en\/wp-json\/wp\/v2\/users\/2"}],"replies":[{"embeddable":true,"href":"https:\/\/ecodef-ihedn.fr\/en\/wp-json\/wp\/v2\/comments?post=8004"}],"version-history":[{"count":4,"href":"https:\/\/ecodef-ihedn.fr\/en\/wp-json\/wp\/v2\/posts\/8004\/revisions"}],"predecessor-version":[{"id":8016,"href":"https:\/\/ecodef-ihedn.fr\/en\/wp-json\/wp\/v2\/posts\/8004\/revisions\/8016"}],"wp:featuredmedia":[{"embeddable":true,"href":"https:\/\/ecodef-ihedn.fr\/en\/wp-json\/wp\/v2\/media\/8005"}],"wp:attachment":[{"href":"https:\/\/ecodef-ihedn.fr\/en\/wp-json\/wp\/v2\/media?parent=8004"}],"wp:term":[{"taxonomy":"category","embeddable":true,"href":"https:\/\/ecodef-ihedn.fr\/en\/wp-json\/wp\/v2\/categories?post=8004"},{"taxonomy":"post_tag","embeddable":true,"href":"https:\/\/ecodef-ihedn.fr\/en\/wp-json\/wp\/v2\/tags?post=8004"}],"curies":[{"name":"wp","href":"https:\/\/api.w.org\/{rel}","templated":true}]}}