{"id":8106,"date":"2023-09-27T07:54:20","date_gmt":"2023-09-27T07:54:20","guid":{"rendered":"https:\/\/ecodef-ihedn.fr\/video-webinaire-la-dissuasion-oceanique-quelles-retombees-economiques-les-entretiens-de-lecodef-7-30-mai-2023-copy\/"},"modified":"2023-12-20T11:06:30","modified_gmt":"2023-12-20T11:06:30","slug":"video-table-ronde-limpact-economique-de-la-defense-20-septembre-2023","status":"publish","type":"post","link":"https:\/\/ecodef-ihedn.fr\/en\/video-table-ronde-limpact-economique-de-la-defense-20-septembre-2023\/","title":{"rendered":"[VID\u00c9O] table ronde \u00ab\u00a0L&rsquo;impact \u00e9conomique de la d\u00e9fense\u00a0\u00bb (20 septembre 2023)"},"content":{"rendered":"<h2 id=\"exportations-d-armement-les-enjeux-de-leur-mesure\" class=\"has-text-align-center\" style=\"text-align: center;\"><strong><em>The economic impact of defence<\/em><\/strong><\/h2>\r\n<p>The video of the round table on the economic impact of defence, organised by the Chair <span style=\"color: initial;\">the <\/span>Wednesday 20 September 2023 at the \u00c9cole Militaire (Paris 7e), is available on the <strong><a href=\"https:\/\/www.youtube.com\/channel\/UC_dKcdKpWM-Cfk7gujhqXtA\" target=\"_blank\" rel=\"noopener\">Chair's YouTube page<\/a><\/strong>.<\/p>\r\n<p>International events are leading to a general increase in defence investment, particularly in Europe.<\/p>\r\n<p>The academic work carried out by the Chair since it was set up in 2014 sheds precise light on the effects of defence spending on the defence industrial and technological base (DITB) and on the economy as a whole.<\/p>\r\n<p>The Chair's researchers presented a summary of the results obtained in the literature and provided keys to understanding the mechanisms at work. Their analysis covered both short-term and long-term effects, at national and regional level.<\/p>\r\n<div class=\"wp-block-buttons\">\r\n<div style=\"text-align: center;\"><a href=\"https:\/\/youtu.be\/AQFH4GLtMWY\" target=\"_blank\" rel=\"noopener\"><span class=\"td_btn td_btn_md td_default_btn\">see or watch the round table<\/span><\/a><\/div>\r\n<\/div>\r\n<!-- \/wp:post-content -->\r\n\r\n<!-- wp:paragraph -->\r\n<p><br \/>With :<\/p>\r\n<!-- \/wp:paragraph -->\r\n\r\n<!-- wp:paragraph -->\r\n<div id='gallery-1' class='gallery galleryid-8106 gallery-columns-3 gallery-size-medium'><figure class='gallery-item'>\n\t\t\t<div class='gallery-icon portrait'>\n\t\t\t\t<a href='https:\/\/ecodef-ihedn.fr\/en\/jean-belin-5\/'><img loading=\"lazy\" decoding=\"async\" width=\"225\" height=\"300\" src=\"https:\/\/ecodef-ihedn.fr\/wp-content\/uploads\/2023\/08\/Jean-Belin-225x300.png\" class=\"attachment-medium size-medium\" alt=\"\" aria-describedby=\"gallery-1-8044\" srcset=\"https:\/\/ecodef-ihedn.fr\/wp-content\/uploads\/2023\/08\/Jean-Belin-225x300.png 225w, https:\/\/ecodef-ihedn.fr\/wp-content\/uploads\/2023\/08\/Jean-Belin.png 300w\" sizes=\"auto, (max-width: 225px) 100vw, 225px\" \/><\/a>\n\t\t\t<\/div>\n\t\t\t\t<figcaption class='wp-caption-text gallery-caption' id='gallery-1-8044'>\n\t\t\t\tJean Belin, Senior Lecturer, Chairholder\n\t\t\t\t<\/figcaption><\/figure><figure class='gallery-item'>\n\t\t\t<div class='gallery-icon portrait'>\n\t\t\t\t<a href='https:\/\/ecodef-ihedn.fr\/en\/julien-malizard-3\/'><img loading=\"lazy\" decoding=\"async\" width=\"225\" height=\"300\" src=\"https:\/\/ecodef-ihedn.fr\/wp-content\/uploads\/2023\/08\/Julien-Malizard-225x300.png\" class=\"attachment-medium size-medium\" alt=\"\" aria-describedby=\"gallery-1-8046\" srcset=\"https:\/\/ecodef-ihedn.fr\/wp-content\/uploads\/2023\/08\/Julien-Malizard-225x300.png 225w, https:\/\/ecodef-ihedn.fr\/wp-content\/uploads\/2023\/08\/Julien-Malizard.png 300w\" sizes=\"auto, (max-width: 225px) 100vw, 225px\" \/><\/a>\n\t\t\t<\/div>\n\t\t\t\t<figcaption class='wp-caption-text gallery-caption' id='gallery-1-8046'>\n\t\t\t\tJulien Malizard, Doctor of Economics, Deputy Chairholder\n\t\t\t\t<\/figcaption><\/figure><figure class='gallery-item'>\n\t\t\t<div class='gallery-icon portrait'>\n\t\t\t\t<a href='https:\/\/ecodef-ihedn.fr\/en\/josselin-droff-3\/'><img loading=\"lazy\" decoding=\"async\" width=\"225\" height=\"300\" src=\"https:\/\/ecodef-ihedn.fr\/wp-content\/uploads\/2023\/08\/Josselin-Droff-225x300.png\" class=\"attachment-medium size-medium\" alt=\"\" aria-describedby=\"gallery-1-8045\" srcset=\"https:\/\/ecodef-ihedn.fr\/wp-content\/uploads\/2023\/08\/Josselin-Droff-225x300.png 225w, https:\/\/ecodef-ihedn.fr\/wp-content\/uploads\/2023\/08\/Josselin-Droff.png 300w\" sizes=\"auto, (max-width: 225px) 100vw, 225px\" \/><\/a>\n\t\t\t<\/div>\n\t\t\t\t<figcaption class='wp-caption-text gallery-caption' id='gallery-1-8045'>\n\t\t\t\tJosselin Droff, Doctor of Economic Sciences, Researcher at the Chaire\n\t\t\t\t<\/figcaption><\/figure>\n\t\t<\/div>\n\r\n<!-- \/wp:paragraph -->\r\n\r\n<!-- wp:gallery {\"linkTo\":\"none\"} -->\r\n<figure class=\"wp-block-gallery has-nested-images columns-default is-cropped\"><!-- wp:image {\"id\":7515,\"sizeSlug\":\"full\",\"linkDestination\":\"none\"} -->\r\n<figure class=\"wp-block-image size-full\"><\/figure>\r\n<!-- \/wp:image -->\r\n\r\n<!-- wp:image {\"id\":7513,\"sizeSlug\":\"full\",\"linkDestination\":\"none\"} \/-->\r\n\r\n<!-- wp:image {\"id\":7214,\"sizeSlug\":\"large\",\"linkDestination\":\"none\"} \/--><\/figure>\r\n<!-- \/wp:gallery -->","protected":false},"excerpt":{"rendered":"<p>L&rsquo;impact \u00e9conomique de la d\u00e9fense La vid\u00e9o de la table ronde sur l&rsquo;impact \u00e9conomique de la d\u00e9fense, organis\u00e9e par la Chaire le mercredi 20 septembre 2023 \u00e0 l&rsquo;\u00c9cole militaire (Paris 7e), est disponible sur la page YouTube de la Chaire. L\u2019actualit\u00e9 internationale conduit \u00e0 une augmentation g\u00e9n\u00e9ralis\u00e9e des investissements de d\u00e9fense, en particulier en Europe. [&hellip;]<\/p>\n","protected":false},"author":2,"featured_media":8052,"comment_status":"open","ping_status":"open","sticky":false,"template":"","format":"standard","meta":{"footnotes":""},"categories":[34,355],"tags":[211,438,103,37,47,38,335,149,437,379,287,202,86,637,636,684,39,683],"class_list":{"0":"post-8106","1":"post","2":"type-post","3":"status-publish","4":"format-standard","5":"has-post-thumbnail","7":"category-activites","8":"category-activites-evenements-portes-par-la-chaire","9":"tag-bitd","10":"tag-ecodef","11":"tag-ecole-militaire","12":"tag-economie","13":"tag-economie-de-defense","14":"tag-ihedn","15":"tag-impact-economique","16":"tag-industrie-de-defense","17":"tag-investissements-de-defense","18":"tag-investissements-strategiques","19":"tag-jean-belin","20":"tag-josselin-droff","21":"tag-julien-malizard","22":"tag-loi-de-programmation-militaire","23":"tag-lpm","24":"tag-paris","25":"tag-recherche","26":"tag-table-ronde"},"yoast_head":"<!-- This site is optimized with the Yoast SEO plugin v27.4 - https:\/\/yoast.com\/product\/yoast-seo-wordpress\/ -->\n<title>[VID\u00c9O] table ronde &quot;L&#039;impact \u00e9conomique de la d\u00e9fense&quot; (20 septembre 2023) - Chaire \u00c9conomie de d\u00e9fense - IHEDN<\/title>\n<meta name=\"robots\" content=\"index, follow, max-snippet:-1, max-image-preview:large, max-video-preview:-1\" \/>\n<link rel=\"canonical\" href=\"https:\/\/ecodef-ihedn.fr\/en\/video-table-ronde-limpact-economique-de-la-defense-20-septembre-2023\/\" \/>\n<meta property=\"og:locale\" content=\"en_GB\" \/>\n<meta property=\"og:type\" content=\"article\" \/>\n<meta property=\"og:title\" content=\"[VID\u00c9O] table ronde &quot;L&#039;impact \u00e9conomique de la d\u00e9fense&quot; (20 septembre 2023) - Chaire \u00c9conomie de d\u00e9fense - IHEDN\" \/>\n<meta property=\"og:description\" content=\"L&rsquo;impact \u00e9conomique de la d\u00e9fense La vid\u00e9o de la table ronde sur l&rsquo;impact \u00e9conomique de la d\u00e9fense, organis\u00e9e par la Chaire le mercredi 20 septembre 2023 \u00e0 l&rsquo;\u00c9cole militaire (Paris 7e), est disponible sur la page YouTube de la Chaire. L\u2019actualit\u00e9 internationale conduit \u00e0 une augmentation g\u00e9n\u00e9ralis\u00e9e des investissements de d\u00e9fense, en particulier en Europe. [&hellip;]\" \/>\n<meta property=\"og:url\" content=\"https:\/\/ecodef-ihedn.fr\/en\/video-table-ronde-limpact-economique-de-la-defense-20-septembre-2023\/\" \/>\n<meta property=\"og:site_name\" content=\"Chaire \u00c9conomie de d\u00e9fense - IHEDN\" \/>\n<meta property=\"article:published_time\" content=\"2023-09-27T07:54:20+00:00\" \/>\n<meta property=\"article:modified_time\" content=\"2023-12-20T11:06:30+00:00\" \/>\n<meta property=\"og:image\" content=\"https:\/\/ecodef-ihedn.fr\/wp-content\/uploads\/2023\/08\/TR-impact-eco-def-20-09-2023.png\" \/>\n\t<meta property=\"og:image:width\" content=\"733\" \/>\n\t<meta property=\"og:image:height\" content=\"524\" \/>\n\t<meta property=\"og:image:type\" content=\"image\/png\" \/>\n<meta name=\"author\" content=\"Bertrand Demandre\" \/>\n<meta name=\"twitter:card\" content=\"summary_large_image\" \/>\n<meta name=\"twitter:creator\" content=\"@Chaire_Ecodef\" \/>\n<meta name=\"twitter:site\" content=\"@Chaire_Ecodef\" \/>\n<meta name=\"twitter:label1\" content=\"Written by\" \/>\n\t<meta name=\"twitter:data1\" content=\"Bertrand Demandre\" \/>\n\t<meta name=\"twitter:label2\" content=\"Estimated reading time\" \/>\n\t<meta name=\"twitter:data2\" content=\"1 minute\" \/>\n<script type=\"application\/ld+json\" class=\"yoast-schema-graph\">{\"@context\":\"https:\\\/\\\/schema.org\",\"@graph\":[{\"@type\":\"Article\",\"@id\":\"https:\\\/\\\/ecodef-ihedn.fr\\\/video-table-ronde-limpact-economique-de-la-defense-20-septembre-2023\\\/#article\",\"isPartOf\":{\"@id\":\"https:\\\/\\\/ecodef-ihedn.fr\\\/video-table-ronde-limpact-economique-de-la-defense-20-septembre-2023\\\/\"},\"author\":{\"name\":\"Bertrand Demandre\",\"@id\":\"https:\\\/\\\/ecodef-ihedn.fr\\\/#\\\/schema\\\/person\\\/1cdf22d028cebe278126a6e07a884d30\"},\"headline\":\"[VID\u00c9O] table ronde \u00ab\u00a0L&rsquo;impact \u00e9conomique de la d\u00e9fense\u00a0\u00bb (20 septembre 2023)\",\"datePublished\":\"2023-09-27T07:54:20+00:00\",\"dateModified\":\"2023-12-20T11:06:30+00:00\",\"mainEntityOfPage\":{\"@id\":\"https:\\\/\\\/ecodef-ihedn.fr\\\/video-table-ronde-limpact-economique-de-la-defense-20-septembre-2023\\\/\"},\"wordCount\":183,\"commentCount\":0,\"publisher\":{\"@id\":\"https:\\\/\\\/ecodef-ihedn.fr\\\/#organization\"},\"image\":{\"@id\":\"https:\\\/\\\/ecodef-ihedn.fr\\\/video-table-ronde-limpact-economique-de-la-defense-20-septembre-2023\\\/#primaryimage\"},\"thumbnailUrl\":\"https:\\\/\\\/ecodef-ihedn.fr\\\/wp-content\\\/uploads\\\/2023\\\/08\\\/TR-impact-eco-def-20-09-2023.png\",\"keywords\":[\"BITD\",\"ecodef\",\"Ecole Militaire\",\"\u00e9conomie\",\"\u00e9conomie de d\u00e9fense\",\"IHEDN\",\"Impact \u00e9conomique\",\"industrie de d\u00e9fense\",\"investissements de d\u00e9fense\",\"investissements strat\u00e9giques\",\"Jean Belin\",\"Josselin Droff\",\"Julien Malizard\",\"loi de programmation militaire\",\"LPM\",\"Paris\",\"recherche\",\"table ronde\"],\"articleSection\":[\"Activit\u00e9s\",\"Activit\u00e9s : \u00e9v\u00e9nements port\u00e9s par la Chaire\"],\"inLanguage\":\"en-GB\",\"potentialAction\":[{\"@type\":\"CommentAction\",\"name\":\"Comment\",\"target\":[\"https:\\\/\\\/ecodef-ihedn.fr\\\/video-table-ronde-limpact-economique-de-la-defense-20-septembre-2023\\\/#respond\"]}]},{\"@type\":\"WebPage\",\"@id\":\"https:\\\/\\\/ecodef-ihedn.fr\\\/video-table-ronde-limpact-economique-de-la-defense-20-septembre-2023\\\/\",\"url\":\"https:\\\/\\\/ecodef-ihedn.fr\\\/video-table-ronde-limpact-economique-de-la-defense-20-septembre-2023\\\/\",\"name\":\"[VID\u00c9O] table ronde \\\"L'impact \u00e9conomique de la d\u00e9fense\\\" (20 septembre 2023) - Chaire \u00c9conomie de d\u00e9fense - IHEDN\",\"isPartOf\":{\"@id\":\"https:\\\/\\\/ecodef-ihedn.fr\\\/#website\"},\"primaryImageOfPage\":{\"@id\":\"https:\\\/\\\/ecodef-ihedn.fr\\\/video-table-ronde-limpact-economique-de-la-defense-20-septembre-2023\\\/#primaryimage\"},\"image\":{\"@id\":\"https:\\\/\\\/ecodef-ihedn.fr\\\/video-table-ronde-limpact-economique-de-la-defense-20-septembre-2023\\\/#primaryimage\"},\"thumbnailUrl\":\"https:\\\/\\\/ecodef-ihedn.fr\\\/wp-content\\\/uploads\\\/2023\\\/08\\\/TR-impact-eco-def-20-09-2023.png\",\"datePublished\":\"2023-09-27T07:54:20+00:00\",\"dateModified\":\"2023-12-20T11:06:30+00:00\",\"breadcrumb\":{\"@id\":\"https:\\\/\\\/ecodef-ihedn.fr\\\/video-table-ronde-limpact-economique-de-la-defense-20-septembre-2023\\\/#breadcrumb\"},\"inLanguage\":\"en-GB\",\"potentialAction\":[{\"@type\":\"ReadAction\",\"target\":[\"https:\\\/\\\/ecodef-ihedn.fr\\\/video-table-ronde-limpact-economique-de-la-defense-20-septembre-2023\\\/\"]}]},{\"@type\":\"ImageObject\",\"inLanguage\":\"en-GB\",\"@id\":\"https:\\\/\\\/ecodef-ihedn.fr\\\/video-table-ronde-limpact-economique-de-la-defense-20-septembre-2023\\\/#primaryimage\",\"url\":\"https:\\\/\\\/ecodef-ihedn.fr\\\/wp-content\\\/uploads\\\/2023\\\/08\\\/TR-impact-eco-def-20-09-2023.png\",\"contentUrl\":\"https:\\\/\\\/ecodef-ihedn.fr\\\/wp-content\\\/uploads\\\/2023\\\/08\\\/TR-impact-eco-def-20-09-2023.png\",\"width\":733,\"height\":524},{\"@type\":\"BreadcrumbList\",\"@id\":\"https:\\\/\\\/ecodef-ihedn.fr\\\/video-table-ronde-limpact-economique-de-la-defense-20-septembre-2023\\\/#breadcrumb\",\"itemListElement\":[{\"@type\":\"ListItem\",\"position\":1,\"name\":\"Accueil\",\"item\":\"https:\\\/\\\/ecodef-ihedn.fr\\\/\"},{\"@type\":\"ListItem\",\"position\":2,\"name\":\"[VID\u00c9O] table ronde &#8220;L&#8217;impact \u00e9conomique de la d\u00e9fense&#8221; (20 septembre 2023)\"}]},{\"@type\":\"WebSite\",\"@id\":\"https:\\\/\\\/ecodef-ihedn.fr\\\/#website\",\"url\":\"https:\\\/\\\/ecodef-ihedn.fr\\\/\",\"name\":\"Chaire \u00c9conomie de D\u00e9fense - IHEDN\",\"description\":\"Produire &amp; soutenir, f\u00e9d\u00e9rer &amp; diffuser, \u00eatre une interface\",\"publisher\":{\"@id\":\"https:\\\/\\\/ecodef-ihedn.fr\\\/#organization\"},\"potentialAction\":[{\"@type\":\"SearchAction\",\"target\":{\"@type\":\"EntryPoint\",\"urlTemplate\":\"https:\\\/\\\/ecodef-ihedn.fr\\\/?s={search_term_string}\"},\"query-input\":{\"@type\":\"PropertyValueSpecification\",\"valueRequired\":true,\"valueName\":\"search_term_string\"}}],\"inLanguage\":\"en-GB\"},{\"@type\":\"Organization\",\"@id\":\"https:\\\/\\\/ecodef-ihedn.fr\\\/#organization\",\"name\":\"Chaire \u00c9conomie de d\u00e9fense - IHEDN\",\"url\":\"https:\\\/\\\/ecodef-ihedn.fr\\\/\",\"logo\":{\"@type\":\"ImageObject\",\"inLanguage\":\"en-GB\",\"@id\":\"https:\\\/\\\/ecodef-ihedn.fr\\\/#\\\/schema\\\/logo\\\/image\\\/\",\"url\":\"https:\\\/\\\/ecodef-ihedn.fr\\\/wp-content\\\/uploads\\\/2020\\\/04\\\/logoEcodef9.jpg\",\"contentUrl\":\"https:\\\/\\\/ecodef-ihedn.fr\\\/wp-content\\\/uploads\\\/2020\\\/04\\\/logoEcodef9.jpg\",\"width\":410,\"height\":212,\"caption\":\"Chaire \u00c9conomie de d\u00e9fense - IHEDN\"},\"image\":{\"@id\":\"https:\\\/\\\/ecodef-ihedn.fr\\\/#\\\/schema\\\/logo\\\/image\\\/\"},\"sameAs\":[\"https:\\\/\\\/x.com\\\/Chaire_Ecodef\",\"https:\\\/\\\/www.linkedin.com\\\/company\\\/chaire-ecodef-ihedn\\\/\"]},{\"@type\":\"Person\",\"@id\":\"https:\\\/\\\/ecodef-ihedn.fr\\\/#\\\/schema\\\/person\\\/1cdf22d028cebe278126a6e07a884d30\",\"name\":\"Bertrand Demandre\",\"image\":{\"@type\":\"ImageObject\",\"inLanguage\":\"en-GB\",\"@id\":\"https:\\\/\\\/secure.gravatar.com\\\/avatar\\\/d9c9746d6c900ab5b9c0f9b1fa3932e369da923da247d624b8f7ab4ba8a3c093?s=96&d=mm&r=g\",\"url\":\"https:\\\/\\\/secure.gravatar.com\\\/avatar\\\/d9c9746d6c900ab5b9c0f9b1fa3932e369da923da247d624b8f7ab4ba8a3c093?s=96&d=mm&r=g\",\"contentUrl\":\"https:\\\/\\\/secure.gravatar.com\\\/avatar\\\/d9c9746d6c900ab5b9c0f9b1fa3932e369da923da247d624b8f7ab4ba8a3c093?s=96&d=mm&r=g\",\"caption\":\"Bertrand Demandre\"},\"url\":\"https:\\\/\\\/ecodef-ihedn.fr\\\/en\\\/author\\\/bertrand\\\/\"}]}<\/script>\n<!-- \/ Yoast SEO plugin. -->","yoast_head_json":{"title":"[VID\u00c9O] table ronde \"L'impact \u00e9conomique de la d\u00e9fense\" (20 septembre 2023) - Chaire \u00c9conomie de d\u00e9fense - IHEDN","robots":{"index":"index","follow":"follow","max-snippet":"max-snippet:-1","max-image-preview":"max-image-preview:large","max-video-preview":"max-video-preview:-1"},"canonical":"https:\/\/ecodef-ihedn.fr\/en\/video-table-ronde-limpact-economique-de-la-defense-20-septembre-2023\/","og_locale":"en_GB","og_type":"article","og_title":"[VID\u00c9O] table ronde \"L'impact \u00e9conomique de la d\u00e9fense\" (20 septembre 2023) - Chaire \u00c9conomie de d\u00e9fense - IHEDN","og_description":"L&rsquo;impact \u00e9conomique de la d\u00e9fense La vid\u00e9o de la table ronde sur l&rsquo;impact \u00e9conomique de la d\u00e9fense, organis\u00e9e par la Chaire le mercredi 20 septembre 2023 \u00e0 l&rsquo;\u00c9cole militaire (Paris 7e), est disponible sur la page YouTube de la Chaire. L\u2019actualit\u00e9 internationale conduit \u00e0 une augmentation g\u00e9n\u00e9ralis\u00e9e des investissements de d\u00e9fense, en particulier en Europe. [&hellip;]","og_url":"https:\/\/ecodef-ihedn.fr\/en\/video-table-ronde-limpact-economique-de-la-defense-20-septembre-2023\/","og_site_name":"Chaire \u00c9conomie de d\u00e9fense - IHEDN","article_published_time":"2023-09-27T07:54:20+00:00","article_modified_time":"2023-12-20T11:06:30+00:00","og_image":[{"width":733,"height":524,"url":"https:\/\/ecodef-ihedn.fr\/wp-content\/uploads\/2023\/08\/TR-impact-eco-def-20-09-2023.png","type":"image\/png"}],"author":"Bertrand Demandre","twitter_card":"summary_large_image","twitter_creator":"@Chaire_Ecodef","twitter_site":"@Chaire_Ecodef","twitter_misc":{"Written by":"Bertrand Demandre","Estimated reading time":"1 minute"},"schema":{"@context":"https:\/\/schema.org","@graph":[{"@type":"Article","@id":"https:\/\/ecodef-ihedn.fr\/video-table-ronde-limpact-economique-de-la-defense-20-septembre-2023\/#article","isPartOf":{"@id":"https:\/\/ecodef-ihedn.fr\/video-table-ronde-limpact-economique-de-la-defense-20-septembre-2023\/"},"author":{"name":"Bertrand Demandre","@id":"https:\/\/ecodef-ihedn.fr\/#\/schema\/person\/1cdf22d028cebe278126a6e07a884d30"},"headline":"[VID\u00c9O] table ronde \u00ab\u00a0L&rsquo;impact \u00e9conomique de la d\u00e9fense\u00a0\u00bb (20 septembre 2023)","datePublished":"2023-09-27T07:54:20+00:00","dateModified":"2023-12-20T11:06:30+00:00","mainEntityOfPage":{"@id":"https:\/\/ecodef-ihedn.fr\/video-table-ronde-limpact-economique-de-la-defense-20-septembre-2023\/"},"wordCount":183,"commentCount":0,"publisher":{"@id":"https:\/\/ecodef-ihedn.fr\/#organization"},"image":{"@id":"https:\/\/ecodef-ihedn.fr\/video-table-ronde-limpact-economique-de-la-defense-20-septembre-2023\/#primaryimage"},"thumbnailUrl":"https:\/\/ecodef-ihedn.fr\/wp-content\/uploads\/2023\/08\/TR-impact-eco-def-20-09-2023.png","keywords":["BITD","ecodef","Ecole Militaire","\u00e9conomie","\u00e9conomie de d\u00e9fense","IHEDN","Impact \u00e9conomique","industrie de d\u00e9fense","investissements de d\u00e9fense","investissements strat\u00e9giques","Jean Belin","Josselin Droff","Julien Malizard","loi de programmation militaire","LPM","Paris","recherche","table ronde"],"articleSection":["Activit\u00e9s","Activit\u00e9s : \u00e9v\u00e9nements port\u00e9s par la Chaire"],"inLanguage":"en-GB","potentialAction":[{"@type":"CommentAction","name":"Comment","target":["https:\/\/ecodef-ihedn.fr\/video-table-ronde-limpact-economique-de-la-defense-20-septembre-2023\/#respond"]}]},{"@type":"WebPage","@id":"https:\/\/ecodef-ihedn.fr\/video-table-ronde-limpact-economique-de-la-defense-20-septembre-2023\/","url":"https:\/\/ecodef-ihedn.fr\/video-table-ronde-limpact-economique-de-la-defense-20-septembre-2023\/","name":"[VID\u00c9O] table ronde \"L'impact \u00e9conomique de la d\u00e9fense\" (20 septembre 2023) - Chaire \u00c9conomie de d\u00e9fense - IHEDN","isPartOf":{"@id":"https:\/\/ecodef-ihedn.fr\/#website"},"primaryImageOfPage":{"@id":"https:\/\/ecodef-ihedn.fr\/video-table-ronde-limpact-economique-de-la-defense-20-septembre-2023\/#primaryimage"},"image":{"@id":"https:\/\/ecodef-ihedn.fr\/video-table-ronde-limpact-economique-de-la-defense-20-septembre-2023\/#primaryimage"},"thumbnailUrl":"https:\/\/ecodef-ihedn.fr\/wp-content\/uploads\/2023\/08\/TR-impact-eco-def-20-09-2023.png","datePublished":"2023-09-27T07:54:20+00:00","dateModified":"2023-12-20T11:06:30+00:00","breadcrumb":{"@id":"https:\/\/ecodef-ihedn.fr\/video-table-ronde-limpact-economique-de-la-defense-20-septembre-2023\/#breadcrumb"},"inLanguage":"en-GB","potentialAction":[{"@type":"ReadAction","target":["https:\/\/ecodef-ihedn.fr\/video-table-ronde-limpact-economique-de-la-defense-20-septembre-2023\/"]}]},{"@type":"ImageObject","inLanguage":"en-GB","@id":"https:\/\/ecodef-ihedn.fr\/video-table-ronde-limpact-economique-de-la-defense-20-septembre-2023\/#primaryimage","url":"https:\/\/ecodef-ihedn.fr\/wp-content\/uploads\/2023\/08\/TR-impact-eco-def-20-09-2023.png","contentUrl":"https:\/\/ecodef-ihedn.fr\/wp-content\/uploads\/2023\/08\/TR-impact-eco-def-20-09-2023.png","width":733,"height":524},{"@type":"BreadcrumbList","@id":"https:\/\/ecodef-ihedn.fr\/video-table-ronde-limpact-economique-de-la-defense-20-septembre-2023\/#breadcrumb","itemListElement":[{"@type":"ListItem","position":1,"name":"Accueil","item":"https:\/\/ecodef-ihedn.fr\/"},{"@type":"ListItem","position":2,"name":"[VID\u00c9O] table ronde &#8220;L&#8217;impact \u00e9conomique de la d\u00e9fense&#8221; (20 septembre 2023)"}]},{"@type":"WebSite","@id":"https:\/\/ecodef-ihedn.fr\/#website","url":"https:\/\/ecodef-ihedn.fr\/","name":"Chair in Defence Economics - IHEDN","description":"Produce &amp; support, federate &amp; disseminate, act as an interface","publisher":{"@id":"https:\/\/ecodef-ihedn.fr\/#organization"},"potentialAction":[{"@type":"SearchAction","target":{"@type":"EntryPoint","urlTemplate":"https:\/\/ecodef-ihedn.fr\/?s={search_term_string}"},"query-input":{"@type":"PropertyValueSpecification","valueRequired":true,"valueName":"search_term_string"}}],"inLanguage":"en-GB"},{"@type":"Organization","@id":"https:\/\/ecodef-ihedn.fr\/#organization","name":"Chair in Defence Economics - IHEDN","url":"https:\/\/ecodef-ihedn.fr\/","logo":{"@type":"ImageObject","inLanguage":"en-GB","@id":"https:\/\/ecodef-ihedn.fr\/#\/schema\/logo\/image\/","url":"https:\/\/ecodef-ihedn.fr\/wp-content\/uploads\/2020\/04\/logoEcodef9.jpg","contentUrl":"https:\/\/ecodef-ihedn.fr\/wp-content\/uploads\/2020\/04\/logoEcodef9.jpg","width":410,"height":212,"caption":"Chaire \u00c9conomie de d\u00e9fense - IHEDN"},"image":{"@id":"https:\/\/ecodef-ihedn.fr\/#\/schema\/logo\/image\/"},"sameAs":["https:\/\/x.com\/Chaire_Ecodef","https:\/\/www.linkedin.com\/company\/chaire-ecodef-ihedn\/"]},{"@type":"Person","@id":"https:\/\/ecodef-ihedn.fr\/#\/schema\/person\/1cdf22d028cebe278126a6e07a884d30","name":"Bertrand Demandre","image":{"@type":"ImageObject","inLanguage":"en-GB","@id":"https:\/\/secure.gravatar.com\/avatar\/d9c9746d6c900ab5b9c0f9b1fa3932e369da923da247d624b8f7ab4ba8a3c093?s=96&d=mm&r=g","url":"https:\/\/secure.gravatar.com\/avatar\/d9c9746d6c900ab5b9c0f9b1fa3932e369da923da247d624b8f7ab4ba8a3c093?s=96&d=mm&r=g","contentUrl":"https:\/\/secure.gravatar.com\/avatar\/d9c9746d6c900ab5b9c0f9b1fa3932e369da923da247d624b8f7ab4ba8a3c093?s=96&d=mm&r=g","caption":"Bertrand Demandre"},"url":"https:\/\/ecodef-ihedn.fr\/en\/author\/bertrand\/"}]}},"_links":{"self":[{"href":"https:\/\/ecodef-ihedn.fr\/en\/wp-json\/wp\/v2\/posts\/8106","targetHints":{"allow":["GET"]}}],"collection":[{"href":"https:\/\/ecodef-ihedn.fr\/en\/wp-json\/wp\/v2\/posts"}],"about":[{"href":"https:\/\/ecodef-ihedn.fr\/en\/wp-json\/wp\/v2\/types\/post"}],"author":[{"embeddable":true,"href":"https:\/\/ecodef-ihedn.fr\/en\/wp-json\/wp\/v2\/users\/2"}],"replies":[{"embeddable":true,"href":"https:\/\/ecodef-ihedn.fr\/en\/wp-json\/wp\/v2\/comments?post=8106"}],"version-history":[{"count":7,"href":"https:\/\/ecodef-ihedn.fr\/en\/wp-json\/wp\/v2\/posts\/8106\/revisions"}],"predecessor-version":[{"id":8227,"href":"https:\/\/ecodef-ihedn.fr\/en\/wp-json\/wp\/v2\/posts\/8106\/revisions\/8227"}],"wp:featuredmedia":[{"embeddable":true,"href":"https:\/\/ecodef-ihedn.fr\/en\/wp-json\/wp\/v2\/media\/8052"}],"wp:attachment":[{"href":"https:\/\/ecodef-ihedn.fr\/en\/wp-json\/wp\/v2\/media?parent=8106"}],"wp:term":[{"taxonomy":"category","embeddable":true,"href":"https:\/\/ecodef-ihedn.fr\/en\/wp-json\/wp\/v2\/categories?post=8106"},{"taxonomy":"post_tag","embeddable":true,"href":"https:\/\/ecodef-ihedn.fr\/en\/wp-json\/wp\/v2\/tags?post=8106"}],"curies":[{"name":"wp","href":"https:\/\/api.w.org\/{rel}","templated":true}]}}