{"id":8139,"date":"2023-11-08T13:08:23","date_gmt":"2023-11-08T13:08:23","guid":{"rendered":"https:\/\/ecodef-ihedn.fr\/ices-2023-stockholm-suede-participation-de-trois-chercheurs-de-la-chaire-copy\/"},"modified":"2023-12-21T12:54:49","modified_gmt":"2023-12-21T12:54:49","slug":"dsew-2023-ottawa-canada-participation-de-josselin-droff-et-julien-malizard","status":"publish","type":"post","link":"https:\/\/ecodef-ihedn.fr\/en\/dsew-2023-ottawa-canada-participation-de-josselin-droff-et-julien-malizard\/","title":{"rendered":"DSEW 2023 (Ottawa, Canada): participation by Josselin Droff and Julien Malizard"},"content":{"rendered":"<h3><strong>Josselin Droff and Julien Malizard took part in the 18<sup>th<\/sup> Defence and Security Economics Workshop 2023 (DSEW 2023)<\/strong><\/h3>\n<p><a href=\"https:\/\/ecodef-ihedn.fr\/wp-content\/uploads\/2023\/11\/DSEW-2023.png\"><img loading=\"lazy\" decoding=\"async\" class=\"aligncenter wp-image-8143 size-full\" src=\"https:\/\/ecodef-ihedn.fr\/wp-content\/uploads\/2023\/11\/DSEW-2023.png\" alt=\"\" width=\"700\" height=\"340\" srcset=\"https:\/\/ecodef-ihedn.fr\/wp-content\/uploads\/2023\/11\/DSEW-2023.png 700w, https:\/\/ecodef-ihedn.fr\/wp-content\/uploads\/2023\/11\/DSEW-2023-300x146.png 300w, https:\/\/ecodef-ihedn.fr\/wp-content\/uploads\/2023\/11\/DSEW-2023-696x338.png 696w\" sizes=\"auto, (max-width: 700px) 100vw, 700px\" \/><\/a><\/p>\n<p>This <strong>annual seminar<\/strong> offers researchers in economics, political science, operations research and management the opportunity to present their work in the field of <strong>the economics of defence and security<\/strong>.<\/p>\n<p>Held on 26 and 27 October 2023 in Ottawa, Canada, the <strong><a href=\"https:\/\/www.defenceandsecurityeconomicsworkshop.ca\/home\" target=\"_blank\" rel=\"noopener\">18<sup>th<\/sup> edition of this workshop on defence and security economics<\/a>\u00a0<\/strong>brought together around thirty specialists from the United States, Canada and Europe (Belgium, France, Italy, the Netherlands, Poland, etc.).<\/p>\n<p><a href=\"https:\/\/ecodef-ihedn.fr\/wp-content\/uploads\/2023\/11\/DSEW-2023.jpg\"><img loading=\"lazy\" decoding=\"async\" class=\"aligncenter wp-image-8151 size-large\" src=\"https:\/\/ecodef-ihedn.fr\/wp-content\/uploads\/2023\/11\/DSEW-2023-1024x461.jpg\" alt=\"\" width=\"696\" height=\"313\" srcset=\"https:\/\/ecodef-ihedn.fr\/wp-content\/uploads\/2023\/11\/DSEW-2023-1024x461.jpg 1024w, https:\/\/ecodef-ihedn.fr\/wp-content\/uploads\/2023\/11\/DSEW-2023-300x135.jpg 300w, https:\/\/ecodef-ihedn.fr\/wp-content\/uploads\/2023\/11\/DSEW-2023-768x346.jpg 768w, https:\/\/ecodef-ihedn.fr\/wp-content\/uploads\/2023\/11\/DSEW-2023-1536x691.jpg 1536w, https:\/\/ecodef-ihedn.fr\/wp-content\/uploads\/2023\/11\/DSEW-2023-696x313.jpg 696w, https:\/\/ecodef-ihedn.fr\/wp-content\/uploads\/2023\/11\/DSEW-2023-1392x626.jpg 1392w, https:\/\/ecodef-ihedn.fr\/wp-content\/uploads\/2023\/11\/DSEW-2023-1068x481.jpg 1068w, https:\/\/ecodef-ihedn.fr\/wp-content\/uploads\/2023\/11\/DSEW-2023-1920x864.jpg 1920w, https:\/\/ecodef-ihedn.fr\/wp-content\/uploads\/2023\/11\/DSEW-2023-933x420.jpg 933w, https:\/\/ecodef-ihedn.fr\/wp-content\/uploads\/2023\/11\/DSEW-2023-1867x840.jpg 1867w, https:\/\/ecodef-ihedn.fr\/wp-content\/uploads\/2023\/11\/DSEW-2023.jpg 2000w\" sizes=\"auto, (max-width: 696px) 100vw, 696px\" \/><\/a><\/p>\n<p><strong>Josselin Droff<\/strong> presented work done with <strong>Jade Guiberteau<\/strong> and <strong>Julien Malizard<\/strong> entitled \u00ab <em>The Influence of Strategic Procurement on the Performance of the European Naval Defense Industry <\/em>\u00bb.<\/p>\n<p><a href=\"https:\/\/ecodef-ihedn.fr\/wp-content\/uploads\/2023\/11\/DSEW-2023-JD.jpg\"><img loading=\"lazy\" decoding=\"async\" class=\"aligncenter wp-image-8142 size-large\" src=\"https:\/\/ecodef-ihedn.fr\/wp-content\/uploads\/2023\/11\/DSEW-2023-JD-1024x461.jpg\" alt=\"\" width=\"696\" height=\"313\" srcset=\"https:\/\/ecodef-ihedn.fr\/wp-content\/uploads\/2023\/11\/DSEW-2023-JD-1024x461.jpg 1024w, https:\/\/ecodef-ihedn.fr\/wp-content\/uploads\/2023\/11\/DSEW-2023-JD-300x135.jpg 300w, https:\/\/ecodef-ihedn.fr\/wp-content\/uploads\/2023\/11\/DSEW-2023-JD-768x346.jpg 768w, https:\/\/ecodef-ihedn.fr\/wp-content\/uploads\/2023\/11\/DSEW-2023-JD-1536x691.jpg 1536w, https:\/\/ecodef-ihedn.fr\/wp-content\/uploads\/2023\/11\/DSEW-2023-JD-696x313.jpg 696w, https:\/\/ecodef-ihedn.fr\/wp-content\/uploads\/2023\/11\/DSEW-2023-JD-1392x626.jpg 1392w, https:\/\/ecodef-ihedn.fr\/wp-content\/uploads\/2023\/11\/DSEW-2023-JD-1068x481.jpg 1068w, https:\/\/ecodef-ihedn.fr\/wp-content\/uploads\/2023\/11\/DSEW-2023-JD-1920x864.jpg 1920w, https:\/\/ecodef-ihedn.fr\/wp-content\/uploads\/2023\/11\/DSEW-2023-JD-933x420.jpg 933w, https:\/\/ecodef-ihedn.fr\/wp-content\/uploads\/2023\/11\/DSEW-2023-JD-1867x840.jpg 1867w, https:\/\/ecodef-ihedn.fr\/wp-content\/uploads\/2023\/11\/DSEW-2023-JD.jpg 2000w\" sizes=\"auto, (max-width: 696px) 100vw, 696px\" \/><\/a><\/p>\n<ul>\n<li>Thanks to a <strong>original database<\/strong>, This work focuses on <strong>production time for large surface buildings<\/strong> in service in 2022 in 8 European countries (France, United Kingdom, Germany, Italy, Spain, Netherlands, Denmark and Norway).<\/li>\n<li>Le <strong>building production time<\/strong> is a <strong>major capacity indicator<\/strong> in a context of <strong>political will to speed up production<\/strong> (competition between major naval powers, protection of critical infrastructures at sea and under the sea, the fight against maritime piracy, etc.).<\/li>\n<li>Econometric analysis highlights the existence of\u2019<strong>learning effects<\/strong>. Furthermore, considering the\u2019<strong>origin of on-board sub-systems <\/strong>(national production, European or American imports and European cooperation), it can be seen that equipment from European imports reduces production time, an important factor in European industrial strategy. The proportion of US sub-systems, on the other hand, has no effect on production time.<\/li>\n<\/ul>","protected":false},"excerpt":{"rendered":"<p>Josselin Droff et Julien Malizard ont particip\u00e9 au 18th Defence and Security Economics Workshop 2023 (DSEW 2023) Ce s\u00e9minaire annuel offre l\u2019opportunit\u00e9 aux chercheurs en \u00e9conomie, science politique, recherche op\u00e9rationnelle et management de pr\u00e9senter leurs travaux dans le domaine de l\u2019\u00e9conomie de la d\u00e9fense et de la s\u00e9curit\u00e9. Organis\u00e9e les 26 et 27 octobre 2023 [&hellip;]<\/p>\n","protected":false},"author":2,"featured_media":8141,"comment_status":"open","ping_status":"open","sticky":false,"template":"","format":"standard","meta":{"footnotes":""},"categories":[34,356],"tags":[624,41,691,690,47,329,323,486,202,86,181,623,82,591],"class_list":{"0":"post-8139","1":"post","2":"type-post","3":"status-publish","4":"format-standard","5":"has-post-thumbnail","7":"category-activites","8":"category-activites-participation-de-la-chaire-a-un-evenement","9":"tag-canada","10":"tag-conference","11":"tag-defence-and-security-economics-workshop","12":"tag-dsew","13":"tag-economie-de-defense","14":"tag-enjeux-economiques","15":"tag-innovation-de-defense","16":"tag-jade-guiberteau","17":"tag-josselin-droff","18":"tag-julien-malizard","19":"tag-naval-militaire","20":"tag-ottawa","21":"tag-securite","22":"tag-strategie-industrielle"},"yoast_head":"<!-- This site is optimized with the Yoast SEO plugin v27.4 - https:\/\/yoast.com\/product\/yoast-seo-wordpress\/ -->\n<title>DSEW 2023 (Ottawa, Canada) : participation de Josselin Droff et Julien Malizard - Chaire \u00c9conomie de d\u00e9fense - IHEDN<\/title>\n<meta name=\"robots\" content=\"index, follow, max-snippet:-1, max-image-preview:large, max-video-preview:-1\" \/>\n<link rel=\"canonical\" href=\"https:\/\/ecodef-ihedn.fr\/en\/dsew-2023-ottawa-canada-participation-de-josselin-droff-et-julien-malizard\/\" \/>\n<meta property=\"og:locale\" content=\"en_GB\" \/>\n<meta property=\"og:type\" content=\"article\" \/>\n<meta property=\"og:title\" content=\"DSEW 2023 (Ottawa, Canada) : participation de Josselin Droff et Julien Malizard - Chaire \u00c9conomie de d\u00e9fense - IHEDN\" \/>\n<meta property=\"og:description\" content=\"Josselin Droff et Julien Malizard ont particip\u00e9 au 18th Defence and Security Economics Workshop 2023 (DSEW 2023) Ce s\u00e9minaire annuel offre l\u2019opportunit\u00e9 aux chercheurs en \u00e9conomie, science politique, recherche op\u00e9rationnelle et management de pr\u00e9senter leurs travaux dans le domaine de l\u2019\u00e9conomie de la d\u00e9fense et de la s\u00e9curit\u00e9. Organis\u00e9e les 26 et 27 octobre 2023 [&hellip;]\" \/>\n<meta property=\"og:url\" content=\"https:\/\/ecodef-ihedn.fr\/en\/dsew-2023-ottawa-canada-participation-de-josselin-droff-et-julien-malizard\/\" \/>\n<meta property=\"og:site_name\" content=\"Chaire \u00c9conomie de d\u00e9fense - IHEDN\" \/>\n<meta property=\"article:published_time\" content=\"2023-11-08T13:08:23+00:00\" \/>\n<meta property=\"article:modified_time\" content=\"2023-12-21T12:54:49+00:00\" \/>\n<meta property=\"og:image\" content=\"https:\/\/ecodef-ihedn.fr\/wp-content\/uploads\/2023\/11\/DSEW-2023-7-5.png\" \/>\n\t<meta property=\"og:image:width\" content=\"700\" \/>\n\t<meta property=\"og:image:height\" content=\"500\" \/>\n\t<meta property=\"og:image:type\" content=\"image\/png\" \/>\n<meta name=\"author\" content=\"Bertrand Demandre\" \/>\n<meta name=\"twitter:card\" content=\"summary_large_image\" \/>\n<meta name=\"twitter:creator\" content=\"@Chaire_Ecodef\" \/>\n<meta name=\"twitter:site\" content=\"@Chaire_Ecodef\" \/>\n<meta name=\"twitter:label1\" content=\"Written by\" \/>\n\t<meta name=\"twitter:data1\" content=\"Bertrand Demandre\" \/>\n\t<meta name=\"twitter:label2\" content=\"Estimated reading time\" \/>\n\t<meta name=\"twitter:data2\" content=\"3 minutes\" \/>\n<script type=\"application\/ld+json\" class=\"yoast-schema-graph\">{\"@context\":\"https:\\\/\\\/schema.org\",\"@graph\":[{\"@type\":\"Article\",\"@id\":\"https:\\\/\\\/ecodef-ihedn.fr\\\/dsew-2023-ottawa-canada-participation-de-josselin-droff-et-julien-malizard\\\/#article\",\"isPartOf\":{\"@id\":\"https:\\\/\\\/ecodef-ihedn.fr\\\/dsew-2023-ottawa-canada-participation-de-josselin-droff-et-julien-malizard\\\/\"},\"author\":{\"name\":\"Bertrand Demandre\",\"@id\":\"https:\\\/\\\/ecodef-ihedn.fr\\\/#\\\/schema\\\/person\\\/1cdf22d028cebe278126a6e07a884d30\"},\"headline\":\"DSEW 2023 (Ottawa, Canada) : participation de Josselin Droff et Julien Malizard\",\"datePublished\":\"2023-11-08T13:08:23+00:00\",\"dateModified\":\"2023-12-21T12:54:49+00:00\",\"mainEntityOfPage\":{\"@id\":\"https:\\\/\\\/ecodef-ihedn.fr\\\/dsew-2023-ottawa-canada-participation-de-josselin-droff-et-julien-malizard\\\/\"},\"wordCount\":307,\"commentCount\":0,\"publisher\":{\"@id\":\"https:\\\/\\\/ecodef-ihedn.fr\\\/#organization\"},\"image\":{\"@id\":\"https:\\\/\\\/ecodef-ihedn.fr\\\/dsew-2023-ottawa-canada-participation-de-josselin-droff-et-julien-malizard\\\/#primaryimage\"},\"thumbnailUrl\":\"https:\\\/\\\/ecodef-ihedn.fr\\\/wp-content\\\/uploads\\\/2023\\\/11\\\/DSEW-2023-7-5.png\",\"keywords\":[\"Canada\",\"conf\u00e9rence\",\"Defence and Security Economics Workshop\",\"DSEW\",\"\u00e9conomie de d\u00e9fense\",\"enjeux \u00e9conomiques\",\"Innovation de d\u00e9fense\",\"jade guiberteau\",\"Josselin Droff\",\"Julien Malizard\",\"Naval militaire\",\"Ottawa\",\"s\u00e9curit\u00e9\",\"strat\u00e9gie industrielle\"],\"articleSection\":[\"Activit\u00e9s\",\"Activit\u00e9s : participation de la Chaire \u00e0 un \u00e9v\u00e9nement\"],\"inLanguage\":\"en-GB\",\"potentialAction\":[{\"@type\":\"CommentAction\",\"name\":\"Comment\",\"target\":[\"https:\\\/\\\/ecodef-ihedn.fr\\\/dsew-2023-ottawa-canada-participation-de-josselin-droff-et-julien-malizard\\\/#respond\"]}]},{\"@type\":\"WebPage\",\"@id\":\"https:\\\/\\\/ecodef-ihedn.fr\\\/dsew-2023-ottawa-canada-participation-de-josselin-droff-et-julien-malizard\\\/\",\"url\":\"https:\\\/\\\/ecodef-ihedn.fr\\\/dsew-2023-ottawa-canada-participation-de-josselin-droff-et-julien-malizard\\\/\",\"name\":\"DSEW 2023 (Ottawa, Canada) : participation de Josselin Droff et Julien Malizard - Chaire \u00c9conomie de d\u00e9fense - IHEDN\",\"isPartOf\":{\"@id\":\"https:\\\/\\\/ecodef-ihedn.fr\\\/#website\"},\"primaryImageOfPage\":{\"@id\":\"https:\\\/\\\/ecodef-ihedn.fr\\\/dsew-2023-ottawa-canada-participation-de-josselin-droff-et-julien-malizard\\\/#primaryimage\"},\"image\":{\"@id\":\"https:\\\/\\\/ecodef-ihedn.fr\\\/dsew-2023-ottawa-canada-participation-de-josselin-droff-et-julien-malizard\\\/#primaryimage\"},\"thumbnailUrl\":\"https:\\\/\\\/ecodef-ihedn.fr\\\/wp-content\\\/uploads\\\/2023\\\/11\\\/DSEW-2023-7-5.png\",\"datePublished\":\"2023-11-08T13:08:23+00:00\",\"dateModified\":\"2023-12-21T12:54:49+00:00\",\"breadcrumb\":{\"@id\":\"https:\\\/\\\/ecodef-ihedn.fr\\\/dsew-2023-ottawa-canada-participation-de-josselin-droff-et-julien-malizard\\\/#breadcrumb\"},\"inLanguage\":\"en-GB\",\"potentialAction\":[{\"@type\":\"ReadAction\",\"target\":[\"https:\\\/\\\/ecodef-ihedn.fr\\\/dsew-2023-ottawa-canada-participation-de-josselin-droff-et-julien-malizard\\\/\"]}]},{\"@type\":\"ImageObject\",\"inLanguage\":\"en-GB\",\"@id\":\"https:\\\/\\\/ecodef-ihedn.fr\\\/dsew-2023-ottawa-canada-participation-de-josselin-droff-et-julien-malizard\\\/#primaryimage\",\"url\":\"https:\\\/\\\/ecodef-ihedn.fr\\\/wp-content\\\/uploads\\\/2023\\\/11\\\/DSEW-2023-7-5.png\",\"contentUrl\":\"https:\\\/\\\/ecodef-ihedn.fr\\\/wp-content\\\/uploads\\\/2023\\\/11\\\/DSEW-2023-7-5.png\",\"width\":700,\"height\":500},{\"@type\":\"BreadcrumbList\",\"@id\":\"https:\\\/\\\/ecodef-ihedn.fr\\\/dsew-2023-ottawa-canada-participation-de-josselin-droff-et-julien-malizard\\\/#breadcrumb\",\"itemListElement\":[{\"@type\":\"ListItem\",\"position\":1,\"name\":\"Accueil\",\"item\":\"https:\\\/\\\/ecodef-ihedn.fr\\\/\"},{\"@type\":\"ListItem\",\"position\":2,\"name\":\"DSEW 2023 (Ottawa, Canada) : participation de Josselin Droff et Julien Malizard\"}]},{\"@type\":\"WebSite\",\"@id\":\"https:\\\/\\\/ecodef-ihedn.fr\\\/#website\",\"url\":\"https:\\\/\\\/ecodef-ihedn.fr\\\/\",\"name\":\"Chaire \u00c9conomie de D\u00e9fense - IHEDN\",\"description\":\"Produire &amp; soutenir, f\u00e9d\u00e9rer &amp; diffuser, \u00eatre une interface\",\"publisher\":{\"@id\":\"https:\\\/\\\/ecodef-ihedn.fr\\\/#organization\"},\"potentialAction\":[{\"@type\":\"SearchAction\",\"target\":{\"@type\":\"EntryPoint\",\"urlTemplate\":\"https:\\\/\\\/ecodef-ihedn.fr\\\/?s={search_term_string}\"},\"query-input\":{\"@type\":\"PropertyValueSpecification\",\"valueRequired\":true,\"valueName\":\"search_term_string\"}}],\"inLanguage\":\"en-GB\"},{\"@type\":\"Organization\",\"@id\":\"https:\\\/\\\/ecodef-ihedn.fr\\\/#organization\",\"name\":\"Chaire \u00c9conomie de d\u00e9fense - IHEDN\",\"url\":\"https:\\\/\\\/ecodef-ihedn.fr\\\/\",\"logo\":{\"@type\":\"ImageObject\",\"inLanguage\":\"en-GB\",\"@id\":\"https:\\\/\\\/ecodef-ihedn.fr\\\/#\\\/schema\\\/logo\\\/image\\\/\",\"url\":\"https:\\\/\\\/ecodef-ihedn.fr\\\/wp-content\\\/uploads\\\/2020\\\/04\\\/logoEcodef9.jpg\",\"contentUrl\":\"https:\\\/\\\/ecodef-ihedn.fr\\\/wp-content\\\/uploads\\\/2020\\\/04\\\/logoEcodef9.jpg\",\"width\":410,\"height\":212,\"caption\":\"Chaire \u00c9conomie de d\u00e9fense - IHEDN\"},\"image\":{\"@id\":\"https:\\\/\\\/ecodef-ihedn.fr\\\/#\\\/schema\\\/logo\\\/image\\\/\"},\"sameAs\":[\"https:\\\/\\\/x.com\\\/Chaire_Ecodef\",\"https:\\\/\\\/www.linkedin.com\\\/company\\\/chaire-ecodef-ihedn\\\/\"]},{\"@type\":\"Person\",\"@id\":\"https:\\\/\\\/ecodef-ihedn.fr\\\/#\\\/schema\\\/person\\\/1cdf22d028cebe278126a6e07a884d30\",\"name\":\"Bertrand Demandre\",\"image\":{\"@type\":\"ImageObject\",\"inLanguage\":\"en-GB\",\"@id\":\"https:\\\/\\\/secure.gravatar.com\\\/avatar\\\/d9c9746d6c900ab5b9c0f9b1fa3932e369da923da247d624b8f7ab4ba8a3c093?s=96&d=mm&r=g\",\"url\":\"https:\\\/\\\/secure.gravatar.com\\\/avatar\\\/d9c9746d6c900ab5b9c0f9b1fa3932e369da923da247d624b8f7ab4ba8a3c093?s=96&d=mm&r=g\",\"contentUrl\":\"https:\\\/\\\/secure.gravatar.com\\\/avatar\\\/d9c9746d6c900ab5b9c0f9b1fa3932e369da923da247d624b8f7ab4ba8a3c093?s=96&d=mm&r=g\",\"caption\":\"Bertrand Demandre\"},\"url\":\"https:\\\/\\\/ecodef-ihedn.fr\\\/en\\\/author\\\/bertrand\\\/\"}]}<\/script>\n<!-- \/ Yoast SEO plugin. -->","yoast_head_json":{"title":"DSEW 2023 (Ottawa, Canada) : participation de Josselin Droff et Julien Malizard - Chaire \u00c9conomie de d\u00e9fense - IHEDN","robots":{"index":"index","follow":"follow","max-snippet":"max-snippet:-1","max-image-preview":"max-image-preview:large","max-video-preview":"max-video-preview:-1"},"canonical":"https:\/\/ecodef-ihedn.fr\/en\/dsew-2023-ottawa-canada-participation-de-josselin-droff-et-julien-malizard\/","og_locale":"en_GB","og_type":"article","og_title":"DSEW 2023 (Ottawa, Canada) : participation de Josselin Droff et Julien Malizard - Chaire \u00c9conomie de d\u00e9fense - IHEDN","og_description":"Josselin Droff et Julien Malizard ont particip\u00e9 au 18th Defence and Security Economics Workshop 2023 (DSEW 2023) Ce s\u00e9minaire annuel offre l\u2019opportunit\u00e9 aux chercheurs en \u00e9conomie, science politique, recherche op\u00e9rationnelle et management de pr\u00e9senter leurs travaux dans le domaine de l\u2019\u00e9conomie de la d\u00e9fense et de la s\u00e9curit\u00e9. Organis\u00e9e les 26 et 27 octobre 2023 [&hellip;]","og_url":"https:\/\/ecodef-ihedn.fr\/en\/dsew-2023-ottawa-canada-participation-de-josselin-droff-et-julien-malizard\/","og_site_name":"Chaire \u00c9conomie de d\u00e9fense - IHEDN","article_published_time":"2023-11-08T13:08:23+00:00","article_modified_time":"2023-12-21T12:54:49+00:00","og_image":[{"width":700,"height":500,"url":"https:\/\/ecodef-ihedn.fr\/wp-content\/uploads\/2023\/11\/DSEW-2023-7-5.png","type":"image\/png"}],"author":"Bertrand Demandre","twitter_card":"summary_large_image","twitter_creator":"@Chaire_Ecodef","twitter_site":"@Chaire_Ecodef","twitter_misc":{"Written by":"Bertrand Demandre","Estimated reading time":"3 minutes"},"schema":{"@context":"https:\/\/schema.org","@graph":[{"@type":"Article","@id":"https:\/\/ecodef-ihedn.fr\/dsew-2023-ottawa-canada-participation-de-josselin-droff-et-julien-malizard\/#article","isPartOf":{"@id":"https:\/\/ecodef-ihedn.fr\/dsew-2023-ottawa-canada-participation-de-josselin-droff-et-julien-malizard\/"},"author":{"name":"Bertrand Demandre","@id":"https:\/\/ecodef-ihedn.fr\/#\/schema\/person\/1cdf22d028cebe278126a6e07a884d30"},"headline":"DSEW 2023 (Ottawa, Canada) : participation de Josselin Droff et Julien Malizard","datePublished":"2023-11-08T13:08:23+00:00","dateModified":"2023-12-21T12:54:49+00:00","mainEntityOfPage":{"@id":"https:\/\/ecodef-ihedn.fr\/dsew-2023-ottawa-canada-participation-de-josselin-droff-et-julien-malizard\/"},"wordCount":307,"commentCount":0,"publisher":{"@id":"https:\/\/ecodef-ihedn.fr\/#organization"},"image":{"@id":"https:\/\/ecodef-ihedn.fr\/dsew-2023-ottawa-canada-participation-de-josselin-droff-et-julien-malizard\/#primaryimage"},"thumbnailUrl":"https:\/\/ecodef-ihedn.fr\/wp-content\/uploads\/2023\/11\/DSEW-2023-7-5.png","keywords":["Canada","conf\u00e9rence","Defence and Security Economics Workshop","DSEW","\u00e9conomie de d\u00e9fense","enjeux \u00e9conomiques","Innovation de d\u00e9fense","jade guiberteau","Josselin Droff","Julien Malizard","Naval militaire","Ottawa","s\u00e9curit\u00e9","strat\u00e9gie industrielle"],"articleSection":["Activit\u00e9s","Activit\u00e9s : participation de la Chaire \u00e0 un \u00e9v\u00e9nement"],"inLanguage":"en-GB","potentialAction":[{"@type":"CommentAction","name":"Comment","target":["https:\/\/ecodef-ihedn.fr\/dsew-2023-ottawa-canada-participation-de-josselin-droff-et-julien-malizard\/#respond"]}]},{"@type":"WebPage","@id":"https:\/\/ecodef-ihedn.fr\/dsew-2023-ottawa-canada-participation-de-josselin-droff-et-julien-malizard\/","url":"https:\/\/ecodef-ihedn.fr\/dsew-2023-ottawa-canada-participation-de-josselin-droff-et-julien-malizard\/","name":"DSEW 2023 (Ottawa, Canada) : participation de Josselin Droff et Julien Malizard - Chaire \u00c9conomie de d\u00e9fense - IHEDN","isPartOf":{"@id":"https:\/\/ecodef-ihedn.fr\/#website"},"primaryImageOfPage":{"@id":"https:\/\/ecodef-ihedn.fr\/dsew-2023-ottawa-canada-participation-de-josselin-droff-et-julien-malizard\/#primaryimage"},"image":{"@id":"https:\/\/ecodef-ihedn.fr\/dsew-2023-ottawa-canada-participation-de-josselin-droff-et-julien-malizard\/#primaryimage"},"thumbnailUrl":"https:\/\/ecodef-ihedn.fr\/wp-content\/uploads\/2023\/11\/DSEW-2023-7-5.png","datePublished":"2023-11-08T13:08:23+00:00","dateModified":"2023-12-21T12:54:49+00:00","breadcrumb":{"@id":"https:\/\/ecodef-ihedn.fr\/dsew-2023-ottawa-canada-participation-de-josselin-droff-et-julien-malizard\/#breadcrumb"},"inLanguage":"en-GB","potentialAction":[{"@type":"ReadAction","target":["https:\/\/ecodef-ihedn.fr\/dsew-2023-ottawa-canada-participation-de-josselin-droff-et-julien-malizard\/"]}]},{"@type":"ImageObject","inLanguage":"en-GB","@id":"https:\/\/ecodef-ihedn.fr\/dsew-2023-ottawa-canada-participation-de-josselin-droff-et-julien-malizard\/#primaryimage","url":"https:\/\/ecodef-ihedn.fr\/wp-content\/uploads\/2023\/11\/DSEW-2023-7-5.png","contentUrl":"https:\/\/ecodef-ihedn.fr\/wp-content\/uploads\/2023\/11\/DSEW-2023-7-5.png","width":700,"height":500},{"@type":"BreadcrumbList","@id":"https:\/\/ecodef-ihedn.fr\/dsew-2023-ottawa-canada-participation-de-josselin-droff-et-julien-malizard\/#breadcrumb","itemListElement":[{"@type":"ListItem","position":1,"name":"Accueil","item":"https:\/\/ecodef-ihedn.fr\/"},{"@type":"ListItem","position":2,"name":"DSEW 2023 (Ottawa, Canada) : participation de Josselin Droff et Julien Malizard"}]},{"@type":"WebSite","@id":"https:\/\/ecodef-ihedn.fr\/#website","url":"https:\/\/ecodef-ihedn.fr\/","name":"Chair in Defence Economics - IHEDN","description":"Produce &amp; support, federate &amp; disseminate, act as an interface","publisher":{"@id":"https:\/\/ecodef-ihedn.fr\/#organization"},"potentialAction":[{"@type":"SearchAction","target":{"@type":"EntryPoint","urlTemplate":"https:\/\/ecodef-ihedn.fr\/?s={search_term_string}"},"query-input":{"@type":"PropertyValueSpecification","valueRequired":true,"valueName":"search_term_string"}}],"inLanguage":"en-GB"},{"@type":"Organization","@id":"https:\/\/ecodef-ihedn.fr\/#organization","name":"Chair in Defence Economics - IHEDN","url":"https:\/\/ecodef-ihedn.fr\/","logo":{"@type":"ImageObject","inLanguage":"en-GB","@id":"https:\/\/ecodef-ihedn.fr\/#\/schema\/logo\/image\/","url":"https:\/\/ecodef-ihedn.fr\/wp-content\/uploads\/2020\/04\/logoEcodef9.jpg","contentUrl":"https:\/\/ecodef-ihedn.fr\/wp-content\/uploads\/2020\/04\/logoEcodef9.jpg","width":410,"height":212,"caption":"Chaire \u00c9conomie de d\u00e9fense - IHEDN"},"image":{"@id":"https:\/\/ecodef-ihedn.fr\/#\/schema\/logo\/image\/"},"sameAs":["https:\/\/x.com\/Chaire_Ecodef","https:\/\/www.linkedin.com\/company\/chaire-ecodef-ihedn\/"]},{"@type":"Person","@id":"https:\/\/ecodef-ihedn.fr\/#\/schema\/person\/1cdf22d028cebe278126a6e07a884d30","name":"Bertrand Demandre","image":{"@type":"ImageObject","inLanguage":"en-GB","@id":"https:\/\/secure.gravatar.com\/avatar\/d9c9746d6c900ab5b9c0f9b1fa3932e369da923da247d624b8f7ab4ba8a3c093?s=96&d=mm&r=g","url":"https:\/\/secure.gravatar.com\/avatar\/d9c9746d6c900ab5b9c0f9b1fa3932e369da923da247d624b8f7ab4ba8a3c093?s=96&d=mm&r=g","contentUrl":"https:\/\/secure.gravatar.com\/avatar\/d9c9746d6c900ab5b9c0f9b1fa3932e369da923da247d624b8f7ab4ba8a3c093?s=96&d=mm&r=g","caption":"Bertrand Demandre"},"url":"https:\/\/ecodef-ihedn.fr\/en\/author\/bertrand\/"}]}},"_links":{"self":[{"href":"https:\/\/ecodef-ihedn.fr\/en\/wp-json\/wp\/v2\/posts\/8139","targetHints":{"allow":["GET"]}}],"collection":[{"href":"https:\/\/ecodef-ihedn.fr\/en\/wp-json\/wp\/v2\/posts"}],"about":[{"href":"https:\/\/ecodef-ihedn.fr\/en\/wp-json\/wp\/v2\/types\/post"}],"author":[{"embeddable":true,"href":"https:\/\/ecodef-ihedn.fr\/en\/wp-json\/wp\/v2\/users\/2"}],"replies":[{"embeddable":true,"href":"https:\/\/ecodef-ihedn.fr\/en\/wp-json\/wp\/v2\/comments?post=8139"}],"version-history":[{"count":6,"href":"https:\/\/ecodef-ihedn.fr\/en\/wp-json\/wp\/v2\/posts\/8139\/revisions"}],"predecessor-version":[{"id":8237,"href":"https:\/\/ecodef-ihedn.fr\/en\/wp-json\/wp\/v2\/posts\/8139\/revisions\/8237"}],"wp:featuredmedia":[{"embeddable":true,"href":"https:\/\/ecodef-ihedn.fr\/en\/wp-json\/wp\/v2\/media\/8141"}],"wp:attachment":[{"href":"https:\/\/ecodef-ihedn.fr\/en\/wp-json\/wp\/v2\/media?parent=8139"}],"wp:term":[{"taxonomy":"category","embeddable":true,"href":"https:\/\/ecodef-ihedn.fr\/en\/wp-json\/wp\/v2\/categories?post=8139"},{"taxonomy":"post_tag","embeddable":true,"href":"https:\/\/ecodef-ihedn.fr\/en\/wp-json\/wp\/v2\/tags?post=8139"}],"curies":[{"name":"wp","href":"https:\/\/api.w.org\/{rel}","templated":true}]}}