{"id":8182,"date":"2023-11-27T16:21:08","date_gmt":"2023-11-27T16:21:08","guid":{"rendered":"https:\/\/ecodef-ihedn.fr\/?p=8182"},"modified":"2024-03-20T18:42:12","modified_gmt":"2024-03-20T18:42:12","slug":"comment-la-guerre-en-ukraine-redessine-les-flux-du-rearmement-mondial-contribution-de-la-chaire-a-une-enquete-du-monde","status":"publish","type":"post","link":"https:\/\/ecodef-ihedn.fr\/en\/comment-la-guerre-en-ukraine-redessine-les-flux-du-rearmement-mondial-contribution-de-la-chaire-a-une-enquete-du-monde\/","title":{"rendered":"\u00abHow the war in Ukraine is redrawing the flows of global rearmament\u00bb: the Chair's contribution to an investigation by Le Monde"},"content":{"rendered":"<p><a href=\"https:\/\/www.lemonde.fr\/signataires\/cedric-pietralunga\/\" target=\"_blank\" rel=\"noopener\">C\u00e9dric Pietralunga<\/a> and <a href=\"https:\/\/www.lemonde.fr\/signataires\/elise-vincent\/\" target=\"_blank\" rel=\"noopener\">\u00c9lise Vincent<\/a>, a journalist with Le Monde, published a report on 26 November 2023. <a href=\"https:\/\/www.lemonde.fr\/international\/article\/2023\/11\/26\/comment-la-guerre-en-ukraine-redessine-les-flux-du-rearmement-mondial_6202422_3210.html\" target=\"_blank\" rel=\"noopener\">survey<\/a>\u00a0on the <strong>spectacular rise in military spending<\/strong> in the world, and especially in Europe, since the outbreak of the <strong>war in Ukraine<\/strong>.<\/p>\n<p>In particular, they drew on <strong>work carried out by the Chair team<\/strong>, presented by <strong>Jean Belin<\/strong> and <strong>Julien Malizard<\/strong>.<\/p>\n<p>\u00abSince the Cold War, the United States has captured between 35 % and 40 % of the world market, Russia between 20 % and 25 %, and France, which has always been a major exporter to finance the upkeep of its nuclear deterrent, between 5 % and 10 %. Forced to redirect part of its armaments to its own needs, Moscow's market share in 2022 will fall to around 9 %, almost halving its exports in one year\u00bb, summarise Jean Belin and Julien Malizard.<\/p>\n<p>They go on to explain that \u00abThe debt wall is a reality. Today, governments are finding it difficult to finance their defence efforts in the face of the cost of debt, the imperatives of education and health, and the environmental concerns of public opinion\u00bb.<\/p>\n<p>The full article can be viewed on the Le Monde website.<\/p>\n<p style=\"text-align: center;\"><a href=\"https:\/\/www.lemonde.fr\/international\/article\/2023\/11\/26\/comment-la-guerre-en-ukraine-redessine-les-flux-du-rearmement-mondial_6202422_3210.html\" target=\"_blank\" rel=\"noopener\"><span class=\"td_btn td_btn_md td_default_btn\">read the article (subscription required)<\/span><\/a><\/p>\n<p>&nbsp;<\/p>","protected":false},"excerpt":{"rendered":"<p>C\u00e9dric Pietralunga et \u00c9lise Vincent, journaliste au Monde, ont publi\u00e9 le 26 novembre 2023 une enqu\u00eate\u00a0sur la hausse spectaculaire des d\u00e9penses militaires dans le monde et surtout en Europe, depuis le d\u00e9clenchement de la guerre en Ukraine. Ils se sont notamment appuy\u00e9s sur les travaux men\u00e9s par l&rsquo;\u00e9quipe de la Chaire, pr\u00e9sent\u00e9s par Jean Belin [&hellip;]<\/p>\n","protected":false},"author":2,"featured_media":8184,"comment_status":"open","ping_status":"open","sticky":false,"template":"","format":"standard","meta":{"footnotes":""},"categories":[358],"tags":[57,374,694,102,587,47,426,695,696,104,287,86,692,468,693,547,536],"class_list":{"0":"post-8182","1":"post","2":"type-post","3":"status-publish","4":"format-standard","5":"has-post-thumbnail","7":"category-medias","8":"tag-armement","9":"tag-article","10":"tag-cedric-pietralunga","11":"tag-conflit","12":"tag-conflit-de-haute-intensite","13":"tag-economie-de-defense","14":"tag-economie-des-conflits","15":"tag-elise-vincent","16":"tag-enquete","17":"tag-guerre","18":"tag-jean-belin","19":"tag-julien-malizard","20":"tag-le-monde","21":"tag-medias","22":"tag-presse","23":"tag-rearmement","24":"tag-ukraine"},"yoast_head":"<!-- This site is optimized with the Yoast SEO plugin v27.4 - https:\/\/yoast.com\/product\/yoast-seo-wordpress\/ -->\n<title>&quot;Comment la guerre en Ukraine redessine les flux du r\u00e9armement mondial&quot; : contribution de la Chaire \u00e0 une enqu\u00eate du Monde - Chaire \u00c9conomie de d\u00e9fense - IHEDN<\/title>\n<meta name=\"robots\" content=\"index, follow, max-snippet:-1, max-image-preview:large, max-video-preview:-1\" \/>\n<link rel=\"canonical\" href=\"https:\/\/ecodef-ihedn.fr\/en\/comment-la-guerre-en-ukraine-redessine-les-flux-du-rearmement-mondial-contribution-de-la-chaire-a-une-enquete-du-monde\/\" \/>\n<meta property=\"og:locale\" content=\"en_GB\" \/>\n<meta property=\"og:type\" content=\"article\" \/>\n<meta property=\"og:title\" content=\"&quot;Comment la guerre en Ukraine redessine les flux du r\u00e9armement mondial&quot; : contribution de la Chaire \u00e0 une enqu\u00eate du Monde - Chaire \u00c9conomie de d\u00e9fense - IHEDN\" \/>\n<meta property=\"og:description\" content=\"C\u00e9dric Pietralunga et \u00c9lise Vincent, journaliste au Monde, ont publi\u00e9 le 26 novembre 2023 une enqu\u00eate\u00a0sur la hausse spectaculaire des d\u00e9penses militaires dans le monde et surtout en Europe, depuis le d\u00e9clenchement de la guerre en Ukraine. Ils se sont notamment appuy\u00e9s sur les travaux men\u00e9s par l&rsquo;\u00e9quipe de la Chaire, pr\u00e9sent\u00e9s par Jean Belin [&hellip;]\" \/>\n<meta property=\"og:url\" content=\"https:\/\/ecodef-ihedn.fr\/en\/comment-la-guerre-en-ukraine-redessine-les-flux-du-rearmement-mondial-contribution-de-la-chaire-a-une-enquete-du-monde\/\" \/>\n<meta property=\"og:site_name\" content=\"Chaire \u00c9conomie de d\u00e9fense - IHEDN\" \/>\n<meta property=\"article:published_time\" content=\"2023-11-27T16:21:08+00:00\" \/>\n<meta property=\"article:modified_time\" content=\"2024-03-20T18:42:12+00:00\" \/>\n<meta property=\"og:image\" content=\"https:\/\/ecodef-ihedn.fr\/wp-content\/uploads\/2023\/12\/Le-Monde.png\" \/>\n\t<meta property=\"og:image:width\" content=\"700\" \/>\n\t<meta property=\"og:image:height\" content=\"500\" \/>\n\t<meta property=\"og:image:type\" content=\"image\/png\" \/>\n<meta name=\"author\" content=\"Bertrand Demandre\" \/>\n<meta name=\"twitter:card\" content=\"summary_large_image\" \/>\n<meta name=\"twitter:creator\" content=\"@Chaire_Ecodef\" \/>\n<meta name=\"twitter:site\" content=\"@Chaire_Ecodef\" \/>\n<meta name=\"twitter:label1\" content=\"Written by\" \/>\n\t<meta name=\"twitter:data1\" content=\"Bertrand Demandre\" \/>\n\t<meta name=\"twitter:label2\" content=\"Estimated reading time\" \/>\n\t<meta name=\"twitter:data2\" content=\"2 minutes\" \/>\n<script type=\"application\/ld+json\" class=\"yoast-schema-graph\">{\"@context\":\"https:\\\/\\\/schema.org\",\"@graph\":[{\"@type\":\"Article\",\"@id\":\"https:\\\/\\\/ecodef-ihedn.fr\\\/comment-la-guerre-en-ukraine-redessine-les-flux-du-rearmement-mondial-contribution-de-la-chaire-a-une-enquete-du-monde\\\/#article\",\"isPartOf\":{\"@id\":\"https:\\\/\\\/ecodef-ihedn.fr\\\/comment-la-guerre-en-ukraine-redessine-les-flux-du-rearmement-mondial-contribution-de-la-chaire-a-une-enquete-du-monde\\\/\"},\"author\":{\"name\":\"Bertrand Demandre\",\"@id\":\"https:\\\/\\\/ecodef-ihedn.fr\\\/#\\\/schema\\\/person\\\/1cdf22d028cebe278126a6e07a884d30\"},\"headline\":\"\u00ab\u00a0Comment la guerre en Ukraine redessine les flux du r\u00e9armement mondial\u00a0\u00bb : contribution de la Chaire \u00e0 une enqu\u00eate du Monde\",\"datePublished\":\"2023-11-27T16:21:08+00:00\",\"dateModified\":\"2024-03-20T18:42:12+00:00\",\"mainEntityOfPage\":{\"@id\":\"https:\\\/\\\/ecodef-ihedn.fr\\\/comment-la-guerre-en-ukraine-redessine-les-flux-du-rearmement-mondial-contribution-de-la-chaire-a-une-enquete-du-monde\\\/\"},\"wordCount\":238,\"commentCount\":0,\"publisher\":{\"@id\":\"https:\\\/\\\/ecodef-ihedn.fr\\\/#organization\"},\"image\":{\"@id\":\"https:\\\/\\\/ecodef-ihedn.fr\\\/comment-la-guerre-en-ukraine-redessine-les-flux-du-rearmement-mondial-contribution-de-la-chaire-a-une-enquete-du-monde\\\/#primaryimage\"},\"thumbnailUrl\":\"https:\\\/\\\/ecodef-ihedn.fr\\\/wp-content\\\/uploads\\\/2023\\\/12\\\/Le-Monde.png\",\"keywords\":[\"armement\",\"article\",\"C\u00e9dric Pietralunga\",\"conflit\",\"conflit de haute intensit\u00e9\",\"\u00e9conomie de d\u00e9fense\",\"\u00e9conomie des conflits\",\"Elise Vincent\",\"enqu\u00eate\",\"guerre\",\"Jean Belin\",\"Julien Malizard\",\"Le Monde\",\"m\u00e9dias\",\"presse\",\"r\u00e9armement\",\"Ukraine\"],\"articleSection\":[\"M\u00e9dias\"],\"inLanguage\":\"en-GB\",\"potentialAction\":[{\"@type\":\"CommentAction\",\"name\":\"Comment\",\"target\":[\"https:\\\/\\\/ecodef-ihedn.fr\\\/comment-la-guerre-en-ukraine-redessine-les-flux-du-rearmement-mondial-contribution-de-la-chaire-a-une-enquete-du-monde\\\/#respond\"]}]},{\"@type\":\"WebPage\",\"@id\":\"https:\\\/\\\/ecodef-ihedn.fr\\\/comment-la-guerre-en-ukraine-redessine-les-flux-du-rearmement-mondial-contribution-de-la-chaire-a-une-enquete-du-monde\\\/\",\"url\":\"https:\\\/\\\/ecodef-ihedn.fr\\\/comment-la-guerre-en-ukraine-redessine-les-flux-du-rearmement-mondial-contribution-de-la-chaire-a-une-enquete-du-monde\\\/\",\"name\":\"\\\"Comment la guerre en Ukraine redessine les flux du r\u00e9armement mondial\\\" : contribution de la Chaire \u00e0 une enqu\u00eate du Monde - Chaire \u00c9conomie de d\u00e9fense - IHEDN\",\"isPartOf\":{\"@id\":\"https:\\\/\\\/ecodef-ihedn.fr\\\/#website\"},\"primaryImageOfPage\":{\"@id\":\"https:\\\/\\\/ecodef-ihedn.fr\\\/comment-la-guerre-en-ukraine-redessine-les-flux-du-rearmement-mondial-contribution-de-la-chaire-a-une-enquete-du-monde\\\/#primaryimage\"},\"image\":{\"@id\":\"https:\\\/\\\/ecodef-ihedn.fr\\\/comment-la-guerre-en-ukraine-redessine-les-flux-du-rearmement-mondial-contribution-de-la-chaire-a-une-enquete-du-monde\\\/#primaryimage\"},\"thumbnailUrl\":\"https:\\\/\\\/ecodef-ihedn.fr\\\/wp-content\\\/uploads\\\/2023\\\/12\\\/Le-Monde.png\",\"datePublished\":\"2023-11-27T16:21:08+00:00\",\"dateModified\":\"2024-03-20T18:42:12+00:00\",\"breadcrumb\":{\"@id\":\"https:\\\/\\\/ecodef-ihedn.fr\\\/comment-la-guerre-en-ukraine-redessine-les-flux-du-rearmement-mondial-contribution-de-la-chaire-a-une-enquete-du-monde\\\/#breadcrumb\"},\"inLanguage\":\"en-GB\",\"potentialAction\":[{\"@type\":\"ReadAction\",\"target\":[\"https:\\\/\\\/ecodef-ihedn.fr\\\/comment-la-guerre-en-ukraine-redessine-les-flux-du-rearmement-mondial-contribution-de-la-chaire-a-une-enquete-du-monde\\\/\"]}]},{\"@type\":\"ImageObject\",\"inLanguage\":\"en-GB\",\"@id\":\"https:\\\/\\\/ecodef-ihedn.fr\\\/comment-la-guerre-en-ukraine-redessine-les-flux-du-rearmement-mondial-contribution-de-la-chaire-a-une-enquete-du-monde\\\/#primaryimage\",\"url\":\"https:\\\/\\\/ecodef-ihedn.fr\\\/wp-content\\\/uploads\\\/2023\\\/12\\\/Le-Monde.png\",\"contentUrl\":\"https:\\\/\\\/ecodef-ihedn.fr\\\/wp-content\\\/uploads\\\/2023\\\/12\\\/Le-Monde.png\",\"width\":700,\"height\":500},{\"@type\":\"BreadcrumbList\",\"@id\":\"https:\\\/\\\/ecodef-ihedn.fr\\\/comment-la-guerre-en-ukraine-redessine-les-flux-du-rearmement-mondial-contribution-de-la-chaire-a-une-enquete-du-monde\\\/#breadcrumb\",\"itemListElement\":[{\"@type\":\"ListItem\",\"position\":1,\"name\":\"Accueil\",\"item\":\"https:\\\/\\\/ecodef-ihedn.fr\\\/\"},{\"@type\":\"ListItem\",\"position\":2,\"name\":\"&#8220;Comment la guerre en Ukraine redessine les flux du r\u00e9armement mondial&#8221; : contribution de la Chaire \u00e0 une enqu\u00eate du Monde\"}]},{\"@type\":\"WebSite\",\"@id\":\"https:\\\/\\\/ecodef-ihedn.fr\\\/#website\",\"url\":\"https:\\\/\\\/ecodef-ihedn.fr\\\/\",\"name\":\"Chaire \u00c9conomie de D\u00e9fense - IHEDN\",\"description\":\"Produire &amp; soutenir, f\u00e9d\u00e9rer &amp; diffuser, \u00eatre une interface\",\"publisher\":{\"@id\":\"https:\\\/\\\/ecodef-ihedn.fr\\\/#organization\"},\"potentialAction\":[{\"@type\":\"SearchAction\",\"target\":{\"@type\":\"EntryPoint\",\"urlTemplate\":\"https:\\\/\\\/ecodef-ihedn.fr\\\/?s={search_term_string}\"},\"query-input\":{\"@type\":\"PropertyValueSpecification\",\"valueRequired\":true,\"valueName\":\"search_term_string\"}}],\"inLanguage\":\"en-GB\"},{\"@type\":\"Organization\",\"@id\":\"https:\\\/\\\/ecodef-ihedn.fr\\\/#organization\",\"name\":\"Chaire \u00c9conomie de d\u00e9fense - IHEDN\",\"url\":\"https:\\\/\\\/ecodef-ihedn.fr\\\/\",\"logo\":{\"@type\":\"ImageObject\",\"inLanguage\":\"en-GB\",\"@id\":\"https:\\\/\\\/ecodef-ihedn.fr\\\/#\\\/schema\\\/logo\\\/image\\\/\",\"url\":\"https:\\\/\\\/ecodef-ihedn.fr\\\/wp-content\\\/uploads\\\/2020\\\/04\\\/logoEcodef9.jpg\",\"contentUrl\":\"https:\\\/\\\/ecodef-ihedn.fr\\\/wp-content\\\/uploads\\\/2020\\\/04\\\/logoEcodef9.jpg\",\"width\":410,\"height\":212,\"caption\":\"Chaire \u00c9conomie de d\u00e9fense - IHEDN\"},\"image\":{\"@id\":\"https:\\\/\\\/ecodef-ihedn.fr\\\/#\\\/schema\\\/logo\\\/image\\\/\"},\"sameAs\":[\"https:\\\/\\\/x.com\\\/Chaire_Ecodef\",\"https:\\\/\\\/www.linkedin.com\\\/company\\\/chaire-ecodef-ihedn\\\/\"]},{\"@type\":\"Person\",\"@id\":\"https:\\\/\\\/ecodef-ihedn.fr\\\/#\\\/schema\\\/person\\\/1cdf22d028cebe278126a6e07a884d30\",\"name\":\"Bertrand Demandre\",\"image\":{\"@type\":\"ImageObject\",\"inLanguage\":\"en-GB\",\"@id\":\"https:\\\/\\\/secure.gravatar.com\\\/avatar\\\/d9c9746d6c900ab5b9c0f9b1fa3932e369da923da247d624b8f7ab4ba8a3c093?s=96&d=mm&r=g\",\"url\":\"https:\\\/\\\/secure.gravatar.com\\\/avatar\\\/d9c9746d6c900ab5b9c0f9b1fa3932e369da923da247d624b8f7ab4ba8a3c093?s=96&d=mm&r=g\",\"contentUrl\":\"https:\\\/\\\/secure.gravatar.com\\\/avatar\\\/d9c9746d6c900ab5b9c0f9b1fa3932e369da923da247d624b8f7ab4ba8a3c093?s=96&d=mm&r=g\",\"caption\":\"Bertrand Demandre\"},\"url\":\"https:\\\/\\\/ecodef-ihedn.fr\\\/en\\\/author\\\/bertrand\\\/\"}]}<\/script>\n<!-- \/ Yoast SEO plugin. -->","yoast_head_json":{"title":"\"Comment la guerre en Ukraine redessine les flux du r\u00e9armement mondial\" : contribution de la Chaire \u00e0 une enqu\u00eate du Monde - Chaire \u00c9conomie de d\u00e9fense - IHEDN","robots":{"index":"index","follow":"follow","max-snippet":"max-snippet:-1","max-image-preview":"max-image-preview:large","max-video-preview":"max-video-preview:-1"},"canonical":"https:\/\/ecodef-ihedn.fr\/en\/comment-la-guerre-en-ukraine-redessine-les-flux-du-rearmement-mondial-contribution-de-la-chaire-a-une-enquete-du-monde\/","og_locale":"en_GB","og_type":"article","og_title":"\"Comment la guerre en Ukraine redessine les flux du r\u00e9armement mondial\" : contribution de la Chaire \u00e0 une enqu\u00eate du Monde - Chaire \u00c9conomie de d\u00e9fense - IHEDN","og_description":"C\u00e9dric Pietralunga et \u00c9lise Vincent, journaliste au Monde, ont publi\u00e9 le 26 novembre 2023 une enqu\u00eate\u00a0sur la hausse spectaculaire des d\u00e9penses militaires dans le monde et surtout en Europe, depuis le d\u00e9clenchement de la guerre en Ukraine. Ils se sont notamment appuy\u00e9s sur les travaux men\u00e9s par l&rsquo;\u00e9quipe de la Chaire, pr\u00e9sent\u00e9s par Jean Belin [&hellip;]","og_url":"https:\/\/ecodef-ihedn.fr\/en\/comment-la-guerre-en-ukraine-redessine-les-flux-du-rearmement-mondial-contribution-de-la-chaire-a-une-enquete-du-monde\/","og_site_name":"Chaire \u00c9conomie de d\u00e9fense - IHEDN","article_published_time":"2023-11-27T16:21:08+00:00","article_modified_time":"2024-03-20T18:42:12+00:00","og_image":[{"width":700,"height":500,"url":"https:\/\/ecodef-ihedn.fr\/wp-content\/uploads\/2023\/12\/Le-Monde.png","type":"image\/png"}],"author":"Bertrand Demandre","twitter_card":"summary_large_image","twitter_creator":"@Chaire_Ecodef","twitter_site":"@Chaire_Ecodef","twitter_misc":{"Written by":"Bertrand Demandre","Estimated reading time":"2 minutes"},"schema":{"@context":"https:\/\/schema.org","@graph":[{"@type":"Article","@id":"https:\/\/ecodef-ihedn.fr\/comment-la-guerre-en-ukraine-redessine-les-flux-du-rearmement-mondial-contribution-de-la-chaire-a-une-enquete-du-monde\/#article","isPartOf":{"@id":"https:\/\/ecodef-ihedn.fr\/comment-la-guerre-en-ukraine-redessine-les-flux-du-rearmement-mondial-contribution-de-la-chaire-a-une-enquete-du-monde\/"},"author":{"name":"Bertrand Demandre","@id":"https:\/\/ecodef-ihedn.fr\/#\/schema\/person\/1cdf22d028cebe278126a6e07a884d30"},"headline":"\u00ab\u00a0Comment la guerre en Ukraine redessine les flux du r\u00e9armement mondial\u00a0\u00bb : contribution de la Chaire \u00e0 une enqu\u00eate du Monde","datePublished":"2023-11-27T16:21:08+00:00","dateModified":"2024-03-20T18:42:12+00:00","mainEntityOfPage":{"@id":"https:\/\/ecodef-ihedn.fr\/comment-la-guerre-en-ukraine-redessine-les-flux-du-rearmement-mondial-contribution-de-la-chaire-a-une-enquete-du-monde\/"},"wordCount":238,"commentCount":0,"publisher":{"@id":"https:\/\/ecodef-ihedn.fr\/#organization"},"image":{"@id":"https:\/\/ecodef-ihedn.fr\/comment-la-guerre-en-ukraine-redessine-les-flux-du-rearmement-mondial-contribution-de-la-chaire-a-une-enquete-du-monde\/#primaryimage"},"thumbnailUrl":"https:\/\/ecodef-ihedn.fr\/wp-content\/uploads\/2023\/12\/Le-Monde.png","keywords":["armement","article","C\u00e9dric Pietralunga","conflit","conflit de haute intensit\u00e9","\u00e9conomie de d\u00e9fense","\u00e9conomie des conflits","Elise Vincent","enqu\u00eate","guerre","Jean Belin","Julien Malizard","Le Monde","m\u00e9dias","presse","r\u00e9armement","Ukraine"],"articleSection":["M\u00e9dias"],"inLanguage":"en-GB","potentialAction":[{"@type":"CommentAction","name":"Comment","target":["https:\/\/ecodef-ihedn.fr\/comment-la-guerre-en-ukraine-redessine-les-flux-du-rearmement-mondial-contribution-de-la-chaire-a-une-enquete-du-monde\/#respond"]}]},{"@type":"WebPage","@id":"https:\/\/ecodef-ihedn.fr\/comment-la-guerre-en-ukraine-redessine-les-flux-du-rearmement-mondial-contribution-de-la-chaire-a-une-enquete-du-monde\/","url":"https:\/\/ecodef-ihedn.fr\/comment-la-guerre-en-ukraine-redessine-les-flux-du-rearmement-mondial-contribution-de-la-chaire-a-une-enquete-du-monde\/","name":"\"Comment la guerre en Ukraine redessine les flux du r\u00e9armement mondial\" : contribution de la Chaire \u00e0 une enqu\u00eate du Monde - Chaire \u00c9conomie de d\u00e9fense - IHEDN","isPartOf":{"@id":"https:\/\/ecodef-ihedn.fr\/#website"},"primaryImageOfPage":{"@id":"https:\/\/ecodef-ihedn.fr\/comment-la-guerre-en-ukraine-redessine-les-flux-du-rearmement-mondial-contribution-de-la-chaire-a-une-enquete-du-monde\/#primaryimage"},"image":{"@id":"https:\/\/ecodef-ihedn.fr\/comment-la-guerre-en-ukraine-redessine-les-flux-du-rearmement-mondial-contribution-de-la-chaire-a-une-enquete-du-monde\/#primaryimage"},"thumbnailUrl":"https:\/\/ecodef-ihedn.fr\/wp-content\/uploads\/2023\/12\/Le-Monde.png","datePublished":"2023-11-27T16:21:08+00:00","dateModified":"2024-03-20T18:42:12+00:00","breadcrumb":{"@id":"https:\/\/ecodef-ihedn.fr\/comment-la-guerre-en-ukraine-redessine-les-flux-du-rearmement-mondial-contribution-de-la-chaire-a-une-enquete-du-monde\/#breadcrumb"},"inLanguage":"en-GB","potentialAction":[{"@type":"ReadAction","target":["https:\/\/ecodef-ihedn.fr\/comment-la-guerre-en-ukraine-redessine-les-flux-du-rearmement-mondial-contribution-de-la-chaire-a-une-enquete-du-monde\/"]}]},{"@type":"ImageObject","inLanguage":"en-GB","@id":"https:\/\/ecodef-ihedn.fr\/comment-la-guerre-en-ukraine-redessine-les-flux-du-rearmement-mondial-contribution-de-la-chaire-a-une-enquete-du-monde\/#primaryimage","url":"https:\/\/ecodef-ihedn.fr\/wp-content\/uploads\/2023\/12\/Le-Monde.png","contentUrl":"https:\/\/ecodef-ihedn.fr\/wp-content\/uploads\/2023\/12\/Le-Monde.png","width":700,"height":500},{"@type":"BreadcrumbList","@id":"https:\/\/ecodef-ihedn.fr\/comment-la-guerre-en-ukraine-redessine-les-flux-du-rearmement-mondial-contribution-de-la-chaire-a-une-enquete-du-monde\/#breadcrumb","itemListElement":[{"@type":"ListItem","position":1,"name":"Accueil","item":"https:\/\/ecodef-ihedn.fr\/"},{"@type":"ListItem","position":2,"name":"&#8220;Comment la guerre en Ukraine redessine les flux du r\u00e9armement mondial&#8221; : contribution de la Chaire \u00e0 une enqu\u00eate du Monde"}]},{"@type":"WebSite","@id":"https:\/\/ecodef-ihedn.fr\/#website","url":"https:\/\/ecodef-ihedn.fr\/","name":"Chair in Defence Economics - IHEDN","description":"Produce &amp; support, federate &amp; disseminate, act as an interface","publisher":{"@id":"https:\/\/ecodef-ihedn.fr\/#organization"},"potentialAction":[{"@type":"SearchAction","target":{"@type":"EntryPoint","urlTemplate":"https:\/\/ecodef-ihedn.fr\/?s={search_term_string}"},"query-input":{"@type":"PropertyValueSpecification","valueRequired":true,"valueName":"search_term_string"}}],"inLanguage":"en-GB"},{"@type":"Organization","@id":"https:\/\/ecodef-ihedn.fr\/#organization","name":"Chair in Defence Economics - IHEDN","url":"https:\/\/ecodef-ihedn.fr\/","logo":{"@type":"ImageObject","inLanguage":"en-GB","@id":"https:\/\/ecodef-ihedn.fr\/#\/schema\/logo\/image\/","url":"https:\/\/ecodef-ihedn.fr\/wp-content\/uploads\/2020\/04\/logoEcodef9.jpg","contentUrl":"https:\/\/ecodef-ihedn.fr\/wp-content\/uploads\/2020\/04\/logoEcodef9.jpg","width":410,"height":212,"caption":"Chaire \u00c9conomie de d\u00e9fense - IHEDN"},"image":{"@id":"https:\/\/ecodef-ihedn.fr\/#\/schema\/logo\/image\/"},"sameAs":["https:\/\/x.com\/Chaire_Ecodef","https:\/\/www.linkedin.com\/company\/chaire-ecodef-ihedn\/"]},{"@type":"Person","@id":"https:\/\/ecodef-ihedn.fr\/#\/schema\/person\/1cdf22d028cebe278126a6e07a884d30","name":"Bertrand Demandre","image":{"@type":"ImageObject","inLanguage":"en-GB","@id":"https:\/\/secure.gravatar.com\/avatar\/d9c9746d6c900ab5b9c0f9b1fa3932e369da923da247d624b8f7ab4ba8a3c093?s=96&d=mm&r=g","url":"https:\/\/secure.gravatar.com\/avatar\/d9c9746d6c900ab5b9c0f9b1fa3932e369da923da247d624b8f7ab4ba8a3c093?s=96&d=mm&r=g","contentUrl":"https:\/\/secure.gravatar.com\/avatar\/d9c9746d6c900ab5b9c0f9b1fa3932e369da923da247d624b8f7ab4ba8a3c093?s=96&d=mm&r=g","caption":"Bertrand Demandre"},"url":"https:\/\/ecodef-ihedn.fr\/en\/author\/bertrand\/"}]}},"_links":{"self":[{"href":"https:\/\/ecodef-ihedn.fr\/en\/wp-json\/wp\/v2\/posts\/8182","targetHints":{"allow":["GET"]}}],"collection":[{"href":"https:\/\/ecodef-ihedn.fr\/en\/wp-json\/wp\/v2\/posts"}],"about":[{"href":"https:\/\/ecodef-ihedn.fr\/en\/wp-json\/wp\/v2\/types\/post"}],"author":[{"embeddable":true,"href":"https:\/\/ecodef-ihedn.fr\/en\/wp-json\/wp\/v2\/users\/2"}],"replies":[{"embeddable":true,"href":"https:\/\/ecodef-ihedn.fr\/en\/wp-json\/wp\/v2\/comments?post=8182"}],"version-history":[{"count":5,"href":"https:\/\/ecodef-ihedn.fr\/en\/wp-json\/wp\/v2\/posts\/8182\/revisions"}],"predecessor-version":[{"id":8317,"href":"https:\/\/ecodef-ihedn.fr\/en\/wp-json\/wp\/v2\/posts\/8182\/revisions\/8317"}],"wp:featuredmedia":[{"embeddable":true,"href":"https:\/\/ecodef-ihedn.fr\/en\/wp-json\/wp\/v2\/media\/8184"}],"wp:attachment":[{"href":"https:\/\/ecodef-ihedn.fr\/en\/wp-json\/wp\/v2\/media?parent=8182"}],"wp:term":[{"taxonomy":"category","embeddable":true,"href":"https:\/\/ecodef-ihedn.fr\/en\/wp-json\/wp\/v2\/categories?post=8182"},{"taxonomy":"post_tag","embeddable":true,"href":"https:\/\/ecodef-ihedn.fr\/en\/wp-json\/wp\/v2\/tags?post=8182"}],"curies":[{"name":"wp","href":"https:\/\/api.w.org\/{rel}","templated":true}]}}