{"id":8190,"date":"2023-10-29T19:25:32","date_gmt":"2023-10-29T19:25:32","guid":{"rendered":"https:\/\/ecodef-ihedn.fr\/?p=8190"},"modified":"2023-12-20T10:51:23","modified_gmt":"2023-12-20T10:51:23","slug":"academ-la-chaire-membre-fondateur-de-lacademie-de-defense-de-lecole-militaire","status":"publish","type":"post","link":"https:\/\/ecodef-ihedn.fr\/en\/academ-la-chaire-membre-fondateur-de-lacademie-de-defense-de-lecole-militaire\/","title":{"rendered":"ACADEM: the Chair is a founding member of the Defence Academy at the \u00c9cole Militaire"},"content":{"rendered":"<h2>The Defence Academy of the \u00c9cole Militaire (ACADEM) was officially launched on 26 October 2023<\/h2>\n<figure id=\"attachment_8192\" aria-describedby=\"caption-attachment-8192\" style=\"width: 792px\" class=\"wp-caption aligncenter\"><a href=\"https:\/\/ecodef-ihedn.fr\/wp-content\/uploads\/2023\/12\/Discours-fondateur-de-lACADEM-de-Sebastien-Lecornu.jpg\"><img loading=\"lazy\" decoding=\"async\" class=\"size-full wp-image-8192\" src=\"https:\/\/ecodef-ihedn.fr\/wp-content\/uploads\/2023\/12\/Discours-fondateur-de-lACADEM-de-Sebastien-Lecornu.jpg\" alt=\"Discours fondateur de l'ACADEM de S\u00e9bastien Lecornu, ministre des Arm\u00e9es \u00a9 ACADEM\" width=\"792\" height=\"445\" srcset=\"https:\/\/ecodef-ihedn.fr\/wp-content\/uploads\/2023\/12\/Discours-fondateur-de-lACADEM-de-Sebastien-Lecornu.jpg 792w, https:\/\/ecodef-ihedn.fr\/wp-content\/uploads\/2023\/12\/Discours-fondateur-de-lACADEM-de-Sebastien-Lecornu-300x169.jpg 300w, https:\/\/ecodef-ihedn.fr\/wp-content\/uploads\/2023\/12\/Discours-fondateur-de-lACADEM-de-Sebastien-Lecornu-768x432.jpg 768w, https:\/\/ecodef-ihedn.fr\/wp-content\/uploads\/2023\/12\/Discours-fondateur-de-lACADEM-de-Sebastien-Lecornu-696x391.jpg 696w, https:\/\/ecodef-ihedn.fr\/wp-content\/uploads\/2023\/12\/Discours-fondateur-de-lACADEM-de-Sebastien-Lecornu-748x420.jpg 748w\" sizes=\"auto, (max-width: 792px) 100vw, 792px\" \/><\/a><figcaption id=\"caption-attachment-8192\" class=\"wp-caption-text\">Founding speech by S\u00e9bastien Lecornu, Minister for the Armed Forces \u00a9 ACADEM<\/figcaption><\/figure>\n<p><strong>S\u00e9bastien Lecornu, Minister for the Armed Forces<\/strong>, On 26 October 2023, in the Amphith\u00e9\u00e2tre Foch at the \u00c9cole Militaire, the French Defence Minister gave the <strong><a href=\"https:\/\/www.youtube.com\/watch?v=Sk0E3G0i6o4&amp;list=PLkZ9xqja2UKHpXpuhci51yA0OGv1JZDdp&amp;index=2\" target=\"_blank\" rel=\"noopener\">founding speech<\/a>\u00a0<\/strong>of the\u2019<a href=\"https:\/\/www.defense.gouv.fr\/academ\" target=\"_blank\" rel=\"noopener\"><strong>Defence Academy of the \u00c9cole Militaire (ACADEM)<\/strong><\/a>.<\/p>\n<p>More than 800 people attended the event, including civil and military authorities, elected representatives and representatives from the academic world. This inaugural day provided an opportunity to detail the objectives of the ACADEM, and to organise its activities. <strong>first major event<\/strong>.<\/p>\n<figure id=\"attachment_8193\" aria-describedby=\"caption-attachment-8193\" style=\"width: 996px\" class=\"wp-caption aligncenter\"><a href=\"https:\/\/ecodef-ihedn.fr\/wp-content\/uploads\/2023\/12\/Discours-douverture-du-general-Benoit-Durieux-S.jpg\"><img loading=\"lazy\" decoding=\"async\" class=\"size-full wp-image-8193\" src=\"https:\/\/ecodef-ihedn.fr\/wp-content\/uploads\/2023\/12\/Discours-douverture-du-general-Benoit-Durieux-S.jpg\" alt=\"Discours d'ouverture du g\u00e9n\u00e9ral de corps d'arm\u00e9e Beno\u00eet Durieux, pr\u00e9sident de l'ACADEM \u00a9 ACADEM\" width=\"996\" height=\"560\" srcset=\"https:\/\/ecodef-ihedn.fr\/wp-content\/uploads\/2023\/12\/Discours-douverture-du-general-Benoit-Durieux-S.jpg 996w, https:\/\/ecodef-ihedn.fr\/wp-content\/uploads\/2023\/12\/Discours-douverture-du-general-Benoit-Durieux-S-300x169.jpg 300w, https:\/\/ecodef-ihedn.fr\/wp-content\/uploads\/2023\/12\/Discours-douverture-du-general-Benoit-Durieux-S-768x432.jpg 768w, https:\/\/ecodef-ihedn.fr\/wp-content\/uploads\/2023\/12\/Discours-douverture-du-general-Benoit-Durieux-S-696x391.jpg 696w, https:\/\/ecodef-ihedn.fr\/wp-content\/uploads\/2023\/12\/Discours-douverture-du-general-Benoit-Durieux-S-747x420.jpg 747w\" sizes=\"auto, (max-width: 996px) 100vw, 996px\" \/><\/a><figcaption id=\"caption-attachment-8193\" class=\"wp-caption-text\">Opening speech by Lieutenant General Beno\u00eet Durieux, Chairman of ACADEM \u00a9 ACADEM<\/figcaption><\/figure>\n<p>This audience was previously welcomed by the <strong>Lieutenant General Beno\u00eet Durieux<\/strong>, Director of the IHEDN and Higher Military Education, who took up his post at the same time. <strong>Chairman of ACADEM<\/strong>. He began his <strong><a href=\"https:\/\/www.youtube.com\/watch?v=91L8rzBGQok&amp;list=PLkZ9xqja2UKHpXpuhci51yA0OGv1JZDdp\" target=\"_blank\" rel=\"noopener\">opening speech<\/a> <\/strong>citing <strong>Napoleon Bonaparte<\/strong>, trained at the \u00c9cole Militaire in 1784: \u00ab\u00a0<strong><em>Do you know what I admire most in the world? It's the powerlessness of force to organise anything. There are only two powers in the world, the sword and the mind. In the long run, the sword is always beaten by the mind.<\/em><\/strong> \u00bb<\/p>\n<div class=\"fr-richtext fr-container\">\n<h2>Why ACADEM?<\/h2>\n<p>The rapid changes in the geopolitical context, the changing forms of conflict and the transformation of societies call for a new approach. <strong>greater openness in strategic thinking<\/strong>. The creation of the ACADEM responds to this need.<\/p>\n<p><strong>The Chair is one of around twenty research, higher education and teaching bodies<\/strong> that the \u00c9cole Militaire brings together in the fields of defence and national security. This constitutes <strong>a unique ensemble in Europe<\/strong>. ACADEM's aim is to make it a more integrated platform for exchange, open to all those interested in strategy or war studies, and a \"forum for the exchange of ideas\".\u00a0<strong>an international think-tank<\/strong>.<\/p>\n<\/div>\n<div class=\"fr-richtext fr-container\">\n<h2>ACADEM: for whom?<\/h2>\n<p>As a meeting place for researchers and decision-makers, a conference centre and an interface with French and international players, ACADEM's aim is to become a key player in the field of research and education.\u00a0<strong>partnering with universities and think tanks to support research<\/strong>.<\/p>\n<p style=\"text-align: center;\"><a href=\"https:\/\/www.youtube.com\/watch?v=2ZA2Q9uv2l4&amp;t=1s\" target=\"_blank\" rel=\"noopener\"><span class=\"td_btn td_btn_md td_round_btn\">presentation of the ACADEM (video)<\/span><\/a><\/p>\n<p style=\"text-align: center;\"><a href=\"https:\/\/www.youtube.com\/watch?v=91L8rzBGQok&amp;list=PLkZ9xqja2UKHpXpuhci51yA0OGv1JZDdp\" target=\"_blank\" rel=\"noopener\"><span class=\"td_btn td_btn_md td_round_btn\">opening speech - GCA Benoit Durieux (video)<\/span><\/a><\/p>\n<p style=\"text-align: center;\"><a href=\"https:\/\/www.youtube.com\/watch?v=Sk0E3G0i6o4&amp;list=PLkZ9xqja2UKHpXpuhci51yA0OGv1JZDdp&amp;index=2\" target=\"_blank\" rel=\"noopener\"><span class=\"td_btn td_btn_md td_round_btn\">founding speech - S\u00e9bastien Lecornu (video)<\/span><\/a><\/p>\n<p>&nbsp;<\/p>\n<\/div>","protected":false},"excerpt":{"rendered":"<p>L&rsquo;Acad\u00e9mie de d\u00e9fense de l&rsquo;\u00c9cole militaire (ACADEM) a \u00e9t\u00e9 officiellement lanc\u00e9e le 26 octobre 2023 S\u00e9bastien Lecornu, ministre des arm\u00e9es, a prononc\u00e9 le 26 octobre 2023 en amphith\u00e9\u00e2tre Foch de l&rsquo;\u00c9cole militaire, le discours fondateur\u00a0de l\u2019Acad\u00e9mie de d\u00e9fense de l\u2019\u00c9cole militaire (ACADEM). Plus de 800 personnes \u00e9taient r\u00e9unies \u00e0 cette occasion : autorit\u00e9s civiles, militaires, [&hellip;]<\/p>\n","protected":false},"author":2,"featured_media":8196,"comment_status":"open","ping_status":"open","sticky":false,"template":"","format":"standard","meta":{"footnotes":""},"categories":[34,356],"tags":[615,616,103,701,700,697,698,44,699],"class_list":{"0":"post-8190","1":"post","2":"type-post","3":"status-publish","4":"format-standard","5":"has-post-thumbnail","7":"category-activites","8":"category-activites-participation-de-la-chaire-a-un-evenement","9":"tag-academ","10":"tag-benoit-durieux","11":"tag-ecole-militaire","12":"tag-inauguration","13":"tag-lancement","14":"tag-napoleon","15":"tag-napoleon-bonaparte","16":"tag-recherche-strategique","17":"tag-sebastien-lecornu"},"yoast_head":"<!-- This site is optimized with the Yoast SEO plugin v27.4 - https:\/\/yoast.com\/product\/yoast-seo-wordpress\/ -->\n<title>ACADEM : la Chaire, membre fondateur de l&#039;Acad\u00e9mie de d\u00e9fense de l&#039;\u00c9cole militaire - Chaire \u00c9conomie de d\u00e9fense - IHEDN<\/title>\n<meta name=\"robots\" content=\"index, follow, max-snippet:-1, max-image-preview:large, max-video-preview:-1\" \/>\n<link rel=\"canonical\" href=\"https:\/\/ecodef-ihedn.fr\/en\/academ-la-chaire-membre-fondateur-de-lacademie-de-defense-de-lecole-militaire\/\" \/>\n<meta property=\"og:locale\" content=\"en_GB\" \/>\n<meta property=\"og:type\" content=\"article\" \/>\n<meta property=\"og:title\" content=\"ACADEM : la Chaire, membre fondateur de l&#039;Acad\u00e9mie de d\u00e9fense de l&#039;\u00c9cole militaire - Chaire \u00c9conomie de d\u00e9fense - IHEDN\" \/>\n<meta property=\"og:description\" content=\"L&rsquo;Acad\u00e9mie de d\u00e9fense de l&rsquo;\u00c9cole militaire (ACADEM) a \u00e9t\u00e9 officiellement lanc\u00e9e le 26 octobre 2023 S\u00e9bastien Lecornu, ministre des arm\u00e9es, a prononc\u00e9 le 26 octobre 2023 en amphith\u00e9\u00e2tre Foch de l&rsquo;\u00c9cole militaire, le discours fondateur\u00a0de l\u2019Acad\u00e9mie de d\u00e9fense de l\u2019\u00c9cole militaire (ACADEM). Plus de 800 personnes \u00e9taient r\u00e9unies \u00e0 cette occasion : autorit\u00e9s civiles, militaires, [&hellip;]\" \/>\n<meta property=\"og:url\" content=\"https:\/\/ecodef-ihedn.fr\/en\/academ-la-chaire-membre-fondateur-de-lacademie-de-defense-de-lecole-militaire\/\" \/>\n<meta property=\"og:site_name\" content=\"Chaire \u00c9conomie de d\u00e9fense - IHEDN\" \/>\n<meta property=\"article:published_time\" content=\"2023-10-29T19:25:32+00:00\" \/>\n<meta property=\"article:modified_time\" content=\"2023-12-20T10:51:23+00:00\" \/>\n<meta property=\"og:image\" content=\"https:\/\/ecodef-ihedn.fr\/wp-content\/uploads\/2023\/12\/ACADEM-lancement.png\" \/>\n\t<meta property=\"og:image:width\" content=\"700\" \/>\n\t<meta property=\"og:image:height\" content=\"500\" \/>\n\t<meta property=\"og:image:type\" content=\"image\/png\" \/>\n<meta name=\"author\" content=\"Bertrand Demandre\" \/>\n<meta name=\"twitter:card\" content=\"summary_large_image\" \/>\n<meta name=\"twitter:creator\" content=\"@Chaire_Ecodef\" \/>\n<meta name=\"twitter:site\" content=\"@Chaire_Ecodef\" \/>\n<meta name=\"twitter:label1\" content=\"Written by\" \/>\n\t<meta name=\"twitter:data1\" content=\"Bertrand Demandre\" \/>\n\t<meta name=\"twitter:label2\" content=\"Estimated reading time\" \/>\n\t<meta name=\"twitter:data2\" content=\"3 minutes\" \/>\n<script type=\"application\/ld+json\" class=\"yoast-schema-graph\">{\"@context\":\"https:\\\/\\\/schema.org\",\"@graph\":[{\"@type\":\"Article\",\"@id\":\"https:\\\/\\\/ecodef-ihedn.fr\\\/academ-la-chaire-membre-fondateur-de-lacademie-de-defense-de-lecole-militaire\\\/#article\",\"isPartOf\":{\"@id\":\"https:\\\/\\\/ecodef-ihedn.fr\\\/academ-la-chaire-membre-fondateur-de-lacademie-de-defense-de-lecole-militaire\\\/\"},\"author\":{\"name\":\"Bertrand Demandre\",\"@id\":\"https:\\\/\\\/ecodef-ihedn.fr\\\/#\\\/schema\\\/person\\\/1cdf22d028cebe278126a6e07a884d30\"},\"headline\":\"ACADEM : la Chaire, membre fondateur de l&rsquo;Acad\u00e9mie de d\u00e9fense de l&rsquo;\u00c9cole militaire\",\"datePublished\":\"2023-10-29T19:25:32+00:00\",\"dateModified\":\"2023-12-20T10:51:23+00:00\",\"mainEntityOfPage\":{\"@id\":\"https:\\\/\\\/ecodef-ihedn.fr\\\/academ-la-chaire-membre-fondateur-de-lacademie-de-defense-de-lecole-militaire\\\/\"},\"wordCount\":475,\"commentCount\":0,\"publisher\":{\"@id\":\"https:\\\/\\\/ecodef-ihedn.fr\\\/#organization\"},\"image\":{\"@id\":\"https:\\\/\\\/ecodef-ihedn.fr\\\/academ-la-chaire-membre-fondateur-de-lacademie-de-defense-de-lecole-militaire\\\/#primaryimage\"},\"thumbnailUrl\":\"https:\\\/\\\/ecodef-ihedn.fr\\\/wp-content\\\/uploads\\\/2023\\\/12\\\/ACADEM-lancement.png\",\"keywords\":[\"ACADEM\",\"Beno\u00eet Durieux\",\"Ecole Militaire\",\"inauguration\",\"lancement\",\"Napol\u00e9on\",\"Napol\u00e9on Bonaparte\",\"recherche strat\u00e9gique\",\"S\u00e9bastien Lecornu\"],\"articleSection\":[\"Activit\u00e9s\",\"Activit\u00e9s : participation de la Chaire \u00e0 un \u00e9v\u00e9nement\"],\"inLanguage\":\"en-GB\",\"potentialAction\":[{\"@type\":\"CommentAction\",\"name\":\"Comment\",\"target\":[\"https:\\\/\\\/ecodef-ihedn.fr\\\/academ-la-chaire-membre-fondateur-de-lacademie-de-defense-de-lecole-militaire\\\/#respond\"]}]},{\"@type\":\"WebPage\",\"@id\":\"https:\\\/\\\/ecodef-ihedn.fr\\\/academ-la-chaire-membre-fondateur-de-lacademie-de-defense-de-lecole-militaire\\\/\",\"url\":\"https:\\\/\\\/ecodef-ihedn.fr\\\/academ-la-chaire-membre-fondateur-de-lacademie-de-defense-de-lecole-militaire\\\/\",\"name\":\"ACADEM : la Chaire, membre fondateur de l'Acad\u00e9mie de d\u00e9fense de l'\u00c9cole militaire - Chaire \u00c9conomie de d\u00e9fense - IHEDN\",\"isPartOf\":{\"@id\":\"https:\\\/\\\/ecodef-ihedn.fr\\\/#website\"},\"primaryImageOfPage\":{\"@id\":\"https:\\\/\\\/ecodef-ihedn.fr\\\/academ-la-chaire-membre-fondateur-de-lacademie-de-defense-de-lecole-militaire\\\/#primaryimage\"},\"image\":{\"@id\":\"https:\\\/\\\/ecodef-ihedn.fr\\\/academ-la-chaire-membre-fondateur-de-lacademie-de-defense-de-lecole-militaire\\\/#primaryimage\"},\"thumbnailUrl\":\"https:\\\/\\\/ecodef-ihedn.fr\\\/wp-content\\\/uploads\\\/2023\\\/12\\\/ACADEM-lancement.png\",\"datePublished\":\"2023-10-29T19:25:32+00:00\",\"dateModified\":\"2023-12-20T10:51:23+00:00\",\"breadcrumb\":{\"@id\":\"https:\\\/\\\/ecodef-ihedn.fr\\\/academ-la-chaire-membre-fondateur-de-lacademie-de-defense-de-lecole-militaire\\\/#breadcrumb\"},\"inLanguage\":\"en-GB\",\"potentialAction\":[{\"@type\":\"ReadAction\",\"target\":[\"https:\\\/\\\/ecodef-ihedn.fr\\\/academ-la-chaire-membre-fondateur-de-lacademie-de-defense-de-lecole-militaire\\\/\"]}]},{\"@type\":\"ImageObject\",\"inLanguage\":\"en-GB\",\"@id\":\"https:\\\/\\\/ecodef-ihedn.fr\\\/academ-la-chaire-membre-fondateur-de-lacademie-de-defense-de-lecole-militaire\\\/#primaryimage\",\"url\":\"https:\\\/\\\/ecodef-ihedn.fr\\\/wp-content\\\/uploads\\\/2023\\\/12\\\/ACADEM-lancement.png\",\"contentUrl\":\"https:\\\/\\\/ecodef-ihedn.fr\\\/wp-content\\\/uploads\\\/2023\\\/12\\\/ACADEM-lancement.png\",\"width\":700,\"height\":500},{\"@type\":\"BreadcrumbList\",\"@id\":\"https:\\\/\\\/ecodef-ihedn.fr\\\/academ-la-chaire-membre-fondateur-de-lacademie-de-defense-de-lecole-militaire\\\/#breadcrumb\",\"itemListElement\":[{\"@type\":\"ListItem\",\"position\":1,\"name\":\"Accueil\",\"item\":\"https:\\\/\\\/ecodef-ihedn.fr\\\/\"},{\"@type\":\"ListItem\",\"position\":2,\"name\":\"ACADEM : la Chaire, membre fondateur de l&#8217;Acad\u00e9mie de d\u00e9fense de l&#8217;\u00c9cole militaire\"}]},{\"@type\":\"WebSite\",\"@id\":\"https:\\\/\\\/ecodef-ihedn.fr\\\/#website\",\"url\":\"https:\\\/\\\/ecodef-ihedn.fr\\\/\",\"name\":\"Chaire \u00c9conomie de D\u00e9fense - IHEDN\",\"description\":\"Produire &amp; soutenir, f\u00e9d\u00e9rer &amp; diffuser, \u00eatre une interface\",\"publisher\":{\"@id\":\"https:\\\/\\\/ecodef-ihedn.fr\\\/#organization\"},\"potentialAction\":[{\"@type\":\"SearchAction\",\"target\":{\"@type\":\"EntryPoint\",\"urlTemplate\":\"https:\\\/\\\/ecodef-ihedn.fr\\\/?s={search_term_string}\"},\"query-input\":{\"@type\":\"PropertyValueSpecification\",\"valueRequired\":true,\"valueName\":\"search_term_string\"}}],\"inLanguage\":\"en-GB\"},{\"@type\":\"Organization\",\"@id\":\"https:\\\/\\\/ecodef-ihedn.fr\\\/#organization\",\"name\":\"Chaire \u00c9conomie de d\u00e9fense - IHEDN\",\"url\":\"https:\\\/\\\/ecodef-ihedn.fr\\\/\",\"logo\":{\"@type\":\"ImageObject\",\"inLanguage\":\"en-GB\",\"@id\":\"https:\\\/\\\/ecodef-ihedn.fr\\\/#\\\/schema\\\/logo\\\/image\\\/\",\"url\":\"https:\\\/\\\/ecodef-ihedn.fr\\\/wp-content\\\/uploads\\\/2020\\\/04\\\/logoEcodef9.jpg\",\"contentUrl\":\"https:\\\/\\\/ecodef-ihedn.fr\\\/wp-content\\\/uploads\\\/2020\\\/04\\\/logoEcodef9.jpg\",\"width\":410,\"height\":212,\"caption\":\"Chaire \u00c9conomie de d\u00e9fense - IHEDN\"},\"image\":{\"@id\":\"https:\\\/\\\/ecodef-ihedn.fr\\\/#\\\/schema\\\/logo\\\/image\\\/\"},\"sameAs\":[\"https:\\\/\\\/x.com\\\/Chaire_Ecodef\",\"https:\\\/\\\/www.linkedin.com\\\/company\\\/chaire-ecodef-ihedn\\\/\"]},{\"@type\":\"Person\",\"@id\":\"https:\\\/\\\/ecodef-ihedn.fr\\\/#\\\/schema\\\/person\\\/1cdf22d028cebe278126a6e07a884d30\",\"name\":\"Bertrand Demandre\",\"image\":{\"@type\":\"ImageObject\",\"inLanguage\":\"en-GB\",\"@id\":\"https:\\\/\\\/secure.gravatar.com\\\/avatar\\\/d9c9746d6c900ab5b9c0f9b1fa3932e369da923da247d624b8f7ab4ba8a3c093?s=96&d=mm&r=g\",\"url\":\"https:\\\/\\\/secure.gravatar.com\\\/avatar\\\/d9c9746d6c900ab5b9c0f9b1fa3932e369da923da247d624b8f7ab4ba8a3c093?s=96&d=mm&r=g\",\"contentUrl\":\"https:\\\/\\\/secure.gravatar.com\\\/avatar\\\/d9c9746d6c900ab5b9c0f9b1fa3932e369da923da247d624b8f7ab4ba8a3c093?s=96&d=mm&r=g\",\"caption\":\"Bertrand Demandre\"},\"url\":\"https:\\\/\\\/ecodef-ihedn.fr\\\/en\\\/author\\\/bertrand\\\/\"}]}<\/script>\n<!-- \/ Yoast SEO plugin. -->","yoast_head_json":{"title":"ACADEM : la Chaire, membre fondateur de l'Acad\u00e9mie de d\u00e9fense de l'\u00c9cole militaire - Chaire \u00c9conomie de d\u00e9fense - IHEDN","robots":{"index":"index","follow":"follow","max-snippet":"max-snippet:-1","max-image-preview":"max-image-preview:large","max-video-preview":"max-video-preview:-1"},"canonical":"https:\/\/ecodef-ihedn.fr\/en\/academ-la-chaire-membre-fondateur-de-lacademie-de-defense-de-lecole-militaire\/","og_locale":"en_GB","og_type":"article","og_title":"ACADEM : la Chaire, membre fondateur de l'Acad\u00e9mie de d\u00e9fense de l'\u00c9cole militaire - Chaire \u00c9conomie de d\u00e9fense - IHEDN","og_description":"L&rsquo;Acad\u00e9mie de d\u00e9fense de l&rsquo;\u00c9cole militaire (ACADEM) a \u00e9t\u00e9 officiellement lanc\u00e9e le 26 octobre 2023 S\u00e9bastien Lecornu, ministre des arm\u00e9es, a prononc\u00e9 le 26 octobre 2023 en amphith\u00e9\u00e2tre Foch de l&rsquo;\u00c9cole militaire, le discours fondateur\u00a0de l\u2019Acad\u00e9mie de d\u00e9fense de l\u2019\u00c9cole militaire (ACADEM). Plus de 800 personnes \u00e9taient r\u00e9unies \u00e0 cette occasion : autorit\u00e9s civiles, militaires, [&hellip;]","og_url":"https:\/\/ecodef-ihedn.fr\/en\/academ-la-chaire-membre-fondateur-de-lacademie-de-defense-de-lecole-militaire\/","og_site_name":"Chaire \u00c9conomie de d\u00e9fense - IHEDN","article_published_time":"2023-10-29T19:25:32+00:00","article_modified_time":"2023-12-20T10:51:23+00:00","og_image":[{"width":700,"height":500,"url":"https:\/\/ecodef-ihedn.fr\/wp-content\/uploads\/2023\/12\/ACADEM-lancement.png","type":"image\/png"}],"author":"Bertrand Demandre","twitter_card":"summary_large_image","twitter_creator":"@Chaire_Ecodef","twitter_site":"@Chaire_Ecodef","twitter_misc":{"Written by":"Bertrand Demandre","Estimated reading time":"3 minutes"},"schema":{"@context":"https:\/\/schema.org","@graph":[{"@type":"Article","@id":"https:\/\/ecodef-ihedn.fr\/academ-la-chaire-membre-fondateur-de-lacademie-de-defense-de-lecole-militaire\/#article","isPartOf":{"@id":"https:\/\/ecodef-ihedn.fr\/academ-la-chaire-membre-fondateur-de-lacademie-de-defense-de-lecole-militaire\/"},"author":{"name":"Bertrand Demandre","@id":"https:\/\/ecodef-ihedn.fr\/#\/schema\/person\/1cdf22d028cebe278126a6e07a884d30"},"headline":"ACADEM : la Chaire, membre fondateur de l&rsquo;Acad\u00e9mie de d\u00e9fense de l&rsquo;\u00c9cole militaire","datePublished":"2023-10-29T19:25:32+00:00","dateModified":"2023-12-20T10:51:23+00:00","mainEntityOfPage":{"@id":"https:\/\/ecodef-ihedn.fr\/academ-la-chaire-membre-fondateur-de-lacademie-de-defense-de-lecole-militaire\/"},"wordCount":475,"commentCount":0,"publisher":{"@id":"https:\/\/ecodef-ihedn.fr\/#organization"},"image":{"@id":"https:\/\/ecodef-ihedn.fr\/academ-la-chaire-membre-fondateur-de-lacademie-de-defense-de-lecole-militaire\/#primaryimage"},"thumbnailUrl":"https:\/\/ecodef-ihedn.fr\/wp-content\/uploads\/2023\/12\/ACADEM-lancement.png","keywords":["ACADEM","Beno\u00eet Durieux","Ecole Militaire","inauguration","lancement","Napol\u00e9on","Napol\u00e9on Bonaparte","recherche strat\u00e9gique","S\u00e9bastien Lecornu"],"articleSection":["Activit\u00e9s","Activit\u00e9s : participation de la Chaire \u00e0 un \u00e9v\u00e9nement"],"inLanguage":"en-GB","potentialAction":[{"@type":"CommentAction","name":"Comment","target":["https:\/\/ecodef-ihedn.fr\/academ-la-chaire-membre-fondateur-de-lacademie-de-defense-de-lecole-militaire\/#respond"]}]},{"@type":"WebPage","@id":"https:\/\/ecodef-ihedn.fr\/academ-la-chaire-membre-fondateur-de-lacademie-de-defense-de-lecole-militaire\/","url":"https:\/\/ecodef-ihedn.fr\/academ-la-chaire-membre-fondateur-de-lacademie-de-defense-de-lecole-militaire\/","name":"ACADEM : la Chaire, membre fondateur de l'Acad\u00e9mie de d\u00e9fense de l'\u00c9cole militaire - Chaire \u00c9conomie de d\u00e9fense - IHEDN","isPartOf":{"@id":"https:\/\/ecodef-ihedn.fr\/#website"},"primaryImageOfPage":{"@id":"https:\/\/ecodef-ihedn.fr\/academ-la-chaire-membre-fondateur-de-lacademie-de-defense-de-lecole-militaire\/#primaryimage"},"image":{"@id":"https:\/\/ecodef-ihedn.fr\/academ-la-chaire-membre-fondateur-de-lacademie-de-defense-de-lecole-militaire\/#primaryimage"},"thumbnailUrl":"https:\/\/ecodef-ihedn.fr\/wp-content\/uploads\/2023\/12\/ACADEM-lancement.png","datePublished":"2023-10-29T19:25:32+00:00","dateModified":"2023-12-20T10:51:23+00:00","breadcrumb":{"@id":"https:\/\/ecodef-ihedn.fr\/academ-la-chaire-membre-fondateur-de-lacademie-de-defense-de-lecole-militaire\/#breadcrumb"},"inLanguage":"en-GB","potentialAction":[{"@type":"ReadAction","target":["https:\/\/ecodef-ihedn.fr\/academ-la-chaire-membre-fondateur-de-lacademie-de-defense-de-lecole-militaire\/"]}]},{"@type":"ImageObject","inLanguage":"en-GB","@id":"https:\/\/ecodef-ihedn.fr\/academ-la-chaire-membre-fondateur-de-lacademie-de-defense-de-lecole-militaire\/#primaryimage","url":"https:\/\/ecodef-ihedn.fr\/wp-content\/uploads\/2023\/12\/ACADEM-lancement.png","contentUrl":"https:\/\/ecodef-ihedn.fr\/wp-content\/uploads\/2023\/12\/ACADEM-lancement.png","width":700,"height":500},{"@type":"BreadcrumbList","@id":"https:\/\/ecodef-ihedn.fr\/academ-la-chaire-membre-fondateur-de-lacademie-de-defense-de-lecole-militaire\/#breadcrumb","itemListElement":[{"@type":"ListItem","position":1,"name":"Accueil","item":"https:\/\/ecodef-ihedn.fr\/"},{"@type":"ListItem","position":2,"name":"ACADEM : la Chaire, membre fondateur de l&#8217;Acad\u00e9mie de d\u00e9fense de l&#8217;\u00c9cole militaire"}]},{"@type":"WebSite","@id":"https:\/\/ecodef-ihedn.fr\/#website","url":"https:\/\/ecodef-ihedn.fr\/","name":"Chair in Defence Economics - IHEDN","description":"Produce &amp; support, federate &amp; disseminate, act as an interface","publisher":{"@id":"https:\/\/ecodef-ihedn.fr\/#organization"},"potentialAction":[{"@type":"SearchAction","target":{"@type":"EntryPoint","urlTemplate":"https:\/\/ecodef-ihedn.fr\/?s={search_term_string}"},"query-input":{"@type":"PropertyValueSpecification","valueRequired":true,"valueName":"search_term_string"}}],"inLanguage":"en-GB"},{"@type":"Organization","@id":"https:\/\/ecodef-ihedn.fr\/#organization","name":"Chair in Defence Economics - IHEDN","url":"https:\/\/ecodef-ihedn.fr\/","logo":{"@type":"ImageObject","inLanguage":"en-GB","@id":"https:\/\/ecodef-ihedn.fr\/#\/schema\/logo\/image\/","url":"https:\/\/ecodef-ihedn.fr\/wp-content\/uploads\/2020\/04\/logoEcodef9.jpg","contentUrl":"https:\/\/ecodef-ihedn.fr\/wp-content\/uploads\/2020\/04\/logoEcodef9.jpg","width":410,"height":212,"caption":"Chaire \u00c9conomie de d\u00e9fense - IHEDN"},"image":{"@id":"https:\/\/ecodef-ihedn.fr\/#\/schema\/logo\/image\/"},"sameAs":["https:\/\/x.com\/Chaire_Ecodef","https:\/\/www.linkedin.com\/company\/chaire-ecodef-ihedn\/"]},{"@type":"Person","@id":"https:\/\/ecodef-ihedn.fr\/#\/schema\/person\/1cdf22d028cebe278126a6e07a884d30","name":"Bertrand Demandre","image":{"@type":"ImageObject","inLanguage":"en-GB","@id":"https:\/\/secure.gravatar.com\/avatar\/d9c9746d6c900ab5b9c0f9b1fa3932e369da923da247d624b8f7ab4ba8a3c093?s=96&d=mm&r=g","url":"https:\/\/secure.gravatar.com\/avatar\/d9c9746d6c900ab5b9c0f9b1fa3932e369da923da247d624b8f7ab4ba8a3c093?s=96&d=mm&r=g","contentUrl":"https:\/\/secure.gravatar.com\/avatar\/d9c9746d6c900ab5b9c0f9b1fa3932e369da923da247d624b8f7ab4ba8a3c093?s=96&d=mm&r=g","caption":"Bertrand Demandre"},"url":"https:\/\/ecodef-ihedn.fr\/en\/author\/bertrand\/"}]}},"_links":{"self":[{"href":"https:\/\/ecodef-ihedn.fr\/en\/wp-json\/wp\/v2\/posts\/8190","targetHints":{"allow":["GET"]}}],"collection":[{"href":"https:\/\/ecodef-ihedn.fr\/en\/wp-json\/wp\/v2\/posts"}],"about":[{"href":"https:\/\/ecodef-ihedn.fr\/en\/wp-json\/wp\/v2\/types\/post"}],"author":[{"embeddable":true,"href":"https:\/\/ecodef-ihedn.fr\/en\/wp-json\/wp\/v2\/users\/2"}],"replies":[{"embeddable":true,"href":"https:\/\/ecodef-ihedn.fr\/en\/wp-json\/wp\/v2\/comments?post=8190"}],"version-history":[{"count":11,"href":"https:\/\/ecodef-ihedn.fr\/en\/wp-json\/wp\/v2\/posts\/8190\/revisions"}],"predecessor-version":[{"id":8198,"href":"https:\/\/ecodef-ihedn.fr\/en\/wp-json\/wp\/v2\/posts\/8190\/revisions\/8198"}],"wp:featuredmedia":[{"embeddable":true,"href":"https:\/\/ecodef-ihedn.fr\/en\/wp-json\/wp\/v2\/media\/8196"}],"wp:attachment":[{"href":"https:\/\/ecodef-ihedn.fr\/en\/wp-json\/wp\/v2\/media?parent=8190"}],"wp:term":[{"taxonomy":"category","embeddable":true,"href":"https:\/\/ecodef-ihedn.fr\/en\/wp-json\/wp\/v2\/categories?post=8190"},{"taxonomy":"post_tag","embeddable":true,"href":"https:\/\/ecodef-ihedn.fr\/en\/wp-json\/wp\/v2\/tags?post=8190"}],"curies":[{"name":"wp","href":"https:\/\/api.w.org\/{rel}","templated":true}]}}