{"id":8200,"date":"2023-12-08T13:05:52","date_gmt":"2023-12-08T13:05:52","guid":{"rendered":"https:\/\/ecodef-ihedn.fr\/?p=8200"},"modified":"2023-12-20T10:03:37","modified_gmt":"2023-12-20T10:03:37","slug":"adn-2024-contribution-de-la-chaire-sur-le-theme-des-exportations-darmement","status":"publish","type":"post","link":"https:\/\/ecodef-ihedn.fr\/en\/adn-2024-contribution-de-la-chaire-sur-le-theme-des-exportations-darmement\/","title":{"rendered":"ADN 2024: the Chair's contribution on the theme of arms exports"},"content":{"rendered":"<div class=\"elementor-element elementor-element-37d2ebc elementor-widget__width-initial elementor-widget elementor-widget-text-editor\" data-id=\"37d2ebc\" data-element_type=\"widget\" data-widget_type=\"text-editor.default\">\n<div class=\"elementor-widget-container\">\n<h3>Julien Malizard, Josselin Droff and Jade Guiberteau contributed to the first edition of the Year of National Defence (ADN), published in November 2023 by Documentation fran\u00e7aise.<\/h3>\n<p><a href=\"https:\/\/ecodef-ihedn.fr\/wp-content\/uploads\/2023\/12\/adn-2024.jpg\" target=\"_blank\" rel=\"noopener\"><img loading=\"lazy\" decoding=\"async\" class=\"aligncenter wp-image-8202 size-full\" src=\"https:\/\/ecodef-ihedn.fr\/wp-content\/uploads\/2023\/12\/adn-2024.jpg\" alt=\"\" width=\"333\" height=\"500\" srcset=\"https:\/\/ecodef-ihedn.fr\/wp-content\/uploads\/2023\/12\/adn-2024.jpg 333w, https:\/\/ecodef-ihedn.fr\/wp-content\/uploads\/2023\/12\/adn-2024-200x300.jpg 200w, https:\/\/ecodef-ihedn.fr\/wp-content\/uploads\/2023\/12\/adn-2024-280x420.jpg 280w\" sizes=\"auto, (max-width: 333px) 100vw, 333px\" \/><\/a><\/p>\n<p>The resurgence of high-intensity warfare in Europe and the weakening of both Western economies and democracies have brought defence concerns back to the fore.<\/p>\n<p>This annual publication, which is destined to become a<strong> reference on defence and security issues<\/strong>, provides a perspective on the major events of the day, both nationally and internationally, based on analyses by leading specialists in the fields covered.<\/p>\n<\/div>\n<\/div>\n<div class=\"elementor-element elementor-element-7f83902 elementor-widget elementor-widget-text-editor\" data-id=\"7f83902\" data-element_type=\"widget\" data-widget_type=\"text-editor.default\">\n<div class=\"elementor-widget-container\">\n<p>Each contribution proposes :<\/p>\n<ul>\n<li>\n<p class=\"xmsolistparagraph\">Setting the scene<\/p>\n<\/li>\n<li>\n<p class=\"xmsolistparagraph\">An analysis<\/p>\n<\/li>\n<li>\n<p class=\"xmsolistparagraph\">Looking ahead<\/p>\n<\/li>\n<li>\n<p class=\"xmsolistparagraph\">A reference document (extract from a founding speech, map, etc.)<\/p>\n<\/li>\n<\/ul>\n<p><strong>Julien Malizard<\/strong>, <strong>Josselin Droff<\/strong> and <strong>Jade Guiberteau<\/strong> publish a <strong>analysis of the report to parliament 2022 on French arms exports<\/strong>.<\/p>\n<p>This collective article is structured around two main points.<\/p>\n<ul>\n<li>The first is to present all the indicators used to measure arms exports in the report to Parliament: licences granted, orders taken and deliveries. Each indicator has its advantages and disadvantages, so a cross-referenced approach is useful.<\/li>\n<li>The second point is an analysis of recent trends: arms exports depend on major contracts (e.g. Rafale or submarines) and are mainly concentrated in a few countries in the Middle East (around 40 %) and Asia (close to 25 %).<\/li>\n<\/ul>\n<p style=\"text-align: center;\"><a href=\"https:\/\/www.vie-publique.fr\/catalogue\/291624-adn-2024\" target=\"_blank\" rel=\"noopener\"><span class=\"td_btn td_btn_md td_round_btn\">obtain the 2024 DNA<\/span><\/a><\/p>\n<\/div>\n<\/div>","protected":false},"excerpt":{"rendered":"<p>Julien Malizard, Josselin Droff et Jade Guiberteau ont contribu\u00e9 \u00e0 la premi\u00e8re \u00e9dition de l&rsquo;Ann\u00e9e de la D\u00e9fense Nationale (ADN), parue en novembre 2023 \u00e0 la Documentation fran\u00e7aise La r\u00e9surgence de la guerre de haute intensit\u00e9 en Europe et la fragilisation tant des \u00e9conomies que des d\u00e9mocraties occidentales ont remis au premier plan les pr\u00e9occupations [&hellip;]<\/p>\n","protected":false},"author":2,"featured_media":8201,"comment_status":"open","ping_status":"open","sticky":false,"template":"","format":"standard","meta":{"footnotes":""},"categories":[350,584],"tags":[702,703,479,38,486,202,86,704],"class_list":{"0":"post-8200","1":"post","2":"type-post","3":"status-publish","4":"format-standard","5":"has-post-thumbnail","7":"category-publications","8":"category-thematique-6-enjeux-strategiques","9":"tag-adn","10":"tag-annee-de-la-defense-nationale","11":"tag-exportations-darmement","12":"tag-ihedn","13":"tag-jade-guiberteau","14":"tag-josselin-droff","15":"tag-julien-malizard","16":"tag-rapport-au-parlement-2022"},"yoast_head":"<!-- This site is optimized with the Yoast SEO plugin v27.4 - https:\/\/yoast.com\/product\/yoast-seo-wordpress\/ -->\n<title>ADN 2024 : contribution de la Chaire sur le th\u00e8me des exportations d&#039;armement - Chaire \u00c9conomie de d\u00e9fense - IHEDN<\/title>\n<meta name=\"robots\" content=\"index, follow, max-snippet:-1, max-image-preview:large, max-video-preview:-1\" \/>\n<link rel=\"canonical\" href=\"https:\/\/ecodef-ihedn.fr\/en\/adn-2024-contribution-de-la-chaire-sur-le-theme-des-exportations-darmement\/\" \/>\n<meta property=\"og:locale\" content=\"en_GB\" \/>\n<meta property=\"og:type\" content=\"article\" \/>\n<meta property=\"og:title\" content=\"ADN 2024 : contribution de la Chaire sur le th\u00e8me des exportations d&#039;armement - Chaire \u00c9conomie de d\u00e9fense - IHEDN\" \/>\n<meta property=\"og:description\" content=\"Julien Malizard, Josselin Droff et Jade Guiberteau ont contribu\u00e9 \u00e0 la premi\u00e8re \u00e9dition de l&rsquo;Ann\u00e9e de la D\u00e9fense Nationale (ADN), parue en novembre 2023 \u00e0 la Documentation fran\u00e7aise La r\u00e9surgence de la guerre de haute intensit\u00e9 en Europe et la fragilisation tant des \u00e9conomies que des d\u00e9mocraties occidentales ont remis au premier plan les pr\u00e9occupations [&hellip;]\" \/>\n<meta property=\"og:url\" content=\"https:\/\/ecodef-ihedn.fr\/en\/adn-2024-contribution-de-la-chaire-sur-le-theme-des-exportations-darmement\/\" \/>\n<meta property=\"og:site_name\" content=\"Chaire \u00c9conomie de d\u00e9fense - IHEDN\" \/>\n<meta property=\"article:published_time\" content=\"2023-12-08T13:05:52+00:00\" \/>\n<meta property=\"article:modified_time\" content=\"2023-12-20T10:03:37+00:00\" \/>\n<meta property=\"og:image\" content=\"https:\/\/ecodef-ihedn.fr\/wp-content\/uploads\/2023\/12\/ADN-2024-7-5.png\" \/>\n\t<meta property=\"og:image:width\" content=\"700\" \/>\n\t<meta property=\"og:image:height\" content=\"500\" \/>\n\t<meta property=\"og:image:type\" content=\"image\/png\" \/>\n<meta name=\"author\" content=\"Bertrand Demandre\" \/>\n<meta name=\"twitter:card\" content=\"summary_large_image\" \/>\n<meta name=\"twitter:creator\" content=\"@Chaire_Ecodef\" \/>\n<meta name=\"twitter:site\" content=\"@Chaire_Ecodef\" \/>\n<meta name=\"twitter:label1\" content=\"Written by\" \/>\n\t<meta name=\"twitter:data1\" content=\"Bertrand Demandre\" \/>\n\t<meta name=\"twitter:label2\" content=\"Estimated reading time\" \/>\n\t<meta name=\"twitter:data2\" content=\"2 minutes\" \/>\n<script type=\"application\/ld+json\" class=\"yoast-schema-graph\">{\"@context\":\"https:\\\/\\\/schema.org\",\"@graph\":[{\"@type\":\"Article\",\"@id\":\"https:\\\/\\\/ecodef-ihedn.fr\\\/adn-2024-contribution-de-la-chaire-sur-le-theme-des-exportations-darmement\\\/#article\",\"isPartOf\":{\"@id\":\"https:\\\/\\\/ecodef-ihedn.fr\\\/adn-2024-contribution-de-la-chaire-sur-le-theme-des-exportations-darmement\\\/\"},\"author\":{\"name\":\"Bertrand Demandre\",\"@id\":\"https:\\\/\\\/ecodef-ihedn.fr\\\/#\\\/schema\\\/person\\\/1cdf22d028cebe278126a6e07a884d30\"},\"headline\":\"ADN 2024 : contribution de la Chaire sur le th\u00e8me des exportations d&rsquo;armement\",\"datePublished\":\"2023-12-08T13:05:52+00:00\",\"dateModified\":\"2023-12-20T10:03:37+00:00\",\"mainEntityOfPage\":{\"@id\":\"https:\\\/\\\/ecodef-ihedn.fr\\\/adn-2024-contribution-de-la-chaire-sur-le-theme-des-exportations-darmement\\\/\"},\"wordCount\":284,\"commentCount\":0,\"publisher\":{\"@id\":\"https:\\\/\\\/ecodef-ihedn.fr\\\/#organization\"},\"image\":{\"@id\":\"https:\\\/\\\/ecodef-ihedn.fr\\\/adn-2024-contribution-de-la-chaire-sur-le-theme-des-exportations-darmement\\\/#primaryimage\"},\"thumbnailUrl\":\"https:\\\/\\\/ecodef-ihedn.fr\\\/wp-content\\\/uploads\\\/2023\\\/12\\\/ADN-2024-7-5.png\",\"keywords\":[\"ADN\",\"Ann\u00e9e de la d\u00e9fense nationale\",\"exportations d&#039;armement\",\"IHEDN\",\"jade guiberteau\",\"Josselin Droff\",\"Julien Malizard\",\"rapport au parlement 2022\"],\"articleSection\":[\"Publications\",\"Th\u00e9matique 6 : enjeux strat\u00e9giques\"],\"inLanguage\":\"en-GB\",\"potentialAction\":[{\"@type\":\"CommentAction\",\"name\":\"Comment\",\"target\":[\"https:\\\/\\\/ecodef-ihedn.fr\\\/adn-2024-contribution-de-la-chaire-sur-le-theme-des-exportations-darmement\\\/#respond\"]}]},{\"@type\":\"WebPage\",\"@id\":\"https:\\\/\\\/ecodef-ihedn.fr\\\/adn-2024-contribution-de-la-chaire-sur-le-theme-des-exportations-darmement\\\/\",\"url\":\"https:\\\/\\\/ecodef-ihedn.fr\\\/adn-2024-contribution-de-la-chaire-sur-le-theme-des-exportations-darmement\\\/\",\"name\":\"ADN 2024 : contribution de la Chaire sur le th\u00e8me des exportations d'armement - Chaire \u00c9conomie de d\u00e9fense - IHEDN\",\"isPartOf\":{\"@id\":\"https:\\\/\\\/ecodef-ihedn.fr\\\/#website\"},\"primaryImageOfPage\":{\"@id\":\"https:\\\/\\\/ecodef-ihedn.fr\\\/adn-2024-contribution-de-la-chaire-sur-le-theme-des-exportations-darmement\\\/#primaryimage\"},\"image\":{\"@id\":\"https:\\\/\\\/ecodef-ihedn.fr\\\/adn-2024-contribution-de-la-chaire-sur-le-theme-des-exportations-darmement\\\/#primaryimage\"},\"thumbnailUrl\":\"https:\\\/\\\/ecodef-ihedn.fr\\\/wp-content\\\/uploads\\\/2023\\\/12\\\/ADN-2024-7-5.png\",\"datePublished\":\"2023-12-08T13:05:52+00:00\",\"dateModified\":\"2023-12-20T10:03:37+00:00\",\"breadcrumb\":{\"@id\":\"https:\\\/\\\/ecodef-ihedn.fr\\\/adn-2024-contribution-de-la-chaire-sur-le-theme-des-exportations-darmement\\\/#breadcrumb\"},\"inLanguage\":\"en-GB\",\"potentialAction\":[{\"@type\":\"ReadAction\",\"target\":[\"https:\\\/\\\/ecodef-ihedn.fr\\\/adn-2024-contribution-de-la-chaire-sur-le-theme-des-exportations-darmement\\\/\"]}]},{\"@type\":\"ImageObject\",\"inLanguage\":\"en-GB\",\"@id\":\"https:\\\/\\\/ecodef-ihedn.fr\\\/adn-2024-contribution-de-la-chaire-sur-le-theme-des-exportations-darmement\\\/#primaryimage\",\"url\":\"https:\\\/\\\/ecodef-ihedn.fr\\\/wp-content\\\/uploads\\\/2023\\\/12\\\/ADN-2024-7-5.png\",\"contentUrl\":\"https:\\\/\\\/ecodef-ihedn.fr\\\/wp-content\\\/uploads\\\/2023\\\/12\\\/ADN-2024-7-5.png\",\"width\":700,\"height\":500},{\"@type\":\"BreadcrumbList\",\"@id\":\"https:\\\/\\\/ecodef-ihedn.fr\\\/adn-2024-contribution-de-la-chaire-sur-le-theme-des-exportations-darmement\\\/#breadcrumb\",\"itemListElement\":[{\"@type\":\"ListItem\",\"position\":1,\"name\":\"Accueil\",\"item\":\"https:\\\/\\\/ecodef-ihedn.fr\\\/\"},{\"@type\":\"ListItem\",\"position\":2,\"name\":\"ADN 2024 : contribution de la Chaire sur le th\u00e8me des exportations d&#8217;armement\"}]},{\"@type\":\"WebSite\",\"@id\":\"https:\\\/\\\/ecodef-ihedn.fr\\\/#website\",\"url\":\"https:\\\/\\\/ecodef-ihedn.fr\\\/\",\"name\":\"Chaire \u00c9conomie de D\u00e9fense - IHEDN\",\"description\":\"Produire &amp; soutenir, f\u00e9d\u00e9rer &amp; diffuser, \u00eatre une interface\",\"publisher\":{\"@id\":\"https:\\\/\\\/ecodef-ihedn.fr\\\/#organization\"},\"potentialAction\":[{\"@type\":\"SearchAction\",\"target\":{\"@type\":\"EntryPoint\",\"urlTemplate\":\"https:\\\/\\\/ecodef-ihedn.fr\\\/?s={search_term_string}\"},\"query-input\":{\"@type\":\"PropertyValueSpecification\",\"valueRequired\":true,\"valueName\":\"search_term_string\"}}],\"inLanguage\":\"en-GB\"},{\"@type\":\"Organization\",\"@id\":\"https:\\\/\\\/ecodef-ihedn.fr\\\/#organization\",\"name\":\"Chaire \u00c9conomie de d\u00e9fense - IHEDN\",\"url\":\"https:\\\/\\\/ecodef-ihedn.fr\\\/\",\"logo\":{\"@type\":\"ImageObject\",\"inLanguage\":\"en-GB\",\"@id\":\"https:\\\/\\\/ecodef-ihedn.fr\\\/#\\\/schema\\\/logo\\\/image\\\/\",\"url\":\"https:\\\/\\\/ecodef-ihedn.fr\\\/wp-content\\\/uploads\\\/2020\\\/04\\\/logoEcodef9.jpg\",\"contentUrl\":\"https:\\\/\\\/ecodef-ihedn.fr\\\/wp-content\\\/uploads\\\/2020\\\/04\\\/logoEcodef9.jpg\",\"width\":410,\"height\":212,\"caption\":\"Chaire \u00c9conomie de d\u00e9fense - IHEDN\"},\"image\":{\"@id\":\"https:\\\/\\\/ecodef-ihedn.fr\\\/#\\\/schema\\\/logo\\\/image\\\/\"},\"sameAs\":[\"https:\\\/\\\/x.com\\\/Chaire_Ecodef\",\"https:\\\/\\\/www.linkedin.com\\\/company\\\/chaire-ecodef-ihedn\\\/\"]},{\"@type\":\"Person\",\"@id\":\"https:\\\/\\\/ecodef-ihedn.fr\\\/#\\\/schema\\\/person\\\/1cdf22d028cebe278126a6e07a884d30\",\"name\":\"Bertrand Demandre\",\"image\":{\"@type\":\"ImageObject\",\"inLanguage\":\"en-GB\",\"@id\":\"https:\\\/\\\/secure.gravatar.com\\\/avatar\\\/d9c9746d6c900ab5b9c0f9b1fa3932e369da923da247d624b8f7ab4ba8a3c093?s=96&d=mm&r=g\",\"url\":\"https:\\\/\\\/secure.gravatar.com\\\/avatar\\\/d9c9746d6c900ab5b9c0f9b1fa3932e369da923da247d624b8f7ab4ba8a3c093?s=96&d=mm&r=g\",\"contentUrl\":\"https:\\\/\\\/secure.gravatar.com\\\/avatar\\\/d9c9746d6c900ab5b9c0f9b1fa3932e369da923da247d624b8f7ab4ba8a3c093?s=96&d=mm&r=g\",\"caption\":\"Bertrand Demandre\"},\"url\":\"https:\\\/\\\/ecodef-ihedn.fr\\\/en\\\/author\\\/bertrand\\\/\"}]}<\/script>\n<!-- \/ Yoast SEO plugin. -->","yoast_head_json":{"title":"ADN 2024 : contribution de la Chaire sur le th\u00e8me des exportations d'armement - Chaire \u00c9conomie de d\u00e9fense - IHEDN","robots":{"index":"index","follow":"follow","max-snippet":"max-snippet:-1","max-image-preview":"max-image-preview:large","max-video-preview":"max-video-preview:-1"},"canonical":"https:\/\/ecodef-ihedn.fr\/en\/adn-2024-contribution-de-la-chaire-sur-le-theme-des-exportations-darmement\/","og_locale":"en_GB","og_type":"article","og_title":"ADN 2024 : contribution de la Chaire sur le th\u00e8me des exportations d'armement - Chaire \u00c9conomie de d\u00e9fense - IHEDN","og_description":"Julien Malizard, Josselin Droff et Jade Guiberteau ont contribu\u00e9 \u00e0 la premi\u00e8re \u00e9dition de l&rsquo;Ann\u00e9e de la D\u00e9fense Nationale (ADN), parue en novembre 2023 \u00e0 la Documentation fran\u00e7aise La r\u00e9surgence de la guerre de haute intensit\u00e9 en Europe et la fragilisation tant des \u00e9conomies que des d\u00e9mocraties occidentales ont remis au premier plan les pr\u00e9occupations [&hellip;]","og_url":"https:\/\/ecodef-ihedn.fr\/en\/adn-2024-contribution-de-la-chaire-sur-le-theme-des-exportations-darmement\/","og_site_name":"Chaire \u00c9conomie de d\u00e9fense - IHEDN","article_published_time":"2023-12-08T13:05:52+00:00","article_modified_time":"2023-12-20T10:03:37+00:00","og_image":[{"width":700,"height":500,"url":"https:\/\/ecodef-ihedn.fr\/wp-content\/uploads\/2023\/12\/ADN-2024-7-5.png","type":"image\/png"}],"author":"Bertrand Demandre","twitter_card":"summary_large_image","twitter_creator":"@Chaire_Ecodef","twitter_site":"@Chaire_Ecodef","twitter_misc":{"Written by":"Bertrand Demandre","Estimated reading time":"2 minutes"},"schema":{"@context":"https:\/\/schema.org","@graph":[{"@type":"Article","@id":"https:\/\/ecodef-ihedn.fr\/adn-2024-contribution-de-la-chaire-sur-le-theme-des-exportations-darmement\/#article","isPartOf":{"@id":"https:\/\/ecodef-ihedn.fr\/adn-2024-contribution-de-la-chaire-sur-le-theme-des-exportations-darmement\/"},"author":{"name":"Bertrand Demandre","@id":"https:\/\/ecodef-ihedn.fr\/#\/schema\/person\/1cdf22d028cebe278126a6e07a884d30"},"headline":"ADN 2024 : contribution de la Chaire sur le th\u00e8me des exportations d&rsquo;armement","datePublished":"2023-12-08T13:05:52+00:00","dateModified":"2023-12-20T10:03:37+00:00","mainEntityOfPage":{"@id":"https:\/\/ecodef-ihedn.fr\/adn-2024-contribution-de-la-chaire-sur-le-theme-des-exportations-darmement\/"},"wordCount":284,"commentCount":0,"publisher":{"@id":"https:\/\/ecodef-ihedn.fr\/#organization"},"image":{"@id":"https:\/\/ecodef-ihedn.fr\/adn-2024-contribution-de-la-chaire-sur-le-theme-des-exportations-darmement\/#primaryimage"},"thumbnailUrl":"https:\/\/ecodef-ihedn.fr\/wp-content\/uploads\/2023\/12\/ADN-2024-7-5.png","keywords":["ADN","Ann\u00e9e de la d\u00e9fense nationale","exportations d&#039;armement","IHEDN","jade guiberteau","Josselin Droff","Julien Malizard","rapport au parlement 2022"],"articleSection":["Publications","Th\u00e9matique 6 : enjeux strat\u00e9giques"],"inLanguage":"en-GB","potentialAction":[{"@type":"CommentAction","name":"Comment","target":["https:\/\/ecodef-ihedn.fr\/adn-2024-contribution-de-la-chaire-sur-le-theme-des-exportations-darmement\/#respond"]}]},{"@type":"WebPage","@id":"https:\/\/ecodef-ihedn.fr\/adn-2024-contribution-de-la-chaire-sur-le-theme-des-exportations-darmement\/","url":"https:\/\/ecodef-ihedn.fr\/adn-2024-contribution-de-la-chaire-sur-le-theme-des-exportations-darmement\/","name":"ADN 2024 : contribution de la Chaire sur le th\u00e8me des exportations d'armement - Chaire \u00c9conomie de d\u00e9fense - IHEDN","isPartOf":{"@id":"https:\/\/ecodef-ihedn.fr\/#website"},"primaryImageOfPage":{"@id":"https:\/\/ecodef-ihedn.fr\/adn-2024-contribution-de-la-chaire-sur-le-theme-des-exportations-darmement\/#primaryimage"},"image":{"@id":"https:\/\/ecodef-ihedn.fr\/adn-2024-contribution-de-la-chaire-sur-le-theme-des-exportations-darmement\/#primaryimage"},"thumbnailUrl":"https:\/\/ecodef-ihedn.fr\/wp-content\/uploads\/2023\/12\/ADN-2024-7-5.png","datePublished":"2023-12-08T13:05:52+00:00","dateModified":"2023-12-20T10:03:37+00:00","breadcrumb":{"@id":"https:\/\/ecodef-ihedn.fr\/adn-2024-contribution-de-la-chaire-sur-le-theme-des-exportations-darmement\/#breadcrumb"},"inLanguage":"en-GB","potentialAction":[{"@type":"ReadAction","target":["https:\/\/ecodef-ihedn.fr\/adn-2024-contribution-de-la-chaire-sur-le-theme-des-exportations-darmement\/"]}]},{"@type":"ImageObject","inLanguage":"en-GB","@id":"https:\/\/ecodef-ihedn.fr\/adn-2024-contribution-de-la-chaire-sur-le-theme-des-exportations-darmement\/#primaryimage","url":"https:\/\/ecodef-ihedn.fr\/wp-content\/uploads\/2023\/12\/ADN-2024-7-5.png","contentUrl":"https:\/\/ecodef-ihedn.fr\/wp-content\/uploads\/2023\/12\/ADN-2024-7-5.png","width":700,"height":500},{"@type":"BreadcrumbList","@id":"https:\/\/ecodef-ihedn.fr\/adn-2024-contribution-de-la-chaire-sur-le-theme-des-exportations-darmement\/#breadcrumb","itemListElement":[{"@type":"ListItem","position":1,"name":"Accueil","item":"https:\/\/ecodef-ihedn.fr\/"},{"@type":"ListItem","position":2,"name":"ADN 2024 : contribution de la Chaire sur le th\u00e8me des exportations d&#8217;armement"}]},{"@type":"WebSite","@id":"https:\/\/ecodef-ihedn.fr\/#website","url":"https:\/\/ecodef-ihedn.fr\/","name":"Chair in Defence Economics - IHEDN","description":"Produce &amp; support, federate &amp; disseminate, act as an interface","publisher":{"@id":"https:\/\/ecodef-ihedn.fr\/#organization"},"potentialAction":[{"@type":"SearchAction","target":{"@type":"EntryPoint","urlTemplate":"https:\/\/ecodef-ihedn.fr\/?s={search_term_string}"},"query-input":{"@type":"PropertyValueSpecification","valueRequired":true,"valueName":"search_term_string"}}],"inLanguage":"en-GB"},{"@type":"Organization","@id":"https:\/\/ecodef-ihedn.fr\/#organization","name":"Chair in Defence Economics - IHEDN","url":"https:\/\/ecodef-ihedn.fr\/","logo":{"@type":"ImageObject","inLanguage":"en-GB","@id":"https:\/\/ecodef-ihedn.fr\/#\/schema\/logo\/image\/","url":"https:\/\/ecodef-ihedn.fr\/wp-content\/uploads\/2020\/04\/logoEcodef9.jpg","contentUrl":"https:\/\/ecodef-ihedn.fr\/wp-content\/uploads\/2020\/04\/logoEcodef9.jpg","width":410,"height":212,"caption":"Chaire \u00c9conomie de d\u00e9fense - IHEDN"},"image":{"@id":"https:\/\/ecodef-ihedn.fr\/#\/schema\/logo\/image\/"},"sameAs":["https:\/\/x.com\/Chaire_Ecodef","https:\/\/www.linkedin.com\/company\/chaire-ecodef-ihedn\/"]},{"@type":"Person","@id":"https:\/\/ecodef-ihedn.fr\/#\/schema\/person\/1cdf22d028cebe278126a6e07a884d30","name":"Bertrand Demandre","image":{"@type":"ImageObject","inLanguage":"en-GB","@id":"https:\/\/secure.gravatar.com\/avatar\/d9c9746d6c900ab5b9c0f9b1fa3932e369da923da247d624b8f7ab4ba8a3c093?s=96&d=mm&r=g","url":"https:\/\/secure.gravatar.com\/avatar\/d9c9746d6c900ab5b9c0f9b1fa3932e369da923da247d624b8f7ab4ba8a3c093?s=96&d=mm&r=g","contentUrl":"https:\/\/secure.gravatar.com\/avatar\/d9c9746d6c900ab5b9c0f9b1fa3932e369da923da247d624b8f7ab4ba8a3c093?s=96&d=mm&r=g","caption":"Bertrand Demandre"},"url":"https:\/\/ecodef-ihedn.fr\/en\/author\/bertrand\/"}]}},"_links":{"self":[{"href":"https:\/\/ecodef-ihedn.fr\/en\/wp-json\/wp\/v2\/posts\/8200","targetHints":{"allow":["GET"]}}],"collection":[{"href":"https:\/\/ecodef-ihedn.fr\/en\/wp-json\/wp\/v2\/posts"}],"about":[{"href":"https:\/\/ecodef-ihedn.fr\/en\/wp-json\/wp\/v2\/types\/post"}],"author":[{"embeddable":true,"href":"https:\/\/ecodef-ihedn.fr\/en\/wp-json\/wp\/v2\/users\/2"}],"replies":[{"embeddable":true,"href":"https:\/\/ecodef-ihedn.fr\/en\/wp-json\/wp\/v2\/comments?post=8200"}],"version-history":[{"count":9,"href":"https:\/\/ecodef-ihedn.fr\/en\/wp-json\/wp\/v2\/posts\/8200\/revisions"}],"predecessor-version":[{"id":8220,"href":"https:\/\/ecodef-ihedn.fr\/en\/wp-json\/wp\/v2\/posts\/8200\/revisions\/8220"}],"wp:featuredmedia":[{"embeddable":true,"href":"https:\/\/ecodef-ihedn.fr\/en\/wp-json\/wp\/v2\/media\/8201"}],"wp:attachment":[{"href":"https:\/\/ecodef-ihedn.fr\/en\/wp-json\/wp\/v2\/media?parent=8200"}],"wp:term":[{"taxonomy":"category","embeddable":true,"href":"https:\/\/ecodef-ihedn.fr\/en\/wp-json\/wp\/v2\/categories?post=8200"},{"taxonomy":"post_tag","embeddable":true,"href":"https:\/\/ecodef-ihedn.fr\/en\/wp-json\/wp\/v2\/tags?post=8200"}],"curies":[{"name":"wp","href":"https:\/\/api.w.org\/{rel}","templated":true}]}}