{"id":8213,"date":"2023-12-20T08:48:52","date_gmt":"2023-12-20T08:48:52","guid":{"rendered":"https:\/\/ecodef-ihedn.fr\/?p=8213"},"modified":"2023-12-20T13:49:31","modified_gmt":"2023-12-20T13:49:31","slug":"combien-coutent-les-guerres-de-la-france-intervention-de-la-chaire-au-colloque-des-40-ans-du-cepel","status":"publish","type":"post","link":"https:\/\/ecodef-ihedn.fr\/en\/combien-coutent-les-guerres-de-la-france-intervention-de-la-chaire-au-colloque-des-40-ans-du-cepel\/","title":{"rendered":"\u00abHow much do France's wars cost? speech by the Chair at the CEPEL 40th Anniversary Conference"},"content":{"rendered":"<p><strong>Josselin Droff<\/strong> and <strong>Julien Malizard<\/strong>, were involved in the <a href=\"https:\/\/cepel.edu.umontpellier.fr\/le-territoire-dans-tous-ses-etats\/\" target=\"_blank\" rel=\"noopener\"><strong>40th anniversary of the Centre for Political and Societal Studies (CEPEL)<\/strong><\/a> organised on 14 and 15 December 2023 at the University of Montpellier.<\/p>\n<p><a href=\"https:\/\/ecodef-ihedn.fr\/wp-content\/uploads\/2023\/12\/CEPEL_territoire.jpg\"><img loading=\"lazy\" decoding=\"async\" class=\"aligncenter size-full wp-image-8215\" src=\"https:\/\/ecodef-ihedn.fr\/wp-content\/uploads\/2023\/12\/CEPEL_territoire.jpg\" alt=\"\" width=\"436\" height=\"620\" srcset=\"https:\/\/ecodef-ihedn.fr\/wp-content\/uploads\/2023\/12\/CEPEL_territoire.jpg 436w, https:\/\/ecodef-ihedn.fr\/wp-content\/uploads\/2023\/12\/CEPEL_territoire-211x300.jpg 211w, https:\/\/ecodef-ihedn.fr\/wp-content\/uploads\/2023\/12\/CEPEL_territoire-295x420.jpg 295w\" sizes=\"auto, (max-width: 436px) 100vw, 436px\" \/><\/a><\/p>\n<p>Entitled \u00abLe territoire dans tous ses \u00e9tats\u00bb (\u00abTerritory in all its states\u00bb), this conference featured presentations by researchers from the Chair as part of the session on \"Defence policies and public finances: an overview\".<\/p>\n<p><a href=\"https:\/\/ecodef-ihedn.fr\/wp-content\/uploads\/2023\/12\/panel_cepel.jpg\" target=\"_blank\" rel=\"noopener\"><img loading=\"lazy\" decoding=\"async\" class=\"aligncenter wp-image-8216 size-large\" src=\"https:\/\/ecodef-ihedn.fr\/wp-content\/uploads\/2023\/12\/panel_cepel-1024x683.jpg\" alt=\"\" width=\"696\" height=\"464\" srcset=\"https:\/\/ecodef-ihedn.fr\/wp-content\/uploads\/2023\/12\/panel_cepel-1024x683.jpg 1024w, https:\/\/ecodef-ihedn.fr\/wp-content\/uploads\/2023\/12\/panel_cepel-300x200.jpg 300w, https:\/\/ecodef-ihedn.fr\/wp-content\/uploads\/2023\/12\/panel_cepel-768x512.jpg 768w, https:\/\/ecodef-ihedn.fr\/wp-content\/uploads\/2023\/12\/panel_cepel-1536x1024.jpg 1536w, https:\/\/ecodef-ihedn.fr\/wp-content\/uploads\/2023\/12\/panel_cepel-696x464.jpg 696w, https:\/\/ecodef-ihedn.fr\/wp-content\/uploads\/2023\/12\/panel_cepel-1392x928.jpg 1392w, https:\/\/ecodef-ihedn.fr\/wp-content\/uploads\/2023\/12\/panel_cepel-1068x712.jpg 1068w, https:\/\/ecodef-ihedn.fr\/wp-content\/uploads\/2023\/12\/panel_cepel-1920x1280.jpg 1920w, https:\/\/ecodef-ihedn.fr\/wp-content\/uploads\/2023\/12\/panel_cepel-630x420.jpg 630w, https:\/\/ecodef-ihedn.fr\/wp-content\/uploads\/2023\/12\/panel_cepel-1260x840.jpg 1260w, https:\/\/ecodef-ihedn.fr\/wp-content\/uploads\/2023\/12\/panel_cepel.jpg 2048w\" sizes=\"auto, (max-width: 696px) 100vw, 696px\" \/><\/a><\/p>\n<p>Based on the question <strong>\u00abHow much do France's wars cost?\u00bb<\/strong> and drawing on their <strong>own work<\/strong> as well as <strong>defence economics literature<\/strong>, the authors addressed the issue of <strong>cost of external operations<\/strong> and preparing France for future conflicts:<\/p>\n<ul>\n<li>In the current context of discussions on <strong>\u00abthe war economy\u00bb<\/strong> and the 2024-2030 Military Programming Law (LPM), the researchers proposed a global reflection on <strong>the intensity and cost of commitments<\/strong> of France .<\/li>\n<li>The authors have shown that France's commitments, the additional cost of which is currently in excess of <strong>1.5 billion euros a year<\/strong>, The average duration of these contracts has increased.<\/li>\n<li>Nevertheless, in a <strong>historical perspective<\/strong>, the extra cost of external operations when compared with the cost of the same operations in the same country. <strong>macroeconomic variables<\/strong> such as the State budget or GDP remains low.<\/li>\n<li>In addition to the problems of financing, the increase in commitments raises the question of <strong><a href=\"https:\/\/ecodef-ihedn.fr\/en\/utilite-strategique-des-operations-exterieures-publication-dun-article-de-josselin-droff-et-julien-malizard-dans-defence-and-peace-economics-dpe\/\" target=\"_blank\" rel=\"noopener\">long-term sustainability<\/a><\/strong>.<\/li>\n<\/ul>\n<p>This intervention is also part of the <strong><a href=\"https:\/\/www.polisinwar.com\/\" target=\"_blank\" rel=\"noopener\">ANR-22-CE53-0007 PolisInWar project<\/a><\/strong>\u00a0supported by the French National Research Agency (ANR) and led by <strong>Jean Joana<\/strong>, Professor of Political Science at the University of Montpellier.<\/p>\n<p>&nbsp;<\/p>","protected":false},"excerpt":{"rendered":"<p>Josselin Droff et Julien Malizard, sont intervenus au Colloque des 40 ans du Centre d\u2019\u00e9tudes politiques et soci\u00e9tales (CEPEL) organis\u00e9 les 14 et 15 d\u00e9cembre 2023 \u00e0 l\u2019Universit\u00e9 de Montpellier. Intitul\u00e9 \u00ab Le territoire dans tous ses \u00e9tats \u00bb, ce colloque a propos\u00e9 l&rsquo;intervention des chercheurs de la Chaire dans le cadre de la session [&hellip;]<\/p>\n","protected":false},"author":2,"featured_media":8214,"comment_status":"open","ping_status":"open","sticky":false,"template":"","format":"standard","meta":{"footnotes":""},"categories":[356],"tags":[652,705,707,202,86,637,636,87,653,706],"class_list":{"0":"post-8213","1":"post","2":"type-post","3":"status-publish","4":"format-standard","5":"has-post-thumbnail","7":"category-activites-participation-de-la-chaire-a-un-evenement","8":"tag-anr","9":"tag-cepel","10":"tag-jean-joana","11":"tag-josselin-droff","12":"tag-julien-malizard","13":"tag-loi-de-programmation-militaire","14":"tag-lpm","15":"tag-montpellier","16":"tag-polisinwar","17":"tag-universite-de-montpellier"},"yoast_head":"<!-- This site is optimized with the Yoast SEO plugin v27.4 - https:\/\/yoast.com\/product\/yoast-seo-wordpress\/ -->\n<title>\u00ab\u00a0Combien co\u00fbtent les guerres de la France\u00a0? \u00bb : intervention de la Chaire au Colloque des 40 ans du CEPEL - Chaire \u00c9conomie de d\u00e9fense - IHEDN<\/title>\n<meta name=\"robots\" content=\"index, follow, max-snippet:-1, max-image-preview:large, max-video-preview:-1\" \/>\n<link rel=\"canonical\" href=\"https:\/\/ecodef-ihedn.fr\/en\/combien-coutent-les-guerres-de-la-france-intervention-de-la-chaire-au-colloque-des-40-ans-du-cepel\/\" \/>\n<meta property=\"og:locale\" content=\"en_GB\" \/>\n<meta property=\"og:type\" content=\"article\" \/>\n<meta property=\"og:title\" content=\"\u00ab\u00a0Combien co\u00fbtent les guerres de la France\u00a0? \u00bb : intervention de la Chaire au Colloque des 40 ans du CEPEL - Chaire \u00c9conomie de d\u00e9fense - IHEDN\" \/>\n<meta property=\"og:description\" content=\"Josselin Droff et Julien Malizard, sont intervenus au Colloque des 40 ans du Centre d\u2019\u00e9tudes politiques et soci\u00e9tales (CEPEL) organis\u00e9 les 14 et 15 d\u00e9cembre 2023 \u00e0 l\u2019Universit\u00e9 de Montpellier. Intitul\u00e9 \u00ab Le territoire dans tous ses \u00e9tats \u00bb, ce colloque a propos\u00e9 l&rsquo;intervention des chercheurs de la Chaire dans le cadre de la session [&hellip;]\" \/>\n<meta property=\"og:url\" content=\"https:\/\/ecodef-ihedn.fr\/en\/combien-coutent-les-guerres-de-la-france-intervention-de-la-chaire-au-colloque-des-40-ans-du-cepel\/\" \/>\n<meta property=\"og:site_name\" content=\"Chaire \u00c9conomie de d\u00e9fense - IHEDN\" \/>\n<meta property=\"article:published_time\" content=\"2023-12-20T08:48:52+00:00\" \/>\n<meta property=\"article:modified_time\" content=\"2023-12-20T13:49:31+00:00\" \/>\n<meta property=\"og:image\" content=\"https:\/\/ecodef-ihedn.fr\/wp-content\/uploads\/2023\/12\/CEPEL-2023.png\" \/>\n\t<meta property=\"og:image:width\" content=\"700\" \/>\n\t<meta property=\"og:image:height\" content=\"500\" \/>\n\t<meta property=\"og:image:type\" content=\"image\/png\" \/>\n<meta name=\"author\" content=\"Bertrand Demandre\" \/>\n<meta name=\"twitter:card\" content=\"summary_large_image\" \/>\n<meta name=\"twitter:creator\" content=\"@Chaire_Ecodef\" \/>\n<meta name=\"twitter:site\" content=\"@Chaire_Ecodef\" \/>\n<meta name=\"twitter:label1\" content=\"Written by\" \/>\n\t<meta name=\"twitter:data1\" content=\"Bertrand Demandre\" \/>\n\t<meta name=\"twitter:label2\" content=\"Estimated reading time\" \/>\n\t<meta name=\"twitter:data2\" content=\"2 minutes\" \/>\n<script type=\"application\/ld+json\" class=\"yoast-schema-graph\">{\"@context\":\"https:\\\/\\\/schema.org\",\"@graph\":[{\"@type\":\"Article\",\"@id\":\"https:\\\/\\\/ecodef-ihedn.fr\\\/combien-coutent-les-guerres-de-la-france-intervention-de-la-chaire-au-colloque-des-40-ans-du-cepel\\\/#article\",\"isPartOf\":{\"@id\":\"https:\\\/\\\/ecodef-ihedn.fr\\\/combien-coutent-les-guerres-de-la-france-intervention-de-la-chaire-au-colloque-des-40-ans-du-cepel\\\/\"},\"author\":{\"name\":\"Bertrand Demandre\",\"@id\":\"https:\\\/\\\/ecodef-ihedn.fr\\\/#\\\/schema\\\/person\\\/1cdf22d028cebe278126a6e07a884d30\"},\"headline\":\"\u00ab\u00a0Combien co\u00fbtent les guerres de la France\u00a0? \u00bb : intervention de la Chaire au Colloque des 40 ans du CEPEL\",\"datePublished\":\"2023-12-20T08:48:52+00:00\",\"dateModified\":\"2023-12-20T13:49:31+00:00\",\"mainEntityOfPage\":{\"@id\":\"https:\\\/\\\/ecodef-ihedn.fr\\\/combien-coutent-les-guerres-de-la-france-intervention-de-la-chaire-au-colloque-des-40-ans-du-cepel\\\/\"},\"wordCount\":302,\"commentCount\":0,\"publisher\":{\"@id\":\"https:\\\/\\\/ecodef-ihedn.fr\\\/#organization\"},\"image\":{\"@id\":\"https:\\\/\\\/ecodef-ihedn.fr\\\/combien-coutent-les-guerres-de-la-france-intervention-de-la-chaire-au-colloque-des-40-ans-du-cepel\\\/#primaryimage\"},\"thumbnailUrl\":\"https:\\\/\\\/ecodef-ihedn.fr\\\/wp-content\\\/uploads\\\/2023\\\/12\\\/CEPEL-2023.png\",\"keywords\":[\"ANR\",\"CEPEL\",\"Jean Joana\",\"Josselin Droff\",\"Julien Malizard\",\"loi de programmation militaire\",\"LPM\",\"Montpellier\",\"PolisInWar\",\"Universit\u00e9 de Montpellier\"],\"articleSection\":[\"Activit\u00e9s : participation de la Chaire \u00e0 un \u00e9v\u00e9nement\"],\"inLanguage\":\"en-GB\",\"potentialAction\":[{\"@type\":\"CommentAction\",\"name\":\"Comment\",\"target\":[\"https:\\\/\\\/ecodef-ihedn.fr\\\/combien-coutent-les-guerres-de-la-france-intervention-de-la-chaire-au-colloque-des-40-ans-du-cepel\\\/#respond\"]}]},{\"@type\":\"WebPage\",\"@id\":\"https:\\\/\\\/ecodef-ihedn.fr\\\/combien-coutent-les-guerres-de-la-france-intervention-de-la-chaire-au-colloque-des-40-ans-du-cepel\\\/\",\"url\":\"https:\\\/\\\/ecodef-ihedn.fr\\\/combien-coutent-les-guerres-de-la-france-intervention-de-la-chaire-au-colloque-des-40-ans-du-cepel\\\/\",\"name\":\"\u00ab\u00a0Combien co\u00fbtent les guerres de la France\u00a0? \u00bb : intervention de la Chaire au Colloque des 40 ans du CEPEL - Chaire \u00c9conomie de d\u00e9fense - IHEDN\",\"isPartOf\":{\"@id\":\"https:\\\/\\\/ecodef-ihedn.fr\\\/#website\"},\"primaryImageOfPage\":{\"@id\":\"https:\\\/\\\/ecodef-ihedn.fr\\\/combien-coutent-les-guerres-de-la-france-intervention-de-la-chaire-au-colloque-des-40-ans-du-cepel\\\/#primaryimage\"},\"image\":{\"@id\":\"https:\\\/\\\/ecodef-ihedn.fr\\\/combien-coutent-les-guerres-de-la-france-intervention-de-la-chaire-au-colloque-des-40-ans-du-cepel\\\/#primaryimage\"},\"thumbnailUrl\":\"https:\\\/\\\/ecodef-ihedn.fr\\\/wp-content\\\/uploads\\\/2023\\\/12\\\/CEPEL-2023.png\",\"datePublished\":\"2023-12-20T08:48:52+00:00\",\"dateModified\":\"2023-12-20T13:49:31+00:00\",\"breadcrumb\":{\"@id\":\"https:\\\/\\\/ecodef-ihedn.fr\\\/combien-coutent-les-guerres-de-la-france-intervention-de-la-chaire-au-colloque-des-40-ans-du-cepel\\\/#breadcrumb\"},\"inLanguage\":\"en-GB\",\"potentialAction\":[{\"@type\":\"ReadAction\",\"target\":[\"https:\\\/\\\/ecodef-ihedn.fr\\\/combien-coutent-les-guerres-de-la-france-intervention-de-la-chaire-au-colloque-des-40-ans-du-cepel\\\/\"]}]},{\"@type\":\"ImageObject\",\"inLanguage\":\"en-GB\",\"@id\":\"https:\\\/\\\/ecodef-ihedn.fr\\\/combien-coutent-les-guerres-de-la-france-intervention-de-la-chaire-au-colloque-des-40-ans-du-cepel\\\/#primaryimage\",\"url\":\"https:\\\/\\\/ecodef-ihedn.fr\\\/wp-content\\\/uploads\\\/2023\\\/12\\\/CEPEL-2023.png\",\"contentUrl\":\"https:\\\/\\\/ecodef-ihedn.fr\\\/wp-content\\\/uploads\\\/2023\\\/12\\\/CEPEL-2023.png\",\"width\":700,\"height\":500},{\"@type\":\"BreadcrumbList\",\"@id\":\"https:\\\/\\\/ecodef-ihedn.fr\\\/combien-coutent-les-guerres-de-la-france-intervention-de-la-chaire-au-colloque-des-40-ans-du-cepel\\\/#breadcrumb\",\"itemListElement\":[{\"@type\":\"ListItem\",\"position\":1,\"name\":\"Accueil\",\"item\":\"https:\\\/\\\/ecodef-ihedn.fr\\\/\"},{\"@type\":\"ListItem\",\"position\":2,\"name\":\"\u00ab\u00a0Combien co\u00fbtent les guerres de la France\u00a0? \u00bb : intervention de la Chaire au Colloque des 40 ans du CEPEL\"}]},{\"@type\":\"WebSite\",\"@id\":\"https:\\\/\\\/ecodef-ihedn.fr\\\/#website\",\"url\":\"https:\\\/\\\/ecodef-ihedn.fr\\\/\",\"name\":\"Chaire \u00c9conomie de D\u00e9fense - IHEDN\",\"description\":\"Produire &amp; soutenir, f\u00e9d\u00e9rer &amp; diffuser, \u00eatre une interface\",\"publisher\":{\"@id\":\"https:\\\/\\\/ecodef-ihedn.fr\\\/#organization\"},\"potentialAction\":[{\"@type\":\"SearchAction\",\"target\":{\"@type\":\"EntryPoint\",\"urlTemplate\":\"https:\\\/\\\/ecodef-ihedn.fr\\\/?s={search_term_string}\"},\"query-input\":{\"@type\":\"PropertyValueSpecification\",\"valueRequired\":true,\"valueName\":\"search_term_string\"}}],\"inLanguage\":\"en-GB\"},{\"@type\":\"Organization\",\"@id\":\"https:\\\/\\\/ecodef-ihedn.fr\\\/#organization\",\"name\":\"Chaire \u00c9conomie de d\u00e9fense - IHEDN\",\"url\":\"https:\\\/\\\/ecodef-ihedn.fr\\\/\",\"logo\":{\"@type\":\"ImageObject\",\"inLanguage\":\"en-GB\",\"@id\":\"https:\\\/\\\/ecodef-ihedn.fr\\\/#\\\/schema\\\/logo\\\/image\\\/\",\"url\":\"https:\\\/\\\/ecodef-ihedn.fr\\\/wp-content\\\/uploads\\\/2020\\\/04\\\/logoEcodef9.jpg\",\"contentUrl\":\"https:\\\/\\\/ecodef-ihedn.fr\\\/wp-content\\\/uploads\\\/2020\\\/04\\\/logoEcodef9.jpg\",\"width\":410,\"height\":212,\"caption\":\"Chaire \u00c9conomie de d\u00e9fense - IHEDN\"},\"image\":{\"@id\":\"https:\\\/\\\/ecodef-ihedn.fr\\\/#\\\/schema\\\/logo\\\/image\\\/\"},\"sameAs\":[\"https:\\\/\\\/x.com\\\/Chaire_Ecodef\",\"https:\\\/\\\/www.linkedin.com\\\/company\\\/chaire-ecodef-ihedn\\\/\"]},{\"@type\":\"Person\",\"@id\":\"https:\\\/\\\/ecodef-ihedn.fr\\\/#\\\/schema\\\/person\\\/1cdf22d028cebe278126a6e07a884d30\",\"name\":\"Bertrand Demandre\",\"image\":{\"@type\":\"ImageObject\",\"inLanguage\":\"en-GB\",\"@id\":\"https:\\\/\\\/secure.gravatar.com\\\/avatar\\\/d9c9746d6c900ab5b9c0f9b1fa3932e369da923da247d624b8f7ab4ba8a3c093?s=96&d=mm&r=g\",\"url\":\"https:\\\/\\\/secure.gravatar.com\\\/avatar\\\/d9c9746d6c900ab5b9c0f9b1fa3932e369da923da247d624b8f7ab4ba8a3c093?s=96&d=mm&r=g\",\"contentUrl\":\"https:\\\/\\\/secure.gravatar.com\\\/avatar\\\/d9c9746d6c900ab5b9c0f9b1fa3932e369da923da247d624b8f7ab4ba8a3c093?s=96&d=mm&r=g\",\"caption\":\"Bertrand Demandre\"},\"url\":\"https:\\\/\\\/ecodef-ihedn.fr\\\/en\\\/author\\\/bertrand\\\/\"}]}<\/script>\n<!-- \/ Yoast SEO plugin. -->","yoast_head_json":{"title":"\u00ab\u00a0Combien co\u00fbtent les guerres de la France\u00a0? \u00bb : intervention de la Chaire au Colloque des 40 ans du CEPEL - Chaire \u00c9conomie de d\u00e9fense - IHEDN","robots":{"index":"index","follow":"follow","max-snippet":"max-snippet:-1","max-image-preview":"max-image-preview:large","max-video-preview":"max-video-preview:-1"},"canonical":"https:\/\/ecodef-ihedn.fr\/en\/combien-coutent-les-guerres-de-la-france-intervention-de-la-chaire-au-colloque-des-40-ans-du-cepel\/","og_locale":"en_GB","og_type":"article","og_title":"\u00ab\u00a0Combien co\u00fbtent les guerres de la France\u00a0? \u00bb : intervention de la Chaire au Colloque des 40 ans du CEPEL - Chaire \u00c9conomie de d\u00e9fense - IHEDN","og_description":"Josselin Droff et Julien Malizard, sont intervenus au Colloque des 40 ans du Centre d\u2019\u00e9tudes politiques et soci\u00e9tales (CEPEL) organis\u00e9 les 14 et 15 d\u00e9cembre 2023 \u00e0 l\u2019Universit\u00e9 de Montpellier. Intitul\u00e9 \u00ab Le territoire dans tous ses \u00e9tats \u00bb, ce colloque a propos\u00e9 l&rsquo;intervention des chercheurs de la Chaire dans le cadre de la session [&hellip;]","og_url":"https:\/\/ecodef-ihedn.fr\/en\/combien-coutent-les-guerres-de-la-france-intervention-de-la-chaire-au-colloque-des-40-ans-du-cepel\/","og_site_name":"Chaire \u00c9conomie de d\u00e9fense - IHEDN","article_published_time":"2023-12-20T08:48:52+00:00","article_modified_time":"2023-12-20T13:49:31+00:00","og_image":[{"width":700,"height":500,"url":"https:\/\/ecodef-ihedn.fr\/wp-content\/uploads\/2023\/12\/CEPEL-2023.png","type":"image\/png"}],"author":"Bertrand Demandre","twitter_card":"summary_large_image","twitter_creator":"@Chaire_Ecodef","twitter_site":"@Chaire_Ecodef","twitter_misc":{"Written by":"Bertrand Demandre","Estimated reading time":"2 minutes"},"schema":{"@context":"https:\/\/schema.org","@graph":[{"@type":"Article","@id":"https:\/\/ecodef-ihedn.fr\/combien-coutent-les-guerres-de-la-france-intervention-de-la-chaire-au-colloque-des-40-ans-du-cepel\/#article","isPartOf":{"@id":"https:\/\/ecodef-ihedn.fr\/combien-coutent-les-guerres-de-la-france-intervention-de-la-chaire-au-colloque-des-40-ans-du-cepel\/"},"author":{"name":"Bertrand Demandre","@id":"https:\/\/ecodef-ihedn.fr\/#\/schema\/person\/1cdf22d028cebe278126a6e07a884d30"},"headline":"\u00ab\u00a0Combien co\u00fbtent les guerres de la France\u00a0? \u00bb : intervention de la Chaire au Colloque des 40 ans du CEPEL","datePublished":"2023-12-20T08:48:52+00:00","dateModified":"2023-12-20T13:49:31+00:00","mainEntityOfPage":{"@id":"https:\/\/ecodef-ihedn.fr\/combien-coutent-les-guerres-de-la-france-intervention-de-la-chaire-au-colloque-des-40-ans-du-cepel\/"},"wordCount":302,"commentCount":0,"publisher":{"@id":"https:\/\/ecodef-ihedn.fr\/#organization"},"image":{"@id":"https:\/\/ecodef-ihedn.fr\/combien-coutent-les-guerres-de-la-france-intervention-de-la-chaire-au-colloque-des-40-ans-du-cepel\/#primaryimage"},"thumbnailUrl":"https:\/\/ecodef-ihedn.fr\/wp-content\/uploads\/2023\/12\/CEPEL-2023.png","keywords":["ANR","CEPEL","Jean Joana","Josselin Droff","Julien Malizard","loi de programmation militaire","LPM","Montpellier","PolisInWar","Universit\u00e9 de Montpellier"],"articleSection":["Activit\u00e9s : participation de la Chaire \u00e0 un \u00e9v\u00e9nement"],"inLanguage":"en-GB","potentialAction":[{"@type":"CommentAction","name":"Comment","target":["https:\/\/ecodef-ihedn.fr\/combien-coutent-les-guerres-de-la-france-intervention-de-la-chaire-au-colloque-des-40-ans-du-cepel\/#respond"]}]},{"@type":"WebPage","@id":"https:\/\/ecodef-ihedn.fr\/combien-coutent-les-guerres-de-la-france-intervention-de-la-chaire-au-colloque-des-40-ans-du-cepel\/","url":"https:\/\/ecodef-ihedn.fr\/combien-coutent-les-guerres-de-la-france-intervention-de-la-chaire-au-colloque-des-40-ans-du-cepel\/","name":"\u00ab\u00a0Combien co\u00fbtent les guerres de la France\u00a0? \u00bb : intervention de la Chaire au Colloque des 40 ans du CEPEL - Chaire \u00c9conomie de d\u00e9fense - IHEDN","isPartOf":{"@id":"https:\/\/ecodef-ihedn.fr\/#website"},"primaryImageOfPage":{"@id":"https:\/\/ecodef-ihedn.fr\/combien-coutent-les-guerres-de-la-france-intervention-de-la-chaire-au-colloque-des-40-ans-du-cepel\/#primaryimage"},"image":{"@id":"https:\/\/ecodef-ihedn.fr\/combien-coutent-les-guerres-de-la-france-intervention-de-la-chaire-au-colloque-des-40-ans-du-cepel\/#primaryimage"},"thumbnailUrl":"https:\/\/ecodef-ihedn.fr\/wp-content\/uploads\/2023\/12\/CEPEL-2023.png","datePublished":"2023-12-20T08:48:52+00:00","dateModified":"2023-12-20T13:49:31+00:00","breadcrumb":{"@id":"https:\/\/ecodef-ihedn.fr\/combien-coutent-les-guerres-de-la-france-intervention-de-la-chaire-au-colloque-des-40-ans-du-cepel\/#breadcrumb"},"inLanguage":"en-GB","potentialAction":[{"@type":"ReadAction","target":["https:\/\/ecodef-ihedn.fr\/combien-coutent-les-guerres-de-la-france-intervention-de-la-chaire-au-colloque-des-40-ans-du-cepel\/"]}]},{"@type":"ImageObject","inLanguage":"en-GB","@id":"https:\/\/ecodef-ihedn.fr\/combien-coutent-les-guerres-de-la-france-intervention-de-la-chaire-au-colloque-des-40-ans-du-cepel\/#primaryimage","url":"https:\/\/ecodef-ihedn.fr\/wp-content\/uploads\/2023\/12\/CEPEL-2023.png","contentUrl":"https:\/\/ecodef-ihedn.fr\/wp-content\/uploads\/2023\/12\/CEPEL-2023.png","width":700,"height":500},{"@type":"BreadcrumbList","@id":"https:\/\/ecodef-ihedn.fr\/combien-coutent-les-guerres-de-la-france-intervention-de-la-chaire-au-colloque-des-40-ans-du-cepel\/#breadcrumb","itemListElement":[{"@type":"ListItem","position":1,"name":"Accueil","item":"https:\/\/ecodef-ihedn.fr\/"},{"@type":"ListItem","position":2,"name":"\u00ab\u00a0Combien co\u00fbtent les guerres de la France\u00a0? \u00bb : intervention de la Chaire au Colloque des 40 ans du CEPEL"}]},{"@type":"WebSite","@id":"https:\/\/ecodef-ihedn.fr\/#website","url":"https:\/\/ecodef-ihedn.fr\/","name":"Chair in Defence Economics - IHEDN","description":"Produce &amp; support, federate &amp; disseminate, act as an interface","publisher":{"@id":"https:\/\/ecodef-ihedn.fr\/#organization"},"potentialAction":[{"@type":"SearchAction","target":{"@type":"EntryPoint","urlTemplate":"https:\/\/ecodef-ihedn.fr\/?s={search_term_string}"},"query-input":{"@type":"PropertyValueSpecification","valueRequired":true,"valueName":"search_term_string"}}],"inLanguage":"en-GB"},{"@type":"Organization","@id":"https:\/\/ecodef-ihedn.fr\/#organization","name":"Chair in Defence Economics - IHEDN","url":"https:\/\/ecodef-ihedn.fr\/","logo":{"@type":"ImageObject","inLanguage":"en-GB","@id":"https:\/\/ecodef-ihedn.fr\/#\/schema\/logo\/image\/","url":"https:\/\/ecodef-ihedn.fr\/wp-content\/uploads\/2020\/04\/logoEcodef9.jpg","contentUrl":"https:\/\/ecodef-ihedn.fr\/wp-content\/uploads\/2020\/04\/logoEcodef9.jpg","width":410,"height":212,"caption":"Chaire \u00c9conomie de d\u00e9fense - IHEDN"},"image":{"@id":"https:\/\/ecodef-ihedn.fr\/#\/schema\/logo\/image\/"},"sameAs":["https:\/\/x.com\/Chaire_Ecodef","https:\/\/www.linkedin.com\/company\/chaire-ecodef-ihedn\/"]},{"@type":"Person","@id":"https:\/\/ecodef-ihedn.fr\/#\/schema\/person\/1cdf22d028cebe278126a6e07a884d30","name":"Bertrand Demandre","image":{"@type":"ImageObject","inLanguage":"en-GB","@id":"https:\/\/secure.gravatar.com\/avatar\/d9c9746d6c900ab5b9c0f9b1fa3932e369da923da247d624b8f7ab4ba8a3c093?s=96&d=mm&r=g","url":"https:\/\/secure.gravatar.com\/avatar\/d9c9746d6c900ab5b9c0f9b1fa3932e369da923da247d624b8f7ab4ba8a3c093?s=96&d=mm&r=g","contentUrl":"https:\/\/secure.gravatar.com\/avatar\/d9c9746d6c900ab5b9c0f9b1fa3932e369da923da247d624b8f7ab4ba8a3c093?s=96&d=mm&r=g","caption":"Bertrand Demandre"},"url":"https:\/\/ecodef-ihedn.fr\/en\/author\/bertrand\/"}]}},"_links":{"self":[{"href":"https:\/\/ecodef-ihedn.fr\/en\/wp-json\/wp\/v2\/posts\/8213","targetHints":{"allow":["GET"]}}],"collection":[{"href":"https:\/\/ecodef-ihedn.fr\/en\/wp-json\/wp\/v2\/posts"}],"about":[{"href":"https:\/\/ecodef-ihedn.fr\/en\/wp-json\/wp\/v2\/types\/post"}],"author":[{"embeddable":true,"href":"https:\/\/ecodef-ihedn.fr\/en\/wp-json\/wp\/v2\/users\/2"}],"replies":[{"embeddable":true,"href":"https:\/\/ecodef-ihedn.fr\/en\/wp-json\/wp\/v2\/comments?post=8213"}],"version-history":[{"count":2,"href":"https:\/\/ecodef-ihedn.fr\/en\/wp-json\/wp\/v2\/posts\/8213\/revisions"}],"predecessor-version":[{"id":8229,"href":"https:\/\/ecodef-ihedn.fr\/en\/wp-json\/wp\/v2\/posts\/8213\/revisions\/8229"}],"wp:featuredmedia":[{"embeddable":true,"href":"https:\/\/ecodef-ihedn.fr\/en\/wp-json\/wp\/v2\/media\/8214"}],"wp:attachment":[{"href":"https:\/\/ecodef-ihedn.fr\/en\/wp-json\/wp\/v2\/media?parent=8213"}],"wp:term":[{"taxonomy":"category","embeddable":true,"href":"https:\/\/ecodef-ihedn.fr\/en\/wp-json\/wp\/v2\/categories?post=8213"},{"taxonomy":"post_tag","embeddable":true,"href":"https:\/\/ecodef-ihedn.fr\/en\/wp-json\/wp\/v2\/tags?post=8213"}],"curies":[{"name":"wp","href":"https:\/\/api.w.org\/{rel}","templated":true}]}}