{"id":8297,"date":"2024-02-28T16:20:27","date_gmt":"2024-02-28T16:20:27","guid":{"rendered":"https:\/\/ecodef-ihedn.fr\/video-webinaire-la-dissuasion-oceanique-quelles-retombees-economiques-les-entretiens-de-lecodef-7-30-mai-2023-copy\/"},"modified":"2024-02-28T16:42:16","modified_gmt":"2024-02-28T16:42:16","slug":"video-webinaire-les-ressources-humaines-dans-le-domaine-de-larmement-quels-enjeux-et-quelles-reponses-les-entretiens-de-lecodef-8-28-fevrier-2024","status":"publish","type":"post","link":"https:\/\/ecodef-ihedn.fr\/en\/video-webinaire-les-ressources-humaines-dans-le-domaine-de-larmement-quels-enjeux-et-quelles-reponses-les-entretiens-de-lecodef-8-28-fevrier-2024\/","title":{"rendered":"[VID\u00c9O] webinaire \u00ab\u00a0Les ressources humaines dans le domaine de l\u2019armement : quels enjeux et quelles r\u00e9ponses ?\u00a0\u00bb (Les entretiens de l\u2019ECODEF #8 \/ 28 f\u00e9vrier 2024)"},"content":{"rendered":"<h2 id=\"exportations-d-armement-les-enjeux-de-leur-mesure\" class=\"has-text-align-center\" style=\"text-align: center;\">Human resources in the armaments sector: what are the challenges and responses?<\/h2>\r\n<p>The video of the <a href=\"https:\/\/ecodef-ihedn.fr\/en\/inscription-28-02-2024-webinaire-les-ressources-humaines-dans-le-domaine-de-larmement-quels-enjeux-et-quelles-reponses\/\" target=\"_blank\" rel=\"noopener\">eighth issue<\/a> the \u00ab\u00a0<strong>ECODEF talks \u00bb<\/strong>, which <span style=\"color: initial;\">took place on <\/span>Wednesday 28 February at 8.30am<span style=\"color: initial;\"> to the <a href=\"https:\/\/www.defense.gouv.fr\/dems\/bibliotheque-ecole-militaire\" target=\"_blank\" rel=\"noopener\">Military School Library (BEM)<\/a><\/span>, is available on the <strong><a href=\"https:\/\/www.youtube.com\/channel\/UC_dKcdKpWM-Cfk7gujhqXtA\" target=\"_blank\" rel=\"noopener\">Chair's YouTube page<\/a><\/strong>.<\/p>\r\n<p>This series of webinars highlights the results of the Chair's work, presented in the form of interviews.<\/p>\r\n<p><iframe loading=\"lazy\" title=\"Human resources in the armaments sector: what are the challenges and responses?\" width=\"696\" height=\"392\" src=\"https:\/\/www.youtube.com\/embed\/htEwHh8qiag?feature=oembed\" frameborder=\"0\" allow=\"accelerometer; autoplay; clipboard-write; encrypted-media; gyroscope; picture-in-picture; web-share\" allowfullscreen><\/iframe><\/p>\r\n<div class=\"wp-block-buttons\">\r\n<div style=\"text-align: center;\"><a href=\"https:\/\/youtu.be\/htEwHh8qiag\" target=\"_blank\" rel=\"noopener\"><span class=\"td_btn td_btn_md td_default_btn\">watch or replay the webinar<\/span><\/a><\/div>\r\n<\/div>\r\n<!-- \/wp:post-content -->\r\n\r\n<!-- wp:paragraph -->\r\n<p>&nbsp;<\/p>\r\n<!-- \/wp:paragraph -->\r\n\r\n<!-- wp:paragraph -->\r\n<p><strong>Guests:<\/strong><\/p>\r\n<p><!-- \/wp:paragraph -->\r\n\r\n<!-- wp:paragraph --><\/p>\r\n<p><img loading=\"lazy\" decoding=\"async\" class=\"alignleft wp-image-8261 size-thumbnail\" src=\"https:\/\/ecodef-ihedn.fr\/wp-content\/uploads\/2024\/01\/Caroline-Krykwinski-150x150.jpg\" alt=\"\" width=\"150\" height=\"150\" srcset=\"https:\/\/ecodef-ihedn.fr\/wp-content\/uploads\/2024\/01\/Caroline-Krykwinski-150x150.jpg 150w, https:\/\/ecodef-ihedn.fr\/wp-content\/uploads\/2024\/01\/Caroline-Krykwinski-300x300.jpg 300w, https:\/\/ecodef-ihedn.fr\/wp-content\/uploads\/2024\/01\/Caroline-Krykwinski-420x420.jpg 420w, https:\/\/ecodef-ihedn.fr\/wp-content\/uploads\/2024\/01\/Caroline-Krykwinski.jpg 563w\" sizes=\"auto, (max-width: 150px) 100vw, 150px\" \/><\/p>\r\n<p><strong>Caroline Krykwinski<\/strong><br \/>Director of Human Resources<br \/>French Armaments Procurement Agency (DGA)<\/p>\r\n<p><!-- \/wp:paragraph -->\r\n\r\n<!-- wp:paragraph --><\/p>\r\n<p>&nbsp;<\/p>\r\n<p>&nbsp;<\/p>\r\n<p><img loading=\"lazy\" decoding=\"async\" class=\"alignleft wp-image-8263 size-thumbnail\" src=\"https:\/\/ecodef-ihedn.fr\/wp-content\/uploads\/2024\/01\/Mikael-Butterbach-150x150.jpg\" alt=\"\" width=\"150\" height=\"150\" srcset=\"https:\/\/ecodef-ihedn.fr\/wp-content\/uploads\/2024\/01\/Mikael-Butterbach-150x150.jpg 150w, https:\/\/ecodef-ihedn.fr\/wp-content\/uploads\/2024\/01\/Mikael-Butterbach-300x300.jpg 300w, https:\/\/ecodef-ihedn.fr\/wp-content\/uploads\/2024\/01\/Mikael-Butterbach.jpg 331w\" sizes=\"auto, (max-width: 150px) 100vw, 150px\" \/><\/p>\r\n<p><strong>Mika\u00ebl Butterbach<\/strong><br \/>Director of Human Resources<br \/>Airbus Defence &amp; Space, France<\/p>\r\n<p>&nbsp;<\/p>\r\n<p><strong><br \/>With :<\/strong><\/p>\r\n<p><!-- \/wp:paragraph -->\r\n\r\n<!-- wp:paragraph --><\/p>\r\n<p><img loading=\"lazy\" decoding=\"async\" class=\"alignleft wp-image-8262 size-thumbnail\" src=\"https:\/\/ecodef-ihedn.fr\/wp-content\/uploads\/2024\/01\/Jean-Belin-150x150.jpg\" alt=\"\" width=\"150\" height=\"150\" srcset=\"https:\/\/ecodef-ihedn.fr\/wp-content\/uploads\/2024\/01\/Jean-Belin-150x150.jpg 150w, https:\/\/ecodef-ihedn.fr\/wp-content\/uploads\/2024\/01\/Jean-Belin-300x300.jpg 300w, https:\/\/ecodef-ihedn.fr\/wp-content\/uploads\/2024\/01\/Jean-Belin-1024x1024.jpg 1024w, https:\/\/ecodef-ihedn.fr\/wp-content\/uploads\/2024\/01\/Jean-Belin-768x768.jpg 768w, https:\/\/ecodef-ihedn.fr\/wp-content\/uploads\/2024\/01\/Jean-Belin-1536x1536.jpg 1536w, https:\/\/ecodef-ihedn.fr\/wp-content\/uploads\/2024\/01\/Jean-Belin-696x696.jpg 696w, https:\/\/ecodef-ihedn.fr\/wp-content\/uploads\/2024\/01\/Jean-Belin-1392x1392.jpg 1392w, https:\/\/ecodef-ihedn.fr\/wp-content\/uploads\/2024\/01\/Jean-Belin-1068x1068.jpg 1068w, https:\/\/ecodef-ihedn.fr\/wp-content\/uploads\/2024\/01\/Jean-Belin-420x420.jpg 420w, https:\/\/ecodef-ihedn.fr\/wp-content\/uploads\/2024\/01\/Jean-Belin-840x840.jpg 840w, https:\/\/ecodef-ihedn.fr\/wp-content\/uploads\/2024\/01\/Jean-Belin.jpg 1784w\" sizes=\"auto, (max-width: 150px) 100vw, 150px\" \/><strong>Jean Belin<\/strong><br \/>Owner<br \/>Chair in Defence Economics - IHEDN<br \/><br \/><\/p>\r\n<p><!-- \/wp:paragraph -->\r\n\r\n<!-- wp:paragraph --><\/p>\r\n<p>&nbsp;<\/p>\r\n<p><strong>Hosted by :<\/strong><\/p>\r\n<p><!-- \/wp:paragraph -->\r\n\r\n<!-- wp:paragraph --><\/p>\r\n<p><img loading=\"lazy\" decoding=\"async\" class=\"alignleft wp-image-7839 size-thumbnail\" src=\"https:\/\/ecodef-ihedn.fr\/wp-content\/uploads\/2023\/05\/Olivier-MARTIN-150x150.png\" alt=\"\" width=\"150\" height=\"150\" srcset=\"https:\/\/ecodef-ihedn.fr\/wp-content\/uploads\/2023\/05\/Olivier-MARTIN-150x150.png 150w, https:\/\/ecodef-ihedn.fr\/wp-content\/uploads\/2023\/05\/Olivier-MARTIN.png 250w\" sizes=\"auto, (max-width: 150px) 100vw, 150px\" \/><strong>Olivier Martin<\/strong><br \/>Chairman of the Steering Committee<br \/>Chair in Defence Economics - IHEDN<\/p>\r\n<p>&nbsp;<\/p>\r\n<p>&nbsp;<\/p>\r\n<!-- \/wp:paragraph -->\r\n\r\n<!-- wp:gallery {\"linkTo\":\"none\"} -->\r\n<figure class=\"wp-block-gallery has-nested-images columns-default is-cropped\"><!-- wp:image {\"id\":7515,\"sizeSlug\":\"full\",\"linkDestination\":\"none\"} -->\r\n<figure class=\"wp-block-image size-full\"><\/figure>\r\n<!-- \/wp:image -->\r\n\r\n<!-- wp:image {\"id\":7513,\"sizeSlug\":\"full\",\"linkDestination\":\"none\"} \/-->\r\n\r\n<!-- wp:image {\"id\":7214,\"sizeSlug\":\"large\",\"linkDestination\":\"none\"} \/--><\/figure>\r\n<!-- \/wp:gallery -->","protected":false},"excerpt":{"rendered":"<p>Les ressources humaines dans le domaine de l\u2019armement : quels enjeux et quelles r\u00e9ponses ? La vid\u00e9o du huiti\u00e8me num\u00e9ro des \u00ab\u00a0Entretiens de l&rsquo;ECODEF\u00a0\u00bb, qui a eu lieu le mercredi 28 f\u00e9vrier \u00e0 8h30 \u00e0 la Biblioth\u00e8que de l&rsquo;\u00c9cole militaire (BEM), est disponible sur la page YouTube de la Chaire. Cette s\u00e9rie de webinaires met [&hellip;]<\/p>\n","protected":false},"author":2,"featured_media":8299,"comment_status":"open","ping_status":"open","sticky":false,"template":"","format":"standard","meta":{"footnotes":""},"categories":[34,355],"tags":[718,719,211,711,709,710,438,37,47,473,504,38,149,287,456,712,417,85,480,717,455],"class_list":{"0":"post-8297","1":"post","2":"type-post","3":"status-publish","4":"format-standard","5":"has-post-thumbnail","7":"category-activites","8":"category-activites-evenements-portes-par-la-chaire","9":"tag-bem","10":"tag-bibliotheque-de-lecole-militaire","11":"tag-bitd","12":"tag-caroline-krykwinski","13":"tag-directeur-des-ressources-humaines","14":"tag-drh","15":"tag-ecodef","16":"tag-economie","17":"tag-economie-de-defense","18":"tag-entretiens-de-lecodef","19":"tag-entretiens-ecodef","20":"tag-ihedn","21":"tag-industrie-de-defense","22":"tag-jean-belin","23":"tag-les-entretiens-de-lecodef","24":"tag-mikael-butterbach","25":"tag-olivier-martin","26":"tag-recrutement","27":"tag-ressources-humaines","28":"tag-rh","29":"tag-webinaire"},"yoast_head":"<!-- This site is optimized with the Yoast SEO plugin v27.4 - https:\/\/yoast.com\/product\/yoast-seo-wordpress\/ -->\n<title>[VID\u00c9O] webinaire &quot;Les ressources humaines dans le domaine de l\u2019armement : quels enjeux et quelles r\u00e9ponses ?&quot; (Les entretiens de l\u2019ECODEF #8 \/ 28 f\u00e9vrier 2024) - Chaire \u00c9conomie de d\u00e9fense - IHEDN<\/title>\n<meta name=\"robots\" content=\"index, follow, max-snippet:-1, max-image-preview:large, max-video-preview:-1\" \/>\n<link rel=\"canonical\" href=\"https:\/\/ecodef-ihedn.fr\/en\/video-webinaire-les-ressources-humaines-dans-le-domaine-de-larmement-quels-enjeux-et-quelles-reponses-les-entretiens-de-lecodef-8-28-fevrier-2024\/\" \/>\n<meta property=\"og:locale\" content=\"en_GB\" \/>\n<meta property=\"og:type\" content=\"article\" \/>\n<meta property=\"og:title\" content=\"[VID\u00c9O] webinaire &quot;Les ressources humaines dans le domaine de l\u2019armement : quels enjeux et quelles r\u00e9ponses ?&quot; (Les entretiens de l\u2019ECODEF #8 \/ 28 f\u00e9vrier 2024) - Chaire \u00c9conomie de d\u00e9fense - IHEDN\" \/>\n<meta property=\"og:description\" content=\"Les ressources humaines dans le domaine de l\u2019armement : quels enjeux et quelles r\u00e9ponses ? La vid\u00e9o du huiti\u00e8me num\u00e9ro des \u00ab\u00a0Entretiens de l&rsquo;ECODEF\u00a0\u00bb, qui a eu lieu le mercredi 28 f\u00e9vrier \u00e0 8h30 \u00e0 la Biblioth\u00e8que de l&rsquo;\u00c9cole militaire (BEM), est disponible sur la page YouTube de la Chaire. Cette s\u00e9rie de webinaires met [&hellip;]\" \/>\n<meta property=\"og:url\" content=\"https:\/\/ecodef-ihedn.fr\/en\/video-webinaire-les-ressources-humaines-dans-le-domaine-de-larmement-quels-enjeux-et-quelles-reponses-les-entretiens-de-lecodef-8-28-fevrier-2024\/\" \/>\n<meta property=\"og:site_name\" content=\"Chaire \u00c9conomie de d\u00e9fense - IHEDN\" \/>\n<meta property=\"article:published_time\" content=\"2024-02-28T16:20:27+00:00\" \/>\n<meta property=\"article:modified_time\" content=\"2024-02-28T16:42:16+00:00\" \/>\n<meta property=\"og:image\" content=\"https:\/\/ecodef-ihedn.fr\/wp-content\/uploads\/2024\/02\/20240228_084045-scaled.jpg\" \/>\n\t<meta property=\"og:image:width\" content=\"2560\" \/>\n\t<meta property=\"og:image:height\" content=\"1920\" \/>\n\t<meta property=\"og:image:type\" content=\"image\/jpeg\" \/>\n<meta name=\"author\" content=\"Bertrand Demandre\" \/>\n<meta name=\"twitter:card\" content=\"summary_large_image\" \/>\n<meta name=\"twitter:creator\" content=\"@Chaire_Ecodef\" \/>\n<meta name=\"twitter:site\" content=\"@Chaire_Ecodef\" \/>\n<meta name=\"twitter:label1\" content=\"Written by\" \/>\n\t<meta name=\"twitter:data1\" content=\"Bertrand Demandre\" \/>\n\t<meta name=\"twitter:label2\" content=\"Estimated reading time\" \/>\n\t<meta name=\"twitter:data2\" content=\"2 minutes\" \/>\n<script type=\"application\/ld+json\" class=\"yoast-schema-graph\">{\"@context\":\"https:\\\/\\\/schema.org\",\"@graph\":[{\"@type\":\"Article\",\"@id\":\"https:\\\/\\\/ecodef-ihedn.fr\\\/video-webinaire-les-ressources-humaines-dans-le-domaine-de-larmement-quels-enjeux-et-quelles-reponses-les-entretiens-de-lecodef-8-28-fevrier-2024\\\/#article\",\"isPartOf\":{\"@id\":\"https:\\\/\\\/ecodef-ihedn.fr\\\/video-webinaire-les-ressources-humaines-dans-le-domaine-de-larmement-quels-enjeux-et-quelles-reponses-les-entretiens-de-lecodef-8-28-fevrier-2024\\\/\"},\"author\":{\"name\":\"Bertrand Demandre\",\"@id\":\"https:\\\/\\\/ecodef-ihedn.fr\\\/#\\\/schema\\\/person\\\/1cdf22d028cebe278126a6e07a884d30\"},\"headline\":\"[VID\u00c9O] webinaire \u00ab\u00a0Les ressources humaines dans le domaine de l\u2019armement : quels enjeux et quelles r\u00e9ponses ?\u00a0\u00bb (Les entretiens de l\u2019ECODEF #8 \\\/ 28 f\u00e9vrier 2024)\",\"datePublished\":\"2024-02-28T16:20:27+00:00\",\"dateModified\":\"2024-02-28T16:42:16+00:00\",\"mainEntityOfPage\":{\"@id\":\"https:\\\/\\\/ecodef-ihedn.fr\\\/video-webinaire-les-ressources-humaines-dans-le-domaine-de-larmement-quels-enjeux-et-quelles-reponses-les-entretiens-de-lecodef-8-28-fevrier-2024\\\/\"},\"wordCount\":171,\"commentCount\":0,\"publisher\":{\"@id\":\"https:\\\/\\\/ecodef-ihedn.fr\\\/#organization\"},\"image\":{\"@id\":\"https:\\\/\\\/ecodef-ihedn.fr\\\/video-webinaire-les-ressources-humaines-dans-le-domaine-de-larmement-quels-enjeux-et-quelles-reponses-les-entretiens-de-lecodef-8-28-fevrier-2024\\\/#primaryimage\"},\"thumbnailUrl\":\"https:\\\/\\\/ecodef-ihedn.fr\\\/wp-content\\\/uploads\\\/2024\\\/02\\\/20240228_084045-scaled.jpg\",\"keywords\":[\"BEM\",\"biblioth\u00e8que de l'\u00c9cole militaire\",\"BITD\",\"Caroline Krykwinski\",\"Directeur des ressources humaines\",\"DRH\",\"ecodef\",\"\u00e9conomie\",\"\u00e9conomie de d\u00e9fense\",\"entretiens de l&#039;ecodef\",\"entretiens ecodef\",\"IHEDN\",\"industrie de d\u00e9fense\",\"Jean Belin\",\"les entretiens de l'ecodef\",\"Mika\u00ebl Butterbach\",\"Olivier Martin\",\"recrutement\",\"ressources humaines\",\"RH\",\"webinaire\"],\"articleSection\":[\"Activit\u00e9s\",\"Activit\u00e9s : \u00e9v\u00e9nements port\u00e9s par la Chaire\"],\"inLanguage\":\"en-GB\",\"potentialAction\":[{\"@type\":\"CommentAction\",\"name\":\"Comment\",\"target\":[\"https:\\\/\\\/ecodef-ihedn.fr\\\/video-webinaire-les-ressources-humaines-dans-le-domaine-de-larmement-quels-enjeux-et-quelles-reponses-les-entretiens-de-lecodef-8-28-fevrier-2024\\\/#respond\"]}]},{\"@type\":\"WebPage\",\"@id\":\"https:\\\/\\\/ecodef-ihedn.fr\\\/video-webinaire-les-ressources-humaines-dans-le-domaine-de-larmement-quels-enjeux-et-quelles-reponses-les-entretiens-de-lecodef-8-28-fevrier-2024\\\/\",\"url\":\"https:\\\/\\\/ecodef-ihedn.fr\\\/video-webinaire-les-ressources-humaines-dans-le-domaine-de-larmement-quels-enjeux-et-quelles-reponses-les-entretiens-de-lecodef-8-28-fevrier-2024\\\/\",\"name\":\"[VID\u00c9O] webinaire \\\"Les ressources humaines dans le domaine de l\u2019armement : quels enjeux et quelles r\u00e9ponses ?\\\" (Les entretiens de l\u2019ECODEF #8 \\\/ 28 f\u00e9vrier 2024) - Chaire \u00c9conomie de d\u00e9fense - IHEDN\",\"isPartOf\":{\"@id\":\"https:\\\/\\\/ecodef-ihedn.fr\\\/#website\"},\"primaryImageOfPage\":{\"@id\":\"https:\\\/\\\/ecodef-ihedn.fr\\\/video-webinaire-les-ressources-humaines-dans-le-domaine-de-larmement-quels-enjeux-et-quelles-reponses-les-entretiens-de-lecodef-8-28-fevrier-2024\\\/#primaryimage\"},\"image\":{\"@id\":\"https:\\\/\\\/ecodef-ihedn.fr\\\/video-webinaire-les-ressources-humaines-dans-le-domaine-de-larmement-quels-enjeux-et-quelles-reponses-les-entretiens-de-lecodef-8-28-fevrier-2024\\\/#primaryimage\"},\"thumbnailUrl\":\"https:\\\/\\\/ecodef-ihedn.fr\\\/wp-content\\\/uploads\\\/2024\\\/02\\\/20240228_084045-scaled.jpg\",\"datePublished\":\"2024-02-28T16:20:27+00:00\",\"dateModified\":\"2024-02-28T16:42:16+00:00\",\"breadcrumb\":{\"@id\":\"https:\\\/\\\/ecodef-ihedn.fr\\\/video-webinaire-les-ressources-humaines-dans-le-domaine-de-larmement-quels-enjeux-et-quelles-reponses-les-entretiens-de-lecodef-8-28-fevrier-2024\\\/#breadcrumb\"},\"inLanguage\":\"en-GB\",\"potentialAction\":[{\"@type\":\"ReadAction\",\"target\":[\"https:\\\/\\\/ecodef-ihedn.fr\\\/video-webinaire-les-ressources-humaines-dans-le-domaine-de-larmement-quels-enjeux-et-quelles-reponses-les-entretiens-de-lecodef-8-28-fevrier-2024\\\/\"]}]},{\"@type\":\"ImageObject\",\"inLanguage\":\"en-GB\",\"@id\":\"https:\\\/\\\/ecodef-ihedn.fr\\\/video-webinaire-les-ressources-humaines-dans-le-domaine-de-larmement-quels-enjeux-et-quelles-reponses-les-entretiens-de-lecodef-8-28-fevrier-2024\\\/#primaryimage\",\"url\":\"https:\\\/\\\/ecodef-ihedn.fr\\\/wp-content\\\/uploads\\\/2024\\\/02\\\/20240228_084045-scaled.jpg\",\"contentUrl\":\"https:\\\/\\\/ecodef-ihedn.fr\\\/wp-content\\\/uploads\\\/2024\\\/02\\\/20240228_084045-scaled.jpg\",\"width\":2560,\"height\":1920},{\"@type\":\"BreadcrumbList\",\"@id\":\"https:\\\/\\\/ecodef-ihedn.fr\\\/video-webinaire-les-ressources-humaines-dans-le-domaine-de-larmement-quels-enjeux-et-quelles-reponses-les-entretiens-de-lecodef-8-28-fevrier-2024\\\/#breadcrumb\",\"itemListElement\":[{\"@type\":\"ListItem\",\"position\":1,\"name\":\"Accueil\",\"item\":\"https:\\\/\\\/ecodef-ihedn.fr\\\/\"},{\"@type\":\"ListItem\",\"position\":2,\"name\":\"[VID\u00c9O] webinaire &#8220;Les ressources humaines dans le domaine de l\u2019armement : quels enjeux et quelles r\u00e9ponses ?&#8221; (Les entretiens de l\u2019ECODEF #8 \\\/ 28 f\u00e9vrier 2024)\"}]},{\"@type\":\"WebSite\",\"@id\":\"https:\\\/\\\/ecodef-ihedn.fr\\\/#website\",\"url\":\"https:\\\/\\\/ecodef-ihedn.fr\\\/\",\"name\":\"Chaire \u00c9conomie de D\u00e9fense - IHEDN\",\"description\":\"Produire &amp; soutenir, f\u00e9d\u00e9rer &amp; diffuser, \u00eatre une interface\",\"publisher\":{\"@id\":\"https:\\\/\\\/ecodef-ihedn.fr\\\/#organization\"},\"potentialAction\":[{\"@type\":\"SearchAction\",\"target\":{\"@type\":\"EntryPoint\",\"urlTemplate\":\"https:\\\/\\\/ecodef-ihedn.fr\\\/?s={search_term_string}\"},\"query-input\":{\"@type\":\"PropertyValueSpecification\",\"valueRequired\":true,\"valueName\":\"search_term_string\"}}],\"inLanguage\":\"en-GB\"},{\"@type\":\"Organization\",\"@id\":\"https:\\\/\\\/ecodef-ihedn.fr\\\/#organization\",\"name\":\"Chaire \u00c9conomie de d\u00e9fense - IHEDN\",\"url\":\"https:\\\/\\\/ecodef-ihedn.fr\\\/\",\"logo\":{\"@type\":\"ImageObject\",\"inLanguage\":\"en-GB\",\"@id\":\"https:\\\/\\\/ecodef-ihedn.fr\\\/#\\\/schema\\\/logo\\\/image\\\/\",\"url\":\"https:\\\/\\\/ecodef-ihedn.fr\\\/wp-content\\\/uploads\\\/2020\\\/04\\\/logoEcodef9.jpg\",\"contentUrl\":\"https:\\\/\\\/ecodef-ihedn.fr\\\/wp-content\\\/uploads\\\/2020\\\/04\\\/logoEcodef9.jpg\",\"width\":410,\"height\":212,\"caption\":\"Chaire \u00c9conomie de d\u00e9fense - IHEDN\"},\"image\":{\"@id\":\"https:\\\/\\\/ecodef-ihedn.fr\\\/#\\\/schema\\\/logo\\\/image\\\/\"},\"sameAs\":[\"https:\\\/\\\/x.com\\\/Chaire_Ecodef\",\"https:\\\/\\\/www.linkedin.com\\\/company\\\/chaire-ecodef-ihedn\\\/\"]},{\"@type\":\"Person\",\"@id\":\"https:\\\/\\\/ecodef-ihedn.fr\\\/#\\\/schema\\\/person\\\/1cdf22d028cebe278126a6e07a884d30\",\"name\":\"Bertrand Demandre\",\"image\":{\"@type\":\"ImageObject\",\"inLanguage\":\"en-GB\",\"@id\":\"https:\\\/\\\/secure.gravatar.com\\\/avatar\\\/d9c9746d6c900ab5b9c0f9b1fa3932e369da923da247d624b8f7ab4ba8a3c093?s=96&d=mm&r=g\",\"url\":\"https:\\\/\\\/secure.gravatar.com\\\/avatar\\\/d9c9746d6c900ab5b9c0f9b1fa3932e369da923da247d624b8f7ab4ba8a3c093?s=96&d=mm&r=g\",\"contentUrl\":\"https:\\\/\\\/secure.gravatar.com\\\/avatar\\\/d9c9746d6c900ab5b9c0f9b1fa3932e369da923da247d624b8f7ab4ba8a3c093?s=96&d=mm&r=g\",\"caption\":\"Bertrand Demandre\"},\"url\":\"https:\\\/\\\/ecodef-ihedn.fr\\\/en\\\/author\\\/bertrand\\\/\"}]}<\/script>\n<!-- \/ Yoast SEO plugin. -->","yoast_head_json":{"title":"[VID\u00c9O] webinaire \"Les ressources humaines dans le domaine de l\u2019armement : quels enjeux et quelles r\u00e9ponses ?\" (Les entretiens de l\u2019ECODEF #8 \/ 28 f\u00e9vrier 2024) - Chaire \u00c9conomie de d\u00e9fense - IHEDN","robots":{"index":"index","follow":"follow","max-snippet":"max-snippet:-1","max-image-preview":"max-image-preview:large","max-video-preview":"max-video-preview:-1"},"canonical":"https:\/\/ecodef-ihedn.fr\/en\/video-webinaire-les-ressources-humaines-dans-le-domaine-de-larmement-quels-enjeux-et-quelles-reponses-les-entretiens-de-lecodef-8-28-fevrier-2024\/","og_locale":"en_GB","og_type":"article","og_title":"[VID\u00c9O] webinaire \"Les ressources humaines dans le domaine de l\u2019armement : quels enjeux et quelles r\u00e9ponses ?\" (Les entretiens de l\u2019ECODEF #8 \/ 28 f\u00e9vrier 2024) - Chaire \u00c9conomie de d\u00e9fense - IHEDN","og_description":"Les ressources humaines dans le domaine de l\u2019armement : quels enjeux et quelles r\u00e9ponses ? La vid\u00e9o du huiti\u00e8me num\u00e9ro des \u00ab\u00a0Entretiens de l&rsquo;ECODEF\u00a0\u00bb, qui a eu lieu le mercredi 28 f\u00e9vrier \u00e0 8h30 \u00e0 la Biblioth\u00e8que de l&rsquo;\u00c9cole militaire (BEM), est disponible sur la page YouTube de la Chaire. Cette s\u00e9rie de webinaires met [&hellip;]","og_url":"https:\/\/ecodef-ihedn.fr\/en\/video-webinaire-les-ressources-humaines-dans-le-domaine-de-larmement-quels-enjeux-et-quelles-reponses-les-entretiens-de-lecodef-8-28-fevrier-2024\/","og_site_name":"Chaire \u00c9conomie de d\u00e9fense - IHEDN","article_published_time":"2024-02-28T16:20:27+00:00","article_modified_time":"2024-02-28T16:42:16+00:00","og_image":[{"width":2560,"height":1920,"url":"https:\/\/ecodef-ihedn.fr\/wp-content\/uploads\/2024\/02\/20240228_084045-scaled.jpg","type":"image\/jpeg"}],"author":"Bertrand Demandre","twitter_card":"summary_large_image","twitter_creator":"@Chaire_Ecodef","twitter_site":"@Chaire_Ecodef","twitter_misc":{"Written by":"Bertrand Demandre","Estimated reading time":"2 minutes"},"schema":{"@context":"https:\/\/schema.org","@graph":[{"@type":"Article","@id":"https:\/\/ecodef-ihedn.fr\/video-webinaire-les-ressources-humaines-dans-le-domaine-de-larmement-quels-enjeux-et-quelles-reponses-les-entretiens-de-lecodef-8-28-fevrier-2024\/#article","isPartOf":{"@id":"https:\/\/ecodef-ihedn.fr\/video-webinaire-les-ressources-humaines-dans-le-domaine-de-larmement-quels-enjeux-et-quelles-reponses-les-entretiens-de-lecodef-8-28-fevrier-2024\/"},"author":{"name":"Bertrand Demandre","@id":"https:\/\/ecodef-ihedn.fr\/#\/schema\/person\/1cdf22d028cebe278126a6e07a884d30"},"headline":"[VID\u00c9O] webinaire \u00ab\u00a0Les ressources humaines dans le domaine de l\u2019armement : quels enjeux et quelles r\u00e9ponses ?\u00a0\u00bb (Les entretiens de l\u2019ECODEF #8 \/ 28 f\u00e9vrier 2024)","datePublished":"2024-02-28T16:20:27+00:00","dateModified":"2024-02-28T16:42:16+00:00","mainEntityOfPage":{"@id":"https:\/\/ecodef-ihedn.fr\/video-webinaire-les-ressources-humaines-dans-le-domaine-de-larmement-quels-enjeux-et-quelles-reponses-les-entretiens-de-lecodef-8-28-fevrier-2024\/"},"wordCount":171,"commentCount":0,"publisher":{"@id":"https:\/\/ecodef-ihedn.fr\/#organization"},"image":{"@id":"https:\/\/ecodef-ihedn.fr\/video-webinaire-les-ressources-humaines-dans-le-domaine-de-larmement-quels-enjeux-et-quelles-reponses-les-entretiens-de-lecodef-8-28-fevrier-2024\/#primaryimage"},"thumbnailUrl":"https:\/\/ecodef-ihedn.fr\/wp-content\/uploads\/2024\/02\/20240228_084045-scaled.jpg","keywords":["BEM","biblioth\u00e8que de l'\u00c9cole militaire","BITD","Caroline Krykwinski","Directeur des ressources humaines","DRH","ecodef","\u00e9conomie","\u00e9conomie de d\u00e9fense","entretiens de l&#039;ecodef","entretiens ecodef","IHEDN","industrie de d\u00e9fense","Jean Belin","les entretiens de l'ecodef","Mika\u00ebl Butterbach","Olivier Martin","recrutement","ressources humaines","RH","webinaire"],"articleSection":["Activit\u00e9s","Activit\u00e9s : \u00e9v\u00e9nements port\u00e9s par la Chaire"],"inLanguage":"en-GB","potentialAction":[{"@type":"CommentAction","name":"Comment","target":["https:\/\/ecodef-ihedn.fr\/video-webinaire-les-ressources-humaines-dans-le-domaine-de-larmement-quels-enjeux-et-quelles-reponses-les-entretiens-de-lecodef-8-28-fevrier-2024\/#respond"]}]},{"@type":"WebPage","@id":"https:\/\/ecodef-ihedn.fr\/video-webinaire-les-ressources-humaines-dans-le-domaine-de-larmement-quels-enjeux-et-quelles-reponses-les-entretiens-de-lecodef-8-28-fevrier-2024\/","url":"https:\/\/ecodef-ihedn.fr\/video-webinaire-les-ressources-humaines-dans-le-domaine-de-larmement-quels-enjeux-et-quelles-reponses-les-entretiens-de-lecodef-8-28-fevrier-2024\/","name":"[VID\u00c9O] webinaire \"Les ressources humaines dans le domaine de l\u2019armement : quels enjeux et quelles r\u00e9ponses ?\" (Les entretiens de l\u2019ECODEF #8 \/ 28 f\u00e9vrier 2024) - Chaire \u00c9conomie de d\u00e9fense - IHEDN","isPartOf":{"@id":"https:\/\/ecodef-ihedn.fr\/#website"},"primaryImageOfPage":{"@id":"https:\/\/ecodef-ihedn.fr\/video-webinaire-les-ressources-humaines-dans-le-domaine-de-larmement-quels-enjeux-et-quelles-reponses-les-entretiens-de-lecodef-8-28-fevrier-2024\/#primaryimage"},"image":{"@id":"https:\/\/ecodef-ihedn.fr\/video-webinaire-les-ressources-humaines-dans-le-domaine-de-larmement-quels-enjeux-et-quelles-reponses-les-entretiens-de-lecodef-8-28-fevrier-2024\/#primaryimage"},"thumbnailUrl":"https:\/\/ecodef-ihedn.fr\/wp-content\/uploads\/2024\/02\/20240228_084045-scaled.jpg","datePublished":"2024-02-28T16:20:27+00:00","dateModified":"2024-02-28T16:42:16+00:00","breadcrumb":{"@id":"https:\/\/ecodef-ihedn.fr\/video-webinaire-les-ressources-humaines-dans-le-domaine-de-larmement-quels-enjeux-et-quelles-reponses-les-entretiens-de-lecodef-8-28-fevrier-2024\/#breadcrumb"},"inLanguage":"en-GB","potentialAction":[{"@type":"ReadAction","target":["https:\/\/ecodef-ihedn.fr\/video-webinaire-les-ressources-humaines-dans-le-domaine-de-larmement-quels-enjeux-et-quelles-reponses-les-entretiens-de-lecodef-8-28-fevrier-2024\/"]}]},{"@type":"ImageObject","inLanguage":"en-GB","@id":"https:\/\/ecodef-ihedn.fr\/video-webinaire-les-ressources-humaines-dans-le-domaine-de-larmement-quels-enjeux-et-quelles-reponses-les-entretiens-de-lecodef-8-28-fevrier-2024\/#primaryimage","url":"https:\/\/ecodef-ihedn.fr\/wp-content\/uploads\/2024\/02\/20240228_084045-scaled.jpg","contentUrl":"https:\/\/ecodef-ihedn.fr\/wp-content\/uploads\/2024\/02\/20240228_084045-scaled.jpg","width":2560,"height":1920},{"@type":"BreadcrumbList","@id":"https:\/\/ecodef-ihedn.fr\/video-webinaire-les-ressources-humaines-dans-le-domaine-de-larmement-quels-enjeux-et-quelles-reponses-les-entretiens-de-lecodef-8-28-fevrier-2024\/#breadcrumb","itemListElement":[{"@type":"ListItem","position":1,"name":"Accueil","item":"https:\/\/ecodef-ihedn.fr\/"},{"@type":"ListItem","position":2,"name":"[VID\u00c9O] webinaire &#8220;Les ressources humaines dans le domaine de l\u2019armement : quels enjeux et quelles r\u00e9ponses ?&#8221; (Les entretiens de l\u2019ECODEF #8 \/ 28 f\u00e9vrier 2024)"}]},{"@type":"WebSite","@id":"https:\/\/ecodef-ihedn.fr\/#website","url":"https:\/\/ecodef-ihedn.fr\/","name":"Chair in Defence Economics - IHEDN","description":"Produce &amp; support, federate &amp; disseminate, act as an interface","publisher":{"@id":"https:\/\/ecodef-ihedn.fr\/#organization"},"potentialAction":[{"@type":"SearchAction","target":{"@type":"EntryPoint","urlTemplate":"https:\/\/ecodef-ihedn.fr\/?s={search_term_string}"},"query-input":{"@type":"PropertyValueSpecification","valueRequired":true,"valueName":"search_term_string"}}],"inLanguage":"en-GB"},{"@type":"Organization","@id":"https:\/\/ecodef-ihedn.fr\/#organization","name":"Chair in Defence Economics - IHEDN","url":"https:\/\/ecodef-ihedn.fr\/","logo":{"@type":"ImageObject","inLanguage":"en-GB","@id":"https:\/\/ecodef-ihedn.fr\/#\/schema\/logo\/image\/","url":"https:\/\/ecodef-ihedn.fr\/wp-content\/uploads\/2020\/04\/logoEcodef9.jpg","contentUrl":"https:\/\/ecodef-ihedn.fr\/wp-content\/uploads\/2020\/04\/logoEcodef9.jpg","width":410,"height":212,"caption":"Chaire \u00c9conomie de d\u00e9fense - IHEDN"},"image":{"@id":"https:\/\/ecodef-ihedn.fr\/#\/schema\/logo\/image\/"},"sameAs":["https:\/\/x.com\/Chaire_Ecodef","https:\/\/www.linkedin.com\/company\/chaire-ecodef-ihedn\/"]},{"@type":"Person","@id":"https:\/\/ecodef-ihedn.fr\/#\/schema\/person\/1cdf22d028cebe278126a6e07a884d30","name":"Bertrand Demandre","image":{"@type":"ImageObject","inLanguage":"en-GB","@id":"https:\/\/secure.gravatar.com\/avatar\/d9c9746d6c900ab5b9c0f9b1fa3932e369da923da247d624b8f7ab4ba8a3c093?s=96&d=mm&r=g","url":"https:\/\/secure.gravatar.com\/avatar\/d9c9746d6c900ab5b9c0f9b1fa3932e369da923da247d624b8f7ab4ba8a3c093?s=96&d=mm&r=g","contentUrl":"https:\/\/secure.gravatar.com\/avatar\/d9c9746d6c900ab5b9c0f9b1fa3932e369da923da247d624b8f7ab4ba8a3c093?s=96&d=mm&r=g","caption":"Bertrand Demandre"},"url":"https:\/\/ecodef-ihedn.fr\/en\/author\/bertrand\/"}]}},"_links":{"self":[{"href":"https:\/\/ecodef-ihedn.fr\/en\/wp-json\/wp\/v2\/posts\/8297","targetHints":{"allow":["GET"]}}],"collection":[{"href":"https:\/\/ecodef-ihedn.fr\/en\/wp-json\/wp\/v2\/posts"}],"about":[{"href":"https:\/\/ecodef-ihedn.fr\/en\/wp-json\/wp\/v2\/types\/post"}],"author":[{"embeddable":true,"href":"https:\/\/ecodef-ihedn.fr\/en\/wp-json\/wp\/v2\/users\/2"}],"replies":[{"embeddable":true,"href":"https:\/\/ecodef-ihedn.fr\/en\/wp-json\/wp\/v2\/comments?post=8297"}],"version-history":[{"count":2,"href":"https:\/\/ecodef-ihedn.fr\/en\/wp-json\/wp\/v2\/posts\/8297\/revisions"}],"predecessor-version":[{"id":8300,"href":"https:\/\/ecodef-ihedn.fr\/en\/wp-json\/wp\/v2\/posts\/8297\/revisions\/8300"}],"wp:featuredmedia":[{"embeddable":true,"href":"https:\/\/ecodef-ihedn.fr\/en\/wp-json\/wp\/v2\/media\/8299"}],"wp:attachment":[{"href":"https:\/\/ecodef-ihedn.fr\/en\/wp-json\/wp\/v2\/media?parent=8297"}],"wp:term":[{"taxonomy":"category","embeddable":true,"href":"https:\/\/ecodef-ihedn.fr\/en\/wp-json\/wp\/v2\/categories?post=8297"},{"taxonomy":"post_tag","embeddable":true,"href":"https:\/\/ecodef-ihedn.fr\/en\/wp-json\/wp\/v2\/tags?post=8297"}],"curies":[{"name":"wp","href":"https:\/\/api.w.org\/{rel}","templated":true}]}}