{"id":8326,"date":"2024-03-22T17:26:42","date_gmt":"2024-03-22T17:26:42","guid":{"rendered":"https:\/\/ecodef-ihedn.fr\/intervention-de-josselin-droff-et-julien-malizard-au-cems-air-15-mars-2023-copy\/"},"modified":"2024-03-27T17:35:48","modified_gmt":"2024-03-27T17:35:48","slug":"intervention-de-josselin-droff-et-julien-malizard-au-cems-air-ecole-militaire-20-mars-2024","status":"publish","type":"post","link":"https:\/\/ecodef-ihedn.fr\/en\/intervention-de-josselin-droff-et-julien-malizard-au-cems-air-ecole-militaire-20-mars-2024\/","title":{"rendered":"Speech by Josselin Droff and Julien Malizard at the CEMS Air (\u00c9cole militaire, 20 March 2024)"},"content":{"rendered":"<p><strong>Josselin Droff<\/strong> and <strong>Julien Malizard<\/strong>, Researchers at the Chair, spoke at the Centre d'\u00e9tudes strat\u00e9giques a\u00e9rospatiales (CESA) at a <strong>round table of the Centre d'enseignement militaire sup\u00e9rieur Air (CEMS Air)<\/strong> dedicated to the Defence Economy and <strong>challenges facing the Defence Technological and Industrial Base (DTIB)<\/strong> French.<\/p>\r\n\r\n\r\n<div class=\"wp-block-image\">\r\n<figure class=\"aligncenter size-large is-resized\"><a href=\"https:\/\/ecodef-ihedn.fr\/wp-content\/uploads\/2024\/03\/julien_2-scaled.jpg\"><img loading=\"lazy\" decoding=\"async\" class=\"aligncenter wp-image-8328\" src=\"https:\/\/ecodef-ihedn.fr\/wp-content\/uploads\/2024\/03\/julien_2-768x1024.jpg\" alt=\"\" width=\"481\" height=\"641\" srcset=\"https:\/\/ecodef-ihedn.fr\/wp-content\/uploads\/2024\/03\/julien_2-768x1024.jpg 768w, https:\/\/ecodef-ihedn.fr\/wp-content\/uploads\/2024\/03\/julien_2-225x300.jpg 225w, https:\/\/ecodef-ihedn.fr\/wp-content\/uploads\/2024\/03\/julien_2-1152x1536.jpg 1152w, https:\/\/ecodef-ihedn.fr\/wp-content\/uploads\/2024\/03\/julien_2-1536x2048.jpg 1536w, https:\/\/ecodef-ihedn.fr\/wp-content\/uploads\/2024\/03\/julien_2-315x420.jpg 315w, https:\/\/ecodef-ihedn.fr\/wp-content\/uploads\/2024\/03\/julien_2-630x840.jpg 630w, https:\/\/ecodef-ihedn.fr\/wp-content\/uploads\/2024\/03\/julien_2-696x928.jpg 696w, https:\/\/ecodef-ihedn.fr\/wp-content\/uploads\/2024\/03\/julien_2-1392x1855.jpg 1392w, https:\/\/ecodef-ihedn.fr\/wp-content\/uploads\/2024\/03\/julien_2-1068x1424.jpg 1068w, https:\/\/ecodef-ihedn.fr\/wp-content\/uploads\/2024\/03\/julien_2-1920x2559.jpg 1920w, https:\/\/ecodef-ihedn.fr\/wp-content\/uploads\/2024\/03\/julien_2-scaled.jpg 1921w\" sizes=\"auto, (max-width: 481px) 100vw, 481px\" \/><\/a>\r\n<figcaption class=\"wp-element-caption\">Julien MALIZARD \/ CEMS Air \/ 20 March 2024<\/figcaption>\r\n<\/figure>\r\n<\/div>\r\n\r\n\r\n<p>Various <strong>methodological elements<\/strong> on the construction of defence budgets, the measurement of jobs, available sources and the value (and limitations) of international comparisons were discussed with the auditors.<\/p>\r\n<p>The researchers addressed <strong>economic impact and spin-offs<\/strong> linked to the existence of a DTIB. The issues at\u2019<strong>national and regional <\/strong>were discussed (calculation and value of income and employment multipliers, long-term impact on innovation and the industrial fabric, a country's ability to preserve sovereign skills in defence), as well as <strong>international issues<\/strong> through the themes of arms exports, technology transfers and international industrial cooperation.\u00a0<\/p>\r\n<p>The <strong>consequences of the conflict in Ukraine<\/strong> on the DTIB and French defence policy (industrial issues, changes in competition, definition of sovereignty and priority skills, etc.) were also at the heart of the discussions.<\/p>\r\n<p>To deepen the discussions with the audience, the Chair's researchers were accompanied by <strong>two industry representatives<\/strong>, one of\u2019<strong>Airbus<\/strong> and the other from <strong>Thales<\/strong>, Their contributions enriched the discussions, in particular on the themes of innovation, the civil-military duality, and the challenges linked to attractiveness and human resources in the sector.<\/p>","protected":false},"excerpt":{"rendered":"<p>Josselin Droff et Julien Malizard, Chercheurs \u00e0 la Chaire, sont intervenus au Centre d&rsquo;\u00e9tudes strat\u00e9giques a\u00e9rospatiales (CESA) lors d&rsquo;une table ronde du Centre d&rsquo;enseignement militaire sup\u00e9rieur Air (CEMS Air) consacr\u00e9e \u00e0 l\u2019\u00c9conomie de d\u00e9fense et aux enjeux de la Base industrielle et technologique de d\u00e9fense (BITD) fran\u00e7aise. Diff\u00e9rents \u00e9l\u00e9ments de m\u00e9thode concernant la construction des [&hellip;]<\/p>\n","protected":false},"author":2,"featured_media":8328,"comment_status":"open","ping_status":"open","sticky":false,"template":"","format":"standard","meta":{"footnotes":""},"categories":[34,356],"tags":[210,211,421,454,162,41,47,38,202,86],"class_list":{"0":"post-8326","1":"post","2":"type-post","3":"status-publish","4":"format-standard","5":"has-post-thumbnail","7":"category-activites","8":"category-activites-participation-de-la-chaire-a-un-evenement","9":"tag-base-industrielle-et-technologique-de-defense","10":"tag-bitd","11":"tag-cems-air","12":"tag-cesa","13":"tag-chaire-economie-de-defense","14":"tag-conference","15":"tag-economie-de-defense","16":"tag-ihedn","17":"tag-josselin-droff","18":"tag-julien-malizard"},"yoast_head":"<!-- This site is optimized with the Yoast SEO plugin v27.4 - https:\/\/yoast.com\/product\/yoast-seo-wordpress\/ -->\n<title>Intervention de Josselin Droff et Julien Malizard au CEMS Air (\u00c9cole militaire, 20 mars 2024) - Chaire \u00c9conomie de d\u00e9fense - IHEDN<\/title>\n<meta name=\"robots\" content=\"index, follow, max-snippet:-1, max-image-preview:large, max-video-preview:-1\" \/>\n<link rel=\"canonical\" href=\"https:\/\/ecodef-ihedn.fr\/en\/intervention-de-josselin-droff-et-julien-malizard-au-cems-air-ecole-militaire-20-mars-2024\/\" \/>\n<meta property=\"og:locale\" content=\"en_GB\" \/>\n<meta property=\"og:type\" content=\"article\" \/>\n<meta property=\"og:title\" content=\"Intervention de Josselin Droff et Julien Malizard au CEMS Air (\u00c9cole militaire, 20 mars 2024) - Chaire \u00c9conomie de d\u00e9fense - IHEDN\" \/>\n<meta property=\"og:description\" content=\"Josselin Droff et Julien Malizard, Chercheurs \u00e0 la Chaire, sont intervenus au Centre d&rsquo;\u00e9tudes strat\u00e9giques a\u00e9rospatiales (CESA) lors d&rsquo;une table ronde du Centre d&rsquo;enseignement militaire sup\u00e9rieur Air (CEMS Air) consacr\u00e9e \u00e0 l\u2019\u00c9conomie de d\u00e9fense et aux enjeux de la Base industrielle et technologique de d\u00e9fense (BITD) fran\u00e7aise. Diff\u00e9rents \u00e9l\u00e9ments de m\u00e9thode concernant la construction des [&hellip;]\" \/>\n<meta property=\"og:url\" content=\"https:\/\/ecodef-ihedn.fr\/en\/intervention-de-josselin-droff-et-julien-malizard-au-cems-air-ecole-militaire-20-mars-2024\/\" \/>\n<meta property=\"og:site_name\" content=\"Chaire \u00c9conomie de d\u00e9fense - IHEDN\" \/>\n<meta property=\"article:published_time\" content=\"2024-03-22T17:26:42+00:00\" \/>\n<meta property=\"article:modified_time\" content=\"2024-03-27T17:35:48+00:00\" \/>\n<meta property=\"og:image\" content=\"https:\/\/ecodef-ihedn.fr\/wp-content\/uploads\/2024\/03\/julien_2-scaled.jpg\" \/>\n\t<meta property=\"og:image:width\" content=\"1921\" \/>\n\t<meta property=\"og:image:height\" content=\"2560\" \/>\n\t<meta property=\"og:image:type\" content=\"image\/jpeg\" \/>\n<meta name=\"author\" content=\"Bertrand Demandre\" \/>\n<meta name=\"twitter:card\" content=\"summary_large_image\" \/>\n<meta name=\"twitter:creator\" content=\"@Chaire_Ecodef\" \/>\n<meta name=\"twitter:site\" content=\"@Chaire_Ecodef\" \/>\n<meta name=\"twitter:label1\" content=\"Written by\" \/>\n\t<meta name=\"twitter:data1\" content=\"Bertrand Demandre\" \/>\n\t<meta name=\"twitter:label2\" content=\"Estimated reading time\" \/>\n\t<meta name=\"twitter:data2\" content=\"2 minutes\" \/>\n<script type=\"application\/ld+json\" class=\"yoast-schema-graph\">{\"@context\":\"https:\\\/\\\/schema.org\",\"@graph\":[{\"@type\":\"Article\",\"@id\":\"https:\\\/\\\/ecodef-ihedn.fr\\\/intervention-de-josselin-droff-et-julien-malizard-au-cems-air-ecole-militaire-20-mars-2024\\\/#article\",\"isPartOf\":{\"@id\":\"https:\\\/\\\/ecodef-ihedn.fr\\\/intervention-de-josselin-droff-et-julien-malizard-au-cems-air-ecole-militaire-20-mars-2024\\\/\"},\"author\":{\"name\":\"Bertrand Demandre\",\"@id\":\"https:\\\/\\\/ecodef-ihedn.fr\\\/#\\\/schema\\\/person\\\/1cdf22d028cebe278126a6e07a884d30\"},\"headline\":\"Intervention de Josselin Droff et Julien Malizard au CEMS Air (\u00c9cole militaire, 20 mars 2024)\",\"datePublished\":\"2024-03-22T17:26:42+00:00\",\"dateModified\":\"2024-03-27T17:35:48+00:00\",\"mainEntityOfPage\":{\"@id\":\"https:\\\/\\\/ecodef-ihedn.fr\\\/intervention-de-josselin-droff-et-julien-malizard-au-cems-air-ecole-militaire-20-mars-2024\\\/\"},\"wordCount\":315,\"commentCount\":0,\"publisher\":{\"@id\":\"https:\\\/\\\/ecodef-ihedn.fr\\\/#organization\"},\"image\":{\"@id\":\"https:\\\/\\\/ecodef-ihedn.fr\\\/intervention-de-josselin-droff-et-julien-malizard-au-cems-air-ecole-militaire-20-mars-2024\\\/#primaryimage\"},\"thumbnailUrl\":\"https:\\\/\\\/ecodef-ihedn.fr\\\/wp-content\\\/uploads\\\/2024\\\/03\\\/julien_2-scaled.jpg\",\"keywords\":[\"Base Industrielle et Technologique de D\u00e9fense\",\"BITD\",\"CEMS Air\",\"CESA\",\"chaire \u00e9conomie de d\u00e9fense\",\"conf\u00e9rence\",\"\u00e9conomie de d\u00e9fense\",\"IHEDN\",\"Josselin Droff\",\"Julien Malizard\"],\"articleSection\":[\"Activit\u00e9s\",\"Activit\u00e9s : participation de la Chaire \u00e0 un \u00e9v\u00e9nement\"],\"inLanguage\":\"en-GB\",\"potentialAction\":[{\"@type\":\"CommentAction\",\"name\":\"Comment\",\"target\":[\"https:\\\/\\\/ecodef-ihedn.fr\\\/intervention-de-josselin-droff-et-julien-malizard-au-cems-air-ecole-militaire-20-mars-2024\\\/#respond\"]}]},{\"@type\":\"WebPage\",\"@id\":\"https:\\\/\\\/ecodef-ihedn.fr\\\/intervention-de-josselin-droff-et-julien-malizard-au-cems-air-ecole-militaire-20-mars-2024\\\/\",\"url\":\"https:\\\/\\\/ecodef-ihedn.fr\\\/intervention-de-josselin-droff-et-julien-malizard-au-cems-air-ecole-militaire-20-mars-2024\\\/\",\"name\":\"Intervention de Josselin Droff et Julien Malizard au CEMS Air (\u00c9cole militaire, 20 mars 2024) - Chaire \u00c9conomie de d\u00e9fense - IHEDN\",\"isPartOf\":{\"@id\":\"https:\\\/\\\/ecodef-ihedn.fr\\\/#website\"},\"primaryImageOfPage\":{\"@id\":\"https:\\\/\\\/ecodef-ihedn.fr\\\/intervention-de-josselin-droff-et-julien-malizard-au-cems-air-ecole-militaire-20-mars-2024\\\/#primaryimage\"},\"image\":{\"@id\":\"https:\\\/\\\/ecodef-ihedn.fr\\\/intervention-de-josselin-droff-et-julien-malizard-au-cems-air-ecole-militaire-20-mars-2024\\\/#primaryimage\"},\"thumbnailUrl\":\"https:\\\/\\\/ecodef-ihedn.fr\\\/wp-content\\\/uploads\\\/2024\\\/03\\\/julien_2-scaled.jpg\",\"datePublished\":\"2024-03-22T17:26:42+00:00\",\"dateModified\":\"2024-03-27T17:35:48+00:00\",\"breadcrumb\":{\"@id\":\"https:\\\/\\\/ecodef-ihedn.fr\\\/intervention-de-josselin-droff-et-julien-malizard-au-cems-air-ecole-militaire-20-mars-2024\\\/#breadcrumb\"},\"inLanguage\":\"en-GB\",\"potentialAction\":[{\"@type\":\"ReadAction\",\"target\":[\"https:\\\/\\\/ecodef-ihedn.fr\\\/intervention-de-josselin-droff-et-julien-malizard-au-cems-air-ecole-militaire-20-mars-2024\\\/\"]}]},{\"@type\":\"ImageObject\",\"inLanguage\":\"en-GB\",\"@id\":\"https:\\\/\\\/ecodef-ihedn.fr\\\/intervention-de-josselin-droff-et-julien-malizard-au-cems-air-ecole-militaire-20-mars-2024\\\/#primaryimage\",\"url\":\"https:\\\/\\\/ecodef-ihedn.fr\\\/wp-content\\\/uploads\\\/2024\\\/03\\\/julien_2-scaled.jpg\",\"contentUrl\":\"https:\\\/\\\/ecodef-ihedn.fr\\\/wp-content\\\/uploads\\\/2024\\\/03\\\/julien_2-scaled.jpg\",\"width\":1921,\"height\":2560},{\"@type\":\"BreadcrumbList\",\"@id\":\"https:\\\/\\\/ecodef-ihedn.fr\\\/intervention-de-josselin-droff-et-julien-malizard-au-cems-air-ecole-militaire-20-mars-2024\\\/#breadcrumb\",\"itemListElement\":[{\"@type\":\"ListItem\",\"position\":1,\"name\":\"Accueil\",\"item\":\"https:\\\/\\\/ecodef-ihedn.fr\\\/\"},{\"@type\":\"ListItem\",\"position\":2,\"name\":\"Intervention de Josselin Droff et Julien Malizard au CEMS Air (\u00c9cole militaire, 20 mars 2024)\"}]},{\"@type\":\"WebSite\",\"@id\":\"https:\\\/\\\/ecodef-ihedn.fr\\\/#website\",\"url\":\"https:\\\/\\\/ecodef-ihedn.fr\\\/\",\"name\":\"Chaire \u00c9conomie de D\u00e9fense - IHEDN\",\"description\":\"Produire &amp; soutenir, f\u00e9d\u00e9rer &amp; diffuser, \u00eatre une interface\",\"publisher\":{\"@id\":\"https:\\\/\\\/ecodef-ihedn.fr\\\/#organization\"},\"potentialAction\":[{\"@type\":\"SearchAction\",\"target\":{\"@type\":\"EntryPoint\",\"urlTemplate\":\"https:\\\/\\\/ecodef-ihedn.fr\\\/?s={search_term_string}\"},\"query-input\":{\"@type\":\"PropertyValueSpecification\",\"valueRequired\":true,\"valueName\":\"search_term_string\"}}],\"inLanguage\":\"en-GB\"},{\"@type\":\"Organization\",\"@id\":\"https:\\\/\\\/ecodef-ihedn.fr\\\/#organization\",\"name\":\"Chaire \u00c9conomie de d\u00e9fense - IHEDN\",\"url\":\"https:\\\/\\\/ecodef-ihedn.fr\\\/\",\"logo\":{\"@type\":\"ImageObject\",\"inLanguage\":\"en-GB\",\"@id\":\"https:\\\/\\\/ecodef-ihedn.fr\\\/#\\\/schema\\\/logo\\\/image\\\/\",\"url\":\"https:\\\/\\\/ecodef-ihedn.fr\\\/wp-content\\\/uploads\\\/2020\\\/04\\\/logoEcodef9.jpg\",\"contentUrl\":\"https:\\\/\\\/ecodef-ihedn.fr\\\/wp-content\\\/uploads\\\/2020\\\/04\\\/logoEcodef9.jpg\",\"width\":410,\"height\":212,\"caption\":\"Chaire \u00c9conomie de d\u00e9fense - IHEDN\"},\"image\":{\"@id\":\"https:\\\/\\\/ecodef-ihedn.fr\\\/#\\\/schema\\\/logo\\\/image\\\/\"},\"sameAs\":[\"https:\\\/\\\/x.com\\\/Chaire_Ecodef\",\"https:\\\/\\\/www.linkedin.com\\\/company\\\/chaire-ecodef-ihedn\\\/\"]},{\"@type\":\"Person\",\"@id\":\"https:\\\/\\\/ecodef-ihedn.fr\\\/#\\\/schema\\\/person\\\/1cdf22d028cebe278126a6e07a884d30\",\"name\":\"Bertrand Demandre\",\"image\":{\"@type\":\"ImageObject\",\"inLanguage\":\"en-GB\",\"@id\":\"https:\\\/\\\/secure.gravatar.com\\\/avatar\\\/d9c9746d6c900ab5b9c0f9b1fa3932e369da923da247d624b8f7ab4ba8a3c093?s=96&d=mm&r=g\",\"url\":\"https:\\\/\\\/secure.gravatar.com\\\/avatar\\\/d9c9746d6c900ab5b9c0f9b1fa3932e369da923da247d624b8f7ab4ba8a3c093?s=96&d=mm&r=g\",\"contentUrl\":\"https:\\\/\\\/secure.gravatar.com\\\/avatar\\\/d9c9746d6c900ab5b9c0f9b1fa3932e369da923da247d624b8f7ab4ba8a3c093?s=96&d=mm&r=g\",\"caption\":\"Bertrand Demandre\"},\"url\":\"https:\\\/\\\/ecodef-ihedn.fr\\\/en\\\/author\\\/bertrand\\\/\"}]}<\/script>\n<!-- \/ Yoast SEO plugin. -->","yoast_head_json":{"title":"Intervention de Josselin Droff et Julien Malizard au CEMS Air (\u00c9cole militaire, 20 mars 2024) - Chaire \u00c9conomie de d\u00e9fense - IHEDN","robots":{"index":"index","follow":"follow","max-snippet":"max-snippet:-1","max-image-preview":"max-image-preview:large","max-video-preview":"max-video-preview:-1"},"canonical":"https:\/\/ecodef-ihedn.fr\/en\/intervention-de-josselin-droff-et-julien-malizard-au-cems-air-ecole-militaire-20-mars-2024\/","og_locale":"en_GB","og_type":"article","og_title":"Intervention de Josselin Droff et Julien Malizard au CEMS Air (\u00c9cole militaire, 20 mars 2024) - Chaire \u00c9conomie de d\u00e9fense - IHEDN","og_description":"Josselin Droff et Julien Malizard, Chercheurs \u00e0 la Chaire, sont intervenus au Centre d&rsquo;\u00e9tudes strat\u00e9giques a\u00e9rospatiales (CESA) lors d&rsquo;une table ronde du Centre d&rsquo;enseignement militaire sup\u00e9rieur Air (CEMS Air) consacr\u00e9e \u00e0 l\u2019\u00c9conomie de d\u00e9fense et aux enjeux de la Base industrielle et technologique de d\u00e9fense (BITD) fran\u00e7aise. Diff\u00e9rents \u00e9l\u00e9ments de m\u00e9thode concernant la construction des [&hellip;]","og_url":"https:\/\/ecodef-ihedn.fr\/en\/intervention-de-josselin-droff-et-julien-malizard-au-cems-air-ecole-militaire-20-mars-2024\/","og_site_name":"Chaire \u00c9conomie de d\u00e9fense - IHEDN","article_published_time":"2024-03-22T17:26:42+00:00","article_modified_time":"2024-03-27T17:35:48+00:00","og_image":[{"width":1921,"height":2560,"url":"https:\/\/ecodef-ihedn.fr\/wp-content\/uploads\/2024\/03\/julien_2-scaled.jpg","type":"image\/jpeg"}],"author":"Bertrand Demandre","twitter_card":"summary_large_image","twitter_creator":"@Chaire_Ecodef","twitter_site":"@Chaire_Ecodef","twitter_misc":{"Written by":"Bertrand Demandre","Estimated reading time":"2 minutes"},"schema":{"@context":"https:\/\/schema.org","@graph":[{"@type":"Article","@id":"https:\/\/ecodef-ihedn.fr\/intervention-de-josselin-droff-et-julien-malizard-au-cems-air-ecole-militaire-20-mars-2024\/#article","isPartOf":{"@id":"https:\/\/ecodef-ihedn.fr\/intervention-de-josselin-droff-et-julien-malizard-au-cems-air-ecole-militaire-20-mars-2024\/"},"author":{"name":"Bertrand Demandre","@id":"https:\/\/ecodef-ihedn.fr\/#\/schema\/person\/1cdf22d028cebe278126a6e07a884d30"},"headline":"Intervention de Josselin Droff et Julien Malizard au CEMS Air (\u00c9cole militaire, 20 mars 2024)","datePublished":"2024-03-22T17:26:42+00:00","dateModified":"2024-03-27T17:35:48+00:00","mainEntityOfPage":{"@id":"https:\/\/ecodef-ihedn.fr\/intervention-de-josselin-droff-et-julien-malizard-au-cems-air-ecole-militaire-20-mars-2024\/"},"wordCount":315,"commentCount":0,"publisher":{"@id":"https:\/\/ecodef-ihedn.fr\/#organization"},"image":{"@id":"https:\/\/ecodef-ihedn.fr\/intervention-de-josselin-droff-et-julien-malizard-au-cems-air-ecole-militaire-20-mars-2024\/#primaryimage"},"thumbnailUrl":"https:\/\/ecodef-ihedn.fr\/wp-content\/uploads\/2024\/03\/julien_2-scaled.jpg","keywords":["Base Industrielle et Technologique de D\u00e9fense","BITD","CEMS Air","CESA","chaire \u00e9conomie de d\u00e9fense","conf\u00e9rence","\u00e9conomie de d\u00e9fense","IHEDN","Josselin Droff","Julien Malizard"],"articleSection":["Activit\u00e9s","Activit\u00e9s : participation de la Chaire \u00e0 un \u00e9v\u00e9nement"],"inLanguage":"en-GB","potentialAction":[{"@type":"CommentAction","name":"Comment","target":["https:\/\/ecodef-ihedn.fr\/intervention-de-josselin-droff-et-julien-malizard-au-cems-air-ecole-militaire-20-mars-2024\/#respond"]}]},{"@type":"WebPage","@id":"https:\/\/ecodef-ihedn.fr\/intervention-de-josselin-droff-et-julien-malizard-au-cems-air-ecole-militaire-20-mars-2024\/","url":"https:\/\/ecodef-ihedn.fr\/intervention-de-josselin-droff-et-julien-malizard-au-cems-air-ecole-militaire-20-mars-2024\/","name":"Intervention de Josselin Droff et Julien Malizard au CEMS Air (\u00c9cole militaire, 20 mars 2024) - Chaire \u00c9conomie de d\u00e9fense - IHEDN","isPartOf":{"@id":"https:\/\/ecodef-ihedn.fr\/#website"},"primaryImageOfPage":{"@id":"https:\/\/ecodef-ihedn.fr\/intervention-de-josselin-droff-et-julien-malizard-au-cems-air-ecole-militaire-20-mars-2024\/#primaryimage"},"image":{"@id":"https:\/\/ecodef-ihedn.fr\/intervention-de-josselin-droff-et-julien-malizard-au-cems-air-ecole-militaire-20-mars-2024\/#primaryimage"},"thumbnailUrl":"https:\/\/ecodef-ihedn.fr\/wp-content\/uploads\/2024\/03\/julien_2-scaled.jpg","datePublished":"2024-03-22T17:26:42+00:00","dateModified":"2024-03-27T17:35:48+00:00","breadcrumb":{"@id":"https:\/\/ecodef-ihedn.fr\/intervention-de-josselin-droff-et-julien-malizard-au-cems-air-ecole-militaire-20-mars-2024\/#breadcrumb"},"inLanguage":"en-GB","potentialAction":[{"@type":"ReadAction","target":["https:\/\/ecodef-ihedn.fr\/intervention-de-josselin-droff-et-julien-malizard-au-cems-air-ecole-militaire-20-mars-2024\/"]}]},{"@type":"ImageObject","inLanguage":"en-GB","@id":"https:\/\/ecodef-ihedn.fr\/intervention-de-josselin-droff-et-julien-malizard-au-cems-air-ecole-militaire-20-mars-2024\/#primaryimage","url":"https:\/\/ecodef-ihedn.fr\/wp-content\/uploads\/2024\/03\/julien_2-scaled.jpg","contentUrl":"https:\/\/ecodef-ihedn.fr\/wp-content\/uploads\/2024\/03\/julien_2-scaled.jpg","width":1921,"height":2560},{"@type":"BreadcrumbList","@id":"https:\/\/ecodef-ihedn.fr\/intervention-de-josselin-droff-et-julien-malizard-au-cems-air-ecole-militaire-20-mars-2024\/#breadcrumb","itemListElement":[{"@type":"ListItem","position":1,"name":"Accueil","item":"https:\/\/ecodef-ihedn.fr\/"},{"@type":"ListItem","position":2,"name":"Intervention de Josselin Droff et Julien Malizard au CEMS Air (\u00c9cole militaire, 20 mars 2024)"}]},{"@type":"WebSite","@id":"https:\/\/ecodef-ihedn.fr\/#website","url":"https:\/\/ecodef-ihedn.fr\/","name":"Chair in Defence Economics - IHEDN","description":"Produce &amp; support, federate &amp; disseminate, act as an interface","publisher":{"@id":"https:\/\/ecodef-ihedn.fr\/#organization"},"potentialAction":[{"@type":"SearchAction","target":{"@type":"EntryPoint","urlTemplate":"https:\/\/ecodef-ihedn.fr\/?s={search_term_string}"},"query-input":{"@type":"PropertyValueSpecification","valueRequired":true,"valueName":"search_term_string"}}],"inLanguage":"en-GB"},{"@type":"Organization","@id":"https:\/\/ecodef-ihedn.fr\/#organization","name":"Chair in Defence Economics - IHEDN","url":"https:\/\/ecodef-ihedn.fr\/","logo":{"@type":"ImageObject","inLanguage":"en-GB","@id":"https:\/\/ecodef-ihedn.fr\/#\/schema\/logo\/image\/","url":"https:\/\/ecodef-ihedn.fr\/wp-content\/uploads\/2020\/04\/logoEcodef9.jpg","contentUrl":"https:\/\/ecodef-ihedn.fr\/wp-content\/uploads\/2020\/04\/logoEcodef9.jpg","width":410,"height":212,"caption":"Chaire \u00c9conomie de d\u00e9fense - IHEDN"},"image":{"@id":"https:\/\/ecodef-ihedn.fr\/#\/schema\/logo\/image\/"},"sameAs":["https:\/\/x.com\/Chaire_Ecodef","https:\/\/www.linkedin.com\/company\/chaire-ecodef-ihedn\/"]},{"@type":"Person","@id":"https:\/\/ecodef-ihedn.fr\/#\/schema\/person\/1cdf22d028cebe278126a6e07a884d30","name":"Bertrand Demandre","image":{"@type":"ImageObject","inLanguage":"en-GB","@id":"https:\/\/secure.gravatar.com\/avatar\/d9c9746d6c900ab5b9c0f9b1fa3932e369da923da247d624b8f7ab4ba8a3c093?s=96&d=mm&r=g","url":"https:\/\/secure.gravatar.com\/avatar\/d9c9746d6c900ab5b9c0f9b1fa3932e369da923da247d624b8f7ab4ba8a3c093?s=96&d=mm&r=g","contentUrl":"https:\/\/secure.gravatar.com\/avatar\/d9c9746d6c900ab5b9c0f9b1fa3932e369da923da247d624b8f7ab4ba8a3c093?s=96&d=mm&r=g","caption":"Bertrand Demandre"},"url":"https:\/\/ecodef-ihedn.fr\/en\/author\/bertrand\/"}]}},"_links":{"self":[{"href":"https:\/\/ecodef-ihedn.fr\/en\/wp-json\/wp\/v2\/posts\/8326","targetHints":{"allow":["GET"]}}],"collection":[{"href":"https:\/\/ecodef-ihedn.fr\/en\/wp-json\/wp\/v2\/posts"}],"about":[{"href":"https:\/\/ecodef-ihedn.fr\/en\/wp-json\/wp\/v2\/types\/post"}],"author":[{"embeddable":true,"href":"https:\/\/ecodef-ihedn.fr\/en\/wp-json\/wp\/v2\/users\/2"}],"replies":[{"embeddable":true,"href":"https:\/\/ecodef-ihedn.fr\/en\/wp-json\/wp\/v2\/comments?post=8326"}],"version-history":[{"count":3,"href":"https:\/\/ecodef-ihedn.fr\/en\/wp-json\/wp\/v2\/posts\/8326\/revisions"}],"predecessor-version":[{"id":8327,"href":"https:\/\/ecodef-ihedn.fr\/en\/wp-json\/wp\/v2\/posts\/8326\/revisions\/8327"}],"wp:featuredmedia":[{"embeddable":true,"href":"https:\/\/ecodef-ihedn.fr\/en\/wp-json\/wp\/v2\/media\/8328"}],"wp:attachment":[{"href":"https:\/\/ecodef-ihedn.fr\/en\/wp-json\/wp\/v2\/media?parent=8326"}],"wp:term":[{"taxonomy":"category","embeddable":true,"href":"https:\/\/ecodef-ihedn.fr\/en\/wp-json\/wp\/v2\/categories?post=8326"},{"taxonomy":"post_tag","embeddable":true,"href":"https:\/\/ecodef-ihedn.fr\/en\/wp-json\/wp\/v2\/tags?post=8326"}],"curies":[{"name":"wp","href":"https:\/\/api.w.org\/{rel}","templated":true}]}}