{"id":839,"date":"2014-10-06T00:00:00","date_gmt":"2014-10-06T00:00:00","guid":{"rendered":"https:\/\/ecodef-ihedn.fr\/51eme-session-nationale-armement-et-economie-de-defense-de-lihedn-16-octobre-2014\/"},"modified":"2020-04-09T13:46:17","modified_gmt":"2020-04-09T13:46:17","slug":"51eme-session-nationale-armement-et-economie-de-defense-de-lihedn-16-octobre-2014","status":"publish","type":"post","link":"https:\/\/ecodef-ihedn.fr\/en\/51eme-session-nationale-armement-et-economie-de-defense-de-lihedn-16-octobre-2014\/","title":{"rendered":"51st IHEDN national session on \u00abArmaments and the defence economy\u00bb - 16 October 2014"},"content":{"rendered":"<h2 style=\"text-align: center;\">51st IHEDN national session on \u00abArmaments and the defence economy<\/h2>\n<p>&nbsp;<\/p>\n<p style=\"text-align: center;\">Speech by Jean Belin: \u00abThe performance of defence contractors\u00bb.\u00bb<\/p>\n<p style=\"text-align: center;\"><strong>Thursday 16 October 2014<\/strong><\/p>\n<p style=\"text-align: center;\"><a href=\"http:\/\/www.ihedn.fr\/userfiles\/file\/formations\/session_nationale_armement\/FicheSN_AED_2013_2014%281%29.pdf\" target=\"_blank\" rel=\"noopener noreferrer\">Presentation sheet<\/a><\/p>\n<p>&nbsp;<\/p>","protected":false},"excerpt":{"rendered":"<p>51\u00e8me session nationale \u00ab\u00a0Armement et \u00e9conomie de d\u00e9fense\u00a0\u00bb de l&rsquo;IHEDN &nbsp; Intervention de Jean Belin : \u00ab\u00a0La performance des entreprises de d\u00e9fense\u00a0\u00bb Le jeudi 16 octobre 2014 Fiche de pr\u00e9sentation &nbsp;<\/p>","protected":false},"author":1,"featured_media":564,"comment_status":"open","ping_status":"open","sticky":false,"template":"","format":"standard","meta":{"footnotes":""},"categories":[356],"tags":[],"class_list":{"0":"post-839","1":"post","2":"type-post","3":"status-publish","4":"format-standard","5":"has-post-thumbnail","7":"category-activites-participation-de-la-chaire-a-un-evenement"},"yoast_head":"<!-- This site is optimized with the Yoast SEO plugin v27.4 - https:\/\/yoast.com\/product\/yoast-seo-wordpress\/ -->\n<title>51\u00e8me session nationale &quot;Armement et \u00e9conomie de d\u00e9fense&quot; de l&#039;IHEDN - 16 octobre 2014 - Chaire \u00c9conomie de d\u00e9fense - IHEDN<\/title>\n<meta name=\"robots\" content=\"index, follow, max-snippet:-1, max-image-preview:large, max-video-preview:-1\" \/>\n<link rel=\"canonical\" href=\"https:\/\/ecodef-ihedn.fr\/en\/51eme-session-nationale-armement-et-economie-de-defense-de-lihedn-16-octobre-2014\/\" \/>\n<meta property=\"og:locale\" content=\"en_GB\" \/>\n<meta property=\"og:type\" content=\"article\" \/>\n<meta property=\"og:title\" content=\"51\u00e8me session nationale &quot;Armement et \u00e9conomie de d\u00e9fense&quot; de l&#039;IHEDN - 16 octobre 2014 - Chaire \u00c9conomie de d\u00e9fense - IHEDN\" \/>\n<meta property=\"og:description\" content=\"51\u00e8me session nationale \u00ab\u00a0Armement et \u00e9conomie de d\u00e9fense\u00a0\u00bb de l&rsquo;IHEDN &nbsp; Intervention de Jean Belin : \u00ab\u00a0La performance des entreprises de d\u00e9fense\u00a0\u00bb Le jeudi 16 octobre 2014 Fiche de pr\u00e9sentation &nbsp;\" \/>\n<meta property=\"og:url\" content=\"https:\/\/ecodef-ihedn.fr\/en\/51eme-session-nationale-armement-et-economie-de-defense-de-lihedn-16-octobre-2014\/\" \/>\n<meta property=\"og:site_name\" content=\"Chaire \u00c9conomie de d\u00e9fense - IHEDN\" \/>\n<meta property=\"article:published_time\" content=\"2014-10-06T00:00:00+00:00\" \/>\n<meta property=\"article:modified_time\" content=\"2020-04-09T13:46:17+00:00\" \/>\n<meta property=\"og:image\" content=\"https:\/\/ecodef-ihedn.fr\/wp-content\/uploads\/2020\/02\/ecole-militaire-paris-1.jpg\" \/>\n\t<meta property=\"og:image:width\" content=\"755\" \/>\n\t<meta property=\"og:image:height\" content=\"414\" \/>\n\t<meta property=\"og:image:type\" content=\"image\/jpeg\" \/>\n<meta name=\"author\" content=\"dev\" \/>\n<meta name=\"twitter:card\" content=\"summary_large_image\" \/>\n<meta name=\"twitter:creator\" content=\"@Chaire_Ecodef\" \/>\n<meta name=\"twitter:site\" content=\"@Chaire_Ecodef\" \/>\n<meta name=\"twitter:label1\" content=\"Written by\" \/>\n\t<meta name=\"twitter:data1\" content=\"dev\" \/>\n<script type=\"application\/ld+json\" class=\"yoast-schema-graph\">{\"@context\":\"https:\\\/\\\/schema.org\",\"@graph\":[{\"@type\":\"Article\",\"@id\":\"https:\\\/\\\/ecodef-ihedn.fr\\\/51eme-session-nationale-armement-et-economie-de-defense-de-lihedn-16-octobre-2014\\\/#article\",\"isPartOf\":{\"@id\":\"https:\\\/\\\/ecodef-ihedn.fr\\\/51eme-session-nationale-armement-et-economie-de-defense-de-lihedn-16-octobre-2014\\\/\"},\"author\":{\"name\":\"dev\",\"@id\":\"https:\\\/\\\/ecodef-ihedn.fr\\\/#\\\/schema\\\/person\\\/7b3f1a2d8fd336e0be2f9ff63ff0ebbc\"},\"headline\":\"51\u00e8me session nationale \u00ab\u00a0Armement et \u00e9conomie de d\u00e9fense\u00a0\u00bb de l&rsquo;IHEDN &#8211; 16 octobre 2014\",\"datePublished\":\"2014-10-06T00:00:00+00:00\",\"dateModified\":\"2020-04-09T13:46:17+00:00\",\"mainEntityOfPage\":{\"@id\":\"https:\\\/\\\/ecodef-ihedn.fr\\\/51eme-session-nationale-armement-et-economie-de-defense-de-lihedn-16-octobre-2014\\\/\"},\"wordCount\":46,\"commentCount\":0,\"publisher\":{\"@id\":\"https:\\\/\\\/ecodef-ihedn.fr\\\/#organization\"},\"image\":{\"@id\":\"https:\\\/\\\/ecodef-ihedn.fr\\\/51eme-session-nationale-armement-et-economie-de-defense-de-lihedn-16-octobre-2014\\\/#primaryimage\"},\"thumbnailUrl\":\"https:\\\/\\\/ecodef-ihedn.fr\\\/wp-content\\\/uploads\\\/2020\\\/02\\\/ecole-militaire-paris-1.jpg\",\"articleSection\":[\"Activit\u00e9s : participation de la Chaire \u00e0 un \u00e9v\u00e9nement\"],\"inLanguage\":\"en-GB\",\"potentialAction\":[{\"@type\":\"CommentAction\",\"name\":\"Comment\",\"target\":[\"https:\\\/\\\/ecodef-ihedn.fr\\\/51eme-session-nationale-armement-et-economie-de-defense-de-lihedn-16-octobre-2014\\\/#respond\"]}]},{\"@type\":\"WebPage\",\"@id\":\"https:\\\/\\\/ecodef-ihedn.fr\\\/51eme-session-nationale-armement-et-economie-de-defense-de-lihedn-16-octobre-2014\\\/\",\"url\":\"https:\\\/\\\/ecodef-ihedn.fr\\\/51eme-session-nationale-armement-et-economie-de-defense-de-lihedn-16-octobre-2014\\\/\",\"name\":\"51\u00e8me session nationale \\\"Armement et \u00e9conomie de d\u00e9fense\\\" de l'IHEDN - 16 octobre 2014 - Chaire \u00c9conomie de d\u00e9fense - IHEDN\",\"isPartOf\":{\"@id\":\"https:\\\/\\\/ecodef-ihedn.fr\\\/#website\"},\"primaryImageOfPage\":{\"@id\":\"https:\\\/\\\/ecodef-ihedn.fr\\\/51eme-session-nationale-armement-et-economie-de-defense-de-lihedn-16-octobre-2014\\\/#primaryimage\"},\"image\":{\"@id\":\"https:\\\/\\\/ecodef-ihedn.fr\\\/51eme-session-nationale-armement-et-economie-de-defense-de-lihedn-16-octobre-2014\\\/#primaryimage\"},\"thumbnailUrl\":\"https:\\\/\\\/ecodef-ihedn.fr\\\/wp-content\\\/uploads\\\/2020\\\/02\\\/ecole-militaire-paris-1.jpg\",\"datePublished\":\"2014-10-06T00:00:00+00:00\",\"dateModified\":\"2020-04-09T13:46:17+00:00\",\"breadcrumb\":{\"@id\":\"https:\\\/\\\/ecodef-ihedn.fr\\\/51eme-session-nationale-armement-et-economie-de-defense-de-lihedn-16-octobre-2014\\\/#breadcrumb\"},\"inLanguage\":\"en-GB\",\"potentialAction\":[{\"@type\":\"ReadAction\",\"target\":[\"https:\\\/\\\/ecodef-ihedn.fr\\\/51eme-session-nationale-armement-et-economie-de-defense-de-lihedn-16-octobre-2014\\\/\"]}]},{\"@type\":\"ImageObject\",\"inLanguage\":\"en-GB\",\"@id\":\"https:\\\/\\\/ecodef-ihedn.fr\\\/51eme-session-nationale-armement-et-economie-de-defense-de-lihedn-16-octobre-2014\\\/#primaryimage\",\"url\":\"https:\\\/\\\/ecodef-ihedn.fr\\\/wp-content\\\/uploads\\\/2020\\\/02\\\/ecole-militaire-paris-1.jpg\",\"contentUrl\":\"https:\\\/\\\/ecodef-ihedn.fr\\\/wp-content\\\/uploads\\\/2020\\\/02\\\/ecole-militaire-paris-1.jpg\",\"width\":755,\"height\":414},{\"@type\":\"BreadcrumbList\",\"@id\":\"https:\\\/\\\/ecodef-ihedn.fr\\\/51eme-session-nationale-armement-et-economie-de-defense-de-lihedn-16-octobre-2014\\\/#breadcrumb\",\"itemListElement\":[{\"@type\":\"ListItem\",\"position\":1,\"name\":\"Accueil\",\"item\":\"https:\\\/\\\/ecodef-ihedn.fr\\\/\"},{\"@type\":\"ListItem\",\"position\":2,\"name\":\"51\u00e8me session nationale &#8220;Armement et \u00e9conomie de d\u00e9fense&#8221; de l&#8217;IHEDN &#8211; 16 octobre 2014\"}]},{\"@type\":\"WebSite\",\"@id\":\"https:\\\/\\\/ecodef-ihedn.fr\\\/#website\",\"url\":\"https:\\\/\\\/ecodef-ihedn.fr\\\/\",\"name\":\"Chaire \u00c9conomie de D\u00e9fense - IHEDN\",\"description\":\"Produire &amp; soutenir, f\u00e9d\u00e9rer &amp; diffuser, \u00eatre une interface\",\"publisher\":{\"@id\":\"https:\\\/\\\/ecodef-ihedn.fr\\\/#organization\"},\"potentialAction\":[{\"@type\":\"SearchAction\",\"target\":{\"@type\":\"EntryPoint\",\"urlTemplate\":\"https:\\\/\\\/ecodef-ihedn.fr\\\/?s={search_term_string}\"},\"query-input\":{\"@type\":\"PropertyValueSpecification\",\"valueRequired\":true,\"valueName\":\"search_term_string\"}}],\"inLanguage\":\"en-GB\"},{\"@type\":\"Organization\",\"@id\":\"https:\\\/\\\/ecodef-ihedn.fr\\\/#organization\",\"name\":\"Chaire \u00c9conomie de d\u00e9fense - IHEDN\",\"url\":\"https:\\\/\\\/ecodef-ihedn.fr\\\/\",\"logo\":{\"@type\":\"ImageObject\",\"inLanguage\":\"en-GB\",\"@id\":\"https:\\\/\\\/ecodef-ihedn.fr\\\/#\\\/schema\\\/logo\\\/image\\\/\",\"url\":\"https:\\\/\\\/ecodef-ihedn.fr\\\/wp-content\\\/uploads\\\/2020\\\/04\\\/logoEcodef9.jpg\",\"contentUrl\":\"https:\\\/\\\/ecodef-ihedn.fr\\\/wp-content\\\/uploads\\\/2020\\\/04\\\/logoEcodef9.jpg\",\"width\":410,\"height\":212,\"caption\":\"Chaire \u00c9conomie de d\u00e9fense - IHEDN\"},\"image\":{\"@id\":\"https:\\\/\\\/ecodef-ihedn.fr\\\/#\\\/schema\\\/logo\\\/image\\\/\"},\"sameAs\":[\"https:\\\/\\\/x.com\\\/Chaire_Ecodef\",\"https:\\\/\\\/www.linkedin.com\\\/company\\\/chaire-ecodef-ihedn\\\/\"]},{\"@type\":\"Person\",\"@id\":\"https:\\\/\\\/ecodef-ihedn.fr\\\/#\\\/schema\\\/person\\\/7b3f1a2d8fd336e0be2f9ff63ff0ebbc\",\"name\":\"dev\",\"image\":{\"@type\":\"ImageObject\",\"inLanguage\":\"en-GB\",\"@id\":\"https:\\\/\\\/secure.gravatar.com\\\/avatar\\\/f1ffcac9ca2fa95ad3ec33e9be3ade82f752acb0cabe541e56c5889225afa88a?s=96&d=mm&r=g\",\"url\":\"https:\\\/\\\/secure.gravatar.com\\\/avatar\\\/f1ffcac9ca2fa95ad3ec33e9be3ade82f752acb0cabe541e56c5889225afa88a?s=96&d=mm&r=g\",\"contentUrl\":\"https:\\\/\\\/secure.gravatar.com\\\/avatar\\\/f1ffcac9ca2fa95ad3ec33e9be3ade82f752acb0cabe541e56c5889225afa88a?s=96&d=mm&r=g\",\"caption\":\"dev\"},\"url\":\"https:\\\/\\\/ecodef-ihedn.fr\\\/en\\\/author\\\/dev\\\/\"}]}<\/script>\n<!-- \/ Yoast SEO plugin. -->","yoast_head_json":{"title":"51\u00e8me session nationale \"Armement et \u00e9conomie de d\u00e9fense\" de l'IHEDN - 16 octobre 2014 - Chaire \u00c9conomie de d\u00e9fense - IHEDN","robots":{"index":"index","follow":"follow","max-snippet":"max-snippet:-1","max-image-preview":"max-image-preview:large","max-video-preview":"max-video-preview:-1"},"canonical":"https:\/\/ecodef-ihedn.fr\/en\/51eme-session-nationale-armement-et-economie-de-defense-de-lihedn-16-octobre-2014\/","og_locale":"en_GB","og_type":"article","og_title":"51\u00e8me session nationale \"Armement et \u00e9conomie de d\u00e9fense\" de l'IHEDN - 16 octobre 2014 - Chaire \u00c9conomie de d\u00e9fense - IHEDN","og_description":"51\u00e8me session nationale \u00ab\u00a0Armement et \u00e9conomie de d\u00e9fense\u00a0\u00bb de l&rsquo;IHEDN &nbsp; Intervention de Jean Belin : \u00ab\u00a0La performance des entreprises de d\u00e9fense\u00a0\u00bb Le jeudi 16 octobre 2014 Fiche de pr\u00e9sentation &nbsp;","og_url":"https:\/\/ecodef-ihedn.fr\/en\/51eme-session-nationale-armement-et-economie-de-defense-de-lihedn-16-octobre-2014\/","og_site_name":"Chaire \u00c9conomie de d\u00e9fense - IHEDN","article_published_time":"2014-10-06T00:00:00+00:00","article_modified_time":"2020-04-09T13:46:17+00:00","og_image":[{"width":755,"height":414,"url":"https:\/\/ecodef-ihedn.fr\/wp-content\/uploads\/2020\/02\/ecole-militaire-paris-1.jpg","type":"image\/jpeg"}],"author":"dev","twitter_card":"summary_large_image","twitter_creator":"@Chaire_Ecodef","twitter_site":"@Chaire_Ecodef","twitter_misc":{"Written by":"dev"},"schema":{"@context":"https:\/\/schema.org","@graph":[{"@type":"Article","@id":"https:\/\/ecodef-ihedn.fr\/51eme-session-nationale-armement-et-economie-de-defense-de-lihedn-16-octobre-2014\/#article","isPartOf":{"@id":"https:\/\/ecodef-ihedn.fr\/51eme-session-nationale-armement-et-economie-de-defense-de-lihedn-16-octobre-2014\/"},"author":{"name":"dev","@id":"https:\/\/ecodef-ihedn.fr\/#\/schema\/person\/7b3f1a2d8fd336e0be2f9ff63ff0ebbc"},"headline":"51\u00e8me session nationale \u00ab\u00a0Armement et \u00e9conomie de d\u00e9fense\u00a0\u00bb de l&rsquo;IHEDN &#8211; 16 octobre 2014","datePublished":"2014-10-06T00:00:00+00:00","dateModified":"2020-04-09T13:46:17+00:00","mainEntityOfPage":{"@id":"https:\/\/ecodef-ihedn.fr\/51eme-session-nationale-armement-et-economie-de-defense-de-lihedn-16-octobre-2014\/"},"wordCount":46,"commentCount":0,"publisher":{"@id":"https:\/\/ecodef-ihedn.fr\/#organization"},"image":{"@id":"https:\/\/ecodef-ihedn.fr\/51eme-session-nationale-armement-et-economie-de-defense-de-lihedn-16-octobre-2014\/#primaryimage"},"thumbnailUrl":"https:\/\/ecodef-ihedn.fr\/wp-content\/uploads\/2020\/02\/ecole-militaire-paris-1.jpg","articleSection":["Activit\u00e9s : participation de la Chaire \u00e0 un \u00e9v\u00e9nement"],"inLanguage":"en-GB","potentialAction":[{"@type":"CommentAction","name":"Comment","target":["https:\/\/ecodef-ihedn.fr\/51eme-session-nationale-armement-et-economie-de-defense-de-lihedn-16-octobre-2014\/#respond"]}]},{"@type":"WebPage","@id":"https:\/\/ecodef-ihedn.fr\/51eme-session-nationale-armement-et-economie-de-defense-de-lihedn-16-octobre-2014\/","url":"https:\/\/ecodef-ihedn.fr\/51eme-session-nationale-armement-et-economie-de-defense-de-lihedn-16-octobre-2014\/","name":"51\u00e8me session nationale \"Armement et \u00e9conomie de d\u00e9fense\" de l'IHEDN - 16 octobre 2014 - Chaire \u00c9conomie de d\u00e9fense - IHEDN","isPartOf":{"@id":"https:\/\/ecodef-ihedn.fr\/#website"},"primaryImageOfPage":{"@id":"https:\/\/ecodef-ihedn.fr\/51eme-session-nationale-armement-et-economie-de-defense-de-lihedn-16-octobre-2014\/#primaryimage"},"image":{"@id":"https:\/\/ecodef-ihedn.fr\/51eme-session-nationale-armement-et-economie-de-defense-de-lihedn-16-octobre-2014\/#primaryimage"},"thumbnailUrl":"https:\/\/ecodef-ihedn.fr\/wp-content\/uploads\/2020\/02\/ecole-militaire-paris-1.jpg","datePublished":"2014-10-06T00:00:00+00:00","dateModified":"2020-04-09T13:46:17+00:00","breadcrumb":{"@id":"https:\/\/ecodef-ihedn.fr\/51eme-session-nationale-armement-et-economie-de-defense-de-lihedn-16-octobre-2014\/#breadcrumb"},"inLanguage":"en-GB","potentialAction":[{"@type":"ReadAction","target":["https:\/\/ecodef-ihedn.fr\/51eme-session-nationale-armement-et-economie-de-defense-de-lihedn-16-octobre-2014\/"]}]},{"@type":"ImageObject","inLanguage":"en-GB","@id":"https:\/\/ecodef-ihedn.fr\/51eme-session-nationale-armement-et-economie-de-defense-de-lihedn-16-octobre-2014\/#primaryimage","url":"https:\/\/ecodef-ihedn.fr\/wp-content\/uploads\/2020\/02\/ecole-militaire-paris-1.jpg","contentUrl":"https:\/\/ecodef-ihedn.fr\/wp-content\/uploads\/2020\/02\/ecole-militaire-paris-1.jpg","width":755,"height":414},{"@type":"BreadcrumbList","@id":"https:\/\/ecodef-ihedn.fr\/51eme-session-nationale-armement-et-economie-de-defense-de-lihedn-16-octobre-2014\/#breadcrumb","itemListElement":[{"@type":"ListItem","position":1,"name":"Accueil","item":"https:\/\/ecodef-ihedn.fr\/"},{"@type":"ListItem","position":2,"name":"51\u00e8me session nationale &#8220;Armement et \u00e9conomie de d\u00e9fense&#8221; de l&#8217;IHEDN &#8211; 16 octobre 2014"}]},{"@type":"WebSite","@id":"https:\/\/ecodef-ihedn.fr\/#website","url":"https:\/\/ecodef-ihedn.fr\/","name":"Chair in Defence Economics - IHEDN","description":"Produce &amp; support, federate &amp; disseminate, act as an interface","publisher":{"@id":"https:\/\/ecodef-ihedn.fr\/#organization"},"potentialAction":[{"@type":"SearchAction","target":{"@type":"EntryPoint","urlTemplate":"https:\/\/ecodef-ihedn.fr\/?s={search_term_string}"},"query-input":{"@type":"PropertyValueSpecification","valueRequired":true,"valueName":"search_term_string"}}],"inLanguage":"en-GB"},{"@type":"Organization","@id":"https:\/\/ecodef-ihedn.fr\/#organization","name":"Chair in Defence Economics - IHEDN","url":"https:\/\/ecodef-ihedn.fr\/","logo":{"@type":"ImageObject","inLanguage":"en-GB","@id":"https:\/\/ecodef-ihedn.fr\/#\/schema\/logo\/image\/","url":"https:\/\/ecodef-ihedn.fr\/wp-content\/uploads\/2020\/04\/logoEcodef9.jpg","contentUrl":"https:\/\/ecodef-ihedn.fr\/wp-content\/uploads\/2020\/04\/logoEcodef9.jpg","width":410,"height":212,"caption":"Chaire \u00c9conomie de d\u00e9fense - IHEDN"},"image":{"@id":"https:\/\/ecodef-ihedn.fr\/#\/schema\/logo\/image\/"},"sameAs":["https:\/\/x.com\/Chaire_Ecodef","https:\/\/www.linkedin.com\/company\/chaire-ecodef-ihedn\/"]},{"@type":"Person","@id":"https:\/\/ecodef-ihedn.fr\/#\/schema\/person\/7b3f1a2d8fd336e0be2f9ff63ff0ebbc","name":"dev","image":{"@type":"ImageObject","inLanguage":"en-GB","@id":"https:\/\/secure.gravatar.com\/avatar\/f1ffcac9ca2fa95ad3ec33e9be3ade82f752acb0cabe541e56c5889225afa88a?s=96&d=mm&r=g","url":"https:\/\/secure.gravatar.com\/avatar\/f1ffcac9ca2fa95ad3ec33e9be3ade82f752acb0cabe541e56c5889225afa88a?s=96&d=mm&r=g","contentUrl":"https:\/\/secure.gravatar.com\/avatar\/f1ffcac9ca2fa95ad3ec33e9be3ade82f752acb0cabe541e56c5889225afa88a?s=96&d=mm&r=g","caption":"dev"},"url":"https:\/\/ecodef-ihedn.fr\/en\/author\/dev\/"}]}},"_links":{"self":[{"href":"https:\/\/ecodef-ihedn.fr\/en\/wp-json\/wp\/v2\/posts\/839","targetHints":{"allow":["GET"]}}],"collection":[{"href":"https:\/\/ecodef-ihedn.fr\/en\/wp-json\/wp\/v2\/posts"}],"about":[{"href":"https:\/\/ecodef-ihedn.fr\/en\/wp-json\/wp\/v2\/types\/post"}],"author":[{"embeddable":true,"href":"https:\/\/ecodef-ihedn.fr\/en\/wp-json\/wp\/v2\/users\/1"}],"replies":[{"embeddable":true,"href":"https:\/\/ecodef-ihedn.fr\/en\/wp-json\/wp\/v2\/comments?post=839"}],"version-history":[{"count":1,"href":"https:\/\/ecodef-ihedn.fr\/en\/wp-json\/wp\/v2\/posts\/839\/revisions"}],"predecessor-version":[{"id":1213,"href":"https:\/\/ecodef-ihedn.fr\/en\/wp-json\/wp\/v2\/posts\/839\/revisions\/1213"}],"wp:featuredmedia":[{"embeddable":true,"href":"https:\/\/ecodef-ihedn.fr\/en\/wp-json\/wp\/v2\/media\/564"}],"wp:attachment":[{"href":"https:\/\/ecodef-ihedn.fr\/en\/wp-json\/wp\/v2\/media?parent=839"}],"wp:term":[{"taxonomy":"category","embeddable":true,"href":"https:\/\/ecodef-ihedn.fr\/en\/wp-json\/wp\/v2\/categories?post=839"},{"taxonomy":"post_tag","embeddable":true,"href":"https:\/\/ecodef-ihedn.fr\/en\/wp-json\/wp\/v2\/tags?post=839"}],"curies":[{"name":"wp","href":"https:\/\/api.w.org\/{rel}","templated":true}]}}