{"id":8417,"date":"2024-03-13T19:43:28","date_gmt":"2024-03-13T19:43:28","guid":{"rendered":"https:\/\/ecodef-ihedn.fr\/combien-coutent-les-guerres-de-la-france-intervention-de-la-chaire-au-colloque-des-40-ans-du-cepel-copy\/"},"modified":"2024-05-15T07:59:39","modified_gmt":"2024-05-15T07:59:39","slug":"quel-avenir-pour-la-bitd-europeenne-participation-de-la-chaire-au-paris-defence-and-strategy-forum-pdsf","status":"publish","type":"post","link":"https:\/\/ecodef-ihedn.fr\/en\/quel-avenir-pour-la-bitd-europeenne-participation-de-la-chaire-au-paris-defence-and-strategy-forum-pdsf\/","title":{"rendered":"\u00abWhat future for the European DTIB? The Chair takes part in the Paris defence and strategy forum (PDSF)"},"content":{"rendered":"<h3><strong>Julien Malizard <\/strong>moderated the round table <strong>\u00abWhat future for the European DTIB?\u00bb<\/strong> as part of the first edition of the <a href=\"https:\/\/www.defense.gouv.fr\/academ\/evenements\/paris-defence-and-strategy-forum#:~:text=%C3%89v%C3%A9nement%20in%C3%A9dit%20d'envergure%20internationale,de%20s%C3%A9curit%C3%A9%20et%20de%20d%C3%A9fense.\"><strong><em>Paris defence and strategy forum (PDSF)<\/em><\/strong><\/a> of the\u2019<a href=\"https:\/\/www.defense.gouv.fr\/academ\" target=\"_blank\" rel=\"noopener\"><strong>Defence Academy of the \u00c9cole Militaire (ACADEM)<\/strong><\/a>.<\/h3>\n<h3><a href=\"https:\/\/ecodef-ihedn.fr\/wp-content\/uploads\/2024\/05\/PDSF-2024.jpg\"><img loading=\"lazy\" decoding=\"async\" class=\"aligncenter wp-image-8420 size-full\" src=\"https:\/\/ecodef-ihedn.fr\/wp-content\/uploads\/2024\/05\/PDSF-2024.jpg\" alt=\"\" width=\"792\" height=\"445\" srcset=\"https:\/\/ecodef-ihedn.fr\/wp-content\/uploads\/2024\/05\/PDSF-2024.jpg 792w, https:\/\/ecodef-ihedn.fr\/wp-content\/uploads\/2024\/05\/PDSF-2024-300x169.jpg 300w, https:\/\/ecodef-ihedn.fr\/wp-content\/uploads\/2024\/05\/PDSF-2024-768x432.jpg 768w, https:\/\/ecodef-ihedn.fr\/wp-content\/uploads\/2024\/05\/PDSF-2024-748x420.jpg 748w, https:\/\/ecodef-ihedn.fr\/wp-content\/uploads\/2024\/05\/PDSF-2024-696x391.jpg 696w\" sizes=\"auto, (max-width: 792px) 100vw, 792px\" \/><\/a><\/h3>\n<p>Whereas <strong>the European Defence Technological and Industrial Base (EDTIB) is undergoing major changes<\/strong> Given the war in Ukraine and the rise in demand for military equipment, what does the future hold for the latter?<\/p>\n<p>While the European Union has put in place a number of instruments to support the European defence industry (European Defence Fund, EDIRPA, ASAP) and plans to set up a European Defence Agency (EDA), it has not yet done so. <strong>\u00abEuropean Defence Industrial Strategy\u00bb<\/strong>, How do Europeans see the future of the EDTIB?<\/p>\n<p>How to <strong>reconciling short-term objectives<\/strong> (restocking, equipment deliveries to Ukraine) <strong>and long-term<\/strong> (development of a competitive and resilient EDTIB)?<\/p>\n<p>These are the questions that the speakers answered:<\/p>\n<ul>\n<li style=\"list-style-type: none;\">\n<ul>\n<li><strong>Anne Fort<\/strong>, European Commissioner for the Internal Market<\/li>\n<li>ICA <strong>Nicolas Grangier<\/strong>, Head of Innovation Financing and Acquisition at DGA<\/li>\n<li><strong>Jean-Pierre Maulny<\/strong>, Deputy Director of the Institute for International and Strategic Relations (IRIS)<\/li>\n<li><strong>Pierre Eric Pommellet<\/strong>, Chairman and Chief Executive Officer of NAVAL GROUP<\/li>\n<li><strong>Vincent Thomassier<\/strong>, Director of Marketing and Strategic Cooperation at MBDA<\/li>\n<\/ul>\n<\/li>\n<\/ul>\n<p style=\"text-align: center;\"><a href=\"https:\/\/youtu.be\/fMWXMPMX5Ow?si=HExClAMKl_XaCtF8\" target=\"_blank\" rel=\"noopener\"><span class=\"td_btn td_btn_md td_default_btn\">see the round table<\/span><\/a><\/p>\n<p><a href=\"https:\/\/ecodef-ihedn.fr\/wp-content\/uploads\/2024\/05\/20240313_142820-scaled.jpg\"><img loading=\"lazy\" decoding=\"async\" class=\"aligncenter size-full wp-image-8421\" src=\"https:\/\/ecodef-ihedn.fr\/wp-content\/uploads\/2024\/05\/20240313_142820-scaled.jpg\" alt=\"\" width=\"2560\" height=\"1920\" srcset=\"https:\/\/ecodef-ihedn.fr\/wp-content\/uploads\/2024\/05\/20240313_142820-scaled.jpg 2560w, https:\/\/ecodef-ihedn.fr\/wp-content\/uploads\/2024\/05\/20240313_142820-300x225.jpg 300w, https:\/\/ecodef-ihedn.fr\/wp-content\/uploads\/2024\/05\/20240313_142820-1024x768.jpg 1024w, https:\/\/ecodef-ihedn.fr\/wp-content\/uploads\/2024\/05\/20240313_142820-768x576.jpg 768w, https:\/\/ecodef-ihedn.fr\/wp-content\/uploads\/2024\/05\/20240313_142820-1536x1152.jpg 1536w, https:\/\/ecodef-ihedn.fr\/wp-content\/uploads\/2024\/05\/20240313_142820-2048x1536.jpg 2048w, https:\/\/ecodef-ihedn.fr\/wp-content\/uploads\/2024\/05\/20240313_142820-560x420.jpg 560w, https:\/\/ecodef-ihedn.fr\/wp-content\/uploads\/2024\/05\/20240313_142820-1120x840.jpg 1120w, https:\/\/ecodef-ihedn.fr\/wp-content\/uploads\/2024\/05\/20240313_142820-80x60.jpg 80w, https:\/\/ecodef-ihedn.fr\/wp-content\/uploads\/2024\/05\/20240313_142820-160x120.jpg 160w, https:\/\/ecodef-ihedn.fr\/wp-content\/uploads\/2024\/05\/20240313_142820-696x522.jpg 696w, https:\/\/ecodef-ihedn.fr\/wp-content\/uploads\/2024\/05\/20240313_142820-1392x1044.jpg 1392w, https:\/\/ecodef-ihedn.fr\/wp-content\/uploads\/2024\/05\/20240313_142820-1068x801.jpg 1068w, https:\/\/ecodef-ihedn.fr\/wp-content\/uploads\/2024\/05\/20240313_142820-1920x1440.jpg 1920w, https:\/\/ecodef-ihedn.fr\/wp-content\/uploads\/2024\/05\/20240313_142820-265x198.jpg 265w\" sizes=\"auto, (max-width: 2560px) 100vw, 2560px\" \/><\/a> <a href=\"https:\/\/ecodef-ihedn.fr\/wp-content\/uploads\/2024\/05\/20240313_133356-scaled.jpg\"><img loading=\"lazy\" decoding=\"async\" class=\"aligncenter size-full wp-image-8422\" src=\"https:\/\/ecodef-ihedn.fr\/wp-content\/uploads\/2024\/05\/20240313_133356-scaled.jpg\" alt=\"\" width=\"2560\" height=\"1920\" srcset=\"https:\/\/ecodef-ihedn.fr\/wp-content\/uploads\/2024\/05\/20240313_133356-scaled.jpg 2560w, https:\/\/ecodef-ihedn.fr\/wp-content\/uploads\/2024\/05\/20240313_133356-300x225.jpg 300w, https:\/\/ecodef-ihedn.fr\/wp-content\/uploads\/2024\/05\/20240313_133356-1024x768.jpg 1024w, https:\/\/ecodef-ihedn.fr\/wp-content\/uploads\/2024\/05\/20240313_133356-768x576.jpg 768w, https:\/\/ecodef-ihedn.fr\/wp-content\/uploads\/2024\/05\/20240313_133356-1536x1152.jpg 1536w, https:\/\/ecodef-ihedn.fr\/wp-content\/uploads\/2024\/05\/20240313_133356-2048x1536.jpg 2048w, https:\/\/ecodef-ihedn.fr\/wp-content\/uploads\/2024\/05\/20240313_133356-560x420.jpg 560w, https:\/\/ecodef-ihedn.fr\/wp-content\/uploads\/2024\/05\/20240313_133356-1120x840.jpg 1120w, https:\/\/ecodef-ihedn.fr\/wp-content\/uploads\/2024\/05\/20240313_133356-80x60.jpg 80w, https:\/\/ecodef-ihedn.fr\/wp-content\/uploads\/2024\/05\/20240313_133356-160x120.jpg 160w, https:\/\/ecodef-ihedn.fr\/wp-content\/uploads\/2024\/05\/20240313_133356-696x522.jpg 696w, https:\/\/ecodef-ihedn.fr\/wp-content\/uploads\/2024\/05\/20240313_133356-1392x1044.jpg 1392w, https:\/\/ecodef-ihedn.fr\/wp-content\/uploads\/2024\/05\/20240313_133356-1068x801.jpg 1068w, https:\/\/ecodef-ihedn.fr\/wp-content\/uploads\/2024\/05\/20240313_133356-1920x1440.jpg 1920w, https:\/\/ecodef-ihedn.fr\/wp-content\/uploads\/2024\/05\/20240313_133356-265x198.jpg 265w\" sizes=\"auto, (max-width: 2560px) 100vw, 2560px\" \/><\/a> <a href=\"https:\/\/ecodef-ihedn.fr\/wp-content\/uploads\/2024\/05\/20240313_140522-scaled.jpg\"><img loading=\"lazy\" decoding=\"async\" class=\"aligncenter size-full wp-image-8423\" src=\"https:\/\/ecodef-ihedn.fr\/wp-content\/uploads\/2024\/05\/20240313_140522-scaled.jpg\" alt=\"\" width=\"2560\" height=\"1920\" srcset=\"https:\/\/ecodef-ihedn.fr\/wp-content\/uploads\/2024\/05\/20240313_140522-scaled.jpg 2560w, https:\/\/ecodef-ihedn.fr\/wp-content\/uploads\/2024\/05\/20240313_140522-300x225.jpg 300w, https:\/\/ecodef-ihedn.fr\/wp-content\/uploads\/2024\/05\/20240313_140522-1024x768.jpg 1024w, https:\/\/ecodef-ihedn.fr\/wp-content\/uploads\/2024\/05\/20240313_140522-768x576.jpg 768w, https:\/\/ecodef-ihedn.fr\/wp-content\/uploads\/2024\/05\/20240313_140522-1536x1152.jpg 1536w, https:\/\/ecodef-ihedn.fr\/wp-content\/uploads\/2024\/05\/20240313_140522-2048x1536.jpg 2048w, https:\/\/ecodef-ihedn.fr\/wp-content\/uploads\/2024\/05\/20240313_140522-560x420.jpg 560w, https:\/\/ecodef-ihedn.fr\/wp-content\/uploads\/2024\/05\/20240313_140522-1120x840.jpg 1120w, https:\/\/ecodef-ihedn.fr\/wp-content\/uploads\/2024\/05\/20240313_140522-80x60.jpg 80w, https:\/\/ecodef-ihedn.fr\/wp-content\/uploads\/2024\/05\/20240313_140522-160x120.jpg 160w, https:\/\/ecodef-ihedn.fr\/wp-content\/uploads\/2024\/05\/20240313_140522-696x522.jpg 696w, https:\/\/ecodef-ihedn.fr\/wp-content\/uploads\/2024\/05\/20240313_140522-1392x1044.jpg 1392w, https:\/\/ecodef-ihedn.fr\/wp-content\/uploads\/2024\/05\/20240313_140522-1068x801.jpg 1068w, https:\/\/ecodef-ihedn.fr\/wp-content\/uploads\/2024\/05\/20240313_140522-1920x1440.jpg 1920w, https:\/\/ecodef-ihedn.fr\/wp-content\/uploads\/2024\/05\/20240313_140522-265x198.jpg 265w\" sizes=\"auto, (max-width: 2560px) 100vw, 2560px\" \/><\/a><\/p>","protected":false},"excerpt":{"rendered":"<p>Julien Malizard a anim\u00e9 la table ronde \u00ab\u00a0Quel avenir pour la BITD europ\u00e9enne\u00a0?\u00a0\u00bb dans le cadre de la premi\u00e8re \u00e9dition du Paris defence and strategy forum (PDSF) de l\u2019Acad\u00e9mie de d\u00e9fense de l&rsquo;\u00c9cole militaire (ACADEM). Alors que la base industrielle et technologique de d\u00e9fense europ\u00e9enne (BITDE) conna\u00eet d\u2019importantes mutations du fait de la guerre en [&hellip;]<\/p>\n","protected":false},"author":2,"featured_media":8419,"comment_status":"open","ping_status":"open","sticky":false,"template":"","format":"standard","meta":{"footnotes":""},"categories":[356],"tags":[615,726,730,210,211,727,86,731,725,724,729,728],"class_list":{"0":"post-8417","1":"post","2":"type-post","3":"status-publish","4":"format-standard","5":"has-post-thumbnail","7":"category-activites-participation-de-la-chaire-a-un-evenement","8":"tag-academ","9":"tag-academie-de-defense-de-lecole-militaire","10":"tag-anne-fort","11":"tag-base-industrielle-et-technologique-de-defense","12":"tag-bitd","13":"tag-jean-pierre-maulny","14":"tag-julien-malizard","15":"tag-nicolas-grangier","16":"tag-paris-defence-and-strategy-forum","17":"tag-pdsf","18":"tag-pierre-eric-pommellet","19":"tag-vincent-thomassier"},"yoast_head":"<!-- This site is optimized with the Yoast SEO plugin v27.4 - https:\/\/yoast.com\/product\/yoast-seo-wordpress\/ -->\n<title>&quot;Quel avenir pour la BITD europ\u00e9enne ?&quot; : participation de la Chaire au Paris defence and strategy forum (PDSF) - Chaire \u00c9conomie de d\u00e9fense - IHEDN<\/title>\n<meta name=\"robots\" content=\"index, follow, max-snippet:-1, max-image-preview:large, max-video-preview:-1\" \/>\n<link rel=\"canonical\" href=\"https:\/\/ecodef-ihedn.fr\/en\/quel-avenir-pour-la-bitd-europeenne-participation-de-la-chaire-au-paris-defence-and-strategy-forum-pdsf\/\" \/>\n<meta property=\"og:locale\" content=\"en_GB\" \/>\n<meta property=\"og:type\" content=\"article\" \/>\n<meta property=\"og:title\" content=\"&quot;Quel avenir pour la BITD europ\u00e9enne ?&quot; : participation de la Chaire au Paris defence and strategy forum (PDSF) - Chaire \u00c9conomie de d\u00e9fense - IHEDN\" \/>\n<meta property=\"og:description\" content=\"Julien Malizard a anim\u00e9 la table ronde \u00ab\u00a0Quel avenir pour la BITD europ\u00e9enne\u00a0?\u00a0\u00bb dans le cadre de la premi\u00e8re \u00e9dition du Paris defence and strategy forum (PDSF) de l\u2019Acad\u00e9mie de d\u00e9fense de l&rsquo;\u00c9cole militaire (ACADEM). Alors que la base industrielle et technologique de d\u00e9fense europ\u00e9enne (BITDE) conna\u00eet d\u2019importantes mutations du fait de la guerre en [&hellip;]\" \/>\n<meta property=\"og:url\" content=\"https:\/\/ecodef-ihedn.fr\/en\/quel-avenir-pour-la-bitd-europeenne-participation-de-la-chaire-au-paris-defence-and-strategy-forum-pdsf\/\" \/>\n<meta property=\"og:site_name\" content=\"Chaire \u00c9conomie de d\u00e9fense - IHEDN\" \/>\n<meta property=\"article:published_time\" content=\"2024-03-13T19:43:28+00:00\" \/>\n<meta property=\"article:modified_time\" content=\"2024-05-15T07:59:39+00:00\" \/>\n<meta property=\"og:image\" content=\"https:\/\/ecodef-ihedn.fr\/wp-content\/uploads\/2024\/05\/PDSF-2024-7-5.jpg\" \/>\n\t<meta property=\"og:image:width\" content=\"700\" \/>\n\t<meta property=\"og:image:height\" content=\"500\" \/>\n\t<meta property=\"og:image:type\" content=\"image\/jpeg\" \/>\n<meta name=\"author\" content=\"Bertrand Demandre\" \/>\n<meta name=\"twitter:card\" content=\"summary_large_image\" \/>\n<meta name=\"twitter:creator\" content=\"@Chaire_Ecodef\" \/>\n<meta name=\"twitter:site\" content=\"@Chaire_Ecodef\" \/>\n<meta name=\"twitter:label1\" content=\"Written by\" \/>\n\t<meta name=\"twitter:data1\" content=\"Bertrand Demandre\" \/>\n\t<meta name=\"twitter:label2\" content=\"Estimated reading time\" \/>\n\t<meta name=\"twitter:data2\" content=\"3 minutes\" \/>\n<script type=\"application\/ld+json\" class=\"yoast-schema-graph\">{\"@context\":\"https:\\\/\\\/schema.org\",\"@graph\":[{\"@type\":\"Article\",\"@id\":\"https:\\\/\\\/ecodef-ihedn.fr\\\/quel-avenir-pour-la-bitd-europeenne-participation-de-la-chaire-au-paris-defence-and-strategy-forum-pdsf\\\/#article\",\"isPartOf\":{\"@id\":\"https:\\\/\\\/ecodef-ihedn.fr\\\/quel-avenir-pour-la-bitd-europeenne-participation-de-la-chaire-au-paris-defence-and-strategy-forum-pdsf\\\/\"},\"author\":{\"name\":\"Bertrand Demandre\",\"@id\":\"https:\\\/\\\/ecodef-ihedn.fr\\\/#\\\/schema\\\/person\\\/1cdf22d028cebe278126a6e07a884d30\"},\"headline\":\"\u00ab\u00a0Quel avenir pour la BITD europ\u00e9enne ?\u00a0\u00bb : participation de la Chaire au Paris defence and strategy forum (PDSF)\",\"datePublished\":\"2024-03-13T19:43:28+00:00\",\"dateModified\":\"2024-05-15T07:59:39+00:00\",\"mainEntityOfPage\":{\"@id\":\"https:\\\/\\\/ecodef-ihedn.fr\\\/quel-avenir-pour-la-bitd-europeenne-participation-de-la-chaire-au-paris-defence-and-strategy-forum-pdsf\\\/\"},\"wordCount\":268,\"commentCount\":0,\"publisher\":{\"@id\":\"https:\\\/\\\/ecodef-ihedn.fr\\\/#organization\"},\"image\":{\"@id\":\"https:\\\/\\\/ecodef-ihedn.fr\\\/quel-avenir-pour-la-bitd-europeenne-participation-de-la-chaire-au-paris-defence-and-strategy-forum-pdsf\\\/#primaryimage\"},\"thumbnailUrl\":\"https:\\\/\\\/ecodef-ihedn.fr\\\/wp-content\\\/uploads\\\/2024\\\/05\\\/PDSF-2024-7-5.jpg\",\"keywords\":[\"ACADEM\",\"Acad\u00e9mie de d\u00e9fense de l'\u00c9cole militaire\",\"Anne Fort\",\"Base Industrielle et Technologique de D\u00e9fense\",\"BITD\",\"Jean-Pierre Maulny\",\"Julien Malizard\",\"Nicolas Grangier\",\"Paris defence and strategy forum\",\"PDSF\",\"Pierre Eric Pommellet\",\"Vincent Thomassier\"],\"articleSection\":[\"Activit\u00e9s : participation de la Chaire \u00e0 un \u00e9v\u00e9nement\"],\"inLanguage\":\"en-GB\",\"potentialAction\":[{\"@type\":\"CommentAction\",\"name\":\"Comment\",\"target\":[\"https:\\\/\\\/ecodef-ihedn.fr\\\/quel-avenir-pour-la-bitd-europeenne-participation-de-la-chaire-au-paris-defence-and-strategy-forum-pdsf\\\/#respond\"]}]},{\"@type\":\"WebPage\",\"@id\":\"https:\\\/\\\/ecodef-ihedn.fr\\\/quel-avenir-pour-la-bitd-europeenne-participation-de-la-chaire-au-paris-defence-and-strategy-forum-pdsf\\\/\",\"url\":\"https:\\\/\\\/ecodef-ihedn.fr\\\/quel-avenir-pour-la-bitd-europeenne-participation-de-la-chaire-au-paris-defence-and-strategy-forum-pdsf\\\/\",\"name\":\"\\\"Quel avenir pour la BITD europ\u00e9enne ?\\\" : participation de la Chaire au Paris defence and strategy forum (PDSF) - Chaire \u00c9conomie de d\u00e9fense - IHEDN\",\"isPartOf\":{\"@id\":\"https:\\\/\\\/ecodef-ihedn.fr\\\/#website\"},\"primaryImageOfPage\":{\"@id\":\"https:\\\/\\\/ecodef-ihedn.fr\\\/quel-avenir-pour-la-bitd-europeenne-participation-de-la-chaire-au-paris-defence-and-strategy-forum-pdsf\\\/#primaryimage\"},\"image\":{\"@id\":\"https:\\\/\\\/ecodef-ihedn.fr\\\/quel-avenir-pour-la-bitd-europeenne-participation-de-la-chaire-au-paris-defence-and-strategy-forum-pdsf\\\/#primaryimage\"},\"thumbnailUrl\":\"https:\\\/\\\/ecodef-ihedn.fr\\\/wp-content\\\/uploads\\\/2024\\\/05\\\/PDSF-2024-7-5.jpg\",\"datePublished\":\"2024-03-13T19:43:28+00:00\",\"dateModified\":\"2024-05-15T07:59:39+00:00\",\"breadcrumb\":{\"@id\":\"https:\\\/\\\/ecodef-ihedn.fr\\\/quel-avenir-pour-la-bitd-europeenne-participation-de-la-chaire-au-paris-defence-and-strategy-forum-pdsf\\\/#breadcrumb\"},\"inLanguage\":\"en-GB\",\"potentialAction\":[{\"@type\":\"ReadAction\",\"target\":[\"https:\\\/\\\/ecodef-ihedn.fr\\\/quel-avenir-pour-la-bitd-europeenne-participation-de-la-chaire-au-paris-defence-and-strategy-forum-pdsf\\\/\"]}]},{\"@type\":\"ImageObject\",\"inLanguage\":\"en-GB\",\"@id\":\"https:\\\/\\\/ecodef-ihedn.fr\\\/quel-avenir-pour-la-bitd-europeenne-participation-de-la-chaire-au-paris-defence-and-strategy-forum-pdsf\\\/#primaryimage\",\"url\":\"https:\\\/\\\/ecodef-ihedn.fr\\\/wp-content\\\/uploads\\\/2024\\\/05\\\/PDSF-2024-7-5.jpg\",\"contentUrl\":\"https:\\\/\\\/ecodef-ihedn.fr\\\/wp-content\\\/uploads\\\/2024\\\/05\\\/PDSF-2024-7-5.jpg\",\"width\":700,\"height\":500},{\"@type\":\"BreadcrumbList\",\"@id\":\"https:\\\/\\\/ecodef-ihedn.fr\\\/quel-avenir-pour-la-bitd-europeenne-participation-de-la-chaire-au-paris-defence-and-strategy-forum-pdsf\\\/#breadcrumb\",\"itemListElement\":[{\"@type\":\"ListItem\",\"position\":1,\"name\":\"Accueil\",\"item\":\"https:\\\/\\\/ecodef-ihedn.fr\\\/\"},{\"@type\":\"ListItem\",\"position\":2,\"name\":\"&#8220;Quel avenir pour la BITD europ\u00e9enne ?&#8221; : participation de la Chaire au Paris defence and strategy forum (PDSF)\"}]},{\"@type\":\"WebSite\",\"@id\":\"https:\\\/\\\/ecodef-ihedn.fr\\\/#website\",\"url\":\"https:\\\/\\\/ecodef-ihedn.fr\\\/\",\"name\":\"Chaire \u00c9conomie de D\u00e9fense - IHEDN\",\"description\":\"Produire &amp; soutenir, f\u00e9d\u00e9rer &amp; diffuser, \u00eatre une interface\",\"publisher\":{\"@id\":\"https:\\\/\\\/ecodef-ihedn.fr\\\/#organization\"},\"potentialAction\":[{\"@type\":\"SearchAction\",\"target\":{\"@type\":\"EntryPoint\",\"urlTemplate\":\"https:\\\/\\\/ecodef-ihedn.fr\\\/?s={search_term_string}\"},\"query-input\":{\"@type\":\"PropertyValueSpecification\",\"valueRequired\":true,\"valueName\":\"search_term_string\"}}],\"inLanguage\":\"en-GB\"},{\"@type\":\"Organization\",\"@id\":\"https:\\\/\\\/ecodef-ihedn.fr\\\/#organization\",\"name\":\"Chaire \u00c9conomie de d\u00e9fense - IHEDN\",\"url\":\"https:\\\/\\\/ecodef-ihedn.fr\\\/\",\"logo\":{\"@type\":\"ImageObject\",\"inLanguage\":\"en-GB\",\"@id\":\"https:\\\/\\\/ecodef-ihedn.fr\\\/#\\\/schema\\\/logo\\\/image\\\/\",\"url\":\"https:\\\/\\\/ecodef-ihedn.fr\\\/wp-content\\\/uploads\\\/2020\\\/04\\\/logoEcodef9.jpg\",\"contentUrl\":\"https:\\\/\\\/ecodef-ihedn.fr\\\/wp-content\\\/uploads\\\/2020\\\/04\\\/logoEcodef9.jpg\",\"width\":410,\"height\":212,\"caption\":\"Chaire \u00c9conomie de d\u00e9fense - IHEDN\"},\"image\":{\"@id\":\"https:\\\/\\\/ecodef-ihedn.fr\\\/#\\\/schema\\\/logo\\\/image\\\/\"},\"sameAs\":[\"https:\\\/\\\/x.com\\\/Chaire_Ecodef\",\"https:\\\/\\\/www.linkedin.com\\\/company\\\/chaire-ecodef-ihedn\\\/\"]},{\"@type\":\"Person\",\"@id\":\"https:\\\/\\\/ecodef-ihedn.fr\\\/#\\\/schema\\\/person\\\/1cdf22d028cebe278126a6e07a884d30\",\"name\":\"Bertrand Demandre\",\"image\":{\"@type\":\"ImageObject\",\"inLanguage\":\"en-GB\",\"@id\":\"https:\\\/\\\/secure.gravatar.com\\\/avatar\\\/d9c9746d6c900ab5b9c0f9b1fa3932e369da923da247d624b8f7ab4ba8a3c093?s=96&d=mm&r=g\",\"url\":\"https:\\\/\\\/secure.gravatar.com\\\/avatar\\\/d9c9746d6c900ab5b9c0f9b1fa3932e369da923da247d624b8f7ab4ba8a3c093?s=96&d=mm&r=g\",\"contentUrl\":\"https:\\\/\\\/secure.gravatar.com\\\/avatar\\\/d9c9746d6c900ab5b9c0f9b1fa3932e369da923da247d624b8f7ab4ba8a3c093?s=96&d=mm&r=g\",\"caption\":\"Bertrand Demandre\"},\"url\":\"https:\\\/\\\/ecodef-ihedn.fr\\\/en\\\/author\\\/bertrand\\\/\"}]}<\/script>\n<!-- \/ Yoast SEO plugin. -->","yoast_head_json":{"title":"\"Quel avenir pour la BITD europ\u00e9enne ?\" : participation de la Chaire au Paris defence and strategy forum (PDSF) - Chaire \u00c9conomie de d\u00e9fense - IHEDN","robots":{"index":"index","follow":"follow","max-snippet":"max-snippet:-1","max-image-preview":"max-image-preview:large","max-video-preview":"max-video-preview:-1"},"canonical":"https:\/\/ecodef-ihedn.fr\/en\/quel-avenir-pour-la-bitd-europeenne-participation-de-la-chaire-au-paris-defence-and-strategy-forum-pdsf\/","og_locale":"en_GB","og_type":"article","og_title":"\"Quel avenir pour la BITD europ\u00e9enne ?\" : participation de la Chaire au Paris defence and strategy forum (PDSF) - Chaire \u00c9conomie de d\u00e9fense - IHEDN","og_description":"Julien Malizard a anim\u00e9 la table ronde \u00ab\u00a0Quel avenir pour la BITD europ\u00e9enne\u00a0?\u00a0\u00bb dans le cadre de la premi\u00e8re \u00e9dition du Paris defence and strategy forum (PDSF) de l\u2019Acad\u00e9mie de d\u00e9fense de l&rsquo;\u00c9cole militaire (ACADEM). Alors que la base industrielle et technologique de d\u00e9fense europ\u00e9enne (BITDE) conna\u00eet d\u2019importantes mutations du fait de la guerre en [&hellip;]","og_url":"https:\/\/ecodef-ihedn.fr\/en\/quel-avenir-pour-la-bitd-europeenne-participation-de-la-chaire-au-paris-defence-and-strategy-forum-pdsf\/","og_site_name":"Chaire \u00c9conomie de d\u00e9fense - IHEDN","article_published_time":"2024-03-13T19:43:28+00:00","article_modified_time":"2024-05-15T07:59:39+00:00","og_image":[{"width":700,"height":500,"url":"https:\/\/ecodef-ihedn.fr\/wp-content\/uploads\/2024\/05\/PDSF-2024-7-5.jpg","type":"image\/jpeg"}],"author":"Bertrand Demandre","twitter_card":"summary_large_image","twitter_creator":"@Chaire_Ecodef","twitter_site":"@Chaire_Ecodef","twitter_misc":{"Written by":"Bertrand Demandre","Estimated reading time":"3 minutes"},"schema":{"@context":"https:\/\/schema.org","@graph":[{"@type":"Article","@id":"https:\/\/ecodef-ihedn.fr\/quel-avenir-pour-la-bitd-europeenne-participation-de-la-chaire-au-paris-defence-and-strategy-forum-pdsf\/#article","isPartOf":{"@id":"https:\/\/ecodef-ihedn.fr\/quel-avenir-pour-la-bitd-europeenne-participation-de-la-chaire-au-paris-defence-and-strategy-forum-pdsf\/"},"author":{"name":"Bertrand Demandre","@id":"https:\/\/ecodef-ihedn.fr\/#\/schema\/person\/1cdf22d028cebe278126a6e07a884d30"},"headline":"\u00ab\u00a0Quel avenir pour la BITD europ\u00e9enne ?\u00a0\u00bb : participation de la Chaire au Paris defence and strategy forum (PDSF)","datePublished":"2024-03-13T19:43:28+00:00","dateModified":"2024-05-15T07:59:39+00:00","mainEntityOfPage":{"@id":"https:\/\/ecodef-ihedn.fr\/quel-avenir-pour-la-bitd-europeenne-participation-de-la-chaire-au-paris-defence-and-strategy-forum-pdsf\/"},"wordCount":268,"commentCount":0,"publisher":{"@id":"https:\/\/ecodef-ihedn.fr\/#organization"},"image":{"@id":"https:\/\/ecodef-ihedn.fr\/quel-avenir-pour-la-bitd-europeenne-participation-de-la-chaire-au-paris-defence-and-strategy-forum-pdsf\/#primaryimage"},"thumbnailUrl":"https:\/\/ecodef-ihedn.fr\/wp-content\/uploads\/2024\/05\/PDSF-2024-7-5.jpg","keywords":["ACADEM","Acad\u00e9mie de d\u00e9fense de l'\u00c9cole militaire","Anne Fort","Base Industrielle et Technologique de D\u00e9fense","BITD","Jean-Pierre Maulny","Julien Malizard","Nicolas Grangier","Paris defence and strategy forum","PDSF","Pierre Eric Pommellet","Vincent Thomassier"],"articleSection":["Activit\u00e9s : participation de la Chaire \u00e0 un \u00e9v\u00e9nement"],"inLanguage":"en-GB","potentialAction":[{"@type":"CommentAction","name":"Comment","target":["https:\/\/ecodef-ihedn.fr\/quel-avenir-pour-la-bitd-europeenne-participation-de-la-chaire-au-paris-defence-and-strategy-forum-pdsf\/#respond"]}]},{"@type":"WebPage","@id":"https:\/\/ecodef-ihedn.fr\/quel-avenir-pour-la-bitd-europeenne-participation-de-la-chaire-au-paris-defence-and-strategy-forum-pdsf\/","url":"https:\/\/ecodef-ihedn.fr\/quel-avenir-pour-la-bitd-europeenne-participation-de-la-chaire-au-paris-defence-and-strategy-forum-pdsf\/","name":"\"Quel avenir pour la BITD europ\u00e9enne ?\" : participation de la Chaire au Paris defence and strategy forum (PDSF) - Chaire \u00c9conomie de d\u00e9fense - IHEDN","isPartOf":{"@id":"https:\/\/ecodef-ihedn.fr\/#website"},"primaryImageOfPage":{"@id":"https:\/\/ecodef-ihedn.fr\/quel-avenir-pour-la-bitd-europeenne-participation-de-la-chaire-au-paris-defence-and-strategy-forum-pdsf\/#primaryimage"},"image":{"@id":"https:\/\/ecodef-ihedn.fr\/quel-avenir-pour-la-bitd-europeenne-participation-de-la-chaire-au-paris-defence-and-strategy-forum-pdsf\/#primaryimage"},"thumbnailUrl":"https:\/\/ecodef-ihedn.fr\/wp-content\/uploads\/2024\/05\/PDSF-2024-7-5.jpg","datePublished":"2024-03-13T19:43:28+00:00","dateModified":"2024-05-15T07:59:39+00:00","breadcrumb":{"@id":"https:\/\/ecodef-ihedn.fr\/quel-avenir-pour-la-bitd-europeenne-participation-de-la-chaire-au-paris-defence-and-strategy-forum-pdsf\/#breadcrumb"},"inLanguage":"en-GB","potentialAction":[{"@type":"ReadAction","target":["https:\/\/ecodef-ihedn.fr\/quel-avenir-pour-la-bitd-europeenne-participation-de-la-chaire-au-paris-defence-and-strategy-forum-pdsf\/"]}]},{"@type":"ImageObject","inLanguage":"en-GB","@id":"https:\/\/ecodef-ihedn.fr\/quel-avenir-pour-la-bitd-europeenne-participation-de-la-chaire-au-paris-defence-and-strategy-forum-pdsf\/#primaryimage","url":"https:\/\/ecodef-ihedn.fr\/wp-content\/uploads\/2024\/05\/PDSF-2024-7-5.jpg","contentUrl":"https:\/\/ecodef-ihedn.fr\/wp-content\/uploads\/2024\/05\/PDSF-2024-7-5.jpg","width":700,"height":500},{"@type":"BreadcrumbList","@id":"https:\/\/ecodef-ihedn.fr\/quel-avenir-pour-la-bitd-europeenne-participation-de-la-chaire-au-paris-defence-and-strategy-forum-pdsf\/#breadcrumb","itemListElement":[{"@type":"ListItem","position":1,"name":"Accueil","item":"https:\/\/ecodef-ihedn.fr\/"},{"@type":"ListItem","position":2,"name":"&#8220;Quel avenir pour la BITD europ\u00e9enne ?&#8221; : participation de la Chaire au Paris defence and strategy forum (PDSF)"}]},{"@type":"WebSite","@id":"https:\/\/ecodef-ihedn.fr\/#website","url":"https:\/\/ecodef-ihedn.fr\/","name":"Chair in Defence Economics - IHEDN","description":"Produce &amp; support, federate &amp; disseminate, act as an interface","publisher":{"@id":"https:\/\/ecodef-ihedn.fr\/#organization"},"potentialAction":[{"@type":"SearchAction","target":{"@type":"EntryPoint","urlTemplate":"https:\/\/ecodef-ihedn.fr\/?s={search_term_string}"},"query-input":{"@type":"PropertyValueSpecification","valueRequired":true,"valueName":"search_term_string"}}],"inLanguage":"en-GB"},{"@type":"Organization","@id":"https:\/\/ecodef-ihedn.fr\/#organization","name":"Chair in Defence Economics - IHEDN","url":"https:\/\/ecodef-ihedn.fr\/","logo":{"@type":"ImageObject","inLanguage":"en-GB","@id":"https:\/\/ecodef-ihedn.fr\/#\/schema\/logo\/image\/","url":"https:\/\/ecodef-ihedn.fr\/wp-content\/uploads\/2020\/04\/logoEcodef9.jpg","contentUrl":"https:\/\/ecodef-ihedn.fr\/wp-content\/uploads\/2020\/04\/logoEcodef9.jpg","width":410,"height":212,"caption":"Chaire \u00c9conomie de d\u00e9fense - IHEDN"},"image":{"@id":"https:\/\/ecodef-ihedn.fr\/#\/schema\/logo\/image\/"},"sameAs":["https:\/\/x.com\/Chaire_Ecodef","https:\/\/www.linkedin.com\/company\/chaire-ecodef-ihedn\/"]},{"@type":"Person","@id":"https:\/\/ecodef-ihedn.fr\/#\/schema\/person\/1cdf22d028cebe278126a6e07a884d30","name":"Bertrand Demandre","image":{"@type":"ImageObject","inLanguage":"en-GB","@id":"https:\/\/secure.gravatar.com\/avatar\/d9c9746d6c900ab5b9c0f9b1fa3932e369da923da247d624b8f7ab4ba8a3c093?s=96&d=mm&r=g","url":"https:\/\/secure.gravatar.com\/avatar\/d9c9746d6c900ab5b9c0f9b1fa3932e369da923da247d624b8f7ab4ba8a3c093?s=96&d=mm&r=g","contentUrl":"https:\/\/secure.gravatar.com\/avatar\/d9c9746d6c900ab5b9c0f9b1fa3932e369da923da247d624b8f7ab4ba8a3c093?s=96&d=mm&r=g","caption":"Bertrand Demandre"},"url":"https:\/\/ecodef-ihedn.fr\/en\/author\/bertrand\/"}]}},"_links":{"self":[{"href":"https:\/\/ecodef-ihedn.fr\/en\/wp-json\/wp\/v2\/posts\/8417","targetHints":{"allow":["GET"]}}],"collection":[{"href":"https:\/\/ecodef-ihedn.fr\/en\/wp-json\/wp\/v2\/posts"}],"about":[{"href":"https:\/\/ecodef-ihedn.fr\/en\/wp-json\/wp\/v2\/types\/post"}],"author":[{"embeddable":true,"href":"https:\/\/ecodef-ihedn.fr\/en\/wp-json\/wp\/v2\/users\/2"}],"replies":[{"embeddable":true,"href":"https:\/\/ecodef-ihedn.fr\/en\/wp-json\/wp\/v2\/comments?post=8417"}],"version-history":[{"count":4,"href":"https:\/\/ecodef-ihedn.fr\/en\/wp-json\/wp\/v2\/posts\/8417\/revisions"}],"predecessor-version":[{"id":8443,"href":"https:\/\/ecodef-ihedn.fr\/en\/wp-json\/wp\/v2\/posts\/8417\/revisions\/8443"}],"wp:featuredmedia":[{"embeddable":true,"href":"https:\/\/ecodef-ihedn.fr\/en\/wp-json\/wp\/v2\/media\/8419"}],"wp:attachment":[{"href":"https:\/\/ecodef-ihedn.fr\/en\/wp-json\/wp\/v2\/media?parent=8417"}],"wp:term":[{"taxonomy":"category","embeddable":true,"href":"https:\/\/ecodef-ihedn.fr\/en\/wp-json\/wp\/v2\/categories?post=8417"},{"taxonomy":"post_tag","embeddable":true,"href":"https:\/\/ecodef-ihedn.fr\/en\/wp-json\/wp\/v2\/tags?post=8417"}],"curies":[{"name":"wp","href":"https:\/\/api.w.org\/{rel}","templated":true}]}}