{"id":8426,"date":"2024-02-12T13:20:01","date_gmt":"2024-02-12T13:20:01","guid":{"rendered":"https:\/\/ecodef-ihedn.fr\/intervention-de-josselin-droff-et-julien-malizard-au-cems-air-ecole-militaire-20-mars-2024-copy\/"},"modified":"2024-05-14T15:55:30","modified_gmt":"2024-05-14T15:55:30","slug":"participation-de-josselin-droff-et-julien-malizard-au-seminaire-du-forsvarets-forskningsinstitutt-ffi-oslo-8-9-fevrier-2024","status":"publish","type":"post","link":"https:\/\/ecodef-ihedn.fr\/en\/participation-de-josselin-droff-et-julien-malizard-au-seminaire-du-forsvarets-forskningsinstitutt-ffi-oslo-8-9-fevrier-2024\/","title":{"rendered":"Participation by Josselin Droff and Julien Malizard in the Forsvarets forskningsinstitutt (FFI) seminar (Oslo, 8-9 February 2024)"},"content":{"rendered":"<p><strong>Josselin Droff<\/strong> and <strong>Julien Malizard<\/strong>, Researchers at the Chair, presented in Oslo, Norway, a paper entitled <strong>research article in progress <\/strong>entitled <strong><em>\u00abEuropean defence industry at the crossroads: the necessary adaptation to short run bottlenecks and long term inherited legacy\u00bb.\u00bb<\/em><\/strong>.<\/p>\r\n<p><a href=\"https:\/\/ecodef-ihedn.fr\/wp-content\/uploads\/2024\/02\/20240208_142555.jpg\"><img loading=\"lazy\" decoding=\"async\" class=\"aligncenter size-full wp-image-8430\" src=\"https:\/\/ecodef-ihedn.fr\/wp-content\/uploads\/2024\/02\/20240208_142555.jpg\" alt=\"\" width=\"2000\" height=\"900\" srcset=\"https:\/\/ecodef-ihedn.fr\/wp-content\/uploads\/2024\/02\/20240208_142555.jpg 2000w, https:\/\/ecodef-ihedn.fr\/wp-content\/uploads\/2024\/02\/20240208_142555-300x135.jpg 300w, https:\/\/ecodef-ihedn.fr\/wp-content\/uploads\/2024\/02\/20240208_142555-1024x461.jpg 1024w, https:\/\/ecodef-ihedn.fr\/wp-content\/uploads\/2024\/02\/20240208_142555-768x346.jpg 768w, https:\/\/ecodef-ihedn.fr\/wp-content\/uploads\/2024\/02\/20240208_142555-1536x691.jpg 1536w, https:\/\/ecodef-ihedn.fr\/wp-content\/uploads\/2024\/02\/20240208_142555-933x420.jpg 933w, https:\/\/ecodef-ihedn.fr\/wp-content\/uploads\/2024\/02\/20240208_142555-1867x840.jpg 1867w, https:\/\/ecodef-ihedn.fr\/wp-content\/uploads\/2024\/02\/20240208_142555-696x313.jpg 696w, https:\/\/ecodef-ihedn.fr\/wp-content\/uploads\/2024\/02\/20240208_142555-1392x626.jpg 1392w, https:\/\/ecodef-ihedn.fr\/wp-content\/uploads\/2024\/02\/20240208_142555-1068x481.jpg 1068w, https:\/\/ecodef-ihedn.fr\/wp-content\/uploads\/2024\/02\/20240208_142555-1920x864.jpg 1920w\" sizes=\"auto, (max-width: 2000px) 100vw, 2000px\" \/><\/a><\/p>\r\n<p>This presentation took place in the context of a <strong>seminar on defence issues<\/strong> organised on 8 and 9 February 2024 by the <a href=\"https:\/\/www.ffi.no\/en\"><strong><em>Forsvarets forskningsinstitutt (FFI)<\/em><\/strong><\/a>.<\/p>\r\n<p>The purpose of this article is to\u2019<strong>examine market trends<\/strong>, on both supply and demand, <strong>since the start of the war in Ukraine in February 2022<\/strong> :<\/p>\r\n<ul>\r\n<li>In terms of demand, European countries have substantially increased their defence budgets, particularly for equipment.<\/li>\r\n<li>In terms of supply, we note that a large proportion of the additional orders were placed with non-European players (United States, South Korea and Israel) for reasons linked to the urgency of the needs expressed.<\/li>\r\n<\/ul>\r\n<p>This raises the question of <strong>industrial policy issues<\/strong> to help bring demand into line with supply.<\/p>\r\n<p>This seminar was an opportunity to forge links with Norwegian and Swedish researchers and to open up new perspectives in terms of research.<\/p>","protected":false},"excerpt":{"rendered":"<p>Josselin Droff et Julien Malizard, Chercheurs \u00e0 la Chaire, ont pr\u00e9sent\u00e9 \u00e0 Oslo, Norv\u00e8ge, un article de recherche en cours de r\u00e9daction intitul\u00e9 \u00ab\u00a0European defense industry at the crossroads : the necessary adaptation to short run bottlenecks and long term inherited legacy\u00a0\u00bb. Cette pr\u00e9sentation a eu lieu dans le contexte d&rsquo;un s\u00e9minaire sur les questions [&hellip;]<\/p>\n","protected":false},"author":2,"featured_media":8428,"comment_status":"open","ping_status":"open","sticky":false,"template":"","format":"standard","meta":{"footnotes":""},"categories":[34,356],"tags":[733,211,736,162,47,734,38,202,86,732,735,106,305,536,117],"class_list":{"0":"post-8426","1":"post","2":"type-post","3":"status-publish","4":"format-standard","5":"has-post-thumbnail","7":"category-activites","8":"category-activites-participation-de-la-chaire-a-un-evenement","9":"tag-atelier","10":"tag-bitd","11":"tag-bitde","12":"tag-chaire-economie-de-defense","13":"tag-economie-de-defense","14":"tag-forsvarets-forskningsinstitutt","15":"tag-ihedn","16":"tag-josselin-droff","17":"tag-julien-malizard","18":"tag-norwegian-defence-research-establishment-ffi","19":"tag-oslo","20":"tag-seminaire","21":"tag-tendances-mondiales","22":"tag-ukraine","23":"tag-workshop"},"yoast_head":"<!-- This site is optimized with the Yoast SEO plugin v27.4 - https:\/\/yoast.com\/product\/yoast-seo-wordpress\/ -->\n<title>Participation de Josselin Droff et Julien Malizard au s\u00e9minaire du Forsvarets forskningsinstitutt (FFI) (Oslo, 8-9 f\u00e9vrier 2024) - Chaire \u00c9conomie de d\u00e9fense - IHEDN<\/title>\n<meta name=\"robots\" content=\"index, follow, max-snippet:-1, max-image-preview:large, max-video-preview:-1\" \/>\n<link rel=\"canonical\" href=\"https:\/\/ecodef-ihedn.fr\/en\/participation-de-josselin-droff-et-julien-malizard-au-seminaire-du-forsvarets-forskningsinstitutt-ffi-oslo-8-9-fevrier-2024\/\" \/>\n<meta property=\"og:locale\" content=\"en_GB\" \/>\n<meta property=\"og:type\" content=\"article\" \/>\n<meta property=\"og:title\" content=\"Participation de Josselin Droff et Julien Malizard au s\u00e9minaire du Forsvarets forskningsinstitutt (FFI) (Oslo, 8-9 f\u00e9vrier 2024) - Chaire \u00c9conomie de d\u00e9fense - IHEDN\" \/>\n<meta property=\"og:description\" content=\"Josselin Droff et Julien Malizard, Chercheurs \u00e0 la Chaire, ont pr\u00e9sent\u00e9 \u00e0 Oslo, Norv\u00e8ge, un article de recherche en cours de r\u00e9daction intitul\u00e9 \u00ab\u00a0European defense industry at the crossroads : the necessary adaptation to short run bottlenecks and long term inherited legacy\u00a0\u00bb. Cette pr\u00e9sentation a eu lieu dans le contexte d&rsquo;un s\u00e9minaire sur les questions [&hellip;]\" \/>\n<meta property=\"og:url\" content=\"https:\/\/ecodef-ihedn.fr\/en\/participation-de-josselin-droff-et-julien-malizard-au-seminaire-du-forsvarets-forskningsinstitutt-ffi-oslo-8-9-fevrier-2024\/\" \/>\n<meta property=\"og:site_name\" content=\"Chaire \u00c9conomie de d\u00e9fense - IHEDN\" \/>\n<meta property=\"article:published_time\" content=\"2024-02-12T13:20:01+00:00\" \/>\n<meta property=\"article:modified_time\" content=\"2024-05-14T15:55:30+00:00\" \/>\n<meta property=\"og:image\" content=\"https:\/\/ecodef-ihedn.fr\/wp-content\/uploads\/2024\/05\/FFI_logo_eng.png\" \/>\n\t<meta property=\"og:image:width\" content=\"633\" \/>\n\t<meta property=\"og:image:height\" content=\"453\" \/>\n\t<meta property=\"og:image:type\" content=\"image\/png\" \/>\n<meta name=\"author\" content=\"Bertrand Demandre\" \/>\n<meta name=\"twitter:card\" content=\"summary_large_image\" \/>\n<meta name=\"twitter:creator\" content=\"@Chaire_Ecodef\" \/>\n<meta name=\"twitter:site\" content=\"@Chaire_Ecodef\" \/>\n<meta name=\"twitter:label1\" content=\"Written by\" \/>\n\t<meta name=\"twitter:data1\" content=\"Bertrand Demandre\" \/>\n\t<meta name=\"twitter:label2\" content=\"Estimated reading time\" \/>\n\t<meta name=\"twitter:data2\" content=\"2 minutes\" \/>\n<script type=\"application\/ld+json\" class=\"yoast-schema-graph\">{\"@context\":\"https:\\\/\\\/schema.org\",\"@graph\":[{\"@type\":\"Article\",\"@id\":\"https:\\\/\\\/ecodef-ihedn.fr\\\/participation-de-josselin-droff-et-julien-malizard-au-seminaire-du-forsvarets-forskningsinstitutt-ffi-oslo-8-9-fevrier-2024\\\/#article\",\"isPartOf\":{\"@id\":\"https:\\\/\\\/ecodef-ihedn.fr\\\/participation-de-josselin-droff-et-julien-malizard-au-seminaire-du-forsvarets-forskningsinstitutt-ffi-oslo-8-9-fevrier-2024\\\/\"},\"author\":{\"name\":\"Bertrand Demandre\",\"@id\":\"https:\\\/\\\/ecodef-ihedn.fr\\\/#\\\/schema\\\/person\\\/1cdf22d028cebe278126a6e07a884d30\"},\"headline\":\"Participation de Josselin Droff et Julien Malizard au s\u00e9minaire du Forsvarets forskningsinstitutt (FFI) (Oslo, 8-9 f\u00e9vrier 2024)\",\"datePublished\":\"2024-02-12T13:20:01+00:00\",\"dateModified\":\"2024-05-14T15:55:30+00:00\",\"mainEntityOfPage\":{\"@id\":\"https:\\\/\\\/ecodef-ihedn.fr\\\/participation-de-josselin-droff-et-julien-malizard-au-seminaire-du-forsvarets-forskningsinstitutt-ffi-oslo-8-9-fevrier-2024\\\/\"},\"wordCount\":234,\"commentCount\":0,\"publisher\":{\"@id\":\"https:\\\/\\\/ecodef-ihedn.fr\\\/#organization\"},\"image\":{\"@id\":\"https:\\\/\\\/ecodef-ihedn.fr\\\/participation-de-josselin-droff-et-julien-malizard-au-seminaire-du-forsvarets-forskningsinstitutt-ffi-oslo-8-9-fevrier-2024\\\/#primaryimage\"},\"thumbnailUrl\":\"https:\\\/\\\/ecodef-ihedn.fr\\\/wp-content\\\/uploads\\\/2024\\\/05\\\/FFI_logo_eng.png\",\"keywords\":[\"atelier\",\"BITD\",\"BITDE\",\"chaire \u00e9conomie de d\u00e9fense\",\"\u00e9conomie de d\u00e9fense\",\"Forsvarets forskningsinstitutt\",\"IHEDN\",\"Josselin Droff\",\"Julien Malizard\",\"Norwegian Defence Research Establishment (FFI)\",\"Oslo\",\"s\u00e9minaire\",\"tendances mondiales\",\"Ukraine\",\"workshop\"],\"articleSection\":[\"Activit\u00e9s\",\"Activit\u00e9s : participation de la Chaire \u00e0 un \u00e9v\u00e9nement\"],\"inLanguage\":\"en-GB\",\"potentialAction\":[{\"@type\":\"CommentAction\",\"name\":\"Comment\",\"target\":[\"https:\\\/\\\/ecodef-ihedn.fr\\\/participation-de-josselin-droff-et-julien-malizard-au-seminaire-du-forsvarets-forskningsinstitutt-ffi-oslo-8-9-fevrier-2024\\\/#respond\"]}]},{\"@type\":\"WebPage\",\"@id\":\"https:\\\/\\\/ecodef-ihedn.fr\\\/participation-de-josselin-droff-et-julien-malizard-au-seminaire-du-forsvarets-forskningsinstitutt-ffi-oslo-8-9-fevrier-2024\\\/\",\"url\":\"https:\\\/\\\/ecodef-ihedn.fr\\\/participation-de-josselin-droff-et-julien-malizard-au-seminaire-du-forsvarets-forskningsinstitutt-ffi-oslo-8-9-fevrier-2024\\\/\",\"name\":\"Participation de Josselin Droff et Julien Malizard au s\u00e9minaire du Forsvarets forskningsinstitutt (FFI) (Oslo, 8-9 f\u00e9vrier 2024) - Chaire \u00c9conomie de d\u00e9fense - IHEDN\",\"isPartOf\":{\"@id\":\"https:\\\/\\\/ecodef-ihedn.fr\\\/#website\"},\"primaryImageOfPage\":{\"@id\":\"https:\\\/\\\/ecodef-ihedn.fr\\\/participation-de-josselin-droff-et-julien-malizard-au-seminaire-du-forsvarets-forskningsinstitutt-ffi-oslo-8-9-fevrier-2024\\\/#primaryimage\"},\"image\":{\"@id\":\"https:\\\/\\\/ecodef-ihedn.fr\\\/participation-de-josselin-droff-et-julien-malizard-au-seminaire-du-forsvarets-forskningsinstitutt-ffi-oslo-8-9-fevrier-2024\\\/#primaryimage\"},\"thumbnailUrl\":\"https:\\\/\\\/ecodef-ihedn.fr\\\/wp-content\\\/uploads\\\/2024\\\/05\\\/FFI_logo_eng.png\",\"datePublished\":\"2024-02-12T13:20:01+00:00\",\"dateModified\":\"2024-05-14T15:55:30+00:00\",\"breadcrumb\":{\"@id\":\"https:\\\/\\\/ecodef-ihedn.fr\\\/participation-de-josselin-droff-et-julien-malizard-au-seminaire-du-forsvarets-forskningsinstitutt-ffi-oslo-8-9-fevrier-2024\\\/#breadcrumb\"},\"inLanguage\":\"en-GB\",\"potentialAction\":[{\"@type\":\"ReadAction\",\"target\":[\"https:\\\/\\\/ecodef-ihedn.fr\\\/participation-de-josselin-droff-et-julien-malizard-au-seminaire-du-forsvarets-forskningsinstitutt-ffi-oslo-8-9-fevrier-2024\\\/\"]}]},{\"@type\":\"ImageObject\",\"inLanguage\":\"en-GB\",\"@id\":\"https:\\\/\\\/ecodef-ihedn.fr\\\/participation-de-josselin-droff-et-julien-malizard-au-seminaire-du-forsvarets-forskningsinstitutt-ffi-oslo-8-9-fevrier-2024\\\/#primaryimage\",\"url\":\"https:\\\/\\\/ecodef-ihedn.fr\\\/wp-content\\\/uploads\\\/2024\\\/05\\\/FFI_logo_eng.png\",\"contentUrl\":\"https:\\\/\\\/ecodef-ihedn.fr\\\/wp-content\\\/uploads\\\/2024\\\/05\\\/FFI_logo_eng.png\",\"width\":633,\"height\":453},{\"@type\":\"BreadcrumbList\",\"@id\":\"https:\\\/\\\/ecodef-ihedn.fr\\\/participation-de-josselin-droff-et-julien-malizard-au-seminaire-du-forsvarets-forskningsinstitutt-ffi-oslo-8-9-fevrier-2024\\\/#breadcrumb\",\"itemListElement\":[{\"@type\":\"ListItem\",\"position\":1,\"name\":\"Accueil\",\"item\":\"https:\\\/\\\/ecodef-ihedn.fr\\\/\"},{\"@type\":\"ListItem\",\"position\":2,\"name\":\"Participation de Josselin Droff et Julien Malizard au s\u00e9minaire du Forsvarets forskningsinstitutt (FFI) (Oslo, 8-9 f\u00e9vrier 2024)\"}]},{\"@type\":\"WebSite\",\"@id\":\"https:\\\/\\\/ecodef-ihedn.fr\\\/#website\",\"url\":\"https:\\\/\\\/ecodef-ihedn.fr\\\/\",\"name\":\"Chaire \u00c9conomie de D\u00e9fense - IHEDN\",\"description\":\"Produire &amp; soutenir, f\u00e9d\u00e9rer &amp; diffuser, \u00eatre une interface\",\"publisher\":{\"@id\":\"https:\\\/\\\/ecodef-ihedn.fr\\\/#organization\"},\"potentialAction\":[{\"@type\":\"SearchAction\",\"target\":{\"@type\":\"EntryPoint\",\"urlTemplate\":\"https:\\\/\\\/ecodef-ihedn.fr\\\/?s={search_term_string}\"},\"query-input\":{\"@type\":\"PropertyValueSpecification\",\"valueRequired\":true,\"valueName\":\"search_term_string\"}}],\"inLanguage\":\"en-GB\"},{\"@type\":\"Organization\",\"@id\":\"https:\\\/\\\/ecodef-ihedn.fr\\\/#organization\",\"name\":\"Chaire \u00c9conomie de d\u00e9fense - IHEDN\",\"url\":\"https:\\\/\\\/ecodef-ihedn.fr\\\/\",\"logo\":{\"@type\":\"ImageObject\",\"inLanguage\":\"en-GB\",\"@id\":\"https:\\\/\\\/ecodef-ihedn.fr\\\/#\\\/schema\\\/logo\\\/image\\\/\",\"url\":\"https:\\\/\\\/ecodef-ihedn.fr\\\/wp-content\\\/uploads\\\/2020\\\/04\\\/logoEcodef9.jpg\",\"contentUrl\":\"https:\\\/\\\/ecodef-ihedn.fr\\\/wp-content\\\/uploads\\\/2020\\\/04\\\/logoEcodef9.jpg\",\"width\":410,\"height\":212,\"caption\":\"Chaire \u00c9conomie de d\u00e9fense - IHEDN\"},\"image\":{\"@id\":\"https:\\\/\\\/ecodef-ihedn.fr\\\/#\\\/schema\\\/logo\\\/image\\\/\"},\"sameAs\":[\"https:\\\/\\\/x.com\\\/Chaire_Ecodef\",\"https:\\\/\\\/www.linkedin.com\\\/company\\\/chaire-ecodef-ihedn\\\/\"]},{\"@type\":\"Person\",\"@id\":\"https:\\\/\\\/ecodef-ihedn.fr\\\/#\\\/schema\\\/person\\\/1cdf22d028cebe278126a6e07a884d30\",\"name\":\"Bertrand Demandre\",\"image\":{\"@type\":\"ImageObject\",\"inLanguage\":\"en-GB\",\"@id\":\"https:\\\/\\\/secure.gravatar.com\\\/avatar\\\/d9c9746d6c900ab5b9c0f9b1fa3932e369da923da247d624b8f7ab4ba8a3c093?s=96&d=mm&r=g\",\"url\":\"https:\\\/\\\/secure.gravatar.com\\\/avatar\\\/d9c9746d6c900ab5b9c0f9b1fa3932e369da923da247d624b8f7ab4ba8a3c093?s=96&d=mm&r=g\",\"contentUrl\":\"https:\\\/\\\/secure.gravatar.com\\\/avatar\\\/d9c9746d6c900ab5b9c0f9b1fa3932e369da923da247d624b8f7ab4ba8a3c093?s=96&d=mm&r=g\",\"caption\":\"Bertrand Demandre\"},\"url\":\"https:\\\/\\\/ecodef-ihedn.fr\\\/en\\\/author\\\/bertrand\\\/\"}]}<\/script>\n<!-- \/ Yoast SEO plugin. -->","yoast_head_json":{"title":"Participation de Josselin Droff et Julien Malizard au s\u00e9minaire du Forsvarets forskningsinstitutt (FFI) (Oslo, 8-9 f\u00e9vrier 2024) - Chaire \u00c9conomie de d\u00e9fense - IHEDN","robots":{"index":"index","follow":"follow","max-snippet":"max-snippet:-1","max-image-preview":"max-image-preview:large","max-video-preview":"max-video-preview:-1"},"canonical":"https:\/\/ecodef-ihedn.fr\/en\/participation-de-josselin-droff-et-julien-malizard-au-seminaire-du-forsvarets-forskningsinstitutt-ffi-oslo-8-9-fevrier-2024\/","og_locale":"en_GB","og_type":"article","og_title":"Participation de Josselin Droff et Julien Malizard au s\u00e9minaire du Forsvarets forskningsinstitutt (FFI) (Oslo, 8-9 f\u00e9vrier 2024) - Chaire \u00c9conomie de d\u00e9fense - IHEDN","og_description":"Josselin Droff et Julien Malizard, Chercheurs \u00e0 la Chaire, ont pr\u00e9sent\u00e9 \u00e0 Oslo, Norv\u00e8ge, un article de recherche en cours de r\u00e9daction intitul\u00e9 \u00ab\u00a0European defense industry at the crossroads : the necessary adaptation to short run bottlenecks and long term inherited legacy\u00a0\u00bb. Cette pr\u00e9sentation a eu lieu dans le contexte d&rsquo;un s\u00e9minaire sur les questions [&hellip;]","og_url":"https:\/\/ecodef-ihedn.fr\/en\/participation-de-josselin-droff-et-julien-malizard-au-seminaire-du-forsvarets-forskningsinstitutt-ffi-oslo-8-9-fevrier-2024\/","og_site_name":"Chaire \u00c9conomie de d\u00e9fense - IHEDN","article_published_time":"2024-02-12T13:20:01+00:00","article_modified_time":"2024-05-14T15:55:30+00:00","og_image":[{"width":633,"height":453,"url":"https:\/\/ecodef-ihedn.fr\/wp-content\/uploads\/2024\/05\/FFI_logo_eng.png","type":"image\/png"}],"author":"Bertrand Demandre","twitter_card":"summary_large_image","twitter_creator":"@Chaire_Ecodef","twitter_site":"@Chaire_Ecodef","twitter_misc":{"Written by":"Bertrand Demandre","Estimated reading time":"2 minutes"},"schema":{"@context":"https:\/\/schema.org","@graph":[{"@type":"Article","@id":"https:\/\/ecodef-ihedn.fr\/participation-de-josselin-droff-et-julien-malizard-au-seminaire-du-forsvarets-forskningsinstitutt-ffi-oslo-8-9-fevrier-2024\/#article","isPartOf":{"@id":"https:\/\/ecodef-ihedn.fr\/participation-de-josselin-droff-et-julien-malizard-au-seminaire-du-forsvarets-forskningsinstitutt-ffi-oslo-8-9-fevrier-2024\/"},"author":{"name":"Bertrand Demandre","@id":"https:\/\/ecodef-ihedn.fr\/#\/schema\/person\/1cdf22d028cebe278126a6e07a884d30"},"headline":"Participation de Josselin Droff et Julien Malizard au s\u00e9minaire du Forsvarets forskningsinstitutt (FFI) (Oslo, 8-9 f\u00e9vrier 2024)","datePublished":"2024-02-12T13:20:01+00:00","dateModified":"2024-05-14T15:55:30+00:00","mainEntityOfPage":{"@id":"https:\/\/ecodef-ihedn.fr\/participation-de-josselin-droff-et-julien-malizard-au-seminaire-du-forsvarets-forskningsinstitutt-ffi-oslo-8-9-fevrier-2024\/"},"wordCount":234,"commentCount":0,"publisher":{"@id":"https:\/\/ecodef-ihedn.fr\/#organization"},"image":{"@id":"https:\/\/ecodef-ihedn.fr\/participation-de-josselin-droff-et-julien-malizard-au-seminaire-du-forsvarets-forskningsinstitutt-ffi-oslo-8-9-fevrier-2024\/#primaryimage"},"thumbnailUrl":"https:\/\/ecodef-ihedn.fr\/wp-content\/uploads\/2024\/05\/FFI_logo_eng.png","keywords":["atelier","BITD","BITDE","chaire \u00e9conomie de d\u00e9fense","\u00e9conomie de d\u00e9fense","Forsvarets forskningsinstitutt","IHEDN","Josselin Droff","Julien Malizard","Norwegian Defence Research Establishment (FFI)","Oslo","s\u00e9minaire","tendances mondiales","Ukraine","workshop"],"articleSection":["Activit\u00e9s","Activit\u00e9s : participation de la Chaire \u00e0 un \u00e9v\u00e9nement"],"inLanguage":"en-GB","potentialAction":[{"@type":"CommentAction","name":"Comment","target":["https:\/\/ecodef-ihedn.fr\/participation-de-josselin-droff-et-julien-malizard-au-seminaire-du-forsvarets-forskningsinstitutt-ffi-oslo-8-9-fevrier-2024\/#respond"]}]},{"@type":"WebPage","@id":"https:\/\/ecodef-ihedn.fr\/participation-de-josselin-droff-et-julien-malizard-au-seminaire-du-forsvarets-forskningsinstitutt-ffi-oslo-8-9-fevrier-2024\/","url":"https:\/\/ecodef-ihedn.fr\/participation-de-josselin-droff-et-julien-malizard-au-seminaire-du-forsvarets-forskningsinstitutt-ffi-oslo-8-9-fevrier-2024\/","name":"Participation de Josselin Droff et Julien Malizard au s\u00e9minaire du Forsvarets forskningsinstitutt (FFI) (Oslo, 8-9 f\u00e9vrier 2024) - Chaire \u00c9conomie de d\u00e9fense - IHEDN","isPartOf":{"@id":"https:\/\/ecodef-ihedn.fr\/#website"},"primaryImageOfPage":{"@id":"https:\/\/ecodef-ihedn.fr\/participation-de-josselin-droff-et-julien-malizard-au-seminaire-du-forsvarets-forskningsinstitutt-ffi-oslo-8-9-fevrier-2024\/#primaryimage"},"image":{"@id":"https:\/\/ecodef-ihedn.fr\/participation-de-josselin-droff-et-julien-malizard-au-seminaire-du-forsvarets-forskningsinstitutt-ffi-oslo-8-9-fevrier-2024\/#primaryimage"},"thumbnailUrl":"https:\/\/ecodef-ihedn.fr\/wp-content\/uploads\/2024\/05\/FFI_logo_eng.png","datePublished":"2024-02-12T13:20:01+00:00","dateModified":"2024-05-14T15:55:30+00:00","breadcrumb":{"@id":"https:\/\/ecodef-ihedn.fr\/participation-de-josselin-droff-et-julien-malizard-au-seminaire-du-forsvarets-forskningsinstitutt-ffi-oslo-8-9-fevrier-2024\/#breadcrumb"},"inLanguage":"en-GB","potentialAction":[{"@type":"ReadAction","target":["https:\/\/ecodef-ihedn.fr\/participation-de-josselin-droff-et-julien-malizard-au-seminaire-du-forsvarets-forskningsinstitutt-ffi-oslo-8-9-fevrier-2024\/"]}]},{"@type":"ImageObject","inLanguage":"en-GB","@id":"https:\/\/ecodef-ihedn.fr\/participation-de-josselin-droff-et-julien-malizard-au-seminaire-du-forsvarets-forskningsinstitutt-ffi-oslo-8-9-fevrier-2024\/#primaryimage","url":"https:\/\/ecodef-ihedn.fr\/wp-content\/uploads\/2024\/05\/FFI_logo_eng.png","contentUrl":"https:\/\/ecodef-ihedn.fr\/wp-content\/uploads\/2024\/05\/FFI_logo_eng.png","width":633,"height":453},{"@type":"BreadcrumbList","@id":"https:\/\/ecodef-ihedn.fr\/participation-de-josselin-droff-et-julien-malizard-au-seminaire-du-forsvarets-forskningsinstitutt-ffi-oslo-8-9-fevrier-2024\/#breadcrumb","itemListElement":[{"@type":"ListItem","position":1,"name":"Accueil","item":"https:\/\/ecodef-ihedn.fr\/"},{"@type":"ListItem","position":2,"name":"Participation de Josselin Droff et Julien Malizard au s\u00e9minaire du Forsvarets forskningsinstitutt (FFI) (Oslo, 8-9 f\u00e9vrier 2024)"}]},{"@type":"WebSite","@id":"https:\/\/ecodef-ihedn.fr\/#website","url":"https:\/\/ecodef-ihedn.fr\/","name":"Chair in Defence Economics - IHEDN","description":"Produce &amp; support, federate &amp; disseminate, act as an interface","publisher":{"@id":"https:\/\/ecodef-ihedn.fr\/#organization"},"potentialAction":[{"@type":"SearchAction","target":{"@type":"EntryPoint","urlTemplate":"https:\/\/ecodef-ihedn.fr\/?s={search_term_string}"},"query-input":{"@type":"PropertyValueSpecification","valueRequired":true,"valueName":"search_term_string"}}],"inLanguage":"en-GB"},{"@type":"Organization","@id":"https:\/\/ecodef-ihedn.fr\/#organization","name":"Chair in Defence Economics - IHEDN","url":"https:\/\/ecodef-ihedn.fr\/","logo":{"@type":"ImageObject","inLanguage":"en-GB","@id":"https:\/\/ecodef-ihedn.fr\/#\/schema\/logo\/image\/","url":"https:\/\/ecodef-ihedn.fr\/wp-content\/uploads\/2020\/04\/logoEcodef9.jpg","contentUrl":"https:\/\/ecodef-ihedn.fr\/wp-content\/uploads\/2020\/04\/logoEcodef9.jpg","width":410,"height":212,"caption":"Chaire \u00c9conomie de d\u00e9fense - IHEDN"},"image":{"@id":"https:\/\/ecodef-ihedn.fr\/#\/schema\/logo\/image\/"},"sameAs":["https:\/\/x.com\/Chaire_Ecodef","https:\/\/www.linkedin.com\/company\/chaire-ecodef-ihedn\/"]},{"@type":"Person","@id":"https:\/\/ecodef-ihedn.fr\/#\/schema\/person\/1cdf22d028cebe278126a6e07a884d30","name":"Bertrand Demandre","image":{"@type":"ImageObject","inLanguage":"en-GB","@id":"https:\/\/secure.gravatar.com\/avatar\/d9c9746d6c900ab5b9c0f9b1fa3932e369da923da247d624b8f7ab4ba8a3c093?s=96&d=mm&r=g","url":"https:\/\/secure.gravatar.com\/avatar\/d9c9746d6c900ab5b9c0f9b1fa3932e369da923da247d624b8f7ab4ba8a3c093?s=96&d=mm&r=g","contentUrl":"https:\/\/secure.gravatar.com\/avatar\/d9c9746d6c900ab5b9c0f9b1fa3932e369da923da247d624b8f7ab4ba8a3c093?s=96&d=mm&r=g","caption":"Bertrand Demandre"},"url":"https:\/\/ecodef-ihedn.fr\/en\/author\/bertrand\/"}]}},"_links":{"self":[{"href":"https:\/\/ecodef-ihedn.fr\/en\/wp-json\/wp\/v2\/posts\/8426","targetHints":{"allow":["GET"]}}],"collection":[{"href":"https:\/\/ecodef-ihedn.fr\/en\/wp-json\/wp\/v2\/posts"}],"about":[{"href":"https:\/\/ecodef-ihedn.fr\/en\/wp-json\/wp\/v2\/types\/post"}],"author":[{"embeddable":true,"href":"https:\/\/ecodef-ihedn.fr\/en\/wp-json\/wp\/v2\/users\/2"}],"replies":[{"embeddable":true,"href":"https:\/\/ecodef-ihedn.fr\/en\/wp-json\/wp\/v2\/comments?post=8426"}],"version-history":[{"count":6,"href":"https:\/\/ecodef-ihedn.fr\/en\/wp-json\/wp\/v2\/posts\/8426\/revisions"}],"predecessor-version":[{"id":8434,"href":"https:\/\/ecodef-ihedn.fr\/en\/wp-json\/wp\/v2\/posts\/8426\/revisions\/8434"}],"wp:featuredmedia":[{"embeddable":true,"href":"https:\/\/ecodef-ihedn.fr\/en\/wp-json\/wp\/v2\/media\/8428"}],"wp:attachment":[{"href":"https:\/\/ecodef-ihedn.fr\/en\/wp-json\/wp\/v2\/media?parent=8426"}],"wp:term":[{"taxonomy":"category","embeddable":true,"href":"https:\/\/ecodef-ihedn.fr\/en\/wp-json\/wp\/v2\/categories?post=8426"},{"taxonomy":"post_tag","embeddable":true,"href":"https:\/\/ecodef-ihedn.fr\/en\/wp-json\/wp\/v2\/tags?post=8426"}],"curies":[{"name":"wp","href":"https:\/\/api.w.org\/{rel}","templated":true}]}}