{"id":8460,"date":"2023-06-13T18:26:25","date_gmt":"2023-06-13T18:26:25","guid":{"rendered":"https:\/\/ecodef-ihedn.fr\/vendre-des-armes-et-apres-julien-malizard-dans-le-collimateur-podcast-de-lirsem-copy\/"},"modified":"2024-05-16T14:25:48","modified_gmt":"2024-05-16T14:25:48","slug":"une-nouvelle-lpm-pour-les-armees-pour-quoi-faire-julien-malizard-dans-le-collimateur-podcast-de-lirsem","status":"publish","type":"post","link":"https:\/\/ecodef-ihedn.fr\/en\/une-nouvelle-lpm-pour-les-armees-pour-quoi-faire-julien-malizard-dans-le-collimateur-podcast-de-lirsem\/","title":{"rendered":"\u00abA new LPM for the Armed Forces: what for? Julien Malizard in the Collimator, IRSEM podcast"},"content":{"rendered":"<h3><strong>Julien Malizard, deputy holder of the Chair, is the guest of the episode <strong>from <em>Collimator<\/em>, <\/strong>IRSEM podcast on the new military programming law (LPM).<\/strong><\/h3>\r\n\r\n\r\n<div class=\"wp-block-image\">\r\n<figure class=\"aligncenter size-large is-resized\"><a href=\"https:\/\/soundcloud.com\/le-collimateur\/une-lpm-et-apres\" target=\"_blank\" rel=\"noopener\"><img loading=\"lazy\" decoding=\"async\" class=\"aligncenter wp-image-8447 size-medium\" src=\"https:\/\/ecodef-ihedn.fr\/wp-content\/uploads\/2020\/04\/logo-collimateur-IRSEM-1-300x193.png\" alt=\"\" width=\"300\" height=\"193\" srcset=\"https:\/\/ecodef-ihedn.fr\/wp-content\/uploads\/2020\/04\/logo-collimateur-IRSEM-1-300x193.png 300w, https:\/\/ecodef-ihedn.fr\/wp-content\/uploads\/2020\/04\/logo-collimateur-IRSEM-1-654x420.png 654w, https:\/\/ecodef-ihedn.fr\/wp-content\/uploads\/2020\/04\/logo-collimateur-IRSEM-1-696x447.png 696w, https:\/\/ecodef-ihedn.fr\/wp-content\/uploads\/2020\/04\/logo-collimateur-IRSEM-1.png 750w\" sizes=\"auto, (max-width: 300px) 100vw, 300px\" \/><\/a><\/figure>\r\n<\/div>\r\n\r\n\r\n<p>Presented by<strong> Alexandre Jubelin<\/strong>, the latest episode of <em>Collimator<\/em>, podcast from\u2019<a href=\"https:\/\/www.irsem.fr\/index.html\" target=\"_blank\" rel=\"noreferrer noopener\"><strong>IRSEM<\/strong><\/a>, receives <strong>Julien Malizard<\/strong>, Deputy Chair, <strong>Elie Tenenbaum<\/strong>, Director of IFRI's Centre for Security Studies, and <strong>Gesine Weber<\/strong>, a researcher at the German Marshall Fund in Paris, and a doctoral student at King's College.<\/p>\r\n<p>This episode features a <strong>overall diagnosis of the LPM 2024-2030<\/strong>, which is currently being debated in Parliament to define the budget and format of our Armed Forces for the next seven years.<\/p>\r\n<div class=\"wp-block-buttons\">\r\n<div class=\"wp-block-button aligncenter\"><a class=\"wp-block-button__link\" href=\"https:\/\/soundcloud.com\/le-collimateur\/une-lpm-et-apres\" target=\"_blank\" rel=\"noopener\">listen to the podcast<\/a><\/div>\r\n<\/div>\r\n<!-- \/wp:post-content -->\r\n\r\n<!-- wp:spacer {\"height\":\"10px\"} -->\r\n<div class=\"wp-block-spacer\" style=\"height: 10px;\" aria-hidden=\"true\">\u00a0<\/div>\r\n<!-- \/wp:spacer -->\r\n\r\n<!-- wp:buttons -->\r\n<div class=\"wp-block-buttons\"><!-- wp:button {\"align\":\"center\"} -->\r\n<div class=\"wp-block-button aligncenter\"><a class=\"wp-block-button__link\" href=\"https:\/\/sites.tufts.edu\/wpf\/defense-industries,-foreign-policy-and-armed-conflict:-french-study\/\" target=\"_blank\" rel=\"noreferrer noopener\">read the report<\/a><\/div>\r\n<!-- \/wp:button --><\/div>\r\n<!-- \/wp:buttons -->\r\n\r\n<!-- wp:paragraph -->\r\n<p>&nbsp;<\/p>\r\n<!-- \/wp:paragraph -->","protected":false},"excerpt":{"rendered":"<p>Julien Malizard, titulaire adjoint de la Chaire, est l&rsquo;invit\u00e9 de l&rsquo;\u00e9pisode du Collimateur, podcast de l&rsquo;IRSEM, consacr\u00e9 \u00e0 la nouvelle loi de programmation militaire (LPM). Pr\u00e9sent\u00e9 par Alexandre Jubelin, le dernier \u00e9pisode du Collimateur, podcast de l&rsquo;IRSEM, re\u00e7oit Julien Malizard, titulaire adjoint de la Chaire, Elie Tenenbaum, directeur du centre des \u00e9tudes de s\u00e9curit\u00e9 de [&hellip;]<\/p>\n","protected":false},"author":2,"featured_media":8447,"comment_status":"open","ping_status":"open","sticky":false,"template":"","format":"standard","meta":{"footnotes":""},"categories":[358],"tags":[571,68,47,740,742,741,539,38,149,196,86,637,636,361],"class_list":{"0":"post-8460","1":"post","2":"type-post","3":"status-publish","4":"format-standard","5":"has-post-thumbnail","7":"category-medias","8":"tag-collimateur","9":"tag-dissuasion","10":"tag-economie-de-defense","11":"tag-elie-tenenbaum","12":"tag-german-marshall-fund","13":"tag-gesine-weber","14":"tag-ifri","15":"tag-ihedn","16":"tag-industrie-de-defense","17":"tag-irsem","18":"tag-julien-malizard","19":"tag-loi-de-programmation-militaire","20":"tag-lpm","21":"tag-podcast"},"yoast_head":"<!-- This site is optimized with the Yoast SEO plugin v27.4 - https:\/\/yoast.com\/product\/yoast-seo-wordpress\/ -->\n<title>&quot;Une nouvelle LPM pour les Arm\u00e9es : pour quoi faire ?&quot; : Julien Malizard dans le Collimateur, podcast de l&#039;IRSEM - Chaire \u00c9conomie de d\u00e9fense - IHEDN<\/title>\n<meta name=\"description\" content=\"Retrouvez l\u2019intervention de Julien Malizard dans le Collimateur, podcast de l&#039;IRSEM, pour l&#039;\u00e9pisode &quot;Les armes fran\u00e7aises apportent-elles la paix dans le monde ?&quot;.\" \/>\n<meta name=\"robots\" content=\"index, follow, max-snippet:-1, max-image-preview:large, max-video-preview:-1\" \/>\n<link rel=\"canonical\" href=\"https:\/\/ecodef-ihedn.fr\/en\/une-nouvelle-lpm-pour-les-armees-pour-quoi-faire-julien-malizard-dans-le-collimateur-podcast-de-lirsem\/\" \/>\n<meta property=\"og:locale\" content=\"en_GB\" \/>\n<meta property=\"og:type\" content=\"article\" \/>\n<meta property=\"og:title\" content=\"&quot;Une nouvelle LPM pour les Arm\u00e9es : pour quoi faire ?&quot; : Julien Malizard dans le Collimateur, podcast de l&#039;IRSEM - Chaire \u00c9conomie de d\u00e9fense - IHEDN\" \/>\n<meta property=\"og:description\" content=\"Retrouvez l\u2019intervention de Julien Malizard dans le Collimateur, podcast de l&#039;IRSEM, pour l&#039;\u00e9pisode &quot;Les armes fran\u00e7aises apportent-elles la paix dans le monde ?&quot;.\" \/>\n<meta property=\"og:url\" content=\"https:\/\/ecodef-ihedn.fr\/en\/une-nouvelle-lpm-pour-les-armees-pour-quoi-faire-julien-malizard-dans-le-collimateur-podcast-de-lirsem\/\" \/>\n<meta property=\"og:site_name\" content=\"Chaire \u00c9conomie de d\u00e9fense - IHEDN\" \/>\n<meta property=\"article:published_time\" content=\"2023-06-13T18:26:25+00:00\" \/>\n<meta property=\"article:modified_time\" content=\"2024-05-16T14:25:48+00:00\" \/>\n<meta property=\"og:image\" content=\"https:\/\/ecodef-ihedn.fr\/wp-content\/uploads\/2020\/04\/logo-collimateur-IRSEM-1.png\" \/>\n\t<meta property=\"og:image:width\" content=\"750\" \/>\n\t<meta property=\"og:image:height\" content=\"482\" \/>\n\t<meta property=\"og:image:type\" content=\"image\/png\" \/>\n<meta name=\"author\" content=\"Bertrand Demandre\" \/>\n<meta name=\"twitter:card\" content=\"summary_large_image\" \/>\n<meta name=\"twitter:creator\" content=\"@Chaire_Ecodef\" \/>\n<meta name=\"twitter:site\" content=\"@Chaire_Ecodef\" \/>\n<meta name=\"twitter:label1\" content=\"Written by\" \/>\n\t<meta name=\"twitter:data1\" content=\"Bertrand Demandre\" \/>\n\t<meta name=\"twitter:label2\" content=\"Estimated reading time\" \/>\n\t<meta name=\"twitter:data2\" content=\"1 minute\" \/>\n<script type=\"application\/ld+json\" class=\"yoast-schema-graph\">{\"@context\":\"https:\\\/\\\/schema.org\",\"@graph\":[{\"@type\":\"Article\",\"@id\":\"https:\\\/\\\/ecodef-ihedn.fr\\\/une-nouvelle-lpm-pour-les-armees-pour-quoi-faire-julien-malizard-dans-le-collimateur-podcast-de-lirsem\\\/#article\",\"isPartOf\":{\"@id\":\"https:\\\/\\\/ecodef-ihedn.fr\\\/une-nouvelle-lpm-pour-les-armees-pour-quoi-faire-julien-malizard-dans-le-collimateur-podcast-de-lirsem\\\/\"},\"author\":{\"name\":\"Bertrand Demandre\",\"@id\":\"https:\\\/\\\/ecodef-ihedn.fr\\\/#\\\/schema\\\/person\\\/1cdf22d028cebe278126a6e07a884d30\"},\"headline\":\"\u00ab\u00a0Une nouvelle LPM pour les Arm\u00e9es : pour quoi faire ?\u00a0\u00bb : Julien Malizard dans le Collimateur, podcast de l&rsquo;IRSEM\",\"datePublished\":\"2023-06-13T18:26:25+00:00\",\"dateModified\":\"2024-05-16T14:25:48+00:00\",\"mainEntityOfPage\":{\"@id\":\"https:\\\/\\\/ecodef-ihedn.fr\\\/une-nouvelle-lpm-pour-les-armees-pour-quoi-faire-julien-malizard-dans-le-collimateur-podcast-de-lirsem\\\/\"},\"wordCount\":140,\"commentCount\":0,\"publisher\":{\"@id\":\"https:\\\/\\\/ecodef-ihedn.fr\\\/#organization\"},\"image\":{\"@id\":\"https:\\\/\\\/ecodef-ihedn.fr\\\/une-nouvelle-lpm-pour-les-armees-pour-quoi-faire-julien-malizard-dans-le-collimateur-podcast-de-lirsem\\\/#primaryimage\"},\"thumbnailUrl\":\"https:\\\/\\\/ecodef-ihedn.fr\\\/wp-content\\\/uploads\\\/2020\\\/04\\\/logo-collimateur-IRSEM-1.png\",\"keywords\":[\"Collimateur\",\"dissuasion\",\"\u00e9conomie de d\u00e9fense\",\"Elie Tenenbaum\",\"German Marshall Fund\",\"Gesine Weber\",\"IFRI\",\"IHEDN\",\"industrie de d\u00e9fense\",\"IRSEM\",\"Julien Malizard\",\"loi de programmation militaire\",\"LPM\",\"podcast\"],\"articleSection\":[\"M\u00e9dias\"],\"inLanguage\":\"en-GB\",\"potentialAction\":[{\"@type\":\"CommentAction\",\"name\":\"Comment\",\"target\":[\"https:\\\/\\\/ecodef-ihedn.fr\\\/une-nouvelle-lpm-pour-les-armees-pour-quoi-faire-julien-malizard-dans-le-collimateur-podcast-de-lirsem\\\/#respond\"]}]},{\"@type\":\"WebPage\",\"@id\":\"https:\\\/\\\/ecodef-ihedn.fr\\\/une-nouvelle-lpm-pour-les-armees-pour-quoi-faire-julien-malizard-dans-le-collimateur-podcast-de-lirsem\\\/\",\"url\":\"https:\\\/\\\/ecodef-ihedn.fr\\\/une-nouvelle-lpm-pour-les-armees-pour-quoi-faire-julien-malizard-dans-le-collimateur-podcast-de-lirsem\\\/\",\"name\":\"\\\"Une nouvelle LPM pour les Arm\u00e9es : pour quoi faire ?\\\" : Julien Malizard dans le Collimateur, podcast de l'IRSEM - Chaire \u00c9conomie de d\u00e9fense - IHEDN\",\"isPartOf\":{\"@id\":\"https:\\\/\\\/ecodef-ihedn.fr\\\/#website\"},\"primaryImageOfPage\":{\"@id\":\"https:\\\/\\\/ecodef-ihedn.fr\\\/une-nouvelle-lpm-pour-les-armees-pour-quoi-faire-julien-malizard-dans-le-collimateur-podcast-de-lirsem\\\/#primaryimage\"},\"image\":{\"@id\":\"https:\\\/\\\/ecodef-ihedn.fr\\\/une-nouvelle-lpm-pour-les-armees-pour-quoi-faire-julien-malizard-dans-le-collimateur-podcast-de-lirsem\\\/#primaryimage\"},\"thumbnailUrl\":\"https:\\\/\\\/ecodef-ihedn.fr\\\/wp-content\\\/uploads\\\/2020\\\/04\\\/logo-collimateur-IRSEM-1.png\",\"datePublished\":\"2023-06-13T18:26:25+00:00\",\"dateModified\":\"2024-05-16T14:25:48+00:00\",\"description\":\"Retrouvez l\u2019intervention de Julien Malizard dans le Collimateur, podcast de l'IRSEM, pour l'\u00e9pisode \\\"Les armes fran\u00e7aises apportent-elles la paix dans le monde ?\\\".\",\"breadcrumb\":{\"@id\":\"https:\\\/\\\/ecodef-ihedn.fr\\\/une-nouvelle-lpm-pour-les-armees-pour-quoi-faire-julien-malizard-dans-le-collimateur-podcast-de-lirsem\\\/#breadcrumb\"},\"inLanguage\":\"en-GB\",\"potentialAction\":[{\"@type\":\"ReadAction\",\"target\":[\"https:\\\/\\\/ecodef-ihedn.fr\\\/une-nouvelle-lpm-pour-les-armees-pour-quoi-faire-julien-malizard-dans-le-collimateur-podcast-de-lirsem\\\/\"]}]},{\"@type\":\"ImageObject\",\"inLanguage\":\"en-GB\",\"@id\":\"https:\\\/\\\/ecodef-ihedn.fr\\\/une-nouvelle-lpm-pour-les-armees-pour-quoi-faire-julien-malizard-dans-le-collimateur-podcast-de-lirsem\\\/#primaryimage\",\"url\":\"https:\\\/\\\/ecodef-ihedn.fr\\\/wp-content\\\/uploads\\\/2020\\\/04\\\/logo-collimateur-IRSEM-1.png\",\"contentUrl\":\"https:\\\/\\\/ecodef-ihedn.fr\\\/wp-content\\\/uploads\\\/2020\\\/04\\\/logo-collimateur-IRSEM-1.png\",\"width\":750,\"height\":482},{\"@type\":\"BreadcrumbList\",\"@id\":\"https:\\\/\\\/ecodef-ihedn.fr\\\/une-nouvelle-lpm-pour-les-armees-pour-quoi-faire-julien-malizard-dans-le-collimateur-podcast-de-lirsem\\\/#breadcrumb\",\"itemListElement\":[{\"@type\":\"ListItem\",\"position\":1,\"name\":\"Accueil\",\"item\":\"https:\\\/\\\/ecodef-ihedn.fr\\\/\"},{\"@type\":\"ListItem\",\"position\":2,\"name\":\"&#8220;Une nouvelle LPM pour les Arm\u00e9es : pour quoi faire ?&#8221; : Julien Malizard dans le Collimateur, podcast de l&#8217;IRSEM\"}]},{\"@type\":\"WebSite\",\"@id\":\"https:\\\/\\\/ecodef-ihedn.fr\\\/#website\",\"url\":\"https:\\\/\\\/ecodef-ihedn.fr\\\/\",\"name\":\"Chaire \u00c9conomie de D\u00e9fense - IHEDN\",\"description\":\"Produire &amp; soutenir, f\u00e9d\u00e9rer &amp; diffuser, \u00eatre une interface\",\"publisher\":{\"@id\":\"https:\\\/\\\/ecodef-ihedn.fr\\\/#organization\"},\"potentialAction\":[{\"@type\":\"SearchAction\",\"target\":{\"@type\":\"EntryPoint\",\"urlTemplate\":\"https:\\\/\\\/ecodef-ihedn.fr\\\/?s={search_term_string}\"},\"query-input\":{\"@type\":\"PropertyValueSpecification\",\"valueRequired\":true,\"valueName\":\"search_term_string\"}}],\"inLanguage\":\"en-GB\"},{\"@type\":\"Organization\",\"@id\":\"https:\\\/\\\/ecodef-ihedn.fr\\\/#organization\",\"name\":\"Chaire \u00c9conomie de d\u00e9fense - IHEDN\",\"url\":\"https:\\\/\\\/ecodef-ihedn.fr\\\/\",\"logo\":{\"@type\":\"ImageObject\",\"inLanguage\":\"en-GB\",\"@id\":\"https:\\\/\\\/ecodef-ihedn.fr\\\/#\\\/schema\\\/logo\\\/image\\\/\",\"url\":\"https:\\\/\\\/ecodef-ihedn.fr\\\/wp-content\\\/uploads\\\/2020\\\/04\\\/logoEcodef9.jpg\",\"contentUrl\":\"https:\\\/\\\/ecodef-ihedn.fr\\\/wp-content\\\/uploads\\\/2020\\\/04\\\/logoEcodef9.jpg\",\"width\":410,\"height\":212,\"caption\":\"Chaire \u00c9conomie de d\u00e9fense - IHEDN\"},\"image\":{\"@id\":\"https:\\\/\\\/ecodef-ihedn.fr\\\/#\\\/schema\\\/logo\\\/image\\\/\"},\"sameAs\":[\"https:\\\/\\\/x.com\\\/Chaire_Ecodef\",\"https:\\\/\\\/www.linkedin.com\\\/company\\\/chaire-ecodef-ihedn\\\/\"]},{\"@type\":\"Person\",\"@id\":\"https:\\\/\\\/ecodef-ihedn.fr\\\/#\\\/schema\\\/person\\\/1cdf22d028cebe278126a6e07a884d30\",\"name\":\"Bertrand Demandre\",\"image\":{\"@type\":\"ImageObject\",\"inLanguage\":\"en-GB\",\"@id\":\"https:\\\/\\\/secure.gravatar.com\\\/avatar\\\/d9c9746d6c900ab5b9c0f9b1fa3932e369da923da247d624b8f7ab4ba8a3c093?s=96&d=mm&r=g\",\"url\":\"https:\\\/\\\/secure.gravatar.com\\\/avatar\\\/d9c9746d6c900ab5b9c0f9b1fa3932e369da923da247d624b8f7ab4ba8a3c093?s=96&d=mm&r=g\",\"contentUrl\":\"https:\\\/\\\/secure.gravatar.com\\\/avatar\\\/d9c9746d6c900ab5b9c0f9b1fa3932e369da923da247d624b8f7ab4ba8a3c093?s=96&d=mm&r=g\",\"caption\":\"Bertrand Demandre\"},\"url\":\"https:\\\/\\\/ecodef-ihedn.fr\\\/en\\\/author\\\/bertrand\\\/\"}]}<\/script>\n<!-- \/ Yoast SEO plugin. -->","yoast_head_json":{"title":"\"Une nouvelle LPM pour les Arm\u00e9es : pour quoi faire ?\" : Julien Malizard dans le Collimateur, podcast de l'IRSEM - Chaire \u00c9conomie de d\u00e9fense - IHEDN","description":"Retrouvez l\u2019intervention de Julien Malizard dans le Collimateur, podcast de l'IRSEM, pour l'\u00e9pisode \"Les armes fran\u00e7aises apportent-elles la paix dans le monde ?\".","robots":{"index":"index","follow":"follow","max-snippet":"max-snippet:-1","max-image-preview":"max-image-preview:large","max-video-preview":"max-video-preview:-1"},"canonical":"https:\/\/ecodef-ihedn.fr\/en\/une-nouvelle-lpm-pour-les-armees-pour-quoi-faire-julien-malizard-dans-le-collimateur-podcast-de-lirsem\/","og_locale":"en_GB","og_type":"article","og_title":"\"Une nouvelle LPM pour les Arm\u00e9es : pour quoi faire ?\" : Julien Malizard dans le Collimateur, podcast de l'IRSEM - Chaire \u00c9conomie de d\u00e9fense - IHEDN","og_description":"Retrouvez l\u2019intervention de Julien Malizard dans le Collimateur, podcast de l'IRSEM, pour l'\u00e9pisode \"Les armes fran\u00e7aises apportent-elles la paix dans le monde ?\".","og_url":"https:\/\/ecodef-ihedn.fr\/en\/une-nouvelle-lpm-pour-les-armees-pour-quoi-faire-julien-malizard-dans-le-collimateur-podcast-de-lirsem\/","og_site_name":"Chaire \u00c9conomie de d\u00e9fense - IHEDN","article_published_time":"2023-06-13T18:26:25+00:00","article_modified_time":"2024-05-16T14:25:48+00:00","og_image":[{"width":750,"height":482,"url":"https:\/\/ecodef-ihedn.fr\/wp-content\/uploads\/2020\/04\/logo-collimateur-IRSEM-1.png","type":"image\/png"}],"author":"Bertrand Demandre","twitter_card":"summary_large_image","twitter_creator":"@Chaire_Ecodef","twitter_site":"@Chaire_Ecodef","twitter_misc":{"Written by":"Bertrand Demandre","Estimated reading time":"1 minute"},"schema":{"@context":"https:\/\/schema.org","@graph":[{"@type":"Article","@id":"https:\/\/ecodef-ihedn.fr\/une-nouvelle-lpm-pour-les-armees-pour-quoi-faire-julien-malizard-dans-le-collimateur-podcast-de-lirsem\/#article","isPartOf":{"@id":"https:\/\/ecodef-ihedn.fr\/une-nouvelle-lpm-pour-les-armees-pour-quoi-faire-julien-malizard-dans-le-collimateur-podcast-de-lirsem\/"},"author":{"name":"Bertrand Demandre","@id":"https:\/\/ecodef-ihedn.fr\/#\/schema\/person\/1cdf22d028cebe278126a6e07a884d30"},"headline":"\u00ab\u00a0Une nouvelle LPM pour les Arm\u00e9es : pour quoi faire ?\u00a0\u00bb : Julien Malizard dans le Collimateur, podcast de l&rsquo;IRSEM","datePublished":"2023-06-13T18:26:25+00:00","dateModified":"2024-05-16T14:25:48+00:00","mainEntityOfPage":{"@id":"https:\/\/ecodef-ihedn.fr\/une-nouvelle-lpm-pour-les-armees-pour-quoi-faire-julien-malizard-dans-le-collimateur-podcast-de-lirsem\/"},"wordCount":140,"commentCount":0,"publisher":{"@id":"https:\/\/ecodef-ihedn.fr\/#organization"},"image":{"@id":"https:\/\/ecodef-ihedn.fr\/une-nouvelle-lpm-pour-les-armees-pour-quoi-faire-julien-malizard-dans-le-collimateur-podcast-de-lirsem\/#primaryimage"},"thumbnailUrl":"https:\/\/ecodef-ihedn.fr\/wp-content\/uploads\/2020\/04\/logo-collimateur-IRSEM-1.png","keywords":["Collimateur","dissuasion","\u00e9conomie de d\u00e9fense","Elie Tenenbaum","German Marshall Fund","Gesine Weber","IFRI","IHEDN","industrie de d\u00e9fense","IRSEM","Julien Malizard","loi de programmation militaire","LPM","podcast"],"articleSection":["M\u00e9dias"],"inLanguage":"en-GB","potentialAction":[{"@type":"CommentAction","name":"Comment","target":["https:\/\/ecodef-ihedn.fr\/une-nouvelle-lpm-pour-les-armees-pour-quoi-faire-julien-malizard-dans-le-collimateur-podcast-de-lirsem\/#respond"]}]},{"@type":"WebPage","@id":"https:\/\/ecodef-ihedn.fr\/une-nouvelle-lpm-pour-les-armees-pour-quoi-faire-julien-malizard-dans-le-collimateur-podcast-de-lirsem\/","url":"https:\/\/ecodef-ihedn.fr\/une-nouvelle-lpm-pour-les-armees-pour-quoi-faire-julien-malizard-dans-le-collimateur-podcast-de-lirsem\/","name":"\"Une nouvelle LPM pour les Arm\u00e9es : pour quoi faire ?\" : Julien Malizard dans le Collimateur, podcast de l'IRSEM - Chaire \u00c9conomie de d\u00e9fense - IHEDN","isPartOf":{"@id":"https:\/\/ecodef-ihedn.fr\/#website"},"primaryImageOfPage":{"@id":"https:\/\/ecodef-ihedn.fr\/une-nouvelle-lpm-pour-les-armees-pour-quoi-faire-julien-malizard-dans-le-collimateur-podcast-de-lirsem\/#primaryimage"},"image":{"@id":"https:\/\/ecodef-ihedn.fr\/une-nouvelle-lpm-pour-les-armees-pour-quoi-faire-julien-malizard-dans-le-collimateur-podcast-de-lirsem\/#primaryimage"},"thumbnailUrl":"https:\/\/ecodef-ihedn.fr\/wp-content\/uploads\/2020\/04\/logo-collimateur-IRSEM-1.png","datePublished":"2023-06-13T18:26:25+00:00","dateModified":"2024-05-16T14:25:48+00:00","description":"Retrouvez l\u2019intervention de Julien Malizard dans le Collimateur, podcast de l'IRSEM, pour l'\u00e9pisode \"Les armes fran\u00e7aises apportent-elles la paix dans le monde ?\".","breadcrumb":{"@id":"https:\/\/ecodef-ihedn.fr\/une-nouvelle-lpm-pour-les-armees-pour-quoi-faire-julien-malizard-dans-le-collimateur-podcast-de-lirsem\/#breadcrumb"},"inLanguage":"en-GB","potentialAction":[{"@type":"ReadAction","target":["https:\/\/ecodef-ihedn.fr\/une-nouvelle-lpm-pour-les-armees-pour-quoi-faire-julien-malizard-dans-le-collimateur-podcast-de-lirsem\/"]}]},{"@type":"ImageObject","inLanguage":"en-GB","@id":"https:\/\/ecodef-ihedn.fr\/une-nouvelle-lpm-pour-les-armees-pour-quoi-faire-julien-malizard-dans-le-collimateur-podcast-de-lirsem\/#primaryimage","url":"https:\/\/ecodef-ihedn.fr\/wp-content\/uploads\/2020\/04\/logo-collimateur-IRSEM-1.png","contentUrl":"https:\/\/ecodef-ihedn.fr\/wp-content\/uploads\/2020\/04\/logo-collimateur-IRSEM-1.png","width":750,"height":482},{"@type":"BreadcrumbList","@id":"https:\/\/ecodef-ihedn.fr\/une-nouvelle-lpm-pour-les-armees-pour-quoi-faire-julien-malizard-dans-le-collimateur-podcast-de-lirsem\/#breadcrumb","itemListElement":[{"@type":"ListItem","position":1,"name":"Accueil","item":"https:\/\/ecodef-ihedn.fr\/"},{"@type":"ListItem","position":2,"name":"&#8220;Une nouvelle LPM pour les Arm\u00e9es : pour quoi faire ?&#8221; : Julien Malizard dans le Collimateur, podcast de l&#8217;IRSEM"}]},{"@type":"WebSite","@id":"https:\/\/ecodef-ihedn.fr\/#website","url":"https:\/\/ecodef-ihedn.fr\/","name":"Chair in Defence Economics - IHEDN","description":"Produce &amp; support, federate &amp; disseminate, act as an interface","publisher":{"@id":"https:\/\/ecodef-ihedn.fr\/#organization"},"potentialAction":[{"@type":"SearchAction","target":{"@type":"EntryPoint","urlTemplate":"https:\/\/ecodef-ihedn.fr\/?s={search_term_string}"},"query-input":{"@type":"PropertyValueSpecification","valueRequired":true,"valueName":"search_term_string"}}],"inLanguage":"en-GB"},{"@type":"Organization","@id":"https:\/\/ecodef-ihedn.fr\/#organization","name":"Chair in Defence Economics - IHEDN","url":"https:\/\/ecodef-ihedn.fr\/","logo":{"@type":"ImageObject","inLanguage":"en-GB","@id":"https:\/\/ecodef-ihedn.fr\/#\/schema\/logo\/image\/","url":"https:\/\/ecodef-ihedn.fr\/wp-content\/uploads\/2020\/04\/logoEcodef9.jpg","contentUrl":"https:\/\/ecodef-ihedn.fr\/wp-content\/uploads\/2020\/04\/logoEcodef9.jpg","width":410,"height":212,"caption":"Chaire \u00c9conomie de d\u00e9fense - IHEDN"},"image":{"@id":"https:\/\/ecodef-ihedn.fr\/#\/schema\/logo\/image\/"},"sameAs":["https:\/\/x.com\/Chaire_Ecodef","https:\/\/www.linkedin.com\/company\/chaire-ecodef-ihedn\/"]},{"@type":"Person","@id":"https:\/\/ecodef-ihedn.fr\/#\/schema\/person\/1cdf22d028cebe278126a6e07a884d30","name":"Bertrand Demandre","image":{"@type":"ImageObject","inLanguage":"en-GB","@id":"https:\/\/secure.gravatar.com\/avatar\/d9c9746d6c900ab5b9c0f9b1fa3932e369da923da247d624b8f7ab4ba8a3c093?s=96&d=mm&r=g","url":"https:\/\/secure.gravatar.com\/avatar\/d9c9746d6c900ab5b9c0f9b1fa3932e369da923da247d624b8f7ab4ba8a3c093?s=96&d=mm&r=g","contentUrl":"https:\/\/secure.gravatar.com\/avatar\/d9c9746d6c900ab5b9c0f9b1fa3932e369da923da247d624b8f7ab4ba8a3c093?s=96&d=mm&r=g","caption":"Bertrand Demandre"},"url":"https:\/\/ecodef-ihedn.fr\/en\/author\/bertrand\/"}]}},"_links":{"self":[{"href":"https:\/\/ecodef-ihedn.fr\/en\/wp-json\/wp\/v2\/posts\/8460","targetHints":{"allow":["GET"]}}],"collection":[{"href":"https:\/\/ecodef-ihedn.fr\/en\/wp-json\/wp\/v2\/posts"}],"about":[{"href":"https:\/\/ecodef-ihedn.fr\/en\/wp-json\/wp\/v2\/types\/post"}],"author":[{"embeddable":true,"href":"https:\/\/ecodef-ihedn.fr\/en\/wp-json\/wp\/v2\/users\/2"}],"replies":[{"embeddable":true,"href":"https:\/\/ecodef-ihedn.fr\/en\/wp-json\/wp\/v2\/comments?post=8460"}],"version-history":[{"count":4,"href":"https:\/\/ecodef-ihedn.fr\/en\/wp-json\/wp\/v2\/posts\/8460\/revisions"}],"predecessor-version":[{"id":8464,"href":"https:\/\/ecodef-ihedn.fr\/en\/wp-json\/wp\/v2\/posts\/8460\/revisions\/8464"}],"wp:featuredmedia":[{"embeddable":true,"href":"https:\/\/ecodef-ihedn.fr\/en\/wp-json\/wp\/v2\/media\/8447"}],"wp:attachment":[{"href":"https:\/\/ecodef-ihedn.fr\/en\/wp-json\/wp\/v2\/media?parent=8460"}],"wp:term":[{"taxonomy":"category","embeddable":true,"href":"https:\/\/ecodef-ihedn.fr\/en\/wp-json\/wp\/v2\/categories?post=8460"},{"taxonomy":"post_tag","embeddable":true,"href":"https:\/\/ecodef-ihedn.fr\/en\/wp-json\/wp\/v2\/tags?post=8460"}],"curies":[{"name":"wp","href":"https:\/\/api.w.org\/{rel}","templated":true}]}}