{"id":8468,"date":"2024-02-22T19:05:48","date_gmt":"2024-02-22T19:05:48","guid":{"rendered":"https:\/\/ecodef-ihedn.fr\/industrie-de-larmement-une-performance-sous-perfusion-julien-malizard-sur-france-culture-copy\/"},"modified":"2024-05-16T14:18:57","modified_gmt":"2024-05-16T14:18:57","slug":"ukraine-deux-ans-de-guerre-en-europe-julien-malizard-invite-de-pensez-strategique-podcast-de-lacadem","status":"publish","type":"post","link":"https:\/\/ecodef-ihedn.fr\/en\/ukraine-deux-ans-de-guerre-en-europe-julien-malizard-invite-de-pensez-strategique-podcast-de-lacadem\/","title":{"rendered":"\u00abUkraine: two years of war in Europe\u00bb Julien Malizard guest on Pensez strat\u00e9gique, ACADEM podcast"},"content":{"rendered":"<h3>Julien Malizard, Deputy Chairholder, was the guest on the third edition of <em>Think Strategic<\/em>, podcast, the\u2019<a href=\"https:\/\/www.defense.gouv.fr\/academ\" target=\"_blank\" rel=\"noopener\">Defence Academy of the \u00c9cole Militaire (ACADEM)<\/a><\/h3>\n<p>&nbsp;<\/p>\n<p><a href=\"https:\/\/www.podcastics.com\/podcast\/episode\/ukraine-deux-ans-de-guerre-en-europe-282468\/\" target=\"_blank\" rel=\"noopener\"><img loading=\"lazy\" decoding=\"async\" class=\"aligncenter wp-image-8470 size-medium\" src=\"https:\/\/ecodef-ihedn.fr\/wp-content\/uploads\/2024\/05\/pensez-strategique-ACADEM-300x300.jpg\" alt=\"\" width=\"300\" height=\"300\" srcset=\"https:\/\/ecodef-ihedn.fr\/wp-content\/uploads\/2024\/05\/pensez-strategique-ACADEM-300x300.jpg 300w, https:\/\/ecodef-ihedn.fr\/wp-content\/uploads\/2024\/05\/pensez-strategique-ACADEM-1024x1024.jpg 1024w, https:\/\/ecodef-ihedn.fr\/wp-content\/uploads\/2024\/05\/pensez-strategique-ACADEM-150x150.jpg 150w, https:\/\/ecodef-ihedn.fr\/wp-content\/uploads\/2024\/05\/pensez-strategique-ACADEM-768x768.jpg 768w, https:\/\/ecodef-ihedn.fr\/wp-content\/uploads\/2024\/05\/pensez-strategique-ACADEM-420x420.jpg 420w, https:\/\/ecodef-ihedn.fr\/wp-content\/uploads\/2024\/05\/pensez-strategique-ACADEM-840x840.jpg 840w, https:\/\/ecodef-ihedn.fr\/wp-content\/uploads\/2024\/05\/pensez-strategique-ACADEM-696x696.jpg 696w, https:\/\/ecodef-ihedn.fr\/wp-content\/uploads\/2024\/05\/pensez-strategique-ACADEM-1392x1392.jpg 1392w, https:\/\/ecodef-ihedn.fr\/wp-content\/uploads\/2024\/05\/pensez-strategique-ACADEM-1068x1068.jpg 1068w, https:\/\/ecodef-ihedn.fr\/wp-content\/uploads\/2024\/05\/pensez-strategique-ACADEM.jpg 1400w\" sizes=\"auto, (max-width: 300px) 100vw, 300px\" \/><\/a><\/p>\n<p>Daniel Desesquelle and his three guests analyse the consequences of the deadliest conflict on our continent since the Second World War.<\/p>\n<p>General Vincent Breton, C\u00e9line Marang\u00e9 and Julien Malizard decipher two years of war in Ukraine, examining operational lessons, the challenges facing the defence industry and political dynamics. 730 days of conflict that have upset every balance and every certainty.<\/p>\n<p>With :<\/p>\n<ul>\n<li>General Vincent Breton, Director of the Joint Centre for Concepts, Doctrines and Experiments ;<\/li>\n<li>Dr Julien Malizard, Deputy Chair of Defence Economics at the Institut des hautes \u00e9tudes de d\u00e9fense nationale ;<\/li>\n<li>Dr C\u00e9line Marang\u00e9, researcher on Russia, Ukraine and Belarus at podcastpodcast.<\/li>\n<\/ul>\n<p style=\"text-align: center;\"><a href=\"https:\/\/www.podcastics.com\/podcast\/episode\/ukraine-deux-ans-de-guerre-en-europe-282468\/\" target=\"_blank\" rel=\"noopener\"><span class=\"td_btn td_btn_md td_default_btn\">listen to the show<\/span><\/a><\/p>","protected":false},"excerpt":{"rendered":"<p>Julien Malizard, Titulaire adjoint de la Chaire, a \u00e9t\u00e9 l&rsquo;invit\u00e9 du troisi\u00e8me num\u00e9ro de Pensez Strat\u00e9gique, le podcast de l\u2019Acad\u00e9mie de d\u00e9fense de l&rsquo;\u00c9cole militaire (ACADEM) &nbsp; Daniel Desesquelle et ses trois invit\u00e9s analysent les cons\u00e9quences du conflit le plus meurtrier qu\u2019a connu notre continent depuis la Seconde Guerre mondiale. Entre les enseignements op\u00e9rationnels, les [&hellip;]<\/p>\n","protected":false},"author":2,"featured_media":8471,"comment_status":"open","ping_status":"open","sticky":false,"template":"","format":"standard","meta":{"footnotes":""},"categories":[358],"tags":[745,744,747,670,196,86,746,361,536,743],"class_list":{"0":"post-8468","1":"post","2":"type-post","3":"status-publish","4":"format-standard","5":"has-post-thumbnail","7":"category-medias","8":"tag-celine-marange","9":"tag-cicde","10":"tag-daniel-desesquelle","11":"tag-institut-de-recherche-strategique-de-lecole-militaire","12":"tag-irsem","13":"tag-julien-malizard","14":"tag-pensez-strategique","15":"tag-podcast","16":"tag-ukraine","17":"tag-vincent-breton"},"yoast_head":"<!-- This site is optimized with the Yoast SEO plugin v27.4 - https:\/\/yoast.com\/product\/yoast-seo-wordpress\/ -->\n<title>&quot;Ukraine : deux ans de guerre en Europe&quot; Julien Malizard invit\u00e9 de Pensez strat\u00e9gique, podcast de l&#039;ACADEM - Chaire \u00c9conomie de d\u00e9fense - IHEDN<\/title>\n<meta name=\"robots\" content=\"index, follow, max-snippet:-1, max-image-preview:large, max-video-preview:-1\" \/>\n<link rel=\"canonical\" href=\"https:\/\/ecodef-ihedn.fr\/en\/ukraine-deux-ans-de-guerre-en-europe-julien-malizard-invite-de-pensez-strategique-podcast-de-lacadem\/\" \/>\n<meta property=\"og:locale\" content=\"en_GB\" \/>\n<meta property=\"og:type\" content=\"article\" \/>\n<meta property=\"og:title\" content=\"&quot;Ukraine : deux ans de guerre en Europe&quot; Julien Malizard invit\u00e9 de Pensez strat\u00e9gique, podcast de l&#039;ACADEM - Chaire \u00c9conomie de d\u00e9fense - IHEDN\" \/>\n<meta property=\"og:description\" content=\"Julien Malizard, Titulaire adjoint de la Chaire, a \u00e9t\u00e9 l&rsquo;invit\u00e9 du troisi\u00e8me num\u00e9ro de Pensez Strat\u00e9gique, le podcast de l\u2019Acad\u00e9mie de d\u00e9fense de l&rsquo;\u00c9cole militaire (ACADEM) &nbsp; Daniel Desesquelle et ses trois invit\u00e9s analysent les cons\u00e9quences du conflit le plus meurtrier qu\u2019a connu notre continent depuis la Seconde Guerre mondiale. Entre les enseignements op\u00e9rationnels, les [&hellip;]\" \/>\n<meta property=\"og:url\" content=\"https:\/\/ecodef-ihedn.fr\/en\/ukraine-deux-ans-de-guerre-en-europe-julien-malizard-invite-de-pensez-strategique-podcast-de-lacadem\/\" \/>\n<meta property=\"og:site_name\" content=\"Chaire \u00c9conomie de d\u00e9fense - IHEDN\" \/>\n<meta property=\"article:published_time\" content=\"2024-02-22T19:05:48+00:00\" \/>\n<meta property=\"article:modified_time\" content=\"2024-05-16T14:18:57+00:00\" \/>\n<meta property=\"og:image\" content=\"https:\/\/ecodef-ihedn.fr\/wp-content\/uploads\/2024\/05\/pensez-strategique-ACADEM-7-5.jpg\" \/>\n\t<meta property=\"og:image:width\" content=\"1050\" \/>\n\t<meta property=\"og:image:height\" content=\"750\" \/>\n\t<meta property=\"og:image:type\" content=\"image\/jpeg\" \/>\n<meta name=\"author\" content=\"Bertrand Demandre\" \/>\n<meta name=\"twitter:card\" content=\"summary_large_image\" \/>\n<meta name=\"twitter:creator\" content=\"@Chaire_Ecodef\" \/>\n<meta name=\"twitter:site\" content=\"@Chaire_Ecodef\" \/>\n<meta name=\"twitter:label1\" content=\"Written by\" \/>\n\t<meta name=\"twitter:data1\" content=\"Bertrand Demandre\" \/>\n\t<meta name=\"twitter:label2\" content=\"Estimated reading time\" \/>\n\t<meta name=\"twitter:data2\" content=\"2 minutes\" \/>\n<script type=\"application\/ld+json\" class=\"yoast-schema-graph\">{\"@context\":\"https:\\\/\\\/schema.org\",\"@graph\":[{\"@type\":\"Article\",\"@id\":\"https:\\\/\\\/ecodef-ihedn.fr\\\/ukraine-deux-ans-de-guerre-en-europe-julien-malizard-invite-de-pensez-strategique-podcast-de-lacadem\\\/#article\",\"isPartOf\":{\"@id\":\"https:\\\/\\\/ecodef-ihedn.fr\\\/ukraine-deux-ans-de-guerre-en-europe-julien-malizard-invite-de-pensez-strategique-podcast-de-lacadem\\\/\"},\"author\":{\"name\":\"Bertrand Demandre\",\"@id\":\"https:\\\/\\\/ecodef-ihedn.fr\\\/#\\\/schema\\\/person\\\/1cdf22d028cebe278126a6e07a884d30\"},\"headline\":\"\u00ab\u00a0Ukraine : deux ans de guerre en Europe\u00a0\u00bb Julien Malizard invit\u00e9 de Pensez strat\u00e9gique, podcast de l&rsquo;ACADEM\",\"datePublished\":\"2024-02-22T19:05:48+00:00\",\"dateModified\":\"2024-05-16T14:18:57+00:00\",\"mainEntityOfPage\":{\"@id\":\"https:\\\/\\\/ecodef-ihedn.fr\\\/ukraine-deux-ans-de-guerre-en-europe-julien-malizard-invite-de-pensez-strategique-podcast-de-lacadem\\\/\"},\"wordCount\":189,\"commentCount\":0,\"publisher\":{\"@id\":\"https:\\\/\\\/ecodef-ihedn.fr\\\/#organization\"},\"image\":{\"@id\":\"https:\\\/\\\/ecodef-ihedn.fr\\\/ukraine-deux-ans-de-guerre-en-europe-julien-malizard-invite-de-pensez-strategique-podcast-de-lacadem\\\/#primaryimage\"},\"thumbnailUrl\":\"https:\\\/\\\/ecodef-ihedn.fr\\\/wp-content\\\/uploads\\\/2024\\\/05\\\/pensez-strategique-ACADEM-7-5.jpg\",\"keywords\":[\"C\u00e9line Marang\u00e9\",\"CICDE\",\"Daniel Desesquelle\",\"Institut de recherche strat\u00e9gique de l'\u00c9cole militaire\",\"IRSEM\",\"Julien Malizard\",\"Pensez Strat\u00e9gique\",\"podcast\",\"Ukraine\",\"Vincent Breton\"],\"articleSection\":[\"M\u00e9dias\"],\"inLanguage\":\"en-GB\",\"potentialAction\":[{\"@type\":\"CommentAction\",\"name\":\"Comment\",\"target\":[\"https:\\\/\\\/ecodef-ihedn.fr\\\/ukraine-deux-ans-de-guerre-en-europe-julien-malizard-invite-de-pensez-strategique-podcast-de-lacadem\\\/#respond\"]}]},{\"@type\":\"WebPage\",\"@id\":\"https:\\\/\\\/ecodef-ihedn.fr\\\/ukraine-deux-ans-de-guerre-en-europe-julien-malizard-invite-de-pensez-strategique-podcast-de-lacadem\\\/\",\"url\":\"https:\\\/\\\/ecodef-ihedn.fr\\\/ukraine-deux-ans-de-guerre-en-europe-julien-malizard-invite-de-pensez-strategique-podcast-de-lacadem\\\/\",\"name\":\"\\\"Ukraine : deux ans de guerre en Europe\\\" Julien Malizard invit\u00e9 de Pensez strat\u00e9gique, podcast de l'ACADEM - Chaire \u00c9conomie de d\u00e9fense - IHEDN\",\"isPartOf\":{\"@id\":\"https:\\\/\\\/ecodef-ihedn.fr\\\/#website\"},\"primaryImageOfPage\":{\"@id\":\"https:\\\/\\\/ecodef-ihedn.fr\\\/ukraine-deux-ans-de-guerre-en-europe-julien-malizard-invite-de-pensez-strategique-podcast-de-lacadem\\\/#primaryimage\"},\"image\":{\"@id\":\"https:\\\/\\\/ecodef-ihedn.fr\\\/ukraine-deux-ans-de-guerre-en-europe-julien-malizard-invite-de-pensez-strategique-podcast-de-lacadem\\\/#primaryimage\"},\"thumbnailUrl\":\"https:\\\/\\\/ecodef-ihedn.fr\\\/wp-content\\\/uploads\\\/2024\\\/05\\\/pensez-strategique-ACADEM-7-5.jpg\",\"datePublished\":\"2024-02-22T19:05:48+00:00\",\"dateModified\":\"2024-05-16T14:18:57+00:00\",\"breadcrumb\":{\"@id\":\"https:\\\/\\\/ecodef-ihedn.fr\\\/ukraine-deux-ans-de-guerre-en-europe-julien-malizard-invite-de-pensez-strategique-podcast-de-lacadem\\\/#breadcrumb\"},\"inLanguage\":\"en-GB\",\"potentialAction\":[{\"@type\":\"ReadAction\",\"target\":[\"https:\\\/\\\/ecodef-ihedn.fr\\\/ukraine-deux-ans-de-guerre-en-europe-julien-malizard-invite-de-pensez-strategique-podcast-de-lacadem\\\/\"]}]},{\"@type\":\"ImageObject\",\"inLanguage\":\"en-GB\",\"@id\":\"https:\\\/\\\/ecodef-ihedn.fr\\\/ukraine-deux-ans-de-guerre-en-europe-julien-malizard-invite-de-pensez-strategique-podcast-de-lacadem\\\/#primaryimage\",\"url\":\"https:\\\/\\\/ecodef-ihedn.fr\\\/wp-content\\\/uploads\\\/2024\\\/05\\\/pensez-strategique-ACADEM-7-5.jpg\",\"contentUrl\":\"https:\\\/\\\/ecodef-ihedn.fr\\\/wp-content\\\/uploads\\\/2024\\\/05\\\/pensez-strategique-ACADEM-7-5.jpg\",\"width\":1050,\"height\":750},{\"@type\":\"BreadcrumbList\",\"@id\":\"https:\\\/\\\/ecodef-ihedn.fr\\\/ukraine-deux-ans-de-guerre-en-europe-julien-malizard-invite-de-pensez-strategique-podcast-de-lacadem\\\/#breadcrumb\",\"itemListElement\":[{\"@type\":\"ListItem\",\"position\":1,\"name\":\"Accueil\",\"item\":\"https:\\\/\\\/ecodef-ihedn.fr\\\/\"},{\"@type\":\"ListItem\",\"position\":2,\"name\":\"&#8220;Ukraine : deux ans de guerre en Europe&#8221; Julien Malizard invit\u00e9 de Pensez strat\u00e9gique, podcast de l&#8217;ACADEM\"}]},{\"@type\":\"WebSite\",\"@id\":\"https:\\\/\\\/ecodef-ihedn.fr\\\/#website\",\"url\":\"https:\\\/\\\/ecodef-ihedn.fr\\\/\",\"name\":\"Chaire \u00c9conomie de D\u00e9fense - IHEDN\",\"description\":\"Produire &amp; soutenir, f\u00e9d\u00e9rer &amp; diffuser, \u00eatre une interface\",\"publisher\":{\"@id\":\"https:\\\/\\\/ecodef-ihedn.fr\\\/#organization\"},\"potentialAction\":[{\"@type\":\"SearchAction\",\"target\":{\"@type\":\"EntryPoint\",\"urlTemplate\":\"https:\\\/\\\/ecodef-ihedn.fr\\\/?s={search_term_string}\"},\"query-input\":{\"@type\":\"PropertyValueSpecification\",\"valueRequired\":true,\"valueName\":\"search_term_string\"}}],\"inLanguage\":\"en-GB\"},{\"@type\":\"Organization\",\"@id\":\"https:\\\/\\\/ecodef-ihedn.fr\\\/#organization\",\"name\":\"Chaire \u00c9conomie de d\u00e9fense - IHEDN\",\"url\":\"https:\\\/\\\/ecodef-ihedn.fr\\\/\",\"logo\":{\"@type\":\"ImageObject\",\"inLanguage\":\"en-GB\",\"@id\":\"https:\\\/\\\/ecodef-ihedn.fr\\\/#\\\/schema\\\/logo\\\/image\\\/\",\"url\":\"https:\\\/\\\/ecodef-ihedn.fr\\\/wp-content\\\/uploads\\\/2020\\\/04\\\/logoEcodef9.jpg\",\"contentUrl\":\"https:\\\/\\\/ecodef-ihedn.fr\\\/wp-content\\\/uploads\\\/2020\\\/04\\\/logoEcodef9.jpg\",\"width\":410,\"height\":212,\"caption\":\"Chaire \u00c9conomie de d\u00e9fense - IHEDN\"},\"image\":{\"@id\":\"https:\\\/\\\/ecodef-ihedn.fr\\\/#\\\/schema\\\/logo\\\/image\\\/\"},\"sameAs\":[\"https:\\\/\\\/x.com\\\/Chaire_Ecodef\",\"https:\\\/\\\/www.linkedin.com\\\/company\\\/chaire-ecodef-ihedn\\\/\"]},{\"@type\":\"Person\",\"@id\":\"https:\\\/\\\/ecodef-ihedn.fr\\\/#\\\/schema\\\/person\\\/1cdf22d028cebe278126a6e07a884d30\",\"name\":\"Bertrand Demandre\",\"image\":{\"@type\":\"ImageObject\",\"inLanguage\":\"en-GB\",\"@id\":\"https:\\\/\\\/secure.gravatar.com\\\/avatar\\\/d9c9746d6c900ab5b9c0f9b1fa3932e369da923da247d624b8f7ab4ba8a3c093?s=96&d=mm&r=g\",\"url\":\"https:\\\/\\\/secure.gravatar.com\\\/avatar\\\/d9c9746d6c900ab5b9c0f9b1fa3932e369da923da247d624b8f7ab4ba8a3c093?s=96&d=mm&r=g\",\"contentUrl\":\"https:\\\/\\\/secure.gravatar.com\\\/avatar\\\/d9c9746d6c900ab5b9c0f9b1fa3932e369da923da247d624b8f7ab4ba8a3c093?s=96&d=mm&r=g\",\"caption\":\"Bertrand Demandre\"},\"url\":\"https:\\\/\\\/ecodef-ihedn.fr\\\/en\\\/author\\\/bertrand\\\/\"}]}<\/script>\n<!-- \/ Yoast SEO plugin. -->","yoast_head_json":{"title":"\"Ukraine : deux ans de guerre en Europe\" Julien Malizard invit\u00e9 de Pensez strat\u00e9gique, podcast de l'ACADEM - Chaire \u00c9conomie de d\u00e9fense - IHEDN","robots":{"index":"index","follow":"follow","max-snippet":"max-snippet:-1","max-image-preview":"max-image-preview:large","max-video-preview":"max-video-preview:-1"},"canonical":"https:\/\/ecodef-ihedn.fr\/en\/ukraine-deux-ans-de-guerre-en-europe-julien-malizard-invite-de-pensez-strategique-podcast-de-lacadem\/","og_locale":"en_GB","og_type":"article","og_title":"\"Ukraine : deux ans de guerre en Europe\" Julien Malizard invit\u00e9 de Pensez strat\u00e9gique, podcast de l'ACADEM - Chaire \u00c9conomie de d\u00e9fense - IHEDN","og_description":"Julien Malizard, Titulaire adjoint de la Chaire, a \u00e9t\u00e9 l&rsquo;invit\u00e9 du troisi\u00e8me num\u00e9ro de Pensez Strat\u00e9gique, le podcast de l\u2019Acad\u00e9mie de d\u00e9fense de l&rsquo;\u00c9cole militaire (ACADEM) &nbsp; Daniel Desesquelle et ses trois invit\u00e9s analysent les cons\u00e9quences du conflit le plus meurtrier qu\u2019a connu notre continent depuis la Seconde Guerre mondiale. Entre les enseignements op\u00e9rationnels, les [&hellip;]","og_url":"https:\/\/ecodef-ihedn.fr\/en\/ukraine-deux-ans-de-guerre-en-europe-julien-malizard-invite-de-pensez-strategique-podcast-de-lacadem\/","og_site_name":"Chaire \u00c9conomie de d\u00e9fense - IHEDN","article_published_time":"2024-02-22T19:05:48+00:00","article_modified_time":"2024-05-16T14:18:57+00:00","og_image":[{"width":1050,"height":750,"url":"https:\/\/ecodef-ihedn.fr\/wp-content\/uploads\/2024\/05\/pensez-strategique-ACADEM-7-5.jpg","type":"image\/jpeg"}],"author":"Bertrand Demandre","twitter_card":"summary_large_image","twitter_creator":"@Chaire_Ecodef","twitter_site":"@Chaire_Ecodef","twitter_misc":{"Written by":"Bertrand Demandre","Estimated reading time":"2 minutes"},"schema":{"@context":"https:\/\/schema.org","@graph":[{"@type":"Article","@id":"https:\/\/ecodef-ihedn.fr\/ukraine-deux-ans-de-guerre-en-europe-julien-malizard-invite-de-pensez-strategique-podcast-de-lacadem\/#article","isPartOf":{"@id":"https:\/\/ecodef-ihedn.fr\/ukraine-deux-ans-de-guerre-en-europe-julien-malizard-invite-de-pensez-strategique-podcast-de-lacadem\/"},"author":{"name":"Bertrand Demandre","@id":"https:\/\/ecodef-ihedn.fr\/#\/schema\/person\/1cdf22d028cebe278126a6e07a884d30"},"headline":"\u00ab\u00a0Ukraine : deux ans de guerre en Europe\u00a0\u00bb Julien Malizard invit\u00e9 de Pensez strat\u00e9gique, podcast de l&rsquo;ACADEM","datePublished":"2024-02-22T19:05:48+00:00","dateModified":"2024-05-16T14:18:57+00:00","mainEntityOfPage":{"@id":"https:\/\/ecodef-ihedn.fr\/ukraine-deux-ans-de-guerre-en-europe-julien-malizard-invite-de-pensez-strategique-podcast-de-lacadem\/"},"wordCount":189,"commentCount":0,"publisher":{"@id":"https:\/\/ecodef-ihedn.fr\/#organization"},"image":{"@id":"https:\/\/ecodef-ihedn.fr\/ukraine-deux-ans-de-guerre-en-europe-julien-malizard-invite-de-pensez-strategique-podcast-de-lacadem\/#primaryimage"},"thumbnailUrl":"https:\/\/ecodef-ihedn.fr\/wp-content\/uploads\/2024\/05\/pensez-strategique-ACADEM-7-5.jpg","keywords":["C\u00e9line Marang\u00e9","CICDE","Daniel Desesquelle","Institut de recherche strat\u00e9gique de l'\u00c9cole militaire","IRSEM","Julien Malizard","Pensez Strat\u00e9gique","podcast","Ukraine","Vincent Breton"],"articleSection":["M\u00e9dias"],"inLanguage":"en-GB","potentialAction":[{"@type":"CommentAction","name":"Comment","target":["https:\/\/ecodef-ihedn.fr\/ukraine-deux-ans-de-guerre-en-europe-julien-malizard-invite-de-pensez-strategique-podcast-de-lacadem\/#respond"]}]},{"@type":"WebPage","@id":"https:\/\/ecodef-ihedn.fr\/ukraine-deux-ans-de-guerre-en-europe-julien-malizard-invite-de-pensez-strategique-podcast-de-lacadem\/","url":"https:\/\/ecodef-ihedn.fr\/ukraine-deux-ans-de-guerre-en-europe-julien-malizard-invite-de-pensez-strategique-podcast-de-lacadem\/","name":"\"Ukraine : deux ans de guerre en Europe\" Julien Malizard invit\u00e9 de Pensez strat\u00e9gique, podcast de l'ACADEM - Chaire \u00c9conomie de d\u00e9fense - IHEDN","isPartOf":{"@id":"https:\/\/ecodef-ihedn.fr\/#website"},"primaryImageOfPage":{"@id":"https:\/\/ecodef-ihedn.fr\/ukraine-deux-ans-de-guerre-en-europe-julien-malizard-invite-de-pensez-strategique-podcast-de-lacadem\/#primaryimage"},"image":{"@id":"https:\/\/ecodef-ihedn.fr\/ukraine-deux-ans-de-guerre-en-europe-julien-malizard-invite-de-pensez-strategique-podcast-de-lacadem\/#primaryimage"},"thumbnailUrl":"https:\/\/ecodef-ihedn.fr\/wp-content\/uploads\/2024\/05\/pensez-strategique-ACADEM-7-5.jpg","datePublished":"2024-02-22T19:05:48+00:00","dateModified":"2024-05-16T14:18:57+00:00","breadcrumb":{"@id":"https:\/\/ecodef-ihedn.fr\/ukraine-deux-ans-de-guerre-en-europe-julien-malizard-invite-de-pensez-strategique-podcast-de-lacadem\/#breadcrumb"},"inLanguage":"en-GB","potentialAction":[{"@type":"ReadAction","target":["https:\/\/ecodef-ihedn.fr\/ukraine-deux-ans-de-guerre-en-europe-julien-malizard-invite-de-pensez-strategique-podcast-de-lacadem\/"]}]},{"@type":"ImageObject","inLanguage":"en-GB","@id":"https:\/\/ecodef-ihedn.fr\/ukraine-deux-ans-de-guerre-en-europe-julien-malizard-invite-de-pensez-strategique-podcast-de-lacadem\/#primaryimage","url":"https:\/\/ecodef-ihedn.fr\/wp-content\/uploads\/2024\/05\/pensez-strategique-ACADEM-7-5.jpg","contentUrl":"https:\/\/ecodef-ihedn.fr\/wp-content\/uploads\/2024\/05\/pensez-strategique-ACADEM-7-5.jpg","width":1050,"height":750},{"@type":"BreadcrumbList","@id":"https:\/\/ecodef-ihedn.fr\/ukraine-deux-ans-de-guerre-en-europe-julien-malizard-invite-de-pensez-strategique-podcast-de-lacadem\/#breadcrumb","itemListElement":[{"@type":"ListItem","position":1,"name":"Accueil","item":"https:\/\/ecodef-ihedn.fr\/"},{"@type":"ListItem","position":2,"name":"&#8220;Ukraine : deux ans de guerre en Europe&#8221; Julien Malizard invit\u00e9 de Pensez strat\u00e9gique, podcast de l&#8217;ACADEM"}]},{"@type":"WebSite","@id":"https:\/\/ecodef-ihedn.fr\/#website","url":"https:\/\/ecodef-ihedn.fr\/","name":"Chair in Defence Economics - IHEDN","description":"Produce &amp; support, federate &amp; disseminate, act as an interface","publisher":{"@id":"https:\/\/ecodef-ihedn.fr\/#organization"},"potentialAction":[{"@type":"SearchAction","target":{"@type":"EntryPoint","urlTemplate":"https:\/\/ecodef-ihedn.fr\/?s={search_term_string}"},"query-input":{"@type":"PropertyValueSpecification","valueRequired":true,"valueName":"search_term_string"}}],"inLanguage":"en-GB"},{"@type":"Organization","@id":"https:\/\/ecodef-ihedn.fr\/#organization","name":"Chair in Defence Economics - IHEDN","url":"https:\/\/ecodef-ihedn.fr\/","logo":{"@type":"ImageObject","inLanguage":"en-GB","@id":"https:\/\/ecodef-ihedn.fr\/#\/schema\/logo\/image\/","url":"https:\/\/ecodef-ihedn.fr\/wp-content\/uploads\/2020\/04\/logoEcodef9.jpg","contentUrl":"https:\/\/ecodef-ihedn.fr\/wp-content\/uploads\/2020\/04\/logoEcodef9.jpg","width":410,"height":212,"caption":"Chaire \u00c9conomie de d\u00e9fense - IHEDN"},"image":{"@id":"https:\/\/ecodef-ihedn.fr\/#\/schema\/logo\/image\/"},"sameAs":["https:\/\/x.com\/Chaire_Ecodef","https:\/\/www.linkedin.com\/company\/chaire-ecodef-ihedn\/"]},{"@type":"Person","@id":"https:\/\/ecodef-ihedn.fr\/#\/schema\/person\/1cdf22d028cebe278126a6e07a884d30","name":"Bertrand Demandre","image":{"@type":"ImageObject","inLanguage":"en-GB","@id":"https:\/\/secure.gravatar.com\/avatar\/d9c9746d6c900ab5b9c0f9b1fa3932e369da923da247d624b8f7ab4ba8a3c093?s=96&d=mm&r=g","url":"https:\/\/secure.gravatar.com\/avatar\/d9c9746d6c900ab5b9c0f9b1fa3932e369da923da247d624b8f7ab4ba8a3c093?s=96&d=mm&r=g","contentUrl":"https:\/\/secure.gravatar.com\/avatar\/d9c9746d6c900ab5b9c0f9b1fa3932e369da923da247d624b8f7ab4ba8a3c093?s=96&d=mm&r=g","caption":"Bertrand Demandre"},"url":"https:\/\/ecodef-ihedn.fr\/en\/author\/bertrand\/"}]}},"_links":{"self":[{"href":"https:\/\/ecodef-ihedn.fr\/en\/wp-json\/wp\/v2\/posts\/8468","targetHints":{"allow":["GET"]}}],"collection":[{"href":"https:\/\/ecodef-ihedn.fr\/en\/wp-json\/wp\/v2\/posts"}],"about":[{"href":"https:\/\/ecodef-ihedn.fr\/en\/wp-json\/wp\/v2\/types\/post"}],"author":[{"embeddable":true,"href":"https:\/\/ecodef-ihedn.fr\/en\/wp-json\/wp\/v2\/users\/2"}],"replies":[{"embeddable":true,"href":"https:\/\/ecodef-ihedn.fr\/en\/wp-json\/wp\/v2\/comments?post=8468"}],"version-history":[{"count":2,"href":"https:\/\/ecodef-ihedn.fr\/en\/wp-json\/wp\/v2\/posts\/8468\/revisions"}],"predecessor-version":[{"id":8472,"href":"https:\/\/ecodef-ihedn.fr\/en\/wp-json\/wp\/v2\/posts\/8468\/revisions\/8472"}],"wp:featuredmedia":[{"embeddable":true,"href":"https:\/\/ecodef-ihedn.fr\/en\/wp-json\/wp\/v2\/media\/8471"}],"wp:attachment":[{"href":"https:\/\/ecodef-ihedn.fr\/en\/wp-json\/wp\/v2\/media?parent=8468"}],"wp:term":[{"taxonomy":"category","embeddable":true,"href":"https:\/\/ecodef-ihedn.fr\/en\/wp-json\/wp\/v2\/categories?post=8468"},{"taxonomy":"post_tag","embeddable":true,"href":"https:\/\/ecodef-ihedn.fr\/en\/wp-json\/wp\/v2\/tags?post=8468"}],"curies":[{"name":"wp","href":"https:\/\/api.w.org\/{rel}","templated":true}]}}