{"id":851,"date":"2014-10-07T00:00:00","date_gmt":"2014-10-07T00:00:00","guid":{"rendered":"https:\/\/ecodef-ihedn.fr\/le-livre-blanc-sur-la-defense-et-la-securite-nationale\/"},"modified":"2020-04-07T13:48:05","modified_gmt":"2020-04-07T13:48:05","slug":"le-livre-blanc-sur-la-defense-et-la-securite-nationale","status":"publish","type":"post","link":"https:\/\/ecodef-ihedn.fr\/en\/le-livre-blanc-sur-la-defense-et-la-securite-nationale\/","title":{"rendered":"The White Paper on Defence and National Security"},"content":{"rendered":"<p>The White Paper on Defence and National Security was published by the French President on Monday 29 April 2013.<\/p>\n<p>This document sets the strategic guidelines for the next fifteen years and serves as the basis for the <a title=\"Military programming law\" href=\"https:\/\/economie-defense.fr\/loi-programmation-militaire\/\">military programming law<\/a> (2014-2019).<\/p>\n<p><a href=\"http:\/\/www.livreblancdefenseetsecurite.gouv.fr\/pdf\/le_livre_blanc_de_la_defense_2013.pdf\" target=\"_blank\">Available in PDF format<\/a><\/p>\n<p><img loading=\"lazy\" decoding=\"async\" class=\"\" src=\"https:\/\/ecodef-ihedn.fr\/wp-content\/uploads\/2020\/04\/lbd2013.png\" alt=\"le livre blanc de la defense 2013\" width=\"98\" height=\"147\" \/><\/p>\n<p>&nbsp;<\/p>","protected":false},"excerpt":{"rendered":"<p>Le Livre blanc sur la d\u00e9fense et la s\u00e9curit\u00e9 nationale a \u00e9t\u00e9 rendu public par le pr\u00e9sident de la R\u00e9publique le lundi 29 avril 2013. Ce document fixe les orientations strat\u00e9giques des quinze prochaines ann\u00e9es et sert de socle \u00e0 la loi de programmation militaire (2014-2019). Disponible en PDF &nbsp;<\/p>","protected":false},"author":1,"featured_media":852,"comment_status":"open","ping_status":"open","sticky":false,"template":"","format":"standard","meta":{"footnotes":""},"categories":[34],"tags":[],"class_list":{"0":"post-851","1":"post","2":"type-post","3":"status-publish","4":"format-standard","5":"has-post-thumbnail","7":"category-activites"},"yoast_head":"<!-- This site is optimized with the Yoast SEO plugin v27.4 - https:\/\/yoast.com\/product\/yoast-seo-wordpress\/ -->\n<title>Le Livre blanc sur la d\u00e9fense et la s\u00e9curit\u00e9 nationale - Chaire \u00c9conomie de d\u00e9fense - IHEDN<\/title>\n<meta name=\"robots\" content=\"index, follow, max-snippet:-1, max-image-preview:large, max-video-preview:-1\" \/>\n<link rel=\"canonical\" href=\"https:\/\/ecodef-ihedn.fr\/en\/le-livre-blanc-sur-la-defense-et-la-securite-nationale\/\" \/>\n<meta property=\"og:locale\" content=\"en_GB\" \/>\n<meta property=\"og:type\" content=\"article\" \/>\n<meta property=\"og:title\" content=\"Le Livre blanc sur la d\u00e9fense et la s\u00e9curit\u00e9 nationale - Chaire \u00c9conomie de d\u00e9fense - IHEDN\" \/>\n<meta property=\"og:description\" content=\"Le Livre blanc sur la d\u00e9fense et la s\u00e9curit\u00e9 nationale a \u00e9t\u00e9 rendu public par le pr\u00e9sident de la R\u00e9publique le lundi 29 avril 2013. Ce document fixe les orientations strat\u00e9giques des quinze prochaines ann\u00e9es et sert de socle \u00e0 la loi de programmation militaire (2014-2019). Disponible en PDF &nbsp;\" \/>\n<meta property=\"og:url\" content=\"https:\/\/ecodef-ihedn.fr\/en\/le-livre-blanc-sur-la-defense-et-la-securite-nationale\/\" \/>\n<meta property=\"og:site_name\" content=\"Chaire \u00c9conomie de d\u00e9fense - IHEDN\" \/>\n<meta property=\"article:published_time\" content=\"2014-10-07T00:00:00+00:00\" \/>\n<meta property=\"article:modified_time\" content=\"2020-04-07T13:48:05+00:00\" \/>\n<meta property=\"og:image\" content=\"https:\/\/ecodef-ihedn.fr\/wp-content\/uploads\/2020\/04\/lbd2013.png\" \/>\n\t<meta property=\"og:image:width\" content=\"210\" \/>\n\t<meta property=\"og:image:height\" content=\"316\" \/>\n\t<meta property=\"og:image:type\" content=\"image\/png\" \/>\n<meta name=\"author\" content=\"dev\" \/>\n<meta name=\"twitter:card\" content=\"summary_large_image\" \/>\n<meta name=\"twitter:creator\" content=\"@Chaire_Ecodef\" \/>\n<meta name=\"twitter:site\" content=\"@Chaire_Ecodef\" \/>\n<meta name=\"twitter:label1\" content=\"Written by\" \/>\n\t<meta name=\"twitter:data1\" content=\"dev\" \/>\n<script type=\"application\/ld+json\" class=\"yoast-schema-graph\">{\"@context\":\"https:\\\/\\\/schema.org\",\"@graph\":[{\"@type\":\"Article\",\"@id\":\"https:\\\/\\\/ecodef-ihedn.fr\\\/le-livre-blanc-sur-la-defense-et-la-securite-nationale\\\/#article\",\"isPartOf\":{\"@id\":\"https:\\\/\\\/ecodef-ihedn.fr\\\/le-livre-blanc-sur-la-defense-et-la-securite-nationale\\\/\"},\"author\":{\"name\":\"dev\",\"@id\":\"https:\\\/\\\/ecodef-ihedn.fr\\\/#\\\/schema\\\/person\\\/7b3f1a2d8fd336e0be2f9ff63ff0ebbc\"},\"headline\":\"Le Livre blanc sur la d\u00e9fense et la s\u00e9curit\u00e9 nationale\",\"datePublished\":\"2014-10-07T00:00:00+00:00\",\"dateModified\":\"2020-04-07T13:48:05+00:00\",\"mainEntityOfPage\":{\"@id\":\"https:\\\/\\\/ecodef-ihedn.fr\\\/le-livre-blanc-sur-la-defense-et-la-securite-nationale\\\/\"},\"wordCount\":65,\"commentCount\":0,\"publisher\":{\"@id\":\"https:\\\/\\\/ecodef-ihedn.fr\\\/#organization\"},\"image\":{\"@id\":\"https:\\\/\\\/ecodef-ihedn.fr\\\/le-livre-blanc-sur-la-defense-et-la-securite-nationale\\\/#primaryimage\"},\"thumbnailUrl\":\"https:\\\/\\\/ecodef-ihedn.fr\\\/wp-content\\\/uploads\\\/2020\\\/04\\\/lbd2013.png\",\"articleSection\":[\"Activit\u00e9s\"],\"inLanguage\":\"en-GB\",\"potentialAction\":[{\"@type\":\"CommentAction\",\"name\":\"Comment\",\"target\":[\"https:\\\/\\\/ecodef-ihedn.fr\\\/le-livre-blanc-sur-la-defense-et-la-securite-nationale\\\/#respond\"]}]},{\"@type\":\"WebPage\",\"@id\":\"https:\\\/\\\/ecodef-ihedn.fr\\\/le-livre-blanc-sur-la-defense-et-la-securite-nationale\\\/\",\"url\":\"https:\\\/\\\/ecodef-ihedn.fr\\\/le-livre-blanc-sur-la-defense-et-la-securite-nationale\\\/\",\"name\":\"Le Livre blanc sur la d\u00e9fense et la s\u00e9curit\u00e9 nationale - Chaire \u00c9conomie de d\u00e9fense - IHEDN\",\"isPartOf\":{\"@id\":\"https:\\\/\\\/ecodef-ihedn.fr\\\/#website\"},\"primaryImageOfPage\":{\"@id\":\"https:\\\/\\\/ecodef-ihedn.fr\\\/le-livre-blanc-sur-la-defense-et-la-securite-nationale\\\/#primaryimage\"},\"image\":{\"@id\":\"https:\\\/\\\/ecodef-ihedn.fr\\\/le-livre-blanc-sur-la-defense-et-la-securite-nationale\\\/#primaryimage\"},\"thumbnailUrl\":\"https:\\\/\\\/ecodef-ihedn.fr\\\/wp-content\\\/uploads\\\/2020\\\/04\\\/lbd2013.png\",\"datePublished\":\"2014-10-07T00:00:00+00:00\",\"dateModified\":\"2020-04-07T13:48:05+00:00\",\"breadcrumb\":{\"@id\":\"https:\\\/\\\/ecodef-ihedn.fr\\\/le-livre-blanc-sur-la-defense-et-la-securite-nationale\\\/#breadcrumb\"},\"inLanguage\":\"en-GB\",\"potentialAction\":[{\"@type\":\"ReadAction\",\"target\":[\"https:\\\/\\\/ecodef-ihedn.fr\\\/le-livre-blanc-sur-la-defense-et-la-securite-nationale\\\/\"]}]},{\"@type\":\"ImageObject\",\"inLanguage\":\"en-GB\",\"@id\":\"https:\\\/\\\/ecodef-ihedn.fr\\\/le-livre-blanc-sur-la-defense-et-la-securite-nationale\\\/#primaryimage\",\"url\":\"https:\\\/\\\/ecodef-ihedn.fr\\\/wp-content\\\/uploads\\\/2020\\\/04\\\/lbd2013.png\",\"contentUrl\":\"https:\\\/\\\/ecodef-ihedn.fr\\\/wp-content\\\/uploads\\\/2020\\\/04\\\/lbd2013.png\",\"width\":210,\"height\":316},{\"@type\":\"BreadcrumbList\",\"@id\":\"https:\\\/\\\/ecodef-ihedn.fr\\\/le-livre-blanc-sur-la-defense-et-la-securite-nationale\\\/#breadcrumb\",\"itemListElement\":[{\"@type\":\"ListItem\",\"position\":1,\"name\":\"Accueil\",\"item\":\"https:\\\/\\\/ecodef-ihedn.fr\\\/\"},{\"@type\":\"ListItem\",\"position\":2,\"name\":\"Le Livre blanc sur la d\u00e9fense et la s\u00e9curit\u00e9 nationale\"}]},{\"@type\":\"WebSite\",\"@id\":\"https:\\\/\\\/ecodef-ihedn.fr\\\/#website\",\"url\":\"https:\\\/\\\/ecodef-ihedn.fr\\\/\",\"name\":\"Chaire \u00c9conomie de D\u00e9fense - IHEDN\",\"description\":\"Produire &amp; soutenir, f\u00e9d\u00e9rer &amp; diffuser, \u00eatre une interface\",\"publisher\":{\"@id\":\"https:\\\/\\\/ecodef-ihedn.fr\\\/#organization\"},\"potentialAction\":[{\"@type\":\"SearchAction\",\"target\":{\"@type\":\"EntryPoint\",\"urlTemplate\":\"https:\\\/\\\/ecodef-ihedn.fr\\\/?s={search_term_string}\"},\"query-input\":{\"@type\":\"PropertyValueSpecification\",\"valueRequired\":true,\"valueName\":\"search_term_string\"}}],\"inLanguage\":\"en-GB\"},{\"@type\":\"Organization\",\"@id\":\"https:\\\/\\\/ecodef-ihedn.fr\\\/#organization\",\"name\":\"Chaire \u00c9conomie de d\u00e9fense - IHEDN\",\"url\":\"https:\\\/\\\/ecodef-ihedn.fr\\\/\",\"logo\":{\"@type\":\"ImageObject\",\"inLanguage\":\"en-GB\",\"@id\":\"https:\\\/\\\/ecodef-ihedn.fr\\\/#\\\/schema\\\/logo\\\/image\\\/\",\"url\":\"https:\\\/\\\/ecodef-ihedn.fr\\\/wp-content\\\/uploads\\\/2020\\\/04\\\/logoEcodef9.jpg\",\"contentUrl\":\"https:\\\/\\\/ecodef-ihedn.fr\\\/wp-content\\\/uploads\\\/2020\\\/04\\\/logoEcodef9.jpg\",\"width\":410,\"height\":212,\"caption\":\"Chaire \u00c9conomie de d\u00e9fense - IHEDN\"},\"image\":{\"@id\":\"https:\\\/\\\/ecodef-ihedn.fr\\\/#\\\/schema\\\/logo\\\/image\\\/\"},\"sameAs\":[\"https:\\\/\\\/x.com\\\/Chaire_Ecodef\",\"https:\\\/\\\/www.linkedin.com\\\/company\\\/chaire-ecodef-ihedn\\\/\"]},{\"@type\":\"Person\",\"@id\":\"https:\\\/\\\/ecodef-ihedn.fr\\\/#\\\/schema\\\/person\\\/7b3f1a2d8fd336e0be2f9ff63ff0ebbc\",\"name\":\"dev\",\"image\":{\"@type\":\"ImageObject\",\"inLanguage\":\"en-GB\",\"@id\":\"https:\\\/\\\/secure.gravatar.com\\\/avatar\\\/f1ffcac9ca2fa95ad3ec33e9be3ade82f752acb0cabe541e56c5889225afa88a?s=96&d=mm&r=g\",\"url\":\"https:\\\/\\\/secure.gravatar.com\\\/avatar\\\/f1ffcac9ca2fa95ad3ec33e9be3ade82f752acb0cabe541e56c5889225afa88a?s=96&d=mm&r=g\",\"contentUrl\":\"https:\\\/\\\/secure.gravatar.com\\\/avatar\\\/f1ffcac9ca2fa95ad3ec33e9be3ade82f752acb0cabe541e56c5889225afa88a?s=96&d=mm&r=g\",\"caption\":\"dev\"},\"url\":\"https:\\\/\\\/ecodef-ihedn.fr\\\/en\\\/author\\\/dev\\\/\"}]}<\/script>\n<!-- \/ Yoast SEO plugin. -->","yoast_head_json":{"title":"Le Livre blanc sur la d\u00e9fense et la s\u00e9curit\u00e9 nationale - Chaire \u00c9conomie de d\u00e9fense - IHEDN","robots":{"index":"index","follow":"follow","max-snippet":"max-snippet:-1","max-image-preview":"max-image-preview:large","max-video-preview":"max-video-preview:-1"},"canonical":"https:\/\/ecodef-ihedn.fr\/en\/le-livre-blanc-sur-la-defense-et-la-securite-nationale\/","og_locale":"en_GB","og_type":"article","og_title":"Le Livre blanc sur la d\u00e9fense et la s\u00e9curit\u00e9 nationale - Chaire \u00c9conomie de d\u00e9fense - IHEDN","og_description":"Le Livre blanc sur la d\u00e9fense et la s\u00e9curit\u00e9 nationale a \u00e9t\u00e9 rendu public par le pr\u00e9sident de la R\u00e9publique le lundi 29 avril 2013. Ce document fixe les orientations strat\u00e9giques des quinze prochaines ann\u00e9es et sert de socle \u00e0 la loi de programmation militaire (2014-2019). Disponible en PDF &nbsp;","og_url":"https:\/\/ecodef-ihedn.fr\/en\/le-livre-blanc-sur-la-defense-et-la-securite-nationale\/","og_site_name":"Chaire \u00c9conomie de d\u00e9fense - IHEDN","article_published_time":"2014-10-07T00:00:00+00:00","article_modified_time":"2020-04-07T13:48:05+00:00","og_image":[{"width":210,"height":316,"url":"https:\/\/ecodef-ihedn.fr\/wp-content\/uploads\/2020\/04\/lbd2013.png","type":"image\/png"}],"author":"dev","twitter_card":"summary_large_image","twitter_creator":"@Chaire_Ecodef","twitter_site":"@Chaire_Ecodef","twitter_misc":{"Written by":"dev"},"schema":{"@context":"https:\/\/schema.org","@graph":[{"@type":"Article","@id":"https:\/\/ecodef-ihedn.fr\/le-livre-blanc-sur-la-defense-et-la-securite-nationale\/#article","isPartOf":{"@id":"https:\/\/ecodef-ihedn.fr\/le-livre-blanc-sur-la-defense-et-la-securite-nationale\/"},"author":{"name":"dev","@id":"https:\/\/ecodef-ihedn.fr\/#\/schema\/person\/7b3f1a2d8fd336e0be2f9ff63ff0ebbc"},"headline":"Le Livre blanc sur la d\u00e9fense et la s\u00e9curit\u00e9 nationale","datePublished":"2014-10-07T00:00:00+00:00","dateModified":"2020-04-07T13:48:05+00:00","mainEntityOfPage":{"@id":"https:\/\/ecodef-ihedn.fr\/le-livre-blanc-sur-la-defense-et-la-securite-nationale\/"},"wordCount":65,"commentCount":0,"publisher":{"@id":"https:\/\/ecodef-ihedn.fr\/#organization"},"image":{"@id":"https:\/\/ecodef-ihedn.fr\/le-livre-blanc-sur-la-defense-et-la-securite-nationale\/#primaryimage"},"thumbnailUrl":"https:\/\/ecodef-ihedn.fr\/wp-content\/uploads\/2020\/04\/lbd2013.png","articleSection":["Activit\u00e9s"],"inLanguage":"en-GB","potentialAction":[{"@type":"CommentAction","name":"Comment","target":["https:\/\/ecodef-ihedn.fr\/le-livre-blanc-sur-la-defense-et-la-securite-nationale\/#respond"]}]},{"@type":"WebPage","@id":"https:\/\/ecodef-ihedn.fr\/le-livre-blanc-sur-la-defense-et-la-securite-nationale\/","url":"https:\/\/ecodef-ihedn.fr\/le-livre-blanc-sur-la-defense-et-la-securite-nationale\/","name":"Le Livre blanc sur la d\u00e9fense et la s\u00e9curit\u00e9 nationale - Chaire \u00c9conomie de d\u00e9fense - IHEDN","isPartOf":{"@id":"https:\/\/ecodef-ihedn.fr\/#website"},"primaryImageOfPage":{"@id":"https:\/\/ecodef-ihedn.fr\/le-livre-blanc-sur-la-defense-et-la-securite-nationale\/#primaryimage"},"image":{"@id":"https:\/\/ecodef-ihedn.fr\/le-livre-blanc-sur-la-defense-et-la-securite-nationale\/#primaryimage"},"thumbnailUrl":"https:\/\/ecodef-ihedn.fr\/wp-content\/uploads\/2020\/04\/lbd2013.png","datePublished":"2014-10-07T00:00:00+00:00","dateModified":"2020-04-07T13:48:05+00:00","breadcrumb":{"@id":"https:\/\/ecodef-ihedn.fr\/le-livre-blanc-sur-la-defense-et-la-securite-nationale\/#breadcrumb"},"inLanguage":"en-GB","potentialAction":[{"@type":"ReadAction","target":["https:\/\/ecodef-ihedn.fr\/le-livre-blanc-sur-la-defense-et-la-securite-nationale\/"]}]},{"@type":"ImageObject","inLanguage":"en-GB","@id":"https:\/\/ecodef-ihedn.fr\/le-livre-blanc-sur-la-defense-et-la-securite-nationale\/#primaryimage","url":"https:\/\/ecodef-ihedn.fr\/wp-content\/uploads\/2020\/04\/lbd2013.png","contentUrl":"https:\/\/ecodef-ihedn.fr\/wp-content\/uploads\/2020\/04\/lbd2013.png","width":210,"height":316},{"@type":"BreadcrumbList","@id":"https:\/\/ecodef-ihedn.fr\/le-livre-blanc-sur-la-defense-et-la-securite-nationale\/#breadcrumb","itemListElement":[{"@type":"ListItem","position":1,"name":"Accueil","item":"https:\/\/ecodef-ihedn.fr\/"},{"@type":"ListItem","position":2,"name":"Le Livre blanc sur la d\u00e9fense et la s\u00e9curit\u00e9 nationale"}]},{"@type":"WebSite","@id":"https:\/\/ecodef-ihedn.fr\/#website","url":"https:\/\/ecodef-ihedn.fr\/","name":"Chair in Defence Economics - IHEDN","description":"Produce &amp; support, federate &amp; disseminate, act as an interface","publisher":{"@id":"https:\/\/ecodef-ihedn.fr\/#organization"},"potentialAction":[{"@type":"SearchAction","target":{"@type":"EntryPoint","urlTemplate":"https:\/\/ecodef-ihedn.fr\/?s={search_term_string}"},"query-input":{"@type":"PropertyValueSpecification","valueRequired":true,"valueName":"search_term_string"}}],"inLanguage":"en-GB"},{"@type":"Organization","@id":"https:\/\/ecodef-ihedn.fr\/#organization","name":"Chair in Defence Economics - IHEDN","url":"https:\/\/ecodef-ihedn.fr\/","logo":{"@type":"ImageObject","inLanguage":"en-GB","@id":"https:\/\/ecodef-ihedn.fr\/#\/schema\/logo\/image\/","url":"https:\/\/ecodef-ihedn.fr\/wp-content\/uploads\/2020\/04\/logoEcodef9.jpg","contentUrl":"https:\/\/ecodef-ihedn.fr\/wp-content\/uploads\/2020\/04\/logoEcodef9.jpg","width":410,"height":212,"caption":"Chaire \u00c9conomie de d\u00e9fense - IHEDN"},"image":{"@id":"https:\/\/ecodef-ihedn.fr\/#\/schema\/logo\/image\/"},"sameAs":["https:\/\/x.com\/Chaire_Ecodef","https:\/\/www.linkedin.com\/company\/chaire-ecodef-ihedn\/"]},{"@type":"Person","@id":"https:\/\/ecodef-ihedn.fr\/#\/schema\/person\/7b3f1a2d8fd336e0be2f9ff63ff0ebbc","name":"dev","image":{"@type":"ImageObject","inLanguage":"en-GB","@id":"https:\/\/secure.gravatar.com\/avatar\/f1ffcac9ca2fa95ad3ec33e9be3ade82f752acb0cabe541e56c5889225afa88a?s=96&d=mm&r=g","url":"https:\/\/secure.gravatar.com\/avatar\/f1ffcac9ca2fa95ad3ec33e9be3ade82f752acb0cabe541e56c5889225afa88a?s=96&d=mm&r=g","contentUrl":"https:\/\/secure.gravatar.com\/avatar\/f1ffcac9ca2fa95ad3ec33e9be3ade82f752acb0cabe541e56c5889225afa88a?s=96&d=mm&r=g","caption":"dev"},"url":"https:\/\/ecodef-ihedn.fr\/en\/author\/dev\/"}]}},"_links":{"self":[{"href":"https:\/\/ecodef-ihedn.fr\/en\/wp-json\/wp\/v2\/posts\/851","targetHints":{"allow":["GET"]}}],"collection":[{"href":"https:\/\/ecodef-ihedn.fr\/en\/wp-json\/wp\/v2\/posts"}],"about":[{"href":"https:\/\/ecodef-ihedn.fr\/en\/wp-json\/wp\/v2\/types\/post"}],"author":[{"embeddable":true,"href":"https:\/\/ecodef-ihedn.fr\/en\/wp-json\/wp\/v2\/users\/1"}],"replies":[{"embeddable":true,"href":"https:\/\/ecodef-ihedn.fr\/en\/wp-json\/wp\/v2\/comments?post=851"}],"version-history":[{"count":1,"href":"https:\/\/ecodef-ihedn.fr\/en\/wp-json\/wp\/v2\/posts\/851\/revisions"}],"predecessor-version":[{"id":1223,"href":"https:\/\/ecodef-ihedn.fr\/en\/wp-json\/wp\/v2\/posts\/851\/revisions\/1223"}],"wp:featuredmedia":[{"embeddable":true,"href":"https:\/\/ecodef-ihedn.fr\/en\/wp-json\/wp\/v2\/media\/852"}],"wp:attachment":[{"href":"https:\/\/ecodef-ihedn.fr\/en\/wp-json\/wp\/v2\/media?parent=851"}],"wp:term":[{"taxonomy":"category","embeddable":true,"href":"https:\/\/ecodef-ihedn.fr\/en\/wp-json\/wp\/v2\/categories?post=851"},{"taxonomy":"post_tag","embeddable":true,"href":"https:\/\/ecodef-ihedn.fr\/en\/wp-json\/wp\/v2\/tags?post=851"}],"curies":[{"name":"wp","href":"https:\/\/api.w.org\/{rel}","templated":true}]}}