{"id":8541,"date":"2024-07-16T11:52:13","date_gmt":"2024-07-16T11:52:13","guid":{"rendered":"https:\/\/ecodef-ihedn.fr\/intervention-de-josselin-droff-et-julien-malizard-au-cems-air-ecole-militaire-20-mars-2024-copy\/"},"modified":"2025-07-10T08:28:07","modified_gmt":"2025-07-10T08:28:07","slug":"participation-de-josselin-droff-et-julien-malizard-a-lices-2024-doha-qatar","status":"publish","type":"post","link":"https:\/\/ecodef-ihedn.fr\/en\/participation-de-josselin-droff-et-julien-malizard-a-lices-2024-doha-qatar\/","title":{"rendered":"Josselin Droff and Julien Malizard at ICES 2024 (Doha, Qatar)"},"content":{"rendered":"<h3><strong>Josselin Droff<\/strong> and <strong>Julien Malizard<\/strong>, researchers at the Chair, took part in the <em>27th International conference on economics and security (ICES 2024)<\/em>, organised from 30 June to 2 July 2024 in Doha (Qatar)<\/h3>\r\n<p>La <a href=\"https:\/\/chs-doha.org\/en\/News\/Pages\/27TH-ANNUAL-INTERNATIONAL-CONFERENCE-ON-ECONOMICS-AND-SECURITY-.aspx\" target=\"_blank\" rel=\"noopener\"><strong><em>27th International conference on economics and security (ICES 2024) <\/em><\/strong><\/a>was organised at the <em>Doha Institute for Graduate Studies<\/em> (Qatar), from 30 June to 2 July 2024.<\/p>\r\n<p><strong>For 30 years<\/strong>, this <strong>annual international conference<\/strong> provides an opportunity for economists, political scientists and researchers from other disciplines to present their work in the field of <strong>the economics of defence, security and peace<\/strong>.<\/p>\r\n<p>The 2024 edition brought together some fifty specialists from Belgium, Spain, the United States of America, France, Greece, Italy, the Middle East, Nigeria, the Netherlands, Poland, the Czech Republic and Turkey.<\/p>\r\n<p>The topics most frequently discussed were the costs of conflict, post-conflict reconstruction issues, military spending (trends, cooperation, links between policy and military spending) and industrial issues relating to cybersecurity.<\/p>\r\n<p><strong>Josselin Droff<\/strong> presented a work co-written with <strong>Julien Malizard<\/strong> entitled <em>\u00abThe two faces of Janus or the two markets hypothesis\u00bb<\/em>.<\/p>\r\n<p><a href=\"https:\/\/ecodef-ihedn.fr\/wp-content\/uploads\/2024\/07\/photo_3.jpg\"><img loading=\"lazy\" decoding=\"async\" class=\"aligncenter wp-image-8543 size-full\" src=\"https:\/\/ecodef-ihedn.fr\/wp-content\/uploads\/2024\/07\/photo_3.jpg\" alt=\"\" width=\"708\" height=\"992\" srcset=\"https:\/\/ecodef-ihedn.fr\/wp-content\/uploads\/2024\/07\/photo_3.jpg 708w, https:\/\/ecodef-ihedn.fr\/wp-content\/uploads\/2024\/07\/photo_3-214x300.jpg 214w, https:\/\/ecodef-ihedn.fr\/wp-content\/uploads\/2024\/07\/photo_3-300x420.jpg 300w, https:\/\/ecodef-ihedn.fr\/wp-content\/uploads\/2024\/07\/photo_3-600x840.jpg 600w, https:\/\/ecodef-ihedn.fr\/wp-content\/uploads\/2024\/07\/photo_3-696x975.jpg 696w\" sizes=\"auto, (max-width: 708px) 100vw, 708px\" \/><\/a><\/p>\r\n<ul>\r\n<li>Le <strong>\u00abdemand shock\u00bb<\/strong>\u00a0post February 2022 makes it necessary <strong>adapting our industrial offering<\/strong>. Europe is faced with a relatively inelastic supply situation in the face of strategic disruptions that are changing demand. In qualitative terms, the conflict in Ukraine is indicative of <strong>the importance of new capabilities<\/strong> in the conduct of operations in a <strong>modern high-intensity conflict<\/strong> such as remotely-operated munitions, small, multi-purpose UAVs (whether airborne, land-based or naval), cyber or space (particularly in terms of data transmission and processing).<\/li>\r\n<li>From an industrial economics perspective, the identification of a high risk of attrition leads to an interest in the <strong>consumables market<\/strong>, In other words, equipment with a very short lifespan (e.g. drones). On the other hand, the context of the show of force between the major military powers makes it impossible to give up on <strong>durable goods<\/strong>, These are major pieces of equipment with a very long lifespan and strong symbolic value (aircraft carriers, combat aircraft, hyper-sonic missiles, ballistic missiles, etc.).<\/li>\r\n<li>This <strong>ambivalence is at the heart of current changes <\/strong>the defence industry in particular. Given these changes in demand for defence equipment, our <strong>working hypothesis<\/strong> is that there are two arms markets.\r\n<ul>\r\n<li>The first is made up of <strong>traditional players <\/strong>the defence industry, capable of providing traditional capabilities such as armoured vehicles, artillery systems, aircraft and ships.<\/li>\r\n<li>The second refers to <strong>emerging industrial players<\/strong> which meet certain needs not covered by conventional equipment, such as in the fields of UAVs, cyber, space or IT and data processing.<\/li>\r\n<\/ul>\r\n<\/li>\r\n<\/ul>\r\n<p>From the point of view of <strong>industrial policy<\/strong>, It is particularly important to understand the structural parameters of the <strong>these two markets<\/strong> to identify the right levers for <strong>adapting supply to demand.<\/strong><\/p>\r\n<p>&nbsp;<\/p>","protected":false},"excerpt":{"rendered":"<p>Josselin Droff et Julien Malizard, chercheurs \u00e0 la Chaire, ont particip\u00e9 \u00e0 la 27th International conference on economics and security (ICES 2024), organis\u00e9e du 30 juin au 2 juillet 2024 \u00e0 Doha (Qatar) La 27th International conference on economics and security (ICES 2024) a \u00e9t\u00e9 organis\u00e9e au Doha Institute for Graduate Studies (Qatar), du 30 [&hellip;]<\/p>\n","protected":false},"author":2,"featured_media":8544,"comment_status":"open","ping_status":"open","sticky":false,"template":"","format":"standard","meta":{"footnotes":""},"categories":[34,356],"tags":[210,211,162,41,749,47,748,38,202,86,751,750],"class_list":{"0":"post-8541","1":"post","2":"type-post","3":"status-publish","4":"format-standard","5":"has-post-thumbnail","7":"category-activites","8":"category-activites-participation-de-la-chaire-a-un-evenement","9":"tag-base-industrielle-et-technologique-de-defense","10":"tag-bitd","11":"tag-chaire-economie-de-defense","12":"tag-conference","13":"tag-doha","14":"tag-economie-de-defense","15":"tag-ices-2024","16":"tag-ihedn","17":"tag-josselin-droff","18":"tag-julien-malizard","19":"tag-marche-de-larmement","20":"tag-qatar"},"yoast_head":"<!-- This site is optimized with the Yoast SEO plugin v27.4 - https:\/\/yoast.com\/product\/yoast-seo-wordpress\/ -->\n<title>Participation de Josselin Droff et Julien Malizard \u00e0 l&#039;ICES 2024 (Doha, Qatar) - Chaire \u00c9conomie de d\u00e9fense - IHEDN<\/title>\n<meta name=\"robots\" content=\"index, follow, max-snippet:-1, max-image-preview:large, max-video-preview:-1\" \/>\n<link rel=\"canonical\" href=\"https:\/\/ecodef-ihedn.fr\/en\/participation-de-josselin-droff-et-julien-malizard-a-lices-2024-doha-qatar\/\" \/>\n<meta property=\"og:locale\" content=\"en_GB\" \/>\n<meta property=\"og:type\" content=\"article\" \/>\n<meta property=\"og:title\" content=\"Participation de Josselin Droff et Julien Malizard \u00e0 l&#039;ICES 2024 (Doha, Qatar) - Chaire \u00c9conomie de d\u00e9fense - IHEDN\" \/>\n<meta property=\"og:description\" content=\"Josselin Droff et Julien Malizard, chercheurs \u00e0 la Chaire, ont particip\u00e9 \u00e0 la 27th International conference on economics and security (ICES 2024), organis\u00e9e du 30 juin au 2 juillet 2024 \u00e0 Doha (Qatar) La 27th International conference on economics and security (ICES 2024) a \u00e9t\u00e9 organis\u00e9e au Doha Institute for Graduate Studies (Qatar), du 30 [&hellip;]\" \/>\n<meta property=\"og:url\" content=\"https:\/\/ecodef-ihedn.fr\/en\/participation-de-josselin-droff-et-julien-malizard-a-lices-2024-doha-qatar\/\" \/>\n<meta property=\"og:site_name\" content=\"Chaire \u00c9conomie de d\u00e9fense - IHEDN\" \/>\n<meta property=\"article:published_time\" content=\"2024-07-16T11:52:13+00:00\" \/>\n<meta property=\"article:modified_time\" content=\"2025-07-10T08:28:07+00:00\" \/>\n<meta property=\"og:image\" content=\"https:\/\/ecodef-ihedn.fr\/wp-content\/uploads\/2024\/07\/photo_2.jpg\" \/>\n\t<meta property=\"og:image:width\" content=\"1009\" \/>\n\t<meta property=\"og:image:height\" content=\"721\" \/>\n\t<meta property=\"og:image:type\" content=\"image\/jpeg\" \/>\n<meta name=\"author\" content=\"Bertrand Demandre\" \/>\n<meta name=\"twitter:card\" content=\"summary_large_image\" \/>\n<meta name=\"twitter:creator\" content=\"@Chaire_Ecodef\" \/>\n<meta name=\"twitter:site\" content=\"@Chaire_Ecodef\" \/>\n<meta name=\"twitter:label1\" content=\"Written by\" \/>\n\t<meta name=\"twitter:data1\" content=\"Bertrand Demandre\" \/>\n\t<meta name=\"twitter:label2\" content=\"Estimated reading time\" \/>\n\t<meta name=\"twitter:data2\" content=\"3 minutes\" \/>\n<script type=\"application\/ld+json\" class=\"yoast-schema-graph\">{\"@context\":\"https:\\\/\\\/schema.org\",\"@graph\":[{\"@type\":\"Article\",\"@id\":\"https:\\\/\\\/ecodef-ihedn.fr\\\/participation-de-josselin-droff-et-julien-malizard-a-lices-2024-doha-qatar\\\/#article\",\"isPartOf\":{\"@id\":\"https:\\\/\\\/ecodef-ihedn.fr\\\/participation-de-josselin-droff-et-julien-malizard-a-lices-2024-doha-qatar\\\/\"},\"author\":{\"name\":\"Bertrand Demandre\",\"@id\":\"https:\\\/\\\/ecodef-ihedn.fr\\\/#\\\/schema\\\/person\\\/1cdf22d028cebe278126a6e07a884d30\"},\"headline\":\"Participation de Josselin Droff et Julien Malizard \u00e0 l&rsquo;ICES 2024 (Doha, Qatar)\",\"datePublished\":\"2024-07-16T11:52:13+00:00\",\"dateModified\":\"2025-07-10T08:28:07+00:00\",\"mainEntityOfPage\":{\"@id\":\"https:\\\/\\\/ecodef-ihedn.fr\\\/participation-de-josselin-droff-et-julien-malizard-a-lices-2024-doha-qatar\\\/\"},\"wordCount\":575,\"commentCount\":0,\"publisher\":{\"@id\":\"https:\\\/\\\/ecodef-ihedn.fr\\\/#organization\"},\"image\":{\"@id\":\"https:\\\/\\\/ecodef-ihedn.fr\\\/participation-de-josselin-droff-et-julien-malizard-a-lices-2024-doha-qatar\\\/#primaryimage\"},\"thumbnailUrl\":\"https:\\\/\\\/ecodef-ihedn.fr\\\/wp-content\\\/uploads\\\/2024\\\/07\\\/photo_2.jpg\",\"keywords\":[\"Base Industrielle et Technologique de D\u00e9fense\",\"BITD\",\"chaire \u00e9conomie de d\u00e9fense\",\"conf\u00e9rence\",\"Doha\",\"\u00e9conomie de d\u00e9fense\",\"ICES 2024\",\"IHEDN\",\"Josselin Droff\",\"Julien Malizard\",\"march\u00e9 de l'armement\",\"Qatar\"],\"articleSection\":[\"Activit\u00e9s\",\"Activit\u00e9s : participation de la Chaire \u00e0 un \u00e9v\u00e9nement\"],\"inLanguage\":\"en-GB\",\"potentialAction\":[{\"@type\":\"CommentAction\",\"name\":\"Comment\",\"target\":[\"https:\\\/\\\/ecodef-ihedn.fr\\\/participation-de-josselin-droff-et-julien-malizard-a-lices-2024-doha-qatar\\\/#respond\"]}]},{\"@type\":\"WebPage\",\"@id\":\"https:\\\/\\\/ecodef-ihedn.fr\\\/participation-de-josselin-droff-et-julien-malizard-a-lices-2024-doha-qatar\\\/\",\"url\":\"https:\\\/\\\/ecodef-ihedn.fr\\\/participation-de-josselin-droff-et-julien-malizard-a-lices-2024-doha-qatar\\\/\",\"name\":\"Participation de Josselin Droff et Julien Malizard \u00e0 l'ICES 2024 (Doha, Qatar) - Chaire \u00c9conomie de d\u00e9fense - IHEDN\",\"isPartOf\":{\"@id\":\"https:\\\/\\\/ecodef-ihedn.fr\\\/#website\"},\"primaryImageOfPage\":{\"@id\":\"https:\\\/\\\/ecodef-ihedn.fr\\\/participation-de-josselin-droff-et-julien-malizard-a-lices-2024-doha-qatar\\\/#primaryimage\"},\"image\":{\"@id\":\"https:\\\/\\\/ecodef-ihedn.fr\\\/participation-de-josselin-droff-et-julien-malizard-a-lices-2024-doha-qatar\\\/#primaryimage\"},\"thumbnailUrl\":\"https:\\\/\\\/ecodef-ihedn.fr\\\/wp-content\\\/uploads\\\/2024\\\/07\\\/photo_2.jpg\",\"datePublished\":\"2024-07-16T11:52:13+00:00\",\"dateModified\":\"2025-07-10T08:28:07+00:00\",\"breadcrumb\":{\"@id\":\"https:\\\/\\\/ecodef-ihedn.fr\\\/participation-de-josselin-droff-et-julien-malizard-a-lices-2024-doha-qatar\\\/#breadcrumb\"},\"inLanguage\":\"en-GB\",\"potentialAction\":[{\"@type\":\"ReadAction\",\"target\":[\"https:\\\/\\\/ecodef-ihedn.fr\\\/participation-de-josselin-droff-et-julien-malizard-a-lices-2024-doha-qatar\\\/\"]}]},{\"@type\":\"ImageObject\",\"inLanguage\":\"en-GB\",\"@id\":\"https:\\\/\\\/ecodef-ihedn.fr\\\/participation-de-josselin-droff-et-julien-malizard-a-lices-2024-doha-qatar\\\/#primaryimage\",\"url\":\"https:\\\/\\\/ecodef-ihedn.fr\\\/wp-content\\\/uploads\\\/2024\\\/07\\\/photo_2.jpg\",\"contentUrl\":\"https:\\\/\\\/ecodef-ihedn.fr\\\/wp-content\\\/uploads\\\/2024\\\/07\\\/photo_2.jpg\",\"width\":1009,\"height\":721},{\"@type\":\"BreadcrumbList\",\"@id\":\"https:\\\/\\\/ecodef-ihedn.fr\\\/participation-de-josselin-droff-et-julien-malizard-a-lices-2024-doha-qatar\\\/#breadcrumb\",\"itemListElement\":[{\"@type\":\"ListItem\",\"position\":1,\"name\":\"Accueil\",\"item\":\"https:\\\/\\\/ecodef-ihedn.fr\\\/\"},{\"@type\":\"ListItem\",\"position\":2,\"name\":\"Participation de Josselin Droff et Julien Malizard \u00e0 l&rsquo;ICES 2024 (Doha, Qatar)\"}]},{\"@type\":\"WebSite\",\"@id\":\"https:\\\/\\\/ecodef-ihedn.fr\\\/#website\",\"url\":\"https:\\\/\\\/ecodef-ihedn.fr\\\/\",\"name\":\"Chaire \u00c9conomie de D\u00e9fense - IHEDN\",\"description\":\"Produire &amp; soutenir, f\u00e9d\u00e9rer &amp; diffuser, \u00eatre une interface\",\"publisher\":{\"@id\":\"https:\\\/\\\/ecodef-ihedn.fr\\\/#organization\"},\"potentialAction\":[{\"@type\":\"SearchAction\",\"target\":{\"@type\":\"EntryPoint\",\"urlTemplate\":\"https:\\\/\\\/ecodef-ihedn.fr\\\/?s={search_term_string}\"},\"query-input\":{\"@type\":\"PropertyValueSpecification\",\"valueRequired\":true,\"valueName\":\"search_term_string\"}}],\"inLanguage\":\"en-GB\"},{\"@type\":\"Organization\",\"@id\":\"https:\\\/\\\/ecodef-ihedn.fr\\\/#organization\",\"name\":\"Chaire \u00c9conomie de d\u00e9fense - IHEDN\",\"url\":\"https:\\\/\\\/ecodef-ihedn.fr\\\/\",\"logo\":{\"@type\":\"ImageObject\",\"inLanguage\":\"en-GB\",\"@id\":\"https:\\\/\\\/ecodef-ihedn.fr\\\/#\\\/schema\\\/logo\\\/image\\\/\",\"url\":\"https:\\\/\\\/ecodef-ihedn.fr\\\/wp-content\\\/uploads\\\/2020\\\/04\\\/logoEcodef9.jpg\",\"contentUrl\":\"https:\\\/\\\/ecodef-ihedn.fr\\\/wp-content\\\/uploads\\\/2020\\\/04\\\/logoEcodef9.jpg\",\"width\":410,\"height\":212,\"caption\":\"Chaire \u00c9conomie de d\u00e9fense - IHEDN\"},\"image\":{\"@id\":\"https:\\\/\\\/ecodef-ihedn.fr\\\/#\\\/schema\\\/logo\\\/image\\\/\"},\"sameAs\":[\"https:\\\/\\\/x.com\\\/Chaire_Ecodef\",\"https:\\\/\\\/www.linkedin.com\\\/company\\\/chaire-ecodef-ihedn\\\/\"]},{\"@type\":\"Person\",\"@id\":\"https:\\\/\\\/ecodef-ihedn.fr\\\/#\\\/schema\\\/person\\\/1cdf22d028cebe278126a6e07a884d30\",\"name\":\"Bertrand Demandre\",\"image\":{\"@type\":\"ImageObject\",\"inLanguage\":\"en-GB\",\"@id\":\"https:\\\/\\\/secure.gravatar.com\\\/avatar\\\/d9c9746d6c900ab5b9c0f9b1fa3932e369da923da247d624b8f7ab4ba8a3c093?s=96&d=mm&r=g\",\"url\":\"https:\\\/\\\/secure.gravatar.com\\\/avatar\\\/d9c9746d6c900ab5b9c0f9b1fa3932e369da923da247d624b8f7ab4ba8a3c093?s=96&d=mm&r=g\",\"contentUrl\":\"https:\\\/\\\/secure.gravatar.com\\\/avatar\\\/d9c9746d6c900ab5b9c0f9b1fa3932e369da923da247d624b8f7ab4ba8a3c093?s=96&d=mm&r=g\",\"caption\":\"Bertrand Demandre\"},\"url\":\"https:\\\/\\\/ecodef-ihedn.fr\\\/en\\\/author\\\/bertrand\\\/\"}]}<\/script>\n<!-- \/ Yoast SEO plugin. -->","yoast_head_json":{"title":"Participation de Josselin Droff et Julien Malizard \u00e0 l'ICES 2024 (Doha, Qatar) - Chaire \u00c9conomie de d\u00e9fense - IHEDN","robots":{"index":"index","follow":"follow","max-snippet":"max-snippet:-1","max-image-preview":"max-image-preview:large","max-video-preview":"max-video-preview:-1"},"canonical":"https:\/\/ecodef-ihedn.fr\/en\/participation-de-josselin-droff-et-julien-malizard-a-lices-2024-doha-qatar\/","og_locale":"en_GB","og_type":"article","og_title":"Participation de Josselin Droff et Julien Malizard \u00e0 l'ICES 2024 (Doha, Qatar) - Chaire \u00c9conomie de d\u00e9fense - IHEDN","og_description":"Josselin Droff et Julien Malizard, chercheurs \u00e0 la Chaire, ont particip\u00e9 \u00e0 la 27th International conference on economics and security (ICES 2024), organis\u00e9e du 30 juin au 2 juillet 2024 \u00e0 Doha (Qatar) La 27th International conference on economics and security (ICES 2024) a \u00e9t\u00e9 organis\u00e9e au Doha Institute for Graduate Studies (Qatar), du 30 [&hellip;]","og_url":"https:\/\/ecodef-ihedn.fr\/en\/participation-de-josselin-droff-et-julien-malizard-a-lices-2024-doha-qatar\/","og_site_name":"Chaire \u00c9conomie de d\u00e9fense - IHEDN","article_published_time":"2024-07-16T11:52:13+00:00","article_modified_time":"2025-07-10T08:28:07+00:00","og_image":[{"width":1009,"height":721,"url":"https:\/\/ecodef-ihedn.fr\/wp-content\/uploads\/2024\/07\/photo_2.jpg","type":"image\/jpeg"}],"author":"Bertrand Demandre","twitter_card":"summary_large_image","twitter_creator":"@Chaire_Ecodef","twitter_site":"@Chaire_Ecodef","twitter_misc":{"Written by":"Bertrand Demandre","Estimated reading time":"3 minutes"},"schema":{"@context":"https:\/\/schema.org","@graph":[{"@type":"Article","@id":"https:\/\/ecodef-ihedn.fr\/participation-de-josselin-droff-et-julien-malizard-a-lices-2024-doha-qatar\/#article","isPartOf":{"@id":"https:\/\/ecodef-ihedn.fr\/participation-de-josselin-droff-et-julien-malizard-a-lices-2024-doha-qatar\/"},"author":{"name":"Bertrand Demandre","@id":"https:\/\/ecodef-ihedn.fr\/#\/schema\/person\/1cdf22d028cebe278126a6e07a884d30"},"headline":"Participation de Josselin Droff et Julien Malizard \u00e0 l&rsquo;ICES 2024 (Doha, Qatar)","datePublished":"2024-07-16T11:52:13+00:00","dateModified":"2025-07-10T08:28:07+00:00","mainEntityOfPage":{"@id":"https:\/\/ecodef-ihedn.fr\/participation-de-josselin-droff-et-julien-malizard-a-lices-2024-doha-qatar\/"},"wordCount":575,"commentCount":0,"publisher":{"@id":"https:\/\/ecodef-ihedn.fr\/#organization"},"image":{"@id":"https:\/\/ecodef-ihedn.fr\/participation-de-josselin-droff-et-julien-malizard-a-lices-2024-doha-qatar\/#primaryimage"},"thumbnailUrl":"https:\/\/ecodef-ihedn.fr\/wp-content\/uploads\/2024\/07\/photo_2.jpg","keywords":["Base Industrielle et Technologique de D\u00e9fense","BITD","chaire \u00e9conomie de d\u00e9fense","conf\u00e9rence","Doha","\u00e9conomie de d\u00e9fense","ICES 2024","IHEDN","Josselin Droff","Julien Malizard","march\u00e9 de l'armement","Qatar"],"articleSection":["Activit\u00e9s","Activit\u00e9s : participation de la Chaire \u00e0 un \u00e9v\u00e9nement"],"inLanguage":"en-GB","potentialAction":[{"@type":"CommentAction","name":"Comment","target":["https:\/\/ecodef-ihedn.fr\/participation-de-josselin-droff-et-julien-malizard-a-lices-2024-doha-qatar\/#respond"]}]},{"@type":"WebPage","@id":"https:\/\/ecodef-ihedn.fr\/participation-de-josselin-droff-et-julien-malizard-a-lices-2024-doha-qatar\/","url":"https:\/\/ecodef-ihedn.fr\/participation-de-josselin-droff-et-julien-malizard-a-lices-2024-doha-qatar\/","name":"Participation de Josselin Droff et Julien Malizard \u00e0 l'ICES 2024 (Doha, Qatar) - Chaire \u00c9conomie de d\u00e9fense - IHEDN","isPartOf":{"@id":"https:\/\/ecodef-ihedn.fr\/#website"},"primaryImageOfPage":{"@id":"https:\/\/ecodef-ihedn.fr\/participation-de-josselin-droff-et-julien-malizard-a-lices-2024-doha-qatar\/#primaryimage"},"image":{"@id":"https:\/\/ecodef-ihedn.fr\/participation-de-josselin-droff-et-julien-malizard-a-lices-2024-doha-qatar\/#primaryimage"},"thumbnailUrl":"https:\/\/ecodef-ihedn.fr\/wp-content\/uploads\/2024\/07\/photo_2.jpg","datePublished":"2024-07-16T11:52:13+00:00","dateModified":"2025-07-10T08:28:07+00:00","breadcrumb":{"@id":"https:\/\/ecodef-ihedn.fr\/participation-de-josselin-droff-et-julien-malizard-a-lices-2024-doha-qatar\/#breadcrumb"},"inLanguage":"en-GB","potentialAction":[{"@type":"ReadAction","target":["https:\/\/ecodef-ihedn.fr\/participation-de-josselin-droff-et-julien-malizard-a-lices-2024-doha-qatar\/"]}]},{"@type":"ImageObject","inLanguage":"en-GB","@id":"https:\/\/ecodef-ihedn.fr\/participation-de-josselin-droff-et-julien-malizard-a-lices-2024-doha-qatar\/#primaryimage","url":"https:\/\/ecodef-ihedn.fr\/wp-content\/uploads\/2024\/07\/photo_2.jpg","contentUrl":"https:\/\/ecodef-ihedn.fr\/wp-content\/uploads\/2024\/07\/photo_2.jpg","width":1009,"height":721},{"@type":"BreadcrumbList","@id":"https:\/\/ecodef-ihedn.fr\/participation-de-josselin-droff-et-julien-malizard-a-lices-2024-doha-qatar\/#breadcrumb","itemListElement":[{"@type":"ListItem","position":1,"name":"Accueil","item":"https:\/\/ecodef-ihedn.fr\/"},{"@type":"ListItem","position":2,"name":"Participation de Josselin Droff et Julien Malizard \u00e0 l&rsquo;ICES 2024 (Doha, Qatar)"}]},{"@type":"WebSite","@id":"https:\/\/ecodef-ihedn.fr\/#website","url":"https:\/\/ecodef-ihedn.fr\/","name":"Chair in Defence Economics - IHEDN","description":"Produce &amp; support, federate &amp; disseminate, act as an interface","publisher":{"@id":"https:\/\/ecodef-ihedn.fr\/#organization"},"potentialAction":[{"@type":"SearchAction","target":{"@type":"EntryPoint","urlTemplate":"https:\/\/ecodef-ihedn.fr\/?s={search_term_string}"},"query-input":{"@type":"PropertyValueSpecification","valueRequired":true,"valueName":"search_term_string"}}],"inLanguage":"en-GB"},{"@type":"Organization","@id":"https:\/\/ecodef-ihedn.fr\/#organization","name":"Chair in Defence Economics - IHEDN","url":"https:\/\/ecodef-ihedn.fr\/","logo":{"@type":"ImageObject","inLanguage":"en-GB","@id":"https:\/\/ecodef-ihedn.fr\/#\/schema\/logo\/image\/","url":"https:\/\/ecodef-ihedn.fr\/wp-content\/uploads\/2020\/04\/logoEcodef9.jpg","contentUrl":"https:\/\/ecodef-ihedn.fr\/wp-content\/uploads\/2020\/04\/logoEcodef9.jpg","width":410,"height":212,"caption":"Chaire \u00c9conomie de d\u00e9fense - IHEDN"},"image":{"@id":"https:\/\/ecodef-ihedn.fr\/#\/schema\/logo\/image\/"},"sameAs":["https:\/\/x.com\/Chaire_Ecodef","https:\/\/www.linkedin.com\/company\/chaire-ecodef-ihedn\/"]},{"@type":"Person","@id":"https:\/\/ecodef-ihedn.fr\/#\/schema\/person\/1cdf22d028cebe278126a6e07a884d30","name":"Bertrand Demandre","image":{"@type":"ImageObject","inLanguage":"en-GB","@id":"https:\/\/secure.gravatar.com\/avatar\/d9c9746d6c900ab5b9c0f9b1fa3932e369da923da247d624b8f7ab4ba8a3c093?s=96&d=mm&r=g","url":"https:\/\/secure.gravatar.com\/avatar\/d9c9746d6c900ab5b9c0f9b1fa3932e369da923da247d624b8f7ab4ba8a3c093?s=96&d=mm&r=g","contentUrl":"https:\/\/secure.gravatar.com\/avatar\/d9c9746d6c900ab5b9c0f9b1fa3932e369da923da247d624b8f7ab4ba8a3c093?s=96&d=mm&r=g","caption":"Bertrand Demandre"},"url":"https:\/\/ecodef-ihedn.fr\/en\/author\/bertrand\/"}]}},"_links":{"self":[{"href":"https:\/\/ecodef-ihedn.fr\/en\/wp-json\/wp\/v2\/posts\/8541","targetHints":{"allow":["GET"]}}],"collection":[{"href":"https:\/\/ecodef-ihedn.fr\/en\/wp-json\/wp\/v2\/posts"}],"about":[{"href":"https:\/\/ecodef-ihedn.fr\/en\/wp-json\/wp\/v2\/types\/post"}],"author":[{"embeddable":true,"href":"https:\/\/ecodef-ihedn.fr\/en\/wp-json\/wp\/v2\/users\/2"}],"replies":[{"embeddable":true,"href":"https:\/\/ecodef-ihedn.fr\/en\/wp-json\/wp\/v2\/comments?post=8541"}],"version-history":[{"count":3,"href":"https:\/\/ecodef-ihedn.fr\/en\/wp-json\/wp\/v2\/posts\/8541\/revisions"}],"predecessor-version":[{"id":8546,"href":"https:\/\/ecodef-ihedn.fr\/en\/wp-json\/wp\/v2\/posts\/8541\/revisions\/8546"}],"wp:featuredmedia":[{"embeddable":true,"href":"https:\/\/ecodef-ihedn.fr\/en\/wp-json\/wp\/v2\/media\/8544"}],"wp:attachment":[{"href":"https:\/\/ecodef-ihedn.fr\/en\/wp-json\/wp\/v2\/media?parent=8541"}],"wp:term":[{"taxonomy":"category","embeddable":true,"href":"https:\/\/ecodef-ihedn.fr\/en\/wp-json\/wp\/v2\/categories?post=8541"},{"taxonomy":"post_tag","embeddable":true,"href":"https:\/\/ecodef-ihedn.fr\/en\/wp-json\/wp\/v2\/tags?post=8541"}],"curies":[{"name":"wp","href":"https:\/\/api.w.org\/{rel}","templated":true}]}}