{"id":8547,"date":"2024-05-21T17:57:51","date_gmt":"2024-05-21T17:57:51","guid":{"rendered":"https:\/\/ecodef-ihedn.fr\/rentabilite-des-entreprises-de-defense-aux-etat-unis-et-en-europe-publication-dun-article-de-jean-belin-dans-defence-and-peace-economics-dpe-copy\/"},"modified":"2024-07-17T11:12:35","modified_gmt":"2024-07-17T11:12:35","slug":"pourquoi-nous-ne-sommes-pas-encore-en-economie-de-guerre-publication-dun-article-de-josselin-droff-et-julien-malizard-dans-the-conversation","status":"publish","type":"post","link":"https:\/\/ecodef-ihedn.fr\/en\/pourquoi-nous-ne-sommes-pas-encore-en-economie-de-guerre-publication-dun-article-de-josselin-droff-et-julien-malizard-dans-the-conversation\/","title":{"rendered":"Why we don't have a war economy (yet): publication of an article by Josselin Droff and Julien Malizard in The Conversation"},"content":{"rendered":"<p><a href=\"https:\/\/ecodef-ihedn.fr\/wp-content\/uploads\/2024\/07\/Capture-decran-2024-07-17-121305.png\"><img loading=\"lazy\" decoding=\"async\" class=\"aligncenter wp-image-8549 size-large\" src=\"https:\/\/ecodef-ihedn.fr\/wp-content\/uploads\/2024\/07\/Capture-decran-2024-07-17-121305-1024x731.png\" alt=\"\" width=\"696\" height=\"497\" srcset=\"https:\/\/ecodef-ihedn.fr\/wp-content\/uploads\/2024\/07\/Capture-decran-2024-07-17-121305-1024x731.png 1024w, https:\/\/ecodef-ihedn.fr\/wp-content\/uploads\/2024\/07\/Capture-decran-2024-07-17-121305-300x214.png 300w, https:\/\/ecodef-ihedn.fr\/wp-content\/uploads\/2024\/07\/Capture-decran-2024-07-17-121305-768x549.png 768w, https:\/\/ecodef-ihedn.fr\/wp-content\/uploads\/2024\/07\/Capture-decran-2024-07-17-121305-588x420.png 588w, https:\/\/ecodef-ihedn.fr\/wp-content\/uploads\/2024\/07\/Capture-decran-2024-07-17-121305-696x497.png 696w, https:\/\/ecodef-ihedn.fr\/wp-content\/uploads\/2024\/07\/Capture-decran-2024-07-17-121305-100x70.png 100w, https:\/\/ecodef-ihedn.fr\/wp-content\/uploads\/2024\/07\/Capture-decran-2024-07-17-121305.png 1050w\" sizes=\"auto, (max-width: 696px) 100vw, 696px\" \/><\/a><\/p>\n<h3 style=\"text-align: center;\"><strong>Josselin Droff<\/strong> and <strong>Julien Malizard<\/strong> published the article \u00ab <a href=\"https:\/\/theconversation.com\/pourquoi-nous-ne-sommes-pas-encore-en-economie-de-guerre-229199\" target=\"_blank\" rel=\"noopener\"><strong>Why we are not (yet) in a war economy<\/strong><\/a> \u00bbin the magazine <em><strong>The Conversation<\/strong><\/em><\/h3>\n<p>The \u00abdemand shock\u00bb after February 2022 means that industrial supply needs to be adapted. We are in a situation of\u2019<strong>offer relatively inelastic in the face of strategic disruptions<\/strong> that change demand.<\/p>\n<p>On a qualitative level, the conflict in Ukraine is indicative of the\u2019<strong>the importance of new capabilities in the conduct of operations<\/strong> in a modern high-intensity conflict, such as remotely-operated munitions, small, multi-purpose drones (whether airborne, land-based or naval), cyber or space-based systems (particularly for data transmission and processing).<\/p>\n<p>The identification of a <strong>high risk of attrition<\/strong> From an industrial economics perspective, this leads us to focus on the consumables market, i.e. equipment with a very short lifespan (e.g. drones). On the other hand, the show of force between major military powers makes it impossible to give up durable goods, i.e. major equipment with a very long lifespan (aircraft carriers, combat aircraft, hyper-sonic missiles, ballistic missiles, etc.).<\/p>\n<p>This ambivalence is at the heart of current changes in defence, and in particular in the defence industry. Given these changes in demand for defence equipment, our working hypothesis is that\u2019<strong>there are two arms markets<\/strong>. The first is made up of <strong>traditional players in the defence industry<\/strong>, These include armoured vehicles, artillery systems, aircraft and ships. The second refers to <strong>emerging industrial players<\/strong> which meet certain needs not covered by conventional equipment, such as in the fields of UAVs, cyber, space or IT and data processing.<\/p>\n<p>In terms of industrial policy, it is particularly important to <strong>understand the structural parameters of these two markets in order to identify the right levers to adapt supply to demand<\/strong>.<\/p>\n<p style=\"text-align: center;\"><a href=\"https:\/\/theconversation.com\/pourquoi-nous-ne-sommes-pas-encore-en-economie-de-guerre-229199\" target=\"_blank\" rel=\"noopener\"><span class=\"td_btn td_btn_md td_default_btn\">read the article<\/span><\/a><\/p>","protected":false},"excerpt":{"rendered":"<p>Josselin Droff et Julien Malizard ont publi\u00e9 l&rsquo;article \u00ab Pourquoi nous ne sommes pas (encore) en \u00e9conomie de guerre \u00bb dans la revue The Conversation Le \u00ab choc de demande \u00bb post f\u00e9vrier 2022 rend n\u00e9cessaire l\u2019adaptation de l\u2019offre industrielle. On est en effet dans une situation d\u2019offre relativement in\u00e9lastique face \u00e0 des ruptures strat\u00e9giques [&hellip;]<\/p>\n","protected":false},"author":2,"featured_media":8549,"comment_status":"open","ping_status":"open","sticky":false,"template":"","format":"standard","meta":{"footnotes":""},"categories":[350,351,352,584],"tags":[374,587,405,739,178,602,149,202,86,682,619,182,503,536],"class_list":{"0":"post-8547","1":"post","2":"type-post","3":"status-publish","4":"format-standard","5":"has-post-thumbnail","7":"category-publications","8":"category-thematique-1-connaissance-des-entreprises-de-defense","9":"category-thematique-2-determinants-et-impacts-de-la-depense-de-defense","10":"category-thematique-6-enjeux-strategiques","11":"tag-article","12":"tag-conflit-de-haute-intensite","13":"tag-economie-de-guerre","14":"tag-etats-unis","15":"tag-europe","16":"tag-haute-intensite","17":"tag-industrie-de-defense","18":"tag-josselin-droff","19":"tag-julien-malizard","20":"tag-otan","21":"tag-publication","22":"tag-russie","23":"tag-the-conversation","24":"tag-ukraine"},"yoast_head":"<!-- This site is optimized with the Yoast SEO plugin v27.4 - https:\/\/yoast.com\/product\/yoast-seo-wordpress\/ -->\n<title>Pourquoi nous ne sommes pas (encore) en \u00e9conomie de guerre : publication d\u2019un article de Josselin Droff et Julien Malizard dans The Conversation - Chaire \u00c9conomie de d\u00e9fense - IHEDN<\/title>\n<meta name=\"robots\" content=\"index, follow, max-snippet:-1, max-image-preview:large, max-video-preview:-1\" \/>\n<link rel=\"canonical\" href=\"https:\/\/ecodef-ihedn.fr\/en\/pourquoi-nous-ne-sommes-pas-encore-en-economie-de-guerre-publication-dun-article-de-josselin-droff-et-julien-malizard-dans-the-conversation\/\" \/>\n<meta property=\"og:locale\" content=\"en_GB\" \/>\n<meta property=\"og:type\" content=\"article\" \/>\n<meta property=\"og:title\" content=\"Pourquoi nous ne sommes pas (encore) en \u00e9conomie de guerre : publication d\u2019un article de Josselin Droff et Julien Malizard dans The Conversation - Chaire \u00c9conomie de d\u00e9fense - IHEDN\" \/>\n<meta property=\"og:description\" content=\"Josselin Droff et Julien Malizard ont publi\u00e9 l&rsquo;article \u00ab Pourquoi nous ne sommes pas (encore) en \u00e9conomie de guerre \u00bb dans la revue The Conversation Le \u00ab choc de demande \u00bb post f\u00e9vrier 2022 rend n\u00e9cessaire l\u2019adaptation de l\u2019offre industrielle. On est en effet dans une situation d\u2019offre relativement in\u00e9lastique face \u00e0 des ruptures strat\u00e9giques [&hellip;]\" \/>\n<meta property=\"og:url\" content=\"https:\/\/ecodef-ihedn.fr\/en\/pourquoi-nous-ne-sommes-pas-encore-en-economie-de-guerre-publication-dun-article-de-josselin-droff-et-julien-malizard-dans-the-conversation\/\" \/>\n<meta property=\"og:site_name\" content=\"Chaire \u00c9conomie de d\u00e9fense - IHEDN\" \/>\n<meta property=\"article:published_time\" content=\"2024-05-21T17:57:51+00:00\" \/>\n<meta property=\"article:modified_time\" content=\"2024-07-17T11:12:35+00:00\" \/>\n<meta property=\"og:image\" content=\"https:\/\/ecodef-ihedn.fr\/wp-content\/uploads\/2024\/07\/Capture-decran-2024-07-17-121305.png\" \/>\n\t<meta property=\"og:image:width\" content=\"1050\" \/>\n\t<meta property=\"og:image:height\" content=\"750\" \/>\n\t<meta property=\"og:image:type\" content=\"image\/png\" \/>\n<meta name=\"author\" content=\"Bertrand Demandre\" \/>\n<meta name=\"twitter:card\" content=\"summary_large_image\" \/>\n<meta name=\"twitter:creator\" content=\"@Chaire_Ecodef\" \/>\n<meta name=\"twitter:site\" content=\"@Chaire_Ecodef\" \/>\n<meta name=\"twitter:label1\" content=\"Written by\" \/>\n\t<meta name=\"twitter:data1\" content=\"Bertrand Demandre\" \/>\n\t<meta name=\"twitter:label2\" content=\"Estimated reading time\" \/>\n\t<meta name=\"twitter:data2\" content=\"3 minutes\" \/>\n<script type=\"application\/ld+json\" class=\"yoast-schema-graph\">{\"@context\":\"https:\\\/\\\/schema.org\",\"@graph\":[{\"@type\":\"Article\",\"@id\":\"https:\\\/\\\/ecodef-ihedn.fr\\\/pourquoi-nous-ne-sommes-pas-encore-en-economie-de-guerre-publication-dun-article-de-josselin-droff-et-julien-malizard-dans-the-conversation\\\/#article\",\"isPartOf\":{\"@id\":\"https:\\\/\\\/ecodef-ihedn.fr\\\/pourquoi-nous-ne-sommes-pas-encore-en-economie-de-guerre-publication-dun-article-de-josselin-droff-et-julien-malizard-dans-the-conversation\\\/\"},\"author\":{\"name\":\"Bertrand Demandre\",\"@id\":\"https:\\\/\\\/ecodef-ihedn.fr\\\/#\\\/schema\\\/person\\\/1cdf22d028cebe278126a6e07a884d30\"},\"headline\":\"Pourquoi nous ne sommes pas (encore) en \u00e9conomie de guerre : publication d\u2019un article de Josselin Droff et Julien Malizard dans The Conversation\",\"datePublished\":\"2024-05-21T17:57:51+00:00\",\"dateModified\":\"2024-07-17T11:12:35+00:00\",\"mainEntityOfPage\":{\"@id\":\"https:\\\/\\\/ecodef-ihedn.fr\\\/pourquoi-nous-ne-sommes-pas-encore-en-economie-de-guerre-publication-dun-article-de-josselin-droff-et-julien-malizard-dans-the-conversation\\\/\"},\"wordCount\":411,\"commentCount\":0,\"publisher\":{\"@id\":\"https:\\\/\\\/ecodef-ihedn.fr\\\/#organization\"},\"image\":{\"@id\":\"https:\\\/\\\/ecodef-ihedn.fr\\\/pourquoi-nous-ne-sommes-pas-encore-en-economie-de-guerre-publication-dun-article-de-josselin-droff-et-julien-malizard-dans-the-conversation\\\/#primaryimage\"},\"thumbnailUrl\":\"https:\\\/\\\/ecodef-ihedn.fr\\\/wp-content\\\/uploads\\\/2024\\\/07\\\/Capture-decran-2024-07-17-121305.png\",\"keywords\":[\"article\",\"conflit de haute intensit\u00e9\",\"\u00e9conomie de guerre\",\"Etats-Unis\",\"Europe\",\"haute intensit\u00e9\",\"industrie de d\u00e9fense\",\"Josselin Droff\",\"Julien Malizard\",\"OTAN\",\"publication\",\"Russie\",\"the conversation\",\"Ukraine\"],\"articleSection\":[\"Publications\",\"Th\u00e9matique 1 : connaissance des entreprises de d\u00e9fense\",\"Th\u00e9matique 2 : d\u00e9terminants et impacts de la d\u00e9pense de d\u00e9fense\",\"Th\u00e9matique 6 : enjeux strat\u00e9giques\"],\"inLanguage\":\"en-GB\",\"potentialAction\":[{\"@type\":\"CommentAction\",\"name\":\"Comment\",\"target\":[\"https:\\\/\\\/ecodef-ihedn.fr\\\/pourquoi-nous-ne-sommes-pas-encore-en-economie-de-guerre-publication-dun-article-de-josselin-droff-et-julien-malizard-dans-the-conversation\\\/#respond\"]}]},{\"@type\":\"WebPage\",\"@id\":\"https:\\\/\\\/ecodef-ihedn.fr\\\/pourquoi-nous-ne-sommes-pas-encore-en-economie-de-guerre-publication-dun-article-de-josselin-droff-et-julien-malizard-dans-the-conversation\\\/\",\"url\":\"https:\\\/\\\/ecodef-ihedn.fr\\\/pourquoi-nous-ne-sommes-pas-encore-en-economie-de-guerre-publication-dun-article-de-josselin-droff-et-julien-malizard-dans-the-conversation\\\/\",\"name\":\"Pourquoi nous ne sommes pas (encore) en \u00e9conomie de guerre : publication d\u2019un article de Josselin Droff et Julien Malizard dans The Conversation - Chaire \u00c9conomie de d\u00e9fense - IHEDN\",\"isPartOf\":{\"@id\":\"https:\\\/\\\/ecodef-ihedn.fr\\\/#website\"},\"primaryImageOfPage\":{\"@id\":\"https:\\\/\\\/ecodef-ihedn.fr\\\/pourquoi-nous-ne-sommes-pas-encore-en-economie-de-guerre-publication-dun-article-de-josselin-droff-et-julien-malizard-dans-the-conversation\\\/#primaryimage\"},\"image\":{\"@id\":\"https:\\\/\\\/ecodef-ihedn.fr\\\/pourquoi-nous-ne-sommes-pas-encore-en-economie-de-guerre-publication-dun-article-de-josselin-droff-et-julien-malizard-dans-the-conversation\\\/#primaryimage\"},\"thumbnailUrl\":\"https:\\\/\\\/ecodef-ihedn.fr\\\/wp-content\\\/uploads\\\/2024\\\/07\\\/Capture-decran-2024-07-17-121305.png\",\"datePublished\":\"2024-05-21T17:57:51+00:00\",\"dateModified\":\"2024-07-17T11:12:35+00:00\",\"breadcrumb\":{\"@id\":\"https:\\\/\\\/ecodef-ihedn.fr\\\/pourquoi-nous-ne-sommes-pas-encore-en-economie-de-guerre-publication-dun-article-de-josselin-droff-et-julien-malizard-dans-the-conversation\\\/#breadcrumb\"},\"inLanguage\":\"en-GB\",\"potentialAction\":[{\"@type\":\"ReadAction\",\"target\":[\"https:\\\/\\\/ecodef-ihedn.fr\\\/pourquoi-nous-ne-sommes-pas-encore-en-economie-de-guerre-publication-dun-article-de-josselin-droff-et-julien-malizard-dans-the-conversation\\\/\"]}]},{\"@type\":\"ImageObject\",\"inLanguage\":\"en-GB\",\"@id\":\"https:\\\/\\\/ecodef-ihedn.fr\\\/pourquoi-nous-ne-sommes-pas-encore-en-economie-de-guerre-publication-dun-article-de-josselin-droff-et-julien-malizard-dans-the-conversation\\\/#primaryimage\",\"url\":\"https:\\\/\\\/ecodef-ihedn.fr\\\/wp-content\\\/uploads\\\/2024\\\/07\\\/Capture-decran-2024-07-17-121305.png\",\"contentUrl\":\"https:\\\/\\\/ecodef-ihedn.fr\\\/wp-content\\\/uploads\\\/2024\\\/07\\\/Capture-decran-2024-07-17-121305.png\",\"width\":1050,\"height\":750},{\"@type\":\"BreadcrumbList\",\"@id\":\"https:\\\/\\\/ecodef-ihedn.fr\\\/pourquoi-nous-ne-sommes-pas-encore-en-economie-de-guerre-publication-dun-article-de-josselin-droff-et-julien-malizard-dans-the-conversation\\\/#breadcrumb\",\"itemListElement\":[{\"@type\":\"ListItem\",\"position\":1,\"name\":\"Accueil\",\"item\":\"https:\\\/\\\/ecodef-ihedn.fr\\\/\"},{\"@type\":\"ListItem\",\"position\":2,\"name\":\"Pourquoi nous ne sommes pas (encore) en \u00e9conomie de guerre : publication d\u2019un article de Josselin Droff et Julien Malizard dans The Conversation\"}]},{\"@type\":\"WebSite\",\"@id\":\"https:\\\/\\\/ecodef-ihedn.fr\\\/#website\",\"url\":\"https:\\\/\\\/ecodef-ihedn.fr\\\/\",\"name\":\"Chaire \u00c9conomie de D\u00e9fense - IHEDN\",\"description\":\"Produire &amp; soutenir, f\u00e9d\u00e9rer &amp; diffuser, \u00eatre une interface\",\"publisher\":{\"@id\":\"https:\\\/\\\/ecodef-ihedn.fr\\\/#organization\"},\"potentialAction\":[{\"@type\":\"SearchAction\",\"target\":{\"@type\":\"EntryPoint\",\"urlTemplate\":\"https:\\\/\\\/ecodef-ihedn.fr\\\/?s={search_term_string}\"},\"query-input\":{\"@type\":\"PropertyValueSpecification\",\"valueRequired\":true,\"valueName\":\"search_term_string\"}}],\"inLanguage\":\"en-GB\"},{\"@type\":\"Organization\",\"@id\":\"https:\\\/\\\/ecodef-ihedn.fr\\\/#organization\",\"name\":\"Chaire \u00c9conomie de d\u00e9fense - IHEDN\",\"url\":\"https:\\\/\\\/ecodef-ihedn.fr\\\/\",\"logo\":{\"@type\":\"ImageObject\",\"inLanguage\":\"en-GB\",\"@id\":\"https:\\\/\\\/ecodef-ihedn.fr\\\/#\\\/schema\\\/logo\\\/image\\\/\",\"url\":\"https:\\\/\\\/ecodef-ihedn.fr\\\/wp-content\\\/uploads\\\/2020\\\/04\\\/logoEcodef9.jpg\",\"contentUrl\":\"https:\\\/\\\/ecodef-ihedn.fr\\\/wp-content\\\/uploads\\\/2020\\\/04\\\/logoEcodef9.jpg\",\"width\":410,\"height\":212,\"caption\":\"Chaire \u00c9conomie de d\u00e9fense - IHEDN\"},\"image\":{\"@id\":\"https:\\\/\\\/ecodef-ihedn.fr\\\/#\\\/schema\\\/logo\\\/image\\\/\"},\"sameAs\":[\"https:\\\/\\\/x.com\\\/Chaire_Ecodef\",\"https:\\\/\\\/www.linkedin.com\\\/company\\\/chaire-ecodef-ihedn\\\/\"]},{\"@type\":\"Person\",\"@id\":\"https:\\\/\\\/ecodef-ihedn.fr\\\/#\\\/schema\\\/person\\\/1cdf22d028cebe278126a6e07a884d30\",\"name\":\"Bertrand Demandre\",\"image\":{\"@type\":\"ImageObject\",\"inLanguage\":\"en-GB\",\"@id\":\"https:\\\/\\\/secure.gravatar.com\\\/avatar\\\/d9c9746d6c900ab5b9c0f9b1fa3932e369da923da247d624b8f7ab4ba8a3c093?s=96&d=mm&r=g\",\"url\":\"https:\\\/\\\/secure.gravatar.com\\\/avatar\\\/d9c9746d6c900ab5b9c0f9b1fa3932e369da923da247d624b8f7ab4ba8a3c093?s=96&d=mm&r=g\",\"contentUrl\":\"https:\\\/\\\/secure.gravatar.com\\\/avatar\\\/d9c9746d6c900ab5b9c0f9b1fa3932e369da923da247d624b8f7ab4ba8a3c093?s=96&d=mm&r=g\",\"caption\":\"Bertrand Demandre\"},\"url\":\"https:\\\/\\\/ecodef-ihedn.fr\\\/en\\\/author\\\/bertrand\\\/\"}]}<\/script>\n<!-- \/ Yoast SEO plugin. -->","yoast_head_json":{"title":"Pourquoi nous ne sommes pas (encore) en \u00e9conomie de guerre : publication d\u2019un article de Josselin Droff et Julien Malizard dans The Conversation - Chaire \u00c9conomie de d\u00e9fense - IHEDN","robots":{"index":"index","follow":"follow","max-snippet":"max-snippet:-1","max-image-preview":"max-image-preview:large","max-video-preview":"max-video-preview:-1"},"canonical":"https:\/\/ecodef-ihedn.fr\/en\/pourquoi-nous-ne-sommes-pas-encore-en-economie-de-guerre-publication-dun-article-de-josselin-droff-et-julien-malizard-dans-the-conversation\/","og_locale":"en_GB","og_type":"article","og_title":"Pourquoi nous ne sommes pas (encore) en \u00e9conomie de guerre : publication d\u2019un article de Josselin Droff et Julien Malizard dans The Conversation - Chaire \u00c9conomie de d\u00e9fense - IHEDN","og_description":"Josselin Droff et Julien Malizard ont publi\u00e9 l&rsquo;article \u00ab Pourquoi nous ne sommes pas (encore) en \u00e9conomie de guerre \u00bb dans la revue The Conversation Le \u00ab choc de demande \u00bb post f\u00e9vrier 2022 rend n\u00e9cessaire l\u2019adaptation de l\u2019offre industrielle. On est en effet dans une situation d\u2019offre relativement in\u00e9lastique face \u00e0 des ruptures strat\u00e9giques [&hellip;]","og_url":"https:\/\/ecodef-ihedn.fr\/en\/pourquoi-nous-ne-sommes-pas-encore-en-economie-de-guerre-publication-dun-article-de-josselin-droff-et-julien-malizard-dans-the-conversation\/","og_site_name":"Chaire \u00c9conomie de d\u00e9fense - IHEDN","article_published_time":"2024-05-21T17:57:51+00:00","article_modified_time":"2024-07-17T11:12:35+00:00","og_image":[{"width":1050,"height":750,"url":"https:\/\/ecodef-ihedn.fr\/wp-content\/uploads\/2024\/07\/Capture-decran-2024-07-17-121305.png","type":"image\/png"}],"author":"Bertrand Demandre","twitter_card":"summary_large_image","twitter_creator":"@Chaire_Ecodef","twitter_site":"@Chaire_Ecodef","twitter_misc":{"Written by":"Bertrand Demandre","Estimated reading time":"3 minutes"},"schema":{"@context":"https:\/\/schema.org","@graph":[{"@type":"Article","@id":"https:\/\/ecodef-ihedn.fr\/pourquoi-nous-ne-sommes-pas-encore-en-economie-de-guerre-publication-dun-article-de-josselin-droff-et-julien-malizard-dans-the-conversation\/#article","isPartOf":{"@id":"https:\/\/ecodef-ihedn.fr\/pourquoi-nous-ne-sommes-pas-encore-en-economie-de-guerre-publication-dun-article-de-josselin-droff-et-julien-malizard-dans-the-conversation\/"},"author":{"name":"Bertrand Demandre","@id":"https:\/\/ecodef-ihedn.fr\/#\/schema\/person\/1cdf22d028cebe278126a6e07a884d30"},"headline":"Pourquoi nous ne sommes pas (encore) en \u00e9conomie de guerre : publication d\u2019un article de Josselin Droff et Julien Malizard dans The Conversation","datePublished":"2024-05-21T17:57:51+00:00","dateModified":"2024-07-17T11:12:35+00:00","mainEntityOfPage":{"@id":"https:\/\/ecodef-ihedn.fr\/pourquoi-nous-ne-sommes-pas-encore-en-economie-de-guerre-publication-dun-article-de-josselin-droff-et-julien-malizard-dans-the-conversation\/"},"wordCount":411,"commentCount":0,"publisher":{"@id":"https:\/\/ecodef-ihedn.fr\/#organization"},"image":{"@id":"https:\/\/ecodef-ihedn.fr\/pourquoi-nous-ne-sommes-pas-encore-en-economie-de-guerre-publication-dun-article-de-josselin-droff-et-julien-malizard-dans-the-conversation\/#primaryimage"},"thumbnailUrl":"https:\/\/ecodef-ihedn.fr\/wp-content\/uploads\/2024\/07\/Capture-decran-2024-07-17-121305.png","keywords":["article","conflit de haute intensit\u00e9","\u00e9conomie de guerre","Etats-Unis","Europe","haute intensit\u00e9","industrie de d\u00e9fense","Josselin Droff","Julien Malizard","OTAN","publication","Russie","the conversation","Ukraine"],"articleSection":["Publications","Th\u00e9matique 1 : connaissance des entreprises de d\u00e9fense","Th\u00e9matique 2 : d\u00e9terminants et impacts de la d\u00e9pense de d\u00e9fense","Th\u00e9matique 6 : enjeux strat\u00e9giques"],"inLanguage":"en-GB","potentialAction":[{"@type":"CommentAction","name":"Comment","target":["https:\/\/ecodef-ihedn.fr\/pourquoi-nous-ne-sommes-pas-encore-en-economie-de-guerre-publication-dun-article-de-josselin-droff-et-julien-malizard-dans-the-conversation\/#respond"]}]},{"@type":"WebPage","@id":"https:\/\/ecodef-ihedn.fr\/pourquoi-nous-ne-sommes-pas-encore-en-economie-de-guerre-publication-dun-article-de-josselin-droff-et-julien-malizard-dans-the-conversation\/","url":"https:\/\/ecodef-ihedn.fr\/pourquoi-nous-ne-sommes-pas-encore-en-economie-de-guerre-publication-dun-article-de-josselin-droff-et-julien-malizard-dans-the-conversation\/","name":"Pourquoi nous ne sommes pas (encore) en \u00e9conomie de guerre : publication d\u2019un article de Josselin Droff et Julien Malizard dans The Conversation - Chaire \u00c9conomie de d\u00e9fense - IHEDN","isPartOf":{"@id":"https:\/\/ecodef-ihedn.fr\/#website"},"primaryImageOfPage":{"@id":"https:\/\/ecodef-ihedn.fr\/pourquoi-nous-ne-sommes-pas-encore-en-economie-de-guerre-publication-dun-article-de-josselin-droff-et-julien-malizard-dans-the-conversation\/#primaryimage"},"image":{"@id":"https:\/\/ecodef-ihedn.fr\/pourquoi-nous-ne-sommes-pas-encore-en-economie-de-guerre-publication-dun-article-de-josselin-droff-et-julien-malizard-dans-the-conversation\/#primaryimage"},"thumbnailUrl":"https:\/\/ecodef-ihedn.fr\/wp-content\/uploads\/2024\/07\/Capture-decran-2024-07-17-121305.png","datePublished":"2024-05-21T17:57:51+00:00","dateModified":"2024-07-17T11:12:35+00:00","breadcrumb":{"@id":"https:\/\/ecodef-ihedn.fr\/pourquoi-nous-ne-sommes-pas-encore-en-economie-de-guerre-publication-dun-article-de-josselin-droff-et-julien-malizard-dans-the-conversation\/#breadcrumb"},"inLanguage":"en-GB","potentialAction":[{"@type":"ReadAction","target":["https:\/\/ecodef-ihedn.fr\/pourquoi-nous-ne-sommes-pas-encore-en-economie-de-guerre-publication-dun-article-de-josselin-droff-et-julien-malizard-dans-the-conversation\/"]}]},{"@type":"ImageObject","inLanguage":"en-GB","@id":"https:\/\/ecodef-ihedn.fr\/pourquoi-nous-ne-sommes-pas-encore-en-economie-de-guerre-publication-dun-article-de-josselin-droff-et-julien-malizard-dans-the-conversation\/#primaryimage","url":"https:\/\/ecodef-ihedn.fr\/wp-content\/uploads\/2024\/07\/Capture-decran-2024-07-17-121305.png","contentUrl":"https:\/\/ecodef-ihedn.fr\/wp-content\/uploads\/2024\/07\/Capture-decran-2024-07-17-121305.png","width":1050,"height":750},{"@type":"BreadcrumbList","@id":"https:\/\/ecodef-ihedn.fr\/pourquoi-nous-ne-sommes-pas-encore-en-economie-de-guerre-publication-dun-article-de-josselin-droff-et-julien-malizard-dans-the-conversation\/#breadcrumb","itemListElement":[{"@type":"ListItem","position":1,"name":"Accueil","item":"https:\/\/ecodef-ihedn.fr\/"},{"@type":"ListItem","position":2,"name":"Pourquoi nous ne sommes pas (encore) en \u00e9conomie de guerre : publication d\u2019un article de Josselin Droff et Julien Malizard dans The Conversation"}]},{"@type":"WebSite","@id":"https:\/\/ecodef-ihedn.fr\/#website","url":"https:\/\/ecodef-ihedn.fr\/","name":"Chair in Defence Economics - IHEDN","description":"Produce &amp; support, federate &amp; disseminate, act as an interface","publisher":{"@id":"https:\/\/ecodef-ihedn.fr\/#organization"},"potentialAction":[{"@type":"SearchAction","target":{"@type":"EntryPoint","urlTemplate":"https:\/\/ecodef-ihedn.fr\/?s={search_term_string}"},"query-input":{"@type":"PropertyValueSpecification","valueRequired":true,"valueName":"search_term_string"}}],"inLanguage":"en-GB"},{"@type":"Organization","@id":"https:\/\/ecodef-ihedn.fr\/#organization","name":"Chair in Defence Economics - IHEDN","url":"https:\/\/ecodef-ihedn.fr\/","logo":{"@type":"ImageObject","inLanguage":"en-GB","@id":"https:\/\/ecodef-ihedn.fr\/#\/schema\/logo\/image\/","url":"https:\/\/ecodef-ihedn.fr\/wp-content\/uploads\/2020\/04\/logoEcodef9.jpg","contentUrl":"https:\/\/ecodef-ihedn.fr\/wp-content\/uploads\/2020\/04\/logoEcodef9.jpg","width":410,"height":212,"caption":"Chaire \u00c9conomie de d\u00e9fense - IHEDN"},"image":{"@id":"https:\/\/ecodef-ihedn.fr\/#\/schema\/logo\/image\/"},"sameAs":["https:\/\/x.com\/Chaire_Ecodef","https:\/\/www.linkedin.com\/company\/chaire-ecodef-ihedn\/"]},{"@type":"Person","@id":"https:\/\/ecodef-ihedn.fr\/#\/schema\/person\/1cdf22d028cebe278126a6e07a884d30","name":"Bertrand Demandre","image":{"@type":"ImageObject","inLanguage":"en-GB","@id":"https:\/\/secure.gravatar.com\/avatar\/d9c9746d6c900ab5b9c0f9b1fa3932e369da923da247d624b8f7ab4ba8a3c093?s=96&d=mm&r=g","url":"https:\/\/secure.gravatar.com\/avatar\/d9c9746d6c900ab5b9c0f9b1fa3932e369da923da247d624b8f7ab4ba8a3c093?s=96&d=mm&r=g","contentUrl":"https:\/\/secure.gravatar.com\/avatar\/d9c9746d6c900ab5b9c0f9b1fa3932e369da923da247d624b8f7ab4ba8a3c093?s=96&d=mm&r=g","caption":"Bertrand Demandre"},"url":"https:\/\/ecodef-ihedn.fr\/en\/author\/bertrand\/"}]}},"_links":{"self":[{"href":"https:\/\/ecodef-ihedn.fr\/en\/wp-json\/wp\/v2\/posts\/8547","targetHints":{"allow":["GET"]}}],"collection":[{"href":"https:\/\/ecodef-ihedn.fr\/en\/wp-json\/wp\/v2\/posts"}],"about":[{"href":"https:\/\/ecodef-ihedn.fr\/en\/wp-json\/wp\/v2\/types\/post"}],"author":[{"embeddable":true,"href":"https:\/\/ecodef-ihedn.fr\/en\/wp-json\/wp\/v2\/users\/2"}],"replies":[{"embeddable":true,"href":"https:\/\/ecodef-ihedn.fr\/en\/wp-json\/wp\/v2\/comments?post=8547"}],"version-history":[{"count":2,"href":"https:\/\/ecodef-ihedn.fr\/en\/wp-json\/wp\/v2\/posts\/8547\/revisions"}],"predecessor-version":[{"id":8550,"href":"https:\/\/ecodef-ihedn.fr\/en\/wp-json\/wp\/v2\/posts\/8547\/revisions\/8550"}],"wp:featuredmedia":[{"embeddable":true,"href":"https:\/\/ecodef-ihedn.fr\/en\/wp-json\/wp\/v2\/media\/8549"}],"wp:attachment":[{"href":"https:\/\/ecodef-ihedn.fr\/en\/wp-json\/wp\/v2\/media?parent=8547"}],"wp:term":[{"taxonomy":"category","embeddable":true,"href":"https:\/\/ecodef-ihedn.fr\/en\/wp-json\/wp\/v2\/categories?post=8547"},{"taxonomy":"post_tag","embeddable":true,"href":"https:\/\/ecodef-ihedn.fr\/en\/wp-json\/wp\/v2\/tags?post=8547"}],"curies":[{"name":"wp","href":"https:\/\/api.w.org\/{rel}","templated":true}]}}